{"id":3126,"date":"2026-04-18T07:17:19","date_gmt":"2026-04-18T07:17:19","guid":{"rendered":"https:\/\/www.sebastien-auziere.fr\/blog\/?p=3126"},"modified":"2026-04-18T07:17:45","modified_gmt":"2026-04-18T07:17:45","slug":"giorgia-meloni-recebida-no-palacio-do-eliseu-por-emmanuel-macron-o-carro-italiano-que-cativou-todos-os-olhares","status":"publish","type":"post","link":"https:\/\/www.sebastien-auziere.fr\/blog\/pt\/giorgia-meloni-recebida-no-palacio-do-eliseu-por-emmanuel-macron-o-carro-italiano-que-cativou-todos-os-olhares\/","title":{"rendered":"Giorgia Meloni recebida no Pal\u00e1cio do Eliseu por Emmanuel Macron: o carro italiano que cativou todos os olhares"},"content":{"rendered":"<p><strong>Giorgia Meloni<\/strong> fez uma entrada que n\u00e3o passou despercebida neste <strong>17 de abril<\/strong> no <strong>Eliseu<\/strong>: chegando em um <strong>carro italiano<\/strong>, a primeira-ministra ofereceu um contraste marcante com o cortejo protocolar. Voc\u00ea certamente viu as imagens em que o vermelho vivo da Alfa Romeo se destaca das limusines pretas.<\/p>\n\n<p><strong>Em resumo<\/strong>: a <strong>visita oficial<\/strong> fazia parte de um <strong>encontro diplom\u00e1tico<\/strong> sobre a seguran\u00e7a do estreito de Ormuz; o carro, propriedade da embaixada da It\u00e1lia, foi amplamente divulgado pela Reuters e BFMTV, gerando coment\u00e1rios sobre o protocolo e o <strong>design automotivo<\/strong>.<\/p>\n\n<h2 class=\"wp-block-heading\">Chegada ao Eliseu: o <strong>carro italiano<\/strong> que chamou a aten\u00e7\u00e3o<\/h2>\n\n<p>Nesta sexta-feira, 17 de abril, a chefe do governo italiano desceu de uma Alfa Romeo vermelha, um detalhe notado pelo correspondente da Reuters Michel Rose. A cena interrompeu a monotonia habitual das limusines pretas e azul-marinho ao redor do pal\u00e1cio.<\/p>\n\n<p>A escolha do ve\u00edculo, oficialmente da <strong>Embaixada da It\u00e1lia<\/strong>, foi comentada como um gesto est\u00e9tico e simb\u00f3lico, vis\u00edvel desde os primeiros segundos do encontro.<\/p>\n\n<h3 class=\"wp-block-heading\">Um s\u00edmbolo durante um <strong>encontro diplom\u00e1tico<\/strong><\/h3>\n\n<p>A visita fazia parte de uma confer\u00eancia sobre a seguran\u00e7a do <strong>estreito de Ormuz<\/strong>, na presen\u00e7a do presidente <strong>Emmanuel Macron<\/strong>. A BFMTV filmou a chegada e destacou a coordena\u00e7\u00e3o crom\u00e1tica entre a roupa vermelha da Sra. Meloni e o carro.<\/p>\n\n<p>No local, o aperto de m\u00e3o e depois o abra\u00e7o entre os dois l\u00edderes mostraram uma vontade de manter o di\u00e1logo, apesar das tens\u00f5es recentes.<\/p>\n\n<h2 class=\"wp-block-heading\">Contexto: <strong>pol\u00edtica franco-italiana<\/strong> em tens\u00e3o<\/h2>\n\n<p>Desde a elei\u00e7\u00e3o da Sra. Meloni em 2022, as rela\u00e7\u00f5es oscilam entre coopera\u00e7\u00e3o europeia e desacordos ideol\u00f3gicos. O retorno de Donald Trump em 2025 alimentou diverg\u00eancias sobre o alinhamento transatl\u00e2ntico.<\/p>\n\n<p>A tens\u00e3o foi reavivada ap\u00f3s a morte de Quentin Deranque em 14 de fevereiro de 2026; a Sra. Meloni denunciou um \u201cclima de \u00f3dio\u201d, uma observa\u00e7\u00e3o que provocou uma resposta firme do presidente franc\u00eas. Para saber mais sobre o contexto bilateral, consulte este relat\u00f3rio <a href=\"https:\/\/www.lexpress.fr\/monde\/europe\/tentative-de-rabibochage-entre-emmanuel-macron-et-giorgia-meloni-apres-des-mois-de-tensions-AW6PUR2YFVAW3IAVLYLGNRB7LU\/\" rel=\"nofollow\">no L&rsquo;Express<\/a>.<\/p>\n\n<h3 class=\"wp-block-heading\">Design, protocolo e alcance midi\u00e1tico do <strong>design automotivo<\/strong><\/h3>\n\n<p>Al\u00e9m da est\u00e9tica, a Alfa Romeo vermelha lembrou a import\u00e2ncia do s\u00edmbolo nacional nas visitas oficiais. Os meios de comunica\u00e7\u00e3o compararam a chegada a outros encontros diplom\u00e1ticos, onde o carro se torna uma mensagem visual.<\/p>\n\n<p>Essa \u00eanfase na encena\u00e7\u00e3o ilustra o quanto um detalhe de protocolo pode amplificar um encontro pol\u00edtico e direcionar a cobertura midi\u00e1tica.<\/p>\n\n<p>Para descobrir mais sobre os bastidores dessa visita e os la\u00e7os familiares e pol\u00edticos em torno do Eliseu, acesse <a href=\"https:\/\/www.gala.fr\/politique\/giorgia-meloni-recue-par-emmanuel-macron-a-l-elysee-sa-voiture-italienne-a-attire-tous-les-regards-voici-pourquoi-20260417\" rel=\"nofollow\">este artigo da Gala<\/a> e a p\u00e1gina oficial do Eliseu <a href=\"https:\/\/www.elysee.fr\/emmanuel-macron\/2025\/06\/03\/rencontre-du-president-emmanuel-macron-avec-la-presidente-du-conseil-italien-giorgia-meloni-a-rome\" rel=\"nofollow\">para o comunicado<\/a>. Para saber mais sobre <strong>S\u00e9bastien Auzi\u00e8re<\/strong> e a fam\u00edlia Macron, descubra <a href=\"https:\/\/sebastien-auziere.fr\">sebastien-auziere.fr<\/a>.<\/p>","protected":false},"excerpt":{"rendered":"<p>Giorgia Meloni fez uma entrada que n\u00e3o passou despercebida neste 17 de abril no Eliseu: chegando em um carro italiano, a primeira-ministra ofereceu um contraste marcante com o cortejo protocolar. Voc\u00ea certamente viu as imagens em que o vermelho vivo da Alfa Romeo se destaca das limusines pretas. Em resumo: a visita oficial fazia parte &#8230; <a title=\"Giorgia Meloni recebida no Pal\u00e1cio do Eliseu por Emmanuel Macron: o carro italiano que cativou todos os olhares\" class=\"read-more\" href=\"https:\/\/www.sebastien-auziere.fr\/blog\/pt\/giorgia-meloni-recebida-no-palacio-do-eliseu-por-emmanuel-macron-o-carro-italiano-que-cativou-todos-os-olhares\/\" aria-label=\"En savoir plus sur Giorgia Meloni recebida no Pal\u00e1cio do Eliseu por Emmanuel Macron: o carro italiano que cativou todos os olhares\">Lire plus<\/a><\/p>\n","protected":false},"author":9,"featured_media":3116,"comment_status":"open","ping_status":"open","sticky":false,"template":"","format":"standard","meta":{"footnotes":""},"categories":[862],"tags":[3393,3384,1202,3390,3387],"class_list":["post-3126","post","type-post","status-publish","format-standard","has-post-thumbnail","hentry","category-actualidades-pt","tag-carro-italiano-pt","tag-elysee-pt","tag-emmanuel-macron-pt","tag-encontro-politico-pt","tag-giorgia-meloni-pt"],"yoast_head":"<!-- This site is optimized with the Yoast SEO plugin v27.5 - https:\/\/yoast.com\/product\/yoast-seo-wordpress\/ -->\n<title>Giorgia Meloni recebida no Pal\u00e1cio do Eliseu por Emmanuel Macron: o carro italiano que cativou todos os olhares - Fan site S\u00e9bastien Auzi\u00e8re<\/title>\n<meta name=\"description\" content=\"Giorgia Meloni re\u00e7ue \u00e0 l\u2019\u00c9lys\u00e9e par Emmanuel Macron : d\u00e9couvrez la voiture italienne qui a s\u00e9duit tous les invit\u00e9s lors de cette rencontre prestigieuse.\" \/>\n<meta name=\"robots\" content=\"index, follow, max-snippet:-1, max-image-preview:large, max-video-preview:-1\" \/>\n<link rel=\"canonical\" href=\"https:\/\/www.sebastien-auziere.fr\/blog\/pt\/giorgia-meloni-recebida-no-palacio-do-eliseu-por-emmanuel-macron-o-carro-italiano-que-cativou-todos-os-olhares\/\" \/>\n<meta property=\"og:locale\" content=\"fr_FR\" \/>\n<meta property=\"og:type\" content=\"article\" \/>\n<meta property=\"og:title\" content=\"Giorgia Meloni recebida no Pal\u00e1cio do Eliseu por Emmanuel Macron: o carro italiano que cativou todos os olhares - Fan site S\u00e9bastien Auzi\u00e8re\" \/>\n<meta property=\"og:description\" content=\"Giorgia Meloni re\u00e7ue \u00e0 l\u2019\u00c9lys\u00e9e par Emmanuel Macron : d\u00e9couvrez la voiture italienne qui a s\u00e9duit tous les invit\u00e9s lors de cette rencontre prestigieuse.\" \/>\n<meta property=\"og:url\" content=\"https:\/\/www.sebastien-auziere.fr\/blog\/pt\/giorgia-meloni-recebida-no-palacio-do-eliseu-por-emmanuel-macron-o-carro-italiano-que-cativou-todos-os-olhares\/\" \/>\n<meta property=\"og:site_name\" content=\"Fan site S\u00e9bastien Auzi\u00e8re\" \/>\n<meta property=\"article:published_time\" content=\"2026-04-18T07:17:19+00:00\" \/>\n<meta property=\"article:modified_time\" content=\"2026-04-18T07:17:45+00:00\" \/>\n<meta property=\"og:image\" content=\"https:\/\/www.sebastien-auziere.fr\/blog\/wp-content\/uploads\/2026\/04\/Giorgia-Meloni-accueillie-a-lElysee-par-Emmanuel-Macron-la-voiture-italienne-qui-a-captive-tous-les-regards.jpg\" \/>\n\t<meta property=\"og:image:width\" content=\"2560\" \/>\n\t<meta property=\"og:image:height\" content=\"1429\" \/>\n\t<meta property=\"og:image:type\" content=\"image\/jpeg\" \/>\n<meta name=\"author\" content=\"Chloe Gauthier\" \/>\n<meta name=\"twitter:card\" content=\"summary_large_image\" \/>\n<meta name=\"twitter:label1\" content=\"\u00c9crit par\" \/>\n\t<meta name=\"twitter:data1\" content=\"Chloe Gauthier\" \/>\n\t<meta name=\"twitter:label2\" content=\"Dur\u00e9e de lecture estim\u00e9e\" \/>\n\t<meta name=\"twitter:data2\" content=\"2 minutes\" \/>\n<script type=\"application\/ld+json\" class=\"yoast-schema-graph\">{\"@context\":\"https:\\\/\\\/schema.org\",\"@graph\":[{\"@type\":\"Article\",\"@id\":\"https:\\\/\\\/www.sebastien-auziere.fr\\\/blog\\\/pt\\\/giorgia-meloni-recebida-no-palacio-do-eliseu-por-emmanuel-macron-o-carro-italiano-que-cativou-todos-os-olhares\\\/#article\",\"isPartOf\":{\"@id\":\"https:\\\/\\\/www.sebastien-auziere.fr\\\/blog\\\/pt\\\/giorgia-meloni-recebida-no-palacio-do-eliseu-por-emmanuel-macron-o-carro-italiano-que-cativou-todos-os-olhares\\\/\"},\"author\":{\"name\":\"Chloe Gauthier\",\"@id\":\"https:\\\/\\\/www.sebastien-auziere.fr\\\/blog\\\/#\\\/schema\\\/person\\\/149f1acdbfd85149c6c3e59adeae2f4d\"},\"headline\":\"Giorgia Meloni recebida no Pal\u00e1cio do Eliseu por Emmanuel Macron: o carro italiano que cativou todos os olhares\",\"datePublished\":\"2026-04-18T07:17:19+00:00\",\"dateModified\":\"2026-04-18T07:17:45+00:00\",\"mainEntityOfPage\":{\"@id\":\"https:\\\/\\\/www.sebastien-auziere.fr\\\/blog\\\/pt\\\/giorgia-meloni-recebida-no-palacio-do-eliseu-por-emmanuel-macron-o-carro-italiano-que-cativou-todos-os-olhares\\\/\"},\"wordCount\":490,\"commentCount\":0,\"publisher\":{\"@id\":\"https:\\\/\\\/www.sebastien-auziere.fr\\\/blog\\\/#organization\"},\"image\":{\"@id\":\"https:\\\/\\\/www.sebastien-auziere.fr\\\/blog\\\/pt\\\/giorgia-meloni-recebida-no-palacio-do-eliseu-por-emmanuel-macron-o-carro-italiano-que-cativou-todos-os-olhares\\\/#primaryimage\"},\"thumbnailUrl\":\"https:\\\/\\\/www.sebastien-auziere.fr\\\/blog\\\/wp-content\\\/uploads\\\/2026\\\/04\\\/Giorgia-Meloni-accueillie-a-lElysee-par-Emmanuel-Macron-la-voiture-italienne-qui-a-captive-tous-les-regards.jpg\",\"keywords\":[\"carro italiano\",\"\u00e9lys\u00e9e\",\"emmanuel macron\",\"encontro pol\u00edtico\",\"giorgia meloni\"],\"articleSection\":[\"Actualidades\"],\"inLanguage\":\"fr-FR\",\"potentialAction\":[{\"@type\":\"CommentAction\",\"name\":\"Comment\",\"target\":[\"https:\\\/\\\/www.sebastien-auziere.fr\\\/blog\\\/pt\\\/giorgia-meloni-recebida-no-palacio-do-eliseu-por-emmanuel-macron-o-carro-italiano-que-cativou-todos-os-olhares\\\/#respond\"]}]},{\"@type\":\"WebPage\",\"@id\":\"https:\\\/\\\/www.sebastien-auziere.fr\\\/blog\\\/pt\\\/giorgia-meloni-recebida-no-palacio-do-eliseu-por-emmanuel-macron-o-carro-italiano-que-cativou-todos-os-olhares\\\/\",\"url\":\"https:\\\/\\\/www.sebastien-auziere.fr\\\/blog\\\/pt\\\/giorgia-meloni-recebida-no-palacio-do-eliseu-por-emmanuel-macron-o-carro-italiano-que-cativou-todos-os-olhares\\\/\",\"name\":\"Giorgia Meloni recebida no Pal\u00e1cio do Eliseu por Emmanuel Macron: o carro italiano que cativou todos os olhares - Fan site S\u00e9bastien Auzi\u00e8re\",\"isPartOf\":{\"@id\":\"https:\\\/\\\/www.sebastien-auziere.fr\\\/blog\\\/#website\"},\"primaryImageOfPage\":{\"@id\":\"https:\\\/\\\/www.sebastien-auziere.fr\\\/blog\\\/pt\\\/giorgia-meloni-recebida-no-palacio-do-eliseu-por-emmanuel-macron-o-carro-italiano-que-cativou-todos-os-olhares\\\/#primaryimage\"},\"image\":{\"@id\":\"https:\\\/\\\/www.sebastien-auziere.fr\\\/blog\\\/pt\\\/giorgia-meloni-recebida-no-palacio-do-eliseu-por-emmanuel-macron-o-carro-italiano-que-cativou-todos-os-olhares\\\/#primaryimage\"},\"thumbnailUrl\":\"https:\\\/\\\/www.sebastien-auziere.fr\\\/blog\\\/wp-content\\\/uploads\\\/2026\\\/04\\\/Giorgia-Meloni-accueillie-a-lElysee-par-Emmanuel-Macron-la-voiture-italienne-qui-a-captive-tous-les-regards.jpg\",\"datePublished\":\"2026-04-18T07:17:19+00:00\",\"dateModified\":\"2026-04-18T07:17:45+00:00\",\"description\":\"Giorgia Meloni re\u00e7ue \u00e0 l\u2019\u00c9lys\u00e9e par Emmanuel Macron : d\u00e9couvrez la voiture italienne qui a s\u00e9duit tous les invit\u00e9s lors de cette rencontre prestigieuse.\",\"breadcrumb\":{\"@id\":\"https:\\\/\\\/www.sebastien-auziere.fr\\\/blog\\\/pt\\\/giorgia-meloni-recebida-no-palacio-do-eliseu-por-emmanuel-macron-o-carro-italiano-que-cativou-todos-os-olhares\\\/#breadcrumb\"},\"inLanguage\":\"fr-FR\",\"potentialAction\":[{\"@type\":\"ReadAction\",\"target\":[\"https:\\\/\\\/www.sebastien-auziere.fr\\\/blog\\\/pt\\\/giorgia-meloni-recebida-no-palacio-do-eliseu-por-emmanuel-macron-o-carro-italiano-que-cativou-todos-os-olhares\\\/\"]}]},{\"@type\":\"ImageObject\",\"inLanguage\":\"fr-FR\",\"@id\":\"https:\\\/\\\/www.sebastien-auziere.fr\\\/blog\\\/pt\\\/giorgia-meloni-recebida-no-palacio-do-eliseu-por-emmanuel-macron-o-carro-italiano-que-cativou-todos-os-olhares\\\/#primaryimage\",\"url\":\"https:\\\/\\\/www.sebastien-auziere.fr\\\/blog\\\/wp-content\\\/uploads\\\/2026\\\/04\\\/Giorgia-Meloni-accueillie-a-lElysee-par-Emmanuel-Macron-la-voiture-italienne-qui-a-captive-tous-les-regards.jpg\",\"contentUrl\":\"https:\\\/\\\/www.sebastien-auziere.fr\\\/blog\\\/wp-content\\\/uploads\\\/2026\\\/04\\\/Giorgia-Meloni-accueillie-a-lElysee-par-Emmanuel-Macron-la-voiture-italienne-qui-a-captive-tous-les-regards.jpg\",\"width\":2560,\"height\":1429,\"caption\":\"d\u00e9couvrez l'accueil officiel de giorgia meloni \u00e0 l\u2019\u00e9lys\u00e9e par emmanuel macron, o\u00f9 une voiture italienne d'exception a attir\u00e9 l'attention de tous les invit\u00e9s.\"},{\"@type\":\"BreadcrumbList\",\"@id\":\"https:\\\/\\\/www.sebastien-auziere.fr\\\/blog\\\/pt\\\/giorgia-meloni-recebida-no-palacio-do-eliseu-por-emmanuel-macron-o-carro-italiano-que-cativou-todos-os-olhares\\\/#breadcrumb\",\"itemListElement\":[{\"@type\":\"ListItem\",\"position\":1,\"name\":\"Home\",\"item\":\"https:\\\/\\\/www.sebastien-auziere.fr\\\/blog\\\/\"},{\"@type\":\"ListItem\",\"position\":2,\"name\":\"Giorgia Meloni recebida no Pal\u00e1cio do Eliseu por Emmanuel Macron: o carro italiano que cativou todos os olhares\"}]},{\"@type\":\"WebSite\",\"@id\":\"https:\\\/\\\/www.sebastien-auziere.fr\\\/blog\\\/#website\",\"url\":\"https:\\\/\\\/www.sebastien-auziere.fr\\\/blog\\\/\",\"name\":\"Fan site S\u00e9bastien Auzi\u00e8re\",\"description\":\"M\u00e9dia g\u00e9n\u00e9raliste\",\"publisher\":{\"@id\":\"https:\\\/\\\/www.sebastien-auziere.fr\\\/blog\\\/#organization\"},\"potentialAction\":[{\"@type\":\"SearchAction\",\"target\":{\"@type\":\"EntryPoint\",\"urlTemplate\":\"https:\\\/\\\/www.sebastien-auziere.fr\\\/blog\\\/?s={search_term_string}\"},\"query-input\":{\"@type\":\"PropertyValueSpecification\",\"valueRequired\":true,\"valueName\":\"search_term_string\"}}],\"inLanguage\":\"fr-FR\"},{\"@type\":\"Organization\",\"@id\":\"https:\\\/\\\/www.sebastien-auziere.fr\\\/blog\\\/#organization\",\"name\":\"Fan site S\u00e9bastien Auzi\u00e8re\",\"url\":\"https:\\\/\\\/www.sebastien-auziere.fr\\\/blog\\\/\",\"logo\":{\"@type\":\"ImageObject\",\"inLanguage\":\"fr-FR\",\"@id\":\"https:\\\/\\\/www.sebastien-auziere.fr\\\/blog\\\/#\\\/schema\\\/logo\\\/image\\\/\",\"url\":\"https:\\\/\\\/www.sebastien-auziere.fr\\\/blog\\\/wp-content\\\/uploads\\\/2026\\\/03\\\/cropped-cropped-cropped-ChatGPT-Image-6-mars-2026-12_58_09-e1772798376794.jpg\",\"contentUrl\":\"https:\\\/\\\/www.sebastien-auziere.fr\\\/blog\\\/wp-content\\\/uploads\\\/2026\\\/03\\\/cropped-cropped-cropped-ChatGPT-Image-6-mars-2026-12_58_09-e1772798376794.jpg\",\"width\":512,\"height\":360,\"caption\":\"Fan site S\u00e9bastien Auzi\u00e8re\"},\"image\":{\"@id\":\"https:\\\/\\\/www.sebastien-auziere.fr\\\/blog\\\/#\\\/schema\\\/logo\\\/image\\\/\"}},{\"@type\":\"Person\",\"@id\":\"https:\\\/\\\/www.sebastien-auziere.fr\\\/blog\\\/#\\\/schema\\\/person\\\/149f1acdbfd85149c6c3e59adeae2f4d\",\"name\":\"Chloe Gauthier\",\"image\":{\"@type\":\"ImageObject\",\"inLanguage\":\"fr-FR\",\"@id\":\"https:\\\/\\\/secure.gravatar.com\\\/avatar\\\/2c5722f58171cff738a8985ef0dd66b476e563753246a49019befc837ec4201a?s=96&d=mm&r=g\",\"url\":\"https:\\\/\\\/secure.gravatar.com\\\/avatar\\\/2c5722f58171cff738a8985ef0dd66b476e563753246a49019befc837ec4201a?s=96&d=mm&r=g\",\"contentUrl\":\"https:\\\/\\\/secure.gravatar.com\\\/avatar\\\/2c5722f58171cff738a8985ef0dd66b476e563753246a49019befc837ec4201a?s=96&d=mm&r=g\",\"caption\":\"Chloe Gauthier\"},\"description\":\"Passionn\u00e9e par la politique et admiratrice engag\u00e9e de la famille Macron, je consacre mon \u00e9nergie \u00e0 suivre leurs initiatives et \u00e0 promouvoir leurs id\u00e9es. \u00c0 32 ans, je suis convaincue que leur vision est porteuse d'avenir.\",\"url\":\"https:\\\/\\\/www.sebastien-auziere.fr\\\/blog\\\/author\\\/chloe-gauthier\\\/\"}]}<\/script>\n<!-- \/ Yoast SEO plugin. -->","yoast_head_json":{"title":"Giorgia Meloni recebida no Pal\u00e1cio do Eliseu por Emmanuel Macron: o carro italiano que cativou todos os olhares - Fan site S\u00e9bastien Auzi\u00e8re","description":"Giorgia Meloni re\u00e7ue \u00e0 l\u2019\u00c9lys\u00e9e par Emmanuel Macron : d\u00e9couvrez la voiture italienne qui a s\u00e9duit tous les invit\u00e9s lors de cette rencontre prestigieuse.","robots":{"index":"index","follow":"follow","max-snippet":"max-snippet:-1","max-image-preview":"max-image-preview:large","max-video-preview":"max-video-preview:-1"},"canonical":"https:\/\/www.sebastien-auziere.fr\/blog\/pt\/giorgia-meloni-recebida-no-palacio-do-eliseu-por-emmanuel-macron-o-carro-italiano-que-cativou-todos-os-olhares\/","og_locale":"fr_FR","og_type":"article","og_title":"Giorgia Meloni recebida no Pal\u00e1cio do Eliseu por Emmanuel Macron: o carro italiano que cativou todos os olhares - Fan site S\u00e9bastien Auzi\u00e8re","og_description":"Giorgia Meloni re\u00e7ue \u00e0 l\u2019\u00c9lys\u00e9e par Emmanuel Macron : d\u00e9couvrez la voiture italienne qui a s\u00e9duit tous les invit\u00e9s lors de cette rencontre prestigieuse.","og_url":"https:\/\/www.sebastien-auziere.fr\/blog\/pt\/giorgia-meloni-recebida-no-palacio-do-eliseu-por-emmanuel-macron-o-carro-italiano-que-cativou-todos-os-olhares\/","og_site_name":"Fan site S\u00e9bastien Auzi\u00e8re","article_published_time":"2026-04-18T07:17:19+00:00","article_modified_time":"2026-04-18T07:17:45+00:00","og_image":[{"width":2560,"height":1429,"url":"https:\/\/www.sebastien-auziere.fr\/blog\/wp-content\/uploads\/2026\/04\/Giorgia-Meloni-accueillie-a-lElysee-par-Emmanuel-Macron-la-voiture-italienne-qui-a-captive-tous-les-regards.jpg","type":"image\/jpeg"}],"author":"Chloe Gauthier","twitter_card":"summary_large_image","twitter_misc":{"\u00c9crit par":"Chloe Gauthier","Dur\u00e9e de lecture estim\u00e9e":"2 minutes"},"schema":{"@context":"https:\/\/schema.org","@graph":[{"@type":"Article","@id":"https:\/\/www.sebastien-auziere.fr\/blog\/pt\/giorgia-meloni-recebida-no-palacio-do-eliseu-por-emmanuel-macron-o-carro-italiano-que-cativou-todos-os-olhares\/#article","isPartOf":{"@id":"https:\/\/www.sebastien-auziere.fr\/blog\/pt\/giorgia-meloni-recebida-no-palacio-do-eliseu-por-emmanuel-macron-o-carro-italiano-que-cativou-todos-os-olhares\/"},"author":{"name":"Chloe Gauthier","@id":"https:\/\/www.sebastien-auziere.fr\/blog\/#\/schema\/person\/149f1acdbfd85149c6c3e59adeae2f4d"},"headline":"Giorgia Meloni recebida no Pal\u00e1cio do Eliseu por Emmanuel Macron: o carro italiano que cativou todos os olhares","datePublished":"2026-04-18T07:17:19+00:00","dateModified":"2026-04-18T07:17:45+00:00","mainEntityOfPage":{"@id":"https:\/\/www.sebastien-auziere.fr\/blog\/pt\/giorgia-meloni-recebida-no-palacio-do-eliseu-por-emmanuel-macron-o-carro-italiano-que-cativou-todos-os-olhares\/"},"wordCount":490,"commentCount":0,"publisher":{"@id":"https:\/\/www.sebastien-auziere.fr\/blog\/#organization"},"image":{"@id":"https:\/\/www.sebastien-auziere.fr\/blog\/pt\/giorgia-meloni-recebida-no-palacio-do-eliseu-por-emmanuel-macron-o-carro-italiano-que-cativou-todos-os-olhares\/#primaryimage"},"thumbnailUrl":"https:\/\/www.sebastien-auziere.fr\/blog\/wp-content\/uploads\/2026\/04\/Giorgia-Meloni-accueillie-a-lElysee-par-Emmanuel-Macron-la-voiture-italienne-qui-a-captive-tous-les-regards.jpg","keywords":["carro italiano","\u00e9lys\u00e9e","emmanuel macron","encontro pol\u00edtico","giorgia meloni"],"articleSection":["Actualidades"],"inLanguage":"fr-FR","potentialAction":[{"@type":"CommentAction","name":"Comment","target":["https:\/\/www.sebastien-auziere.fr\/blog\/pt\/giorgia-meloni-recebida-no-palacio-do-eliseu-por-emmanuel-macron-o-carro-italiano-que-cativou-todos-os-olhares\/#respond"]}]},{"@type":"WebPage","@id":"https:\/\/www.sebastien-auziere.fr\/blog\/pt\/giorgia-meloni-recebida-no-palacio-do-eliseu-por-emmanuel-macron-o-carro-italiano-que-cativou-todos-os-olhares\/","url":"https:\/\/www.sebastien-auziere.fr\/blog\/pt\/giorgia-meloni-recebida-no-palacio-do-eliseu-por-emmanuel-macron-o-carro-italiano-que-cativou-todos-os-olhares\/","name":"Giorgia Meloni recebida no Pal\u00e1cio do Eliseu por Emmanuel Macron: o carro italiano que cativou todos os olhares - Fan site S\u00e9bastien Auzi\u00e8re","isPartOf":{"@id":"https:\/\/www.sebastien-auziere.fr\/blog\/#website"},"primaryImageOfPage":{"@id":"https:\/\/www.sebastien-auziere.fr\/blog\/pt\/giorgia-meloni-recebida-no-palacio-do-eliseu-por-emmanuel-macron-o-carro-italiano-que-cativou-todos-os-olhares\/#primaryimage"},"image":{"@id":"https:\/\/www.sebastien-auziere.fr\/blog\/pt\/giorgia-meloni-recebida-no-palacio-do-eliseu-por-emmanuel-macron-o-carro-italiano-que-cativou-todos-os-olhares\/#primaryimage"},"thumbnailUrl":"https:\/\/www.sebastien-auziere.fr\/blog\/wp-content\/uploads\/2026\/04\/Giorgia-Meloni-accueillie-a-lElysee-par-Emmanuel-Macron-la-voiture-italienne-qui-a-captive-tous-les-regards.jpg","datePublished":"2026-04-18T07:17:19+00:00","dateModified":"2026-04-18T07:17:45+00:00","description":"Giorgia Meloni re\u00e7ue \u00e0 l\u2019\u00c9lys\u00e9e par Emmanuel Macron : d\u00e9couvrez la voiture italienne qui a s\u00e9duit tous les invit\u00e9s lors de cette rencontre prestigieuse.","breadcrumb":{"@id":"https:\/\/www.sebastien-auziere.fr\/blog\/pt\/giorgia-meloni-recebida-no-palacio-do-eliseu-por-emmanuel-macron-o-carro-italiano-que-cativou-todos-os-olhares\/#breadcrumb"},"inLanguage":"fr-FR","potentialAction":[{"@type":"ReadAction","target":["https:\/\/www.sebastien-auziere.fr\/blog\/pt\/giorgia-meloni-recebida-no-palacio-do-eliseu-por-emmanuel-macron-o-carro-italiano-que-cativou-todos-os-olhares\/"]}]},{"@type":"ImageObject","inLanguage":"fr-FR","@id":"https:\/\/www.sebastien-auziere.fr\/blog\/pt\/giorgia-meloni-recebida-no-palacio-do-eliseu-por-emmanuel-macron-o-carro-italiano-que-cativou-todos-os-olhares\/#primaryimage","url":"https:\/\/www.sebastien-auziere.fr\/blog\/wp-content\/uploads\/2026\/04\/Giorgia-Meloni-accueillie-a-lElysee-par-Emmanuel-Macron-la-voiture-italienne-qui-a-captive-tous-les-regards.jpg","contentUrl":"https:\/\/www.sebastien-auziere.fr\/blog\/wp-content\/uploads\/2026\/04\/Giorgia-Meloni-accueillie-a-lElysee-par-Emmanuel-Macron-la-voiture-italienne-qui-a-captive-tous-les-regards.jpg","width":2560,"height":1429,"caption":"d\u00e9couvrez l'accueil officiel de giorgia meloni \u00e0 l\u2019\u00e9lys\u00e9e par emmanuel macron, o\u00f9 une voiture italienne d'exception a attir\u00e9 l'attention de tous les invit\u00e9s."},{"@type":"BreadcrumbList","@id":"https:\/\/www.sebastien-auziere.fr\/blog\/pt\/giorgia-meloni-recebida-no-palacio-do-eliseu-por-emmanuel-macron-o-carro-italiano-que-cativou-todos-os-olhares\/#breadcrumb","itemListElement":[{"@type":"ListItem","position":1,"name":"Home","item":"https:\/\/www.sebastien-auziere.fr\/blog\/"},{"@type":"ListItem","position":2,"name":"Giorgia Meloni recebida no Pal\u00e1cio do Eliseu por Emmanuel Macron: o carro italiano que cativou todos os olhares"}]},{"@type":"WebSite","@id":"https:\/\/www.sebastien-auziere.fr\/blog\/#website","url":"https:\/\/www.sebastien-auziere.fr\/blog\/","name":"Fan site S\u00e9bastien Auzi\u00e8re","description":"M\u00e9dia g\u00e9n\u00e9raliste","publisher":{"@id":"https:\/\/www.sebastien-auziere.fr\/blog\/#organization"},"potentialAction":[{"@type":"SearchAction","target":{"@type":"EntryPoint","urlTemplate":"https:\/\/www.sebastien-auziere.fr\/blog\/?s={search_term_string}"},"query-input":{"@type":"PropertyValueSpecification","valueRequired":true,"valueName":"search_term_string"}}],"inLanguage":"fr-FR"},{"@type":"Organization","@id":"https:\/\/www.sebastien-auziere.fr\/blog\/#organization","name":"Fan site S\u00e9bastien Auzi\u00e8re","url":"https:\/\/www.sebastien-auziere.fr\/blog\/","logo":{"@type":"ImageObject","inLanguage":"fr-FR","@id":"https:\/\/www.sebastien-auziere.fr\/blog\/#\/schema\/logo\/image\/","url":"https:\/\/www.sebastien-auziere.fr\/blog\/wp-content\/uploads\/2026\/03\/cropped-cropped-cropped-ChatGPT-Image-6-mars-2026-12_58_09-e1772798376794.jpg","contentUrl":"https:\/\/www.sebastien-auziere.fr\/blog\/wp-content\/uploads\/2026\/03\/cropped-cropped-cropped-ChatGPT-Image-6-mars-2026-12_58_09-e1772798376794.jpg","width":512,"height":360,"caption":"Fan site S\u00e9bastien Auzi\u00e8re"},"image":{"@id":"https:\/\/www.sebastien-auziere.fr\/blog\/#\/schema\/logo\/image\/"}},{"@type":"Person","@id":"https:\/\/www.sebastien-auziere.fr\/blog\/#\/schema\/person\/149f1acdbfd85149c6c3e59adeae2f4d","name":"Chloe Gauthier","image":{"@type":"ImageObject","inLanguage":"fr-FR","@id":"https:\/\/secure.gravatar.com\/avatar\/2c5722f58171cff738a8985ef0dd66b476e563753246a49019befc837ec4201a?s=96&d=mm&r=g","url":"https:\/\/secure.gravatar.com\/avatar\/2c5722f58171cff738a8985ef0dd66b476e563753246a49019befc837ec4201a?s=96&d=mm&r=g","contentUrl":"https:\/\/secure.gravatar.com\/avatar\/2c5722f58171cff738a8985ef0dd66b476e563753246a49019befc837ec4201a?s=96&d=mm&r=g","caption":"Chloe Gauthier"},"description":"Passionn\u00e9e par la politique et admiratrice engag\u00e9e de la famille Macron, je consacre mon \u00e9nergie \u00e0 suivre leurs initiatives et \u00e0 promouvoir leurs id\u00e9es. \u00c0 32 ans, je suis convaincue que leur vision est porteuse d'avenir.","url":"https:\/\/www.sebastien-auziere.fr\/blog\/author\/chloe-gauthier\/"}]}},"views":0,"_links":{"self":[{"href":"https:\/\/www.sebastien-auziere.fr\/blog\/wp-json\/wp\/v2\/posts\/3126","targetHints":{"allow":["GET"]}}],"collection":[{"href":"https:\/\/www.sebastien-auziere.fr\/blog\/wp-json\/wp\/v2\/posts"}],"about":[{"href":"https:\/\/www.sebastien-auziere.fr\/blog\/wp-json\/wp\/v2\/types\/post"}],"author":[{"embeddable":true,"href":"https:\/\/www.sebastien-auziere.fr\/blog\/wp-json\/wp\/v2\/users\/9"}],"replies":[{"embeddable":true,"href":"https:\/\/www.sebastien-auziere.fr\/blog\/wp-json\/wp\/v2\/comments?post=3126"}],"version-history":[{"count":1,"href":"https:\/\/www.sebastien-auziere.fr\/blog\/wp-json\/wp\/v2\/posts\/3126\/revisions"}],"predecessor-version":[{"id":3127,"href":"https:\/\/www.sebastien-auziere.fr\/blog\/wp-json\/wp\/v2\/posts\/3126\/revisions\/3127"}],"wp:featuredmedia":[{"embeddable":true,"href":"https:\/\/www.sebastien-auziere.fr\/blog\/wp-json\/wp\/v2\/media\/3116"}],"wp:attachment":[{"href":"https:\/\/www.sebastien-auziere.fr\/blog\/wp-json\/wp\/v2\/media?parent=3126"}],"wp:term":[{"taxonomy":"category","embeddable":true,"href":"https:\/\/www.sebastien-auziere.fr\/blog\/wp-json\/wp\/v2\/categories?post=3126"},{"taxonomy":"post_tag","embeddable":true,"href":"https:\/\/www.sebastien-auziere.fr\/blog\/wp-json\/wp\/v2\/tags?post=3126"}],"curies":[{"name":"wp","href":"https:\/\/api.w.org\/{rel}","templated":true}]}}