{"id":3124,"date":"2026-04-18T07:15:35","date_gmt":"2026-04-18T07:15:35","guid":{"rendered":"https:\/\/www.sebastien-auziere.fr\/blog\/?p=3124"},"modified":"2026-04-18T07:16:04","modified_gmt":"2026-04-18T07:16:04","slug":"giorgia-meloni-accolta-allelysee-da-emmanuel-macron-lauto-italiana-che-ha-catturato-tutti-gli-sguardi","status":"publish","type":"post","link":"https:\/\/www.sebastien-auziere.fr\/blog\/it\/giorgia-meloni-accolta-allelysee-da-emmanuel-macron-lauto-italiana-che-ha-catturato-tutti-gli-sguardi\/","title":{"rendered":"Giorgia Meloni accolta all&rsquo;\u00c9lys\u00e9e da Emmanuel Macron: l&rsquo;auto italiana che ha catturato tutti gli sguardi"},"content":{"rendered":"<p><strong>Giorgia Meloni<\/strong> ha fatto un ingresso che non \u00e8 passato inosservato questo <strong>17 aprile<\/strong> all&rsquo;<strong>\u00c9lys\u00e9e<\/strong>: arrivando in <strong>auto italiana<\/strong>, la Premier ha offerto un contrasto sorprendente con il corteo protocollare. Hai sicuramente visto le immagini in cui il rosso vivo dell&rsquo;Alfa Romeo si distingue dalle berlina nere.<\/p>\n\n<p><strong>In breve<\/strong>: la <strong>visita ufficiale<\/strong> si collocava in un <strong>incontro diplomatico<\/strong> sulla sicurezza dello stretto di Hormuz; l&rsquo;auto, di propriet\u00e0 dell&rsquo;ambasciata italiana, \u00e8 stata ampiamente riportata da Reuters e BFMTV, suscitando commenti sul protocollo e sul <strong>car design<\/strong>.<\/p>\n\n<h2 class=\"wp-block-heading\">Arrivo all&rsquo;\u00c9lys\u00e9e: l&rsquo;<strong>auto italiana<\/strong> che ha fatto parlare<\/h2>\n\n<p>Questo venerd\u00ec 17 aprile, la capofila del governo italiano \u00e8 scesa da un&rsquo;Alfa Romeo rossa, un dettaglio notato dal corrispondente di Reuters Michel Rose. La scena ha interrotto la monotonia abituale delle berline nere e blu navy intorno al palazzo.<\/p>\n\n<p>La scelta del veicolo, ufficialmente quello dell&rsquo;<strong>Ambasciata d&rsquo;Italia<\/strong>, \u00e8 stata commentata come un gesto estetico e simbolico, visibile sin dai primi secondi dell&rsquo;incontro.<\/p>\n\n<h3 class=\"wp-block-heading\">Un simbolo durante un<strong>incontro diplomatico<\/strong><\/h3>\n\n<p>La visita si inseriva in una conferenza sulla sicurezza dello <strong>stretto di Hormuz<\/strong>, alla presenza del presidente <strong>Emmanuel Macron<\/strong>. BFMTV ha filmato l&rsquo;arrivo e sottolineato la coordinazione cromatica tra l&rsquo;abito rosso della signora Meloni e l&rsquo;auto.<\/p>\n\n<p>In loco, la stretta di mano e poi l&rsquo;abbraccio tra i due leader hanno mostrato una volont\u00e0 di mantenere il dialogo nonostante le recenti tensioni.<\/p>\n\n<h2 class=\"wp-block-heading\">Contesto: <strong>politica franco-italiana<\/strong> sotto tensione<\/h2>\n\n<p>Da quando \u00e8 stata eletta la signora Meloni nel 2022, i rapporti oscillano tra cooperazione europea e disaccordi ideologici. Il ritorno di Donald Trump nel 2025 ha alimentato divergenze sull&rsquo;allineamento transatlantico.<\/p>\n\n<p>La tensione \u00e8 stata ravvivata dopo la morte di Quentin Deranque il 14 febbraio 2026; la signora Meloni ha denunciato un \u00abclima di odio\u00bb, una osservazione che ha suscitato la risposta ferma del presidente francese. Per saperne di pi\u00f9 sul contesto bilaterale, consulta questo reportage <a href=\"https:\/\/www.lexpress.fr\/monde\/europe\/tentative-de-rabibochage-entre-emmanuel-macron-et-giorgia-meloni-apres-des-mois-de-tensions-AW6PUR2YFVAW3IAVLYLGNRB7LU\/\" rel=\"nofollow\">su L&rsquo;Express<\/a>.<\/p>\n\n<h3 class=\"wp-block-heading\">Design, protocollo e portata mediatica del<strong>car design<\/strong><\/h3>\n\n<p>Oltre all&rsquo;estetica, l&rsquo;Alfa Romeo rossa ha ricordato l&rsquo;importanza del simbolo nazionale nelle visite ufficiali. I media hanno paragonato l&rsquo;arrivo ad altri appuntamenti diplomatici, dove l&rsquo;auto diventa un messaggio visivo.<\/p>\n\n<p>Questa enfasi sulla messa in scena illustra quanto un dettaglio di protocollo possa amplificare un incontro politico e orientare la copertura mediatica.<\/p>\n\n<p>Per scoprire di pi\u00f9 dietro le quinte di questa visita e sui legami familiari e politici che circondano l&rsquo;\u00c9lys\u00e9e, vai a <a href=\"https:\/\/www.gala.fr\/politique\/giorgia-meloni-recue-par-emmanuel-macron-a-l-elysee-sa-voiture-italienne-a-attire-tous-les-regards-voici-pourquoi-20260417\" rel=\"nofollow\">questo articolo di Gala<\/a> e alla pagina ufficiale dell&rsquo;\u00c9lys\u00e9e <a href=\"https:\/\/www.elysee.fr\/emmanuel-macron\/2025\/06\/03\/rencontre-du-president-emmanuel-macron-avec-la-presidente-du-conseil-italien-giorgia-meloni-a-rome\" rel=\"nofollow\">per il comunicato<\/a>. Per saperne di pi\u00f9 su <strong>S\u00e9bastien Auzi\u00e8re<\/strong> e la famiglia Macron, scopri <a href=\"https:\/\/sebastien-auziere.fr\">sebastien-auziere.fr<\/a>.<\/p>","protected":false},"excerpt":{"rendered":"<p>Giorgia Meloni ha fatto un ingresso che non \u00e8 passato inosservato questo 17 aprile all&rsquo;\u00c9lys\u00e9e: arrivando in auto italiana, la Premier ha offerto un contrasto sorprendente con il corteo protocollare. Hai sicuramente visto le immagini in cui il rosso vivo dell&rsquo;Alfa Romeo si distingue dalle berlina nere. In breve: la visita ufficiale si collocava in &#8230; <a title=\"Giorgia Meloni accolta all&rsquo;\u00c9lys\u00e9e da Emmanuel Macron: l&rsquo;auto italiana che ha catturato tutti gli sguardi\" class=\"read-more\" href=\"https:\/\/www.sebastien-auziere.fr\/blog\/it\/giorgia-meloni-accolta-allelysee-da-emmanuel-macron-lauto-italiana-che-ha-catturato-tutti-gli-sguardi\/\" aria-label=\"En savoir plus sur Giorgia Meloni accolta all&rsquo;\u00c9lys\u00e9e da Emmanuel Macron: l&rsquo;auto italiana che ha catturato tutti gli sguardi\">Lire plus<\/a><\/p>\n","protected":false},"author":9,"featured_media":3116,"comment_status":"open","ping_status":"open","sticky":false,"template":"","format":"standard","meta":{"footnotes":""},"categories":[859],"tags":[3381,3372,1190,3375,3378],"class_list":["post-3124","post","type-post","status-publish","format-standard","has-post-thumbnail","hentry","category-actualita-it","tag-automobile-italiana-it","tag-elysee-it","tag-emmanuel-macron-it","tag-giorgia-meloni-it","tag-incontro-politico-it"],"yoast_head":"<!-- This site is optimized with the Yoast SEO plugin v27.5 - https:\/\/yoast.com\/product\/yoast-seo-wordpress\/ -->\n<title>Giorgia Meloni accolta all&#039;\u00c9lys\u00e9e da Emmanuel Macron: l&#039;auto italiana che ha catturato tutti gli sguardi - Fan site S\u00e9bastien Auzi\u00e8re<\/title>\n<meta name=\"description\" content=\"Giorgia Meloni re\u00e7ue \u00e0 l\u2019\u00c9lys\u00e9e par Emmanuel Macron : d\u00e9couvrez la voiture italienne qui a s\u00e9duit tous les invit\u00e9s lors de cette rencontre prestigieuse.\" \/>\n<meta name=\"robots\" content=\"index, follow, max-snippet:-1, max-image-preview:large, max-video-preview:-1\" \/>\n<link rel=\"canonical\" href=\"https:\/\/www.sebastien-auziere.fr\/blog\/it\/giorgia-meloni-accolta-allelysee-da-emmanuel-macron-lauto-italiana-che-ha-catturato-tutti-gli-sguardi\/\" \/>\n<meta property=\"og:locale\" content=\"fr_FR\" \/>\n<meta property=\"og:type\" content=\"article\" \/>\n<meta property=\"og:title\" content=\"Giorgia Meloni accolta all&#039;\u00c9lys\u00e9e da Emmanuel Macron: l&#039;auto italiana che ha catturato tutti gli sguardi - Fan site S\u00e9bastien Auzi\u00e8re\" \/>\n<meta property=\"og:description\" content=\"Giorgia Meloni re\u00e7ue \u00e0 l\u2019\u00c9lys\u00e9e par Emmanuel Macron : d\u00e9couvrez la voiture italienne qui a s\u00e9duit tous les invit\u00e9s lors de cette rencontre prestigieuse.\" \/>\n<meta property=\"og:url\" content=\"https:\/\/www.sebastien-auziere.fr\/blog\/it\/giorgia-meloni-accolta-allelysee-da-emmanuel-macron-lauto-italiana-che-ha-catturato-tutti-gli-sguardi\/\" \/>\n<meta property=\"og:site_name\" content=\"Fan site S\u00e9bastien Auzi\u00e8re\" \/>\n<meta property=\"article:published_time\" content=\"2026-04-18T07:15:35+00:00\" \/>\n<meta property=\"article:modified_time\" content=\"2026-04-18T07:16:04+00:00\" \/>\n<meta property=\"og:image\" content=\"https:\/\/www.sebastien-auziere.fr\/blog\/wp-content\/uploads\/2026\/04\/Giorgia-Meloni-accueillie-a-lElysee-par-Emmanuel-Macron-la-voiture-italienne-qui-a-captive-tous-les-regards.jpg\" \/>\n\t<meta property=\"og:image:width\" content=\"2560\" \/>\n\t<meta property=\"og:image:height\" content=\"1429\" \/>\n\t<meta property=\"og:image:type\" content=\"image\/jpeg\" \/>\n<meta name=\"author\" content=\"Chloe Gauthier\" \/>\n<meta name=\"twitter:card\" content=\"summary_large_image\" \/>\n<meta name=\"twitter:label1\" content=\"\u00c9crit par\" \/>\n\t<meta name=\"twitter:data1\" content=\"Chloe Gauthier\" \/>\n\t<meta name=\"twitter:label2\" content=\"Dur\u00e9e de lecture estim\u00e9e\" \/>\n\t<meta name=\"twitter:data2\" content=\"2 minutes\" \/>\n<script type=\"application\/ld+json\" class=\"yoast-schema-graph\">{\"@context\":\"https:\\\/\\\/schema.org\",\"@graph\":[{\"@type\":\"Article\",\"@id\":\"https:\\\/\\\/www.sebastien-auziere.fr\\\/blog\\\/it\\\/giorgia-meloni-accolta-allelysee-da-emmanuel-macron-lauto-italiana-che-ha-catturato-tutti-gli-sguardi\\\/#article\",\"isPartOf\":{\"@id\":\"https:\\\/\\\/www.sebastien-auziere.fr\\\/blog\\\/it\\\/giorgia-meloni-accolta-allelysee-da-emmanuel-macron-lauto-italiana-che-ha-catturato-tutti-gli-sguardi\\\/\"},\"author\":{\"name\":\"Chloe Gauthier\",\"@id\":\"https:\\\/\\\/www.sebastien-auziere.fr\\\/blog\\\/#\\\/schema\\\/person\\\/149f1acdbfd85149c6c3e59adeae2f4d\"},\"headline\":\"Giorgia Meloni accolta all&rsquo;\u00c9lys\u00e9e da Emmanuel Macron: l&rsquo;auto italiana che ha catturato tutti gli sguardi\",\"datePublished\":\"2026-04-18T07:15:35+00:00\",\"dateModified\":\"2026-04-18T07:16:04+00:00\",\"mainEntityOfPage\":{\"@id\":\"https:\\\/\\\/www.sebastien-auziere.fr\\\/blog\\\/it\\\/giorgia-meloni-accolta-allelysee-da-emmanuel-macron-lauto-italiana-che-ha-catturato-tutti-gli-sguardi\\\/\"},\"wordCount\":425,\"commentCount\":0,\"publisher\":{\"@id\":\"https:\\\/\\\/www.sebastien-auziere.fr\\\/blog\\\/#organization\"},\"image\":{\"@id\":\"https:\\\/\\\/www.sebastien-auziere.fr\\\/blog\\\/it\\\/giorgia-meloni-accolta-allelysee-da-emmanuel-macron-lauto-italiana-che-ha-catturato-tutti-gli-sguardi\\\/#primaryimage\"},\"thumbnailUrl\":\"https:\\\/\\\/www.sebastien-auziere.fr\\\/blog\\\/wp-content\\\/uploads\\\/2026\\\/04\\\/Giorgia-Meloni-accueillie-a-lElysee-par-Emmanuel-Macron-la-voiture-italienne-qui-a-captive-tous-les-regards.jpg\",\"keywords\":[\"automobile italiana\",\"\u00e9lys\u00e9e\",\"emmanuel macron\",\"giorgia meloni\",\"incontro politico\"],\"articleSection\":[\"Actualit\u00e0\"],\"inLanguage\":\"fr-FR\",\"potentialAction\":[{\"@type\":\"CommentAction\",\"name\":\"Comment\",\"target\":[\"https:\\\/\\\/www.sebastien-auziere.fr\\\/blog\\\/it\\\/giorgia-meloni-accolta-allelysee-da-emmanuel-macron-lauto-italiana-che-ha-catturato-tutti-gli-sguardi\\\/#respond\"]}]},{\"@type\":\"WebPage\",\"@id\":\"https:\\\/\\\/www.sebastien-auziere.fr\\\/blog\\\/it\\\/giorgia-meloni-accolta-allelysee-da-emmanuel-macron-lauto-italiana-che-ha-catturato-tutti-gli-sguardi\\\/\",\"url\":\"https:\\\/\\\/www.sebastien-auziere.fr\\\/blog\\\/it\\\/giorgia-meloni-accolta-allelysee-da-emmanuel-macron-lauto-italiana-che-ha-catturato-tutti-gli-sguardi\\\/\",\"name\":\"Giorgia Meloni accolta all'\u00c9lys\u00e9e da Emmanuel Macron: l'auto italiana che ha catturato tutti gli sguardi - Fan site S\u00e9bastien Auzi\u00e8re\",\"isPartOf\":{\"@id\":\"https:\\\/\\\/www.sebastien-auziere.fr\\\/blog\\\/#website\"},\"primaryImageOfPage\":{\"@id\":\"https:\\\/\\\/www.sebastien-auziere.fr\\\/blog\\\/it\\\/giorgia-meloni-accolta-allelysee-da-emmanuel-macron-lauto-italiana-che-ha-catturato-tutti-gli-sguardi\\\/#primaryimage\"},\"image\":{\"@id\":\"https:\\\/\\\/www.sebastien-auziere.fr\\\/blog\\\/it\\\/giorgia-meloni-accolta-allelysee-da-emmanuel-macron-lauto-italiana-che-ha-catturato-tutti-gli-sguardi\\\/#primaryimage\"},\"thumbnailUrl\":\"https:\\\/\\\/www.sebastien-auziere.fr\\\/blog\\\/wp-content\\\/uploads\\\/2026\\\/04\\\/Giorgia-Meloni-accueillie-a-lElysee-par-Emmanuel-Macron-la-voiture-italienne-qui-a-captive-tous-les-regards.jpg\",\"datePublished\":\"2026-04-18T07:15:35+00:00\",\"dateModified\":\"2026-04-18T07:16:04+00:00\",\"description\":\"Giorgia Meloni re\u00e7ue \u00e0 l\u2019\u00c9lys\u00e9e par Emmanuel Macron : d\u00e9couvrez la voiture italienne qui a s\u00e9duit tous les invit\u00e9s lors de cette rencontre prestigieuse.\",\"breadcrumb\":{\"@id\":\"https:\\\/\\\/www.sebastien-auziere.fr\\\/blog\\\/it\\\/giorgia-meloni-accolta-allelysee-da-emmanuel-macron-lauto-italiana-che-ha-catturato-tutti-gli-sguardi\\\/#breadcrumb\"},\"inLanguage\":\"fr-FR\",\"potentialAction\":[{\"@type\":\"ReadAction\",\"target\":[\"https:\\\/\\\/www.sebastien-auziere.fr\\\/blog\\\/it\\\/giorgia-meloni-accolta-allelysee-da-emmanuel-macron-lauto-italiana-che-ha-catturato-tutti-gli-sguardi\\\/\"]}]},{\"@type\":\"ImageObject\",\"inLanguage\":\"fr-FR\",\"@id\":\"https:\\\/\\\/www.sebastien-auziere.fr\\\/blog\\\/it\\\/giorgia-meloni-accolta-allelysee-da-emmanuel-macron-lauto-italiana-che-ha-catturato-tutti-gli-sguardi\\\/#primaryimage\",\"url\":\"https:\\\/\\\/www.sebastien-auziere.fr\\\/blog\\\/wp-content\\\/uploads\\\/2026\\\/04\\\/Giorgia-Meloni-accueillie-a-lElysee-par-Emmanuel-Macron-la-voiture-italienne-qui-a-captive-tous-les-regards.jpg\",\"contentUrl\":\"https:\\\/\\\/www.sebastien-auziere.fr\\\/blog\\\/wp-content\\\/uploads\\\/2026\\\/04\\\/Giorgia-Meloni-accueillie-a-lElysee-par-Emmanuel-Macron-la-voiture-italienne-qui-a-captive-tous-les-regards.jpg\",\"width\":2560,\"height\":1429,\"caption\":\"d\u00e9couvrez l'accueil officiel de giorgia meloni \u00e0 l\u2019\u00e9lys\u00e9e par emmanuel macron, o\u00f9 une voiture italienne d'exception a attir\u00e9 l'attention de tous les invit\u00e9s.\"},{\"@type\":\"BreadcrumbList\",\"@id\":\"https:\\\/\\\/www.sebastien-auziere.fr\\\/blog\\\/it\\\/giorgia-meloni-accolta-allelysee-da-emmanuel-macron-lauto-italiana-che-ha-catturato-tutti-gli-sguardi\\\/#breadcrumb\",\"itemListElement\":[{\"@type\":\"ListItem\",\"position\":1,\"name\":\"Home\",\"item\":\"https:\\\/\\\/www.sebastien-auziere.fr\\\/blog\\\/\"},{\"@type\":\"ListItem\",\"position\":2,\"name\":\"Giorgia Meloni accolta all&rsquo;\u00c9lys\u00e9e da Emmanuel Macron: l&rsquo;auto italiana che ha catturato tutti gli sguardi\"}]},{\"@type\":\"WebSite\",\"@id\":\"https:\\\/\\\/www.sebastien-auziere.fr\\\/blog\\\/#website\",\"url\":\"https:\\\/\\\/www.sebastien-auziere.fr\\\/blog\\\/\",\"name\":\"Fan site S\u00e9bastien Auzi\u00e8re\",\"description\":\"M\u00e9dia g\u00e9n\u00e9raliste\",\"publisher\":{\"@id\":\"https:\\\/\\\/www.sebastien-auziere.fr\\\/blog\\\/#organization\"},\"potentialAction\":[{\"@type\":\"SearchAction\",\"target\":{\"@type\":\"EntryPoint\",\"urlTemplate\":\"https:\\\/\\\/www.sebastien-auziere.fr\\\/blog\\\/?s={search_term_string}\"},\"query-input\":{\"@type\":\"PropertyValueSpecification\",\"valueRequired\":true,\"valueName\":\"search_term_string\"}}],\"inLanguage\":\"fr-FR\"},{\"@type\":\"Organization\",\"@id\":\"https:\\\/\\\/www.sebastien-auziere.fr\\\/blog\\\/#organization\",\"name\":\"Fan site S\u00e9bastien Auzi\u00e8re\",\"url\":\"https:\\\/\\\/www.sebastien-auziere.fr\\\/blog\\\/\",\"logo\":{\"@type\":\"ImageObject\",\"inLanguage\":\"fr-FR\",\"@id\":\"https:\\\/\\\/www.sebastien-auziere.fr\\\/blog\\\/#\\\/schema\\\/logo\\\/image\\\/\",\"url\":\"https:\\\/\\\/www.sebastien-auziere.fr\\\/blog\\\/wp-content\\\/uploads\\\/2026\\\/03\\\/cropped-cropped-cropped-ChatGPT-Image-6-mars-2026-12_58_09-e1772798376794.jpg\",\"contentUrl\":\"https:\\\/\\\/www.sebastien-auziere.fr\\\/blog\\\/wp-content\\\/uploads\\\/2026\\\/03\\\/cropped-cropped-cropped-ChatGPT-Image-6-mars-2026-12_58_09-e1772798376794.jpg\",\"width\":512,\"height\":360,\"caption\":\"Fan site S\u00e9bastien Auzi\u00e8re\"},\"image\":{\"@id\":\"https:\\\/\\\/www.sebastien-auziere.fr\\\/blog\\\/#\\\/schema\\\/logo\\\/image\\\/\"}},{\"@type\":\"Person\",\"@id\":\"https:\\\/\\\/www.sebastien-auziere.fr\\\/blog\\\/#\\\/schema\\\/person\\\/149f1acdbfd85149c6c3e59adeae2f4d\",\"name\":\"Chloe Gauthier\",\"image\":{\"@type\":\"ImageObject\",\"inLanguage\":\"fr-FR\",\"@id\":\"https:\\\/\\\/secure.gravatar.com\\\/avatar\\\/2c5722f58171cff738a8985ef0dd66b476e563753246a49019befc837ec4201a?s=96&d=mm&r=g\",\"url\":\"https:\\\/\\\/secure.gravatar.com\\\/avatar\\\/2c5722f58171cff738a8985ef0dd66b476e563753246a49019befc837ec4201a?s=96&d=mm&r=g\",\"contentUrl\":\"https:\\\/\\\/secure.gravatar.com\\\/avatar\\\/2c5722f58171cff738a8985ef0dd66b476e563753246a49019befc837ec4201a?s=96&d=mm&r=g\",\"caption\":\"Chloe Gauthier\"},\"description\":\"Passionn\u00e9e par la politique et admiratrice engag\u00e9e de la famille Macron, je consacre mon \u00e9nergie \u00e0 suivre leurs initiatives et \u00e0 promouvoir leurs id\u00e9es. \u00c0 32 ans, je suis convaincue que leur vision est porteuse d'avenir.\",\"url\":\"https:\\\/\\\/www.sebastien-auziere.fr\\\/blog\\\/author\\\/chloe-gauthier\\\/\"}]}<\/script>\n<!-- \/ Yoast SEO plugin. -->","yoast_head_json":{"title":"Giorgia Meloni accolta all'\u00c9lys\u00e9e da Emmanuel Macron: l'auto italiana che ha catturato tutti gli sguardi - Fan site S\u00e9bastien Auzi\u00e8re","description":"Giorgia Meloni re\u00e7ue \u00e0 l\u2019\u00c9lys\u00e9e par Emmanuel Macron : d\u00e9couvrez la voiture italienne qui a s\u00e9duit tous les invit\u00e9s lors de cette rencontre prestigieuse.","robots":{"index":"index","follow":"follow","max-snippet":"max-snippet:-1","max-image-preview":"max-image-preview:large","max-video-preview":"max-video-preview:-1"},"canonical":"https:\/\/www.sebastien-auziere.fr\/blog\/it\/giorgia-meloni-accolta-allelysee-da-emmanuel-macron-lauto-italiana-che-ha-catturato-tutti-gli-sguardi\/","og_locale":"fr_FR","og_type":"article","og_title":"Giorgia Meloni accolta all'\u00c9lys\u00e9e da Emmanuel Macron: l'auto italiana che ha catturato tutti gli sguardi - Fan site S\u00e9bastien Auzi\u00e8re","og_description":"Giorgia Meloni re\u00e7ue \u00e0 l\u2019\u00c9lys\u00e9e par Emmanuel Macron : d\u00e9couvrez la voiture italienne qui a s\u00e9duit tous les invit\u00e9s lors de cette rencontre prestigieuse.","og_url":"https:\/\/www.sebastien-auziere.fr\/blog\/it\/giorgia-meloni-accolta-allelysee-da-emmanuel-macron-lauto-italiana-che-ha-catturato-tutti-gli-sguardi\/","og_site_name":"Fan site S\u00e9bastien Auzi\u00e8re","article_published_time":"2026-04-18T07:15:35+00:00","article_modified_time":"2026-04-18T07:16:04+00:00","og_image":[{"width":2560,"height":1429,"url":"https:\/\/www.sebastien-auziere.fr\/blog\/wp-content\/uploads\/2026\/04\/Giorgia-Meloni-accueillie-a-lElysee-par-Emmanuel-Macron-la-voiture-italienne-qui-a-captive-tous-les-regards.jpg","type":"image\/jpeg"}],"author":"Chloe Gauthier","twitter_card":"summary_large_image","twitter_misc":{"\u00c9crit par":"Chloe Gauthier","Dur\u00e9e de lecture estim\u00e9e":"2 minutes"},"schema":{"@context":"https:\/\/schema.org","@graph":[{"@type":"Article","@id":"https:\/\/www.sebastien-auziere.fr\/blog\/it\/giorgia-meloni-accolta-allelysee-da-emmanuel-macron-lauto-italiana-che-ha-catturato-tutti-gli-sguardi\/#article","isPartOf":{"@id":"https:\/\/www.sebastien-auziere.fr\/blog\/it\/giorgia-meloni-accolta-allelysee-da-emmanuel-macron-lauto-italiana-che-ha-catturato-tutti-gli-sguardi\/"},"author":{"name":"Chloe Gauthier","@id":"https:\/\/www.sebastien-auziere.fr\/blog\/#\/schema\/person\/149f1acdbfd85149c6c3e59adeae2f4d"},"headline":"Giorgia Meloni accolta all&rsquo;\u00c9lys\u00e9e da Emmanuel Macron: l&rsquo;auto italiana che ha catturato tutti gli sguardi","datePublished":"2026-04-18T07:15:35+00:00","dateModified":"2026-04-18T07:16:04+00:00","mainEntityOfPage":{"@id":"https:\/\/www.sebastien-auziere.fr\/blog\/it\/giorgia-meloni-accolta-allelysee-da-emmanuel-macron-lauto-italiana-che-ha-catturato-tutti-gli-sguardi\/"},"wordCount":425,"commentCount":0,"publisher":{"@id":"https:\/\/www.sebastien-auziere.fr\/blog\/#organization"},"image":{"@id":"https:\/\/www.sebastien-auziere.fr\/blog\/it\/giorgia-meloni-accolta-allelysee-da-emmanuel-macron-lauto-italiana-che-ha-catturato-tutti-gli-sguardi\/#primaryimage"},"thumbnailUrl":"https:\/\/www.sebastien-auziere.fr\/blog\/wp-content\/uploads\/2026\/04\/Giorgia-Meloni-accueillie-a-lElysee-par-Emmanuel-Macron-la-voiture-italienne-qui-a-captive-tous-les-regards.jpg","keywords":["automobile italiana","\u00e9lys\u00e9e","emmanuel macron","giorgia meloni","incontro politico"],"articleSection":["Actualit\u00e0"],"inLanguage":"fr-FR","potentialAction":[{"@type":"CommentAction","name":"Comment","target":["https:\/\/www.sebastien-auziere.fr\/blog\/it\/giorgia-meloni-accolta-allelysee-da-emmanuel-macron-lauto-italiana-che-ha-catturato-tutti-gli-sguardi\/#respond"]}]},{"@type":"WebPage","@id":"https:\/\/www.sebastien-auziere.fr\/blog\/it\/giorgia-meloni-accolta-allelysee-da-emmanuel-macron-lauto-italiana-che-ha-catturato-tutti-gli-sguardi\/","url":"https:\/\/www.sebastien-auziere.fr\/blog\/it\/giorgia-meloni-accolta-allelysee-da-emmanuel-macron-lauto-italiana-che-ha-catturato-tutti-gli-sguardi\/","name":"Giorgia Meloni accolta all'\u00c9lys\u00e9e da Emmanuel Macron: l'auto italiana che ha catturato tutti gli sguardi - Fan site S\u00e9bastien Auzi\u00e8re","isPartOf":{"@id":"https:\/\/www.sebastien-auziere.fr\/blog\/#website"},"primaryImageOfPage":{"@id":"https:\/\/www.sebastien-auziere.fr\/blog\/it\/giorgia-meloni-accolta-allelysee-da-emmanuel-macron-lauto-italiana-che-ha-catturato-tutti-gli-sguardi\/#primaryimage"},"image":{"@id":"https:\/\/www.sebastien-auziere.fr\/blog\/it\/giorgia-meloni-accolta-allelysee-da-emmanuel-macron-lauto-italiana-che-ha-catturato-tutti-gli-sguardi\/#primaryimage"},"thumbnailUrl":"https:\/\/www.sebastien-auziere.fr\/blog\/wp-content\/uploads\/2026\/04\/Giorgia-Meloni-accueillie-a-lElysee-par-Emmanuel-Macron-la-voiture-italienne-qui-a-captive-tous-les-regards.jpg","datePublished":"2026-04-18T07:15:35+00:00","dateModified":"2026-04-18T07:16:04+00:00","description":"Giorgia Meloni re\u00e7ue \u00e0 l\u2019\u00c9lys\u00e9e par Emmanuel Macron : d\u00e9couvrez la voiture italienne qui a s\u00e9duit tous les invit\u00e9s lors de cette rencontre prestigieuse.","breadcrumb":{"@id":"https:\/\/www.sebastien-auziere.fr\/blog\/it\/giorgia-meloni-accolta-allelysee-da-emmanuel-macron-lauto-italiana-che-ha-catturato-tutti-gli-sguardi\/#breadcrumb"},"inLanguage":"fr-FR","potentialAction":[{"@type":"ReadAction","target":["https:\/\/www.sebastien-auziere.fr\/blog\/it\/giorgia-meloni-accolta-allelysee-da-emmanuel-macron-lauto-italiana-che-ha-catturato-tutti-gli-sguardi\/"]}]},{"@type":"ImageObject","inLanguage":"fr-FR","@id":"https:\/\/www.sebastien-auziere.fr\/blog\/it\/giorgia-meloni-accolta-allelysee-da-emmanuel-macron-lauto-italiana-che-ha-catturato-tutti-gli-sguardi\/#primaryimage","url":"https:\/\/www.sebastien-auziere.fr\/blog\/wp-content\/uploads\/2026\/04\/Giorgia-Meloni-accueillie-a-lElysee-par-Emmanuel-Macron-la-voiture-italienne-qui-a-captive-tous-les-regards.jpg","contentUrl":"https:\/\/www.sebastien-auziere.fr\/blog\/wp-content\/uploads\/2026\/04\/Giorgia-Meloni-accueillie-a-lElysee-par-Emmanuel-Macron-la-voiture-italienne-qui-a-captive-tous-les-regards.jpg","width":2560,"height":1429,"caption":"d\u00e9couvrez l'accueil officiel de giorgia meloni \u00e0 l\u2019\u00e9lys\u00e9e par emmanuel macron, o\u00f9 une voiture italienne d'exception a attir\u00e9 l'attention de tous les invit\u00e9s."},{"@type":"BreadcrumbList","@id":"https:\/\/www.sebastien-auziere.fr\/blog\/it\/giorgia-meloni-accolta-allelysee-da-emmanuel-macron-lauto-italiana-che-ha-catturato-tutti-gli-sguardi\/#breadcrumb","itemListElement":[{"@type":"ListItem","position":1,"name":"Home","item":"https:\/\/www.sebastien-auziere.fr\/blog\/"},{"@type":"ListItem","position":2,"name":"Giorgia Meloni accolta all&rsquo;\u00c9lys\u00e9e da Emmanuel Macron: l&rsquo;auto italiana che ha catturato tutti gli sguardi"}]},{"@type":"WebSite","@id":"https:\/\/www.sebastien-auziere.fr\/blog\/#website","url":"https:\/\/www.sebastien-auziere.fr\/blog\/","name":"Fan site S\u00e9bastien Auzi\u00e8re","description":"M\u00e9dia g\u00e9n\u00e9raliste","publisher":{"@id":"https:\/\/www.sebastien-auziere.fr\/blog\/#organization"},"potentialAction":[{"@type":"SearchAction","target":{"@type":"EntryPoint","urlTemplate":"https:\/\/www.sebastien-auziere.fr\/blog\/?s={search_term_string}"},"query-input":{"@type":"PropertyValueSpecification","valueRequired":true,"valueName":"search_term_string"}}],"inLanguage":"fr-FR"},{"@type":"Organization","@id":"https:\/\/www.sebastien-auziere.fr\/blog\/#organization","name":"Fan site S\u00e9bastien Auzi\u00e8re","url":"https:\/\/www.sebastien-auziere.fr\/blog\/","logo":{"@type":"ImageObject","inLanguage":"fr-FR","@id":"https:\/\/www.sebastien-auziere.fr\/blog\/#\/schema\/logo\/image\/","url":"https:\/\/www.sebastien-auziere.fr\/blog\/wp-content\/uploads\/2026\/03\/cropped-cropped-cropped-ChatGPT-Image-6-mars-2026-12_58_09-e1772798376794.jpg","contentUrl":"https:\/\/www.sebastien-auziere.fr\/blog\/wp-content\/uploads\/2026\/03\/cropped-cropped-cropped-ChatGPT-Image-6-mars-2026-12_58_09-e1772798376794.jpg","width":512,"height":360,"caption":"Fan site S\u00e9bastien Auzi\u00e8re"},"image":{"@id":"https:\/\/www.sebastien-auziere.fr\/blog\/#\/schema\/logo\/image\/"}},{"@type":"Person","@id":"https:\/\/www.sebastien-auziere.fr\/blog\/#\/schema\/person\/149f1acdbfd85149c6c3e59adeae2f4d","name":"Chloe Gauthier","image":{"@type":"ImageObject","inLanguage":"fr-FR","@id":"https:\/\/secure.gravatar.com\/avatar\/2c5722f58171cff738a8985ef0dd66b476e563753246a49019befc837ec4201a?s=96&d=mm&r=g","url":"https:\/\/secure.gravatar.com\/avatar\/2c5722f58171cff738a8985ef0dd66b476e563753246a49019befc837ec4201a?s=96&d=mm&r=g","contentUrl":"https:\/\/secure.gravatar.com\/avatar\/2c5722f58171cff738a8985ef0dd66b476e563753246a49019befc837ec4201a?s=96&d=mm&r=g","caption":"Chloe Gauthier"},"description":"Passionn\u00e9e par la politique et admiratrice engag\u00e9e de la famille Macron, je consacre mon \u00e9nergie \u00e0 suivre leurs initiatives et \u00e0 promouvoir leurs id\u00e9es. \u00c0 32 ans, je suis convaincue que leur vision est porteuse d'avenir.","url":"https:\/\/www.sebastien-auziere.fr\/blog\/author\/chloe-gauthier\/"}]}},"views":0,"_links":{"self":[{"href":"https:\/\/www.sebastien-auziere.fr\/blog\/wp-json\/wp\/v2\/posts\/3124","targetHints":{"allow":["GET"]}}],"collection":[{"href":"https:\/\/www.sebastien-auziere.fr\/blog\/wp-json\/wp\/v2\/posts"}],"about":[{"href":"https:\/\/www.sebastien-auziere.fr\/blog\/wp-json\/wp\/v2\/types\/post"}],"author":[{"embeddable":true,"href":"https:\/\/www.sebastien-auziere.fr\/blog\/wp-json\/wp\/v2\/users\/9"}],"replies":[{"embeddable":true,"href":"https:\/\/www.sebastien-auziere.fr\/blog\/wp-json\/wp\/v2\/comments?post=3124"}],"version-history":[{"count":1,"href":"https:\/\/www.sebastien-auziere.fr\/blog\/wp-json\/wp\/v2\/posts\/3124\/revisions"}],"predecessor-version":[{"id":3125,"href":"https:\/\/www.sebastien-auziere.fr\/blog\/wp-json\/wp\/v2\/posts\/3124\/revisions\/3125"}],"wp:featuredmedia":[{"embeddable":true,"href":"https:\/\/www.sebastien-auziere.fr\/blog\/wp-json\/wp\/v2\/media\/3116"}],"wp:attachment":[{"href":"https:\/\/www.sebastien-auziere.fr\/blog\/wp-json\/wp\/v2\/media?parent=3124"}],"wp:term":[{"taxonomy":"category","embeddable":true,"href":"https:\/\/www.sebastien-auziere.fr\/blog\/wp-json\/wp\/v2\/categories?post=3124"},{"taxonomy":"post_tag","embeddable":true,"href":"https:\/\/www.sebastien-auziere.fr\/blog\/wp-json\/wp\/v2\/tags?post=3124"}],"curies":[{"name":"wp","href":"https:\/\/api.w.org\/{rel}","templated":true}]}}