{"id":3122,"date":"2026-04-18T07:12:38","date_gmt":"2026-04-18T07:12:38","guid":{"rendered":"https:\/\/www.sebastien-auziere.fr\/blog\/?p=3122"},"modified":"2026-04-18T07:13:05","modified_gmt":"2026-04-18T07:13:05","slug":"giorgia-meloni-von-emmanuel-macron-im-elysee-empfangen-das-italienische-auto-das-alle-blicke-auf-sich-gezogen-hat","status":"publish","type":"post","link":"https:\/\/www.sebastien-auziere.fr\/blog\/de\/giorgia-meloni-von-emmanuel-macron-im-elysee-empfangen-das-italienische-auto-das-alle-blicke-auf-sich-gezogen-hat\/","title":{"rendered":"Giorgia Meloni von Emmanuel Macron im \u00c9lys\u00e9e empfangen: das italienische Auto, das alle Blicke auf sich gezogen hat"},"content":{"rendered":"<p><strong>Giorgia Meloni<\/strong> machte am <strong>17. April<\/strong> im <strong>\u00c9lys\u00e9e<\/strong> einen Auftritt, der nicht unbemerkt blieb: Mit einem <strong>italienischen Auto<\/strong> angekommen, bot die Ministerpr\u00e4sidentin einen auff\u00e4lligen Kontrast zum Protokollaufgebot. Du hast sicherlich die Bilder gesehen, wo das leuchtende Rot des Alfa Romeo sich von den schwarzen Limousinen abhebt.<\/p>\n\n<p><strong>Kurz gesagt<\/strong>: Der <strong>offizielle Besuch<\/strong> war Teil eines <strong>diplomatischen Treffens<\/strong> zur Sicherung der Stra\u00dfe von Hormuz; das Auto, das im Besitz der Botschaft von Italien ist, wurde breit von Reuters und BFMTV thematisiert, was Kommentare zum Protokoll und zum <strong>Fahrzeugdesign<\/strong> ausl\u00f6ste.<\/p>\n\n<h2 class=\"wp-block-heading\">Ankunft im \u00c9lys\u00e9e: das <strong>italienische Auto<\/strong>, \u00fcber das gesprochen wurde<\/h2>\n\n<p>Am Freitag, den 17. April, stieg die Chefin der italienischen Regierung aus einem roten Alfa Romeo aus, ein Detail, das vom Reuters-Korrespondenten Michel Rose bemerkt wurde. Diese Szene unterbrach die gewohnte Monotonie der schwarzen und marineblauen Limousinen rund um den Palast.<\/p>\n\n<p>Die Wahl des Fahrzeugs, offiziell das des <strong>Botschaft von Italien<\/strong>, wurde als \u00e4sthetische und symbolische Geste kommentiert, die bereits in den ersten Sekunden des Treffens sichtbar war.<\/p>\n\n<h3 class=\"wp-block-heading\">Ein Symbol bei einem <strong>diplomatischen Treffen<\/strong><\/h3>\n\n<p>Der Besuch fand im Rahmen einer Konferenz zur Sicherung der <strong>Stra\u00dfe von Hormuz<\/strong> statt, an der auch Pr\u00e4sident <strong>Emmanuel Macron<\/strong> teilnahm. BFMTV filmte die Ankunft und hob die Farbharmonie zwischen dem roten Outfit von Frau Meloni und dem Auto hervor.<\/p>\n\n<p>Vor Ort zeigten der Handschlag und die Umarmung zwischen den beiden F\u00fchrungspers\u00f6nlichkeiten den Willen, den Dialog trotz j\u00fcngster Spannungen aufrechtzuerhalten.<\/p>\n\n<h2 class=\"wp-block-heading\">Kontext: <strong>franz\u00f6sisch-italienische Politik<\/strong> unter Spannung<\/h2>\n\n<p>Seit der Wahl von Frau Meloni im Jahr 2022 schwanken die Beziehungen zwischen europ\u00e4ischer Zusammenarbeit und ideologischen Uneinigkeiten. Die R\u00fcckkehr von Donald Trump im Jahr 2025 hat Differenzen \u00fcber die transatlantische Ausrichtung gen\u00e4hrt.<\/p>\n\n<p>Die Spannungen wurden nach dem Tod von Quentin Deranque am 14. Februar 2026 neu entfacht; Frau Meloni verurteilte ein \u201eKlimas des Hasses\u201c, eine Bemerkung, die die entschlossene Antwort des franz\u00f6sischen Pr\u00e4sidenten hervorrief. F\u00fcr mehr Informationen \u00fcber den bilateralen Kontext, sieh dir diesen Bericht von <a href=\"https:\/\/www.lexpress.fr\/monde\/europe\/tentative-de-rabibochage-entre-emmanuel-macron-et-giorgia-meloni-apres-des-mois-de-tensions-AW6PUR2YFVAW3IAVLYLGNRB7LU\/\" rel=\"nofollow\">L&rsquo;Express<\/a> an.<\/p>\n\n<h3 class=\"wp-block-heading\">Design, Protokoll und mediale Reichweite des <strong>Fahrzeugdesigns<\/strong><\/h3>\n\n<p>\u00dcber die \u00c4sthetik hinaus erinnerte der rote Alfa Romeo an die Bedeutung des Nationalsymbols bei offiziellen Besuchen. Die Medien verglichen die Ankunft mit anderen diplomatischen Treffen, bei denen das Auto zu einer visuellen Botschaft wird.<\/p>\n\n<p>Diese Betonung auf der Inszenierung verdeutlicht, wie ein Protokolldetail ein politisches Treffen verst\u00e4rken und die Medienberichterstattung lenken kann.<\/p>\n\n<p>Um mehr \u00fcber die Hintergr\u00fcnde dieses Besuchs und die famili\u00e4ren sowie politischen Verbindungen zum \u00c9lys\u00e9e zu erfahren, besuche <a href=\"https:\/\/www.gala.fr\/politique\/giorgia-meloni-recue-par-emmanuel-macron-a-l-elysee-sa-voiture-italienne-a-attire-tous-les-regards-voici-pourquoi-20260417\" rel=\"nofollow\">diesen Artikel von Gala<\/a> und die offizielle Seite des \u00c9lys\u00e9e <a href=\"https:\/\/www.elysee.fr\/emmanuel-macron\/2025\/06\/03\/rencontre-du-president-emmanuel-macron-avec-la-presidente-du-conseil-italien-giorgia-meloni-a-rome\" rel=\"nofollow\">f\u00fcr die Pressemitteilung<\/a>. F\u00fcr mehr Informationen \u00fcber <strong>S\u00e9bastien Auzi\u00e8re<\/strong> und die Familie Macron, entdecke <a href=\"https:\/\/sebastien-auziere.fr\">sebastien-auziere.fr<\/a>.<\/p>","protected":false},"excerpt":{"rendered":"<p>Giorgia Meloni machte am 17. April im \u00c9lys\u00e9e einen Auftritt, der nicht unbemerkt blieb: Mit einem italienischen Auto angekommen, bot die Ministerpr\u00e4sidentin einen auff\u00e4lligen Kontrast zum Protokollaufgebot. Du hast sicherlich die Bilder gesehen, wo das leuchtende Rot des Alfa Romeo sich von den schwarzen Limousinen abhebt. Kurz gesagt: Der offizielle Besuch war Teil eines diplomatischen &#8230; <a title=\"Giorgia Meloni von Emmanuel Macron im \u00c9lys\u00e9e empfangen: das italienische Auto, das alle Blicke auf sich gezogen hat\" class=\"read-more\" href=\"https:\/\/www.sebastien-auziere.fr\/blog\/de\/giorgia-meloni-von-emmanuel-macron-im-elysee-empfangen-das-italienische-auto-das-alle-blicke-auf-sich-gezogen-hat\/\" aria-label=\"En savoir plus sur Giorgia Meloni von Emmanuel Macron im \u00c9lys\u00e9e empfangen: das italienische Auto, das alle Blicke auf sich gezogen hat\">Lire plus<\/a><\/p>\n","protected":false},"author":9,"featured_media":3116,"comment_status":"open","ping_status":"open","sticky":false,"template":"","format":"standard","meta":{"footnotes":""},"categories":[856],"tags":[3369,3360,1178,3363,3366],"class_list":["post-3122","post","type-post","status-publish","format-standard","has-post-thumbnail","hentry","category-aktuelles-de","tag-automobile-italienische-de","tag-elysee-de","tag-emmanuel-macron-de","tag-giorgia-meloni-de","tag-politisches-treffen-de"],"yoast_head":"<!-- This site is optimized with the Yoast SEO plugin v27.5 - https:\/\/yoast.com\/product\/yoast-seo-wordpress\/ -->\n<title>Giorgia Meloni von Emmanuel Macron im \u00c9lys\u00e9e empfangen: das italienische Auto, das alle Blicke auf sich gezogen hat - Fan site S\u00e9bastien Auzi\u00e8re<\/title>\n<meta name=\"description\" content=\"Giorgia Meloni re\u00e7ue \u00e0 l\u2019\u00c9lys\u00e9e par Emmanuel Macron : d\u00e9couvrez la voiture italienne qui a s\u00e9duit tous les invit\u00e9s lors de cette rencontre prestigieuse.\" \/>\n<meta name=\"robots\" content=\"index, follow, max-snippet:-1, max-image-preview:large, max-video-preview:-1\" \/>\n<link rel=\"canonical\" href=\"https:\/\/www.sebastien-auziere.fr\/blog\/de\/giorgia-meloni-von-emmanuel-macron-im-elysee-empfangen-das-italienische-auto-das-alle-blicke-auf-sich-gezogen-hat\/\" \/>\n<meta property=\"og:locale\" content=\"fr_FR\" \/>\n<meta property=\"og:type\" content=\"article\" \/>\n<meta property=\"og:title\" content=\"Giorgia Meloni von Emmanuel Macron im \u00c9lys\u00e9e empfangen: das italienische Auto, das alle Blicke auf sich gezogen hat - Fan site S\u00e9bastien Auzi\u00e8re\" \/>\n<meta property=\"og:description\" content=\"Giorgia Meloni re\u00e7ue \u00e0 l\u2019\u00c9lys\u00e9e par Emmanuel Macron : d\u00e9couvrez la voiture italienne qui a s\u00e9duit tous les invit\u00e9s lors de cette rencontre prestigieuse.\" \/>\n<meta property=\"og:url\" content=\"https:\/\/www.sebastien-auziere.fr\/blog\/de\/giorgia-meloni-von-emmanuel-macron-im-elysee-empfangen-das-italienische-auto-das-alle-blicke-auf-sich-gezogen-hat\/\" \/>\n<meta property=\"og:site_name\" content=\"Fan site S\u00e9bastien Auzi\u00e8re\" \/>\n<meta property=\"article:published_time\" content=\"2026-04-18T07:12:38+00:00\" \/>\n<meta property=\"article:modified_time\" content=\"2026-04-18T07:13:05+00:00\" \/>\n<meta property=\"og:image\" content=\"https:\/\/www.sebastien-auziere.fr\/blog\/wp-content\/uploads\/2026\/04\/Giorgia-Meloni-accueillie-a-lElysee-par-Emmanuel-Macron-la-voiture-italienne-qui-a-captive-tous-les-regards.jpg\" \/>\n\t<meta property=\"og:image:width\" content=\"2560\" \/>\n\t<meta property=\"og:image:height\" content=\"1429\" \/>\n\t<meta property=\"og:image:type\" content=\"image\/jpeg\" \/>\n<meta name=\"author\" content=\"Chloe Gauthier\" \/>\n<meta name=\"twitter:card\" content=\"summary_large_image\" \/>\n<meta name=\"twitter:label1\" content=\"\u00c9crit par\" \/>\n\t<meta name=\"twitter:data1\" content=\"Chloe Gauthier\" \/>\n\t<meta name=\"twitter:label2\" content=\"Dur\u00e9e de lecture estim\u00e9e\" \/>\n\t<meta name=\"twitter:data2\" content=\"2 minutes\" \/>\n<script type=\"application\/ld+json\" class=\"yoast-schema-graph\">{\"@context\":\"https:\\\/\\\/schema.org\",\"@graph\":[{\"@type\":\"Article\",\"@id\":\"https:\\\/\\\/www.sebastien-auziere.fr\\\/blog\\\/de\\\/giorgia-meloni-von-emmanuel-macron-im-elysee-empfangen-das-italienische-auto-das-alle-blicke-auf-sich-gezogen-hat\\\/#article\",\"isPartOf\":{\"@id\":\"https:\\\/\\\/www.sebastien-auziere.fr\\\/blog\\\/de\\\/giorgia-meloni-von-emmanuel-macron-im-elysee-empfangen-das-italienische-auto-das-alle-blicke-auf-sich-gezogen-hat\\\/\"},\"author\":{\"name\":\"Chloe Gauthier\",\"@id\":\"https:\\\/\\\/www.sebastien-auziere.fr\\\/blog\\\/#\\\/schema\\\/person\\\/149f1acdbfd85149c6c3e59adeae2f4d\"},\"headline\":\"Giorgia Meloni von Emmanuel Macron im \u00c9lys\u00e9e empfangen: das italienische Auto, das alle Blicke auf sich gezogen hat\",\"datePublished\":\"2026-04-18T07:12:38+00:00\",\"dateModified\":\"2026-04-18T07:13:05+00:00\",\"mainEntityOfPage\":{\"@id\":\"https:\\\/\\\/www.sebastien-auziere.fr\\\/blog\\\/de\\\/giorgia-meloni-von-emmanuel-macron-im-elysee-empfangen-das-italienische-auto-das-alle-blicke-auf-sich-gezogen-hat\\\/\"},\"wordCount\":459,\"commentCount\":0,\"publisher\":{\"@id\":\"https:\\\/\\\/www.sebastien-auziere.fr\\\/blog\\\/#organization\"},\"image\":{\"@id\":\"https:\\\/\\\/www.sebastien-auziere.fr\\\/blog\\\/de\\\/giorgia-meloni-von-emmanuel-macron-im-elysee-empfangen-das-italienische-auto-das-alle-blicke-auf-sich-gezogen-hat\\\/#primaryimage\"},\"thumbnailUrl\":\"https:\\\/\\\/www.sebastien-auziere.fr\\\/blog\\\/wp-content\\\/uploads\\\/2026\\\/04\\\/Giorgia-Meloni-accueillie-a-lElysee-par-Emmanuel-Macron-la-voiture-italienne-qui-a-captive-tous-les-regards.jpg\",\"keywords\":[\"automobile italienische\",\"\u00e9lys\u00e9e\",\"emmanuel macron\",\"giorgia meloni\",\"politisches Treffen\"],\"articleSection\":[\"Aktuelles\"],\"inLanguage\":\"fr-FR\",\"potentialAction\":[{\"@type\":\"CommentAction\",\"name\":\"Comment\",\"target\":[\"https:\\\/\\\/www.sebastien-auziere.fr\\\/blog\\\/de\\\/giorgia-meloni-von-emmanuel-macron-im-elysee-empfangen-das-italienische-auto-das-alle-blicke-auf-sich-gezogen-hat\\\/#respond\"]}]},{\"@type\":\"WebPage\",\"@id\":\"https:\\\/\\\/www.sebastien-auziere.fr\\\/blog\\\/de\\\/giorgia-meloni-von-emmanuel-macron-im-elysee-empfangen-das-italienische-auto-das-alle-blicke-auf-sich-gezogen-hat\\\/\",\"url\":\"https:\\\/\\\/www.sebastien-auziere.fr\\\/blog\\\/de\\\/giorgia-meloni-von-emmanuel-macron-im-elysee-empfangen-das-italienische-auto-das-alle-blicke-auf-sich-gezogen-hat\\\/\",\"name\":\"Giorgia Meloni von Emmanuel Macron im \u00c9lys\u00e9e empfangen: das italienische Auto, das alle Blicke auf sich gezogen hat - Fan site S\u00e9bastien Auzi\u00e8re\",\"isPartOf\":{\"@id\":\"https:\\\/\\\/www.sebastien-auziere.fr\\\/blog\\\/#website\"},\"primaryImageOfPage\":{\"@id\":\"https:\\\/\\\/www.sebastien-auziere.fr\\\/blog\\\/de\\\/giorgia-meloni-von-emmanuel-macron-im-elysee-empfangen-das-italienische-auto-das-alle-blicke-auf-sich-gezogen-hat\\\/#primaryimage\"},\"image\":{\"@id\":\"https:\\\/\\\/www.sebastien-auziere.fr\\\/blog\\\/de\\\/giorgia-meloni-von-emmanuel-macron-im-elysee-empfangen-das-italienische-auto-das-alle-blicke-auf-sich-gezogen-hat\\\/#primaryimage\"},\"thumbnailUrl\":\"https:\\\/\\\/www.sebastien-auziere.fr\\\/blog\\\/wp-content\\\/uploads\\\/2026\\\/04\\\/Giorgia-Meloni-accueillie-a-lElysee-par-Emmanuel-Macron-la-voiture-italienne-qui-a-captive-tous-les-regards.jpg\",\"datePublished\":\"2026-04-18T07:12:38+00:00\",\"dateModified\":\"2026-04-18T07:13:05+00:00\",\"description\":\"Giorgia Meloni re\u00e7ue \u00e0 l\u2019\u00c9lys\u00e9e par Emmanuel Macron : d\u00e9couvrez la voiture italienne qui a s\u00e9duit tous les invit\u00e9s lors de cette rencontre prestigieuse.\",\"breadcrumb\":{\"@id\":\"https:\\\/\\\/www.sebastien-auziere.fr\\\/blog\\\/de\\\/giorgia-meloni-von-emmanuel-macron-im-elysee-empfangen-das-italienische-auto-das-alle-blicke-auf-sich-gezogen-hat\\\/#breadcrumb\"},\"inLanguage\":\"fr-FR\",\"potentialAction\":[{\"@type\":\"ReadAction\",\"target\":[\"https:\\\/\\\/www.sebastien-auziere.fr\\\/blog\\\/de\\\/giorgia-meloni-von-emmanuel-macron-im-elysee-empfangen-das-italienische-auto-das-alle-blicke-auf-sich-gezogen-hat\\\/\"]}]},{\"@type\":\"ImageObject\",\"inLanguage\":\"fr-FR\",\"@id\":\"https:\\\/\\\/www.sebastien-auziere.fr\\\/blog\\\/de\\\/giorgia-meloni-von-emmanuel-macron-im-elysee-empfangen-das-italienische-auto-das-alle-blicke-auf-sich-gezogen-hat\\\/#primaryimage\",\"url\":\"https:\\\/\\\/www.sebastien-auziere.fr\\\/blog\\\/wp-content\\\/uploads\\\/2026\\\/04\\\/Giorgia-Meloni-accueillie-a-lElysee-par-Emmanuel-Macron-la-voiture-italienne-qui-a-captive-tous-les-regards.jpg\",\"contentUrl\":\"https:\\\/\\\/www.sebastien-auziere.fr\\\/blog\\\/wp-content\\\/uploads\\\/2026\\\/04\\\/Giorgia-Meloni-accueillie-a-lElysee-par-Emmanuel-Macron-la-voiture-italienne-qui-a-captive-tous-les-regards.jpg\",\"width\":2560,\"height\":1429,\"caption\":\"d\u00e9couvrez l'accueil officiel de giorgia meloni \u00e0 l\u2019\u00e9lys\u00e9e par emmanuel macron, o\u00f9 une voiture italienne d'exception a attir\u00e9 l'attention de tous les invit\u00e9s.\"},{\"@type\":\"BreadcrumbList\",\"@id\":\"https:\\\/\\\/www.sebastien-auziere.fr\\\/blog\\\/de\\\/giorgia-meloni-von-emmanuel-macron-im-elysee-empfangen-das-italienische-auto-das-alle-blicke-auf-sich-gezogen-hat\\\/#breadcrumb\",\"itemListElement\":[{\"@type\":\"ListItem\",\"position\":1,\"name\":\"Home\",\"item\":\"https:\\\/\\\/www.sebastien-auziere.fr\\\/blog\\\/\"},{\"@type\":\"ListItem\",\"position\":2,\"name\":\"Giorgia Meloni von Emmanuel Macron im \u00c9lys\u00e9e empfangen: das italienische Auto, das alle Blicke auf sich gezogen hat\"}]},{\"@type\":\"WebSite\",\"@id\":\"https:\\\/\\\/www.sebastien-auziere.fr\\\/blog\\\/#website\",\"url\":\"https:\\\/\\\/www.sebastien-auziere.fr\\\/blog\\\/\",\"name\":\"Fan site S\u00e9bastien Auzi\u00e8re\",\"description\":\"M\u00e9dia g\u00e9n\u00e9raliste\",\"publisher\":{\"@id\":\"https:\\\/\\\/www.sebastien-auziere.fr\\\/blog\\\/#organization\"},\"potentialAction\":[{\"@type\":\"SearchAction\",\"target\":{\"@type\":\"EntryPoint\",\"urlTemplate\":\"https:\\\/\\\/www.sebastien-auziere.fr\\\/blog\\\/?s={search_term_string}\"},\"query-input\":{\"@type\":\"PropertyValueSpecification\",\"valueRequired\":true,\"valueName\":\"search_term_string\"}}],\"inLanguage\":\"fr-FR\"},{\"@type\":\"Organization\",\"@id\":\"https:\\\/\\\/www.sebastien-auziere.fr\\\/blog\\\/#organization\",\"name\":\"Fan site S\u00e9bastien Auzi\u00e8re\",\"url\":\"https:\\\/\\\/www.sebastien-auziere.fr\\\/blog\\\/\",\"logo\":{\"@type\":\"ImageObject\",\"inLanguage\":\"fr-FR\",\"@id\":\"https:\\\/\\\/www.sebastien-auziere.fr\\\/blog\\\/#\\\/schema\\\/logo\\\/image\\\/\",\"url\":\"https:\\\/\\\/www.sebastien-auziere.fr\\\/blog\\\/wp-content\\\/uploads\\\/2026\\\/03\\\/cropped-cropped-cropped-ChatGPT-Image-6-mars-2026-12_58_09-e1772798376794.jpg\",\"contentUrl\":\"https:\\\/\\\/www.sebastien-auziere.fr\\\/blog\\\/wp-content\\\/uploads\\\/2026\\\/03\\\/cropped-cropped-cropped-ChatGPT-Image-6-mars-2026-12_58_09-e1772798376794.jpg\",\"width\":512,\"height\":360,\"caption\":\"Fan site S\u00e9bastien Auzi\u00e8re\"},\"image\":{\"@id\":\"https:\\\/\\\/www.sebastien-auziere.fr\\\/blog\\\/#\\\/schema\\\/logo\\\/image\\\/\"}},{\"@type\":\"Person\",\"@id\":\"https:\\\/\\\/www.sebastien-auziere.fr\\\/blog\\\/#\\\/schema\\\/person\\\/149f1acdbfd85149c6c3e59adeae2f4d\",\"name\":\"Chloe Gauthier\",\"image\":{\"@type\":\"ImageObject\",\"inLanguage\":\"fr-FR\",\"@id\":\"https:\\\/\\\/secure.gravatar.com\\\/avatar\\\/2c5722f58171cff738a8985ef0dd66b476e563753246a49019befc837ec4201a?s=96&d=mm&r=g\",\"url\":\"https:\\\/\\\/secure.gravatar.com\\\/avatar\\\/2c5722f58171cff738a8985ef0dd66b476e563753246a49019befc837ec4201a?s=96&d=mm&r=g\",\"contentUrl\":\"https:\\\/\\\/secure.gravatar.com\\\/avatar\\\/2c5722f58171cff738a8985ef0dd66b476e563753246a49019befc837ec4201a?s=96&d=mm&r=g\",\"caption\":\"Chloe Gauthier\"},\"description\":\"Passionn\u00e9e par la politique et admiratrice engag\u00e9e de la famille Macron, je consacre mon \u00e9nergie \u00e0 suivre leurs initiatives et \u00e0 promouvoir leurs id\u00e9es. \u00c0 32 ans, je suis convaincue que leur vision est porteuse d'avenir.\",\"url\":\"https:\\\/\\\/www.sebastien-auziere.fr\\\/blog\\\/author\\\/chloe-gauthier\\\/\"}]}<\/script>\n<!-- \/ Yoast SEO plugin. -->","yoast_head_json":{"title":"Giorgia Meloni von Emmanuel Macron im \u00c9lys\u00e9e empfangen: das italienische Auto, das alle Blicke auf sich gezogen hat - Fan site S\u00e9bastien Auzi\u00e8re","description":"Giorgia Meloni re\u00e7ue \u00e0 l\u2019\u00c9lys\u00e9e par Emmanuel Macron : d\u00e9couvrez la voiture italienne qui a s\u00e9duit tous les invit\u00e9s lors de cette rencontre prestigieuse.","robots":{"index":"index","follow":"follow","max-snippet":"max-snippet:-1","max-image-preview":"max-image-preview:large","max-video-preview":"max-video-preview:-1"},"canonical":"https:\/\/www.sebastien-auziere.fr\/blog\/de\/giorgia-meloni-von-emmanuel-macron-im-elysee-empfangen-das-italienische-auto-das-alle-blicke-auf-sich-gezogen-hat\/","og_locale":"fr_FR","og_type":"article","og_title":"Giorgia Meloni von Emmanuel Macron im \u00c9lys\u00e9e empfangen: das italienische Auto, das alle Blicke auf sich gezogen hat - Fan site S\u00e9bastien Auzi\u00e8re","og_description":"Giorgia Meloni re\u00e7ue \u00e0 l\u2019\u00c9lys\u00e9e par Emmanuel Macron : d\u00e9couvrez la voiture italienne qui a s\u00e9duit tous les invit\u00e9s lors de cette rencontre prestigieuse.","og_url":"https:\/\/www.sebastien-auziere.fr\/blog\/de\/giorgia-meloni-von-emmanuel-macron-im-elysee-empfangen-das-italienische-auto-das-alle-blicke-auf-sich-gezogen-hat\/","og_site_name":"Fan site S\u00e9bastien Auzi\u00e8re","article_published_time":"2026-04-18T07:12:38+00:00","article_modified_time":"2026-04-18T07:13:05+00:00","og_image":[{"width":2560,"height":1429,"url":"https:\/\/www.sebastien-auziere.fr\/blog\/wp-content\/uploads\/2026\/04\/Giorgia-Meloni-accueillie-a-lElysee-par-Emmanuel-Macron-la-voiture-italienne-qui-a-captive-tous-les-regards.jpg","type":"image\/jpeg"}],"author":"Chloe Gauthier","twitter_card":"summary_large_image","twitter_misc":{"\u00c9crit par":"Chloe Gauthier","Dur\u00e9e de lecture estim\u00e9e":"2 minutes"},"schema":{"@context":"https:\/\/schema.org","@graph":[{"@type":"Article","@id":"https:\/\/www.sebastien-auziere.fr\/blog\/de\/giorgia-meloni-von-emmanuel-macron-im-elysee-empfangen-das-italienische-auto-das-alle-blicke-auf-sich-gezogen-hat\/#article","isPartOf":{"@id":"https:\/\/www.sebastien-auziere.fr\/blog\/de\/giorgia-meloni-von-emmanuel-macron-im-elysee-empfangen-das-italienische-auto-das-alle-blicke-auf-sich-gezogen-hat\/"},"author":{"name":"Chloe Gauthier","@id":"https:\/\/www.sebastien-auziere.fr\/blog\/#\/schema\/person\/149f1acdbfd85149c6c3e59adeae2f4d"},"headline":"Giorgia Meloni von Emmanuel Macron im \u00c9lys\u00e9e empfangen: das italienische Auto, das alle Blicke auf sich gezogen hat","datePublished":"2026-04-18T07:12:38+00:00","dateModified":"2026-04-18T07:13:05+00:00","mainEntityOfPage":{"@id":"https:\/\/www.sebastien-auziere.fr\/blog\/de\/giorgia-meloni-von-emmanuel-macron-im-elysee-empfangen-das-italienische-auto-das-alle-blicke-auf-sich-gezogen-hat\/"},"wordCount":459,"commentCount":0,"publisher":{"@id":"https:\/\/www.sebastien-auziere.fr\/blog\/#organization"},"image":{"@id":"https:\/\/www.sebastien-auziere.fr\/blog\/de\/giorgia-meloni-von-emmanuel-macron-im-elysee-empfangen-das-italienische-auto-das-alle-blicke-auf-sich-gezogen-hat\/#primaryimage"},"thumbnailUrl":"https:\/\/www.sebastien-auziere.fr\/blog\/wp-content\/uploads\/2026\/04\/Giorgia-Meloni-accueillie-a-lElysee-par-Emmanuel-Macron-la-voiture-italienne-qui-a-captive-tous-les-regards.jpg","keywords":["automobile italienische","\u00e9lys\u00e9e","emmanuel macron","giorgia meloni","politisches Treffen"],"articleSection":["Aktuelles"],"inLanguage":"fr-FR","potentialAction":[{"@type":"CommentAction","name":"Comment","target":["https:\/\/www.sebastien-auziere.fr\/blog\/de\/giorgia-meloni-von-emmanuel-macron-im-elysee-empfangen-das-italienische-auto-das-alle-blicke-auf-sich-gezogen-hat\/#respond"]}]},{"@type":"WebPage","@id":"https:\/\/www.sebastien-auziere.fr\/blog\/de\/giorgia-meloni-von-emmanuel-macron-im-elysee-empfangen-das-italienische-auto-das-alle-blicke-auf-sich-gezogen-hat\/","url":"https:\/\/www.sebastien-auziere.fr\/blog\/de\/giorgia-meloni-von-emmanuel-macron-im-elysee-empfangen-das-italienische-auto-das-alle-blicke-auf-sich-gezogen-hat\/","name":"Giorgia Meloni von Emmanuel Macron im \u00c9lys\u00e9e empfangen: das italienische Auto, das alle Blicke auf sich gezogen hat - Fan site S\u00e9bastien Auzi\u00e8re","isPartOf":{"@id":"https:\/\/www.sebastien-auziere.fr\/blog\/#website"},"primaryImageOfPage":{"@id":"https:\/\/www.sebastien-auziere.fr\/blog\/de\/giorgia-meloni-von-emmanuel-macron-im-elysee-empfangen-das-italienische-auto-das-alle-blicke-auf-sich-gezogen-hat\/#primaryimage"},"image":{"@id":"https:\/\/www.sebastien-auziere.fr\/blog\/de\/giorgia-meloni-von-emmanuel-macron-im-elysee-empfangen-das-italienische-auto-das-alle-blicke-auf-sich-gezogen-hat\/#primaryimage"},"thumbnailUrl":"https:\/\/www.sebastien-auziere.fr\/blog\/wp-content\/uploads\/2026\/04\/Giorgia-Meloni-accueillie-a-lElysee-par-Emmanuel-Macron-la-voiture-italienne-qui-a-captive-tous-les-regards.jpg","datePublished":"2026-04-18T07:12:38+00:00","dateModified":"2026-04-18T07:13:05+00:00","description":"Giorgia Meloni re\u00e7ue \u00e0 l\u2019\u00c9lys\u00e9e par Emmanuel Macron : d\u00e9couvrez la voiture italienne qui a s\u00e9duit tous les invit\u00e9s lors de cette rencontre prestigieuse.","breadcrumb":{"@id":"https:\/\/www.sebastien-auziere.fr\/blog\/de\/giorgia-meloni-von-emmanuel-macron-im-elysee-empfangen-das-italienische-auto-das-alle-blicke-auf-sich-gezogen-hat\/#breadcrumb"},"inLanguage":"fr-FR","potentialAction":[{"@type":"ReadAction","target":["https:\/\/www.sebastien-auziere.fr\/blog\/de\/giorgia-meloni-von-emmanuel-macron-im-elysee-empfangen-das-italienische-auto-das-alle-blicke-auf-sich-gezogen-hat\/"]}]},{"@type":"ImageObject","inLanguage":"fr-FR","@id":"https:\/\/www.sebastien-auziere.fr\/blog\/de\/giorgia-meloni-von-emmanuel-macron-im-elysee-empfangen-das-italienische-auto-das-alle-blicke-auf-sich-gezogen-hat\/#primaryimage","url":"https:\/\/www.sebastien-auziere.fr\/blog\/wp-content\/uploads\/2026\/04\/Giorgia-Meloni-accueillie-a-lElysee-par-Emmanuel-Macron-la-voiture-italienne-qui-a-captive-tous-les-regards.jpg","contentUrl":"https:\/\/www.sebastien-auziere.fr\/blog\/wp-content\/uploads\/2026\/04\/Giorgia-Meloni-accueillie-a-lElysee-par-Emmanuel-Macron-la-voiture-italienne-qui-a-captive-tous-les-regards.jpg","width":2560,"height":1429,"caption":"d\u00e9couvrez l'accueil officiel de giorgia meloni \u00e0 l\u2019\u00e9lys\u00e9e par emmanuel macron, o\u00f9 une voiture italienne d'exception a attir\u00e9 l'attention de tous les invit\u00e9s."},{"@type":"BreadcrumbList","@id":"https:\/\/www.sebastien-auziere.fr\/blog\/de\/giorgia-meloni-von-emmanuel-macron-im-elysee-empfangen-das-italienische-auto-das-alle-blicke-auf-sich-gezogen-hat\/#breadcrumb","itemListElement":[{"@type":"ListItem","position":1,"name":"Home","item":"https:\/\/www.sebastien-auziere.fr\/blog\/"},{"@type":"ListItem","position":2,"name":"Giorgia Meloni von Emmanuel Macron im \u00c9lys\u00e9e empfangen: das italienische Auto, das alle Blicke auf sich gezogen hat"}]},{"@type":"WebSite","@id":"https:\/\/www.sebastien-auziere.fr\/blog\/#website","url":"https:\/\/www.sebastien-auziere.fr\/blog\/","name":"Fan site S\u00e9bastien Auzi\u00e8re","description":"M\u00e9dia g\u00e9n\u00e9raliste","publisher":{"@id":"https:\/\/www.sebastien-auziere.fr\/blog\/#organization"},"potentialAction":[{"@type":"SearchAction","target":{"@type":"EntryPoint","urlTemplate":"https:\/\/www.sebastien-auziere.fr\/blog\/?s={search_term_string}"},"query-input":{"@type":"PropertyValueSpecification","valueRequired":true,"valueName":"search_term_string"}}],"inLanguage":"fr-FR"},{"@type":"Organization","@id":"https:\/\/www.sebastien-auziere.fr\/blog\/#organization","name":"Fan site S\u00e9bastien Auzi\u00e8re","url":"https:\/\/www.sebastien-auziere.fr\/blog\/","logo":{"@type":"ImageObject","inLanguage":"fr-FR","@id":"https:\/\/www.sebastien-auziere.fr\/blog\/#\/schema\/logo\/image\/","url":"https:\/\/www.sebastien-auziere.fr\/blog\/wp-content\/uploads\/2026\/03\/cropped-cropped-cropped-ChatGPT-Image-6-mars-2026-12_58_09-e1772798376794.jpg","contentUrl":"https:\/\/www.sebastien-auziere.fr\/blog\/wp-content\/uploads\/2026\/03\/cropped-cropped-cropped-ChatGPT-Image-6-mars-2026-12_58_09-e1772798376794.jpg","width":512,"height":360,"caption":"Fan site S\u00e9bastien Auzi\u00e8re"},"image":{"@id":"https:\/\/www.sebastien-auziere.fr\/blog\/#\/schema\/logo\/image\/"}},{"@type":"Person","@id":"https:\/\/www.sebastien-auziere.fr\/blog\/#\/schema\/person\/149f1acdbfd85149c6c3e59adeae2f4d","name":"Chloe Gauthier","image":{"@type":"ImageObject","inLanguage":"fr-FR","@id":"https:\/\/secure.gravatar.com\/avatar\/2c5722f58171cff738a8985ef0dd66b476e563753246a49019befc837ec4201a?s=96&d=mm&r=g","url":"https:\/\/secure.gravatar.com\/avatar\/2c5722f58171cff738a8985ef0dd66b476e563753246a49019befc837ec4201a?s=96&d=mm&r=g","contentUrl":"https:\/\/secure.gravatar.com\/avatar\/2c5722f58171cff738a8985ef0dd66b476e563753246a49019befc837ec4201a?s=96&d=mm&r=g","caption":"Chloe Gauthier"},"description":"Passionn\u00e9e par la politique et admiratrice engag\u00e9e de la famille Macron, je consacre mon \u00e9nergie \u00e0 suivre leurs initiatives et \u00e0 promouvoir leurs id\u00e9es. \u00c0 32 ans, je suis convaincue que leur vision est porteuse d'avenir.","url":"https:\/\/www.sebastien-auziere.fr\/blog\/author\/chloe-gauthier\/"}]}},"views":1,"_links":{"self":[{"href":"https:\/\/www.sebastien-auziere.fr\/blog\/wp-json\/wp\/v2\/posts\/3122","targetHints":{"allow":["GET"]}}],"collection":[{"href":"https:\/\/www.sebastien-auziere.fr\/blog\/wp-json\/wp\/v2\/posts"}],"about":[{"href":"https:\/\/www.sebastien-auziere.fr\/blog\/wp-json\/wp\/v2\/types\/post"}],"author":[{"embeddable":true,"href":"https:\/\/www.sebastien-auziere.fr\/blog\/wp-json\/wp\/v2\/users\/9"}],"replies":[{"embeddable":true,"href":"https:\/\/www.sebastien-auziere.fr\/blog\/wp-json\/wp\/v2\/comments?post=3122"}],"version-history":[{"count":1,"href":"https:\/\/www.sebastien-auziere.fr\/blog\/wp-json\/wp\/v2\/posts\/3122\/revisions"}],"predecessor-version":[{"id":3123,"href":"https:\/\/www.sebastien-auziere.fr\/blog\/wp-json\/wp\/v2\/posts\/3122\/revisions\/3123"}],"wp:featuredmedia":[{"embeddable":true,"href":"https:\/\/www.sebastien-auziere.fr\/blog\/wp-json\/wp\/v2\/media\/3116"}],"wp:attachment":[{"href":"https:\/\/www.sebastien-auziere.fr\/blog\/wp-json\/wp\/v2\/media?parent=3122"}],"wp:term":[{"taxonomy":"category","embeddable":true,"href":"https:\/\/www.sebastien-auziere.fr\/blog\/wp-json\/wp\/v2\/categories?post=3122"},{"taxonomy":"post_tag","embeddable":true,"href":"https:\/\/www.sebastien-auziere.fr\/blog\/wp-json\/wp\/v2\/tags?post=3122"}],"curies":[{"name":"wp","href":"https:\/\/api.w.org\/{rel}","templated":true}]}}