{"id":3118,"date":"2026-04-18T07:11:24","date_gmt":"2026-04-18T07:11:24","guid":{"rendered":"https:\/\/www.sebastien-auziere.fr\/blog\/?p=3118"},"modified":"2026-04-18T07:11:43","modified_gmt":"2026-04-18T07:11:43","slug":"giorgia-meloni-welcomed-at-the-elysee-by-emmanuel-macron-the-italian-car-that-caught-everyones-attention","status":"publish","type":"post","link":"https:\/\/www.sebastien-auziere.fr\/blog\/en\/giorgia-meloni-welcomed-at-the-elysee-by-emmanuel-macron-the-italian-car-that-caught-everyones-attention\/","title":{"rendered":"Giorgia Meloni welcomed at the \u00c9lys\u00e9e by Emmanuel Macron: the Italian car that caught everyone&rsquo;s attention"},"content":{"rendered":"<p><strong>Giorgia Meloni<\/strong> made a striking entrance on <strong>April 17<\/strong> at the <strong>\u00c9lys\u00e9e<\/strong>: arriving in a <strong>Italian car<\/strong>, the Prime Minister offered a sharp contrast to the protocol convoy. You surely saw the images where the bright red of the Alfa Romeo stands out against the black sedans.<\/p>\n\n<p><strong>In brief<\/strong>: the <strong>official visit<\/strong> was part of a <strong>diplomatic meeting<\/strong> on securing the Strait of Hormuz; the car, owned by the Italian embassy, was widely reported by Reuters and BFMTV, sparking comments on protocol and <strong>car design<\/strong>.<\/p>\n\n<h2 class=\"wp-block-heading\">Arrival at the \u00c9lys\u00e9e: the <strong>Italian car<\/strong> that made headlines<\/h2>\n\n<p>On Friday, April 17, the head of the Italian government stepped out of a red Alfa Romeo, a detail noted by Reuters correspondent Michel Rose. The scene interrupted the usual monotony of black and navy blue sedans around the palace.<\/p>\n\n<p>The choice of vehicle, officially that of the <strong>Italian Embassy<\/strong>, was commented on as an aesthetic and symbolic gesture, visible from the first moments of the meeting.<\/p>\n\n<h3 class=\"wp-block-heading\">A symbol during a <strong>diplomatic meeting<\/strong><\/h3>\n\n<p>The visit was part of a conference on securing the <strong>Strait of Hormuz<\/strong>, attended by President <strong>Emmanuel Macron<\/strong>. BFMTV filmed the arrival and highlighted the color coordination between Mrs. Meloni&rsquo;s red outfit and the car.<\/p>\n\n<p>On site, the handshake followed by the embrace between the two leaders showed a willingness to maintain dialogue despite recent tensions.<\/p>\n\n<h2 class=\"wp-block-heading\">Context: <strong>Franco-Italian politics<\/strong> under strain<\/h2>\n\n<p>Since Mrs. Meloni&rsquo;s election in 2022, relations have fluctuated between European cooperation and ideological disagreements. The return of Donald Trump in 2025 has fueled divergences on transatlantic alignment.<\/p>\n\n<p>The tension was exacerbated after the death of Quentin Deranque on February 14, 2026; Mrs. Meloni condemned a \u00ab\u00a0climate of hate,\u00a0\u00bb a remark that elicited a firm response from the French president. To learn more about the bilateral context, check out this report <a href=\"https:\/\/www.lexpress.fr\/monde\/europe\/tentative-de-rabibochage-entre-emmanuel-macron-et-giorgia-meloni-apres-des-mois-de-tensions-AW6PUR2YFVAW3IAVLYLGNRB7LU\/\" rel=\"nofollow\">on L&rsquo;Express<\/a>.<\/p>\n\n<h3 class=\"wp-block-heading\">Design, protocol, and media coverage of <strong>car design<\/strong><\/h3>\n\n<p>Beyond aesthetics, the red Alfa Romeo reminded us of the importance of national symbolism in official visits. The media compared the arrival to other diplomatic appointments, where the car becomes a visual message.<\/p>\n\n<p>This emphasis on staging illustrates how a detail of protocol can amplify a political meeting and shape media coverage.<\/p>\n\n<p>To discover more about the behind-the-scenes of this visit and the family and political ties surrounding the \u00c9lys\u00e9e, visit <a href=\"https:\/\/www.gala.fr\/politique\/giorgia-meloni-recue-par-emmanuel-macron-a-l-elysee-sa-voiture-italienne-a-attire-tous-les-regards-voici-pourquoi-20260417\" rel=\"nofollow\">this article from Gala<\/a> and the official \u00c9lys\u00e9e page <a href=\"https:\/\/www.elysee.fr\/emmanuel-macron\/2025\/06\/03\/rencontre-du-president-emmanuel-macron-avec-la-presidente-du-conseil-italien-giorgia-meloni-a-rome\" rel=\"nofollow\">for the press release<\/a>. To learn more about <strong>S\u00e9bastien Auzi\u00e8re<\/strong> and the Macron family, explore <a href=\"https:\/\/sebastien-auziere.fr\">sebastien-auziere.fr<\/a>.<\/p>","protected":false},"excerpt":{"rendered":"<p>Giorgia Meloni made a striking entrance on April 17 at the \u00c9lys\u00e9e: arriving in a Italian car, the Prime Minister offered a sharp contrast to the protocol convoy. You surely saw the images where the bright red of the Alfa Romeo stands out against the black sedans. In brief: the official visit was part of &#8230; <a title=\"Giorgia Meloni welcomed at the \u00c9lys\u00e9e by Emmanuel Macron: the Italian car that caught everyone&rsquo;s attention\" class=\"read-more\" href=\"https:\/\/www.sebastien-auziere.fr\/blog\/en\/giorgia-meloni-welcomed-at-the-elysee-by-emmanuel-macron-the-italian-car-that-caught-everyones-attention\/\" aria-label=\"En savoir plus sur Giorgia Meloni welcomed at the \u00c9lys\u00e9e by Emmanuel Macron: the Italian car that caught everyone&rsquo;s attention\">Lire plus<\/a><\/p>\n","protected":false},"author":9,"featured_media":3116,"comment_status":"open","ping_status":"open","sticky":false,"template":"","format":"standard","meta":{"footnotes":""},"categories":[816],"tags":[3344,3335,1153,3338,3341],"class_list":["post-3118","post","type-post","status-publish","format-standard","has-post-thumbnail","hentry","category-news","tag-car-italian-en","tag-elysee-en","tag-emmanuel-macron-en","tag-giorgia-meloni-en","tag-political-meeting-en"],"yoast_head":"<!-- This site is optimized with the Yoast SEO plugin v27.5 - https:\/\/yoast.com\/product\/yoast-seo-wordpress\/ -->\n<title>Giorgia Meloni welcomed at the \u00c9lys\u00e9e by Emmanuel Macron: the Italian car that caught everyone&#039;s attention - Fan site S\u00e9bastien Auzi\u00e8re<\/title>\n<meta name=\"description\" content=\"Giorgia Meloni re\u00e7ue \u00e0 l\u2019\u00c9lys\u00e9e par Emmanuel Macron : d\u00e9couvrez la voiture italienne qui a s\u00e9duit tous les invit\u00e9s lors de cette rencontre prestigieuse.\" \/>\n<meta name=\"robots\" content=\"index, follow, max-snippet:-1, max-image-preview:large, max-video-preview:-1\" \/>\n<link rel=\"canonical\" href=\"https:\/\/www.sebastien-auziere.fr\/blog\/en\/giorgia-meloni-welcomed-at-the-elysee-by-emmanuel-macron-the-italian-car-that-caught-everyones-attention\/\" \/>\n<meta property=\"og:locale\" content=\"fr_FR\" \/>\n<meta property=\"og:type\" content=\"article\" \/>\n<meta property=\"og:title\" content=\"Giorgia Meloni welcomed at the \u00c9lys\u00e9e by Emmanuel Macron: the Italian car that caught everyone&#039;s attention - Fan site S\u00e9bastien Auzi\u00e8re\" \/>\n<meta property=\"og:description\" content=\"Giorgia Meloni re\u00e7ue \u00e0 l\u2019\u00c9lys\u00e9e par Emmanuel Macron : d\u00e9couvrez la voiture italienne qui a s\u00e9duit tous les invit\u00e9s lors de cette rencontre prestigieuse.\" \/>\n<meta property=\"og:url\" content=\"https:\/\/www.sebastien-auziere.fr\/blog\/en\/giorgia-meloni-welcomed-at-the-elysee-by-emmanuel-macron-the-italian-car-that-caught-everyones-attention\/\" \/>\n<meta property=\"og:site_name\" content=\"Fan site S\u00e9bastien Auzi\u00e8re\" \/>\n<meta property=\"article:published_time\" content=\"2026-04-18T07:11:24+00:00\" \/>\n<meta property=\"article:modified_time\" content=\"2026-04-18T07:11:43+00:00\" \/>\n<meta property=\"og:image\" content=\"https:\/\/www.sebastien-auziere.fr\/blog\/wp-content\/uploads\/2026\/04\/Giorgia-Meloni-accueillie-a-lElysee-par-Emmanuel-Macron-la-voiture-italienne-qui-a-captive-tous-les-regards.jpg\" \/>\n\t<meta property=\"og:image:width\" content=\"2560\" \/>\n\t<meta property=\"og:image:height\" content=\"1429\" \/>\n\t<meta property=\"og:image:type\" content=\"image\/jpeg\" \/>\n<meta name=\"author\" content=\"Chloe Gauthier\" \/>\n<meta name=\"twitter:card\" content=\"summary_large_image\" \/>\n<meta name=\"twitter:label1\" content=\"\u00c9crit par\" \/>\n\t<meta name=\"twitter:data1\" content=\"Chloe Gauthier\" \/>\n\t<meta name=\"twitter:label2\" content=\"Dur\u00e9e de lecture estim\u00e9e\" \/>\n\t<meta name=\"twitter:data2\" content=\"2 minutes\" \/>\n<script type=\"application\/ld+json\" class=\"yoast-schema-graph\">{\"@context\":\"https:\\\/\\\/schema.org\",\"@graph\":[{\"@type\":\"Article\",\"@id\":\"https:\\\/\\\/www.sebastien-auziere.fr\\\/blog\\\/en\\\/giorgia-meloni-welcomed-at-the-elysee-by-emmanuel-macron-the-italian-car-that-caught-everyones-attention\\\/#article\",\"isPartOf\":{\"@id\":\"https:\\\/\\\/www.sebastien-auziere.fr\\\/blog\\\/en\\\/giorgia-meloni-welcomed-at-the-elysee-by-emmanuel-macron-the-italian-car-that-caught-everyones-attention\\\/\"},\"author\":{\"name\":\"Chloe Gauthier\",\"@id\":\"https:\\\/\\\/www.sebastien-auziere.fr\\\/blog\\\/#\\\/schema\\\/person\\\/149f1acdbfd85149c6c3e59adeae2f4d\"},\"headline\":\"Giorgia Meloni welcomed at the \u00c9lys\u00e9e by Emmanuel Macron: the Italian car that caught everyone&rsquo;s attention\",\"datePublished\":\"2026-04-18T07:11:24+00:00\",\"dateModified\":\"2026-04-18T07:11:43+00:00\",\"mainEntityOfPage\":{\"@id\":\"https:\\\/\\\/www.sebastien-auziere.fr\\\/blog\\\/en\\\/giorgia-meloni-welcomed-at-the-elysee-by-emmanuel-macron-the-italian-car-that-caught-everyones-attention\\\/\"},\"wordCount\":424,\"commentCount\":0,\"publisher\":{\"@id\":\"https:\\\/\\\/www.sebastien-auziere.fr\\\/blog\\\/#organization\"},\"image\":{\"@id\":\"https:\\\/\\\/www.sebastien-auziere.fr\\\/blog\\\/en\\\/giorgia-meloni-welcomed-at-the-elysee-by-emmanuel-macron-the-italian-car-that-caught-everyones-attention\\\/#primaryimage\"},\"thumbnailUrl\":\"https:\\\/\\\/www.sebastien-auziere.fr\\\/blog\\\/wp-content\\\/uploads\\\/2026\\\/04\\\/Giorgia-Meloni-accueillie-a-lElysee-par-Emmanuel-Macron-la-voiture-italienne-qui-a-captive-tous-les-regards.jpg\",\"keywords\":[\"car italian\",\"\u00e9lys\u00e9e\",\"emmanuel macron\",\"giorgia meloni\",\"political meeting\"],\"articleSection\":[\"News\"],\"inLanguage\":\"fr-FR\",\"potentialAction\":[{\"@type\":\"CommentAction\",\"name\":\"Comment\",\"target\":[\"https:\\\/\\\/www.sebastien-auziere.fr\\\/blog\\\/en\\\/giorgia-meloni-welcomed-at-the-elysee-by-emmanuel-macron-the-italian-car-that-caught-everyones-attention\\\/#respond\"]}]},{\"@type\":\"WebPage\",\"@id\":\"https:\\\/\\\/www.sebastien-auziere.fr\\\/blog\\\/en\\\/giorgia-meloni-welcomed-at-the-elysee-by-emmanuel-macron-the-italian-car-that-caught-everyones-attention\\\/\",\"url\":\"https:\\\/\\\/www.sebastien-auziere.fr\\\/blog\\\/en\\\/giorgia-meloni-welcomed-at-the-elysee-by-emmanuel-macron-the-italian-car-that-caught-everyones-attention\\\/\",\"name\":\"Giorgia Meloni welcomed at the \u00c9lys\u00e9e by Emmanuel Macron: the Italian car that caught everyone's attention - Fan site S\u00e9bastien Auzi\u00e8re\",\"isPartOf\":{\"@id\":\"https:\\\/\\\/www.sebastien-auziere.fr\\\/blog\\\/#website\"},\"primaryImageOfPage\":{\"@id\":\"https:\\\/\\\/www.sebastien-auziere.fr\\\/blog\\\/en\\\/giorgia-meloni-welcomed-at-the-elysee-by-emmanuel-macron-the-italian-car-that-caught-everyones-attention\\\/#primaryimage\"},\"image\":{\"@id\":\"https:\\\/\\\/www.sebastien-auziere.fr\\\/blog\\\/en\\\/giorgia-meloni-welcomed-at-the-elysee-by-emmanuel-macron-the-italian-car-that-caught-everyones-attention\\\/#primaryimage\"},\"thumbnailUrl\":\"https:\\\/\\\/www.sebastien-auziere.fr\\\/blog\\\/wp-content\\\/uploads\\\/2026\\\/04\\\/Giorgia-Meloni-accueillie-a-lElysee-par-Emmanuel-Macron-la-voiture-italienne-qui-a-captive-tous-les-regards.jpg\",\"datePublished\":\"2026-04-18T07:11:24+00:00\",\"dateModified\":\"2026-04-18T07:11:43+00:00\",\"description\":\"Giorgia Meloni re\u00e7ue \u00e0 l\u2019\u00c9lys\u00e9e par Emmanuel Macron : d\u00e9couvrez la voiture italienne qui a s\u00e9duit tous les invit\u00e9s lors de cette rencontre prestigieuse.\",\"breadcrumb\":{\"@id\":\"https:\\\/\\\/www.sebastien-auziere.fr\\\/blog\\\/en\\\/giorgia-meloni-welcomed-at-the-elysee-by-emmanuel-macron-the-italian-car-that-caught-everyones-attention\\\/#breadcrumb\"},\"inLanguage\":\"fr-FR\",\"potentialAction\":[{\"@type\":\"ReadAction\",\"target\":[\"https:\\\/\\\/www.sebastien-auziere.fr\\\/blog\\\/en\\\/giorgia-meloni-welcomed-at-the-elysee-by-emmanuel-macron-the-italian-car-that-caught-everyones-attention\\\/\"]}]},{\"@type\":\"ImageObject\",\"inLanguage\":\"fr-FR\",\"@id\":\"https:\\\/\\\/www.sebastien-auziere.fr\\\/blog\\\/en\\\/giorgia-meloni-welcomed-at-the-elysee-by-emmanuel-macron-the-italian-car-that-caught-everyones-attention\\\/#primaryimage\",\"url\":\"https:\\\/\\\/www.sebastien-auziere.fr\\\/blog\\\/wp-content\\\/uploads\\\/2026\\\/04\\\/Giorgia-Meloni-accueillie-a-lElysee-par-Emmanuel-Macron-la-voiture-italienne-qui-a-captive-tous-les-regards.jpg\",\"contentUrl\":\"https:\\\/\\\/www.sebastien-auziere.fr\\\/blog\\\/wp-content\\\/uploads\\\/2026\\\/04\\\/Giorgia-Meloni-accueillie-a-lElysee-par-Emmanuel-Macron-la-voiture-italienne-qui-a-captive-tous-les-regards.jpg\",\"width\":2560,\"height\":1429,\"caption\":\"d\u00e9couvrez l'accueil officiel de giorgia meloni \u00e0 l\u2019\u00e9lys\u00e9e par emmanuel macron, o\u00f9 une voiture italienne d'exception a attir\u00e9 l'attention de tous les invit\u00e9s.\"},{\"@type\":\"BreadcrumbList\",\"@id\":\"https:\\\/\\\/www.sebastien-auziere.fr\\\/blog\\\/en\\\/giorgia-meloni-welcomed-at-the-elysee-by-emmanuel-macron-the-italian-car-that-caught-everyones-attention\\\/#breadcrumb\",\"itemListElement\":[{\"@type\":\"ListItem\",\"position\":1,\"name\":\"Home\",\"item\":\"https:\\\/\\\/www.sebastien-auziere.fr\\\/blog\\\/\"},{\"@type\":\"ListItem\",\"position\":2,\"name\":\"Giorgia Meloni welcomed at the \u00c9lys\u00e9e by Emmanuel Macron: the Italian car that caught everyone&rsquo;s attention\"}]},{\"@type\":\"WebSite\",\"@id\":\"https:\\\/\\\/www.sebastien-auziere.fr\\\/blog\\\/#website\",\"url\":\"https:\\\/\\\/www.sebastien-auziere.fr\\\/blog\\\/\",\"name\":\"Fan site S\u00e9bastien Auzi\u00e8re\",\"description\":\"M\u00e9dia g\u00e9n\u00e9raliste\",\"publisher\":{\"@id\":\"https:\\\/\\\/www.sebastien-auziere.fr\\\/blog\\\/#organization\"},\"potentialAction\":[{\"@type\":\"SearchAction\",\"target\":{\"@type\":\"EntryPoint\",\"urlTemplate\":\"https:\\\/\\\/www.sebastien-auziere.fr\\\/blog\\\/?s={search_term_string}\"},\"query-input\":{\"@type\":\"PropertyValueSpecification\",\"valueRequired\":true,\"valueName\":\"search_term_string\"}}],\"inLanguage\":\"fr-FR\"},{\"@type\":\"Organization\",\"@id\":\"https:\\\/\\\/www.sebastien-auziere.fr\\\/blog\\\/#organization\",\"name\":\"Fan site S\u00e9bastien Auzi\u00e8re\",\"url\":\"https:\\\/\\\/www.sebastien-auziere.fr\\\/blog\\\/\",\"logo\":{\"@type\":\"ImageObject\",\"inLanguage\":\"fr-FR\",\"@id\":\"https:\\\/\\\/www.sebastien-auziere.fr\\\/blog\\\/#\\\/schema\\\/logo\\\/image\\\/\",\"url\":\"https:\\\/\\\/www.sebastien-auziere.fr\\\/blog\\\/wp-content\\\/uploads\\\/2026\\\/03\\\/cropped-cropped-cropped-ChatGPT-Image-6-mars-2026-12_58_09-e1772798376794.jpg\",\"contentUrl\":\"https:\\\/\\\/www.sebastien-auziere.fr\\\/blog\\\/wp-content\\\/uploads\\\/2026\\\/03\\\/cropped-cropped-cropped-ChatGPT-Image-6-mars-2026-12_58_09-e1772798376794.jpg\",\"width\":512,\"height\":360,\"caption\":\"Fan site S\u00e9bastien Auzi\u00e8re\"},\"image\":{\"@id\":\"https:\\\/\\\/www.sebastien-auziere.fr\\\/blog\\\/#\\\/schema\\\/logo\\\/image\\\/\"}},{\"@type\":\"Person\",\"@id\":\"https:\\\/\\\/www.sebastien-auziere.fr\\\/blog\\\/#\\\/schema\\\/person\\\/149f1acdbfd85149c6c3e59adeae2f4d\",\"name\":\"Chloe Gauthier\",\"image\":{\"@type\":\"ImageObject\",\"inLanguage\":\"fr-FR\",\"@id\":\"https:\\\/\\\/secure.gravatar.com\\\/avatar\\\/2c5722f58171cff738a8985ef0dd66b476e563753246a49019befc837ec4201a?s=96&d=mm&r=g\",\"url\":\"https:\\\/\\\/secure.gravatar.com\\\/avatar\\\/2c5722f58171cff738a8985ef0dd66b476e563753246a49019befc837ec4201a?s=96&d=mm&r=g\",\"contentUrl\":\"https:\\\/\\\/secure.gravatar.com\\\/avatar\\\/2c5722f58171cff738a8985ef0dd66b476e563753246a49019befc837ec4201a?s=96&d=mm&r=g\",\"caption\":\"Chloe Gauthier\"},\"description\":\"Passionn\u00e9e par la politique et admiratrice engag\u00e9e de la famille Macron, je consacre mon \u00e9nergie \u00e0 suivre leurs initiatives et \u00e0 promouvoir leurs id\u00e9es. \u00c0 32 ans, je suis convaincue que leur vision est porteuse d'avenir.\",\"url\":\"https:\\\/\\\/www.sebastien-auziere.fr\\\/blog\\\/author\\\/chloe-gauthier\\\/\"}]}<\/script>\n<!-- \/ Yoast SEO plugin. -->","yoast_head_json":{"title":"Giorgia Meloni welcomed at the \u00c9lys\u00e9e by Emmanuel Macron: the Italian car that caught everyone's attention - Fan site S\u00e9bastien Auzi\u00e8re","description":"Giorgia Meloni re\u00e7ue \u00e0 l\u2019\u00c9lys\u00e9e par Emmanuel Macron : d\u00e9couvrez la voiture italienne qui a s\u00e9duit tous les invit\u00e9s lors de cette rencontre prestigieuse.","robots":{"index":"index","follow":"follow","max-snippet":"max-snippet:-1","max-image-preview":"max-image-preview:large","max-video-preview":"max-video-preview:-1"},"canonical":"https:\/\/www.sebastien-auziere.fr\/blog\/en\/giorgia-meloni-welcomed-at-the-elysee-by-emmanuel-macron-the-italian-car-that-caught-everyones-attention\/","og_locale":"fr_FR","og_type":"article","og_title":"Giorgia Meloni welcomed at the \u00c9lys\u00e9e by Emmanuel Macron: the Italian car that caught everyone's attention - Fan site S\u00e9bastien Auzi\u00e8re","og_description":"Giorgia Meloni re\u00e7ue \u00e0 l\u2019\u00c9lys\u00e9e par Emmanuel Macron : d\u00e9couvrez la voiture italienne qui a s\u00e9duit tous les invit\u00e9s lors de cette rencontre prestigieuse.","og_url":"https:\/\/www.sebastien-auziere.fr\/blog\/en\/giorgia-meloni-welcomed-at-the-elysee-by-emmanuel-macron-the-italian-car-that-caught-everyones-attention\/","og_site_name":"Fan site S\u00e9bastien Auzi\u00e8re","article_published_time":"2026-04-18T07:11:24+00:00","article_modified_time":"2026-04-18T07:11:43+00:00","og_image":[{"width":2560,"height":1429,"url":"https:\/\/www.sebastien-auziere.fr\/blog\/wp-content\/uploads\/2026\/04\/Giorgia-Meloni-accueillie-a-lElysee-par-Emmanuel-Macron-la-voiture-italienne-qui-a-captive-tous-les-regards.jpg","type":"image\/jpeg"}],"author":"Chloe Gauthier","twitter_card":"summary_large_image","twitter_misc":{"\u00c9crit par":"Chloe Gauthier","Dur\u00e9e de lecture estim\u00e9e":"2 minutes"},"schema":{"@context":"https:\/\/schema.org","@graph":[{"@type":"Article","@id":"https:\/\/www.sebastien-auziere.fr\/blog\/en\/giorgia-meloni-welcomed-at-the-elysee-by-emmanuel-macron-the-italian-car-that-caught-everyones-attention\/#article","isPartOf":{"@id":"https:\/\/www.sebastien-auziere.fr\/blog\/en\/giorgia-meloni-welcomed-at-the-elysee-by-emmanuel-macron-the-italian-car-that-caught-everyones-attention\/"},"author":{"name":"Chloe Gauthier","@id":"https:\/\/www.sebastien-auziere.fr\/blog\/#\/schema\/person\/149f1acdbfd85149c6c3e59adeae2f4d"},"headline":"Giorgia Meloni welcomed at the \u00c9lys\u00e9e by Emmanuel Macron: the Italian car that caught everyone&rsquo;s attention","datePublished":"2026-04-18T07:11:24+00:00","dateModified":"2026-04-18T07:11:43+00:00","mainEntityOfPage":{"@id":"https:\/\/www.sebastien-auziere.fr\/blog\/en\/giorgia-meloni-welcomed-at-the-elysee-by-emmanuel-macron-the-italian-car-that-caught-everyones-attention\/"},"wordCount":424,"commentCount":0,"publisher":{"@id":"https:\/\/www.sebastien-auziere.fr\/blog\/#organization"},"image":{"@id":"https:\/\/www.sebastien-auziere.fr\/blog\/en\/giorgia-meloni-welcomed-at-the-elysee-by-emmanuel-macron-the-italian-car-that-caught-everyones-attention\/#primaryimage"},"thumbnailUrl":"https:\/\/www.sebastien-auziere.fr\/blog\/wp-content\/uploads\/2026\/04\/Giorgia-Meloni-accueillie-a-lElysee-par-Emmanuel-Macron-la-voiture-italienne-qui-a-captive-tous-les-regards.jpg","keywords":["car italian","\u00e9lys\u00e9e","emmanuel macron","giorgia meloni","political meeting"],"articleSection":["News"],"inLanguage":"fr-FR","potentialAction":[{"@type":"CommentAction","name":"Comment","target":["https:\/\/www.sebastien-auziere.fr\/blog\/en\/giorgia-meloni-welcomed-at-the-elysee-by-emmanuel-macron-the-italian-car-that-caught-everyones-attention\/#respond"]}]},{"@type":"WebPage","@id":"https:\/\/www.sebastien-auziere.fr\/blog\/en\/giorgia-meloni-welcomed-at-the-elysee-by-emmanuel-macron-the-italian-car-that-caught-everyones-attention\/","url":"https:\/\/www.sebastien-auziere.fr\/blog\/en\/giorgia-meloni-welcomed-at-the-elysee-by-emmanuel-macron-the-italian-car-that-caught-everyones-attention\/","name":"Giorgia Meloni welcomed at the \u00c9lys\u00e9e by Emmanuel Macron: the Italian car that caught everyone's attention - Fan site S\u00e9bastien Auzi\u00e8re","isPartOf":{"@id":"https:\/\/www.sebastien-auziere.fr\/blog\/#website"},"primaryImageOfPage":{"@id":"https:\/\/www.sebastien-auziere.fr\/blog\/en\/giorgia-meloni-welcomed-at-the-elysee-by-emmanuel-macron-the-italian-car-that-caught-everyones-attention\/#primaryimage"},"image":{"@id":"https:\/\/www.sebastien-auziere.fr\/blog\/en\/giorgia-meloni-welcomed-at-the-elysee-by-emmanuel-macron-the-italian-car-that-caught-everyones-attention\/#primaryimage"},"thumbnailUrl":"https:\/\/www.sebastien-auziere.fr\/blog\/wp-content\/uploads\/2026\/04\/Giorgia-Meloni-accueillie-a-lElysee-par-Emmanuel-Macron-la-voiture-italienne-qui-a-captive-tous-les-regards.jpg","datePublished":"2026-04-18T07:11:24+00:00","dateModified":"2026-04-18T07:11:43+00:00","description":"Giorgia Meloni re\u00e7ue \u00e0 l\u2019\u00c9lys\u00e9e par Emmanuel Macron : d\u00e9couvrez la voiture italienne qui a s\u00e9duit tous les invit\u00e9s lors de cette rencontre prestigieuse.","breadcrumb":{"@id":"https:\/\/www.sebastien-auziere.fr\/blog\/en\/giorgia-meloni-welcomed-at-the-elysee-by-emmanuel-macron-the-italian-car-that-caught-everyones-attention\/#breadcrumb"},"inLanguage":"fr-FR","potentialAction":[{"@type":"ReadAction","target":["https:\/\/www.sebastien-auziere.fr\/blog\/en\/giorgia-meloni-welcomed-at-the-elysee-by-emmanuel-macron-the-italian-car-that-caught-everyones-attention\/"]}]},{"@type":"ImageObject","inLanguage":"fr-FR","@id":"https:\/\/www.sebastien-auziere.fr\/blog\/en\/giorgia-meloni-welcomed-at-the-elysee-by-emmanuel-macron-the-italian-car-that-caught-everyones-attention\/#primaryimage","url":"https:\/\/www.sebastien-auziere.fr\/blog\/wp-content\/uploads\/2026\/04\/Giorgia-Meloni-accueillie-a-lElysee-par-Emmanuel-Macron-la-voiture-italienne-qui-a-captive-tous-les-regards.jpg","contentUrl":"https:\/\/www.sebastien-auziere.fr\/blog\/wp-content\/uploads\/2026\/04\/Giorgia-Meloni-accueillie-a-lElysee-par-Emmanuel-Macron-la-voiture-italienne-qui-a-captive-tous-les-regards.jpg","width":2560,"height":1429,"caption":"d\u00e9couvrez l'accueil officiel de giorgia meloni \u00e0 l\u2019\u00e9lys\u00e9e par emmanuel macron, o\u00f9 une voiture italienne d'exception a attir\u00e9 l'attention de tous les invit\u00e9s."},{"@type":"BreadcrumbList","@id":"https:\/\/www.sebastien-auziere.fr\/blog\/en\/giorgia-meloni-welcomed-at-the-elysee-by-emmanuel-macron-the-italian-car-that-caught-everyones-attention\/#breadcrumb","itemListElement":[{"@type":"ListItem","position":1,"name":"Home","item":"https:\/\/www.sebastien-auziere.fr\/blog\/"},{"@type":"ListItem","position":2,"name":"Giorgia Meloni welcomed at the \u00c9lys\u00e9e by Emmanuel Macron: the Italian car that caught everyone&rsquo;s attention"}]},{"@type":"WebSite","@id":"https:\/\/www.sebastien-auziere.fr\/blog\/#website","url":"https:\/\/www.sebastien-auziere.fr\/blog\/","name":"Fan site S\u00e9bastien Auzi\u00e8re","description":"M\u00e9dia g\u00e9n\u00e9raliste","publisher":{"@id":"https:\/\/www.sebastien-auziere.fr\/blog\/#organization"},"potentialAction":[{"@type":"SearchAction","target":{"@type":"EntryPoint","urlTemplate":"https:\/\/www.sebastien-auziere.fr\/blog\/?s={search_term_string}"},"query-input":{"@type":"PropertyValueSpecification","valueRequired":true,"valueName":"search_term_string"}}],"inLanguage":"fr-FR"},{"@type":"Organization","@id":"https:\/\/www.sebastien-auziere.fr\/blog\/#organization","name":"Fan site S\u00e9bastien Auzi\u00e8re","url":"https:\/\/www.sebastien-auziere.fr\/blog\/","logo":{"@type":"ImageObject","inLanguage":"fr-FR","@id":"https:\/\/www.sebastien-auziere.fr\/blog\/#\/schema\/logo\/image\/","url":"https:\/\/www.sebastien-auziere.fr\/blog\/wp-content\/uploads\/2026\/03\/cropped-cropped-cropped-ChatGPT-Image-6-mars-2026-12_58_09-e1772798376794.jpg","contentUrl":"https:\/\/www.sebastien-auziere.fr\/blog\/wp-content\/uploads\/2026\/03\/cropped-cropped-cropped-ChatGPT-Image-6-mars-2026-12_58_09-e1772798376794.jpg","width":512,"height":360,"caption":"Fan site S\u00e9bastien Auzi\u00e8re"},"image":{"@id":"https:\/\/www.sebastien-auziere.fr\/blog\/#\/schema\/logo\/image\/"}},{"@type":"Person","@id":"https:\/\/www.sebastien-auziere.fr\/blog\/#\/schema\/person\/149f1acdbfd85149c6c3e59adeae2f4d","name":"Chloe Gauthier","image":{"@type":"ImageObject","inLanguage":"fr-FR","@id":"https:\/\/secure.gravatar.com\/avatar\/2c5722f58171cff738a8985ef0dd66b476e563753246a49019befc837ec4201a?s=96&d=mm&r=g","url":"https:\/\/secure.gravatar.com\/avatar\/2c5722f58171cff738a8985ef0dd66b476e563753246a49019befc837ec4201a?s=96&d=mm&r=g","contentUrl":"https:\/\/secure.gravatar.com\/avatar\/2c5722f58171cff738a8985ef0dd66b476e563753246a49019befc837ec4201a?s=96&d=mm&r=g","caption":"Chloe Gauthier"},"description":"Passionn\u00e9e par la politique et admiratrice engag\u00e9e de la famille Macron, je consacre mon \u00e9nergie \u00e0 suivre leurs initiatives et \u00e0 promouvoir leurs id\u00e9es. \u00c0 32 ans, je suis convaincue que leur vision est porteuse d'avenir.","url":"https:\/\/www.sebastien-auziere.fr\/blog\/author\/chloe-gauthier\/"}]}},"views":1,"_links":{"self":[{"href":"https:\/\/www.sebastien-auziere.fr\/blog\/wp-json\/wp\/v2\/posts\/3118","targetHints":{"allow":["GET"]}}],"collection":[{"href":"https:\/\/www.sebastien-auziere.fr\/blog\/wp-json\/wp\/v2\/posts"}],"about":[{"href":"https:\/\/www.sebastien-auziere.fr\/blog\/wp-json\/wp\/v2\/types\/post"}],"author":[{"embeddable":true,"href":"https:\/\/www.sebastien-auziere.fr\/blog\/wp-json\/wp\/v2\/users\/9"}],"replies":[{"embeddable":true,"href":"https:\/\/www.sebastien-auziere.fr\/blog\/wp-json\/wp\/v2\/comments?post=3118"}],"version-history":[{"count":1,"href":"https:\/\/www.sebastien-auziere.fr\/blog\/wp-json\/wp\/v2\/posts\/3118\/revisions"}],"predecessor-version":[{"id":3119,"href":"https:\/\/www.sebastien-auziere.fr\/blog\/wp-json\/wp\/v2\/posts\/3118\/revisions\/3119"}],"wp:featuredmedia":[{"embeddable":true,"href":"https:\/\/www.sebastien-auziere.fr\/blog\/wp-json\/wp\/v2\/media\/3116"}],"wp:attachment":[{"href":"https:\/\/www.sebastien-auziere.fr\/blog\/wp-json\/wp\/v2\/media?parent=3118"}],"wp:term":[{"taxonomy":"category","embeddable":true,"href":"https:\/\/www.sebastien-auziere.fr\/blog\/wp-json\/wp\/v2\/categories?post=3118"},{"taxonomy":"post_tag","embeddable":true,"href":"https:\/\/www.sebastien-auziere.fr\/blog\/wp-json\/wp\/v2\/tags?post=3118"}],"curies":[{"name":"wp","href":"https:\/\/api.w.org\/{rel}","templated":true}]}}