{"id":3117,"date":"2026-04-18T07:11:22","date_gmt":"2026-04-18T07:11:22","guid":{"rendered":"https:\/\/www.sebastien-auziere.fr\/blog\/giorgia-meloni-elysee-voiture\/"},"modified":"2026-04-18T07:11:22","modified_gmt":"2026-04-18T07:11:22","slug":"giorgia-meloni-elysee-voiture","status":"publish","type":"post","link":"https:\/\/www.sebastien-auziere.fr\/blog\/giorgia-meloni-elysee-voiture\/","title":{"rendered":"Giorgia Meloni accueillie \u00e0 l\u2019\u00c9lys\u00e9e par Emmanuel Macron : la voiture italienne qui a captiv\u00e9 tous les regards"},"content":{"rendered":"<p><strong>Giorgia Meloni<\/strong> a fait une entr\u00e9e qui ne passait pas inaper\u00e7ue ce <strong>17 avril<\/strong> \u00e0 l&rsquo;<strong>\u00c9lys\u00e9e<\/strong> : arrivant en <strong>voiture italienne<\/strong>, la Premi\u00e8re ministre a offert un contraste saisissant avec le cort\u00e8ge protocolaire. Tu as s\u00fbrement vu les images o\u00f9 le rouge vif de l&rsquo;Alfa Romeo se d\u00e9tache des berlines noires.<\/p>\n\n<p><strong>En bref<\/strong> : la <strong>visite officielle<\/strong> s&rsquo;inscrivait dans une <strong>rencontre diplomatique<\/strong> sur la s\u00e9curisation du d\u00e9troit d&rsquo;Ormuz ; la voiture, propri\u00e9t\u00e9 de l&rsquo;ambassade d&rsquo;Italie, a \u00e9t\u00e9 largement relay\u00e9e par Reuters et BFMTV, suscitant commentaires sur le protocole et le <strong>car design<\/strong>.<\/p>\n\n<h2 class=\"wp-block-heading\">Arriv\u00e9e \u00e0 l&rsquo;\u00c9lys\u00e9e : la <strong>voiture italienne<\/strong> qui a fait parler<\/h2>\n\n<p>Ce vendredi 17 avril, la cheffe du gouvernement italien est descendue d&rsquo;une Alfa Romeo rouge, un d\u00e9tail remarqu\u00e9 par le correspondant de Reuters Michel Rose. La sc\u00e8ne a interrompu la monotonie habituelle des berlines noires et bleu marine autour du palais.<\/p>\n\n<p>Le choix du v\u00e9hicule, officiellement celui de l&rsquo;<strong>Ambassade d&rsquo;Italie<\/strong>, a \u00e9t\u00e9 comment\u00e9 comme un geste esth\u00e9tique et symbolique, visible d\u00e8s les premi\u00e8res secondes de la rencontre.<\/p>\n\n<h3 class=\"wp-block-heading\">Un symbole lors d&rsquo;une <strong>rencontre diplomatique<\/strong><\/h3>\n\n<p>La visite s&rsquo;inscrivait dans une conf\u00e9rence sur la s\u00e9curisation du <strong>d\u00e9troit d&rsquo;Ormuz<\/strong>, en pr\u00e9sence du pr\u00e9sident <strong>Emmanuel Macron<\/strong>. BFMTV a film\u00e9 l&rsquo;arriv\u00e9e et soulign\u00e9 la coordination chromatique entre la tenue rouge de Mme Meloni et la voiture.<\/p>\n\n<p>Sur place, la poign\u00e9e de main puis l&rsquo;accolade entre les deux dirigeants ont montr\u00e9 une volont\u00e9 de maintien du dialogue malgr\u00e9 des tensions r\u00e9centes.<\/p>\n\n<h2 class=\"wp-block-heading\">Contexte : <strong>politique franco-italienne<\/strong> sous tension<\/h2>\n\n<p>Depuis l&rsquo;\u00e9lection de Mme Meloni en 2022, les relations oscillent entre coop\u00e9ration europ\u00e9enne et d\u00e9saccords id\u00e9ologiques. Le retour de Donald Trump en 2025 a nourri des divergences sur l&rsquo;alignement transatlantique.<\/p>\n\n<p>La tension a \u00e9t\u00e9 raviv\u00e9e apr\u00e8s la mort de Quentin Deranque le 14 f\u00e9vrier 2026 ; Mme Meloni a d\u00e9nonc\u00e9 un \u00ab climat de haine \u00bb, une remarque qui a suscit\u00e9 la r\u00e9ponse ferme du pr\u00e9sident fran\u00e7ais. Pour en savoir plus sur le contexte bilat\u00e9ral, consulte ce reportage <a href=\"https:\/\/www.lexpress.fr\/monde\/europe\/tentative-de-rabibochage-entre-emmanuel-macron-et-giorgia-meloni-apres-des-mois-de-tensions-AW6PUR2YFVAW3IAVLYLGNRB7LU\/\" rel=\"nofollow\">sur L&rsquo;Express<\/a>.<\/p>\n\n<h3 class=\"wp-block-heading\">Design, protocole et port\u00e9e m\u00e9diatique du <strong>car design<\/strong><\/h3>\n\n<p>Au-del\u00e0 de l&rsquo;esth\u00e9tique, l&rsquo;Alfa Romeo rouge a rappel\u00e9 l&rsquo;importance du symbole national dans les visites officielles. Les m\u00e9dias ont compar\u00e9 l&rsquo;arriv\u00e9e \u00e0 d&rsquo;autres rendez-vous diplomatiques, o\u00f9 la voiture devient un message visuel.<\/p>\n\n<p>Cette emphase sur la mise en sc\u00e8ne illustre combien un d\u00e9tail de protocole peut amplifier une rencontre politique et orienter la couverture m\u00e9diatique.<\/p>\n\n<p>Pour en d\u00e9couvrir davantage sur les coulisses de cette visite et les liens familiaux et politiques entourant l&rsquo;\u00c9lys\u00e9e, rends-toi sur <a href=\"https:\/\/www.gala.fr\/politique\/giorgia-meloni-recue-par-emmanuel-macron-a-l-elysee-sa-voiture-italienne-a-attire-tous-les-regards-voici-pourquoi-20260417\" rel=\"nofollow\">cet article de Gala<\/a> et la page officielle de l&rsquo;\u00c9lys\u00e9e <a href=\"https:\/\/www.elysee.fr\/emmanuel-macron\/2025\/06\/03\/rencontre-du-president-emmanuel-macron-avec-la-presidente-du-conseil-italien-giorgia-meloni-a-rome\" rel=\"nofollow\">pour le communiqu\u00e9<\/a>. Pour en savoir plus sur <strong>S\u00e9bastien Auzi\u00e8re<\/strong> et la famille Macron, d\u00e9couvre <a href=\"https:\/\/sebastien-auziere.fr\">sebastien-auziere.fr<\/a>.<\/p>\n\n","protected":false},"excerpt":{"rendered":"<p>Giorgia Meloni a fait une entr\u00e9e qui ne passait pas inaper\u00e7ue ce 17 avril \u00e0 l&rsquo;\u00c9lys\u00e9e : arrivant en voiture italienne, la Premi\u00e8re ministre a offert un contraste saisissant avec le cort\u00e8ge protocolaire. Tu as s\u00fbrement vu les images o\u00f9 le rouge vif de l&rsquo;Alfa Romeo se d\u00e9tache des berlines noires. En bref : la &#8230; <a title=\"Giorgia Meloni accueillie \u00e0 l\u2019\u00c9lys\u00e9e par Emmanuel Macron : la voiture italienne qui a captiv\u00e9 tous les regards\" class=\"read-more\" href=\"https:\/\/www.sebastien-auziere.fr\/blog\/giorgia-meloni-elysee-voiture\/\" aria-label=\"En savoir plus sur Giorgia Meloni accueillie \u00e0 l\u2019\u00c9lys\u00e9e par Emmanuel Macron : la voiture italienne qui a captiv\u00e9 tous les regards\">Lire plus<\/a><\/p>\n","protected":false},"author":9,"featured_media":3116,"comment_status":"open","ping_status":"open","sticky":false,"template":"","format":"standard","meta":{"footnotes":""},"categories":[597],"tags":[3329,1139,3327,3331,3333],"class_list":["post-3117","post","type-post","status-publish","format-standard","has-post-thumbnail","hentry","category-actualites","tag-elysee","tag-emmanuel-macron","tag-giorgia-meloni","tag-rencontre-politique","tag-voiture-italienne"],"yoast_head":"<!-- This site is optimized with the Yoast SEO plugin v27.5 - https:\/\/yoast.com\/product\/yoast-seo-wordpress\/ -->\n<title>Giorgia Meloni accueillie \u00e0 l\u2019\u00c9lys\u00e9e par Emmanuel Macron : la voiture italienne qui a captiv\u00e9 tous les regards - Fan site S\u00e9bastien Auzi\u00e8re<\/title>\n<meta name=\"description\" content=\"Giorgia Meloni re\u00e7ue \u00e0 l\u2019\u00c9lys\u00e9e par Emmanuel Macron : d\u00e9couvrez la voiture italienne qui a s\u00e9duit tous les invit\u00e9s lors de cette rencontre prestigieuse.\" \/>\n<meta name=\"robots\" content=\"index, follow, max-snippet:-1, max-image-preview:large, max-video-preview:-1\" \/>\n<link rel=\"canonical\" href=\"https:\/\/www.sebastien-auziere.fr\/blog\/giorgia-meloni-elysee-voiture\/\" \/>\n<meta property=\"og:locale\" content=\"fr_FR\" \/>\n<meta property=\"og:type\" content=\"article\" \/>\n<meta property=\"og:title\" content=\"Giorgia Meloni accueillie \u00e0 l\u2019\u00c9lys\u00e9e par Emmanuel Macron : la voiture italienne qui a captiv\u00e9 tous les regards - Fan site S\u00e9bastien Auzi\u00e8re\" \/>\n<meta property=\"og:description\" content=\"Giorgia Meloni re\u00e7ue \u00e0 l\u2019\u00c9lys\u00e9e par Emmanuel Macron : d\u00e9couvrez la voiture italienne qui a s\u00e9duit tous les invit\u00e9s lors de cette rencontre prestigieuse.\" \/>\n<meta property=\"og:url\" content=\"https:\/\/www.sebastien-auziere.fr\/blog\/giorgia-meloni-elysee-voiture\/\" \/>\n<meta property=\"og:site_name\" content=\"Fan site S\u00e9bastien Auzi\u00e8re\" \/>\n<meta property=\"article:published_time\" content=\"2026-04-18T07:11:22+00:00\" \/>\n<meta property=\"og:image\" content=\"https:\/\/www.sebastien-auziere.fr\/blog\/wp-content\/uploads\/2026\/04\/Giorgia-Meloni-accueillie-a-lElysee-par-Emmanuel-Macron-la-voiture-italienne-qui-a-captive-tous-les-regards.jpg\" \/>\n\t<meta property=\"og:image:width\" content=\"2560\" \/>\n\t<meta property=\"og:image:height\" content=\"1429\" \/>\n\t<meta property=\"og:image:type\" content=\"image\/jpeg\" \/>\n<meta name=\"author\" content=\"Chloe Gauthier\" \/>\n<meta name=\"twitter:card\" content=\"summary_large_image\" \/>\n<meta name=\"twitter:label1\" content=\"\u00c9crit par\" \/>\n\t<meta name=\"twitter:data1\" content=\"Chloe Gauthier\" \/>\n\t<meta name=\"twitter:label2\" content=\"Dur\u00e9e de lecture estim\u00e9e\" \/>\n\t<meta name=\"twitter:data2\" content=\"2 minutes\" \/>\n<script type=\"application\/ld+json\" class=\"yoast-schema-graph\">{\"@context\":\"https:\\\/\\\/schema.org\",\"@graph\":[{\"@type\":\"Article\",\"@id\":\"https:\\\/\\\/www.sebastien-auziere.fr\\\/blog\\\/giorgia-meloni-elysee-voiture\\\/#article\",\"isPartOf\":{\"@id\":\"https:\\\/\\\/www.sebastien-auziere.fr\\\/blog\\\/giorgia-meloni-elysee-voiture\\\/\"},\"author\":{\"name\":\"Chloe Gauthier\",\"@id\":\"https:\\\/\\\/www.sebastien-auziere.fr\\\/blog\\\/#\\\/schema\\\/person\\\/149f1acdbfd85149c6c3e59adeae2f4d\"},\"headline\":\"Giorgia Meloni accueillie \u00e0 l\u2019\u00c9lys\u00e9e par Emmanuel Macron : la voiture italienne qui a captiv\u00e9 tous les regards\",\"datePublished\":\"2026-04-18T07:11:22+00:00\",\"mainEntityOfPage\":{\"@id\":\"https:\\\/\\\/www.sebastien-auziere.fr\\\/blog\\\/giorgia-meloni-elysee-voiture\\\/\"},\"wordCount\":492,\"commentCount\":0,\"publisher\":{\"@id\":\"https:\\\/\\\/www.sebastien-auziere.fr\\\/blog\\\/#organization\"},\"image\":{\"@id\":\"https:\\\/\\\/www.sebastien-auziere.fr\\\/blog\\\/giorgia-meloni-elysee-voiture\\\/#primaryimage\"},\"thumbnailUrl\":\"https:\\\/\\\/www.sebastien-auziere.fr\\\/blog\\\/wp-content\\\/uploads\\\/2026\\\/04\\\/Giorgia-Meloni-accueillie-a-lElysee-par-Emmanuel-Macron-la-voiture-italienne-qui-a-captive-tous-les-regards.jpg\",\"keywords\":[\"\u00e9lys\u00e9e\",\"emmanuel macron\",\"giorgia meloni\",\"rencontre politique\",\"voiture italienne\"],\"articleSection\":[\"Actualit\u00e9s\"],\"inLanguage\":\"fr-FR\",\"potentialAction\":[{\"@type\":\"CommentAction\",\"name\":\"Comment\",\"target\":[\"https:\\\/\\\/www.sebastien-auziere.fr\\\/blog\\\/giorgia-meloni-elysee-voiture\\\/#respond\"]}]},{\"@type\":\"WebPage\",\"@id\":\"https:\\\/\\\/www.sebastien-auziere.fr\\\/blog\\\/giorgia-meloni-elysee-voiture\\\/\",\"url\":\"https:\\\/\\\/www.sebastien-auziere.fr\\\/blog\\\/giorgia-meloni-elysee-voiture\\\/\",\"name\":\"Giorgia Meloni accueillie \u00e0 l\u2019\u00c9lys\u00e9e par Emmanuel Macron : la voiture italienne qui a captiv\u00e9 tous les regards - Fan site S\u00e9bastien Auzi\u00e8re\",\"isPartOf\":{\"@id\":\"https:\\\/\\\/www.sebastien-auziere.fr\\\/blog\\\/#website\"},\"primaryImageOfPage\":{\"@id\":\"https:\\\/\\\/www.sebastien-auziere.fr\\\/blog\\\/giorgia-meloni-elysee-voiture\\\/#primaryimage\"},\"image\":{\"@id\":\"https:\\\/\\\/www.sebastien-auziere.fr\\\/blog\\\/giorgia-meloni-elysee-voiture\\\/#primaryimage\"},\"thumbnailUrl\":\"https:\\\/\\\/www.sebastien-auziere.fr\\\/blog\\\/wp-content\\\/uploads\\\/2026\\\/04\\\/Giorgia-Meloni-accueillie-a-lElysee-par-Emmanuel-Macron-la-voiture-italienne-qui-a-captive-tous-les-regards.jpg\",\"datePublished\":\"2026-04-18T07:11:22+00:00\",\"description\":\"Giorgia Meloni re\u00e7ue \u00e0 l\u2019\u00c9lys\u00e9e par Emmanuel Macron : d\u00e9couvrez la voiture italienne qui a s\u00e9duit tous les invit\u00e9s lors de cette rencontre prestigieuse.\",\"breadcrumb\":{\"@id\":\"https:\\\/\\\/www.sebastien-auziere.fr\\\/blog\\\/giorgia-meloni-elysee-voiture\\\/#breadcrumb\"},\"inLanguage\":\"fr-FR\",\"potentialAction\":[{\"@type\":\"ReadAction\",\"target\":[\"https:\\\/\\\/www.sebastien-auziere.fr\\\/blog\\\/giorgia-meloni-elysee-voiture\\\/\"]}]},{\"@type\":\"ImageObject\",\"inLanguage\":\"fr-FR\",\"@id\":\"https:\\\/\\\/www.sebastien-auziere.fr\\\/blog\\\/giorgia-meloni-elysee-voiture\\\/#primaryimage\",\"url\":\"https:\\\/\\\/www.sebastien-auziere.fr\\\/blog\\\/wp-content\\\/uploads\\\/2026\\\/04\\\/Giorgia-Meloni-accueillie-a-lElysee-par-Emmanuel-Macron-la-voiture-italienne-qui-a-captive-tous-les-regards.jpg\",\"contentUrl\":\"https:\\\/\\\/www.sebastien-auziere.fr\\\/blog\\\/wp-content\\\/uploads\\\/2026\\\/04\\\/Giorgia-Meloni-accueillie-a-lElysee-par-Emmanuel-Macron-la-voiture-italienne-qui-a-captive-tous-les-regards.jpg\",\"width\":2560,\"height\":1429,\"caption\":\"d\u00e9couvrez l'accueil officiel de giorgia meloni \u00e0 l\u2019\u00e9lys\u00e9e par emmanuel macron, o\u00f9 une voiture italienne d'exception a attir\u00e9 l'attention de tous les invit\u00e9s.\"},{\"@type\":\"BreadcrumbList\",\"@id\":\"https:\\\/\\\/www.sebastien-auziere.fr\\\/blog\\\/giorgia-meloni-elysee-voiture\\\/#breadcrumb\",\"itemListElement\":[{\"@type\":\"ListItem\",\"position\":1,\"name\":\"Home\",\"item\":\"https:\\\/\\\/www.sebastien-auziere.fr\\\/blog\\\/\"},{\"@type\":\"ListItem\",\"position\":2,\"name\":\"Giorgia Meloni accueillie \u00e0 l\u2019\u00c9lys\u00e9e par Emmanuel Macron : la voiture italienne qui a captiv\u00e9 tous les regards\"}]},{\"@type\":\"WebSite\",\"@id\":\"https:\\\/\\\/www.sebastien-auziere.fr\\\/blog\\\/#website\",\"url\":\"https:\\\/\\\/www.sebastien-auziere.fr\\\/blog\\\/\",\"name\":\"Fan site S\u00e9bastien Auzi\u00e8re\",\"description\":\"M\u00e9dia g\u00e9n\u00e9raliste\",\"publisher\":{\"@id\":\"https:\\\/\\\/www.sebastien-auziere.fr\\\/blog\\\/#organization\"},\"potentialAction\":[{\"@type\":\"SearchAction\",\"target\":{\"@type\":\"EntryPoint\",\"urlTemplate\":\"https:\\\/\\\/www.sebastien-auziere.fr\\\/blog\\\/?s={search_term_string}\"},\"query-input\":{\"@type\":\"PropertyValueSpecification\",\"valueRequired\":true,\"valueName\":\"search_term_string\"}}],\"inLanguage\":\"fr-FR\"},{\"@type\":\"Organization\",\"@id\":\"https:\\\/\\\/www.sebastien-auziere.fr\\\/blog\\\/#organization\",\"name\":\"Fan site S\u00e9bastien Auzi\u00e8re\",\"url\":\"https:\\\/\\\/www.sebastien-auziere.fr\\\/blog\\\/\",\"logo\":{\"@type\":\"ImageObject\",\"inLanguage\":\"fr-FR\",\"@id\":\"https:\\\/\\\/www.sebastien-auziere.fr\\\/blog\\\/#\\\/schema\\\/logo\\\/image\\\/\",\"url\":\"https:\\\/\\\/www.sebastien-auziere.fr\\\/blog\\\/wp-content\\\/uploads\\\/2026\\\/03\\\/cropped-cropped-cropped-ChatGPT-Image-6-mars-2026-12_58_09-e1772798376794.jpg\",\"contentUrl\":\"https:\\\/\\\/www.sebastien-auziere.fr\\\/blog\\\/wp-content\\\/uploads\\\/2026\\\/03\\\/cropped-cropped-cropped-ChatGPT-Image-6-mars-2026-12_58_09-e1772798376794.jpg\",\"width\":512,\"height\":360,\"caption\":\"Fan site S\u00e9bastien Auzi\u00e8re\"},\"image\":{\"@id\":\"https:\\\/\\\/www.sebastien-auziere.fr\\\/blog\\\/#\\\/schema\\\/logo\\\/image\\\/\"}},{\"@type\":\"Person\",\"@id\":\"https:\\\/\\\/www.sebastien-auziere.fr\\\/blog\\\/#\\\/schema\\\/person\\\/149f1acdbfd85149c6c3e59adeae2f4d\",\"name\":\"Chloe Gauthier\",\"image\":{\"@type\":\"ImageObject\",\"inLanguage\":\"fr-FR\",\"@id\":\"https:\\\/\\\/secure.gravatar.com\\\/avatar\\\/2c5722f58171cff738a8985ef0dd66b476e563753246a49019befc837ec4201a?s=96&d=mm&r=g\",\"url\":\"https:\\\/\\\/secure.gravatar.com\\\/avatar\\\/2c5722f58171cff738a8985ef0dd66b476e563753246a49019befc837ec4201a?s=96&d=mm&r=g\",\"contentUrl\":\"https:\\\/\\\/secure.gravatar.com\\\/avatar\\\/2c5722f58171cff738a8985ef0dd66b476e563753246a49019befc837ec4201a?s=96&d=mm&r=g\",\"caption\":\"Chloe Gauthier\"},\"description\":\"Passionn\u00e9e par la politique et admiratrice engag\u00e9e de la famille Macron, je consacre mon \u00e9nergie \u00e0 suivre leurs initiatives et \u00e0 promouvoir leurs id\u00e9es. \u00c0 32 ans, je suis convaincue que leur vision est porteuse d'avenir.\",\"url\":\"https:\\\/\\\/www.sebastien-auziere.fr\\\/blog\\\/author\\\/chloe-gauthier\\\/\"}]}<\/script>\n<!-- \/ Yoast SEO plugin. -->","yoast_head_json":{"title":"Giorgia Meloni accueillie \u00e0 l\u2019\u00c9lys\u00e9e par Emmanuel Macron : la voiture italienne qui a captiv\u00e9 tous les regards - Fan site S\u00e9bastien Auzi\u00e8re","description":"Giorgia Meloni re\u00e7ue \u00e0 l\u2019\u00c9lys\u00e9e par Emmanuel Macron : d\u00e9couvrez la voiture italienne qui a s\u00e9duit tous les invit\u00e9s lors de cette rencontre prestigieuse.","robots":{"index":"index","follow":"follow","max-snippet":"max-snippet:-1","max-image-preview":"max-image-preview:large","max-video-preview":"max-video-preview:-1"},"canonical":"https:\/\/www.sebastien-auziere.fr\/blog\/giorgia-meloni-elysee-voiture\/","og_locale":"fr_FR","og_type":"article","og_title":"Giorgia Meloni accueillie \u00e0 l\u2019\u00c9lys\u00e9e par Emmanuel Macron : la voiture italienne qui a captiv\u00e9 tous les regards - Fan site S\u00e9bastien Auzi\u00e8re","og_description":"Giorgia Meloni re\u00e7ue \u00e0 l\u2019\u00c9lys\u00e9e par Emmanuel Macron : d\u00e9couvrez la voiture italienne qui a s\u00e9duit tous les invit\u00e9s lors de cette rencontre prestigieuse.","og_url":"https:\/\/www.sebastien-auziere.fr\/blog\/giorgia-meloni-elysee-voiture\/","og_site_name":"Fan site S\u00e9bastien Auzi\u00e8re","article_published_time":"2026-04-18T07:11:22+00:00","og_image":[{"width":2560,"height":1429,"url":"https:\/\/www.sebastien-auziere.fr\/blog\/wp-content\/uploads\/2026\/04\/Giorgia-Meloni-accueillie-a-lElysee-par-Emmanuel-Macron-la-voiture-italienne-qui-a-captive-tous-les-regards.jpg","type":"image\/jpeg"}],"author":"Chloe Gauthier","twitter_card":"summary_large_image","twitter_misc":{"\u00c9crit par":"Chloe Gauthier","Dur\u00e9e de lecture estim\u00e9e":"2 minutes"},"schema":{"@context":"https:\/\/schema.org","@graph":[{"@type":"Article","@id":"https:\/\/www.sebastien-auziere.fr\/blog\/giorgia-meloni-elysee-voiture\/#article","isPartOf":{"@id":"https:\/\/www.sebastien-auziere.fr\/blog\/giorgia-meloni-elysee-voiture\/"},"author":{"name":"Chloe Gauthier","@id":"https:\/\/www.sebastien-auziere.fr\/blog\/#\/schema\/person\/149f1acdbfd85149c6c3e59adeae2f4d"},"headline":"Giorgia Meloni accueillie \u00e0 l\u2019\u00c9lys\u00e9e par Emmanuel Macron : la voiture italienne qui a captiv\u00e9 tous les regards","datePublished":"2026-04-18T07:11:22+00:00","mainEntityOfPage":{"@id":"https:\/\/www.sebastien-auziere.fr\/blog\/giorgia-meloni-elysee-voiture\/"},"wordCount":492,"commentCount":0,"publisher":{"@id":"https:\/\/www.sebastien-auziere.fr\/blog\/#organization"},"image":{"@id":"https:\/\/www.sebastien-auziere.fr\/blog\/giorgia-meloni-elysee-voiture\/#primaryimage"},"thumbnailUrl":"https:\/\/www.sebastien-auziere.fr\/blog\/wp-content\/uploads\/2026\/04\/Giorgia-Meloni-accueillie-a-lElysee-par-Emmanuel-Macron-la-voiture-italienne-qui-a-captive-tous-les-regards.jpg","keywords":["\u00e9lys\u00e9e","emmanuel macron","giorgia meloni","rencontre politique","voiture italienne"],"articleSection":["Actualit\u00e9s"],"inLanguage":"fr-FR","potentialAction":[{"@type":"CommentAction","name":"Comment","target":["https:\/\/www.sebastien-auziere.fr\/blog\/giorgia-meloni-elysee-voiture\/#respond"]}]},{"@type":"WebPage","@id":"https:\/\/www.sebastien-auziere.fr\/blog\/giorgia-meloni-elysee-voiture\/","url":"https:\/\/www.sebastien-auziere.fr\/blog\/giorgia-meloni-elysee-voiture\/","name":"Giorgia Meloni accueillie \u00e0 l\u2019\u00c9lys\u00e9e par Emmanuel Macron : la voiture italienne qui a captiv\u00e9 tous les regards - Fan site S\u00e9bastien Auzi\u00e8re","isPartOf":{"@id":"https:\/\/www.sebastien-auziere.fr\/blog\/#website"},"primaryImageOfPage":{"@id":"https:\/\/www.sebastien-auziere.fr\/blog\/giorgia-meloni-elysee-voiture\/#primaryimage"},"image":{"@id":"https:\/\/www.sebastien-auziere.fr\/blog\/giorgia-meloni-elysee-voiture\/#primaryimage"},"thumbnailUrl":"https:\/\/www.sebastien-auziere.fr\/blog\/wp-content\/uploads\/2026\/04\/Giorgia-Meloni-accueillie-a-lElysee-par-Emmanuel-Macron-la-voiture-italienne-qui-a-captive-tous-les-regards.jpg","datePublished":"2026-04-18T07:11:22+00:00","description":"Giorgia Meloni re\u00e7ue \u00e0 l\u2019\u00c9lys\u00e9e par Emmanuel Macron : d\u00e9couvrez la voiture italienne qui a s\u00e9duit tous les invit\u00e9s lors de cette rencontre prestigieuse.","breadcrumb":{"@id":"https:\/\/www.sebastien-auziere.fr\/blog\/giorgia-meloni-elysee-voiture\/#breadcrumb"},"inLanguage":"fr-FR","potentialAction":[{"@type":"ReadAction","target":["https:\/\/www.sebastien-auziere.fr\/blog\/giorgia-meloni-elysee-voiture\/"]}]},{"@type":"ImageObject","inLanguage":"fr-FR","@id":"https:\/\/www.sebastien-auziere.fr\/blog\/giorgia-meloni-elysee-voiture\/#primaryimage","url":"https:\/\/www.sebastien-auziere.fr\/blog\/wp-content\/uploads\/2026\/04\/Giorgia-Meloni-accueillie-a-lElysee-par-Emmanuel-Macron-la-voiture-italienne-qui-a-captive-tous-les-regards.jpg","contentUrl":"https:\/\/www.sebastien-auziere.fr\/blog\/wp-content\/uploads\/2026\/04\/Giorgia-Meloni-accueillie-a-lElysee-par-Emmanuel-Macron-la-voiture-italienne-qui-a-captive-tous-les-regards.jpg","width":2560,"height":1429,"caption":"d\u00e9couvrez l'accueil officiel de giorgia meloni \u00e0 l\u2019\u00e9lys\u00e9e par emmanuel macron, o\u00f9 une voiture italienne d'exception a attir\u00e9 l'attention de tous les invit\u00e9s."},{"@type":"BreadcrumbList","@id":"https:\/\/www.sebastien-auziere.fr\/blog\/giorgia-meloni-elysee-voiture\/#breadcrumb","itemListElement":[{"@type":"ListItem","position":1,"name":"Home","item":"https:\/\/www.sebastien-auziere.fr\/blog\/"},{"@type":"ListItem","position":2,"name":"Giorgia Meloni accueillie \u00e0 l\u2019\u00c9lys\u00e9e par Emmanuel Macron : la voiture italienne qui a captiv\u00e9 tous les regards"}]},{"@type":"WebSite","@id":"https:\/\/www.sebastien-auziere.fr\/blog\/#website","url":"https:\/\/www.sebastien-auziere.fr\/blog\/","name":"Fan site S\u00e9bastien Auzi\u00e8re","description":"M\u00e9dia g\u00e9n\u00e9raliste","publisher":{"@id":"https:\/\/www.sebastien-auziere.fr\/blog\/#organization"},"potentialAction":[{"@type":"SearchAction","target":{"@type":"EntryPoint","urlTemplate":"https:\/\/www.sebastien-auziere.fr\/blog\/?s={search_term_string}"},"query-input":{"@type":"PropertyValueSpecification","valueRequired":true,"valueName":"search_term_string"}}],"inLanguage":"fr-FR"},{"@type":"Organization","@id":"https:\/\/www.sebastien-auziere.fr\/blog\/#organization","name":"Fan site S\u00e9bastien Auzi\u00e8re","url":"https:\/\/www.sebastien-auziere.fr\/blog\/","logo":{"@type":"ImageObject","inLanguage":"fr-FR","@id":"https:\/\/www.sebastien-auziere.fr\/blog\/#\/schema\/logo\/image\/","url":"https:\/\/www.sebastien-auziere.fr\/blog\/wp-content\/uploads\/2026\/03\/cropped-cropped-cropped-ChatGPT-Image-6-mars-2026-12_58_09-e1772798376794.jpg","contentUrl":"https:\/\/www.sebastien-auziere.fr\/blog\/wp-content\/uploads\/2026\/03\/cropped-cropped-cropped-ChatGPT-Image-6-mars-2026-12_58_09-e1772798376794.jpg","width":512,"height":360,"caption":"Fan site S\u00e9bastien Auzi\u00e8re"},"image":{"@id":"https:\/\/www.sebastien-auziere.fr\/blog\/#\/schema\/logo\/image\/"}},{"@type":"Person","@id":"https:\/\/www.sebastien-auziere.fr\/blog\/#\/schema\/person\/149f1acdbfd85149c6c3e59adeae2f4d","name":"Chloe Gauthier","image":{"@type":"ImageObject","inLanguage":"fr-FR","@id":"https:\/\/secure.gravatar.com\/avatar\/2c5722f58171cff738a8985ef0dd66b476e563753246a49019befc837ec4201a?s=96&d=mm&r=g","url":"https:\/\/secure.gravatar.com\/avatar\/2c5722f58171cff738a8985ef0dd66b476e563753246a49019befc837ec4201a?s=96&d=mm&r=g","contentUrl":"https:\/\/secure.gravatar.com\/avatar\/2c5722f58171cff738a8985ef0dd66b476e563753246a49019befc837ec4201a?s=96&d=mm&r=g","caption":"Chloe Gauthier"},"description":"Passionn\u00e9e par la politique et admiratrice engag\u00e9e de la famille Macron, je consacre mon \u00e9nergie \u00e0 suivre leurs initiatives et \u00e0 promouvoir leurs id\u00e9es. \u00c0 32 ans, je suis convaincue que leur vision est porteuse d'avenir.","url":"https:\/\/www.sebastien-auziere.fr\/blog\/author\/chloe-gauthier\/"}]}},"views":980,"_links":{"self":[{"href":"https:\/\/www.sebastien-auziere.fr\/blog\/wp-json\/wp\/v2\/posts\/3117","targetHints":{"allow":["GET"]}}],"collection":[{"href":"https:\/\/www.sebastien-auziere.fr\/blog\/wp-json\/wp\/v2\/posts"}],"about":[{"href":"https:\/\/www.sebastien-auziere.fr\/blog\/wp-json\/wp\/v2\/types\/post"}],"author":[{"embeddable":true,"href":"https:\/\/www.sebastien-auziere.fr\/blog\/wp-json\/wp\/v2\/users\/9"}],"replies":[{"embeddable":true,"href":"https:\/\/www.sebastien-auziere.fr\/blog\/wp-json\/wp\/v2\/comments?post=3117"}],"version-history":[{"count":0,"href":"https:\/\/www.sebastien-auziere.fr\/blog\/wp-json\/wp\/v2\/posts\/3117\/revisions"}],"wp:featuredmedia":[{"embeddable":true,"href":"https:\/\/www.sebastien-auziere.fr\/blog\/wp-json\/wp\/v2\/media\/3116"}],"wp:attachment":[{"href":"https:\/\/www.sebastien-auziere.fr\/blog\/wp-json\/wp\/v2\/media?parent=3117"}],"wp:term":[{"taxonomy":"category","embeddable":true,"href":"https:\/\/www.sebastien-auziere.fr\/blog\/wp-json\/wp\/v2\/categories?post=3117"},{"taxonomy":"post_tag","embeddable":true,"href":"https:\/\/www.sebastien-auziere.fr\/blog\/wp-json\/wp\/v2\/tags?post=3117"}],"curies":[{"name":"wp","href":"https:\/\/api.w.org\/{rel}","templated":true}]}}