{"id":3112,"date":"2026-04-17T19:12:59","date_gmt":"2026-04-17T19:12:59","guid":{"rendered":"https:\/\/www.sebastien-auziere.fr\/blog\/?p=3112"},"modified":"2026-04-17T19:13:22","modified_gmt":"2026-04-17T19:13:22","slug":"brigitte-macron-brilha-em-vestido-vermelho-e-coque-dourado-durante-o-jantar-de-estado-mauritano-no-palacio-do-eliseu","status":"publish","type":"post","link":"https:\/\/www.sebastien-auziere.fr\/blog\/pt\/brigitte-macron-brilha-em-vestido-vermelho-e-coque-dourado-durante-o-jantar-de-estado-mauritano-no-palacio-do-eliseu\/","title":{"rendered":"Brigitte Macron brilha em vestido vermelho e coque dourado durante o jantar de Estado mauritano no Pal\u00e1cio do Eliseu"},"content":{"rendered":"<p>Quarta-feira, 15 de abril de 2026, <strong>Brigitte Macron<\/strong> brilhou nas escadas do <strong>Pal\u00e1cio El\u00edsio<\/strong> ao chegar ao <strong>jantar de estado<\/strong> dado para o presidente da <strong>Maurit\u00e2nia<\/strong>. Seu <strong>vestido vermelho<\/strong> longo e seu <strong>coque dourado<\/strong> imediatamente chamaram a aten\u00e7\u00e3o dos fot\u00f3grafos e dos convidados, confirmando uma li\u00e7\u00e3o de <strong>moda<\/strong> perfeitamente dominada pela <strong>primeira-dama<\/strong>.<\/p>\n\n<p><strong>Resumindo:<\/strong> Este <strong>evento oficial<\/strong> de 15 de abril marcou o in\u00edcio de uma visita de tr\u00eas dias do presidente Mohamed Ould Ghazouani \u00e0 Fran\u00e7a. O traje da Primeira Dama, acompanhado de um colar Louis Vuitton Flower Comet e uma clutch Balmain, foi amplamente divulgado pela imprensa nacional e internacional.<\/p>\n\n<h2 class=\"wp-block-heading\">Brigitte Macron: o <strong>vestido vermelho<\/strong> e o <strong>coque dourado<\/strong> que fizeram sensa\u00e7\u00e3o<\/h2>\n\n<p>Com um vestido justo at\u00e9 os tornozelos, de gola redonda e mangas longas, <strong>Brigitte Macron<\/strong> escolheu um corte s\u00f3brio destacado por uma cor vermelha vibrante que remete \u00e0 bandeira mauritana. Os acess\u00f3rios, incluindo uma clutch Balmain de couro preto e sapatos de salto combinando, completaram o visual com discri\u00e7\u00e3o.<\/p>\n\n<p>Para uma an\u00e1lise detalhada das pe\u00e7as usadas naquela noite, encontre uma an\u00e1lise completa sobre <a href=\"https:\/\/www.sebastien-auziere.fr\/blog\/brigitte-macron-robe-rouge\/\">o traje da Primeira Dama<\/a> e um coment\u00e1rio sobre moda na imprensa especializada como <a href=\"https:\/\/www.parismatch.com\/actu\/politique\/parure-doree-et-robe-de-bal-rouge-brigitte-macron-sur-son-31-pour-accueillir-le-couple-presidentiel-mauritanien-267612\">Paris Match<\/a>.<\/p>\n\n<h2 class=\"wp-block-heading\">Um <strong>jantar de estado<\/strong> hist\u00f3rico com a <strong>Maurit\u00e2nia<\/strong><\/h2>\n\n<p>A recep\u00e7\u00e3o do presidente Mohamed Ould Ghazouani e de sua esposa deu in\u00edcio a uma visita oficial de tr\u00eas dias, a primeira do tipo em mais de trinta anos para a Maurit\u00e2nia na Fran\u00e7a. A agenda inclui Brest e encontros sobre coopera\u00e7\u00e3o mar\u00edtima, ilustrando o fortalecimento dos la\u00e7os entre Paris e Nouakchott.<\/p>\n\n<p>Este encontro diplom\u00e1tico, organizado no <strong>Pal\u00e1cio El\u00edsio<\/strong>, resultou em trocas pol\u00edticas e culturais acompanhadas pelos meios de comunica\u00e7\u00e3o; para uma vis\u00e3o das repercuss\u00f5es midi\u00e1ticas, consulte tamb\u00e9m o relat\u00f3rio de <a href=\"https:\/\/www.closermag.fr\/politique\/brigitte-macron-a-73-ans-la-premiere-dame-resplendissante-dans-une-longue-robe-rouge-carmin-une-nouveaute-interpelle-3630688\">Closer<\/a>.<\/p>\n\n<h3 class=\"wp-block-heading\">A <strong>moda<\/strong> a servi\u00e7o de uma mensagem<\/h3>\n\n<p>A escolha do vermelho n\u00e3o foi ao acaso: cria um v\u00ednculo visual com o convidado de honra enquanto afirma uma presen\u00e7a refinada. O colar Flower Comet da Louis Vuitton, em forma de meteoro, trouxe um toque contempor\u00e2neo, destacando o equil\u00edbrio entre classicismo e ousadia.<\/p>\n\n<p>Essa mistura de sobriedade e brilho ilustra como a <strong>primeira-dama<\/strong> utiliza a <strong>moda<\/strong> durante um <strong>evento oficial<\/strong> para transmitir uma imagem de continuidade e abertura.<\/p>\n\n<h2 class=\"wp-block-heading\">Rea\u00e7\u00f5es, m\u00eddias e impacto cultural<\/h2>\n\n<p>As fotografias daquela noite foram reprisadas por v\u00e1rios ve\u00edculos e alimentaram discuss\u00f5es nas redes sociais, confirmando o papel de \u00edcone que a Primeira Dama desempenha no universo da <strong>moda<\/strong> pol\u00edtica. A imprensa elogiou a eleg\u00e2ncia moderada e a simbologia da escolha crom\u00e1tica.<\/p>\n\n<p>Para aprofundar os bastidores do estilo e dos locais, um dossi\u00ea completo est\u00e1 dispon\u00edvel em <a href=\"https:\/\/www.sebastien-auziere.fr\/blog\/brigitte-macron-robe-elegante\/\">sebastien-auziere.fr<\/a> e em v\u00e1rias se\u00e7\u00f5es especializadas que comentaram esta apari\u00e7\u00e3o.<\/p>\n\n<p>Para saber mais sobre <strong>S\u00e9bastien Auzi\u00e8re<\/strong>, a fam\u00edlia Macron e os detalhes daquela noite, acesse <a href=\"https:\/\/www.sebastien-auziere.fr\/blog\/brigitte-macron-robe-elegante\/\">sebastien-auziere.fr<\/a>: an\u00e1lises, fotos e relatos completos esperam por voc\u00ea para continuar a descoberta.<\/p>","protected":false},"excerpt":{"rendered":"<p>Quarta-feira, 15 de abril de 2026, Brigitte Macron brilhou nas escadas do Pal\u00e1cio El\u00edsio ao chegar ao jantar de estado dado para o presidente da Maurit\u00e2nia. Seu vestido vermelho longo e seu coque dourado imediatamente chamaram a aten\u00e7\u00e3o dos fot\u00f3grafos e dos convidados, confirmando uma li\u00e7\u00e3o de moda perfeitamente dominada pela primeira-dama. Resumindo: Este evento &#8230; <a title=\"Brigitte Macron brilha em vestido vermelho e coque dourado durante o jantar de Estado mauritano no Pal\u00e1cio do Eliseu\" class=\"read-more\" href=\"https:\/\/www.sebastien-auziere.fr\/blog\/pt\/brigitte-macron-brilha-em-vestido-vermelho-e-coque-dourado-durante-o-jantar-de-estado-mauritano-no-palacio-do-eliseu\/\" aria-label=\"En savoir plus sur Brigitte Macron brilha em vestido vermelho e coque dourado durante o jantar de Estado mauritano no Pal\u00e1cio do Eliseu\">Lire plus<\/a><\/p>\n","protected":false},"author":9,"featured_media":3102,"comment_status":"open","ping_status":"open","sticky":false,"template":"","format":"standard","meta":{"footnotes":""},"categories":[862],"tags":[959,3315,1199,3318,3210],"class_list":["post-3112","post","type-post","status-publish","format-standard","has-post-thumbnail","hentry","category-actualidades-pt","tag-brigitte-macron-pt","tag-chignon-dourado-pt","tag-jantar-de-estado-pt","tag-mauritania-pt","tag-robe-vermelha-pt"],"yoast_head":"<!-- This site is optimized with the Yoast SEO plugin v27.5 - https:\/\/yoast.com\/product\/yoast-seo-wordpress\/ -->\n<title>Brigitte Macron brilha em vestido vermelho e coque dourado durante o jantar de Estado mauritano no Pal\u00e1cio do Eliseu - Fan site S\u00e9bastien Auzi\u00e8re<\/title>\n<meta name=\"description\" content=\"Brigitte Macron \u00e9blouit en robe rouge et chignon dor\u00e9 lors du d\u00eener d&#039;\u00c9tat mauritanien \u00e0 l&#039;\u00c9lys\u00e9e, captivant tous les regards.\" \/>\n<meta name=\"robots\" content=\"index, follow, max-snippet:-1, max-image-preview:large, max-video-preview:-1\" \/>\n<link rel=\"canonical\" href=\"https:\/\/www.sebastien-auziere.fr\/blog\/pt\/brigitte-macron-brilha-em-vestido-vermelho-e-coque-dourado-durante-o-jantar-de-estado-mauritano-no-palacio-do-eliseu\/\" \/>\n<meta property=\"og:locale\" content=\"fr_FR\" \/>\n<meta property=\"og:type\" content=\"article\" \/>\n<meta property=\"og:title\" content=\"Brigitte Macron brilha em vestido vermelho e coque dourado durante o jantar de Estado mauritano no Pal\u00e1cio do Eliseu - Fan site S\u00e9bastien Auzi\u00e8re\" \/>\n<meta property=\"og:description\" content=\"Brigitte Macron \u00e9blouit en robe rouge et chignon dor\u00e9 lors du d\u00eener d&#039;\u00c9tat mauritanien \u00e0 l&#039;\u00c9lys\u00e9e, captivant tous les regards.\" \/>\n<meta property=\"og:url\" content=\"https:\/\/www.sebastien-auziere.fr\/blog\/pt\/brigitte-macron-brilha-em-vestido-vermelho-e-coque-dourado-durante-o-jantar-de-estado-mauritano-no-palacio-do-eliseu\/\" \/>\n<meta property=\"og:site_name\" content=\"Fan site S\u00e9bastien Auzi\u00e8re\" \/>\n<meta property=\"article:published_time\" content=\"2026-04-17T19:12:59+00:00\" \/>\n<meta property=\"article:modified_time\" content=\"2026-04-17T19:13:22+00:00\" \/>\n<meta property=\"og:image\" content=\"https:\/\/www.sebastien-auziere.fr\/blog\/wp-content\/uploads\/2026\/04\/Brigitte-Macron-eblouit-en-robe-rouge-et-chignon-dore-lors-du-diner-dEtat-mauritanien-a-lElysee.jpg\" \/>\n\t<meta property=\"og:image:width\" content=\"2560\" \/>\n\t<meta property=\"og:image:height\" content=\"1429\" \/>\n\t<meta property=\"og:image:type\" content=\"image\/jpeg\" \/>\n<meta name=\"author\" content=\"Chloe Gauthier\" \/>\n<meta name=\"twitter:card\" content=\"summary_large_image\" \/>\n<meta name=\"twitter:label1\" content=\"\u00c9crit par\" \/>\n\t<meta name=\"twitter:data1\" content=\"Chloe Gauthier\" \/>\n\t<meta name=\"twitter:label2\" content=\"Dur\u00e9e de lecture estim\u00e9e\" \/>\n\t<meta name=\"twitter:data2\" content=\"3 minutes\" \/>\n<script type=\"application\/ld+json\" class=\"yoast-schema-graph\">{\"@context\":\"https:\\\/\\\/schema.org\",\"@graph\":[{\"@type\":\"Article\",\"@id\":\"https:\\\/\\\/www.sebastien-auziere.fr\\\/blog\\\/pt\\\/brigitte-macron-brilha-em-vestido-vermelho-e-coque-dourado-durante-o-jantar-de-estado-mauritano-no-palacio-do-eliseu\\\/#article\",\"isPartOf\":{\"@id\":\"https:\\\/\\\/www.sebastien-auziere.fr\\\/blog\\\/pt\\\/brigitte-macron-brilha-em-vestido-vermelho-e-coque-dourado-durante-o-jantar-de-estado-mauritano-no-palacio-do-eliseu\\\/\"},\"author\":{\"name\":\"Chloe Gauthier\",\"@id\":\"https:\\\/\\\/www.sebastien-auziere.fr\\\/blog\\\/#\\\/schema\\\/person\\\/149f1acdbfd85149c6c3e59adeae2f4d\"},\"headline\":\"Brigitte Macron brilha em vestido vermelho e coque dourado durante o jantar de Estado mauritano no Pal\u00e1cio do Eliseu\",\"datePublished\":\"2026-04-17T19:12:59+00:00\",\"dateModified\":\"2026-04-17T19:13:22+00:00\",\"mainEntityOfPage\":{\"@id\":\"https:\\\/\\\/www.sebastien-auziere.fr\\\/blog\\\/pt\\\/brigitte-macron-brilha-em-vestido-vermelho-e-coque-dourado-durante-o-jantar-de-estado-mauritano-no-palacio-do-eliseu\\\/\"},\"wordCount\":534,\"commentCount\":0,\"publisher\":{\"@id\":\"https:\\\/\\\/www.sebastien-auziere.fr\\\/blog\\\/#organization\"},\"image\":{\"@id\":\"https:\\\/\\\/www.sebastien-auziere.fr\\\/blog\\\/pt\\\/brigitte-macron-brilha-em-vestido-vermelho-e-coque-dourado-durante-o-jantar-de-estado-mauritano-no-palacio-do-eliseu\\\/#primaryimage\"},\"thumbnailUrl\":\"https:\\\/\\\/www.sebastien-auziere.fr\\\/blog\\\/wp-content\\\/uploads\\\/2026\\\/04\\\/Brigitte-Macron-eblouit-en-robe-rouge-et-chignon-dore-lors-du-diner-dEtat-mauritanien-a-lElysee.jpg\",\"keywords\":[\"brigitte macron\",\"chignon dourado\",\"jantar de estado\",\"maurit\u00e2nia\",\"robe vermelha\"],\"articleSection\":[\"Actualidades\"],\"inLanguage\":\"fr-FR\",\"potentialAction\":[{\"@type\":\"CommentAction\",\"name\":\"Comment\",\"target\":[\"https:\\\/\\\/www.sebastien-auziere.fr\\\/blog\\\/pt\\\/brigitte-macron-brilha-em-vestido-vermelho-e-coque-dourado-durante-o-jantar-de-estado-mauritano-no-palacio-do-eliseu\\\/#respond\"]}]},{\"@type\":\"WebPage\",\"@id\":\"https:\\\/\\\/www.sebastien-auziere.fr\\\/blog\\\/pt\\\/brigitte-macron-brilha-em-vestido-vermelho-e-coque-dourado-durante-o-jantar-de-estado-mauritano-no-palacio-do-eliseu\\\/\",\"url\":\"https:\\\/\\\/www.sebastien-auziere.fr\\\/blog\\\/pt\\\/brigitte-macron-brilha-em-vestido-vermelho-e-coque-dourado-durante-o-jantar-de-estado-mauritano-no-palacio-do-eliseu\\\/\",\"name\":\"Brigitte Macron brilha em vestido vermelho e coque dourado durante o jantar de Estado mauritano no Pal\u00e1cio do Eliseu - Fan site S\u00e9bastien Auzi\u00e8re\",\"isPartOf\":{\"@id\":\"https:\\\/\\\/www.sebastien-auziere.fr\\\/blog\\\/#website\"},\"primaryImageOfPage\":{\"@id\":\"https:\\\/\\\/www.sebastien-auziere.fr\\\/blog\\\/pt\\\/brigitte-macron-brilha-em-vestido-vermelho-e-coque-dourado-durante-o-jantar-de-estado-mauritano-no-palacio-do-eliseu\\\/#primaryimage\"},\"image\":{\"@id\":\"https:\\\/\\\/www.sebastien-auziere.fr\\\/blog\\\/pt\\\/brigitte-macron-brilha-em-vestido-vermelho-e-coque-dourado-durante-o-jantar-de-estado-mauritano-no-palacio-do-eliseu\\\/#primaryimage\"},\"thumbnailUrl\":\"https:\\\/\\\/www.sebastien-auziere.fr\\\/blog\\\/wp-content\\\/uploads\\\/2026\\\/04\\\/Brigitte-Macron-eblouit-en-robe-rouge-et-chignon-dore-lors-du-diner-dEtat-mauritanien-a-lElysee.jpg\",\"datePublished\":\"2026-04-17T19:12:59+00:00\",\"dateModified\":\"2026-04-17T19:13:22+00:00\",\"description\":\"Brigitte Macron \u00e9blouit en robe rouge et chignon dor\u00e9 lors du d\u00eener d'\u00c9tat mauritanien \u00e0 l'\u00c9lys\u00e9e, captivant tous les regards.\",\"breadcrumb\":{\"@id\":\"https:\\\/\\\/www.sebastien-auziere.fr\\\/blog\\\/pt\\\/brigitte-macron-brilha-em-vestido-vermelho-e-coque-dourado-durante-o-jantar-de-estado-mauritano-no-palacio-do-eliseu\\\/#breadcrumb\"},\"inLanguage\":\"fr-FR\",\"potentialAction\":[{\"@type\":\"ReadAction\",\"target\":[\"https:\\\/\\\/www.sebastien-auziere.fr\\\/blog\\\/pt\\\/brigitte-macron-brilha-em-vestido-vermelho-e-coque-dourado-durante-o-jantar-de-estado-mauritano-no-palacio-do-eliseu\\\/\"]}]},{\"@type\":\"ImageObject\",\"inLanguage\":\"fr-FR\",\"@id\":\"https:\\\/\\\/www.sebastien-auziere.fr\\\/blog\\\/pt\\\/brigitte-macron-brilha-em-vestido-vermelho-e-coque-dourado-durante-o-jantar-de-estado-mauritano-no-palacio-do-eliseu\\\/#primaryimage\",\"url\":\"https:\\\/\\\/www.sebastien-auziere.fr\\\/blog\\\/wp-content\\\/uploads\\\/2026\\\/04\\\/Brigitte-Macron-eblouit-en-robe-rouge-et-chignon-dore-lors-du-diner-dEtat-mauritanien-a-lElysee.jpg\",\"contentUrl\":\"https:\\\/\\\/www.sebastien-auziere.fr\\\/blog\\\/wp-content\\\/uploads\\\/2026\\\/04\\\/Brigitte-Macron-eblouit-en-robe-rouge-et-chignon-dore-lors-du-diner-dEtat-mauritanien-a-lElysee.jpg\",\"width\":2560,\"height\":1429,\"caption\":\"d\u00e9couvrez comment brigitte macron a captiv\u00e9 tous les regards en robe rouge \u00e9clatante et chignon dor\u00e9 lors du d\u00eener d'\u00e9tat mauritanien \u00e0 l'\u00e9lys\u00e9e, alliant \u00e9l\u00e9gance et raffinement.\"},{\"@type\":\"BreadcrumbList\",\"@id\":\"https:\\\/\\\/www.sebastien-auziere.fr\\\/blog\\\/pt\\\/brigitte-macron-brilha-em-vestido-vermelho-e-coque-dourado-durante-o-jantar-de-estado-mauritano-no-palacio-do-eliseu\\\/#breadcrumb\",\"itemListElement\":[{\"@type\":\"ListItem\",\"position\":1,\"name\":\"Home\",\"item\":\"https:\\\/\\\/www.sebastien-auziere.fr\\\/blog\\\/\"},{\"@type\":\"ListItem\",\"position\":2,\"name\":\"Brigitte Macron brilha em vestido vermelho e coque dourado durante o jantar de Estado mauritano no Pal\u00e1cio do Eliseu\"}]},{\"@type\":\"WebSite\",\"@id\":\"https:\\\/\\\/www.sebastien-auziere.fr\\\/blog\\\/#website\",\"url\":\"https:\\\/\\\/www.sebastien-auziere.fr\\\/blog\\\/\",\"name\":\"Fan site S\u00e9bastien Auzi\u00e8re\",\"description\":\"M\u00e9dia g\u00e9n\u00e9raliste\",\"publisher\":{\"@id\":\"https:\\\/\\\/www.sebastien-auziere.fr\\\/blog\\\/#organization\"},\"potentialAction\":[{\"@type\":\"SearchAction\",\"target\":{\"@type\":\"EntryPoint\",\"urlTemplate\":\"https:\\\/\\\/www.sebastien-auziere.fr\\\/blog\\\/?s={search_term_string}\"},\"query-input\":{\"@type\":\"PropertyValueSpecification\",\"valueRequired\":true,\"valueName\":\"search_term_string\"}}],\"inLanguage\":\"fr-FR\"},{\"@type\":\"Organization\",\"@id\":\"https:\\\/\\\/www.sebastien-auziere.fr\\\/blog\\\/#organization\",\"name\":\"Fan site S\u00e9bastien Auzi\u00e8re\",\"url\":\"https:\\\/\\\/www.sebastien-auziere.fr\\\/blog\\\/\",\"logo\":{\"@type\":\"ImageObject\",\"inLanguage\":\"fr-FR\",\"@id\":\"https:\\\/\\\/www.sebastien-auziere.fr\\\/blog\\\/#\\\/schema\\\/logo\\\/image\\\/\",\"url\":\"https:\\\/\\\/www.sebastien-auziere.fr\\\/blog\\\/wp-content\\\/uploads\\\/2026\\\/03\\\/cropped-cropped-cropped-ChatGPT-Image-6-mars-2026-12_58_09-e1772798376794.jpg\",\"contentUrl\":\"https:\\\/\\\/www.sebastien-auziere.fr\\\/blog\\\/wp-content\\\/uploads\\\/2026\\\/03\\\/cropped-cropped-cropped-ChatGPT-Image-6-mars-2026-12_58_09-e1772798376794.jpg\",\"width\":512,\"height\":360,\"caption\":\"Fan site S\u00e9bastien Auzi\u00e8re\"},\"image\":{\"@id\":\"https:\\\/\\\/www.sebastien-auziere.fr\\\/blog\\\/#\\\/schema\\\/logo\\\/image\\\/\"}},{\"@type\":\"Person\",\"@id\":\"https:\\\/\\\/www.sebastien-auziere.fr\\\/blog\\\/#\\\/schema\\\/person\\\/149f1acdbfd85149c6c3e59adeae2f4d\",\"name\":\"Chloe Gauthier\",\"image\":{\"@type\":\"ImageObject\",\"inLanguage\":\"fr-FR\",\"@id\":\"https:\\\/\\\/secure.gravatar.com\\\/avatar\\\/2c5722f58171cff738a8985ef0dd66b476e563753246a49019befc837ec4201a?s=96&d=mm&r=g\",\"url\":\"https:\\\/\\\/secure.gravatar.com\\\/avatar\\\/2c5722f58171cff738a8985ef0dd66b476e563753246a49019befc837ec4201a?s=96&d=mm&r=g\",\"contentUrl\":\"https:\\\/\\\/secure.gravatar.com\\\/avatar\\\/2c5722f58171cff738a8985ef0dd66b476e563753246a49019befc837ec4201a?s=96&d=mm&r=g\",\"caption\":\"Chloe Gauthier\"},\"description\":\"Passionn\u00e9e par la politique et admiratrice engag\u00e9e de la famille Macron, je consacre mon \u00e9nergie \u00e0 suivre leurs initiatives et \u00e0 promouvoir leurs id\u00e9es. \u00c0 32 ans, je suis convaincue que leur vision est porteuse d'avenir.\",\"url\":\"https:\\\/\\\/www.sebastien-auziere.fr\\\/blog\\\/author\\\/chloe-gauthier\\\/\"}]}<\/script>\n<!-- \/ Yoast SEO plugin. -->","yoast_head_json":{"title":"Brigitte Macron brilha em vestido vermelho e coque dourado durante o jantar de Estado mauritano no Pal\u00e1cio do Eliseu - Fan site S\u00e9bastien Auzi\u00e8re","description":"Brigitte Macron \u00e9blouit en robe rouge et chignon dor\u00e9 lors du d\u00eener d'\u00c9tat mauritanien \u00e0 l'\u00c9lys\u00e9e, captivant tous les regards.","robots":{"index":"index","follow":"follow","max-snippet":"max-snippet:-1","max-image-preview":"max-image-preview:large","max-video-preview":"max-video-preview:-1"},"canonical":"https:\/\/www.sebastien-auziere.fr\/blog\/pt\/brigitte-macron-brilha-em-vestido-vermelho-e-coque-dourado-durante-o-jantar-de-estado-mauritano-no-palacio-do-eliseu\/","og_locale":"fr_FR","og_type":"article","og_title":"Brigitte Macron brilha em vestido vermelho e coque dourado durante o jantar de Estado mauritano no Pal\u00e1cio do Eliseu - Fan site S\u00e9bastien Auzi\u00e8re","og_description":"Brigitte Macron \u00e9blouit en robe rouge et chignon dor\u00e9 lors du d\u00eener d'\u00c9tat mauritanien \u00e0 l'\u00c9lys\u00e9e, captivant tous les regards.","og_url":"https:\/\/www.sebastien-auziere.fr\/blog\/pt\/brigitte-macron-brilha-em-vestido-vermelho-e-coque-dourado-durante-o-jantar-de-estado-mauritano-no-palacio-do-eliseu\/","og_site_name":"Fan site S\u00e9bastien Auzi\u00e8re","article_published_time":"2026-04-17T19:12:59+00:00","article_modified_time":"2026-04-17T19:13:22+00:00","og_image":[{"width":2560,"height":1429,"url":"https:\/\/www.sebastien-auziere.fr\/blog\/wp-content\/uploads\/2026\/04\/Brigitte-Macron-eblouit-en-robe-rouge-et-chignon-dore-lors-du-diner-dEtat-mauritanien-a-lElysee.jpg","type":"image\/jpeg"}],"author":"Chloe Gauthier","twitter_card":"summary_large_image","twitter_misc":{"\u00c9crit par":"Chloe Gauthier","Dur\u00e9e de lecture estim\u00e9e":"3 minutes"},"schema":{"@context":"https:\/\/schema.org","@graph":[{"@type":"Article","@id":"https:\/\/www.sebastien-auziere.fr\/blog\/pt\/brigitte-macron-brilha-em-vestido-vermelho-e-coque-dourado-durante-o-jantar-de-estado-mauritano-no-palacio-do-eliseu\/#article","isPartOf":{"@id":"https:\/\/www.sebastien-auziere.fr\/blog\/pt\/brigitte-macron-brilha-em-vestido-vermelho-e-coque-dourado-durante-o-jantar-de-estado-mauritano-no-palacio-do-eliseu\/"},"author":{"name":"Chloe Gauthier","@id":"https:\/\/www.sebastien-auziere.fr\/blog\/#\/schema\/person\/149f1acdbfd85149c6c3e59adeae2f4d"},"headline":"Brigitte Macron brilha em vestido vermelho e coque dourado durante o jantar de Estado mauritano no Pal\u00e1cio do Eliseu","datePublished":"2026-04-17T19:12:59+00:00","dateModified":"2026-04-17T19:13:22+00:00","mainEntityOfPage":{"@id":"https:\/\/www.sebastien-auziere.fr\/blog\/pt\/brigitte-macron-brilha-em-vestido-vermelho-e-coque-dourado-durante-o-jantar-de-estado-mauritano-no-palacio-do-eliseu\/"},"wordCount":534,"commentCount":0,"publisher":{"@id":"https:\/\/www.sebastien-auziere.fr\/blog\/#organization"},"image":{"@id":"https:\/\/www.sebastien-auziere.fr\/blog\/pt\/brigitte-macron-brilha-em-vestido-vermelho-e-coque-dourado-durante-o-jantar-de-estado-mauritano-no-palacio-do-eliseu\/#primaryimage"},"thumbnailUrl":"https:\/\/www.sebastien-auziere.fr\/blog\/wp-content\/uploads\/2026\/04\/Brigitte-Macron-eblouit-en-robe-rouge-et-chignon-dore-lors-du-diner-dEtat-mauritanien-a-lElysee.jpg","keywords":["brigitte macron","chignon dourado","jantar de estado","maurit\u00e2nia","robe vermelha"],"articleSection":["Actualidades"],"inLanguage":"fr-FR","potentialAction":[{"@type":"CommentAction","name":"Comment","target":["https:\/\/www.sebastien-auziere.fr\/blog\/pt\/brigitte-macron-brilha-em-vestido-vermelho-e-coque-dourado-durante-o-jantar-de-estado-mauritano-no-palacio-do-eliseu\/#respond"]}]},{"@type":"WebPage","@id":"https:\/\/www.sebastien-auziere.fr\/blog\/pt\/brigitte-macron-brilha-em-vestido-vermelho-e-coque-dourado-durante-o-jantar-de-estado-mauritano-no-palacio-do-eliseu\/","url":"https:\/\/www.sebastien-auziere.fr\/blog\/pt\/brigitte-macron-brilha-em-vestido-vermelho-e-coque-dourado-durante-o-jantar-de-estado-mauritano-no-palacio-do-eliseu\/","name":"Brigitte Macron brilha em vestido vermelho e coque dourado durante o jantar de Estado mauritano no Pal\u00e1cio do Eliseu - Fan site S\u00e9bastien Auzi\u00e8re","isPartOf":{"@id":"https:\/\/www.sebastien-auziere.fr\/blog\/#website"},"primaryImageOfPage":{"@id":"https:\/\/www.sebastien-auziere.fr\/blog\/pt\/brigitte-macron-brilha-em-vestido-vermelho-e-coque-dourado-durante-o-jantar-de-estado-mauritano-no-palacio-do-eliseu\/#primaryimage"},"image":{"@id":"https:\/\/www.sebastien-auziere.fr\/blog\/pt\/brigitte-macron-brilha-em-vestido-vermelho-e-coque-dourado-durante-o-jantar-de-estado-mauritano-no-palacio-do-eliseu\/#primaryimage"},"thumbnailUrl":"https:\/\/www.sebastien-auziere.fr\/blog\/wp-content\/uploads\/2026\/04\/Brigitte-Macron-eblouit-en-robe-rouge-et-chignon-dore-lors-du-diner-dEtat-mauritanien-a-lElysee.jpg","datePublished":"2026-04-17T19:12:59+00:00","dateModified":"2026-04-17T19:13:22+00:00","description":"Brigitte Macron \u00e9blouit en robe rouge et chignon dor\u00e9 lors du d\u00eener d'\u00c9tat mauritanien \u00e0 l'\u00c9lys\u00e9e, captivant tous les regards.","breadcrumb":{"@id":"https:\/\/www.sebastien-auziere.fr\/blog\/pt\/brigitte-macron-brilha-em-vestido-vermelho-e-coque-dourado-durante-o-jantar-de-estado-mauritano-no-palacio-do-eliseu\/#breadcrumb"},"inLanguage":"fr-FR","potentialAction":[{"@type":"ReadAction","target":["https:\/\/www.sebastien-auziere.fr\/blog\/pt\/brigitte-macron-brilha-em-vestido-vermelho-e-coque-dourado-durante-o-jantar-de-estado-mauritano-no-palacio-do-eliseu\/"]}]},{"@type":"ImageObject","inLanguage":"fr-FR","@id":"https:\/\/www.sebastien-auziere.fr\/blog\/pt\/brigitte-macron-brilha-em-vestido-vermelho-e-coque-dourado-durante-o-jantar-de-estado-mauritano-no-palacio-do-eliseu\/#primaryimage","url":"https:\/\/www.sebastien-auziere.fr\/blog\/wp-content\/uploads\/2026\/04\/Brigitte-Macron-eblouit-en-robe-rouge-et-chignon-dore-lors-du-diner-dEtat-mauritanien-a-lElysee.jpg","contentUrl":"https:\/\/www.sebastien-auziere.fr\/blog\/wp-content\/uploads\/2026\/04\/Brigitte-Macron-eblouit-en-robe-rouge-et-chignon-dore-lors-du-diner-dEtat-mauritanien-a-lElysee.jpg","width":2560,"height":1429,"caption":"d\u00e9couvrez comment brigitte macron a captiv\u00e9 tous les regards en robe rouge \u00e9clatante et chignon dor\u00e9 lors du d\u00eener d'\u00e9tat mauritanien \u00e0 l'\u00e9lys\u00e9e, alliant \u00e9l\u00e9gance et raffinement."},{"@type":"BreadcrumbList","@id":"https:\/\/www.sebastien-auziere.fr\/blog\/pt\/brigitte-macron-brilha-em-vestido-vermelho-e-coque-dourado-durante-o-jantar-de-estado-mauritano-no-palacio-do-eliseu\/#breadcrumb","itemListElement":[{"@type":"ListItem","position":1,"name":"Home","item":"https:\/\/www.sebastien-auziere.fr\/blog\/"},{"@type":"ListItem","position":2,"name":"Brigitte Macron brilha em vestido vermelho e coque dourado durante o jantar de Estado mauritano no Pal\u00e1cio do Eliseu"}]},{"@type":"WebSite","@id":"https:\/\/www.sebastien-auziere.fr\/blog\/#website","url":"https:\/\/www.sebastien-auziere.fr\/blog\/","name":"Fan site S\u00e9bastien Auzi\u00e8re","description":"M\u00e9dia g\u00e9n\u00e9raliste","publisher":{"@id":"https:\/\/www.sebastien-auziere.fr\/blog\/#organization"},"potentialAction":[{"@type":"SearchAction","target":{"@type":"EntryPoint","urlTemplate":"https:\/\/www.sebastien-auziere.fr\/blog\/?s={search_term_string}"},"query-input":{"@type":"PropertyValueSpecification","valueRequired":true,"valueName":"search_term_string"}}],"inLanguage":"fr-FR"},{"@type":"Organization","@id":"https:\/\/www.sebastien-auziere.fr\/blog\/#organization","name":"Fan site S\u00e9bastien Auzi\u00e8re","url":"https:\/\/www.sebastien-auziere.fr\/blog\/","logo":{"@type":"ImageObject","inLanguage":"fr-FR","@id":"https:\/\/www.sebastien-auziere.fr\/blog\/#\/schema\/logo\/image\/","url":"https:\/\/www.sebastien-auziere.fr\/blog\/wp-content\/uploads\/2026\/03\/cropped-cropped-cropped-ChatGPT-Image-6-mars-2026-12_58_09-e1772798376794.jpg","contentUrl":"https:\/\/www.sebastien-auziere.fr\/blog\/wp-content\/uploads\/2026\/03\/cropped-cropped-cropped-ChatGPT-Image-6-mars-2026-12_58_09-e1772798376794.jpg","width":512,"height":360,"caption":"Fan site S\u00e9bastien Auzi\u00e8re"},"image":{"@id":"https:\/\/www.sebastien-auziere.fr\/blog\/#\/schema\/logo\/image\/"}},{"@type":"Person","@id":"https:\/\/www.sebastien-auziere.fr\/blog\/#\/schema\/person\/149f1acdbfd85149c6c3e59adeae2f4d","name":"Chloe Gauthier","image":{"@type":"ImageObject","inLanguage":"fr-FR","@id":"https:\/\/secure.gravatar.com\/avatar\/2c5722f58171cff738a8985ef0dd66b476e563753246a49019befc837ec4201a?s=96&d=mm&r=g","url":"https:\/\/secure.gravatar.com\/avatar\/2c5722f58171cff738a8985ef0dd66b476e563753246a49019befc837ec4201a?s=96&d=mm&r=g","contentUrl":"https:\/\/secure.gravatar.com\/avatar\/2c5722f58171cff738a8985ef0dd66b476e563753246a49019befc837ec4201a?s=96&d=mm&r=g","caption":"Chloe Gauthier"},"description":"Passionn\u00e9e par la politique et admiratrice engag\u00e9e de la famille Macron, je consacre mon \u00e9nergie \u00e0 suivre leurs initiatives et \u00e0 promouvoir leurs id\u00e9es. \u00c0 32 ans, je suis convaincue que leur vision est porteuse d'avenir.","url":"https:\/\/www.sebastien-auziere.fr\/blog\/author\/chloe-gauthier\/"}]}},"views":0,"_links":{"self":[{"href":"https:\/\/www.sebastien-auziere.fr\/blog\/wp-json\/wp\/v2\/posts\/3112","targetHints":{"allow":["GET"]}}],"collection":[{"href":"https:\/\/www.sebastien-auziere.fr\/blog\/wp-json\/wp\/v2\/posts"}],"about":[{"href":"https:\/\/www.sebastien-auziere.fr\/blog\/wp-json\/wp\/v2\/types\/post"}],"author":[{"embeddable":true,"href":"https:\/\/www.sebastien-auziere.fr\/blog\/wp-json\/wp\/v2\/users\/9"}],"replies":[{"embeddable":true,"href":"https:\/\/www.sebastien-auziere.fr\/blog\/wp-json\/wp\/v2\/comments?post=3112"}],"version-history":[{"count":1,"href":"https:\/\/www.sebastien-auziere.fr\/blog\/wp-json\/wp\/v2\/posts\/3112\/revisions"}],"predecessor-version":[{"id":3113,"href":"https:\/\/www.sebastien-auziere.fr\/blog\/wp-json\/wp\/v2\/posts\/3112\/revisions\/3113"}],"wp:featuredmedia":[{"embeddable":true,"href":"https:\/\/www.sebastien-auziere.fr\/blog\/wp-json\/wp\/v2\/media\/3102"}],"wp:attachment":[{"href":"https:\/\/www.sebastien-auziere.fr\/blog\/wp-json\/wp\/v2\/media?parent=3112"}],"wp:term":[{"taxonomy":"category","embeddable":true,"href":"https:\/\/www.sebastien-auziere.fr\/blog\/wp-json\/wp\/v2\/categories?post=3112"},{"taxonomy":"post_tag","embeddable":true,"href":"https:\/\/www.sebastien-auziere.fr\/blog\/wp-json\/wp\/v2\/tags?post=3112"}],"curies":[{"name":"wp","href":"https:\/\/api.w.org\/{rel}","templated":true}]}}