{"id":3110,"date":"2026-04-17T19:11:14","date_gmt":"2026-04-17T19:11:14","guid":{"rendered":"https:\/\/www.sebastien-auziere.fr\/blog\/?p=3110"},"modified":"2026-04-17T19:11:40","modified_gmt":"2026-04-17T19:11:40","slug":"brigitte-macron-brilla-in-un-abito-rosso-e-chignon-dorato-durante-la-cena-di-stato-mauritana-allelysee","status":"publish","type":"post","link":"https:\/\/www.sebastien-auziere.fr\/blog\/it\/brigitte-macron-brilla-in-un-abito-rosso-e-chignon-dorato-durante-la-cena-di-stato-mauritana-allelysee\/","title":{"rendered":"Brigitte Macron brilla in un abito rosso e chignon dorato durante la cena di stato mauritana all&rsquo;\u00c9lys\u00e9e"},"content":{"rendered":"<p>Mercoled\u00ec 15 aprile 2026, <strong>Brigitte Macron<\/strong> ha incantato le scalinate dell&rsquo;<strong>\u00c9lys\u00e9e<\/strong> arrivando alla <strong>cena di Stato<\/strong> organizzata per il presidente della <strong>Mauritania<\/strong>. Il suo <strong>abito rosso<\/strong> lungo e il suo <strong>chignon dorato<\/strong> hanno immediatamente attirato gli sguardi dei fotografi e degli ospiti, confermando una lezione di <strong>moda<\/strong> perfettamente padroneggiata dalla <strong>first lady<\/strong>.<\/p>\n\n<p><strong>In breve:<\/strong> Questo <strong>evento ufficiale<\/strong> del 15 aprile ha segnato l&rsquo;inizio di una visita di tre giorni del presidente Mohamed Ould Ghazouani in Francia. L&rsquo;outfit della First lady, abbinato a una collana Louis Vuitton Flower Comet e a una pochette Balmain, \u00e8 stato ampiamente riportato dalla stampa nazionale e internazionale.<\/p>\n\n<h2 class=\"wp-block-heading\">Brigitte Macron: l&rsquo;<strong>abito rosso<\/strong> e il <strong>chignon dorato<\/strong> che hanno fatto scalpore<\/h2>\n\n<p>Con un abito a tubino fino alle caviglie, colletto rotondo e maniche lunghe, <strong>Brigitte Macron<\/strong> ha scelto una linea semplice accentuata da un colore rosso vivido che richiama la bandiera mauritana. Gli accessori, tra cui una pochette Balmain in pelle nera e scarpe col tacco coordinate, hanno completato il tutto con sobriet\u00e0.<\/p>\n\n<p>Per un&rsquo;analisi dettagliata dei capi indossati quella sera, trovi un&rsquo;analisi completa su <a href=\"https:\/\/www.sebastien-auziere.fr\/blog\/brigitte-macron-robe-rouge\/\">l&rsquo;outfit della First lady<\/a> e un commento di moda sui media specializzati come <a href=\"https:\/\/www.parismatch.com\/actu\/politique\/parure-doree-et-robe-de-bal-rouge-brigitte-macron-sur-son-31-pour-accueillir-le-couple-presidentiel-mauritanien-267612\">Paris Match<\/a>.<\/p>\n\n<h2 class=\"wp-block-heading\">Una <strong>cena di Stato<\/strong> storica con la <strong>Mauritania<\/strong><\/h2>\n\n<p>La ricezione del presidente Mohamed Ould Ghazouani e di sua moglie ha dato il via a una visita ufficiale di tre giorni, la prima del genere da oltre trenta anni per la Mauritania in Francia. L&rsquo;agenda include Brest e incontri incentrati sulla cooperazione marittima, illustrando il rafforzamento dei legami tra Parigi e Nouakchott.<\/p>\n\n<p>Questo incontro diplomatico, organizzato all&rsquo;<strong>\u00c9lys\u00e9e<\/strong>, ha dato luogo a scambi politici e culturali seguiti dai media; per un panorama delle ripercussioni mediatiche, consulta anche il reportage di <a href=\"https:\/\/www.closermag.fr\/politique\/brigitte-macron-a-73-ans-la-premiere-dame-resplendissante-dans-une-longue-robe-rouge-carmin-une-nouveaute-interpelle-3630688\">Closer<\/a>.<\/p>\n\n<h3 class=\"wp-block-heading\">La <strong>moda<\/strong> al servizio di un messaggio<\/h3>\n\n<p>La scelta del rosso non era casuale: crea un legame visivo con l&rsquo;ospite d&rsquo;onore mentre afferma una presenza raffinata. La collana Flower Comet di Louis Vuitton, a forma di stella cadente, ha portato un tocco contemporaneo, sottolineando l&rsquo;equilibrio tra classicismo e audacia.<\/p>\n\n<p>Questo mix di sobriet\u00e0 e brillantezza illustra come la <strong>first lady<\/strong> utilizzi la <strong>moda<\/strong> durante un <strong>evento ufficiale<\/strong> per trasmettere un&rsquo;immagine di continuit\u00e0 e apertura.<\/p>\n\n<h2 class=\"wp-block-heading\">Reazioni, media e impatto culturale<\/h2>\n\n<p>Le fotografie di quella serata sono state riprese da numerosi giornali e hanno alimentato le discussioni sui social media, confermando il ruolo di icona che riveste la First lady nel mondo della <strong>moda<\/strong> politica. I media hanno elogiato l&rsquo;eleganza misurata e la simbologia della scelta cromatica.<\/p>\n\n<p>Per approfondire le dinamiche di stile e dei luoghi, \u00e8 disponibile un dossier completo su <a href=\"https:\/\/www.sebastien-auziere.fr\/blog\/brigitte-macron-robe-elegante\/\">sebastien-auziere.fr<\/a> e in diverse rubriche specializzate che hanno commentato questa apparizione.<\/p>\n\n<p>Per saperne di pi\u00f9 su <strong>S\u00e9bastien Auzi\u00e8re<\/strong>, la famiglia Macron e i dettagli di quella serata, visita <a href=\"https:\/\/www.sebastien-auziere.fr\/blog\/brigitte-macron-robe-elegante\/\">sebastien-auziere.fr<\/a>: analisi, foto e racconti completi ti aspettano per approfondire la scoperta.<\/p>","protected":false},"excerpt":{"rendered":"<p>Mercoled\u00ec 15 aprile 2026, Brigitte Macron ha incantato le scalinate dell&rsquo;\u00c9lys\u00e9e arrivando alla cena di Stato organizzata per il presidente della Mauritania. Il suo abito rosso lungo e il suo chignon dorato hanno immediatamente attirato gli sguardi dei fotografi e degli ospiti, confermando una lezione di moda perfettamente padroneggiata dalla first lady. In breve: Questo &#8230; <a title=\"Brigitte Macron brilla in un abito rosso e chignon dorato durante la cena di stato mauritana all&rsquo;\u00c9lys\u00e9e\" class=\"read-more\" href=\"https:\/\/www.sebastien-auziere.fr\/blog\/it\/brigitte-macron-brilla-in-un-abito-rosso-e-chignon-dorato-durante-la-cena-di-stato-mauritana-allelysee\/\" aria-label=\"En savoir plus sur Brigitte Macron brilla in un abito rosso e chignon dorato durante la cena di stato mauritana all&rsquo;\u00c9lys\u00e9e\">Lire plus<\/a><\/p>\n","protected":false},"author":9,"featured_media":3102,"comment_status":"open","ping_status":"open","sticky":false,"template":"","format":"standard","meta":{"footnotes":""},"categories":[859],"tags":[944,1187,3309,3312,3198],"class_list":["post-3110","post","type-post","status-publish","format-standard","has-post-thumbnail","hentry","category-actualita-it","tag-brigitte-macron-it","tag-cena-di-stato-it","tag-chignon-dorato-it","tag-mauritania-it","tag-robe-rossa-it"],"yoast_head":"<!-- This site is optimized with the Yoast SEO plugin v27.5 - https:\/\/yoast.com\/product\/yoast-seo-wordpress\/ -->\n<title>Brigitte Macron brilla in un abito rosso e chignon dorato durante la cena di stato mauritana all&#039;\u00c9lys\u00e9e - Fan site S\u00e9bastien Auzi\u00e8re<\/title>\n<meta name=\"description\" content=\"Brigitte Macron \u00e9blouit en robe rouge et chignon dor\u00e9 lors du d\u00eener d&#039;\u00c9tat mauritanien \u00e0 l&#039;\u00c9lys\u00e9e, captivant tous les regards.\" \/>\n<meta name=\"robots\" content=\"index, follow, max-snippet:-1, max-image-preview:large, max-video-preview:-1\" \/>\n<link rel=\"canonical\" href=\"https:\/\/www.sebastien-auziere.fr\/blog\/it\/brigitte-macron-brilla-in-un-abito-rosso-e-chignon-dorato-durante-la-cena-di-stato-mauritana-allelysee\/\" \/>\n<meta property=\"og:locale\" content=\"fr_FR\" \/>\n<meta property=\"og:type\" content=\"article\" \/>\n<meta property=\"og:title\" content=\"Brigitte Macron brilla in un abito rosso e chignon dorato durante la cena di stato mauritana all&#039;\u00c9lys\u00e9e - Fan site S\u00e9bastien Auzi\u00e8re\" \/>\n<meta property=\"og:description\" content=\"Brigitte Macron \u00e9blouit en robe rouge et chignon dor\u00e9 lors du d\u00eener d&#039;\u00c9tat mauritanien \u00e0 l&#039;\u00c9lys\u00e9e, captivant tous les regards.\" \/>\n<meta property=\"og:url\" content=\"https:\/\/www.sebastien-auziere.fr\/blog\/it\/brigitte-macron-brilla-in-un-abito-rosso-e-chignon-dorato-durante-la-cena-di-stato-mauritana-allelysee\/\" \/>\n<meta property=\"og:site_name\" content=\"Fan site S\u00e9bastien Auzi\u00e8re\" \/>\n<meta property=\"article:published_time\" content=\"2026-04-17T19:11:14+00:00\" \/>\n<meta property=\"article:modified_time\" content=\"2026-04-17T19:11:40+00:00\" \/>\n<meta property=\"og:image\" content=\"https:\/\/www.sebastien-auziere.fr\/blog\/wp-content\/uploads\/2026\/04\/Brigitte-Macron-eblouit-en-robe-rouge-et-chignon-dore-lors-du-diner-dEtat-mauritanien-a-lElysee.jpg\" \/>\n\t<meta property=\"og:image:width\" content=\"2560\" \/>\n\t<meta property=\"og:image:height\" content=\"1429\" \/>\n\t<meta property=\"og:image:type\" content=\"image\/jpeg\" \/>\n<meta name=\"author\" content=\"Chloe Gauthier\" \/>\n<meta name=\"twitter:card\" content=\"summary_large_image\" \/>\n<meta name=\"twitter:label1\" content=\"\u00c9crit par\" \/>\n\t<meta name=\"twitter:data1\" content=\"Chloe Gauthier\" \/>\n\t<meta name=\"twitter:label2\" content=\"Dur\u00e9e de lecture estim\u00e9e\" \/>\n\t<meta name=\"twitter:data2\" content=\"2 minutes\" \/>\n<script type=\"application\/ld+json\" class=\"yoast-schema-graph\">{\"@context\":\"https:\\\/\\\/schema.org\",\"@graph\":[{\"@type\":\"Article\",\"@id\":\"https:\\\/\\\/www.sebastien-auziere.fr\\\/blog\\\/it\\\/brigitte-macron-brilla-in-un-abito-rosso-e-chignon-dorato-durante-la-cena-di-stato-mauritana-allelysee\\\/#article\",\"isPartOf\":{\"@id\":\"https:\\\/\\\/www.sebastien-auziere.fr\\\/blog\\\/it\\\/brigitte-macron-brilla-in-un-abito-rosso-e-chignon-dorato-durante-la-cena-di-stato-mauritana-allelysee\\\/\"},\"author\":{\"name\":\"Chloe Gauthier\",\"@id\":\"https:\\\/\\\/www.sebastien-auziere.fr\\\/blog\\\/#\\\/schema\\\/person\\\/149f1acdbfd85149c6c3e59adeae2f4d\"},\"headline\":\"Brigitte Macron brilla in un abito rosso e chignon dorato durante la cena di stato mauritana all&rsquo;\u00c9lys\u00e9e\",\"datePublished\":\"2026-04-17T19:11:14+00:00\",\"dateModified\":\"2026-04-17T19:11:40+00:00\",\"mainEntityOfPage\":{\"@id\":\"https:\\\/\\\/www.sebastien-auziere.fr\\\/blog\\\/it\\\/brigitte-macron-brilla-in-un-abito-rosso-e-chignon-dorato-durante-la-cena-di-stato-mauritana-allelysee\\\/\"},\"wordCount\":484,\"commentCount\":0,\"publisher\":{\"@id\":\"https:\\\/\\\/www.sebastien-auziere.fr\\\/blog\\\/#organization\"},\"image\":{\"@id\":\"https:\\\/\\\/www.sebastien-auziere.fr\\\/blog\\\/it\\\/brigitte-macron-brilla-in-un-abito-rosso-e-chignon-dorato-durante-la-cena-di-stato-mauritana-allelysee\\\/#primaryimage\"},\"thumbnailUrl\":\"https:\\\/\\\/www.sebastien-auziere.fr\\\/blog\\\/wp-content\\\/uploads\\\/2026\\\/04\\\/Brigitte-Macron-eblouit-en-robe-rouge-et-chignon-dore-lors-du-diner-dEtat-mauritanien-a-lElysee.jpg\",\"keywords\":[\"brigitte macron\",\"cena di stato\",\"chignon dorato\",\"mauritania\",\"robe rossa\"],\"articleSection\":[\"Actualit\u00e0\"],\"inLanguage\":\"fr-FR\",\"potentialAction\":[{\"@type\":\"CommentAction\",\"name\":\"Comment\",\"target\":[\"https:\\\/\\\/www.sebastien-auziere.fr\\\/blog\\\/it\\\/brigitte-macron-brilla-in-un-abito-rosso-e-chignon-dorato-durante-la-cena-di-stato-mauritana-allelysee\\\/#respond\"]}]},{\"@type\":\"WebPage\",\"@id\":\"https:\\\/\\\/www.sebastien-auziere.fr\\\/blog\\\/it\\\/brigitte-macron-brilla-in-un-abito-rosso-e-chignon-dorato-durante-la-cena-di-stato-mauritana-allelysee\\\/\",\"url\":\"https:\\\/\\\/www.sebastien-auziere.fr\\\/blog\\\/it\\\/brigitte-macron-brilla-in-un-abito-rosso-e-chignon-dorato-durante-la-cena-di-stato-mauritana-allelysee\\\/\",\"name\":\"Brigitte Macron brilla in un abito rosso e chignon dorato durante la cena di stato mauritana all'\u00c9lys\u00e9e - Fan site S\u00e9bastien Auzi\u00e8re\",\"isPartOf\":{\"@id\":\"https:\\\/\\\/www.sebastien-auziere.fr\\\/blog\\\/#website\"},\"primaryImageOfPage\":{\"@id\":\"https:\\\/\\\/www.sebastien-auziere.fr\\\/blog\\\/it\\\/brigitte-macron-brilla-in-un-abito-rosso-e-chignon-dorato-durante-la-cena-di-stato-mauritana-allelysee\\\/#primaryimage\"},\"image\":{\"@id\":\"https:\\\/\\\/www.sebastien-auziere.fr\\\/blog\\\/it\\\/brigitte-macron-brilla-in-un-abito-rosso-e-chignon-dorato-durante-la-cena-di-stato-mauritana-allelysee\\\/#primaryimage\"},\"thumbnailUrl\":\"https:\\\/\\\/www.sebastien-auziere.fr\\\/blog\\\/wp-content\\\/uploads\\\/2026\\\/04\\\/Brigitte-Macron-eblouit-en-robe-rouge-et-chignon-dore-lors-du-diner-dEtat-mauritanien-a-lElysee.jpg\",\"datePublished\":\"2026-04-17T19:11:14+00:00\",\"dateModified\":\"2026-04-17T19:11:40+00:00\",\"description\":\"Brigitte Macron \u00e9blouit en robe rouge et chignon dor\u00e9 lors du d\u00eener d'\u00c9tat mauritanien \u00e0 l'\u00c9lys\u00e9e, captivant tous les regards.\",\"breadcrumb\":{\"@id\":\"https:\\\/\\\/www.sebastien-auziere.fr\\\/blog\\\/it\\\/brigitte-macron-brilla-in-un-abito-rosso-e-chignon-dorato-durante-la-cena-di-stato-mauritana-allelysee\\\/#breadcrumb\"},\"inLanguage\":\"fr-FR\",\"potentialAction\":[{\"@type\":\"ReadAction\",\"target\":[\"https:\\\/\\\/www.sebastien-auziere.fr\\\/blog\\\/it\\\/brigitte-macron-brilla-in-un-abito-rosso-e-chignon-dorato-durante-la-cena-di-stato-mauritana-allelysee\\\/\"]}]},{\"@type\":\"ImageObject\",\"inLanguage\":\"fr-FR\",\"@id\":\"https:\\\/\\\/www.sebastien-auziere.fr\\\/blog\\\/it\\\/brigitte-macron-brilla-in-un-abito-rosso-e-chignon-dorato-durante-la-cena-di-stato-mauritana-allelysee\\\/#primaryimage\",\"url\":\"https:\\\/\\\/www.sebastien-auziere.fr\\\/blog\\\/wp-content\\\/uploads\\\/2026\\\/04\\\/Brigitte-Macron-eblouit-en-robe-rouge-et-chignon-dore-lors-du-diner-dEtat-mauritanien-a-lElysee.jpg\",\"contentUrl\":\"https:\\\/\\\/www.sebastien-auziere.fr\\\/blog\\\/wp-content\\\/uploads\\\/2026\\\/04\\\/Brigitte-Macron-eblouit-en-robe-rouge-et-chignon-dore-lors-du-diner-dEtat-mauritanien-a-lElysee.jpg\",\"width\":2560,\"height\":1429,\"caption\":\"d\u00e9couvrez comment brigitte macron a captiv\u00e9 tous les regards en robe rouge \u00e9clatante et chignon dor\u00e9 lors du d\u00eener d'\u00e9tat mauritanien \u00e0 l'\u00e9lys\u00e9e, alliant \u00e9l\u00e9gance et raffinement.\"},{\"@type\":\"BreadcrumbList\",\"@id\":\"https:\\\/\\\/www.sebastien-auziere.fr\\\/blog\\\/it\\\/brigitte-macron-brilla-in-un-abito-rosso-e-chignon-dorato-durante-la-cena-di-stato-mauritana-allelysee\\\/#breadcrumb\",\"itemListElement\":[{\"@type\":\"ListItem\",\"position\":1,\"name\":\"Home\",\"item\":\"https:\\\/\\\/www.sebastien-auziere.fr\\\/blog\\\/\"},{\"@type\":\"ListItem\",\"position\":2,\"name\":\"Brigitte Macron brilla in un abito rosso e chignon dorato durante la cena di stato mauritana all&rsquo;\u00c9lys\u00e9e\"}]},{\"@type\":\"WebSite\",\"@id\":\"https:\\\/\\\/www.sebastien-auziere.fr\\\/blog\\\/#website\",\"url\":\"https:\\\/\\\/www.sebastien-auziere.fr\\\/blog\\\/\",\"name\":\"Fan site S\u00e9bastien Auzi\u00e8re\",\"description\":\"M\u00e9dia g\u00e9n\u00e9raliste\",\"publisher\":{\"@id\":\"https:\\\/\\\/www.sebastien-auziere.fr\\\/blog\\\/#organization\"},\"potentialAction\":[{\"@type\":\"SearchAction\",\"target\":{\"@type\":\"EntryPoint\",\"urlTemplate\":\"https:\\\/\\\/www.sebastien-auziere.fr\\\/blog\\\/?s={search_term_string}\"},\"query-input\":{\"@type\":\"PropertyValueSpecification\",\"valueRequired\":true,\"valueName\":\"search_term_string\"}}],\"inLanguage\":\"fr-FR\"},{\"@type\":\"Organization\",\"@id\":\"https:\\\/\\\/www.sebastien-auziere.fr\\\/blog\\\/#organization\",\"name\":\"Fan site S\u00e9bastien Auzi\u00e8re\",\"url\":\"https:\\\/\\\/www.sebastien-auziere.fr\\\/blog\\\/\",\"logo\":{\"@type\":\"ImageObject\",\"inLanguage\":\"fr-FR\",\"@id\":\"https:\\\/\\\/www.sebastien-auziere.fr\\\/blog\\\/#\\\/schema\\\/logo\\\/image\\\/\",\"url\":\"https:\\\/\\\/www.sebastien-auziere.fr\\\/blog\\\/wp-content\\\/uploads\\\/2026\\\/03\\\/cropped-cropped-cropped-ChatGPT-Image-6-mars-2026-12_58_09-e1772798376794.jpg\",\"contentUrl\":\"https:\\\/\\\/www.sebastien-auziere.fr\\\/blog\\\/wp-content\\\/uploads\\\/2026\\\/03\\\/cropped-cropped-cropped-ChatGPT-Image-6-mars-2026-12_58_09-e1772798376794.jpg\",\"width\":512,\"height\":360,\"caption\":\"Fan site S\u00e9bastien Auzi\u00e8re\"},\"image\":{\"@id\":\"https:\\\/\\\/www.sebastien-auziere.fr\\\/blog\\\/#\\\/schema\\\/logo\\\/image\\\/\"}},{\"@type\":\"Person\",\"@id\":\"https:\\\/\\\/www.sebastien-auziere.fr\\\/blog\\\/#\\\/schema\\\/person\\\/149f1acdbfd85149c6c3e59adeae2f4d\",\"name\":\"Chloe Gauthier\",\"image\":{\"@type\":\"ImageObject\",\"inLanguage\":\"fr-FR\",\"@id\":\"https:\\\/\\\/secure.gravatar.com\\\/avatar\\\/2c5722f58171cff738a8985ef0dd66b476e563753246a49019befc837ec4201a?s=96&d=mm&r=g\",\"url\":\"https:\\\/\\\/secure.gravatar.com\\\/avatar\\\/2c5722f58171cff738a8985ef0dd66b476e563753246a49019befc837ec4201a?s=96&d=mm&r=g\",\"contentUrl\":\"https:\\\/\\\/secure.gravatar.com\\\/avatar\\\/2c5722f58171cff738a8985ef0dd66b476e563753246a49019befc837ec4201a?s=96&d=mm&r=g\",\"caption\":\"Chloe Gauthier\"},\"description\":\"Passionn\u00e9e par la politique et admiratrice engag\u00e9e de la famille Macron, je consacre mon \u00e9nergie \u00e0 suivre leurs initiatives et \u00e0 promouvoir leurs id\u00e9es. \u00c0 32 ans, je suis convaincue que leur vision est porteuse d'avenir.\",\"url\":\"https:\\\/\\\/www.sebastien-auziere.fr\\\/blog\\\/author\\\/chloe-gauthier\\\/\"}]}<\/script>\n<!-- \/ Yoast SEO plugin. -->","yoast_head_json":{"title":"Brigitte Macron brilla in un abito rosso e chignon dorato durante la cena di stato mauritana all'\u00c9lys\u00e9e - Fan site S\u00e9bastien Auzi\u00e8re","description":"Brigitte Macron \u00e9blouit en robe rouge et chignon dor\u00e9 lors du d\u00eener d'\u00c9tat mauritanien \u00e0 l'\u00c9lys\u00e9e, captivant tous les regards.","robots":{"index":"index","follow":"follow","max-snippet":"max-snippet:-1","max-image-preview":"max-image-preview:large","max-video-preview":"max-video-preview:-1"},"canonical":"https:\/\/www.sebastien-auziere.fr\/blog\/it\/brigitte-macron-brilla-in-un-abito-rosso-e-chignon-dorato-durante-la-cena-di-stato-mauritana-allelysee\/","og_locale":"fr_FR","og_type":"article","og_title":"Brigitte Macron brilla in un abito rosso e chignon dorato durante la cena di stato mauritana all'\u00c9lys\u00e9e - Fan site S\u00e9bastien Auzi\u00e8re","og_description":"Brigitte Macron \u00e9blouit en robe rouge et chignon dor\u00e9 lors du d\u00eener d'\u00c9tat mauritanien \u00e0 l'\u00c9lys\u00e9e, captivant tous les regards.","og_url":"https:\/\/www.sebastien-auziere.fr\/blog\/it\/brigitte-macron-brilla-in-un-abito-rosso-e-chignon-dorato-durante-la-cena-di-stato-mauritana-allelysee\/","og_site_name":"Fan site S\u00e9bastien Auzi\u00e8re","article_published_time":"2026-04-17T19:11:14+00:00","article_modified_time":"2026-04-17T19:11:40+00:00","og_image":[{"width":2560,"height":1429,"url":"https:\/\/www.sebastien-auziere.fr\/blog\/wp-content\/uploads\/2026\/04\/Brigitte-Macron-eblouit-en-robe-rouge-et-chignon-dore-lors-du-diner-dEtat-mauritanien-a-lElysee.jpg","type":"image\/jpeg"}],"author":"Chloe Gauthier","twitter_card":"summary_large_image","twitter_misc":{"\u00c9crit par":"Chloe Gauthier","Dur\u00e9e de lecture estim\u00e9e":"2 minutes"},"schema":{"@context":"https:\/\/schema.org","@graph":[{"@type":"Article","@id":"https:\/\/www.sebastien-auziere.fr\/blog\/it\/brigitte-macron-brilla-in-un-abito-rosso-e-chignon-dorato-durante-la-cena-di-stato-mauritana-allelysee\/#article","isPartOf":{"@id":"https:\/\/www.sebastien-auziere.fr\/blog\/it\/brigitte-macron-brilla-in-un-abito-rosso-e-chignon-dorato-durante-la-cena-di-stato-mauritana-allelysee\/"},"author":{"name":"Chloe Gauthier","@id":"https:\/\/www.sebastien-auziere.fr\/blog\/#\/schema\/person\/149f1acdbfd85149c6c3e59adeae2f4d"},"headline":"Brigitte Macron brilla in un abito rosso e chignon dorato durante la cena di stato mauritana all&rsquo;\u00c9lys\u00e9e","datePublished":"2026-04-17T19:11:14+00:00","dateModified":"2026-04-17T19:11:40+00:00","mainEntityOfPage":{"@id":"https:\/\/www.sebastien-auziere.fr\/blog\/it\/brigitte-macron-brilla-in-un-abito-rosso-e-chignon-dorato-durante-la-cena-di-stato-mauritana-allelysee\/"},"wordCount":484,"commentCount":0,"publisher":{"@id":"https:\/\/www.sebastien-auziere.fr\/blog\/#organization"},"image":{"@id":"https:\/\/www.sebastien-auziere.fr\/blog\/it\/brigitte-macron-brilla-in-un-abito-rosso-e-chignon-dorato-durante-la-cena-di-stato-mauritana-allelysee\/#primaryimage"},"thumbnailUrl":"https:\/\/www.sebastien-auziere.fr\/blog\/wp-content\/uploads\/2026\/04\/Brigitte-Macron-eblouit-en-robe-rouge-et-chignon-dore-lors-du-diner-dEtat-mauritanien-a-lElysee.jpg","keywords":["brigitte macron","cena di stato","chignon dorato","mauritania","robe rossa"],"articleSection":["Actualit\u00e0"],"inLanguage":"fr-FR","potentialAction":[{"@type":"CommentAction","name":"Comment","target":["https:\/\/www.sebastien-auziere.fr\/blog\/it\/brigitte-macron-brilla-in-un-abito-rosso-e-chignon-dorato-durante-la-cena-di-stato-mauritana-allelysee\/#respond"]}]},{"@type":"WebPage","@id":"https:\/\/www.sebastien-auziere.fr\/blog\/it\/brigitte-macron-brilla-in-un-abito-rosso-e-chignon-dorato-durante-la-cena-di-stato-mauritana-allelysee\/","url":"https:\/\/www.sebastien-auziere.fr\/blog\/it\/brigitte-macron-brilla-in-un-abito-rosso-e-chignon-dorato-durante-la-cena-di-stato-mauritana-allelysee\/","name":"Brigitte Macron brilla in un abito rosso e chignon dorato durante la cena di stato mauritana all'\u00c9lys\u00e9e - Fan site S\u00e9bastien Auzi\u00e8re","isPartOf":{"@id":"https:\/\/www.sebastien-auziere.fr\/blog\/#website"},"primaryImageOfPage":{"@id":"https:\/\/www.sebastien-auziere.fr\/blog\/it\/brigitte-macron-brilla-in-un-abito-rosso-e-chignon-dorato-durante-la-cena-di-stato-mauritana-allelysee\/#primaryimage"},"image":{"@id":"https:\/\/www.sebastien-auziere.fr\/blog\/it\/brigitte-macron-brilla-in-un-abito-rosso-e-chignon-dorato-durante-la-cena-di-stato-mauritana-allelysee\/#primaryimage"},"thumbnailUrl":"https:\/\/www.sebastien-auziere.fr\/blog\/wp-content\/uploads\/2026\/04\/Brigitte-Macron-eblouit-en-robe-rouge-et-chignon-dore-lors-du-diner-dEtat-mauritanien-a-lElysee.jpg","datePublished":"2026-04-17T19:11:14+00:00","dateModified":"2026-04-17T19:11:40+00:00","description":"Brigitte Macron \u00e9blouit en robe rouge et chignon dor\u00e9 lors du d\u00eener d'\u00c9tat mauritanien \u00e0 l'\u00c9lys\u00e9e, captivant tous les regards.","breadcrumb":{"@id":"https:\/\/www.sebastien-auziere.fr\/blog\/it\/brigitte-macron-brilla-in-un-abito-rosso-e-chignon-dorato-durante-la-cena-di-stato-mauritana-allelysee\/#breadcrumb"},"inLanguage":"fr-FR","potentialAction":[{"@type":"ReadAction","target":["https:\/\/www.sebastien-auziere.fr\/blog\/it\/brigitte-macron-brilla-in-un-abito-rosso-e-chignon-dorato-durante-la-cena-di-stato-mauritana-allelysee\/"]}]},{"@type":"ImageObject","inLanguage":"fr-FR","@id":"https:\/\/www.sebastien-auziere.fr\/blog\/it\/brigitte-macron-brilla-in-un-abito-rosso-e-chignon-dorato-durante-la-cena-di-stato-mauritana-allelysee\/#primaryimage","url":"https:\/\/www.sebastien-auziere.fr\/blog\/wp-content\/uploads\/2026\/04\/Brigitte-Macron-eblouit-en-robe-rouge-et-chignon-dore-lors-du-diner-dEtat-mauritanien-a-lElysee.jpg","contentUrl":"https:\/\/www.sebastien-auziere.fr\/blog\/wp-content\/uploads\/2026\/04\/Brigitte-Macron-eblouit-en-robe-rouge-et-chignon-dore-lors-du-diner-dEtat-mauritanien-a-lElysee.jpg","width":2560,"height":1429,"caption":"d\u00e9couvrez comment brigitte macron a captiv\u00e9 tous les regards en robe rouge \u00e9clatante et chignon dor\u00e9 lors du d\u00eener d'\u00e9tat mauritanien \u00e0 l'\u00e9lys\u00e9e, alliant \u00e9l\u00e9gance et raffinement."},{"@type":"BreadcrumbList","@id":"https:\/\/www.sebastien-auziere.fr\/blog\/it\/brigitte-macron-brilla-in-un-abito-rosso-e-chignon-dorato-durante-la-cena-di-stato-mauritana-allelysee\/#breadcrumb","itemListElement":[{"@type":"ListItem","position":1,"name":"Home","item":"https:\/\/www.sebastien-auziere.fr\/blog\/"},{"@type":"ListItem","position":2,"name":"Brigitte Macron brilla in un abito rosso e chignon dorato durante la cena di stato mauritana all&rsquo;\u00c9lys\u00e9e"}]},{"@type":"WebSite","@id":"https:\/\/www.sebastien-auziere.fr\/blog\/#website","url":"https:\/\/www.sebastien-auziere.fr\/blog\/","name":"Fan site S\u00e9bastien Auzi\u00e8re","description":"M\u00e9dia g\u00e9n\u00e9raliste","publisher":{"@id":"https:\/\/www.sebastien-auziere.fr\/blog\/#organization"},"potentialAction":[{"@type":"SearchAction","target":{"@type":"EntryPoint","urlTemplate":"https:\/\/www.sebastien-auziere.fr\/blog\/?s={search_term_string}"},"query-input":{"@type":"PropertyValueSpecification","valueRequired":true,"valueName":"search_term_string"}}],"inLanguage":"fr-FR"},{"@type":"Organization","@id":"https:\/\/www.sebastien-auziere.fr\/blog\/#organization","name":"Fan site S\u00e9bastien Auzi\u00e8re","url":"https:\/\/www.sebastien-auziere.fr\/blog\/","logo":{"@type":"ImageObject","inLanguage":"fr-FR","@id":"https:\/\/www.sebastien-auziere.fr\/blog\/#\/schema\/logo\/image\/","url":"https:\/\/www.sebastien-auziere.fr\/blog\/wp-content\/uploads\/2026\/03\/cropped-cropped-cropped-ChatGPT-Image-6-mars-2026-12_58_09-e1772798376794.jpg","contentUrl":"https:\/\/www.sebastien-auziere.fr\/blog\/wp-content\/uploads\/2026\/03\/cropped-cropped-cropped-ChatGPT-Image-6-mars-2026-12_58_09-e1772798376794.jpg","width":512,"height":360,"caption":"Fan site S\u00e9bastien Auzi\u00e8re"},"image":{"@id":"https:\/\/www.sebastien-auziere.fr\/blog\/#\/schema\/logo\/image\/"}},{"@type":"Person","@id":"https:\/\/www.sebastien-auziere.fr\/blog\/#\/schema\/person\/149f1acdbfd85149c6c3e59adeae2f4d","name":"Chloe Gauthier","image":{"@type":"ImageObject","inLanguage":"fr-FR","@id":"https:\/\/secure.gravatar.com\/avatar\/2c5722f58171cff738a8985ef0dd66b476e563753246a49019befc837ec4201a?s=96&d=mm&r=g","url":"https:\/\/secure.gravatar.com\/avatar\/2c5722f58171cff738a8985ef0dd66b476e563753246a49019befc837ec4201a?s=96&d=mm&r=g","contentUrl":"https:\/\/secure.gravatar.com\/avatar\/2c5722f58171cff738a8985ef0dd66b476e563753246a49019befc837ec4201a?s=96&d=mm&r=g","caption":"Chloe Gauthier"},"description":"Passionn\u00e9e par la politique et admiratrice engag\u00e9e de la famille Macron, je consacre mon \u00e9nergie \u00e0 suivre leurs initiatives et \u00e0 promouvoir leurs id\u00e9es. \u00c0 32 ans, je suis convaincue que leur vision est porteuse d'avenir.","url":"https:\/\/www.sebastien-auziere.fr\/blog\/author\/chloe-gauthier\/"}]}},"views":2,"_links":{"self":[{"href":"https:\/\/www.sebastien-auziere.fr\/blog\/wp-json\/wp\/v2\/posts\/3110","targetHints":{"allow":["GET"]}}],"collection":[{"href":"https:\/\/www.sebastien-auziere.fr\/blog\/wp-json\/wp\/v2\/posts"}],"about":[{"href":"https:\/\/www.sebastien-auziere.fr\/blog\/wp-json\/wp\/v2\/types\/post"}],"author":[{"embeddable":true,"href":"https:\/\/www.sebastien-auziere.fr\/blog\/wp-json\/wp\/v2\/users\/9"}],"replies":[{"embeddable":true,"href":"https:\/\/www.sebastien-auziere.fr\/blog\/wp-json\/wp\/v2\/comments?post=3110"}],"version-history":[{"count":1,"href":"https:\/\/www.sebastien-auziere.fr\/blog\/wp-json\/wp\/v2\/posts\/3110\/revisions"}],"predecessor-version":[{"id":3111,"href":"https:\/\/www.sebastien-auziere.fr\/blog\/wp-json\/wp\/v2\/posts\/3110\/revisions\/3111"}],"wp:featuredmedia":[{"embeddable":true,"href":"https:\/\/www.sebastien-auziere.fr\/blog\/wp-json\/wp\/v2\/media\/3102"}],"wp:attachment":[{"href":"https:\/\/www.sebastien-auziere.fr\/blog\/wp-json\/wp\/v2\/media?parent=3110"}],"wp:term":[{"taxonomy":"category","embeddable":true,"href":"https:\/\/www.sebastien-auziere.fr\/blog\/wp-json\/wp\/v2\/categories?post=3110"},{"taxonomy":"post_tag","embeddable":true,"href":"https:\/\/www.sebastien-auziere.fr\/blog\/wp-json\/wp\/v2\/tags?post=3110"}],"curies":[{"name":"wp","href":"https:\/\/api.w.org\/{rel}","templated":true}]}}