{"id":3108,"date":"2026-04-17T19:10:03","date_gmt":"2026-04-17T19:10:03","guid":{"rendered":"https:\/\/www.sebastien-auziere.fr\/blog\/?p=3108"},"modified":"2026-04-17T19:10:30","modified_gmt":"2026-04-17T19:10:30","slug":"brigitte-macron-strahlt-in-einem-roten-kleid-und-einem-goldenen-dutt-beim-mauretanischen-staatsdinner-im-elysee","status":"publish","type":"post","link":"https:\/\/www.sebastien-auziere.fr\/blog\/de\/brigitte-macron-strahlt-in-einem-roten-kleid-und-einem-goldenen-dutt-beim-mauretanischen-staatsdinner-im-elysee\/","title":{"rendered":"Brigitte Macron strahlt in einem roten Kleid und einem goldenen Dutt beim mauretanischen Staatsdinner im \u00c9lys\u00e9e."},"content":{"rendered":"<p>Mittwoch, 15. April 2026, <strong>Brigitte Macron<\/strong> strahlte auf den Stufen des <strong>\u00c9lys\u00e9e<\/strong>, als sie zum <strong>Staatsdinner<\/strong> f\u00fcr den Pr\u00e4sidenten von <strong>Mauretanien<\/strong> ankam. Ihr <strong>rotes Kleid<\/strong> und ihr <strong>goldener Dutt<\/strong> zogen sofort die Blicke der Fotografen und G\u00e4ste auf sich und best\u00e4tigten eine Lektion in <strong>Mode<\/strong>, die die <strong>First Lady<\/strong> perfekt beherrscht.<\/p>\n\n<p><strong>Kurz gesagt:<\/strong> Dieses <strong>offizielle Ereignis<\/strong> vom 15. April markierte den Beginn eines dreit\u00e4gigen Besuchs des Pr\u00e4sidenten Mohamed Ould Ghazouani in Frankreich. Das Outfit der First Lady, erg\u00e4nzt durch eine Louis Vuitton Flower Comet Halskette und eine Balmain Clutch, wurde von den nationalen und internationalen Medien umfassend berichtet.<\/p>\n\n<h2 class=\"wp-block-heading\">Brigitte Macron: das <strong>rote Kleid<\/strong> und der <strong>goldene Dutt<\/strong>, die f\u00fcr Aufsehen sorgten<\/h2>\n\n<p>In einem kn\u00f6chellangen Kleid mit rundem Ausschnitt und langen \u00c4rmeln w\u00e4hlte <strong>Brigitte Macron<\/strong> einen schlichten Schnitt, der durch ein lebhaft rotes Farbenspiel, das an die mauretanische Flagge erinnert, hervorgehoben wurde. Die Accessoires, darunter eine schwarze Balmain Clutch und passende Pumps, rundeten das Gesamtbild mit Zur\u00fcckhaltung ab.<\/p>\n\n<p>F\u00fcr eine detaillierte Analyse der an diesem Abend getragenen Teile findest du eine umfassende Auswertung zu <a href=\"https:\/\/www.sebastien-auziere.fr\/blog\/brigitte-macron-robe-rouge\/\">dem Outfit der First Lady<\/a> und einen Modekommentar in Fachzeitschriften wie <a href=\"https:\/\/www.parismatch.com\/actu\/politique\/parure-doree-et-robe-de-bal-rouge-brigitte-macron-sur-son-31-pour-accueillir-le-couple-presidentiel-mauritanien-267612\">Paris Match<\/a>.<\/p>\n\n<h2 class=\"wp-block-heading\">Ein <strong>Staatsdinner<\/strong> der Geschichte mit <strong>Mauretanien<\/strong><\/h2>\n\n<p>Die Empfang des Pr\u00e4sidenten Mohamed Ould Ghazouani und seiner Frau l\u00e4utete einen dreit\u00e4gigen offiziellen Besuch ein, der ersten seiner Art seit mehr als drei\u00dfig Jahren f\u00fcr Mauretanien in Frankreich. Die Agenda umfasst Brest und Treffen zur maritimen Zusammenarbeit, die die St\u00e4rkung der Beziehungen zwischen Paris und Nouakchott veranschaulichen.<\/p>\n\n<p>Dieses diplomatische Treffen, das im <strong>\u00c9lys\u00e9e<\/strong> organisiert wurde, f\u00fchrte zu politischen und kulturellen Austausch, der von den Medien verfolgt wurde; f\u00fcr einen \u00dcberblick \u00fcber die Medienreaktionen sieh dir auch den Bericht von <a href=\"https:\/\/www.closermag.fr\/politique\/brigitte-macron-a-73-ans-la-premiere-dame-resplendissante-dans-une-longue-robe-rouge-carmin-une-nouveaute-interpelle-3630688\">Closer<\/a> an.<\/p>\n\n<h3 class=\"wp-block-heading\">Die <strong>Mode<\/strong> im Dienst einer Botschaft<\/h3>\n\n<p>Die Wahl des Roten war nicht zuf\u00e4llig: Sie schafft eine visuelle Verbindung zum Ehrengast und bekr\u00e4ftigt gleichzeitig eine raffinierte Pr\u00e4senz. Die Flower Comet Halskette von Louis Vuitton in Form eines Meteoriten brachte einen zeitgen\u00f6ssischen Akzent und betonte das Gleichgewicht zwischen Klassik und Wagemut.<\/p>\n\n<p>Diese Mischung aus Schlichtheit und Glanz veranschaulicht, wie die <strong>First Lady<\/strong> die <strong>Mode<\/strong> w\u00e4hrend eines <strong>offiziellen Ereignisses<\/strong> nutzt, um ein Bild von Kontinuit\u00e4t und Offenheit zu vermitteln.<\/p>\n\n<h2 class=\"wp-block-heading\">Reaktionen, Medien und kulturelle Reichweite<\/h2>\n\n<p>Die Fotografien dieses Abends wurden von zahlreichen Titeln aufgegriffen und befeuerten die Diskussionen in den sozialen Medien, was die Rolle der First Lady als Ikone in der Welt der <strong>Mode<\/strong> zeigt. Die Medien lobten die ma\u00dfvolle Eleganz und die Symbolik der Farbwahl.<\/p>\n\n<p>Um die Hintergr\u00fcnde des Stils und der Orte n\u00e4her zu beleuchten, wird auf <a href=\"https:\/\/www.sebastien-auziere.fr\/blog\/brigitte-macron-robe-elegante\/\">sebastien-auziere.fr<\/a> sowie in mehreren Fachrubriken, die dieses Erscheinen kommentierten, ein umfassendes Dossier angeboten.<\/p>\n\n<p>F\u00fcr weitere Informationen \u00fcber <strong>S\u00e9bastien Auzi\u00e8re<\/strong>, die Familie Macron und die Details dieses Abends, besuche <a href=\"https:\/\/www.sebastien-auziere.fr\/blog\/brigitte-macron-robe-elegante\/\">sebastien-auziere.fr<\/a>: Analysen, Fotos und ausf\u00fchrliche Berichte warten dort auf dich, um die Entdeckung zu vertiefen.<\/p>","protected":false},"excerpt":{"rendered":"<p>Mittwoch, 15. April 2026, Brigitte Macron strahlte auf den Stufen des \u00c9lys\u00e9e, als sie zum Staatsdinner f\u00fcr den Pr\u00e4sidenten von Mauretanien ankam. Ihr rotes Kleid und ihr goldener Dutt zogen sofort die Blicke der Fotografen und G\u00e4ste auf sich und best\u00e4tigten eine Lektion in Mode, die die First Lady perfekt beherrscht. Kurz gesagt: Dieses offizielle &#8230; <a title=\"Brigitte Macron strahlt in einem roten Kleid und einem goldenen Dutt beim mauretanischen Staatsdinner im \u00c9lys\u00e9e.\" class=\"read-more\" href=\"https:\/\/www.sebastien-auziere.fr\/blog\/de\/brigitte-macron-strahlt-in-einem-roten-kleid-und-einem-goldenen-dutt-beim-mauretanischen-staatsdinner-im-elysee\/\" aria-label=\"En savoir plus sur Brigitte Macron strahlt in einem roten Kleid und einem goldenen Dutt beim mauretanischen Staatsdinner im \u00c9lys\u00e9e.\">Lire plus<\/a><\/p>\n","protected":false},"author":9,"featured_media":3102,"comment_status":"open","ping_status":"open","sticky":false,"template":"","format":"standard","meta":{"footnotes":""},"categories":[856],"tags":[929,3303,1175,3306,3186],"class_list":["post-3108","post","type-post","status-publish","format-standard","has-post-thumbnail","hentry","category-aktuelles-de","tag-brigitte-macron-de","tag-chignon-gold-de","tag-dinner-fur-staatliche-anlasse-de","tag-mauretanien-de","tag-robe-rot-de"],"yoast_head":"<!-- This site is optimized with the Yoast SEO plugin v27.5 - https:\/\/yoast.com\/product\/yoast-seo-wordpress\/ -->\n<title>Brigitte Macron strahlt in einem roten Kleid und einem goldenen Dutt beim mauretanischen Staatsdinner im \u00c9lys\u00e9e. - Fan site S\u00e9bastien Auzi\u00e8re<\/title>\n<meta name=\"description\" content=\"Brigitte Macron \u00e9blouit en robe rouge et chignon dor\u00e9 lors du d\u00eener d&#039;\u00c9tat mauritanien \u00e0 l&#039;\u00c9lys\u00e9e, captivant tous les regards.\" \/>\n<meta name=\"robots\" content=\"index, follow, max-snippet:-1, max-image-preview:large, max-video-preview:-1\" \/>\n<link rel=\"canonical\" href=\"https:\/\/www.sebastien-auziere.fr\/blog\/de\/brigitte-macron-strahlt-in-einem-roten-kleid-und-einem-goldenen-dutt-beim-mauretanischen-staatsdinner-im-elysee\/\" \/>\n<meta property=\"og:locale\" content=\"fr_FR\" \/>\n<meta property=\"og:type\" content=\"article\" \/>\n<meta property=\"og:title\" content=\"Brigitte Macron strahlt in einem roten Kleid und einem goldenen Dutt beim mauretanischen Staatsdinner im \u00c9lys\u00e9e. - Fan site S\u00e9bastien Auzi\u00e8re\" \/>\n<meta property=\"og:description\" content=\"Brigitte Macron \u00e9blouit en robe rouge et chignon dor\u00e9 lors du d\u00eener d&#039;\u00c9tat mauritanien \u00e0 l&#039;\u00c9lys\u00e9e, captivant tous les regards.\" \/>\n<meta property=\"og:url\" content=\"https:\/\/www.sebastien-auziere.fr\/blog\/de\/brigitte-macron-strahlt-in-einem-roten-kleid-und-einem-goldenen-dutt-beim-mauretanischen-staatsdinner-im-elysee\/\" \/>\n<meta property=\"og:site_name\" content=\"Fan site S\u00e9bastien Auzi\u00e8re\" \/>\n<meta property=\"article:published_time\" content=\"2026-04-17T19:10:03+00:00\" \/>\n<meta property=\"article:modified_time\" content=\"2026-04-17T19:10:30+00:00\" \/>\n<meta property=\"og:image\" content=\"https:\/\/www.sebastien-auziere.fr\/blog\/wp-content\/uploads\/2026\/04\/Brigitte-Macron-eblouit-en-robe-rouge-et-chignon-dore-lors-du-diner-dEtat-mauritanien-a-lElysee.jpg\" \/>\n\t<meta property=\"og:image:width\" content=\"2560\" \/>\n\t<meta property=\"og:image:height\" content=\"1429\" \/>\n\t<meta property=\"og:image:type\" content=\"image\/jpeg\" \/>\n<meta name=\"author\" content=\"Chloe Gauthier\" \/>\n<meta name=\"twitter:card\" content=\"summary_large_image\" \/>\n<meta name=\"twitter:label1\" content=\"\u00c9crit par\" \/>\n\t<meta name=\"twitter:data1\" content=\"Chloe Gauthier\" \/>\n\t<meta name=\"twitter:label2\" content=\"Dur\u00e9e de lecture estim\u00e9e\" \/>\n\t<meta name=\"twitter:data2\" content=\"2 minutes\" \/>\n<script type=\"application\/ld+json\" class=\"yoast-schema-graph\">{\"@context\":\"https:\\\/\\\/schema.org\",\"@graph\":[{\"@type\":\"Article\",\"@id\":\"https:\\\/\\\/www.sebastien-auziere.fr\\\/blog\\\/de\\\/brigitte-macron-strahlt-in-einem-roten-kleid-und-einem-goldenen-dutt-beim-mauretanischen-staatsdinner-im-elysee\\\/#article\",\"isPartOf\":{\"@id\":\"https:\\\/\\\/www.sebastien-auziere.fr\\\/blog\\\/de\\\/brigitte-macron-strahlt-in-einem-roten-kleid-und-einem-goldenen-dutt-beim-mauretanischen-staatsdinner-im-elysee\\\/\"},\"author\":{\"name\":\"Chloe Gauthier\",\"@id\":\"https:\\\/\\\/www.sebastien-auziere.fr\\\/blog\\\/#\\\/schema\\\/person\\\/149f1acdbfd85149c6c3e59adeae2f4d\"},\"headline\":\"Brigitte Macron strahlt in einem roten Kleid und einem goldenen Dutt beim mauretanischen Staatsdinner im \u00c9lys\u00e9e.\",\"datePublished\":\"2026-04-17T19:10:03+00:00\",\"dateModified\":\"2026-04-17T19:10:30+00:00\",\"mainEntityOfPage\":{\"@id\":\"https:\\\/\\\/www.sebastien-auziere.fr\\\/blog\\\/de\\\/brigitte-macron-strahlt-in-einem-roten-kleid-und-einem-goldenen-dutt-beim-mauretanischen-staatsdinner-im-elysee\\\/\"},\"wordCount\":504,\"commentCount\":0,\"publisher\":{\"@id\":\"https:\\\/\\\/www.sebastien-auziere.fr\\\/blog\\\/#organization\"},\"image\":{\"@id\":\"https:\\\/\\\/www.sebastien-auziere.fr\\\/blog\\\/de\\\/brigitte-macron-strahlt-in-einem-roten-kleid-und-einem-goldenen-dutt-beim-mauretanischen-staatsdinner-im-elysee\\\/#primaryimage\"},\"thumbnailUrl\":\"https:\\\/\\\/www.sebastien-auziere.fr\\\/blog\\\/wp-content\\\/uploads\\\/2026\\\/04\\\/Brigitte-Macron-eblouit-en-robe-rouge-et-chignon-dore-lors-du-diner-dEtat-mauritanien-a-lElysee.jpg\",\"keywords\":[\"brigitte macron\",\"chignon Gold\",\"dinner f\u00fcr staatliche Anl\u00e4sse\",\"mauretanien\",\"robe rot\"],\"articleSection\":[\"Aktuelles\"],\"inLanguage\":\"fr-FR\",\"potentialAction\":[{\"@type\":\"CommentAction\",\"name\":\"Comment\",\"target\":[\"https:\\\/\\\/www.sebastien-auziere.fr\\\/blog\\\/de\\\/brigitte-macron-strahlt-in-einem-roten-kleid-und-einem-goldenen-dutt-beim-mauretanischen-staatsdinner-im-elysee\\\/#respond\"]}]},{\"@type\":\"WebPage\",\"@id\":\"https:\\\/\\\/www.sebastien-auziere.fr\\\/blog\\\/de\\\/brigitte-macron-strahlt-in-einem-roten-kleid-und-einem-goldenen-dutt-beim-mauretanischen-staatsdinner-im-elysee\\\/\",\"url\":\"https:\\\/\\\/www.sebastien-auziere.fr\\\/blog\\\/de\\\/brigitte-macron-strahlt-in-einem-roten-kleid-und-einem-goldenen-dutt-beim-mauretanischen-staatsdinner-im-elysee\\\/\",\"name\":\"Brigitte Macron strahlt in einem roten Kleid und einem goldenen Dutt beim mauretanischen Staatsdinner im \u00c9lys\u00e9e. - Fan site S\u00e9bastien Auzi\u00e8re\",\"isPartOf\":{\"@id\":\"https:\\\/\\\/www.sebastien-auziere.fr\\\/blog\\\/#website\"},\"primaryImageOfPage\":{\"@id\":\"https:\\\/\\\/www.sebastien-auziere.fr\\\/blog\\\/de\\\/brigitte-macron-strahlt-in-einem-roten-kleid-und-einem-goldenen-dutt-beim-mauretanischen-staatsdinner-im-elysee\\\/#primaryimage\"},\"image\":{\"@id\":\"https:\\\/\\\/www.sebastien-auziere.fr\\\/blog\\\/de\\\/brigitte-macron-strahlt-in-einem-roten-kleid-und-einem-goldenen-dutt-beim-mauretanischen-staatsdinner-im-elysee\\\/#primaryimage\"},\"thumbnailUrl\":\"https:\\\/\\\/www.sebastien-auziere.fr\\\/blog\\\/wp-content\\\/uploads\\\/2026\\\/04\\\/Brigitte-Macron-eblouit-en-robe-rouge-et-chignon-dore-lors-du-diner-dEtat-mauritanien-a-lElysee.jpg\",\"datePublished\":\"2026-04-17T19:10:03+00:00\",\"dateModified\":\"2026-04-17T19:10:30+00:00\",\"description\":\"Brigitte Macron \u00e9blouit en robe rouge et chignon dor\u00e9 lors du d\u00eener d'\u00c9tat mauritanien \u00e0 l'\u00c9lys\u00e9e, captivant tous les regards.\",\"breadcrumb\":{\"@id\":\"https:\\\/\\\/www.sebastien-auziere.fr\\\/blog\\\/de\\\/brigitte-macron-strahlt-in-einem-roten-kleid-und-einem-goldenen-dutt-beim-mauretanischen-staatsdinner-im-elysee\\\/#breadcrumb\"},\"inLanguage\":\"fr-FR\",\"potentialAction\":[{\"@type\":\"ReadAction\",\"target\":[\"https:\\\/\\\/www.sebastien-auziere.fr\\\/blog\\\/de\\\/brigitte-macron-strahlt-in-einem-roten-kleid-und-einem-goldenen-dutt-beim-mauretanischen-staatsdinner-im-elysee\\\/\"]}]},{\"@type\":\"ImageObject\",\"inLanguage\":\"fr-FR\",\"@id\":\"https:\\\/\\\/www.sebastien-auziere.fr\\\/blog\\\/de\\\/brigitte-macron-strahlt-in-einem-roten-kleid-und-einem-goldenen-dutt-beim-mauretanischen-staatsdinner-im-elysee\\\/#primaryimage\",\"url\":\"https:\\\/\\\/www.sebastien-auziere.fr\\\/blog\\\/wp-content\\\/uploads\\\/2026\\\/04\\\/Brigitte-Macron-eblouit-en-robe-rouge-et-chignon-dore-lors-du-diner-dEtat-mauritanien-a-lElysee.jpg\",\"contentUrl\":\"https:\\\/\\\/www.sebastien-auziere.fr\\\/blog\\\/wp-content\\\/uploads\\\/2026\\\/04\\\/Brigitte-Macron-eblouit-en-robe-rouge-et-chignon-dore-lors-du-diner-dEtat-mauritanien-a-lElysee.jpg\",\"width\":2560,\"height\":1429,\"caption\":\"d\u00e9couvrez comment brigitte macron a captiv\u00e9 tous les regards en robe rouge \u00e9clatante et chignon dor\u00e9 lors du d\u00eener d'\u00e9tat mauritanien \u00e0 l'\u00e9lys\u00e9e, alliant \u00e9l\u00e9gance et raffinement.\"},{\"@type\":\"BreadcrumbList\",\"@id\":\"https:\\\/\\\/www.sebastien-auziere.fr\\\/blog\\\/de\\\/brigitte-macron-strahlt-in-einem-roten-kleid-und-einem-goldenen-dutt-beim-mauretanischen-staatsdinner-im-elysee\\\/#breadcrumb\",\"itemListElement\":[{\"@type\":\"ListItem\",\"position\":1,\"name\":\"Home\",\"item\":\"https:\\\/\\\/www.sebastien-auziere.fr\\\/blog\\\/\"},{\"@type\":\"ListItem\",\"position\":2,\"name\":\"Brigitte Macron strahlt in einem roten Kleid und einem goldenen Dutt beim mauretanischen Staatsdinner im \u00c9lys\u00e9e.\"}]},{\"@type\":\"WebSite\",\"@id\":\"https:\\\/\\\/www.sebastien-auziere.fr\\\/blog\\\/#website\",\"url\":\"https:\\\/\\\/www.sebastien-auziere.fr\\\/blog\\\/\",\"name\":\"Fan site S\u00e9bastien Auzi\u00e8re\",\"description\":\"M\u00e9dia g\u00e9n\u00e9raliste\",\"publisher\":{\"@id\":\"https:\\\/\\\/www.sebastien-auziere.fr\\\/blog\\\/#organization\"},\"potentialAction\":[{\"@type\":\"SearchAction\",\"target\":{\"@type\":\"EntryPoint\",\"urlTemplate\":\"https:\\\/\\\/www.sebastien-auziere.fr\\\/blog\\\/?s={search_term_string}\"},\"query-input\":{\"@type\":\"PropertyValueSpecification\",\"valueRequired\":true,\"valueName\":\"search_term_string\"}}],\"inLanguage\":\"fr-FR\"},{\"@type\":\"Organization\",\"@id\":\"https:\\\/\\\/www.sebastien-auziere.fr\\\/blog\\\/#organization\",\"name\":\"Fan site S\u00e9bastien Auzi\u00e8re\",\"url\":\"https:\\\/\\\/www.sebastien-auziere.fr\\\/blog\\\/\",\"logo\":{\"@type\":\"ImageObject\",\"inLanguage\":\"fr-FR\",\"@id\":\"https:\\\/\\\/www.sebastien-auziere.fr\\\/blog\\\/#\\\/schema\\\/logo\\\/image\\\/\",\"url\":\"https:\\\/\\\/www.sebastien-auziere.fr\\\/blog\\\/wp-content\\\/uploads\\\/2026\\\/03\\\/cropped-cropped-cropped-ChatGPT-Image-6-mars-2026-12_58_09-e1772798376794.jpg\",\"contentUrl\":\"https:\\\/\\\/www.sebastien-auziere.fr\\\/blog\\\/wp-content\\\/uploads\\\/2026\\\/03\\\/cropped-cropped-cropped-ChatGPT-Image-6-mars-2026-12_58_09-e1772798376794.jpg\",\"width\":512,\"height\":360,\"caption\":\"Fan site S\u00e9bastien Auzi\u00e8re\"},\"image\":{\"@id\":\"https:\\\/\\\/www.sebastien-auziere.fr\\\/blog\\\/#\\\/schema\\\/logo\\\/image\\\/\"}},{\"@type\":\"Person\",\"@id\":\"https:\\\/\\\/www.sebastien-auziere.fr\\\/blog\\\/#\\\/schema\\\/person\\\/149f1acdbfd85149c6c3e59adeae2f4d\",\"name\":\"Chloe Gauthier\",\"image\":{\"@type\":\"ImageObject\",\"inLanguage\":\"fr-FR\",\"@id\":\"https:\\\/\\\/secure.gravatar.com\\\/avatar\\\/2c5722f58171cff738a8985ef0dd66b476e563753246a49019befc837ec4201a?s=96&d=mm&r=g\",\"url\":\"https:\\\/\\\/secure.gravatar.com\\\/avatar\\\/2c5722f58171cff738a8985ef0dd66b476e563753246a49019befc837ec4201a?s=96&d=mm&r=g\",\"contentUrl\":\"https:\\\/\\\/secure.gravatar.com\\\/avatar\\\/2c5722f58171cff738a8985ef0dd66b476e563753246a49019befc837ec4201a?s=96&d=mm&r=g\",\"caption\":\"Chloe Gauthier\"},\"description\":\"Passionn\u00e9e par la politique et admiratrice engag\u00e9e de la famille Macron, je consacre mon \u00e9nergie \u00e0 suivre leurs initiatives et \u00e0 promouvoir leurs id\u00e9es. \u00c0 32 ans, je suis convaincue que leur vision est porteuse d'avenir.\",\"url\":\"https:\\\/\\\/www.sebastien-auziere.fr\\\/blog\\\/author\\\/chloe-gauthier\\\/\"}]}<\/script>\n<!-- \/ Yoast SEO plugin. -->","yoast_head_json":{"title":"Brigitte Macron strahlt in einem roten Kleid und einem goldenen Dutt beim mauretanischen Staatsdinner im \u00c9lys\u00e9e. - Fan site S\u00e9bastien Auzi\u00e8re","description":"Brigitte Macron \u00e9blouit en robe rouge et chignon dor\u00e9 lors du d\u00eener d'\u00c9tat mauritanien \u00e0 l'\u00c9lys\u00e9e, captivant tous les regards.","robots":{"index":"index","follow":"follow","max-snippet":"max-snippet:-1","max-image-preview":"max-image-preview:large","max-video-preview":"max-video-preview:-1"},"canonical":"https:\/\/www.sebastien-auziere.fr\/blog\/de\/brigitte-macron-strahlt-in-einem-roten-kleid-und-einem-goldenen-dutt-beim-mauretanischen-staatsdinner-im-elysee\/","og_locale":"fr_FR","og_type":"article","og_title":"Brigitte Macron strahlt in einem roten Kleid und einem goldenen Dutt beim mauretanischen Staatsdinner im \u00c9lys\u00e9e. - Fan site S\u00e9bastien Auzi\u00e8re","og_description":"Brigitte Macron \u00e9blouit en robe rouge et chignon dor\u00e9 lors du d\u00eener d'\u00c9tat mauritanien \u00e0 l'\u00c9lys\u00e9e, captivant tous les regards.","og_url":"https:\/\/www.sebastien-auziere.fr\/blog\/de\/brigitte-macron-strahlt-in-einem-roten-kleid-und-einem-goldenen-dutt-beim-mauretanischen-staatsdinner-im-elysee\/","og_site_name":"Fan site S\u00e9bastien Auzi\u00e8re","article_published_time":"2026-04-17T19:10:03+00:00","article_modified_time":"2026-04-17T19:10:30+00:00","og_image":[{"width":2560,"height":1429,"url":"https:\/\/www.sebastien-auziere.fr\/blog\/wp-content\/uploads\/2026\/04\/Brigitte-Macron-eblouit-en-robe-rouge-et-chignon-dore-lors-du-diner-dEtat-mauritanien-a-lElysee.jpg","type":"image\/jpeg"}],"author":"Chloe Gauthier","twitter_card":"summary_large_image","twitter_misc":{"\u00c9crit par":"Chloe Gauthier","Dur\u00e9e de lecture estim\u00e9e":"2 minutes"},"schema":{"@context":"https:\/\/schema.org","@graph":[{"@type":"Article","@id":"https:\/\/www.sebastien-auziere.fr\/blog\/de\/brigitte-macron-strahlt-in-einem-roten-kleid-und-einem-goldenen-dutt-beim-mauretanischen-staatsdinner-im-elysee\/#article","isPartOf":{"@id":"https:\/\/www.sebastien-auziere.fr\/blog\/de\/brigitte-macron-strahlt-in-einem-roten-kleid-und-einem-goldenen-dutt-beim-mauretanischen-staatsdinner-im-elysee\/"},"author":{"name":"Chloe Gauthier","@id":"https:\/\/www.sebastien-auziere.fr\/blog\/#\/schema\/person\/149f1acdbfd85149c6c3e59adeae2f4d"},"headline":"Brigitte Macron strahlt in einem roten Kleid und einem goldenen Dutt beim mauretanischen Staatsdinner im \u00c9lys\u00e9e.","datePublished":"2026-04-17T19:10:03+00:00","dateModified":"2026-04-17T19:10:30+00:00","mainEntityOfPage":{"@id":"https:\/\/www.sebastien-auziere.fr\/blog\/de\/brigitte-macron-strahlt-in-einem-roten-kleid-und-einem-goldenen-dutt-beim-mauretanischen-staatsdinner-im-elysee\/"},"wordCount":504,"commentCount":0,"publisher":{"@id":"https:\/\/www.sebastien-auziere.fr\/blog\/#organization"},"image":{"@id":"https:\/\/www.sebastien-auziere.fr\/blog\/de\/brigitte-macron-strahlt-in-einem-roten-kleid-und-einem-goldenen-dutt-beim-mauretanischen-staatsdinner-im-elysee\/#primaryimage"},"thumbnailUrl":"https:\/\/www.sebastien-auziere.fr\/blog\/wp-content\/uploads\/2026\/04\/Brigitte-Macron-eblouit-en-robe-rouge-et-chignon-dore-lors-du-diner-dEtat-mauritanien-a-lElysee.jpg","keywords":["brigitte macron","chignon Gold","dinner f\u00fcr staatliche Anl\u00e4sse","mauretanien","robe rot"],"articleSection":["Aktuelles"],"inLanguage":"fr-FR","potentialAction":[{"@type":"CommentAction","name":"Comment","target":["https:\/\/www.sebastien-auziere.fr\/blog\/de\/brigitte-macron-strahlt-in-einem-roten-kleid-und-einem-goldenen-dutt-beim-mauretanischen-staatsdinner-im-elysee\/#respond"]}]},{"@type":"WebPage","@id":"https:\/\/www.sebastien-auziere.fr\/blog\/de\/brigitte-macron-strahlt-in-einem-roten-kleid-und-einem-goldenen-dutt-beim-mauretanischen-staatsdinner-im-elysee\/","url":"https:\/\/www.sebastien-auziere.fr\/blog\/de\/brigitte-macron-strahlt-in-einem-roten-kleid-und-einem-goldenen-dutt-beim-mauretanischen-staatsdinner-im-elysee\/","name":"Brigitte Macron strahlt in einem roten Kleid und einem goldenen Dutt beim mauretanischen Staatsdinner im \u00c9lys\u00e9e. - Fan site S\u00e9bastien Auzi\u00e8re","isPartOf":{"@id":"https:\/\/www.sebastien-auziere.fr\/blog\/#website"},"primaryImageOfPage":{"@id":"https:\/\/www.sebastien-auziere.fr\/blog\/de\/brigitte-macron-strahlt-in-einem-roten-kleid-und-einem-goldenen-dutt-beim-mauretanischen-staatsdinner-im-elysee\/#primaryimage"},"image":{"@id":"https:\/\/www.sebastien-auziere.fr\/blog\/de\/brigitte-macron-strahlt-in-einem-roten-kleid-und-einem-goldenen-dutt-beim-mauretanischen-staatsdinner-im-elysee\/#primaryimage"},"thumbnailUrl":"https:\/\/www.sebastien-auziere.fr\/blog\/wp-content\/uploads\/2026\/04\/Brigitte-Macron-eblouit-en-robe-rouge-et-chignon-dore-lors-du-diner-dEtat-mauritanien-a-lElysee.jpg","datePublished":"2026-04-17T19:10:03+00:00","dateModified":"2026-04-17T19:10:30+00:00","description":"Brigitte Macron \u00e9blouit en robe rouge et chignon dor\u00e9 lors du d\u00eener d'\u00c9tat mauritanien \u00e0 l'\u00c9lys\u00e9e, captivant tous les regards.","breadcrumb":{"@id":"https:\/\/www.sebastien-auziere.fr\/blog\/de\/brigitte-macron-strahlt-in-einem-roten-kleid-und-einem-goldenen-dutt-beim-mauretanischen-staatsdinner-im-elysee\/#breadcrumb"},"inLanguage":"fr-FR","potentialAction":[{"@type":"ReadAction","target":["https:\/\/www.sebastien-auziere.fr\/blog\/de\/brigitte-macron-strahlt-in-einem-roten-kleid-und-einem-goldenen-dutt-beim-mauretanischen-staatsdinner-im-elysee\/"]}]},{"@type":"ImageObject","inLanguage":"fr-FR","@id":"https:\/\/www.sebastien-auziere.fr\/blog\/de\/brigitte-macron-strahlt-in-einem-roten-kleid-und-einem-goldenen-dutt-beim-mauretanischen-staatsdinner-im-elysee\/#primaryimage","url":"https:\/\/www.sebastien-auziere.fr\/blog\/wp-content\/uploads\/2026\/04\/Brigitte-Macron-eblouit-en-robe-rouge-et-chignon-dore-lors-du-diner-dEtat-mauritanien-a-lElysee.jpg","contentUrl":"https:\/\/www.sebastien-auziere.fr\/blog\/wp-content\/uploads\/2026\/04\/Brigitte-Macron-eblouit-en-robe-rouge-et-chignon-dore-lors-du-diner-dEtat-mauritanien-a-lElysee.jpg","width":2560,"height":1429,"caption":"d\u00e9couvrez comment brigitte macron a captiv\u00e9 tous les regards en robe rouge \u00e9clatante et chignon dor\u00e9 lors du d\u00eener d'\u00e9tat mauritanien \u00e0 l'\u00e9lys\u00e9e, alliant \u00e9l\u00e9gance et raffinement."},{"@type":"BreadcrumbList","@id":"https:\/\/www.sebastien-auziere.fr\/blog\/de\/brigitte-macron-strahlt-in-einem-roten-kleid-und-einem-goldenen-dutt-beim-mauretanischen-staatsdinner-im-elysee\/#breadcrumb","itemListElement":[{"@type":"ListItem","position":1,"name":"Home","item":"https:\/\/www.sebastien-auziere.fr\/blog\/"},{"@type":"ListItem","position":2,"name":"Brigitte Macron strahlt in einem roten Kleid und einem goldenen Dutt beim mauretanischen Staatsdinner im \u00c9lys\u00e9e."}]},{"@type":"WebSite","@id":"https:\/\/www.sebastien-auziere.fr\/blog\/#website","url":"https:\/\/www.sebastien-auziere.fr\/blog\/","name":"Fan site S\u00e9bastien Auzi\u00e8re","description":"M\u00e9dia g\u00e9n\u00e9raliste","publisher":{"@id":"https:\/\/www.sebastien-auziere.fr\/blog\/#organization"},"potentialAction":[{"@type":"SearchAction","target":{"@type":"EntryPoint","urlTemplate":"https:\/\/www.sebastien-auziere.fr\/blog\/?s={search_term_string}"},"query-input":{"@type":"PropertyValueSpecification","valueRequired":true,"valueName":"search_term_string"}}],"inLanguage":"fr-FR"},{"@type":"Organization","@id":"https:\/\/www.sebastien-auziere.fr\/blog\/#organization","name":"Fan site S\u00e9bastien Auzi\u00e8re","url":"https:\/\/www.sebastien-auziere.fr\/blog\/","logo":{"@type":"ImageObject","inLanguage":"fr-FR","@id":"https:\/\/www.sebastien-auziere.fr\/blog\/#\/schema\/logo\/image\/","url":"https:\/\/www.sebastien-auziere.fr\/blog\/wp-content\/uploads\/2026\/03\/cropped-cropped-cropped-ChatGPT-Image-6-mars-2026-12_58_09-e1772798376794.jpg","contentUrl":"https:\/\/www.sebastien-auziere.fr\/blog\/wp-content\/uploads\/2026\/03\/cropped-cropped-cropped-ChatGPT-Image-6-mars-2026-12_58_09-e1772798376794.jpg","width":512,"height":360,"caption":"Fan site S\u00e9bastien Auzi\u00e8re"},"image":{"@id":"https:\/\/www.sebastien-auziere.fr\/blog\/#\/schema\/logo\/image\/"}},{"@type":"Person","@id":"https:\/\/www.sebastien-auziere.fr\/blog\/#\/schema\/person\/149f1acdbfd85149c6c3e59adeae2f4d","name":"Chloe Gauthier","image":{"@type":"ImageObject","inLanguage":"fr-FR","@id":"https:\/\/secure.gravatar.com\/avatar\/2c5722f58171cff738a8985ef0dd66b476e563753246a49019befc837ec4201a?s=96&d=mm&r=g","url":"https:\/\/secure.gravatar.com\/avatar\/2c5722f58171cff738a8985ef0dd66b476e563753246a49019befc837ec4201a?s=96&d=mm&r=g","contentUrl":"https:\/\/secure.gravatar.com\/avatar\/2c5722f58171cff738a8985ef0dd66b476e563753246a49019befc837ec4201a?s=96&d=mm&r=g","caption":"Chloe Gauthier"},"description":"Passionn\u00e9e par la politique et admiratrice engag\u00e9e de la famille Macron, je consacre mon \u00e9nergie \u00e0 suivre leurs initiatives et \u00e0 promouvoir leurs id\u00e9es. \u00c0 32 ans, je suis convaincue que leur vision est porteuse d'avenir.","url":"https:\/\/www.sebastien-auziere.fr\/blog\/author\/chloe-gauthier\/"}]}},"views":3,"_links":{"self":[{"href":"https:\/\/www.sebastien-auziere.fr\/blog\/wp-json\/wp\/v2\/posts\/3108","targetHints":{"allow":["GET"]}}],"collection":[{"href":"https:\/\/www.sebastien-auziere.fr\/blog\/wp-json\/wp\/v2\/posts"}],"about":[{"href":"https:\/\/www.sebastien-auziere.fr\/blog\/wp-json\/wp\/v2\/types\/post"}],"author":[{"embeddable":true,"href":"https:\/\/www.sebastien-auziere.fr\/blog\/wp-json\/wp\/v2\/users\/9"}],"replies":[{"embeddable":true,"href":"https:\/\/www.sebastien-auziere.fr\/blog\/wp-json\/wp\/v2\/comments?post=3108"}],"version-history":[{"count":1,"href":"https:\/\/www.sebastien-auziere.fr\/blog\/wp-json\/wp\/v2\/posts\/3108\/revisions"}],"predecessor-version":[{"id":3109,"href":"https:\/\/www.sebastien-auziere.fr\/blog\/wp-json\/wp\/v2\/posts\/3108\/revisions\/3109"}],"wp:featuredmedia":[{"embeddable":true,"href":"https:\/\/www.sebastien-auziere.fr\/blog\/wp-json\/wp\/v2\/media\/3102"}],"wp:attachment":[{"href":"https:\/\/www.sebastien-auziere.fr\/blog\/wp-json\/wp\/v2\/media?parent=3108"}],"wp:term":[{"taxonomy":"category","embeddable":true,"href":"https:\/\/www.sebastien-auziere.fr\/blog\/wp-json\/wp\/v2\/categories?post=3108"},{"taxonomy":"post_tag","embeddable":true,"href":"https:\/\/www.sebastien-auziere.fr\/blog\/wp-json\/wp\/v2\/tags?post=3108"}],"curies":[{"name":"wp","href":"https:\/\/api.w.org\/{rel}","templated":true}]}}