{"id":3106,"date":"2026-04-17T19:09:05","date_gmt":"2026-04-17T19:09:05","guid":{"rendered":"https:\/\/www.sebastien-auziere.fr\/blog\/?p=3106"},"modified":"2026-04-17T19:09:31","modified_gmt":"2026-04-17T19:09:31","slug":"brigitte-macron-brilla-en-un-vestido-rojo-y-un-mono-dorado-durante-la-cena-de-estado-mauritana-en-el-eliseo","status":"publish","type":"post","link":"https:\/\/www.sebastien-auziere.fr\/blog\/es\/brigitte-macron-brilla-en-un-vestido-rojo-y-un-mono-dorado-durante-la-cena-de-estado-mauritana-en-el-eliseo\/","title":{"rendered":"Brigitte Macron brilla en un vestido rojo y un mo\u00f1o dorado durante la cena de Estado mauritana en el El\u00edseo"},"content":{"rendered":"<p>Mi\u00e9rcoles 15 de abril de 2026, <strong>Brigitte Macron<\/strong> deslumbr\u00f3 en las escaleras del <strong>El\u00edseo<\/strong> al llegar a la <strong>cena de Estado<\/strong> ofrecida para el presidente de <strong>Mauritania<\/strong>. Su <strong>vestido rojo<\/strong> largo y su <strong>mo\u00f1o dorado<\/strong> captaron de inmediato la atenci\u00f3n de los fot\u00f3grafos y los invitados, confirmando una lecci\u00f3n de <strong>moda<\/strong> perfectamente dominada por la <strong>primera dama<\/strong>.<\/p>\n\n<p><strong>En breve:<\/strong> Este <strong>evento oficial<\/strong> del 15 de abril marc\u00f3 el inicio de una visita de tres d\u00edas del presidente Mohamed Ould Ghazouani a Francia. La vestimenta de la Primera dama, combinada con un collar Louis Vuitton Flower Comet y un bolso Balmain, fue ampliamente cubierta por la prensa nacional e internacional.<\/p>\n\n<h2 class=\"wp-block-heading\">Brigitte Macron: el <strong>vestido rojo<\/strong> y el <strong>mo\u00f1o dorado<\/strong> que causaron sensaci\u00f3n<\/h2>\n\n<p>Con un vestido ce\u00f1ido hasta los tobillos, de cuello redondo y mangas largas, <strong>Brigitte Macron<\/strong> eligi\u00f3 un corte sobrio realzado por un color rojo intenso que recuerda a la bandera mauritana. Los accesorios, incluyendo un bolso Balmain de cuero negro y unos tacones a juego, completaron el conjunto con mesura.<\/p>\n\n<p>Para un an\u00e1lisis detallado de las piezas llevadas esa noche, encuentra un desglosado completo sobre <a href=\"https:\/\/www.sebastien-auziere.fr\/blog\/brigitte-macron-robe-rouge\/\">la vestimenta de la Primera dama<\/a> y un comentario de moda en la prensa especializada como <a href=\"https:\/\/www.parismatch.com\/actu\/politique\/parure-doree-et-robe-de-bal-rouge-brigitte-macron-sur-son-31-pour-accueillir-le-couple-presidentiel-mauritanien-267612\">Paris Match<\/a>.<\/p>\n\n<h2 class=\"wp-block-heading\">Una <strong>cena de Estado<\/strong> hist\u00f3rica con <strong>Mauritania<\/strong><\/h2>\n\n<p>La recepci\u00f3n del presidente Mohamed Ould Ghazouani y su esposa lanz\u00f3 una visita oficial de tres d\u00edas, la primera del tipo en m\u00e1s de treinta a\u00f1os para Mauritania en Francia. La agenda incluye Brest y reuniones sobre cooperaci\u00f3n mar\u00edtima, ilustrando el fortalecimiento de los lazos entre Par\u00eds y Nuakchot.<\/p>\n\n<p>Este encuentro diplom\u00e1tico, organizado en el <strong>El\u00edseo<\/strong>, dio lugar a intercambios pol\u00edticos y culturales seguidos por los medios; para un panorama de las repercusiones medi\u00e1ticas, consulta tambi\u00e9n el reportaje de <a href=\"https:\/\/www.closermag.fr\/politique\/brigitte-macron-a-73-ans-la-premiere-dame-resplendissante-dans-une-longue-robe-rouge-carmin-une-nouveaute-interpelle-3630688\">Closer<\/a>.<\/p>\n\n<h3 class=\"wp-block-heading\">La <strong>moda<\/strong> al servicio de un mensaje<\/h3>\n\n<p>La elecci\u00f3n del rojo no fue casual: crea un v\u00ednculo visual con el invitado de honor mientras afirma una presencia refinada. El collar Flower Comet de Louis Vuitton, en forma de estrella fugaz, aport\u00f3 un toque contempor\u00e1neo, subrayando el equilibrio entre clasicismo y audacia.<\/p>\n\n<p>Esta mezcla de sobriedad y brillo ilustra c\u00f3mo la <strong>primera dama<\/strong> utiliza la <strong>moda<\/strong> durante un <strong>evento oficial<\/strong> para transmitir una imagen de continuidad y apertura.<\/p>\n\n<h2 class=\"wp-block-heading\">Reacciones, medios y alcance cultural<\/h2>\n\n<p>Las fotograf\u00edas de esa noche fueron reproducidas por numerosos medios y alimentaron las discusiones en redes sociales, confirmando el papel de \u00edcono que desempe\u00f1a la Primera dama en el universo de la <strong>moda<\/strong> pol\u00edtica. Los medios elogiaron la elegancia medida y la simbolog\u00eda de la elecci\u00f3n crom\u00e1tica.<\/p>\n\n<p>Para profundizar en los entresijos del estilo y los lugares, se ofrece un dossier completo en <a href=\"https:\/\/www.sebastien-auziere.fr\/blog\/brigitte-macron-robe-elegante\/\">sebastien-auziere.fr<\/a> y en varias secciones especializadas que comentaron esta aparici\u00f3n.<\/p>\n\n<p>Para saber m\u00e1s sobre <strong>S\u00e9bastien Auzi\u00e8re<\/strong>, la familia Macron y los detalles de esta noche, dir\u00edgete a <a href=\"https:\/\/www.sebastien-auziere.fr\/blog\/brigitte-macron-robe-elegante\/\">sebastien-auziere.fr<\/a>: an\u00e1lisis, fotos y relatos completos te est\u00e1n esperando para extender el descubrimiento.<\/p>","protected":false},"excerpt":{"rendered":"<p>Mi\u00e9rcoles 15 de abril de 2026, Brigitte Macron deslumbr\u00f3 en las escaleras del El\u00edseo al llegar a la cena de Estado ofrecida para el presidente de Mauritania. Su vestido rojo largo y su mo\u00f1o dorado captaron de inmediato la atenci\u00f3n de los fot\u00f3grafos y los invitados, confirmando una lecci\u00f3n de moda perfectamente dominada por la &#8230; <a title=\"Brigitte Macron brilla en un vestido rojo y un mo\u00f1o dorado durante la cena de Estado mauritana en el El\u00edseo\" class=\"read-more\" href=\"https:\/\/www.sebastien-auziere.fr\/blog\/es\/brigitte-macron-brilla-en-un-vestido-rojo-y-un-mono-dorado-durante-la-cena-de-estado-mauritana-en-el-eliseo\/\" aria-label=\"En savoir plus sur Brigitte Macron brilla en un vestido rojo y un mo\u00f1o dorado durante la cena de Estado mauritana en el El\u00edseo\">Lire plus<\/a><\/p>\n","protected":false},"author":9,"featured_media":3102,"comment_status":"open","ping_status":"open","sticky":false,"template":"","format":"standard","meta":{"footnotes":""},"categories":[820],"tags":[914,1163,3297,3300,3174],"class_list":["post-3106","post","type-post","status-publish","format-standard","has-post-thumbnail","hentry","category-actualidades-es","tag-brigitte-macron-es","tag-cena-de-estado-es","tag-chignon-dorado-es","tag-mauritania-es","tag-robe-roja-es"],"yoast_head":"<!-- This site is optimized with the Yoast SEO plugin v27.5 - https:\/\/yoast.com\/product\/yoast-seo-wordpress\/ -->\n<title>Brigitte Macron brilla en un vestido rojo y un mo\u00f1o dorado durante la cena de Estado mauritana en el El\u00edseo - Fan site S\u00e9bastien Auzi\u00e8re<\/title>\n<meta name=\"description\" content=\"Brigitte Macron \u00e9blouit en robe rouge et chignon dor\u00e9 lors du d\u00eener d&#039;\u00c9tat mauritanien \u00e0 l&#039;\u00c9lys\u00e9e, captivant tous les regards.\" \/>\n<meta name=\"robots\" content=\"index, follow, max-snippet:-1, max-image-preview:large, max-video-preview:-1\" \/>\n<link rel=\"canonical\" href=\"https:\/\/www.sebastien-auziere.fr\/blog\/es\/brigitte-macron-brilla-en-un-vestido-rojo-y-un-mono-dorado-durante-la-cena-de-estado-mauritana-en-el-eliseo\/\" \/>\n<meta property=\"og:locale\" content=\"fr_FR\" \/>\n<meta property=\"og:type\" content=\"article\" \/>\n<meta property=\"og:title\" content=\"Brigitte Macron brilla en un vestido rojo y un mo\u00f1o dorado durante la cena de Estado mauritana en el El\u00edseo - Fan site S\u00e9bastien Auzi\u00e8re\" \/>\n<meta property=\"og:description\" content=\"Brigitte Macron \u00e9blouit en robe rouge et chignon dor\u00e9 lors du d\u00eener d&#039;\u00c9tat mauritanien \u00e0 l&#039;\u00c9lys\u00e9e, captivant tous les regards.\" \/>\n<meta property=\"og:url\" content=\"https:\/\/www.sebastien-auziere.fr\/blog\/es\/brigitte-macron-brilla-en-un-vestido-rojo-y-un-mono-dorado-durante-la-cena-de-estado-mauritana-en-el-eliseo\/\" \/>\n<meta property=\"og:site_name\" content=\"Fan site S\u00e9bastien Auzi\u00e8re\" \/>\n<meta property=\"article:published_time\" content=\"2026-04-17T19:09:05+00:00\" \/>\n<meta property=\"article:modified_time\" content=\"2026-04-17T19:09:31+00:00\" \/>\n<meta property=\"og:image\" content=\"https:\/\/www.sebastien-auziere.fr\/blog\/wp-content\/uploads\/2026\/04\/Brigitte-Macron-eblouit-en-robe-rouge-et-chignon-dore-lors-du-diner-dEtat-mauritanien-a-lElysee.jpg\" \/>\n\t<meta property=\"og:image:width\" content=\"2560\" \/>\n\t<meta property=\"og:image:height\" content=\"1429\" \/>\n\t<meta property=\"og:image:type\" content=\"image\/jpeg\" \/>\n<meta name=\"author\" content=\"Chloe Gauthier\" \/>\n<meta name=\"twitter:card\" content=\"summary_large_image\" \/>\n<meta name=\"twitter:label1\" content=\"\u00c9crit par\" \/>\n\t<meta name=\"twitter:data1\" content=\"Chloe Gauthier\" \/>\n\t<meta name=\"twitter:label2\" content=\"Dur\u00e9e de lecture estim\u00e9e\" \/>\n\t<meta name=\"twitter:data2\" content=\"3 minutes\" \/>\n<script type=\"application\/ld+json\" class=\"yoast-schema-graph\">{\"@context\":\"https:\\\/\\\/schema.org\",\"@graph\":[{\"@type\":\"Article\",\"@id\":\"https:\\\/\\\/www.sebastien-auziere.fr\\\/blog\\\/es\\\/brigitte-macron-brilla-en-un-vestido-rojo-y-un-mono-dorado-durante-la-cena-de-estado-mauritana-en-el-eliseo\\\/#article\",\"isPartOf\":{\"@id\":\"https:\\\/\\\/www.sebastien-auziere.fr\\\/blog\\\/es\\\/brigitte-macron-brilla-en-un-vestido-rojo-y-un-mono-dorado-durante-la-cena-de-estado-mauritana-en-el-eliseo\\\/\"},\"author\":{\"name\":\"Chloe Gauthier\",\"@id\":\"https:\\\/\\\/www.sebastien-auziere.fr\\\/blog\\\/#\\\/schema\\\/person\\\/149f1acdbfd85149c6c3e59adeae2f4d\"},\"headline\":\"Brigitte Macron brilla en un vestido rojo y un mo\u00f1o dorado durante la cena de Estado mauritana en el El\u00edseo\",\"datePublished\":\"2026-04-17T19:09:05+00:00\",\"dateModified\":\"2026-04-17T19:09:31+00:00\",\"mainEntityOfPage\":{\"@id\":\"https:\\\/\\\/www.sebastien-auziere.fr\\\/blog\\\/es\\\/brigitte-macron-brilla-en-un-vestido-rojo-y-un-mono-dorado-durante-la-cena-de-estado-mauritana-en-el-eliseo\\\/\"},\"wordCount\":538,\"commentCount\":0,\"publisher\":{\"@id\":\"https:\\\/\\\/www.sebastien-auziere.fr\\\/blog\\\/#organization\"},\"image\":{\"@id\":\"https:\\\/\\\/www.sebastien-auziere.fr\\\/blog\\\/es\\\/brigitte-macron-brilla-en-un-vestido-rojo-y-un-mono-dorado-durante-la-cena-de-estado-mauritana-en-el-eliseo\\\/#primaryimage\"},\"thumbnailUrl\":\"https:\\\/\\\/www.sebastien-auziere.fr\\\/blog\\\/wp-content\\\/uploads\\\/2026\\\/04\\\/Brigitte-Macron-eblouit-en-robe-rouge-et-chignon-dore-lors-du-diner-dEtat-mauritanien-a-lElysee.jpg\",\"keywords\":[\"brigitte macron\",\"cena de estado\",\"chignon dorado\",\"mauritania\",\"robe roja\"],\"articleSection\":[\"Actualidades\"],\"inLanguage\":\"fr-FR\",\"potentialAction\":[{\"@type\":\"CommentAction\",\"name\":\"Comment\",\"target\":[\"https:\\\/\\\/www.sebastien-auziere.fr\\\/blog\\\/es\\\/brigitte-macron-brilla-en-un-vestido-rojo-y-un-mono-dorado-durante-la-cena-de-estado-mauritana-en-el-eliseo\\\/#respond\"]}]},{\"@type\":\"WebPage\",\"@id\":\"https:\\\/\\\/www.sebastien-auziere.fr\\\/blog\\\/es\\\/brigitte-macron-brilla-en-un-vestido-rojo-y-un-mono-dorado-durante-la-cena-de-estado-mauritana-en-el-eliseo\\\/\",\"url\":\"https:\\\/\\\/www.sebastien-auziere.fr\\\/blog\\\/es\\\/brigitte-macron-brilla-en-un-vestido-rojo-y-un-mono-dorado-durante-la-cena-de-estado-mauritana-en-el-eliseo\\\/\",\"name\":\"Brigitte Macron brilla en un vestido rojo y un mo\u00f1o dorado durante la cena de Estado mauritana en el El\u00edseo - Fan site S\u00e9bastien Auzi\u00e8re\",\"isPartOf\":{\"@id\":\"https:\\\/\\\/www.sebastien-auziere.fr\\\/blog\\\/#website\"},\"primaryImageOfPage\":{\"@id\":\"https:\\\/\\\/www.sebastien-auziere.fr\\\/blog\\\/es\\\/brigitte-macron-brilla-en-un-vestido-rojo-y-un-mono-dorado-durante-la-cena-de-estado-mauritana-en-el-eliseo\\\/#primaryimage\"},\"image\":{\"@id\":\"https:\\\/\\\/www.sebastien-auziere.fr\\\/blog\\\/es\\\/brigitte-macron-brilla-en-un-vestido-rojo-y-un-mono-dorado-durante-la-cena-de-estado-mauritana-en-el-eliseo\\\/#primaryimage\"},\"thumbnailUrl\":\"https:\\\/\\\/www.sebastien-auziere.fr\\\/blog\\\/wp-content\\\/uploads\\\/2026\\\/04\\\/Brigitte-Macron-eblouit-en-robe-rouge-et-chignon-dore-lors-du-diner-dEtat-mauritanien-a-lElysee.jpg\",\"datePublished\":\"2026-04-17T19:09:05+00:00\",\"dateModified\":\"2026-04-17T19:09:31+00:00\",\"description\":\"Brigitte Macron \u00e9blouit en robe rouge et chignon dor\u00e9 lors du d\u00eener d'\u00c9tat mauritanien \u00e0 l'\u00c9lys\u00e9e, captivant tous les regards.\",\"breadcrumb\":{\"@id\":\"https:\\\/\\\/www.sebastien-auziere.fr\\\/blog\\\/es\\\/brigitte-macron-brilla-en-un-vestido-rojo-y-un-mono-dorado-durante-la-cena-de-estado-mauritana-en-el-eliseo\\\/#breadcrumb\"},\"inLanguage\":\"fr-FR\",\"potentialAction\":[{\"@type\":\"ReadAction\",\"target\":[\"https:\\\/\\\/www.sebastien-auziere.fr\\\/blog\\\/es\\\/brigitte-macron-brilla-en-un-vestido-rojo-y-un-mono-dorado-durante-la-cena-de-estado-mauritana-en-el-eliseo\\\/\"]}]},{\"@type\":\"ImageObject\",\"inLanguage\":\"fr-FR\",\"@id\":\"https:\\\/\\\/www.sebastien-auziere.fr\\\/blog\\\/es\\\/brigitte-macron-brilla-en-un-vestido-rojo-y-un-mono-dorado-durante-la-cena-de-estado-mauritana-en-el-eliseo\\\/#primaryimage\",\"url\":\"https:\\\/\\\/www.sebastien-auziere.fr\\\/blog\\\/wp-content\\\/uploads\\\/2026\\\/04\\\/Brigitte-Macron-eblouit-en-robe-rouge-et-chignon-dore-lors-du-diner-dEtat-mauritanien-a-lElysee.jpg\",\"contentUrl\":\"https:\\\/\\\/www.sebastien-auziere.fr\\\/blog\\\/wp-content\\\/uploads\\\/2026\\\/04\\\/Brigitte-Macron-eblouit-en-robe-rouge-et-chignon-dore-lors-du-diner-dEtat-mauritanien-a-lElysee.jpg\",\"width\":2560,\"height\":1429,\"caption\":\"d\u00e9couvrez comment brigitte macron a captiv\u00e9 tous les regards en robe rouge \u00e9clatante et chignon dor\u00e9 lors du d\u00eener d'\u00e9tat mauritanien \u00e0 l'\u00e9lys\u00e9e, alliant \u00e9l\u00e9gance et raffinement.\"},{\"@type\":\"BreadcrumbList\",\"@id\":\"https:\\\/\\\/www.sebastien-auziere.fr\\\/blog\\\/es\\\/brigitte-macron-brilla-en-un-vestido-rojo-y-un-mono-dorado-durante-la-cena-de-estado-mauritana-en-el-eliseo\\\/#breadcrumb\",\"itemListElement\":[{\"@type\":\"ListItem\",\"position\":1,\"name\":\"Home\",\"item\":\"https:\\\/\\\/www.sebastien-auziere.fr\\\/blog\\\/\"},{\"@type\":\"ListItem\",\"position\":2,\"name\":\"Brigitte Macron brilla en un vestido rojo y un mo\u00f1o dorado durante la cena de Estado mauritana en el El\u00edseo\"}]},{\"@type\":\"WebSite\",\"@id\":\"https:\\\/\\\/www.sebastien-auziere.fr\\\/blog\\\/#website\",\"url\":\"https:\\\/\\\/www.sebastien-auziere.fr\\\/blog\\\/\",\"name\":\"Fan site S\u00e9bastien Auzi\u00e8re\",\"description\":\"M\u00e9dia g\u00e9n\u00e9raliste\",\"publisher\":{\"@id\":\"https:\\\/\\\/www.sebastien-auziere.fr\\\/blog\\\/#organization\"},\"potentialAction\":[{\"@type\":\"SearchAction\",\"target\":{\"@type\":\"EntryPoint\",\"urlTemplate\":\"https:\\\/\\\/www.sebastien-auziere.fr\\\/blog\\\/?s={search_term_string}\"},\"query-input\":{\"@type\":\"PropertyValueSpecification\",\"valueRequired\":true,\"valueName\":\"search_term_string\"}}],\"inLanguage\":\"fr-FR\"},{\"@type\":\"Organization\",\"@id\":\"https:\\\/\\\/www.sebastien-auziere.fr\\\/blog\\\/#organization\",\"name\":\"Fan site S\u00e9bastien Auzi\u00e8re\",\"url\":\"https:\\\/\\\/www.sebastien-auziere.fr\\\/blog\\\/\",\"logo\":{\"@type\":\"ImageObject\",\"inLanguage\":\"fr-FR\",\"@id\":\"https:\\\/\\\/www.sebastien-auziere.fr\\\/blog\\\/#\\\/schema\\\/logo\\\/image\\\/\",\"url\":\"https:\\\/\\\/www.sebastien-auziere.fr\\\/blog\\\/wp-content\\\/uploads\\\/2026\\\/03\\\/cropped-cropped-cropped-ChatGPT-Image-6-mars-2026-12_58_09-e1772798376794.jpg\",\"contentUrl\":\"https:\\\/\\\/www.sebastien-auziere.fr\\\/blog\\\/wp-content\\\/uploads\\\/2026\\\/03\\\/cropped-cropped-cropped-ChatGPT-Image-6-mars-2026-12_58_09-e1772798376794.jpg\",\"width\":512,\"height\":360,\"caption\":\"Fan site S\u00e9bastien Auzi\u00e8re\"},\"image\":{\"@id\":\"https:\\\/\\\/www.sebastien-auziere.fr\\\/blog\\\/#\\\/schema\\\/logo\\\/image\\\/\"}},{\"@type\":\"Person\",\"@id\":\"https:\\\/\\\/www.sebastien-auziere.fr\\\/blog\\\/#\\\/schema\\\/person\\\/149f1acdbfd85149c6c3e59adeae2f4d\",\"name\":\"Chloe Gauthier\",\"image\":{\"@type\":\"ImageObject\",\"inLanguage\":\"fr-FR\",\"@id\":\"https:\\\/\\\/secure.gravatar.com\\\/avatar\\\/2c5722f58171cff738a8985ef0dd66b476e563753246a49019befc837ec4201a?s=96&d=mm&r=g\",\"url\":\"https:\\\/\\\/secure.gravatar.com\\\/avatar\\\/2c5722f58171cff738a8985ef0dd66b476e563753246a49019befc837ec4201a?s=96&d=mm&r=g\",\"contentUrl\":\"https:\\\/\\\/secure.gravatar.com\\\/avatar\\\/2c5722f58171cff738a8985ef0dd66b476e563753246a49019befc837ec4201a?s=96&d=mm&r=g\",\"caption\":\"Chloe Gauthier\"},\"description\":\"Passionn\u00e9e par la politique et admiratrice engag\u00e9e de la famille Macron, je consacre mon \u00e9nergie \u00e0 suivre leurs initiatives et \u00e0 promouvoir leurs id\u00e9es. \u00c0 32 ans, je suis convaincue que leur vision est porteuse d'avenir.\",\"url\":\"https:\\\/\\\/www.sebastien-auziere.fr\\\/blog\\\/author\\\/chloe-gauthier\\\/\"}]}<\/script>\n<!-- \/ Yoast SEO plugin. -->","yoast_head_json":{"title":"Brigitte Macron brilla en un vestido rojo y un mo\u00f1o dorado durante la cena de Estado mauritana en el El\u00edseo - Fan site S\u00e9bastien Auzi\u00e8re","description":"Brigitte Macron \u00e9blouit en robe rouge et chignon dor\u00e9 lors du d\u00eener d'\u00c9tat mauritanien \u00e0 l'\u00c9lys\u00e9e, captivant tous les regards.","robots":{"index":"index","follow":"follow","max-snippet":"max-snippet:-1","max-image-preview":"max-image-preview:large","max-video-preview":"max-video-preview:-1"},"canonical":"https:\/\/www.sebastien-auziere.fr\/blog\/es\/brigitte-macron-brilla-en-un-vestido-rojo-y-un-mono-dorado-durante-la-cena-de-estado-mauritana-en-el-eliseo\/","og_locale":"fr_FR","og_type":"article","og_title":"Brigitte Macron brilla en un vestido rojo y un mo\u00f1o dorado durante la cena de Estado mauritana en el El\u00edseo - Fan site S\u00e9bastien Auzi\u00e8re","og_description":"Brigitte Macron \u00e9blouit en robe rouge et chignon dor\u00e9 lors du d\u00eener d'\u00c9tat mauritanien \u00e0 l'\u00c9lys\u00e9e, captivant tous les regards.","og_url":"https:\/\/www.sebastien-auziere.fr\/blog\/es\/brigitte-macron-brilla-en-un-vestido-rojo-y-un-mono-dorado-durante-la-cena-de-estado-mauritana-en-el-eliseo\/","og_site_name":"Fan site S\u00e9bastien Auzi\u00e8re","article_published_time":"2026-04-17T19:09:05+00:00","article_modified_time":"2026-04-17T19:09:31+00:00","og_image":[{"width":2560,"height":1429,"url":"https:\/\/www.sebastien-auziere.fr\/blog\/wp-content\/uploads\/2026\/04\/Brigitte-Macron-eblouit-en-robe-rouge-et-chignon-dore-lors-du-diner-dEtat-mauritanien-a-lElysee.jpg","type":"image\/jpeg"}],"author":"Chloe Gauthier","twitter_card":"summary_large_image","twitter_misc":{"\u00c9crit par":"Chloe Gauthier","Dur\u00e9e de lecture estim\u00e9e":"3 minutes"},"schema":{"@context":"https:\/\/schema.org","@graph":[{"@type":"Article","@id":"https:\/\/www.sebastien-auziere.fr\/blog\/es\/brigitte-macron-brilla-en-un-vestido-rojo-y-un-mono-dorado-durante-la-cena-de-estado-mauritana-en-el-eliseo\/#article","isPartOf":{"@id":"https:\/\/www.sebastien-auziere.fr\/blog\/es\/brigitte-macron-brilla-en-un-vestido-rojo-y-un-mono-dorado-durante-la-cena-de-estado-mauritana-en-el-eliseo\/"},"author":{"name":"Chloe Gauthier","@id":"https:\/\/www.sebastien-auziere.fr\/blog\/#\/schema\/person\/149f1acdbfd85149c6c3e59adeae2f4d"},"headline":"Brigitte Macron brilla en un vestido rojo y un mo\u00f1o dorado durante la cena de Estado mauritana en el El\u00edseo","datePublished":"2026-04-17T19:09:05+00:00","dateModified":"2026-04-17T19:09:31+00:00","mainEntityOfPage":{"@id":"https:\/\/www.sebastien-auziere.fr\/blog\/es\/brigitte-macron-brilla-en-un-vestido-rojo-y-un-mono-dorado-durante-la-cena-de-estado-mauritana-en-el-eliseo\/"},"wordCount":538,"commentCount":0,"publisher":{"@id":"https:\/\/www.sebastien-auziere.fr\/blog\/#organization"},"image":{"@id":"https:\/\/www.sebastien-auziere.fr\/blog\/es\/brigitte-macron-brilla-en-un-vestido-rojo-y-un-mono-dorado-durante-la-cena-de-estado-mauritana-en-el-eliseo\/#primaryimage"},"thumbnailUrl":"https:\/\/www.sebastien-auziere.fr\/blog\/wp-content\/uploads\/2026\/04\/Brigitte-Macron-eblouit-en-robe-rouge-et-chignon-dore-lors-du-diner-dEtat-mauritanien-a-lElysee.jpg","keywords":["brigitte macron","cena de estado","chignon dorado","mauritania","robe roja"],"articleSection":["Actualidades"],"inLanguage":"fr-FR","potentialAction":[{"@type":"CommentAction","name":"Comment","target":["https:\/\/www.sebastien-auziere.fr\/blog\/es\/brigitte-macron-brilla-en-un-vestido-rojo-y-un-mono-dorado-durante-la-cena-de-estado-mauritana-en-el-eliseo\/#respond"]}]},{"@type":"WebPage","@id":"https:\/\/www.sebastien-auziere.fr\/blog\/es\/brigitte-macron-brilla-en-un-vestido-rojo-y-un-mono-dorado-durante-la-cena-de-estado-mauritana-en-el-eliseo\/","url":"https:\/\/www.sebastien-auziere.fr\/blog\/es\/brigitte-macron-brilla-en-un-vestido-rojo-y-un-mono-dorado-durante-la-cena-de-estado-mauritana-en-el-eliseo\/","name":"Brigitte Macron brilla en un vestido rojo y un mo\u00f1o dorado durante la cena de Estado mauritana en el El\u00edseo - Fan site S\u00e9bastien Auzi\u00e8re","isPartOf":{"@id":"https:\/\/www.sebastien-auziere.fr\/blog\/#website"},"primaryImageOfPage":{"@id":"https:\/\/www.sebastien-auziere.fr\/blog\/es\/brigitte-macron-brilla-en-un-vestido-rojo-y-un-mono-dorado-durante-la-cena-de-estado-mauritana-en-el-eliseo\/#primaryimage"},"image":{"@id":"https:\/\/www.sebastien-auziere.fr\/blog\/es\/brigitte-macron-brilla-en-un-vestido-rojo-y-un-mono-dorado-durante-la-cena-de-estado-mauritana-en-el-eliseo\/#primaryimage"},"thumbnailUrl":"https:\/\/www.sebastien-auziere.fr\/blog\/wp-content\/uploads\/2026\/04\/Brigitte-Macron-eblouit-en-robe-rouge-et-chignon-dore-lors-du-diner-dEtat-mauritanien-a-lElysee.jpg","datePublished":"2026-04-17T19:09:05+00:00","dateModified":"2026-04-17T19:09:31+00:00","description":"Brigitte Macron \u00e9blouit en robe rouge et chignon dor\u00e9 lors du d\u00eener d'\u00c9tat mauritanien \u00e0 l'\u00c9lys\u00e9e, captivant tous les regards.","breadcrumb":{"@id":"https:\/\/www.sebastien-auziere.fr\/blog\/es\/brigitte-macron-brilla-en-un-vestido-rojo-y-un-mono-dorado-durante-la-cena-de-estado-mauritana-en-el-eliseo\/#breadcrumb"},"inLanguage":"fr-FR","potentialAction":[{"@type":"ReadAction","target":["https:\/\/www.sebastien-auziere.fr\/blog\/es\/brigitte-macron-brilla-en-un-vestido-rojo-y-un-mono-dorado-durante-la-cena-de-estado-mauritana-en-el-eliseo\/"]}]},{"@type":"ImageObject","inLanguage":"fr-FR","@id":"https:\/\/www.sebastien-auziere.fr\/blog\/es\/brigitte-macron-brilla-en-un-vestido-rojo-y-un-mono-dorado-durante-la-cena-de-estado-mauritana-en-el-eliseo\/#primaryimage","url":"https:\/\/www.sebastien-auziere.fr\/blog\/wp-content\/uploads\/2026\/04\/Brigitte-Macron-eblouit-en-robe-rouge-et-chignon-dore-lors-du-diner-dEtat-mauritanien-a-lElysee.jpg","contentUrl":"https:\/\/www.sebastien-auziere.fr\/blog\/wp-content\/uploads\/2026\/04\/Brigitte-Macron-eblouit-en-robe-rouge-et-chignon-dore-lors-du-diner-dEtat-mauritanien-a-lElysee.jpg","width":2560,"height":1429,"caption":"d\u00e9couvrez comment brigitte macron a captiv\u00e9 tous les regards en robe rouge \u00e9clatante et chignon dor\u00e9 lors du d\u00eener d'\u00e9tat mauritanien \u00e0 l'\u00e9lys\u00e9e, alliant \u00e9l\u00e9gance et raffinement."},{"@type":"BreadcrumbList","@id":"https:\/\/www.sebastien-auziere.fr\/blog\/es\/brigitte-macron-brilla-en-un-vestido-rojo-y-un-mono-dorado-durante-la-cena-de-estado-mauritana-en-el-eliseo\/#breadcrumb","itemListElement":[{"@type":"ListItem","position":1,"name":"Home","item":"https:\/\/www.sebastien-auziere.fr\/blog\/"},{"@type":"ListItem","position":2,"name":"Brigitte Macron brilla en un vestido rojo y un mo\u00f1o dorado durante la cena de Estado mauritana en el El\u00edseo"}]},{"@type":"WebSite","@id":"https:\/\/www.sebastien-auziere.fr\/blog\/#website","url":"https:\/\/www.sebastien-auziere.fr\/blog\/","name":"Fan site S\u00e9bastien Auzi\u00e8re","description":"M\u00e9dia g\u00e9n\u00e9raliste","publisher":{"@id":"https:\/\/www.sebastien-auziere.fr\/blog\/#organization"},"potentialAction":[{"@type":"SearchAction","target":{"@type":"EntryPoint","urlTemplate":"https:\/\/www.sebastien-auziere.fr\/blog\/?s={search_term_string}"},"query-input":{"@type":"PropertyValueSpecification","valueRequired":true,"valueName":"search_term_string"}}],"inLanguage":"fr-FR"},{"@type":"Organization","@id":"https:\/\/www.sebastien-auziere.fr\/blog\/#organization","name":"Fan site S\u00e9bastien Auzi\u00e8re","url":"https:\/\/www.sebastien-auziere.fr\/blog\/","logo":{"@type":"ImageObject","inLanguage":"fr-FR","@id":"https:\/\/www.sebastien-auziere.fr\/blog\/#\/schema\/logo\/image\/","url":"https:\/\/www.sebastien-auziere.fr\/blog\/wp-content\/uploads\/2026\/03\/cropped-cropped-cropped-ChatGPT-Image-6-mars-2026-12_58_09-e1772798376794.jpg","contentUrl":"https:\/\/www.sebastien-auziere.fr\/blog\/wp-content\/uploads\/2026\/03\/cropped-cropped-cropped-ChatGPT-Image-6-mars-2026-12_58_09-e1772798376794.jpg","width":512,"height":360,"caption":"Fan site S\u00e9bastien Auzi\u00e8re"},"image":{"@id":"https:\/\/www.sebastien-auziere.fr\/blog\/#\/schema\/logo\/image\/"}},{"@type":"Person","@id":"https:\/\/www.sebastien-auziere.fr\/blog\/#\/schema\/person\/149f1acdbfd85149c6c3e59adeae2f4d","name":"Chloe Gauthier","image":{"@type":"ImageObject","inLanguage":"fr-FR","@id":"https:\/\/secure.gravatar.com\/avatar\/2c5722f58171cff738a8985ef0dd66b476e563753246a49019befc837ec4201a?s=96&d=mm&r=g","url":"https:\/\/secure.gravatar.com\/avatar\/2c5722f58171cff738a8985ef0dd66b476e563753246a49019befc837ec4201a?s=96&d=mm&r=g","contentUrl":"https:\/\/secure.gravatar.com\/avatar\/2c5722f58171cff738a8985ef0dd66b476e563753246a49019befc837ec4201a?s=96&d=mm&r=g","caption":"Chloe Gauthier"},"description":"Passionn\u00e9e par la politique et admiratrice engag\u00e9e de la famille Macron, je consacre mon \u00e9nergie \u00e0 suivre leurs initiatives et \u00e0 promouvoir leurs id\u00e9es. \u00c0 32 ans, je suis convaincue que leur vision est porteuse d'avenir.","url":"https:\/\/www.sebastien-auziere.fr\/blog\/author\/chloe-gauthier\/"}]}},"views":2,"_links":{"self":[{"href":"https:\/\/www.sebastien-auziere.fr\/blog\/wp-json\/wp\/v2\/posts\/3106","targetHints":{"allow":["GET"]}}],"collection":[{"href":"https:\/\/www.sebastien-auziere.fr\/blog\/wp-json\/wp\/v2\/posts"}],"about":[{"href":"https:\/\/www.sebastien-auziere.fr\/blog\/wp-json\/wp\/v2\/types\/post"}],"author":[{"embeddable":true,"href":"https:\/\/www.sebastien-auziere.fr\/blog\/wp-json\/wp\/v2\/users\/9"}],"replies":[{"embeddable":true,"href":"https:\/\/www.sebastien-auziere.fr\/blog\/wp-json\/wp\/v2\/comments?post=3106"}],"version-history":[{"count":1,"href":"https:\/\/www.sebastien-auziere.fr\/blog\/wp-json\/wp\/v2\/posts\/3106\/revisions"}],"predecessor-version":[{"id":3107,"href":"https:\/\/www.sebastien-auziere.fr\/blog\/wp-json\/wp\/v2\/posts\/3106\/revisions\/3107"}],"wp:featuredmedia":[{"embeddable":true,"href":"https:\/\/www.sebastien-auziere.fr\/blog\/wp-json\/wp\/v2\/media\/3102"}],"wp:attachment":[{"href":"https:\/\/www.sebastien-auziere.fr\/blog\/wp-json\/wp\/v2\/media?parent=3106"}],"wp:term":[{"taxonomy":"category","embeddable":true,"href":"https:\/\/www.sebastien-auziere.fr\/blog\/wp-json\/wp\/v2\/categories?post=3106"},{"taxonomy":"post_tag","embeddable":true,"href":"https:\/\/www.sebastien-auziere.fr\/blog\/wp-json\/wp\/v2\/tags?post=3106"}],"curies":[{"name":"wp","href":"https:\/\/api.w.org\/{rel}","templated":true}]}}