{"id":3103,"date":"2026-04-17T19:08:40","date_gmt":"2026-04-17T19:08:40","guid":{"rendered":"https:\/\/www.sebastien-auziere.fr\/blog\/brigitte-macron-robe-rouge-2\/"},"modified":"2026-04-17T19:08:40","modified_gmt":"2026-04-17T19:08:40","slug":"brigitte-macron-robe-rouge-2","status":"publish","type":"post","link":"https:\/\/www.sebastien-auziere.fr\/blog\/brigitte-macron-robe-rouge-2\/","title":{"rendered":"Brigitte Macron \u00e9blouit en robe rouge et chignon dor\u00e9 lors du d\u00eener d&rsquo;\u00c9tat mauritanien \u00e0 l&rsquo;\u00c9lys\u00e9e"},"content":{"rendered":"<p>Mercredi 15 avril 2026, <strong>Brigitte Macron<\/strong> a \u00e9bloui sur les marches de l&rsquo;<strong>\u00c9lys\u00e9e<\/strong> en arrivant au <strong>d\u00eener d&rsquo;\u00c9tat<\/strong> donn\u00e9 pour le pr\u00e9sident de la <strong>Mauritanie<\/strong>. Sa <strong>robe rouge<\/strong> longue et son <strong>chignon dor\u00e9<\/strong> ont imm\u00e9diatement capt\u00e9 les regards des photographes et des invit\u00e9s, confirmant une le\u00e7on de <strong>mode<\/strong> parfaitement ma\u00eetris\u00e9e par la <strong>premi\u00e8re dame<\/strong>.<\/p>\n\n<p><strong>En bref :<\/strong> Ce <strong>\u00e9v\u00e9nement officiel<\/strong> du 15 avril a marqu\u00e9 le lancement d&rsquo;une visite de trois jours du pr\u00e9sident Mohamed Ould Ghazouani en France. La tenue de la Premi\u00e8re dame, assortie d&rsquo;un collier Louis Vuitton Flower Comet et d&rsquo;une pochette Balmain, a \u00e9t\u00e9 largement relay\u00e9e par la presse nationale et internationale.<\/p>\n\n<h2 class=\"wp-block-heading\">Brigitte Macron : la <strong>robe rouge<\/strong> et le <strong>chignon dor\u00e9<\/strong> qui ont fait sensation<\/h2>\n\n<p>Sur un fourreau jusqu&rsquo;aux chevilles, au col rond et aux manches longues, <strong>Brigitte Macron<\/strong> a choisi une coupe sobre relev\u00e9e par une couleur rouge vif rappelant le drapeau mauritanien. Les accessoires, dont une pochette Balmain en cuir noir et des escarpins assortis, ont compl\u00e9t\u00e9 l&rsquo;ensemble avec retenue.<\/p>\n\n<p>Pour une analyse d\u00e9taill\u00e9e des pi\u00e8ces port\u00e9es ce soir-l\u00e0, retrouve un d\u00e9cryptage complet sur <a href=\"https:\/\/www.sebastien-auziere.fr\/blog\/brigitte-macron-robe-rouge\/\">la tenue de la Premi\u00e8re dame<\/a> et un commentaire mode dans la presse sp\u00e9cialis\u00e9e comme <a href=\"https:\/\/www.parismatch.com\/actu\/politique\/parure-doree-et-robe-de-bal-rouge-brigitte-macron-sur-son-31-pour-accueillir-le-couple-presidentiel-mauritanien-267612\">Paris Match<\/a>.<\/p>\n\n<h2 class=\"wp-block-heading\">Un <strong>d\u00eener d&rsquo;\u00c9tat<\/strong> historique avec la <strong>Mauritanie<\/strong><\/h2>\n\n<p>La r\u00e9ception du pr\u00e9sident Mohamed Ould Ghazouani et de son \u00e9pouse a lanc\u00e9 une visite officielle de trois jours, premi\u00e8re du genre depuis plus de trente ans pour la Mauritanie en France. L&rsquo;agenda inclut Brest et des rencontres autour de la coop\u00e9ration maritime, illustrant le renforcement des liens entre Paris et Nouakchott.<\/p>\n\n<p>Cette rencontre diplomatique, organis\u00e9e \u00e0 l&rsquo;<strong>\u00c9lys\u00e9e<\/strong>, a donn\u00e9 lieu \u00e0 des \u00e9changes politiques et culturels suivis par les m\u00e9dias ; pour un panorama des retomb\u00e9es m\u00e9diatiques, consulte aussi le reportage de <a href=\"https:\/\/www.closermag.fr\/politique\/brigitte-macron-a-73-ans-la-premiere-dame-resplendissante-dans-une-longue-robe-rouge-carmin-une-nouveaute-interpelle-3630688\">Closer<\/a>.<\/p>\n\n<h3 class=\"wp-block-heading\">La <strong>mode<\/strong> au service d&rsquo;un message<\/h3>\n\n<p>Le choix du rouge n&rsquo;\u00e9tait pas anodin : il cr\u00e9e un lien visuel avec l&rsquo;invit\u00e9 d&rsquo;honneur tout en affirmant une pr\u00e9sence raffin\u00e9e. Le collier Flower Comet de Louis Vuitton, en forme d&rsquo;\u00e9toile filante, a apport\u00e9 une touche contemporaine, soulignant l&rsquo;\u00e9quilibre entre classicisme et audace.<\/p>\n\n<p>Ce m\u00e9lange de sobri\u00e9t\u00e9 et d&rsquo;\u00e9clat illustre comment la <strong>premi\u00e8re dame<\/strong> use de la <strong>mode<\/strong> lors d&rsquo;un <strong>\u00e9v\u00e9nement officiel<\/strong> pour transmettre une image de continuit\u00e9 et d&rsquo;ouverture.<\/p>\n\n<h2 class=\"wp-block-heading\">R\u00e9actions, m\u00e9dias et port\u00e9e culturelle<\/h2>\n\n<p>Les photographies de cette soir\u00e9e ont \u00e9t\u00e9 reprises par de nombreux titres et ont aliment\u00e9 les discussions sur les r\u00e9seaux sociaux, confirmant le r\u00f4le d&rsquo;ic\u00f4ne que joue la Premi\u00e8re dame dans l&rsquo;univers de la <strong>mode<\/strong> politique. Les m\u00e9dias ont salu\u00e9 l&rsquo;\u00e9l\u00e9gance mesur\u00e9e et la symbolique du choix chromatique.<\/p>\n\n<p>Pour approfondir les coulisses du style et des lieux, un dossier complet est propos\u00e9 sur <a href=\"https:\/\/www.sebastien-auziere.fr\/blog\/brigitte-macron-robe-elegante\/\">sebastien-auziere.fr<\/a> et dans plusieurs rubriques sp\u00e9cialis\u00e9es qui ont comment\u00e9 cette apparition.<\/p>\n\n<p>Pour en savoir plus sur <strong>S\u00e9bastien Auzi\u00e8re<\/strong>, la famille Macron et les d\u00e9tails de cette soir\u00e9e, rends-toi sur <a href=\"https:\/\/www.sebastien-auziere.fr\/blog\/brigitte-macron-robe-elegante\/\">sebastien-auziere.fr<\/a> : analyses, photos et r\u00e9cits complets t&rsquo;y attendent pour prolonger la d\u00e9couverte. <\/p>\n\n","protected":false},"excerpt":{"rendered":"<p>Mercredi 15 avril 2026, Brigitte Macron a \u00e9bloui sur les marches de l&rsquo;\u00c9lys\u00e9e en arrivant au d\u00eener d&rsquo;\u00c9tat donn\u00e9 pour le pr\u00e9sident de la Mauritanie. Sa robe rouge longue et son chignon dor\u00e9 ont imm\u00e9diatement capt\u00e9 les regards des photographes et des invit\u00e9s, confirmant une le\u00e7on de mode parfaitement ma\u00eetris\u00e9e par la premi\u00e8re dame. En &#8230; <a title=\"Brigitte Macron \u00e9blouit en robe rouge et chignon dor\u00e9 lors du d\u00eener d&rsquo;\u00c9tat mauritanien \u00e0 l&rsquo;\u00c9lys\u00e9e\" class=\"read-more\" href=\"https:\/\/www.sebastien-auziere.fr\/blog\/brigitte-macron-robe-rouge-2\/\" aria-label=\"En savoir plus sur Brigitte Macron \u00e9blouit en robe rouge et chignon dor\u00e9 lors du d\u00eener d&rsquo;\u00c9tat mauritanien \u00e0 l&rsquo;\u00c9lys\u00e9e\">Lire plus<\/a><\/p>\n","protected":false},"author":9,"featured_media":3102,"comment_status":"open","ping_status":"open","sticky":false,"template":"","format":"standard","meta":{"footnotes":""},"categories":[597],"tags":[892,3286,1145,3288,3144],"class_list":["post-3103","post","type-post","status-publish","format-standard","has-post-thumbnail","hentry","category-actualites","tag-brigitte-macron","tag-chignon-dore","tag-diner-detat","tag-mauritanie","tag-robe-rouge"],"yoast_head":"<!-- This site is optimized with the Yoast SEO plugin v27.5 - https:\/\/yoast.com\/product\/yoast-seo-wordpress\/ -->\n<title>Brigitte Macron \u00e9blouit en robe rouge et chignon dor\u00e9 lors du d\u00eener d&#039;\u00c9tat mauritanien \u00e0 l&#039;\u00c9lys\u00e9e - Fan site S\u00e9bastien Auzi\u00e8re<\/title>\n<meta name=\"description\" content=\"Brigitte Macron \u00e9blouit en robe rouge et chignon dor\u00e9 lors du d\u00eener d&#039;\u00c9tat mauritanien \u00e0 l&#039;\u00c9lys\u00e9e, captivant tous les regards.\" \/>\n<meta name=\"robots\" content=\"index, follow, max-snippet:-1, max-image-preview:large, max-video-preview:-1\" \/>\n<link rel=\"canonical\" href=\"https:\/\/www.sebastien-auziere.fr\/blog\/brigitte-macron-robe-rouge-2\/\" \/>\n<meta property=\"og:locale\" content=\"fr_FR\" \/>\n<meta property=\"og:type\" content=\"article\" \/>\n<meta property=\"og:title\" content=\"Brigitte Macron \u00e9blouit en robe rouge et chignon dor\u00e9 lors du d\u00eener d&#039;\u00c9tat mauritanien \u00e0 l&#039;\u00c9lys\u00e9e - Fan site S\u00e9bastien Auzi\u00e8re\" \/>\n<meta property=\"og:description\" content=\"Brigitte Macron \u00e9blouit en robe rouge et chignon dor\u00e9 lors du d\u00eener d&#039;\u00c9tat mauritanien \u00e0 l&#039;\u00c9lys\u00e9e, captivant tous les regards.\" \/>\n<meta property=\"og:url\" content=\"https:\/\/www.sebastien-auziere.fr\/blog\/brigitte-macron-robe-rouge-2\/\" \/>\n<meta property=\"og:site_name\" content=\"Fan site S\u00e9bastien Auzi\u00e8re\" \/>\n<meta property=\"article:published_time\" content=\"2026-04-17T19:08:40+00:00\" \/>\n<meta property=\"og:image\" content=\"https:\/\/www.sebastien-auziere.fr\/blog\/wp-content\/uploads\/2026\/04\/Brigitte-Macron-eblouit-en-robe-rouge-et-chignon-dore-lors-du-diner-dEtat-mauritanien-a-lElysee.jpg\" \/>\n\t<meta property=\"og:image:width\" content=\"2560\" \/>\n\t<meta property=\"og:image:height\" content=\"1429\" \/>\n\t<meta property=\"og:image:type\" content=\"image\/jpeg\" \/>\n<meta name=\"author\" content=\"Chloe Gauthier\" \/>\n<meta name=\"twitter:card\" content=\"summary_large_image\" \/>\n<meta name=\"twitter:label1\" content=\"\u00c9crit par\" \/>\n\t<meta name=\"twitter:data1\" content=\"Chloe Gauthier\" \/>\n\t<meta name=\"twitter:label2\" content=\"Dur\u00e9e de lecture estim\u00e9e\" \/>\n\t<meta name=\"twitter:data2\" content=\"3 minutes\" \/>\n<script type=\"application\/ld+json\" class=\"yoast-schema-graph\">{\"@context\":\"https:\\\/\\\/schema.org\",\"@graph\":[{\"@type\":\"Article\",\"@id\":\"https:\\\/\\\/www.sebastien-auziere.fr\\\/blog\\\/brigitte-macron-robe-rouge-2\\\/#article\",\"isPartOf\":{\"@id\":\"https:\\\/\\\/www.sebastien-auziere.fr\\\/blog\\\/brigitte-macron-robe-rouge-2\\\/\"},\"author\":{\"name\":\"Chloe Gauthier\",\"@id\":\"https:\\\/\\\/www.sebastien-auziere.fr\\\/blog\\\/#\\\/schema\\\/person\\\/149f1acdbfd85149c6c3e59adeae2f4d\"},\"headline\":\"Brigitte Macron \u00e9blouit en robe rouge et chignon dor\u00e9 lors du d\u00eener d&rsquo;\u00c9tat mauritanien \u00e0 l&rsquo;\u00c9lys\u00e9e\",\"datePublished\":\"2026-04-17T19:08:40+00:00\",\"mainEntityOfPage\":{\"@id\":\"https:\\\/\\\/www.sebastien-auziere.fr\\\/blog\\\/brigitte-macron-robe-rouge-2\\\/\"},\"wordCount\":555,\"commentCount\":0,\"publisher\":{\"@id\":\"https:\\\/\\\/www.sebastien-auziere.fr\\\/blog\\\/#organization\"},\"image\":{\"@id\":\"https:\\\/\\\/www.sebastien-auziere.fr\\\/blog\\\/brigitte-macron-robe-rouge-2\\\/#primaryimage\"},\"thumbnailUrl\":\"https:\\\/\\\/www.sebastien-auziere.fr\\\/blog\\\/wp-content\\\/uploads\\\/2026\\\/04\\\/Brigitte-Macron-eblouit-en-robe-rouge-et-chignon-dore-lors-du-diner-dEtat-mauritanien-a-lElysee.jpg\",\"keywords\":[\"brigitte macron\",\"chignon dor\u00e9\",\"d\u00eener d'\u00e9tat\",\"mauritanie\",\"robe rouge\"],\"articleSection\":[\"Actualit\u00e9s\"],\"inLanguage\":\"fr-FR\",\"potentialAction\":[{\"@type\":\"CommentAction\",\"name\":\"Comment\",\"target\":[\"https:\\\/\\\/www.sebastien-auziere.fr\\\/blog\\\/brigitte-macron-robe-rouge-2\\\/#respond\"]}]},{\"@type\":\"WebPage\",\"@id\":\"https:\\\/\\\/www.sebastien-auziere.fr\\\/blog\\\/brigitte-macron-robe-rouge-2\\\/\",\"url\":\"https:\\\/\\\/www.sebastien-auziere.fr\\\/blog\\\/brigitte-macron-robe-rouge-2\\\/\",\"name\":\"Brigitte Macron \u00e9blouit en robe rouge et chignon dor\u00e9 lors du d\u00eener d'\u00c9tat mauritanien \u00e0 l'\u00c9lys\u00e9e - Fan site S\u00e9bastien Auzi\u00e8re\",\"isPartOf\":{\"@id\":\"https:\\\/\\\/www.sebastien-auziere.fr\\\/blog\\\/#website\"},\"primaryImageOfPage\":{\"@id\":\"https:\\\/\\\/www.sebastien-auziere.fr\\\/blog\\\/brigitte-macron-robe-rouge-2\\\/#primaryimage\"},\"image\":{\"@id\":\"https:\\\/\\\/www.sebastien-auziere.fr\\\/blog\\\/brigitte-macron-robe-rouge-2\\\/#primaryimage\"},\"thumbnailUrl\":\"https:\\\/\\\/www.sebastien-auziere.fr\\\/blog\\\/wp-content\\\/uploads\\\/2026\\\/04\\\/Brigitte-Macron-eblouit-en-robe-rouge-et-chignon-dore-lors-du-diner-dEtat-mauritanien-a-lElysee.jpg\",\"datePublished\":\"2026-04-17T19:08:40+00:00\",\"description\":\"Brigitte Macron \u00e9blouit en robe rouge et chignon dor\u00e9 lors du d\u00eener d'\u00c9tat mauritanien \u00e0 l'\u00c9lys\u00e9e, captivant tous les regards.\",\"breadcrumb\":{\"@id\":\"https:\\\/\\\/www.sebastien-auziere.fr\\\/blog\\\/brigitte-macron-robe-rouge-2\\\/#breadcrumb\"},\"inLanguage\":\"fr-FR\",\"potentialAction\":[{\"@type\":\"ReadAction\",\"target\":[\"https:\\\/\\\/www.sebastien-auziere.fr\\\/blog\\\/brigitte-macron-robe-rouge-2\\\/\"]}]},{\"@type\":\"ImageObject\",\"inLanguage\":\"fr-FR\",\"@id\":\"https:\\\/\\\/www.sebastien-auziere.fr\\\/blog\\\/brigitte-macron-robe-rouge-2\\\/#primaryimage\",\"url\":\"https:\\\/\\\/www.sebastien-auziere.fr\\\/blog\\\/wp-content\\\/uploads\\\/2026\\\/04\\\/Brigitte-Macron-eblouit-en-robe-rouge-et-chignon-dore-lors-du-diner-dEtat-mauritanien-a-lElysee.jpg\",\"contentUrl\":\"https:\\\/\\\/www.sebastien-auziere.fr\\\/blog\\\/wp-content\\\/uploads\\\/2026\\\/04\\\/Brigitte-Macron-eblouit-en-robe-rouge-et-chignon-dore-lors-du-diner-dEtat-mauritanien-a-lElysee.jpg\",\"width\":2560,\"height\":1429,\"caption\":\"d\u00e9couvrez comment brigitte macron a captiv\u00e9 tous les regards en robe rouge \u00e9clatante et chignon dor\u00e9 lors du d\u00eener d'\u00e9tat mauritanien \u00e0 l'\u00e9lys\u00e9e, alliant \u00e9l\u00e9gance et raffinement.\"},{\"@type\":\"BreadcrumbList\",\"@id\":\"https:\\\/\\\/www.sebastien-auziere.fr\\\/blog\\\/brigitte-macron-robe-rouge-2\\\/#breadcrumb\",\"itemListElement\":[{\"@type\":\"ListItem\",\"position\":1,\"name\":\"Home\",\"item\":\"https:\\\/\\\/www.sebastien-auziere.fr\\\/blog\\\/\"},{\"@type\":\"ListItem\",\"position\":2,\"name\":\"Brigitte Macron \u00e9blouit en robe rouge et chignon dor\u00e9 lors du d\u00eener d&rsquo;\u00c9tat mauritanien \u00e0 l&rsquo;\u00c9lys\u00e9e\"}]},{\"@type\":\"WebSite\",\"@id\":\"https:\\\/\\\/www.sebastien-auziere.fr\\\/blog\\\/#website\",\"url\":\"https:\\\/\\\/www.sebastien-auziere.fr\\\/blog\\\/\",\"name\":\"Fan site S\u00e9bastien Auzi\u00e8re\",\"description\":\"M\u00e9dia g\u00e9n\u00e9raliste\",\"publisher\":{\"@id\":\"https:\\\/\\\/www.sebastien-auziere.fr\\\/blog\\\/#organization\"},\"potentialAction\":[{\"@type\":\"SearchAction\",\"target\":{\"@type\":\"EntryPoint\",\"urlTemplate\":\"https:\\\/\\\/www.sebastien-auziere.fr\\\/blog\\\/?s={search_term_string}\"},\"query-input\":{\"@type\":\"PropertyValueSpecification\",\"valueRequired\":true,\"valueName\":\"search_term_string\"}}],\"inLanguage\":\"fr-FR\"},{\"@type\":\"Organization\",\"@id\":\"https:\\\/\\\/www.sebastien-auziere.fr\\\/blog\\\/#organization\",\"name\":\"Fan site S\u00e9bastien Auzi\u00e8re\",\"url\":\"https:\\\/\\\/www.sebastien-auziere.fr\\\/blog\\\/\",\"logo\":{\"@type\":\"ImageObject\",\"inLanguage\":\"fr-FR\",\"@id\":\"https:\\\/\\\/www.sebastien-auziere.fr\\\/blog\\\/#\\\/schema\\\/logo\\\/image\\\/\",\"url\":\"https:\\\/\\\/www.sebastien-auziere.fr\\\/blog\\\/wp-content\\\/uploads\\\/2026\\\/03\\\/cropped-cropped-cropped-ChatGPT-Image-6-mars-2026-12_58_09-e1772798376794.jpg\",\"contentUrl\":\"https:\\\/\\\/www.sebastien-auziere.fr\\\/blog\\\/wp-content\\\/uploads\\\/2026\\\/03\\\/cropped-cropped-cropped-ChatGPT-Image-6-mars-2026-12_58_09-e1772798376794.jpg\",\"width\":512,\"height\":360,\"caption\":\"Fan site S\u00e9bastien Auzi\u00e8re\"},\"image\":{\"@id\":\"https:\\\/\\\/www.sebastien-auziere.fr\\\/blog\\\/#\\\/schema\\\/logo\\\/image\\\/\"}},{\"@type\":\"Person\",\"@id\":\"https:\\\/\\\/www.sebastien-auziere.fr\\\/blog\\\/#\\\/schema\\\/person\\\/149f1acdbfd85149c6c3e59adeae2f4d\",\"name\":\"Chloe Gauthier\",\"image\":{\"@type\":\"ImageObject\",\"inLanguage\":\"fr-FR\",\"@id\":\"https:\\\/\\\/secure.gravatar.com\\\/avatar\\\/2c5722f58171cff738a8985ef0dd66b476e563753246a49019befc837ec4201a?s=96&d=mm&r=g\",\"url\":\"https:\\\/\\\/secure.gravatar.com\\\/avatar\\\/2c5722f58171cff738a8985ef0dd66b476e563753246a49019befc837ec4201a?s=96&d=mm&r=g\",\"contentUrl\":\"https:\\\/\\\/secure.gravatar.com\\\/avatar\\\/2c5722f58171cff738a8985ef0dd66b476e563753246a49019befc837ec4201a?s=96&d=mm&r=g\",\"caption\":\"Chloe Gauthier\"},\"description\":\"Passionn\u00e9e par la politique et admiratrice engag\u00e9e de la famille Macron, je consacre mon \u00e9nergie \u00e0 suivre leurs initiatives et \u00e0 promouvoir leurs id\u00e9es. \u00c0 32 ans, je suis convaincue que leur vision est porteuse d'avenir.\",\"url\":\"https:\\\/\\\/www.sebastien-auziere.fr\\\/blog\\\/author\\\/chloe-gauthier\\\/\"}]}<\/script>\n<!-- \/ Yoast SEO plugin. -->","yoast_head_json":{"title":"Brigitte Macron \u00e9blouit en robe rouge et chignon dor\u00e9 lors du d\u00eener d'\u00c9tat mauritanien \u00e0 l'\u00c9lys\u00e9e - Fan site S\u00e9bastien Auzi\u00e8re","description":"Brigitte Macron \u00e9blouit en robe rouge et chignon dor\u00e9 lors du d\u00eener d'\u00c9tat mauritanien \u00e0 l'\u00c9lys\u00e9e, captivant tous les regards.","robots":{"index":"index","follow":"follow","max-snippet":"max-snippet:-1","max-image-preview":"max-image-preview:large","max-video-preview":"max-video-preview:-1"},"canonical":"https:\/\/www.sebastien-auziere.fr\/blog\/brigitte-macron-robe-rouge-2\/","og_locale":"fr_FR","og_type":"article","og_title":"Brigitte Macron \u00e9blouit en robe rouge et chignon dor\u00e9 lors du d\u00eener d'\u00c9tat mauritanien \u00e0 l'\u00c9lys\u00e9e - Fan site S\u00e9bastien Auzi\u00e8re","og_description":"Brigitte Macron \u00e9blouit en robe rouge et chignon dor\u00e9 lors du d\u00eener d'\u00c9tat mauritanien \u00e0 l'\u00c9lys\u00e9e, captivant tous les regards.","og_url":"https:\/\/www.sebastien-auziere.fr\/blog\/brigitte-macron-robe-rouge-2\/","og_site_name":"Fan site S\u00e9bastien Auzi\u00e8re","article_published_time":"2026-04-17T19:08:40+00:00","og_image":[{"width":2560,"height":1429,"url":"https:\/\/www.sebastien-auziere.fr\/blog\/wp-content\/uploads\/2026\/04\/Brigitte-Macron-eblouit-en-robe-rouge-et-chignon-dore-lors-du-diner-dEtat-mauritanien-a-lElysee.jpg","type":"image\/jpeg"}],"author":"Chloe Gauthier","twitter_card":"summary_large_image","twitter_misc":{"\u00c9crit par":"Chloe Gauthier","Dur\u00e9e de lecture estim\u00e9e":"3 minutes"},"schema":{"@context":"https:\/\/schema.org","@graph":[{"@type":"Article","@id":"https:\/\/www.sebastien-auziere.fr\/blog\/brigitte-macron-robe-rouge-2\/#article","isPartOf":{"@id":"https:\/\/www.sebastien-auziere.fr\/blog\/brigitte-macron-robe-rouge-2\/"},"author":{"name":"Chloe Gauthier","@id":"https:\/\/www.sebastien-auziere.fr\/blog\/#\/schema\/person\/149f1acdbfd85149c6c3e59adeae2f4d"},"headline":"Brigitte Macron \u00e9blouit en robe rouge et chignon dor\u00e9 lors du d\u00eener d&rsquo;\u00c9tat mauritanien \u00e0 l&rsquo;\u00c9lys\u00e9e","datePublished":"2026-04-17T19:08:40+00:00","mainEntityOfPage":{"@id":"https:\/\/www.sebastien-auziere.fr\/blog\/brigitte-macron-robe-rouge-2\/"},"wordCount":555,"commentCount":0,"publisher":{"@id":"https:\/\/www.sebastien-auziere.fr\/blog\/#organization"},"image":{"@id":"https:\/\/www.sebastien-auziere.fr\/blog\/brigitte-macron-robe-rouge-2\/#primaryimage"},"thumbnailUrl":"https:\/\/www.sebastien-auziere.fr\/blog\/wp-content\/uploads\/2026\/04\/Brigitte-Macron-eblouit-en-robe-rouge-et-chignon-dore-lors-du-diner-dEtat-mauritanien-a-lElysee.jpg","keywords":["brigitte macron","chignon dor\u00e9","d\u00eener d'\u00e9tat","mauritanie","robe rouge"],"articleSection":["Actualit\u00e9s"],"inLanguage":"fr-FR","potentialAction":[{"@type":"CommentAction","name":"Comment","target":["https:\/\/www.sebastien-auziere.fr\/blog\/brigitte-macron-robe-rouge-2\/#respond"]}]},{"@type":"WebPage","@id":"https:\/\/www.sebastien-auziere.fr\/blog\/brigitte-macron-robe-rouge-2\/","url":"https:\/\/www.sebastien-auziere.fr\/blog\/brigitte-macron-robe-rouge-2\/","name":"Brigitte Macron \u00e9blouit en robe rouge et chignon dor\u00e9 lors du d\u00eener d'\u00c9tat mauritanien \u00e0 l'\u00c9lys\u00e9e - Fan site S\u00e9bastien Auzi\u00e8re","isPartOf":{"@id":"https:\/\/www.sebastien-auziere.fr\/blog\/#website"},"primaryImageOfPage":{"@id":"https:\/\/www.sebastien-auziere.fr\/blog\/brigitte-macron-robe-rouge-2\/#primaryimage"},"image":{"@id":"https:\/\/www.sebastien-auziere.fr\/blog\/brigitte-macron-robe-rouge-2\/#primaryimage"},"thumbnailUrl":"https:\/\/www.sebastien-auziere.fr\/blog\/wp-content\/uploads\/2026\/04\/Brigitte-Macron-eblouit-en-robe-rouge-et-chignon-dore-lors-du-diner-dEtat-mauritanien-a-lElysee.jpg","datePublished":"2026-04-17T19:08:40+00:00","description":"Brigitte Macron \u00e9blouit en robe rouge et chignon dor\u00e9 lors du d\u00eener d'\u00c9tat mauritanien \u00e0 l'\u00c9lys\u00e9e, captivant tous les regards.","breadcrumb":{"@id":"https:\/\/www.sebastien-auziere.fr\/blog\/brigitte-macron-robe-rouge-2\/#breadcrumb"},"inLanguage":"fr-FR","potentialAction":[{"@type":"ReadAction","target":["https:\/\/www.sebastien-auziere.fr\/blog\/brigitte-macron-robe-rouge-2\/"]}]},{"@type":"ImageObject","inLanguage":"fr-FR","@id":"https:\/\/www.sebastien-auziere.fr\/blog\/brigitte-macron-robe-rouge-2\/#primaryimage","url":"https:\/\/www.sebastien-auziere.fr\/blog\/wp-content\/uploads\/2026\/04\/Brigitte-Macron-eblouit-en-robe-rouge-et-chignon-dore-lors-du-diner-dEtat-mauritanien-a-lElysee.jpg","contentUrl":"https:\/\/www.sebastien-auziere.fr\/blog\/wp-content\/uploads\/2026\/04\/Brigitte-Macron-eblouit-en-robe-rouge-et-chignon-dore-lors-du-diner-dEtat-mauritanien-a-lElysee.jpg","width":2560,"height":1429,"caption":"d\u00e9couvrez comment brigitte macron a captiv\u00e9 tous les regards en robe rouge \u00e9clatante et chignon dor\u00e9 lors du d\u00eener d'\u00e9tat mauritanien \u00e0 l'\u00e9lys\u00e9e, alliant \u00e9l\u00e9gance et raffinement."},{"@type":"BreadcrumbList","@id":"https:\/\/www.sebastien-auziere.fr\/blog\/brigitte-macron-robe-rouge-2\/#breadcrumb","itemListElement":[{"@type":"ListItem","position":1,"name":"Home","item":"https:\/\/www.sebastien-auziere.fr\/blog\/"},{"@type":"ListItem","position":2,"name":"Brigitte Macron \u00e9blouit en robe rouge et chignon dor\u00e9 lors du d\u00eener d&rsquo;\u00c9tat mauritanien \u00e0 l&rsquo;\u00c9lys\u00e9e"}]},{"@type":"WebSite","@id":"https:\/\/www.sebastien-auziere.fr\/blog\/#website","url":"https:\/\/www.sebastien-auziere.fr\/blog\/","name":"Fan site S\u00e9bastien Auzi\u00e8re","description":"M\u00e9dia g\u00e9n\u00e9raliste","publisher":{"@id":"https:\/\/www.sebastien-auziere.fr\/blog\/#organization"},"potentialAction":[{"@type":"SearchAction","target":{"@type":"EntryPoint","urlTemplate":"https:\/\/www.sebastien-auziere.fr\/blog\/?s={search_term_string}"},"query-input":{"@type":"PropertyValueSpecification","valueRequired":true,"valueName":"search_term_string"}}],"inLanguage":"fr-FR"},{"@type":"Organization","@id":"https:\/\/www.sebastien-auziere.fr\/blog\/#organization","name":"Fan site S\u00e9bastien Auzi\u00e8re","url":"https:\/\/www.sebastien-auziere.fr\/blog\/","logo":{"@type":"ImageObject","inLanguage":"fr-FR","@id":"https:\/\/www.sebastien-auziere.fr\/blog\/#\/schema\/logo\/image\/","url":"https:\/\/www.sebastien-auziere.fr\/blog\/wp-content\/uploads\/2026\/03\/cropped-cropped-cropped-ChatGPT-Image-6-mars-2026-12_58_09-e1772798376794.jpg","contentUrl":"https:\/\/www.sebastien-auziere.fr\/blog\/wp-content\/uploads\/2026\/03\/cropped-cropped-cropped-ChatGPT-Image-6-mars-2026-12_58_09-e1772798376794.jpg","width":512,"height":360,"caption":"Fan site S\u00e9bastien Auzi\u00e8re"},"image":{"@id":"https:\/\/www.sebastien-auziere.fr\/blog\/#\/schema\/logo\/image\/"}},{"@type":"Person","@id":"https:\/\/www.sebastien-auziere.fr\/blog\/#\/schema\/person\/149f1acdbfd85149c6c3e59adeae2f4d","name":"Chloe Gauthier","image":{"@type":"ImageObject","inLanguage":"fr-FR","@id":"https:\/\/secure.gravatar.com\/avatar\/2c5722f58171cff738a8985ef0dd66b476e563753246a49019befc837ec4201a?s=96&d=mm&r=g","url":"https:\/\/secure.gravatar.com\/avatar\/2c5722f58171cff738a8985ef0dd66b476e563753246a49019befc837ec4201a?s=96&d=mm&r=g","contentUrl":"https:\/\/secure.gravatar.com\/avatar\/2c5722f58171cff738a8985ef0dd66b476e563753246a49019befc837ec4201a?s=96&d=mm&r=g","caption":"Chloe Gauthier"},"description":"Passionn\u00e9e par la politique et admiratrice engag\u00e9e de la famille Macron, je consacre mon \u00e9nergie \u00e0 suivre leurs initiatives et \u00e0 promouvoir leurs id\u00e9es. \u00c0 32 ans, je suis convaincue que leur vision est porteuse d'avenir.","url":"https:\/\/www.sebastien-auziere.fr\/blog\/author\/chloe-gauthier\/"}]}},"views":17,"_links":{"self":[{"href":"https:\/\/www.sebastien-auziere.fr\/blog\/wp-json\/wp\/v2\/posts\/3103","targetHints":{"allow":["GET"]}}],"collection":[{"href":"https:\/\/www.sebastien-auziere.fr\/blog\/wp-json\/wp\/v2\/posts"}],"about":[{"href":"https:\/\/www.sebastien-auziere.fr\/blog\/wp-json\/wp\/v2\/types\/post"}],"author":[{"embeddable":true,"href":"https:\/\/www.sebastien-auziere.fr\/blog\/wp-json\/wp\/v2\/users\/9"}],"replies":[{"embeddable":true,"href":"https:\/\/www.sebastien-auziere.fr\/blog\/wp-json\/wp\/v2\/comments?post=3103"}],"version-history":[{"count":0,"href":"https:\/\/www.sebastien-auziere.fr\/blog\/wp-json\/wp\/v2\/posts\/3103\/revisions"}],"wp:featuredmedia":[{"embeddable":true,"href":"https:\/\/www.sebastien-auziere.fr\/blog\/wp-json\/wp\/v2\/media\/3102"}],"wp:attachment":[{"href":"https:\/\/www.sebastien-auziere.fr\/blog\/wp-json\/wp\/v2\/media?parent=3103"}],"wp:term":[{"taxonomy":"category","embeddable":true,"href":"https:\/\/www.sebastien-auziere.fr\/blog\/wp-json\/wp\/v2\/categories?post=3103"},{"taxonomy":"post_tag","embeddable":true,"href":"https:\/\/www.sebastien-auziere.fr\/blog\/wp-json\/wp\/v2\/tags?post=3103"}],"curies":[{"name":"wp","href":"https:\/\/api.w.org\/{rel}","templated":true}]}}