{"id":3098,"date":"2026-04-17T07:14:58","date_gmt":"2026-04-17T07:14:58","guid":{"rendered":"https:\/\/www.sebastien-auziere.fr\/blog\/?p=3098"},"modified":"2026-04-17T07:15:23","modified_gmt":"2026-04-17T07:15:23","slug":"delicieux-moment-a-rome-brigitte-et-emmanuel-macron-savourent-a-nouveau-leur-restaurant-fetiche-decouvrez-les-images-exclusives","status":"publish","type":"post","link":"https:\/\/www.sebastien-auziere.fr\/blog\/pt\/delicieux-moment-a-rome-brigitte-et-emmanuel-macron-savourent-a-nouveau-leur-restaurant-fetiche-decouvrez-les-images-exclusives\/","title":{"rendered":"D\u00e9licieux moment \u00e0 Rome : Brigitte et Emmanuel Macron savourent \u00e0 nouveau leur restaurant f\u00e9tiche \u2013 d\u00e9couvrez les images exclusives"},"content":{"rendered":"<p><strong>Roma<\/strong> vibra com um <strong>momento delicioso<\/strong>: nesta sexta-feira <strong>10 de abril<\/strong>, <strong>Brigitte Macron<\/strong> e <strong>Emmanuel Macron<\/strong> foram recebidos no <strong>Vaticano<\/strong>, ap\u00f3s uma <strong>sa\u00edda gastron\u00f4mica<\/strong> na v\u00e9spera em seu <strong>restaurante<\/strong> favorito. Imagens <strong>exclusivas<\/strong> publicadas por Il Sole 24 Ore mostram o casal sentado \u00e0 mesa no cora\u00e7\u00e3o da <strong>Piazza del Popolo<\/strong>, no Dal Bolognese.<\/p>\n\n<p><strong>Em resumo<\/strong>: jantar no <strong>Dal Bolognese<\/strong> antes da audi\u00eancia, menu de <strong>culin\u00e1ria italiana<\/strong> tradicional (massas frescas, charrete de carnes), encontro com Andrea Riccardi na v\u00e9spera, presente de uma camisa autografada oferecida ao <strong>papa Le\u00e3o XIV<\/strong> segundo a RTL e discuss\u00f5es sobre clima, multilateralismo e intelig\u00eancia artificial relatadas pelo Le Figaro.<\/p>\n\n<h2 class=\"wp-block-heading\">Brigitte e Emmanuel Macron em Roma: a sa\u00edda gastron\u00f4mica que precede a audi\u00eancia<\/h2>\n\n<p>A cena ocorreu na noite anterior \u00e0 audi\u00eancia papal: o casal presidencial foi visto no <strong>restaurante<\/strong> Dal Bolognese, um endere\u00e7o renomado da capital. As <strong>imagens exclusivas<\/strong> mostram uma mesa aconchegante, cercada de amigos e convidados, confirmando que este endere\u00e7o \u00e9 realmente um dos seus favoritos em <strong>Roma<\/strong>.<\/p>\n\n<p>Este jantar acontece logo antes do encontro oficial de 10 de abril com o <strong>papa Le\u00e3o XIV<\/strong>, eleito em maio de 2025. Um <strong>momento delicioso<\/strong> e discreto que diz muito sobre seus rituais de viagem.<\/p>\n\n<h2 class=\"wp-block-heading\">Um menu saboroso: a gastronomia emiliana em destaque<\/h2>\n\n<p>No menu, a <strong>culin\u00e1ria italiana<\/strong> tradicional encanta com sua simplicidade refinada: <strong>tagliatelle \u00e0 bolonhesa<\/strong>, <strong>tortellini no caldo<\/strong> e o famoso carrinho de carnes cozidas. Os pratos, preparados com massas frescas caseiras e uma charcutaria selecionada, ilustram um saber-fazer local que agrada ao casal.<\/p>\n\n<p>Esta <strong>sa\u00edda gastron\u00f4mica<\/strong> confirma o afeto do casal por uma mesa onde a <strong>gastronomia<\/strong> se torna compartilhamento. Um <strong>momento delicioso<\/strong> capturado em imagens que refor\u00e7a a imagem de uma pausa acolhedora no cora\u00e7\u00e3o de uma miss\u00e3o diplom\u00e1tica.<\/p>\n\n<h2 class=\"wp-block-heading\">Encontros e gestos diplom\u00e1ticos antes da audi\u00eancia<\/h2>\n\n<p>No dia anterior ao encontro com o Vaticano, Emmanuel Macron conversou com Andrea Riccardi, personalidade influente na diplomacia informal do Vaticano, sobre quest\u00f5es humanit\u00e1rias e do Oriente M\u00e9dio. Essas conversas preparat\u00f3rias ilustram a dimens\u00e3o pol\u00edtica desta estadia romana.<\/p>\n\n<p>Para a audi\u00eancia, o presidente n\u00e3o veio de m\u00e3os vazias: segundo a RTL, ele presenteou o <strong>papa Le\u00e3o XIV<\/strong> com uma camisa da sele\u00e7\u00e3o francesa de basquete autografada, uma refer\u00eancia \u00e0 paix\u00e3o esportiva do papa oriundo de Chicago. Um gesto simb\u00f3lico com m\u00faltiplas resson\u00e2ncias.<\/p>\n\n<h2 class=\"wp-block-heading\">Ambiente e imagens exclusivas: o que as fotos revelam<\/h2>\n\n<p>As fotos de Il Sole 24 Ore retratam uma atmosfera <strong>saborosa<\/strong> e acolhedora. O Dal Bolognese, frequentado por figuras pol\u00edticas e culturais, oferece um cen\u00e1rio prop\u00edcio para conversas informais antes de compromissos oficiais.<\/p>\n\n<p>H\u00e1 uma continuidade com uma visita anterior em 25 de abril de 2025, quando o casal jantou nesse mesmo estabelecimento antes do funeral do papa Francisco. Esses momentos gastron\u00f4micos ritma a vida diplom\u00e1tica e humaniza a presen\u00e7a presidencial no exterior.<\/p>\n\n<p>Para saber mais sobre <strong>S\u00e9bastien Auzi\u00e8re<\/strong> e a fam\u00edlia Macron, encontre pastas e imagens complementares em <strong>sebastien-auziere.fr<\/strong> e prolongue esse olhar sobre seus compromissos e momentos p\u00fablicos.<\/p>","protected":false},"excerpt":{"rendered":"<p>Roma vibra com um momento delicioso: nesta sexta-feira 10 de abril, Brigitte Macron e Emmanuel Macron foram recebidos no Vaticano, ap\u00f3s uma sa\u00edda gastron\u00f4mica na v\u00e9spera em seu restaurante favorito. Imagens exclusivas publicadas por Il Sole 24 Ore mostram o casal sentado \u00e0 mesa no cora\u00e7\u00e3o da Piazza del Popolo, no Dal Bolognese. Em resumo: &#8230; <a title=\"D\u00e9licieux moment \u00e0 Rome : Brigitte et Emmanuel Macron savourent \u00e0 nouveau leur restaurant f\u00e9tiche \u2013 d\u00e9couvrez les images exclusives\" class=\"read-more\" href=\"https:\/\/www.sebastien-auziere.fr\/blog\/pt\/delicieux-moment-a-rome-brigitte-et-emmanuel-macron-savourent-a-nouveau-leur-restaurant-fetiche-decouvrez-les-images-exclusives\/\" aria-label=\"En savoir plus sur D\u00e9licieux moment \u00e0 Rome : Brigitte et Emmanuel Macron savourent \u00e0 nouveau leur restaurant f\u00e9tiche \u2013 d\u00e9couvrez les images exclusives\">Lire plus<\/a><\/p>\n","protected":false},"author":9,"featured_media":3088,"comment_status":"open","ping_status":"open","sticky":false,"template":"","format":"standard","meta":{"footnotes":""},"categories":[862],"tags":[959,1202,3268,3271,3274],"class_list":["post-3098","post","type-post","status-publish","format-standard","has-post-thumbnail","hentry","category-actualidades-pt","tag-brigitte-macron-pt","tag-emmanuel-macron-pt","tag-momento-gourmand-pt","tag-restaurant-fetiche-pt","tag-roma-pt"],"yoast_head":"<!-- This site is optimized with the Yoast SEO plugin v27.5 - https:\/\/yoast.com\/product\/yoast-seo-wordpress\/ -->\n<title>D\u00e9licieux moment \u00e0 Rome : Brigitte et Emmanuel Macron savourent \u00e0 nouveau leur restaurant f\u00e9tiche \u2013 d\u00e9couvrez les images exclusives - Fan site S\u00e9bastien Auzi\u00e8re<\/title>\n<meta name=\"description\" content=\"D\u00e9couvrez Brigitte et Emmanuel Macron savourant leur restaurant favori \u00e0 Rome. Moments exclusifs et d\u00e9licieux \u00e0 ne pas manquer !\" \/>\n<meta name=\"robots\" content=\"index, follow, max-snippet:-1, max-image-preview:large, max-video-preview:-1\" \/>\n<link rel=\"canonical\" href=\"https:\/\/www.sebastien-auziere.fr\/blog\/pt\/delicieux-moment-a-rome-brigitte-et-emmanuel-macron-savourent-a-nouveau-leur-restaurant-fetiche-decouvrez-les-images-exclusives\/\" \/>\n<meta property=\"og:locale\" content=\"fr_FR\" \/>\n<meta property=\"og:type\" content=\"article\" \/>\n<meta property=\"og:title\" content=\"D\u00e9licieux moment \u00e0 Rome : Brigitte et Emmanuel Macron savourent \u00e0 nouveau leur restaurant f\u00e9tiche \u2013 d\u00e9couvrez les images exclusives - Fan site S\u00e9bastien Auzi\u00e8re\" \/>\n<meta property=\"og:description\" content=\"D\u00e9couvrez Brigitte et Emmanuel Macron savourant leur restaurant favori \u00e0 Rome. Moments exclusifs et d\u00e9licieux \u00e0 ne pas manquer !\" \/>\n<meta property=\"og:url\" content=\"https:\/\/www.sebastien-auziere.fr\/blog\/pt\/delicieux-moment-a-rome-brigitte-et-emmanuel-macron-savourent-a-nouveau-leur-restaurant-fetiche-decouvrez-les-images-exclusives\/\" \/>\n<meta property=\"og:site_name\" content=\"Fan site S\u00e9bastien Auzi\u00e8re\" \/>\n<meta property=\"article:published_time\" content=\"2026-04-17T07:14:58+00:00\" \/>\n<meta property=\"article:modified_time\" content=\"2026-04-17T07:15:23+00:00\" \/>\n<meta property=\"og:image\" content=\"https:\/\/www.sebastien-auziere.fr\/blog\/wp-content\/uploads\/2026\/04\/Delicieux-moment-a-Rome-Brigitte-et-Emmanuel-Macron-savourent-a-nouveau-leur-restaurant-fetiche-\u2013-decouvrez-les-images-exclusives.jpg\" \/>\n\t<meta property=\"og:image:width\" content=\"2560\" \/>\n\t<meta property=\"og:image:height\" content=\"1429\" \/>\n\t<meta property=\"og:image:type\" content=\"image\/jpeg\" \/>\n<meta name=\"author\" content=\"Chloe Gauthier\" \/>\n<meta name=\"twitter:card\" content=\"summary_large_image\" \/>\n<meta name=\"twitter:label1\" content=\"\u00c9crit par\" \/>\n\t<meta name=\"twitter:data1\" content=\"Chloe Gauthier\" \/>\n\t<meta name=\"twitter:label2\" content=\"Dur\u00e9e de lecture estim\u00e9e\" \/>\n\t<meta name=\"twitter:data2\" content=\"3 minutes\" \/>\n<script type=\"application\/ld+json\" class=\"yoast-schema-graph\">{\"@context\":\"https:\\\/\\\/schema.org\",\"@graph\":[{\"@type\":\"Article\",\"@id\":\"https:\\\/\\\/www.sebastien-auziere.fr\\\/blog\\\/pt\\\/delicieux-moment-a-rome-brigitte-et-emmanuel-macron-savourent-a-nouveau-leur-restaurant-fetiche-decouvrez-les-images-exclusives\\\/#article\",\"isPartOf\":{\"@id\":\"https:\\\/\\\/www.sebastien-auziere.fr\\\/blog\\\/pt\\\/delicieux-moment-a-rome-brigitte-et-emmanuel-macron-savourent-a-nouveau-leur-restaurant-fetiche-decouvrez-les-images-exclusives\\\/\"},\"author\":{\"name\":\"Chloe Gauthier\",\"@id\":\"https:\\\/\\\/www.sebastien-auziere.fr\\\/blog\\\/#\\\/schema\\\/person\\\/149f1acdbfd85149c6c3e59adeae2f4d\"},\"headline\":\"D\u00e9licieux moment \u00e0 Rome : Brigitte et Emmanuel Macron savourent \u00e0 nouveau leur restaurant f\u00e9tiche \u2013 d\u00e9couvrez les images exclusives\",\"datePublished\":\"2026-04-17T07:14:58+00:00\",\"dateModified\":\"2026-04-17T07:15:23+00:00\",\"mainEntityOfPage\":{\"@id\":\"https:\\\/\\\/www.sebastien-auziere.fr\\\/blog\\\/pt\\\/delicieux-moment-a-rome-brigitte-et-emmanuel-macron-savourent-a-nouveau-leur-restaurant-fetiche-decouvrez-les-images-exclusives\\\/\"},\"wordCount\":545,\"commentCount\":0,\"publisher\":{\"@id\":\"https:\\\/\\\/www.sebastien-auziere.fr\\\/blog\\\/#organization\"},\"image\":{\"@id\":\"https:\\\/\\\/www.sebastien-auziere.fr\\\/blog\\\/pt\\\/delicieux-moment-a-rome-brigitte-et-emmanuel-macron-savourent-a-nouveau-leur-restaurant-fetiche-decouvrez-les-images-exclusives\\\/#primaryimage\"},\"thumbnailUrl\":\"https:\\\/\\\/www.sebastien-auziere.fr\\\/blog\\\/wp-content\\\/uploads\\\/2026\\\/04\\\/Delicieux-moment-a-Rome-Brigitte-et-Emmanuel-Macron-savourent-a-nouveau-leur-restaurant-fetiche-\u2013-decouvrez-les-images-exclusives.jpg\",\"keywords\":[\"brigitte macron\",\"emmanuel macron\",\"momento gourmand\",\"restaurant fetiche\",\"roma\"],\"articleSection\":[\"Actualidades\"],\"inLanguage\":\"fr-FR\",\"potentialAction\":[{\"@type\":\"CommentAction\",\"name\":\"Comment\",\"target\":[\"https:\\\/\\\/www.sebastien-auziere.fr\\\/blog\\\/pt\\\/delicieux-moment-a-rome-brigitte-et-emmanuel-macron-savourent-a-nouveau-leur-restaurant-fetiche-decouvrez-les-images-exclusives\\\/#respond\"]}]},{\"@type\":\"WebPage\",\"@id\":\"https:\\\/\\\/www.sebastien-auziere.fr\\\/blog\\\/pt\\\/delicieux-moment-a-rome-brigitte-et-emmanuel-macron-savourent-a-nouveau-leur-restaurant-fetiche-decouvrez-les-images-exclusives\\\/\",\"url\":\"https:\\\/\\\/www.sebastien-auziere.fr\\\/blog\\\/pt\\\/delicieux-moment-a-rome-brigitte-et-emmanuel-macron-savourent-a-nouveau-leur-restaurant-fetiche-decouvrez-les-images-exclusives\\\/\",\"name\":\"D\u00e9licieux moment \u00e0 Rome : Brigitte et Emmanuel Macron savourent \u00e0 nouveau leur restaurant f\u00e9tiche \u2013 d\u00e9couvrez les images exclusives - Fan site S\u00e9bastien Auzi\u00e8re\",\"isPartOf\":{\"@id\":\"https:\\\/\\\/www.sebastien-auziere.fr\\\/blog\\\/#website\"},\"primaryImageOfPage\":{\"@id\":\"https:\\\/\\\/www.sebastien-auziere.fr\\\/blog\\\/pt\\\/delicieux-moment-a-rome-brigitte-et-emmanuel-macron-savourent-a-nouveau-leur-restaurant-fetiche-decouvrez-les-images-exclusives\\\/#primaryimage\"},\"image\":{\"@id\":\"https:\\\/\\\/www.sebastien-auziere.fr\\\/blog\\\/pt\\\/delicieux-moment-a-rome-brigitte-et-emmanuel-macron-savourent-a-nouveau-leur-restaurant-fetiche-decouvrez-les-images-exclusives\\\/#primaryimage\"},\"thumbnailUrl\":\"https:\\\/\\\/www.sebastien-auziere.fr\\\/blog\\\/wp-content\\\/uploads\\\/2026\\\/04\\\/Delicieux-moment-a-Rome-Brigitte-et-Emmanuel-Macron-savourent-a-nouveau-leur-restaurant-fetiche-\u2013-decouvrez-les-images-exclusives.jpg\",\"datePublished\":\"2026-04-17T07:14:58+00:00\",\"dateModified\":\"2026-04-17T07:15:23+00:00\",\"description\":\"D\u00e9couvrez Brigitte et Emmanuel Macron savourant leur restaurant favori \u00e0 Rome. Moments exclusifs et d\u00e9licieux \u00e0 ne pas manquer !\",\"breadcrumb\":{\"@id\":\"https:\\\/\\\/www.sebastien-auziere.fr\\\/blog\\\/pt\\\/delicieux-moment-a-rome-brigitte-et-emmanuel-macron-savourent-a-nouveau-leur-restaurant-fetiche-decouvrez-les-images-exclusives\\\/#breadcrumb\"},\"inLanguage\":\"fr-FR\",\"potentialAction\":[{\"@type\":\"ReadAction\",\"target\":[\"https:\\\/\\\/www.sebastien-auziere.fr\\\/blog\\\/pt\\\/delicieux-moment-a-rome-brigitte-et-emmanuel-macron-savourent-a-nouveau-leur-restaurant-fetiche-decouvrez-les-images-exclusives\\\/\"]}]},{\"@type\":\"ImageObject\",\"inLanguage\":\"fr-FR\",\"@id\":\"https:\\\/\\\/www.sebastien-auziere.fr\\\/blog\\\/pt\\\/delicieux-moment-a-rome-brigitte-et-emmanuel-macron-savourent-a-nouveau-leur-restaurant-fetiche-decouvrez-les-images-exclusives\\\/#primaryimage\",\"url\":\"https:\\\/\\\/www.sebastien-auziere.fr\\\/blog\\\/wp-content\\\/uploads\\\/2026\\\/04\\\/Delicieux-moment-a-Rome-Brigitte-et-Emmanuel-Macron-savourent-a-nouveau-leur-restaurant-fetiche-\u2013-decouvrez-les-images-exclusives.jpg\",\"contentUrl\":\"https:\\\/\\\/www.sebastien-auziere.fr\\\/blog\\\/wp-content\\\/uploads\\\/2026\\\/04\\\/Delicieux-moment-a-Rome-Brigitte-et-Emmanuel-Macron-savourent-a-nouveau-leur-restaurant-fetiche-\u2013-decouvrez-les-images-exclusives.jpg\",\"width\":2560,\"height\":1429,\"caption\":\"d\u00e9couvrez brigitte et emmanuel macron, savourant un d\u00e9licieux moment dans leur restaurant pr\u00e9f\u00e9r\u00e9 \u00e0 rome. plongez dans ces images exclusives d'un d\u00eener intime et gourmand.\"},{\"@type\":\"BreadcrumbList\",\"@id\":\"https:\\\/\\\/www.sebastien-auziere.fr\\\/blog\\\/pt\\\/delicieux-moment-a-rome-brigitte-et-emmanuel-macron-savourent-a-nouveau-leur-restaurant-fetiche-decouvrez-les-images-exclusives\\\/#breadcrumb\",\"itemListElement\":[{\"@type\":\"ListItem\",\"position\":1,\"name\":\"Home\",\"item\":\"https:\\\/\\\/www.sebastien-auziere.fr\\\/blog\\\/\"},{\"@type\":\"ListItem\",\"position\":2,\"name\":\"D\u00e9licieux moment \u00e0 Rome : Brigitte et Emmanuel Macron savourent \u00e0 nouveau leur restaurant f\u00e9tiche \u2013 d\u00e9couvrez les images exclusives\"}]},{\"@type\":\"WebSite\",\"@id\":\"https:\\\/\\\/www.sebastien-auziere.fr\\\/blog\\\/#website\",\"url\":\"https:\\\/\\\/www.sebastien-auziere.fr\\\/blog\\\/\",\"name\":\"Fan site S\u00e9bastien Auzi\u00e8re\",\"description\":\"M\u00e9dia g\u00e9n\u00e9raliste\",\"publisher\":{\"@id\":\"https:\\\/\\\/www.sebastien-auziere.fr\\\/blog\\\/#organization\"},\"potentialAction\":[{\"@type\":\"SearchAction\",\"target\":{\"@type\":\"EntryPoint\",\"urlTemplate\":\"https:\\\/\\\/www.sebastien-auziere.fr\\\/blog\\\/?s={search_term_string}\"},\"query-input\":{\"@type\":\"PropertyValueSpecification\",\"valueRequired\":true,\"valueName\":\"search_term_string\"}}],\"inLanguage\":\"fr-FR\"},{\"@type\":\"Organization\",\"@id\":\"https:\\\/\\\/www.sebastien-auziere.fr\\\/blog\\\/#organization\",\"name\":\"Fan site S\u00e9bastien Auzi\u00e8re\",\"url\":\"https:\\\/\\\/www.sebastien-auziere.fr\\\/blog\\\/\",\"logo\":{\"@type\":\"ImageObject\",\"inLanguage\":\"fr-FR\",\"@id\":\"https:\\\/\\\/www.sebastien-auziere.fr\\\/blog\\\/#\\\/schema\\\/logo\\\/image\\\/\",\"url\":\"https:\\\/\\\/www.sebastien-auziere.fr\\\/blog\\\/wp-content\\\/uploads\\\/2026\\\/03\\\/cropped-cropped-cropped-ChatGPT-Image-6-mars-2026-12_58_09-e1772798376794.jpg\",\"contentUrl\":\"https:\\\/\\\/www.sebastien-auziere.fr\\\/blog\\\/wp-content\\\/uploads\\\/2026\\\/03\\\/cropped-cropped-cropped-ChatGPT-Image-6-mars-2026-12_58_09-e1772798376794.jpg\",\"width\":512,\"height\":360,\"caption\":\"Fan site S\u00e9bastien Auzi\u00e8re\"},\"image\":{\"@id\":\"https:\\\/\\\/www.sebastien-auziere.fr\\\/blog\\\/#\\\/schema\\\/logo\\\/image\\\/\"}},{\"@type\":\"Person\",\"@id\":\"https:\\\/\\\/www.sebastien-auziere.fr\\\/blog\\\/#\\\/schema\\\/person\\\/149f1acdbfd85149c6c3e59adeae2f4d\",\"name\":\"Chloe Gauthier\",\"image\":{\"@type\":\"ImageObject\",\"inLanguage\":\"fr-FR\",\"@id\":\"https:\\\/\\\/secure.gravatar.com\\\/avatar\\\/2c5722f58171cff738a8985ef0dd66b476e563753246a49019befc837ec4201a?s=96&d=mm&r=g\",\"url\":\"https:\\\/\\\/secure.gravatar.com\\\/avatar\\\/2c5722f58171cff738a8985ef0dd66b476e563753246a49019befc837ec4201a?s=96&d=mm&r=g\",\"contentUrl\":\"https:\\\/\\\/secure.gravatar.com\\\/avatar\\\/2c5722f58171cff738a8985ef0dd66b476e563753246a49019befc837ec4201a?s=96&d=mm&r=g\",\"caption\":\"Chloe Gauthier\"},\"description\":\"Passionn\u00e9e par la politique et admiratrice engag\u00e9e de la famille Macron, je consacre mon \u00e9nergie \u00e0 suivre leurs initiatives et \u00e0 promouvoir leurs id\u00e9es. \u00c0 32 ans, je suis convaincue que leur vision est porteuse d'avenir.\",\"url\":\"https:\\\/\\\/www.sebastien-auziere.fr\\\/blog\\\/author\\\/chloe-gauthier\\\/\"}]}<\/script>\n<!-- \/ Yoast SEO plugin. -->","yoast_head_json":{"title":"D\u00e9licieux moment \u00e0 Rome : Brigitte et Emmanuel Macron savourent \u00e0 nouveau leur restaurant f\u00e9tiche \u2013 d\u00e9couvrez les images exclusives - Fan site S\u00e9bastien Auzi\u00e8re","description":"D\u00e9couvrez Brigitte et Emmanuel Macron savourant leur restaurant favori \u00e0 Rome. Moments exclusifs et d\u00e9licieux \u00e0 ne pas manquer !","robots":{"index":"index","follow":"follow","max-snippet":"max-snippet:-1","max-image-preview":"max-image-preview:large","max-video-preview":"max-video-preview:-1"},"canonical":"https:\/\/www.sebastien-auziere.fr\/blog\/pt\/delicieux-moment-a-rome-brigitte-et-emmanuel-macron-savourent-a-nouveau-leur-restaurant-fetiche-decouvrez-les-images-exclusives\/","og_locale":"fr_FR","og_type":"article","og_title":"D\u00e9licieux moment \u00e0 Rome : Brigitte et Emmanuel Macron savourent \u00e0 nouveau leur restaurant f\u00e9tiche \u2013 d\u00e9couvrez les images exclusives - Fan site S\u00e9bastien Auzi\u00e8re","og_description":"D\u00e9couvrez Brigitte et Emmanuel Macron savourant leur restaurant favori \u00e0 Rome. Moments exclusifs et d\u00e9licieux \u00e0 ne pas manquer !","og_url":"https:\/\/www.sebastien-auziere.fr\/blog\/pt\/delicieux-moment-a-rome-brigitte-et-emmanuel-macron-savourent-a-nouveau-leur-restaurant-fetiche-decouvrez-les-images-exclusives\/","og_site_name":"Fan site S\u00e9bastien Auzi\u00e8re","article_published_time":"2026-04-17T07:14:58+00:00","article_modified_time":"2026-04-17T07:15:23+00:00","og_image":[{"width":2560,"height":1429,"url":"https:\/\/www.sebastien-auziere.fr\/blog\/wp-content\/uploads\/2026\/04\/Delicieux-moment-a-Rome-Brigitte-et-Emmanuel-Macron-savourent-a-nouveau-leur-restaurant-fetiche-\u2013-decouvrez-les-images-exclusives.jpg","type":"image\/jpeg"}],"author":"Chloe Gauthier","twitter_card":"summary_large_image","twitter_misc":{"\u00c9crit par":"Chloe Gauthier","Dur\u00e9e de lecture estim\u00e9e":"3 minutes"},"schema":{"@context":"https:\/\/schema.org","@graph":[{"@type":"Article","@id":"https:\/\/www.sebastien-auziere.fr\/blog\/pt\/delicieux-moment-a-rome-brigitte-et-emmanuel-macron-savourent-a-nouveau-leur-restaurant-fetiche-decouvrez-les-images-exclusives\/#article","isPartOf":{"@id":"https:\/\/www.sebastien-auziere.fr\/blog\/pt\/delicieux-moment-a-rome-brigitte-et-emmanuel-macron-savourent-a-nouveau-leur-restaurant-fetiche-decouvrez-les-images-exclusives\/"},"author":{"name":"Chloe Gauthier","@id":"https:\/\/www.sebastien-auziere.fr\/blog\/#\/schema\/person\/149f1acdbfd85149c6c3e59adeae2f4d"},"headline":"D\u00e9licieux moment \u00e0 Rome : Brigitte et Emmanuel Macron savourent \u00e0 nouveau leur restaurant f\u00e9tiche \u2013 d\u00e9couvrez les images exclusives","datePublished":"2026-04-17T07:14:58+00:00","dateModified":"2026-04-17T07:15:23+00:00","mainEntityOfPage":{"@id":"https:\/\/www.sebastien-auziere.fr\/blog\/pt\/delicieux-moment-a-rome-brigitte-et-emmanuel-macron-savourent-a-nouveau-leur-restaurant-fetiche-decouvrez-les-images-exclusives\/"},"wordCount":545,"commentCount":0,"publisher":{"@id":"https:\/\/www.sebastien-auziere.fr\/blog\/#organization"},"image":{"@id":"https:\/\/www.sebastien-auziere.fr\/blog\/pt\/delicieux-moment-a-rome-brigitte-et-emmanuel-macron-savourent-a-nouveau-leur-restaurant-fetiche-decouvrez-les-images-exclusives\/#primaryimage"},"thumbnailUrl":"https:\/\/www.sebastien-auziere.fr\/blog\/wp-content\/uploads\/2026\/04\/Delicieux-moment-a-Rome-Brigitte-et-Emmanuel-Macron-savourent-a-nouveau-leur-restaurant-fetiche-\u2013-decouvrez-les-images-exclusives.jpg","keywords":["brigitte macron","emmanuel macron","momento gourmand","restaurant fetiche","roma"],"articleSection":["Actualidades"],"inLanguage":"fr-FR","potentialAction":[{"@type":"CommentAction","name":"Comment","target":["https:\/\/www.sebastien-auziere.fr\/blog\/pt\/delicieux-moment-a-rome-brigitte-et-emmanuel-macron-savourent-a-nouveau-leur-restaurant-fetiche-decouvrez-les-images-exclusives\/#respond"]}]},{"@type":"WebPage","@id":"https:\/\/www.sebastien-auziere.fr\/blog\/pt\/delicieux-moment-a-rome-brigitte-et-emmanuel-macron-savourent-a-nouveau-leur-restaurant-fetiche-decouvrez-les-images-exclusives\/","url":"https:\/\/www.sebastien-auziere.fr\/blog\/pt\/delicieux-moment-a-rome-brigitte-et-emmanuel-macron-savourent-a-nouveau-leur-restaurant-fetiche-decouvrez-les-images-exclusives\/","name":"D\u00e9licieux moment \u00e0 Rome : Brigitte et Emmanuel Macron savourent \u00e0 nouveau leur restaurant f\u00e9tiche \u2013 d\u00e9couvrez les images exclusives - Fan site S\u00e9bastien Auzi\u00e8re","isPartOf":{"@id":"https:\/\/www.sebastien-auziere.fr\/blog\/#website"},"primaryImageOfPage":{"@id":"https:\/\/www.sebastien-auziere.fr\/blog\/pt\/delicieux-moment-a-rome-brigitte-et-emmanuel-macron-savourent-a-nouveau-leur-restaurant-fetiche-decouvrez-les-images-exclusives\/#primaryimage"},"image":{"@id":"https:\/\/www.sebastien-auziere.fr\/blog\/pt\/delicieux-moment-a-rome-brigitte-et-emmanuel-macron-savourent-a-nouveau-leur-restaurant-fetiche-decouvrez-les-images-exclusives\/#primaryimage"},"thumbnailUrl":"https:\/\/www.sebastien-auziere.fr\/blog\/wp-content\/uploads\/2026\/04\/Delicieux-moment-a-Rome-Brigitte-et-Emmanuel-Macron-savourent-a-nouveau-leur-restaurant-fetiche-\u2013-decouvrez-les-images-exclusives.jpg","datePublished":"2026-04-17T07:14:58+00:00","dateModified":"2026-04-17T07:15:23+00:00","description":"D\u00e9couvrez Brigitte et Emmanuel Macron savourant leur restaurant favori \u00e0 Rome. Moments exclusifs et d\u00e9licieux \u00e0 ne pas manquer !","breadcrumb":{"@id":"https:\/\/www.sebastien-auziere.fr\/blog\/pt\/delicieux-moment-a-rome-brigitte-et-emmanuel-macron-savourent-a-nouveau-leur-restaurant-fetiche-decouvrez-les-images-exclusives\/#breadcrumb"},"inLanguage":"fr-FR","potentialAction":[{"@type":"ReadAction","target":["https:\/\/www.sebastien-auziere.fr\/blog\/pt\/delicieux-moment-a-rome-brigitte-et-emmanuel-macron-savourent-a-nouveau-leur-restaurant-fetiche-decouvrez-les-images-exclusives\/"]}]},{"@type":"ImageObject","inLanguage":"fr-FR","@id":"https:\/\/www.sebastien-auziere.fr\/blog\/pt\/delicieux-moment-a-rome-brigitte-et-emmanuel-macron-savourent-a-nouveau-leur-restaurant-fetiche-decouvrez-les-images-exclusives\/#primaryimage","url":"https:\/\/www.sebastien-auziere.fr\/blog\/wp-content\/uploads\/2026\/04\/Delicieux-moment-a-Rome-Brigitte-et-Emmanuel-Macron-savourent-a-nouveau-leur-restaurant-fetiche-\u2013-decouvrez-les-images-exclusives.jpg","contentUrl":"https:\/\/www.sebastien-auziere.fr\/blog\/wp-content\/uploads\/2026\/04\/Delicieux-moment-a-Rome-Brigitte-et-Emmanuel-Macron-savourent-a-nouveau-leur-restaurant-fetiche-\u2013-decouvrez-les-images-exclusives.jpg","width":2560,"height":1429,"caption":"d\u00e9couvrez brigitte et emmanuel macron, savourant un d\u00e9licieux moment dans leur restaurant pr\u00e9f\u00e9r\u00e9 \u00e0 rome. plongez dans ces images exclusives d'un d\u00eener intime et gourmand."},{"@type":"BreadcrumbList","@id":"https:\/\/www.sebastien-auziere.fr\/blog\/pt\/delicieux-moment-a-rome-brigitte-et-emmanuel-macron-savourent-a-nouveau-leur-restaurant-fetiche-decouvrez-les-images-exclusives\/#breadcrumb","itemListElement":[{"@type":"ListItem","position":1,"name":"Home","item":"https:\/\/www.sebastien-auziere.fr\/blog\/"},{"@type":"ListItem","position":2,"name":"D\u00e9licieux moment \u00e0 Rome : Brigitte et Emmanuel Macron savourent \u00e0 nouveau leur restaurant f\u00e9tiche \u2013 d\u00e9couvrez les images exclusives"}]},{"@type":"WebSite","@id":"https:\/\/www.sebastien-auziere.fr\/blog\/#website","url":"https:\/\/www.sebastien-auziere.fr\/blog\/","name":"Fan site S\u00e9bastien Auzi\u00e8re","description":"M\u00e9dia g\u00e9n\u00e9raliste","publisher":{"@id":"https:\/\/www.sebastien-auziere.fr\/blog\/#organization"},"potentialAction":[{"@type":"SearchAction","target":{"@type":"EntryPoint","urlTemplate":"https:\/\/www.sebastien-auziere.fr\/blog\/?s={search_term_string}"},"query-input":{"@type":"PropertyValueSpecification","valueRequired":true,"valueName":"search_term_string"}}],"inLanguage":"fr-FR"},{"@type":"Organization","@id":"https:\/\/www.sebastien-auziere.fr\/blog\/#organization","name":"Fan site S\u00e9bastien Auzi\u00e8re","url":"https:\/\/www.sebastien-auziere.fr\/blog\/","logo":{"@type":"ImageObject","inLanguage":"fr-FR","@id":"https:\/\/www.sebastien-auziere.fr\/blog\/#\/schema\/logo\/image\/","url":"https:\/\/www.sebastien-auziere.fr\/blog\/wp-content\/uploads\/2026\/03\/cropped-cropped-cropped-ChatGPT-Image-6-mars-2026-12_58_09-e1772798376794.jpg","contentUrl":"https:\/\/www.sebastien-auziere.fr\/blog\/wp-content\/uploads\/2026\/03\/cropped-cropped-cropped-ChatGPT-Image-6-mars-2026-12_58_09-e1772798376794.jpg","width":512,"height":360,"caption":"Fan site S\u00e9bastien Auzi\u00e8re"},"image":{"@id":"https:\/\/www.sebastien-auziere.fr\/blog\/#\/schema\/logo\/image\/"}},{"@type":"Person","@id":"https:\/\/www.sebastien-auziere.fr\/blog\/#\/schema\/person\/149f1acdbfd85149c6c3e59adeae2f4d","name":"Chloe Gauthier","image":{"@type":"ImageObject","inLanguage":"fr-FR","@id":"https:\/\/secure.gravatar.com\/avatar\/2c5722f58171cff738a8985ef0dd66b476e563753246a49019befc837ec4201a?s=96&d=mm&r=g","url":"https:\/\/secure.gravatar.com\/avatar\/2c5722f58171cff738a8985ef0dd66b476e563753246a49019befc837ec4201a?s=96&d=mm&r=g","contentUrl":"https:\/\/secure.gravatar.com\/avatar\/2c5722f58171cff738a8985ef0dd66b476e563753246a49019befc837ec4201a?s=96&d=mm&r=g","caption":"Chloe Gauthier"},"description":"Passionn\u00e9e par la politique et admiratrice engag\u00e9e de la famille Macron, je consacre mon \u00e9nergie \u00e0 suivre leurs initiatives et \u00e0 promouvoir leurs id\u00e9es. \u00c0 32 ans, je suis convaincue que leur vision est porteuse d'avenir.","url":"https:\/\/www.sebastien-auziere.fr\/blog\/author\/chloe-gauthier\/"}]}},"views":0,"_links":{"self":[{"href":"https:\/\/www.sebastien-auziere.fr\/blog\/wp-json\/wp\/v2\/posts\/3098","targetHints":{"allow":["GET"]}}],"collection":[{"href":"https:\/\/www.sebastien-auziere.fr\/blog\/wp-json\/wp\/v2\/posts"}],"about":[{"href":"https:\/\/www.sebastien-auziere.fr\/blog\/wp-json\/wp\/v2\/types\/post"}],"author":[{"embeddable":true,"href":"https:\/\/www.sebastien-auziere.fr\/blog\/wp-json\/wp\/v2\/users\/9"}],"replies":[{"embeddable":true,"href":"https:\/\/www.sebastien-auziere.fr\/blog\/wp-json\/wp\/v2\/comments?post=3098"}],"version-history":[{"count":1,"href":"https:\/\/www.sebastien-auziere.fr\/blog\/wp-json\/wp\/v2\/posts\/3098\/revisions"}],"predecessor-version":[{"id":3099,"href":"https:\/\/www.sebastien-auziere.fr\/blog\/wp-json\/wp\/v2\/posts\/3098\/revisions\/3099"}],"wp:featuredmedia":[{"embeddable":true,"href":"https:\/\/www.sebastien-auziere.fr\/blog\/wp-json\/wp\/v2\/media\/3088"}],"wp:attachment":[{"href":"https:\/\/www.sebastien-auziere.fr\/blog\/wp-json\/wp\/v2\/media?parent=3098"}],"wp:term":[{"taxonomy":"category","embeddable":true,"href":"https:\/\/www.sebastien-auziere.fr\/blog\/wp-json\/wp\/v2\/categories?post=3098"},{"taxonomy":"post_tag","embeddable":true,"href":"https:\/\/www.sebastien-auziere.fr\/blog\/wp-json\/wp\/v2\/tags?post=3098"}],"curies":[{"name":"wp","href":"https:\/\/api.w.org\/{rel}","templated":true}]}}