{"id":3096,"date":"2026-04-17T07:13:49","date_gmt":"2026-04-17T07:13:49","guid":{"rendered":"https:\/\/www.sebastien-auziere.fr\/blog\/?p=3096"},"modified":"2026-04-17T07:14:15","modified_gmt":"2026-04-17T07:14:15","slug":"delicieux-moment-a-rome-brigitte-e-emmanuel-macron-gustano-di-nuovo-il-loro-ristorante-preferito-scopri-le-immagini-esclusive","status":"publish","type":"post","link":"https:\/\/www.sebastien-auziere.fr\/blog\/it\/delicieux-moment-a-rome-brigitte-e-emmanuel-macron-gustano-di-nuovo-il-loro-ristorante-preferito-scopri-le-immagini-esclusive\/","title":{"rendered":"D\u00e9licieux moment \u00e0 Rome : Brigitte e Emmanuel Macron gustano di nuovo il loro ristorante preferito \u2013 scopri le immagini esclusive"},"content":{"rendered":"<p><strong>Roma<\/strong> vibra di un <strong>momento delizioso<\/strong>: questo venerd\u00ec <strong>10 aprile<\/strong>, <strong>Brigitte Macron<\/strong> e <strong>Emmanuel Macron<\/strong> sono stati ricevuti in <strong>Vaticano<\/strong>, dopo una <strong>uscita gastronomica<\/strong> la sera precedente nel loro <strong>ristorante<\/strong> preferito. Immagini <strong>esclusive<\/strong> pubblicate da Il Sole 24 Ore mostrano la coppia seduta al centro della <strong>Piazza del Popolo<\/strong>, al Dal Bolognese.<\/p>\n\n<p><strong>In breve<\/strong>: cena al <strong>Dal Bolognese<\/strong> prima dell&rsquo;udienza, menu di <strong>cucina italiana<\/strong> tradizionale (pasta fresca, carrello di carni), incontro con Andrea Riccardi la sera precedente, regalo di una maglietta firmata offerta a <strong>papa Leone XIV<\/strong> secondo RTL e scambi su clima, multilateralismo e intelligenza artificiale riportati da Le Figaro.<\/p>\n\n<h2 class=\"wp-block-heading\">Brigitte ed Emmanuel Macron a Roma: l&rsquo;uscita gastronomica che precede l&rsquo;udienza<\/h2>\n\n<p>La scena si \u00e8 svolta la notte prima dell&rsquo;udienza pontificia: la coppia presidenziale \u00e8 stata avvistata al <strong>ristorante<\/strong> Dal Bolognese, un indirizzo rinomato della capitale. Le <strong>immagini esclusive<\/strong> mostrano un tavolo conviviale, circondato da amici e commensali, confermando che questo indirizzo \u00e8 davvero uno dei loro preferiti a <strong>Roma<\/strong>.<\/p>\n\n<p>Questa cena avviene proprio prima dell&rsquo;incontro ufficiale del 10 aprile con il <strong>papa Leone XIV<\/strong>, eletto a maggio 2025. Un <strong>momento delizioso<\/strong> e discreto che dice molto sui loro rituali di viaggio.<\/p>\n\n<h2 class=\"wp-block-heading\">Un menu saporito: la gastronomia emiliana in primo piano<\/h2>\n\n<p>Al menu, la <strong>cucina italiana<\/strong> tradizionale seduce con la sua semplicit\u00e0 raffinata: <strong>tagliatelle alla bolognese<\/strong>, <strong>tortellini in brodo<\/strong> e il famoso carrello di carni bollite. I piatti, preparati con pasta fresca fatta in casa e un salume selezionato, illustrano un savoir-faire locale che piace alla coppia.<\/p>\n\n<p>Questa <strong>uscita gastronomica<\/strong> conferma l&rsquo;attaccamento della coppia a una tavola dove la <strong>gastronomia<\/strong> diventa condivisione. Un <strong>momento delizioso<\/strong> catturato in immagini che rafforza l&rsquo;immagine di una parentesi conviviale nel cuore di una missione diplomatica.<\/p>\n\n<h2 class=\"wp-block-heading\">Incontri e gesti diplomatici prima dell&rsquo;udienza<\/h2>\n\n<p>La vigilia dell&rsquo;appuntamento con il Santo Sede, Emmanuel Macron ha scambiato idee con Andrea Riccardi, personalit\u00e0 influente nella diplomazia informale del Vaticano, su temi umanitari e medio-orientali. Queste conversazioni preparatorie illustrano la dimensione politica di questo soggiorno romano.<\/p>\n\n<p>Per l&rsquo;udienza, il presidente non si \u00e8 presentato a mani vuote: secondo RTL, ha regalato al <strong>papa Leone XIV<\/strong> una maglietta della squadra di Francia di basket firmata, un omaggio alla passione sportiva del sovrano pontefice originario di Chicago. Un gesto simbolico con molteplici risonanze.<\/p>\n\n<h2 class=\"wp-block-heading\">Atmosfera e immagini esclusive: cosa raccontano le foto<\/h2>\n\n<p>Le foto di Il Sole 24 Ore restituiscono un&rsquo;atmosfera <strong>saporita<\/strong> e ovattata. Il Dal Bolognese, frequentato da figure politiche e culturali, offre un decor\u00f2 favorevole agli scambi informali prima degli appuntamenti ufficiali.<\/p>\n\n<p>Si ritrova una continuit\u00e0 con una visita precedente del 25 aprile 2025, dove la coppia aveva cenato in questo stesso locale prima dei funerali del papa Francesco. Questi momenti alimentari scandiscono la vita diplomatica e umanizzano la presenza presidenziale all&rsquo;estero.<\/p>\n\n<p>Per saperne di pi\u00f9 su <strong>S\u00e9bastien Auzi\u00e8re<\/strong> e la famiglia Macron, trova dossier e immagini complementari su <strong>sebastien-auziere.fr<\/strong> e prolungare questo sguardo sui loro impegni e momenti pubblici.<\/p>","protected":false},"excerpt":{"rendered":"<p>Roma vibra di un momento delizioso: questo venerd\u00ec 10 aprile, Brigitte Macron e Emmanuel Macron sono stati ricevuti in Vaticano, dopo una uscita gastronomica la sera precedente nel loro ristorante preferito. Immagini esclusive pubblicate da Il Sole 24 Ore mostrano la coppia seduta al centro della Piazza del Popolo, al Dal Bolognese. In breve: cena &#8230; <a title=\"D\u00e9licieux moment \u00e0 Rome : Brigitte e Emmanuel Macron gustano di nuovo il loro ristorante preferito \u2013 scopri le immagini esclusive\" class=\"read-more\" href=\"https:\/\/www.sebastien-auziere.fr\/blog\/it\/delicieux-moment-a-rome-brigitte-e-emmanuel-macron-gustano-di-nuovo-il-loro-ristorante-preferito-scopri-le-immagini-esclusive\/\" aria-label=\"En savoir plus sur D\u00e9licieux moment \u00e0 Rome : Brigitte e Emmanuel Macron gustano di nuovo il loro ristorante preferito \u2013 scopri le immagini esclusive\">Lire plus<\/a><\/p>\n","protected":false},"author":9,"featured_media":3088,"comment_status":"open","ping_status":"open","sticky":false,"template":"","format":"standard","meta":{"footnotes":""},"categories":[859],"tags":[944,1190,3259,3262,3265],"class_list":["post-3096","post","type-post","status-publish","format-standard","has-post-thumbnail","hentry","category-actualita-it","tag-brigitte-macron-it","tag-emmanuel-macron-it","tag-momento-goloso-it","tag-ristorante-feticcio-it","tag-roma-it"],"yoast_head":"<!-- This site is optimized with the Yoast SEO plugin v27.5 - https:\/\/yoast.com\/product\/yoast-seo-wordpress\/ -->\n<title>D\u00e9licieux moment \u00e0 Rome : Brigitte e Emmanuel Macron gustano di nuovo il loro ristorante preferito \u2013 scopri le immagini esclusive - Fan site S\u00e9bastien Auzi\u00e8re<\/title>\n<meta name=\"description\" content=\"D\u00e9couvrez Brigitte et Emmanuel Macron savourant leur restaurant favori \u00e0 Rome. Moments exclusifs et d\u00e9licieux \u00e0 ne pas manquer !\" \/>\n<meta name=\"robots\" content=\"index, follow, max-snippet:-1, max-image-preview:large, max-video-preview:-1\" \/>\n<link rel=\"canonical\" href=\"https:\/\/www.sebastien-auziere.fr\/blog\/it\/delicieux-moment-a-rome-brigitte-e-emmanuel-macron-gustano-di-nuovo-il-loro-ristorante-preferito-scopri-le-immagini-esclusive\/\" \/>\n<meta property=\"og:locale\" content=\"fr_FR\" \/>\n<meta property=\"og:type\" content=\"article\" \/>\n<meta property=\"og:title\" content=\"D\u00e9licieux moment \u00e0 Rome : Brigitte e Emmanuel Macron gustano di nuovo il loro ristorante preferito \u2013 scopri le immagini esclusive - Fan site S\u00e9bastien Auzi\u00e8re\" \/>\n<meta property=\"og:description\" content=\"D\u00e9couvrez Brigitte et Emmanuel Macron savourant leur restaurant favori \u00e0 Rome. Moments exclusifs et d\u00e9licieux \u00e0 ne pas manquer !\" \/>\n<meta property=\"og:url\" content=\"https:\/\/www.sebastien-auziere.fr\/blog\/it\/delicieux-moment-a-rome-brigitte-e-emmanuel-macron-gustano-di-nuovo-il-loro-ristorante-preferito-scopri-le-immagini-esclusive\/\" \/>\n<meta property=\"og:site_name\" content=\"Fan site S\u00e9bastien Auzi\u00e8re\" \/>\n<meta property=\"article:published_time\" content=\"2026-04-17T07:13:49+00:00\" \/>\n<meta property=\"article:modified_time\" content=\"2026-04-17T07:14:15+00:00\" \/>\n<meta property=\"og:image\" content=\"https:\/\/www.sebastien-auziere.fr\/blog\/wp-content\/uploads\/2026\/04\/Delicieux-moment-a-Rome-Brigitte-et-Emmanuel-Macron-savourent-a-nouveau-leur-restaurant-fetiche-\u2013-decouvrez-les-images-exclusives.jpg\" \/>\n\t<meta property=\"og:image:width\" content=\"2560\" \/>\n\t<meta property=\"og:image:height\" content=\"1429\" \/>\n\t<meta property=\"og:image:type\" content=\"image\/jpeg\" \/>\n<meta name=\"author\" content=\"Chloe Gauthier\" \/>\n<meta name=\"twitter:card\" content=\"summary_large_image\" \/>\n<meta name=\"twitter:label1\" content=\"\u00c9crit par\" \/>\n\t<meta name=\"twitter:data1\" content=\"Chloe Gauthier\" \/>\n\t<meta name=\"twitter:label2\" content=\"Dur\u00e9e de lecture estim\u00e9e\" \/>\n\t<meta name=\"twitter:data2\" content=\"2 minutes\" \/>\n<script type=\"application\/ld+json\" class=\"yoast-schema-graph\">{\"@context\":\"https:\\\/\\\/schema.org\",\"@graph\":[{\"@type\":\"Article\",\"@id\":\"https:\\\/\\\/www.sebastien-auziere.fr\\\/blog\\\/it\\\/delicieux-moment-a-rome-brigitte-e-emmanuel-macron-gustano-di-nuovo-il-loro-ristorante-preferito-scopri-le-immagini-esclusive\\\/#article\",\"isPartOf\":{\"@id\":\"https:\\\/\\\/www.sebastien-auziere.fr\\\/blog\\\/it\\\/delicieux-moment-a-rome-brigitte-e-emmanuel-macron-gustano-di-nuovo-il-loro-ristorante-preferito-scopri-le-immagini-esclusive\\\/\"},\"author\":{\"name\":\"Chloe Gauthier\",\"@id\":\"https:\\\/\\\/www.sebastien-auziere.fr\\\/blog\\\/#\\\/schema\\\/person\\\/149f1acdbfd85149c6c3e59adeae2f4d\"},\"headline\":\"D\u00e9licieux moment \u00e0 Rome : Brigitte e Emmanuel Macron gustano di nuovo il loro ristorante preferito \u2013 scopri le immagini esclusive\",\"datePublished\":\"2026-04-17T07:13:49+00:00\",\"dateModified\":\"2026-04-17T07:14:15+00:00\",\"mainEntityOfPage\":{\"@id\":\"https:\\\/\\\/www.sebastien-auziere.fr\\\/blog\\\/it\\\/delicieux-moment-a-rome-brigitte-e-emmanuel-macron-gustano-di-nuovo-il-loro-ristorante-preferito-scopri-le-immagini-esclusive\\\/\"},\"wordCount\":490,\"commentCount\":0,\"publisher\":{\"@id\":\"https:\\\/\\\/www.sebastien-auziere.fr\\\/blog\\\/#organization\"},\"image\":{\"@id\":\"https:\\\/\\\/www.sebastien-auziere.fr\\\/blog\\\/it\\\/delicieux-moment-a-rome-brigitte-e-emmanuel-macron-gustano-di-nuovo-il-loro-ristorante-preferito-scopri-le-immagini-esclusive\\\/#primaryimage\"},\"thumbnailUrl\":\"https:\\\/\\\/www.sebastien-auziere.fr\\\/blog\\\/wp-content\\\/uploads\\\/2026\\\/04\\\/Delicieux-moment-a-Rome-Brigitte-et-Emmanuel-Macron-savourent-a-nouveau-leur-restaurant-fetiche-\u2013-decouvrez-les-images-exclusives.jpg\",\"keywords\":[\"brigitte macron\",\"emmanuel macron\",\"momento goloso\",\"ristorante feticcio\",\"roma\"],\"articleSection\":[\"Actualit\u00e0\"],\"inLanguage\":\"fr-FR\",\"potentialAction\":[{\"@type\":\"CommentAction\",\"name\":\"Comment\",\"target\":[\"https:\\\/\\\/www.sebastien-auziere.fr\\\/blog\\\/it\\\/delicieux-moment-a-rome-brigitte-e-emmanuel-macron-gustano-di-nuovo-il-loro-ristorante-preferito-scopri-le-immagini-esclusive\\\/#respond\"]}]},{\"@type\":\"WebPage\",\"@id\":\"https:\\\/\\\/www.sebastien-auziere.fr\\\/blog\\\/it\\\/delicieux-moment-a-rome-brigitte-e-emmanuel-macron-gustano-di-nuovo-il-loro-ristorante-preferito-scopri-le-immagini-esclusive\\\/\",\"url\":\"https:\\\/\\\/www.sebastien-auziere.fr\\\/blog\\\/it\\\/delicieux-moment-a-rome-brigitte-e-emmanuel-macron-gustano-di-nuovo-il-loro-ristorante-preferito-scopri-le-immagini-esclusive\\\/\",\"name\":\"D\u00e9licieux moment \u00e0 Rome : Brigitte e Emmanuel Macron gustano di nuovo il loro ristorante preferito \u2013 scopri le immagini esclusive - Fan site S\u00e9bastien Auzi\u00e8re\",\"isPartOf\":{\"@id\":\"https:\\\/\\\/www.sebastien-auziere.fr\\\/blog\\\/#website\"},\"primaryImageOfPage\":{\"@id\":\"https:\\\/\\\/www.sebastien-auziere.fr\\\/blog\\\/it\\\/delicieux-moment-a-rome-brigitte-e-emmanuel-macron-gustano-di-nuovo-il-loro-ristorante-preferito-scopri-le-immagini-esclusive\\\/#primaryimage\"},\"image\":{\"@id\":\"https:\\\/\\\/www.sebastien-auziere.fr\\\/blog\\\/it\\\/delicieux-moment-a-rome-brigitte-e-emmanuel-macron-gustano-di-nuovo-il-loro-ristorante-preferito-scopri-le-immagini-esclusive\\\/#primaryimage\"},\"thumbnailUrl\":\"https:\\\/\\\/www.sebastien-auziere.fr\\\/blog\\\/wp-content\\\/uploads\\\/2026\\\/04\\\/Delicieux-moment-a-Rome-Brigitte-et-Emmanuel-Macron-savourent-a-nouveau-leur-restaurant-fetiche-\u2013-decouvrez-les-images-exclusives.jpg\",\"datePublished\":\"2026-04-17T07:13:49+00:00\",\"dateModified\":\"2026-04-17T07:14:15+00:00\",\"description\":\"D\u00e9couvrez Brigitte et Emmanuel Macron savourant leur restaurant favori \u00e0 Rome. Moments exclusifs et d\u00e9licieux \u00e0 ne pas manquer !\",\"breadcrumb\":{\"@id\":\"https:\\\/\\\/www.sebastien-auziere.fr\\\/blog\\\/it\\\/delicieux-moment-a-rome-brigitte-e-emmanuel-macron-gustano-di-nuovo-il-loro-ristorante-preferito-scopri-le-immagini-esclusive\\\/#breadcrumb\"},\"inLanguage\":\"fr-FR\",\"potentialAction\":[{\"@type\":\"ReadAction\",\"target\":[\"https:\\\/\\\/www.sebastien-auziere.fr\\\/blog\\\/it\\\/delicieux-moment-a-rome-brigitte-e-emmanuel-macron-gustano-di-nuovo-il-loro-ristorante-preferito-scopri-le-immagini-esclusive\\\/\"]}]},{\"@type\":\"ImageObject\",\"inLanguage\":\"fr-FR\",\"@id\":\"https:\\\/\\\/www.sebastien-auziere.fr\\\/blog\\\/it\\\/delicieux-moment-a-rome-brigitte-e-emmanuel-macron-gustano-di-nuovo-il-loro-ristorante-preferito-scopri-le-immagini-esclusive\\\/#primaryimage\",\"url\":\"https:\\\/\\\/www.sebastien-auziere.fr\\\/blog\\\/wp-content\\\/uploads\\\/2026\\\/04\\\/Delicieux-moment-a-Rome-Brigitte-et-Emmanuel-Macron-savourent-a-nouveau-leur-restaurant-fetiche-\u2013-decouvrez-les-images-exclusives.jpg\",\"contentUrl\":\"https:\\\/\\\/www.sebastien-auziere.fr\\\/blog\\\/wp-content\\\/uploads\\\/2026\\\/04\\\/Delicieux-moment-a-Rome-Brigitte-et-Emmanuel-Macron-savourent-a-nouveau-leur-restaurant-fetiche-\u2013-decouvrez-les-images-exclusives.jpg\",\"width\":2560,\"height\":1429,\"caption\":\"d\u00e9couvrez brigitte et emmanuel macron, savourant un d\u00e9licieux moment dans leur restaurant pr\u00e9f\u00e9r\u00e9 \u00e0 rome. plongez dans ces images exclusives d'un d\u00eener intime et gourmand.\"},{\"@type\":\"BreadcrumbList\",\"@id\":\"https:\\\/\\\/www.sebastien-auziere.fr\\\/blog\\\/it\\\/delicieux-moment-a-rome-brigitte-e-emmanuel-macron-gustano-di-nuovo-il-loro-ristorante-preferito-scopri-le-immagini-esclusive\\\/#breadcrumb\",\"itemListElement\":[{\"@type\":\"ListItem\",\"position\":1,\"name\":\"Home\",\"item\":\"https:\\\/\\\/www.sebastien-auziere.fr\\\/blog\\\/\"},{\"@type\":\"ListItem\",\"position\":2,\"name\":\"D\u00e9licieux moment \u00e0 Rome : Brigitte e Emmanuel Macron gustano di nuovo il loro ristorante preferito \u2013 scopri le immagini esclusive\"}]},{\"@type\":\"WebSite\",\"@id\":\"https:\\\/\\\/www.sebastien-auziere.fr\\\/blog\\\/#website\",\"url\":\"https:\\\/\\\/www.sebastien-auziere.fr\\\/blog\\\/\",\"name\":\"Fan site S\u00e9bastien Auzi\u00e8re\",\"description\":\"M\u00e9dia g\u00e9n\u00e9raliste\",\"publisher\":{\"@id\":\"https:\\\/\\\/www.sebastien-auziere.fr\\\/blog\\\/#organization\"},\"potentialAction\":[{\"@type\":\"SearchAction\",\"target\":{\"@type\":\"EntryPoint\",\"urlTemplate\":\"https:\\\/\\\/www.sebastien-auziere.fr\\\/blog\\\/?s={search_term_string}\"},\"query-input\":{\"@type\":\"PropertyValueSpecification\",\"valueRequired\":true,\"valueName\":\"search_term_string\"}}],\"inLanguage\":\"fr-FR\"},{\"@type\":\"Organization\",\"@id\":\"https:\\\/\\\/www.sebastien-auziere.fr\\\/blog\\\/#organization\",\"name\":\"Fan site S\u00e9bastien Auzi\u00e8re\",\"url\":\"https:\\\/\\\/www.sebastien-auziere.fr\\\/blog\\\/\",\"logo\":{\"@type\":\"ImageObject\",\"inLanguage\":\"fr-FR\",\"@id\":\"https:\\\/\\\/www.sebastien-auziere.fr\\\/blog\\\/#\\\/schema\\\/logo\\\/image\\\/\",\"url\":\"https:\\\/\\\/www.sebastien-auziere.fr\\\/blog\\\/wp-content\\\/uploads\\\/2026\\\/03\\\/cropped-cropped-cropped-ChatGPT-Image-6-mars-2026-12_58_09-e1772798376794.jpg\",\"contentUrl\":\"https:\\\/\\\/www.sebastien-auziere.fr\\\/blog\\\/wp-content\\\/uploads\\\/2026\\\/03\\\/cropped-cropped-cropped-ChatGPT-Image-6-mars-2026-12_58_09-e1772798376794.jpg\",\"width\":512,\"height\":360,\"caption\":\"Fan site S\u00e9bastien Auzi\u00e8re\"},\"image\":{\"@id\":\"https:\\\/\\\/www.sebastien-auziere.fr\\\/blog\\\/#\\\/schema\\\/logo\\\/image\\\/\"}},{\"@type\":\"Person\",\"@id\":\"https:\\\/\\\/www.sebastien-auziere.fr\\\/blog\\\/#\\\/schema\\\/person\\\/149f1acdbfd85149c6c3e59adeae2f4d\",\"name\":\"Chloe Gauthier\",\"image\":{\"@type\":\"ImageObject\",\"inLanguage\":\"fr-FR\",\"@id\":\"https:\\\/\\\/secure.gravatar.com\\\/avatar\\\/2c5722f58171cff738a8985ef0dd66b476e563753246a49019befc837ec4201a?s=96&d=mm&r=g\",\"url\":\"https:\\\/\\\/secure.gravatar.com\\\/avatar\\\/2c5722f58171cff738a8985ef0dd66b476e563753246a49019befc837ec4201a?s=96&d=mm&r=g\",\"contentUrl\":\"https:\\\/\\\/secure.gravatar.com\\\/avatar\\\/2c5722f58171cff738a8985ef0dd66b476e563753246a49019befc837ec4201a?s=96&d=mm&r=g\",\"caption\":\"Chloe Gauthier\"},\"description\":\"Passionn\u00e9e par la politique et admiratrice engag\u00e9e de la famille Macron, je consacre mon \u00e9nergie \u00e0 suivre leurs initiatives et \u00e0 promouvoir leurs id\u00e9es. \u00c0 32 ans, je suis convaincue que leur vision est porteuse d'avenir.\",\"url\":\"https:\\\/\\\/www.sebastien-auziere.fr\\\/blog\\\/author\\\/chloe-gauthier\\\/\"}]}<\/script>\n<!-- \/ Yoast SEO plugin. -->","yoast_head_json":{"title":"D\u00e9licieux moment \u00e0 Rome : Brigitte e Emmanuel Macron gustano di nuovo il loro ristorante preferito \u2013 scopri le immagini esclusive - Fan site S\u00e9bastien Auzi\u00e8re","description":"D\u00e9couvrez Brigitte et Emmanuel Macron savourant leur restaurant favori \u00e0 Rome. Moments exclusifs et d\u00e9licieux \u00e0 ne pas manquer !","robots":{"index":"index","follow":"follow","max-snippet":"max-snippet:-1","max-image-preview":"max-image-preview:large","max-video-preview":"max-video-preview:-1"},"canonical":"https:\/\/www.sebastien-auziere.fr\/blog\/it\/delicieux-moment-a-rome-brigitte-e-emmanuel-macron-gustano-di-nuovo-il-loro-ristorante-preferito-scopri-le-immagini-esclusive\/","og_locale":"fr_FR","og_type":"article","og_title":"D\u00e9licieux moment \u00e0 Rome : Brigitte e Emmanuel Macron gustano di nuovo il loro ristorante preferito \u2013 scopri le immagini esclusive - Fan site S\u00e9bastien Auzi\u00e8re","og_description":"D\u00e9couvrez Brigitte et Emmanuel Macron savourant leur restaurant favori \u00e0 Rome. Moments exclusifs et d\u00e9licieux \u00e0 ne pas manquer !","og_url":"https:\/\/www.sebastien-auziere.fr\/blog\/it\/delicieux-moment-a-rome-brigitte-e-emmanuel-macron-gustano-di-nuovo-il-loro-ristorante-preferito-scopri-le-immagini-esclusive\/","og_site_name":"Fan site S\u00e9bastien Auzi\u00e8re","article_published_time":"2026-04-17T07:13:49+00:00","article_modified_time":"2026-04-17T07:14:15+00:00","og_image":[{"width":2560,"height":1429,"url":"https:\/\/www.sebastien-auziere.fr\/blog\/wp-content\/uploads\/2026\/04\/Delicieux-moment-a-Rome-Brigitte-et-Emmanuel-Macron-savourent-a-nouveau-leur-restaurant-fetiche-\u2013-decouvrez-les-images-exclusives.jpg","type":"image\/jpeg"}],"author":"Chloe Gauthier","twitter_card":"summary_large_image","twitter_misc":{"\u00c9crit par":"Chloe Gauthier","Dur\u00e9e de lecture estim\u00e9e":"2 minutes"},"schema":{"@context":"https:\/\/schema.org","@graph":[{"@type":"Article","@id":"https:\/\/www.sebastien-auziere.fr\/blog\/it\/delicieux-moment-a-rome-brigitte-e-emmanuel-macron-gustano-di-nuovo-il-loro-ristorante-preferito-scopri-le-immagini-esclusive\/#article","isPartOf":{"@id":"https:\/\/www.sebastien-auziere.fr\/blog\/it\/delicieux-moment-a-rome-brigitte-e-emmanuel-macron-gustano-di-nuovo-il-loro-ristorante-preferito-scopri-le-immagini-esclusive\/"},"author":{"name":"Chloe Gauthier","@id":"https:\/\/www.sebastien-auziere.fr\/blog\/#\/schema\/person\/149f1acdbfd85149c6c3e59adeae2f4d"},"headline":"D\u00e9licieux moment \u00e0 Rome : Brigitte e Emmanuel Macron gustano di nuovo il loro ristorante preferito \u2013 scopri le immagini esclusive","datePublished":"2026-04-17T07:13:49+00:00","dateModified":"2026-04-17T07:14:15+00:00","mainEntityOfPage":{"@id":"https:\/\/www.sebastien-auziere.fr\/blog\/it\/delicieux-moment-a-rome-brigitte-e-emmanuel-macron-gustano-di-nuovo-il-loro-ristorante-preferito-scopri-le-immagini-esclusive\/"},"wordCount":490,"commentCount":0,"publisher":{"@id":"https:\/\/www.sebastien-auziere.fr\/blog\/#organization"},"image":{"@id":"https:\/\/www.sebastien-auziere.fr\/blog\/it\/delicieux-moment-a-rome-brigitte-e-emmanuel-macron-gustano-di-nuovo-il-loro-ristorante-preferito-scopri-le-immagini-esclusive\/#primaryimage"},"thumbnailUrl":"https:\/\/www.sebastien-auziere.fr\/blog\/wp-content\/uploads\/2026\/04\/Delicieux-moment-a-Rome-Brigitte-et-Emmanuel-Macron-savourent-a-nouveau-leur-restaurant-fetiche-\u2013-decouvrez-les-images-exclusives.jpg","keywords":["brigitte macron","emmanuel macron","momento goloso","ristorante feticcio","roma"],"articleSection":["Actualit\u00e0"],"inLanguage":"fr-FR","potentialAction":[{"@type":"CommentAction","name":"Comment","target":["https:\/\/www.sebastien-auziere.fr\/blog\/it\/delicieux-moment-a-rome-brigitte-e-emmanuel-macron-gustano-di-nuovo-il-loro-ristorante-preferito-scopri-le-immagini-esclusive\/#respond"]}]},{"@type":"WebPage","@id":"https:\/\/www.sebastien-auziere.fr\/blog\/it\/delicieux-moment-a-rome-brigitte-e-emmanuel-macron-gustano-di-nuovo-il-loro-ristorante-preferito-scopri-le-immagini-esclusive\/","url":"https:\/\/www.sebastien-auziere.fr\/blog\/it\/delicieux-moment-a-rome-brigitte-e-emmanuel-macron-gustano-di-nuovo-il-loro-ristorante-preferito-scopri-le-immagini-esclusive\/","name":"D\u00e9licieux moment \u00e0 Rome : Brigitte e Emmanuel Macron gustano di nuovo il loro ristorante preferito \u2013 scopri le immagini esclusive - Fan site S\u00e9bastien Auzi\u00e8re","isPartOf":{"@id":"https:\/\/www.sebastien-auziere.fr\/blog\/#website"},"primaryImageOfPage":{"@id":"https:\/\/www.sebastien-auziere.fr\/blog\/it\/delicieux-moment-a-rome-brigitte-e-emmanuel-macron-gustano-di-nuovo-il-loro-ristorante-preferito-scopri-le-immagini-esclusive\/#primaryimage"},"image":{"@id":"https:\/\/www.sebastien-auziere.fr\/blog\/it\/delicieux-moment-a-rome-brigitte-e-emmanuel-macron-gustano-di-nuovo-il-loro-ristorante-preferito-scopri-le-immagini-esclusive\/#primaryimage"},"thumbnailUrl":"https:\/\/www.sebastien-auziere.fr\/blog\/wp-content\/uploads\/2026\/04\/Delicieux-moment-a-Rome-Brigitte-et-Emmanuel-Macron-savourent-a-nouveau-leur-restaurant-fetiche-\u2013-decouvrez-les-images-exclusives.jpg","datePublished":"2026-04-17T07:13:49+00:00","dateModified":"2026-04-17T07:14:15+00:00","description":"D\u00e9couvrez Brigitte et Emmanuel Macron savourant leur restaurant favori \u00e0 Rome. Moments exclusifs et d\u00e9licieux \u00e0 ne pas manquer !","breadcrumb":{"@id":"https:\/\/www.sebastien-auziere.fr\/blog\/it\/delicieux-moment-a-rome-brigitte-e-emmanuel-macron-gustano-di-nuovo-il-loro-ristorante-preferito-scopri-le-immagini-esclusive\/#breadcrumb"},"inLanguage":"fr-FR","potentialAction":[{"@type":"ReadAction","target":["https:\/\/www.sebastien-auziere.fr\/blog\/it\/delicieux-moment-a-rome-brigitte-e-emmanuel-macron-gustano-di-nuovo-il-loro-ristorante-preferito-scopri-le-immagini-esclusive\/"]}]},{"@type":"ImageObject","inLanguage":"fr-FR","@id":"https:\/\/www.sebastien-auziere.fr\/blog\/it\/delicieux-moment-a-rome-brigitte-e-emmanuel-macron-gustano-di-nuovo-il-loro-ristorante-preferito-scopri-le-immagini-esclusive\/#primaryimage","url":"https:\/\/www.sebastien-auziere.fr\/blog\/wp-content\/uploads\/2026\/04\/Delicieux-moment-a-Rome-Brigitte-et-Emmanuel-Macron-savourent-a-nouveau-leur-restaurant-fetiche-\u2013-decouvrez-les-images-exclusives.jpg","contentUrl":"https:\/\/www.sebastien-auziere.fr\/blog\/wp-content\/uploads\/2026\/04\/Delicieux-moment-a-Rome-Brigitte-et-Emmanuel-Macron-savourent-a-nouveau-leur-restaurant-fetiche-\u2013-decouvrez-les-images-exclusives.jpg","width":2560,"height":1429,"caption":"d\u00e9couvrez brigitte et emmanuel macron, savourant un d\u00e9licieux moment dans leur restaurant pr\u00e9f\u00e9r\u00e9 \u00e0 rome. plongez dans ces images exclusives d'un d\u00eener intime et gourmand."},{"@type":"BreadcrumbList","@id":"https:\/\/www.sebastien-auziere.fr\/blog\/it\/delicieux-moment-a-rome-brigitte-e-emmanuel-macron-gustano-di-nuovo-il-loro-ristorante-preferito-scopri-le-immagini-esclusive\/#breadcrumb","itemListElement":[{"@type":"ListItem","position":1,"name":"Home","item":"https:\/\/www.sebastien-auziere.fr\/blog\/"},{"@type":"ListItem","position":2,"name":"D\u00e9licieux moment \u00e0 Rome : Brigitte e Emmanuel Macron gustano di nuovo il loro ristorante preferito \u2013 scopri le immagini esclusive"}]},{"@type":"WebSite","@id":"https:\/\/www.sebastien-auziere.fr\/blog\/#website","url":"https:\/\/www.sebastien-auziere.fr\/blog\/","name":"Fan site S\u00e9bastien Auzi\u00e8re","description":"M\u00e9dia g\u00e9n\u00e9raliste","publisher":{"@id":"https:\/\/www.sebastien-auziere.fr\/blog\/#organization"},"potentialAction":[{"@type":"SearchAction","target":{"@type":"EntryPoint","urlTemplate":"https:\/\/www.sebastien-auziere.fr\/blog\/?s={search_term_string}"},"query-input":{"@type":"PropertyValueSpecification","valueRequired":true,"valueName":"search_term_string"}}],"inLanguage":"fr-FR"},{"@type":"Organization","@id":"https:\/\/www.sebastien-auziere.fr\/blog\/#organization","name":"Fan site S\u00e9bastien Auzi\u00e8re","url":"https:\/\/www.sebastien-auziere.fr\/blog\/","logo":{"@type":"ImageObject","inLanguage":"fr-FR","@id":"https:\/\/www.sebastien-auziere.fr\/blog\/#\/schema\/logo\/image\/","url":"https:\/\/www.sebastien-auziere.fr\/blog\/wp-content\/uploads\/2026\/03\/cropped-cropped-cropped-ChatGPT-Image-6-mars-2026-12_58_09-e1772798376794.jpg","contentUrl":"https:\/\/www.sebastien-auziere.fr\/blog\/wp-content\/uploads\/2026\/03\/cropped-cropped-cropped-ChatGPT-Image-6-mars-2026-12_58_09-e1772798376794.jpg","width":512,"height":360,"caption":"Fan site S\u00e9bastien Auzi\u00e8re"},"image":{"@id":"https:\/\/www.sebastien-auziere.fr\/blog\/#\/schema\/logo\/image\/"}},{"@type":"Person","@id":"https:\/\/www.sebastien-auziere.fr\/blog\/#\/schema\/person\/149f1acdbfd85149c6c3e59adeae2f4d","name":"Chloe Gauthier","image":{"@type":"ImageObject","inLanguage":"fr-FR","@id":"https:\/\/secure.gravatar.com\/avatar\/2c5722f58171cff738a8985ef0dd66b476e563753246a49019befc837ec4201a?s=96&d=mm&r=g","url":"https:\/\/secure.gravatar.com\/avatar\/2c5722f58171cff738a8985ef0dd66b476e563753246a49019befc837ec4201a?s=96&d=mm&r=g","contentUrl":"https:\/\/secure.gravatar.com\/avatar\/2c5722f58171cff738a8985ef0dd66b476e563753246a49019befc837ec4201a?s=96&d=mm&r=g","caption":"Chloe Gauthier"},"description":"Passionn\u00e9e par la politique et admiratrice engag\u00e9e de la famille Macron, je consacre mon \u00e9nergie \u00e0 suivre leurs initiatives et \u00e0 promouvoir leurs id\u00e9es. \u00c0 32 ans, je suis convaincue que leur vision est porteuse d'avenir.","url":"https:\/\/www.sebastien-auziere.fr\/blog\/author\/chloe-gauthier\/"}]}},"views":0,"_links":{"self":[{"href":"https:\/\/www.sebastien-auziere.fr\/blog\/wp-json\/wp\/v2\/posts\/3096","targetHints":{"allow":["GET"]}}],"collection":[{"href":"https:\/\/www.sebastien-auziere.fr\/blog\/wp-json\/wp\/v2\/posts"}],"about":[{"href":"https:\/\/www.sebastien-auziere.fr\/blog\/wp-json\/wp\/v2\/types\/post"}],"author":[{"embeddable":true,"href":"https:\/\/www.sebastien-auziere.fr\/blog\/wp-json\/wp\/v2\/users\/9"}],"replies":[{"embeddable":true,"href":"https:\/\/www.sebastien-auziere.fr\/blog\/wp-json\/wp\/v2\/comments?post=3096"}],"version-history":[{"count":1,"href":"https:\/\/www.sebastien-auziere.fr\/blog\/wp-json\/wp\/v2\/posts\/3096\/revisions"}],"predecessor-version":[{"id":3097,"href":"https:\/\/www.sebastien-auziere.fr\/blog\/wp-json\/wp\/v2\/posts\/3096\/revisions\/3097"}],"wp:featuredmedia":[{"embeddable":true,"href":"https:\/\/www.sebastien-auziere.fr\/blog\/wp-json\/wp\/v2\/media\/3088"}],"wp:attachment":[{"href":"https:\/\/www.sebastien-auziere.fr\/blog\/wp-json\/wp\/v2\/media?parent=3096"}],"wp:term":[{"taxonomy":"category","embeddable":true,"href":"https:\/\/www.sebastien-auziere.fr\/blog\/wp-json\/wp\/v2\/categories?post=3096"},{"taxonomy":"post_tag","embeddable":true,"href":"https:\/\/www.sebastien-auziere.fr\/blog\/wp-json\/wp\/v2\/tags?post=3096"}],"curies":[{"name":"wp","href":"https:\/\/api.w.org\/{rel}","templated":true}]}}