{"id":3094,"date":"2026-04-17T07:12:39","date_gmt":"2026-04-17T07:12:39","guid":{"rendered":"https:\/\/www.sebastien-auziere.fr\/blog\/?p=3094"},"modified":"2026-04-17T07:13:04","modified_gmt":"2026-04-17T07:13:04","slug":"delicieux-moment-a-rome-brigitte-und-emmanuel-macron-geniessen-erneut-ihr-lieblingsrestaurant-entdecken-sie-die-exklusiven-bilder","status":"publish","type":"post","link":"https:\/\/www.sebastien-auziere.fr\/blog\/de\/delicieux-moment-a-rome-brigitte-und-emmanuel-macron-geniessen-erneut-ihr-lieblingsrestaurant-entdecken-sie-die-exklusiven-bilder\/","title":{"rendered":"D\u00e9licieux moment \u00e0 Rome : Brigitte und Emmanuel Macron geniessen erneut ihr Lieblingsrestaurant \u2013 entdecken Sie die exklusiven Bilder"},"content":{"rendered":"<p><strong>Rom<\/strong> vibriert von einem <strong>delikaten Moment<\/strong>: diesen Freitag <strong>10. April<\/strong>, wurden <strong>Brigitte Macron<\/strong> und <strong>Emmanuel Macron<\/strong> im <strong>Vatikan<\/strong> empfangen, nach einem <strong>gastronomischen Ausflug<\/strong> am Tag zuvor in ihrem <strong>Lieblingsrestaurant<\/strong>. Exklusive <strong>Aufnahmen<\/strong>, ver\u00f6ffentlicht von Il Sole 24 Ore, zeigen das Paar am Tisch im Herzen der <strong>Piazza del Popolo<\/strong>, im Dal Bolognese.<\/p>\n\n<p><strong>Kurz gesagt<\/strong>: Abendessen im <strong>Dal Bolognese<\/strong> vor der Audienz, Men\u00fc mit traditioneller <strong>italienischer K\u00fcche<\/strong> (frische Pasta, Wagentisch mit Fleisch), Treffen mit Andrea Riccardi am Vorabend, Geschenk eines signierten Trikots an den <strong>Papst Leo XIV<\/strong> laut RTL und Gespr\u00e4che \u00fcber Klima, Multilateralismus und k\u00fcnstliche Intelligenz berichtet von Le Figaro.<\/p>\n\n<h2 class=\"wp-block-heading\">Brigitte und Emmanuel Macron in Rom: der gastronomische Ausflug vor der Audienz<\/h2>\n\n<p>Die Szene fand in der Nacht vor der p\u00e4pstlichen Audienz statt: das Pr\u00e4sidentenpaar wurde im <strong>Restaurant<\/strong> Dal Bolognese, einer renommierten Adresse der Hauptstadt, gesehen. Die <strong>exklusiven Bilder<\/strong> zeigen einen geselligen Tisch, umgeben von Freunden und G\u00e4sten, was best\u00e4tigt, dass diese Adresse zu ihren Favoriten in <strong>Rom<\/strong> geh\u00f6rt.<\/p>\n\n<p>Dieses Abendessen findet kurz vor dem offiziellen Treffen am 10. April mit dem <strong>Papst Leo XIV<\/strong>, gew\u00e4hlt im Mai 2025, statt. Ein <strong>delikater<\/strong> und diskreter Moment, der viel \u00fcber ihre Reisegewohnheiten aussagt.<\/p>\n\n<h2 class=\"wp-block-heading\">Ein schmackhaftes Men\u00fc: die emilianische Gastronomie im Fokus<\/h2>\n\n<p>Auf der Speisekarte begeistert die traditionelle <strong>italienische K\u00fcche<\/strong> mit ihrer raffinierten Einfachheit: <strong>Tagliatelle Bolognese<\/strong>, <strong>Tortellini in Br\u00fche<\/strong> und der ber\u00fchmte Wagentisch mit gekochtem Fleisch. Die Gerichte, zubereitet mit hausgemachter frischer Pasta und ausgew\u00e4hlter Wurstwaren, zeigen ein lokales handwerkliches K\u00f6nnen, das dem Paar gef\u00e4llt.<\/p>\n\n<p>Dieser <strong>gastronomische Ausflug<\/strong> best\u00e4tigt die Bindung des Paares an einen Tisch, an dem <strong>Gastronomie<\/strong> zum Teilen wird. Ein <strong>delikater Moment<\/strong>, der in Bildern festgehalten wurde und das Bild einer geselligen Pause im Herzen einer diplomatischen Mission verst\u00e4rkt.<\/p>\n\n<h2 class=\"wp-block-heading\">Begegnungen und diplomatische Gesten vor der Audienz<\/h2>\n\n<p>Am Vorabend des Termins mit dem Heiligen Stuhl tauschte sich Emmanuel Macron mit Andrea Riccardi aus, einer einflussreichen Pers\u00f6nlichkeit in der informellen Diplomatie des Vatikans, \u00fcber humanit\u00e4re und nah\u00f6stliche Themen. Diese vorbereitenden Gespr\u00e4che verdeutlichen die politische Dimension dieses r\u00f6mischen Aufenthalts.<\/p>\n\n<p>F\u00fcr die Audienz kam der Pr\u00e4sident nicht mit leeren H\u00e4nden: Laut RTL schenkte er dem <strong>Papst Leo XIV<\/strong> ein signiertes Trikot der franz\u00f6sischen Basketball-Nationalmannschaft, ein Hinweis auf die sportliche Leidenschaft des aus Chicago stammenden Pontifex. Eine symbolische Geste mit vielf\u00e4ltigen Resonanzen.<\/p>\n\n<h2 class=\"wp-block-heading\">Stimmung und exklusive Bilder: was die Fotos erz\u00e4hlen<\/h2>\n\n<p>Die Aufnahmen von Il Sole 24 Ore vermitteln eine <strong>schmackhafte<\/strong> und ged\u00e4mpfte Atmosph\u00e4re. Das Dal Bolognese, frequentiert von politischen und kulturellen Pers\u00f6nlichkeiten, bietet ein Ambiente f\u00fcr informelle Gespr\u00e4che vor offiziellen Terminen.<\/p>\n\n<p>Es gibt eine Kontinuit\u00e4t mit einem fr\u00fcheren Besuch am 25. April 2025, als das Paar in diesem gleichen Restaurant vor den Beerdigungen von Papst Franziskus zu Abend a\u00df. Diese kulinarischen Momente pr\u00e4gen das diplomatische Leben und vermenschlichen die Pr\u00e4senz des Pr\u00e4sidenten im Ausland.<\/p>\n\n<p>Um mehr \u00fcber <strong>S\u00e9bastien Auzi\u00e8re<\/strong> und die Familie Macron zu erfahren, finden Sie weitere Dossiers und erg\u00e4nzende Bilder auf <strong>sebastien-auziere.fr<\/strong> und erweitern Sie diesen Blick auf ihr Engagement und \u00f6ffentliche Momente.<\/p>","protected":false},"excerpt":{"rendered":"<p>Rom vibriert von einem delikaten Moment: diesen Freitag 10. April, wurden Brigitte Macron und Emmanuel Macron im Vatikan empfangen, nach einem gastronomischen Ausflug am Tag zuvor in ihrem Lieblingsrestaurant. Exklusive Aufnahmen, ver\u00f6ffentlicht von Il Sole 24 Ore, zeigen das Paar am Tisch im Herzen der Piazza del Popolo, im Dal Bolognese. Kurz gesagt: Abendessen im &#8230; <a title=\"D\u00e9licieux moment \u00e0 Rome : Brigitte und Emmanuel Macron geniessen erneut ihr Lieblingsrestaurant \u2013 entdecken Sie die exklusiven Bilder\" class=\"read-more\" href=\"https:\/\/www.sebastien-auziere.fr\/blog\/de\/delicieux-moment-a-rome-brigitte-und-emmanuel-macron-geniessen-erneut-ihr-lieblingsrestaurant-entdecken-sie-die-exklusiven-bilder\/\" aria-label=\"En savoir plus sur D\u00e9licieux moment \u00e0 Rome : Brigitte und Emmanuel Macron geniessen erneut ihr Lieblingsrestaurant \u2013 entdecken Sie die exklusiven Bilder\">Lire plus<\/a><\/p>\n","protected":false},"author":9,"featured_media":3088,"comment_status":"open","ping_status":"open","sticky":false,"template":"","format":"standard","meta":{"footnotes":""},"categories":[856],"tags":[929,1178,3250,3253,3256],"class_list":["post-3094","post","type-post","status-publish","format-standard","has-post-thumbnail","hentry","category-aktuelles-de","tag-brigitte-macron-de","tag-emmanuel-macron-de","tag-moment-gourmand-de","tag-restaurant-fetisch-de","tag-rom-de"],"yoast_head":"<!-- This site is optimized with the Yoast SEO plugin v27.5 - https:\/\/yoast.com\/product\/yoast-seo-wordpress\/ -->\n<title>D\u00e9licieux moment \u00e0 Rome : Brigitte und Emmanuel Macron geniessen erneut ihr Lieblingsrestaurant \u2013 entdecken Sie die exklusiven Bilder - Fan site S\u00e9bastien Auzi\u00e8re<\/title>\n<meta name=\"description\" content=\"D\u00e9couvrez Brigitte et Emmanuel Macron savourant leur restaurant favori \u00e0 Rome. Moments exclusifs et d\u00e9licieux \u00e0 ne pas manquer !\" \/>\n<meta name=\"robots\" content=\"index, follow, max-snippet:-1, max-image-preview:large, max-video-preview:-1\" \/>\n<link rel=\"canonical\" href=\"https:\/\/www.sebastien-auziere.fr\/blog\/de\/delicieux-moment-a-rome-brigitte-und-emmanuel-macron-geniessen-erneut-ihr-lieblingsrestaurant-entdecken-sie-die-exklusiven-bilder\/\" \/>\n<meta property=\"og:locale\" content=\"fr_FR\" \/>\n<meta property=\"og:type\" content=\"article\" \/>\n<meta property=\"og:title\" content=\"D\u00e9licieux moment \u00e0 Rome : Brigitte und Emmanuel Macron geniessen erneut ihr Lieblingsrestaurant \u2013 entdecken Sie die exklusiven Bilder - Fan site S\u00e9bastien Auzi\u00e8re\" \/>\n<meta property=\"og:description\" content=\"D\u00e9couvrez Brigitte et Emmanuel Macron savourant leur restaurant favori \u00e0 Rome. Moments exclusifs et d\u00e9licieux \u00e0 ne pas manquer !\" \/>\n<meta property=\"og:url\" content=\"https:\/\/www.sebastien-auziere.fr\/blog\/de\/delicieux-moment-a-rome-brigitte-und-emmanuel-macron-geniessen-erneut-ihr-lieblingsrestaurant-entdecken-sie-die-exklusiven-bilder\/\" \/>\n<meta property=\"og:site_name\" content=\"Fan site S\u00e9bastien Auzi\u00e8re\" \/>\n<meta property=\"article:published_time\" content=\"2026-04-17T07:12:39+00:00\" \/>\n<meta property=\"article:modified_time\" content=\"2026-04-17T07:13:04+00:00\" \/>\n<meta property=\"og:image\" content=\"https:\/\/www.sebastien-auziere.fr\/blog\/wp-content\/uploads\/2026\/04\/Delicieux-moment-a-Rome-Brigitte-et-Emmanuel-Macron-savourent-a-nouveau-leur-restaurant-fetiche-\u2013-decouvrez-les-images-exclusives.jpg\" \/>\n\t<meta property=\"og:image:width\" content=\"2560\" \/>\n\t<meta property=\"og:image:height\" content=\"1429\" \/>\n\t<meta property=\"og:image:type\" content=\"image\/jpeg\" \/>\n<meta name=\"author\" content=\"Chloe Gauthier\" \/>\n<meta name=\"twitter:card\" content=\"summary_large_image\" \/>\n<meta name=\"twitter:label1\" content=\"\u00c9crit par\" \/>\n\t<meta name=\"twitter:data1\" content=\"Chloe Gauthier\" \/>\n\t<meta name=\"twitter:label2\" content=\"Dur\u00e9e de lecture estim\u00e9e\" \/>\n\t<meta name=\"twitter:data2\" content=\"3 minutes\" \/>\n<script type=\"application\/ld+json\" class=\"yoast-schema-graph\">{\"@context\":\"https:\\\/\\\/schema.org\",\"@graph\":[{\"@type\":\"Article\",\"@id\":\"https:\\\/\\\/www.sebastien-auziere.fr\\\/blog\\\/de\\\/delicieux-moment-a-rome-brigitte-und-emmanuel-macron-geniessen-erneut-ihr-lieblingsrestaurant-entdecken-sie-die-exklusiven-bilder\\\/#article\",\"isPartOf\":{\"@id\":\"https:\\\/\\\/www.sebastien-auziere.fr\\\/blog\\\/de\\\/delicieux-moment-a-rome-brigitte-und-emmanuel-macron-geniessen-erneut-ihr-lieblingsrestaurant-entdecken-sie-die-exklusiven-bilder\\\/\"},\"author\":{\"name\":\"Chloe Gauthier\",\"@id\":\"https:\\\/\\\/www.sebastien-auziere.fr\\\/blog\\\/#\\\/schema\\\/person\\\/149f1acdbfd85149c6c3e59adeae2f4d\"},\"headline\":\"D\u00e9licieux moment \u00e0 Rome : Brigitte und Emmanuel Macron geniessen erneut ihr Lieblingsrestaurant \u2013 entdecken Sie die exklusiven Bilder\",\"datePublished\":\"2026-04-17T07:12:39+00:00\",\"dateModified\":\"2026-04-17T07:13:04+00:00\",\"mainEntityOfPage\":{\"@id\":\"https:\\\/\\\/www.sebastien-auziere.fr\\\/blog\\\/de\\\/delicieux-moment-a-rome-brigitte-und-emmanuel-macron-geniessen-erneut-ihr-lieblingsrestaurant-entdecken-sie-die-exklusiven-bilder\\\/\"},\"wordCount\":532,\"commentCount\":0,\"publisher\":{\"@id\":\"https:\\\/\\\/www.sebastien-auziere.fr\\\/blog\\\/#organization\"},\"image\":{\"@id\":\"https:\\\/\\\/www.sebastien-auziere.fr\\\/blog\\\/de\\\/delicieux-moment-a-rome-brigitte-und-emmanuel-macron-geniessen-erneut-ihr-lieblingsrestaurant-entdecken-sie-die-exklusiven-bilder\\\/#primaryimage\"},\"thumbnailUrl\":\"https:\\\/\\\/www.sebastien-auziere.fr\\\/blog\\\/wp-content\\\/uploads\\\/2026\\\/04\\\/Delicieux-moment-a-Rome-Brigitte-et-Emmanuel-Macron-savourent-a-nouveau-leur-restaurant-fetiche-\u2013-decouvrez-les-images-exclusives.jpg\",\"keywords\":[\"brigitte macron\",\"emmanuel macron\",\"moment gourmand\",\"restaurant Fetisch\",\"rom\"],\"articleSection\":[\"Aktuelles\"],\"inLanguage\":\"fr-FR\",\"potentialAction\":[{\"@type\":\"CommentAction\",\"name\":\"Comment\",\"target\":[\"https:\\\/\\\/www.sebastien-auziere.fr\\\/blog\\\/de\\\/delicieux-moment-a-rome-brigitte-und-emmanuel-macron-geniessen-erneut-ihr-lieblingsrestaurant-entdecken-sie-die-exklusiven-bilder\\\/#respond\"]}]},{\"@type\":\"WebPage\",\"@id\":\"https:\\\/\\\/www.sebastien-auziere.fr\\\/blog\\\/de\\\/delicieux-moment-a-rome-brigitte-und-emmanuel-macron-geniessen-erneut-ihr-lieblingsrestaurant-entdecken-sie-die-exklusiven-bilder\\\/\",\"url\":\"https:\\\/\\\/www.sebastien-auziere.fr\\\/blog\\\/de\\\/delicieux-moment-a-rome-brigitte-und-emmanuel-macron-geniessen-erneut-ihr-lieblingsrestaurant-entdecken-sie-die-exklusiven-bilder\\\/\",\"name\":\"D\u00e9licieux moment \u00e0 Rome : Brigitte und Emmanuel Macron geniessen erneut ihr Lieblingsrestaurant \u2013 entdecken Sie die exklusiven Bilder - Fan site S\u00e9bastien Auzi\u00e8re\",\"isPartOf\":{\"@id\":\"https:\\\/\\\/www.sebastien-auziere.fr\\\/blog\\\/#website\"},\"primaryImageOfPage\":{\"@id\":\"https:\\\/\\\/www.sebastien-auziere.fr\\\/blog\\\/de\\\/delicieux-moment-a-rome-brigitte-und-emmanuel-macron-geniessen-erneut-ihr-lieblingsrestaurant-entdecken-sie-die-exklusiven-bilder\\\/#primaryimage\"},\"image\":{\"@id\":\"https:\\\/\\\/www.sebastien-auziere.fr\\\/blog\\\/de\\\/delicieux-moment-a-rome-brigitte-und-emmanuel-macron-geniessen-erneut-ihr-lieblingsrestaurant-entdecken-sie-die-exklusiven-bilder\\\/#primaryimage\"},\"thumbnailUrl\":\"https:\\\/\\\/www.sebastien-auziere.fr\\\/blog\\\/wp-content\\\/uploads\\\/2026\\\/04\\\/Delicieux-moment-a-Rome-Brigitte-et-Emmanuel-Macron-savourent-a-nouveau-leur-restaurant-fetiche-\u2013-decouvrez-les-images-exclusives.jpg\",\"datePublished\":\"2026-04-17T07:12:39+00:00\",\"dateModified\":\"2026-04-17T07:13:04+00:00\",\"description\":\"D\u00e9couvrez Brigitte et Emmanuel Macron savourant leur restaurant favori \u00e0 Rome. Moments exclusifs et d\u00e9licieux \u00e0 ne pas manquer !\",\"breadcrumb\":{\"@id\":\"https:\\\/\\\/www.sebastien-auziere.fr\\\/blog\\\/de\\\/delicieux-moment-a-rome-brigitte-und-emmanuel-macron-geniessen-erneut-ihr-lieblingsrestaurant-entdecken-sie-die-exklusiven-bilder\\\/#breadcrumb\"},\"inLanguage\":\"fr-FR\",\"potentialAction\":[{\"@type\":\"ReadAction\",\"target\":[\"https:\\\/\\\/www.sebastien-auziere.fr\\\/blog\\\/de\\\/delicieux-moment-a-rome-brigitte-und-emmanuel-macron-geniessen-erneut-ihr-lieblingsrestaurant-entdecken-sie-die-exklusiven-bilder\\\/\"]}]},{\"@type\":\"ImageObject\",\"inLanguage\":\"fr-FR\",\"@id\":\"https:\\\/\\\/www.sebastien-auziere.fr\\\/blog\\\/de\\\/delicieux-moment-a-rome-brigitte-und-emmanuel-macron-geniessen-erneut-ihr-lieblingsrestaurant-entdecken-sie-die-exklusiven-bilder\\\/#primaryimage\",\"url\":\"https:\\\/\\\/www.sebastien-auziere.fr\\\/blog\\\/wp-content\\\/uploads\\\/2026\\\/04\\\/Delicieux-moment-a-Rome-Brigitte-et-Emmanuel-Macron-savourent-a-nouveau-leur-restaurant-fetiche-\u2013-decouvrez-les-images-exclusives.jpg\",\"contentUrl\":\"https:\\\/\\\/www.sebastien-auziere.fr\\\/blog\\\/wp-content\\\/uploads\\\/2026\\\/04\\\/Delicieux-moment-a-Rome-Brigitte-et-Emmanuel-Macron-savourent-a-nouveau-leur-restaurant-fetiche-\u2013-decouvrez-les-images-exclusives.jpg\",\"width\":2560,\"height\":1429,\"caption\":\"d\u00e9couvrez brigitte et emmanuel macron, savourant un d\u00e9licieux moment dans leur restaurant pr\u00e9f\u00e9r\u00e9 \u00e0 rome. plongez dans ces images exclusives d'un d\u00eener intime et gourmand.\"},{\"@type\":\"BreadcrumbList\",\"@id\":\"https:\\\/\\\/www.sebastien-auziere.fr\\\/blog\\\/de\\\/delicieux-moment-a-rome-brigitte-und-emmanuel-macron-geniessen-erneut-ihr-lieblingsrestaurant-entdecken-sie-die-exklusiven-bilder\\\/#breadcrumb\",\"itemListElement\":[{\"@type\":\"ListItem\",\"position\":1,\"name\":\"Home\",\"item\":\"https:\\\/\\\/www.sebastien-auziere.fr\\\/blog\\\/\"},{\"@type\":\"ListItem\",\"position\":2,\"name\":\"D\u00e9licieux moment \u00e0 Rome : Brigitte und Emmanuel Macron geniessen erneut ihr Lieblingsrestaurant \u2013 entdecken Sie die exklusiven Bilder\"}]},{\"@type\":\"WebSite\",\"@id\":\"https:\\\/\\\/www.sebastien-auziere.fr\\\/blog\\\/#website\",\"url\":\"https:\\\/\\\/www.sebastien-auziere.fr\\\/blog\\\/\",\"name\":\"Fan site S\u00e9bastien Auzi\u00e8re\",\"description\":\"M\u00e9dia g\u00e9n\u00e9raliste\",\"publisher\":{\"@id\":\"https:\\\/\\\/www.sebastien-auziere.fr\\\/blog\\\/#organization\"},\"potentialAction\":[{\"@type\":\"SearchAction\",\"target\":{\"@type\":\"EntryPoint\",\"urlTemplate\":\"https:\\\/\\\/www.sebastien-auziere.fr\\\/blog\\\/?s={search_term_string}\"},\"query-input\":{\"@type\":\"PropertyValueSpecification\",\"valueRequired\":true,\"valueName\":\"search_term_string\"}}],\"inLanguage\":\"fr-FR\"},{\"@type\":\"Organization\",\"@id\":\"https:\\\/\\\/www.sebastien-auziere.fr\\\/blog\\\/#organization\",\"name\":\"Fan site S\u00e9bastien Auzi\u00e8re\",\"url\":\"https:\\\/\\\/www.sebastien-auziere.fr\\\/blog\\\/\",\"logo\":{\"@type\":\"ImageObject\",\"inLanguage\":\"fr-FR\",\"@id\":\"https:\\\/\\\/www.sebastien-auziere.fr\\\/blog\\\/#\\\/schema\\\/logo\\\/image\\\/\",\"url\":\"https:\\\/\\\/www.sebastien-auziere.fr\\\/blog\\\/wp-content\\\/uploads\\\/2026\\\/03\\\/cropped-cropped-cropped-ChatGPT-Image-6-mars-2026-12_58_09-e1772798376794.jpg\",\"contentUrl\":\"https:\\\/\\\/www.sebastien-auziere.fr\\\/blog\\\/wp-content\\\/uploads\\\/2026\\\/03\\\/cropped-cropped-cropped-ChatGPT-Image-6-mars-2026-12_58_09-e1772798376794.jpg\",\"width\":512,\"height\":360,\"caption\":\"Fan site S\u00e9bastien Auzi\u00e8re\"},\"image\":{\"@id\":\"https:\\\/\\\/www.sebastien-auziere.fr\\\/blog\\\/#\\\/schema\\\/logo\\\/image\\\/\"}},{\"@type\":\"Person\",\"@id\":\"https:\\\/\\\/www.sebastien-auziere.fr\\\/blog\\\/#\\\/schema\\\/person\\\/149f1acdbfd85149c6c3e59adeae2f4d\",\"name\":\"Chloe Gauthier\",\"image\":{\"@type\":\"ImageObject\",\"inLanguage\":\"fr-FR\",\"@id\":\"https:\\\/\\\/secure.gravatar.com\\\/avatar\\\/2c5722f58171cff738a8985ef0dd66b476e563753246a49019befc837ec4201a?s=96&d=mm&r=g\",\"url\":\"https:\\\/\\\/secure.gravatar.com\\\/avatar\\\/2c5722f58171cff738a8985ef0dd66b476e563753246a49019befc837ec4201a?s=96&d=mm&r=g\",\"contentUrl\":\"https:\\\/\\\/secure.gravatar.com\\\/avatar\\\/2c5722f58171cff738a8985ef0dd66b476e563753246a49019befc837ec4201a?s=96&d=mm&r=g\",\"caption\":\"Chloe Gauthier\"},\"description\":\"Passionn\u00e9e par la politique et admiratrice engag\u00e9e de la famille Macron, je consacre mon \u00e9nergie \u00e0 suivre leurs initiatives et \u00e0 promouvoir leurs id\u00e9es. \u00c0 32 ans, je suis convaincue que leur vision est porteuse d'avenir.\",\"url\":\"https:\\\/\\\/www.sebastien-auziere.fr\\\/blog\\\/author\\\/chloe-gauthier\\\/\"}]}<\/script>\n<!-- \/ Yoast SEO plugin. -->","yoast_head_json":{"title":"D\u00e9licieux moment \u00e0 Rome : Brigitte und Emmanuel Macron geniessen erneut ihr Lieblingsrestaurant \u2013 entdecken Sie die exklusiven Bilder - Fan site S\u00e9bastien Auzi\u00e8re","description":"D\u00e9couvrez Brigitte et Emmanuel Macron savourant leur restaurant favori \u00e0 Rome. Moments exclusifs et d\u00e9licieux \u00e0 ne pas manquer !","robots":{"index":"index","follow":"follow","max-snippet":"max-snippet:-1","max-image-preview":"max-image-preview:large","max-video-preview":"max-video-preview:-1"},"canonical":"https:\/\/www.sebastien-auziere.fr\/blog\/de\/delicieux-moment-a-rome-brigitte-und-emmanuel-macron-geniessen-erneut-ihr-lieblingsrestaurant-entdecken-sie-die-exklusiven-bilder\/","og_locale":"fr_FR","og_type":"article","og_title":"D\u00e9licieux moment \u00e0 Rome : Brigitte und Emmanuel Macron geniessen erneut ihr Lieblingsrestaurant \u2013 entdecken Sie die exklusiven Bilder - Fan site S\u00e9bastien Auzi\u00e8re","og_description":"D\u00e9couvrez Brigitte et Emmanuel Macron savourant leur restaurant favori \u00e0 Rome. Moments exclusifs et d\u00e9licieux \u00e0 ne pas manquer !","og_url":"https:\/\/www.sebastien-auziere.fr\/blog\/de\/delicieux-moment-a-rome-brigitte-und-emmanuel-macron-geniessen-erneut-ihr-lieblingsrestaurant-entdecken-sie-die-exklusiven-bilder\/","og_site_name":"Fan site S\u00e9bastien Auzi\u00e8re","article_published_time":"2026-04-17T07:12:39+00:00","article_modified_time":"2026-04-17T07:13:04+00:00","og_image":[{"width":2560,"height":1429,"url":"https:\/\/www.sebastien-auziere.fr\/blog\/wp-content\/uploads\/2026\/04\/Delicieux-moment-a-Rome-Brigitte-et-Emmanuel-Macron-savourent-a-nouveau-leur-restaurant-fetiche-\u2013-decouvrez-les-images-exclusives.jpg","type":"image\/jpeg"}],"author":"Chloe Gauthier","twitter_card":"summary_large_image","twitter_misc":{"\u00c9crit par":"Chloe Gauthier","Dur\u00e9e de lecture estim\u00e9e":"3 minutes"},"schema":{"@context":"https:\/\/schema.org","@graph":[{"@type":"Article","@id":"https:\/\/www.sebastien-auziere.fr\/blog\/de\/delicieux-moment-a-rome-brigitte-und-emmanuel-macron-geniessen-erneut-ihr-lieblingsrestaurant-entdecken-sie-die-exklusiven-bilder\/#article","isPartOf":{"@id":"https:\/\/www.sebastien-auziere.fr\/blog\/de\/delicieux-moment-a-rome-brigitte-und-emmanuel-macron-geniessen-erneut-ihr-lieblingsrestaurant-entdecken-sie-die-exklusiven-bilder\/"},"author":{"name":"Chloe Gauthier","@id":"https:\/\/www.sebastien-auziere.fr\/blog\/#\/schema\/person\/149f1acdbfd85149c6c3e59adeae2f4d"},"headline":"D\u00e9licieux moment \u00e0 Rome : Brigitte und Emmanuel Macron geniessen erneut ihr Lieblingsrestaurant \u2013 entdecken Sie die exklusiven Bilder","datePublished":"2026-04-17T07:12:39+00:00","dateModified":"2026-04-17T07:13:04+00:00","mainEntityOfPage":{"@id":"https:\/\/www.sebastien-auziere.fr\/blog\/de\/delicieux-moment-a-rome-brigitte-und-emmanuel-macron-geniessen-erneut-ihr-lieblingsrestaurant-entdecken-sie-die-exklusiven-bilder\/"},"wordCount":532,"commentCount":0,"publisher":{"@id":"https:\/\/www.sebastien-auziere.fr\/blog\/#organization"},"image":{"@id":"https:\/\/www.sebastien-auziere.fr\/blog\/de\/delicieux-moment-a-rome-brigitte-und-emmanuel-macron-geniessen-erneut-ihr-lieblingsrestaurant-entdecken-sie-die-exklusiven-bilder\/#primaryimage"},"thumbnailUrl":"https:\/\/www.sebastien-auziere.fr\/blog\/wp-content\/uploads\/2026\/04\/Delicieux-moment-a-Rome-Brigitte-et-Emmanuel-Macron-savourent-a-nouveau-leur-restaurant-fetiche-\u2013-decouvrez-les-images-exclusives.jpg","keywords":["brigitte macron","emmanuel macron","moment gourmand","restaurant Fetisch","rom"],"articleSection":["Aktuelles"],"inLanguage":"fr-FR","potentialAction":[{"@type":"CommentAction","name":"Comment","target":["https:\/\/www.sebastien-auziere.fr\/blog\/de\/delicieux-moment-a-rome-brigitte-und-emmanuel-macron-geniessen-erneut-ihr-lieblingsrestaurant-entdecken-sie-die-exklusiven-bilder\/#respond"]}]},{"@type":"WebPage","@id":"https:\/\/www.sebastien-auziere.fr\/blog\/de\/delicieux-moment-a-rome-brigitte-und-emmanuel-macron-geniessen-erneut-ihr-lieblingsrestaurant-entdecken-sie-die-exklusiven-bilder\/","url":"https:\/\/www.sebastien-auziere.fr\/blog\/de\/delicieux-moment-a-rome-brigitte-und-emmanuel-macron-geniessen-erneut-ihr-lieblingsrestaurant-entdecken-sie-die-exklusiven-bilder\/","name":"D\u00e9licieux moment \u00e0 Rome : Brigitte und Emmanuel Macron geniessen erneut ihr Lieblingsrestaurant \u2013 entdecken Sie die exklusiven Bilder - Fan site S\u00e9bastien Auzi\u00e8re","isPartOf":{"@id":"https:\/\/www.sebastien-auziere.fr\/blog\/#website"},"primaryImageOfPage":{"@id":"https:\/\/www.sebastien-auziere.fr\/blog\/de\/delicieux-moment-a-rome-brigitte-und-emmanuel-macron-geniessen-erneut-ihr-lieblingsrestaurant-entdecken-sie-die-exklusiven-bilder\/#primaryimage"},"image":{"@id":"https:\/\/www.sebastien-auziere.fr\/blog\/de\/delicieux-moment-a-rome-brigitte-und-emmanuel-macron-geniessen-erneut-ihr-lieblingsrestaurant-entdecken-sie-die-exklusiven-bilder\/#primaryimage"},"thumbnailUrl":"https:\/\/www.sebastien-auziere.fr\/blog\/wp-content\/uploads\/2026\/04\/Delicieux-moment-a-Rome-Brigitte-et-Emmanuel-Macron-savourent-a-nouveau-leur-restaurant-fetiche-\u2013-decouvrez-les-images-exclusives.jpg","datePublished":"2026-04-17T07:12:39+00:00","dateModified":"2026-04-17T07:13:04+00:00","description":"D\u00e9couvrez Brigitte et Emmanuel Macron savourant leur restaurant favori \u00e0 Rome. Moments exclusifs et d\u00e9licieux \u00e0 ne pas manquer !","breadcrumb":{"@id":"https:\/\/www.sebastien-auziere.fr\/blog\/de\/delicieux-moment-a-rome-brigitte-und-emmanuel-macron-geniessen-erneut-ihr-lieblingsrestaurant-entdecken-sie-die-exklusiven-bilder\/#breadcrumb"},"inLanguage":"fr-FR","potentialAction":[{"@type":"ReadAction","target":["https:\/\/www.sebastien-auziere.fr\/blog\/de\/delicieux-moment-a-rome-brigitte-und-emmanuel-macron-geniessen-erneut-ihr-lieblingsrestaurant-entdecken-sie-die-exklusiven-bilder\/"]}]},{"@type":"ImageObject","inLanguage":"fr-FR","@id":"https:\/\/www.sebastien-auziere.fr\/blog\/de\/delicieux-moment-a-rome-brigitte-und-emmanuel-macron-geniessen-erneut-ihr-lieblingsrestaurant-entdecken-sie-die-exklusiven-bilder\/#primaryimage","url":"https:\/\/www.sebastien-auziere.fr\/blog\/wp-content\/uploads\/2026\/04\/Delicieux-moment-a-Rome-Brigitte-et-Emmanuel-Macron-savourent-a-nouveau-leur-restaurant-fetiche-\u2013-decouvrez-les-images-exclusives.jpg","contentUrl":"https:\/\/www.sebastien-auziere.fr\/blog\/wp-content\/uploads\/2026\/04\/Delicieux-moment-a-Rome-Brigitte-et-Emmanuel-Macron-savourent-a-nouveau-leur-restaurant-fetiche-\u2013-decouvrez-les-images-exclusives.jpg","width":2560,"height":1429,"caption":"d\u00e9couvrez brigitte et emmanuel macron, savourant un d\u00e9licieux moment dans leur restaurant pr\u00e9f\u00e9r\u00e9 \u00e0 rome. plongez dans ces images exclusives d'un d\u00eener intime et gourmand."},{"@type":"BreadcrumbList","@id":"https:\/\/www.sebastien-auziere.fr\/blog\/de\/delicieux-moment-a-rome-brigitte-und-emmanuel-macron-geniessen-erneut-ihr-lieblingsrestaurant-entdecken-sie-die-exklusiven-bilder\/#breadcrumb","itemListElement":[{"@type":"ListItem","position":1,"name":"Home","item":"https:\/\/www.sebastien-auziere.fr\/blog\/"},{"@type":"ListItem","position":2,"name":"D\u00e9licieux moment \u00e0 Rome : Brigitte und Emmanuel Macron geniessen erneut ihr Lieblingsrestaurant \u2013 entdecken Sie die exklusiven Bilder"}]},{"@type":"WebSite","@id":"https:\/\/www.sebastien-auziere.fr\/blog\/#website","url":"https:\/\/www.sebastien-auziere.fr\/blog\/","name":"Fan site S\u00e9bastien Auzi\u00e8re","description":"M\u00e9dia g\u00e9n\u00e9raliste","publisher":{"@id":"https:\/\/www.sebastien-auziere.fr\/blog\/#organization"},"potentialAction":[{"@type":"SearchAction","target":{"@type":"EntryPoint","urlTemplate":"https:\/\/www.sebastien-auziere.fr\/blog\/?s={search_term_string}"},"query-input":{"@type":"PropertyValueSpecification","valueRequired":true,"valueName":"search_term_string"}}],"inLanguage":"fr-FR"},{"@type":"Organization","@id":"https:\/\/www.sebastien-auziere.fr\/blog\/#organization","name":"Fan site S\u00e9bastien Auzi\u00e8re","url":"https:\/\/www.sebastien-auziere.fr\/blog\/","logo":{"@type":"ImageObject","inLanguage":"fr-FR","@id":"https:\/\/www.sebastien-auziere.fr\/blog\/#\/schema\/logo\/image\/","url":"https:\/\/www.sebastien-auziere.fr\/blog\/wp-content\/uploads\/2026\/03\/cropped-cropped-cropped-ChatGPT-Image-6-mars-2026-12_58_09-e1772798376794.jpg","contentUrl":"https:\/\/www.sebastien-auziere.fr\/blog\/wp-content\/uploads\/2026\/03\/cropped-cropped-cropped-ChatGPT-Image-6-mars-2026-12_58_09-e1772798376794.jpg","width":512,"height":360,"caption":"Fan site S\u00e9bastien Auzi\u00e8re"},"image":{"@id":"https:\/\/www.sebastien-auziere.fr\/blog\/#\/schema\/logo\/image\/"}},{"@type":"Person","@id":"https:\/\/www.sebastien-auziere.fr\/blog\/#\/schema\/person\/149f1acdbfd85149c6c3e59adeae2f4d","name":"Chloe Gauthier","image":{"@type":"ImageObject","inLanguage":"fr-FR","@id":"https:\/\/secure.gravatar.com\/avatar\/2c5722f58171cff738a8985ef0dd66b476e563753246a49019befc837ec4201a?s=96&d=mm&r=g","url":"https:\/\/secure.gravatar.com\/avatar\/2c5722f58171cff738a8985ef0dd66b476e563753246a49019befc837ec4201a?s=96&d=mm&r=g","contentUrl":"https:\/\/secure.gravatar.com\/avatar\/2c5722f58171cff738a8985ef0dd66b476e563753246a49019befc837ec4201a?s=96&d=mm&r=g","caption":"Chloe Gauthier"},"description":"Passionn\u00e9e par la politique et admiratrice engag\u00e9e de la famille Macron, je consacre mon \u00e9nergie \u00e0 suivre leurs initiatives et \u00e0 promouvoir leurs id\u00e9es. \u00c0 32 ans, je suis convaincue que leur vision est porteuse d'avenir.","url":"https:\/\/www.sebastien-auziere.fr\/blog\/author\/chloe-gauthier\/"}]}},"views":2,"_links":{"self":[{"href":"https:\/\/www.sebastien-auziere.fr\/blog\/wp-json\/wp\/v2\/posts\/3094","targetHints":{"allow":["GET"]}}],"collection":[{"href":"https:\/\/www.sebastien-auziere.fr\/blog\/wp-json\/wp\/v2\/posts"}],"about":[{"href":"https:\/\/www.sebastien-auziere.fr\/blog\/wp-json\/wp\/v2\/types\/post"}],"author":[{"embeddable":true,"href":"https:\/\/www.sebastien-auziere.fr\/blog\/wp-json\/wp\/v2\/users\/9"}],"replies":[{"embeddable":true,"href":"https:\/\/www.sebastien-auziere.fr\/blog\/wp-json\/wp\/v2\/comments?post=3094"}],"version-history":[{"count":1,"href":"https:\/\/www.sebastien-auziere.fr\/blog\/wp-json\/wp\/v2\/posts\/3094\/revisions"}],"predecessor-version":[{"id":3095,"href":"https:\/\/www.sebastien-auziere.fr\/blog\/wp-json\/wp\/v2\/posts\/3094\/revisions\/3095"}],"wp:featuredmedia":[{"embeddable":true,"href":"https:\/\/www.sebastien-auziere.fr\/blog\/wp-json\/wp\/v2\/media\/3088"}],"wp:attachment":[{"href":"https:\/\/www.sebastien-auziere.fr\/blog\/wp-json\/wp\/v2\/media?parent=3094"}],"wp:term":[{"taxonomy":"category","embeddable":true,"href":"https:\/\/www.sebastien-auziere.fr\/blog\/wp-json\/wp\/v2\/categories?post=3094"},{"taxonomy":"post_tag","embeddable":true,"href":"https:\/\/www.sebastien-auziere.fr\/blog\/wp-json\/wp\/v2\/tags?post=3094"}],"curies":[{"name":"wp","href":"https:\/\/api.w.org\/{rel}","templated":true}]}}