{"id":3092,"date":"2026-04-17T07:11:54","date_gmt":"2026-04-17T07:11:54","guid":{"rendered":"https:\/\/www.sebastien-auziere.fr\/blog\/?p=3092"},"modified":"2026-04-17T07:12:20","modified_gmt":"2026-04-17T07:12:20","slug":"delicieux-momento-en-roma-brigitte-y-emmanuel-macron-disfrutan-de-nuevo-su-restaurante-favorito-descubre-las-imagenes-exclusivas","status":"publish","type":"post","link":"https:\/\/www.sebastien-auziere.fr\/blog\/es\/delicieux-momento-en-roma-brigitte-y-emmanuel-macron-disfrutan-de-nuevo-su-restaurante-favorito-descubre-las-imagenes-exclusivas\/","title":{"rendered":"D\u00e9licieux momento en Roma: Brigitte y Emmanuel Macron disfrutan de nuevo su restaurante favorito &#8211; descubre las im\u00e1genes exclusivas"},"content":{"rendered":"<p><strong>Roma<\/strong> vibra de un <strong>momento delicioso<\/strong>: este viernes <strong>10 de abril<\/strong>, <strong>Brigitte Macron<\/strong> y <strong>Emmanuel Macron<\/strong> fueron recibidos en el <strong>Vaticano<\/strong>, tras una <strong>salida gastron\u00f3mica<\/strong> la noche anterior en su <strong>restaurante<\/strong> favorito. Im\u00e1genes <strong>exclusivas<\/strong> publicadas por Il Sole 24 Ore muestran a la pareja sentada en el coraz\u00f3n de la <strong>Piazza del Popolo<\/strong>, en el Dal Bolognese.<\/p>\n\n<p><strong>En resumen<\/strong>: cena en el <strong>Dal Bolognese<\/strong> antes de la audiencia, men\u00fa de <strong>cocina italiana<\/strong> tradicional (pasta fresca, carrito de carnes), encuentro con Andrea Riccardi la noche anterior, regalo de una camiseta autografiada ofrecida al <strong>papa Le\u00f3n XIV<\/strong> seg\u00fan RTL y conversaciones sobre clima, multilateralismo e inteligencia artificial reportadas por Le Figaro.<\/p>\n\n<h2 class=\"wp-block-heading\">Brigitte y Emmanuel Macron en Roma: la salida gastron\u00f3mica que precede la audiencia<\/h2>\n\n<p>La escena tuvo lugar la noche anterior a la audiencia pontificia: la pareja presidencial fue vista en el <strong>restaurante<\/strong> Dal Bolognese, un local renombrado de la capital. Las <strong>im\u00e1genes exclusivas<\/strong> muestran una mesa amigable, rodeada de amigos e invitados, confirmando que este lugar es, de hecho, uno de sus preferidos en <strong>Roma<\/strong>.<\/p>\n\n<p>Esta cena ocurre justo antes del encuentro oficial del 10 de abril con el <strong>papa Le\u00f3n XIV<\/strong>, elegido en mayo de 2025. Un <strong>momento delicioso<\/strong> y discreto que dice mucho sobre sus rituales de desplazamiento.<\/p>\n\n<h2 class=\"wp-block-heading\">Un men\u00fa sabroso: la gastronom\u00eda emiliana en honor<\/h2>\n\n<p>En el men\u00fa, la <strong>cocina italiana<\/strong> tradicional seduce por su simplicidad refinada: <strong>tagliatelle a la bolo\u00f1esa<\/strong>, <strong>tortellini en caldo<\/strong> y el famoso carrito de carnes hervidas. Los platos, preparados con pasta fresca hecha en casa y una charcuter\u00eda seleccionada, ilustran un saber hacer local que agrada a la pareja.<\/p>\n\n<p>Esta <strong>salida gastron\u00f3mica<\/strong> confirma el apego de la pareja a una mesa donde la <strong>gastronom\u00eda<\/strong> se convierte en un acto de compartir. Un <strong>momento delicioso<\/strong> capturado en im\u00e1genes que refuerza la imagen de una pausa amistosa en el coraz\u00f3n de una misi\u00f3n diplom\u00e1tica.<\/p>\n\n<h2 class=\"wp-block-heading\">Encuentros y gestos diplom\u00e1ticos antes de la audiencia<\/h2>\n\n<p>La noche anterior a la cita con la Santa Sede, Emmanuel Macron intercambi\u00f3 ideas con Andrea Riccardi, una figura influyente en la diplomacia informal del Vaticano, sobre cuestiones humanitarias y de Oriente Medio. Estas conversaciones preparatorias ilustran la dimensi\u00f3n pol\u00edtica de esta estad\u00eda romana.<\/p>\n\n<p>Para la audiencia, el presidente no lleg\u00f3 con las manos vac\u00edas: seg\u00fan RTL, le ofreci\u00f3 al <strong>papa Le\u00f3n XIV<\/strong> una camiseta del equipo de Francia de baloncesto autografiada, un gui\u00f1o a la pasi\u00f3n deportiva del pont\u00edfice originario de Chicago. Un gesto simb\u00f3lico con m\u00faltiples resonancias.<\/p>\n\n<h2 class=\"wp-block-heading\">Ambiente e im\u00e1genes exclusivas: lo que cuentan las fotos<\/h2>\n\n<p>Las instant\u00e1neas de Il Sole 24 Ore reflejan una atm\u00f3sfera <strong>sabrosa<\/strong> y suave. El Dal Bolognese, frecuentado por figuras pol\u00edticas y culturales, ofrece un decorado propicio para intercambios informales antes de reuniones oficiales.<\/p>\n\n<p>Se encuentra una continuidad con una visita anterior el 25 de abril de 2025, donde la pareja cen\u00f3 en este mismo establecimiento antes de las exequias del papa Francisco. Estos momentos gastron\u00f3micos marcan la vida diplom\u00e1tica y humanizan la presencia presidencial en el extranjero.<\/p>\n\n<p>Para saber m\u00e1s sobre <strong>S\u00e9bastien Auzi\u00e8re<\/strong> y la familia Macron, encuentra documentos e im\u00e1genes complementarias en <strong>sebastien-auziere.fr<\/strong> y ampl\u00eda esta mirada sobre sus compromisos y momentos p\u00fablicos.<\/p>","protected":false},"excerpt":{"rendered":"<p>Roma vibra de un momento delicioso: este viernes 10 de abril, Brigitte Macron y Emmanuel Macron fueron recibidos en el Vaticano, tras una salida gastron\u00f3mica la noche anterior en su restaurante favorito. Im\u00e1genes exclusivas publicadas por Il Sole 24 Ore muestran a la pareja sentada en el coraz\u00f3n de la Piazza del Popolo, en el &#8230; <a title=\"D\u00e9licieux momento en Roma: Brigitte y Emmanuel Macron disfrutan de nuevo su restaurante favorito &#8211; descubre las im\u00e1genes exclusivas\" class=\"read-more\" href=\"https:\/\/www.sebastien-auziere.fr\/blog\/es\/delicieux-momento-en-roma-brigitte-y-emmanuel-macron-disfrutan-de-nuevo-su-restaurante-favorito-descubre-las-imagenes-exclusivas\/\" aria-label=\"En savoir plus sur D\u00e9licieux momento en Roma: Brigitte y Emmanuel Macron disfrutan de nuevo su restaurante favorito &#8211; descubre las im\u00e1genes exclusivas\">Lire plus<\/a><\/p>\n","protected":false},"author":9,"featured_media":3088,"comment_status":"open","ping_status":"open","sticky":false,"template":"","format":"standard","meta":{"footnotes":""},"categories":[820],"tags":[914,1166,3241,3244,3247],"class_list":["post-3092","post","type-post","status-publish","format-standard","has-post-thumbnail","hentry","category-actualidades-es","tag-brigitte-macron-es","tag-emmanuel-macron-es","tag-moment-gourmet-es","tag-restaurant-fetiche-es","tag-roma-es"],"yoast_head":"<!-- This site is optimized with the Yoast SEO plugin v27.5 - https:\/\/yoast.com\/product\/yoast-seo-wordpress\/ -->\n<title>D\u00e9licieux momento en Roma: Brigitte y Emmanuel Macron disfrutan de nuevo su restaurante favorito - descubre las im\u00e1genes exclusivas - Fan site S\u00e9bastien Auzi\u00e8re<\/title>\n<meta name=\"description\" content=\"D\u00e9couvrez Brigitte et Emmanuel Macron savourant leur restaurant favori \u00e0 Rome. Moments exclusifs et d\u00e9licieux \u00e0 ne pas manquer !\" \/>\n<meta name=\"robots\" content=\"index, follow, max-snippet:-1, max-image-preview:large, max-video-preview:-1\" \/>\n<link rel=\"canonical\" href=\"https:\/\/www.sebastien-auziere.fr\/blog\/es\/delicieux-momento-en-roma-brigitte-y-emmanuel-macron-disfrutan-de-nuevo-su-restaurante-favorito-descubre-las-imagenes-exclusivas\/\" \/>\n<meta property=\"og:locale\" content=\"fr_FR\" \/>\n<meta property=\"og:type\" content=\"article\" \/>\n<meta property=\"og:title\" content=\"D\u00e9licieux momento en Roma: Brigitte y Emmanuel Macron disfrutan de nuevo su restaurante favorito - descubre las im\u00e1genes exclusivas - Fan site S\u00e9bastien Auzi\u00e8re\" \/>\n<meta property=\"og:description\" content=\"D\u00e9couvrez Brigitte et Emmanuel Macron savourant leur restaurant favori \u00e0 Rome. Moments exclusifs et d\u00e9licieux \u00e0 ne pas manquer !\" \/>\n<meta property=\"og:url\" content=\"https:\/\/www.sebastien-auziere.fr\/blog\/es\/delicieux-momento-en-roma-brigitte-y-emmanuel-macron-disfrutan-de-nuevo-su-restaurante-favorito-descubre-las-imagenes-exclusivas\/\" \/>\n<meta property=\"og:site_name\" content=\"Fan site S\u00e9bastien Auzi\u00e8re\" \/>\n<meta property=\"article:published_time\" content=\"2026-04-17T07:11:54+00:00\" \/>\n<meta property=\"article:modified_time\" content=\"2026-04-17T07:12:20+00:00\" \/>\n<meta property=\"og:image\" content=\"https:\/\/www.sebastien-auziere.fr\/blog\/wp-content\/uploads\/2026\/04\/Delicieux-moment-a-Rome-Brigitte-et-Emmanuel-Macron-savourent-a-nouveau-leur-restaurant-fetiche-\u2013-decouvrez-les-images-exclusives.jpg\" \/>\n\t<meta property=\"og:image:width\" content=\"2560\" \/>\n\t<meta property=\"og:image:height\" content=\"1429\" \/>\n\t<meta property=\"og:image:type\" content=\"image\/jpeg\" \/>\n<meta name=\"author\" content=\"Chloe Gauthier\" \/>\n<meta name=\"twitter:card\" content=\"summary_large_image\" \/>\n<meta name=\"twitter:label1\" content=\"\u00c9crit par\" \/>\n\t<meta name=\"twitter:data1\" content=\"Chloe Gauthier\" \/>\n\t<meta name=\"twitter:label2\" content=\"Dur\u00e9e de lecture estim\u00e9e\" \/>\n\t<meta name=\"twitter:data2\" content=\"3 minutes\" \/>\n<script type=\"application\/ld+json\" class=\"yoast-schema-graph\">{\"@context\":\"https:\\\/\\\/schema.org\",\"@graph\":[{\"@type\":\"Article\",\"@id\":\"https:\\\/\\\/www.sebastien-auziere.fr\\\/blog\\\/es\\\/delicieux-momento-en-roma-brigitte-y-emmanuel-macron-disfrutan-de-nuevo-su-restaurante-favorito-descubre-las-imagenes-exclusivas\\\/#article\",\"isPartOf\":{\"@id\":\"https:\\\/\\\/www.sebastien-auziere.fr\\\/blog\\\/es\\\/delicieux-momento-en-roma-brigitte-y-emmanuel-macron-disfrutan-de-nuevo-su-restaurante-favorito-descubre-las-imagenes-exclusivas\\\/\"},\"author\":{\"name\":\"Chloe Gauthier\",\"@id\":\"https:\\\/\\\/www.sebastien-auziere.fr\\\/blog\\\/#\\\/schema\\\/person\\\/149f1acdbfd85149c6c3e59adeae2f4d\"},\"headline\":\"D\u00e9licieux momento en Roma: Brigitte y Emmanuel Macron disfrutan de nuevo su restaurante favorito &#8211; descubre las im\u00e1genes exclusivas\",\"datePublished\":\"2026-04-17T07:11:54+00:00\",\"dateModified\":\"2026-04-17T07:12:20+00:00\",\"mainEntityOfPage\":{\"@id\":\"https:\\\/\\\/www.sebastien-auziere.fr\\\/blog\\\/es\\\/delicieux-momento-en-roma-brigitte-y-emmanuel-macron-disfrutan-de-nuevo-su-restaurante-favorito-descubre-las-imagenes-exclusivas\\\/\"},\"wordCount\":575,\"commentCount\":0,\"publisher\":{\"@id\":\"https:\\\/\\\/www.sebastien-auziere.fr\\\/blog\\\/#organization\"},\"image\":{\"@id\":\"https:\\\/\\\/www.sebastien-auziere.fr\\\/blog\\\/es\\\/delicieux-momento-en-roma-brigitte-y-emmanuel-macron-disfrutan-de-nuevo-su-restaurante-favorito-descubre-las-imagenes-exclusivas\\\/#primaryimage\"},\"thumbnailUrl\":\"https:\\\/\\\/www.sebastien-auziere.fr\\\/blog\\\/wp-content\\\/uploads\\\/2026\\\/04\\\/Delicieux-moment-a-Rome-Brigitte-et-Emmanuel-Macron-savourent-a-nouveau-leur-restaurant-fetiche-\u2013-decouvrez-les-images-exclusives.jpg\",\"keywords\":[\"brigitte macron\",\"emmanuel macron\",\"moment gourmet\",\"restaurant fetiche\",\"roma\"],\"articleSection\":[\"Actualidades\"],\"inLanguage\":\"fr-FR\",\"potentialAction\":[{\"@type\":\"CommentAction\",\"name\":\"Comment\",\"target\":[\"https:\\\/\\\/www.sebastien-auziere.fr\\\/blog\\\/es\\\/delicieux-momento-en-roma-brigitte-y-emmanuel-macron-disfrutan-de-nuevo-su-restaurante-favorito-descubre-las-imagenes-exclusivas\\\/#respond\"]}]},{\"@type\":\"WebPage\",\"@id\":\"https:\\\/\\\/www.sebastien-auziere.fr\\\/blog\\\/es\\\/delicieux-momento-en-roma-brigitte-y-emmanuel-macron-disfrutan-de-nuevo-su-restaurante-favorito-descubre-las-imagenes-exclusivas\\\/\",\"url\":\"https:\\\/\\\/www.sebastien-auziere.fr\\\/blog\\\/es\\\/delicieux-momento-en-roma-brigitte-y-emmanuel-macron-disfrutan-de-nuevo-su-restaurante-favorito-descubre-las-imagenes-exclusivas\\\/\",\"name\":\"D\u00e9licieux momento en Roma: Brigitte y Emmanuel Macron disfrutan de nuevo su restaurante favorito - descubre las im\u00e1genes exclusivas - Fan site S\u00e9bastien Auzi\u00e8re\",\"isPartOf\":{\"@id\":\"https:\\\/\\\/www.sebastien-auziere.fr\\\/blog\\\/#website\"},\"primaryImageOfPage\":{\"@id\":\"https:\\\/\\\/www.sebastien-auziere.fr\\\/blog\\\/es\\\/delicieux-momento-en-roma-brigitte-y-emmanuel-macron-disfrutan-de-nuevo-su-restaurante-favorito-descubre-las-imagenes-exclusivas\\\/#primaryimage\"},\"image\":{\"@id\":\"https:\\\/\\\/www.sebastien-auziere.fr\\\/blog\\\/es\\\/delicieux-momento-en-roma-brigitte-y-emmanuel-macron-disfrutan-de-nuevo-su-restaurante-favorito-descubre-las-imagenes-exclusivas\\\/#primaryimage\"},\"thumbnailUrl\":\"https:\\\/\\\/www.sebastien-auziere.fr\\\/blog\\\/wp-content\\\/uploads\\\/2026\\\/04\\\/Delicieux-moment-a-Rome-Brigitte-et-Emmanuel-Macron-savourent-a-nouveau-leur-restaurant-fetiche-\u2013-decouvrez-les-images-exclusives.jpg\",\"datePublished\":\"2026-04-17T07:11:54+00:00\",\"dateModified\":\"2026-04-17T07:12:20+00:00\",\"description\":\"D\u00e9couvrez Brigitte et Emmanuel Macron savourant leur restaurant favori \u00e0 Rome. Moments exclusifs et d\u00e9licieux \u00e0 ne pas manquer !\",\"breadcrumb\":{\"@id\":\"https:\\\/\\\/www.sebastien-auziere.fr\\\/blog\\\/es\\\/delicieux-momento-en-roma-brigitte-y-emmanuel-macron-disfrutan-de-nuevo-su-restaurante-favorito-descubre-las-imagenes-exclusivas\\\/#breadcrumb\"},\"inLanguage\":\"fr-FR\",\"potentialAction\":[{\"@type\":\"ReadAction\",\"target\":[\"https:\\\/\\\/www.sebastien-auziere.fr\\\/blog\\\/es\\\/delicieux-momento-en-roma-brigitte-y-emmanuel-macron-disfrutan-de-nuevo-su-restaurante-favorito-descubre-las-imagenes-exclusivas\\\/\"]}]},{\"@type\":\"ImageObject\",\"inLanguage\":\"fr-FR\",\"@id\":\"https:\\\/\\\/www.sebastien-auziere.fr\\\/blog\\\/es\\\/delicieux-momento-en-roma-brigitte-y-emmanuel-macron-disfrutan-de-nuevo-su-restaurante-favorito-descubre-las-imagenes-exclusivas\\\/#primaryimage\",\"url\":\"https:\\\/\\\/www.sebastien-auziere.fr\\\/blog\\\/wp-content\\\/uploads\\\/2026\\\/04\\\/Delicieux-moment-a-Rome-Brigitte-et-Emmanuel-Macron-savourent-a-nouveau-leur-restaurant-fetiche-\u2013-decouvrez-les-images-exclusives.jpg\",\"contentUrl\":\"https:\\\/\\\/www.sebastien-auziere.fr\\\/blog\\\/wp-content\\\/uploads\\\/2026\\\/04\\\/Delicieux-moment-a-Rome-Brigitte-et-Emmanuel-Macron-savourent-a-nouveau-leur-restaurant-fetiche-\u2013-decouvrez-les-images-exclusives.jpg\",\"width\":2560,\"height\":1429,\"caption\":\"d\u00e9couvrez brigitte et emmanuel macron, savourant un d\u00e9licieux moment dans leur restaurant pr\u00e9f\u00e9r\u00e9 \u00e0 rome. plongez dans ces images exclusives d'un d\u00eener intime et gourmand.\"},{\"@type\":\"BreadcrumbList\",\"@id\":\"https:\\\/\\\/www.sebastien-auziere.fr\\\/blog\\\/es\\\/delicieux-momento-en-roma-brigitte-y-emmanuel-macron-disfrutan-de-nuevo-su-restaurante-favorito-descubre-las-imagenes-exclusivas\\\/#breadcrumb\",\"itemListElement\":[{\"@type\":\"ListItem\",\"position\":1,\"name\":\"Home\",\"item\":\"https:\\\/\\\/www.sebastien-auziere.fr\\\/blog\\\/\"},{\"@type\":\"ListItem\",\"position\":2,\"name\":\"D\u00e9licieux momento en Roma: Brigitte y Emmanuel Macron disfrutan de nuevo su restaurante favorito &#8211; descubre las im\u00e1genes exclusivas\"}]},{\"@type\":\"WebSite\",\"@id\":\"https:\\\/\\\/www.sebastien-auziere.fr\\\/blog\\\/#website\",\"url\":\"https:\\\/\\\/www.sebastien-auziere.fr\\\/blog\\\/\",\"name\":\"Fan site S\u00e9bastien Auzi\u00e8re\",\"description\":\"M\u00e9dia g\u00e9n\u00e9raliste\",\"publisher\":{\"@id\":\"https:\\\/\\\/www.sebastien-auziere.fr\\\/blog\\\/#organization\"},\"potentialAction\":[{\"@type\":\"SearchAction\",\"target\":{\"@type\":\"EntryPoint\",\"urlTemplate\":\"https:\\\/\\\/www.sebastien-auziere.fr\\\/blog\\\/?s={search_term_string}\"},\"query-input\":{\"@type\":\"PropertyValueSpecification\",\"valueRequired\":true,\"valueName\":\"search_term_string\"}}],\"inLanguage\":\"fr-FR\"},{\"@type\":\"Organization\",\"@id\":\"https:\\\/\\\/www.sebastien-auziere.fr\\\/blog\\\/#organization\",\"name\":\"Fan site S\u00e9bastien Auzi\u00e8re\",\"url\":\"https:\\\/\\\/www.sebastien-auziere.fr\\\/blog\\\/\",\"logo\":{\"@type\":\"ImageObject\",\"inLanguage\":\"fr-FR\",\"@id\":\"https:\\\/\\\/www.sebastien-auziere.fr\\\/blog\\\/#\\\/schema\\\/logo\\\/image\\\/\",\"url\":\"https:\\\/\\\/www.sebastien-auziere.fr\\\/blog\\\/wp-content\\\/uploads\\\/2026\\\/03\\\/cropped-cropped-cropped-ChatGPT-Image-6-mars-2026-12_58_09-e1772798376794.jpg\",\"contentUrl\":\"https:\\\/\\\/www.sebastien-auziere.fr\\\/blog\\\/wp-content\\\/uploads\\\/2026\\\/03\\\/cropped-cropped-cropped-ChatGPT-Image-6-mars-2026-12_58_09-e1772798376794.jpg\",\"width\":512,\"height\":360,\"caption\":\"Fan site S\u00e9bastien Auzi\u00e8re\"},\"image\":{\"@id\":\"https:\\\/\\\/www.sebastien-auziere.fr\\\/blog\\\/#\\\/schema\\\/logo\\\/image\\\/\"}},{\"@type\":\"Person\",\"@id\":\"https:\\\/\\\/www.sebastien-auziere.fr\\\/blog\\\/#\\\/schema\\\/person\\\/149f1acdbfd85149c6c3e59adeae2f4d\",\"name\":\"Chloe Gauthier\",\"image\":{\"@type\":\"ImageObject\",\"inLanguage\":\"fr-FR\",\"@id\":\"https:\\\/\\\/secure.gravatar.com\\\/avatar\\\/2c5722f58171cff738a8985ef0dd66b476e563753246a49019befc837ec4201a?s=96&d=mm&r=g\",\"url\":\"https:\\\/\\\/secure.gravatar.com\\\/avatar\\\/2c5722f58171cff738a8985ef0dd66b476e563753246a49019befc837ec4201a?s=96&d=mm&r=g\",\"contentUrl\":\"https:\\\/\\\/secure.gravatar.com\\\/avatar\\\/2c5722f58171cff738a8985ef0dd66b476e563753246a49019befc837ec4201a?s=96&d=mm&r=g\",\"caption\":\"Chloe Gauthier\"},\"description\":\"Passionn\u00e9e par la politique et admiratrice engag\u00e9e de la famille Macron, je consacre mon \u00e9nergie \u00e0 suivre leurs initiatives et \u00e0 promouvoir leurs id\u00e9es. \u00c0 32 ans, je suis convaincue que leur vision est porteuse d'avenir.\",\"url\":\"https:\\\/\\\/www.sebastien-auziere.fr\\\/blog\\\/author\\\/chloe-gauthier\\\/\"}]}<\/script>\n<!-- \/ Yoast SEO plugin. -->","yoast_head_json":{"title":"D\u00e9licieux momento en Roma: Brigitte y Emmanuel Macron disfrutan de nuevo su restaurante favorito - descubre las im\u00e1genes exclusivas - Fan site S\u00e9bastien Auzi\u00e8re","description":"D\u00e9couvrez Brigitte et Emmanuel Macron savourant leur restaurant favori \u00e0 Rome. Moments exclusifs et d\u00e9licieux \u00e0 ne pas manquer !","robots":{"index":"index","follow":"follow","max-snippet":"max-snippet:-1","max-image-preview":"max-image-preview:large","max-video-preview":"max-video-preview:-1"},"canonical":"https:\/\/www.sebastien-auziere.fr\/blog\/es\/delicieux-momento-en-roma-brigitte-y-emmanuel-macron-disfrutan-de-nuevo-su-restaurante-favorito-descubre-las-imagenes-exclusivas\/","og_locale":"fr_FR","og_type":"article","og_title":"D\u00e9licieux momento en Roma: Brigitte y Emmanuel Macron disfrutan de nuevo su restaurante favorito - descubre las im\u00e1genes exclusivas - Fan site S\u00e9bastien Auzi\u00e8re","og_description":"D\u00e9couvrez Brigitte et Emmanuel Macron savourant leur restaurant favori \u00e0 Rome. Moments exclusifs et d\u00e9licieux \u00e0 ne pas manquer !","og_url":"https:\/\/www.sebastien-auziere.fr\/blog\/es\/delicieux-momento-en-roma-brigitte-y-emmanuel-macron-disfrutan-de-nuevo-su-restaurante-favorito-descubre-las-imagenes-exclusivas\/","og_site_name":"Fan site S\u00e9bastien Auzi\u00e8re","article_published_time":"2026-04-17T07:11:54+00:00","article_modified_time":"2026-04-17T07:12:20+00:00","og_image":[{"width":2560,"height":1429,"url":"https:\/\/www.sebastien-auziere.fr\/blog\/wp-content\/uploads\/2026\/04\/Delicieux-moment-a-Rome-Brigitte-et-Emmanuel-Macron-savourent-a-nouveau-leur-restaurant-fetiche-\u2013-decouvrez-les-images-exclusives.jpg","type":"image\/jpeg"}],"author":"Chloe Gauthier","twitter_card":"summary_large_image","twitter_misc":{"\u00c9crit par":"Chloe Gauthier","Dur\u00e9e de lecture estim\u00e9e":"3 minutes"},"schema":{"@context":"https:\/\/schema.org","@graph":[{"@type":"Article","@id":"https:\/\/www.sebastien-auziere.fr\/blog\/es\/delicieux-momento-en-roma-brigitte-y-emmanuel-macron-disfrutan-de-nuevo-su-restaurante-favorito-descubre-las-imagenes-exclusivas\/#article","isPartOf":{"@id":"https:\/\/www.sebastien-auziere.fr\/blog\/es\/delicieux-momento-en-roma-brigitte-y-emmanuel-macron-disfrutan-de-nuevo-su-restaurante-favorito-descubre-las-imagenes-exclusivas\/"},"author":{"name":"Chloe Gauthier","@id":"https:\/\/www.sebastien-auziere.fr\/blog\/#\/schema\/person\/149f1acdbfd85149c6c3e59adeae2f4d"},"headline":"D\u00e9licieux momento en Roma: Brigitte y Emmanuel Macron disfrutan de nuevo su restaurante favorito &#8211; descubre las im\u00e1genes exclusivas","datePublished":"2026-04-17T07:11:54+00:00","dateModified":"2026-04-17T07:12:20+00:00","mainEntityOfPage":{"@id":"https:\/\/www.sebastien-auziere.fr\/blog\/es\/delicieux-momento-en-roma-brigitte-y-emmanuel-macron-disfrutan-de-nuevo-su-restaurante-favorito-descubre-las-imagenes-exclusivas\/"},"wordCount":575,"commentCount":0,"publisher":{"@id":"https:\/\/www.sebastien-auziere.fr\/blog\/#organization"},"image":{"@id":"https:\/\/www.sebastien-auziere.fr\/blog\/es\/delicieux-momento-en-roma-brigitte-y-emmanuel-macron-disfrutan-de-nuevo-su-restaurante-favorito-descubre-las-imagenes-exclusivas\/#primaryimage"},"thumbnailUrl":"https:\/\/www.sebastien-auziere.fr\/blog\/wp-content\/uploads\/2026\/04\/Delicieux-moment-a-Rome-Brigitte-et-Emmanuel-Macron-savourent-a-nouveau-leur-restaurant-fetiche-\u2013-decouvrez-les-images-exclusives.jpg","keywords":["brigitte macron","emmanuel macron","moment gourmet","restaurant fetiche","roma"],"articleSection":["Actualidades"],"inLanguage":"fr-FR","potentialAction":[{"@type":"CommentAction","name":"Comment","target":["https:\/\/www.sebastien-auziere.fr\/blog\/es\/delicieux-momento-en-roma-brigitte-y-emmanuel-macron-disfrutan-de-nuevo-su-restaurante-favorito-descubre-las-imagenes-exclusivas\/#respond"]}]},{"@type":"WebPage","@id":"https:\/\/www.sebastien-auziere.fr\/blog\/es\/delicieux-momento-en-roma-brigitte-y-emmanuel-macron-disfrutan-de-nuevo-su-restaurante-favorito-descubre-las-imagenes-exclusivas\/","url":"https:\/\/www.sebastien-auziere.fr\/blog\/es\/delicieux-momento-en-roma-brigitte-y-emmanuel-macron-disfrutan-de-nuevo-su-restaurante-favorito-descubre-las-imagenes-exclusivas\/","name":"D\u00e9licieux momento en Roma: Brigitte y Emmanuel Macron disfrutan de nuevo su restaurante favorito - descubre las im\u00e1genes exclusivas - Fan site S\u00e9bastien Auzi\u00e8re","isPartOf":{"@id":"https:\/\/www.sebastien-auziere.fr\/blog\/#website"},"primaryImageOfPage":{"@id":"https:\/\/www.sebastien-auziere.fr\/blog\/es\/delicieux-momento-en-roma-brigitte-y-emmanuel-macron-disfrutan-de-nuevo-su-restaurante-favorito-descubre-las-imagenes-exclusivas\/#primaryimage"},"image":{"@id":"https:\/\/www.sebastien-auziere.fr\/blog\/es\/delicieux-momento-en-roma-brigitte-y-emmanuel-macron-disfrutan-de-nuevo-su-restaurante-favorito-descubre-las-imagenes-exclusivas\/#primaryimage"},"thumbnailUrl":"https:\/\/www.sebastien-auziere.fr\/blog\/wp-content\/uploads\/2026\/04\/Delicieux-moment-a-Rome-Brigitte-et-Emmanuel-Macron-savourent-a-nouveau-leur-restaurant-fetiche-\u2013-decouvrez-les-images-exclusives.jpg","datePublished":"2026-04-17T07:11:54+00:00","dateModified":"2026-04-17T07:12:20+00:00","description":"D\u00e9couvrez Brigitte et Emmanuel Macron savourant leur restaurant favori \u00e0 Rome. Moments exclusifs et d\u00e9licieux \u00e0 ne pas manquer !","breadcrumb":{"@id":"https:\/\/www.sebastien-auziere.fr\/blog\/es\/delicieux-momento-en-roma-brigitte-y-emmanuel-macron-disfrutan-de-nuevo-su-restaurante-favorito-descubre-las-imagenes-exclusivas\/#breadcrumb"},"inLanguage":"fr-FR","potentialAction":[{"@type":"ReadAction","target":["https:\/\/www.sebastien-auziere.fr\/blog\/es\/delicieux-momento-en-roma-brigitte-y-emmanuel-macron-disfrutan-de-nuevo-su-restaurante-favorito-descubre-las-imagenes-exclusivas\/"]}]},{"@type":"ImageObject","inLanguage":"fr-FR","@id":"https:\/\/www.sebastien-auziere.fr\/blog\/es\/delicieux-momento-en-roma-brigitte-y-emmanuel-macron-disfrutan-de-nuevo-su-restaurante-favorito-descubre-las-imagenes-exclusivas\/#primaryimage","url":"https:\/\/www.sebastien-auziere.fr\/blog\/wp-content\/uploads\/2026\/04\/Delicieux-moment-a-Rome-Brigitte-et-Emmanuel-Macron-savourent-a-nouveau-leur-restaurant-fetiche-\u2013-decouvrez-les-images-exclusives.jpg","contentUrl":"https:\/\/www.sebastien-auziere.fr\/blog\/wp-content\/uploads\/2026\/04\/Delicieux-moment-a-Rome-Brigitte-et-Emmanuel-Macron-savourent-a-nouveau-leur-restaurant-fetiche-\u2013-decouvrez-les-images-exclusives.jpg","width":2560,"height":1429,"caption":"d\u00e9couvrez brigitte et emmanuel macron, savourant un d\u00e9licieux moment dans leur restaurant pr\u00e9f\u00e9r\u00e9 \u00e0 rome. plongez dans ces images exclusives d'un d\u00eener intime et gourmand."},{"@type":"BreadcrumbList","@id":"https:\/\/www.sebastien-auziere.fr\/blog\/es\/delicieux-momento-en-roma-brigitte-y-emmanuel-macron-disfrutan-de-nuevo-su-restaurante-favorito-descubre-las-imagenes-exclusivas\/#breadcrumb","itemListElement":[{"@type":"ListItem","position":1,"name":"Home","item":"https:\/\/www.sebastien-auziere.fr\/blog\/"},{"@type":"ListItem","position":2,"name":"D\u00e9licieux momento en Roma: Brigitte y Emmanuel Macron disfrutan de nuevo su restaurante favorito &#8211; descubre las im\u00e1genes exclusivas"}]},{"@type":"WebSite","@id":"https:\/\/www.sebastien-auziere.fr\/blog\/#website","url":"https:\/\/www.sebastien-auziere.fr\/blog\/","name":"Fan site S\u00e9bastien Auzi\u00e8re","description":"M\u00e9dia g\u00e9n\u00e9raliste","publisher":{"@id":"https:\/\/www.sebastien-auziere.fr\/blog\/#organization"},"potentialAction":[{"@type":"SearchAction","target":{"@type":"EntryPoint","urlTemplate":"https:\/\/www.sebastien-auziere.fr\/blog\/?s={search_term_string}"},"query-input":{"@type":"PropertyValueSpecification","valueRequired":true,"valueName":"search_term_string"}}],"inLanguage":"fr-FR"},{"@type":"Organization","@id":"https:\/\/www.sebastien-auziere.fr\/blog\/#organization","name":"Fan site S\u00e9bastien Auzi\u00e8re","url":"https:\/\/www.sebastien-auziere.fr\/blog\/","logo":{"@type":"ImageObject","inLanguage":"fr-FR","@id":"https:\/\/www.sebastien-auziere.fr\/blog\/#\/schema\/logo\/image\/","url":"https:\/\/www.sebastien-auziere.fr\/blog\/wp-content\/uploads\/2026\/03\/cropped-cropped-cropped-ChatGPT-Image-6-mars-2026-12_58_09-e1772798376794.jpg","contentUrl":"https:\/\/www.sebastien-auziere.fr\/blog\/wp-content\/uploads\/2026\/03\/cropped-cropped-cropped-ChatGPT-Image-6-mars-2026-12_58_09-e1772798376794.jpg","width":512,"height":360,"caption":"Fan site S\u00e9bastien Auzi\u00e8re"},"image":{"@id":"https:\/\/www.sebastien-auziere.fr\/blog\/#\/schema\/logo\/image\/"}},{"@type":"Person","@id":"https:\/\/www.sebastien-auziere.fr\/blog\/#\/schema\/person\/149f1acdbfd85149c6c3e59adeae2f4d","name":"Chloe Gauthier","image":{"@type":"ImageObject","inLanguage":"fr-FR","@id":"https:\/\/secure.gravatar.com\/avatar\/2c5722f58171cff738a8985ef0dd66b476e563753246a49019befc837ec4201a?s=96&d=mm&r=g","url":"https:\/\/secure.gravatar.com\/avatar\/2c5722f58171cff738a8985ef0dd66b476e563753246a49019befc837ec4201a?s=96&d=mm&r=g","contentUrl":"https:\/\/secure.gravatar.com\/avatar\/2c5722f58171cff738a8985ef0dd66b476e563753246a49019befc837ec4201a?s=96&d=mm&r=g","caption":"Chloe Gauthier"},"description":"Passionn\u00e9e par la politique et admiratrice engag\u00e9e de la famille Macron, je consacre mon \u00e9nergie \u00e0 suivre leurs initiatives et \u00e0 promouvoir leurs id\u00e9es. \u00c0 32 ans, je suis convaincue que leur vision est porteuse d'avenir.","url":"https:\/\/www.sebastien-auziere.fr\/blog\/author\/chloe-gauthier\/"}]}},"views":0,"_links":{"self":[{"href":"https:\/\/www.sebastien-auziere.fr\/blog\/wp-json\/wp\/v2\/posts\/3092","targetHints":{"allow":["GET"]}}],"collection":[{"href":"https:\/\/www.sebastien-auziere.fr\/blog\/wp-json\/wp\/v2\/posts"}],"about":[{"href":"https:\/\/www.sebastien-auziere.fr\/blog\/wp-json\/wp\/v2\/types\/post"}],"author":[{"embeddable":true,"href":"https:\/\/www.sebastien-auziere.fr\/blog\/wp-json\/wp\/v2\/users\/9"}],"replies":[{"embeddable":true,"href":"https:\/\/www.sebastien-auziere.fr\/blog\/wp-json\/wp\/v2\/comments?post=3092"}],"version-history":[{"count":1,"href":"https:\/\/www.sebastien-auziere.fr\/blog\/wp-json\/wp\/v2\/posts\/3092\/revisions"}],"predecessor-version":[{"id":3093,"href":"https:\/\/www.sebastien-auziere.fr\/blog\/wp-json\/wp\/v2\/posts\/3092\/revisions\/3093"}],"wp:featuredmedia":[{"embeddable":true,"href":"https:\/\/www.sebastien-auziere.fr\/blog\/wp-json\/wp\/v2\/media\/3088"}],"wp:attachment":[{"href":"https:\/\/www.sebastien-auziere.fr\/blog\/wp-json\/wp\/v2\/media?parent=3092"}],"wp:term":[{"taxonomy":"category","embeddable":true,"href":"https:\/\/www.sebastien-auziere.fr\/blog\/wp-json\/wp\/v2\/categories?post=3092"},{"taxonomy":"post_tag","embeddable":true,"href":"https:\/\/www.sebastien-auziere.fr\/blog\/wp-json\/wp\/v2\/tags?post=3092"}],"curies":[{"name":"wp","href":"https:\/\/api.w.org\/{rel}","templated":true}]}}