{"id":3089,"date":"2026-04-17T07:11:29","date_gmt":"2026-04-17T07:11:29","guid":{"rendered":"https:\/\/www.sebastien-auziere.fr\/blog\/macron-rome-restaurant\/"},"modified":"2026-04-17T07:11:29","modified_gmt":"2026-04-17T07:11:29","slug":"macron-rome-restaurant","status":"publish","type":"post","link":"https:\/\/www.sebastien-auziere.fr\/blog\/macron-rome-restaurant\/","title":{"rendered":"D\u00e9licieux moment \u00e0 Rome : Brigitte et Emmanuel Macron savourent \u00e0 nouveau leur restaurant f\u00e9tiche \u2013 d\u00e9couvrez les images exclusives"},"content":{"rendered":"<p><strong>Rome<\/strong> vibre d&rsquo;un <strong>moment d\u00e9licieux<\/strong> : ce vendredi <strong>10 avril<\/strong>, <strong>Brigitte Macron<\/strong> et <strong>Emmanuel Macron<\/strong> ont \u00e9t\u00e9 re\u00e7us au <strong>Vatican<\/strong>, apr\u00e8s une <strong>sortie gastronomique<\/strong> la veille dans leur <strong>restaurant<\/strong> f\u00e9tiche. Des <strong>images exclusives<\/strong> publi\u00e9es par Il Sole 24 Ore montrent le couple attabl\u00e9 au c\u0153ur de la <strong>Piazza del Popolo<\/strong>, au Dal Bolognese.<\/p>\n\n<p><strong>En bref<\/strong> : d\u00eener au <strong>Dal Bolognese<\/strong> avant l&rsquo;audience, menu de <strong>cuisine italienne<\/strong> traditionnel (p\u00e2tes fra\u00eeches, chariot de viandes), rencontre avec Andrea Riccardi la veille, cadeau d&rsquo;un maillot d\u00e9dicac\u00e9 offert au <strong>pape L\u00e9on XIV<\/strong> selon RTL et \u00e9changes sur climat, multilat\u00e9ralisme et intelligence artificielle rapport\u00e9s par Le Figaro.<\/p>\n\n<h2 class=\"wp-block-heading\">Brigitte et Emmanuel Macron \u00e0 Rome : la sortie gastronomique qui pr\u00e9c\u00e8de l&rsquo;audience<\/h2>\n\n<p>La sc\u00e8ne s&rsquo;est d\u00e9roul\u00e9e la nuit pr\u00e9c\u00e9dant l&rsquo;audience pontificale : le couple pr\u00e9sidentiel a \u00e9t\u00e9 aper\u00e7u au <strong>restaurant<\/strong> Dal Bolognese, une adresse r\u00e9put\u00e9e de la capitale. Les <strong>images exclusives<\/strong> montrent une table conviviale, entour\u00e9e d&rsquo;amis et de convives, confirmant que cette adresse est bien l&rsquo;une de leurs pr\u00e9f\u00e9r\u00e9es \u00e0 <strong>Rome<\/strong>.<\/p>\n\n<p>Ce d\u00eener intervient juste avant la rencontre officielle du 10 avril avec le <strong>pape L\u00e9on XIV<\/strong>, \u00e9lu en mai 2025. Un <strong>moment d\u00e9licieux<\/strong> et discret qui en dit long sur leurs rituels de d\u00e9placement.<\/p>\n\n<h2 class=\"wp-block-heading\">Un menu savoureux : la gastronomie \u00e9milienne \u00e0 l&rsquo;honneur<\/h2>\n\n<p>Au menu, la <strong>cuisine italienne<\/strong> traditionnelle s\u00e9duit par sa simplicit\u00e9 raffin\u00e9e : <strong>tagliatelles \u00e0 la bolognaise<\/strong>, <strong>tortellini au bouillon<\/strong> et le c\u00e9l\u00e8bre chariot de viandes bouillies. Les plats, pr\u00e9par\u00e9s avec des p\u00e2tes fra\u00eeches maison et une charcuterie s\u00e9lectionn\u00e9e, illustrent un savoir-faire local qui pla\u00eet au couple.<\/p>\n\n<p>Cette <strong>sortie gastronomique<\/strong> confirme l&rsquo;attachement du couple \u00e0 une table o\u00f9 la <strong>gastronomie<\/strong> devient partage. Un <strong>moment d\u00e9licieux<\/strong> captur\u00e9 en images qui renforce l&rsquo;image d&rsquo;une parenth\u00e8se conviviale au c\u0153ur d&rsquo;une mission diplomatique.<\/p>\n\n<h2 class=\"wp-block-heading\">Rencontres et gestes diplomatiques avant l&rsquo;audience<\/h2>\n\n<p>La veille du rendez-vous avec le Saint-Si\u00e8ge, Emmanuel Macron a \u00e9chang\u00e9 avec Andrea Riccardi, personnalit\u00e9 influente dans la diplomatie informelle du Vatican, sur des dossiers humanitaires et moyen-orientaux. Ces conversations pr\u00e9paratoires illustrent la dimension politique de ce s\u00e9jour romain.<\/p>\n\n<p>Pour l&rsquo;audience, le pr\u00e9sident n&rsquo;est pas venu les mains vides : selon RTL, il a offert au <strong>pape L\u00e9on XIV<\/strong> un maillot de l&rsquo;\u00e9quipe de France de basket-ball d\u00e9dicac\u00e9, un clin d&rsquo;\u0153il \u00e0 la passion sportive du souverain pontife originaire de Chicago. Un geste symbolique aux multiples r\u00e9sonances.<\/p>\n\n<h2 class=\"wp-block-heading\">Ambiance et images exclusives : ce que racontent les photos<\/h2>\n\n<p>Les clich\u00e9s d&rsquo;Il Sole 24 Ore restituent une atmosph\u00e8re <strong>savoureuse<\/strong> et feutr\u00e9e. Le Dal Bolognese, fr\u00e9quent\u00e9 par des figures politiques et culturelles, offre un d\u00e9cor propice aux \u00e9changes informels avant des rendez-vous officiels.<\/p>\n\n<p>On retrouve une continuit\u00e9 avec une pr\u00e9c\u00e9dente visite le 25 avril 2025, o\u00f9 le couple avait d\u00een\u00e9 dans ce m\u00eame \u00e9tablissement avant les fun\u00e9railles du pape Fran\u00e7ois. Ces moments alimentaires rythment la vie diplomatique et humanisent la pr\u00e9sence pr\u00e9sidentielle \u00e0 l&rsquo;\u00e9tranger.<\/p>\n\n<p>Pour en savoir plus sur <strong>S\u00e9bastien Auzi\u00e8re<\/strong> et la famille Macron, retrouve des dossiers et des images compl\u00e9mentaires sur <strong>sebastien-auziere.fr<\/strong> et prolonge ce regard sur leurs engagements et moments publics.<\/p>\n\n","protected":false},"excerpt":{"rendered":"<p>Rome vibre d&rsquo;un moment d\u00e9licieux : ce vendredi 10 avril, Brigitte Macron et Emmanuel Macron ont \u00e9t\u00e9 re\u00e7us au Vatican, apr\u00e8s une sortie gastronomique la veille dans leur restaurant f\u00e9tiche. Des images exclusives publi\u00e9es par Il Sole 24 Ore montrent le couple attabl\u00e9 au c\u0153ur de la Piazza del Popolo, au Dal Bolognese. En bref &#8230; <a title=\"D\u00e9licieux moment \u00e0 Rome : Brigitte et Emmanuel Macron savourent \u00e0 nouveau leur restaurant f\u00e9tiche \u2013 d\u00e9couvrez les images exclusives\" class=\"read-more\" href=\"https:\/\/www.sebastien-auziere.fr\/blog\/macron-rome-restaurant\/\" aria-label=\"En savoir plus sur D\u00e9licieux moment \u00e0 Rome : Brigitte et Emmanuel Macron savourent \u00e0 nouveau leur restaurant f\u00e9tiche \u2013 d\u00e9couvrez les images exclusives\">Lire plus<\/a><\/p>\n","protected":false},"author":9,"featured_media":3088,"comment_status":"open","ping_status":"open","sticky":false,"template":"","format":"standard","meta":{"footnotes":""},"categories":[597],"tags":[892,1139,3229,3227,3225],"class_list":["post-3089","post","type-post","status-publish","format-standard","has-post-thumbnail","hentry","category-actualites","tag-brigitte-macron","tag-emmanuel-macron","tag-moment-gourmand","tag-restaurant-fetiche","tag-rome"],"yoast_head":"<!-- This site is optimized with the Yoast SEO plugin v27.5 - https:\/\/yoast.com\/product\/yoast-seo-wordpress\/ -->\n<title>D\u00e9licieux moment \u00e0 Rome : Brigitte et Emmanuel Macron savourent \u00e0 nouveau leur restaurant f\u00e9tiche \u2013 d\u00e9couvrez les images exclusives - Fan site S\u00e9bastien Auzi\u00e8re<\/title>\n<meta name=\"description\" content=\"D\u00e9couvrez Brigitte et Emmanuel Macron savourant leur restaurant favori \u00e0 Rome. Moments exclusifs et d\u00e9licieux \u00e0 ne pas manquer !\" \/>\n<meta name=\"robots\" content=\"index, follow, max-snippet:-1, max-image-preview:large, max-video-preview:-1\" \/>\n<link rel=\"canonical\" href=\"https:\/\/www.sebastien-auziere.fr\/blog\/macron-rome-restaurant\/\" \/>\n<meta property=\"og:locale\" content=\"fr_FR\" \/>\n<meta property=\"og:type\" content=\"article\" \/>\n<meta property=\"og:title\" content=\"D\u00e9licieux moment \u00e0 Rome : Brigitte et Emmanuel Macron savourent \u00e0 nouveau leur restaurant f\u00e9tiche \u2013 d\u00e9couvrez les images exclusives - Fan site S\u00e9bastien Auzi\u00e8re\" \/>\n<meta property=\"og:description\" content=\"D\u00e9couvrez Brigitte et Emmanuel Macron savourant leur restaurant favori \u00e0 Rome. Moments exclusifs et d\u00e9licieux \u00e0 ne pas manquer !\" \/>\n<meta property=\"og:url\" content=\"https:\/\/www.sebastien-auziere.fr\/blog\/macron-rome-restaurant\/\" \/>\n<meta property=\"og:site_name\" content=\"Fan site S\u00e9bastien Auzi\u00e8re\" \/>\n<meta property=\"article:published_time\" content=\"2026-04-17T07:11:29+00:00\" \/>\n<meta property=\"og:image\" content=\"https:\/\/www.sebastien-auziere.fr\/blog\/wp-content\/uploads\/2026\/04\/Delicieux-moment-a-Rome-Brigitte-et-Emmanuel-Macron-savourent-a-nouveau-leur-restaurant-fetiche-\u2013-decouvrez-les-images-exclusives.jpg\" \/>\n\t<meta property=\"og:image:width\" content=\"2560\" \/>\n\t<meta property=\"og:image:height\" content=\"1429\" \/>\n\t<meta property=\"og:image:type\" content=\"image\/jpeg\" \/>\n<meta name=\"author\" content=\"Chloe Gauthier\" \/>\n<meta name=\"twitter:card\" content=\"summary_large_image\" \/>\n<meta name=\"twitter:label1\" content=\"\u00c9crit par\" \/>\n\t<meta name=\"twitter:data1\" content=\"Chloe Gauthier\" \/>\n\t<meta name=\"twitter:label2\" content=\"Dur\u00e9e de lecture estim\u00e9e\" \/>\n\t<meta name=\"twitter:data2\" content=\"3 minutes\" \/>\n<script type=\"application\/ld+json\" class=\"yoast-schema-graph\">{\"@context\":\"https:\\\/\\\/schema.org\",\"@graph\":[{\"@type\":\"Article\",\"@id\":\"https:\\\/\\\/www.sebastien-auziere.fr\\\/blog\\\/macron-rome-restaurant\\\/#article\",\"isPartOf\":{\"@id\":\"https:\\\/\\\/www.sebastien-auziere.fr\\\/blog\\\/macron-rome-restaurant\\\/\"},\"author\":{\"name\":\"Chloe Gauthier\",\"@id\":\"https:\\\/\\\/www.sebastien-auziere.fr\\\/blog\\\/#\\\/schema\\\/person\\\/149f1acdbfd85149c6c3e59adeae2f4d\"},\"headline\":\"D\u00e9licieux moment \u00e0 Rome : Brigitte et Emmanuel Macron savourent \u00e0 nouveau leur restaurant f\u00e9tiche \u2013 d\u00e9couvrez les images exclusives\",\"datePublished\":\"2026-04-17T07:11:29+00:00\",\"mainEntityOfPage\":{\"@id\":\"https:\\\/\\\/www.sebastien-auziere.fr\\\/blog\\\/macron-rome-restaurant\\\/\"},\"wordCount\":562,\"commentCount\":0,\"publisher\":{\"@id\":\"https:\\\/\\\/www.sebastien-auziere.fr\\\/blog\\\/#organization\"},\"image\":{\"@id\":\"https:\\\/\\\/www.sebastien-auziere.fr\\\/blog\\\/macron-rome-restaurant\\\/#primaryimage\"},\"thumbnailUrl\":\"https:\\\/\\\/www.sebastien-auziere.fr\\\/blog\\\/wp-content\\\/uploads\\\/2026\\\/04\\\/Delicieux-moment-a-Rome-Brigitte-et-Emmanuel-Macron-savourent-a-nouveau-leur-restaurant-fetiche-\u2013-decouvrez-les-images-exclusives.jpg\",\"keywords\":[\"brigitte macron\",\"emmanuel macron\",\"moment gourmand\",\"restaurant f\u00e9tiche\",\"rome\"],\"articleSection\":[\"Actualit\u00e9s\"],\"inLanguage\":\"fr-FR\",\"potentialAction\":[{\"@type\":\"CommentAction\",\"name\":\"Comment\",\"target\":[\"https:\\\/\\\/www.sebastien-auziere.fr\\\/blog\\\/macron-rome-restaurant\\\/#respond\"]}]},{\"@type\":\"WebPage\",\"@id\":\"https:\\\/\\\/www.sebastien-auziere.fr\\\/blog\\\/macron-rome-restaurant\\\/\",\"url\":\"https:\\\/\\\/www.sebastien-auziere.fr\\\/blog\\\/macron-rome-restaurant\\\/\",\"name\":\"D\u00e9licieux moment \u00e0 Rome : Brigitte et Emmanuel Macron savourent \u00e0 nouveau leur restaurant f\u00e9tiche \u2013 d\u00e9couvrez les images exclusives - Fan site S\u00e9bastien Auzi\u00e8re\",\"isPartOf\":{\"@id\":\"https:\\\/\\\/www.sebastien-auziere.fr\\\/blog\\\/#website\"},\"primaryImageOfPage\":{\"@id\":\"https:\\\/\\\/www.sebastien-auziere.fr\\\/blog\\\/macron-rome-restaurant\\\/#primaryimage\"},\"image\":{\"@id\":\"https:\\\/\\\/www.sebastien-auziere.fr\\\/blog\\\/macron-rome-restaurant\\\/#primaryimage\"},\"thumbnailUrl\":\"https:\\\/\\\/www.sebastien-auziere.fr\\\/blog\\\/wp-content\\\/uploads\\\/2026\\\/04\\\/Delicieux-moment-a-Rome-Brigitte-et-Emmanuel-Macron-savourent-a-nouveau-leur-restaurant-fetiche-\u2013-decouvrez-les-images-exclusives.jpg\",\"datePublished\":\"2026-04-17T07:11:29+00:00\",\"description\":\"D\u00e9couvrez Brigitte et Emmanuel Macron savourant leur restaurant favori \u00e0 Rome. Moments exclusifs et d\u00e9licieux \u00e0 ne pas manquer !\",\"breadcrumb\":{\"@id\":\"https:\\\/\\\/www.sebastien-auziere.fr\\\/blog\\\/macron-rome-restaurant\\\/#breadcrumb\"},\"inLanguage\":\"fr-FR\",\"potentialAction\":[{\"@type\":\"ReadAction\",\"target\":[\"https:\\\/\\\/www.sebastien-auziere.fr\\\/blog\\\/macron-rome-restaurant\\\/\"]}]},{\"@type\":\"ImageObject\",\"inLanguage\":\"fr-FR\",\"@id\":\"https:\\\/\\\/www.sebastien-auziere.fr\\\/blog\\\/macron-rome-restaurant\\\/#primaryimage\",\"url\":\"https:\\\/\\\/www.sebastien-auziere.fr\\\/blog\\\/wp-content\\\/uploads\\\/2026\\\/04\\\/Delicieux-moment-a-Rome-Brigitte-et-Emmanuel-Macron-savourent-a-nouveau-leur-restaurant-fetiche-\u2013-decouvrez-les-images-exclusives.jpg\",\"contentUrl\":\"https:\\\/\\\/www.sebastien-auziere.fr\\\/blog\\\/wp-content\\\/uploads\\\/2026\\\/04\\\/Delicieux-moment-a-Rome-Brigitte-et-Emmanuel-Macron-savourent-a-nouveau-leur-restaurant-fetiche-\u2013-decouvrez-les-images-exclusives.jpg\",\"width\":2560,\"height\":1429,\"caption\":\"d\u00e9couvrez brigitte et emmanuel macron, savourant un d\u00e9licieux moment dans leur restaurant pr\u00e9f\u00e9r\u00e9 \u00e0 rome. plongez dans ces images exclusives d'un d\u00eener intime et gourmand.\"},{\"@type\":\"BreadcrumbList\",\"@id\":\"https:\\\/\\\/www.sebastien-auziere.fr\\\/blog\\\/macron-rome-restaurant\\\/#breadcrumb\",\"itemListElement\":[{\"@type\":\"ListItem\",\"position\":1,\"name\":\"Home\",\"item\":\"https:\\\/\\\/www.sebastien-auziere.fr\\\/blog\\\/\"},{\"@type\":\"ListItem\",\"position\":2,\"name\":\"D\u00e9licieux moment \u00e0 Rome : Brigitte et Emmanuel Macron savourent \u00e0 nouveau leur restaurant f\u00e9tiche \u2013 d\u00e9couvrez les images exclusives\"}]},{\"@type\":\"WebSite\",\"@id\":\"https:\\\/\\\/www.sebastien-auziere.fr\\\/blog\\\/#website\",\"url\":\"https:\\\/\\\/www.sebastien-auziere.fr\\\/blog\\\/\",\"name\":\"Fan site S\u00e9bastien Auzi\u00e8re\",\"description\":\"M\u00e9dia g\u00e9n\u00e9raliste\",\"publisher\":{\"@id\":\"https:\\\/\\\/www.sebastien-auziere.fr\\\/blog\\\/#organization\"},\"potentialAction\":[{\"@type\":\"SearchAction\",\"target\":{\"@type\":\"EntryPoint\",\"urlTemplate\":\"https:\\\/\\\/www.sebastien-auziere.fr\\\/blog\\\/?s={search_term_string}\"},\"query-input\":{\"@type\":\"PropertyValueSpecification\",\"valueRequired\":true,\"valueName\":\"search_term_string\"}}],\"inLanguage\":\"fr-FR\"},{\"@type\":\"Organization\",\"@id\":\"https:\\\/\\\/www.sebastien-auziere.fr\\\/blog\\\/#organization\",\"name\":\"Fan site S\u00e9bastien Auzi\u00e8re\",\"url\":\"https:\\\/\\\/www.sebastien-auziere.fr\\\/blog\\\/\",\"logo\":{\"@type\":\"ImageObject\",\"inLanguage\":\"fr-FR\",\"@id\":\"https:\\\/\\\/www.sebastien-auziere.fr\\\/blog\\\/#\\\/schema\\\/logo\\\/image\\\/\",\"url\":\"https:\\\/\\\/www.sebastien-auziere.fr\\\/blog\\\/wp-content\\\/uploads\\\/2026\\\/03\\\/cropped-cropped-cropped-ChatGPT-Image-6-mars-2026-12_58_09-e1772798376794.jpg\",\"contentUrl\":\"https:\\\/\\\/www.sebastien-auziere.fr\\\/blog\\\/wp-content\\\/uploads\\\/2026\\\/03\\\/cropped-cropped-cropped-ChatGPT-Image-6-mars-2026-12_58_09-e1772798376794.jpg\",\"width\":512,\"height\":360,\"caption\":\"Fan site S\u00e9bastien Auzi\u00e8re\"},\"image\":{\"@id\":\"https:\\\/\\\/www.sebastien-auziere.fr\\\/blog\\\/#\\\/schema\\\/logo\\\/image\\\/\"}},{\"@type\":\"Person\",\"@id\":\"https:\\\/\\\/www.sebastien-auziere.fr\\\/blog\\\/#\\\/schema\\\/person\\\/149f1acdbfd85149c6c3e59adeae2f4d\",\"name\":\"Chloe Gauthier\",\"image\":{\"@type\":\"ImageObject\",\"inLanguage\":\"fr-FR\",\"@id\":\"https:\\\/\\\/secure.gravatar.com\\\/avatar\\\/2c5722f58171cff738a8985ef0dd66b476e563753246a49019befc837ec4201a?s=96&d=mm&r=g\",\"url\":\"https:\\\/\\\/secure.gravatar.com\\\/avatar\\\/2c5722f58171cff738a8985ef0dd66b476e563753246a49019befc837ec4201a?s=96&d=mm&r=g\",\"contentUrl\":\"https:\\\/\\\/secure.gravatar.com\\\/avatar\\\/2c5722f58171cff738a8985ef0dd66b476e563753246a49019befc837ec4201a?s=96&d=mm&r=g\",\"caption\":\"Chloe Gauthier\"},\"description\":\"Passionn\u00e9e par la politique et admiratrice engag\u00e9e de la famille Macron, je consacre mon \u00e9nergie \u00e0 suivre leurs initiatives et \u00e0 promouvoir leurs id\u00e9es. \u00c0 32 ans, je suis convaincue que leur vision est porteuse d'avenir.\",\"url\":\"https:\\\/\\\/www.sebastien-auziere.fr\\\/blog\\\/author\\\/chloe-gauthier\\\/\"}]}<\/script>\n<!-- \/ Yoast SEO plugin. -->","yoast_head_json":{"title":"D\u00e9licieux moment \u00e0 Rome : Brigitte et Emmanuel Macron savourent \u00e0 nouveau leur restaurant f\u00e9tiche \u2013 d\u00e9couvrez les images exclusives - Fan site S\u00e9bastien Auzi\u00e8re","description":"D\u00e9couvrez Brigitte et Emmanuel Macron savourant leur restaurant favori \u00e0 Rome. Moments exclusifs et d\u00e9licieux \u00e0 ne pas manquer !","robots":{"index":"index","follow":"follow","max-snippet":"max-snippet:-1","max-image-preview":"max-image-preview:large","max-video-preview":"max-video-preview:-1"},"canonical":"https:\/\/www.sebastien-auziere.fr\/blog\/macron-rome-restaurant\/","og_locale":"fr_FR","og_type":"article","og_title":"D\u00e9licieux moment \u00e0 Rome : Brigitte et Emmanuel Macron savourent \u00e0 nouveau leur restaurant f\u00e9tiche \u2013 d\u00e9couvrez les images exclusives - Fan site S\u00e9bastien Auzi\u00e8re","og_description":"D\u00e9couvrez Brigitte et Emmanuel Macron savourant leur restaurant favori \u00e0 Rome. Moments exclusifs et d\u00e9licieux \u00e0 ne pas manquer !","og_url":"https:\/\/www.sebastien-auziere.fr\/blog\/macron-rome-restaurant\/","og_site_name":"Fan site S\u00e9bastien Auzi\u00e8re","article_published_time":"2026-04-17T07:11:29+00:00","og_image":[{"width":2560,"height":1429,"url":"https:\/\/www.sebastien-auziere.fr\/blog\/wp-content\/uploads\/2026\/04\/Delicieux-moment-a-Rome-Brigitte-et-Emmanuel-Macron-savourent-a-nouveau-leur-restaurant-fetiche-\u2013-decouvrez-les-images-exclusives.jpg","type":"image\/jpeg"}],"author":"Chloe Gauthier","twitter_card":"summary_large_image","twitter_misc":{"\u00c9crit par":"Chloe Gauthier","Dur\u00e9e de lecture estim\u00e9e":"3 minutes"},"schema":{"@context":"https:\/\/schema.org","@graph":[{"@type":"Article","@id":"https:\/\/www.sebastien-auziere.fr\/blog\/macron-rome-restaurant\/#article","isPartOf":{"@id":"https:\/\/www.sebastien-auziere.fr\/blog\/macron-rome-restaurant\/"},"author":{"name":"Chloe Gauthier","@id":"https:\/\/www.sebastien-auziere.fr\/blog\/#\/schema\/person\/149f1acdbfd85149c6c3e59adeae2f4d"},"headline":"D\u00e9licieux moment \u00e0 Rome : Brigitte et Emmanuel Macron savourent \u00e0 nouveau leur restaurant f\u00e9tiche \u2013 d\u00e9couvrez les images exclusives","datePublished":"2026-04-17T07:11:29+00:00","mainEntityOfPage":{"@id":"https:\/\/www.sebastien-auziere.fr\/blog\/macron-rome-restaurant\/"},"wordCount":562,"commentCount":0,"publisher":{"@id":"https:\/\/www.sebastien-auziere.fr\/blog\/#organization"},"image":{"@id":"https:\/\/www.sebastien-auziere.fr\/blog\/macron-rome-restaurant\/#primaryimage"},"thumbnailUrl":"https:\/\/www.sebastien-auziere.fr\/blog\/wp-content\/uploads\/2026\/04\/Delicieux-moment-a-Rome-Brigitte-et-Emmanuel-Macron-savourent-a-nouveau-leur-restaurant-fetiche-\u2013-decouvrez-les-images-exclusives.jpg","keywords":["brigitte macron","emmanuel macron","moment gourmand","restaurant f\u00e9tiche","rome"],"articleSection":["Actualit\u00e9s"],"inLanguage":"fr-FR","potentialAction":[{"@type":"CommentAction","name":"Comment","target":["https:\/\/www.sebastien-auziere.fr\/blog\/macron-rome-restaurant\/#respond"]}]},{"@type":"WebPage","@id":"https:\/\/www.sebastien-auziere.fr\/blog\/macron-rome-restaurant\/","url":"https:\/\/www.sebastien-auziere.fr\/blog\/macron-rome-restaurant\/","name":"D\u00e9licieux moment \u00e0 Rome : Brigitte et Emmanuel Macron savourent \u00e0 nouveau leur restaurant f\u00e9tiche \u2013 d\u00e9couvrez les images exclusives - Fan site S\u00e9bastien Auzi\u00e8re","isPartOf":{"@id":"https:\/\/www.sebastien-auziere.fr\/blog\/#website"},"primaryImageOfPage":{"@id":"https:\/\/www.sebastien-auziere.fr\/blog\/macron-rome-restaurant\/#primaryimage"},"image":{"@id":"https:\/\/www.sebastien-auziere.fr\/blog\/macron-rome-restaurant\/#primaryimage"},"thumbnailUrl":"https:\/\/www.sebastien-auziere.fr\/blog\/wp-content\/uploads\/2026\/04\/Delicieux-moment-a-Rome-Brigitte-et-Emmanuel-Macron-savourent-a-nouveau-leur-restaurant-fetiche-\u2013-decouvrez-les-images-exclusives.jpg","datePublished":"2026-04-17T07:11:29+00:00","description":"D\u00e9couvrez Brigitte et Emmanuel Macron savourant leur restaurant favori \u00e0 Rome. Moments exclusifs et d\u00e9licieux \u00e0 ne pas manquer !","breadcrumb":{"@id":"https:\/\/www.sebastien-auziere.fr\/blog\/macron-rome-restaurant\/#breadcrumb"},"inLanguage":"fr-FR","potentialAction":[{"@type":"ReadAction","target":["https:\/\/www.sebastien-auziere.fr\/blog\/macron-rome-restaurant\/"]}]},{"@type":"ImageObject","inLanguage":"fr-FR","@id":"https:\/\/www.sebastien-auziere.fr\/blog\/macron-rome-restaurant\/#primaryimage","url":"https:\/\/www.sebastien-auziere.fr\/blog\/wp-content\/uploads\/2026\/04\/Delicieux-moment-a-Rome-Brigitte-et-Emmanuel-Macron-savourent-a-nouveau-leur-restaurant-fetiche-\u2013-decouvrez-les-images-exclusives.jpg","contentUrl":"https:\/\/www.sebastien-auziere.fr\/blog\/wp-content\/uploads\/2026\/04\/Delicieux-moment-a-Rome-Brigitte-et-Emmanuel-Macron-savourent-a-nouveau-leur-restaurant-fetiche-\u2013-decouvrez-les-images-exclusives.jpg","width":2560,"height":1429,"caption":"d\u00e9couvrez brigitte et emmanuel macron, savourant un d\u00e9licieux moment dans leur restaurant pr\u00e9f\u00e9r\u00e9 \u00e0 rome. plongez dans ces images exclusives d'un d\u00eener intime et gourmand."},{"@type":"BreadcrumbList","@id":"https:\/\/www.sebastien-auziere.fr\/blog\/macron-rome-restaurant\/#breadcrumb","itemListElement":[{"@type":"ListItem","position":1,"name":"Home","item":"https:\/\/www.sebastien-auziere.fr\/blog\/"},{"@type":"ListItem","position":2,"name":"D\u00e9licieux moment \u00e0 Rome : Brigitte et Emmanuel Macron savourent \u00e0 nouveau leur restaurant f\u00e9tiche \u2013 d\u00e9couvrez les images exclusives"}]},{"@type":"WebSite","@id":"https:\/\/www.sebastien-auziere.fr\/blog\/#website","url":"https:\/\/www.sebastien-auziere.fr\/blog\/","name":"Fan site S\u00e9bastien Auzi\u00e8re","description":"M\u00e9dia g\u00e9n\u00e9raliste","publisher":{"@id":"https:\/\/www.sebastien-auziere.fr\/blog\/#organization"},"potentialAction":[{"@type":"SearchAction","target":{"@type":"EntryPoint","urlTemplate":"https:\/\/www.sebastien-auziere.fr\/blog\/?s={search_term_string}"},"query-input":{"@type":"PropertyValueSpecification","valueRequired":true,"valueName":"search_term_string"}}],"inLanguage":"fr-FR"},{"@type":"Organization","@id":"https:\/\/www.sebastien-auziere.fr\/blog\/#organization","name":"Fan site S\u00e9bastien Auzi\u00e8re","url":"https:\/\/www.sebastien-auziere.fr\/blog\/","logo":{"@type":"ImageObject","inLanguage":"fr-FR","@id":"https:\/\/www.sebastien-auziere.fr\/blog\/#\/schema\/logo\/image\/","url":"https:\/\/www.sebastien-auziere.fr\/blog\/wp-content\/uploads\/2026\/03\/cropped-cropped-cropped-ChatGPT-Image-6-mars-2026-12_58_09-e1772798376794.jpg","contentUrl":"https:\/\/www.sebastien-auziere.fr\/blog\/wp-content\/uploads\/2026\/03\/cropped-cropped-cropped-ChatGPT-Image-6-mars-2026-12_58_09-e1772798376794.jpg","width":512,"height":360,"caption":"Fan site S\u00e9bastien Auzi\u00e8re"},"image":{"@id":"https:\/\/www.sebastien-auziere.fr\/blog\/#\/schema\/logo\/image\/"}},{"@type":"Person","@id":"https:\/\/www.sebastien-auziere.fr\/blog\/#\/schema\/person\/149f1acdbfd85149c6c3e59adeae2f4d","name":"Chloe Gauthier","image":{"@type":"ImageObject","inLanguage":"fr-FR","@id":"https:\/\/secure.gravatar.com\/avatar\/2c5722f58171cff738a8985ef0dd66b476e563753246a49019befc837ec4201a?s=96&d=mm&r=g","url":"https:\/\/secure.gravatar.com\/avatar\/2c5722f58171cff738a8985ef0dd66b476e563753246a49019befc837ec4201a?s=96&d=mm&r=g","contentUrl":"https:\/\/secure.gravatar.com\/avatar\/2c5722f58171cff738a8985ef0dd66b476e563753246a49019befc837ec4201a?s=96&d=mm&r=g","caption":"Chloe Gauthier"},"description":"Passionn\u00e9e par la politique et admiratrice engag\u00e9e de la famille Macron, je consacre mon \u00e9nergie \u00e0 suivre leurs initiatives et \u00e0 promouvoir leurs id\u00e9es. \u00c0 32 ans, je suis convaincue que leur vision est porteuse d'avenir.","url":"https:\/\/www.sebastien-auziere.fr\/blog\/author\/chloe-gauthier\/"}]}},"views":820,"_links":{"self":[{"href":"https:\/\/www.sebastien-auziere.fr\/blog\/wp-json\/wp\/v2\/posts\/3089","targetHints":{"allow":["GET"]}}],"collection":[{"href":"https:\/\/www.sebastien-auziere.fr\/blog\/wp-json\/wp\/v2\/posts"}],"about":[{"href":"https:\/\/www.sebastien-auziere.fr\/blog\/wp-json\/wp\/v2\/types\/post"}],"author":[{"embeddable":true,"href":"https:\/\/www.sebastien-auziere.fr\/blog\/wp-json\/wp\/v2\/users\/9"}],"replies":[{"embeddable":true,"href":"https:\/\/www.sebastien-auziere.fr\/blog\/wp-json\/wp\/v2\/comments?post=3089"}],"version-history":[{"count":0,"href":"https:\/\/www.sebastien-auziere.fr\/blog\/wp-json\/wp\/v2\/posts\/3089\/revisions"}],"wp:featuredmedia":[{"embeddable":true,"href":"https:\/\/www.sebastien-auziere.fr\/blog\/wp-json\/wp\/v2\/media\/3088"}],"wp:attachment":[{"href":"https:\/\/www.sebastien-auziere.fr\/blog\/wp-json\/wp\/v2\/media?parent=3089"}],"wp:term":[{"taxonomy":"category","embeddable":true,"href":"https:\/\/www.sebastien-auziere.fr\/blog\/wp-json\/wp\/v2\/categories?post=3089"},{"taxonomy":"post_tag","embeddable":true,"href":"https:\/\/www.sebastien-auziere.fr\/blog\/wp-json\/wp\/v2\/tags?post=3089"}],"curies":[{"name":"wp","href":"https:\/\/api.w.org\/{rel}","templated":true}]}}