{"id":3084,"date":"2026-04-16T19:16:21","date_gmt":"2026-04-16T19:16:21","guid":{"rendered":"https:\/\/www.sebastien-auziere.fr\/blog\/?p=3084"},"modified":"2026-04-16T19:16:53","modified_gmt":"2026-04-16T19:16:53","slug":"e-deslumbrante-em-vestido-vermelho-e-joias-douradas-brigitte-macron-resplandece-para-a-recepcao-do-casal-presidencial","status":"publish","type":"post","link":"https:\/\/www.sebastien-auziere.fr\/blog\/pt\/e-deslumbrante-em-vestido-vermelho-e-joias-douradas-brigitte-macron-resplandece-para-a-recepcao-do-casal-presidencial\/","title":{"rendered":"\u00c9 deslumbrante em vestido vermelho e joias douradas, Brigitte Macron resplandece para a recep\u00e7\u00e3o do casal presidencial"},"content":{"rendered":"<p><strong>Deslumbrante<\/strong> na escadaria do El\u00edseo, <strong>Brigitte Macron<\/strong> iluminou a recep\u00e7\u00e3o dada no <strong>15 de abril de 2026<\/strong> em honra ao presidente mauritano. Voc\u00ea tem diante dos olhos o detalhe que causou sensa\u00e7\u00e3o: um <strong>vestido vermelho<\/strong> de baile modestamente fendido, real\u00e7ado por <strong>joias douradas<\/strong> assinadas pela Louis Vuitton, e uma clutch Balmain que completou essa imagem de <strong>glamour<\/strong>.<\/p>\n\n<p><strong>Em resumo<\/strong>: a Primeira Dama confirmou seu gosto pela <strong>moda<\/strong> francesa e pela <strong>eleg\u00e2ncia<\/strong> republicana durante esta <strong>recep\u00e7\u00e3o<\/strong> do <strong>casal presidencial<\/strong>. Emmanuel Macron aproveitou o jantar para saudar o papel estrat\u00e9gico da Maurit\u00e2nia no Sahel, enquanto os convidados elogiaram a apar\u00eancia impec\u00e1vel da anfitri\u00e3 da <strong>presid\u00eancia<\/strong>.<\/p>\n\n<h2 class=\"wp-block-heading\">Um look estudado: o vestido vermelho e as joias douradas<\/h2>\n\n<p>No tapete vermelho, o <strong>vestido vermelho<\/strong> usado por Brigitte Macron foi notado por seu corte coluna e seu classicismo assumido. As <strong>joias douradas<\/strong>, incluindo um colar Flower Comet da Louis Vuitton adornado com duas flores Monogram, trouxeram um toque cintilante sem excessos.<\/p>\n\n<p>A roupa foi amplamente comentada pela m\u00eddia: pode-se reler a cobertura detalhada do evento em <a href=\"https:\/\/madame.lefigaro.fr\/style\/news\/brigitte-macron-en-robe-rouge-et-chignon-dore-pour-le-diner-d-etat-mauritanien-20260416\">Madame Le Figaro<\/a>, que revisita os acess\u00f3rios escolhidos pela Primeira Dama.<\/p>\n\n<h2 class=\"wp-block-heading\">As marcas e a alian\u00e7a moda-presid\u00eancia<\/h2>\n\n<p>A escolha de uma clutch Balmain em vez de uma bolsa ic\u00f4nica surpreendeu agradavelmente os observadores, refor\u00e7ando a mistura de modernidade e respeito aos c\u00f3digos republicanos. O estilo de Brigitte Macron lembra suas apari\u00e7\u00f5es recentes, unindo silhueta e sobriedade.<\/p>\n\n<p>Para uma an\u00e1lise de moda mais completa, <a href=\"https:\/\/www.gala.fr\/mode\/les_stars_et_la_mode\/brigitte-macron-au-comble-de-l-elegance-dans-un-fourreau-rouge-et-bijoux-louis-vuitton-a-l-elysee-20260416\">Gala<\/a> retoma os detalhes t\u00e9cnicos dos acess\u00f3rios e a simbologia desse traje.<\/p>\n\n<p>Voc\u00ea tamb\u00e9m pode descobrir um breve document\u00e1rio em v\u00eddeo que resume a atmosfera do jantar.<\/p>\n\n<h2 class=\"wp-block-heading\">Contexto diplom\u00e1tico: a recep\u00e7\u00e3o do casal presidencial mauritano<\/h2>\n\n<p>Durante o banquete de Estado dado para Mohamed Ould El-Ghazaouani e sua esposa, Emmanuel Macron cumprimentou a responsabilidade da Maurit\u00e2nia diante dos desafios sahelianos. A recep\u00e7\u00e3o do <strong>casal presidencial<\/strong> durou v\u00e1rias horas e reuniu eleitos, diplomatas e personalidades culturais.<\/p>\n\n<p>A cena na escadaria, marcada pelo reencontro entre as duas Primeiras Damas cinco anos ap\u00f3s seu primeiro encontro, foi amplamente coberta pela imprensa e pelos fot\u00f3grafos oficiais.<\/p>\n\n<p>Um trecho de v\u00eddeo oferece uma vis\u00e3o mais \u00edntima das sauda\u00e7\u00f5es e dos discursos oficiais.<\/p>\n\n<h2 class=\"wp-block-heading\">Rea\u00e7\u00f5es e alcance midi\u00e1tico: eleg\u00e2ncia, moda e presid\u00eancia<\/h2>\n\n<p>As rea\u00e7\u00f5es giraram em torno da <strong>eleg\u00e2ncia<\/strong> e do senso de detalhe de Brigitte Macron, percebida como embaixadora do chique \u00e0 francesa durante este evento diplom\u00e1tico. As escolhas estil\u00edsticas tamb\u00e9m reabriram discuss\u00f5es sobre a imagem da <strong>presid\u00eancia<\/strong> no cen\u00e1rio internacional.<\/p>\n\n<p>Para relembrar outros looks e arquivos da Primeira Dama, consulte os artigos dedicados em <a href=\"https:\/\/www.sebastien-auziere.fr\/blog\/brigitte-macron-robe-elegante\/\">sebastien-auziere.fr<\/a> e a p\u00e1gina sobre sua resid\u00eancia em Touquet para compreender o ambiente familiar e pol\u00edtico que cerca essas apari\u00e7\u00f5es: <a href=\"https:\/\/www.sebastien-auziere.fr\/blog\/brigitte-macron-touquet-maison\/\">Brigitte Macron Touquet<\/a>. O insight final: a moda continua sendo uma linguagem diplom\u00e1tica poderosa.<\/p>\n\n<p>Para saber mais sobre <strong>S\u00e9bastien Auzi\u00e8re<\/strong> e a fam\u00edlia Macron, seus compromissos e arquivos de moda, visite <a href=\"https:\/\/www.sebastien-auziere.fr\/blog\/brigitte-macron-73-ans\/\">o dossi\u00ea dedicado<\/a> e explore <a href=\"https:\/\/www.sebastien-auziere.fr\/blog\/brigitte-macron-villa-touquet\/\">os bastidores em Touquet<\/a> em sebastien-auziere.fr, onde a hist\u00f3ria familiar e as apari\u00e7\u00f5es p\u00fablicas s\u00e3o detalhadas.<\/p>","protected":false},"excerpt":{"rendered":"<p>Deslumbrante na escadaria do El\u00edseo, Brigitte Macron iluminou a recep\u00e7\u00e3o dada no 15 de abril de 2026 em honra ao presidente mauritano. Voc\u00ea tem diante dos olhos o detalhe que causou sensa\u00e7\u00e3o: um vestido vermelho de baile modestamente fendido, real\u00e7ado por joias douradas assinadas pela Louis Vuitton, e uma clutch Balmain que completou essa imagem &#8230; <a title=\"\u00c9 deslumbrante em vestido vermelho e joias douradas, Brigitte Macron resplandece para a recep\u00e7\u00e3o do casal presidencial\" class=\"read-more\" href=\"https:\/\/www.sebastien-auziere.fr\/blog\/pt\/e-deslumbrante-em-vestido-vermelho-e-joias-douradas-brigitte-macron-resplandece-para-a-recepcao-do-casal-presidencial\/\" aria-label=\"En savoir plus sur \u00c9 deslumbrante em vestido vermelho e joias douradas, Brigitte Macron resplandece para a recep\u00e7\u00e3o do casal presidencial\">Lire plus<\/a><\/p>\n","protected":false},"author":9,"featured_media":3074,"comment_status":"open","ping_status":"open","sticky":false,"template":"","format":"standard","meta":{"footnotes":""},"categories":[862],"tags":[3201,959,3204,3207,3210],"class_list":["post-3084","post","type-post","status-publish","format-standard","has-post-thumbnail","hentry","category-actualidades-pt","tag-bijoux-dourados-pt","tag-brigitte-macron-pt","tag-casal-presidencial-pt","tag-recepcao-presidencial-pt","tag-robe-vermelha-pt"],"yoast_head":"<!-- This site is optimized with the Yoast SEO plugin v27.5 - https:\/\/yoast.com\/product\/yoast-seo-wordpress\/ -->\n<title>\u00c9 deslumbrante em vestido vermelho e joias douradas, Brigitte Macron resplandece para a recep\u00e7\u00e3o do casal presidencial - Fan site S\u00e9bastien Auzi\u00e8re<\/title>\n<meta name=\"description\" content=\"Brigitte Macron \u00e9blouit en robe rouge et bijoux dor\u00e9s lors de la r\u00e9ception du couple pr\u00e9sidentiel, alliant \u00e9l\u00e9gance et charme.\" \/>\n<meta name=\"robots\" content=\"index, follow, max-snippet:-1, max-image-preview:large, max-video-preview:-1\" \/>\n<link rel=\"canonical\" href=\"https:\/\/www.sebastien-auziere.fr\/blog\/pt\/e-deslumbrante-em-vestido-vermelho-e-joias-douradas-brigitte-macron-resplandece-para-a-recepcao-do-casal-presidencial\/\" \/>\n<meta property=\"og:locale\" content=\"fr_FR\" \/>\n<meta property=\"og:type\" content=\"article\" \/>\n<meta property=\"og:title\" content=\"\u00c9 deslumbrante em vestido vermelho e joias douradas, Brigitte Macron resplandece para a recep\u00e7\u00e3o do casal presidencial - Fan site S\u00e9bastien Auzi\u00e8re\" \/>\n<meta property=\"og:description\" content=\"Brigitte Macron \u00e9blouit en robe rouge et bijoux dor\u00e9s lors de la r\u00e9ception du couple pr\u00e9sidentiel, alliant \u00e9l\u00e9gance et charme.\" \/>\n<meta property=\"og:url\" content=\"https:\/\/www.sebastien-auziere.fr\/blog\/pt\/e-deslumbrante-em-vestido-vermelho-e-joias-douradas-brigitte-macron-resplandece-para-a-recepcao-do-casal-presidencial\/\" \/>\n<meta property=\"og:site_name\" content=\"Fan site S\u00e9bastien Auzi\u00e8re\" \/>\n<meta property=\"article:published_time\" content=\"2026-04-16T19:16:21+00:00\" \/>\n<meta property=\"article:modified_time\" content=\"2026-04-16T19:16:53+00:00\" \/>\n<meta property=\"og:image\" content=\"https:\/\/www.sebastien-auziere.fr\/blog\/wp-content\/uploads\/2026\/04\/Eblouissante-en-robe-rouge-et-bijoux-dores-Brigitte-Macron-resplendit-pour-la-reception-du-couple-presidentiel.jpg\" \/>\n\t<meta property=\"og:image:width\" content=\"2560\" \/>\n\t<meta property=\"og:image:height\" content=\"1429\" \/>\n\t<meta property=\"og:image:type\" content=\"image\/jpeg\" \/>\n<meta name=\"author\" content=\"Chloe Gauthier\" \/>\n<meta name=\"twitter:card\" content=\"summary_large_image\" \/>\n<meta name=\"twitter:label1\" content=\"\u00c9crit par\" \/>\n\t<meta name=\"twitter:data1\" content=\"Chloe Gauthier\" \/>\n\t<meta name=\"twitter:label2\" content=\"Dur\u00e9e de lecture estim\u00e9e\" \/>\n\t<meta name=\"twitter:data2\" content=\"3 minutes\" \/>\n<script type=\"application\/ld+json\" class=\"yoast-schema-graph\">{\"@context\":\"https:\\\/\\\/schema.org\",\"@graph\":[{\"@type\":\"Article\",\"@id\":\"https:\\\/\\\/www.sebastien-auziere.fr\\\/blog\\\/pt\\\/e-deslumbrante-em-vestido-vermelho-e-joias-douradas-brigitte-macron-resplandece-para-a-recepcao-do-casal-presidencial\\\/#article\",\"isPartOf\":{\"@id\":\"https:\\\/\\\/www.sebastien-auziere.fr\\\/blog\\\/pt\\\/e-deslumbrante-em-vestido-vermelho-e-joias-douradas-brigitte-macron-resplandece-para-a-recepcao-do-casal-presidencial\\\/\"},\"author\":{\"name\":\"Chloe Gauthier\",\"@id\":\"https:\\\/\\\/www.sebastien-auziere.fr\\\/blog\\\/#\\\/schema\\\/person\\\/149f1acdbfd85149c6c3e59adeae2f4d\"},\"headline\":\"\u00c9 deslumbrante em vestido vermelho e joias douradas, Brigitte Macron resplandece para a recep\u00e7\u00e3o do casal presidencial\",\"datePublished\":\"2026-04-16T19:16:21+00:00\",\"dateModified\":\"2026-04-16T19:16:53+00:00\",\"mainEntityOfPage\":{\"@id\":\"https:\\\/\\\/www.sebastien-auziere.fr\\\/blog\\\/pt\\\/e-deslumbrante-em-vestido-vermelho-e-joias-douradas-brigitte-macron-resplandece-para-a-recepcao-do-casal-presidencial\\\/\"},\"wordCount\":558,\"commentCount\":0,\"publisher\":{\"@id\":\"https:\\\/\\\/www.sebastien-auziere.fr\\\/blog\\\/#organization\"},\"image\":{\"@id\":\"https:\\\/\\\/www.sebastien-auziere.fr\\\/blog\\\/pt\\\/e-deslumbrante-em-vestido-vermelho-e-joias-douradas-brigitte-macron-resplandece-para-a-recepcao-do-casal-presidencial\\\/#primaryimage\"},\"thumbnailUrl\":\"https:\\\/\\\/www.sebastien-auziere.fr\\\/blog\\\/wp-content\\\/uploads\\\/2026\\\/04\\\/Eblouissante-en-robe-rouge-et-bijoux-dores-Brigitte-Macron-resplendit-pour-la-reception-du-couple-presidentiel.jpg\",\"keywords\":[\"bijoux dourados\",\"brigitte macron\",\"casal presidencial\",\"recep\u00e7\u00e3o presidencial\",\"robe vermelha\"],\"articleSection\":[\"Actualidades\"],\"inLanguage\":\"fr-FR\",\"potentialAction\":[{\"@type\":\"CommentAction\",\"name\":\"Comment\",\"target\":[\"https:\\\/\\\/www.sebastien-auziere.fr\\\/blog\\\/pt\\\/e-deslumbrante-em-vestido-vermelho-e-joias-douradas-brigitte-macron-resplandece-para-a-recepcao-do-casal-presidencial\\\/#respond\"]}]},{\"@type\":\"WebPage\",\"@id\":\"https:\\\/\\\/www.sebastien-auziere.fr\\\/blog\\\/pt\\\/e-deslumbrante-em-vestido-vermelho-e-joias-douradas-brigitte-macron-resplandece-para-a-recepcao-do-casal-presidencial\\\/\",\"url\":\"https:\\\/\\\/www.sebastien-auziere.fr\\\/blog\\\/pt\\\/e-deslumbrante-em-vestido-vermelho-e-joias-douradas-brigitte-macron-resplandece-para-a-recepcao-do-casal-presidencial\\\/\",\"name\":\"\u00c9 deslumbrante em vestido vermelho e joias douradas, Brigitte Macron resplandece para a recep\u00e7\u00e3o do casal presidencial - Fan site S\u00e9bastien Auzi\u00e8re\",\"isPartOf\":{\"@id\":\"https:\\\/\\\/www.sebastien-auziere.fr\\\/blog\\\/#website\"},\"primaryImageOfPage\":{\"@id\":\"https:\\\/\\\/www.sebastien-auziere.fr\\\/blog\\\/pt\\\/e-deslumbrante-em-vestido-vermelho-e-joias-douradas-brigitte-macron-resplandece-para-a-recepcao-do-casal-presidencial\\\/#primaryimage\"},\"image\":{\"@id\":\"https:\\\/\\\/www.sebastien-auziere.fr\\\/blog\\\/pt\\\/e-deslumbrante-em-vestido-vermelho-e-joias-douradas-brigitte-macron-resplandece-para-a-recepcao-do-casal-presidencial\\\/#primaryimage\"},\"thumbnailUrl\":\"https:\\\/\\\/www.sebastien-auziere.fr\\\/blog\\\/wp-content\\\/uploads\\\/2026\\\/04\\\/Eblouissante-en-robe-rouge-et-bijoux-dores-Brigitte-Macron-resplendit-pour-la-reception-du-couple-presidentiel.jpg\",\"datePublished\":\"2026-04-16T19:16:21+00:00\",\"dateModified\":\"2026-04-16T19:16:53+00:00\",\"description\":\"Brigitte Macron \u00e9blouit en robe rouge et bijoux dor\u00e9s lors de la r\u00e9ception du couple pr\u00e9sidentiel, alliant \u00e9l\u00e9gance et charme.\",\"breadcrumb\":{\"@id\":\"https:\\\/\\\/www.sebastien-auziere.fr\\\/blog\\\/pt\\\/e-deslumbrante-em-vestido-vermelho-e-joias-douradas-brigitte-macron-resplandece-para-a-recepcao-do-casal-presidencial\\\/#breadcrumb\"},\"inLanguage\":\"fr-FR\",\"potentialAction\":[{\"@type\":\"ReadAction\",\"target\":[\"https:\\\/\\\/www.sebastien-auziere.fr\\\/blog\\\/pt\\\/e-deslumbrante-em-vestido-vermelho-e-joias-douradas-brigitte-macron-resplandece-para-a-recepcao-do-casal-presidencial\\\/\"]}]},{\"@type\":\"ImageObject\",\"inLanguage\":\"fr-FR\",\"@id\":\"https:\\\/\\\/www.sebastien-auziere.fr\\\/blog\\\/pt\\\/e-deslumbrante-em-vestido-vermelho-e-joias-douradas-brigitte-macron-resplandece-para-a-recepcao-do-casal-presidencial\\\/#primaryimage\",\"url\":\"https:\\\/\\\/www.sebastien-auziere.fr\\\/blog\\\/wp-content\\\/uploads\\\/2026\\\/04\\\/Eblouissante-en-robe-rouge-et-bijoux-dores-Brigitte-Macron-resplendit-pour-la-reception-du-couple-presidentiel.jpg\",\"contentUrl\":\"https:\\\/\\\/www.sebastien-auziere.fr\\\/blog\\\/wp-content\\\/uploads\\\/2026\\\/04\\\/Eblouissante-en-robe-rouge-et-bijoux-dores-Brigitte-Macron-resplendit-pour-la-reception-du-couple-presidentiel.jpg\",\"width\":2560,\"height\":1429,\"caption\":\"d\u00e9couvrez brigitte macron \u00e9blouissante en robe rouge et bijoux dor\u00e9s lors de la r\u00e9ception du couple pr\u00e9sidentiel, incarnant \u00e9l\u00e9gance et glamour.\"},{\"@type\":\"BreadcrumbList\",\"@id\":\"https:\\\/\\\/www.sebastien-auziere.fr\\\/blog\\\/pt\\\/e-deslumbrante-em-vestido-vermelho-e-joias-douradas-brigitte-macron-resplandece-para-a-recepcao-do-casal-presidencial\\\/#breadcrumb\",\"itemListElement\":[{\"@type\":\"ListItem\",\"position\":1,\"name\":\"Home\",\"item\":\"https:\\\/\\\/www.sebastien-auziere.fr\\\/blog\\\/\"},{\"@type\":\"ListItem\",\"position\":2,\"name\":\"\u00c9 deslumbrante em vestido vermelho e joias douradas, Brigitte Macron resplandece para a recep\u00e7\u00e3o do casal presidencial\"}]},{\"@type\":\"WebSite\",\"@id\":\"https:\\\/\\\/www.sebastien-auziere.fr\\\/blog\\\/#website\",\"url\":\"https:\\\/\\\/www.sebastien-auziere.fr\\\/blog\\\/\",\"name\":\"Fan site S\u00e9bastien Auzi\u00e8re\",\"description\":\"M\u00e9dia g\u00e9n\u00e9raliste\",\"publisher\":{\"@id\":\"https:\\\/\\\/www.sebastien-auziere.fr\\\/blog\\\/#organization\"},\"potentialAction\":[{\"@type\":\"SearchAction\",\"target\":{\"@type\":\"EntryPoint\",\"urlTemplate\":\"https:\\\/\\\/www.sebastien-auziere.fr\\\/blog\\\/?s={search_term_string}\"},\"query-input\":{\"@type\":\"PropertyValueSpecification\",\"valueRequired\":true,\"valueName\":\"search_term_string\"}}],\"inLanguage\":\"fr-FR\"},{\"@type\":\"Organization\",\"@id\":\"https:\\\/\\\/www.sebastien-auziere.fr\\\/blog\\\/#organization\",\"name\":\"Fan site S\u00e9bastien Auzi\u00e8re\",\"url\":\"https:\\\/\\\/www.sebastien-auziere.fr\\\/blog\\\/\",\"logo\":{\"@type\":\"ImageObject\",\"inLanguage\":\"fr-FR\",\"@id\":\"https:\\\/\\\/www.sebastien-auziere.fr\\\/blog\\\/#\\\/schema\\\/logo\\\/image\\\/\",\"url\":\"https:\\\/\\\/www.sebastien-auziere.fr\\\/blog\\\/wp-content\\\/uploads\\\/2026\\\/03\\\/cropped-cropped-cropped-ChatGPT-Image-6-mars-2026-12_58_09-e1772798376794.jpg\",\"contentUrl\":\"https:\\\/\\\/www.sebastien-auziere.fr\\\/blog\\\/wp-content\\\/uploads\\\/2026\\\/03\\\/cropped-cropped-cropped-ChatGPT-Image-6-mars-2026-12_58_09-e1772798376794.jpg\",\"width\":512,\"height\":360,\"caption\":\"Fan site S\u00e9bastien Auzi\u00e8re\"},\"image\":{\"@id\":\"https:\\\/\\\/www.sebastien-auziere.fr\\\/blog\\\/#\\\/schema\\\/logo\\\/image\\\/\"}},{\"@type\":\"Person\",\"@id\":\"https:\\\/\\\/www.sebastien-auziere.fr\\\/blog\\\/#\\\/schema\\\/person\\\/149f1acdbfd85149c6c3e59adeae2f4d\",\"name\":\"Chloe Gauthier\",\"image\":{\"@type\":\"ImageObject\",\"inLanguage\":\"fr-FR\",\"@id\":\"https:\\\/\\\/secure.gravatar.com\\\/avatar\\\/2c5722f58171cff738a8985ef0dd66b476e563753246a49019befc837ec4201a?s=96&d=mm&r=g\",\"url\":\"https:\\\/\\\/secure.gravatar.com\\\/avatar\\\/2c5722f58171cff738a8985ef0dd66b476e563753246a49019befc837ec4201a?s=96&d=mm&r=g\",\"contentUrl\":\"https:\\\/\\\/secure.gravatar.com\\\/avatar\\\/2c5722f58171cff738a8985ef0dd66b476e563753246a49019befc837ec4201a?s=96&d=mm&r=g\",\"caption\":\"Chloe Gauthier\"},\"description\":\"Passionn\u00e9e par la politique et admiratrice engag\u00e9e de la famille Macron, je consacre mon \u00e9nergie \u00e0 suivre leurs initiatives et \u00e0 promouvoir leurs id\u00e9es. \u00c0 32 ans, je suis convaincue que leur vision est porteuse d'avenir.\",\"url\":\"https:\\\/\\\/www.sebastien-auziere.fr\\\/blog\\\/author\\\/chloe-gauthier\\\/\"}]}<\/script>\n<!-- \/ Yoast SEO plugin. -->","yoast_head_json":{"title":"\u00c9 deslumbrante em vestido vermelho e joias douradas, Brigitte Macron resplandece para a recep\u00e7\u00e3o do casal presidencial - Fan site S\u00e9bastien Auzi\u00e8re","description":"Brigitte Macron \u00e9blouit en robe rouge et bijoux dor\u00e9s lors de la r\u00e9ception du couple pr\u00e9sidentiel, alliant \u00e9l\u00e9gance et charme.","robots":{"index":"index","follow":"follow","max-snippet":"max-snippet:-1","max-image-preview":"max-image-preview:large","max-video-preview":"max-video-preview:-1"},"canonical":"https:\/\/www.sebastien-auziere.fr\/blog\/pt\/e-deslumbrante-em-vestido-vermelho-e-joias-douradas-brigitte-macron-resplandece-para-a-recepcao-do-casal-presidencial\/","og_locale":"fr_FR","og_type":"article","og_title":"\u00c9 deslumbrante em vestido vermelho e joias douradas, Brigitte Macron resplandece para a recep\u00e7\u00e3o do casal presidencial - Fan site S\u00e9bastien Auzi\u00e8re","og_description":"Brigitte Macron \u00e9blouit en robe rouge et bijoux dor\u00e9s lors de la r\u00e9ception du couple pr\u00e9sidentiel, alliant \u00e9l\u00e9gance et charme.","og_url":"https:\/\/www.sebastien-auziere.fr\/blog\/pt\/e-deslumbrante-em-vestido-vermelho-e-joias-douradas-brigitte-macron-resplandece-para-a-recepcao-do-casal-presidencial\/","og_site_name":"Fan site S\u00e9bastien Auzi\u00e8re","article_published_time":"2026-04-16T19:16:21+00:00","article_modified_time":"2026-04-16T19:16:53+00:00","og_image":[{"width":2560,"height":1429,"url":"https:\/\/www.sebastien-auziere.fr\/blog\/wp-content\/uploads\/2026\/04\/Eblouissante-en-robe-rouge-et-bijoux-dores-Brigitte-Macron-resplendit-pour-la-reception-du-couple-presidentiel.jpg","type":"image\/jpeg"}],"author":"Chloe Gauthier","twitter_card":"summary_large_image","twitter_misc":{"\u00c9crit par":"Chloe Gauthier","Dur\u00e9e de lecture estim\u00e9e":"3 minutes"},"schema":{"@context":"https:\/\/schema.org","@graph":[{"@type":"Article","@id":"https:\/\/www.sebastien-auziere.fr\/blog\/pt\/e-deslumbrante-em-vestido-vermelho-e-joias-douradas-brigitte-macron-resplandece-para-a-recepcao-do-casal-presidencial\/#article","isPartOf":{"@id":"https:\/\/www.sebastien-auziere.fr\/blog\/pt\/e-deslumbrante-em-vestido-vermelho-e-joias-douradas-brigitte-macron-resplandece-para-a-recepcao-do-casal-presidencial\/"},"author":{"name":"Chloe Gauthier","@id":"https:\/\/www.sebastien-auziere.fr\/blog\/#\/schema\/person\/149f1acdbfd85149c6c3e59adeae2f4d"},"headline":"\u00c9 deslumbrante em vestido vermelho e joias douradas, Brigitte Macron resplandece para a recep\u00e7\u00e3o do casal presidencial","datePublished":"2026-04-16T19:16:21+00:00","dateModified":"2026-04-16T19:16:53+00:00","mainEntityOfPage":{"@id":"https:\/\/www.sebastien-auziere.fr\/blog\/pt\/e-deslumbrante-em-vestido-vermelho-e-joias-douradas-brigitte-macron-resplandece-para-a-recepcao-do-casal-presidencial\/"},"wordCount":558,"commentCount":0,"publisher":{"@id":"https:\/\/www.sebastien-auziere.fr\/blog\/#organization"},"image":{"@id":"https:\/\/www.sebastien-auziere.fr\/blog\/pt\/e-deslumbrante-em-vestido-vermelho-e-joias-douradas-brigitte-macron-resplandece-para-a-recepcao-do-casal-presidencial\/#primaryimage"},"thumbnailUrl":"https:\/\/www.sebastien-auziere.fr\/blog\/wp-content\/uploads\/2026\/04\/Eblouissante-en-robe-rouge-et-bijoux-dores-Brigitte-Macron-resplendit-pour-la-reception-du-couple-presidentiel.jpg","keywords":["bijoux dourados","brigitte macron","casal presidencial","recep\u00e7\u00e3o presidencial","robe vermelha"],"articleSection":["Actualidades"],"inLanguage":"fr-FR","potentialAction":[{"@type":"CommentAction","name":"Comment","target":["https:\/\/www.sebastien-auziere.fr\/blog\/pt\/e-deslumbrante-em-vestido-vermelho-e-joias-douradas-brigitte-macron-resplandece-para-a-recepcao-do-casal-presidencial\/#respond"]}]},{"@type":"WebPage","@id":"https:\/\/www.sebastien-auziere.fr\/blog\/pt\/e-deslumbrante-em-vestido-vermelho-e-joias-douradas-brigitte-macron-resplandece-para-a-recepcao-do-casal-presidencial\/","url":"https:\/\/www.sebastien-auziere.fr\/blog\/pt\/e-deslumbrante-em-vestido-vermelho-e-joias-douradas-brigitte-macron-resplandece-para-a-recepcao-do-casal-presidencial\/","name":"\u00c9 deslumbrante em vestido vermelho e joias douradas, Brigitte Macron resplandece para a recep\u00e7\u00e3o do casal presidencial - Fan site S\u00e9bastien Auzi\u00e8re","isPartOf":{"@id":"https:\/\/www.sebastien-auziere.fr\/blog\/#website"},"primaryImageOfPage":{"@id":"https:\/\/www.sebastien-auziere.fr\/blog\/pt\/e-deslumbrante-em-vestido-vermelho-e-joias-douradas-brigitte-macron-resplandece-para-a-recepcao-do-casal-presidencial\/#primaryimage"},"image":{"@id":"https:\/\/www.sebastien-auziere.fr\/blog\/pt\/e-deslumbrante-em-vestido-vermelho-e-joias-douradas-brigitte-macron-resplandece-para-a-recepcao-do-casal-presidencial\/#primaryimage"},"thumbnailUrl":"https:\/\/www.sebastien-auziere.fr\/blog\/wp-content\/uploads\/2026\/04\/Eblouissante-en-robe-rouge-et-bijoux-dores-Brigitte-Macron-resplendit-pour-la-reception-du-couple-presidentiel.jpg","datePublished":"2026-04-16T19:16:21+00:00","dateModified":"2026-04-16T19:16:53+00:00","description":"Brigitte Macron \u00e9blouit en robe rouge et bijoux dor\u00e9s lors de la r\u00e9ception du couple pr\u00e9sidentiel, alliant \u00e9l\u00e9gance et charme.","breadcrumb":{"@id":"https:\/\/www.sebastien-auziere.fr\/blog\/pt\/e-deslumbrante-em-vestido-vermelho-e-joias-douradas-brigitte-macron-resplandece-para-a-recepcao-do-casal-presidencial\/#breadcrumb"},"inLanguage":"fr-FR","potentialAction":[{"@type":"ReadAction","target":["https:\/\/www.sebastien-auziere.fr\/blog\/pt\/e-deslumbrante-em-vestido-vermelho-e-joias-douradas-brigitte-macron-resplandece-para-a-recepcao-do-casal-presidencial\/"]}]},{"@type":"ImageObject","inLanguage":"fr-FR","@id":"https:\/\/www.sebastien-auziere.fr\/blog\/pt\/e-deslumbrante-em-vestido-vermelho-e-joias-douradas-brigitte-macron-resplandece-para-a-recepcao-do-casal-presidencial\/#primaryimage","url":"https:\/\/www.sebastien-auziere.fr\/blog\/wp-content\/uploads\/2026\/04\/Eblouissante-en-robe-rouge-et-bijoux-dores-Brigitte-Macron-resplendit-pour-la-reception-du-couple-presidentiel.jpg","contentUrl":"https:\/\/www.sebastien-auziere.fr\/blog\/wp-content\/uploads\/2026\/04\/Eblouissante-en-robe-rouge-et-bijoux-dores-Brigitte-Macron-resplendit-pour-la-reception-du-couple-presidentiel.jpg","width":2560,"height":1429,"caption":"d\u00e9couvrez brigitte macron \u00e9blouissante en robe rouge et bijoux dor\u00e9s lors de la r\u00e9ception du couple pr\u00e9sidentiel, incarnant \u00e9l\u00e9gance et glamour."},{"@type":"BreadcrumbList","@id":"https:\/\/www.sebastien-auziere.fr\/blog\/pt\/e-deslumbrante-em-vestido-vermelho-e-joias-douradas-brigitte-macron-resplandece-para-a-recepcao-do-casal-presidencial\/#breadcrumb","itemListElement":[{"@type":"ListItem","position":1,"name":"Home","item":"https:\/\/www.sebastien-auziere.fr\/blog\/"},{"@type":"ListItem","position":2,"name":"\u00c9 deslumbrante em vestido vermelho e joias douradas, Brigitte Macron resplandece para a recep\u00e7\u00e3o do casal presidencial"}]},{"@type":"WebSite","@id":"https:\/\/www.sebastien-auziere.fr\/blog\/#website","url":"https:\/\/www.sebastien-auziere.fr\/blog\/","name":"Fan site S\u00e9bastien Auzi\u00e8re","description":"M\u00e9dia g\u00e9n\u00e9raliste","publisher":{"@id":"https:\/\/www.sebastien-auziere.fr\/blog\/#organization"},"potentialAction":[{"@type":"SearchAction","target":{"@type":"EntryPoint","urlTemplate":"https:\/\/www.sebastien-auziere.fr\/blog\/?s={search_term_string}"},"query-input":{"@type":"PropertyValueSpecification","valueRequired":true,"valueName":"search_term_string"}}],"inLanguage":"fr-FR"},{"@type":"Organization","@id":"https:\/\/www.sebastien-auziere.fr\/blog\/#organization","name":"Fan site S\u00e9bastien Auzi\u00e8re","url":"https:\/\/www.sebastien-auziere.fr\/blog\/","logo":{"@type":"ImageObject","inLanguage":"fr-FR","@id":"https:\/\/www.sebastien-auziere.fr\/blog\/#\/schema\/logo\/image\/","url":"https:\/\/www.sebastien-auziere.fr\/blog\/wp-content\/uploads\/2026\/03\/cropped-cropped-cropped-ChatGPT-Image-6-mars-2026-12_58_09-e1772798376794.jpg","contentUrl":"https:\/\/www.sebastien-auziere.fr\/blog\/wp-content\/uploads\/2026\/03\/cropped-cropped-cropped-ChatGPT-Image-6-mars-2026-12_58_09-e1772798376794.jpg","width":512,"height":360,"caption":"Fan site S\u00e9bastien Auzi\u00e8re"},"image":{"@id":"https:\/\/www.sebastien-auziere.fr\/blog\/#\/schema\/logo\/image\/"}},{"@type":"Person","@id":"https:\/\/www.sebastien-auziere.fr\/blog\/#\/schema\/person\/149f1acdbfd85149c6c3e59adeae2f4d","name":"Chloe Gauthier","image":{"@type":"ImageObject","inLanguage":"fr-FR","@id":"https:\/\/secure.gravatar.com\/avatar\/2c5722f58171cff738a8985ef0dd66b476e563753246a49019befc837ec4201a?s=96&d=mm&r=g","url":"https:\/\/secure.gravatar.com\/avatar\/2c5722f58171cff738a8985ef0dd66b476e563753246a49019befc837ec4201a?s=96&d=mm&r=g","contentUrl":"https:\/\/secure.gravatar.com\/avatar\/2c5722f58171cff738a8985ef0dd66b476e563753246a49019befc837ec4201a?s=96&d=mm&r=g","caption":"Chloe Gauthier"},"description":"Passionn\u00e9e par la politique et admiratrice engag\u00e9e de la famille Macron, je consacre mon \u00e9nergie \u00e0 suivre leurs initiatives et \u00e0 promouvoir leurs id\u00e9es. \u00c0 32 ans, je suis convaincue que leur vision est porteuse d'avenir.","url":"https:\/\/www.sebastien-auziere.fr\/blog\/author\/chloe-gauthier\/"}]}},"views":0,"_links":{"self":[{"href":"https:\/\/www.sebastien-auziere.fr\/blog\/wp-json\/wp\/v2\/posts\/3084","targetHints":{"allow":["GET"]}}],"collection":[{"href":"https:\/\/www.sebastien-auziere.fr\/blog\/wp-json\/wp\/v2\/posts"}],"about":[{"href":"https:\/\/www.sebastien-auziere.fr\/blog\/wp-json\/wp\/v2\/types\/post"}],"author":[{"embeddable":true,"href":"https:\/\/www.sebastien-auziere.fr\/blog\/wp-json\/wp\/v2\/users\/9"}],"replies":[{"embeddable":true,"href":"https:\/\/www.sebastien-auziere.fr\/blog\/wp-json\/wp\/v2\/comments?post=3084"}],"version-history":[{"count":1,"href":"https:\/\/www.sebastien-auziere.fr\/blog\/wp-json\/wp\/v2\/posts\/3084\/revisions"}],"predecessor-version":[{"id":3085,"href":"https:\/\/www.sebastien-auziere.fr\/blog\/wp-json\/wp\/v2\/posts\/3084\/revisions\/3085"}],"wp:featuredmedia":[{"embeddable":true,"href":"https:\/\/www.sebastien-auziere.fr\/blog\/wp-json\/wp\/v2\/media\/3074"}],"wp:attachment":[{"href":"https:\/\/www.sebastien-auziere.fr\/blog\/wp-json\/wp\/v2\/media?parent=3084"}],"wp:term":[{"taxonomy":"category","embeddable":true,"href":"https:\/\/www.sebastien-auziere.fr\/blog\/wp-json\/wp\/v2\/categories?post=3084"},{"taxonomy":"post_tag","embeddable":true,"href":"https:\/\/www.sebastien-auziere.fr\/blog\/wp-json\/wp\/v2\/tags?post=3084"}],"curies":[{"name":"wp","href":"https:\/\/api.w.org\/{rel}","templated":true}]}}