{"id":3082,"date":"2026-04-16T19:15:04","date_gmt":"2026-04-16T19:15:04","guid":{"rendered":"https:\/\/www.sebastien-auziere.fr\/blog\/?p=3082"},"modified":"2026-04-16T19:15:41","modified_gmt":"2026-04-16T19:15:41","slug":"eblouissante-in-abito-rosso-e-gioielli-dorati-brigitte-macron-risplende-per-la-ricezione-della-coppia-presidenziale","status":"publish","type":"post","link":"https:\/\/www.sebastien-auziere.fr\/blog\/it\/eblouissante-in-abito-rosso-e-gioielli-dorati-brigitte-macron-risplende-per-la-ricezione-della-coppia-presidenziale\/","title":{"rendered":"\u00c9blouissante in abito rosso e gioielli dorati, Brigitte Macron risplende per la ricezione della coppia presidenziale"},"content":{"rendered":"<p><strong>Abbagliante<\/strong> sul portico dell&rsquo;\u00c9lys\u00e9e, <strong>Brigitte Macron<\/strong> ha illuminato la ricezione tenutasi il <strong>15 aprile 2026<\/strong> in onore del presidente mauritano. Hai sotto gli occhi il dettaglio che ha fatto scalpore: un <strong>abito rosso<\/strong> da ballo sobriamente spaccato, valorizzato da <strong>gioielli dorati<\/strong> firmati Louis Vuitton, e una clutch Balmain che ha completato questo quadro di <strong>glamour<\/strong>.<\/p>\n\n<p><strong>In breve<\/strong>: la Prima donna ha confermato il suo gusto per la <strong>moda<\/strong> francese e l\u2019<strong>eleganza<\/strong> repubblicana durante questa <strong>ricezione<\/strong> della <strong>coppia presidenziale<\/strong>. Emmanuel Macron ha approfittato della cena per salutare il ruolo strategico della Mauritania nel Sahel, mentre gli ospiti hanno elogiato l\u2019aspetto impeccabile dell\u2019hostess della <strong>presidenza<\/strong>.<\/p>\n\n<h2 class=\"wp-block-heading\">Un look studiato: l&rsquo;abito rosso e i gioielli dorati<\/h2>\n\n<p>Sul tappeto rosso, l&rsquo;<strong>abito rosso<\/strong> indossato da Brigitte Macron \u00e8 stato notato per la sua silhouette a colonna e il suo classico di stile. I <strong>gioielli dorati<\/strong>, tra cui un choker Flower Comet di Louis Vuitton ornato da due fiori Monogram, hanno aggiunto un tocco scintillante senza eccessi.<\/p>\n\n<p>Il completo \u00e8 stato ampiamente commentato dai media: si pu\u00f2 rileggere la copertura dettagliata dell&rsquo;evento su <a href=\"https:\/\/madame.lefigaro.fr\/style\/news\/brigitte-macron-en-robe-rouge-et-chignon-dore-pour-le-diner-d-etat-mauritanien-20260416\">Madame Le Figaro<\/a>, che torna sugli accessori scelti dalla Prima donna.<\/p>\n\n<h2 class=\"wp-block-heading\">I marchi e l&rsquo;alleanza moda-presidenza<\/h2>\n\n<p>La scelta di una clutch Balmain piuttosto che una borsa iconica ha sorpreso piacevolmente gli osservatori, rafforzando la combinazione di modernit\u00e0 e rispetto dei codici repubblicani. Lo stile di Brigitte Macron ricorda le sue recenti apparizioni, unendo silhouette e sobriet\u00e0.<\/p>\n\n<p>Per una disamina della moda pi\u00f9 completa, <a href=\"https:\/\/www.gala.fr\/mode\/les_stars_et_la_mode\/brigitte-macron-au-comble-de-l-elegance-dans-un-fourreau-rouge-et-bijoux-louis-vuitton-a-l-elysee-20260416\">Gala<\/a> torna sui dettagli tecnici degli accessori e sulla simbolica di questo completo.<\/p>\n\n<p>Puoi anche scoprire un breve servizio video che riassume l&rsquo;atmosfera della cena.<\/p>\n\n<h2 class=\"wp-block-heading\">Contesto diplomatico: la ricezione della coppia presidenziale mauritana<\/h2>\n\n<p>Durante il banchetto di Stato tenuto per Mohamed Ould El-Ghazaouani e sua moglie, Emmanuel Macron ha lodato la responsabilit\u00e0 della Mauritania di fronte alle sfide sahariane. La ricezione della <strong>coppia presidenziale<\/strong> \u00e8 durata diverse ore e ha riunito eletti, diplomatici e personalit\u00e0 culturali.<\/p>\n\n<p>La scena sul portico, segnata dai riabbracci tra le due Prime donne cinque anni dopo il loro primo incontro, \u00e8 stata ampiamente ripresa dalla stampa e dai fotografi ufficiali.<\/p>\n\n<p>Un estratto video offre una visione pi\u00f9 intima delle saluti e dei discorsi ufficiali.<\/p>\n\n<h2 class=\"wp-block-heading\">Reazioni e impatto mediatico: eleganza, moda e presidenza<\/h2>\n\n<p>Le reazioni si sono concentrate sull\u2019<strong>eleganza<\/strong> e sul senso del dettaglio di Brigitte Macron, percepita come ambasciatrice del chic alla francese durante questo evento diplomatico. Le scelte stilistiche hanno anche riacceso le discussioni sull&rsquo;immagine della <strong>presidenza<\/strong> a livello internazionale.<\/p>\n\n<p>Per rivivere altri look e archivi della Prima donna, consulta gli articoli dedicati su <a href=\"https:\/\/www.sebastien-auziere.fr\/blog\/brigitte-macron-robe-elegante\/\">sebastien-auziere.fr<\/a> e la pagina sulla sua residenza a Touquet per comprendere l&rsquo;atmosfera familiare e politica che circonda queste apparizioni: <a href=\"https:\/\/www.sebastien-auziere.fr\/blog\/brigitte-macron-touquet-maison\/\">Brigitte Macron Touquet<\/a>. L\u2019insight finale: la moda rimane un linguaggio diplomatico potente.<\/p>\n\n<p>Per saperne di pi\u00f9 su <strong>S\u00e9bastien Auzi\u00e8re<\/strong> e la famiglia Macron, i loro impegni e archivi moda, visita <a href=\"https:\/\/www.sebastien-auziere.fr\/blog\/brigitte-macron-73-ans\/\">il dossier dedicato<\/a> ed esplora <a href=\"https:\/\/www.sebastien-auziere.fr\/blog\/brigitte-macron-villa-touquet\/\">dietro le quinte a Touquet<\/a> su sebastien-auziere.fr, dove sono dettagliate la storia familiare e le apparizioni pubbliche.<\/p>","protected":false},"excerpt":{"rendered":"<p>Abbagliante sul portico dell&rsquo;\u00c9lys\u00e9e, Brigitte Macron ha illuminato la ricezione tenutasi il 15 aprile 2026 in onore del presidente mauritano. Hai sotto gli occhi il dettaglio che ha fatto scalpore: un abito rosso da ballo sobriamente spaccato, valorizzato da gioielli dorati firmati Louis Vuitton, e una clutch Balmain che ha completato questo quadro di glamour. &#8230; <a title=\"\u00c9blouissante in abito rosso e gioielli dorati, Brigitte Macron risplende per la ricezione della coppia presidenziale\" class=\"read-more\" href=\"https:\/\/www.sebastien-auziere.fr\/blog\/it\/eblouissante-in-abito-rosso-e-gioielli-dorati-brigitte-macron-risplende-per-la-ricezione-della-coppia-presidenziale\/\" aria-label=\"En savoir plus sur \u00c9blouissante in abito rosso e gioielli dorati, Brigitte Macron risplende per la ricezione della coppia presidenziale\">Lire plus<\/a><\/p>\n","protected":false},"author":9,"featured_media":3074,"comment_status":"open","ping_status":"open","sticky":false,"template":"","format":"standard","meta":{"footnotes":""},"categories":[859],"tags":[3189,944,3192,3195,3198],"class_list":["post-3082","post","type-post","status-publish","format-standard","has-post-thumbnail","hentry","category-actualita-it","tag-bijoux-dorati-it","tag-brigitte-macron-it","tag-coppia-presidenziale-it","tag-ricezione-presidenziale-it","tag-robe-rossa-it"],"yoast_head":"<!-- This site is optimized with the Yoast SEO plugin v27.5 - https:\/\/yoast.com\/product\/yoast-seo-wordpress\/ -->\n<title>\u00c9blouissante in abito rosso e gioielli dorati, Brigitte Macron risplende per la ricezione della coppia presidenziale - Fan site S\u00e9bastien Auzi\u00e8re<\/title>\n<meta name=\"description\" content=\"Brigitte Macron \u00e9blouit en robe rouge et bijoux dor\u00e9s lors de la r\u00e9ception du couple pr\u00e9sidentiel, alliant \u00e9l\u00e9gance et charme.\" \/>\n<meta name=\"robots\" content=\"index, follow, max-snippet:-1, max-image-preview:large, max-video-preview:-1\" \/>\n<link rel=\"canonical\" href=\"https:\/\/www.sebastien-auziere.fr\/blog\/it\/eblouissante-in-abito-rosso-e-gioielli-dorati-brigitte-macron-risplende-per-la-ricezione-della-coppia-presidenziale\/\" \/>\n<meta property=\"og:locale\" content=\"fr_FR\" \/>\n<meta property=\"og:type\" content=\"article\" \/>\n<meta property=\"og:title\" content=\"\u00c9blouissante in abito rosso e gioielli dorati, Brigitte Macron risplende per la ricezione della coppia presidenziale - Fan site S\u00e9bastien Auzi\u00e8re\" \/>\n<meta property=\"og:description\" content=\"Brigitte Macron \u00e9blouit en robe rouge et bijoux dor\u00e9s lors de la r\u00e9ception du couple pr\u00e9sidentiel, alliant \u00e9l\u00e9gance et charme.\" \/>\n<meta property=\"og:url\" content=\"https:\/\/www.sebastien-auziere.fr\/blog\/it\/eblouissante-in-abito-rosso-e-gioielli-dorati-brigitte-macron-risplende-per-la-ricezione-della-coppia-presidenziale\/\" \/>\n<meta property=\"og:site_name\" content=\"Fan site S\u00e9bastien Auzi\u00e8re\" \/>\n<meta property=\"article:published_time\" content=\"2026-04-16T19:15:04+00:00\" \/>\n<meta property=\"article:modified_time\" content=\"2026-04-16T19:15:41+00:00\" \/>\n<meta property=\"og:image\" content=\"https:\/\/www.sebastien-auziere.fr\/blog\/wp-content\/uploads\/2026\/04\/Eblouissante-en-robe-rouge-et-bijoux-dores-Brigitte-Macron-resplendit-pour-la-reception-du-couple-presidentiel.jpg\" \/>\n\t<meta property=\"og:image:width\" content=\"2560\" \/>\n\t<meta property=\"og:image:height\" content=\"1429\" \/>\n\t<meta property=\"og:image:type\" content=\"image\/jpeg\" \/>\n<meta name=\"author\" content=\"Chloe Gauthier\" \/>\n<meta name=\"twitter:card\" content=\"summary_large_image\" \/>\n<meta name=\"twitter:label1\" content=\"\u00c9crit par\" \/>\n\t<meta name=\"twitter:data1\" content=\"Chloe Gauthier\" \/>\n\t<meta name=\"twitter:label2\" content=\"Dur\u00e9e de lecture estim\u00e9e\" \/>\n\t<meta name=\"twitter:data2\" content=\"2 minutes\" \/>\n<script type=\"application\/ld+json\" class=\"yoast-schema-graph\">{\"@context\":\"https:\\\/\\\/schema.org\",\"@graph\":[{\"@type\":\"Article\",\"@id\":\"https:\\\/\\\/www.sebastien-auziere.fr\\\/blog\\\/it\\\/eblouissante-in-abito-rosso-e-gioielli-dorati-brigitte-macron-risplende-per-la-ricezione-della-coppia-presidenziale\\\/#article\",\"isPartOf\":{\"@id\":\"https:\\\/\\\/www.sebastien-auziere.fr\\\/blog\\\/it\\\/eblouissante-in-abito-rosso-e-gioielli-dorati-brigitte-macron-risplende-per-la-ricezione-della-coppia-presidenziale\\\/\"},\"author\":{\"name\":\"Chloe Gauthier\",\"@id\":\"https:\\\/\\\/www.sebastien-auziere.fr\\\/blog\\\/#\\\/schema\\\/person\\\/149f1acdbfd85149c6c3e59adeae2f4d\"},\"headline\":\"\u00c9blouissante in abito rosso e gioielli dorati, Brigitte Macron risplende per la ricezione della coppia presidenziale\",\"datePublished\":\"2026-04-16T19:15:04+00:00\",\"dateModified\":\"2026-04-16T19:15:41+00:00\",\"mainEntityOfPage\":{\"@id\":\"https:\\\/\\\/www.sebastien-auziere.fr\\\/blog\\\/it\\\/eblouissante-in-abito-rosso-e-gioielli-dorati-brigitte-macron-risplende-per-la-ricezione-della-coppia-presidenziale\\\/\"},\"wordCount\":511,\"commentCount\":0,\"publisher\":{\"@id\":\"https:\\\/\\\/www.sebastien-auziere.fr\\\/blog\\\/#organization\"},\"image\":{\"@id\":\"https:\\\/\\\/www.sebastien-auziere.fr\\\/blog\\\/it\\\/eblouissante-in-abito-rosso-e-gioielli-dorati-brigitte-macron-risplende-per-la-ricezione-della-coppia-presidenziale\\\/#primaryimage\"},\"thumbnailUrl\":\"https:\\\/\\\/www.sebastien-auziere.fr\\\/blog\\\/wp-content\\\/uploads\\\/2026\\\/04\\\/Eblouissante-en-robe-rouge-et-bijoux-dores-Brigitte-Macron-resplendit-pour-la-reception-du-couple-presidentiel.jpg\",\"keywords\":[\"bijoux dorati\",\"brigitte macron\",\"coppia presidenziale\",\"ricezione presidenziale\",\"robe rossa\"],\"articleSection\":[\"Actualit\u00e0\"],\"inLanguage\":\"fr-FR\",\"potentialAction\":[{\"@type\":\"CommentAction\",\"name\":\"Comment\",\"target\":[\"https:\\\/\\\/www.sebastien-auziere.fr\\\/blog\\\/it\\\/eblouissante-in-abito-rosso-e-gioielli-dorati-brigitte-macron-risplende-per-la-ricezione-della-coppia-presidenziale\\\/#respond\"]}]},{\"@type\":\"WebPage\",\"@id\":\"https:\\\/\\\/www.sebastien-auziere.fr\\\/blog\\\/it\\\/eblouissante-in-abito-rosso-e-gioielli-dorati-brigitte-macron-risplende-per-la-ricezione-della-coppia-presidenziale\\\/\",\"url\":\"https:\\\/\\\/www.sebastien-auziere.fr\\\/blog\\\/it\\\/eblouissante-in-abito-rosso-e-gioielli-dorati-brigitte-macron-risplende-per-la-ricezione-della-coppia-presidenziale\\\/\",\"name\":\"\u00c9blouissante in abito rosso e gioielli dorati, Brigitte Macron risplende per la ricezione della coppia presidenziale - Fan site S\u00e9bastien Auzi\u00e8re\",\"isPartOf\":{\"@id\":\"https:\\\/\\\/www.sebastien-auziere.fr\\\/blog\\\/#website\"},\"primaryImageOfPage\":{\"@id\":\"https:\\\/\\\/www.sebastien-auziere.fr\\\/blog\\\/it\\\/eblouissante-in-abito-rosso-e-gioielli-dorati-brigitte-macron-risplende-per-la-ricezione-della-coppia-presidenziale\\\/#primaryimage\"},\"image\":{\"@id\":\"https:\\\/\\\/www.sebastien-auziere.fr\\\/blog\\\/it\\\/eblouissante-in-abito-rosso-e-gioielli-dorati-brigitte-macron-risplende-per-la-ricezione-della-coppia-presidenziale\\\/#primaryimage\"},\"thumbnailUrl\":\"https:\\\/\\\/www.sebastien-auziere.fr\\\/blog\\\/wp-content\\\/uploads\\\/2026\\\/04\\\/Eblouissante-en-robe-rouge-et-bijoux-dores-Brigitte-Macron-resplendit-pour-la-reception-du-couple-presidentiel.jpg\",\"datePublished\":\"2026-04-16T19:15:04+00:00\",\"dateModified\":\"2026-04-16T19:15:41+00:00\",\"description\":\"Brigitte Macron \u00e9blouit en robe rouge et bijoux dor\u00e9s lors de la r\u00e9ception du couple pr\u00e9sidentiel, alliant \u00e9l\u00e9gance et charme.\",\"breadcrumb\":{\"@id\":\"https:\\\/\\\/www.sebastien-auziere.fr\\\/blog\\\/it\\\/eblouissante-in-abito-rosso-e-gioielli-dorati-brigitte-macron-risplende-per-la-ricezione-della-coppia-presidenziale\\\/#breadcrumb\"},\"inLanguage\":\"fr-FR\",\"potentialAction\":[{\"@type\":\"ReadAction\",\"target\":[\"https:\\\/\\\/www.sebastien-auziere.fr\\\/blog\\\/it\\\/eblouissante-in-abito-rosso-e-gioielli-dorati-brigitte-macron-risplende-per-la-ricezione-della-coppia-presidenziale\\\/\"]}]},{\"@type\":\"ImageObject\",\"inLanguage\":\"fr-FR\",\"@id\":\"https:\\\/\\\/www.sebastien-auziere.fr\\\/blog\\\/it\\\/eblouissante-in-abito-rosso-e-gioielli-dorati-brigitte-macron-risplende-per-la-ricezione-della-coppia-presidenziale\\\/#primaryimage\",\"url\":\"https:\\\/\\\/www.sebastien-auziere.fr\\\/blog\\\/wp-content\\\/uploads\\\/2026\\\/04\\\/Eblouissante-en-robe-rouge-et-bijoux-dores-Brigitte-Macron-resplendit-pour-la-reception-du-couple-presidentiel.jpg\",\"contentUrl\":\"https:\\\/\\\/www.sebastien-auziere.fr\\\/blog\\\/wp-content\\\/uploads\\\/2026\\\/04\\\/Eblouissante-en-robe-rouge-et-bijoux-dores-Brigitte-Macron-resplendit-pour-la-reception-du-couple-presidentiel.jpg\",\"width\":2560,\"height\":1429,\"caption\":\"d\u00e9couvrez brigitte macron \u00e9blouissante en robe rouge et bijoux dor\u00e9s lors de la r\u00e9ception du couple pr\u00e9sidentiel, incarnant \u00e9l\u00e9gance et glamour.\"},{\"@type\":\"BreadcrumbList\",\"@id\":\"https:\\\/\\\/www.sebastien-auziere.fr\\\/blog\\\/it\\\/eblouissante-in-abito-rosso-e-gioielli-dorati-brigitte-macron-risplende-per-la-ricezione-della-coppia-presidenziale\\\/#breadcrumb\",\"itemListElement\":[{\"@type\":\"ListItem\",\"position\":1,\"name\":\"Home\",\"item\":\"https:\\\/\\\/www.sebastien-auziere.fr\\\/blog\\\/\"},{\"@type\":\"ListItem\",\"position\":2,\"name\":\"\u00c9blouissante in abito rosso e gioielli dorati, Brigitte Macron risplende per la ricezione della coppia presidenziale\"}]},{\"@type\":\"WebSite\",\"@id\":\"https:\\\/\\\/www.sebastien-auziere.fr\\\/blog\\\/#website\",\"url\":\"https:\\\/\\\/www.sebastien-auziere.fr\\\/blog\\\/\",\"name\":\"Fan site S\u00e9bastien Auzi\u00e8re\",\"description\":\"M\u00e9dia g\u00e9n\u00e9raliste\",\"publisher\":{\"@id\":\"https:\\\/\\\/www.sebastien-auziere.fr\\\/blog\\\/#organization\"},\"potentialAction\":[{\"@type\":\"SearchAction\",\"target\":{\"@type\":\"EntryPoint\",\"urlTemplate\":\"https:\\\/\\\/www.sebastien-auziere.fr\\\/blog\\\/?s={search_term_string}\"},\"query-input\":{\"@type\":\"PropertyValueSpecification\",\"valueRequired\":true,\"valueName\":\"search_term_string\"}}],\"inLanguage\":\"fr-FR\"},{\"@type\":\"Organization\",\"@id\":\"https:\\\/\\\/www.sebastien-auziere.fr\\\/blog\\\/#organization\",\"name\":\"Fan site S\u00e9bastien Auzi\u00e8re\",\"url\":\"https:\\\/\\\/www.sebastien-auziere.fr\\\/blog\\\/\",\"logo\":{\"@type\":\"ImageObject\",\"inLanguage\":\"fr-FR\",\"@id\":\"https:\\\/\\\/www.sebastien-auziere.fr\\\/blog\\\/#\\\/schema\\\/logo\\\/image\\\/\",\"url\":\"https:\\\/\\\/www.sebastien-auziere.fr\\\/blog\\\/wp-content\\\/uploads\\\/2026\\\/03\\\/cropped-cropped-cropped-ChatGPT-Image-6-mars-2026-12_58_09-e1772798376794.jpg\",\"contentUrl\":\"https:\\\/\\\/www.sebastien-auziere.fr\\\/blog\\\/wp-content\\\/uploads\\\/2026\\\/03\\\/cropped-cropped-cropped-ChatGPT-Image-6-mars-2026-12_58_09-e1772798376794.jpg\",\"width\":512,\"height\":360,\"caption\":\"Fan site S\u00e9bastien Auzi\u00e8re\"},\"image\":{\"@id\":\"https:\\\/\\\/www.sebastien-auziere.fr\\\/blog\\\/#\\\/schema\\\/logo\\\/image\\\/\"}},{\"@type\":\"Person\",\"@id\":\"https:\\\/\\\/www.sebastien-auziere.fr\\\/blog\\\/#\\\/schema\\\/person\\\/149f1acdbfd85149c6c3e59adeae2f4d\",\"name\":\"Chloe Gauthier\",\"image\":{\"@type\":\"ImageObject\",\"inLanguage\":\"fr-FR\",\"@id\":\"https:\\\/\\\/secure.gravatar.com\\\/avatar\\\/2c5722f58171cff738a8985ef0dd66b476e563753246a49019befc837ec4201a?s=96&d=mm&r=g\",\"url\":\"https:\\\/\\\/secure.gravatar.com\\\/avatar\\\/2c5722f58171cff738a8985ef0dd66b476e563753246a49019befc837ec4201a?s=96&d=mm&r=g\",\"contentUrl\":\"https:\\\/\\\/secure.gravatar.com\\\/avatar\\\/2c5722f58171cff738a8985ef0dd66b476e563753246a49019befc837ec4201a?s=96&d=mm&r=g\",\"caption\":\"Chloe Gauthier\"},\"description\":\"Passionn\u00e9e par la politique et admiratrice engag\u00e9e de la famille Macron, je consacre mon \u00e9nergie \u00e0 suivre leurs initiatives et \u00e0 promouvoir leurs id\u00e9es. \u00c0 32 ans, je suis convaincue que leur vision est porteuse d'avenir.\",\"url\":\"https:\\\/\\\/www.sebastien-auziere.fr\\\/blog\\\/author\\\/chloe-gauthier\\\/\"}]}<\/script>\n<!-- \/ Yoast SEO plugin. -->","yoast_head_json":{"title":"\u00c9blouissante in abito rosso e gioielli dorati, Brigitte Macron risplende per la ricezione della coppia presidenziale - Fan site S\u00e9bastien Auzi\u00e8re","description":"Brigitte Macron \u00e9blouit en robe rouge et bijoux dor\u00e9s lors de la r\u00e9ception du couple pr\u00e9sidentiel, alliant \u00e9l\u00e9gance et charme.","robots":{"index":"index","follow":"follow","max-snippet":"max-snippet:-1","max-image-preview":"max-image-preview:large","max-video-preview":"max-video-preview:-1"},"canonical":"https:\/\/www.sebastien-auziere.fr\/blog\/it\/eblouissante-in-abito-rosso-e-gioielli-dorati-brigitte-macron-risplende-per-la-ricezione-della-coppia-presidenziale\/","og_locale":"fr_FR","og_type":"article","og_title":"\u00c9blouissante in abito rosso e gioielli dorati, Brigitte Macron risplende per la ricezione della coppia presidenziale - Fan site S\u00e9bastien Auzi\u00e8re","og_description":"Brigitte Macron \u00e9blouit en robe rouge et bijoux dor\u00e9s lors de la r\u00e9ception du couple pr\u00e9sidentiel, alliant \u00e9l\u00e9gance et charme.","og_url":"https:\/\/www.sebastien-auziere.fr\/blog\/it\/eblouissante-in-abito-rosso-e-gioielli-dorati-brigitte-macron-risplende-per-la-ricezione-della-coppia-presidenziale\/","og_site_name":"Fan site S\u00e9bastien Auzi\u00e8re","article_published_time":"2026-04-16T19:15:04+00:00","article_modified_time":"2026-04-16T19:15:41+00:00","og_image":[{"width":2560,"height":1429,"url":"https:\/\/www.sebastien-auziere.fr\/blog\/wp-content\/uploads\/2026\/04\/Eblouissante-en-robe-rouge-et-bijoux-dores-Brigitte-Macron-resplendit-pour-la-reception-du-couple-presidentiel.jpg","type":"image\/jpeg"}],"author":"Chloe Gauthier","twitter_card":"summary_large_image","twitter_misc":{"\u00c9crit par":"Chloe Gauthier","Dur\u00e9e de lecture estim\u00e9e":"2 minutes"},"schema":{"@context":"https:\/\/schema.org","@graph":[{"@type":"Article","@id":"https:\/\/www.sebastien-auziere.fr\/blog\/it\/eblouissante-in-abito-rosso-e-gioielli-dorati-brigitte-macron-risplende-per-la-ricezione-della-coppia-presidenziale\/#article","isPartOf":{"@id":"https:\/\/www.sebastien-auziere.fr\/blog\/it\/eblouissante-in-abito-rosso-e-gioielli-dorati-brigitte-macron-risplende-per-la-ricezione-della-coppia-presidenziale\/"},"author":{"name":"Chloe Gauthier","@id":"https:\/\/www.sebastien-auziere.fr\/blog\/#\/schema\/person\/149f1acdbfd85149c6c3e59adeae2f4d"},"headline":"\u00c9blouissante in abito rosso e gioielli dorati, Brigitte Macron risplende per la ricezione della coppia presidenziale","datePublished":"2026-04-16T19:15:04+00:00","dateModified":"2026-04-16T19:15:41+00:00","mainEntityOfPage":{"@id":"https:\/\/www.sebastien-auziere.fr\/blog\/it\/eblouissante-in-abito-rosso-e-gioielli-dorati-brigitte-macron-risplende-per-la-ricezione-della-coppia-presidenziale\/"},"wordCount":511,"commentCount":0,"publisher":{"@id":"https:\/\/www.sebastien-auziere.fr\/blog\/#organization"},"image":{"@id":"https:\/\/www.sebastien-auziere.fr\/blog\/it\/eblouissante-in-abito-rosso-e-gioielli-dorati-brigitte-macron-risplende-per-la-ricezione-della-coppia-presidenziale\/#primaryimage"},"thumbnailUrl":"https:\/\/www.sebastien-auziere.fr\/blog\/wp-content\/uploads\/2026\/04\/Eblouissante-en-robe-rouge-et-bijoux-dores-Brigitte-Macron-resplendit-pour-la-reception-du-couple-presidentiel.jpg","keywords":["bijoux dorati","brigitte macron","coppia presidenziale","ricezione presidenziale","robe rossa"],"articleSection":["Actualit\u00e0"],"inLanguage":"fr-FR","potentialAction":[{"@type":"CommentAction","name":"Comment","target":["https:\/\/www.sebastien-auziere.fr\/blog\/it\/eblouissante-in-abito-rosso-e-gioielli-dorati-brigitte-macron-risplende-per-la-ricezione-della-coppia-presidenziale\/#respond"]}]},{"@type":"WebPage","@id":"https:\/\/www.sebastien-auziere.fr\/blog\/it\/eblouissante-in-abito-rosso-e-gioielli-dorati-brigitte-macron-risplende-per-la-ricezione-della-coppia-presidenziale\/","url":"https:\/\/www.sebastien-auziere.fr\/blog\/it\/eblouissante-in-abito-rosso-e-gioielli-dorati-brigitte-macron-risplende-per-la-ricezione-della-coppia-presidenziale\/","name":"\u00c9blouissante in abito rosso e gioielli dorati, Brigitte Macron risplende per la ricezione della coppia presidenziale - Fan site S\u00e9bastien Auzi\u00e8re","isPartOf":{"@id":"https:\/\/www.sebastien-auziere.fr\/blog\/#website"},"primaryImageOfPage":{"@id":"https:\/\/www.sebastien-auziere.fr\/blog\/it\/eblouissante-in-abito-rosso-e-gioielli-dorati-brigitte-macron-risplende-per-la-ricezione-della-coppia-presidenziale\/#primaryimage"},"image":{"@id":"https:\/\/www.sebastien-auziere.fr\/blog\/it\/eblouissante-in-abito-rosso-e-gioielli-dorati-brigitte-macron-risplende-per-la-ricezione-della-coppia-presidenziale\/#primaryimage"},"thumbnailUrl":"https:\/\/www.sebastien-auziere.fr\/blog\/wp-content\/uploads\/2026\/04\/Eblouissante-en-robe-rouge-et-bijoux-dores-Brigitte-Macron-resplendit-pour-la-reception-du-couple-presidentiel.jpg","datePublished":"2026-04-16T19:15:04+00:00","dateModified":"2026-04-16T19:15:41+00:00","description":"Brigitte Macron \u00e9blouit en robe rouge et bijoux dor\u00e9s lors de la r\u00e9ception du couple pr\u00e9sidentiel, alliant \u00e9l\u00e9gance et charme.","breadcrumb":{"@id":"https:\/\/www.sebastien-auziere.fr\/blog\/it\/eblouissante-in-abito-rosso-e-gioielli-dorati-brigitte-macron-risplende-per-la-ricezione-della-coppia-presidenziale\/#breadcrumb"},"inLanguage":"fr-FR","potentialAction":[{"@type":"ReadAction","target":["https:\/\/www.sebastien-auziere.fr\/blog\/it\/eblouissante-in-abito-rosso-e-gioielli-dorati-brigitte-macron-risplende-per-la-ricezione-della-coppia-presidenziale\/"]}]},{"@type":"ImageObject","inLanguage":"fr-FR","@id":"https:\/\/www.sebastien-auziere.fr\/blog\/it\/eblouissante-in-abito-rosso-e-gioielli-dorati-brigitte-macron-risplende-per-la-ricezione-della-coppia-presidenziale\/#primaryimage","url":"https:\/\/www.sebastien-auziere.fr\/blog\/wp-content\/uploads\/2026\/04\/Eblouissante-en-robe-rouge-et-bijoux-dores-Brigitte-Macron-resplendit-pour-la-reception-du-couple-presidentiel.jpg","contentUrl":"https:\/\/www.sebastien-auziere.fr\/blog\/wp-content\/uploads\/2026\/04\/Eblouissante-en-robe-rouge-et-bijoux-dores-Brigitte-Macron-resplendit-pour-la-reception-du-couple-presidentiel.jpg","width":2560,"height":1429,"caption":"d\u00e9couvrez brigitte macron \u00e9blouissante en robe rouge et bijoux dor\u00e9s lors de la r\u00e9ception du couple pr\u00e9sidentiel, incarnant \u00e9l\u00e9gance et glamour."},{"@type":"BreadcrumbList","@id":"https:\/\/www.sebastien-auziere.fr\/blog\/it\/eblouissante-in-abito-rosso-e-gioielli-dorati-brigitte-macron-risplende-per-la-ricezione-della-coppia-presidenziale\/#breadcrumb","itemListElement":[{"@type":"ListItem","position":1,"name":"Home","item":"https:\/\/www.sebastien-auziere.fr\/blog\/"},{"@type":"ListItem","position":2,"name":"\u00c9blouissante in abito rosso e gioielli dorati, Brigitte Macron risplende per la ricezione della coppia presidenziale"}]},{"@type":"WebSite","@id":"https:\/\/www.sebastien-auziere.fr\/blog\/#website","url":"https:\/\/www.sebastien-auziere.fr\/blog\/","name":"Fan site S\u00e9bastien Auzi\u00e8re","description":"M\u00e9dia g\u00e9n\u00e9raliste","publisher":{"@id":"https:\/\/www.sebastien-auziere.fr\/blog\/#organization"},"potentialAction":[{"@type":"SearchAction","target":{"@type":"EntryPoint","urlTemplate":"https:\/\/www.sebastien-auziere.fr\/blog\/?s={search_term_string}"},"query-input":{"@type":"PropertyValueSpecification","valueRequired":true,"valueName":"search_term_string"}}],"inLanguage":"fr-FR"},{"@type":"Organization","@id":"https:\/\/www.sebastien-auziere.fr\/blog\/#organization","name":"Fan site S\u00e9bastien Auzi\u00e8re","url":"https:\/\/www.sebastien-auziere.fr\/blog\/","logo":{"@type":"ImageObject","inLanguage":"fr-FR","@id":"https:\/\/www.sebastien-auziere.fr\/blog\/#\/schema\/logo\/image\/","url":"https:\/\/www.sebastien-auziere.fr\/blog\/wp-content\/uploads\/2026\/03\/cropped-cropped-cropped-ChatGPT-Image-6-mars-2026-12_58_09-e1772798376794.jpg","contentUrl":"https:\/\/www.sebastien-auziere.fr\/blog\/wp-content\/uploads\/2026\/03\/cropped-cropped-cropped-ChatGPT-Image-6-mars-2026-12_58_09-e1772798376794.jpg","width":512,"height":360,"caption":"Fan site S\u00e9bastien Auzi\u00e8re"},"image":{"@id":"https:\/\/www.sebastien-auziere.fr\/blog\/#\/schema\/logo\/image\/"}},{"@type":"Person","@id":"https:\/\/www.sebastien-auziere.fr\/blog\/#\/schema\/person\/149f1acdbfd85149c6c3e59adeae2f4d","name":"Chloe Gauthier","image":{"@type":"ImageObject","inLanguage":"fr-FR","@id":"https:\/\/secure.gravatar.com\/avatar\/2c5722f58171cff738a8985ef0dd66b476e563753246a49019befc837ec4201a?s=96&d=mm&r=g","url":"https:\/\/secure.gravatar.com\/avatar\/2c5722f58171cff738a8985ef0dd66b476e563753246a49019befc837ec4201a?s=96&d=mm&r=g","contentUrl":"https:\/\/secure.gravatar.com\/avatar\/2c5722f58171cff738a8985ef0dd66b476e563753246a49019befc837ec4201a?s=96&d=mm&r=g","caption":"Chloe Gauthier"},"description":"Passionn\u00e9e par la politique et admiratrice engag\u00e9e de la famille Macron, je consacre mon \u00e9nergie \u00e0 suivre leurs initiatives et \u00e0 promouvoir leurs id\u00e9es. \u00c0 32 ans, je suis convaincue que leur vision est porteuse d'avenir.","url":"https:\/\/www.sebastien-auziere.fr\/blog\/author\/chloe-gauthier\/"}]}},"views":2,"_links":{"self":[{"href":"https:\/\/www.sebastien-auziere.fr\/blog\/wp-json\/wp\/v2\/posts\/3082","targetHints":{"allow":["GET"]}}],"collection":[{"href":"https:\/\/www.sebastien-auziere.fr\/blog\/wp-json\/wp\/v2\/posts"}],"about":[{"href":"https:\/\/www.sebastien-auziere.fr\/blog\/wp-json\/wp\/v2\/types\/post"}],"author":[{"embeddable":true,"href":"https:\/\/www.sebastien-auziere.fr\/blog\/wp-json\/wp\/v2\/users\/9"}],"replies":[{"embeddable":true,"href":"https:\/\/www.sebastien-auziere.fr\/blog\/wp-json\/wp\/v2\/comments?post=3082"}],"version-history":[{"count":1,"href":"https:\/\/www.sebastien-auziere.fr\/blog\/wp-json\/wp\/v2\/posts\/3082\/revisions"}],"predecessor-version":[{"id":3083,"href":"https:\/\/www.sebastien-auziere.fr\/blog\/wp-json\/wp\/v2\/posts\/3082\/revisions\/3083"}],"wp:featuredmedia":[{"embeddable":true,"href":"https:\/\/www.sebastien-auziere.fr\/blog\/wp-json\/wp\/v2\/media\/3074"}],"wp:attachment":[{"href":"https:\/\/www.sebastien-auziere.fr\/blog\/wp-json\/wp\/v2\/media?parent=3082"}],"wp:term":[{"taxonomy":"category","embeddable":true,"href":"https:\/\/www.sebastien-auziere.fr\/blog\/wp-json\/wp\/v2\/categories?post=3082"},{"taxonomy":"post_tag","embeddable":true,"href":"https:\/\/www.sebastien-auziere.fr\/blog\/wp-json\/wp\/v2\/tags?post=3082"}],"curies":[{"name":"wp","href":"https:\/\/api.w.org\/{rel}","templated":true}]}}