{"id":3080,"date":"2026-04-16T19:14:16","date_gmt":"2026-04-16T19:14:16","guid":{"rendered":"https:\/\/www.sebastien-auziere.fr\/blog\/?p=3080"},"modified":"2026-04-16T19:14:45","modified_gmt":"2026-04-16T19:14:45","slug":"eblouissante-en-robe-rouge-et-bijoux-dores-brigitte-macron-resplendit-pour-die-empfang-des-prasidentenpaares","status":"publish","type":"post","link":"https:\/\/www.sebastien-auziere.fr\/blog\/de\/eblouissante-en-robe-rouge-et-bijoux-dores-brigitte-macron-resplendit-pour-die-empfang-des-prasidentenpaares\/","title":{"rendered":"\u00c9blouissante en robe rouge et bijoux dor\u00e9s, Brigitte Macron resplendit pour die Empfang des Pr\u00e4sidentenpaares"},"content":{"rendered":"<p><strong>Glanzvoll<\/strong> auf der Treppe des \u00c9lys\u00e9e, <strong>Brigitte Macron<\/strong> hat den Empfang, der am <strong>15. April 2026<\/strong> zu Ehren des mauretanischen Pr\u00e4sidenten stattgefunden hat, erleuchtet. Vor Ihnen sehen Sie das Detail, das f\u00fcr Aufsehen sorgte: ein <strong>rotes Kleid<\/strong>, schlicht geschlitzt, kombiniert mit <strong>goldenen Schmuckst\u00fccken<\/strong> von Louis Vuitton und einer Balmain-Clutch, die dieses Bild von <strong>Glamour<\/strong> vervollst\u00e4ndigte.<\/p>\n\n<p><strong>Kurz gesagt<\/strong>: Die First Lady best\u00e4tigte ihren Geschmack f\u00fcr <strong>franz\u00f6sische Mode<\/strong> und <strong>republikanische Eleganz<\/strong> w\u00e4hrend dieses <strong>Empfangs<\/strong> des <strong>pr\u00e4sidialen Paares<\/strong>. Emmanuel Macron nutzte das Dinner, um die strategische Rolle Mauretaniens im Sahel zu w\u00fcrdigen, w\u00e4hrend die G\u00e4ste den tadellosen Auftritt der Gastgeberin der <strong>Pr\u00e4sidentschaft<\/strong> lobten.<\/p>\n\n<h2 class=\"wp-block-heading\">Ein durchdachter Look: das rote Kleid und der goldene Schmuck<\/h2>\n\n<p>Auf dem roten Teppich wurde das von Brigitte Macron getragene <strong>rote Kleid<\/strong> f\u00fcr seine S\u00e4ulenform und seinen klaren klassischen Stil bemerkt. Der <strong>goldene Schmuck<\/strong>, darunter ein Flower Comet Choker von Louis Vuitton, verziert mit zwei Monogram-Blumen, brachte einen funkeln den Akzent ohne \u00fcbertrieben zu wirken.<\/p>\n\n<p>Das Outfit wurde von den Medien ausf\u00fchrlich kommentiert: Man kann die detaillierte Berichterstattung \u00fcber die Veranstaltung auf <a href=\"https:\/\/madame.lefigaro.fr\/style\/news\/brigitte-macron-en-robe-rouge-et-chignon-dore-pour-le-diner-d-etat-mauritanien-20260416\">Madame Le Figaro<\/a> nachlesen, die auf die von der First Lady gew\u00e4hlten Accessoires eingeht.<\/p>\n\n<h2 class=\"wp-block-heading\">Die Marken und die Mode-Pr\u00e4sidentschaft-Allianz<\/h2>\n\n<p>Die Wahl einer Balmain-Clutch anstelle einer ikonischen Tasche \u00fcberraschte die Beobachter angenehm und verst\u00e4rkte die Mischung aus Modernit\u00e4t und Respekt vor republikanischen Codes. Der Stil von Brigitte Macron erinnert an ihre j\u00fcngsten Auftritte, die Silhouette und Schlichtheit vereinen.<\/p>\n\n<p>F\u00fcr eine umfassendere Analyse der Mode findet <a href=\"https:\/\/www.gala.fr\/mode\/les_stars_et_la_mode\/brigitte-macron-au-comble-de-l-elegance-dans-un-fourreau-rouge-et-bijoux-louis-vuitton-a-l-elysee-20260416\">Gala<\/a> detaillierte Informationen zu den technischen Aspekten der Accessoires und der Symbolik dieses Outfits.<\/p>\n\n<p>Au\u00dferdem k\u00f6nnen Sie einen kurzen Video-Bericht entdecken, der die Atmosph\u00e4re des Dinners zusammenfasst.<\/p>\n\n<h2 class=\"wp-block-heading\">Diplomatischer Kontext: der Empfang des mauretanischen Pr\u00e4sidentenpaares<\/h2>\n\n<p>W\u00e4hrend des Staatsbanketts f\u00fcr Mohamed Ould El-Ghazaouani und seine Frau betonte Emmanuel Macron die Verantwortung Mauretaniens angesichts der Herausforderungen im Sahel. Der Empfang des <strong>pr\u00e4sidialen Paares<\/strong> dauerte mehrere Stunden und versammelte gew\u00e4hlte Vertreter, Diplomaten und kulturelle Pers\u00f6nlichkeiten.<\/p>\n\n<p>Die Szene auf der Treppe, gepr\u00e4gt von der Wiederbegegnung der beiden First Ladies f\u00fcnf Jahre nach ihrem ersten Treffen, wurde von der Presse und offiziellen Fotografen weit verbreitet.<\/p>\n\n<p>Ein Video-Ausschnitt bietet einen intimeren Einblick in die Begr\u00fc\u00dfungen und offiziellen Reden.<\/p>\n\n<h2 class=\"wp-block-heading\">Reaktionen und Medienresonanz: Eleganz, Mode und Pr\u00e4sidentschaft<\/h2>\n\n<p>Die Reaktionen konzentrierten sich auf die <strong>Eleganz<\/strong> und das Gesp\u00fcr f\u00fcr Details von Brigitte Macron, die bei diesem diplomatischen Event als Botschafterin des franz\u00f6sischen Chics wahrgenommen wurde. Die stilistischen Entscheidungen haben auch die Diskussionen \u00fcber das Bild der <strong>Pr\u00e4sidentschaft<\/strong> im internationalen Kontext neu entfacht.<\/p>\n\n<p>Um andere Looks und Archive der First Lady noch einmal zu erleben, besuchen Sie die speziellen Artikel auf <a href=\"https:\/\/www.sebastien-auziere.fr\/blog\/brigitte-macron-robe-elegante\/\">sebastien-auziere.fr<\/a> sowie die Seite \u00fcber ihr Anwesen in Touquet, um die famili\u00e4re und politische Atmosph\u00e4re zu verstehen, die diese Auftritte umgibt: <a href=\"https:\/\/www.sebastien-auziere.fr\/blog\/brigitte-macron-touquet-maison\/\">Brigitte Macron Touquet<\/a>. Das endg\u00fcltige Fazit: Mode bleibt ein m\u00e4chtiges diplomatisches Ausdrucksmittel.<\/p>\n\n<p>Um mehr \u00fcber <strong>S\u00e9bastien Auzi\u00e8re<\/strong> und die Familie Macron, ihre Engagements und Modearchive zu erfahren, besuchen Sie <a href=\"https:\/\/www.sebastien-auziere.fr\/blog\/brigitte-macron-73-ans\/\">die spezielle Dossier<\/a> und erkunden Sie <a href=\"https:\/\/www.sebastien-auziere.fr\/blog\/brigitte-macron-villa-touquet\/\">die Kulissen in Touquet<\/a> auf sebastien-auziere.fr, wo die Familiengeschichte und \u00f6ffentliche Auftritte detailliert beschrieben sind.<\/p>","protected":false},"excerpt":{"rendered":"<p>Glanzvoll auf der Treppe des \u00c9lys\u00e9e, Brigitte Macron hat den Empfang, der am 15. April 2026 zu Ehren des mauretanischen Pr\u00e4sidenten stattgefunden hat, erleuchtet. Vor Ihnen sehen Sie das Detail, das f\u00fcr Aufsehen sorgte: ein rotes Kleid, schlicht geschlitzt, kombiniert mit goldenen Schmuckst\u00fccken von Louis Vuitton und einer Balmain-Clutch, die dieses Bild von Glamour vervollst\u00e4ndigte. &#8230; <a title=\"\u00c9blouissante en robe rouge et bijoux dor\u00e9s, Brigitte Macron resplendit pour die Empfang des Pr\u00e4sidentenpaares\" class=\"read-more\" href=\"https:\/\/www.sebastien-auziere.fr\/blog\/de\/eblouissante-en-robe-rouge-et-bijoux-dores-brigitte-macron-resplendit-pour-die-empfang-des-prasidentenpaares\/\" aria-label=\"En savoir plus sur \u00c9blouissante en robe rouge et bijoux dor\u00e9s, Brigitte Macron resplendit pour die Empfang des Pr\u00e4sidentenpaares\">Lire plus<\/a><\/p>\n","protected":false},"author":9,"featured_media":3074,"comment_status":"open","ping_status":"open","sticky":false,"template":"","format":"standard","meta":{"footnotes":""},"categories":[856],"tags":[929,3180,3177,3183,3186],"class_list":["post-3080","post","type-post","status-publish","format-standard","has-post-thumbnail","hentry","category-aktuelles-de","tag-brigitte-macron-de","tag-ehepaarprasident-de","tag-goldene-schmuckstucke-de","tag-prasidentielle-empfang-de","tag-robe-rot-de"],"yoast_head":"<!-- This site is optimized with the Yoast SEO plugin v27.5 - https:\/\/yoast.com\/product\/yoast-seo-wordpress\/ -->\n<title>\u00c9blouissante en robe rouge et bijoux dor\u00e9s, Brigitte Macron resplendit pour die Empfang des Pr\u00e4sidentenpaares - Fan site S\u00e9bastien Auzi\u00e8re<\/title>\n<meta name=\"description\" content=\"Brigitte Macron \u00e9blouit en robe rouge et bijoux dor\u00e9s lors de la r\u00e9ception du couple pr\u00e9sidentiel, alliant \u00e9l\u00e9gance et charme.\" \/>\n<meta name=\"robots\" content=\"index, follow, max-snippet:-1, max-image-preview:large, max-video-preview:-1\" \/>\n<link rel=\"canonical\" href=\"https:\/\/www.sebastien-auziere.fr\/blog\/de\/eblouissante-en-robe-rouge-et-bijoux-dores-brigitte-macron-resplendit-pour-die-empfang-des-prasidentenpaares\/\" \/>\n<meta property=\"og:locale\" content=\"fr_FR\" \/>\n<meta property=\"og:type\" content=\"article\" \/>\n<meta property=\"og:title\" content=\"\u00c9blouissante en robe rouge et bijoux dor\u00e9s, Brigitte Macron resplendit pour die Empfang des Pr\u00e4sidentenpaares - Fan site S\u00e9bastien Auzi\u00e8re\" \/>\n<meta property=\"og:description\" content=\"Brigitte Macron \u00e9blouit en robe rouge et bijoux dor\u00e9s lors de la r\u00e9ception du couple pr\u00e9sidentiel, alliant \u00e9l\u00e9gance et charme.\" \/>\n<meta property=\"og:url\" content=\"https:\/\/www.sebastien-auziere.fr\/blog\/de\/eblouissante-en-robe-rouge-et-bijoux-dores-brigitte-macron-resplendit-pour-die-empfang-des-prasidentenpaares\/\" \/>\n<meta property=\"og:site_name\" content=\"Fan site S\u00e9bastien Auzi\u00e8re\" \/>\n<meta property=\"article:published_time\" content=\"2026-04-16T19:14:16+00:00\" \/>\n<meta property=\"article:modified_time\" content=\"2026-04-16T19:14:45+00:00\" \/>\n<meta property=\"og:image\" content=\"https:\/\/www.sebastien-auziere.fr\/blog\/wp-content\/uploads\/2026\/04\/Eblouissante-en-robe-rouge-et-bijoux-dores-Brigitte-Macron-resplendit-pour-la-reception-du-couple-presidentiel.jpg\" \/>\n\t<meta property=\"og:image:width\" content=\"2560\" \/>\n\t<meta property=\"og:image:height\" content=\"1429\" \/>\n\t<meta property=\"og:image:type\" content=\"image\/jpeg\" \/>\n<meta name=\"author\" content=\"Chloe Gauthier\" \/>\n<meta name=\"twitter:card\" content=\"summary_large_image\" \/>\n<meta name=\"twitter:label1\" content=\"\u00c9crit par\" \/>\n\t<meta name=\"twitter:data1\" content=\"Chloe Gauthier\" \/>\n\t<meta name=\"twitter:label2\" content=\"Dur\u00e9e de lecture estim\u00e9e\" \/>\n\t<meta name=\"twitter:data2\" content=\"3 minutes\" \/>\n<script type=\"application\/ld+json\" class=\"yoast-schema-graph\">{\"@context\":\"https:\\\/\\\/schema.org\",\"@graph\":[{\"@type\":\"Article\",\"@id\":\"https:\\\/\\\/www.sebastien-auziere.fr\\\/blog\\\/de\\\/eblouissante-en-robe-rouge-et-bijoux-dores-brigitte-macron-resplendit-pour-die-empfang-des-prasidentenpaares\\\/#article\",\"isPartOf\":{\"@id\":\"https:\\\/\\\/www.sebastien-auziere.fr\\\/blog\\\/de\\\/eblouissante-en-robe-rouge-et-bijoux-dores-brigitte-macron-resplendit-pour-die-empfang-des-prasidentenpaares\\\/\"},\"author\":{\"name\":\"Chloe Gauthier\",\"@id\":\"https:\\\/\\\/www.sebastien-auziere.fr\\\/blog\\\/#\\\/schema\\\/person\\\/149f1acdbfd85149c6c3e59adeae2f4d\"},\"headline\":\"\u00c9blouissante en robe rouge et bijoux dor\u00e9s, Brigitte Macron resplendit pour die Empfang des Pr\u00e4sidentenpaares\",\"datePublished\":\"2026-04-16T19:14:16+00:00\",\"dateModified\":\"2026-04-16T19:14:45+00:00\",\"mainEntityOfPage\":{\"@id\":\"https:\\\/\\\/www.sebastien-auziere.fr\\\/blog\\\/de\\\/eblouissante-en-robe-rouge-et-bijoux-dores-brigitte-macron-resplendit-pour-die-empfang-des-prasidentenpaares\\\/\"},\"wordCount\":550,\"commentCount\":0,\"publisher\":{\"@id\":\"https:\\\/\\\/www.sebastien-auziere.fr\\\/blog\\\/#organization\"},\"image\":{\"@id\":\"https:\\\/\\\/www.sebastien-auziere.fr\\\/blog\\\/de\\\/eblouissante-en-robe-rouge-et-bijoux-dores-brigitte-macron-resplendit-pour-die-empfang-des-prasidentenpaares\\\/#primaryimage\"},\"thumbnailUrl\":\"https:\\\/\\\/www.sebastien-auziere.fr\\\/blog\\\/wp-content\\\/uploads\\\/2026\\\/04\\\/Eblouissante-en-robe-rouge-et-bijoux-dores-Brigitte-Macron-resplendit-pour-la-reception-du-couple-presidentiel.jpg\",\"keywords\":[\"brigitte macron\",\"Ehepaarpr\u00e4sident\",\"goldene Schmuckst\u00fccke\",\"pr\u00e4sidentielle Empfang\",\"robe rot\"],\"articleSection\":[\"Aktuelles\"],\"inLanguage\":\"fr-FR\",\"potentialAction\":[{\"@type\":\"CommentAction\",\"name\":\"Comment\",\"target\":[\"https:\\\/\\\/www.sebastien-auziere.fr\\\/blog\\\/de\\\/eblouissante-en-robe-rouge-et-bijoux-dores-brigitte-macron-resplendit-pour-die-empfang-des-prasidentenpaares\\\/#respond\"]}]},{\"@type\":\"WebPage\",\"@id\":\"https:\\\/\\\/www.sebastien-auziere.fr\\\/blog\\\/de\\\/eblouissante-en-robe-rouge-et-bijoux-dores-brigitte-macron-resplendit-pour-die-empfang-des-prasidentenpaares\\\/\",\"url\":\"https:\\\/\\\/www.sebastien-auziere.fr\\\/blog\\\/de\\\/eblouissante-en-robe-rouge-et-bijoux-dores-brigitte-macron-resplendit-pour-die-empfang-des-prasidentenpaares\\\/\",\"name\":\"\u00c9blouissante en robe rouge et bijoux dor\u00e9s, Brigitte Macron resplendit pour die Empfang des Pr\u00e4sidentenpaares - Fan site S\u00e9bastien Auzi\u00e8re\",\"isPartOf\":{\"@id\":\"https:\\\/\\\/www.sebastien-auziere.fr\\\/blog\\\/#website\"},\"primaryImageOfPage\":{\"@id\":\"https:\\\/\\\/www.sebastien-auziere.fr\\\/blog\\\/de\\\/eblouissante-en-robe-rouge-et-bijoux-dores-brigitte-macron-resplendit-pour-die-empfang-des-prasidentenpaares\\\/#primaryimage\"},\"image\":{\"@id\":\"https:\\\/\\\/www.sebastien-auziere.fr\\\/blog\\\/de\\\/eblouissante-en-robe-rouge-et-bijoux-dores-brigitte-macron-resplendit-pour-die-empfang-des-prasidentenpaares\\\/#primaryimage\"},\"thumbnailUrl\":\"https:\\\/\\\/www.sebastien-auziere.fr\\\/blog\\\/wp-content\\\/uploads\\\/2026\\\/04\\\/Eblouissante-en-robe-rouge-et-bijoux-dores-Brigitte-Macron-resplendit-pour-la-reception-du-couple-presidentiel.jpg\",\"datePublished\":\"2026-04-16T19:14:16+00:00\",\"dateModified\":\"2026-04-16T19:14:45+00:00\",\"description\":\"Brigitte Macron \u00e9blouit en robe rouge et bijoux dor\u00e9s lors de la r\u00e9ception du couple pr\u00e9sidentiel, alliant \u00e9l\u00e9gance et charme.\",\"breadcrumb\":{\"@id\":\"https:\\\/\\\/www.sebastien-auziere.fr\\\/blog\\\/de\\\/eblouissante-en-robe-rouge-et-bijoux-dores-brigitte-macron-resplendit-pour-die-empfang-des-prasidentenpaares\\\/#breadcrumb\"},\"inLanguage\":\"fr-FR\",\"potentialAction\":[{\"@type\":\"ReadAction\",\"target\":[\"https:\\\/\\\/www.sebastien-auziere.fr\\\/blog\\\/de\\\/eblouissante-en-robe-rouge-et-bijoux-dores-brigitte-macron-resplendit-pour-die-empfang-des-prasidentenpaares\\\/\"]}]},{\"@type\":\"ImageObject\",\"inLanguage\":\"fr-FR\",\"@id\":\"https:\\\/\\\/www.sebastien-auziere.fr\\\/blog\\\/de\\\/eblouissante-en-robe-rouge-et-bijoux-dores-brigitte-macron-resplendit-pour-die-empfang-des-prasidentenpaares\\\/#primaryimage\",\"url\":\"https:\\\/\\\/www.sebastien-auziere.fr\\\/blog\\\/wp-content\\\/uploads\\\/2026\\\/04\\\/Eblouissante-en-robe-rouge-et-bijoux-dores-Brigitte-Macron-resplendit-pour-la-reception-du-couple-presidentiel.jpg\",\"contentUrl\":\"https:\\\/\\\/www.sebastien-auziere.fr\\\/blog\\\/wp-content\\\/uploads\\\/2026\\\/04\\\/Eblouissante-en-robe-rouge-et-bijoux-dores-Brigitte-Macron-resplendit-pour-la-reception-du-couple-presidentiel.jpg\",\"width\":2560,\"height\":1429,\"caption\":\"d\u00e9couvrez brigitte macron \u00e9blouissante en robe rouge et bijoux dor\u00e9s lors de la r\u00e9ception du couple pr\u00e9sidentiel, incarnant \u00e9l\u00e9gance et glamour.\"},{\"@type\":\"BreadcrumbList\",\"@id\":\"https:\\\/\\\/www.sebastien-auziere.fr\\\/blog\\\/de\\\/eblouissante-en-robe-rouge-et-bijoux-dores-brigitte-macron-resplendit-pour-die-empfang-des-prasidentenpaares\\\/#breadcrumb\",\"itemListElement\":[{\"@type\":\"ListItem\",\"position\":1,\"name\":\"Home\",\"item\":\"https:\\\/\\\/www.sebastien-auziere.fr\\\/blog\\\/\"},{\"@type\":\"ListItem\",\"position\":2,\"name\":\"\u00c9blouissante en robe rouge et bijoux dor\u00e9s, Brigitte Macron resplendit pour die Empfang des Pr\u00e4sidentenpaares\"}]},{\"@type\":\"WebSite\",\"@id\":\"https:\\\/\\\/www.sebastien-auziere.fr\\\/blog\\\/#website\",\"url\":\"https:\\\/\\\/www.sebastien-auziere.fr\\\/blog\\\/\",\"name\":\"Fan site S\u00e9bastien Auzi\u00e8re\",\"description\":\"M\u00e9dia g\u00e9n\u00e9raliste\",\"publisher\":{\"@id\":\"https:\\\/\\\/www.sebastien-auziere.fr\\\/blog\\\/#organization\"},\"potentialAction\":[{\"@type\":\"SearchAction\",\"target\":{\"@type\":\"EntryPoint\",\"urlTemplate\":\"https:\\\/\\\/www.sebastien-auziere.fr\\\/blog\\\/?s={search_term_string}\"},\"query-input\":{\"@type\":\"PropertyValueSpecification\",\"valueRequired\":true,\"valueName\":\"search_term_string\"}}],\"inLanguage\":\"fr-FR\"},{\"@type\":\"Organization\",\"@id\":\"https:\\\/\\\/www.sebastien-auziere.fr\\\/blog\\\/#organization\",\"name\":\"Fan site S\u00e9bastien Auzi\u00e8re\",\"url\":\"https:\\\/\\\/www.sebastien-auziere.fr\\\/blog\\\/\",\"logo\":{\"@type\":\"ImageObject\",\"inLanguage\":\"fr-FR\",\"@id\":\"https:\\\/\\\/www.sebastien-auziere.fr\\\/blog\\\/#\\\/schema\\\/logo\\\/image\\\/\",\"url\":\"https:\\\/\\\/www.sebastien-auziere.fr\\\/blog\\\/wp-content\\\/uploads\\\/2026\\\/03\\\/cropped-cropped-cropped-ChatGPT-Image-6-mars-2026-12_58_09-e1772798376794.jpg\",\"contentUrl\":\"https:\\\/\\\/www.sebastien-auziere.fr\\\/blog\\\/wp-content\\\/uploads\\\/2026\\\/03\\\/cropped-cropped-cropped-ChatGPT-Image-6-mars-2026-12_58_09-e1772798376794.jpg\",\"width\":512,\"height\":360,\"caption\":\"Fan site S\u00e9bastien Auzi\u00e8re\"},\"image\":{\"@id\":\"https:\\\/\\\/www.sebastien-auziere.fr\\\/blog\\\/#\\\/schema\\\/logo\\\/image\\\/\"}},{\"@type\":\"Person\",\"@id\":\"https:\\\/\\\/www.sebastien-auziere.fr\\\/blog\\\/#\\\/schema\\\/person\\\/149f1acdbfd85149c6c3e59adeae2f4d\",\"name\":\"Chloe Gauthier\",\"image\":{\"@type\":\"ImageObject\",\"inLanguage\":\"fr-FR\",\"@id\":\"https:\\\/\\\/secure.gravatar.com\\\/avatar\\\/2c5722f58171cff738a8985ef0dd66b476e563753246a49019befc837ec4201a?s=96&d=mm&r=g\",\"url\":\"https:\\\/\\\/secure.gravatar.com\\\/avatar\\\/2c5722f58171cff738a8985ef0dd66b476e563753246a49019befc837ec4201a?s=96&d=mm&r=g\",\"contentUrl\":\"https:\\\/\\\/secure.gravatar.com\\\/avatar\\\/2c5722f58171cff738a8985ef0dd66b476e563753246a49019befc837ec4201a?s=96&d=mm&r=g\",\"caption\":\"Chloe Gauthier\"},\"description\":\"Passionn\u00e9e par la politique et admiratrice engag\u00e9e de la famille Macron, je consacre mon \u00e9nergie \u00e0 suivre leurs initiatives et \u00e0 promouvoir leurs id\u00e9es. \u00c0 32 ans, je suis convaincue que leur vision est porteuse d'avenir.\",\"url\":\"https:\\\/\\\/www.sebastien-auziere.fr\\\/blog\\\/author\\\/chloe-gauthier\\\/\"}]}<\/script>\n<!-- \/ Yoast SEO plugin. -->","yoast_head_json":{"title":"\u00c9blouissante en robe rouge et bijoux dor\u00e9s, Brigitte Macron resplendit pour die Empfang des Pr\u00e4sidentenpaares - Fan site S\u00e9bastien Auzi\u00e8re","description":"Brigitte Macron \u00e9blouit en robe rouge et bijoux dor\u00e9s lors de la r\u00e9ception du couple pr\u00e9sidentiel, alliant \u00e9l\u00e9gance et charme.","robots":{"index":"index","follow":"follow","max-snippet":"max-snippet:-1","max-image-preview":"max-image-preview:large","max-video-preview":"max-video-preview:-1"},"canonical":"https:\/\/www.sebastien-auziere.fr\/blog\/de\/eblouissante-en-robe-rouge-et-bijoux-dores-brigitte-macron-resplendit-pour-die-empfang-des-prasidentenpaares\/","og_locale":"fr_FR","og_type":"article","og_title":"\u00c9blouissante en robe rouge et bijoux dor\u00e9s, Brigitte Macron resplendit pour die Empfang des Pr\u00e4sidentenpaares - Fan site S\u00e9bastien Auzi\u00e8re","og_description":"Brigitte Macron \u00e9blouit en robe rouge et bijoux dor\u00e9s lors de la r\u00e9ception du couple pr\u00e9sidentiel, alliant \u00e9l\u00e9gance et charme.","og_url":"https:\/\/www.sebastien-auziere.fr\/blog\/de\/eblouissante-en-robe-rouge-et-bijoux-dores-brigitte-macron-resplendit-pour-die-empfang-des-prasidentenpaares\/","og_site_name":"Fan site S\u00e9bastien Auzi\u00e8re","article_published_time":"2026-04-16T19:14:16+00:00","article_modified_time":"2026-04-16T19:14:45+00:00","og_image":[{"width":2560,"height":1429,"url":"https:\/\/www.sebastien-auziere.fr\/blog\/wp-content\/uploads\/2026\/04\/Eblouissante-en-robe-rouge-et-bijoux-dores-Brigitte-Macron-resplendit-pour-la-reception-du-couple-presidentiel.jpg","type":"image\/jpeg"}],"author":"Chloe Gauthier","twitter_card":"summary_large_image","twitter_misc":{"\u00c9crit par":"Chloe Gauthier","Dur\u00e9e de lecture estim\u00e9e":"3 minutes"},"schema":{"@context":"https:\/\/schema.org","@graph":[{"@type":"Article","@id":"https:\/\/www.sebastien-auziere.fr\/blog\/de\/eblouissante-en-robe-rouge-et-bijoux-dores-brigitte-macron-resplendit-pour-die-empfang-des-prasidentenpaares\/#article","isPartOf":{"@id":"https:\/\/www.sebastien-auziere.fr\/blog\/de\/eblouissante-en-robe-rouge-et-bijoux-dores-brigitte-macron-resplendit-pour-die-empfang-des-prasidentenpaares\/"},"author":{"name":"Chloe Gauthier","@id":"https:\/\/www.sebastien-auziere.fr\/blog\/#\/schema\/person\/149f1acdbfd85149c6c3e59adeae2f4d"},"headline":"\u00c9blouissante en robe rouge et bijoux dor\u00e9s, Brigitte Macron resplendit pour die Empfang des Pr\u00e4sidentenpaares","datePublished":"2026-04-16T19:14:16+00:00","dateModified":"2026-04-16T19:14:45+00:00","mainEntityOfPage":{"@id":"https:\/\/www.sebastien-auziere.fr\/blog\/de\/eblouissante-en-robe-rouge-et-bijoux-dores-brigitte-macron-resplendit-pour-die-empfang-des-prasidentenpaares\/"},"wordCount":550,"commentCount":0,"publisher":{"@id":"https:\/\/www.sebastien-auziere.fr\/blog\/#organization"},"image":{"@id":"https:\/\/www.sebastien-auziere.fr\/blog\/de\/eblouissante-en-robe-rouge-et-bijoux-dores-brigitte-macron-resplendit-pour-die-empfang-des-prasidentenpaares\/#primaryimage"},"thumbnailUrl":"https:\/\/www.sebastien-auziere.fr\/blog\/wp-content\/uploads\/2026\/04\/Eblouissante-en-robe-rouge-et-bijoux-dores-Brigitte-Macron-resplendit-pour-la-reception-du-couple-presidentiel.jpg","keywords":["brigitte macron","Ehepaarpr\u00e4sident","goldene Schmuckst\u00fccke","pr\u00e4sidentielle Empfang","robe rot"],"articleSection":["Aktuelles"],"inLanguage":"fr-FR","potentialAction":[{"@type":"CommentAction","name":"Comment","target":["https:\/\/www.sebastien-auziere.fr\/blog\/de\/eblouissante-en-robe-rouge-et-bijoux-dores-brigitte-macron-resplendit-pour-die-empfang-des-prasidentenpaares\/#respond"]}]},{"@type":"WebPage","@id":"https:\/\/www.sebastien-auziere.fr\/blog\/de\/eblouissante-en-robe-rouge-et-bijoux-dores-brigitte-macron-resplendit-pour-die-empfang-des-prasidentenpaares\/","url":"https:\/\/www.sebastien-auziere.fr\/blog\/de\/eblouissante-en-robe-rouge-et-bijoux-dores-brigitte-macron-resplendit-pour-die-empfang-des-prasidentenpaares\/","name":"\u00c9blouissante en robe rouge et bijoux dor\u00e9s, Brigitte Macron resplendit pour die Empfang des Pr\u00e4sidentenpaares - Fan site S\u00e9bastien Auzi\u00e8re","isPartOf":{"@id":"https:\/\/www.sebastien-auziere.fr\/blog\/#website"},"primaryImageOfPage":{"@id":"https:\/\/www.sebastien-auziere.fr\/blog\/de\/eblouissante-en-robe-rouge-et-bijoux-dores-brigitte-macron-resplendit-pour-die-empfang-des-prasidentenpaares\/#primaryimage"},"image":{"@id":"https:\/\/www.sebastien-auziere.fr\/blog\/de\/eblouissante-en-robe-rouge-et-bijoux-dores-brigitte-macron-resplendit-pour-die-empfang-des-prasidentenpaares\/#primaryimage"},"thumbnailUrl":"https:\/\/www.sebastien-auziere.fr\/blog\/wp-content\/uploads\/2026\/04\/Eblouissante-en-robe-rouge-et-bijoux-dores-Brigitte-Macron-resplendit-pour-la-reception-du-couple-presidentiel.jpg","datePublished":"2026-04-16T19:14:16+00:00","dateModified":"2026-04-16T19:14:45+00:00","description":"Brigitte Macron \u00e9blouit en robe rouge et bijoux dor\u00e9s lors de la r\u00e9ception du couple pr\u00e9sidentiel, alliant \u00e9l\u00e9gance et charme.","breadcrumb":{"@id":"https:\/\/www.sebastien-auziere.fr\/blog\/de\/eblouissante-en-robe-rouge-et-bijoux-dores-brigitte-macron-resplendit-pour-die-empfang-des-prasidentenpaares\/#breadcrumb"},"inLanguage":"fr-FR","potentialAction":[{"@type":"ReadAction","target":["https:\/\/www.sebastien-auziere.fr\/blog\/de\/eblouissante-en-robe-rouge-et-bijoux-dores-brigitte-macron-resplendit-pour-die-empfang-des-prasidentenpaares\/"]}]},{"@type":"ImageObject","inLanguage":"fr-FR","@id":"https:\/\/www.sebastien-auziere.fr\/blog\/de\/eblouissante-en-robe-rouge-et-bijoux-dores-brigitte-macron-resplendit-pour-die-empfang-des-prasidentenpaares\/#primaryimage","url":"https:\/\/www.sebastien-auziere.fr\/blog\/wp-content\/uploads\/2026\/04\/Eblouissante-en-robe-rouge-et-bijoux-dores-Brigitte-Macron-resplendit-pour-la-reception-du-couple-presidentiel.jpg","contentUrl":"https:\/\/www.sebastien-auziere.fr\/blog\/wp-content\/uploads\/2026\/04\/Eblouissante-en-robe-rouge-et-bijoux-dores-Brigitte-Macron-resplendit-pour-la-reception-du-couple-presidentiel.jpg","width":2560,"height":1429,"caption":"d\u00e9couvrez brigitte macron \u00e9blouissante en robe rouge et bijoux dor\u00e9s lors de la r\u00e9ception du couple pr\u00e9sidentiel, incarnant \u00e9l\u00e9gance et glamour."},{"@type":"BreadcrumbList","@id":"https:\/\/www.sebastien-auziere.fr\/blog\/de\/eblouissante-en-robe-rouge-et-bijoux-dores-brigitte-macron-resplendit-pour-die-empfang-des-prasidentenpaares\/#breadcrumb","itemListElement":[{"@type":"ListItem","position":1,"name":"Home","item":"https:\/\/www.sebastien-auziere.fr\/blog\/"},{"@type":"ListItem","position":2,"name":"\u00c9blouissante en robe rouge et bijoux dor\u00e9s, Brigitte Macron resplendit pour die Empfang des Pr\u00e4sidentenpaares"}]},{"@type":"WebSite","@id":"https:\/\/www.sebastien-auziere.fr\/blog\/#website","url":"https:\/\/www.sebastien-auziere.fr\/blog\/","name":"Fan site S\u00e9bastien Auzi\u00e8re","description":"M\u00e9dia g\u00e9n\u00e9raliste","publisher":{"@id":"https:\/\/www.sebastien-auziere.fr\/blog\/#organization"},"potentialAction":[{"@type":"SearchAction","target":{"@type":"EntryPoint","urlTemplate":"https:\/\/www.sebastien-auziere.fr\/blog\/?s={search_term_string}"},"query-input":{"@type":"PropertyValueSpecification","valueRequired":true,"valueName":"search_term_string"}}],"inLanguage":"fr-FR"},{"@type":"Organization","@id":"https:\/\/www.sebastien-auziere.fr\/blog\/#organization","name":"Fan site S\u00e9bastien Auzi\u00e8re","url":"https:\/\/www.sebastien-auziere.fr\/blog\/","logo":{"@type":"ImageObject","inLanguage":"fr-FR","@id":"https:\/\/www.sebastien-auziere.fr\/blog\/#\/schema\/logo\/image\/","url":"https:\/\/www.sebastien-auziere.fr\/blog\/wp-content\/uploads\/2026\/03\/cropped-cropped-cropped-ChatGPT-Image-6-mars-2026-12_58_09-e1772798376794.jpg","contentUrl":"https:\/\/www.sebastien-auziere.fr\/blog\/wp-content\/uploads\/2026\/03\/cropped-cropped-cropped-ChatGPT-Image-6-mars-2026-12_58_09-e1772798376794.jpg","width":512,"height":360,"caption":"Fan site S\u00e9bastien Auzi\u00e8re"},"image":{"@id":"https:\/\/www.sebastien-auziere.fr\/blog\/#\/schema\/logo\/image\/"}},{"@type":"Person","@id":"https:\/\/www.sebastien-auziere.fr\/blog\/#\/schema\/person\/149f1acdbfd85149c6c3e59adeae2f4d","name":"Chloe Gauthier","image":{"@type":"ImageObject","inLanguage":"fr-FR","@id":"https:\/\/secure.gravatar.com\/avatar\/2c5722f58171cff738a8985ef0dd66b476e563753246a49019befc837ec4201a?s=96&d=mm&r=g","url":"https:\/\/secure.gravatar.com\/avatar\/2c5722f58171cff738a8985ef0dd66b476e563753246a49019befc837ec4201a?s=96&d=mm&r=g","contentUrl":"https:\/\/secure.gravatar.com\/avatar\/2c5722f58171cff738a8985ef0dd66b476e563753246a49019befc837ec4201a?s=96&d=mm&r=g","caption":"Chloe Gauthier"},"description":"Passionn\u00e9e par la politique et admiratrice engag\u00e9e de la famille Macron, je consacre mon \u00e9nergie \u00e0 suivre leurs initiatives et \u00e0 promouvoir leurs id\u00e9es. \u00c0 32 ans, je suis convaincue que leur vision est porteuse d'avenir.","url":"https:\/\/www.sebastien-auziere.fr\/blog\/author\/chloe-gauthier\/"}]}},"views":1,"_links":{"self":[{"href":"https:\/\/www.sebastien-auziere.fr\/blog\/wp-json\/wp\/v2\/posts\/3080","targetHints":{"allow":["GET"]}}],"collection":[{"href":"https:\/\/www.sebastien-auziere.fr\/blog\/wp-json\/wp\/v2\/posts"}],"about":[{"href":"https:\/\/www.sebastien-auziere.fr\/blog\/wp-json\/wp\/v2\/types\/post"}],"author":[{"embeddable":true,"href":"https:\/\/www.sebastien-auziere.fr\/blog\/wp-json\/wp\/v2\/users\/9"}],"replies":[{"embeddable":true,"href":"https:\/\/www.sebastien-auziere.fr\/blog\/wp-json\/wp\/v2\/comments?post=3080"}],"version-history":[{"count":1,"href":"https:\/\/www.sebastien-auziere.fr\/blog\/wp-json\/wp\/v2\/posts\/3080\/revisions"}],"predecessor-version":[{"id":3081,"href":"https:\/\/www.sebastien-auziere.fr\/blog\/wp-json\/wp\/v2\/posts\/3080\/revisions\/3081"}],"wp:featuredmedia":[{"embeddable":true,"href":"https:\/\/www.sebastien-auziere.fr\/blog\/wp-json\/wp\/v2\/media\/3074"}],"wp:attachment":[{"href":"https:\/\/www.sebastien-auziere.fr\/blog\/wp-json\/wp\/v2\/media?parent=3080"}],"wp:term":[{"taxonomy":"category","embeddable":true,"href":"https:\/\/www.sebastien-auziere.fr\/blog\/wp-json\/wp\/v2\/categories?post=3080"},{"taxonomy":"post_tag","embeddable":true,"href":"https:\/\/www.sebastien-auziere.fr\/blog\/wp-json\/wp\/v2\/tags?post=3080"}],"curies":[{"name":"wp","href":"https:\/\/api.w.org\/{rel}","templated":true}]}}