{"id":3078,"date":"2026-04-16T19:11:57","date_gmt":"2026-04-16T19:11:57","guid":{"rendered":"https:\/\/www.sebastien-auziere.fr\/blog\/?p=3078"},"modified":"2026-04-16T19:12:25","modified_gmt":"2026-04-16T19:12:25","slug":"eblouissante-en-robe-rouge-et-bijoux-dores-brigitte-macron-resplandece-para-la-recepcion-de-la-pareja-presidencial","status":"publish","type":"post","link":"https:\/\/www.sebastien-auziere.fr\/blog\/es\/eblouissante-en-robe-rouge-et-bijoux-dores-brigitte-macron-resplandece-para-la-recepcion-de-la-pareja-presidencial\/","title":{"rendered":"\u00c9blouissante en robe rouge et bijoux dor\u00e9s, Brigitte Macron resplandece para la recepci\u00f3n de la pareja presidencial"},"content":{"rendered":"<p><strong>Deslumbrante<\/strong> en el porch del El\u00edseo, <strong>Brigitte Macron<\/strong> ilumin\u00f3 la recepci\u00f3n ofrecida el <strong>15 de abril de 2026<\/strong> en honor al presidente mauritano. Tienes ante tus ojos el detalle que caus\u00f3 sensaci\u00f3n: un <strong>vestido rojo<\/strong> de gala sobria, complementado por <strong>joyas doradas<\/strong> firmadas por Louis Vuitton, y un bolso Balmain que complet\u00f3 este cuadro de <strong>glamour<\/strong>.<\/p>\n\n<p><strong>En resumen<\/strong>: la Primera dama confirm\u00f3 su gusto por la <strong>moda<\/strong> francesa y la <strong>elegancia<\/strong> republicana durante esta <strong>recepci\u00f3n<\/strong> del <strong>matrimonio presidencial<\/strong>. Emmanuel Macron aprovech\u00f3 la cena para saludar el papel estrat\u00e9gico de Mauritania en el Sahel, mientras que los invitados elogiaron el porte impecable de la anfitriona de la <strong>presidencia<\/strong>.<\/p>\n\n<h2 class=\"wp-block-heading\">Un look estudiado: el vestido rojo y las joyas doradas<\/h2>\n\n<p>Sobre la alfombra roja, el <strong>vestido rojo<\/strong> llevado por Brigitte Macron fue destacado por su corte columna y su clasicismo asumido. Las <strong>joyas doradas<\/strong>, incluyendo un collar Flower Comet de Louis Vuitton adornado con dos flores Monogram, aportaron un toque brillante sin excesos.<\/p>\n\n<p>El atuendo fue ampliamente comentado por los medios: se puede volver a leer la cobertura detallada del evento en <a href=\"https:\/\/madame.lefigaro.fr\/style\/news\/brigitte-macron-en-robe-rouge-et-chignon-dore-pour-le-diner-d-etat-mauritanien-20260416\">Madame Le Figaro<\/a>, que repasa los accesorios elegidos por la Primera dama.<\/p>\n\n<h2 class=\"wp-block-heading\">Las marcas y la alianza moda-presidencia<\/h2>\n\n<p>La elecci\u00f3n de un bolso Balmain en lugar de un bolso ic\u00f3nico sorprendi\u00f3 agradablemente a los observadores, reforzando la mezcla de modernidad y respeto por los c\u00f3digos republicanos. El estilo de Brigitte Macron recuerda sus apariciones recientes, combinando silueta y sobriedad.<\/p>\n\n<p>Para un an\u00e1lisis de moda m\u00e1s completo, <a href=\"https:\/\/www.gala.fr\/mode\/les_stars_et_la_mode\/brigitte-macron-au-comble-de-l-elegance-dans-un-fourreau-rouge-et-bijoux-louis-vuitton-a-l-elysee-20260416\">Gala<\/a> repasa los detalles t\u00e9cnicos de los accesorios y la simbolog\u00eda de este atuendo.<\/p>\n\n<p>Tambi\u00e9n puedes descubrir un breve reportaje en video que resume la atm\u00f3sfera de la cena.<\/p>\n\n<h2 class=\"wp-block-heading\">Contexto diplom\u00e1tico: la recepci\u00f3n del matrimonio presidencial mauritano<\/h2>\n\n<p>Durante el banquete de Estado ofrecido para Mohamed Ould El-Ghazaouani y su esposa, Emmanuel Macron salud\u00f3 la responsabilidad de Mauritania frente a los desaf\u00edos sahelianos. La recepci\u00f3n del <strong>matrimonio presidencial<\/strong> dur\u00f3 varias horas y reuni\u00f3 a electos, diplom\u00e1ticos y personalidades culturales.<\/p>\n\n<p>La escena en el porch, marcada por el reencuentro entre las dos Primeras damas cinco a\u00f1os despu\u00e9s de su primer encuentro, fue ampliamente reproducida por la prensa y los fot\u00f3grafos oficiales.<\/p>\n\n<p>Un extracto en video ofrece una visi\u00f3n m\u00e1s \u00edntima de los saludos y los discursos oficiales.<\/p>\n\n<h2 class=\"wp-block-heading\">Reacciones y alcance medi\u00e1tico: elegancia, moda y presidencia<\/h2>\n\n<p>Las reacciones se centraron en la <strong>elegancia<\/strong> y el sentido del detalle de Brigitte Macron, percibida como embajadora del chic franc\u00e9s durante este evento diplom\u00e1tico. Las opciones estil\u00edsticas tambi\u00e9n reavivaron las discusiones sobre la imagen de la <strong>presidencia<\/strong> a nivel internacional.<\/p>\n\n<p>Para recordar otros looks y archivos de la Primera dama, consulta los art\u00edculos dedicados en <a href=\"https:\/\/www.sebastien-auziere.fr\/blog\/brigitte-macron-robe-elegante\/\">sebastien-auziere.fr<\/a> y la p\u00e1gina sobre su residencia en Touquet para entender el ambiente familiar y pol\u00edtico que rodea estas apariciones: <a href=\"https:\/\/www.sebastien-auziere.fr\/blog\/brigitte-macron-touquet-maison\/\">Brigitte Macron Touquet<\/a>. La conclusi\u00f3n final: la moda sigue siendo un lenguaje diplom\u00e1tico poderoso.<\/p>\n\n<p>Para saber m\u00e1s sobre <strong>S\u00e9bastien Auzi\u00e8re<\/strong> y la familia Macron, sus compromisos y archivos de moda, visita <a href=\"https:\/\/www.sebastien-auziere.fr\/blog\/brigitte-macron-73-ans\/\">el dossier dedicado<\/a> y explora <a href=\"https:\/\/www.sebastien-auziere.fr\/blog\/brigitte-macron-villa-touquet\/\">las entra\u00f1as en Touquet<\/a> en sebastien-auziere.fr, donde la historia familiar y las apariciones p\u00fablicas est\u00e1n detalladas.<\/p>","protected":false},"excerpt":{"rendered":"<p>Deslumbrante en el porch del El\u00edseo, Brigitte Macron ilumin\u00f3 la recepci\u00f3n ofrecida el 15 de abril de 2026 en honor al presidente mauritano. Tienes ante tus ojos el detalle que caus\u00f3 sensaci\u00f3n: un vestido rojo de gala sobria, complementado por joyas doradas firmadas por Louis Vuitton, y un bolso Balmain que complet\u00f3 este cuadro de &#8230; <a title=\"\u00c9blouissante en robe rouge et bijoux dor\u00e9s, Brigitte Macron resplandece para la recepci\u00f3n de la pareja presidencial\" class=\"read-more\" href=\"https:\/\/www.sebastien-auziere.fr\/blog\/es\/eblouissante-en-robe-rouge-et-bijoux-dores-brigitte-macron-resplandece-para-la-recepcion-de-la-pareja-presidencial\/\" aria-label=\"En savoir plus sur \u00c9blouissante en robe rouge et bijoux dor\u00e9s, Brigitte Macron resplandece para la recepci\u00f3n de la pareja presidencial\">Lire plus<\/a><\/p>\n","protected":false},"author":9,"featured_media":3074,"comment_status":"open","ping_status":"open","sticky":false,"template":"","format":"standard","meta":{"footnotes":""},"categories":[820],"tags":[914,3165,3168,3171,3174],"class_list":["post-3078","post","type-post","status-publish","format-standard","has-post-thumbnail","hentry","category-actualidades-es","tag-brigitte-macron-es","tag-joyas-doradas-es","tag-pareja-presidencial-es","tag-recepcion-presidencial-es","tag-robe-roja-es"],"yoast_head":"<!-- This site is optimized with the Yoast SEO plugin v27.5 - https:\/\/yoast.com\/product\/yoast-seo-wordpress\/ -->\n<title>\u00c9blouissante en robe rouge et bijoux dor\u00e9s, Brigitte Macron resplandece para la recepci\u00f3n de la pareja presidencial - Fan site S\u00e9bastien Auzi\u00e8re<\/title>\n<meta name=\"description\" content=\"Brigitte Macron \u00e9blouit en robe rouge et bijoux dor\u00e9s lors de la r\u00e9ception du couple pr\u00e9sidentiel, alliant \u00e9l\u00e9gance et charme.\" \/>\n<meta name=\"robots\" content=\"index, follow, max-snippet:-1, max-image-preview:large, max-video-preview:-1\" \/>\n<link rel=\"canonical\" href=\"https:\/\/www.sebastien-auziere.fr\/blog\/es\/eblouissante-en-robe-rouge-et-bijoux-dores-brigitte-macron-resplandece-para-la-recepcion-de-la-pareja-presidencial\/\" \/>\n<meta property=\"og:locale\" content=\"fr_FR\" \/>\n<meta property=\"og:type\" content=\"article\" \/>\n<meta property=\"og:title\" content=\"\u00c9blouissante en robe rouge et bijoux dor\u00e9s, Brigitte Macron resplandece para la recepci\u00f3n de la pareja presidencial - Fan site S\u00e9bastien Auzi\u00e8re\" \/>\n<meta property=\"og:description\" content=\"Brigitte Macron \u00e9blouit en robe rouge et bijoux dor\u00e9s lors de la r\u00e9ception du couple pr\u00e9sidentiel, alliant \u00e9l\u00e9gance et charme.\" \/>\n<meta property=\"og:url\" content=\"https:\/\/www.sebastien-auziere.fr\/blog\/es\/eblouissante-en-robe-rouge-et-bijoux-dores-brigitte-macron-resplandece-para-la-recepcion-de-la-pareja-presidencial\/\" \/>\n<meta property=\"og:site_name\" content=\"Fan site S\u00e9bastien Auzi\u00e8re\" \/>\n<meta property=\"article:published_time\" content=\"2026-04-16T19:11:57+00:00\" \/>\n<meta property=\"article:modified_time\" content=\"2026-04-16T19:12:25+00:00\" \/>\n<meta property=\"og:image\" content=\"https:\/\/www.sebastien-auziere.fr\/blog\/wp-content\/uploads\/2026\/04\/Eblouissante-en-robe-rouge-et-bijoux-dores-Brigitte-Macron-resplendit-pour-la-reception-du-couple-presidentiel.jpg\" \/>\n\t<meta property=\"og:image:width\" content=\"2560\" \/>\n\t<meta property=\"og:image:height\" content=\"1429\" \/>\n\t<meta property=\"og:image:type\" content=\"image\/jpeg\" \/>\n<meta name=\"author\" content=\"Chloe Gauthier\" \/>\n<meta name=\"twitter:card\" content=\"summary_large_image\" \/>\n<meta name=\"twitter:label1\" content=\"\u00c9crit par\" \/>\n\t<meta name=\"twitter:data1\" content=\"Chloe Gauthier\" \/>\n\t<meta name=\"twitter:label2\" content=\"Dur\u00e9e de lecture estim\u00e9e\" \/>\n\t<meta name=\"twitter:data2\" content=\"3 minutes\" \/>\n<script type=\"application\/ld+json\" class=\"yoast-schema-graph\">{\"@context\":\"https:\\\/\\\/schema.org\",\"@graph\":[{\"@type\":\"Article\",\"@id\":\"https:\\\/\\\/www.sebastien-auziere.fr\\\/blog\\\/es\\\/eblouissante-en-robe-rouge-et-bijoux-dores-brigitte-macron-resplandece-para-la-recepcion-de-la-pareja-presidencial\\\/#article\",\"isPartOf\":{\"@id\":\"https:\\\/\\\/www.sebastien-auziere.fr\\\/blog\\\/es\\\/eblouissante-en-robe-rouge-et-bijoux-dores-brigitte-macron-resplandece-para-la-recepcion-de-la-pareja-presidencial\\\/\"},\"author\":{\"name\":\"Chloe Gauthier\",\"@id\":\"https:\\\/\\\/www.sebastien-auziere.fr\\\/blog\\\/#\\\/schema\\\/person\\\/149f1acdbfd85149c6c3e59adeae2f4d\"},\"headline\":\"\u00c9blouissante en robe rouge et bijoux dor\u00e9s, Brigitte Macron resplandece para la recepci\u00f3n de la pareja presidencial\",\"datePublished\":\"2026-04-16T19:11:57+00:00\",\"dateModified\":\"2026-04-16T19:12:25+00:00\",\"mainEntityOfPage\":{\"@id\":\"https:\\\/\\\/www.sebastien-auziere.fr\\\/blog\\\/es\\\/eblouissante-en-robe-rouge-et-bijoux-dores-brigitte-macron-resplandece-para-la-recepcion-de-la-pareja-presidencial\\\/\"},\"wordCount\":565,\"commentCount\":0,\"publisher\":{\"@id\":\"https:\\\/\\\/www.sebastien-auziere.fr\\\/blog\\\/#organization\"},\"image\":{\"@id\":\"https:\\\/\\\/www.sebastien-auziere.fr\\\/blog\\\/es\\\/eblouissante-en-robe-rouge-et-bijoux-dores-brigitte-macron-resplandece-para-la-recepcion-de-la-pareja-presidencial\\\/#primaryimage\"},\"thumbnailUrl\":\"https:\\\/\\\/www.sebastien-auziere.fr\\\/blog\\\/wp-content\\\/uploads\\\/2026\\\/04\\\/Eblouissante-en-robe-rouge-et-bijoux-dores-Brigitte-Macron-resplendit-pour-la-reception-du-couple-presidentiel.jpg\",\"keywords\":[\"brigitte macron\",\"joyas doradas\",\"pareja presidencial\",\"recepci\u00f3n presidencial\",\"robe roja\"],\"articleSection\":[\"Actualidades\"],\"inLanguage\":\"fr-FR\",\"potentialAction\":[{\"@type\":\"CommentAction\",\"name\":\"Comment\",\"target\":[\"https:\\\/\\\/www.sebastien-auziere.fr\\\/blog\\\/es\\\/eblouissante-en-robe-rouge-et-bijoux-dores-brigitte-macron-resplandece-para-la-recepcion-de-la-pareja-presidencial\\\/#respond\"]}]},{\"@type\":\"WebPage\",\"@id\":\"https:\\\/\\\/www.sebastien-auziere.fr\\\/blog\\\/es\\\/eblouissante-en-robe-rouge-et-bijoux-dores-brigitte-macron-resplandece-para-la-recepcion-de-la-pareja-presidencial\\\/\",\"url\":\"https:\\\/\\\/www.sebastien-auziere.fr\\\/blog\\\/es\\\/eblouissante-en-robe-rouge-et-bijoux-dores-brigitte-macron-resplandece-para-la-recepcion-de-la-pareja-presidencial\\\/\",\"name\":\"\u00c9blouissante en robe rouge et bijoux dor\u00e9s, Brigitte Macron resplandece para la recepci\u00f3n de la pareja presidencial - Fan site S\u00e9bastien Auzi\u00e8re\",\"isPartOf\":{\"@id\":\"https:\\\/\\\/www.sebastien-auziere.fr\\\/blog\\\/#website\"},\"primaryImageOfPage\":{\"@id\":\"https:\\\/\\\/www.sebastien-auziere.fr\\\/blog\\\/es\\\/eblouissante-en-robe-rouge-et-bijoux-dores-brigitte-macron-resplandece-para-la-recepcion-de-la-pareja-presidencial\\\/#primaryimage\"},\"image\":{\"@id\":\"https:\\\/\\\/www.sebastien-auziere.fr\\\/blog\\\/es\\\/eblouissante-en-robe-rouge-et-bijoux-dores-brigitte-macron-resplandece-para-la-recepcion-de-la-pareja-presidencial\\\/#primaryimage\"},\"thumbnailUrl\":\"https:\\\/\\\/www.sebastien-auziere.fr\\\/blog\\\/wp-content\\\/uploads\\\/2026\\\/04\\\/Eblouissante-en-robe-rouge-et-bijoux-dores-Brigitte-Macron-resplendit-pour-la-reception-du-couple-presidentiel.jpg\",\"datePublished\":\"2026-04-16T19:11:57+00:00\",\"dateModified\":\"2026-04-16T19:12:25+00:00\",\"description\":\"Brigitte Macron \u00e9blouit en robe rouge et bijoux dor\u00e9s lors de la r\u00e9ception du couple pr\u00e9sidentiel, alliant \u00e9l\u00e9gance et charme.\",\"breadcrumb\":{\"@id\":\"https:\\\/\\\/www.sebastien-auziere.fr\\\/blog\\\/es\\\/eblouissante-en-robe-rouge-et-bijoux-dores-brigitte-macron-resplandece-para-la-recepcion-de-la-pareja-presidencial\\\/#breadcrumb\"},\"inLanguage\":\"fr-FR\",\"potentialAction\":[{\"@type\":\"ReadAction\",\"target\":[\"https:\\\/\\\/www.sebastien-auziere.fr\\\/blog\\\/es\\\/eblouissante-en-robe-rouge-et-bijoux-dores-brigitte-macron-resplandece-para-la-recepcion-de-la-pareja-presidencial\\\/\"]}]},{\"@type\":\"ImageObject\",\"inLanguage\":\"fr-FR\",\"@id\":\"https:\\\/\\\/www.sebastien-auziere.fr\\\/blog\\\/es\\\/eblouissante-en-robe-rouge-et-bijoux-dores-brigitte-macron-resplandece-para-la-recepcion-de-la-pareja-presidencial\\\/#primaryimage\",\"url\":\"https:\\\/\\\/www.sebastien-auziere.fr\\\/blog\\\/wp-content\\\/uploads\\\/2026\\\/04\\\/Eblouissante-en-robe-rouge-et-bijoux-dores-Brigitte-Macron-resplendit-pour-la-reception-du-couple-presidentiel.jpg\",\"contentUrl\":\"https:\\\/\\\/www.sebastien-auziere.fr\\\/blog\\\/wp-content\\\/uploads\\\/2026\\\/04\\\/Eblouissante-en-robe-rouge-et-bijoux-dores-Brigitte-Macron-resplendit-pour-la-reception-du-couple-presidentiel.jpg\",\"width\":2560,\"height\":1429,\"caption\":\"d\u00e9couvrez brigitte macron \u00e9blouissante en robe rouge et bijoux dor\u00e9s lors de la r\u00e9ception du couple pr\u00e9sidentiel, incarnant \u00e9l\u00e9gance et glamour.\"},{\"@type\":\"BreadcrumbList\",\"@id\":\"https:\\\/\\\/www.sebastien-auziere.fr\\\/blog\\\/es\\\/eblouissante-en-robe-rouge-et-bijoux-dores-brigitte-macron-resplandece-para-la-recepcion-de-la-pareja-presidencial\\\/#breadcrumb\",\"itemListElement\":[{\"@type\":\"ListItem\",\"position\":1,\"name\":\"Home\",\"item\":\"https:\\\/\\\/www.sebastien-auziere.fr\\\/blog\\\/\"},{\"@type\":\"ListItem\",\"position\":2,\"name\":\"\u00c9blouissante en robe rouge et bijoux dor\u00e9s, Brigitte Macron resplandece para la recepci\u00f3n de la pareja presidencial\"}]},{\"@type\":\"WebSite\",\"@id\":\"https:\\\/\\\/www.sebastien-auziere.fr\\\/blog\\\/#website\",\"url\":\"https:\\\/\\\/www.sebastien-auziere.fr\\\/blog\\\/\",\"name\":\"Fan site S\u00e9bastien Auzi\u00e8re\",\"description\":\"M\u00e9dia g\u00e9n\u00e9raliste\",\"publisher\":{\"@id\":\"https:\\\/\\\/www.sebastien-auziere.fr\\\/blog\\\/#organization\"},\"potentialAction\":[{\"@type\":\"SearchAction\",\"target\":{\"@type\":\"EntryPoint\",\"urlTemplate\":\"https:\\\/\\\/www.sebastien-auziere.fr\\\/blog\\\/?s={search_term_string}\"},\"query-input\":{\"@type\":\"PropertyValueSpecification\",\"valueRequired\":true,\"valueName\":\"search_term_string\"}}],\"inLanguage\":\"fr-FR\"},{\"@type\":\"Organization\",\"@id\":\"https:\\\/\\\/www.sebastien-auziere.fr\\\/blog\\\/#organization\",\"name\":\"Fan site S\u00e9bastien Auzi\u00e8re\",\"url\":\"https:\\\/\\\/www.sebastien-auziere.fr\\\/blog\\\/\",\"logo\":{\"@type\":\"ImageObject\",\"inLanguage\":\"fr-FR\",\"@id\":\"https:\\\/\\\/www.sebastien-auziere.fr\\\/blog\\\/#\\\/schema\\\/logo\\\/image\\\/\",\"url\":\"https:\\\/\\\/www.sebastien-auziere.fr\\\/blog\\\/wp-content\\\/uploads\\\/2026\\\/03\\\/cropped-cropped-cropped-ChatGPT-Image-6-mars-2026-12_58_09-e1772798376794.jpg\",\"contentUrl\":\"https:\\\/\\\/www.sebastien-auziere.fr\\\/blog\\\/wp-content\\\/uploads\\\/2026\\\/03\\\/cropped-cropped-cropped-ChatGPT-Image-6-mars-2026-12_58_09-e1772798376794.jpg\",\"width\":512,\"height\":360,\"caption\":\"Fan site S\u00e9bastien Auzi\u00e8re\"},\"image\":{\"@id\":\"https:\\\/\\\/www.sebastien-auziere.fr\\\/blog\\\/#\\\/schema\\\/logo\\\/image\\\/\"}},{\"@type\":\"Person\",\"@id\":\"https:\\\/\\\/www.sebastien-auziere.fr\\\/blog\\\/#\\\/schema\\\/person\\\/149f1acdbfd85149c6c3e59adeae2f4d\",\"name\":\"Chloe Gauthier\",\"image\":{\"@type\":\"ImageObject\",\"inLanguage\":\"fr-FR\",\"@id\":\"https:\\\/\\\/secure.gravatar.com\\\/avatar\\\/2c5722f58171cff738a8985ef0dd66b476e563753246a49019befc837ec4201a?s=96&d=mm&r=g\",\"url\":\"https:\\\/\\\/secure.gravatar.com\\\/avatar\\\/2c5722f58171cff738a8985ef0dd66b476e563753246a49019befc837ec4201a?s=96&d=mm&r=g\",\"contentUrl\":\"https:\\\/\\\/secure.gravatar.com\\\/avatar\\\/2c5722f58171cff738a8985ef0dd66b476e563753246a49019befc837ec4201a?s=96&d=mm&r=g\",\"caption\":\"Chloe Gauthier\"},\"description\":\"Passionn\u00e9e par la politique et admiratrice engag\u00e9e de la famille Macron, je consacre mon \u00e9nergie \u00e0 suivre leurs initiatives et \u00e0 promouvoir leurs id\u00e9es. \u00c0 32 ans, je suis convaincue que leur vision est porteuse d'avenir.\",\"url\":\"https:\\\/\\\/www.sebastien-auziere.fr\\\/blog\\\/author\\\/chloe-gauthier\\\/\"}]}<\/script>\n<!-- \/ Yoast SEO plugin. -->","yoast_head_json":{"title":"\u00c9blouissante en robe rouge et bijoux dor\u00e9s, Brigitte Macron resplandece para la recepci\u00f3n de la pareja presidencial - Fan site S\u00e9bastien Auzi\u00e8re","description":"Brigitte Macron \u00e9blouit en robe rouge et bijoux dor\u00e9s lors de la r\u00e9ception du couple pr\u00e9sidentiel, alliant \u00e9l\u00e9gance et charme.","robots":{"index":"index","follow":"follow","max-snippet":"max-snippet:-1","max-image-preview":"max-image-preview:large","max-video-preview":"max-video-preview:-1"},"canonical":"https:\/\/www.sebastien-auziere.fr\/blog\/es\/eblouissante-en-robe-rouge-et-bijoux-dores-brigitte-macron-resplandece-para-la-recepcion-de-la-pareja-presidencial\/","og_locale":"fr_FR","og_type":"article","og_title":"\u00c9blouissante en robe rouge et bijoux dor\u00e9s, Brigitte Macron resplandece para la recepci\u00f3n de la pareja presidencial - Fan site S\u00e9bastien Auzi\u00e8re","og_description":"Brigitte Macron \u00e9blouit en robe rouge et bijoux dor\u00e9s lors de la r\u00e9ception du couple pr\u00e9sidentiel, alliant \u00e9l\u00e9gance et charme.","og_url":"https:\/\/www.sebastien-auziere.fr\/blog\/es\/eblouissante-en-robe-rouge-et-bijoux-dores-brigitte-macron-resplandece-para-la-recepcion-de-la-pareja-presidencial\/","og_site_name":"Fan site S\u00e9bastien Auzi\u00e8re","article_published_time":"2026-04-16T19:11:57+00:00","article_modified_time":"2026-04-16T19:12:25+00:00","og_image":[{"width":2560,"height":1429,"url":"https:\/\/www.sebastien-auziere.fr\/blog\/wp-content\/uploads\/2026\/04\/Eblouissante-en-robe-rouge-et-bijoux-dores-Brigitte-Macron-resplendit-pour-la-reception-du-couple-presidentiel.jpg","type":"image\/jpeg"}],"author":"Chloe Gauthier","twitter_card":"summary_large_image","twitter_misc":{"\u00c9crit par":"Chloe Gauthier","Dur\u00e9e de lecture estim\u00e9e":"3 minutes"},"schema":{"@context":"https:\/\/schema.org","@graph":[{"@type":"Article","@id":"https:\/\/www.sebastien-auziere.fr\/blog\/es\/eblouissante-en-robe-rouge-et-bijoux-dores-brigitte-macron-resplandece-para-la-recepcion-de-la-pareja-presidencial\/#article","isPartOf":{"@id":"https:\/\/www.sebastien-auziere.fr\/blog\/es\/eblouissante-en-robe-rouge-et-bijoux-dores-brigitte-macron-resplandece-para-la-recepcion-de-la-pareja-presidencial\/"},"author":{"name":"Chloe Gauthier","@id":"https:\/\/www.sebastien-auziere.fr\/blog\/#\/schema\/person\/149f1acdbfd85149c6c3e59adeae2f4d"},"headline":"\u00c9blouissante en robe rouge et bijoux dor\u00e9s, Brigitte Macron resplandece para la recepci\u00f3n de la pareja presidencial","datePublished":"2026-04-16T19:11:57+00:00","dateModified":"2026-04-16T19:12:25+00:00","mainEntityOfPage":{"@id":"https:\/\/www.sebastien-auziere.fr\/blog\/es\/eblouissante-en-robe-rouge-et-bijoux-dores-brigitte-macron-resplandece-para-la-recepcion-de-la-pareja-presidencial\/"},"wordCount":565,"commentCount":0,"publisher":{"@id":"https:\/\/www.sebastien-auziere.fr\/blog\/#organization"},"image":{"@id":"https:\/\/www.sebastien-auziere.fr\/blog\/es\/eblouissante-en-robe-rouge-et-bijoux-dores-brigitte-macron-resplandece-para-la-recepcion-de-la-pareja-presidencial\/#primaryimage"},"thumbnailUrl":"https:\/\/www.sebastien-auziere.fr\/blog\/wp-content\/uploads\/2026\/04\/Eblouissante-en-robe-rouge-et-bijoux-dores-Brigitte-Macron-resplendit-pour-la-reception-du-couple-presidentiel.jpg","keywords":["brigitte macron","joyas doradas","pareja presidencial","recepci\u00f3n presidencial","robe roja"],"articleSection":["Actualidades"],"inLanguage":"fr-FR","potentialAction":[{"@type":"CommentAction","name":"Comment","target":["https:\/\/www.sebastien-auziere.fr\/blog\/es\/eblouissante-en-robe-rouge-et-bijoux-dores-brigitte-macron-resplandece-para-la-recepcion-de-la-pareja-presidencial\/#respond"]}]},{"@type":"WebPage","@id":"https:\/\/www.sebastien-auziere.fr\/blog\/es\/eblouissante-en-robe-rouge-et-bijoux-dores-brigitte-macron-resplandece-para-la-recepcion-de-la-pareja-presidencial\/","url":"https:\/\/www.sebastien-auziere.fr\/blog\/es\/eblouissante-en-robe-rouge-et-bijoux-dores-brigitte-macron-resplandece-para-la-recepcion-de-la-pareja-presidencial\/","name":"\u00c9blouissante en robe rouge et bijoux dor\u00e9s, Brigitte Macron resplandece para la recepci\u00f3n de la pareja presidencial - Fan site S\u00e9bastien Auzi\u00e8re","isPartOf":{"@id":"https:\/\/www.sebastien-auziere.fr\/blog\/#website"},"primaryImageOfPage":{"@id":"https:\/\/www.sebastien-auziere.fr\/blog\/es\/eblouissante-en-robe-rouge-et-bijoux-dores-brigitte-macron-resplandece-para-la-recepcion-de-la-pareja-presidencial\/#primaryimage"},"image":{"@id":"https:\/\/www.sebastien-auziere.fr\/blog\/es\/eblouissante-en-robe-rouge-et-bijoux-dores-brigitte-macron-resplandece-para-la-recepcion-de-la-pareja-presidencial\/#primaryimage"},"thumbnailUrl":"https:\/\/www.sebastien-auziere.fr\/blog\/wp-content\/uploads\/2026\/04\/Eblouissante-en-robe-rouge-et-bijoux-dores-Brigitte-Macron-resplendit-pour-la-reception-du-couple-presidentiel.jpg","datePublished":"2026-04-16T19:11:57+00:00","dateModified":"2026-04-16T19:12:25+00:00","description":"Brigitte Macron \u00e9blouit en robe rouge et bijoux dor\u00e9s lors de la r\u00e9ception du couple pr\u00e9sidentiel, alliant \u00e9l\u00e9gance et charme.","breadcrumb":{"@id":"https:\/\/www.sebastien-auziere.fr\/blog\/es\/eblouissante-en-robe-rouge-et-bijoux-dores-brigitte-macron-resplandece-para-la-recepcion-de-la-pareja-presidencial\/#breadcrumb"},"inLanguage":"fr-FR","potentialAction":[{"@type":"ReadAction","target":["https:\/\/www.sebastien-auziere.fr\/blog\/es\/eblouissante-en-robe-rouge-et-bijoux-dores-brigitte-macron-resplandece-para-la-recepcion-de-la-pareja-presidencial\/"]}]},{"@type":"ImageObject","inLanguage":"fr-FR","@id":"https:\/\/www.sebastien-auziere.fr\/blog\/es\/eblouissante-en-robe-rouge-et-bijoux-dores-brigitte-macron-resplandece-para-la-recepcion-de-la-pareja-presidencial\/#primaryimage","url":"https:\/\/www.sebastien-auziere.fr\/blog\/wp-content\/uploads\/2026\/04\/Eblouissante-en-robe-rouge-et-bijoux-dores-Brigitte-Macron-resplendit-pour-la-reception-du-couple-presidentiel.jpg","contentUrl":"https:\/\/www.sebastien-auziere.fr\/blog\/wp-content\/uploads\/2026\/04\/Eblouissante-en-robe-rouge-et-bijoux-dores-Brigitte-Macron-resplendit-pour-la-reception-du-couple-presidentiel.jpg","width":2560,"height":1429,"caption":"d\u00e9couvrez brigitte macron \u00e9blouissante en robe rouge et bijoux dor\u00e9s lors de la r\u00e9ception du couple pr\u00e9sidentiel, incarnant \u00e9l\u00e9gance et glamour."},{"@type":"BreadcrumbList","@id":"https:\/\/www.sebastien-auziere.fr\/blog\/es\/eblouissante-en-robe-rouge-et-bijoux-dores-brigitte-macron-resplandece-para-la-recepcion-de-la-pareja-presidencial\/#breadcrumb","itemListElement":[{"@type":"ListItem","position":1,"name":"Home","item":"https:\/\/www.sebastien-auziere.fr\/blog\/"},{"@type":"ListItem","position":2,"name":"\u00c9blouissante en robe rouge et bijoux dor\u00e9s, Brigitte Macron resplandece para la recepci\u00f3n de la pareja presidencial"}]},{"@type":"WebSite","@id":"https:\/\/www.sebastien-auziere.fr\/blog\/#website","url":"https:\/\/www.sebastien-auziere.fr\/blog\/","name":"Fan site S\u00e9bastien Auzi\u00e8re","description":"M\u00e9dia g\u00e9n\u00e9raliste","publisher":{"@id":"https:\/\/www.sebastien-auziere.fr\/blog\/#organization"},"potentialAction":[{"@type":"SearchAction","target":{"@type":"EntryPoint","urlTemplate":"https:\/\/www.sebastien-auziere.fr\/blog\/?s={search_term_string}"},"query-input":{"@type":"PropertyValueSpecification","valueRequired":true,"valueName":"search_term_string"}}],"inLanguage":"fr-FR"},{"@type":"Organization","@id":"https:\/\/www.sebastien-auziere.fr\/blog\/#organization","name":"Fan site S\u00e9bastien Auzi\u00e8re","url":"https:\/\/www.sebastien-auziere.fr\/blog\/","logo":{"@type":"ImageObject","inLanguage":"fr-FR","@id":"https:\/\/www.sebastien-auziere.fr\/blog\/#\/schema\/logo\/image\/","url":"https:\/\/www.sebastien-auziere.fr\/blog\/wp-content\/uploads\/2026\/03\/cropped-cropped-cropped-ChatGPT-Image-6-mars-2026-12_58_09-e1772798376794.jpg","contentUrl":"https:\/\/www.sebastien-auziere.fr\/blog\/wp-content\/uploads\/2026\/03\/cropped-cropped-cropped-ChatGPT-Image-6-mars-2026-12_58_09-e1772798376794.jpg","width":512,"height":360,"caption":"Fan site S\u00e9bastien Auzi\u00e8re"},"image":{"@id":"https:\/\/www.sebastien-auziere.fr\/blog\/#\/schema\/logo\/image\/"}},{"@type":"Person","@id":"https:\/\/www.sebastien-auziere.fr\/blog\/#\/schema\/person\/149f1acdbfd85149c6c3e59adeae2f4d","name":"Chloe Gauthier","image":{"@type":"ImageObject","inLanguage":"fr-FR","@id":"https:\/\/secure.gravatar.com\/avatar\/2c5722f58171cff738a8985ef0dd66b476e563753246a49019befc837ec4201a?s=96&d=mm&r=g","url":"https:\/\/secure.gravatar.com\/avatar\/2c5722f58171cff738a8985ef0dd66b476e563753246a49019befc837ec4201a?s=96&d=mm&r=g","contentUrl":"https:\/\/secure.gravatar.com\/avatar\/2c5722f58171cff738a8985ef0dd66b476e563753246a49019befc837ec4201a?s=96&d=mm&r=g","caption":"Chloe Gauthier"},"description":"Passionn\u00e9e par la politique et admiratrice engag\u00e9e de la famille Macron, je consacre mon \u00e9nergie \u00e0 suivre leurs initiatives et \u00e0 promouvoir leurs id\u00e9es. \u00c0 32 ans, je suis convaincue que leur vision est porteuse d'avenir.","url":"https:\/\/www.sebastien-auziere.fr\/blog\/author\/chloe-gauthier\/"}]}},"views":2,"_links":{"self":[{"href":"https:\/\/www.sebastien-auziere.fr\/blog\/wp-json\/wp\/v2\/posts\/3078","targetHints":{"allow":["GET"]}}],"collection":[{"href":"https:\/\/www.sebastien-auziere.fr\/blog\/wp-json\/wp\/v2\/posts"}],"about":[{"href":"https:\/\/www.sebastien-auziere.fr\/blog\/wp-json\/wp\/v2\/types\/post"}],"author":[{"embeddable":true,"href":"https:\/\/www.sebastien-auziere.fr\/blog\/wp-json\/wp\/v2\/users\/9"}],"replies":[{"embeddable":true,"href":"https:\/\/www.sebastien-auziere.fr\/blog\/wp-json\/wp\/v2\/comments?post=3078"}],"version-history":[{"count":1,"href":"https:\/\/www.sebastien-auziere.fr\/blog\/wp-json\/wp\/v2\/posts\/3078\/revisions"}],"predecessor-version":[{"id":3079,"href":"https:\/\/www.sebastien-auziere.fr\/blog\/wp-json\/wp\/v2\/posts\/3078\/revisions\/3079"}],"wp:featuredmedia":[{"embeddable":true,"href":"https:\/\/www.sebastien-auziere.fr\/blog\/wp-json\/wp\/v2\/media\/3074"}],"wp:attachment":[{"href":"https:\/\/www.sebastien-auziere.fr\/blog\/wp-json\/wp\/v2\/media?parent=3078"}],"wp:term":[{"taxonomy":"category","embeddable":true,"href":"https:\/\/www.sebastien-auziere.fr\/blog\/wp-json\/wp\/v2\/categories?post=3078"},{"taxonomy":"post_tag","embeddable":true,"href":"https:\/\/www.sebastien-auziere.fr\/blog\/wp-json\/wp\/v2\/tags?post=3078"}],"curies":[{"name":"wp","href":"https:\/\/api.w.org\/{rel}","templated":true}]}}