{"id":3075,"date":"2026-04-16T19:11:26","date_gmt":"2026-04-16T19:11:26","guid":{"rendered":"https:\/\/www.sebastien-auziere.fr\/blog\/brigitte-macron-robe-rouge\/"},"modified":"2026-04-16T19:11:26","modified_gmt":"2026-04-16T19:11:26","slug":"brigitte-macron-robe-rouge","status":"publish","type":"post","link":"https:\/\/www.sebastien-auziere.fr\/blog\/brigitte-macron-robe-rouge\/","title":{"rendered":"\u00c9blouissante en robe rouge et bijoux dor\u00e9s, Brigitte Macron resplendit pour la r\u00e9ception du couple pr\u00e9sidentiel"},"content":{"rendered":"<p><strong>\u00c9blouissante<\/strong> sur le perron de l\u2019\u00c9lys\u00e9e, <strong>Brigitte Macron<\/strong> a illumin\u00e9 la r\u00e9ception donn\u00e9e le <strong>15 avril 2026<\/strong> en l\u2019honneur du pr\u00e9sident mauritanien. Tu as sous les yeux le d\u00e9tail qui a fait sensation : une <strong>robe rouge<\/strong> de bal sobrement fendue, relev\u00e9e par des <strong>bijoux dor\u00e9s<\/strong> sign\u00e9s Louis Vuitton, et une pochette Balmain qui a compl\u00e9t\u00e9 ce tableau de <strong>glamour<\/strong>.<\/p>\n\n<p><strong>En bref<\/strong> : la Premi\u00e8re dame a confirm\u00e9 son go\u00fbt pour la <strong>mode<\/strong> fran\u00e7aise et l\u2019<strong>\u00e9l\u00e9gance<\/strong> r\u00e9publicaine lors de cette <strong>r\u00e9ception<\/strong> du <strong>couple pr\u00e9sidentiel<\/strong>. Emmanuel Macron a profit\u00e9 du d\u00eener pour saluer le r\u00f4le strat\u00e9gique de la Mauritanie dans le Sahel, tandis que les invit\u00e9s ont salu\u00e9 l\u2019allure impeccable de l\u2019h\u00f4tesse de la <strong>pr\u00e9sidence<\/strong>.<\/p>\n\n<h2 class=\"wp-block-heading\">Un look \u00e9tudi\u00e9 : la robe rouge et les bijoux dor\u00e9s<\/h2>\n\n<p>Sur le tapis rouge, la <strong>robe rouge<\/strong> port\u00e9e par Brigitte Macron a \u00e9t\u00e9 remarqu\u00e9e pour sa coupe colonne et son classicisme assum\u00e9. Les <strong>bijoux dor\u00e9s<\/strong>, dont un ras-de-cou Flower Comet de Louis Vuitton orn\u00e9 de deux fleurs Monogram, ont apport\u00e9 une touche scintillante sans exc\u00e8s.<\/p>\n\n<p>La tenue a \u00e9t\u00e9 largement comment\u00e9e par les m\u00e9dias : on peut relire la couverture d\u00e9taill\u00e9e de l\u2019\u00e9v\u00e9nement sur <a href=\"https:\/\/madame.lefigaro.fr\/style\/news\/brigitte-macron-en-robe-rouge-et-chignon-dore-pour-le-diner-d-etat-mauritanien-20260416\">Madame Le Figaro<\/a>, qui revient sur les accessoires choisis par la Premi\u00e8re dame.<\/p>\n\n<h2 class=\"wp-block-heading\">Les marques et l\u2019alliance mode-pr\u00e9sidence<\/h2>\n\n<p>Le choix d\u2019une pochette Balmain plut\u00f4t qu\u2019un sac iconique a surpris agr\u00e9ablement les observateurs, renfor\u00e7ant le m\u00e9lange de modernit\u00e9 et de respect des codes r\u00e9publicains. Le style de Brigitte Macron rappelle ses apparitions r\u00e9centes, alliant silhouette et sobri\u00e9t\u00e9.<\/p>\n\n<p>Pour un d\u00e9cryptage mode plus complet, <a href=\"https:\/\/www.gala.fr\/mode\/les_stars_et_la_mode\/brigitte-macron-au-comble-de-l-elegance-dans-un-fourreau-rouge-et-bijoux-louis-vuitton-a-l-elysee-20260416\">Gala<\/a> revient sur les d\u00e9tails techniques des accessoires et la symbolique de cette tenue.<\/p>\n\n<p>Tu peux aussi d\u00e9couvrir un bref reportage vid\u00e9o qui r\u00e9sume l\u2019ambiance du d\u00eener.<\/p>\n\n<h2 class=\"wp-block-heading\">Contexte diplomatique : la r\u00e9ception du couple pr\u00e9sidentiel mauritanien<\/h2>\n\n<p>Lors du banquet d\u2019\u00c9tat donn\u00e9 pour Mohamed Ould El-Ghazaouani et son \u00e9pouse, Emmanuel Macron a salu\u00e9 la responsabilit\u00e9 de la Mauritanie face aux d\u00e9fis sah\u00e9liens. La r\u00e9ception du <strong>couple pr\u00e9sidentiel<\/strong> a dur\u00e9 plusieurs heures et a rassembl\u00e9 \u00e9lus, diplomates et personnalit\u00e9s culturelles.<\/p>\n\n<p>La sc\u00e8ne sur le perron, marqu\u00e9e par les retrouvailles entre les deux Premi\u00e8res dames cinq ans apr\u00e8s leur premi\u00e8re rencontre, a \u00e9t\u00e9 largement reprise par la presse et les photographes officiels.<\/p>\n\n<p>Un extrait vid\u00e9o offre une vision plus intime des salutations et des discours officiels.<\/p>\n\n<h2 class=\"wp-block-heading\">R\u00e9actions et port\u00e9e m\u00e9diatique : \u00e9l\u00e9gance, mode et pr\u00e9sidence<\/h2>\n\n<p>Les r\u00e9actions ont port\u00e9 sur l\u2019<strong>\u00e9l\u00e9gance<\/strong> et le sens du d\u00e9tail de Brigitte Macron, per\u00e7ue comme ambassadrice du chic \u00e0 la fran\u00e7aise lors de cet \u00e9v\u00e9nement diplomatique. Les choix stylistiques ont \u00e9galement relanc\u00e9 les discussions sur l\u2019image de la <strong>pr\u00e9sidence<\/strong> \u00e0 l\u2019international.<\/p>\n\n<p>Pour revivre d\u2019autres looks et archives de la Premi\u00e8re dame, consulte les articles d\u00e9di\u00e9s sur <a href=\"https:\/\/www.sebastien-auziere.fr\/blog\/brigitte-macron-robe-elegante\/\">sebastien-auziere.fr<\/a> et la page sur sa r\u00e9sidence au Touquet pour comprendre l\u2019ambiance familiale et politique qui entoure ces apparitions : <a href=\"https:\/\/www.sebastien-auziere.fr\/blog\/brigitte-macron-touquet-maison\/\">Brigitte Macron Touquet<\/a>. L\u2019insight final : la mode reste un langage diplomatique puissant.<\/p>\n\n<p>Pour en savoir davantage sur <strong>S\u00e9bastien Auzi\u00e8re<\/strong> et la famille Macron, leurs engagements et archives mode, rendez-vous sur <a href=\"https:\/\/www.sebastien-auziere.fr\/blog\/brigitte-macron-73-ans\/\">le dossier d\u00e9di\u00e9<\/a> et explore <a href=\"https:\/\/www.sebastien-auziere.fr\/blog\/brigitte-macron-villa-touquet\/\">les coulisses au Touquet<\/a> sur sebastien-auziere.fr, o\u00f9 l\u2019histoire familiale et les apparitions publiques sont d\u00e9taill\u00e9es.<\/p>\n\n","protected":false},"excerpt":{"rendered":"<p>\u00c9blouissante sur le perron de l\u2019\u00c9lys\u00e9e, Brigitte Macron a illumin\u00e9 la r\u00e9ception donn\u00e9e le 15 avril 2026 en l\u2019honneur du pr\u00e9sident mauritanien. Tu as sous les yeux le d\u00e9tail qui a fait sensation : une robe rouge de bal sobrement fendue, relev\u00e9e par des bijoux dor\u00e9s sign\u00e9s Louis Vuitton, et une pochette Balmain qui a &#8230; <a title=\"\u00c9blouissante en robe rouge et bijoux dor\u00e9s, Brigitte Macron resplendit pour la r\u00e9ception du couple pr\u00e9sidentiel\" class=\"read-more\" href=\"https:\/\/www.sebastien-auziere.fr\/blog\/brigitte-macron-robe-rouge\/\" aria-label=\"En savoir plus sur \u00c9blouissante en robe rouge et bijoux dor\u00e9s, Brigitte Macron resplendit pour la r\u00e9ception du couple pr\u00e9sidentiel\">Lire plus<\/a><\/p>\n","protected":false},"author":9,"featured_media":3074,"comment_status":"open","ping_status":"open","sticky":false,"template":"","format":"standard","meta":{"footnotes":""},"categories":[597],"tags":[3146,892,3150,3148,3144],"class_list":["post-3075","post","type-post","status-publish","format-standard","has-post-thumbnail","hentry","category-actualites","tag-bijoux-dores","tag-brigitte-macron","tag-couple-presidentiel","tag-reception-presidentielle","tag-robe-rouge"],"yoast_head":"<!-- This site is optimized with the Yoast SEO plugin v27.5 - https:\/\/yoast.com\/product\/yoast-seo-wordpress\/ -->\n<title>\u00c9blouissante en robe rouge et bijoux dor\u00e9s, Brigitte Macron resplendit pour la r\u00e9ception du couple pr\u00e9sidentiel - Fan site S\u00e9bastien Auzi\u00e8re<\/title>\n<meta name=\"description\" content=\"Brigitte Macron \u00e9blouit en robe rouge et bijoux dor\u00e9s lors de la r\u00e9ception du couple pr\u00e9sidentiel, alliant \u00e9l\u00e9gance et charme.\" \/>\n<meta name=\"robots\" content=\"index, follow, max-snippet:-1, max-image-preview:large, max-video-preview:-1\" \/>\n<link rel=\"canonical\" href=\"https:\/\/www.sebastien-auziere.fr\/blog\/brigitte-macron-robe-rouge\/\" \/>\n<meta property=\"og:locale\" content=\"fr_FR\" \/>\n<meta property=\"og:type\" content=\"article\" \/>\n<meta property=\"og:title\" content=\"\u00c9blouissante en robe rouge et bijoux dor\u00e9s, Brigitte Macron resplendit pour la r\u00e9ception du couple pr\u00e9sidentiel - Fan site S\u00e9bastien Auzi\u00e8re\" \/>\n<meta property=\"og:description\" content=\"Brigitte Macron \u00e9blouit en robe rouge et bijoux dor\u00e9s lors de la r\u00e9ception du couple pr\u00e9sidentiel, alliant \u00e9l\u00e9gance et charme.\" \/>\n<meta property=\"og:url\" content=\"https:\/\/www.sebastien-auziere.fr\/blog\/brigitte-macron-robe-rouge\/\" \/>\n<meta property=\"og:site_name\" content=\"Fan site S\u00e9bastien Auzi\u00e8re\" \/>\n<meta property=\"article:published_time\" content=\"2026-04-16T19:11:26+00:00\" \/>\n<meta property=\"og:image\" content=\"https:\/\/www.sebastien-auziere.fr\/blog\/wp-content\/uploads\/2026\/04\/Eblouissante-en-robe-rouge-et-bijoux-dores-Brigitte-Macron-resplendit-pour-la-reception-du-couple-presidentiel.jpg\" \/>\n\t<meta property=\"og:image:width\" content=\"2560\" \/>\n\t<meta property=\"og:image:height\" content=\"1429\" \/>\n\t<meta property=\"og:image:type\" content=\"image\/jpeg\" \/>\n<meta name=\"author\" content=\"Chloe Gauthier\" \/>\n<meta name=\"twitter:card\" content=\"summary_large_image\" \/>\n<meta name=\"twitter:label1\" content=\"\u00c9crit par\" \/>\n\t<meta name=\"twitter:data1\" content=\"Chloe Gauthier\" \/>\n\t<meta name=\"twitter:label2\" content=\"Dur\u00e9e de lecture estim\u00e9e\" \/>\n\t<meta name=\"twitter:data2\" content=\"3 minutes\" \/>\n<script type=\"application\/ld+json\" class=\"yoast-schema-graph\">{\"@context\":\"https:\\\/\\\/schema.org\",\"@graph\":[{\"@type\":\"Article\",\"@id\":\"https:\\\/\\\/www.sebastien-auziere.fr\\\/blog\\\/brigitte-macron-robe-rouge\\\/#article\",\"isPartOf\":{\"@id\":\"https:\\\/\\\/www.sebastien-auziere.fr\\\/blog\\\/brigitte-macron-robe-rouge\\\/\"},\"author\":{\"name\":\"Chloe Gauthier\",\"@id\":\"https:\\\/\\\/www.sebastien-auziere.fr\\\/blog\\\/#\\\/schema\\\/person\\\/149f1acdbfd85149c6c3e59adeae2f4d\"},\"headline\":\"\u00c9blouissante en robe rouge et bijoux dor\u00e9s, Brigitte Macron resplendit pour la r\u00e9ception du couple pr\u00e9sidentiel\",\"datePublished\":\"2026-04-16T19:11:26+00:00\",\"mainEntityOfPage\":{\"@id\":\"https:\\\/\\\/www.sebastien-auziere.fr\\\/blog\\\/brigitte-macron-robe-rouge\\\/\"},\"wordCount\":619,\"commentCount\":0,\"publisher\":{\"@id\":\"https:\\\/\\\/www.sebastien-auziere.fr\\\/blog\\\/#organization\"},\"image\":{\"@id\":\"https:\\\/\\\/www.sebastien-auziere.fr\\\/blog\\\/brigitte-macron-robe-rouge\\\/#primaryimage\"},\"thumbnailUrl\":\"https:\\\/\\\/www.sebastien-auziere.fr\\\/blog\\\/wp-content\\\/uploads\\\/2026\\\/04\\\/Eblouissante-en-robe-rouge-et-bijoux-dores-Brigitte-Macron-resplendit-pour-la-reception-du-couple-presidentiel.jpg\",\"keywords\":[\"bijoux dor\u00e9s\",\"brigitte macron\",\"couple pr\u00e9sidentiel\",\"r\u00e9ception pr\u00e9sidentielle\",\"robe rouge\"],\"articleSection\":[\"Actualit\u00e9s\"],\"inLanguage\":\"fr-FR\",\"potentialAction\":[{\"@type\":\"CommentAction\",\"name\":\"Comment\",\"target\":[\"https:\\\/\\\/www.sebastien-auziere.fr\\\/blog\\\/brigitte-macron-robe-rouge\\\/#respond\"]}]},{\"@type\":\"WebPage\",\"@id\":\"https:\\\/\\\/www.sebastien-auziere.fr\\\/blog\\\/brigitte-macron-robe-rouge\\\/\",\"url\":\"https:\\\/\\\/www.sebastien-auziere.fr\\\/blog\\\/brigitte-macron-robe-rouge\\\/\",\"name\":\"\u00c9blouissante en robe rouge et bijoux dor\u00e9s, Brigitte Macron resplendit pour la r\u00e9ception du couple pr\u00e9sidentiel - Fan site S\u00e9bastien Auzi\u00e8re\",\"isPartOf\":{\"@id\":\"https:\\\/\\\/www.sebastien-auziere.fr\\\/blog\\\/#website\"},\"primaryImageOfPage\":{\"@id\":\"https:\\\/\\\/www.sebastien-auziere.fr\\\/blog\\\/brigitte-macron-robe-rouge\\\/#primaryimage\"},\"image\":{\"@id\":\"https:\\\/\\\/www.sebastien-auziere.fr\\\/blog\\\/brigitte-macron-robe-rouge\\\/#primaryimage\"},\"thumbnailUrl\":\"https:\\\/\\\/www.sebastien-auziere.fr\\\/blog\\\/wp-content\\\/uploads\\\/2026\\\/04\\\/Eblouissante-en-robe-rouge-et-bijoux-dores-Brigitte-Macron-resplendit-pour-la-reception-du-couple-presidentiel.jpg\",\"datePublished\":\"2026-04-16T19:11:26+00:00\",\"description\":\"Brigitte Macron \u00e9blouit en robe rouge et bijoux dor\u00e9s lors de la r\u00e9ception du couple pr\u00e9sidentiel, alliant \u00e9l\u00e9gance et charme.\",\"breadcrumb\":{\"@id\":\"https:\\\/\\\/www.sebastien-auziere.fr\\\/blog\\\/brigitte-macron-robe-rouge\\\/#breadcrumb\"},\"inLanguage\":\"fr-FR\",\"potentialAction\":[{\"@type\":\"ReadAction\",\"target\":[\"https:\\\/\\\/www.sebastien-auziere.fr\\\/blog\\\/brigitte-macron-robe-rouge\\\/\"]}]},{\"@type\":\"ImageObject\",\"inLanguage\":\"fr-FR\",\"@id\":\"https:\\\/\\\/www.sebastien-auziere.fr\\\/blog\\\/brigitte-macron-robe-rouge\\\/#primaryimage\",\"url\":\"https:\\\/\\\/www.sebastien-auziere.fr\\\/blog\\\/wp-content\\\/uploads\\\/2026\\\/04\\\/Eblouissante-en-robe-rouge-et-bijoux-dores-Brigitte-Macron-resplendit-pour-la-reception-du-couple-presidentiel.jpg\",\"contentUrl\":\"https:\\\/\\\/www.sebastien-auziere.fr\\\/blog\\\/wp-content\\\/uploads\\\/2026\\\/04\\\/Eblouissante-en-robe-rouge-et-bijoux-dores-Brigitte-Macron-resplendit-pour-la-reception-du-couple-presidentiel.jpg\",\"width\":2560,\"height\":1429,\"caption\":\"d\u00e9couvrez brigitte macron \u00e9blouissante en robe rouge et bijoux dor\u00e9s lors de la r\u00e9ception du couple pr\u00e9sidentiel, incarnant \u00e9l\u00e9gance et glamour.\"},{\"@type\":\"BreadcrumbList\",\"@id\":\"https:\\\/\\\/www.sebastien-auziere.fr\\\/blog\\\/brigitte-macron-robe-rouge\\\/#breadcrumb\",\"itemListElement\":[{\"@type\":\"ListItem\",\"position\":1,\"name\":\"Home\",\"item\":\"https:\\\/\\\/www.sebastien-auziere.fr\\\/blog\\\/\"},{\"@type\":\"ListItem\",\"position\":2,\"name\":\"\u00c9blouissante en robe rouge et bijoux dor\u00e9s, Brigitte Macron resplendit pour la r\u00e9ception du couple pr\u00e9sidentiel\"}]},{\"@type\":\"WebSite\",\"@id\":\"https:\\\/\\\/www.sebastien-auziere.fr\\\/blog\\\/#website\",\"url\":\"https:\\\/\\\/www.sebastien-auziere.fr\\\/blog\\\/\",\"name\":\"Fan site S\u00e9bastien Auzi\u00e8re\",\"description\":\"M\u00e9dia g\u00e9n\u00e9raliste\",\"publisher\":{\"@id\":\"https:\\\/\\\/www.sebastien-auziere.fr\\\/blog\\\/#organization\"},\"potentialAction\":[{\"@type\":\"SearchAction\",\"target\":{\"@type\":\"EntryPoint\",\"urlTemplate\":\"https:\\\/\\\/www.sebastien-auziere.fr\\\/blog\\\/?s={search_term_string}\"},\"query-input\":{\"@type\":\"PropertyValueSpecification\",\"valueRequired\":true,\"valueName\":\"search_term_string\"}}],\"inLanguage\":\"fr-FR\"},{\"@type\":\"Organization\",\"@id\":\"https:\\\/\\\/www.sebastien-auziere.fr\\\/blog\\\/#organization\",\"name\":\"Fan site S\u00e9bastien Auzi\u00e8re\",\"url\":\"https:\\\/\\\/www.sebastien-auziere.fr\\\/blog\\\/\",\"logo\":{\"@type\":\"ImageObject\",\"inLanguage\":\"fr-FR\",\"@id\":\"https:\\\/\\\/www.sebastien-auziere.fr\\\/blog\\\/#\\\/schema\\\/logo\\\/image\\\/\",\"url\":\"https:\\\/\\\/www.sebastien-auziere.fr\\\/blog\\\/wp-content\\\/uploads\\\/2026\\\/03\\\/cropped-cropped-cropped-ChatGPT-Image-6-mars-2026-12_58_09-e1772798376794.jpg\",\"contentUrl\":\"https:\\\/\\\/www.sebastien-auziere.fr\\\/blog\\\/wp-content\\\/uploads\\\/2026\\\/03\\\/cropped-cropped-cropped-ChatGPT-Image-6-mars-2026-12_58_09-e1772798376794.jpg\",\"width\":512,\"height\":360,\"caption\":\"Fan site S\u00e9bastien Auzi\u00e8re\"},\"image\":{\"@id\":\"https:\\\/\\\/www.sebastien-auziere.fr\\\/blog\\\/#\\\/schema\\\/logo\\\/image\\\/\"}},{\"@type\":\"Person\",\"@id\":\"https:\\\/\\\/www.sebastien-auziere.fr\\\/blog\\\/#\\\/schema\\\/person\\\/149f1acdbfd85149c6c3e59adeae2f4d\",\"name\":\"Chloe Gauthier\",\"image\":{\"@type\":\"ImageObject\",\"inLanguage\":\"fr-FR\",\"@id\":\"https:\\\/\\\/secure.gravatar.com\\\/avatar\\\/2c5722f58171cff738a8985ef0dd66b476e563753246a49019befc837ec4201a?s=96&d=mm&r=g\",\"url\":\"https:\\\/\\\/secure.gravatar.com\\\/avatar\\\/2c5722f58171cff738a8985ef0dd66b476e563753246a49019befc837ec4201a?s=96&d=mm&r=g\",\"contentUrl\":\"https:\\\/\\\/secure.gravatar.com\\\/avatar\\\/2c5722f58171cff738a8985ef0dd66b476e563753246a49019befc837ec4201a?s=96&d=mm&r=g\",\"caption\":\"Chloe Gauthier\"},\"description\":\"Passionn\u00e9e par la politique et admiratrice engag\u00e9e de la famille Macron, je consacre mon \u00e9nergie \u00e0 suivre leurs initiatives et \u00e0 promouvoir leurs id\u00e9es. \u00c0 32 ans, je suis convaincue que leur vision est porteuse d'avenir.\",\"url\":\"https:\\\/\\\/www.sebastien-auziere.fr\\\/blog\\\/author\\\/chloe-gauthier\\\/\"}]}<\/script>\n<!-- \/ Yoast SEO plugin. -->","yoast_head_json":{"title":"\u00c9blouissante en robe rouge et bijoux dor\u00e9s, Brigitte Macron resplendit pour la r\u00e9ception du couple pr\u00e9sidentiel - Fan site S\u00e9bastien Auzi\u00e8re","description":"Brigitte Macron \u00e9blouit en robe rouge et bijoux dor\u00e9s lors de la r\u00e9ception du couple pr\u00e9sidentiel, alliant \u00e9l\u00e9gance et charme.","robots":{"index":"index","follow":"follow","max-snippet":"max-snippet:-1","max-image-preview":"max-image-preview:large","max-video-preview":"max-video-preview:-1"},"canonical":"https:\/\/www.sebastien-auziere.fr\/blog\/brigitte-macron-robe-rouge\/","og_locale":"fr_FR","og_type":"article","og_title":"\u00c9blouissante en robe rouge et bijoux dor\u00e9s, Brigitte Macron resplendit pour la r\u00e9ception du couple pr\u00e9sidentiel - Fan site S\u00e9bastien Auzi\u00e8re","og_description":"Brigitte Macron \u00e9blouit en robe rouge et bijoux dor\u00e9s lors de la r\u00e9ception du couple pr\u00e9sidentiel, alliant \u00e9l\u00e9gance et charme.","og_url":"https:\/\/www.sebastien-auziere.fr\/blog\/brigitte-macron-robe-rouge\/","og_site_name":"Fan site S\u00e9bastien Auzi\u00e8re","article_published_time":"2026-04-16T19:11:26+00:00","og_image":[{"width":2560,"height":1429,"url":"https:\/\/www.sebastien-auziere.fr\/blog\/wp-content\/uploads\/2026\/04\/Eblouissante-en-robe-rouge-et-bijoux-dores-Brigitte-Macron-resplendit-pour-la-reception-du-couple-presidentiel.jpg","type":"image\/jpeg"}],"author":"Chloe Gauthier","twitter_card":"summary_large_image","twitter_misc":{"\u00c9crit par":"Chloe Gauthier","Dur\u00e9e de lecture estim\u00e9e":"3 minutes"},"schema":{"@context":"https:\/\/schema.org","@graph":[{"@type":"Article","@id":"https:\/\/www.sebastien-auziere.fr\/blog\/brigitte-macron-robe-rouge\/#article","isPartOf":{"@id":"https:\/\/www.sebastien-auziere.fr\/blog\/brigitte-macron-robe-rouge\/"},"author":{"name":"Chloe Gauthier","@id":"https:\/\/www.sebastien-auziere.fr\/blog\/#\/schema\/person\/149f1acdbfd85149c6c3e59adeae2f4d"},"headline":"\u00c9blouissante en robe rouge et bijoux dor\u00e9s, Brigitte Macron resplendit pour la r\u00e9ception du couple pr\u00e9sidentiel","datePublished":"2026-04-16T19:11:26+00:00","mainEntityOfPage":{"@id":"https:\/\/www.sebastien-auziere.fr\/blog\/brigitte-macron-robe-rouge\/"},"wordCount":619,"commentCount":0,"publisher":{"@id":"https:\/\/www.sebastien-auziere.fr\/blog\/#organization"},"image":{"@id":"https:\/\/www.sebastien-auziere.fr\/blog\/brigitte-macron-robe-rouge\/#primaryimage"},"thumbnailUrl":"https:\/\/www.sebastien-auziere.fr\/blog\/wp-content\/uploads\/2026\/04\/Eblouissante-en-robe-rouge-et-bijoux-dores-Brigitte-Macron-resplendit-pour-la-reception-du-couple-presidentiel.jpg","keywords":["bijoux dor\u00e9s","brigitte macron","couple pr\u00e9sidentiel","r\u00e9ception pr\u00e9sidentielle","robe rouge"],"articleSection":["Actualit\u00e9s"],"inLanguage":"fr-FR","potentialAction":[{"@type":"CommentAction","name":"Comment","target":["https:\/\/www.sebastien-auziere.fr\/blog\/brigitte-macron-robe-rouge\/#respond"]}]},{"@type":"WebPage","@id":"https:\/\/www.sebastien-auziere.fr\/blog\/brigitte-macron-robe-rouge\/","url":"https:\/\/www.sebastien-auziere.fr\/blog\/brigitte-macron-robe-rouge\/","name":"\u00c9blouissante en robe rouge et bijoux dor\u00e9s, Brigitte Macron resplendit pour la r\u00e9ception du couple pr\u00e9sidentiel - Fan site S\u00e9bastien Auzi\u00e8re","isPartOf":{"@id":"https:\/\/www.sebastien-auziere.fr\/blog\/#website"},"primaryImageOfPage":{"@id":"https:\/\/www.sebastien-auziere.fr\/blog\/brigitte-macron-robe-rouge\/#primaryimage"},"image":{"@id":"https:\/\/www.sebastien-auziere.fr\/blog\/brigitte-macron-robe-rouge\/#primaryimage"},"thumbnailUrl":"https:\/\/www.sebastien-auziere.fr\/blog\/wp-content\/uploads\/2026\/04\/Eblouissante-en-robe-rouge-et-bijoux-dores-Brigitte-Macron-resplendit-pour-la-reception-du-couple-presidentiel.jpg","datePublished":"2026-04-16T19:11:26+00:00","description":"Brigitte Macron \u00e9blouit en robe rouge et bijoux dor\u00e9s lors de la r\u00e9ception du couple pr\u00e9sidentiel, alliant \u00e9l\u00e9gance et charme.","breadcrumb":{"@id":"https:\/\/www.sebastien-auziere.fr\/blog\/brigitte-macron-robe-rouge\/#breadcrumb"},"inLanguage":"fr-FR","potentialAction":[{"@type":"ReadAction","target":["https:\/\/www.sebastien-auziere.fr\/blog\/brigitte-macron-robe-rouge\/"]}]},{"@type":"ImageObject","inLanguage":"fr-FR","@id":"https:\/\/www.sebastien-auziere.fr\/blog\/brigitte-macron-robe-rouge\/#primaryimage","url":"https:\/\/www.sebastien-auziere.fr\/blog\/wp-content\/uploads\/2026\/04\/Eblouissante-en-robe-rouge-et-bijoux-dores-Brigitte-Macron-resplendit-pour-la-reception-du-couple-presidentiel.jpg","contentUrl":"https:\/\/www.sebastien-auziere.fr\/blog\/wp-content\/uploads\/2026\/04\/Eblouissante-en-robe-rouge-et-bijoux-dores-Brigitte-Macron-resplendit-pour-la-reception-du-couple-presidentiel.jpg","width":2560,"height":1429,"caption":"d\u00e9couvrez brigitte macron \u00e9blouissante en robe rouge et bijoux dor\u00e9s lors de la r\u00e9ception du couple pr\u00e9sidentiel, incarnant \u00e9l\u00e9gance et glamour."},{"@type":"BreadcrumbList","@id":"https:\/\/www.sebastien-auziere.fr\/blog\/brigitte-macron-robe-rouge\/#breadcrumb","itemListElement":[{"@type":"ListItem","position":1,"name":"Home","item":"https:\/\/www.sebastien-auziere.fr\/blog\/"},{"@type":"ListItem","position":2,"name":"\u00c9blouissante en robe rouge et bijoux dor\u00e9s, Brigitte Macron resplendit pour la r\u00e9ception du couple pr\u00e9sidentiel"}]},{"@type":"WebSite","@id":"https:\/\/www.sebastien-auziere.fr\/blog\/#website","url":"https:\/\/www.sebastien-auziere.fr\/blog\/","name":"Fan site S\u00e9bastien Auzi\u00e8re","description":"M\u00e9dia g\u00e9n\u00e9raliste","publisher":{"@id":"https:\/\/www.sebastien-auziere.fr\/blog\/#organization"},"potentialAction":[{"@type":"SearchAction","target":{"@type":"EntryPoint","urlTemplate":"https:\/\/www.sebastien-auziere.fr\/blog\/?s={search_term_string}"},"query-input":{"@type":"PropertyValueSpecification","valueRequired":true,"valueName":"search_term_string"}}],"inLanguage":"fr-FR"},{"@type":"Organization","@id":"https:\/\/www.sebastien-auziere.fr\/blog\/#organization","name":"Fan site S\u00e9bastien Auzi\u00e8re","url":"https:\/\/www.sebastien-auziere.fr\/blog\/","logo":{"@type":"ImageObject","inLanguage":"fr-FR","@id":"https:\/\/www.sebastien-auziere.fr\/blog\/#\/schema\/logo\/image\/","url":"https:\/\/www.sebastien-auziere.fr\/blog\/wp-content\/uploads\/2026\/03\/cropped-cropped-cropped-ChatGPT-Image-6-mars-2026-12_58_09-e1772798376794.jpg","contentUrl":"https:\/\/www.sebastien-auziere.fr\/blog\/wp-content\/uploads\/2026\/03\/cropped-cropped-cropped-ChatGPT-Image-6-mars-2026-12_58_09-e1772798376794.jpg","width":512,"height":360,"caption":"Fan site S\u00e9bastien Auzi\u00e8re"},"image":{"@id":"https:\/\/www.sebastien-auziere.fr\/blog\/#\/schema\/logo\/image\/"}},{"@type":"Person","@id":"https:\/\/www.sebastien-auziere.fr\/blog\/#\/schema\/person\/149f1acdbfd85149c6c3e59adeae2f4d","name":"Chloe Gauthier","image":{"@type":"ImageObject","inLanguage":"fr-FR","@id":"https:\/\/secure.gravatar.com\/avatar\/2c5722f58171cff738a8985ef0dd66b476e563753246a49019befc837ec4201a?s=96&d=mm&r=g","url":"https:\/\/secure.gravatar.com\/avatar\/2c5722f58171cff738a8985ef0dd66b476e563753246a49019befc837ec4201a?s=96&d=mm&r=g","contentUrl":"https:\/\/secure.gravatar.com\/avatar\/2c5722f58171cff738a8985ef0dd66b476e563753246a49019befc837ec4201a?s=96&d=mm&r=g","caption":"Chloe Gauthier"},"description":"Passionn\u00e9e par la politique et admiratrice engag\u00e9e de la famille Macron, je consacre mon \u00e9nergie \u00e0 suivre leurs initiatives et \u00e0 promouvoir leurs id\u00e9es. \u00c0 32 ans, je suis convaincue que leur vision est porteuse d'avenir.","url":"https:\/\/www.sebastien-auziere.fr\/blog\/author\/chloe-gauthier\/"}]}},"views":10,"_links":{"self":[{"href":"https:\/\/www.sebastien-auziere.fr\/blog\/wp-json\/wp\/v2\/posts\/3075","targetHints":{"allow":["GET"]}}],"collection":[{"href":"https:\/\/www.sebastien-auziere.fr\/blog\/wp-json\/wp\/v2\/posts"}],"about":[{"href":"https:\/\/www.sebastien-auziere.fr\/blog\/wp-json\/wp\/v2\/types\/post"}],"author":[{"embeddable":true,"href":"https:\/\/www.sebastien-auziere.fr\/blog\/wp-json\/wp\/v2\/users\/9"}],"replies":[{"embeddable":true,"href":"https:\/\/www.sebastien-auziere.fr\/blog\/wp-json\/wp\/v2\/comments?post=3075"}],"version-history":[{"count":0,"href":"https:\/\/www.sebastien-auziere.fr\/blog\/wp-json\/wp\/v2\/posts\/3075\/revisions"}],"wp:featuredmedia":[{"embeddable":true,"href":"https:\/\/www.sebastien-auziere.fr\/blog\/wp-json\/wp\/v2\/media\/3074"}],"wp:attachment":[{"href":"https:\/\/www.sebastien-auziere.fr\/blog\/wp-json\/wp\/v2\/media?parent=3075"}],"wp:term":[{"taxonomy":"category","embeddable":true,"href":"https:\/\/www.sebastien-auziere.fr\/blog\/wp-json\/wp\/v2\/categories?post=3075"},{"taxonomy":"post_tag","embeddable":true,"href":"https:\/\/www.sebastien-auziere.fr\/blog\/wp-json\/wp\/v2\/tags?post=3075"}],"curies":[{"name":"wp","href":"https:\/\/api.w.org\/{rel}","templated":true}]}}