{"id":3070,"date":"2026-04-16T07:20:13","date_gmt":"2026-04-16T07:20:13","guid":{"rendered":"https:\/\/www.sebastien-auziere.fr\/blog\/?p=3070"},"modified":"2026-04-16T07:20:39","modified_gmt":"2026-04-16T07:20:39","slug":"brigitte-macron-celebra-seus-73-anos-uma-mensagem-carinhosa-em-homenagem-de-sua-filha-laurence","status":"publish","type":"post","link":"https:\/\/www.sebastien-auziere.fr\/blog\/pt\/brigitte-macron-celebra-seus-73-anos-uma-mensagem-carinhosa-em-homenagem-de-sua-filha-laurence\/","title":{"rendered":"Brigitte Macron celebra seus 73 anos: uma mensagem carinhosa em homenagem de sua filha Laurence"},"content":{"rendered":"<p>Que lindo momento compartilhado! Nesta segunda-feira, 13 de abril, <strong>Brigitte Macron<\/strong> comemorou seu <strong>73 anos<\/strong> e sua <strong>filha Laurence<\/strong> lhe enviou uma <strong>mensagem carinhosa<\/strong> em uma story do Instagram, acompanhada de uma foto c\u00famplice e da m\u00fasica <strong>Veridis Quo<\/strong> do Daft Punk. A mensagem simples \u201cFeliz anivers\u00e1rio, mam\u00e3e\u201d foi destacada por v\u00e1rios ve\u00edculos de comunica\u00e7\u00e3o e ressaltou a <strong>celebra\u00e7\u00e3o<\/strong> \u00edntima no seio da <strong>fam\u00edlia<\/strong>.<\/p>\n\n<h2 class=\"wp-block-heading\">A mensagem de Laurence: sobriedade e emo\u00e7\u00e3o<\/h2>\n\n<p>Na story compartilhada em 13 de abril, <strong>Laurence Auzi\u00e8re<\/strong> publica uma foto sorridente de m\u00e3e e filha e comenta simplesmente \u201cFeliz anivers\u00e1rio, mam\u00e3e\u201d. A publica\u00e7\u00e3o, propositalmente ef\u00eamera, mescla discri\u00e7\u00e3o e emo\u00e7\u00e3o, a m\u00fasica escolhida conferindo um toque festivo. Plataformas como <a href=\"https:\/\/cultinfos.com\/buzz\/1574982-brigitte-macron-fete-73-ans-fille-laurence-lui-dedie-un-adorable-message\">Cultinfos<\/a> e <a href=\"https:\/\/www.msn.com\/fr-fr\/divertissement\/celebrites\/brigitte-macron-f%C3%AAte-ses-73-ans-sa-fille-laurence-lui-d%C3%A9die-un-adorable-message\/ar-AA20MFej\">MSN<\/a> relataram essa homenagem, prova de que a <strong>ternura<\/strong> familiar toca amplamente o p\u00fablico. \u00c9 um lembrete da import\u00e2ncia do <strong>amor materno<\/strong>.<\/p>\n\n<h2 class=\"wp-block-heading\">Mem\u00f3rias compartilhadas: uma rela\u00e7\u00e3o documentada<\/h2>\n\n<p>Os la\u00e7os entre Brigitte, Laurence e Emmanuel Macron foram mencionados em v\u00e1rias obras, incluindo <strong>Accr\u00e9dit\u00e9e<\/strong> de Ania Nussbaum, que relata o testemunho de antigos professores. Laurence foi colega de classe de Emmanuel, um contexto frequentemente lembrado nas narrativas sobre a fam\u00edlia. Para aprofundar esse \u00e2ngulo biogr\u00e1fico, tamb\u00e9m podemos consultar retratos publicados pela imprensa especializada e arquivos p\u00fablicos. Esse contexto d\u00e1 profundidade a essa <strong>homenagem<\/strong>.<\/p>\n\n<h2 class=\"wp-block-heading\">Laurence, artista discreta e presen\u00e7a fiel<\/h2>\n\n<p>Artista e discreta, <strong>Laurence<\/strong> compartilha a vida com um artista e participa de exposi\u00e7\u00f5es, enquanto se mant\u00e9m muito protetora de sua esfera privada. A m\u00eddia notou sua presen\u00e7a pontual durante as <strong>celebra\u00e7\u00f5es<\/strong> familiares e suas homenagens p\u00fablicas, sempre discretas. Para saber mais sobre sua trajet\u00f3ria art\u00edstica e suas escolhas de pseud\u00f4nimo, um artigo detalhado est\u00e1 dispon\u00edvel em <a href=\"https:\/\/www.mariefrance.fr\/news-people\/brigitte-macron-fille-laurence-auziere-artiste-choisi-ville-francaise-comme-pseudonyme-1104770.html\">Marie France<\/a>. Essa discri\u00e7\u00e3o refor\u00e7a o valor de seu gesto de anivers\u00e1rio.<\/p>\n\n<h3 class=\"wp-block-heading\">Imagens p\u00fablicas e rituais de anivers\u00e1rio<\/h3>\n\n<p>Os anivers\u00e1rios da Primeira-dama s\u00e3o frequentemente celebrados em um c\u00edrculo restrito, pontuados por fotos familiares e apari\u00e7\u00f5es p\u00fablicas notadas desde 2017. Os \u00e1lbuns de imprensa documentam seu estilo durante eventos oficiais e viagens de Estado, ressaltando que momentos privados \u00e0s vezes ressoam na vida p\u00fablica. A homenagem de Laurence ilustra essa dualidade entre vida \u00edntima e papel p\u00fablico.<\/p>\n\n<p>Para saber mais sobre <strong>S\u00e9bastien Auzi\u00e8re<\/strong> e a <strong>fam\u00edlia Macron<\/strong>, consulte os arquivos e an\u00e1lises dispon\u00edveis em <a href=\"https:\/\/www.sebastien-auziere.fr\/blog\/macron-visite-vatican\/\">os artigos dedicados<\/a> e mergulhe nas narrativas familiares presentes em <a href=\"https:\/\/www.sebastien-auziere.fr\/blog\/brigitte-macron-vatican\/\">sebastien-auziere.fr<\/a> para acompanhar os compromissos p\u00fablicos e os momentos de vida que moldaram essa fam\u00edlia.<\/p>","protected":false},"excerpt":{"rendered":"<p>Que lindo momento compartilhado! Nesta segunda-feira, 13 de abril, Brigitte Macron comemorou seu 73 anos e sua filha Laurence lhe enviou uma mensagem carinhosa em uma story do Instagram, acompanhada de uma foto c\u00famplice e da m\u00fasica Veridis Quo do Daft Punk. A mensagem simples \u201cFeliz anivers\u00e1rio, mam\u00e3e\u201d foi destacada por v\u00e1rios ve\u00edculos de comunica\u00e7\u00e3o &#8230; <a title=\"Brigitte Macron celebra seus 73 anos: uma mensagem carinhosa em homenagem de sua filha Laurence\" class=\"read-more\" href=\"https:\/\/www.sebastien-auziere.fr\/blog\/pt\/brigitte-macron-celebra-seus-73-anos-uma-mensagem-carinhosa-em-homenagem-de-sua-filha-laurence\/\" aria-label=\"En savoir plus sur Brigitte Macron celebra seus 73 anos: uma mensagem carinhosa em homenagem de sua filha Laurence\">Lire plus<\/a><\/p>\n","protected":false},"author":9,"featured_media":3060,"comment_status":"open","ping_status":"open","sticky":false,"template":"","format":"standard","meta":{"footnotes":""},"categories":[862],"tags":[3120,3123,959,3126,3129],"class_list":["post-3070","post","type-post","status-publish","format-standard","has-post-thumbnail","hentry","category-actualidades-pt","tag-aniversario-brigitte-macron-pt","tag-ans-brigitte-macron-pt","tag-brigitte-macron-pt","tag-laurence-macron-pt","tag-mensagem-homenagem-pt"],"yoast_head":"<!-- This site is optimized with the Yoast SEO plugin v27.5 - https:\/\/yoast.com\/product\/yoast-seo-wordpress\/ -->\n<title>Brigitte Macron celebra seus 73 anos: uma mensagem carinhosa em homenagem de sua filha Laurence - Fan site S\u00e9bastien Auzi\u00e8re<\/title>\n<meta name=\"description\" content=\"Brigitte Macron f\u00eate ses 73 ans avec un tendre message d&#039;hommage de sa fille Laurence, c\u00e9l\u00e9brant leur lien et son parcours inspirant.\" \/>\n<meta name=\"robots\" content=\"index, follow, max-snippet:-1, max-image-preview:large, max-video-preview:-1\" \/>\n<link rel=\"canonical\" href=\"https:\/\/www.sebastien-auziere.fr\/blog\/pt\/brigitte-macron-celebra-seus-73-anos-uma-mensagem-carinhosa-em-homenagem-de-sua-filha-laurence\/\" \/>\n<meta property=\"og:locale\" content=\"fr_FR\" \/>\n<meta property=\"og:type\" content=\"article\" \/>\n<meta property=\"og:title\" content=\"Brigitte Macron celebra seus 73 anos: uma mensagem carinhosa em homenagem de sua filha Laurence - Fan site S\u00e9bastien Auzi\u00e8re\" \/>\n<meta property=\"og:description\" content=\"Brigitte Macron f\u00eate ses 73 ans avec un tendre message d&#039;hommage de sa fille Laurence, c\u00e9l\u00e9brant leur lien et son parcours inspirant.\" \/>\n<meta property=\"og:url\" content=\"https:\/\/www.sebastien-auziere.fr\/blog\/pt\/brigitte-macron-celebra-seus-73-anos-uma-mensagem-carinhosa-em-homenagem-de-sua-filha-laurence\/\" \/>\n<meta property=\"og:site_name\" content=\"Fan site S\u00e9bastien Auzi\u00e8re\" \/>\n<meta property=\"article:published_time\" content=\"2026-04-16T07:20:13+00:00\" \/>\n<meta property=\"article:modified_time\" content=\"2026-04-16T07:20:39+00:00\" \/>\n<meta property=\"og:image\" content=\"https:\/\/www.sebastien-auziere.fr\/blog\/wp-content\/uploads\/2026\/04\/Brigitte-Macron-celebre-ses-73-ans-un-tendre-message-hommage-de-sa-fille-Laurence.jpg\" \/>\n\t<meta property=\"og:image:width\" content=\"2560\" \/>\n\t<meta property=\"og:image:height\" content=\"1429\" \/>\n\t<meta property=\"og:image:type\" content=\"image\/jpeg\" \/>\n<meta name=\"author\" content=\"Chloe Gauthier\" \/>\n<meta name=\"twitter:card\" content=\"summary_large_image\" \/>\n<meta name=\"twitter:label1\" content=\"\u00c9crit par\" \/>\n\t<meta name=\"twitter:data1\" content=\"Chloe Gauthier\" \/>\n\t<meta name=\"twitter:label2\" content=\"Dur\u00e9e de lecture estim\u00e9e\" \/>\n\t<meta name=\"twitter:data2\" content=\"2 minutes\" \/>\n<script type=\"application\/ld+json\" class=\"yoast-schema-graph\">{\"@context\":\"https:\\\/\\\/schema.org\",\"@graph\":[{\"@type\":\"Article\",\"@id\":\"https:\\\/\\\/www.sebastien-auziere.fr\\\/blog\\\/pt\\\/brigitte-macron-celebra-seus-73-anos-uma-mensagem-carinhosa-em-homenagem-de-sua-filha-laurence\\\/#article\",\"isPartOf\":{\"@id\":\"https:\\\/\\\/www.sebastien-auziere.fr\\\/blog\\\/pt\\\/brigitte-macron-celebra-seus-73-anos-uma-mensagem-carinhosa-em-homenagem-de-sua-filha-laurence\\\/\"},\"author\":{\"name\":\"Chloe Gauthier\",\"@id\":\"https:\\\/\\\/www.sebastien-auziere.fr\\\/blog\\\/#\\\/schema\\\/person\\\/149f1acdbfd85149c6c3e59adeae2f4d\"},\"headline\":\"Brigitte Macron celebra seus 73 anos: uma mensagem carinhosa em homenagem de sua filha Laurence\",\"datePublished\":\"2026-04-16T07:20:13+00:00\",\"dateModified\":\"2026-04-16T07:20:39+00:00\",\"mainEntityOfPage\":{\"@id\":\"https:\\\/\\\/www.sebastien-auziere.fr\\\/blog\\\/pt\\\/brigitte-macron-celebra-seus-73-anos-uma-mensagem-carinhosa-em-homenagem-de-sua-filha-laurence\\\/\"},\"wordCount\":456,\"commentCount\":0,\"publisher\":{\"@id\":\"https:\\\/\\\/www.sebastien-auziere.fr\\\/blog\\\/#organization\"},\"image\":{\"@id\":\"https:\\\/\\\/www.sebastien-auziere.fr\\\/blog\\\/pt\\\/brigitte-macron-celebra-seus-73-anos-uma-mensagem-carinhosa-em-homenagem-de-sua-filha-laurence\\\/#primaryimage\"},\"thumbnailUrl\":\"https:\\\/\\\/www.sebastien-auziere.fr\\\/blog\\\/wp-content\\\/uploads\\\/2026\\\/04\\\/Brigitte-Macron-celebre-ses-73-ans-un-tendre-message-hommage-de-sa-fille-Laurence.jpg\",\"keywords\":[\"anivers\u00e1rio brigitte macron\",\"ans brigitte macron\",\"brigitte macron\",\"laurence macron\",\"mensagem homenagem\"],\"articleSection\":[\"Actualidades\"],\"inLanguage\":\"fr-FR\",\"potentialAction\":[{\"@type\":\"CommentAction\",\"name\":\"Comment\",\"target\":[\"https:\\\/\\\/www.sebastien-auziere.fr\\\/blog\\\/pt\\\/brigitte-macron-celebra-seus-73-anos-uma-mensagem-carinhosa-em-homenagem-de-sua-filha-laurence\\\/#respond\"]}]},{\"@type\":\"WebPage\",\"@id\":\"https:\\\/\\\/www.sebastien-auziere.fr\\\/blog\\\/pt\\\/brigitte-macron-celebra-seus-73-anos-uma-mensagem-carinhosa-em-homenagem-de-sua-filha-laurence\\\/\",\"url\":\"https:\\\/\\\/www.sebastien-auziere.fr\\\/blog\\\/pt\\\/brigitte-macron-celebra-seus-73-anos-uma-mensagem-carinhosa-em-homenagem-de-sua-filha-laurence\\\/\",\"name\":\"Brigitte Macron celebra seus 73 anos: uma mensagem carinhosa em homenagem de sua filha Laurence - Fan site S\u00e9bastien Auzi\u00e8re\",\"isPartOf\":{\"@id\":\"https:\\\/\\\/www.sebastien-auziere.fr\\\/blog\\\/#website\"},\"primaryImageOfPage\":{\"@id\":\"https:\\\/\\\/www.sebastien-auziere.fr\\\/blog\\\/pt\\\/brigitte-macron-celebra-seus-73-anos-uma-mensagem-carinhosa-em-homenagem-de-sua-filha-laurence\\\/#primaryimage\"},\"image\":{\"@id\":\"https:\\\/\\\/www.sebastien-auziere.fr\\\/blog\\\/pt\\\/brigitte-macron-celebra-seus-73-anos-uma-mensagem-carinhosa-em-homenagem-de-sua-filha-laurence\\\/#primaryimage\"},\"thumbnailUrl\":\"https:\\\/\\\/www.sebastien-auziere.fr\\\/blog\\\/wp-content\\\/uploads\\\/2026\\\/04\\\/Brigitte-Macron-celebre-ses-73-ans-un-tendre-message-hommage-de-sa-fille-Laurence.jpg\",\"datePublished\":\"2026-04-16T07:20:13+00:00\",\"dateModified\":\"2026-04-16T07:20:39+00:00\",\"description\":\"Brigitte Macron f\u00eate ses 73 ans avec un tendre message d'hommage de sa fille Laurence, c\u00e9l\u00e9brant leur lien et son parcours inspirant.\",\"breadcrumb\":{\"@id\":\"https:\\\/\\\/www.sebastien-auziere.fr\\\/blog\\\/pt\\\/brigitte-macron-celebra-seus-73-anos-uma-mensagem-carinhosa-em-homenagem-de-sua-filha-laurence\\\/#breadcrumb\"},\"inLanguage\":\"fr-FR\",\"potentialAction\":[{\"@type\":\"ReadAction\",\"target\":[\"https:\\\/\\\/www.sebastien-auziere.fr\\\/blog\\\/pt\\\/brigitte-macron-celebra-seus-73-anos-uma-mensagem-carinhosa-em-homenagem-de-sua-filha-laurence\\\/\"]}]},{\"@type\":\"ImageObject\",\"inLanguage\":\"fr-FR\",\"@id\":\"https:\\\/\\\/www.sebastien-auziere.fr\\\/blog\\\/pt\\\/brigitte-macron-celebra-seus-73-anos-uma-mensagem-carinhosa-em-homenagem-de-sua-filha-laurence\\\/#primaryimage\",\"url\":\"https:\\\/\\\/www.sebastien-auziere.fr\\\/blog\\\/wp-content\\\/uploads\\\/2026\\\/04\\\/Brigitte-Macron-celebre-ses-73-ans-un-tendre-message-hommage-de-sa-fille-Laurence.jpg\",\"contentUrl\":\"https:\\\/\\\/www.sebastien-auziere.fr\\\/blog\\\/wp-content\\\/uploads\\\/2026\\\/04\\\/Brigitte-Macron-celebre-ses-73-ans-un-tendre-message-hommage-de-sa-fille-Laurence.jpg\",\"width\":2560,\"height\":1429,\"caption\":\"d\u00e9couvrez comment brigitte macron f\u00eate ses 73 ans avec un touchant message d'hommage de sa fille laurence, c\u00e9l\u00e9brant son amour et sa complicit\u00e9.\"},{\"@type\":\"BreadcrumbList\",\"@id\":\"https:\\\/\\\/www.sebastien-auziere.fr\\\/blog\\\/pt\\\/brigitte-macron-celebra-seus-73-anos-uma-mensagem-carinhosa-em-homenagem-de-sua-filha-laurence\\\/#breadcrumb\",\"itemListElement\":[{\"@type\":\"ListItem\",\"position\":1,\"name\":\"Home\",\"item\":\"https:\\\/\\\/www.sebastien-auziere.fr\\\/blog\\\/\"},{\"@type\":\"ListItem\",\"position\":2,\"name\":\"Brigitte Macron celebra seus 73 anos: uma mensagem carinhosa em homenagem de sua filha Laurence\"}]},{\"@type\":\"WebSite\",\"@id\":\"https:\\\/\\\/www.sebastien-auziere.fr\\\/blog\\\/#website\",\"url\":\"https:\\\/\\\/www.sebastien-auziere.fr\\\/blog\\\/\",\"name\":\"Fan site S\u00e9bastien Auzi\u00e8re\",\"description\":\"M\u00e9dia g\u00e9n\u00e9raliste\",\"publisher\":{\"@id\":\"https:\\\/\\\/www.sebastien-auziere.fr\\\/blog\\\/#organization\"},\"potentialAction\":[{\"@type\":\"SearchAction\",\"target\":{\"@type\":\"EntryPoint\",\"urlTemplate\":\"https:\\\/\\\/www.sebastien-auziere.fr\\\/blog\\\/?s={search_term_string}\"},\"query-input\":{\"@type\":\"PropertyValueSpecification\",\"valueRequired\":true,\"valueName\":\"search_term_string\"}}],\"inLanguage\":\"fr-FR\"},{\"@type\":\"Organization\",\"@id\":\"https:\\\/\\\/www.sebastien-auziere.fr\\\/blog\\\/#organization\",\"name\":\"Fan site S\u00e9bastien Auzi\u00e8re\",\"url\":\"https:\\\/\\\/www.sebastien-auziere.fr\\\/blog\\\/\",\"logo\":{\"@type\":\"ImageObject\",\"inLanguage\":\"fr-FR\",\"@id\":\"https:\\\/\\\/www.sebastien-auziere.fr\\\/blog\\\/#\\\/schema\\\/logo\\\/image\\\/\",\"url\":\"https:\\\/\\\/www.sebastien-auziere.fr\\\/blog\\\/wp-content\\\/uploads\\\/2026\\\/03\\\/cropped-cropped-cropped-ChatGPT-Image-6-mars-2026-12_58_09-e1772798376794.jpg\",\"contentUrl\":\"https:\\\/\\\/www.sebastien-auziere.fr\\\/blog\\\/wp-content\\\/uploads\\\/2026\\\/03\\\/cropped-cropped-cropped-ChatGPT-Image-6-mars-2026-12_58_09-e1772798376794.jpg\",\"width\":512,\"height\":360,\"caption\":\"Fan site S\u00e9bastien Auzi\u00e8re\"},\"image\":{\"@id\":\"https:\\\/\\\/www.sebastien-auziere.fr\\\/blog\\\/#\\\/schema\\\/logo\\\/image\\\/\"}},{\"@type\":\"Person\",\"@id\":\"https:\\\/\\\/www.sebastien-auziere.fr\\\/blog\\\/#\\\/schema\\\/person\\\/149f1acdbfd85149c6c3e59adeae2f4d\",\"name\":\"Chloe Gauthier\",\"image\":{\"@type\":\"ImageObject\",\"inLanguage\":\"fr-FR\",\"@id\":\"https:\\\/\\\/secure.gravatar.com\\\/avatar\\\/2c5722f58171cff738a8985ef0dd66b476e563753246a49019befc837ec4201a?s=96&d=mm&r=g\",\"url\":\"https:\\\/\\\/secure.gravatar.com\\\/avatar\\\/2c5722f58171cff738a8985ef0dd66b476e563753246a49019befc837ec4201a?s=96&d=mm&r=g\",\"contentUrl\":\"https:\\\/\\\/secure.gravatar.com\\\/avatar\\\/2c5722f58171cff738a8985ef0dd66b476e563753246a49019befc837ec4201a?s=96&d=mm&r=g\",\"caption\":\"Chloe Gauthier\"},\"description\":\"Passionn\u00e9e par la politique et admiratrice engag\u00e9e de la famille Macron, je consacre mon \u00e9nergie \u00e0 suivre leurs initiatives et \u00e0 promouvoir leurs id\u00e9es. \u00c0 32 ans, je suis convaincue que leur vision est porteuse d'avenir.\",\"url\":\"https:\\\/\\\/www.sebastien-auziere.fr\\\/blog\\\/author\\\/chloe-gauthier\\\/\"}]}<\/script>\n<!-- \/ Yoast SEO plugin. -->","yoast_head_json":{"title":"Brigitte Macron celebra seus 73 anos: uma mensagem carinhosa em homenagem de sua filha Laurence - Fan site S\u00e9bastien Auzi\u00e8re","description":"Brigitte Macron f\u00eate ses 73 ans avec un tendre message d'hommage de sa fille Laurence, c\u00e9l\u00e9brant leur lien et son parcours inspirant.","robots":{"index":"index","follow":"follow","max-snippet":"max-snippet:-1","max-image-preview":"max-image-preview:large","max-video-preview":"max-video-preview:-1"},"canonical":"https:\/\/www.sebastien-auziere.fr\/blog\/pt\/brigitte-macron-celebra-seus-73-anos-uma-mensagem-carinhosa-em-homenagem-de-sua-filha-laurence\/","og_locale":"fr_FR","og_type":"article","og_title":"Brigitte Macron celebra seus 73 anos: uma mensagem carinhosa em homenagem de sua filha Laurence - Fan site S\u00e9bastien Auzi\u00e8re","og_description":"Brigitte Macron f\u00eate ses 73 ans avec un tendre message d'hommage de sa fille Laurence, c\u00e9l\u00e9brant leur lien et son parcours inspirant.","og_url":"https:\/\/www.sebastien-auziere.fr\/blog\/pt\/brigitte-macron-celebra-seus-73-anos-uma-mensagem-carinhosa-em-homenagem-de-sua-filha-laurence\/","og_site_name":"Fan site S\u00e9bastien Auzi\u00e8re","article_published_time":"2026-04-16T07:20:13+00:00","article_modified_time":"2026-04-16T07:20:39+00:00","og_image":[{"width":2560,"height":1429,"url":"https:\/\/www.sebastien-auziere.fr\/blog\/wp-content\/uploads\/2026\/04\/Brigitte-Macron-celebre-ses-73-ans-un-tendre-message-hommage-de-sa-fille-Laurence.jpg","type":"image\/jpeg"}],"author":"Chloe Gauthier","twitter_card":"summary_large_image","twitter_misc":{"\u00c9crit par":"Chloe Gauthier","Dur\u00e9e de lecture estim\u00e9e":"2 minutes"},"schema":{"@context":"https:\/\/schema.org","@graph":[{"@type":"Article","@id":"https:\/\/www.sebastien-auziere.fr\/blog\/pt\/brigitte-macron-celebra-seus-73-anos-uma-mensagem-carinhosa-em-homenagem-de-sua-filha-laurence\/#article","isPartOf":{"@id":"https:\/\/www.sebastien-auziere.fr\/blog\/pt\/brigitte-macron-celebra-seus-73-anos-uma-mensagem-carinhosa-em-homenagem-de-sua-filha-laurence\/"},"author":{"name":"Chloe Gauthier","@id":"https:\/\/www.sebastien-auziere.fr\/blog\/#\/schema\/person\/149f1acdbfd85149c6c3e59adeae2f4d"},"headline":"Brigitte Macron celebra seus 73 anos: uma mensagem carinhosa em homenagem de sua filha Laurence","datePublished":"2026-04-16T07:20:13+00:00","dateModified":"2026-04-16T07:20:39+00:00","mainEntityOfPage":{"@id":"https:\/\/www.sebastien-auziere.fr\/blog\/pt\/brigitte-macron-celebra-seus-73-anos-uma-mensagem-carinhosa-em-homenagem-de-sua-filha-laurence\/"},"wordCount":456,"commentCount":0,"publisher":{"@id":"https:\/\/www.sebastien-auziere.fr\/blog\/#organization"},"image":{"@id":"https:\/\/www.sebastien-auziere.fr\/blog\/pt\/brigitte-macron-celebra-seus-73-anos-uma-mensagem-carinhosa-em-homenagem-de-sua-filha-laurence\/#primaryimage"},"thumbnailUrl":"https:\/\/www.sebastien-auziere.fr\/blog\/wp-content\/uploads\/2026\/04\/Brigitte-Macron-celebre-ses-73-ans-un-tendre-message-hommage-de-sa-fille-Laurence.jpg","keywords":["anivers\u00e1rio brigitte macron","ans brigitte macron","brigitte macron","laurence macron","mensagem homenagem"],"articleSection":["Actualidades"],"inLanguage":"fr-FR","potentialAction":[{"@type":"CommentAction","name":"Comment","target":["https:\/\/www.sebastien-auziere.fr\/blog\/pt\/brigitte-macron-celebra-seus-73-anos-uma-mensagem-carinhosa-em-homenagem-de-sua-filha-laurence\/#respond"]}]},{"@type":"WebPage","@id":"https:\/\/www.sebastien-auziere.fr\/blog\/pt\/brigitte-macron-celebra-seus-73-anos-uma-mensagem-carinhosa-em-homenagem-de-sua-filha-laurence\/","url":"https:\/\/www.sebastien-auziere.fr\/blog\/pt\/brigitte-macron-celebra-seus-73-anos-uma-mensagem-carinhosa-em-homenagem-de-sua-filha-laurence\/","name":"Brigitte Macron celebra seus 73 anos: uma mensagem carinhosa em homenagem de sua filha Laurence - Fan site S\u00e9bastien Auzi\u00e8re","isPartOf":{"@id":"https:\/\/www.sebastien-auziere.fr\/blog\/#website"},"primaryImageOfPage":{"@id":"https:\/\/www.sebastien-auziere.fr\/blog\/pt\/brigitte-macron-celebra-seus-73-anos-uma-mensagem-carinhosa-em-homenagem-de-sua-filha-laurence\/#primaryimage"},"image":{"@id":"https:\/\/www.sebastien-auziere.fr\/blog\/pt\/brigitte-macron-celebra-seus-73-anos-uma-mensagem-carinhosa-em-homenagem-de-sua-filha-laurence\/#primaryimage"},"thumbnailUrl":"https:\/\/www.sebastien-auziere.fr\/blog\/wp-content\/uploads\/2026\/04\/Brigitte-Macron-celebre-ses-73-ans-un-tendre-message-hommage-de-sa-fille-Laurence.jpg","datePublished":"2026-04-16T07:20:13+00:00","dateModified":"2026-04-16T07:20:39+00:00","description":"Brigitte Macron f\u00eate ses 73 ans avec un tendre message d'hommage de sa fille Laurence, c\u00e9l\u00e9brant leur lien et son parcours inspirant.","breadcrumb":{"@id":"https:\/\/www.sebastien-auziere.fr\/blog\/pt\/brigitte-macron-celebra-seus-73-anos-uma-mensagem-carinhosa-em-homenagem-de-sua-filha-laurence\/#breadcrumb"},"inLanguage":"fr-FR","potentialAction":[{"@type":"ReadAction","target":["https:\/\/www.sebastien-auziere.fr\/blog\/pt\/brigitte-macron-celebra-seus-73-anos-uma-mensagem-carinhosa-em-homenagem-de-sua-filha-laurence\/"]}]},{"@type":"ImageObject","inLanguage":"fr-FR","@id":"https:\/\/www.sebastien-auziere.fr\/blog\/pt\/brigitte-macron-celebra-seus-73-anos-uma-mensagem-carinhosa-em-homenagem-de-sua-filha-laurence\/#primaryimage","url":"https:\/\/www.sebastien-auziere.fr\/blog\/wp-content\/uploads\/2026\/04\/Brigitte-Macron-celebre-ses-73-ans-un-tendre-message-hommage-de-sa-fille-Laurence.jpg","contentUrl":"https:\/\/www.sebastien-auziere.fr\/blog\/wp-content\/uploads\/2026\/04\/Brigitte-Macron-celebre-ses-73-ans-un-tendre-message-hommage-de-sa-fille-Laurence.jpg","width":2560,"height":1429,"caption":"d\u00e9couvrez comment brigitte macron f\u00eate ses 73 ans avec un touchant message d'hommage de sa fille laurence, c\u00e9l\u00e9brant son amour et sa complicit\u00e9."},{"@type":"BreadcrumbList","@id":"https:\/\/www.sebastien-auziere.fr\/blog\/pt\/brigitte-macron-celebra-seus-73-anos-uma-mensagem-carinhosa-em-homenagem-de-sua-filha-laurence\/#breadcrumb","itemListElement":[{"@type":"ListItem","position":1,"name":"Home","item":"https:\/\/www.sebastien-auziere.fr\/blog\/"},{"@type":"ListItem","position":2,"name":"Brigitte Macron celebra seus 73 anos: uma mensagem carinhosa em homenagem de sua filha Laurence"}]},{"@type":"WebSite","@id":"https:\/\/www.sebastien-auziere.fr\/blog\/#website","url":"https:\/\/www.sebastien-auziere.fr\/blog\/","name":"Fan site S\u00e9bastien Auzi\u00e8re","description":"M\u00e9dia g\u00e9n\u00e9raliste","publisher":{"@id":"https:\/\/www.sebastien-auziere.fr\/blog\/#organization"},"potentialAction":[{"@type":"SearchAction","target":{"@type":"EntryPoint","urlTemplate":"https:\/\/www.sebastien-auziere.fr\/blog\/?s={search_term_string}"},"query-input":{"@type":"PropertyValueSpecification","valueRequired":true,"valueName":"search_term_string"}}],"inLanguage":"fr-FR"},{"@type":"Organization","@id":"https:\/\/www.sebastien-auziere.fr\/blog\/#organization","name":"Fan site S\u00e9bastien Auzi\u00e8re","url":"https:\/\/www.sebastien-auziere.fr\/blog\/","logo":{"@type":"ImageObject","inLanguage":"fr-FR","@id":"https:\/\/www.sebastien-auziere.fr\/blog\/#\/schema\/logo\/image\/","url":"https:\/\/www.sebastien-auziere.fr\/blog\/wp-content\/uploads\/2026\/03\/cropped-cropped-cropped-ChatGPT-Image-6-mars-2026-12_58_09-e1772798376794.jpg","contentUrl":"https:\/\/www.sebastien-auziere.fr\/blog\/wp-content\/uploads\/2026\/03\/cropped-cropped-cropped-ChatGPT-Image-6-mars-2026-12_58_09-e1772798376794.jpg","width":512,"height":360,"caption":"Fan site S\u00e9bastien Auzi\u00e8re"},"image":{"@id":"https:\/\/www.sebastien-auziere.fr\/blog\/#\/schema\/logo\/image\/"}},{"@type":"Person","@id":"https:\/\/www.sebastien-auziere.fr\/blog\/#\/schema\/person\/149f1acdbfd85149c6c3e59adeae2f4d","name":"Chloe Gauthier","image":{"@type":"ImageObject","inLanguage":"fr-FR","@id":"https:\/\/secure.gravatar.com\/avatar\/2c5722f58171cff738a8985ef0dd66b476e563753246a49019befc837ec4201a?s=96&d=mm&r=g","url":"https:\/\/secure.gravatar.com\/avatar\/2c5722f58171cff738a8985ef0dd66b476e563753246a49019befc837ec4201a?s=96&d=mm&r=g","contentUrl":"https:\/\/secure.gravatar.com\/avatar\/2c5722f58171cff738a8985ef0dd66b476e563753246a49019befc837ec4201a?s=96&d=mm&r=g","caption":"Chloe Gauthier"},"description":"Passionn\u00e9e par la politique et admiratrice engag\u00e9e de la famille Macron, je consacre mon \u00e9nergie \u00e0 suivre leurs initiatives et \u00e0 promouvoir leurs id\u00e9es. \u00c0 32 ans, je suis convaincue que leur vision est porteuse d'avenir.","url":"https:\/\/www.sebastien-auziere.fr\/blog\/author\/chloe-gauthier\/"}]}},"views":0,"_links":{"self":[{"href":"https:\/\/www.sebastien-auziere.fr\/blog\/wp-json\/wp\/v2\/posts\/3070","targetHints":{"allow":["GET"]}}],"collection":[{"href":"https:\/\/www.sebastien-auziere.fr\/blog\/wp-json\/wp\/v2\/posts"}],"about":[{"href":"https:\/\/www.sebastien-auziere.fr\/blog\/wp-json\/wp\/v2\/types\/post"}],"author":[{"embeddable":true,"href":"https:\/\/www.sebastien-auziere.fr\/blog\/wp-json\/wp\/v2\/users\/9"}],"replies":[{"embeddable":true,"href":"https:\/\/www.sebastien-auziere.fr\/blog\/wp-json\/wp\/v2\/comments?post=3070"}],"version-history":[{"count":1,"href":"https:\/\/www.sebastien-auziere.fr\/blog\/wp-json\/wp\/v2\/posts\/3070\/revisions"}],"predecessor-version":[{"id":3071,"href":"https:\/\/www.sebastien-auziere.fr\/blog\/wp-json\/wp\/v2\/posts\/3070\/revisions\/3071"}],"wp:featuredmedia":[{"embeddable":true,"href":"https:\/\/www.sebastien-auziere.fr\/blog\/wp-json\/wp\/v2\/media\/3060"}],"wp:attachment":[{"href":"https:\/\/www.sebastien-auziere.fr\/blog\/wp-json\/wp\/v2\/media?parent=3070"}],"wp:term":[{"taxonomy":"category","embeddable":true,"href":"https:\/\/www.sebastien-auziere.fr\/blog\/wp-json\/wp\/v2\/categories?post=3070"},{"taxonomy":"post_tag","embeddable":true,"href":"https:\/\/www.sebastien-auziere.fr\/blog\/wp-json\/wp\/v2\/tags?post=3070"}],"curies":[{"name":"wp","href":"https:\/\/api.w.org\/{rel}","templated":true}]}}