{"id":3068,"date":"2026-04-16T07:18:39","date_gmt":"2026-04-16T07:18:39","guid":{"rendered":"https:\/\/www.sebastien-auziere.fr\/blog\/?p=3068"},"modified":"2026-04-16T07:19:03","modified_gmt":"2026-04-16T07:19:03","slug":"brigitte-macron-celebra-i-suoi-73-anni-un-tenero-messaggio-di-omaggio-da-parte-di-sua-figlia-laurence","status":"publish","type":"post","link":"https:\/\/www.sebastien-auziere.fr\/blog\/it\/brigitte-macron-celebra-i-suoi-73-anni-un-tenero-messaggio-di-omaggio-da-parte-di-sua-figlia-laurence\/","title":{"rendered":"Brigitte Macron celebra i suoi 73 anni: un tenero messaggio di omaggio da parte di sua figlia Laurence"},"content":{"rendered":"<p>Che bel momento condiviso! Luned\u00ec 13 aprile, <strong>Brigitte Macron<\/strong> ha festeggiato i suoi <strong>73 anni<\/strong> e sua <strong>figlia Laurence<\/strong> le ha dedicato un <strong>tenero messaggio<\/strong> su Instagram, accompagnato da una foto complice e dalla musica <strong>Veridis Quo<\/strong> dei Daft Punk. Il messaggio sobrio \u00abBuon compleanno mamma\u00bb \u00e8 stato ripreso da diversi media e ha sottolineato la <strong>celebrazione<\/strong> intima al centro della <strong>famiglia<\/strong>.<\/p>\n\n<h2 class=\"wp-block-heading\">Il messaggio di Laurence: sobriet\u00e0 ed emozione<\/h2>\n\n<p>Su Instagram, nella storia condivisa il 13 aprile, <strong>Laurence Auzi\u00e8re<\/strong> pubblica un&rsquo;immagine madre-figlia sorridente e commenta semplicemente \u00abBuon compleanno mamma\u00bb. Il post, volutamente effimero, mescola discrezione ed emozione, con la musica scelta che d\u00e0 un tocco festoso. Piattaforme come <a href=\"https:\/\/cultinfos.com\/buzz\/1574982-brigitte-macron-fete-73-ans-fille-laurence-lui-dedie-un-adorable-message\">Cultinfos<\/a> e <a href=\"https:\/\/www.msn.com\/fr-fr\/divertissement\/celebrites\/brigitte-macron-f%C3%AAte-ses-73-ans-sa-fille-laurence-lui-d%C3%A9die-un-adorable-message\/ar-AA20MFej\">MSN<\/a> hanno ripreso questo omaggio, prova che la <strong>tenerezza<\/strong> familiare tocca ampiamente il pubblico. \u00c8 un promemoria dell&rsquo;importanza dell&rsquo;<strong>amore materno<\/strong>.<\/p>\n\n<h2 class=\"wp-block-heading\">Ricordi condivisi: una relazione documentata<\/h2>\n\n<p>I legami tra Brigitte, Laurence ed Emmanuel Macron sono stati menzionati in diversi libri, tra cui <strong>Accr\u00e9dit\u00e9e<\/strong> di Ania Nussbaum, che riporta le testimonianze di ex insegnanti. Laurence era compagna di classe di Emmanuel, un contesto spesso richiamato nei racconti sulla famiglia. Per approfondire questo angolo biografico, \u00e8 possibile consultare anche i ritratti pubblicati dalla stampa specializzata e gli archivi pubblici. Questo contesto d\u00e0 profondit\u00e0 a questo <strong>omaggio<\/strong>.<\/p>\n\n<h2 class=\"wp-block-heading\">Laurence, artista discreta e presenza fedele<\/h2>\n\n<p>Artista e discreta, <strong>Laurence<\/strong> condivide la vita con un artista e partecipa a esposizioni, rimanendo molto protettiva sulla sfera privata. I media hanno notato la sua presenza occasionale durante le <strong>celebrazioni<\/strong> familiari e i suoi omaggi pubblici, sempre sobri. Per saperne di pi\u00f9 sul suo percorso artistico e le sue scelte di pseudonimo, \u00e8 disponibile un articolo dettagliato su <a href=\"https:\/\/www.mariefrance.fr\/news-people\/brigitte-macron-fille-laurence-auziere-artiste-choisi-ville-francaise-comme-pseudonyme-1104770.html\">Marie France<\/a>. Questa discrezione sottolinea il valore del suo gesto di compleanno.<\/p>\n\n<h3 class=\"wp-block-heading\">Immagini pubbliche e rituali di compleanno<\/h3>\n\n<p>I compleanni della Prima donna sono spesso celebrati in un cerchio ristretto, punteggiati da foto di famiglia e apparizioni pubbliche notevoli dal 2017. Gli album di stampa documentano il suo stile durante eventi ufficiali e viaggi di stato, sottolineando come questi momenti privati trovino a volte eco nella vita pubblica. L&rsquo;omaggio di Laurence illustra questa dualit\u00e0 tra vita intima e ruolo pubblico.<\/p>\n\n<p>Per saperne di pi\u00f9 su <strong>S\u00e9bastien Auzi\u00e8re<\/strong> e la <strong>famiglia Macron<\/strong>, consultare gli archivi e le analisi disponibili su <a href=\"https:\/\/www.sebastien-auziere.fr\/blog\/macron-visite-vatican\/\">gli articoli dedicati<\/a> e immergersi nei racconti familiari presenti su <a href=\"https:\/\/www.sebastien-auziere.fr\/blog\/brigitte-macron-vatican\/\">sebastien-auziere.fr<\/a> per seguire gli impegni pubblici e i momenti di vita che hanno plasmato questa famiglia.<\/p>","protected":false},"excerpt":{"rendered":"<p>Che bel momento condiviso! Luned\u00ec 13 aprile, Brigitte Macron ha festeggiato i suoi 73 anni e sua figlia Laurence le ha dedicato un tenero messaggio su Instagram, accompagnato da una foto complice e dalla musica Veridis Quo dei Daft Punk. Il messaggio sobrio \u00abBuon compleanno mamma\u00bb \u00e8 stato ripreso da diversi media e ha sottolineato &#8230; <a title=\"Brigitte Macron celebra i suoi 73 anni: un tenero messaggio di omaggio da parte di sua figlia Laurence\" class=\"read-more\" href=\"https:\/\/www.sebastien-auziere.fr\/blog\/it\/brigitte-macron-celebra-i-suoi-73-anni-un-tenero-messaggio-di-omaggio-da-parte-di-sua-figlia-laurence\/\" aria-label=\"En savoir plus sur Brigitte Macron celebra i suoi 73 anni: un tenero messaggio di omaggio da parte di sua figlia Laurence\">Lire plus<\/a><\/p>\n","protected":false},"author":9,"featured_media":3060,"comment_status":"open","ping_status":"open","sticky":false,"template":"","format":"standard","meta":{"footnotes":""},"categories":[859],"tags":[3108,3111,944,3114,3117],"class_list":["post-3068","post","type-post","status-publish","format-standard","has-post-thumbnail","hentry","category-actualita-it","tag-anniversario-brigitte-macron-it","tag-ans-brigitte-macron-it","tag-brigitte-macron-it","tag-laurence-macron-it","tag-messaggio-omaggio-it"],"yoast_head":"<!-- This site is optimized with the Yoast SEO plugin v27.5 - https:\/\/yoast.com\/product\/yoast-seo-wordpress\/ -->\n<title>Brigitte Macron celebra i suoi 73 anni: un tenero messaggio di omaggio da parte di sua figlia Laurence - Fan site S\u00e9bastien Auzi\u00e8re<\/title>\n<meta name=\"description\" content=\"Brigitte Macron f\u00eate ses 73 ans avec un tendre message d&#039;hommage de sa fille Laurence, c\u00e9l\u00e9brant leur lien et son parcours inspirant.\" \/>\n<meta name=\"robots\" content=\"index, follow, max-snippet:-1, max-image-preview:large, max-video-preview:-1\" \/>\n<link rel=\"canonical\" href=\"https:\/\/www.sebastien-auziere.fr\/blog\/it\/brigitte-macron-celebra-i-suoi-73-anni-un-tenero-messaggio-di-omaggio-da-parte-di-sua-figlia-laurence\/\" \/>\n<meta property=\"og:locale\" content=\"fr_FR\" \/>\n<meta property=\"og:type\" content=\"article\" \/>\n<meta property=\"og:title\" content=\"Brigitte Macron celebra i suoi 73 anni: un tenero messaggio di omaggio da parte di sua figlia Laurence - Fan site S\u00e9bastien Auzi\u00e8re\" \/>\n<meta property=\"og:description\" content=\"Brigitte Macron f\u00eate ses 73 ans avec un tendre message d&#039;hommage de sa fille Laurence, c\u00e9l\u00e9brant leur lien et son parcours inspirant.\" \/>\n<meta property=\"og:url\" content=\"https:\/\/www.sebastien-auziere.fr\/blog\/it\/brigitte-macron-celebra-i-suoi-73-anni-un-tenero-messaggio-di-omaggio-da-parte-di-sua-figlia-laurence\/\" \/>\n<meta property=\"og:site_name\" content=\"Fan site S\u00e9bastien Auzi\u00e8re\" \/>\n<meta property=\"article:published_time\" content=\"2026-04-16T07:18:39+00:00\" \/>\n<meta property=\"article:modified_time\" content=\"2026-04-16T07:19:03+00:00\" \/>\n<meta property=\"og:image\" content=\"https:\/\/www.sebastien-auziere.fr\/blog\/wp-content\/uploads\/2026\/04\/Brigitte-Macron-celebre-ses-73-ans-un-tendre-message-hommage-de-sa-fille-Laurence.jpg\" \/>\n\t<meta property=\"og:image:width\" content=\"2560\" \/>\n\t<meta property=\"og:image:height\" content=\"1429\" \/>\n\t<meta property=\"og:image:type\" content=\"image\/jpeg\" \/>\n<meta name=\"author\" content=\"Chloe Gauthier\" \/>\n<meta name=\"twitter:card\" content=\"summary_large_image\" \/>\n<meta name=\"twitter:label1\" content=\"\u00c9crit par\" \/>\n\t<meta name=\"twitter:data1\" content=\"Chloe Gauthier\" \/>\n\t<meta name=\"twitter:label2\" content=\"Dur\u00e9e de lecture estim\u00e9e\" \/>\n\t<meta name=\"twitter:data2\" content=\"2 minutes\" \/>\n<script type=\"application\/ld+json\" class=\"yoast-schema-graph\">{\"@context\":\"https:\\\/\\\/schema.org\",\"@graph\":[{\"@type\":\"Article\",\"@id\":\"https:\\\/\\\/www.sebastien-auziere.fr\\\/blog\\\/it\\\/brigitte-macron-celebra-i-suoi-73-anni-un-tenero-messaggio-di-omaggio-da-parte-di-sua-figlia-laurence\\\/#article\",\"isPartOf\":{\"@id\":\"https:\\\/\\\/www.sebastien-auziere.fr\\\/blog\\\/it\\\/brigitte-macron-celebra-i-suoi-73-anni-un-tenero-messaggio-di-omaggio-da-parte-di-sua-figlia-laurence\\\/\"},\"author\":{\"name\":\"Chloe Gauthier\",\"@id\":\"https:\\\/\\\/www.sebastien-auziere.fr\\\/blog\\\/#\\\/schema\\\/person\\\/149f1acdbfd85149c6c3e59adeae2f4d\"},\"headline\":\"Brigitte Macron celebra i suoi 73 anni: un tenero messaggio di omaggio da parte di sua figlia Laurence\",\"datePublished\":\"2026-04-16T07:18:39+00:00\",\"dateModified\":\"2026-04-16T07:19:03+00:00\",\"mainEntityOfPage\":{\"@id\":\"https:\\\/\\\/www.sebastien-auziere.fr\\\/blog\\\/it\\\/brigitte-macron-celebra-i-suoi-73-anni-un-tenero-messaggio-di-omaggio-da-parte-di-sua-figlia-laurence\\\/\"},\"wordCount\":408,\"commentCount\":0,\"publisher\":{\"@id\":\"https:\\\/\\\/www.sebastien-auziere.fr\\\/blog\\\/#organization\"},\"image\":{\"@id\":\"https:\\\/\\\/www.sebastien-auziere.fr\\\/blog\\\/it\\\/brigitte-macron-celebra-i-suoi-73-anni-un-tenero-messaggio-di-omaggio-da-parte-di-sua-figlia-laurence\\\/#primaryimage\"},\"thumbnailUrl\":\"https:\\\/\\\/www.sebastien-auziere.fr\\\/blog\\\/wp-content\\\/uploads\\\/2026\\\/04\\\/Brigitte-Macron-celebre-ses-73-ans-un-tendre-message-hommage-de-sa-fille-Laurence.jpg\",\"keywords\":[\"anniversario brigitte macron\",\"ans brigitte macron\",\"brigitte macron\",\"laurence macron\",\"messaggio omaggio\"],\"articleSection\":[\"Actualit\u00e0\"],\"inLanguage\":\"fr-FR\",\"potentialAction\":[{\"@type\":\"CommentAction\",\"name\":\"Comment\",\"target\":[\"https:\\\/\\\/www.sebastien-auziere.fr\\\/blog\\\/it\\\/brigitte-macron-celebra-i-suoi-73-anni-un-tenero-messaggio-di-omaggio-da-parte-di-sua-figlia-laurence\\\/#respond\"]}]},{\"@type\":\"WebPage\",\"@id\":\"https:\\\/\\\/www.sebastien-auziere.fr\\\/blog\\\/it\\\/brigitte-macron-celebra-i-suoi-73-anni-un-tenero-messaggio-di-omaggio-da-parte-di-sua-figlia-laurence\\\/\",\"url\":\"https:\\\/\\\/www.sebastien-auziere.fr\\\/blog\\\/it\\\/brigitte-macron-celebra-i-suoi-73-anni-un-tenero-messaggio-di-omaggio-da-parte-di-sua-figlia-laurence\\\/\",\"name\":\"Brigitte Macron celebra i suoi 73 anni: un tenero messaggio di omaggio da parte di sua figlia Laurence - Fan site S\u00e9bastien Auzi\u00e8re\",\"isPartOf\":{\"@id\":\"https:\\\/\\\/www.sebastien-auziere.fr\\\/blog\\\/#website\"},\"primaryImageOfPage\":{\"@id\":\"https:\\\/\\\/www.sebastien-auziere.fr\\\/blog\\\/it\\\/brigitte-macron-celebra-i-suoi-73-anni-un-tenero-messaggio-di-omaggio-da-parte-di-sua-figlia-laurence\\\/#primaryimage\"},\"image\":{\"@id\":\"https:\\\/\\\/www.sebastien-auziere.fr\\\/blog\\\/it\\\/brigitte-macron-celebra-i-suoi-73-anni-un-tenero-messaggio-di-omaggio-da-parte-di-sua-figlia-laurence\\\/#primaryimage\"},\"thumbnailUrl\":\"https:\\\/\\\/www.sebastien-auziere.fr\\\/blog\\\/wp-content\\\/uploads\\\/2026\\\/04\\\/Brigitte-Macron-celebre-ses-73-ans-un-tendre-message-hommage-de-sa-fille-Laurence.jpg\",\"datePublished\":\"2026-04-16T07:18:39+00:00\",\"dateModified\":\"2026-04-16T07:19:03+00:00\",\"description\":\"Brigitte Macron f\u00eate ses 73 ans avec un tendre message d'hommage de sa fille Laurence, c\u00e9l\u00e9brant leur lien et son parcours inspirant.\",\"breadcrumb\":{\"@id\":\"https:\\\/\\\/www.sebastien-auziere.fr\\\/blog\\\/it\\\/brigitte-macron-celebra-i-suoi-73-anni-un-tenero-messaggio-di-omaggio-da-parte-di-sua-figlia-laurence\\\/#breadcrumb\"},\"inLanguage\":\"fr-FR\",\"potentialAction\":[{\"@type\":\"ReadAction\",\"target\":[\"https:\\\/\\\/www.sebastien-auziere.fr\\\/blog\\\/it\\\/brigitte-macron-celebra-i-suoi-73-anni-un-tenero-messaggio-di-omaggio-da-parte-di-sua-figlia-laurence\\\/\"]}]},{\"@type\":\"ImageObject\",\"inLanguage\":\"fr-FR\",\"@id\":\"https:\\\/\\\/www.sebastien-auziere.fr\\\/blog\\\/it\\\/brigitte-macron-celebra-i-suoi-73-anni-un-tenero-messaggio-di-omaggio-da-parte-di-sua-figlia-laurence\\\/#primaryimage\",\"url\":\"https:\\\/\\\/www.sebastien-auziere.fr\\\/blog\\\/wp-content\\\/uploads\\\/2026\\\/04\\\/Brigitte-Macron-celebre-ses-73-ans-un-tendre-message-hommage-de-sa-fille-Laurence.jpg\",\"contentUrl\":\"https:\\\/\\\/www.sebastien-auziere.fr\\\/blog\\\/wp-content\\\/uploads\\\/2026\\\/04\\\/Brigitte-Macron-celebre-ses-73-ans-un-tendre-message-hommage-de-sa-fille-Laurence.jpg\",\"width\":2560,\"height\":1429,\"caption\":\"d\u00e9couvrez comment brigitte macron f\u00eate ses 73 ans avec un touchant message d'hommage de sa fille laurence, c\u00e9l\u00e9brant son amour et sa complicit\u00e9.\"},{\"@type\":\"BreadcrumbList\",\"@id\":\"https:\\\/\\\/www.sebastien-auziere.fr\\\/blog\\\/it\\\/brigitte-macron-celebra-i-suoi-73-anni-un-tenero-messaggio-di-omaggio-da-parte-di-sua-figlia-laurence\\\/#breadcrumb\",\"itemListElement\":[{\"@type\":\"ListItem\",\"position\":1,\"name\":\"Home\",\"item\":\"https:\\\/\\\/www.sebastien-auziere.fr\\\/blog\\\/\"},{\"@type\":\"ListItem\",\"position\":2,\"name\":\"Brigitte Macron celebra i suoi 73 anni: un tenero messaggio di omaggio da parte di sua figlia Laurence\"}]},{\"@type\":\"WebSite\",\"@id\":\"https:\\\/\\\/www.sebastien-auziere.fr\\\/blog\\\/#website\",\"url\":\"https:\\\/\\\/www.sebastien-auziere.fr\\\/blog\\\/\",\"name\":\"Fan site S\u00e9bastien Auzi\u00e8re\",\"description\":\"M\u00e9dia g\u00e9n\u00e9raliste\",\"publisher\":{\"@id\":\"https:\\\/\\\/www.sebastien-auziere.fr\\\/blog\\\/#organization\"},\"potentialAction\":[{\"@type\":\"SearchAction\",\"target\":{\"@type\":\"EntryPoint\",\"urlTemplate\":\"https:\\\/\\\/www.sebastien-auziere.fr\\\/blog\\\/?s={search_term_string}\"},\"query-input\":{\"@type\":\"PropertyValueSpecification\",\"valueRequired\":true,\"valueName\":\"search_term_string\"}}],\"inLanguage\":\"fr-FR\"},{\"@type\":\"Organization\",\"@id\":\"https:\\\/\\\/www.sebastien-auziere.fr\\\/blog\\\/#organization\",\"name\":\"Fan site S\u00e9bastien Auzi\u00e8re\",\"url\":\"https:\\\/\\\/www.sebastien-auziere.fr\\\/blog\\\/\",\"logo\":{\"@type\":\"ImageObject\",\"inLanguage\":\"fr-FR\",\"@id\":\"https:\\\/\\\/www.sebastien-auziere.fr\\\/blog\\\/#\\\/schema\\\/logo\\\/image\\\/\",\"url\":\"https:\\\/\\\/www.sebastien-auziere.fr\\\/blog\\\/wp-content\\\/uploads\\\/2026\\\/03\\\/cropped-cropped-cropped-ChatGPT-Image-6-mars-2026-12_58_09-e1772798376794.jpg\",\"contentUrl\":\"https:\\\/\\\/www.sebastien-auziere.fr\\\/blog\\\/wp-content\\\/uploads\\\/2026\\\/03\\\/cropped-cropped-cropped-ChatGPT-Image-6-mars-2026-12_58_09-e1772798376794.jpg\",\"width\":512,\"height\":360,\"caption\":\"Fan site S\u00e9bastien Auzi\u00e8re\"},\"image\":{\"@id\":\"https:\\\/\\\/www.sebastien-auziere.fr\\\/blog\\\/#\\\/schema\\\/logo\\\/image\\\/\"}},{\"@type\":\"Person\",\"@id\":\"https:\\\/\\\/www.sebastien-auziere.fr\\\/blog\\\/#\\\/schema\\\/person\\\/149f1acdbfd85149c6c3e59adeae2f4d\",\"name\":\"Chloe Gauthier\",\"image\":{\"@type\":\"ImageObject\",\"inLanguage\":\"fr-FR\",\"@id\":\"https:\\\/\\\/secure.gravatar.com\\\/avatar\\\/2c5722f58171cff738a8985ef0dd66b476e563753246a49019befc837ec4201a?s=96&d=mm&r=g\",\"url\":\"https:\\\/\\\/secure.gravatar.com\\\/avatar\\\/2c5722f58171cff738a8985ef0dd66b476e563753246a49019befc837ec4201a?s=96&d=mm&r=g\",\"contentUrl\":\"https:\\\/\\\/secure.gravatar.com\\\/avatar\\\/2c5722f58171cff738a8985ef0dd66b476e563753246a49019befc837ec4201a?s=96&d=mm&r=g\",\"caption\":\"Chloe Gauthier\"},\"description\":\"Passionn\u00e9e par la politique et admiratrice engag\u00e9e de la famille Macron, je consacre mon \u00e9nergie \u00e0 suivre leurs initiatives et \u00e0 promouvoir leurs id\u00e9es. \u00c0 32 ans, je suis convaincue que leur vision est porteuse d'avenir.\",\"url\":\"https:\\\/\\\/www.sebastien-auziere.fr\\\/blog\\\/author\\\/chloe-gauthier\\\/\"}]}<\/script>\n<!-- \/ Yoast SEO plugin. -->","yoast_head_json":{"title":"Brigitte Macron celebra i suoi 73 anni: un tenero messaggio di omaggio da parte di sua figlia Laurence - Fan site S\u00e9bastien Auzi\u00e8re","description":"Brigitte Macron f\u00eate ses 73 ans avec un tendre message d'hommage de sa fille Laurence, c\u00e9l\u00e9brant leur lien et son parcours inspirant.","robots":{"index":"index","follow":"follow","max-snippet":"max-snippet:-1","max-image-preview":"max-image-preview:large","max-video-preview":"max-video-preview:-1"},"canonical":"https:\/\/www.sebastien-auziere.fr\/blog\/it\/brigitte-macron-celebra-i-suoi-73-anni-un-tenero-messaggio-di-omaggio-da-parte-di-sua-figlia-laurence\/","og_locale":"fr_FR","og_type":"article","og_title":"Brigitte Macron celebra i suoi 73 anni: un tenero messaggio di omaggio da parte di sua figlia Laurence - Fan site S\u00e9bastien Auzi\u00e8re","og_description":"Brigitte Macron f\u00eate ses 73 ans avec un tendre message d'hommage de sa fille Laurence, c\u00e9l\u00e9brant leur lien et son parcours inspirant.","og_url":"https:\/\/www.sebastien-auziere.fr\/blog\/it\/brigitte-macron-celebra-i-suoi-73-anni-un-tenero-messaggio-di-omaggio-da-parte-di-sua-figlia-laurence\/","og_site_name":"Fan site S\u00e9bastien Auzi\u00e8re","article_published_time":"2026-04-16T07:18:39+00:00","article_modified_time":"2026-04-16T07:19:03+00:00","og_image":[{"width":2560,"height":1429,"url":"https:\/\/www.sebastien-auziere.fr\/blog\/wp-content\/uploads\/2026\/04\/Brigitte-Macron-celebre-ses-73-ans-un-tendre-message-hommage-de-sa-fille-Laurence.jpg","type":"image\/jpeg"}],"author":"Chloe Gauthier","twitter_card":"summary_large_image","twitter_misc":{"\u00c9crit par":"Chloe Gauthier","Dur\u00e9e de lecture estim\u00e9e":"2 minutes"},"schema":{"@context":"https:\/\/schema.org","@graph":[{"@type":"Article","@id":"https:\/\/www.sebastien-auziere.fr\/blog\/it\/brigitte-macron-celebra-i-suoi-73-anni-un-tenero-messaggio-di-omaggio-da-parte-di-sua-figlia-laurence\/#article","isPartOf":{"@id":"https:\/\/www.sebastien-auziere.fr\/blog\/it\/brigitte-macron-celebra-i-suoi-73-anni-un-tenero-messaggio-di-omaggio-da-parte-di-sua-figlia-laurence\/"},"author":{"name":"Chloe Gauthier","@id":"https:\/\/www.sebastien-auziere.fr\/blog\/#\/schema\/person\/149f1acdbfd85149c6c3e59adeae2f4d"},"headline":"Brigitte Macron celebra i suoi 73 anni: un tenero messaggio di omaggio da parte di sua figlia Laurence","datePublished":"2026-04-16T07:18:39+00:00","dateModified":"2026-04-16T07:19:03+00:00","mainEntityOfPage":{"@id":"https:\/\/www.sebastien-auziere.fr\/blog\/it\/brigitte-macron-celebra-i-suoi-73-anni-un-tenero-messaggio-di-omaggio-da-parte-di-sua-figlia-laurence\/"},"wordCount":408,"commentCount":0,"publisher":{"@id":"https:\/\/www.sebastien-auziere.fr\/blog\/#organization"},"image":{"@id":"https:\/\/www.sebastien-auziere.fr\/blog\/it\/brigitte-macron-celebra-i-suoi-73-anni-un-tenero-messaggio-di-omaggio-da-parte-di-sua-figlia-laurence\/#primaryimage"},"thumbnailUrl":"https:\/\/www.sebastien-auziere.fr\/blog\/wp-content\/uploads\/2026\/04\/Brigitte-Macron-celebre-ses-73-ans-un-tendre-message-hommage-de-sa-fille-Laurence.jpg","keywords":["anniversario brigitte macron","ans brigitte macron","brigitte macron","laurence macron","messaggio omaggio"],"articleSection":["Actualit\u00e0"],"inLanguage":"fr-FR","potentialAction":[{"@type":"CommentAction","name":"Comment","target":["https:\/\/www.sebastien-auziere.fr\/blog\/it\/brigitte-macron-celebra-i-suoi-73-anni-un-tenero-messaggio-di-omaggio-da-parte-di-sua-figlia-laurence\/#respond"]}]},{"@type":"WebPage","@id":"https:\/\/www.sebastien-auziere.fr\/blog\/it\/brigitte-macron-celebra-i-suoi-73-anni-un-tenero-messaggio-di-omaggio-da-parte-di-sua-figlia-laurence\/","url":"https:\/\/www.sebastien-auziere.fr\/blog\/it\/brigitte-macron-celebra-i-suoi-73-anni-un-tenero-messaggio-di-omaggio-da-parte-di-sua-figlia-laurence\/","name":"Brigitte Macron celebra i suoi 73 anni: un tenero messaggio di omaggio da parte di sua figlia Laurence - Fan site S\u00e9bastien Auzi\u00e8re","isPartOf":{"@id":"https:\/\/www.sebastien-auziere.fr\/blog\/#website"},"primaryImageOfPage":{"@id":"https:\/\/www.sebastien-auziere.fr\/blog\/it\/brigitte-macron-celebra-i-suoi-73-anni-un-tenero-messaggio-di-omaggio-da-parte-di-sua-figlia-laurence\/#primaryimage"},"image":{"@id":"https:\/\/www.sebastien-auziere.fr\/blog\/it\/brigitte-macron-celebra-i-suoi-73-anni-un-tenero-messaggio-di-omaggio-da-parte-di-sua-figlia-laurence\/#primaryimage"},"thumbnailUrl":"https:\/\/www.sebastien-auziere.fr\/blog\/wp-content\/uploads\/2026\/04\/Brigitte-Macron-celebre-ses-73-ans-un-tendre-message-hommage-de-sa-fille-Laurence.jpg","datePublished":"2026-04-16T07:18:39+00:00","dateModified":"2026-04-16T07:19:03+00:00","description":"Brigitte Macron f\u00eate ses 73 ans avec un tendre message d'hommage de sa fille Laurence, c\u00e9l\u00e9brant leur lien et son parcours inspirant.","breadcrumb":{"@id":"https:\/\/www.sebastien-auziere.fr\/blog\/it\/brigitte-macron-celebra-i-suoi-73-anni-un-tenero-messaggio-di-omaggio-da-parte-di-sua-figlia-laurence\/#breadcrumb"},"inLanguage":"fr-FR","potentialAction":[{"@type":"ReadAction","target":["https:\/\/www.sebastien-auziere.fr\/blog\/it\/brigitte-macron-celebra-i-suoi-73-anni-un-tenero-messaggio-di-omaggio-da-parte-di-sua-figlia-laurence\/"]}]},{"@type":"ImageObject","inLanguage":"fr-FR","@id":"https:\/\/www.sebastien-auziere.fr\/blog\/it\/brigitte-macron-celebra-i-suoi-73-anni-un-tenero-messaggio-di-omaggio-da-parte-di-sua-figlia-laurence\/#primaryimage","url":"https:\/\/www.sebastien-auziere.fr\/blog\/wp-content\/uploads\/2026\/04\/Brigitte-Macron-celebre-ses-73-ans-un-tendre-message-hommage-de-sa-fille-Laurence.jpg","contentUrl":"https:\/\/www.sebastien-auziere.fr\/blog\/wp-content\/uploads\/2026\/04\/Brigitte-Macron-celebre-ses-73-ans-un-tendre-message-hommage-de-sa-fille-Laurence.jpg","width":2560,"height":1429,"caption":"d\u00e9couvrez comment brigitte macron f\u00eate ses 73 ans avec un touchant message d'hommage de sa fille laurence, c\u00e9l\u00e9brant son amour et sa complicit\u00e9."},{"@type":"BreadcrumbList","@id":"https:\/\/www.sebastien-auziere.fr\/blog\/it\/brigitte-macron-celebra-i-suoi-73-anni-un-tenero-messaggio-di-omaggio-da-parte-di-sua-figlia-laurence\/#breadcrumb","itemListElement":[{"@type":"ListItem","position":1,"name":"Home","item":"https:\/\/www.sebastien-auziere.fr\/blog\/"},{"@type":"ListItem","position":2,"name":"Brigitte Macron celebra i suoi 73 anni: un tenero messaggio di omaggio da parte di sua figlia Laurence"}]},{"@type":"WebSite","@id":"https:\/\/www.sebastien-auziere.fr\/blog\/#website","url":"https:\/\/www.sebastien-auziere.fr\/blog\/","name":"Fan site S\u00e9bastien Auzi\u00e8re","description":"M\u00e9dia g\u00e9n\u00e9raliste","publisher":{"@id":"https:\/\/www.sebastien-auziere.fr\/blog\/#organization"},"potentialAction":[{"@type":"SearchAction","target":{"@type":"EntryPoint","urlTemplate":"https:\/\/www.sebastien-auziere.fr\/blog\/?s={search_term_string}"},"query-input":{"@type":"PropertyValueSpecification","valueRequired":true,"valueName":"search_term_string"}}],"inLanguage":"fr-FR"},{"@type":"Organization","@id":"https:\/\/www.sebastien-auziere.fr\/blog\/#organization","name":"Fan site S\u00e9bastien Auzi\u00e8re","url":"https:\/\/www.sebastien-auziere.fr\/blog\/","logo":{"@type":"ImageObject","inLanguage":"fr-FR","@id":"https:\/\/www.sebastien-auziere.fr\/blog\/#\/schema\/logo\/image\/","url":"https:\/\/www.sebastien-auziere.fr\/blog\/wp-content\/uploads\/2026\/03\/cropped-cropped-cropped-ChatGPT-Image-6-mars-2026-12_58_09-e1772798376794.jpg","contentUrl":"https:\/\/www.sebastien-auziere.fr\/blog\/wp-content\/uploads\/2026\/03\/cropped-cropped-cropped-ChatGPT-Image-6-mars-2026-12_58_09-e1772798376794.jpg","width":512,"height":360,"caption":"Fan site S\u00e9bastien Auzi\u00e8re"},"image":{"@id":"https:\/\/www.sebastien-auziere.fr\/blog\/#\/schema\/logo\/image\/"}},{"@type":"Person","@id":"https:\/\/www.sebastien-auziere.fr\/blog\/#\/schema\/person\/149f1acdbfd85149c6c3e59adeae2f4d","name":"Chloe Gauthier","image":{"@type":"ImageObject","inLanguage":"fr-FR","@id":"https:\/\/secure.gravatar.com\/avatar\/2c5722f58171cff738a8985ef0dd66b476e563753246a49019befc837ec4201a?s=96&d=mm&r=g","url":"https:\/\/secure.gravatar.com\/avatar\/2c5722f58171cff738a8985ef0dd66b476e563753246a49019befc837ec4201a?s=96&d=mm&r=g","contentUrl":"https:\/\/secure.gravatar.com\/avatar\/2c5722f58171cff738a8985ef0dd66b476e563753246a49019befc837ec4201a?s=96&d=mm&r=g","caption":"Chloe Gauthier"},"description":"Passionn\u00e9e par la politique et admiratrice engag\u00e9e de la famille Macron, je consacre mon \u00e9nergie \u00e0 suivre leurs initiatives et \u00e0 promouvoir leurs id\u00e9es. \u00c0 32 ans, je suis convaincue que leur vision est porteuse d'avenir.","url":"https:\/\/www.sebastien-auziere.fr\/blog\/author\/chloe-gauthier\/"}]}},"views":1,"_links":{"self":[{"href":"https:\/\/www.sebastien-auziere.fr\/blog\/wp-json\/wp\/v2\/posts\/3068","targetHints":{"allow":["GET"]}}],"collection":[{"href":"https:\/\/www.sebastien-auziere.fr\/blog\/wp-json\/wp\/v2\/posts"}],"about":[{"href":"https:\/\/www.sebastien-auziere.fr\/blog\/wp-json\/wp\/v2\/types\/post"}],"author":[{"embeddable":true,"href":"https:\/\/www.sebastien-auziere.fr\/blog\/wp-json\/wp\/v2\/users\/9"}],"replies":[{"embeddable":true,"href":"https:\/\/www.sebastien-auziere.fr\/blog\/wp-json\/wp\/v2\/comments?post=3068"}],"version-history":[{"count":1,"href":"https:\/\/www.sebastien-auziere.fr\/blog\/wp-json\/wp\/v2\/posts\/3068\/revisions"}],"predecessor-version":[{"id":3069,"href":"https:\/\/www.sebastien-auziere.fr\/blog\/wp-json\/wp\/v2\/posts\/3068\/revisions\/3069"}],"wp:featuredmedia":[{"embeddable":true,"href":"https:\/\/www.sebastien-auziere.fr\/blog\/wp-json\/wp\/v2\/media\/3060"}],"wp:attachment":[{"href":"https:\/\/www.sebastien-auziere.fr\/blog\/wp-json\/wp\/v2\/media?parent=3068"}],"wp:term":[{"taxonomy":"category","embeddable":true,"href":"https:\/\/www.sebastien-auziere.fr\/blog\/wp-json\/wp\/v2\/categories?post=3068"},{"taxonomy":"post_tag","embeddable":true,"href":"https:\/\/www.sebastien-auziere.fr\/blog\/wp-json\/wp\/v2\/tags?post=3068"}],"curies":[{"name":"wp","href":"https:\/\/api.w.org\/{rel}","templated":true}]}}