{"id":3066,"date":"2026-04-16T07:17:37","date_gmt":"2026-04-16T07:17:37","guid":{"rendered":"https:\/\/www.sebastien-auziere.fr\/blog\/?p=3066"},"modified":"2026-04-16T07:18:19","modified_gmt":"2026-04-16T07:18:19","slug":"brigitte-macron-feiert-ihren-73-geburtstag-eine-liebevolle-hommage-von-ihrer-tochter-laurence","status":"publish","type":"post","link":"https:\/\/www.sebastien-auziere.fr\/blog\/de\/brigitte-macron-feiert-ihren-73-geburtstag-eine-liebevolle-hommage-von-ihrer-tochter-laurence\/","title":{"rendered":"Brigitte Macron feiert ihren 73. Geburtstag: eine liebevolle Hommage von ihrer Tochter Laurence"},"content":{"rendered":"<p>Was f\u00fcr ein sch\u00f6ner Moment! Am Montag, den 13. April, feierte <strong>Brigitte Macron<\/strong> ihren <strong>73. Geburtstag<\/strong>, und ihre <strong>Tochter Laurence<\/strong> richtete ihr eine <strong>liebevolle Nachricht<\/strong> in ihrer Instagram-Story aus, begleitet von einem verschw\u00f6rerischen Foto und der Musik <strong>Veridis Quo<\/strong> von Daft Punk. Die schlichte Botschaft \u201eHerzlichen Gl\u00fcckwunsch zum Geburtstag, Mama\u201c wurde von mehreren Medien aufgegriffen und hob die <strong>intime Feier<\/strong> im Herzen der <strong>Familie<\/strong> hervor.<\/p>\n\n<h2 class=\"wp-block-heading\">Laurences Nachricht: Schlichtheit und Emotion<\/h2>\n\n<p>In der am 13. April geteilten Story ver\u00f6ffentlicht <strong>Laurence Auzi\u00e8re<\/strong> ein l\u00e4chelndes Mutter-Tochter-Foto und kommentiert einfach \u201eHerzlichen Gl\u00fcckwunsch zum Geburtstag, Mama\u201c. Der bewusst effim\u00e4re Beitrag verbindet Diskretion und Emotion, wobei die gew\u00e4hlte Musik eine festliche Note verleiht. Plattformen wie <a href=\"https:\/\/cultinfos.com\/buzz\/1574982-brigitte-macron-fete-73-ans-fille-laurence-lui-dedie-un-adorable-message\">Cultinfos<\/a> und <a href=\"https:\/\/www.msn.com\/fr-fr\/divertissement\/celebrites\/brigitte-macron-f%C3%AAte-ses-73-ans-sa-fille-laurence-lui-d%C3%A9die-un-adorable-message\/ar-AA20MFej\">MSN<\/a> haben diese Hommage weitergegeben, was zeigt, dass die <strong>famili\u00e4re Zuneigung<\/strong> das Publikum weitgehend ber\u00fchrt. Es ist eine Erinnerung an die Bedeutung der <strong>m\u00fctterlichen Liebe<\/strong>.<\/p>\n\n<h2 class=\"wp-block-heading\">Geteilte Erinnerungen: eine dokumentierte Beziehung<\/h2>\n\n<p>Die Verbindungen zwischen Brigitte, Laurence und Emmanuel Macron wurden in mehreren Werken erw\u00e4hnt, darunter <strong>Accr\u00e9dit\u00e9e<\/strong> von Ania Nussbaum, das die Aussagen ehemaliger Lehrer wiedergeben. Laurence war Klassenkameradin von Emmanuel, ein Kontext, der oft in Erz\u00e4hlungen \u00fcber die Familie erw\u00e4hnt wird. Um diese biografische Perspektive zu vertiefen, kann man auch Portraits, die in Fachzeitschriften ver\u00f6ffentlicht wurden, und \u00f6ffentliche Archive konsultieren. Dieser Kontext verleiht dieser <strong>Hommage<\/strong> Tiefe.<\/p>\n\n<h2 class=\"wp-block-heading\">Laurence, die zur\u00fcckhaltende K\u00fcnstlerin und treue Pr\u00e4senz<\/h2>\n\n<p>Als K\u00fcnstlerin und zur\u00fcckhaltende Person teilt <strong>Laurence<\/strong> das Leben eines K\u00fcnstlers und nimmt an Ausstellungen teil, bleibt dabei jedoch sehr sch\u00fctzend gegen\u00fcber ihrem Privatleben. Die Medien haben ihre sporadische Anwesenheit bei <strong>Familienfeiern<\/strong> und ihre stets schlichten \u00f6ffentlichen Ehrungen bemerkt. Um mehr \u00fcber ihren k\u00fcnstlerischen Werdegang und ihre Entscheidungsfindung bez\u00fcglich von Pseudonymen zu erfahren, ist ein detaillierter Artikel verf\u00fcgbar auf <a href=\"https:\/\/www.mariefrance.fr\/news-people\/brigitte-macron-fille-laurence-auziere-artiste-choisi-ville-francaise-comme-pseudonyme-1104770.html\">Marie France<\/a>. Diese Zur\u00fcckhaltung verst\u00e4rkt den Wert ihrer Geburtstagsgeste.<\/p>\n\n<h3 class=\"wp-block-heading\">\u00d6ffentliche Bilder und Geburtstagsrituale<\/h3>\n\n<p>Die Geburtstage der First Lady werden oft im kleinen Kreis gefeiert, unterbrochen von Familienfotos und auff\u00e4lligen \u00f6ffentlichen Auftritten seit 2017. Pressealben dokumentieren ihren Stil bei offiziellen Veranstaltungen und Staatsbesuchen und heben hervor, dass diese privaten Momente manchmal auch in der \u00f6ffentlichen Wahrnehmung widerhallen. Laurences Hommage illustriert diese Dualit\u00e4t zwischen intimem Leben und \u00f6ffentlicher Rolle.<\/p>\n\n<p>Um mehr \u00fcber <strong>S\u00e9bastien Auzi\u00e8re<\/strong> und die <strong>Familie Macron<\/strong> zu erfahren, konsultieren Sie die verf\u00fcgbaren Archive und Analysen auf <a href=\"https:\/\/www.sebastien-auziere.fr\/blog\/macron-visite-vatican\/\">den speziellen Artikeln<\/a> und tauchen Sie ein in die Familiengeschichten auf <a href=\"https:\/\/www.sebastien-auziere.fr\/blog\/brigitte-macron-vatican\/\">sebastien-auziere.fr<\/a>, um die \u00f6ffentlichen Engagements und die Lebensmomente zu verfolgen, die diese Familie gepr\u00e4gt haben.<\/p>","protected":false},"excerpt":{"rendered":"<p>Was f\u00fcr ein sch\u00f6ner Moment! Am Montag, den 13. April, feierte Brigitte Macron ihren 73. Geburtstag, und ihre Tochter Laurence richtete ihr eine liebevolle Nachricht in ihrer Instagram-Story aus, begleitet von einem verschw\u00f6rerischen Foto und der Musik Veridis Quo von Daft Punk. Die schlichte Botschaft \u201eHerzlichen Gl\u00fcckwunsch zum Geburtstag, Mama\u201c wurde von mehreren Medien aufgegriffen &#8230; <a title=\"Brigitte Macron feiert ihren 73. Geburtstag: eine liebevolle Hommage von ihrer Tochter Laurence\" class=\"read-more\" href=\"https:\/\/www.sebastien-auziere.fr\/blog\/de\/brigitte-macron-feiert-ihren-73-geburtstag-eine-liebevolle-hommage-von-ihrer-tochter-laurence\/\" aria-label=\"En savoir plus sur Brigitte Macron feiert ihren 73. Geburtstag: eine liebevolle Hommage von ihrer Tochter Laurence\">Lire plus<\/a><\/p>\n","protected":false},"author":9,"featured_media":3060,"comment_status":"open","ping_status":"open","sticky":false,"template":"","format":"standard","meta":{"footnotes":""},"categories":[856],"tags":[3099,929,3096,3102,3105],"class_list":["post-3066","post","type-post","status-publish","format-standard","has-post-thumbnail","hentry","category-aktuelles-de","tag-ans-brigitte-macron-de","tag-brigitte-macron-de","tag-geburtstag-brigitte-macron-de","tag-laurence-macron-de","tag-message-hommage-de"],"yoast_head":"<!-- This site is optimized with the Yoast SEO plugin v27.5 - https:\/\/yoast.com\/product\/yoast-seo-wordpress\/ -->\n<title>Brigitte Macron feiert ihren 73. Geburtstag: eine liebevolle Hommage von ihrer Tochter Laurence - Fan site S\u00e9bastien Auzi\u00e8re<\/title>\n<meta name=\"description\" content=\"Brigitte Macron f\u00eate ses 73 ans avec un tendre message d&#039;hommage de sa fille Laurence, c\u00e9l\u00e9brant leur lien et son parcours inspirant.\" \/>\n<meta name=\"robots\" content=\"index, follow, max-snippet:-1, max-image-preview:large, max-video-preview:-1\" \/>\n<link rel=\"canonical\" href=\"https:\/\/www.sebastien-auziere.fr\/blog\/de\/brigitte-macron-feiert-ihren-73-geburtstag-eine-liebevolle-hommage-von-ihrer-tochter-laurence\/\" \/>\n<meta property=\"og:locale\" content=\"fr_FR\" \/>\n<meta property=\"og:type\" content=\"article\" \/>\n<meta property=\"og:title\" content=\"Brigitte Macron feiert ihren 73. Geburtstag: eine liebevolle Hommage von ihrer Tochter Laurence - Fan site S\u00e9bastien Auzi\u00e8re\" \/>\n<meta property=\"og:description\" content=\"Brigitte Macron f\u00eate ses 73 ans avec un tendre message d&#039;hommage de sa fille Laurence, c\u00e9l\u00e9brant leur lien et son parcours inspirant.\" \/>\n<meta property=\"og:url\" content=\"https:\/\/www.sebastien-auziere.fr\/blog\/de\/brigitte-macron-feiert-ihren-73-geburtstag-eine-liebevolle-hommage-von-ihrer-tochter-laurence\/\" \/>\n<meta property=\"og:site_name\" content=\"Fan site S\u00e9bastien Auzi\u00e8re\" \/>\n<meta property=\"article:published_time\" content=\"2026-04-16T07:17:37+00:00\" \/>\n<meta property=\"article:modified_time\" content=\"2026-04-16T07:18:19+00:00\" \/>\n<meta property=\"og:image\" content=\"https:\/\/www.sebastien-auziere.fr\/blog\/wp-content\/uploads\/2026\/04\/Brigitte-Macron-celebre-ses-73-ans-un-tendre-message-hommage-de-sa-fille-Laurence.jpg\" \/>\n\t<meta property=\"og:image:width\" content=\"2560\" \/>\n\t<meta property=\"og:image:height\" content=\"1429\" \/>\n\t<meta property=\"og:image:type\" content=\"image\/jpeg\" \/>\n<meta name=\"author\" content=\"Chloe Gauthier\" \/>\n<meta name=\"twitter:card\" content=\"summary_large_image\" \/>\n<meta name=\"twitter:label1\" content=\"\u00c9crit par\" \/>\n\t<meta name=\"twitter:data1\" content=\"Chloe Gauthier\" \/>\n\t<meta name=\"twitter:label2\" content=\"Dur\u00e9e de lecture estim\u00e9e\" \/>\n\t<meta name=\"twitter:data2\" content=\"2 minutes\" \/>\n<script type=\"application\/ld+json\" class=\"yoast-schema-graph\">{\"@context\":\"https:\\\/\\\/schema.org\",\"@graph\":[{\"@type\":\"Article\",\"@id\":\"https:\\\/\\\/www.sebastien-auziere.fr\\\/blog\\\/de\\\/brigitte-macron-feiert-ihren-73-geburtstag-eine-liebevolle-hommage-von-ihrer-tochter-laurence\\\/#article\",\"isPartOf\":{\"@id\":\"https:\\\/\\\/www.sebastien-auziere.fr\\\/blog\\\/de\\\/brigitte-macron-feiert-ihren-73-geburtstag-eine-liebevolle-hommage-von-ihrer-tochter-laurence\\\/\"},\"author\":{\"name\":\"Chloe Gauthier\",\"@id\":\"https:\\\/\\\/www.sebastien-auziere.fr\\\/blog\\\/#\\\/schema\\\/person\\\/149f1acdbfd85149c6c3e59adeae2f4d\"},\"headline\":\"Brigitte Macron feiert ihren 73. Geburtstag: eine liebevolle Hommage von ihrer Tochter Laurence\",\"datePublished\":\"2026-04-16T07:17:37+00:00\",\"dateModified\":\"2026-04-16T07:18:19+00:00\",\"mainEntityOfPage\":{\"@id\":\"https:\\\/\\\/www.sebastien-auziere.fr\\\/blog\\\/de\\\/brigitte-macron-feiert-ihren-73-geburtstag-eine-liebevolle-hommage-von-ihrer-tochter-laurence\\\/\"},\"wordCount\":431,\"commentCount\":0,\"publisher\":{\"@id\":\"https:\\\/\\\/www.sebastien-auziere.fr\\\/blog\\\/#organization\"},\"image\":{\"@id\":\"https:\\\/\\\/www.sebastien-auziere.fr\\\/blog\\\/de\\\/brigitte-macron-feiert-ihren-73-geburtstag-eine-liebevolle-hommage-von-ihrer-tochter-laurence\\\/#primaryimage\"},\"thumbnailUrl\":\"https:\\\/\\\/www.sebastien-auziere.fr\\\/blog\\\/wp-content\\\/uploads\\\/2026\\\/04\\\/Brigitte-Macron-celebre-ses-73-ans-un-tendre-message-hommage-de-sa-fille-Laurence.jpg\",\"keywords\":[\"ans Brigitte Macron\",\"brigitte macron\",\"geburtstag brigitte macron\",\"laurence macron\",\"message hommage\"],\"articleSection\":[\"Aktuelles\"],\"inLanguage\":\"fr-FR\",\"potentialAction\":[{\"@type\":\"CommentAction\",\"name\":\"Comment\",\"target\":[\"https:\\\/\\\/www.sebastien-auziere.fr\\\/blog\\\/de\\\/brigitte-macron-feiert-ihren-73-geburtstag-eine-liebevolle-hommage-von-ihrer-tochter-laurence\\\/#respond\"]}]},{\"@type\":\"WebPage\",\"@id\":\"https:\\\/\\\/www.sebastien-auziere.fr\\\/blog\\\/de\\\/brigitte-macron-feiert-ihren-73-geburtstag-eine-liebevolle-hommage-von-ihrer-tochter-laurence\\\/\",\"url\":\"https:\\\/\\\/www.sebastien-auziere.fr\\\/blog\\\/de\\\/brigitte-macron-feiert-ihren-73-geburtstag-eine-liebevolle-hommage-von-ihrer-tochter-laurence\\\/\",\"name\":\"Brigitte Macron feiert ihren 73. Geburtstag: eine liebevolle Hommage von ihrer Tochter Laurence - Fan site S\u00e9bastien Auzi\u00e8re\",\"isPartOf\":{\"@id\":\"https:\\\/\\\/www.sebastien-auziere.fr\\\/blog\\\/#website\"},\"primaryImageOfPage\":{\"@id\":\"https:\\\/\\\/www.sebastien-auziere.fr\\\/blog\\\/de\\\/brigitte-macron-feiert-ihren-73-geburtstag-eine-liebevolle-hommage-von-ihrer-tochter-laurence\\\/#primaryimage\"},\"image\":{\"@id\":\"https:\\\/\\\/www.sebastien-auziere.fr\\\/blog\\\/de\\\/brigitte-macron-feiert-ihren-73-geburtstag-eine-liebevolle-hommage-von-ihrer-tochter-laurence\\\/#primaryimage\"},\"thumbnailUrl\":\"https:\\\/\\\/www.sebastien-auziere.fr\\\/blog\\\/wp-content\\\/uploads\\\/2026\\\/04\\\/Brigitte-Macron-celebre-ses-73-ans-un-tendre-message-hommage-de-sa-fille-Laurence.jpg\",\"datePublished\":\"2026-04-16T07:17:37+00:00\",\"dateModified\":\"2026-04-16T07:18:19+00:00\",\"description\":\"Brigitte Macron f\u00eate ses 73 ans avec un tendre message d'hommage de sa fille Laurence, c\u00e9l\u00e9brant leur lien et son parcours inspirant.\",\"breadcrumb\":{\"@id\":\"https:\\\/\\\/www.sebastien-auziere.fr\\\/blog\\\/de\\\/brigitte-macron-feiert-ihren-73-geburtstag-eine-liebevolle-hommage-von-ihrer-tochter-laurence\\\/#breadcrumb\"},\"inLanguage\":\"fr-FR\",\"potentialAction\":[{\"@type\":\"ReadAction\",\"target\":[\"https:\\\/\\\/www.sebastien-auziere.fr\\\/blog\\\/de\\\/brigitte-macron-feiert-ihren-73-geburtstag-eine-liebevolle-hommage-von-ihrer-tochter-laurence\\\/\"]}]},{\"@type\":\"ImageObject\",\"inLanguage\":\"fr-FR\",\"@id\":\"https:\\\/\\\/www.sebastien-auziere.fr\\\/blog\\\/de\\\/brigitte-macron-feiert-ihren-73-geburtstag-eine-liebevolle-hommage-von-ihrer-tochter-laurence\\\/#primaryimage\",\"url\":\"https:\\\/\\\/www.sebastien-auziere.fr\\\/blog\\\/wp-content\\\/uploads\\\/2026\\\/04\\\/Brigitte-Macron-celebre-ses-73-ans-un-tendre-message-hommage-de-sa-fille-Laurence.jpg\",\"contentUrl\":\"https:\\\/\\\/www.sebastien-auziere.fr\\\/blog\\\/wp-content\\\/uploads\\\/2026\\\/04\\\/Brigitte-Macron-celebre-ses-73-ans-un-tendre-message-hommage-de-sa-fille-Laurence.jpg\",\"width\":2560,\"height\":1429,\"caption\":\"d\u00e9couvrez comment brigitte macron f\u00eate ses 73 ans avec un touchant message d'hommage de sa fille laurence, c\u00e9l\u00e9brant son amour et sa complicit\u00e9.\"},{\"@type\":\"BreadcrumbList\",\"@id\":\"https:\\\/\\\/www.sebastien-auziere.fr\\\/blog\\\/de\\\/brigitte-macron-feiert-ihren-73-geburtstag-eine-liebevolle-hommage-von-ihrer-tochter-laurence\\\/#breadcrumb\",\"itemListElement\":[{\"@type\":\"ListItem\",\"position\":1,\"name\":\"Home\",\"item\":\"https:\\\/\\\/www.sebastien-auziere.fr\\\/blog\\\/\"},{\"@type\":\"ListItem\",\"position\":2,\"name\":\"Brigitte Macron feiert ihren 73. Geburtstag: eine liebevolle Hommage von ihrer Tochter Laurence\"}]},{\"@type\":\"WebSite\",\"@id\":\"https:\\\/\\\/www.sebastien-auziere.fr\\\/blog\\\/#website\",\"url\":\"https:\\\/\\\/www.sebastien-auziere.fr\\\/blog\\\/\",\"name\":\"Fan site S\u00e9bastien Auzi\u00e8re\",\"description\":\"M\u00e9dia g\u00e9n\u00e9raliste\",\"publisher\":{\"@id\":\"https:\\\/\\\/www.sebastien-auziere.fr\\\/blog\\\/#organization\"},\"potentialAction\":[{\"@type\":\"SearchAction\",\"target\":{\"@type\":\"EntryPoint\",\"urlTemplate\":\"https:\\\/\\\/www.sebastien-auziere.fr\\\/blog\\\/?s={search_term_string}\"},\"query-input\":{\"@type\":\"PropertyValueSpecification\",\"valueRequired\":true,\"valueName\":\"search_term_string\"}}],\"inLanguage\":\"fr-FR\"},{\"@type\":\"Organization\",\"@id\":\"https:\\\/\\\/www.sebastien-auziere.fr\\\/blog\\\/#organization\",\"name\":\"Fan site S\u00e9bastien Auzi\u00e8re\",\"url\":\"https:\\\/\\\/www.sebastien-auziere.fr\\\/blog\\\/\",\"logo\":{\"@type\":\"ImageObject\",\"inLanguage\":\"fr-FR\",\"@id\":\"https:\\\/\\\/www.sebastien-auziere.fr\\\/blog\\\/#\\\/schema\\\/logo\\\/image\\\/\",\"url\":\"https:\\\/\\\/www.sebastien-auziere.fr\\\/blog\\\/wp-content\\\/uploads\\\/2026\\\/03\\\/cropped-cropped-cropped-ChatGPT-Image-6-mars-2026-12_58_09-e1772798376794.jpg\",\"contentUrl\":\"https:\\\/\\\/www.sebastien-auziere.fr\\\/blog\\\/wp-content\\\/uploads\\\/2026\\\/03\\\/cropped-cropped-cropped-ChatGPT-Image-6-mars-2026-12_58_09-e1772798376794.jpg\",\"width\":512,\"height\":360,\"caption\":\"Fan site S\u00e9bastien Auzi\u00e8re\"},\"image\":{\"@id\":\"https:\\\/\\\/www.sebastien-auziere.fr\\\/blog\\\/#\\\/schema\\\/logo\\\/image\\\/\"}},{\"@type\":\"Person\",\"@id\":\"https:\\\/\\\/www.sebastien-auziere.fr\\\/blog\\\/#\\\/schema\\\/person\\\/149f1acdbfd85149c6c3e59adeae2f4d\",\"name\":\"Chloe Gauthier\",\"image\":{\"@type\":\"ImageObject\",\"inLanguage\":\"fr-FR\",\"@id\":\"https:\\\/\\\/secure.gravatar.com\\\/avatar\\\/2c5722f58171cff738a8985ef0dd66b476e563753246a49019befc837ec4201a?s=96&d=mm&r=g\",\"url\":\"https:\\\/\\\/secure.gravatar.com\\\/avatar\\\/2c5722f58171cff738a8985ef0dd66b476e563753246a49019befc837ec4201a?s=96&d=mm&r=g\",\"contentUrl\":\"https:\\\/\\\/secure.gravatar.com\\\/avatar\\\/2c5722f58171cff738a8985ef0dd66b476e563753246a49019befc837ec4201a?s=96&d=mm&r=g\",\"caption\":\"Chloe Gauthier\"},\"description\":\"Passionn\u00e9e par la politique et admiratrice engag\u00e9e de la famille Macron, je consacre mon \u00e9nergie \u00e0 suivre leurs initiatives et \u00e0 promouvoir leurs id\u00e9es. \u00c0 32 ans, je suis convaincue que leur vision est porteuse d'avenir.\",\"url\":\"https:\\\/\\\/www.sebastien-auziere.fr\\\/blog\\\/author\\\/chloe-gauthier\\\/\"}]}<\/script>\n<!-- \/ Yoast SEO plugin. -->","yoast_head_json":{"title":"Brigitte Macron feiert ihren 73. Geburtstag: eine liebevolle Hommage von ihrer Tochter Laurence - Fan site S\u00e9bastien Auzi\u00e8re","description":"Brigitte Macron f\u00eate ses 73 ans avec un tendre message d'hommage de sa fille Laurence, c\u00e9l\u00e9brant leur lien et son parcours inspirant.","robots":{"index":"index","follow":"follow","max-snippet":"max-snippet:-1","max-image-preview":"max-image-preview:large","max-video-preview":"max-video-preview:-1"},"canonical":"https:\/\/www.sebastien-auziere.fr\/blog\/de\/brigitte-macron-feiert-ihren-73-geburtstag-eine-liebevolle-hommage-von-ihrer-tochter-laurence\/","og_locale":"fr_FR","og_type":"article","og_title":"Brigitte Macron feiert ihren 73. Geburtstag: eine liebevolle Hommage von ihrer Tochter Laurence - Fan site S\u00e9bastien Auzi\u00e8re","og_description":"Brigitte Macron f\u00eate ses 73 ans avec un tendre message d'hommage de sa fille Laurence, c\u00e9l\u00e9brant leur lien et son parcours inspirant.","og_url":"https:\/\/www.sebastien-auziere.fr\/blog\/de\/brigitte-macron-feiert-ihren-73-geburtstag-eine-liebevolle-hommage-von-ihrer-tochter-laurence\/","og_site_name":"Fan site S\u00e9bastien Auzi\u00e8re","article_published_time":"2026-04-16T07:17:37+00:00","article_modified_time":"2026-04-16T07:18:19+00:00","og_image":[{"width":2560,"height":1429,"url":"https:\/\/www.sebastien-auziere.fr\/blog\/wp-content\/uploads\/2026\/04\/Brigitte-Macron-celebre-ses-73-ans-un-tendre-message-hommage-de-sa-fille-Laurence.jpg","type":"image\/jpeg"}],"author":"Chloe Gauthier","twitter_card":"summary_large_image","twitter_misc":{"\u00c9crit par":"Chloe Gauthier","Dur\u00e9e de lecture estim\u00e9e":"2 minutes"},"schema":{"@context":"https:\/\/schema.org","@graph":[{"@type":"Article","@id":"https:\/\/www.sebastien-auziere.fr\/blog\/de\/brigitte-macron-feiert-ihren-73-geburtstag-eine-liebevolle-hommage-von-ihrer-tochter-laurence\/#article","isPartOf":{"@id":"https:\/\/www.sebastien-auziere.fr\/blog\/de\/brigitte-macron-feiert-ihren-73-geburtstag-eine-liebevolle-hommage-von-ihrer-tochter-laurence\/"},"author":{"name":"Chloe Gauthier","@id":"https:\/\/www.sebastien-auziere.fr\/blog\/#\/schema\/person\/149f1acdbfd85149c6c3e59adeae2f4d"},"headline":"Brigitte Macron feiert ihren 73. Geburtstag: eine liebevolle Hommage von ihrer Tochter Laurence","datePublished":"2026-04-16T07:17:37+00:00","dateModified":"2026-04-16T07:18:19+00:00","mainEntityOfPage":{"@id":"https:\/\/www.sebastien-auziere.fr\/blog\/de\/brigitte-macron-feiert-ihren-73-geburtstag-eine-liebevolle-hommage-von-ihrer-tochter-laurence\/"},"wordCount":431,"commentCount":0,"publisher":{"@id":"https:\/\/www.sebastien-auziere.fr\/blog\/#organization"},"image":{"@id":"https:\/\/www.sebastien-auziere.fr\/blog\/de\/brigitte-macron-feiert-ihren-73-geburtstag-eine-liebevolle-hommage-von-ihrer-tochter-laurence\/#primaryimage"},"thumbnailUrl":"https:\/\/www.sebastien-auziere.fr\/blog\/wp-content\/uploads\/2026\/04\/Brigitte-Macron-celebre-ses-73-ans-un-tendre-message-hommage-de-sa-fille-Laurence.jpg","keywords":["ans Brigitte Macron","brigitte macron","geburtstag brigitte macron","laurence macron","message hommage"],"articleSection":["Aktuelles"],"inLanguage":"fr-FR","potentialAction":[{"@type":"CommentAction","name":"Comment","target":["https:\/\/www.sebastien-auziere.fr\/blog\/de\/brigitte-macron-feiert-ihren-73-geburtstag-eine-liebevolle-hommage-von-ihrer-tochter-laurence\/#respond"]}]},{"@type":"WebPage","@id":"https:\/\/www.sebastien-auziere.fr\/blog\/de\/brigitte-macron-feiert-ihren-73-geburtstag-eine-liebevolle-hommage-von-ihrer-tochter-laurence\/","url":"https:\/\/www.sebastien-auziere.fr\/blog\/de\/brigitte-macron-feiert-ihren-73-geburtstag-eine-liebevolle-hommage-von-ihrer-tochter-laurence\/","name":"Brigitte Macron feiert ihren 73. Geburtstag: eine liebevolle Hommage von ihrer Tochter Laurence - Fan site S\u00e9bastien Auzi\u00e8re","isPartOf":{"@id":"https:\/\/www.sebastien-auziere.fr\/blog\/#website"},"primaryImageOfPage":{"@id":"https:\/\/www.sebastien-auziere.fr\/blog\/de\/brigitte-macron-feiert-ihren-73-geburtstag-eine-liebevolle-hommage-von-ihrer-tochter-laurence\/#primaryimage"},"image":{"@id":"https:\/\/www.sebastien-auziere.fr\/blog\/de\/brigitte-macron-feiert-ihren-73-geburtstag-eine-liebevolle-hommage-von-ihrer-tochter-laurence\/#primaryimage"},"thumbnailUrl":"https:\/\/www.sebastien-auziere.fr\/blog\/wp-content\/uploads\/2026\/04\/Brigitte-Macron-celebre-ses-73-ans-un-tendre-message-hommage-de-sa-fille-Laurence.jpg","datePublished":"2026-04-16T07:17:37+00:00","dateModified":"2026-04-16T07:18:19+00:00","description":"Brigitte Macron f\u00eate ses 73 ans avec un tendre message d'hommage de sa fille Laurence, c\u00e9l\u00e9brant leur lien et son parcours inspirant.","breadcrumb":{"@id":"https:\/\/www.sebastien-auziere.fr\/blog\/de\/brigitte-macron-feiert-ihren-73-geburtstag-eine-liebevolle-hommage-von-ihrer-tochter-laurence\/#breadcrumb"},"inLanguage":"fr-FR","potentialAction":[{"@type":"ReadAction","target":["https:\/\/www.sebastien-auziere.fr\/blog\/de\/brigitte-macron-feiert-ihren-73-geburtstag-eine-liebevolle-hommage-von-ihrer-tochter-laurence\/"]}]},{"@type":"ImageObject","inLanguage":"fr-FR","@id":"https:\/\/www.sebastien-auziere.fr\/blog\/de\/brigitte-macron-feiert-ihren-73-geburtstag-eine-liebevolle-hommage-von-ihrer-tochter-laurence\/#primaryimage","url":"https:\/\/www.sebastien-auziere.fr\/blog\/wp-content\/uploads\/2026\/04\/Brigitte-Macron-celebre-ses-73-ans-un-tendre-message-hommage-de-sa-fille-Laurence.jpg","contentUrl":"https:\/\/www.sebastien-auziere.fr\/blog\/wp-content\/uploads\/2026\/04\/Brigitte-Macron-celebre-ses-73-ans-un-tendre-message-hommage-de-sa-fille-Laurence.jpg","width":2560,"height":1429,"caption":"d\u00e9couvrez comment brigitte macron f\u00eate ses 73 ans avec un touchant message d'hommage de sa fille laurence, c\u00e9l\u00e9brant son amour et sa complicit\u00e9."},{"@type":"BreadcrumbList","@id":"https:\/\/www.sebastien-auziere.fr\/blog\/de\/brigitte-macron-feiert-ihren-73-geburtstag-eine-liebevolle-hommage-von-ihrer-tochter-laurence\/#breadcrumb","itemListElement":[{"@type":"ListItem","position":1,"name":"Home","item":"https:\/\/www.sebastien-auziere.fr\/blog\/"},{"@type":"ListItem","position":2,"name":"Brigitte Macron feiert ihren 73. Geburtstag: eine liebevolle Hommage von ihrer Tochter Laurence"}]},{"@type":"WebSite","@id":"https:\/\/www.sebastien-auziere.fr\/blog\/#website","url":"https:\/\/www.sebastien-auziere.fr\/blog\/","name":"Fan site S\u00e9bastien Auzi\u00e8re","description":"M\u00e9dia g\u00e9n\u00e9raliste","publisher":{"@id":"https:\/\/www.sebastien-auziere.fr\/blog\/#organization"},"potentialAction":[{"@type":"SearchAction","target":{"@type":"EntryPoint","urlTemplate":"https:\/\/www.sebastien-auziere.fr\/blog\/?s={search_term_string}"},"query-input":{"@type":"PropertyValueSpecification","valueRequired":true,"valueName":"search_term_string"}}],"inLanguage":"fr-FR"},{"@type":"Organization","@id":"https:\/\/www.sebastien-auziere.fr\/blog\/#organization","name":"Fan site S\u00e9bastien Auzi\u00e8re","url":"https:\/\/www.sebastien-auziere.fr\/blog\/","logo":{"@type":"ImageObject","inLanguage":"fr-FR","@id":"https:\/\/www.sebastien-auziere.fr\/blog\/#\/schema\/logo\/image\/","url":"https:\/\/www.sebastien-auziere.fr\/blog\/wp-content\/uploads\/2026\/03\/cropped-cropped-cropped-ChatGPT-Image-6-mars-2026-12_58_09-e1772798376794.jpg","contentUrl":"https:\/\/www.sebastien-auziere.fr\/blog\/wp-content\/uploads\/2026\/03\/cropped-cropped-cropped-ChatGPT-Image-6-mars-2026-12_58_09-e1772798376794.jpg","width":512,"height":360,"caption":"Fan site S\u00e9bastien Auzi\u00e8re"},"image":{"@id":"https:\/\/www.sebastien-auziere.fr\/blog\/#\/schema\/logo\/image\/"}},{"@type":"Person","@id":"https:\/\/www.sebastien-auziere.fr\/blog\/#\/schema\/person\/149f1acdbfd85149c6c3e59adeae2f4d","name":"Chloe Gauthier","image":{"@type":"ImageObject","inLanguage":"fr-FR","@id":"https:\/\/secure.gravatar.com\/avatar\/2c5722f58171cff738a8985ef0dd66b476e563753246a49019befc837ec4201a?s=96&d=mm&r=g","url":"https:\/\/secure.gravatar.com\/avatar\/2c5722f58171cff738a8985ef0dd66b476e563753246a49019befc837ec4201a?s=96&d=mm&r=g","contentUrl":"https:\/\/secure.gravatar.com\/avatar\/2c5722f58171cff738a8985ef0dd66b476e563753246a49019befc837ec4201a?s=96&d=mm&r=g","caption":"Chloe Gauthier"},"description":"Passionn\u00e9e par la politique et admiratrice engag\u00e9e de la famille Macron, je consacre mon \u00e9nergie \u00e0 suivre leurs initiatives et \u00e0 promouvoir leurs id\u00e9es. \u00c0 32 ans, je suis convaincue que leur vision est porteuse d'avenir.","url":"https:\/\/www.sebastien-auziere.fr\/blog\/author\/chloe-gauthier\/"}]}},"views":1,"_links":{"self":[{"href":"https:\/\/www.sebastien-auziere.fr\/blog\/wp-json\/wp\/v2\/posts\/3066","targetHints":{"allow":["GET"]}}],"collection":[{"href":"https:\/\/www.sebastien-auziere.fr\/blog\/wp-json\/wp\/v2\/posts"}],"about":[{"href":"https:\/\/www.sebastien-auziere.fr\/blog\/wp-json\/wp\/v2\/types\/post"}],"author":[{"embeddable":true,"href":"https:\/\/www.sebastien-auziere.fr\/blog\/wp-json\/wp\/v2\/users\/9"}],"replies":[{"embeddable":true,"href":"https:\/\/www.sebastien-auziere.fr\/blog\/wp-json\/wp\/v2\/comments?post=3066"}],"version-history":[{"count":1,"href":"https:\/\/www.sebastien-auziere.fr\/blog\/wp-json\/wp\/v2\/posts\/3066\/revisions"}],"predecessor-version":[{"id":3067,"href":"https:\/\/www.sebastien-auziere.fr\/blog\/wp-json\/wp\/v2\/posts\/3066\/revisions\/3067"}],"wp:featuredmedia":[{"embeddable":true,"href":"https:\/\/www.sebastien-auziere.fr\/blog\/wp-json\/wp\/v2\/media\/3060"}],"wp:attachment":[{"href":"https:\/\/www.sebastien-auziere.fr\/blog\/wp-json\/wp\/v2\/media?parent=3066"}],"wp:term":[{"taxonomy":"category","embeddable":true,"href":"https:\/\/www.sebastien-auziere.fr\/blog\/wp-json\/wp\/v2\/categories?post=3066"},{"taxonomy":"post_tag","embeddable":true,"href":"https:\/\/www.sebastien-auziere.fr\/blog\/wp-json\/wp\/v2\/tags?post=3066"}],"curies":[{"name":"wp","href":"https:\/\/api.w.org\/{rel}","templated":true}]}}