{"id":3064,"date":"2026-04-16T07:14:30","date_gmt":"2026-04-16T07:14:30","guid":{"rendered":"https:\/\/www.sebastien-auziere.fr\/blog\/?p=3064"},"modified":"2026-04-16T07:14:52","modified_gmt":"2026-04-16T07:14:52","slug":"brigitte-macron-celebra-sus-73-anos-un-tierno-mensaje-homenaje-de-su-hija-laurence","status":"publish","type":"post","link":"https:\/\/www.sebastien-auziere.fr\/blog\/es\/brigitte-macron-celebra-sus-73-anos-un-tierno-mensaje-homenaje-de-su-hija-laurence\/","title":{"rendered":"Brigitte Macron celebra sus 73 a\u00f1os: un tierno mensaje homenaje de su hija Laurence"},"content":{"rendered":"<p>\u00a1Qu\u00e9 hermoso momento compartido! Este lunes 13 de abril, <strong>Brigitte Macron<\/strong> celebr\u00f3 sus <strong>73 a\u00f1os<\/strong> y su <strong>hija Laurence<\/strong> le envi\u00f3 un <strong>tierno mensaje<\/strong> en una historia de Instagram, acompa\u00f1ado de una foto c\u00f3mplice y de la m\u00fasica <strong>Veridis Quo<\/strong> de Daft Punk. El mensaje sobrio \u00ab\u00a0Feliz cumplea\u00f1os mam\u00e1\u00a0\u00bb fue compartido por varios medios de comunicaci\u00f3n y subray\u00f3 la <strong>celebraci\u00f3n<\/strong> \u00edntima en el coraz\u00f3n de la <strong>familia<\/strong>.<\/p>\n\n<h2 class=\"wp-block-heading\">El mensaje de Laurence: sobriedad y emoci\u00f3n<\/h2>\n\n<p>En la historia compartida el 13 de abril, <strong>Laurence Auzi\u00e8re<\/strong> publica una imagen de madre e hija sonriendo y comenta simplemente \u00ab\u00a0Feliz cumplea\u00f1os mam\u00e1\u00a0\u00bb. La publicaci\u00f3n, intencionadamente ef\u00edmera, mezcla discreci\u00f3n y emoci\u00f3n, con la m\u00fasica elegida a\u00f1adiendo un toque festivo. Las plataformas como <a href=\"https:\/\/cultinfos.com\/buzz\/1574982-brigitte-macron-fete-73-ans-fille-laurence-lui-dedie-un-adorable-message\">Cultinfos<\/a> y <a href=\"https:\/\/www.msn.com\/fr-fr\/divertissement\/celebrites\/brigitte-macron-f%C3%AAte-ses-73-ans-sa-fille-laurence-lui-d%C3%A9die-un-adorable-message\/ar-AA20MFej\">MSN<\/a> han difundido este homenaje, prueba de que la <strong>ternura<\/strong> familiar toca ampliamente al p\u00fablico. Es un recordatorio de la importancia del <strong>amor maternal<\/strong>.<\/p>\n\n<h2 class=\"wp-block-heading\">Recuerdos compartidos: una relaci\u00f3n documentada<\/h2>\n\n<p>Los lazos entre Brigitte, Laurence y Emmanuel Macron han sido mencionados en varios libros, incluyendo <strong>Accr\u00e9dit\u00e9e<\/strong> de Ania Nussbaum, que reporta testimonios de antiguos profesores. Laurence fue compa\u00f1era de clase de Emmanuel, un contexto a menudo recordado en las historias sobre la familia. Para profundizar en este \u00e1ngulo biogr\u00e1fico, tambi\u00e9n se pueden consultar retratos publicados por la prensa especializada y archivos p\u00fablicos. Este contexto da profundidad a este <strong>homenaje<\/strong>.<\/p>\n\n<h2 class=\"wp-block-heading\">Laurence, artista discreta y presencia leal<\/h2>\n\n<p>Artista y reservada, <strong>Laurence<\/strong> comparte la vida de un artista y participa en exposiciones, manteniendo siempre una fuerte protecci\u00f3n de su esfera privada. Los medios han notado su presencia ocasional durante las <strong>celebraciones<\/strong> familiares y sus homenajes p\u00fablicos, siempre sobrios. Para saber m\u00e1s sobre su trayectoria art\u00edstica y sus elecciones de seud\u00f3nimo, hay un art\u00edculo detallado disponible en <a href=\"https:\/\/www.mariefrance.fr\/news-people\/brigitte-macron-fille-laurence-auziere-artiste-choisi-ville-francaise-comme-pseudonyme-1104770.html\">Marie France<\/a>. Esta discreci\u00f3n refuerza el valor de su gesto de cumplea\u00f1os.<\/p>\n\n<h3 class=\"wp-block-heading\">Im\u00e1genes p\u00fablicas y rituales de cumplea\u00f1os<\/h3>\n\n<p>Los cumplea\u00f1os de la Primera dama suelen celebrarse en un c\u00edrculo reducido, marcados por fotograf\u00edas familiares y apariciones p\u00fablicas notables desde 2017. Los \u00e1lbumes de prensa documentan su estilo en eventos oficiales y viajes de Estado, subrayando que estos momentos privados a veces resuenan en la vida p\u00fablica. El homenaje de Laurence ilustra esta dualidad entre vida \u00edntima y rol p\u00fablico.<\/p>\n\n<p>Para descubrir m\u00e1s sobre <strong>S\u00e9bastien Auzi\u00e8re<\/strong> y la <strong>familia Macron<\/strong>, consulta los archivos y an\u00e1lisis disponibles en <a href=\"https:\/\/www.sebastien-auziere.fr\/blog\/macron-visite-vatican\/\">los art\u00edculos dedicados<\/a> y sum\u00e9rgete en las historias familiares presentes en <a href=\"https:\/\/www.sebastien-auziere.fr\/blog\/brigitte-macron-vatican\/\">sebastien-auziere.fr<\/a> para seguir los compromisos p\u00fablicos y los momentos de vida que han moldeado a esta familia.<\/p>","protected":false},"excerpt":{"rendered":"<p>\u00a1Qu\u00e9 hermoso momento compartido! Este lunes 13 de abril, Brigitte Macron celebr\u00f3 sus 73 a\u00f1os y su hija Laurence le envi\u00f3 un tierno mensaje en una historia de Instagram, acompa\u00f1ado de una foto c\u00f3mplice y de la m\u00fasica Veridis Quo de Daft Punk. El mensaje sobrio \u00ab\u00a0Feliz cumplea\u00f1os mam\u00e1\u00a0\u00bb fue compartido por varios medios de &#8230; <a title=\"Brigitte Macron celebra sus 73 a\u00f1os: un tierno mensaje homenaje de su hija Laurence\" class=\"read-more\" href=\"https:\/\/www.sebastien-auziere.fr\/blog\/es\/brigitte-macron-celebra-sus-73-anos-un-tierno-mensaje-homenaje-de-su-hija-laurence\/\" aria-label=\"En savoir plus sur Brigitte Macron celebra sus 73 a\u00f1os: un tierno mensaje homenaje de su hija Laurence\">Lire plus<\/a><\/p>\n","protected":false},"author":9,"featured_media":3060,"comment_status":"open","ping_status":"open","sticky":false,"template":"","format":"standard","meta":{"footnotes":""},"categories":[820],"tags":[3084,3087,914,3090,3093],"class_list":["post-3064","post","type-post","status-publish","format-standard","has-post-thumbnail","hentry","category-actualidades-es","tag-aniversario-brigitte-macron-es","tag-ans-brigitte-macron-es","tag-brigitte-macron-es","tag-laurence-macron-es","tag-mensaje-homenaje-es"],"yoast_head":"<!-- This site is optimized with the Yoast SEO plugin v27.5 - https:\/\/yoast.com\/product\/yoast-seo-wordpress\/ -->\n<title>Brigitte Macron celebra sus 73 a\u00f1os: un tierno mensaje homenaje de su hija Laurence - Fan site S\u00e9bastien Auzi\u00e8re<\/title>\n<meta name=\"description\" content=\"Brigitte Macron f\u00eate ses 73 ans avec un tendre message d&#039;hommage de sa fille Laurence, c\u00e9l\u00e9brant leur lien et son parcours inspirant.\" \/>\n<meta name=\"robots\" content=\"index, follow, max-snippet:-1, max-image-preview:large, max-video-preview:-1\" \/>\n<link rel=\"canonical\" href=\"https:\/\/www.sebastien-auziere.fr\/blog\/es\/brigitte-macron-celebra-sus-73-anos-un-tierno-mensaje-homenaje-de-su-hija-laurence\/\" \/>\n<meta property=\"og:locale\" content=\"fr_FR\" \/>\n<meta property=\"og:type\" content=\"article\" \/>\n<meta property=\"og:title\" content=\"Brigitte Macron celebra sus 73 a\u00f1os: un tierno mensaje homenaje de su hija Laurence - Fan site S\u00e9bastien Auzi\u00e8re\" \/>\n<meta property=\"og:description\" content=\"Brigitte Macron f\u00eate ses 73 ans avec un tendre message d&#039;hommage de sa fille Laurence, c\u00e9l\u00e9brant leur lien et son parcours inspirant.\" \/>\n<meta property=\"og:url\" content=\"https:\/\/www.sebastien-auziere.fr\/blog\/es\/brigitte-macron-celebra-sus-73-anos-un-tierno-mensaje-homenaje-de-su-hija-laurence\/\" \/>\n<meta property=\"og:site_name\" content=\"Fan site S\u00e9bastien Auzi\u00e8re\" \/>\n<meta property=\"article:published_time\" content=\"2026-04-16T07:14:30+00:00\" \/>\n<meta property=\"article:modified_time\" content=\"2026-04-16T07:14:52+00:00\" \/>\n<meta property=\"og:image\" content=\"https:\/\/www.sebastien-auziere.fr\/blog\/wp-content\/uploads\/2026\/04\/Brigitte-Macron-celebre-ses-73-ans-un-tendre-message-hommage-de-sa-fille-Laurence.jpg\" \/>\n\t<meta property=\"og:image:width\" content=\"2560\" \/>\n\t<meta property=\"og:image:height\" content=\"1429\" \/>\n\t<meta property=\"og:image:type\" content=\"image\/jpeg\" \/>\n<meta name=\"author\" content=\"Chloe Gauthier\" \/>\n<meta name=\"twitter:card\" content=\"summary_large_image\" \/>\n<meta name=\"twitter:label1\" content=\"\u00c9crit par\" \/>\n\t<meta name=\"twitter:data1\" content=\"Chloe Gauthier\" \/>\n\t<meta name=\"twitter:label2\" content=\"Dur\u00e9e de lecture estim\u00e9e\" \/>\n\t<meta name=\"twitter:data2\" content=\"2 minutes\" \/>\n<script type=\"application\/ld+json\" class=\"yoast-schema-graph\">{\"@context\":\"https:\\\/\\\/schema.org\",\"@graph\":[{\"@type\":\"Article\",\"@id\":\"https:\\\/\\\/www.sebastien-auziere.fr\\\/blog\\\/es\\\/brigitte-macron-celebra-sus-73-anos-un-tierno-mensaje-homenaje-de-su-hija-laurence\\\/#article\",\"isPartOf\":{\"@id\":\"https:\\\/\\\/www.sebastien-auziere.fr\\\/blog\\\/es\\\/brigitte-macron-celebra-sus-73-anos-un-tierno-mensaje-homenaje-de-su-hija-laurence\\\/\"},\"author\":{\"name\":\"Chloe Gauthier\",\"@id\":\"https:\\\/\\\/www.sebastien-auziere.fr\\\/blog\\\/#\\\/schema\\\/person\\\/149f1acdbfd85149c6c3e59adeae2f4d\"},\"headline\":\"Brigitte Macron celebra sus 73 a\u00f1os: un tierno mensaje homenaje de su hija Laurence\",\"datePublished\":\"2026-04-16T07:14:30+00:00\",\"dateModified\":\"2026-04-16T07:14:52+00:00\",\"mainEntityOfPage\":{\"@id\":\"https:\\\/\\\/www.sebastien-auziere.fr\\\/blog\\\/es\\\/brigitte-macron-celebra-sus-73-anos-un-tierno-mensaje-homenaje-de-su-hija-laurence\\\/\"},\"wordCount\":465,\"commentCount\":0,\"publisher\":{\"@id\":\"https:\\\/\\\/www.sebastien-auziere.fr\\\/blog\\\/#organization\"},\"image\":{\"@id\":\"https:\\\/\\\/www.sebastien-auziere.fr\\\/blog\\\/es\\\/brigitte-macron-celebra-sus-73-anos-un-tierno-mensaje-homenaje-de-su-hija-laurence\\\/#primaryimage\"},\"thumbnailUrl\":\"https:\\\/\\\/www.sebastien-auziere.fr\\\/blog\\\/wp-content\\\/uploads\\\/2026\\\/04\\\/Brigitte-Macron-celebre-ses-73-ans-un-tendre-message-hommage-de-sa-fille-Laurence.jpg\",\"keywords\":[\"aniversario brigitte macron\",\"ans brigitte macron\",\"brigitte macron\",\"laurence macron\",\"mensaje homenaje\"],\"articleSection\":[\"Actualidades\"],\"inLanguage\":\"fr-FR\",\"potentialAction\":[{\"@type\":\"CommentAction\",\"name\":\"Comment\",\"target\":[\"https:\\\/\\\/www.sebastien-auziere.fr\\\/blog\\\/es\\\/brigitte-macron-celebra-sus-73-anos-un-tierno-mensaje-homenaje-de-su-hija-laurence\\\/#respond\"]}]},{\"@type\":\"WebPage\",\"@id\":\"https:\\\/\\\/www.sebastien-auziere.fr\\\/blog\\\/es\\\/brigitte-macron-celebra-sus-73-anos-un-tierno-mensaje-homenaje-de-su-hija-laurence\\\/\",\"url\":\"https:\\\/\\\/www.sebastien-auziere.fr\\\/blog\\\/es\\\/brigitte-macron-celebra-sus-73-anos-un-tierno-mensaje-homenaje-de-su-hija-laurence\\\/\",\"name\":\"Brigitte Macron celebra sus 73 a\u00f1os: un tierno mensaje homenaje de su hija Laurence - Fan site S\u00e9bastien Auzi\u00e8re\",\"isPartOf\":{\"@id\":\"https:\\\/\\\/www.sebastien-auziere.fr\\\/blog\\\/#website\"},\"primaryImageOfPage\":{\"@id\":\"https:\\\/\\\/www.sebastien-auziere.fr\\\/blog\\\/es\\\/brigitte-macron-celebra-sus-73-anos-un-tierno-mensaje-homenaje-de-su-hija-laurence\\\/#primaryimage\"},\"image\":{\"@id\":\"https:\\\/\\\/www.sebastien-auziere.fr\\\/blog\\\/es\\\/brigitte-macron-celebra-sus-73-anos-un-tierno-mensaje-homenaje-de-su-hija-laurence\\\/#primaryimage\"},\"thumbnailUrl\":\"https:\\\/\\\/www.sebastien-auziere.fr\\\/blog\\\/wp-content\\\/uploads\\\/2026\\\/04\\\/Brigitte-Macron-celebre-ses-73-ans-un-tendre-message-hommage-de-sa-fille-Laurence.jpg\",\"datePublished\":\"2026-04-16T07:14:30+00:00\",\"dateModified\":\"2026-04-16T07:14:52+00:00\",\"description\":\"Brigitte Macron f\u00eate ses 73 ans avec un tendre message d'hommage de sa fille Laurence, c\u00e9l\u00e9brant leur lien et son parcours inspirant.\",\"breadcrumb\":{\"@id\":\"https:\\\/\\\/www.sebastien-auziere.fr\\\/blog\\\/es\\\/brigitte-macron-celebra-sus-73-anos-un-tierno-mensaje-homenaje-de-su-hija-laurence\\\/#breadcrumb\"},\"inLanguage\":\"fr-FR\",\"potentialAction\":[{\"@type\":\"ReadAction\",\"target\":[\"https:\\\/\\\/www.sebastien-auziere.fr\\\/blog\\\/es\\\/brigitte-macron-celebra-sus-73-anos-un-tierno-mensaje-homenaje-de-su-hija-laurence\\\/\"]}]},{\"@type\":\"ImageObject\",\"inLanguage\":\"fr-FR\",\"@id\":\"https:\\\/\\\/www.sebastien-auziere.fr\\\/blog\\\/es\\\/brigitte-macron-celebra-sus-73-anos-un-tierno-mensaje-homenaje-de-su-hija-laurence\\\/#primaryimage\",\"url\":\"https:\\\/\\\/www.sebastien-auziere.fr\\\/blog\\\/wp-content\\\/uploads\\\/2026\\\/04\\\/Brigitte-Macron-celebre-ses-73-ans-un-tendre-message-hommage-de-sa-fille-Laurence.jpg\",\"contentUrl\":\"https:\\\/\\\/www.sebastien-auziere.fr\\\/blog\\\/wp-content\\\/uploads\\\/2026\\\/04\\\/Brigitte-Macron-celebre-ses-73-ans-un-tendre-message-hommage-de-sa-fille-Laurence.jpg\",\"width\":2560,\"height\":1429,\"caption\":\"d\u00e9couvrez comment brigitte macron f\u00eate ses 73 ans avec un touchant message d'hommage de sa fille laurence, c\u00e9l\u00e9brant son amour et sa complicit\u00e9.\"},{\"@type\":\"BreadcrumbList\",\"@id\":\"https:\\\/\\\/www.sebastien-auziere.fr\\\/blog\\\/es\\\/brigitte-macron-celebra-sus-73-anos-un-tierno-mensaje-homenaje-de-su-hija-laurence\\\/#breadcrumb\",\"itemListElement\":[{\"@type\":\"ListItem\",\"position\":1,\"name\":\"Home\",\"item\":\"https:\\\/\\\/www.sebastien-auziere.fr\\\/blog\\\/\"},{\"@type\":\"ListItem\",\"position\":2,\"name\":\"Brigitte Macron celebra sus 73 a\u00f1os: un tierno mensaje homenaje de su hija Laurence\"}]},{\"@type\":\"WebSite\",\"@id\":\"https:\\\/\\\/www.sebastien-auziere.fr\\\/blog\\\/#website\",\"url\":\"https:\\\/\\\/www.sebastien-auziere.fr\\\/blog\\\/\",\"name\":\"Fan site S\u00e9bastien Auzi\u00e8re\",\"description\":\"M\u00e9dia g\u00e9n\u00e9raliste\",\"publisher\":{\"@id\":\"https:\\\/\\\/www.sebastien-auziere.fr\\\/blog\\\/#organization\"},\"potentialAction\":[{\"@type\":\"SearchAction\",\"target\":{\"@type\":\"EntryPoint\",\"urlTemplate\":\"https:\\\/\\\/www.sebastien-auziere.fr\\\/blog\\\/?s={search_term_string}\"},\"query-input\":{\"@type\":\"PropertyValueSpecification\",\"valueRequired\":true,\"valueName\":\"search_term_string\"}}],\"inLanguage\":\"fr-FR\"},{\"@type\":\"Organization\",\"@id\":\"https:\\\/\\\/www.sebastien-auziere.fr\\\/blog\\\/#organization\",\"name\":\"Fan site S\u00e9bastien Auzi\u00e8re\",\"url\":\"https:\\\/\\\/www.sebastien-auziere.fr\\\/blog\\\/\",\"logo\":{\"@type\":\"ImageObject\",\"inLanguage\":\"fr-FR\",\"@id\":\"https:\\\/\\\/www.sebastien-auziere.fr\\\/blog\\\/#\\\/schema\\\/logo\\\/image\\\/\",\"url\":\"https:\\\/\\\/www.sebastien-auziere.fr\\\/blog\\\/wp-content\\\/uploads\\\/2026\\\/03\\\/cropped-cropped-cropped-ChatGPT-Image-6-mars-2026-12_58_09-e1772798376794.jpg\",\"contentUrl\":\"https:\\\/\\\/www.sebastien-auziere.fr\\\/blog\\\/wp-content\\\/uploads\\\/2026\\\/03\\\/cropped-cropped-cropped-ChatGPT-Image-6-mars-2026-12_58_09-e1772798376794.jpg\",\"width\":512,\"height\":360,\"caption\":\"Fan site S\u00e9bastien Auzi\u00e8re\"},\"image\":{\"@id\":\"https:\\\/\\\/www.sebastien-auziere.fr\\\/blog\\\/#\\\/schema\\\/logo\\\/image\\\/\"}},{\"@type\":\"Person\",\"@id\":\"https:\\\/\\\/www.sebastien-auziere.fr\\\/blog\\\/#\\\/schema\\\/person\\\/149f1acdbfd85149c6c3e59adeae2f4d\",\"name\":\"Chloe Gauthier\",\"image\":{\"@type\":\"ImageObject\",\"inLanguage\":\"fr-FR\",\"@id\":\"https:\\\/\\\/secure.gravatar.com\\\/avatar\\\/2c5722f58171cff738a8985ef0dd66b476e563753246a49019befc837ec4201a?s=96&d=mm&r=g\",\"url\":\"https:\\\/\\\/secure.gravatar.com\\\/avatar\\\/2c5722f58171cff738a8985ef0dd66b476e563753246a49019befc837ec4201a?s=96&d=mm&r=g\",\"contentUrl\":\"https:\\\/\\\/secure.gravatar.com\\\/avatar\\\/2c5722f58171cff738a8985ef0dd66b476e563753246a49019befc837ec4201a?s=96&d=mm&r=g\",\"caption\":\"Chloe Gauthier\"},\"description\":\"Passionn\u00e9e par la politique et admiratrice engag\u00e9e de la famille Macron, je consacre mon \u00e9nergie \u00e0 suivre leurs initiatives et \u00e0 promouvoir leurs id\u00e9es. \u00c0 32 ans, je suis convaincue que leur vision est porteuse d'avenir.\",\"url\":\"https:\\\/\\\/www.sebastien-auziere.fr\\\/blog\\\/author\\\/chloe-gauthier\\\/\"}]}<\/script>\n<!-- \/ Yoast SEO plugin. -->","yoast_head_json":{"title":"Brigitte Macron celebra sus 73 a\u00f1os: un tierno mensaje homenaje de su hija Laurence - Fan site S\u00e9bastien Auzi\u00e8re","description":"Brigitte Macron f\u00eate ses 73 ans avec un tendre message d'hommage de sa fille Laurence, c\u00e9l\u00e9brant leur lien et son parcours inspirant.","robots":{"index":"index","follow":"follow","max-snippet":"max-snippet:-1","max-image-preview":"max-image-preview:large","max-video-preview":"max-video-preview:-1"},"canonical":"https:\/\/www.sebastien-auziere.fr\/blog\/es\/brigitte-macron-celebra-sus-73-anos-un-tierno-mensaje-homenaje-de-su-hija-laurence\/","og_locale":"fr_FR","og_type":"article","og_title":"Brigitte Macron celebra sus 73 a\u00f1os: un tierno mensaje homenaje de su hija Laurence - Fan site S\u00e9bastien Auzi\u00e8re","og_description":"Brigitte Macron f\u00eate ses 73 ans avec un tendre message d'hommage de sa fille Laurence, c\u00e9l\u00e9brant leur lien et son parcours inspirant.","og_url":"https:\/\/www.sebastien-auziere.fr\/blog\/es\/brigitte-macron-celebra-sus-73-anos-un-tierno-mensaje-homenaje-de-su-hija-laurence\/","og_site_name":"Fan site S\u00e9bastien Auzi\u00e8re","article_published_time":"2026-04-16T07:14:30+00:00","article_modified_time":"2026-04-16T07:14:52+00:00","og_image":[{"width":2560,"height":1429,"url":"https:\/\/www.sebastien-auziere.fr\/blog\/wp-content\/uploads\/2026\/04\/Brigitte-Macron-celebre-ses-73-ans-un-tendre-message-hommage-de-sa-fille-Laurence.jpg","type":"image\/jpeg"}],"author":"Chloe Gauthier","twitter_card":"summary_large_image","twitter_misc":{"\u00c9crit par":"Chloe Gauthier","Dur\u00e9e de lecture estim\u00e9e":"2 minutes"},"schema":{"@context":"https:\/\/schema.org","@graph":[{"@type":"Article","@id":"https:\/\/www.sebastien-auziere.fr\/blog\/es\/brigitte-macron-celebra-sus-73-anos-un-tierno-mensaje-homenaje-de-su-hija-laurence\/#article","isPartOf":{"@id":"https:\/\/www.sebastien-auziere.fr\/blog\/es\/brigitte-macron-celebra-sus-73-anos-un-tierno-mensaje-homenaje-de-su-hija-laurence\/"},"author":{"name":"Chloe Gauthier","@id":"https:\/\/www.sebastien-auziere.fr\/blog\/#\/schema\/person\/149f1acdbfd85149c6c3e59adeae2f4d"},"headline":"Brigitte Macron celebra sus 73 a\u00f1os: un tierno mensaje homenaje de su hija Laurence","datePublished":"2026-04-16T07:14:30+00:00","dateModified":"2026-04-16T07:14:52+00:00","mainEntityOfPage":{"@id":"https:\/\/www.sebastien-auziere.fr\/blog\/es\/brigitte-macron-celebra-sus-73-anos-un-tierno-mensaje-homenaje-de-su-hija-laurence\/"},"wordCount":465,"commentCount":0,"publisher":{"@id":"https:\/\/www.sebastien-auziere.fr\/blog\/#organization"},"image":{"@id":"https:\/\/www.sebastien-auziere.fr\/blog\/es\/brigitte-macron-celebra-sus-73-anos-un-tierno-mensaje-homenaje-de-su-hija-laurence\/#primaryimage"},"thumbnailUrl":"https:\/\/www.sebastien-auziere.fr\/blog\/wp-content\/uploads\/2026\/04\/Brigitte-Macron-celebre-ses-73-ans-un-tendre-message-hommage-de-sa-fille-Laurence.jpg","keywords":["aniversario brigitte macron","ans brigitte macron","brigitte macron","laurence macron","mensaje homenaje"],"articleSection":["Actualidades"],"inLanguage":"fr-FR","potentialAction":[{"@type":"CommentAction","name":"Comment","target":["https:\/\/www.sebastien-auziere.fr\/blog\/es\/brigitte-macron-celebra-sus-73-anos-un-tierno-mensaje-homenaje-de-su-hija-laurence\/#respond"]}]},{"@type":"WebPage","@id":"https:\/\/www.sebastien-auziere.fr\/blog\/es\/brigitte-macron-celebra-sus-73-anos-un-tierno-mensaje-homenaje-de-su-hija-laurence\/","url":"https:\/\/www.sebastien-auziere.fr\/blog\/es\/brigitte-macron-celebra-sus-73-anos-un-tierno-mensaje-homenaje-de-su-hija-laurence\/","name":"Brigitte Macron celebra sus 73 a\u00f1os: un tierno mensaje homenaje de su hija Laurence - Fan site S\u00e9bastien Auzi\u00e8re","isPartOf":{"@id":"https:\/\/www.sebastien-auziere.fr\/blog\/#website"},"primaryImageOfPage":{"@id":"https:\/\/www.sebastien-auziere.fr\/blog\/es\/brigitte-macron-celebra-sus-73-anos-un-tierno-mensaje-homenaje-de-su-hija-laurence\/#primaryimage"},"image":{"@id":"https:\/\/www.sebastien-auziere.fr\/blog\/es\/brigitte-macron-celebra-sus-73-anos-un-tierno-mensaje-homenaje-de-su-hija-laurence\/#primaryimage"},"thumbnailUrl":"https:\/\/www.sebastien-auziere.fr\/blog\/wp-content\/uploads\/2026\/04\/Brigitte-Macron-celebre-ses-73-ans-un-tendre-message-hommage-de-sa-fille-Laurence.jpg","datePublished":"2026-04-16T07:14:30+00:00","dateModified":"2026-04-16T07:14:52+00:00","description":"Brigitte Macron f\u00eate ses 73 ans avec un tendre message d'hommage de sa fille Laurence, c\u00e9l\u00e9brant leur lien et son parcours inspirant.","breadcrumb":{"@id":"https:\/\/www.sebastien-auziere.fr\/blog\/es\/brigitte-macron-celebra-sus-73-anos-un-tierno-mensaje-homenaje-de-su-hija-laurence\/#breadcrumb"},"inLanguage":"fr-FR","potentialAction":[{"@type":"ReadAction","target":["https:\/\/www.sebastien-auziere.fr\/blog\/es\/brigitte-macron-celebra-sus-73-anos-un-tierno-mensaje-homenaje-de-su-hija-laurence\/"]}]},{"@type":"ImageObject","inLanguage":"fr-FR","@id":"https:\/\/www.sebastien-auziere.fr\/blog\/es\/brigitte-macron-celebra-sus-73-anos-un-tierno-mensaje-homenaje-de-su-hija-laurence\/#primaryimage","url":"https:\/\/www.sebastien-auziere.fr\/blog\/wp-content\/uploads\/2026\/04\/Brigitte-Macron-celebre-ses-73-ans-un-tendre-message-hommage-de-sa-fille-Laurence.jpg","contentUrl":"https:\/\/www.sebastien-auziere.fr\/blog\/wp-content\/uploads\/2026\/04\/Brigitte-Macron-celebre-ses-73-ans-un-tendre-message-hommage-de-sa-fille-Laurence.jpg","width":2560,"height":1429,"caption":"d\u00e9couvrez comment brigitte macron f\u00eate ses 73 ans avec un touchant message d'hommage de sa fille laurence, c\u00e9l\u00e9brant son amour et sa complicit\u00e9."},{"@type":"BreadcrumbList","@id":"https:\/\/www.sebastien-auziere.fr\/blog\/es\/brigitte-macron-celebra-sus-73-anos-un-tierno-mensaje-homenaje-de-su-hija-laurence\/#breadcrumb","itemListElement":[{"@type":"ListItem","position":1,"name":"Home","item":"https:\/\/www.sebastien-auziere.fr\/blog\/"},{"@type":"ListItem","position":2,"name":"Brigitte Macron celebra sus 73 a\u00f1os: un tierno mensaje homenaje de su hija Laurence"}]},{"@type":"WebSite","@id":"https:\/\/www.sebastien-auziere.fr\/blog\/#website","url":"https:\/\/www.sebastien-auziere.fr\/blog\/","name":"Fan site S\u00e9bastien Auzi\u00e8re","description":"M\u00e9dia g\u00e9n\u00e9raliste","publisher":{"@id":"https:\/\/www.sebastien-auziere.fr\/blog\/#organization"},"potentialAction":[{"@type":"SearchAction","target":{"@type":"EntryPoint","urlTemplate":"https:\/\/www.sebastien-auziere.fr\/blog\/?s={search_term_string}"},"query-input":{"@type":"PropertyValueSpecification","valueRequired":true,"valueName":"search_term_string"}}],"inLanguage":"fr-FR"},{"@type":"Organization","@id":"https:\/\/www.sebastien-auziere.fr\/blog\/#organization","name":"Fan site S\u00e9bastien Auzi\u00e8re","url":"https:\/\/www.sebastien-auziere.fr\/blog\/","logo":{"@type":"ImageObject","inLanguage":"fr-FR","@id":"https:\/\/www.sebastien-auziere.fr\/blog\/#\/schema\/logo\/image\/","url":"https:\/\/www.sebastien-auziere.fr\/blog\/wp-content\/uploads\/2026\/03\/cropped-cropped-cropped-ChatGPT-Image-6-mars-2026-12_58_09-e1772798376794.jpg","contentUrl":"https:\/\/www.sebastien-auziere.fr\/blog\/wp-content\/uploads\/2026\/03\/cropped-cropped-cropped-ChatGPT-Image-6-mars-2026-12_58_09-e1772798376794.jpg","width":512,"height":360,"caption":"Fan site S\u00e9bastien Auzi\u00e8re"},"image":{"@id":"https:\/\/www.sebastien-auziere.fr\/blog\/#\/schema\/logo\/image\/"}},{"@type":"Person","@id":"https:\/\/www.sebastien-auziere.fr\/blog\/#\/schema\/person\/149f1acdbfd85149c6c3e59adeae2f4d","name":"Chloe Gauthier","image":{"@type":"ImageObject","inLanguage":"fr-FR","@id":"https:\/\/secure.gravatar.com\/avatar\/2c5722f58171cff738a8985ef0dd66b476e563753246a49019befc837ec4201a?s=96&d=mm&r=g","url":"https:\/\/secure.gravatar.com\/avatar\/2c5722f58171cff738a8985ef0dd66b476e563753246a49019befc837ec4201a?s=96&d=mm&r=g","contentUrl":"https:\/\/secure.gravatar.com\/avatar\/2c5722f58171cff738a8985ef0dd66b476e563753246a49019befc837ec4201a?s=96&d=mm&r=g","caption":"Chloe Gauthier"},"description":"Passionn\u00e9e par la politique et admiratrice engag\u00e9e de la famille Macron, je consacre mon \u00e9nergie \u00e0 suivre leurs initiatives et \u00e0 promouvoir leurs id\u00e9es. \u00c0 32 ans, je suis convaincue que leur vision est porteuse d'avenir.","url":"https:\/\/www.sebastien-auziere.fr\/blog\/author\/chloe-gauthier\/"}]}},"views":0,"_links":{"self":[{"href":"https:\/\/www.sebastien-auziere.fr\/blog\/wp-json\/wp\/v2\/posts\/3064","targetHints":{"allow":["GET"]}}],"collection":[{"href":"https:\/\/www.sebastien-auziere.fr\/blog\/wp-json\/wp\/v2\/posts"}],"about":[{"href":"https:\/\/www.sebastien-auziere.fr\/blog\/wp-json\/wp\/v2\/types\/post"}],"author":[{"embeddable":true,"href":"https:\/\/www.sebastien-auziere.fr\/blog\/wp-json\/wp\/v2\/users\/9"}],"replies":[{"embeddable":true,"href":"https:\/\/www.sebastien-auziere.fr\/blog\/wp-json\/wp\/v2\/comments?post=3064"}],"version-history":[{"count":1,"href":"https:\/\/www.sebastien-auziere.fr\/blog\/wp-json\/wp\/v2\/posts\/3064\/revisions"}],"predecessor-version":[{"id":3065,"href":"https:\/\/www.sebastien-auziere.fr\/blog\/wp-json\/wp\/v2\/posts\/3064\/revisions\/3065"}],"wp:featuredmedia":[{"embeddable":true,"href":"https:\/\/www.sebastien-auziere.fr\/blog\/wp-json\/wp\/v2\/media\/3060"}],"wp:attachment":[{"href":"https:\/\/www.sebastien-auziere.fr\/blog\/wp-json\/wp\/v2\/media?parent=3064"}],"wp:term":[{"taxonomy":"category","embeddable":true,"href":"https:\/\/www.sebastien-auziere.fr\/blog\/wp-json\/wp\/v2\/categories?post=3064"},{"taxonomy":"post_tag","embeddable":true,"href":"https:\/\/www.sebastien-auziere.fr\/blog\/wp-json\/wp\/v2\/tags?post=3064"}],"curies":[{"name":"wp","href":"https:\/\/api.w.org\/{rel}","templated":true}]}}