{"id":3062,"date":"2026-04-16T07:14:06","date_gmt":"2026-04-16T07:14:06","guid":{"rendered":"https:\/\/www.sebastien-auziere.fr\/blog\/?p=3062"},"modified":"2026-04-16T07:14:29","modified_gmt":"2026-04-16T07:14:29","slug":"brigitte-macron-celebrates-her-73rd-birthday-a-tender-tribute-message-from-her-daughter-laurence","status":"publish","type":"post","link":"https:\/\/www.sebastien-auziere.fr\/blog\/en\/brigitte-macron-celebrates-her-73rd-birthday-a-tender-tribute-message-from-her-daughter-laurence\/","title":{"rendered":"Brigitte Macron celebrates her 73rd birthday: a tender tribute message from her daughter Laurence"},"content":{"rendered":"<p>What a beautiful moment shared! This Monday, April 13, <strong>Brigitte Macron<\/strong> celebrated her <strong>73rd birthday<\/strong>, and her <strong>daughter Laurence<\/strong> sent her a <strong>tender message<\/strong> on Instagram stories, accompanied by a playful photo and the music <strong>Veridis Quo<\/strong> by Daft Punk. The simple message \u201cHappy birthday mom\u201d was relayed by several media outlets and highlighted the <strong>intimate celebration<\/strong> at the heart of the <strong>family<\/strong>.<\/p>\n\n<h2 class=\"wp-block-heading\">The message from Laurence: simplicity and emotion<\/h2>\n\n<p>On the story shared on April 13, <strong>Laurence Auzi\u00e8re<\/strong> published a smiling mother-daughter snapshot and simply commented \u201cHappy birthday mom\u201d. The post, intentionally ephemeral, combines discretion and emotion, with the chosen music adding a festive touch. Platforms like <a href=\"https:\/\/cultinfos.com\/buzz\/1574982-brigitte-macron-fete-73-ans-fille-laurence-lui-dedie-un-adorable-message\">Cultinfos<\/a> and <a href=\"https:\/\/www.msn.com\/fr-fr\/divertissement\/celebrites\/brigitte-macron-f%C3%AAte-ses-73-ans-sa-fille-laurence-lui-d%C3%A9die-un-adorable-message\/ar-AA20MFej\">MSN<\/a> have shared this tribute, evidence that <strong>family tenderness<\/strong> resonates widely with the public. It is a reminder of the importance of <strong>maternal love<\/strong>.<\/p>\n\n<h2 class=\"wp-block-heading\">Shared memories: a documented relationship<\/h2>\n\n<p>The bonds between Brigitte, Laurence, and Emmanuel Macron have been mentioned in several works, including <strong>Accr\u00e9dit\u00e9e<\/strong> by Ania Nussbaum, which recounts testimonies from former teachers. Laurence was classmates with Emmanuel, a context often recalled in narratives about the family. To delve deeper into this biographical angle, one may also consult portraits published by the specialized press and public archives. This context adds depth to this <strong>tribute<\/strong>.<\/p>\n\n<h2 class=\"wp-block-heading\">Laurence, a discreet artist and a loyal presence<\/h2>\n\n<p>As an artist and a discreet individual, <strong>Laurence<\/strong> shares her life with an artist and participates in exhibitions, while remaining very protective of her private sphere. The media have noted her occasional presence at <strong>family celebrations<\/strong> and her public tributes, always understated. To learn more about her artistic journey and her choice of pseudonym, a detailed article is available on <a href=\"https:\/\/www.mariefrance.fr\/news-people\/brigitte-macron-fille-laurence-auziere-artiste-choisi-ville-francaise-comme-pseudonyme-1104770.html\">Marie France<\/a>. This discretion enhances the significance of her birthday gesture.<\/p>\n\n<h3 class=\"wp-block-heading\">Public images and birthday rituals<\/h3>\n\n<p>The birthdays of the First Lady are often celebrated in a small circle, marked by family photos and notable public appearances since 2017. Press albums document her style at official events and state visits, highlighting how these private moments sometimes resonate in public life. Laurence&rsquo;s tribute illustrates this duality between private life and public role.<\/p>\n\n<p>To discover more about <strong>S\u00e9bastien Auzi\u00e8re<\/strong> and the <strong>Macron family<\/strong>, check the archives and analyses available on <a href=\"https:\/\/www.sebastien-auziere.fr\/blog\/macron-visite-vatican\/\">the dedicated articles<\/a> and dive into the family stories present on <a href=\"https:\/\/www.sebastien-auziere.fr\/blog\/brigitte-macron-vatican\/\">sebastien-auziere.fr<\/a> to follow the public commitments and life moments that have shaped this family.<\/p>","protected":false},"excerpt":{"rendered":"<p>What a beautiful moment shared! This Monday, April 13, Brigitte Macron celebrated her 73rd birthday, and her daughter Laurence sent her a tender message on Instagram stories, accompanied by a playful photo and the music Veridis Quo by Daft Punk. The simple message \u201cHappy birthday mom\u201d was relayed by several media outlets and highlighted the &#8230; <a title=\"Brigitte Macron celebrates her 73rd birthday: a tender tribute message from her daughter Laurence\" class=\"read-more\" href=\"https:\/\/www.sebastien-auziere.fr\/blog\/en\/brigitte-macron-celebrates-her-73rd-birthday-a-tender-tribute-message-from-her-daughter-laurence\/\" aria-label=\"En savoir plus sur Brigitte Macron celebrates her 73rd birthday: a tender tribute message from her daughter Laurence\">Lire plus<\/a><\/p>\n","protected":false},"author":9,"featured_media":3060,"comment_status":"open","ping_status":"open","sticky":false,"template":"","format":"standard","meta":{"footnotes":""},"categories":[816],"tags":[3071,3074,898,3077,3080],"class_list":["post-3062","post","type-post","status-publish","format-standard","has-post-thumbnail","hentry","category-news","tag-anniversary-brigitte-macron-en","tag-ans-brigitte-macron-en","tag-brigitte-macron-en","tag-laurence-macron-en","tag-message-tribute-en"],"yoast_head":"<!-- This site is optimized with the Yoast SEO plugin v27.5 - https:\/\/yoast.com\/product\/yoast-seo-wordpress\/ -->\n<title>Brigitte Macron celebrates her 73rd birthday: a tender tribute message from her daughter Laurence - Fan site S\u00e9bastien Auzi\u00e8re<\/title>\n<meta name=\"description\" content=\"Brigitte Macron f\u00eate ses 73 ans avec un tendre message d&#039;hommage de sa fille Laurence, c\u00e9l\u00e9brant leur lien et son parcours inspirant.\" \/>\n<meta name=\"robots\" content=\"index, follow, max-snippet:-1, max-image-preview:large, max-video-preview:-1\" \/>\n<link rel=\"canonical\" href=\"https:\/\/www.sebastien-auziere.fr\/blog\/en\/brigitte-macron-celebrates-her-73rd-birthday-a-tender-tribute-message-from-her-daughter-laurence\/\" \/>\n<meta property=\"og:locale\" content=\"fr_FR\" \/>\n<meta property=\"og:type\" content=\"article\" \/>\n<meta property=\"og:title\" content=\"Brigitte Macron celebrates her 73rd birthday: a tender tribute message from her daughter Laurence - Fan site S\u00e9bastien Auzi\u00e8re\" \/>\n<meta property=\"og:description\" content=\"Brigitte Macron f\u00eate ses 73 ans avec un tendre message d&#039;hommage de sa fille Laurence, c\u00e9l\u00e9brant leur lien et son parcours inspirant.\" \/>\n<meta property=\"og:url\" content=\"https:\/\/www.sebastien-auziere.fr\/blog\/en\/brigitte-macron-celebrates-her-73rd-birthday-a-tender-tribute-message-from-her-daughter-laurence\/\" \/>\n<meta property=\"og:site_name\" content=\"Fan site S\u00e9bastien Auzi\u00e8re\" \/>\n<meta property=\"article:published_time\" content=\"2026-04-16T07:14:06+00:00\" \/>\n<meta property=\"article:modified_time\" content=\"2026-04-16T07:14:29+00:00\" \/>\n<meta property=\"og:image\" content=\"https:\/\/www.sebastien-auziere.fr\/blog\/wp-content\/uploads\/2026\/04\/Brigitte-Macron-celebre-ses-73-ans-un-tendre-message-hommage-de-sa-fille-Laurence.jpg\" \/>\n\t<meta property=\"og:image:width\" content=\"2560\" \/>\n\t<meta property=\"og:image:height\" content=\"1429\" \/>\n\t<meta property=\"og:image:type\" content=\"image\/jpeg\" \/>\n<meta name=\"author\" content=\"Chloe Gauthier\" \/>\n<meta name=\"twitter:card\" content=\"summary_large_image\" \/>\n<meta name=\"twitter:label1\" content=\"\u00c9crit par\" \/>\n\t<meta name=\"twitter:data1\" content=\"Chloe Gauthier\" \/>\n\t<meta name=\"twitter:label2\" content=\"Dur\u00e9e de lecture estim\u00e9e\" \/>\n\t<meta name=\"twitter:data2\" content=\"2 minutes\" \/>\n<script type=\"application\/ld+json\" class=\"yoast-schema-graph\">{\"@context\":\"https:\\\/\\\/schema.org\",\"@graph\":[{\"@type\":\"Article\",\"@id\":\"https:\\\/\\\/www.sebastien-auziere.fr\\\/blog\\\/en\\\/brigitte-macron-celebrates-her-73rd-birthday-a-tender-tribute-message-from-her-daughter-laurence\\\/#article\",\"isPartOf\":{\"@id\":\"https:\\\/\\\/www.sebastien-auziere.fr\\\/blog\\\/en\\\/brigitte-macron-celebrates-her-73rd-birthday-a-tender-tribute-message-from-her-daughter-laurence\\\/\"},\"author\":{\"name\":\"Chloe Gauthier\",\"@id\":\"https:\\\/\\\/www.sebastien-auziere.fr\\\/blog\\\/#\\\/schema\\\/person\\\/149f1acdbfd85149c6c3e59adeae2f4d\"},\"headline\":\"Brigitte Macron celebrates her 73rd birthday: a tender tribute message from her daughter Laurence\",\"datePublished\":\"2026-04-16T07:14:06+00:00\",\"dateModified\":\"2026-04-16T07:14:29+00:00\",\"mainEntityOfPage\":{\"@id\":\"https:\\\/\\\/www.sebastien-auziere.fr\\\/blog\\\/en\\\/brigitte-macron-celebrates-her-73rd-birthday-a-tender-tribute-message-from-her-daughter-laurence\\\/\"},\"wordCount\":403,\"commentCount\":0,\"publisher\":{\"@id\":\"https:\\\/\\\/www.sebastien-auziere.fr\\\/blog\\\/#organization\"},\"image\":{\"@id\":\"https:\\\/\\\/www.sebastien-auziere.fr\\\/blog\\\/en\\\/brigitte-macron-celebrates-her-73rd-birthday-a-tender-tribute-message-from-her-daughter-laurence\\\/#primaryimage\"},\"thumbnailUrl\":\"https:\\\/\\\/www.sebastien-auziere.fr\\\/blog\\\/wp-content\\\/uploads\\\/2026\\\/04\\\/Brigitte-Macron-celebre-ses-73-ans-un-tendre-message-hommage-de-sa-fille-Laurence.jpg\",\"keywords\":[\"anniversary brigitte macron\",\"ans brigitte macron\",\"brigitte macron\",\"laurence macron\",\"message tribute\"],\"articleSection\":[\"News\"],\"inLanguage\":\"fr-FR\",\"potentialAction\":[{\"@type\":\"CommentAction\",\"name\":\"Comment\",\"target\":[\"https:\\\/\\\/www.sebastien-auziere.fr\\\/blog\\\/en\\\/brigitte-macron-celebrates-her-73rd-birthday-a-tender-tribute-message-from-her-daughter-laurence\\\/#respond\"]}]},{\"@type\":\"WebPage\",\"@id\":\"https:\\\/\\\/www.sebastien-auziere.fr\\\/blog\\\/en\\\/brigitte-macron-celebrates-her-73rd-birthday-a-tender-tribute-message-from-her-daughter-laurence\\\/\",\"url\":\"https:\\\/\\\/www.sebastien-auziere.fr\\\/blog\\\/en\\\/brigitte-macron-celebrates-her-73rd-birthday-a-tender-tribute-message-from-her-daughter-laurence\\\/\",\"name\":\"Brigitte Macron celebrates her 73rd birthday: a tender tribute message from her daughter Laurence - Fan site S\u00e9bastien Auzi\u00e8re\",\"isPartOf\":{\"@id\":\"https:\\\/\\\/www.sebastien-auziere.fr\\\/blog\\\/#website\"},\"primaryImageOfPage\":{\"@id\":\"https:\\\/\\\/www.sebastien-auziere.fr\\\/blog\\\/en\\\/brigitte-macron-celebrates-her-73rd-birthday-a-tender-tribute-message-from-her-daughter-laurence\\\/#primaryimage\"},\"image\":{\"@id\":\"https:\\\/\\\/www.sebastien-auziere.fr\\\/blog\\\/en\\\/brigitte-macron-celebrates-her-73rd-birthday-a-tender-tribute-message-from-her-daughter-laurence\\\/#primaryimage\"},\"thumbnailUrl\":\"https:\\\/\\\/www.sebastien-auziere.fr\\\/blog\\\/wp-content\\\/uploads\\\/2026\\\/04\\\/Brigitte-Macron-celebre-ses-73-ans-un-tendre-message-hommage-de-sa-fille-Laurence.jpg\",\"datePublished\":\"2026-04-16T07:14:06+00:00\",\"dateModified\":\"2026-04-16T07:14:29+00:00\",\"description\":\"Brigitte Macron f\u00eate ses 73 ans avec un tendre message d'hommage de sa fille Laurence, c\u00e9l\u00e9brant leur lien et son parcours inspirant.\",\"breadcrumb\":{\"@id\":\"https:\\\/\\\/www.sebastien-auziere.fr\\\/blog\\\/en\\\/brigitte-macron-celebrates-her-73rd-birthday-a-tender-tribute-message-from-her-daughter-laurence\\\/#breadcrumb\"},\"inLanguage\":\"fr-FR\",\"potentialAction\":[{\"@type\":\"ReadAction\",\"target\":[\"https:\\\/\\\/www.sebastien-auziere.fr\\\/blog\\\/en\\\/brigitte-macron-celebrates-her-73rd-birthday-a-tender-tribute-message-from-her-daughter-laurence\\\/\"]}]},{\"@type\":\"ImageObject\",\"inLanguage\":\"fr-FR\",\"@id\":\"https:\\\/\\\/www.sebastien-auziere.fr\\\/blog\\\/en\\\/brigitte-macron-celebrates-her-73rd-birthday-a-tender-tribute-message-from-her-daughter-laurence\\\/#primaryimage\",\"url\":\"https:\\\/\\\/www.sebastien-auziere.fr\\\/blog\\\/wp-content\\\/uploads\\\/2026\\\/04\\\/Brigitte-Macron-celebre-ses-73-ans-un-tendre-message-hommage-de-sa-fille-Laurence.jpg\",\"contentUrl\":\"https:\\\/\\\/www.sebastien-auziere.fr\\\/blog\\\/wp-content\\\/uploads\\\/2026\\\/04\\\/Brigitte-Macron-celebre-ses-73-ans-un-tendre-message-hommage-de-sa-fille-Laurence.jpg\",\"width\":2560,\"height\":1429,\"caption\":\"d\u00e9couvrez comment brigitte macron f\u00eate ses 73 ans avec un touchant message d'hommage de sa fille laurence, c\u00e9l\u00e9brant son amour et sa complicit\u00e9.\"},{\"@type\":\"BreadcrumbList\",\"@id\":\"https:\\\/\\\/www.sebastien-auziere.fr\\\/blog\\\/en\\\/brigitte-macron-celebrates-her-73rd-birthday-a-tender-tribute-message-from-her-daughter-laurence\\\/#breadcrumb\",\"itemListElement\":[{\"@type\":\"ListItem\",\"position\":1,\"name\":\"Home\",\"item\":\"https:\\\/\\\/www.sebastien-auziere.fr\\\/blog\\\/\"},{\"@type\":\"ListItem\",\"position\":2,\"name\":\"Brigitte Macron celebrates her 73rd birthday: a tender tribute message from her daughter Laurence\"}]},{\"@type\":\"WebSite\",\"@id\":\"https:\\\/\\\/www.sebastien-auziere.fr\\\/blog\\\/#website\",\"url\":\"https:\\\/\\\/www.sebastien-auziere.fr\\\/blog\\\/\",\"name\":\"Fan site S\u00e9bastien Auzi\u00e8re\",\"description\":\"M\u00e9dia g\u00e9n\u00e9raliste\",\"publisher\":{\"@id\":\"https:\\\/\\\/www.sebastien-auziere.fr\\\/blog\\\/#organization\"},\"potentialAction\":[{\"@type\":\"SearchAction\",\"target\":{\"@type\":\"EntryPoint\",\"urlTemplate\":\"https:\\\/\\\/www.sebastien-auziere.fr\\\/blog\\\/?s={search_term_string}\"},\"query-input\":{\"@type\":\"PropertyValueSpecification\",\"valueRequired\":true,\"valueName\":\"search_term_string\"}}],\"inLanguage\":\"fr-FR\"},{\"@type\":\"Organization\",\"@id\":\"https:\\\/\\\/www.sebastien-auziere.fr\\\/blog\\\/#organization\",\"name\":\"Fan site S\u00e9bastien Auzi\u00e8re\",\"url\":\"https:\\\/\\\/www.sebastien-auziere.fr\\\/blog\\\/\",\"logo\":{\"@type\":\"ImageObject\",\"inLanguage\":\"fr-FR\",\"@id\":\"https:\\\/\\\/www.sebastien-auziere.fr\\\/blog\\\/#\\\/schema\\\/logo\\\/image\\\/\",\"url\":\"https:\\\/\\\/www.sebastien-auziere.fr\\\/blog\\\/wp-content\\\/uploads\\\/2026\\\/03\\\/cropped-cropped-cropped-ChatGPT-Image-6-mars-2026-12_58_09-e1772798376794.jpg\",\"contentUrl\":\"https:\\\/\\\/www.sebastien-auziere.fr\\\/blog\\\/wp-content\\\/uploads\\\/2026\\\/03\\\/cropped-cropped-cropped-ChatGPT-Image-6-mars-2026-12_58_09-e1772798376794.jpg\",\"width\":512,\"height\":360,\"caption\":\"Fan site S\u00e9bastien Auzi\u00e8re\"},\"image\":{\"@id\":\"https:\\\/\\\/www.sebastien-auziere.fr\\\/blog\\\/#\\\/schema\\\/logo\\\/image\\\/\"}},{\"@type\":\"Person\",\"@id\":\"https:\\\/\\\/www.sebastien-auziere.fr\\\/blog\\\/#\\\/schema\\\/person\\\/149f1acdbfd85149c6c3e59adeae2f4d\",\"name\":\"Chloe Gauthier\",\"image\":{\"@type\":\"ImageObject\",\"inLanguage\":\"fr-FR\",\"@id\":\"https:\\\/\\\/secure.gravatar.com\\\/avatar\\\/2c5722f58171cff738a8985ef0dd66b476e563753246a49019befc837ec4201a?s=96&d=mm&r=g\",\"url\":\"https:\\\/\\\/secure.gravatar.com\\\/avatar\\\/2c5722f58171cff738a8985ef0dd66b476e563753246a49019befc837ec4201a?s=96&d=mm&r=g\",\"contentUrl\":\"https:\\\/\\\/secure.gravatar.com\\\/avatar\\\/2c5722f58171cff738a8985ef0dd66b476e563753246a49019befc837ec4201a?s=96&d=mm&r=g\",\"caption\":\"Chloe Gauthier\"},\"description\":\"Passionn\u00e9e par la politique et admiratrice engag\u00e9e de la famille Macron, je consacre mon \u00e9nergie \u00e0 suivre leurs initiatives et \u00e0 promouvoir leurs id\u00e9es. \u00c0 32 ans, je suis convaincue que leur vision est porteuse d'avenir.\",\"url\":\"https:\\\/\\\/www.sebastien-auziere.fr\\\/blog\\\/author\\\/chloe-gauthier\\\/\"}]}<\/script>\n<!-- \/ Yoast SEO plugin. -->","yoast_head_json":{"title":"Brigitte Macron celebrates her 73rd birthday: a tender tribute message from her daughter Laurence - Fan site S\u00e9bastien Auzi\u00e8re","description":"Brigitte Macron f\u00eate ses 73 ans avec un tendre message d'hommage de sa fille Laurence, c\u00e9l\u00e9brant leur lien et son parcours inspirant.","robots":{"index":"index","follow":"follow","max-snippet":"max-snippet:-1","max-image-preview":"max-image-preview:large","max-video-preview":"max-video-preview:-1"},"canonical":"https:\/\/www.sebastien-auziere.fr\/blog\/en\/brigitte-macron-celebrates-her-73rd-birthday-a-tender-tribute-message-from-her-daughter-laurence\/","og_locale":"fr_FR","og_type":"article","og_title":"Brigitte Macron celebrates her 73rd birthday: a tender tribute message from her daughter Laurence - Fan site S\u00e9bastien Auzi\u00e8re","og_description":"Brigitte Macron f\u00eate ses 73 ans avec un tendre message d'hommage de sa fille Laurence, c\u00e9l\u00e9brant leur lien et son parcours inspirant.","og_url":"https:\/\/www.sebastien-auziere.fr\/blog\/en\/brigitte-macron-celebrates-her-73rd-birthday-a-tender-tribute-message-from-her-daughter-laurence\/","og_site_name":"Fan site S\u00e9bastien Auzi\u00e8re","article_published_time":"2026-04-16T07:14:06+00:00","article_modified_time":"2026-04-16T07:14:29+00:00","og_image":[{"width":2560,"height":1429,"url":"https:\/\/www.sebastien-auziere.fr\/blog\/wp-content\/uploads\/2026\/04\/Brigitte-Macron-celebre-ses-73-ans-un-tendre-message-hommage-de-sa-fille-Laurence.jpg","type":"image\/jpeg"}],"author":"Chloe Gauthier","twitter_card":"summary_large_image","twitter_misc":{"\u00c9crit par":"Chloe Gauthier","Dur\u00e9e de lecture estim\u00e9e":"2 minutes"},"schema":{"@context":"https:\/\/schema.org","@graph":[{"@type":"Article","@id":"https:\/\/www.sebastien-auziere.fr\/blog\/en\/brigitte-macron-celebrates-her-73rd-birthday-a-tender-tribute-message-from-her-daughter-laurence\/#article","isPartOf":{"@id":"https:\/\/www.sebastien-auziere.fr\/blog\/en\/brigitte-macron-celebrates-her-73rd-birthday-a-tender-tribute-message-from-her-daughter-laurence\/"},"author":{"name":"Chloe Gauthier","@id":"https:\/\/www.sebastien-auziere.fr\/blog\/#\/schema\/person\/149f1acdbfd85149c6c3e59adeae2f4d"},"headline":"Brigitte Macron celebrates her 73rd birthday: a tender tribute message from her daughter Laurence","datePublished":"2026-04-16T07:14:06+00:00","dateModified":"2026-04-16T07:14:29+00:00","mainEntityOfPage":{"@id":"https:\/\/www.sebastien-auziere.fr\/blog\/en\/brigitte-macron-celebrates-her-73rd-birthday-a-tender-tribute-message-from-her-daughter-laurence\/"},"wordCount":403,"commentCount":0,"publisher":{"@id":"https:\/\/www.sebastien-auziere.fr\/blog\/#organization"},"image":{"@id":"https:\/\/www.sebastien-auziere.fr\/blog\/en\/brigitte-macron-celebrates-her-73rd-birthday-a-tender-tribute-message-from-her-daughter-laurence\/#primaryimage"},"thumbnailUrl":"https:\/\/www.sebastien-auziere.fr\/blog\/wp-content\/uploads\/2026\/04\/Brigitte-Macron-celebre-ses-73-ans-un-tendre-message-hommage-de-sa-fille-Laurence.jpg","keywords":["anniversary brigitte macron","ans brigitte macron","brigitte macron","laurence macron","message tribute"],"articleSection":["News"],"inLanguage":"fr-FR","potentialAction":[{"@type":"CommentAction","name":"Comment","target":["https:\/\/www.sebastien-auziere.fr\/blog\/en\/brigitte-macron-celebrates-her-73rd-birthday-a-tender-tribute-message-from-her-daughter-laurence\/#respond"]}]},{"@type":"WebPage","@id":"https:\/\/www.sebastien-auziere.fr\/blog\/en\/brigitte-macron-celebrates-her-73rd-birthday-a-tender-tribute-message-from-her-daughter-laurence\/","url":"https:\/\/www.sebastien-auziere.fr\/blog\/en\/brigitte-macron-celebrates-her-73rd-birthday-a-tender-tribute-message-from-her-daughter-laurence\/","name":"Brigitte Macron celebrates her 73rd birthday: a tender tribute message from her daughter Laurence - Fan site S\u00e9bastien Auzi\u00e8re","isPartOf":{"@id":"https:\/\/www.sebastien-auziere.fr\/blog\/#website"},"primaryImageOfPage":{"@id":"https:\/\/www.sebastien-auziere.fr\/blog\/en\/brigitte-macron-celebrates-her-73rd-birthday-a-tender-tribute-message-from-her-daughter-laurence\/#primaryimage"},"image":{"@id":"https:\/\/www.sebastien-auziere.fr\/blog\/en\/brigitte-macron-celebrates-her-73rd-birthday-a-tender-tribute-message-from-her-daughter-laurence\/#primaryimage"},"thumbnailUrl":"https:\/\/www.sebastien-auziere.fr\/blog\/wp-content\/uploads\/2026\/04\/Brigitte-Macron-celebre-ses-73-ans-un-tendre-message-hommage-de-sa-fille-Laurence.jpg","datePublished":"2026-04-16T07:14:06+00:00","dateModified":"2026-04-16T07:14:29+00:00","description":"Brigitte Macron f\u00eate ses 73 ans avec un tendre message d'hommage de sa fille Laurence, c\u00e9l\u00e9brant leur lien et son parcours inspirant.","breadcrumb":{"@id":"https:\/\/www.sebastien-auziere.fr\/blog\/en\/brigitte-macron-celebrates-her-73rd-birthday-a-tender-tribute-message-from-her-daughter-laurence\/#breadcrumb"},"inLanguage":"fr-FR","potentialAction":[{"@type":"ReadAction","target":["https:\/\/www.sebastien-auziere.fr\/blog\/en\/brigitte-macron-celebrates-her-73rd-birthday-a-tender-tribute-message-from-her-daughter-laurence\/"]}]},{"@type":"ImageObject","inLanguage":"fr-FR","@id":"https:\/\/www.sebastien-auziere.fr\/blog\/en\/brigitte-macron-celebrates-her-73rd-birthday-a-tender-tribute-message-from-her-daughter-laurence\/#primaryimage","url":"https:\/\/www.sebastien-auziere.fr\/blog\/wp-content\/uploads\/2026\/04\/Brigitte-Macron-celebre-ses-73-ans-un-tendre-message-hommage-de-sa-fille-Laurence.jpg","contentUrl":"https:\/\/www.sebastien-auziere.fr\/blog\/wp-content\/uploads\/2026\/04\/Brigitte-Macron-celebre-ses-73-ans-un-tendre-message-hommage-de-sa-fille-Laurence.jpg","width":2560,"height":1429,"caption":"d\u00e9couvrez comment brigitte macron f\u00eate ses 73 ans avec un touchant message d'hommage de sa fille laurence, c\u00e9l\u00e9brant son amour et sa complicit\u00e9."},{"@type":"BreadcrumbList","@id":"https:\/\/www.sebastien-auziere.fr\/blog\/en\/brigitte-macron-celebrates-her-73rd-birthday-a-tender-tribute-message-from-her-daughter-laurence\/#breadcrumb","itemListElement":[{"@type":"ListItem","position":1,"name":"Home","item":"https:\/\/www.sebastien-auziere.fr\/blog\/"},{"@type":"ListItem","position":2,"name":"Brigitte Macron celebrates her 73rd birthday: a tender tribute message from her daughter Laurence"}]},{"@type":"WebSite","@id":"https:\/\/www.sebastien-auziere.fr\/blog\/#website","url":"https:\/\/www.sebastien-auziere.fr\/blog\/","name":"Fan site S\u00e9bastien Auzi\u00e8re","description":"M\u00e9dia g\u00e9n\u00e9raliste","publisher":{"@id":"https:\/\/www.sebastien-auziere.fr\/blog\/#organization"},"potentialAction":[{"@type":"SearchAction","target":{"@type":"EntryPoint","urlTemplate":"https:\/\/www.sebastien-auziere.fr\/blog\/?s={search_term_string}"},"query-input":{"@type":"PropertyValueSpecification","valueRequired":true,"valueName":"search_term_string"}}],"inLanguage":"fr-FR"},{"@type":"Organization","@id":"https:\/\/www.sebastien-auziere.fr\/blog\/#organization","name":"Fan site S\u00e9bastien Auzi\u00e8re","url":"https:\/\/www.sebastien-auziere.fr\/blog\/","logo":{"@type":"ImageObject","inLanguage":"fr-FR","@id":"https:\/\/www.sebastien-auziere.fr\/blog\/#\/schema\/logo\/image\/","url":"https:\/\/www.sebastien-auziere.fr\/blog\/wp-content\/uploads\/2026\/03\/cropped-cropped-cropped-ChatGPT-Image-6-mars-2026-12_58_09-e1772798376794.jpg","contentUrl":"https:\/\/www.sebastien-auziere.fr\/blog\/wp-content\/uploads\/2026\/03\/cropped-cropped-cropped-ChatGPT-Image-6-mars-2026-12_58_09-e1772798376794.jpg","width":512,"height":360,"caption":"Fan site S\u00e9bastien Auzi\u00e8re"},"image":{"@id":"https:\/\/www.sebastien-auziere.fr\/blog\/#\/schema\/logo\/image\/"}},{"@type":"Person","@id":"https:\/\/www.sebastien-auziere.fr\/blog\/#\/schema\/person\/149f1acdbfd85149c6c3e59adeae2f4d","name":"Chloe Gauthier","image":{"@type":"ImageObject","inLanguage":"fr-FR","@id":"https:\/\/secure.gravatar.com\/avatar\/2c5722f58171cff738a8985ef0dd66b476e563753246a49019befc837ec4201a?s=96&d=mm&r=g","url":"https:\/\/secure.gravatar.com\/avatar\/2c5722f58171cff738a8985ef0dd66b476e563753246a49019befc837ec4201a?s=96&d=mm&r=g","contentUrl":"https:\/\/secure.gravatar.com\/avatar\/2c5722f58171cff738a8985ef0dd66b476e563753246a49019befc837ec4201a?s=96&d=mm&r=g","caption":"Chloe Gauthier"},"description":"Passionn\u00e9e par la politique et admiratrice engag\u00e9e de la famille Macron, je consacre mon \u00e9nergie \u00e0 suivre leurs initiatives et \u00e0 promouvoir leurs id\u00e9es. \u00c0 32 ans, je suis convaincue que leur vision est porteuse d'avenir.","url":"https:\/\/www.sebastien-auziere.fr\/blog\/author\/chloe-gauthier\/"}]}},"views":0,"_links":{"self":[{"href":"https:\/\/www.sebastien-auziere.fr\/blog\/wp-json\/wp\/v2\/posts\/3062","targetHints":{"allow":["GET"]}}],"collection":[{"href":"https:\/\/www.sebastien-auziere.fr\/blog\/wp-json\/wp\/v2\/posts"}],"about":[{"href":"https:\/\/www.sebastien-auziere.fr\/blog\/wp-json\/wp\/v2\/types\/post"}],"author":[{"embeddable":true,"href":"https:\/\/www.sebastien-auziere.fr\/blog\/wp-json\/wp\/v2\/users\/9"}],"replies":[{"embeddable":true,"href":"https:\/\/www.sebastien-auziere.fr\/blog\/wp-json\/wp\/v2\/comments?post=3062"}],"version-history":[{"count":1,"href":"https:\/\/www.sebastien-auziere.fr\/blog\/wp-json\/wp\/v2\/posts\/3062\/revisions"}],"predecessor-version":[{"id":3063,"href":"https:\/\/www.sebastien-auziere.fr\/blog\/wp-json\/wp\/v2\/posts\/3062\/revisions\/3063"}],"wp:featuredmedia":[{"embeddable":true,"href":"https:\/\/www.sebastien-auziere.fr\/blog\/wp-json\/wp\/v2\/media\/3060"}],"wp:attachment":[{"href":"https:\/\/www.sebastien-auziere.fr\/blog\/wp-json\/wp\/v2\/media?parent=3062"}],"wp:term":[{"taxonomy":"category","embeddable":true,"href":"https:\/\/www.sebastien-auziere.fr\/blog\/wp-json\/wp\/v2\/categories?post=3062"},{"taxonomy":"post_tag","embeddable":true,"href":"https:\/\/www.sebastien-auziere.fr\/blog\/wp-json\/wp\/v2\/tags?post=3062"}],"curies":[{"name":"wp","href":"https:\/\/api.w.org\/{rel}","templated":true}]}}