{"id":3061,"date":"2026-04-16T07:14:04","date_gmt":"2026-04-16T07:14:04","guid":{"rendered":"https:\/\/www.sebastien-auziere.fr\/blog\/brigitte-macron-73-ans\/"},"modified":"2026-04-16T07:14:04","modified_gmt":"2026-04-16T07:14:04","slug":"brigitte-macron-73-ans","status":"publish","type":"post","link":"https:\/\/www.sebastien-auziere.fr\/blog\/brigitte-macron-73-ans\/","title":{"rendered":"Brigitte Macron c\u00e9l\u00e8bre ses 73 ans : un tendre message hommage de sa fille Laurence"},"content":{"rendered":"<p>Quel beau moment partag\u00e9 ! Ce lundi 13 avril, <strong>Brigitte Macron<\/strong> a f\u00eat\u00e9 ses <strong>73 ans<\/strong> et sa <strong>fille Laurence<\/strong> lui a adress\u00e9 un <strong>tendre message<\/strong> en story Instagram, accompagn\u00e9 d&rsquo;une photo complice et de la musique <strong>Veridis Quo<\/strong> des Daft Punk. Le message sobre \u00abBon anniversaire maman\u00bb a \u00e9t\u00e9 relay\u00e9 par plusieurs m\u00e9dias et a soulign\u00e9 la <strong>c\u00e9l\u00e9bration<\/strong> intime au c\u0153ur de la <strong>famille<\/strong>.<\/p>\n\n<h2 class=\"wp-block-heading\">Le message de Laurence : sobri\u00e9t\u00e9 et \u00e9motion<\/h2>\n\n<p>Sur la story partag\u00e9e le 13 avril, <strong>Laurence Auzi\u00e8re<\/strong> publie un clich\u00e9 m\u00e8re-fille souriant et commente simplement \u00abBon anniversaire maman\u00bb. La publication, volontairement \u00e9ph\u00e9m\u00e8re, m\u00eale discr\u00e9tion et \u00e9motion, la musique choisie donnant une touche festive. Les plateformes comme <a href=\"https:\/\/cultinfos.com\/buzz\/1574982-brigitte-macron-fete-73-ans-fille-laurence-lui-dedie-un-adorable-message\">Cultinfos<\/a> et <a href=\"https:\/\/www.msn.com\/fr-fr\/divertissement\/celebrites\/brigitte-macron-f%C3%AAte-ses-73-ans-sa-fille-laurence-lui-d%C3%A9die-un-adorable-message\/ar-AA20MFej\">MSN<\/a> ont relay\u00e9 cet hommage, preuve que la <strong>tendresse<\/strong> familiale touche largement le public. C&rsquo;est un rappel de l&rsquo;importance de l&rsquo;<strong>amour maternel<\/strong>.<\/p>\n\n<h2 class=\"wp-block-heading\">Souvenirs partag\u00e9s : une relation document\u00e9e<\/h2>\n\n<p>Les liens entre Brigitte, Laurence et Emmanuel Macron ont \u00e9t\u00e9 \u00e9voqu\u00e9s dans plusieurs ouvrages, dont <strong>Accr\u00e9dit\u00e9e<\/strong> d&rsquo;Ania Nussbaum, qui rapporte le t\u00e9moignage d&rsquo;anciens professeurs. Laurence \u00e9tait camarade de classe d&rsquo;Emmanuel, un contexte souvent rappel\u00e9 dans les r\u00e9cits sur la famille. Pour approfondir cet angle biographique, on peut aussi consulter des portraits publi\u00e9s par la presse sp\u00e9cialis\u00e9e et des archives publiques. Ce contexte donne du relief \u00e0 cet <strong>hommage<\/strong>.<\/p>\n\n<h2 class=\"wp-block-heading\">Laurence, artiste discr\u00e8te et pr\u00e9sence fid\u00e8le<\/h2>\n\n<p>Artiste et discr\u00e8te, <strong>Laurence<\/strong> partage la vie d&rsquo;un artiste et participe \u00e0 des expositions, tout en restant tr\u00e8s protectrice de la sph\u00e8re priv\u00e9e. Les m\u00e9dias ont not\u00e9 sa pr\u00e9sence ponctuelle lors des <strong>c\u00e9l\u00e9brations<\/strong> familiales et ses hommages publics, toujours sobres. Pour en savoir plus sur son parcours artistique et ses choix de pseudonyme, un article d\u00e9taill\u00e9 est disponible sur <a href=\"https:\/\/www.mariefrance.fr\/news-people\/brigitte-macron-fille-laurence-auziere-artiste-choisi-ville-francaise-comme-pseudonyme-1104770.html\">Marie France<\/a>. Cette discr\u00e9tion renforce la valeur de son geste d&rsquo;anniversaire.<\/p>\n\n<h3 class=\"wp-block-heading\">Images publiques et rituels d&rsquo;anniversaire<\/h3>\n\n<p>Les anniversaires de la Premi\u00e8re dame sont souvent c\u00e9l\u00e9br\u00e9s en cercle restreint, ponctu\u00e9s de photos familiales et d&rsquo;apparitions publiques remarqu\u00e9es depuis 2017. Les albums de presse documentent son style lors d&rsquo;\u00e9v\u00e9nements officiels et de voyages d&rsquo;\u00c9tat, soulignant que ces moments priv\u00e9s trouvent parfois \u00e9cho dans la vie publique. L&rsquo;hommage de Laurence illustre cette dualit\u00e9 entre vie intime et r\u00f4le public.<\/p>\n\n<p>Pour en d\u00e9couvrir davantage sur <strong>S\u00e9bastien Auzi\u00e8re<\/strong> et la <strong>famille Macron<\/strong>, consulte les archives et analyses disponibles sur <a href=\"https:\/\/www.sebastien-auziere.fr\/blog\/macron-visite-vatican\/\">les articles d\u00e9di\u00e9s<\/a> et plonge dans les r\u00e9cits familiaux pr\u00e9sents sur <a href=\"https:\/\/www.sebastien-auziere.fr\/blog\/brigitte-macron-vatican\/\">sebastien-auziere.fr<\/a> pour suivre les engagements publics et les moments de vie qui ont fa\u00e7onn\u00e9 cette famille.<\/p>\n\n","protected":false},"excerpt":{"rendered":"<p>Quel beau moment partag\u00e9 ! Ce lundi 13 avril, Brigitte Macron a f\u00eat\u00e9 ses 73 ans et sa fille Laurence lui a adress\u00e9 un tendre message en story Instagram, accompagn\u00e9 d&rsquo;une photo complice et de la musique Veridis Quo des Daft Punk. Le message sobre \u00abBon anniversaire maman\u00bb a \u00e9t\u00e9 relay\u00e9 par plusieurs m\u00e9dias et &#8230; <a title=\"Brigitte Macron c\u00e9l\u00e8bre ses 73 ans : un tendre message hommage de sa fille Laurence\" class=\"read-more\" href=\"https:\/\/www.sebastien-auziere.fr\/blog\/brigitte-macron-73-ans\/\" aria-label=\"En savoir plus sur Brigitte Macron c\u00e9l\u00e8bre ses 73 ans : un tendre message hommage de sa fille Laurence\">Lire plus<\/a><\/p>\n","protected":false},"author":9,"featured_media":3060,"comment_status":"open","ping_status":"open","sticky":false,"template":"","format":"standard","meta":{"footnotes":""},"categories":[597],"tags":[3063,3065,892,3067,3069],"class_list":["post-3061","post","type-post","status-publish","format-standard","has-post-thumbnail","hentry","category-actualites","tag-anniversaire-brigitte-macron","tag-ans-brigitte-macron","tag-brigitte-macron","tag-laurence-macron","tag-message-hommage"],"yoast_head":"<!-- This site is optimized with the Yoast SEO plugin v27.5 - https:\/\/yoast.com\/product\/yoast-seo-wordpress\/ -->\n<title>Brigitte Macron c\u00e9l\u00e8bre ses 73 ans : un tendre message hommage de sa fille Laurence - Fan site S\u00e9bastien Auzi\u00e8re<\/title>\n<meta name=\"description\" content=\"Brigitte Macron f\u00eate ses 73 ans avec un tendre message d&#039;hommage de sa fille Laurence, c\u00e9l\u00e9brant leur lien et son parcours inspirant.\" \/>\n<meta name=\"robots\" content=\"index, follow, max-snippet:-1, max-image-preview:large, max-video-preview:-1\" \/>\n<link rel=\"canonical\" href=\"https:\/\/www.sebastien-auziere.fr\/blog\/brigitte-macron-73-ans\/\" \/>\n<meta property=\"og:locale\" content=\"fr_FR\" \/>\n<meta property=\"og:type\" content=\"article\" \/>\n<meta property=\"og:title\" content=\"Brigitte Macron c\u00e9l\u00e8bre ses 73 ans : un tendre message hommage de sa fille Laurence - Fan site S\u00e9bastien Auzi\u00e8re\" \/>\n<meta property=\"og:description\" content=\"Brigitte Macron f\u00eate ses 73 ans avec un tendre message d&#039;hommage de sa fille Laurence, c\u00e9l\u00e9brant leur lien et son parcours inspirant.\" \/>\n<meta property=\"og:url\" content=\"https:\/\/www.sebastien-auziere.fr\/blog\/brigitte-macron-73-ans\/\" \/>\n<meta property=\"og:site_name\" content=\"Fan site S\u00e9bastien Auzi\u00e8re\" \/>\n<meta property=\"article:published_time\" content=\"2026-04-16T07:14:04+00:00\" \/>\n<meta property=\"og:image\" content=\"https:\/\/www.sebastien-auziere.fr\/blog\/wp-content\/uploads\/2026\/04\/Brigitte-Macron-celebre-ses-73-ans-un-tendre-message-hommage-de-sa-fille-Laurence.jpg\" \/>\n\t<meta property=\"og:image:width\" content=\"2560\" \/>\n\t<meta property=\"og:image:height\" content=\"1429\" \/>\n\t<meta property=\"og:image:type\" content=\"image\/jpeg\" \/>\n<meta name=\"author\" content=\"Chloe Gauthier\" \/>\n<meta name=\"twitter:card\" content=\"summary_large_image\" \/>\n<meta name=\"twitter:label1\" content=\"\u00c9crit par\" \/>\n\t<meta name=\"twitter:data1\" content=\"Chloe Gauthier\" \/>\n\t<meta name=\"twitter:label2\" content=\"Dur\u00e9e de lecture estim\u00e9e\" \/>\n\t<meta name=\"twitter:data2\" content=\"2 minutes\" \/>\n<script type=\"application\/ld+json\" class=\"yoast-schema-graph\">{\"@context\":\"https:\\\/\\\/schema.org\",\"@graph\":[{\"@type\":\"Article\",\"@id\":\"https:\\\/\\\/www.sebastien-auziere.fr\\\/blog\\\/brigitte-macron-73-ans\\\/#article\",\"isPartOf\":{\"@id\":\"https:\\\/\\\/www.sebastien-auziere.fr\\\/blog\\\/brigitte-macron-73-ans\\\/\"},\"author\":{\"name\":\"Chloe Gauthier\",\"@id\":\"https:\\\/\\\/www.sebastien-auziere.fr\\\/blog\\\/#\\\/schema\\\/person\\\/149f1acdbfd85149c6c3e59adeae2f4d\"},\"headline\":\"Brigitte Macron c\u00e9l\u00e8bre ses 73 ans : un tendre message hommage de sa fille Laurence\",\"datePublished\":\"2026-04-16T07:14:04+00:00\",\"mainEntityOfPage\":{\"@id\":\"https:\\\/\\\/www.sebastien-auziere.fr\\\/blog\\\/brigitte-macron-73-ans\\\/\"},\"wordCount\":457,\"commentCount\":0,\"publisher\":{\"@id\":\"https:\\\/\\\/www.sebastien-auziere.fr\\\/blog\\\/#organization\"},\"image\":{\"@id\":\"https:\\\/\\\/www.sebastien-auziere.fr\\\/blog\\\/brigitte-macron-73-ans\\\/#primaryimage\"},\"thumbnailUrl\":\"https:\\\/\\\/www.sebastien-auziere.fr\\\/blog\\\/wp-content\\\/uploads\\\/2026\\\/04\\\/Brigitte-Macron-celebre-ses-73-ans-un-tendre-message-hommage-de-sa-fille-Laurence.jpg\",\"keywords\":[\"anniversaire brigitte macron\",\"ans brigitte macron\",\"brigitte macron\",\"laurence macron\",\"message hommage\"],\"articleSection\":[\"Actualit\u00e9s\"],\"inLanguage\":\"fr-FR\",\"potentialAction\":[{\"@type\":\"CommentAction\",\"name\":\"Comment\",\"target\":[\"https:\\\/\\\/www.sebastien-auziere.fr\\\/blog\\\/brigitte-macron-73-ans\\\/#respond\"]}]},{\"@type\":\"WebPage\",\"@id\":\"https:\\\/\\\/www.sebastien-auziere.fr\\\/blog\\\/brigitte-macron-73-ans\\\/\",\"url\":\"https:\\\/\\\/www.sebastien-auziere.fr\\\/blog\\\/brigitte-macron-73-ans\\\/\",\"name\":\"Brigitte Macron c\u00e9l\u00e8bre ses 73 ans : un tendre message hommage de sa fille Laurence - Fan site S\u00e9bastien Auzi\u00e8re\",\"isPartOf\":{\"@id\":\"https:\\\/\\\/www.sebastien-auziere.fr\\\/blog\\\/#website\"},\"primaryImageOfPage\":{\"@id\":\"https:\\\/\\\/www.sebastien-auziere.fr\\\/blog\\\/brigitte-macron-73-ans\\\/#primaryimage\"},\"image\":{\"@id\":\"https:\\\/\\\/www.sebastien-auziere.fr\\\/blog\\\/brigitte-macron-73-ans\\\/#primaryimage\"},\"thumbnailUrl\":\"https:\\\/\\\/www.sebastien-auziere.fr\\\/blog\\\/wp-content\\\/uploads\\\/2026\\\/04\\\/Brigitte-Macron-celebre-ses-73-ans-un-tendre-message-hommage-de-sa-fille-Laurence.jpg\",\"datePublished\":\"2026-04-16T07:14:04+00:00\",\"description\":\"Brigitte Macron f\u00eate ses 73 ans avec un tendre message d'hommage de sa fille Laurence, c\u00e9l\u00e9brant leur lien et son parcours inspirant.\",\"breadcrumb\":{\"@id\":\"https:\\\/\\\/www.sebastien-auziere.fr\\\/blog\\\/brigitte-macron-73-ans\\\/#breadcrumb\"},\"inLanguage\":\"fr-FR\",\"potentialAction\":[{\"@type\":\"ReadAction\",\"target\":[\"https:\\\/\\\/www.sebastien-auziere.fr\\\/blog\\\/brigitte-macron-73-ans\\\/\"]}]},{\"@type\":\"ImageObject\",\"inLanguage\":\"fr-FR\",\"@id\":\"https:\\\/\\\/www.sebastien-auziere.fr\\\/blog\\\/brigitte-macron-73-ans\\\/#primaryimage\",\"url\":\"https:\\\/\\\/www.sebastien-auziere.fr\\\/blog\\\/wp-content\\\/uploads\\\/2026\\\/04\\\/Brigitte-Macron-celebre-ses-73-ans-un-tendre-message-hommage-de-sa-fille-Laurence.jpg\",\"contentUrl\":\"https:\\\/\\\/www.sebastien-auziere.fr\\\/blog\\\/wp-content\\\/uploads\\\/2026\\\/04\\\/Brigitte-Macron-celebre-ses-73-ans-un-tendre-message-hommage-de-sa-fille-Laurence.jpg\",\"width\":2560,\"height\":1429,\"caption\":\"d\u00e9couvrez comment brigitte macron f\u00eate ses 73 ans avec un touchant message d'hommage de sa fille laurence, c\u00e9l\u00e9brant son amour et sa complicit\u00e9.\"},{\"@type\":\"BreadcrumbList\",\"@id\":\"https:\\\/\\\/www.sebastien-auziere.fr\\\/blog\\\/brigitte-macron-73-ans\\\/#breadcrumb\",\"itemListElement\":[{\"@type\":\"ListItem\",\"position\":1,\"name\":\"Home\",\"item\":\"https:\\\/\\\/www.sebastien-auziere.fr\\\/blog\\\/\"},{\"@type\":\"ListItem\",\"position\":2,\"name\":\"Brigitte Macron c\u00e9l\u00e8bre ses 73 ans : un tendre message hommage de sa fille Laurence\"}]},{\"@type\":\"WebSite\",\"@id\":\"https:\\\/\\\/www.sebastien-auziere.fr\\\/blog\\\/#website\",\"url\":\"https:\\\/\\\/www.sebastien-auziere.fr\\\/blog\\\/\",\"name\":\"Fan site S\u00e9bastien Auzi\u00e8re\",\"description\":\"M\u00e9dia g\u00e9n\u00e9raliste\",\"publisher\":{\"@id\":\"https:\\\/\\\/www.sebastien-auziere.fr\\\/blog\\\/#organization\"},\"potentialAction\":[{\"@type\":\"SearchAction\",\"target\":{\"@type\":\"EntryPoint\",\"urlTemplate\":\"https:\\\/\\\/www.sebastien-auziere.fr\\\/blog\\\/?s={search_term_string}\"},\"query-input\":{\"@type\":\"PropertyValueSpecification\",\"valueRequired\":true,\"valueName\":\"search_term_string\"}}],\"inLanguage\":\"fr-FR\"},{\"@type\":\"Organization\",\"@id\":\"https:\\\/\\\/www.sebastien-auziere.fr\\\/blog\\\/#organization\",\"name\":\"Fan site S\u00e9bastien Auzi\u00e8re\",\"url\":\"https:\\\/\\\/www.sebastien-auziere.fr\\\/blog\\\/\",\"logo\":{\"@type\":\"ImageObject\",\"inLanguage\":\"fr-FR\",\"@id\":\"https:\\\/\\\/www.sebastien-auziere.fr\\\/blog\\\/#\\\/schema\\\/logo\\\/image\\\/\",\"url\":\"https:\\\/\\\/www.sebastien-auziere.fr\\\/blog\\\/wp-content\\\/uploads\\\/2026\\\/03\\\/cropped-cropped-cropped-ChatGPT-Image-6-mars-2026-12_58_09-e1772798376794.jpg\",\"contentUrl\":\"https:\\\/\\\/www.sebastien-auziere.fr\\\/blog\\\/wp-content\\\/uploads\\\/2026\\\/03\\\/cropped-cropped-cropped-ChatGPT-Image-6-mars-2026-12_58_09-e1772798376794.jpg\",\"width\":512,\"height\":360,\"caption\":\"Fan site S\u00e9bastien Auzi\u00e8re\"},\"image\":{\"@id\":\"https:\\\/\\\/www.sebastien-auziere.fr\\\/blog\\\/#\\\/schema\\\/logo\\\/image\\\/\"}},{\"@type\":\"Person\",\"@id\":\"https:\\\/\\\/www.sebastien-auziere.fr\\\/blog\\\/#\\\/schema\\\/person\\\/149f1acdbfd85149c6c3e59adeae2f4d\",\"name\":\"Chloe Gauthier\",\"image\":{\"@type\":\"ImageObject\",\"inLanguage\":\"fr-FR\",\"@id\":\"https:\\\/\\\/secure.gravatar.com\\\/avatar\\\/2c5722f58171cff738a8985ef0dd66b476e563753246a49019befc837ec4201a?s=96&d=mm&r=g\",\"url\":\"https:\\\/\\\/secure.gravatar.com\\\/avatar\\\/2c5722f58171cff738a8985ef0dd66b476e563753246a49019befc837ec4201a?s=96&d=mm&r=g\",\"contentUrl\":\"https:\\\/\\\/secure.gravatar.com\\\/avatar\\\/2c5722f58171cff738a8985ef0dd66b476e563753246a49019befc837ec4201a?s=96&d=mm&r=g\",\"caption\":\"Chloe Gauthier\"},\"description\":\"Passionn\u00e9e par la politique et admiratrice engag\u00e9e de la famille Macron, je consacre mon \u00e9nergie \u00e0 suivre leurs initiatives et \u00e0 promouvoir leurs id\u00e9es. \u00c0 32 ans, je suis convaincue que leur vision est porteuse d'avenir.\",\"url\":\"https:\\\/\\\/www.sebastien-auziere.fr\\\/blog\\\/author\\\/chloe-gauthier\\\/\"}]}<\/script>\n<!-- \/ Yoast SEO plugin. -->","yoast_head_json":{"title":"Brigitte Macron c\u00e9l\u00e8bre ses 73 ans : un tendre message hommage de sa fille Laurence - Fan site S\u00e9bastien Auzi\u00e8re","description":"Brigitte Macron f\u00eate ses 73 ans avec un tendre message d'hommage de sa fille Laurence, c\u00e9l\u00e9brant leur lien et son parcours inspirant.","robots":{"index":"index","follow":"follow","max-snippet":"max-snippet:-1","max-image-preview":"max-image-preview:large","max-video-preview":"max-video-preview:-1"},"canonical":"https:\/\/www.sebastien-auziere.fr\/blog\/brigitte-macron-73-ans\/","og_locale":"fr_FR","og_type":"article","og_title":"Brigitte Macron c\u00e9l\u00e8bre ses 73 ans : un tendre message hommage de sa fille Laurence - Fan site S\u00e9bastien Auzi\u00e8re","og_description":"Brigitte Macron f\u00eate ses 73 ans avec un tendre message d'hommage de sa fille Laurence, c\u00e9l\u00e9brant leur lien et son parcours inspirant.","og_url":"https:\/\/www.sebastien-auziere.fr\/blog\/brigitte-macron-73-ans\/","og_site_name":"Fan site S\u00e9bastien Auzi\u00e8re","article_published_time":"2026-04-16T07:14:04+00:00","og_image":[{"width":2560,"height":1429,"url":"https:\/\/www.sebastien-auziere.fr\/blog\/wp-content\/uploads\/2026\/04\/Brigitte-Macron-celebre-ses-73-ans-un-tendre-message-hommage-de-sa-fille-Laurence.jpg","type":"image\/jpeg"}],"author":"Chloe Gauthier","twitter_card":"summary_large_image","twitter_misc":{"\u00c9crit par":"Chloe Gauthier","Dur\u00e9e de lecture estim\u00e9e":"2 minutes"},"schema":{"@context":"https:\/\/schema.org","@graph":[{"@type":"Article","@id":"https:\/\/www.sebastien-auziere.fr\/blog\/brigitte-macron-73-ans\/#article","isPartOf":{"@id":"https:\/\/www.sebastien-auziere.fr\/blog\/brigitte-macron-73-ans\/"},"author":{"name":"Chloe Gauthier","@id":"https:\/\/www.sebastien-auziere.fr\/blog\/#\/schema\/person\/149f1acdbfd85149c6c3e59adeae2f4d"},"headline":"Brigitte Macron c\u00e9l\u00e8bre ses 73 ans : un tendre message hommage de sa fille Laurence","datePublished":"2026-04-16T07:14:04+00:00","mainEntityOfPage":{"@id":"https:\/\/www.sebastien-auziere.fr\/blog\/brigitte-macron-73-ans\/"},"wordCount":457,"commentCount":0,"publisher":{"@id":"https:\/\/www.sebastien-auziere.fr\/blog\/#organization"},"image":{"@id":"https:\/\/www.sebastien-auziere.fr\/blog\/brigitte-macron-73-ans\/#primaryimage"},"thumbnailUrl":"https:\/\/www.sebastien-auziere.fr\/blog\/wp-content\/uploads\/2026\/04\/Brigitte-Macron-celebre-ses-73-ans-un-tendre-message-hommage-de-sa-fille-Laurence.jpg","keywords":["anniversaire brigitte macron","ans brigitte macron","brigitte macron","laurence macron","message hommage"],"articleSection":["Actualit\u00e9s"],"inLanguage":"fr-FR","potentialAction":[{"@type":"CommentAction","name":"Comment","target":["https:\/\/www.sebastien-auziere.fr\/blog\/brigitte-macron-73-ans\/#respond"]}]},{"@type":"WebPage","@id":"https:\/\/www.sebastien-auziere.fr\/blog\/brigitte-macron-73-ans\/","url":"https:\/\/www.sebastien-auziere.fr\/blog\/brigitte-macron-73-ans\/","name":"Brigitte Macron c\u00e9l\u00e8bre ses 73 ans : un tendre message hommage de sa fille Laurence - Fan site S\u00e9bastien Auzi\u00e8re","isPartOf":{"@id":"https:\/\/www.sebastien-auziere.fr\/blog\/#website"},"primaryImageOfPage":{"@id":"https:\/\/www.sebastien-auziere.fr\/blog\/brigitte-macron-73-ans\/#primaryimage"},"image":{"@id":"https:\/\/www.sebastien-auziere.fr\/blog\/brigitte-macron-73-ans\/#primaryimage"},"thumbnailUrl":"https:\/\/www.sebastien-auziere.fr\/blog\/wp-content\/uploads\/2026\/04\/Brigitte-Macron-celebre-ses-73-ans-un-tendre-message-hommage-de-sa-fille-Laurence.jpg","datePublished":"2026-04-16T07:14:04+00:00","description":"Brigitte Macron f\u00eate ses 73 ans avec un tendre message d'hommage de sa fille Laurence, c\u00e9l\u00e9brant leur lien et son parcours inspirant.","breadcrumb":{"@id":"https:\/\/www.sebastien-auziere.fr\/blog\/brigitte-macron-73-ans\/#breadcrumb"},"inLanguage":"fr-FR","potentialAction":[{"@type":"ReadAction","target":["https:\/\/www.sebastien-auziere.fr\/blog\/brigitte-macron-73-ans\/"]}]},{"@type":"ImageObject","inLanguage":"fr-FR","@id":"https:\/\/www.sebastien-auziere.fr\/blog\/brigitte-macron-73-ans\/#primaryimage","url":"https:\/\/www.sebastien-auziere.fr\/blog\/wp-content\/uploads\/2026\/04\/Brigitte-Macron-celebre-ses-73-ans-un-tendre-message-hommage-de-sa-fille-Laurence.jpg","contentUrl":"https:\/\/www.sebastien-auziere.fr\/blog\/wp-content\/uploads\/2026\/04\/Brigitte-Macron-celebre-ses-73-ans-un-tendre-message-hommage-de-sa-fille-Laurence.jpg","width":2560,"height":1429,"caption":"d\u00e9couvrez comment brigitte macron f\u00eate ses 73 ans avec un touchant message d'hommage de sa fille laurence, c\u00e9l\u00e9brant son amour et sa complicit\u00e9."},{"@type":"BreadcrumbList","@id":"https:\/\/www.sebastien-auziere.fr\/blog\/brigitte-macron-73-ans\/#breadcrumb","itemListElement":[{"@type":"ListItem","position":1,"name":"Home","item":"https:\/\/www.sebastien-auziere.fr\/blog\/"},{"@type":"ListItem","position":2,"name":"Brigitte Macron c\u00e9l\u00e8bre ses 73 ans : un tendre message hommage de sa fille Laurence"}]},{"@type":"WebSite","@id":"https:\/\/www.sebastien-auziere.fr\/blog\/#website","url":"https:\/\/www.sebastien-auziere.fr\/blog\/","name":"Fan site S\u00e9bastien Auzi\u00e8re","description":"M\u00e9dia g\u00e9n\u00e9raliste","publisher":{"@id":"https:\/\/www.sebastien-auziere.fr\/blog\/#organization"},"potentialAction":[{"@type":"SearchAction","target":{"@type":"EntryPoint","urlTemplate":"https:\/\/www.sebastien-auziere.fr\/blog\/?s={search_term_string}"},"query-input":{"@type":"PropertyValueSpecification","valueRequired":true,"valueName":"search_term_string"}}],"inLanguage":"fr-FR"},{"@type":"Organization","@id":"https:\/\/www.sebastien-auziere.fr\/blog\/#organization","name":"Fan site S\u00e9bastien Auzi\u00e8re","url":"https:\/\/www.sebastien-auziere.fr\/blog\/","logo":{"@type":"ImageObject","inLanguage":"fr-FR","@id":"https:\/\/www.sebastien-auziere.fr\/blog\/#\/schema\/logo\/image\/","url":"https:\/\/www.sebastien-auziere.fr\/blog\/wp-content\/uploads\/2026\/03\/cropped-cropped-cropped-ChatGPT-Image-6-mars-2026-12_58_09-e1772798376794.jpg","contentUrl":"https:\/\/www.sebastien-auziere.fr\/blog\/wp-content\/uploads\/2026\/03\/cropped-cropped-cropped-ChatGPT-Image-6-mars-2026-12_58_09-e1772798376794.jpg","width":512,"height":360,"caption":"Fan site S\u00e9bastien Auzi\u00e8re"},"image":{"@id":"https:\/\/www.sebastien-auziere.fr\/blog\/#\/schema\/logo\/image\/"}},{"@type":"Person","@id":"https:\/\/www.sebastien-auziere.fr\/blog\/#\/schema\/person\/149f1acdbfd85149c6c3e59adeae2f4d","name":"Chloe Gauthier","image":{"@type":"ImageObject","inLanguage":"fr-FR","@id":"https:\/\/secure.gravatar.com\/avatar\/2c5722f58171cff738a8985ef0dd66b476e563753246a49019befc837ec4201a?s=96&d=mm&r=g","url":"https:\/\/secure.gravatar.com\/avatar\/2c5722f58171cff738a8985ef0dd66b476e563753246a49019befc837ec4201a?s=96&d=mm&r=g","contentUrl":"https:\/\/secure.gravatar.com\/avatar\/2c5722f58171cff738a8985ef0dd66b476e563753246a49019befc837ec4201a?s=96&d=mm&r=g","caption":"Chloe Gauthier"},"description":"Passionn\u00e9e par la politique et admiratrice engag\u00e9e de la famille Macron, je consacre mon \u00e9nergie \u00e0 suivre leurs initiatives et \u00e0 promouvoir leurs id\u00e9es. \u00c0 32 ans, je suis convaincue que leur vision est porteuse d'avenir.","url":"https:\/\/www.sebastien-auziere.fr\/blog\/author\/chloe-gauthier\/"}]}},"views":860,"_links":{"self":[{"href":"https:\/\/www.sebastien-auziere.fr\/blog\/wp-json\/wp\/v2\/posts\/3061","targetHints":{"allow":["GET"]}}],"collection":[{"href":"https:\/\/www.sebastien-auziere.fr\/blog\/wp-json\/wp\/v2\/posts"}],"about":[{"href":"https:\/\/www.sebastien-auziere.fr\/blog\/wp-json\/wp\/v2\/types\/post"}],"author":[{"embeddable":true,"href":"https:\/\/www.sebastien-auziere.fr\/blog\/wp-json\/wp\/v2\/users\/9"}],"replies":[{"embeddable":true,"href":"https:\/\/www.sebastien-auziere.fr\/blog\/wp-json\/wp\/v2\/comments?post=3061"}],"version-history":[{"count":0,"href":"https:\/\/www.sebastien-auziere.fr\/blog\/wp-json\/wp\/v2\/posts\/3061\/revisions"}],"wp:featuredmedia":[{"embeddable":true,"href":"https:\/\/www.sebastien-auziere.fr\/blog\/wp-json\/wp\/v2\/media\/3060"}],"wp:attachment":[{"href":"https:\/\/www.sebastien-auziere.fr\/blog\/wp-json\/wp\/v2\/media?parent=3061"}],"wp:term":[{"taxonomy":"category","embeddable":true,"href":"https:\/\/www.sebastien-auziere.fr\/blog\/wp-json\/wp\/v2\/categories?post=3061"},{"taxonomy":"post_tag","embeddable":true,"href":"https:\/\/www.sebastien-auziere.fr\/blog\/wp-json\/wp\/v2\/tags?post=3061"}],"curies":[{"name":"wp","href":"https:\/\/api.w.org\/{rel}","templated":true}]}}