{"id":3056,"date":"2026-04-15T19:10:51","date_gmt":"2026-04-15T19:10:51","guid":{"rendered":"https:\/\/www.sebastien-auziere.fr\/blog\/?p=3056"},"modified":"2026-04-15T19:11:10","modified_gmt":"2026-04-15T19:11:10","slug":"brigitte-macron-vende-a-casa-da-familia-em-touquet-descubra-a-surpreendente-valorizacao-alcancada","status":"publish","type":"post","link":"https:\/\/www.sebastien-auziere.fr\/blog\/pt\/brigitte-macron-vende-a-casa-da-familia-em-touquet-descubra-a-surpreendente-valorizacao-alcancada\/","title":{"rendered":"Brigitte Macron vende a casa da fam\u00edlia em Touquet: descubra a surpreendente valoriza\u00e7\u00e3o alcan\u00e7ada"},"content":{"rendered":"<p>Uma pequena sensa\u00e7\u00e3o patrimonial abala Le Touquet: <strong>Brigitte Macron<\/strong> vendeu a <strong>casa da fam\u00edlia<\/strong> por <strong>3,6 milh\u00f5es de euros<\/strong>, realizando uma <strong>mais-valia<\/strong> de mais de <strong>1,5 milh\u00e3o de euros<\/strong> em rela\u00e7\u00e3o \u00e0 estimativa anterior. Esta <strong>venda imobili\u00e1ria<\/strong> atrai a aten\u00e7\u00e3o tanto pelo seu montante quanto pelo seu impacto no <strong>mercado imobili\u00e1rio de luxo<\/strong> local.<\/p>\n\n<p>Em resumo: a propriedade herdada e estimada em torno de <strong>2 milh\u00f5es de euros<\/strong> no momento da sucess\u00e3o encontrou comprador junto a um promotor, o im\u00f3vel situado no centro muito valorizado do <strong>Touquet<\/strong>. A opera\u00e7\u00e3o ilustra uma estrat\u00e9gia patrimonial ativa, confirmada pelos meios de comunica\u00e7\u00e3o nacionais como <a href=\"https:\/\/www.bfmtv.com\/immobilier\/200-en-10-ans-le-canard-enchaine-revele-que-brigitte-macron-a-vendu-sa-maison-du-touquet-pour-3-6-millions-d-euros_AV-202509020760.html\">BFMTV<\/a> e <a href=\"https:\/\/www.closermag.fr\/politique\/brigitte-macron-se-separe-de-sa-maison-du-touquet-cette-plus-value-colossale-quelle-a-empochee-3629996\">Closer<\/a>, que detalham a <strong>transa\u00e7\u00e3o imobili\u00e1ria<\/strong>.<\/p>\n\n<h2 class=\"wp-block-heading\">Montante da venda e n\u00fameros-chave da mais-valia<\/h2>\n\n<p>A venda em <strong>Touquet<\/strong> por <strong>3,6 M\u20ac<\/strong> contrasta fortemente com a estimativa inicial de cerca de <strong>2 M\u20ac<\/strong> no momento da sucess\u00e3o em 2014, resultando em uma <strong>mais-valia<\/strong> superior a <strong>1,5 M\u20ac<\/strong>. Este ganho est\u00e1 inserido em um mercado local onde a demanda supera a oferta, e onde cada transa\u00e7\u00e3o agora serve como um indicador econ\u00f4mico. Aqui voc\u00ea percebe o efeito combinado de uma localiza\u00e7\u00e3o privilegiada e uma disparada nos pre\u00e7os.<\/p>\n\n<h2 class=\"wp-block-heading\">Um promotor comprador e um projeto imobili\u00e1rio de prest\u00edgio<\/h2>\n\n<p>Segundo as informa\u00e7\u00f5es divulgadas, o comprador \u00e9 um promotor que visa desenvolver um projeto de <strong>alto padr\u00e3o<\/strong> no terreno central. A opera\u00e7\u00e3o aproveita uma localiza\u00e7\u00e3o estrat\u00e9gica e a din\u00e2mica tur\u00edstica de Touquet, j\u00e1 notada pela imprensa econ\u00f4mica. Esse tipo de investimento ilustra a transforma\u00e7\u00e3o do mercado local em dire\u00e7\u00e3o ao <strong>mercado imobili\u00e1rio de luxo<\/strong>, com retornos r\u00e1pidos para os vendedores astutos.<\/p>\n\n<h3 class=\"wp-block-heading\">Novo ref\u00fagio, reformas e gest\u00e3o do patrim\u00f4nio<\/h3>\n\n<p>Emmanuel e Brigitte Macron decidiram consolidar seus la\u00e7os com Touquet adquirindo uma nova villa com vista para o mar, compra confirmada durante uma viagem a Roma. A nova resid\u00eancia ser\u00e1 objeto de amplia\u00e7\u00f5es, com a \u00e1rea passando de <strong>366 para 450 m\u00b2<\/strong>, com uma fachada repensada para mais contemporaneidade. Essa estrat\u00e9gia patrimonial ilustra uma arbitragem bem-sucedida entre conforto familiar e otimiza\u00e7\u00e3o das <strong>finan\u00e7as pessoais<\/strong>.<\/p>\n\n<p>Para saber mais sobre a trajet\u00f3ria familiar e patrimonial em torno desta <strong>transa\u00e7\u00e3o imobili\u00e1ria<\/strong> e descobrir elementos complementares sobre <strong>Brigitte Macron<\/strong> e seus la\u00e7os com Touquet, encontre um dossi\u00ea detalhado no <a href=\"https:\/\/www.sebastien-auziere.fr\/blog\/brigitte-macron-villa-touquet\/\">site dedicado a S\u00e9bastien Auzi\u00e8re<\/a>. Voc\u00ea encontrar\u00e1 an\u00e1lises e documentos para aprofundar este epis\u00f3dio de atualidade patrimonial.<\/p>","protected":false},"excerpt":{"rendered":"<p>Uma pequena sensa\u00e7\u00e3o patrimonial abala Le Touquet: Brigitte Macron vendeu a casa da fam\u00edlia por 3,6 milh\u00f5es de euros, realizando uma mais-valia de mais de 1,5 milh\u00e3o de euros em rela\u00e7\u00e3o \u00e0 estimativa anterior. Esta venda imobili\u00e1ria atrai a aten\u00e7\u00e3o tanto pelo seu montante quanto pelo seu impacto no mercado imobili\u00e1rio de luxo local. Em &#8230; <a title=\"Brigitte Macron vende a casa da fam\u00edlia em Touquet: descubra a surpreendente valoriza\u00e7\u00e3o alcan\u00e7ada\" class=\"read-more\" href=\"https:\/\/www.sebastien-auziere.fr\/blog\/pt\/brigitte-macron-vende-a-casa-da-familia-em-touquet-descubra-a-surpreendente-valorizacao-alcancada\/\" aria-label=\"En savoir plus sur Brigitte Macron vende a casa da fam\u00edlia em Touquet: descubra a surpreendente valoriza\u00e7\u00e3o alcan\u00e7ada\">Lire plus<\/a><\/p>\n","protected":false},"author":9,"featured_media":3046,"comment_status":"open","ping_status":"open","sticky":false,"template":"","format":"standard","meta":{"footnotes":""},"categories":[862],"tags":[959,3048,3051,3054,2836],"class_list":["post-3056","post","type-post","status-publish","format-standard","has-post-thumbnail","hentry","category-actualidades-pt","tag-brigitte-macron-pt","tag-casa-de-familia-pt","tag-mais-valia-imobiliaria-pt","tag-touquet-pt","tag-venda-imobiliaria-pt"],"yoast_head":"<!-- This site is optimized with the Yoast SEO plugin v27.5 - https:\/\/yoast.com\/product\/yoast-seo-wordpress\/ -->\n<title>Brigitte Macron vende a casa da fam\u00edlia em Touquet: descubra a surpreendente valoriza\u00e7\u00e3o alcan\u00e7ada - Fan site S\u00e9bastien Auzi\u00e8re<\/title>\n<meta name=\"description\" content=\"Brigitte Macron vend la maison familiale au Touquet : d\u00e9couvrez la plus-value surprenante r\u00e9alis\u00e9e et les d\u00e9tails de cette vente exclusive.\" \/>\n<meta name=\"robots\" content=\"index, follow, max-snippet:-1, max-image-preview:large, max-video-preview:-1\" \/>\n<link rel=\"canonical\" href=\"https:\/\/www.sebastien-auziere.fr\/blog\/pt\/brigitte-macron-vende-a-casa-da-familia-em-touquet-descubra-a-surpreendente-valorizacao-alcancada\/\" \/>\n<meta property=\"og:locale\" content=\"fr_FR\" \/>\n<meta property=\"og:type\" content=\"article\" \/>\n<meta property=\"og:title\" content=\"Brigitte Macron vende a casa da fam\u00edlia em Touquet: descubra a surpreendente valoriza\u00e7\u00e3o alcan\u00e7ada - Fan site S\u00e9bastien Auzi\u00e8re\" \/>\n<meta property=\"og:description\" content=\"Brigitte Macron vend la maison familiale au Touquet : d\u00e9couvrez la plus-value surprenante r\u00e9alis\u00e9e et les d\u00e9tails de cette vente exclusive.\" \/>\n<meta property=\"og:url\" content=\"https:\/\/www.sebastien-auziere.fr\/blog\/pt\/brigitte-macron-vende-a-casa-da-familia-em-touquet-descubra-a-surpreendente-valorizacao-alcancada\/\" \/>\n<meta property=\"og:site_name\" content=\"Fan site S\u00e9bastien Auzi\u00e8re\" \/>\n<meta property=\"article:published_time\" content=\"2026-04-15T19:10:51+00:00\" \/>\n<meta property=\"article:modified_time\" content=\"2026-04-15T19:11:10+00:00\" \/>\n<meta property=\"og:image\" content=\"https:\/\/www.sebastien-auziere.fr\/blog\/wp-content\/uploads\/2026\/04\/Brigitte-Macron-vend-la-maison-familiale-au-Touquet-decouvrez-la-plus-value-surprenante-realisee.jpg\" \/>\n\t<meta property=\"og:image:width\" content=\"2560\" \/>\n\t<meta property=\"og:image:height\" content=\"1429\" \/>\n\t<meta property=\"og:image:type\" content=\"image\/jpeg\" \/>\n<meta name=\"author\" content=\"Chloe Gauthier\" \/>\n<meta name=\"twitter:card\" content=\"summary_large_image\" \/>\n<meta name=\"twitter:label1\" content=\"\u00c9crit par\" \/>\n\t<meta name=\"twitter:data1\" content=\"Chloe Gauthier\" \/>\n\t<meta name=\"twitter:label2\" content=\"Dur\u00e9e de lecture estim\u00e9e\" \/>\n\t<meta name=\"twitter:data2\" content=\"2 minutes\" \/>\n<script type=\"application\/ld+json\" class=\"yoast-schema-graph\">{\"@context\":\"https:\\\/\\\/schema.org\",\"@graph\":[{\"@type\":\"Article\",\"@id\":\"https:\\\/\\\/www.sebastien-auziere.fr\\\/blog\\\/pt\\\/brigitte-macron-vende-a-casa-da-familia-em-touquet-descubra-a-surpreendente-valorizacao-alcancada\\\/#article\",\"isPartOf\":{\"@id\":\"https:\\\/\\\/www.sebastien-auziere.fr\\\/blog\\\/pt\\\/brigitte-macron-vende-a-casa-da-familia-em-touquet-descubra-a-surpreendente-valorizacao-alcancada\\\/\"},\"author\":{\"name\":\"Chloe Gauthier\",\"@id\":\"https:\\\/\\\/www.sebastien-auziere.fr\\\/blog\\\/#\\\/schema\\\/person\\\/149f1acdbfd85149c6c3e59adeae2f4d\"},\"headline\":\"Brigitte Macron vende a casa da fam\u00edlia em Touquet: descubra a surpreendente valoriza\u00e7\u00e3o alcan\u00e7ada\",\"datePublished\":\"2026-04-15T19:10:51+00:00\",\"dateModified\":\"2026-04-15T19:11:10+00:00\",\"mainEntityOfPage\":{\"@id\":\"https:\\\/\\\/www.sebastien-auziere.fr\\\/blog\\\/pt\\\/brigitte-macron-vende-a-casa-da-familia-em-touquet-descubra-a-surpreendente-valorizacao-alcancada\\\/\"},\"wordCount\":435,\"commentCount\":0,\"publisher\":{\"@id\":\"https:\\\/\\\/www.sebastien-auziere.fr\\\/blog\\\/#organization\"},\"image\":{\"@id\":\"https:\\\/\\\/www.sebastien-auziere.fr\\\/blog\\\/pt\\\/brigitte-macron-vende-a-casa-da-familia-em-touquet-descubra-a-surpreendente-valorizacao-alcancada\\\/#primaryimage\"},\"thumbnailUrl\":\"https:\\\/\\\/www.sebastien-auziere.fr\\\/blog\\\/wp-content\\\/uploads\\\/2026\\\/04\\\/Brigitte-Macron-vend-la-maison-familiale-au-Touquet-decouvrez-la-plus-value-surprenante-realisee.jpg\",\"keywords\":[\"brigitte macron\",\"casa de fam\u00edlia\",\"mais-valia imobili\u00e1ria\",\"touquet\",\"venda imobili\u00e1ria\"],\"articleSection\":[\"Actualidades\"],\"inLanguage\":\"fr-FR\",\"potentialAction\":[{\"@type\":\"CommentAction\",\"name\":\"Comment\",\"target\":[\"https:\\\/\\\/www.sebastien-auziere.fr\\\/blog\\\/pt\\\/brigitte-macron-vende-a-casa-da-familia-em-touquet-descubra-a-surpreendente-valorizacao-alcancada\\\/#respond\"]}]},{\"@type\":\"WebPage\",\"@id\":\"https:\\\/\\\/www.sebastien-auziere.fr\\\/blog\\\/pt\\\/brigitte-macron-vende-a-casa-da-familia-em-touquet-descubra-a-surpreendente-valorizacao-alcancada\\\/\",\"url\":\"https:\\\/\\\/www.sebastien-auziere.fr\\\/blog\\\/pt\\\/brigitte-macron-vende-a-casa-da-familia-em-touquet-descubra-a-surpreendente-valorizacao-alcancada\\\/\",\"name\":\"Brigitte Macron vende a casa da fam\u00edlia em Touquet: descubra a surpreendente valoriza\u00e7\u00e3o alcan\u00e7ada - Fan site S\u00e9bastien Auzi\u00e8re\",\"isPartOf\":{\"@id\":\"https:\\\/\\\/www.sebastien-auziere.fr\\\/blog\\\/#website\"},\"primaryImageOfPage\":{\"@id\":\"https:\\\/\\\/www.sebastien-auziere.fr\\\/blog\\\/pt\\\/brigitte-macron-vende-a-casa-da-familia-em-touquet-descubra-a-surpreendente-valorizacao-alcancada\\\/#primaryimage\"},\"image\":{\"@id\":\"https:\\\/\\\/www.sebastien-auziere.fr\\\/blog\\\/pt\\\/brigitte-macron-vende-a-casa-da-familia-em-touquet-descubra-a-surpreendente-valorizacao-alcancada\\\/#primaryimage\"},\"thumbnailUrl\":\"https:\\\/\\\/www.sebastien-auziere.fr\\\/blog\\\/wp-content\\\/uploads\\\/2026\\\/04\\\/Brigitte-Macron-vend-la-maison-familiale-au-Touquet-decouvrez-la-plus-value-surprenante-realisee.jpg\",\"datePublished\":\"2026-04-15T19:10:51+00:00\",\"dateModified\":\"2026-04-15T19:11:10+00:00\",\"description\":\"Brigitte Macron vend la maison familiale au Touquet : d\u00e9couvrez la plus-value surprenante r\u00e9alis\u00e9e et les d\u00e9tails de cette vente exclusive.\",\"breadcrumb\":{\"@id\":\"https:\\\/\\\/www.sebastien-auziere.fr\\\/blog\\\/pt\\\/brigitte-macron-vende-a-casa-da-familia-em-touquet-descubra-a-surpreendente-valorizacao-alcancada\\\/#breadcrumb\"},\"inLanguage\":\"fr-FR\",\"potentialAction\":[{\"@type\":\"ReadAction\",\"target\":[\"https:\\\/\\\/www.sebastien-auziere.fr\\\/blog\\\/pt\\\/brigitte-macron-vende-a-casa-da-familia-em-touquet-descubra-a-surpreendente-valorizacao-alcancada\\\/\"]}]},{\"@type\":\"ImageObject\",\"inLanguage\":\"fr-FR\",\"@id\":\"https:\\\/\\\/www.sebastien-auziere.fr\\\/blog\\\/pt\\\/brigitte-macron-vende-a-casa-da-familia-em-touquet-descubra-a-surpreendente-valorizacao-alcancada\\\/#primaryimage\",\"url\":\"https:\\\/\\\/www.sebastien-auziere.fr\\\/blog\\\/wp-content\\\/uploads\\\/2026\\\/04\\\/Brigitte-Macron-vend-la-maison-familiale-au-Touquet-decouvrez-la-plus-value-surprenante-realisee.jpg\",\"contentUrl\":\"https:\\\/\\\/www.sebastien-auziere.fr\\\/blog\\\/wp-content\\\/uploads\\\/2026\\\/04\\\/Brigitte-Macron-vend-la-maison-familiale-au-Touquet-decouvrez-la-plus-value-surprenante-realisee.jpg\",\"width\":2560,\"height\":1429,\"caption\":\"brigitte macron vend la maison familiale au touquet et r\u00e9alise une plus-value \u00e9tonnante. d\u00e9couvrez tous les d\u00e9tails de cette vente immobili\u00e8re surprenante.\"},{\"@type\":\"BreadcrumbList\",\"@id\":\"https:\\\/\\\/www.sebastien-auziere.fr\\\/blog\\\/pt\\\/brigitte-macron-vende-a-casa-da-familia-em-touquet-descubra-a-surpreendente-valorizacao-alcancada\\\/#breadcrumb\",\"itemListElement\":[{\"@type\":\"ListItem\",\"position\":1,\"name\":\"Home\",\"item\":\"https:\\\/\\\/www.sebastien-auziere.fr\\\/blog\\\/\"},{\"@type\":\"ListItem\",\"position\":2,\"name\":\"Brigitte Macron vende a casa da fam\u00edlia em Touquet: descubra a surpreendente valoriza\u00e7\u00e3o alcan\u00e7ada\"}]},{\"@type\":\"WebSite\",\"@id\":\"https:\\\/\\\/www.sebastien-auziere.fr\\\/blog\\\/#website\",\"url\":\"https:\\\/\\\/www.sebastien-auziere.fr\\\/blog\\\/\",\"name\":\"Fan site S\u00e9bastien Auzi\u00e8re\",\"description\":\"M\u00e9dia g\u00e9n\u00e9raliste\",\"publisher\":{\"@id\":\"https:\\\/\\\/www.sebastien-auziere.fr\\\/blog\\\/#organization\"},\"potentialAction\":[{\"@type\":\"SearchAction\",\"target\":{\"@type\":\"EntryPoint\",\"urlTemplate\":\"https:\\\/\\\/www.sebastien-auziere.fr\\\/blog\\\/?s={search_term_string}\"},\"query-input\":{\"@type\":\"PropertyValueSpecification\",\"valueRequired\":true,\"valueName\":\"search_term_string\"}}],\"inLanguage\":\"fr-FR\"},{\"@type\":\"Organization\",\"@id\":\"https:\\\/\\\/www.sebastien-auziere.fr\\\/blog\\\/#organization\",\"name\":\"Fan site S\u00e9bastien Auzi\u00e8re\",\"url\":\"https:\\\/\\\/www.sebastien-auziere.fr\\\/blog\\\/\",\"logo\":{\"@type\":\"ImageObject\",\"inLanguage\":\"fr-FR\",\"@id\":\"https:\\\/\\\/www.sebastien-auziere.fr\\\/blog\\\/#\\\/schema\\\/logo\\\/image\\\/\",\"url\":\"https:\\\/\\\/www.sebastien-auziere.fr\\\/blog\\\/wp-content\\\/uploads\\\/2026\\\/03\\\/cropped-cropped-cropped-ChatGPT-Image-6-mars-2026-12_58_09-e1772798376794.jpg\",\"contentUrl\":\"https:\\\/\\\/www.sebastien-auziere.fr\\\/blog\\\/wp-content\\\/uploads\\\/2026\\\/03\\\/cropped-cropped-cropped-ChatGPT-Image-6-mars-2026-12_58_09-e1772798376794.jpg\",\"width\":512,\"height\":360,\"caption\":\"Fan site S\u00e9bastien Auzi\u00e8re\"},\"image\":{\"@id\":\"https:\\\/\\\/www.sebastien-auziere.fr\\\/blog\\\/#\\\/schema\\\/logo\\\/image\\\/\"}},{\"@type\":\"Person\",\"@id\":\"https:\\\/\\\/www.sebastien-auziere.fr\\\/blog\\\/#\\\/schema\\\/person\\\/149f1acdbfd85149c6c3e59adeae2f4d\",\"name\":\"Chloe Gauthier\",\"image\":{\"@type\":\"ImageObject\",\"inLanguage\":\"fr-FR\",\"@id\":\"https:\\\/\\\/secure.gravatar.com\\\/avatar\\\/2c5722f58171cff738a8985ef0dd66b476e563753246a49019befc837ec4201a?s=96&d=mm&r=g\",\"url\":\"https:\\\/\\\/secure.gravatar.com\\\/avatar\\\/2c5722f58171cff738a8985ef0dd66b476e563753246a49019befc837ec4201a?s=96&d=mm&r=g\",\"contentUrl\":\"https:\\\/\\\/secure.gravatar.com\\\/avatar\\\/2c5722f58171cff738a8985ef0dd66b476e563753246a49019befc837ec4201a?s=96&d=mm&r=g\",\"caption\":\"Chloe Gauthier\"},\"description\":\"Passionn\u00e9e par la politique et admiratrice engag\u00e9e de la famille Macron, je consacre mon \u00e9nergie \u00e0 suivre leurs initiatives et \u00e0 promouvoir leurs id\u00e9es. \u00c0 32 ans, je suis convaincue que leur vision est porteuse d'avenir.\",\"url\":\"https:\\\/\\\/www.sebastien-auziere.fr\\\/blog\\\/author\\\/chloe-gauthier\\\/\"}]}<\/script>\n<!-- \/ Yoast SEO plugin. -->","yoast_head_json":{"title":"Brigitte Macron vende a casa da fam\u00edlia em Touquet: descubra a surpreendente valoriza\u00e7\u00e3o alcan\u00e7ada - Fan site S\u00e9bastien Auzi\u00e8re","description":"Brigitte Macron vend la maison familiale au Touquet : d\u00e9couvrez la plus-value surprenante r\u00e9alis\u00e9e et les d\u00e9tails de cette vente exclusive.","robots":{"index":"index","follow":"follow","max-snippet":"max-snippet:-1","max-image-preview":"max-image-preview:large","max-video-preview":"max-video-preview:-1"},"canonical":"https:\/\/www.sebastien-auziere.fr\/blog\/pt\/brigitte-macron-vende-a-casa-da-familia-em-touquet-descubra-a-surpreendente-valorizacao-alcancada\/","og_locale":"fr_FR","og_type":"article","og_title":"Brigitte Macron vende a casa da fam\u00edlia em Touquet: descubra a surpreendente valoriza\u00e7\u00e3o alcan\u00e7ada - Fan site S\u00e9bastien Auzi\u00e8re","og_description":"Brigitte Macron vend la maison familiale au Touquet : d\u00e9couvrez la plus-value surprenante r\u00e9alis\u00e9e et les d\u00e9tails de cette vente exclusive.","og_url":"https:\/\/www.sebastien-auziere.fr\/blog\/pt\/brigitte-macron-vende-a-casa-da-familia-em-touquet-descubra-a-surpreendente-valorizacao-alcancada\/","og_site_name":"Fan site S\u00e9bastien Auzi\u00e8re","article_published_time":"2026-04-15T19:10:51+00:00","article_modified_time":"2026-04-15T19:11:10+00:00","og_image":[{"width":2560,"height":1429,"url":"https:\/\/www.sebastien-auziere.fr\/blog\/wp-content\/uploads\/2026\/04\/Brigitte-Macron-vend-la-maison-familiale-au-Touquet-decouvrez-la-plus-value-surprenante-realisee.jpg","type":"image\/jpeg"}],"author":"Chloe Gauthier","twitter_card":"summary_large_image","twitter_misc":{"\u00c9crit par":"Chloe Gauthier","Dur\u00e9e de lecture estim\u00e9e":"2 minutes"},"schema":{"@context":"https:\/\/schema.org","@graph":[{"@type":"Article","@id":"https:\/\/www.sebastien-auziere.fr\/blog\/pt\/brigitte-macron-vende-a-casa-da-familia-em-touquet-descubra-a-surpreendente-valorizacao-alcancada\/#article","isPartOf":{"@id":"https:\/\/www.sebastien-auziere.fr\/blog\/pt\/brigitte-macron-vende-a-casa-da-familia-em-touquet-descubra-a-surpreendente-valorizacao-alcancada\/"},"author":{"name":"Chloe Gauthier","@id":"https:\/\/www.sebastien-auziere.fr\/blog\/#\/schema\/person\/149f1acdbfd85149c6c3e59adeae2f4d"},"headline":"Brigitte Macron vende a casa da fam\u00edlia em Touquet: descubra a surpreendente valoriza\u00e7\u00e3o alcan\u00e7ada","datePublished":"2026-04-15T19:10:51+00:00","dateModified":"2026-04-15T19:11:10+00:00","mainEntityOfPage":{"@id":"https:\/\/www.sebastien-auziere.fr\/blog\/pt\/brigitte-macron-vende-a-casa-da-familia-em-touquet-descubra-a-surpreendente-valorizacao-alcancada\/"},"wordCount":435,"commentCount":0,"publisher":{"@id":"https:\/\/www.sebastien-auziere.fr\/blog\/#organization"},"image":{"@id":"https:\/\/www.sebastien-auziere.fr\/blog\/pt\/brigitte-macron-vende-a-casa-da-familia-em-touquet-descubra-a-surpreendente-valorizacao-alcancada\/#primaryimage"},"thumbnailUrl":"https:\/\/www.sebastien-auziere.fr\/blog\/wp-content\/uploads\/2026\/04\/Brigitte-Macron-vend-la-maison-familiale-au-Touquet-decouvrez-la-plus-value-surprenante-realisee.jpg","keywords":["brigitte macron","casa de fam\u00edlia","mais-valia imobili\u00e1ria","touquet","venda imobili\u00e1ria"],"articleSection":["Actualidades"],"inLanguage":"fr-FR","potentialAction":[{"@type":"CommentAction","name":"Comment","target":["https:\/\/www.sebastien-auziere.fr\/blog\/pt\/brigitte-macron-vende-a-casa-da-familia-em-touquet-descubra-a-surpreendente-valorizacao-alcancada\/#respond"]}]},{"@type":"WebPage","@id":"https:\/\/www.sebastien-auziere.fr\/blog\/pt\/brigitte-macron-vende-a-casa-da-familia-em-touquet-descubra-a-surpreendente-valorizacao-alcancada\/","url":"https:\/\/www.sebastien-auziere.fr\/blog\/pt\/brigitte-macron-vende-a-casa-da-familia-em-touquet-descubra-a-surpreendente-valorizacao-alcancada\/","name":"Brigitte Macron vende a casa da fam\u00edlia em Touquet: descubra a surpreendente valoriza\u00e7\u00e3o alcan\u00e7ada - Fan site S\u00e9bastien Auzi\u00e8re","isPartOf":{"@id":"https:\/\/www.sebastien-auziere.fr\/blog\/#website"},"primaryImageOfPage":{"@id":"https:\/\/www.sebastien-auziere.fr\/blog\/pt\/brigitte-macron-vende-a-casa-da-familia-em-touquet-descubra-a-surpreendente-valorizacao-alcancada\/#primaryimage"},"image":{"@id":"https:\/\/www.sebastien-auziere.fr\/blog\/pt\/brigitte-macron-vende-a-casa-da-familia-em-touquet-descubra-a-surpreendente-valorizacao-alcancada\/#primaryimage"},"thumbnailUrl":"https:\/\/www.sebastien-auziere.fr\/blog\/wp-content\/uploads\/2026\/04\/Brigitte-Macron-vend-la-maison-familiale-au-Touquet-decouvrez-la-plus-value-surprenante-realisee.jpg","datePublished":"2026-04-15T19:10:51+00:00","dateModified":"2026-04-15T19:11:10+00:00","description":"Brigitte Macron vend la maison familiale au Touquet : d\u00e9couvrez la plus-value surprenante r\u00e9alis\u00e9e et les d\u00e9tails de cette vente exclusive.","breadcrumb":{"@id":"https:\/\/www.sebastien-auziere.fr\/blog\/pt\/brigitte-macron-vende-a-casa-da-familia-em-touquet-descubra-a-surpreendente-valorizacao-alcancada\/#breadcrumb"},"inLanguage":"fr-FR","potentialAction":[{"@type":"ReadAction","target":["https:\/\/www.sebastien-auziere.fr\/blog\/pt\/brigitte-macron-vende-a-casa-da-familia-em-touquet-descubra-a-surpreendente-valorizacao-alcancada\/"]}]},{"@type":"ImageObject","inLanguage":"fr-FR","@id":"https:\/\/www.sebastien-auziere.fr\/blog\/pt\/brigitte-macron-vende-a-casa-da-familia-em-touquet-descubra-a-surpreendente-valorizacao-alcancada\/#primaryimage","url":"https:\/\/www.sebastien-auziere.fr\/blog\/wp-content\/uploads\/2026\/04\/Brigitte-Macron-vend-la-maison-familiale-au-Touquet-decouvrez-la-plus-value-surprenante-realisee.jpg","contentUrl":"https:\/\/www.sebastien-auziere.fr\/blog\/wp-content\/uploads\/2026\/04\/Brigitte-Macron-vend-la-maison-familiale-au-Touquet-decouvrez-la-plus-value-surprenante-realisee.jpg","width":2560,"height":1429,"caption":"brigitte macron vend la maison familiale au touquet et r\u00e9alise une plus-value \u00e9tonnante. d\u00e9couvrez tous les d\u00e9tails de cette vente immobili\u00e8re surprenante."},{"@type":"BreadcrumbList","@id":"https:\/\/www.sebastien-auziere.fr\/blog\/pt\/brigitte-macron-vende-a-casa-da-familia-em-touquet-descubra-a-surpreendente-valorizacao-alcancada\/#breadcrumb","itemListElement":[{"@type":"ListItem","position":1,"name":"Home","item":"https:\/\/www.sebastien-auziere.fr\/blog\/"},{"@type":"ListItem","position":2,"name":"Brigitte Macron vende a casa da fam\u00edlia em Touquet: descubra a surpreendente valoriza\u00e7\u00e3o alcan\u00e7ada"}]},{"@type":"WebSite","@id":"https:\/\/www.sebastien-auziere.fr\/blog\/#website","url":"https:\/\/www.sebastien-auziere.fr\/blog\/","name":"Fan site S\u00e9bastien Auzi\u00e8re","description":"M\u00e9dia g\u00e9n\u00e9raliste","publisher":{"@id":"https:\/\/www.sebastien-auziere.fr\/blog\/#organization"},"potentialAction":[{"@type":"SearchAction","target":{"@type":"EntryPoint","urlTemplate":"https:\/\/www.sebastien-auziere.fr\/blog\/?s={search_term_string}"},"query-input":{"@type":"PropertyValueSpecification","valueRequired":true,"valueName":"search_term_string"}}],"inLanguage":"fr-FR"},{"@type":"Organization","@id":"https:\/\/www.sebastien-auziere.fr\/blog\/#organization","name":"Fan site S\u00e9bastien Auzi\u00e8re","url":"https:\/\/www.sebastien-auziere.fr\/blog\/","logo":{"@type":"ImageObject","inLanguage":"fr-FR","@id":"https:\/\/www.sebastien-auziere.fr\/blog\/#\/schema\/logo\/image\/","url":"https:\/\/www.sebastien-auziere.fr\/blog\/wp-content\/uploads\/2026\/03\/cropped-cropped-cropped-ChatGPT-Image-6-mars-2026-12_58_09-e1772798376794.jpg","contentUrl":"https:\/\/www.sebastien-auziere.fr\/blog\/wp-content\/uploads\/2026\/03\/cropped-cropped-cropped-ChatGPT-Image-6-mars-2026-12_58_09-e1772798376794.jpg","width":512,"height":360,"caption":"Fan site S\u00e9bastien Auzi\u00e8re"},"image":{"@id":"https:\/\/www.sebastien-auziere.fr\/blog\/#\/schema\/logo\/image\/"}},{"@type":"Person","@id":"https:\/\/www.sebastien-auziere.fr\/blog\/#\/schema\/person\/149f1acdbfd85149c6c3e59adeae2f4d","name":"Chloe Gauthier","image":{"@type":"ImageObject","inLanguage":"fr-FR","@id":"https:\/\/secure.gravatar.com\/avatar\/2c5722f58171cff738a8985ef0dd66b476e563753246a49019befc837ec4201a?s=96&d=mm&r=g","url":"https:\/\/secure.gravatar.com\/avatar\/2c5722f58171cff738a8985ef0dd66b476e563753246a49019befc837ec4201a?s=96&d=mm&r=g","contentUrl":"https:\/\/secure.gravatar.com\/avatar\/2c5722f58171cff738a8985ef0dd66b476e563753246a49019befc837ec4201a?s=96&d=mm&r=g","caption":"Chloe Gauthier"},"description":"Passionn\u00e9e par la politique et admiratrice engag\u00e9e de la famille Macron, je consacre mon \u00e9nergie \u00e0 suivre leurs initiatives et \u00e0 promouvoir leurs id\u00e9es. \u00c0 32 ans, je suis convaincue que leur vision est porteuse d'avenir.","url":"https:\/\/www.sebastien-auziere.fr\/blog\/author\/chloe-gauthier\/"}]}},"views":0,"_links":{"self":[{"href":"https:\/\/www.sebastien-auziere.fr\/blog\/wp-json\/wp\/v2\/posts\/3056","targetHints":{"allow":["GET"]}}],"collection":[{"href":"https:\/\/www.sebastien-auziere.fr\/blog\/wp-json\/wp\/v2\/posts"}],"about":[{"href":"https:\/\/www.sebastien-auziere.fr\/blog\/wp-json\/wp\/v2\/types\/post"}],"author":[{"embeddable":true,"href":"https:\/\/www.sebastien-auziere.fr\/blog\/wp-json\/wp\/v2\/users\/9"}],"replies":[{"embeddable":true,"href":"https:\/\/www.sebastien-auziere.fr\/blog\/wp-json\/wp\/v2\/comments?post=3056"}],"version-history":[{"count":1,"href":"https:\/\/www.sebastien-auziere.fr\/blog\/wp-json\/wp\/v2\/posts\/3056\/revisions"}],"predecessor-version":[{"id":3057,"href":"https:\/\/www.sebastien-auziere.fr\/blog\/wp-json\/wp\/v2\/posts\/3056\/revisions\/3057"}],"wp:featuredmedia":[{"embeddable":true,"href":"https:\/\/www.sebastien-auziere.fr\/blog\/wp-json\/wp\/v2\/media\/3046"}],"wp:attachment":[{"href":"https:\/\/www.sebastien-auziere.fr\/blog\/wp-json\/wp\/v2\/media?parent=3056"}],"wp:term":[{"taxonomy":"category","embeddable":true,"href":"https:\/\/www.sebastien-auziere.fr\/blog\/wp-json\/wp\/v2\/categories?post=3056"},{"taxonomy":"post_tag","embeddable":true,"href":"https:\/\/www.sebastien-auziere.fr\/blog\/wp-json\/wp\/v2\/tags?post=3056"}],"curies":[{"name":"wp","href":"https:\/\/api.w.org\/{rel}","templated":true}]}}