{"id":3052,"date":"2026-04-15T19:08:42","date_gmt":"2026-04-15T19:08:42","guid":{"rendered":"https:\/\/www.sebastien-auziere.fr\/blog\/?p=3052"},"modified":"2026-04-15T19:08:59","modified_gmt":"2026-04-15T19:08:59","slug":"brigitte-macron-verkauft-das-familienhaus-in-le-touquet-entdecken-sie-die-uberraschende-wertsteigerung","status":"publish","type":"post","link":"https:\/\/www.sebastien-auziere.fr\/blog\/de\/brigitte-macron-verkauft-das-familienhaus-in-le-touquet-entdecken-sie-die-uberraschende-wertsteigerung\/","title":{"rendered":"Brigitte Macron verkauft das Familienhaus in Le Touquet: entdecken Sie die \u00fcberraschende Wertsteigerung"},"content":{"rendered":"<p>Ein kleines Erbe bewegt Le Touquet: <strong>Brigitte Macron<\/strong> hat das <strong>Familienhaus<\/strong> f\u00fcr <strong>3,6 Millionen Euro<\/strong> verkauft und dabei einen <strong>Gewinn<\/strong> von \u00fcber <strong>1,5 Millionen Euro<\/strong> im Vergleich zur vorherigen Sch\u00e4tzung erzielt. Dieser <strong>Immobilienverkauf<\/strong> zieht sowohl aufgrund seines Betrags als auch seiner Auswirkungen auf die lokale <strong>Luxusimmobilien<\/strong> auf sich die Aufmerksamkeit.<\/p>\n\n<p>Kurz gesagt: Die geerbte und bei der Nachlassregelung auf etwa <strong>2 Millionen Euro<\/strong> gesch\u00e4tzte Immobilie fand bei einem Entwickler Abnehmer, da sich das Grundst\u00fcck im sehr gefragten Stadtzentrum von <strong>Touquet<\/strong> befindet. Der Vorgang veranschaulicht eine aktive Erbe-Strategie, die von den nationalen Medien wie <a href=\"https:\/\/www.bfmtv.com\/immobilier\/200-en-10-ans-le-canard-enchaine-revele-que-brigitte-macron-a-vendu-sa-maison-du-touquet-pour-3-6-millions-d-euros_AV-202509020760.html\">BFMTV<\/a> und <a href=\"https:\/\/www.closermag.fr\/politique\/brigitte-macron-se-separe-de-sa-maison-du-touquet-cette-plus-value-colossale-quelle-a-empochee-3629996\">Closer<\/a> best\u00e4tigt wird, die die <strong>Immobilientransaktion<\/strong> detailliert darstellen.<\/p>\n\n<h2 class=\"wp-block-heading\">Verkaufspreis und wichtige Zahlen zum Gewinn<\/h2>\n\n<p>Der Verkauf im <strong>Touquet<\/strong> f\u00fcr <strong>3,6 M\u20ac<\/strong> steht im starken Kontrast zur urspr\u00fcnglichen Sch\u00e4tzung von etwa <strong>2 M\u20ac<\/strong> zum Zeitpunkt der Nachlassregelung im Jahr 2014, was zu einem <strong>Gewinn<\/strong> von \u00fcber <strong>1,5 M\u20ac<\/strong> f\u00fchrt. Dieser Gewinn f\u00e4llt in einen lokalen Markt, in dem die Nachfrage das Angebot \u00fcbersteigt und jede Transaktion nun als wirtschaftlicher Indikator dient. Hier sp\u00fcrt man den kombinierten Effekt einer privilegierten Lage und eines Preisanstiegs.<\/p>\n\n<h2 class=\"wp-block-heading\">Ein K\u00e4ufer-Entwickler und ein prestigetr\u00e4chtiges Immobilienprojekt<\/h2>\n\n<p>Nach den ver\u00f6ffentlichten Informationen handelt es sich beim K\u00e4ufer um einen Entwickler, der beabsichtigt, ein <strong>hochwertiges<\/strong> Projekt auf dem zentralen Grundst\u00fcck zu entwickeln. Der Vorgang profitiert von einer strategischen Lage und der touristischen Dynamik von Touquet, die bereits von der Wirtschaftspresse hervorgehoben wurde. Diese Art von Investition veranschaulicht die Transformation des lokalen Marktes hin zu <strong>Luxusimmobilien<\/strong>, mit schnellen Renditen f\u00fcr informierte Verk\u00e4ufer.<\/p>\n\n<h3 class=\"wp-block-heading\">Neues Refugium, Renovierungen und Verm\u00f6gensverwaltung<\/h3>\n\n<p>Emmanuel und Brigitte Macron haben beschlossen, ihre Bindungen an Touquet zu festigen, indem sie eine neue Villa mit Meerblick erwerben, ein Kauf, der w\u00e4hrend eines Aufenthalts in Rom best\u00e4tigt wurde. Das neue Zuhause wird erweitert, die Fl\u00e4che von <strong>366 auf 450 m\u00b2<\/strong> vergr\u00f6\u00dfert, mit einer neu gestalteten Fassade f\u00fcr mehr Contemporary-Look. Diese Verm\u00f6gensstrategie veranschaulicht eine erfolgreiche Abw\u00e4gung zwischen famili\u00e4rem Komfort und Optimierung der <strong>pers\u00f6nlichen Finanzen<\/strong>.<\/p>\n\n<p>Um mehr \u00fcber die famili\u00e4re und verm\u00f6gensbezogene Entwicklung rund um diese <strong>Immobilientransaktion<\/strong> zu erfahren und erg\u00e4nzende Informationen \u00fcber <strong>Brigitte Macron<\/strong> und ihre Verbindungen zu Touquet zu entdecken, findest du eine detaillierte Sonderausgabe auf <a href=\"https:\/\/www.sebastien-auziere.fr\/blog\/brigitte-macron-villa-touquet\/\">der Webseite von S\u00e9bastien Auzi\u00e8re<\/a>. Dort findest du Analysen und Dokumente, um dieses aktuelle verm\u00f6gensrelevante Ereignis zu vertiefen.<\/p>","protected":false},"excerpt":{"rendered":"<p>Ein kleines Erbe bewegt Le Touquet: Brigitte Macron hat das Familienhaus f\u00fcr 3,6 Millionen Euro verkauft und dabei einen Gewinn von \u00fcber 1,5 Millionen Euro im Vergleich zur vorherigen Sch\u00e4tzung erzielt. Dieser Immobilienverkauf zieht sowohl aufgrund seines Betrags als auch seiner Auswirkungen auf die lokale Luxusimmobilien auf sich die Aufmerksamkeit. Kurz gesagt: Die geerbte und &#8230; <a title=\"Brigitte Macron verkauft das Familienhaus in Le Touquet: entdecken Sie die \u00fcberraschende Wertsteigerung\" class=\"read-more\" href=\"https:\/\/www.sebastien-auziere.fr\/blog\/de\/brigitte-macron-verkauft-das-familienhaus-in-le-touquet-entdecken-sie-die-uberraschende-wertsteigerung\/\" aria-label=\"En savoir plus sur Brigitte Macron verkauft das Familienhaus in Le Touquet: entdecken Sie die \u00fcberraschende Wertsteigerung\">Lire plus<\/a><\/p>\n","protected":false},"author":9,"featured_media":3046,"comment_status":"open","ping_status":"open","sticky":false,"template":"","format":"standard","meta":{"footnotes":""},"categories":[856],"tags":[929,3033,2815,3036,2818],"class_list":["post-3052","post","type-post","status-publish","format-standard","has-post-thumbnail","hentry","category-aktuelles-de","tag-brigitte-macron-de","tag-haus-der-familie-de","tag-plus-value-immobiliere-de","tag-touquet-de","tag-verkauf-von-immobilien-de"],"yoast_head":"<!-- This site is optimized with the Yoast SEO plugin v27.5 - https:\/\/yoast.com\/product\/yoast-seo-wordpress\/ -->\n<title>Brigitte Macron verkauft das Familienhaus in Le Touquet: entdecken Sie die \u00fcberraschende Wertsteigerung - Fan site S\u00e9bastien Auzi\u00e8re<\/title>\n<meta name=\"description\" content=\"Brigitte Macron vend la maison familiale au Touquet : d\u00e9couvrez la plus-value surprenante r\u00e9alis\u00e9e et les d\u00e9tails de cette vente exclusive.\" \/>\n<meta name=\"robots\" content=\"index, follow, max-snippet:-1, max-image-preview:large, max-video-preview:-1\" \/>\n<link rel=\"canonical\" href=\"https:\/\/www.sebastien-auziere.fr\/blog\/de\/brigitte-macron-verkauft-das-familienhaus-in-le-touquet-entdecken-sie-die-uberraschende-wertsteigerung\/\" \/>\n<meta property=\"og:locale\" content=\"fr_FR\" \/>\n<meta property=\"og:type\" content=\"article\" \/>\n<meta property=\"og:title\" content=\"Brigitte Macron verkauft das Familienhaus in Le Touquet: entdecken Sie die \u00fcberraschende Wertsteigerung - Fan site S\u00e9bastien Auzi\u00e8re\" \/>\n<meta property=\"og:description\" content=\"Brigitte Macron vend la maison familiale au Touquet : d\u00e9couvrez la plus-value surprenante r\u00e9alis\u00e9e et les d\u00e9tails de cette vente exclusive.\" \/>\n<meta property=\"og:url\" content=\"https:\/\/www.sebastien-auziere.fr\/blog\/de\/brigitte-macron-verkauft-das-familienhaus-in-le-touquet-entdecken-sie-die-uberraschende-wertsteigerung\/\" \/>\n<meta property=\"og:site_name\" content=\"Fan site S\u00e9bastien Auzi\u00e8re\" \/>\n<meta property=\"article:published_time\" content=\"2026-04-15T19:08:42+00:00\" \/>\n<meta property=\"article:modified_time\" content=\"2026-04-15T19:08:59+00:00\" \/>\n<meta property=\"og:image\" content=\"https:\/\/www.sebastien-auziere.fr\/blog\/wp-content\/uploads\/2026\/04\/Brigitte-Macron-vend-la-maison-familiale-au-Touquet-decouvrez-la-plus-value-surprenante-realisee.jpg\" \/>\n\t<meta property=\"og:image:width\" content=\"2560\" \/>\n\t<meta property=\"og:image:height\" content=\"1429\" \/>\n\t<meta property=\"og:image:type\" content=\"image\/jpeg\" \/>\n<meta name=\"author\" content=\"Chloe Gauthier\" \/>\n<meta name=\"twitter:card\" content=\"summary_large_image\" \/>\n<meta name=\"twitter:label1\" content=\"\u00c9crit par\" \/>\n\t<meta name=\"twitter:data1\" content=\"Chloe Gauthier\" \/>\n\t<meta name=\"twitter:label2\" content=\"Dur\u00e9e de lecture estim\u00e9e\" \/>\n\t<meta name=\"twitter:data2\" content=\"2 minutes\" \/>\n<script type=\"application\/ld+json\" class=\"yoast-schema-graph\">{\"@context\":\"https:\\\/\\\/schema.org\",\"@graph\":[{\"@type\":\"Article\",\"@id\":\"https:\\\/\\\/www.sebastien-auziere.fr\\\/blog\\\/de\\\/brigitte-macron-verkauft-das-familienhaus-in-le-touquet-entdecken-sie-die-uberraschende-wertsteigerung\\\/#article\",\"isPartOf\":{\"@id\":\"https:\\\/\\\/www.sebastien-auziere.fr\\\/blog\\\/de\\\/brigitte-macron-verkauft-das-familienhaus-in-le-touquet-entdecken-sie-die-uberraschende-wertsteigerung\\\/\"},\"author\":{\"name\":\"Chloe Gauthier\",\"@id\":\"https:\\\/\\\/www.sebastien-auziere.fr\\\/blog\\\/#\\\/schema\\\/person\\\/149f1acdbfd85149c6c3e59adeae2f4d\"},\"headline\":\"Brigitte Macron verkauft das Familienhaus in Le Touquet: entdecken Sie die \u00fcberraschende Wertsteigerung\",\"datePublished\":\"2026-04-15T19:08:42+00:00\",\"dateModified\":\"2026-04-15T19:08:59+00:00\",\"mainEntityOfPage\":{\"@id\":\"https:\\\/\\\/www.sebastien-auziere.fr\\\/blog\\\/de\\\/brigitte-macron-verkauft-das-familienhaus-in-le-touquet-entdecken-sie-die-uberraschende-wertsteigerung\\\/\"},\"wordCount\":404,\"commentCount\":0,\"publisher\":{\"@id\":\"https:\\\/\\\/www.sebastien-auziere.fr\\\/blog\\\/#organization\"},\"image\":{\"@id\":\"https:\\\/\\\/www.sebastien-auziere.fr\\\/blog\\\/de\\\/brigitte-macron-verkauft-das-familienhaus-in-le-touquet-entdecken-sie-die-uberraschende-wertsteigerung\\\/#primaryimage\"},\"thumbnailUrl\":\"https:\\\/\\\/www.sebastien-auziere.fr\\\/blog\\\/wp-content\\\/uploads\\\/2026\\\/04\\\/Brigitte-Macron-vend-la-maison-familiale-au-Touquet-decouvrez-la-plus-value-surprenante-realisee.jpg\",\"keywords\":[\"brigitte macron\",\"haus der familie\",\"plus-value immobili\u00e8re\",\"touquet\",\"verkauf von immobilien\"],\"articleSection\":[\"Aktuelles\"],\"inLanguage\":\"fr-FR\",\"potentialAction\":[{\"@type\":\"CommentAction\",\"name\":\"Comment\",\"target\":[\"https:\\\/\\\/www.sebastien-auziere.fr\\\/blog\\\/de\\\/brigitte-macron-verkauft-das-familienhaus-in-le-touquet-entdecken-sie-die-uberraschende-wertsteigerung\\\/#respond\"]}]},{\"@type\":\"WebPage\",\"@id\":\"https:\\\/\\\/www.sebastien-auziere.fr\\\/blog\\\/de\\\/brigitte-macron-verkauft-das-familienhaus-in-le-touquet-entdecken-sie-die-uberraschende-wertsteigerung\\\/\",\"url\":\"https:\\\/\\\/www.sebastien-auziere.fr\\\/blog\\\/de\\\/brigitte-macron-verkauft-das-familienhaus-in-le-touquet-entdecken-sie-die-uberraschende-wertsteigerung\\\/\",\"name\":\"Brigitte Macron verkauft das Familienhaus in Le Touquet: entdecken Sie die \u00fcberraschende Wertsteigerung - Fan site S\u00e9bastien Auzi\u00e8re\",\"isPartOf\":{\"@id\":\"https:\\\/\\\/www.sebastien-auziere.fr\\\/blog\\\/#website\"},\"primaryImageOfPage\":{\"@id\":\"https:\\\/\\\/www.sebastien-auziere.fr\\\/blog\\\/de\\\/brigitte-macron-verkauft-das-familienhaus-in-le-touquet-entdecken-sie-die-uberraschende-wertsteigerung\\\/#primaryimage\"},\"image\":{\"@id\":\"https:\\\/\\\/www.sebastien-auziere.fr\\\/blog\\\/de\\\/brigitte-macron-verkauft-das-familienhaus-in-le-touquet-entdecken-sie-die-uberraschende-wertsteigerung\\\/#primaryimage\"},\"thumbnailUrl\":\"https:\\\/\\\/www.sebastien-auziere.fr\\\/blog\\\/wp-content\\\/uploads\\\/2026\\\/04\\\/Brigitte-Macron-vend-la-maison-familiale-au-Touquet-decouvrez-la-plus-value-surprenante-realisee.jpg\",\"datePublished\":\"2026-04-15T19:08:42+00:00\",\"dateModified\":\"2026-04-15T19:08:59+00:00\",\"description\":\"Brigitte Macron vend la maison familiale au Touquet : d\u00e9couvrez la plus-value surprenante r\u00e9alis\u00e9e et les d\u00e9tails de cette vente exclusive.\",\"breadcrumb\":{\"@id\":\"https:\\\/\\\/www.sebastien-auziere.fr\\\/blog\\\/de\\\/brigitte-macron-verkauft-das-familienhaus-in-le-touquet-entdecken-sie-die-uberraschende-wertsteigerung\\\/#breadcrumb\"},\"inLanguage\":\"fr-FR\",\"potentialAction\":[{\"@type\":\"ReadAction\",\"target\":[\"https:\\\/\\\/www.sebastien-auziere.fr\\\/blog\\\/de\\\/brigitte-macron-verkauft-das-familienhaus-in-le-touquet-entdecken-sie-die-uberraschende-wertsteigerung\\\/\"]}]},{\"@type\":\"ImageObject\",\"inLanguage\":\"fr-FR\",\"@id\":\"https:\\\/\\\/www.sebastien-auziere.fr\\\/blog\\\/de\\\/brigitte-macron-verkauft-das-familienhaus-in-le-touquet-entdecken-sie-die-uberraschende-wertsteigerung\\\/#primaryimage\",\"url\":\"https:\\\/\\\/www.sebastien-auziere.fr\\\/blog\\\/wp-content\\\/uploads\\\/2026\\\/04\\\/Brigitte-Macron-vend-la-maison-familiale-au-Touquet-decouvrez-la-plus-value-surprenante-realisee.jpg\",\"contentUrl\":\"https:\\\/\\\/www.sebastien-auziere.fr\\\/blog\\\/wp-content\\\/uploads\\\/2026\\\/04\\\/Brigitte-Macron-vend-la-maison-familiale-au-Touquet-decouvrez-la-plus-value-surprenante-realisee.jpg\",\"width\":2560,\"height\":1429,\"caption\":\"brigitte macron vend la maison familiale au touquet et r\u00e9alise une plus-value \u00e9tonnante. d\u00e9couvrez tous les d\u00e9tails de cette vente immobili\u00e8re surprenante.\"},{\"@type\":\"BreadcrumbList\",\"@id\":\"https:\\\/\\\/www.sebastien-auziere.fr\\\/blog\\\/de\\\/brigitte-macron-verkauft-das-familienhaus-in-le-touquet-entdecken-sie-die-uberraschende-wertsteigerung\\\/#breadcrumb\",\"itemListElement\":[{\"@type\":\"ListItem\",\"position\":1,\"name\":\"Home\",\"item\":\"https:\\\/\\\/www.sebastien-auziere.fr\\\/blog\\\/\"},{\"@type\":\"ListItem\",\"position\":2,\"name\":\"Brigitte Macron verkauft das Familienhaus in Le Touquet: entdecken Sie die \u00fcberraschende Wertsteigerung\"}]},{\"@type\":\"WebSite\",\"@id\":\"https:\\\/\\\/www.sebastien-auziere.fr\\\/blog\\\/#website\",\"url\":\"https:\\\/\\\/www.sebastien-auziere.fr\\\/blog\\\/\",\"name\":\"Fan site S\u00e9bastien Auzi\u00e8re\",\"description\":\"M\u00e9dia g\u00e9n\u00e9raliste\",\"publisher\":{\"@id\":\"https:\\\/\\\/www.sebastien-auziere.fr\\\/blog\\\/#organization\"},\"potentialAction\":[{\"@type\":\"SearchAction\",\"target\":{\"@type\":\"EntryPoint\",\"urlTemplate\":\"https:\\\/\\\/www.sebastien-auziere.fr\\\/blog\\\/?s={search_term_string}\"},\"query-input\":{\"@type\":\"PropertyValueSpecification\",\"valueRequired\":true,\"valueName\":\"search_term_string\"}}],\"inLanguage\":\"fr-FR\"},{\"@type\":\"Organization\",\"@id\":\"https:\\\/\\\/www.sebastien-auziere.fr\\\/blog\\\/#organization\",\"name\":\"Fan site S\u00e9bastien Auzi\u00e8re\",\"url\":\"https:\\\/\\\/www.sebastien-auziere.fr\\\/blog\\\/\",\"logo\":{\"@type\":\"ImageObject\",\"inLanguage\":\"fr-FR\",\"@id\":\"https:\\\/\\\/www.sebastien-auziere.fr\\\/blog\\\/#\\\/schema\\\/logo\\\/image\\\/\",\"url\":\"https:\\\/\\\/www.sebastien-auziere.fr\\\/blog\\\/wp-content\\\/uploads\\\/2026\\\/03\\\/cropped-cropped-cropped-ChatGPT-Image-6-mars-2026-12_58_09-e1772798376794.jpg\",\"contentUrl\":\"https:\\\/\\\/www.sebastien-auziere.fr\\\/blog\\\/wp-content\\\/uploads\\\/2026\\\/03\\\/cropped-cropped-cropped-ChatGPT-Image-6-mars-2026-12_58_09-e1772798376794.jpg\",\"width\":512,\"height\":360,\"caption\":\"Fan site S\u00e9bastien Auzi\u00e8re\"},\"image\":{\"@id\":\"https:\\\/\\\/www.sebastien-auziere.fr\\\/blog\\\/#\\\/schema\\\/logo\\\/image\\\/\"}},{\"@type\":\"Person\",\"@id\":\"https:\\\/\\\/www.sebastien-auziere.fr\\\/blog\\\/#\\\/schema\\\/person\\\/149f1acdbfd85149c6c3e59adeae2f4d\",\"name\":\"Chloe Gauthier\",\"image\":{\"@type\":\"ImageObject\",\"inLanguage\":\"fr-FR\",\"@id\":\"https:\\\/\\\/secure.gravatar.com\\\/avatar\\\/2c5722f58171cff738a8985ef0dd66b476e563753246a49019befc837ec4201a?s=96&d=mm&r=g\",\"url\":\"https:\\\/\\\/secure.gravatar.com\\\/avatar\\\/2c5722f58171cff738a8985ef0dd66b476e563753246a49019befc837ec4201a?s=96&d=mm&r=g\",\"contentUrl\":\"https:\\\/\\\/secure.gravatar.com\\\/avatar\\\/2c5722f58171cff738a8985ef0dd66b476e563753246a49019befc837ec4201a?s=96&d=mm&r=g\",\"caption\":\"Chloe Gauthier\"},\"description\":\"Passionn\u00e9e par la politique et admiratrice engag\u00e9e de la famille Macron, je consacre mon \u00e9nergie \u00e0 suivre leurs initiatives et \u00e0 promouvoir leurs id\u00e9es. \u00c0 32 ans, je suis convaincue que leur vision est porteuse d'avenir.\",\"url\":\"https:\\\/\\\/www.sebastien-auziere.fr\\\/blog\\\/author\\\/chloe-gauthier\\\/\"}]}<\/script>\n<!-- \/ Yoast SEO plugin. -->","yoast_head_json":{"title":"Brigitte Macron verkauft das Familienhaus in Le Touquet: entdecken Sie die \u00fcberraschende Wertsteigerung - Fan site S\u00e9bastien Auzi\u00e8re","description":"Brigitte Macron vend la maison familiale au Touquet : d\u00e9couvrez la plus-value surprenante r\u00e9alis\u00e9e et les d\u00e9tails de cette vente exclusive.","robots":{"index":"index","follow":"follow","max-snippet":"max-snippet:-1","max-image-preview":"max-image-preview:large","max-video-preview":"max-video-preview:-1"},"canonical":"https:\/\/www.sebastien-auziere.fr\/blog\/de\/brigitte-macron-verkauft-das-familienhaus-in-le-touquet-entdecken-sie-die-uberraschende-wertsteigerung\/","og_locale":"fr_FR","og_type":"article","og_title":"Brigitte Macron verkauft das Familienhaus in Le Touquet: entdecken Sie die \u00fcberraschende Wertsteigerung - Fan site S\u00e9bastien Auzi\u00e8re","og_description":"Brigitte Macron vend la maison familiale au Touquet : d\u00e9couvrez la plus-value surprenante r\u00e9alis\u00e9e et les d\u00e9tails de cette vente exclusive.","og_url":"https:\/\/www.sebastien-auziere.fr\/blog\/de\/brigitte-macron-verkauft-das-familienhaus-in-le-touquet-entdecken-sie-die-uberraschende-wertsteigerung\/","og_site_name":"Fan site S\u00e9bastien Auzi\u00e8re","article_published_time":"2026-04-15T19:08:42+00:00","article_modified_time":"2026-04-15T19:08:59+00:00","og_image":[{"width":2560,"height":1429,"url":"https:\/\/www.sebastien-auziere.fr\/blog\/wp-content\/uploads\/2026\/04\/Brigitte-Macron-vend-la-maison-familiale-au-Touquet-decouvrez-la-plus-value-surprenante-realisee.jpg","type":"image\/jpeg"}],"author":"Chloe Gauthier","twitter_card":"summary_large_image","twitter_misc":{"\u00c9crit par":"Chloe Gauthier","Dur\u00e9e de lecture estim\u00e9e":"2 minutes"},"schema":{"@context":"https:\/\/schema.org","@graph":[{"@type":"Article","@id":"https:\/\/www.sebastien-auziere.fr\/blog\/de\/brigitte-macron-verkauft-das-familienhaus-in-le-touquet-entdecken-sie-die-uberraschende-wertsteigerung\/#article","isPartOf":{"@id":"https:\/\/www.sebastien-auziere.fr\/blog\/de\/brigitte-macron-verkauft-das-familienhaus-in-le-touquet-entdecken-sie-die-uberraschende-wertsteigerung\/"},"author":{"name":"Chloe Gauthier","@id":"https:\/\/www.sebastien-auziere.fr\/blog\/#\/schema\/person\/149f1acdbfd85149c6c3e59adeae2f4d"},"headline":"Brigitte Macron verkauft das Familienhaus in Le Touquet: entdecken Sie die \u00fcberraschende Wertsteigerung","datePublished":"2026-04-15T19:08:42+00:00","dateModified":"2026-04-15T19:08:59+00:00","mainEntityOfPage":{"@id":"https:\/\/www.sebastien-auziere.fr\/blog\/de\/brigitte-macron-verkauft-das-familienhaus-in-le-touquet-entdecken-sie-die-uberraschende-wertsteigerung\/"},"wordCount":404,"commentCount":0,"publisher":{"@id":"https:\/\/www.sebastien-auziere.fr\/blog\/#organization"},"image":{"@id":"https:\/\/www.sebastien-auziere.fr\/blog\/de\/brigitte-macron-verkauft-das-familienhaus-in-le-touquet-entdecken-sie-die-uberraschende-wertsteigerung\/#primaryimage"},"thumbnailUrl":"https:\/\/www.sebastien-auziere.fr\/blog\/wp-content\/uploads\/2026\/04\/Brigitte-Macron-vend-la-maison-familiale-au-Touquet-decouvrez-la-plus-value-surprenante-realisee.jpg","keywords":["brigitte macron","haus der familie","plus-value immobili\u00e8re","touquet","verkauf von immobilien"],"articleSection":["Aktuelles"],"inLanguage":"fr-FR","potentialAction":[{"@type":"CommentAction","name":"Comment","target":["https:\/\/www.sebastien-auziere.fr\/blog\/de\/brigitte-macron-verkauft-das-familienhaus-in-le-touquet-entdecken-sie-die-uberraschende-wertsteigerung\/#respond"]}]},{"@type":"WebPage","@id":"https:\/\/www.sebastien-auziere.fr\/blog\/de\/brigitte-macron-verkauft-das-familienhaus-in-le-touquet-entdecken-sie-die-uberraschende-wertsteigerung\/","url":"https:\/\/www.sebastien-auziere.fr\/blog\/de\/brigitte-macron-verkauft-das-familienhaus-in-le-touquet-entdecken-sie-die-uberraschende-wertsteigerung\/","name":"Brigitte Macron verkauft das Familienhaus in Le Touquet: entdecken Sie die \u00fcberraschende Wertsteigerung - Fan site S\u00e9bastien Auzi\u00e8re","isPartOf":{"@id":"https:\/\/www.sebastien-auziere.fr\/blog\/#website"},"primaryImageOfPage":{"@id":"https:\/\/www.sebastien-auziere.fr\/blog\/de\/brigitte-macron-verkauft-das-familienhaus-in-le-touquet-entdecken-sie-die-uberraschende-wertsteigerung\/#primaryimage"},"image":{"@id":"https:\/\/www.sebastien-auziere.fr\/blog\/de\/brigitte-macron-verkauft-das-familienhaus-in-le-touquet-entdecken-sie-die-uberraschende-wertsteigerung\/#primaryimage"},"thumbnailUrl":"https:\/\/www.sebastien-auziere.fr\/blog\/wp-content\/uploads\/2026\/04\/Brigitte-Macron-vend-la-maison-familiale-au-Touquet-decouvrez-la-plus-value-surprenante-realisee.jpg","datePublished":"2026-04-15T19:08:42+00:00","dateModified":"2026-04-15T19:08:59+00:00","description":"Brigitte Macron vend la maison familiale au Touquet : d\u00e9couvrez la plus-value surprenante r\u00e9alis\u00e9e et les d\u00e9tails de cette vente exclusive.","breadcrumb":{"@id":"https:\/\/www.sebastien-auziere.fr\/blog\/de\/brigitte-macron-verkauft-das-familienhaus-in-le-touquet-entdecken-sie-die-uberraschende-wertsteigerung\/#breadcrumb"},"inLanguage":"fr-FR","potentialAction":[{"@type":"ReadAction","target":["https:\/\/www.sebastien-auziere.fr\/blog\/de\/brigitte-macron-verkauft-das-familienhaus-in-le-touquet-entdecken-sie-die-uberraschende-wertsteigerung\/"]}]},{"@type":"ImageObject","inLanguage":"fr-FR","@id":"https:\/\/www.sebastien-auziere.fr\/blog\/de\/brigitte-macron-verkauft-das-familienhaus-in-le-touquet-entdecken-sie-die-uberraschende-wertsteigerung\/#primaryimage","url":"https:\/\/www.sebastien-auziere.fr\/blog\/wp-content\/uploads\/2026\/04\/Brigitte-Macron-vend-la-maison-familiale-au-Touquet-decouvrez-la-plus-value-surprenante-realisee.jpg","contentUrl":"https:\/\/www.sebastien-auziere.fr\/blog\/wp-content\/uploads\/2026\/04\/Brigitte-Macron-vend-la-maison-familiale-au-Touquet-decouvrez-la-plus-value-surprenante-realisee.jpg","width":2560,"height":1429,"caption":"brigitte macron vend la maison familiale au touquet et r\u00e9alise une plus-value \u00e9tonnante. d\u00e9couvrez tous les d\u00e9tails de cette vente immobili\u00e8re surprenante."},{"@type":"BreadcrumbList","@id":"https:\/\/www.sebastien-auziere.fr\/blog\/de\/brigitte-macron-verkauft-das-familienhaus-in-le-touquet-entdecken-sie-die-uberraschende-wertsteigerung\/#breadcrumb","itemListElement":[{"@type":"ListItem","position":1,"name":"Home","item":"https:\/\/www.sebastien-auziere.fr\/blog\/"},{"@type":"ListItem","position":2,"name":"Brigitte Macron verkauft das Familienhaus in Le Touquet: entdecken Sie die \u00fcberraschende Wertsteigerung"}]},{"@type":"WebSite","@id":"https:\/\/www.sebastien-auziere.fr\/blog\/#website","url":"https:\/\/www.sebastien-auziere.fr\/blog\/","name":"Fan site S\u00e9bastien Auzi\u00e8re","description":"M\u00e9dia g\u00e9n\u00e9raliste","publisher":{"@id":"https:\/\/www.sebastien-auziere.fr\/blog\/#organization"},"potentialAction":[{"@type":"SearchAction","target":{"@type":"EntryPoint","urlTemplate":"https:\/\/www.sebastien-auziere.fr\/blog\/?s={search_term_string}"},"query-input":{"@type":"PropertyValueSpecification","valueRequired":true,"valueName":"search_term_string"}}],"inLanguage":"fr-FR"},{"@type":"Organization","@id":"https:\/\/www.sebastien-auziere.fr\/blog\/#organization","name":"Fan site S\u00e9bastien Auzi\u00e8re","url":"https:\/\/www.sebastien-auziere.fr\/blog\/","logo":{"@type":"ImageObject","inLanguage":"fr-FR","@id":"https:\/\/www.sebastien-auziere.fr\/blog\/#\/schema\/logo\/image\/","url":"https:\/\/www.sebastien-auziere.fr\/blog\/wp-content\/uploads\/2026\/03\/cropped-cropped-cropped-ChatGPT-Image-6-mars-2026-12_58_09-e1772798376794.jpg","contentUrl":"https:\/\/www.sebastien-auziere.fr\/blog\/wp-content\/uploads\/2026\/03\/cropped-cropped-cropped-ChatGPT-Image-6-mars-2026-12_58_09-e1772798376794.jpg","width":512,"height":360,"caption":"Fan site S\u00e9bastien Auzi\u00e8re"},"image":{"@id":"https:\/\/www.sebastien-auziere.fr\/blog\/#\/schema\/logo\/image\/"}},{"@type":"Person","@id":"https:\/\/www.sebastien-auziere.fr\/blog\/#\/schema\/person\/149f1acdbfd85149c6c3e59adeae2f4d","name":"Chloe Gauthier","image":{"@type":"ImageObject","inLanguage":"fr-FR","@id":"https:\/\/secure.gravatar.com\/avatar\/2c5722f58171cff738a8985ef0dd66b476e563753246a49019befc837ec4201a?s=96&d=mm&r=g","url":"https:\/\/secure.gravatar.com\/avatar\/2c5722f58171cff738a8985ef0dd66b476e563753246a49019befc837ec4201a?s=96&d=mm&r=g","contentUrl":"https:\/\/secure.gravatar.com\/avatar\/2c5722f58171cff738a8985ef0dd66b476e563753246a49019befc837ec4201a?s=96&d=mm&r=g","caption":"Chloe Gauthier"},"description":"Passionn\u00e9e par la politique et admiratrice engag\u00e9e de la famille Macron, je consacre mon \u00e9nergie \u00e0 suivre leurs initiatives et \u00e0 promouvoir leurs id\u00e9es. \u00c0 32 ans, je suis convaincue que leur vision est porteuse d'avenir.","url":"https:\/\/www.sebastien-auziere.fr\/blog\/author\/chloe-gauthier\/"}]}},"views":2,"_links":{"self":[{"href":"https:\/\/www.sebastien-auziere.fr\/blog\/wp-json\/wp\/v2\/posts\/3052","targetHints":{"allow":["GET"]}}],"collection":[{"href":"https:\/\/www.sebastien-auziere.fr\/blog\/wp-json\/wp\/v2\/posts"}],"about":[{"href":"https:\/\/www.sebastien-auziere.fr\/blog\/wp-json\/wp\/v2\/types\/post"}],"author":[{"embeddable":true,"href":"https:\/\/www.sebastien-auziere.fr\/blog\/wp-json\/wp\/v2\/users\/9"}],"replies":[{"embeddable":true,"href":"https:\/\/www.sebastien-auziere.fr\/blog\/wp-json\/wp\/v2\/comments?post=3052"}],"version-history":[{"count":1,"href":"https:\/\/www.sebastien-auziere.fr\/blog\/wp-json\/wp\/v2\/posts\/3052\/revisions"}],"predecessor-version":[{"id":3053,"href":"https:\/\/www.sebastien-auziere.fr\/blog\/wp-json\/wp\/v2\/posts\/3052\/revisions\/3053"}],"wp:featuredmedia":[{"embeddable":true,"href":"https:\/\/www.sebastien-auziere.fr\/blog\/wp-json\/wp\/v2\/media\/3046"}],"wp:attachment":[{"href":"https:\/\/www.sebastien-auziere.fr\/blog\/wp-json\/wp\/v2\/media?parent=3052"}],"wp:term":[{"taxonomy":"category","embeddable":true,"href":"https:\/\/www.sebastien-auziere.fr\/blog\/wp-json\/wp\/v2\/categories?post=3052"},{"taxonomy":"post_tag","embeddable":true,"href":"https:\/\/www.sebastien-auziere.fr\/blog\/wp-json\/wp\/v2\/tags?post=3052"}],"curies":[{"name":"wp","href":"https:\/\/api.w.org\/{rel}","templated":true}]}}