{"id":3050,"date":"2026-04-15T19:07:48","date_gmt":"2026-04-15T19:07:48","guid":{"rendered":"https:\/\/www.sebastien-auziere.fr\/blog\/?p=3050"},"modified":"2026-04-15T19:08:07","modified_gmt":"2026-04-15T19:08:07","slug":"brigitte-macron-vende-la-casa-familiar-en-touquet-descubre-la-sorprendente-plusvalia-realizada","status":"publish","type":"post","link":"https:\/\/www.sebastien-auziere.fr\/blog\/es\/brigitte-macron-vende-la-casa-familiar-en-touquet-descubre-la-sorprendente-plusvalia-realizada\/","title":{"rendered":"Brigitte Macron vende la casa familiar en Touquet: descubre la sorprendente plusval\u00eda realizada"},"content":{"rendered":"<p>Una peque\u00f1a sensaci\u00f3n patrimonial sacude Le Touquet: <strong>Brigitte Macron<\/strong> ha vendido la <strong>casa familiar<\/strong> por <strong>3,6 millones de euros<\/strong>, obteniendo una <strong>plusval\u00eda<\/strong> de m\u00e1s de <strong>1,5 millones de euros<\/strong> en comparaci\u00f3n con la estimaci\u00f3n anterior. Esta <strong>venta inmobiliaria<\/strong> atrae la atenci\u00f3n tanto por su monto como por su impacto en el <strong>inmobiliario de lujo<\/strong> local.<\/p>\n\n<p>En breve: la propiedad heredada y estimada alrededor de <strong>2 millones de euros<\/strong> durante la sucesi\u00f3n ha encontrado comprador por parte de un promotor, situ\u00e1ndose el bien en el centro muy solicitado de <strong>Touquet<\/strong>. La operaci\u00f3n ilustra una estrategia patrimonial activa, confirmada por los medios nacionales como <a href=\"https:\/\/www.bfmtv.com\/immobilier\/200-en-10-ans-le-canard-enchaine-revele-que-brigitte-macron-a-vendu-sa-maison-du-touquet-pour-3-6-millions-d-euros_AV-202509020760.html\">BFMTV<\/a> y <a href=\"https:\/\/www.closermag.fr\/politique\/brigitte-macron-se-separe-de-sa-maison-du-touquet-cette-plus-value-colossale-quelle-a-empochee-3629996\">Closer<\/a>, que detallan la <strong>transacci\u00f3n inmobiliaria<\/strong>.<\/p>\n\n<h2 class=\"wp-block-heading\">Monto de la venta y cifras clave de la plusval\u00eda<\/h2>\n\n<p>La venta en <strong>Touquet<\/strong> por <strong>3,6 M\u20ac<\/strong> contrasta fuertemente con la estimaci\u00f3n inicial de alrededor de <strong>2 M\u20ac<\/strong> en el momento de la sucesi\u00f3n en 2014, de donde proviene una <strong>plusval\u00eda<\/strong> superior a <strong>1,5 M\u20ac<\/strong>. Esta ganancia se inscribe en un mercado local donde la demanda supera la oferta, y donde cada transacci\u00f3n ahora sirve como indicador econ\u00f3mico. Aqu\u00ed percibes el efecto combinado de una ubicaci\u00f3n privilegiada y un aumento de precios.<\/p>\n\n<h2 class=\"wp-block-heading\">Un promotor comprador y un proyecto inmobiliario de prestigio<\/h2>\n\n<p>Seg\u00fan la informaci\u00f3n divulgada, el comprador es un promotor que busca desarrollar un proyecto de <strong>alto standing<\/strong> en la parcela central. La operaci\u00f3n se beneficia de una ubicaci\u00f3n estrat\u00e9gica y de la din\u00e1mica tur\u00edstica del Touquet, ya se\u00f1alada por la prensa econ\u00f3mica. Este tipo de inversi\u00f3n ilustra la transformaci\u00f3n del mercado local hacia el <strong>inmobiliario de lujo<\/strong>, con rendimientos r\u00e1pidos para los vendedores avisados.<\/p>\n\n<h3 class=\"wp-block-heading\">Nuevo refugio, renovaciones y gesti\u00f3n del patrimonio<\/h3>\n\n<p>Emmanuel y Brigitte Macron han decidido consolidar sus lazos en Touquet adquiriendo una nueva villa con vista al mar, compra confirmada durante un viaje a Roma. La nueva residencia ser\u00e1 objeto de ampliaciones, aumentando la superficie de <strong>366 a 450 m\u00b2<\/strong>, con una fachada repensada para mayor contemporaneidad. Esta estrategia patrimonial ilustra un arbitraje exitoso entre comodidad familiar y optimizaci\u00f3n de las <strong>finanzas personales<\/strong>.<\/p>\n\n<p>Para saber m\u00e1s sobre la trayectoria familiar y patrimonial alrededor de esta <strong>transacci\u00f3n inmobiliaria<\/strong> y descubrir elementos complementarios sobre <strong>Brigitte Macron<\/strong> y sus v\u00ednculos con Touquet, encuentras un dossier detallado en <a href=\"https:\/\/www.sebastien-auziere.fr\/blog\/brigitte-macron-villa-touquet\/\">el sitio dedicado a S\u00e9bastien Auzi\u00e8re<\/a>. All\u00ed encontrar\u00e1s an\u00e1lisis y documentos para profundizar en este episodio de actualidad patrimonial.<\/p>","protected":false},"excerpt":{"rendered":"<p>Una peque\u00f1a sensaci\u00f3n patrimonial sacude Le Touquet: Brigitte Macron ha vendido la casa familiar por 3,6 millones de euros, obteniendo una plusval\u00eda de m\u00e1s de 1,5 millones de euros en comparaci\u00f3n con la estimaci\u00f3n anterior. Esta venta inmobiliaria atrae la atenci\u00f3n tanto por su monto como por su impacto en el inmobiliario de lujo local. &#8230; <a title=\"Brigitte Macron vende la casa familiar en Touquet: descubre la sorprendente plusval\u00eda realizada\" class=\"read-more\" href=\"https:\/\/www.sebastien-auziere.fr\/blog\/es\/brigitte-macron-vende-la-casa-familiar-en-touquet-descubre-la-sorprendente-plusvalia-realizada\/\" aria-label=\"En savoir plus sur Brigitte Macron vende la casa familiar en Touquet: descubre la sorprendente plusval\u00eda realizada\">Lire plus<\/a><\/p>\n","protected":false},"author":9,"featured_media":3046,"comment_status":"open","ping_status":"open","sticky":false,"template":"","format":"standard","meta":{"footnotes":""},"categories":[820],"tags":[914,3027,2803,3030,2806],"class_list":["post-3050","post","type-post","status-publish","format-standard","has-post-thumbnail","hentry","category-actualidades-es","tag-brigitte-macron-es","tag-casa-familiar-es","tag-plusvalia-inmobiliaria-es","tag-touquet-es","tag-venta-inmobiliaria-es"],"yoast_head":"<!-- This site is optimized with the Yoast SEO plugin v27.5 - https:\/\/yoast.com\/product\/yoast-seo-wordpress\/ -->\n<title>Brigitte Macron vende la casa familiar en Touquet: descubre la sorprendente plusval\u00eda realizada - Fan site S\u00e9bastien Auzi\u00e8re<\/title>\n<meta name=\"description\" content=\"Brigitte Macron vend la maison familiale au Touquet : d\u00e9couvrez la plus-value surprenante r\u00e9alis\u00e9e et les d\u00e9tails de cette vente exclusive.\" \/>\n<meta name=\"robots\" content=\"index, follow, max-snippet:-1, max-image-preview:large, max-video-preview:-1\" \/>\n<link rel=\"canonical\" href=\"https:\/\/www.sebastien-auziere.fr\/blog\/es\/brigitte-macron-vende-la-casa-familiar-en-touquet-descubre-la-sorprendente-plusvalia-realizada\/\" \/>\n<meta property=\"og:locale\" content=\"fr_FR\" \/>\n<meta property=\"og:type\" content=\"article\" \/>\n<meta property=\"og:title\" content=\"Brigitte Macron vende la casa familiar en Touquet: descubre la sorprendente plusval\u00eda realizada - Fan site S\u00e9bastien Auzi\u00e8re\" \/>\n<meta property=\"og:description\" content=\"Brigitte Macron vend la maison familiale au Touquet : d\u00e9couvrez la plus-value surprenante r\u00e9alis\u00e9e et les d\u00e9tails de cette vente exclusive.\" \/>\n<meta property=\"og:url\" content=\"https:\/\/www.sebastien-auziere.fr\/blog\/es\/brigitte-macron-vende-la-casa-familiar-en-touquet-descubre-la-sorprendente-plusvalia-realizada\/\" \/>\n<meta property=\"og:site_name\" content=\"Fan site S\u00e9bastien Auzi\u00e8re\" \/>\n<meta property=\"article:published_time\" content=\"2026-04-15T19:07:48+00:00\" \/>\n<meta property=\"article:modified_time\" content=\"2026-04-15T19:08:07+00:00\" \/>\n<meta property=\"og:image\" content=\"https:\/\/www.sebastien-auziere.fr\/blog\/wp-content\/uploads\/2026\/04\/Brigitte-Macron-vend-la-maison-familiale-au-Touquet-decouvrez-la-plus-value-surprenante-realisee.jpg\" \/>\n\t<meta property=\"og:image:width\" content=\"2560\" \/>\n\t<meta property=\"og:image:height\" content=\"1429\" \/>\n\t<meta property=\"og:image:type\" content=\"image\/jpeg\" \/>\n<meta name=\"author\" content=\"Chloe Gauthier\" \/>\n<meta name=\"twitter:card\" content=\"summary_large_image\" \/>\n<meta name=\"twitter:label1\" content=\"\u00c9crit par\" \/>\n\t<meta name=\"twitter:data1\" content=\"Chloe Gauthier\" \/>\n\t<meta name=\"twitter:label2\" content=\"Dur\u00e9e de lecture estim\u00e9e\" \/>\n\t<meta name=\"twitter:data2\" content=\"2 minutes\" \/>\n<script type=\"application\/ld+json\" class=\"yoast-schema-graph\">{\"@context\":\"https:\\\/\\\/schema.org\",\"@graph\":[{\"@type\":\"Article\",\"@id\":\"https:\\\/\\\/www.sebastien-auziere.fr\\\/blog\\\/es\\\/brigitte-macron-vende-la-casa-familiar-en-touquet-descubre-la-sorprendente-plusvalia-realizada\\\/#article\",\"isPartOf\":{\"@id\":\"https:\\\/\\\/www.sebastien-auziere.fr\\\/blog\\\/es\\\/brigitte-macron-vende-la-casa-familiar-en-touquet-descubre-la-sorprendente-plusvalia-realizada\\\/\"},\"author\":{\"name\":\"Chloe Gauthier\",\"@id\":\"https:\\\/\\\/www.sebastien-auziere.fr\\\/blog\\\/#\\\/schema\\\/person\\\/149f1acdbfd85149c6c3e59adeae2f4d\"},\"headline\":\"Brigitte Macron vende la casa familiar en Touquet: descubre la sorprendente plusval\u00eda realizada\",\"datePublished\":\"2026-04-15T19:07:48+00:00\",\"dateModified\":\"2026-04-15T19:08:07+00:00\",\"mainEntityOfPage\":{\"@id\":\"https:\\\/\\\/www.sebastien-auziere.fr\\\/blog\\\/es\\\/brigitte-macron-vende-la-casa-familiar-en-touquet-descubre-la-sorprendente-plusvalia-realizada\\\/\"},\"wordCount\":430,\"commentCount\":0,\"publisher\":{\"@id\":\"https:\\\/\\\/www.sebastien-auziere.fr\\\/blog\\\/#organization\"},\"image\":{\"@id\":\"https:\\\/\\\/www.sebastien-auziere.fr\\\/blog\\\/es\\\/brigitte-macron-vende-la-casa-familiar-en-touquet-descubre-la-sorprendente-plusvalia-realizada\\\/#primaryimage\"},\"thumbnailUrl\":\"https:\\\/\\\/www.sebastien-auziere.fr\\\/blog\\\/wp-content\\\/uploads\\\/2026\\\/04\\\/Brigitte-Macron-vend-la-maison-familiale-au-Touquet-decouvrez-la-plus-value-surprenante-realisee.jpg\",\"keywords\":[\"brigitte macron\",\"casa familiar\",\"plusval\u00eda inmobiliaria\",\"touquet\",\"venta inmobiliaria\"],\"articleSection\":[\"Actualidades\"],\"inLanguage\":\"fr-FR\",\"potentialAction\":[{\"@type\":\"CommentAction\",\"name\":\"Comment\",\"target\":[\"https:\\\/\\\/www.sebastien-auziere.fr\\\/blog\\\/es\\\/brigitte-macron-vende-la-casa-familiar-en-touquet-descubre-la-sorprendente-plusvalia-realizada\\\/#respond\"]}]},{\"@type\":\"WebPage\",\"@id\":\"https:\\\/\\\/www.sebastien-auziere.fr\\\/blog\\\/es\\\/brigitte-macron-vende-la-casa-familiar-en-touquet-descubre-la-sorprendente-plusvalia-realizada\\\/\",\"url\":\"https:\\\/\\\/www.sebastien-auziere.fr\\\/blog\\\/es\\\/brigitte-macron-vende-la-casa-familiar-en-touquet-descubre-la-sorprendente-plusvalia-realizada\\\/\",\"name\":\"Brigitte Macron vende la casa familiar en Touquet: descubre la sorprendente plusval\u00eda realizada - Fan site S\u00e9bastien Auzi\u00e8re\",\"isPartOf\":{\"@id\":\"https:\\\/\\\/www.sebastien-auziere.fr\\\/blog\\\/#website\"},\"primaryImageOfPage\":{\"@id\":\"https:\\\/\\\/www.sebastien-auziere.fr\\\/blog\\\/es\\\/brigitte-macron-vende-la-casa-familiar-en-touquet-descubre-la-sorprendente-plusvalia-realizada\\\/#primaryimage\"},\"image\":{\"@id\":\"https:\\\/\\\/www.sebastien-auziere.fr\\\/blog\\\/es\\\/brigitte-macron-vende-la-casa-familiar-en-touquet-descubre-la-sorprendente-plusvalia-realizada\\\/#primaryimage\"},\"thumbnailUrl\":\"https:\\\/\\\/www.sebastien-auziere.fr\\\/blog\\\/wp-content\\\/uploads\\\/2026\\\/04\\\/Brigitte-Macron-vend-la-maison-familiale-au-Touquet-decouvrez-la-plus-value-surprenante-realisee.jpg\",\"datePublished\":\"2026-04-15T19:07:48+00:00\",\"dateModified\":\"2026-04-15T19:08:07+00:00\",\"description\":\"Brigitte Macron vend la maison familiale au Touquet : d\u00e9couvrez la plus-value surprenante r\u00e9alis\u00e9e et les d\u00e9tails de cette vente exclusive.\",\"breadcrumb\":{\"@id\":\"https:\\\/\\\/www.sebastien-auziere.fr\\\/blog\\\/es\\\/brigitte-macron-vende-la-casa-familiar-en-touquet-descubre-la-sorprendente-plusvalia-realizada\\\/#breadcrumb\"},\"inLanguage\":\"fr-FR\",\"potentialAction\":[{\"@type\":\"ReadAction\",\"target\":[\"https:\\\/\\\/www.sebastien-auziere.fr\\\/blog\\\/es\\\/brigitte-macron-vende-la-casa-familiar-en-touquet-descubre-la-sorprendente-plusvalia-realizada\\\/\"]}]},{\"@type\":\"ImageObject\",\"inLanguage\":\"fr-FR\",\"@id\":\"https:\\\/\\\/www.sebastien-auziere.fr\\\/blog\\\/es\\\/brigitte-macron-vende-la-casa-familiar-en-touquet-descubre-la-sorprendente-plusvalia-realizada\\\/#primaryimage\",\"url\":\"https:\\\/\\\/www.sebastien-auziere.fr\\\/blog\\\/wp-content\\\/uploads\\\/2026\\\/04\\\/Brigitte-Macron-vend-la-maison-familiale-au-Touquet-decouvrez-la-plus-value-surprenante-realisee.jpg\",\"contentUrl\":\"https:\\\/\\\/www.sebastien-auziere.fr\\\/blog\\\/wp-content\\\/uploads\\\/2026\\\/04\\\/Brigitte-Macron-vend-la-maison-familiale-au-Touquet-decouvrez-la-plus-value-surprenante-realisee.jpg\",\"width\":2560,\"height\":1429,\"caption\":\"brigitte macron vend la maison familiale au touquet et r\u00e9alise une plus-value \u00e9tonnante. d\u00e9couvrez tous les d\u00e9tails de cette vente immobili\u00e8re surprenante.\"},{\"@type\":\"BreadcrumbList\",\"@id\":\"https:\\\/\\\/www.sebastien-auziere.fr\\\/blog\\\/es\\\/brigitte-macron-vende-la-casa-familiar-en-touquet-descubre-la-sorprendente-plusvalia-realizada\\\/#breadcrumb\",\"itemListElement\":[{\"@type\":\"ListItem\",\"position\":1,\"name\":\"Home\",\"item\":\"https:\\\/\\\/www.sebastien-auziere.fr\\\/blog\\\/\"},{\"@type\":\"ListItem\",\"position\":2,\"name\":\"Brigitte Macron vende la casa familiar en Touquet: descubre la sorprendente plusval\u00eda realizada\"}]},{\"@type\":\"WebSite\",\"@id\":\"https:\\\/\\\/www.sebastien-auziere.fr\\\/blog\\\/#website\",\"url\":\"https:\\\/\\\/www.sebastien-auziere.fr\\\/blog\\\/\",\"name\":\"Fan site S\u00e9bastien Auzi\u00e8re\",\"description\":\"M\u00e9dia g\u00e9n\u00e9raliste\",\"publisher\":{\"@id\":\"https:\\\/\\\/www.sebastien-auziere.fr\\\/blog\\\/#organization\"},\"potentialAction\":[{\"@type\":\"SearchAction\",\"target\":{\"@type\":\"EntryPoint\",\"urlTemplate\":\"https:\\\/\\\/www.sebastien-auziere.fr\\\/blog\\\/?s={search_term_string}\"},\"query-input\":{\"@type\":\"PropertyValueSpecification\",\"valueRequired\":true,\"valueName\":\"search_term_string\"}}],\"inLanguage\":\"fr-FR\"},{\"@type\":\"Organization\",\"@id\":\"https:\\\/\\\/www.sebastien-auziere.fr\\\/blog\\\/#organization\",\"name\":\"Fan site S\u00e9bastien Auzi\u00e8re\",\"url\":\"https:\\\/\\\/www.sebastien-auziere.fr\\\/blog\\\/\",\"logo\":{\"@type\":\"ImageObject\",\"inLanguage\":\"fr-FR\",\"@id\":\"https:\\\/\\\/www.sebastien-auziere.fr\\\/blog\\\/#\\\/schema\\\/logo\\\/image\\\/\",\"url\":\"https:\\\/\\\/www.sebastien-auziere.fr\\\/blog\\\/wp-content\\\/uploads\\\/2026\\\/03\\\/cropped-cropped-cropped-ChatGPT-Image-6-mars-2026-12_58_09-e1772798376794.jpg\",\"contentUrl\":\"https:\\\/\\\/www.sebastien-auziere.fr\\\/blog\\\/wp-content\\\/uploads\\\/2026\\\/03\\\/cropped-cropped-cropped-ChatGPT-Image-6-mars-2026-12_58_09-e1772798376794.jpg\",\"width\":512,\"height\":360,\"caption\":\"Fan site S\u00e9bastien Auzi\u00e8re\"},\"image\":{\"@id\":\"https:\\\/\\\/www.sebastien-auziere.fr\\\/blog\\\/#\\\/schema\\\/logo\\\/image\\\/\"}},{\"@type\":\"Person\",\"@id\":\"https:\\\/\\\/www.sebastien-auziere.fr\\\/blog\\\/#\\\/schema\\\/person\\\/149f1acdbfd85149c6c3e59adeae2f4d\",\"name\":\"Chloe Gauthier\",\"image\":{\"@type\":\"ImageObject\",\"inLanguage\":\"fr-FR\",\"@id\":\"https:\\\/\\\/secure.gravatar.com\\\/avatar\\\/2c5722f58171cff738a8985ef0dd66b476e563753246a49019befc837ec4201a?s=96&d=mm&r=g\",\"url\":\"https:\\\/\\\/secure.gravatar.com\\\/avatar\\\/2c5722f58171cff738a8985ef0dd66b476e563753246a49019befc837ec4201a?s=96&d=mm&r=g\",\"contentUrl\":\"https:\\\/\\\/secure.gravatar.com\\\/avatar\\\/2c5722f58171cff738a8985ef0dd66b476e563753246a49019befc837ec4201a?s=96&d=mm&r=g\",\"caption\":\"Chloe Gauthier\"},\"description\":\"Passionn\u00e9e par la politique et admiratrice engag\u00e9e de la famille Macron, je consacre mon \u00e9nergie \u00e0 suivre leurs initiatives et \u00e0 promouvoir leurs id\u00e9es. \u00c0 32 ans, je suis convaincue que leur vision est porteuse d'avenir.\",\"url\":\"https:\\\/\\\/www.sebastien-auziere.fr\\\/blog\\\/author\\\/chloe-gauthier\\\/\"}]}<\/script>\n<!-- \/ Yoast SEO plugin. -->","yoast_head_json":{"title":"Brigitte Macron vende la casa familiar en Touquet: descubre la sorprendente plusval\u00eda realizada - Fan site S\u00e9bastien Auzi\u00e8re","description":"Brigitte Macron vend la maison familiale au Touquet : d\u00e9couvrez la plus-value surprenante r\u00e9alis\u00e9e et les d\u00e9tails de cette vente exclusive.","robots":{"index":"index","follow":"follow","max-snippet":"max-snippet:-1","max-image-preview":"max-image-preview:large","max-video-preview":"max-video-preview:-1"},"canonical":"https:\/\/www.sebastien-auziere.fr\/blog\/es\/brigitte-macron-vende-la-casa-familiar-en-touquet-descubre-la-sorprendente-plusvalia-realizada\/","og_locale":"fr_FR","og_type":"article","og_title":"Brigitte Macron vende la casa familiar en Touquet: descubre la sorprendente plusval\u00eda realizada - Fan site S\u00e9bastien Auzi\u00e8re","og_description":"Brigitte Macron vend la maison familiale au Touquet : d\u00e9couvrez la plus-value surprenante r\u00e9alis\u00e9e et les d\u00e9tails de cette vente exclusive.","og_url":"https:\/\/www.sebastien-auziere.fr\/blog\/es\/brigitte-macron-vende-la-casa-familiar-en-touquet-descubre-la-sorprendente-plusvalia-realizada\/","og_site_name":"Fan site S\u00e9bastien Auzi\u00e8re","article_published_time":"2026-04-15T19:07:48+00:00","article_modified_time":"2026-04-15T19:08:07+00:00","og_image":[{"width":2560,"height":1429,"url":"https:\/\/www.sebastien-auziere.fr\/blog\/wp-content\/uploads\/2026\/04\/Brigitte-Macron-vend-la-maison-familiale-au-Touquet-decouvrez-la-plus-value-surprenante-realisee.jpg","type":"image\/jpeg"}],"author":"Chloe Gauthier","twitter_card":"summary_large_image","twitter_misc":{"\u00c9crit par":"Chloe Gauthier","Dur\u00e9e de lecture estim\u00e9e":"2 minutes"},"schema":{"@context":"https:\/\/schema.org","@graph":[{"@type":"Article","@id":"https:\/\/www.sebastien-auziere.fr\/blog\/es\/brigitte-macron-vende-la-casa-familiar-en-touquet-descubre-la-sorprendente-plusvalia-realizada\/#article","isPartOf":{"@id":"https:\/\/www.sebastien-auziere.fr\/blog\/es\/brigitte-macron-vende-la-casa-familiar-en-touquet-descubre-la-sorprendente-plusvalia-realizada\/"},"author":{"name":"Chloe Gauthier","@id":"https:\/\/www.sebastien-auziere.fr\/blog\/#\/schema\/person\/149f1acdbfd85149c6c3e59adeae2f4d"},"headline":"Brigitte Macron vende la casa familiar en Touquet: descubre la sorprendente plusval\u00eda realizada","datePublished":"2026-04-15T19:07:48+00:00","dateModified":"2026-04-15T19:08:07+00:00","mainEntityOfPage":{"@id":"https:\/\/www.sebastien-auziere.fr\/blog\/es\/brigitte-macron-vende-la-casa-familiar-en-touquet-descubre-la-sorprendente-plusvalia-realizada\/"},"wordCount":430,"commentCount":0,"publisher":{"@id":"https:\/\/www.sebastien-auziere.fr\/blog\/#organization"},"image":{"@id":"https:\/\/www.sebastien-auziere.fr\/blog\/es\/brigitte-macron-vende-la-casa-familiar-en-touquet-descubre-la-sorprendente-plusvalia-realizada\/#primaryimage"},"thumbnailUrl":"https:\/\/www.sebastien-auziere.fr\/blog\/wp-content\/uploads\/2026\/04\/Brigitte-Macron-vend-la-maison-familiale-au-Touquet-decouvrez-la-plus-value-surprenante-realisee.jpg","keywords":["brigitte macron","casa familiar","plusval\u00eda inmobiliaria","touquet","venta inmobiliaria"],"articleSection":["Actualidades"],"inLanguage":"fr-FR","potentialAction":[{"@type":"CommentAction","name":"Comment","target":["https:\/\/www.sebastien-auziere.fr\/blog\/es\/brigitte-macron-vende-la-casa-familiar-en-touquet-descubre-la-sorprendente-plusvalia-realizada\/#respond"]}]},{"@type":"WebPage","@id":"https:\/\/www.sebastien-auziere.fr\/blog\/es\/brigitte-macron-vende-la-casa-familiar-en-touquet-descubre-la-sorprendente-plusvalia-realizada\/","url":"https:\/\/www.sebastien-auziere.fr\/blog\/es\/brigitte-macron-vende-la-casa-familiar-en-touquet-descubre-la-sorprendente-plusvalia-realizada\/","name":"Brigitte Macron vende la casa familiar en Touquet: descubre la sorprendente plusval\u00eda realizada - Fan site S\u00e9bastien Auzi\u00e8re","isPartOf":{"@id":"https:\/\/www.sebastien-auziere.fr\/blog\/#website"},"primaryImageOfPage":{"@id":"https:\/\/www.sebastien-auziere.fr\/blog\/es\/brigitte-macron-vende-la-casa-familiar-en-touquet-descubre-la-sorprendente-plusvalia-realizada\/#primaryimage"},"image":{"@id":"https:\/\/www.sebastien-auziere.fr\/blog\/es\/brigitte-macron-vende-la-casa-familiar-en-touquet-descubre-la-sorprendente-plusvalia-realizada\/#primaryimage"},"thumbnailUrl":"https:\/\/www.sebastien-auziere.fr\/blog\/wp-content\/uploads\/2026\/04\/Brigitte-Macron-vend-la-maison-familiale-au-Touquet-decouvrez-la-plus-value-surprenante-realisee.jpg","datePublished":"2026-04-15T19:07:48+00:00","dateModified":"2026-04-15T19:08:07+00:00","description":"Brigitte Macron vend la maison familiale au Touquet : d\u00e9couvrez la plus-value surprenante r\u00e9alis\u00e9e et les d\u00e9tails de cette vente exclusive.","breadcrumb":{"@id":"https:\/\/www.sebastien-auziere.fr\/blog\/es\/brigitte-macron-vende-la-casa-familiar-en-touquet-descubre-la-sorprendente-plusvalia-realizada\/#breadcrumb"},"inLanguage":"fr-FR","potentialAction":[{"@type":"ReadAction","target":["https:\/\/www.sebastien-auziere.fr\/blog\/es\/brigitte-macron-vende-la-casa-familiar-en-touquet-descubre-la-sorprendente-plusvalia-realizada\/"]}]},{"@type":"ImageObject","inLanguage":"fr-FR","@id":"https:\/\/www.sebastien-auziere.fr\/blog\/es\/brigitte-macron-vende-la-casa-familiar-en-touquet-descubre-la-sorprendente-plusvalia-realizada\/#primaryimage","url":"https:\/\/www.sebastien-auziere.fr\/blog\/wp-content\/uploads\/2026\/04\/Brigitte-Macron-vend-la-maison-familiale-au-Touquet-decouvrez-la-plus-value-surprenante-realisee.jpg","contentUrl":"https:\/\/www.sebastien-auziere.fr\/blog\/wp-content\/uploads\/2026\/04\/Brigitte-Macron-vend-la-maison-familiale-au-Touquet-decouvrez-la-plus-value-surprenante-realisee.jpg","width":2560,"height":1429,"caption":"brigitte macron vend la maison familiale au touquet et r\u00e9alise une plus-value \u00e9tonnante. d\u00e9couvrez tous les d\u00e9tails de cette vente immobili\u00e8re surprenante."},{"@type":"BreadcrumbList","@id":"https:\/\/www.sebastien-auziere.fr\/blog\/es\/brigitte-macron-vende-la-casa-familiar-en-touquet-descubre-la-sorprendente-plusvalia-realizada\/#breadcrumb","itemListElement":[{"@type":"ListItem","position":1,"name":"Home","item":"https:\/\/www.sebastien-auziere.fr\/blog\/"},{"@type":"ListItem","position":2,"name":"Brigitte Macron vende la casa familiar en Touquet: descubre la sorprendente plusval\u00eda realizada"}]},{"@type":"WebSite","@id":"https:\/\/www.sebastien-auziere.fr\/blog\/#website","url":"https:\/\/www.sebastien-auziere.fr\/blog\/","name":"Fan site S\u00e9bastien Auzi\u00e8re","description":"M\u00e9dia g\u00e9n\u00e9raliste","publisher":{"@id":"https:\/\/www.sebastien-auziere.fr\/blog\/#organization"},"potentialAction":[{"@type":"SearchAction","target":{"@type":"EntryPoint","urlTemplate":"https:\/\/www.sebastien-auziere.fr\/blog\/?s={search_term_string}"},"query-input":{"@type":"PropertyValueSpecification","valueRequired":true,"valueName":"search_term_string"}}],"inLanguage":"fr-FR"},{"@type":"Organization","@id":"https:\/\/www.sebastien-auziere.fr\/blog\/#organization","name":"Fan site S\u00e9bastien Auzi\u00e8re","url":"https:\/\/www.sebastien-auziere.fr\/blog\/","logo":{"@type":"ImageObject","inLanguage":"fr-FR","@id":"https:\/\/www.sebastien-auziere.fr\/blog\/#\/schema\/logo\/image\/","url":"https:\/\/www.sebastien-auziere.fr\/blog\/wp-content\/uploads\/2026\/03\/cropped-cropped-cropped-ChatGPT-Image-6-mars-2026-12_58_09-e1772798376794.jpg","contentUrl":"https:\/\/www.sebastien-auziere.fr\/blog\/wp-content\/uploads\/2026\/03\/cropped-cropped-cropped-ChatGPT-Image-6-mars-2026-12_58_09-e1772798376794.jpg","width":512,"height":360,"caption":"Fan site S\u00e9bastien Auzi\u00e8re"},"image":{"@id":"https:\/\/www.sebastien-auziere.fr\/blog\/#\/schema\/logo\/image\/"}},{"@type":"Person","@id":"https:\/\/www.sebastien-auziere.fr\/blog\/#\/schema\/person\/149f1acdbfd85149c6c3e59adeae2f4d","name":"Chloe Gauthier","image":{"@type":"ImageObject","inLanguage":"fr-FR","@id":"https:\/\/secure.gravatar.com\/avatar\/2c5722f58171cff738a8985ef0dd66b476e563753246a49019befc837ec4201a?s=96&d=mm&r=g","url":"https:\/\/secure.gravatar.com\/avatar\/2c5722f58171cff738a8985ef0dd66b476e563753246a49019befc837ec4201a?s=96&d=mm&r=g","contentUrl":"https:\/\/secure.gravatar.com\/avatar\/2c5722f58171cff738a8985ef0dd66b476e563753246a49019befc837ec4201a?s=96&d=mm&r=g","caption":"Chloe Gauthier"},"description":"Passionn\u00e9e par la politique et admiratrice engag\u00e9e de la famille Macron, je consacre mon \u00e9nergie \u00e0 suivre leurs initiatives et \u00e0 promouvoir leurs id\u00e9es. \u00c0 32 ans, je suis convaincue que leur vision est porteuse d'avenir.","url":"https:\/\/www.sebastien-auziere.fr\/blog\/author\/chloe-gauthier\/"}]}},"views":1,"_links":{"self":[{"href":"https:\/\/www.sebastien-auziere.fr\/blog\/wp-json\/wp\/v2\/posts\/3050","targetHints":{"allow":["GET"]}}],"collection":[{"href":"https:\/\/www.sebastien-auziere.fr\/blog\/wp-json\/wp\/v2\/posts"}],"about":[{"href":"https:\/\/www.sebastien-auziere.fr\/blog\/wp-json\/wp\/v2\/types\/post"}],"author":[{"embeddable":true,"href":"https:\/\/www.sebastien-auziere.fr\/blog\/wp-json\/wp\/v2\/users\/9"}],"replies":[{"embeddable":true,"href":"https:\/\/www.sebastien-auziere.fr\/blog\/wp-json\/wp\/v2\/comments?post=3050"}],"version-history":[{"count":1,"href":"https:\/\/www.sebastien-auziere.fr\/blog\/wp-json\/wp\/v2\/posts\/3050\/revisions"}],"predecessor-version":[{"id":3051,"href":"https:\/\/www.sebastien-auziere.fr\/blog\/wp-json\/wp\/v2\/posts\/3050\/revisions\/3051"}],"wp:featuredmedia":[{"embeddable":true,"href":"https:\/\/www.sebastien-auziere.fr\/blog\/wp-json\/wp\/v2\/media\/3046"}],"wp:attachment":[{"href":"https:\/\/www.sebastien-auziere.fr\/blog\/wp-json\/wp\/v2\/media?parent=3050"}],"wp:term":[{"taxonomy":"category","embeddable":true,"href":"https:\/\/www.sebastien-auziere.fr\/blog\/wp-json\/wp\/v2\/categories?post=3050"},{"taxonomy":"post_tag","embeddable":true,"href":"https:\/\/www.sebastien-auziere.fr\/blog\/wp-json\/wp\/v2\/tags?post=3050"}],"curies":[{"name":"wp","href":"https:\/\/api.w.org\/{rel}","templated":true}]}}