{"id":3042,"date":"2026-04-15T07:09:12","date_gmt":"2026-04-15T07:09:12","guid":{"rendered":"https:\/\/www.sebastien-auziere.fr\/blog\/?p=3042"},"modified":"2026-04-15T07:09:42","modified_gmt":"2026-04-15T07:09:42","slug":"setenta-minutos-de-serenidade-mergulho-exclusivo-nos-bastidores-da-visita-privada-de-emmanuel","status":"publish","type":"post","link":"https:\/\/www.sebastien-auziere.fr\/blog\/pt\/setenta-minutos-de-serenidade-mergulho-exclusivo-nos-bastidores-da-visita-privada-de-emmanuel\/","title":{"rendered":"\u00ab Setenta minutos de serenidade \u00bb: Mergulho exclusivo nos bastidores da visita privada de Emmanuel &#8230;"},"content":{"rendered":"<p><strong>Setenta minutos de serenidade<\/strong>: esta \u00e9 a imagem que permanece ap\u00f3s a <strong>imers\u00e3o exclusiva<\/strong> nos <strong>bastidores<\/strong> da <strong>visita privada<\/strong> de <strong>Emmanuel<\/strong> Macron ao Latr\u00e3o em <strong>10 de abril de 2026<\/strong>, \u00e0 margem de seu encontro com o papa Le\u00e3o XIV. Voc\u00ea descobre aqui os principais momentos de um <strong>momento \u00edntimo<\/strong> e de uma <strong>imers\u00e3o<\/strong> fora do protocolo, contados com precis\u00e3o e calor.<\/p>\n\n<p><strong>Em resumo<\/strong>: visita anunciada como <strong>setenta minutos<\/strong> de calma, presen\u00e7a de Brigitte Macron, recep\u00e7\u00e3o pelo can\u00f4nico Patrick Valdrini (nomeado pelo papa Francisco em 2019), descoberta da cadeira reservada para o presidente, delega\u00e7\u00e3o incluindo Jean-No\u00ebl Barrot e Catherine P\u00e9gard, intera\u00e7\u00e3o calorosa com o pessoal, incluindo um guarda ucraniano \u2014 uma verdadeira <strong>experi\u00eancia \u00fanica<\/strong> e de <strong>descoberta<\/strong> para os participantes.<\/p>\n\n<h2 class=\"wp-block-heading\">Visita privada ao Latr\u00e3o: uma <strong>imers\u00e3o exclusiva<\/strong> na hist\u00f3ria<\/h2>\n\n<p>A bas\u00edlica de S\u00e3o Jo\u00e3o de Latr\u00e3o ofereceu a <strong>Emmanuel<\/strong> Macron uma recep\u00e7\u00e3o in\u00e9dita em 10 de abril de 2026. Patrick Valdrini, can\u00f4nico desde 2019, guiou a delega\u00e7\u00e3o na nave e, em seguida, at\u00e9 a cadeira hist\u00f3rica reservada para o chefe de Estado franc\u00eas. A visita, qualificada no t\u00edtulo de <strong>setenta minutos<\/strong>, est\u00e1 inserida na continuidade de sua investidura de 2018 como can\u00f4nico honor\u00e1rio.<\/p>\n\n<h2 class=\"wp-block-heading\">Um <strong>momento \u00edntimo<\/strong> e de <strong>serenidade<\/strong> no cora\u00e7\u00e3o do Latr\u00e3o<\/h2>\n\n<p>As palavras de Patrick Valdrini descrevem uma troca calorosa e simples: um di\u00e1logo na sala capitular, anedotas sobre a cadeira e o lugar da Fran\u00e7a no Latr\u00e3o. Macron teria observado: \u201c<strong>Mas esta cadeira n\u00e3o \u00e9 minha, \u00e9 de voc\u00eas<\/strong>.\u201d Brigitte, destacada por sua presen\u00e7a atenta, pontuou a visita com um humor discreto enquanto cumprimentava o pessoal.<\/p>\n\n<h2 class=\"wp-block-heading\">Os <strong>bastidores<\/strong>: uma delega\u00e7\u00e3o simb\u00f3lica e cidad\u00e3<\/h2>\n\n<p>A delega\u00e7\u00e3o contava com Jean-No\u00ebl Barrot, Catherine P\u00e9gard, Hugues de Woillemont, Laurent Landete e Jean-Marc Sauv\u00e9, al\u00e9m de uma freira libanesa que dirige uma escola multiconfessional e da influenciadora religiosa Albertine. A aten\u00e7\u00e3o dada a um jovem guarda ucraniano, saudado em ucraniano pelos c\u00f4njuges Macron, destacou a <strong>descoberta<\/strong> do local como um espa\u00e7o de fraternidade. Este momento encerra uma imers\u00e3o discreta, por\u00e9m significativa.<\/p>\n\n<p>A cena ilustra uma pol\u00edtica de proximidade, longe dos grandes discursos, e destaca o v\u00ednculo antigo entre a Fran\u00e7a e o cap\u00edtulo do Latr\u00e3o.<\/p>\n\n<h2 class=\"wp-block-heading\">Heran\u00e7a, sentido e <strong>descoberta<\/strong> hist\u00f3rica<\/h2>\n\n<p>O estatuto de can\u00f4nico honor\u00e1rio, herdado dos reis da Fran\u00e7a desde o s\u00e9culo XV, assume hoje uma forma simb\u00f3lica. O Latr\u00e3o permanece \u201cm\u00e3e de todas as igrejas\u201d, e a visita relembrava ritos antigos enquanto reafirmava a laicidade francesa. Para saber mais sobre os contextos religiosos e diplom\u00e1ticos deste encontro, consulte os relatos detalhados da visita ao Vaticano em <a href=\"https:\/\/www.sebastien-auziere.fr\/blog\/macron-vatican-pape\/\">os detalhes do encontro no Vaticano<\/a> e a cr\u00f4nica dedicada a <a href=\"https:\/\/www.sebastien-auziere.fr\/blog\/macron-visite-vatican\/\">esta visita privada ao Vaticano<\/a>.<\/p>\n\n<p>Quer uma imers\u00e3o mais completa sobre S\u00e9bastien Auzi\u00e8re e a fam\u00edlia Macron? Descubra dossiers, testemunhos e arquivos em <a href=\"https:\/\/www.sebastien-auziere.fr\/blog\/macron-vatican-visite\/\">sebastien-auziere.fr<\/a> para aprofundar essa experi\u00eancia \u00fanica e continuar a <strong>imers\u00e3o<\/strong>.<\/p>","protected":false},"excerpt":{"rendered":"<p>Setenta minutos de serenidade: esta \u00e9 a imagem que permanece ap\u00f3s a imers\u00e3o exclusiva nos bastidores da visita privada de Emmanuel Macron ao Latr\u00e3o em 10 de abril de 2026, \u00e0 margem de seu encontro com o papa Le\u00e3o XIV. Voc\u00ea descobre aqui os principais momentos de um momento \u00edntimo e de uma imers\u00e3o fora &#8230; <a title=\"\u00ab Setenta minutos de serenidade \u00bb: Mergulho exclusivo nos bastidores da visita privada de Emmanuel &#8230;\" class=\"read-more\" href=\"https:\/\/www.sebastien-auziere.fr\/blog\/pt\/setenta-minutos-de-serenidade-mergulho-exclusivo-nos-bastidores-da-visita-privada-de-emmanuel\/\" aria-label=\"En savoir plus sur \u00ab Setenta minutos de serenidade \u00bb: Mergulho exclusivo nos bastidores da visita privada de Emmanuel &#8230;\">Lire plus<\/a><\/p>\n","protected":false},"author":9,"featured_media":3032,"comment_status":"open","ping_status":"open","sticky":false,"template":"","format":"standard","meta":{"footnotes":""},"categories":[862],"tags":[2986,2989,2992,2995,2998],"class_list":["post-3042","post","type-post","status-publish","format-standard","has-post-thumbnail","hentry","category-actualidades-pt","tag-coulisses-pt","tag-emmanuel-pt","tag-plongee-exclusiva-pt","tag-setenta-minutos-de-serenidade-pt","tag-visita-privada-pt"],"yoast_head":"<!-- This site is optimized with the Yoast SEO plugin v27.5 - https:\/\/yoast.com\/product\/yoast-seo-wordpress\/ -->\n<title>\u00ab Setenta minutos de serenidade \u00bb: Mergulho exclusivo nos bastidores da visita privada de Emmanuel ... - Fan site S\u00e9bastien Auzi\u00e8re<\/title>\n<meta name=\"description\" content=\"D\u00e9couvrez les coulisses exclusives de la visite priv\u00e9e d&#039;Emmanuel : soixante-dix minutes de s\u00e9r\u00e9nit\u00e9 et d\u2019\u00e9changes uniques.\" \/>\n<meta name=\"robots\" content=\"index, follow, max-snippet:-1, max-image-preview:large, max-video-preview:-1\" \/>\n<link rel=\"canonical\" href=\"https:\/\/www.sebastien-auziere.fr\/blog\/pt\/setenta-minutos-de-serenidade-mergulho-exclusivo-nos-bastidores-da-visita-privada-de-emmanuel\/\" \/>\n<meta property=\"og:locale\" content=\"fr_FR\" \/>\n<meta property=\"og:type\" content=\"article\" \/>\n<meta property=\"og:title\" content=\"\u00ab Setenta minutos de serenidade \u00bb: Mergulho exclusivo nos bastidores da visita privada de Emmanuel ... - Fan site S\u00e9bastien Auzi\u00e8re\" \/>\n<meta property=\"og:description\" content=\"D\u00e9couvrez les coulisses exclusives de la visite priv\u00e9e d&#039;Emmanuel : soixante-dix minutes de s\u00e9r\u00e9nit\u00e9 et d\u2019\u00e9changes uniques.\" \/>\n<meta property=\"og:url\" content=\"https:\/\/www.sebastien-auziere.fr\/blog\/pt\/setenta-minutos-de-serenidade-mergulho-exclusivo-nos-bastidores-da-visita-privada-de-emmanuel\/\" \/>\n<meta property=\"og:site_name\" content=\"Fan site S\u00e9bastien Auzi\u00e8re\" \/>\n<meta property=\"article:published_time\" content=\"2026-04-15T07:09:12+00:00\" \/>\n<meta property=\"article:modified_time\" content=\"2026-04-15T07:09:42+00:00\" \/>\n<meta property=\"og:image\" content=\"https:\/\/www.sebastien-auziere.fr\/blog\/wp-content\/uploads\/2026\/04\/Soixante-dix-minutes-de-serenite-Plongee-exclusive-dans-les-coulisses-de-la-visite-privee-dEmmanuel-.jpg\" \/>\n\t<meta property=\"og:image:width\" content=\"2560\" \/>\n\t<meta property=\"og:image:height\" content=\"1429\" \/>\n\t<meta property=\"og:image:type\" content=\"image\/jpeg\" \/>\n<meta name=\"author\" content=\"Chloe Gauthier\" \/>\n<meta name=\"twitter:card\" content=\"summary_large_image\" \/>\n<meta name=\"twitter:label1\" content=\"\u00c9crit par\" \/>\n\t<meta name=\"twitter:data1\" content=\"Chloe Gauthier\" \/>\n\t<meta name=\"twitter:label2\" content=\"Dur\u00e9e de lecture estim\u00e9e\" \/>\n\t<meta name=\"twitter:data2\" content=\"3 minutes\" \/>\n<script type=\"application\/ld+json\" class=\"yoast-schema-graph\">{\"@context\":\"https:\\\/\\\/schema.org\",\"@graph\":[{\"@type\":\"Article\",\"@id\":\"https:\\\/\\\/www.sebastien-auziere.fr\\\/blog\\\/pt\\\/setenta-minutos-de-serenidade-mergulho-exclusivo-nos-bastidores-da-visita-privada-de-emmanuel\\\/#article\",\"isPartOf\":{\"@id\":\"https:\\\/\\\/www.sebastien-auziere.fr\\\/blog\\\/pt\\\/setenta-minutos-de-serenidade-mergulho-exclusivo-nos-bastidores-da-visita-privada-de-emmanuel\\\/\"},\"author\":{\"name\":\"Chloe Gauthier\",\"@id\":\"https:\\\/\\\/www.sebastien-auziere.fr\\\/blog\\\/#\\\/schema\\\/person\\\/149f1acdbfd85149c6c3e59adeae2f4d\"},\"headline\":\"\u00ab Setenta minutos de serenidade \u00bb: Mergulho exclusivo nos bastidores da visita privada de Emmanuel &#8230;\",\"datePublished\":\"2026-04-15T07:09:12+00:00\",\"dateModified\":\"2026-04-15T07:09:42+00:00\",\"mainEntityOfPage\":{\"@id\":\"https:\\\/\\\/www.sebastien-auziere.fr\\\/blog\\\/pt\\\/setenta-minutos-de-serenidade-mergulho-exclusivo-nos-bastidores-da-visita-privada-de-emmanuel\\\/\"},\"wordCount\":533,\"commentCount\":0,\"publisher\":{\"@id\":\"https:\\\/\\\/www.sebastien-auziere.fr\\\/blog\\\/#organization\"},\"image\":{\"@id\":\"https:\\\/\\\/www.sebastien-auziere.fr\\\/blog\\\/pt\\\/setenta-minutos-de-serenidade-mergulho-exclusivo-nos-bastidores-da-visita-privada-de-emmanuel\\\/#primaryimage\"},\"thumbnailUrl\":\"https:\\\/\\\/www.sebastien-auziere.fr\\\/blog\\\/wp-content\\\/uploads\\\/2026\\\/04\\\/Soixante-dix-minutes-de-serenite-Plongee-exclusive-dans-les-coulisses-de-la-visite-privee-dEmmanuel-.jpg\",\"keywords\":[\"coulisses\",\"emmanuel\",\"plong\u00e9e exclusiva\",\"setenta minutos de serenidade\",\"visita privada\"],\"articleSection\":[\"Actualidades\"],\"inLanguage\":\"fr-FR\",\"potentialAction\":[{\"@type\":\"CommentAction\",\"name\":\"Comment\",\"target\":[\"https:\\\/\\\/www.sebastien-auziere.fr\\\/blog\\\/pt\\\/setenta-minutos-de-serenidade-mergulho-exclusivo-nos-bastidores-da-visita-privada-de-emmanuel\\\/#respond\"]}]},{\"@type\":\"WebPage\",\"@id\":\"https:\\\/\\\/www.sebastien-auziere.fr\\\/blog\\\/pt\\\/setenta-minutos-de-serenidade-mergulho-exclusivo-nos-bastidores-da-visita-privada-de-emmanuel\\\/\",\"url\":\"https:\\\/\\\/www.sebastien-auziere.fr\\\/blog\\\/pt\\\/setenta-minutos-de-serenidade-mergulho-exclusivo-nos-bastidores-da-visita-privada-de-emmanuel\\\/\",\"name\":\"\u00ab Setenta minutos de serenidade \u00bb: Mergulho exclusivo nos bastidores da visita privada de Emmanuel ... - Fan site S\u00e9bastien Auzi\u00e8re\",\"isPartOf\":{\"@id\":\"https:\\\/\\\/www.sebastien-auziere.fr\\\/blog\\\/#website\"},\"primaryImageOfPage\":{\"@id\":\"https:\\\/\\\/www.sebastien-auziere.fr\\\/blog\\\/pt\\\/setenta-minutos-de-serenidade-mergulho-exclusivo-nos-bastidores-da-visita-privada-de-emmanuel\\\/#primaryimage\"},\"image\":{\"@id\":\"https:\\\/\\\/www.sebastien-auziere.fr\\\/blog\\\/pt\\\/setenta-minutos-de-serenidade-mergulho-exclusivo-nos-bastidores-da-visita-privada-de-emmanuel\\\/#primaryimage\"},\"thumbnailUrl\":\"https:\\\/\\\/www.sebastien-auziere.fr\\\/blog\\\/wp-content\\\/uploads\\\/2026\\\/04\\\/Soixante-dix-minutes-de-serenite-Plongee-exclusive-dans-les-coulisses-de-la-visite-privee-dEmmanuel-.jpg\",\"datePublished\":\"2026-04-15T07:09:12+00:00\",\"dateModified\":\"2026-04-15T07:09:42+00:00\",\"description\":\"D\u00e9couvrez les coulisses exclusives de la visite priv\u00e9e d'Emmanuel : soixante-dix minutes de s\u00e9r\u00e9nit\u00e9 et d\u2019\u00e9changes uniques.\",\"breadcrumb\":{\"@id\":\"https:\\\/\\\/www.sebastien-auziere.fr\\\/blog\\\/pt\\\/setenta-minutos-de-serenidade-mergulho-exclusivo-nos-bastidores-da-visita-privada-de-emmanuel\\\/#breadcrumb\"},\"inLanguage\":\"fr-FR\",\"potentialAction\":[{\"@type\":\"ReadAction\",\"target\":[\"https:\\\/\\\/www.sebastien-auziere.fr\\\/blog\\\/pt\\\/setenta-minutos-de-serenidade-mergulho-exclusivo-nos-bastidores-da-visita-privada-de-emmanuel\\\/\"]}]},{\"@type\":\"ImageObject\",\"inLanguage\":\"fr-FR\",\"@id\":\"https:\\\/\\\/www.sebastien-auziere.fr\\\/blog\\\/pt\\\/setenta-minutos-de-serenidade-mergulho-exclusivo-nos-bastidores-da-visita-privada-de-emmanuel\\\/#primaryimage\",\"url\":\"https:\\\/\\\/www.sebastien-auziere.fr\\\/blog\\\/wp-content\\\/uploads\\\/2026\\\/04\\\/Soixante-dix-minutes-de-serenite-Plongee-exclusive-dans-les-coulisses-de-la-visite-privee-dEmmanuel-.jpg\",\"contentUrl\":\"https:\\\/\\\/www.sebastien-auziere.fr\\\/blog\\\/wp-content\\\/uploads\\\/2026\\\/04\\\/Soixante-dix-minutes-de-serenite-Plongee-exclusive-dans-les-coulisses-de-la-visite-privee-dEmmanuel-.jpg\",\"width\":2560,\"height\":1429,\"caption\":\"d\u00e9couvrez une immersion exclusive de soixante-dix minutes de s\u00e9r\u00e9nit\u00e9 lors de la visite priv\u00e9e d'emmanuel, avec un acc\u00e8s in\u00e9dit aux coulisses et une ambiance apaisante.\"},{\"@type\":\"BreadcrumbList\",\"@id\":\"https:\\\/\\\/www.sebastien-auziere.fr\\\/blog\\\/pt\\\/setenta-minutos-de-serenidade-mergulho-exclusivo-nos-bastidores-da-visita-privada-de-emmanuel\\\/#breadcrumb\",\"itemListElement\":[{\"@type\":\"ListItem\",\"position\":1,\"name\":\"Home\",\"item\":\"https:\\\/\\\/www.sebastien-auziere.fr\\\/blog\\\/\"},{\"@type\":\"ListItem\",\"position\":2,\"name\":\"\u00ab Setenta minutos de serenidade \u00bb: Mergulho exclusivo nos bastidores da visita privada de Emmanuel &#8230;\"}]},{\"@type\":\"WebSite\",\"@id\":\"https:\\\/\\\/www.sebastien-auziere.fr\\\/blog\\\/#website\",\"url\":\"https:\\\/\\\/www.sebastien-auziere.fr\\\/blog\\\/\",\"name\":\"Fan site S\u00e9bastien Auzi\u00e8re\",\"description\":\"M\u00e9dia g\u00e9n\u00e9raliste\",\"publisher\":{\"@id\":\"https:\\\/\\\/www.sebastien-auziere.fr\\\/blog\\\/#organization\"},\"potentialAction\":[{\"@type\":\"SearchAction\",\"target\":{\"@type\":\"EntryPoint\",\"urlTemplate\":\"https:\\\/\\\/www.sebastien-auziere.fr\\\/blog\\\/?s={search_term_string}\"},\"query-input\":{\"@type\":\"PropertyValueSpecification\",\"valueRequired\":true,\"valueName\":\"search_term_string\"}}],\"inLanguage\":\"fr-FR\"},{\"@type\":\"Organization\",\"@id\":\"https:\\\/\\\/www.sebastien-auziere.fr\\\/blog\\\/#organization\",\"name\":\"Fan site S\u00e9bastien Auzi\u00e8re\",\"url\":\"https:\\\/\\\/www.sebastien-auziere.fr\\\/blog\\\/\",\"logo\":{\"@type\":\"ImageObject\",\"inLanguage\":\"fr-FR\",\"@id\":\"https:\\\/\\\/www.sebastien-auziere.fr\\\/blog\\\/#\\\/schema\\\/logo\\\/image\\\/\",\"url\":\"https:\\\/\\\/www.sebastien-auziere.fr\\\/blog\\\/wp-content\\\/uploads\\\/2026\\\/03\\\/cropped-cropped-cropped-ChatGPT-Image-6-mars-2026-12_58_09-e1772798376794.jpg\",\"contentUrl\":\"https:\\\/\\\/www.sebastien-auziere.fr\\\/blog\\\/wp-content\\\/uploads\\\/2026\\\/03\\\/cropped-cropped-cropped-ChatGPT-Image-6-mars-2026-12_58_09-e1772798376794.jpg\",\"width\":512,\"height\":360,\"caption\":\"Fan site S\u00e9bastien Auzi\u00e8re\"},\"image\":{\"@id\":\"https:\\\/\\\/www.sebastien-auziere.fr\\\/blog\\\/#\\\/schema\\\/logo\\\/image\\\/\"}},{\"@type\":\"Person\",\"@id\":\"https:\\\/\\\/www.sebastien-auziere.fr\\\/blog\\\/#\\\/schema\\\/person\\\/149f1acdbfd85149c6c3e59adeae2f4d\",\"name\":\"Chloe Gauthier\",\"image\":{\"@type\":\"ImageObject\",\"inLanguage\":\"fr-FR\",\"@id\":\"https:\\\/\\\/secure.gravatar.com\\\/avatar\\\/2c5722f58171cff738a8985ef0dd66b476e563753246a49019befc837ec4201a?s=96&d=mm&r=g\",\"url\":\"https:\\\/\\\/secure.gravatar.com\\\/avatar\\\/2c5722f58171cff738a8985ef0dd66b476e563753246a49019befc837ec4201a?s=96&d=mm&r=g\",\"contentUrl\":\"https:\\\/\\\/secure.gravatar.com\\\/avatar\\\/2c5722f58171cff738a8985ef0dd66b476e563753246a49019befc837ec4201a?s=96&d=mm&r=g\",\"caption\":\"Chloe Gauthier\"},\"description\":\"Passionn\u00e9e par la politique et admiratrice engag\u00e9e de la famille Macron, je consacre mon \u00e9nergie \u00e0 suivre leurs initiatives et \u00e0 promouvoir leurs id\u00e9es. \u00c0 32 ans, je suis convaincue que leur vision est porteuse d'avenir.\",\"url\":\"https:\\\/\\\/www.sebastien-auziere.fr\\\/blog\\\/author\\\/chloe-gauthier\\\/\"}]}<\/script>\n<!-- \/ Yoast SEO plugin. -->","yoast_head_json":{"title":"\u00ab Setenta minutos de serenidade \u00bb: Mergulho exclusivo nos bastidores da visita privada de Emmanuel ... - Fan site S\u00e9bastien Auzi\u00e8re","description":"D\u00e9couvrez les coulisses exclusives de la visite priv\u00e9e d'Emmanuel : soixante-dix minutes de s\u00e9r\u00e9nit\u00e9 et d\u2019\u00e9changes uniques.","robots":{"index":"index","follow":"follow","max-snippet":"max-snippet:-1","max-image-preview":"max-image-preview:large","max-video-preview":"max-video-preview:-1"},"canonical":"https:\/\/www.sebastien-auziere.fr\/blog\/pt\/setenta-minutos-de-serenidade-mergulho-exclusivo-nos-bastidores-da-visita-privada-de-emmanuel\/","og_locale":"fr_FR","og_type":"article","og_title":"\u00ab Setenta minutos de serenidade \u00bb: Mergulho exclusivo nos bastidores da visita privada de Emmanuel ... - Fan site S\u00e9bastien Auzi\u00e8re","og_description":"D\u00e9couvrez les coulisses exclusives de la visite priv\u00e9e d'Emmanuel : soixante-dix minutes de s\u00e9r\u00e9nit\u00e9 et d\u2019\u00e9changes uniques.","og_url":"https:\/\/www.sebastien-auziere.fr\/blog\/pt\/setenta-minutos-de-serenidade-mergulho-exclusivo-nos-bastidores-da-visita-privada-de-emmanuel\/","og_site_name":"Fan site S\u00e9bastien Auzi\u00e8re","article_published_time":"2026-04-15T07:09:12+00:00","article_modified_time":"2026-04-15T07:09:42+00:00","og_image":[{"width":2560,"height":1429,"url":"https:\/\/www.sebastien-auziere.fr\/blog\/wp-content\/uploads\/2026\/04\/Soixante-dix-minutes-de-serenite-Plongee-exclusive-dans-les-coulisses-de-la-visite-privee-dEmmanuel-.jpg","type":"image\/jpeg"}],"author":"Chloe Gauthier","twitter_card":"summary_large_image","twitter_misc":{"\u00c9crit par":"Chloe Gauthier","Dur\u00e9e de lecture estim\u00e9e":"3 minutes"},"schema":{"@context":"https:\/\/schema.org","@graph":[{"@type":"Article","@id":"https:\/\/www.sebastien-auziere.fr\/blog\/pt\/setenta-minutos-de-serenidade-mergulho-exclusivo-nos-bastidores-da-visita-privada-de-emmanuel\/#article","isPartOf":{"@id":"https:\/\/www.sebastien-auziere.fr\/blog\/pt\/setenta-minutos-de-serenidade-mergulho-exclusivo-nos-bastidores-da-visita-privada-de-emmanuel\/"},"author":{"name":"Chloe Gauthier","@id":"https:\/\/www.sebastien-auziere.fr\/blog\/#\/schema\/person\/149f1acdbfd85149c6c3e59adeae2f4d"},"headline":"\u00ab Setenta minutos de serenidade \u00bb: Mergulho exclusivo nos bastidores da visita privada de Emmanuel &#8230;","datePublished":"2026-04-15T07:09:12+00:00","dateModified":"2026-04-15T07:09:42+00:00","mainEntityOfPage":{"@id":"https:\/\/www.sebastien-auziere.fr\/blog\/pt\/setenta-minutos-de-serenidade-mergulho-exclusivo-nos-bastidores-da-visita-privada-de-emmanuel\/"},"wordCount":533,"commentCount":0,"publisher":{"@id":"https:\/\/www.sebastien-auziere.fr\/blog\/#organization"},"image":{"@id":"https:\/\/www.sebastien-auziere.fr\/blog\/pt\/setenta-minutos-de-serenidade-mergulho-exclusivo-nos-bastidores-da-visita-privada-de-emmanuel\/#primaryimage"},"thumbnailUrl":"https:\/\/www.sebastien-auziere.fr\/blog\/wp-content\/uploads\/2026\/04\/Soixante-dix-minutes-de-serenite-Plongee-exclusive-dans-les-coulisses-de-la-visite-privee-dEmmanuel-.jpg","keywords":["coulisses","emmanuel","plong\u00e9e exclusiva","setenta minutos de serenidade","visita privada"],"articleSection":["Actualidades"],"inLanguage":"fr-FR","potentialAction":[{"@type":"CommentAction","name":"Comment","target":["https:\/\/www.sebastien-auziere.fr\/blog\/pt\/setenta-minutos-de-serenidade-mergulho-exclusivo-nos-bastidores-da-visita-privada-de-emmanuel\/#respond"]}]},{"@type":"WebPage","@id":"https:\/\/www.sebastien-auziere.fr\/blog\/pt\/setenta-minutos-de-serenidade-mergulho-exclusivo-nos-bastidores-da-visita-privada-de-emmanuel\/","url":"https:\/\/www.sebastien-auziere.fr\/blog\/pt\/setenta-minutos-de-serenidade-mergulho-exclusivo-nos-bastidores-da-visita-privada-de-emmanuel\/","name":"\u00ab Setenta minutos de serenidade \u00bb: Mergulho exclusivo nos bastidores da visita privada de Emmanuel ... - Fan site S\u00e9bastien Auzi\u00e8re","isPartOf":{"@id":"https:\/\/www.sebastien-auziere.fr\/blog\/#website"},"primaryImageOfPage":{"@id":"https:\/\/www.sebastien-auziere.fr\/blog\/pt\/setenta-minutos-de-serenidade-mergulho-exclusivo-nos-bastidores-da-visita-privada-de-emmanuel\/#primaryimage"},"image":{"@id":"https:\/\/www.sebastien-auziere.fr\/blog\/pt\/setenta-minutos-de-serenidade-mergulho-exclusivo-nos-bastidores-da-visita-privada-de-emmanuel\/#primaryimage"},"thumbnailUrl":"https:\/\/www.sebastien-auziere.fr\/blog\/wp-content\/uploads\/2026\/04\/Soixante-dix-minutes-de-serenite-Plongee-exclusive-dans-les-coulisses-de-la-visite-privee-dEmmanuel-.jpg","datePublished":"2026-04-15T07:09:12+00:00","dateModified":"2026-04-15T07:09:42+00:00","description":"D\u00e9couvrez les coulisses exclusives de la visite priv\u00e9e d'Emmanuel : soixante-dix minutes de s\u00e9r\u00e9nit\u00e9 et d\u2019\u00e9changes uniques.","breadcrumb":{"@id":"https:\/\/www.sebastien-auziere.fr\/blog\/pt\/setenta-minutos-de-serenidade-mergulho-exclusivo-nos-bastidores-da-visita-privada-de-emmanuel\/#breadcrumb"},"inLanguage":"fr-FR","potentialAction":[{"@type":"ReadAction","target":["https:\/\/www.sebastien-auziere.fr\/blog\/pt\/setenta-minutos-de-serenidade-mergulho-exclusivo-nos-bastidores-da-visita-privada-de-emmanuel\/"]}]},{"@type":"ImageObject","inLanguage":"fr-FR","@id":"https:\/\/www.sebastien-auziere.fr\/blog\/pt\/setenta-minutos-de-serenidade-mergulho-exclusivo-nos-bastidores-da-visita-privada-de-emmanuel\/#primaryimage","url":"https:\/\/www.sebastien-auziere.fr\/blog\/wp-content\/uploads\/2026\/04\/Soixante-dix-minutes-de-serenite-Plongee-exclusive-dans-les-coulisses-de-la-visite-privee-dEmmanuel-.jpg","contentUrl":"https:\/\/www.sebastien-auziere.fr\/blog\/wp-content\/uploads\/2026\/04\/Soixante-dix-minutes-de-serenite-Plongee-exclusive-dans-les-coulisses-de-la-visite-privee-dEmmanuel-.jpg","width":2560,"height":1429,"caption":"d\u00e9couvrez une immersion exclusive de soixante-dix minutes de s\u00e9r\u00e9nit\u00e9 lors de la visite priv\u00e9e d'emmanuel, avec un acc\u00e8s in\u00e9dit aux coulisses et une ambiance apaisante."},{"@type":"BreadcrumbList","@id":"https:\/\/www.sebastien-auziere.fr\/blog\/pt\/setenta-minutos-de-serenidade-mergulho-exclusivo-nos-bastidores-da-visita-privada-de-emmanuel\/#breadcrumb","itemListElement":[{"@type":"ListItem","position":1,"name":"Home","item":"https:\/\/www.sebastien-auziere.fr\/blog\/"},{"@type":"ListItem","position":2,"name":"\u00ab Setenta minutos de serenidade \u00bb: Mergulho exclusivo nos bastidores da visita privada de Emmanuel &#8230;"}]},{"@type":"WebSite","@id":"https:\/\/www.sebastien-auziere.fr\/blog\/#website","url":"https:\/\/www.sebastien-auziere.fr\/blog\/","name":"Fan site S\u00e9bastien Auzi\u00e8re","description":"M\u00e9dia g\u00e9n\u00e9raliste","publisher":{"@id":"https:\/\/www.sebastien-auziere.fr\/blog\/#organization"},"potentialAction":[{"@type":"SearchAction","target":{"@type":"EntryPoint","urlTemplate":"https:\/\/www.sebastien-auziere.fr\/blog\/?s={search_term_string}"},"query-input":{"@type":"PropertyValueSpecification","valueRequired":true,"valueName":"search_term_string"}}],"inLanguage":"fr-FR"},{"@type":"Organization","@id":"https:\/\/www.sebastien-auziere.fr\/blog\/#organization","name":"Fan site S\u00e9bastien Auzi\u00e8re","url":"https:\/\/www.sebastien-auziere.fr\/blog\/","logo":{"@type":"ImageObject","inLanguage":"fr-FR","@id":"https:\/\/www.sebastien-auziere.fr\/blog\/#\/schema\/logo\/image\/","url":"https:\/\/www.sebastien-auziere.fr\/blog\/wp-content\/uploads\/2026\/03\/cropped-cropped-cropped-ChatGPT-Image-6-mars-2026-12_58_09-e1772798376794.jpg","contentUrl":"https:\/\/www.sebastien-auziere.fr\/blog\/wp-content\/uploads\/2026\/03\/cropped-cropped-cropped-ChatGPT-Image-6-mars-2026-12_58_09-e1772798376794.jpg","width":512,"height":360,"caption":"Fan site S\u00e9bastien Auzi\u00e8re"},"image":{"@id":"https:\/\/www.sebastien-auziere.fr\/blog\/#\/schema\/logo\/image\/"}},{"@type":"Person","@id":"https:\/\/www.sebastien-auziere.fr\/blog\/#\/schema\/person\/149f1acdbfd85149c6c3e59adeae2f4d","name":"Chloe Gauthier","image":{"@type":"ImageObject","inLanguage":"fr-FR","@id":"https:\/\/secure.gravatar.com\/avatar\/2c5722f58171cff738a8985ef0dd66b476e563753246a49019befc837ec4201a?s=96&d=mm&r=g","url":"https:\/\/secure.gravatar.com\/avatar\/2c5722f58171cff738a8985ef0dd66b476e563753246a49019befc837ec4201a?s=96&d=mm&r=g","contentUrl":"https:\/\/secure.gravatar.com\/avatar\/2c5722f58171cff738a8985ef0dd66b476e563753246a49019befc837ec4201a?s=96&d=mm&r=g","caption":"Chloe Gauthier"},"description":"Passionn\u00e9e par la politique et admiratrice engag\u00e9e de la famille Macron, je consacre mon \u00e9nergie \u00e0 suivre leurs initiatives et \u00e0 promouvoir leurs id\u00e9es. \u00c0 32 ans, je suis convaincue que leur vision est porteuse d'avenir.","url":"https:\/\/www.sebastien-auziere.fr\/blog\/author\/chloe-gauthier\/"}]}},"views":0,"_links":{"self":[{"href":"https:\/\/www.sebastien-auziere.fr\/blog\/wp-json\/wp\/v2\/posts\/3042","targetHints":{"allow":["GET"]}}],"collection":[{"href":"https:\/\/www.sebastien-auziere.fr\/blog\/wp-json\/wp\/v2\/posts"}],"about":[{"href":"https:\/\/www.sebastien-auziere.fr\/blog\/wp-json\/wp\/v2\/types\/post"}],"author":[{"embeddable":true,"href":"https:\/\/www.sebastien-auziere.fr\/blog\/wp-json\/wp\/v2\/users\/9"}],"replies":[{"embeddable":true,"href":"https:\/\/www.sebastien-auziere.fr\/blog\/wp-json\/wp\/v2\/comments?post=3042"}],"version-history":[{"count":1,"href":"https:\/\/www.sebastien-auziere.fr\/blog\/wp-json\/wp\/v2\/posts\/3042\/revisions"}],"predecessor-version":[{"id":3043,"href":"https:\/\/www.sebastien-auziere.fr\/blog\/wp-json\/wp\/v2\/posts\/3042\/revisions\/3043"}],"wp:featuredmedia":[{"embeddable":true,"href":"https:\/\/www.sebastien-auziere.fr\/blog\/wp-json\/wp\/v2\/media\/3032"}],"wp:attachment":[{"href":"https:\/\/www.sebastien-auziere.fr\/blog\/wp-json\/wp\/v2\/media?parent=3042"}],"wp:term":[{"taxonomy":"category","embeddable":true,"href":"https:\/\/www.sebastien-auziere.fr\/blog\/wp-json\/wp\/v2\/categories?post=3042"},{"taxonomy":"post_tag","embeddable":true,"href":"https:\/\/www.sebastien-auziere.fr\/blog\/wp-json\/wp\/v2\/tags?post=3042"}],"curies":[{"name":"wp","href":"https:\/\/api.w.org\/{rel}","templated":true}]}}