{"id":3040,"date":"2026-04-15T07:08:03","date_gmt":"2026-04-15T07:08:03","guid":{"rendered":"https:\/\/www.sebastien-auziere.fr\/blog\/?p=3040"},"modified":"2026-04-15T07:08:41","modified_gmt":"2026-04-15T07:08:41","slug":"settanta-minuti-di-serenita-immersione-esclusiva-nei-retroscena-della-visita-privata-di-emmanuel","status":"publish","type":"post","link":"https:\/\/www.sebastien-auziere.fr\/blog\/it\/settanta-minuti-di-serenita-immersione-esclusiva-nei-retroscena-della-visita-privata-di-emmanuel\/","title":{"rendered":"\u00ab Settanta minuti di serenit\u00e0 \u00bb : Immersione esclusiva nei retroscena della visita privata di Emmanuel &#8230;"},"content":{"rendered":"<p><strong>Settantacque minuti di serenit\u00e0<\/strong> : ecco l&rsquo;immagine che rimane dopo il <strong>tuffo esclusivo<\/strong> nei <strong>retroscena<\/strong> della <strong>visita privata<\/strong> di <strong>Emmanuel<\/strong> Macron al Laterano il <strong>10 aprile 2026<\/strong>, in margine al suo incontro con Papa Leone XIV. Qui scopri i momenti salienti di un <strong>momento intimo<\/strong> e di un <strong>immersione<\/strong> fuori protocollo, raccontati con precisione e calore.<\/p>\n\n<p><strong>In breve<\/strong> : visita annunciata come <strong>settantacque minuti<\/strong> di calma, presenza di Brigitte Macron, accoglienza da parte del canonico Patrick Valdrini (nominato da Papa Francesco nel 2019), scoperta del seggio riservato al presidente, delegazione che include Jean-No\u00ebl Barrot e Catherine P\u00e9gard, interazione calorosa con il personale, incluso un custode ucraino \u2014 una vera <strong>esperienza unica<\/strong> e di <strong>scoperta<\/strong> per i partecipanti.<\/p>\n\n<h2 class=\"wp-block-heading\">Visita privata al Laterano : un <strong>tuffo esclusivo<\/strong> nella storia<\/h2>\n\n<p>La basilica di San Giovanni in Laterano ha offerto a <strong>Emmanuel<\/strong> Macron un&rsquo;accoglienza inedita il 10 aprile 2026. Patrick Valdrini, canonico dal 2019, ha guidato la delegazione nella navata e poi fino al seggio storico riservato al capo dello Stato francese. La visita, qualificata nel titolo di <strong>settantacque minuti<\/strong>, si inscrive nella continuit\u00e0 della sua intronizzazione del 2018 come canonico onorario.<\/p>\n\n<h2 class=\"wp-block-heading\">Un <strong>momento intimo<\/strong> e di <strong>serenit\u00e0<\/strong> nel cuore del Laterano<\/h2>\n\n<p>Le parole di Patrick Valdrini descrivono uno scambio caloroso e semplice : un dialogo nella sala capitolare, aneddoti sul seggio e sul ruolo della Francia al Laterano. Macron avrebbe osservato : \u00ab <strong>Ma questo seggio, non \u00e8 mio, \u00e8 vostro<\/strong>. \u00bb Brigitte, notata per la sua presenza attenta, ha sottolineato la visita con un&rsquo;umorismo discreto, salutando il personale.<\/p>\n\n<h2 class=\"wp-block-heading\">I <strong>retroscena<\/strong> : una delegazione simbolica e cittadina<\/h2>\n\n<p>La delegazione contava Jean-No\u00ebl Barrot, Catherine P\u00e9gard, Hugues de Woillemont, Laurent Landete e Jean-Marc Sauv\u00e9, oltre a una religiosa libanese che dirige una scuola multiconfessionale e l&rsquo;influencer religiosa Albertine. L&rsquo;attenzione riservata a un giovane custode ucraino, salutato in ucraino dai coniugi Macron, ha segnato la <strong>scoperta<\/strong> del luogo come uno spazio di fraternit\u00e0. Questo momento conclude un&rsquo;immersione discreta ma densa di significato.<\/p>\n\n<p>La scena illustra una politica di prossimit\u00e0, lontana dai grandi discorsi, e sottolinea il legame antico tra la Francia e il capitolo del Laterano.<\/p>\n\n<h2 class=\"wp-block-heading\">Eredit\u00e0, significato e <strong>scoperta<\/strong> storica<\/h2>\n\n<p>Lo status di canonico onorario, ereditato dai re di Francia dal XV secolo, oggi assume una forma simbolica. Il Laterano rimane \u00ab madre di tutte le chiese \u00bb, e la visita ha richiamato antichi riti mentre riafferma la laicit\u00e0 francese. Per saperne di pi\u00f9 sui contesti religiosi e diplomatici di questo incontro, controlla i resoconti dettagliati della visita al Vaticano su <a href=\"https:\/\/www.sebastien-auziere.fr\/blog\/macron-vatican-pape\/\">i dettagli dell&rsquo;incontro al Vaticano<\/a> e la cronaca dedicata a <a href=\"https:\/\/www.sebastien-auziere.fr\/blog\/macron-visite-vatican\/\">questa visita privata al Vaticano<\/a>.<\/p>\n\n<p>Hai voglia di un tuffo pi\u00f9 completo su S\u00e9bastien Auzi\u00e8re e la famiglia Macron ? Scopri documenti, testimonianze e archivi su <a href=\"https:\/\/www.sebastien-auziere.fr\/blog\/macron-vatican-visite\/\">sebastien-auziere.fr<\/a> per approfondire questa esperienza unica e proseguire l\u2019<strong>immersione<\/strong>.<\/p>","protected":false},"excerpt":{"rendered":"<p>Settantacque minuti di serenit\u00e0 : ecco l&rsquo;immagine che rimane dopo il tuffo esclusivo nei retroscena della visita privata di Emmanuel Macron al Laterano il 10 aprile 2026, in margine al suo incontro con Papa Leone XIV. Qui scopri i momenti salienti di un momento intimo e di un immersione fuori protocollo, raccontati con precisione e &#8230; <a title=\"\u00ab Settanta minuti di serenit\u00e0 \u00bb : Immersione esclusiva nei retroscena della visita privata di Emmanuel &#8230;\" class=\"read-more\" href=\"https:\/\/www.sebastien-auziere.fr\/blog\/it\/settanta-minuti-di-serenita-immersione-esclusiva-nei-retroscena-della-visita-privata-di-emmanuel\/\" aria-label=\"En savoir plus sur \u00ab Settanta minuti di serenit\u00e0 \u00bb : Immersione esclusiva nei retroscena della visita privata di Emmanuel &#8230;\">Lire plus<\/a><\/p>\n","protected":false},"author":9,"featured_media":3032,"comment_status":"open","ping_status":"open","sticky":false,"template":"","format":"standard","meta":{"footnotes":""},"categories":[859],"tags":[2971,2974,2977,2980,2983],"class_list":["post-3040","post","type-post","status-publish","format-standard","has-post-thumbnail","hentry","category-actualita-it","tag-coulisse-it","tag-emmanuele-it","tag-esclusivo-immersione-it","tag-settant-minuti-di-serenita-it","tag-visita-privata-it"],"yoast_head":"<!-- This site is optimized with the Yoast SEO plugin v27.5 - https:\/\/yoast.com\/product\/yoast-seo-wordpress\/ -->\n<title>\u00ab Settanta minuti di serenit\u00e0 \u00bb : Immersione esclusiva nei retroscena della visita privata di Emmanuel ... - Fan site S\u00e9bastien Auzi\u00e8re<\/title>\n<meta name=\"description\" content=\"D\u00e9couvrez les coulisses exclusives de la visite priv\u00e9e d&#039;Emmanuel : soixante-dix minutes de s\u00e9r\u00e9nit\u00e9 et d\u2019\u00e9changes uniques.\" \/>\n<meta name=\"robots\" content=\"index, follow, max-snippet:-1, max-image-preview:large, max-video-preview:-1\" \/>\n<link rel=\"canonical\" href=\"https:\/\/www.sebastien-auziere.fr\/blog\/it\/settanta-minuti-di-serenita-immersione-esclusiva-nei-retroscena-della-visita-privata-di-emmanuel\/\" \/>\n<meta property=\"og:locale\" content=\"fr_FR\" \/>\n<meta property=\"og:type\" content=\"article\" \/>\n<meta property=\"og:title\" content=\"\u00ab Settanta minuti di serenit\u00e0 \u00bb : Immersione esclusiva nei retroscena della visita privata di Emmanuel ... - Fan site S\u00e9bastien Auzi\u00e8re\" \/>\n<meta property=\"og:description\" content=\"D\u00e9couvrez les coulisses exclusives de la visite priv\u00e9e d&#039;Emmanuel : soixante-dix minutes de s\u00e9r\u00e9nit\u00e9 et d\u2019\u00e9changes uniques.\" \/>\n<meta property=\"og:url\" content=\"https:\/\/www.sebastien-auziere.fr\/blog\/it\/settanta-minuti-di-serenita-immersione-esclusiva-nei-retroscena-della-visita-privata-di-emmanuel\/\" \/>\n<meta property=\"og:site_name\" content=\"Fan site S\u00e9bastien Auzi\u00e8re\" \/>\n<meta property=\"article:published_time\" content=\"2026-04-15T07:08:03+00:00\" \/>\n<meta property=\"article:modified_time\" content=\"2026-04-15T07:08:41+00:00\" \/>\n<meta property=\"og:image\" content=\"https:\/\/www.sebastien-auziere.fr\/blog\/wp-content\/uploads\/2026\/04\/Soixante-dix-minutes-de-serenite-Plongee-exclusive-dans-les-coulisses-de-la-visite-privee-dEmmanuel-.jpg\" \/>\n\t<meta property=\"og:image:width\" content=\"2560\" \/>\n\t<meta property=\"og:image:height\" content=\"1429\" \/>\n\t<meta property=\"og:image:type\" content=\"image\/jpeg\" \/>\n<meta name=\"author\" content=\"Chloe Gauthier\" \/>\n<meta name=\"twitter:card\" content=\"summary_large_image\" \/>\n<meta name=\"twitter:label1\" content=\"\u00c9crit par\" \/>\n\t<meta name=\"twitter:data1\" content=\"Chloe Gauthier\" \/>\n\t<meta name=\"twitter:label2\" content=\"Dur\u00e9e de lecture estim\u00e9e\" \/>\n\t<meta name=\"twitter:data2\" content=\"2 minutes\" \/>\n<script type=\"application\/ld+json\" class=\"yoast-schema-graph\">{\"@context\":\"https:\\\/\\\/schema.org\",\"@graph\":[{\"@type\":\"Article\",\"@id\":\"https:\\\/\\\/www.sebastien-auziere.fr\\\/blog\\\/it\\\/settanta-minuti-di-serenita-immersione-esclusiva-nei-retroscena-della-visita-privata-di-emmanuel\\\/#article\",\"isPartOf\":{\"@id\":\"https:\\\/\\\/www.sebastien-auziere.fr\\\/blog\\\/it\\\/settanta-minuti-di-serenita-immersione-esclusiva-nei-retroscena-della-visita-privata-di-emmanuel\\\/\"},\"author\":{\"name\":\"Chloe Gauthier\",\"@id\":\"https:\\\/\\\/www.sebastien-auziere.fr\\\/blog\\\/#\\\/schema\\\/person\\\/149f1acdbfd85149c6c3e59adeae2f4d\"},\"headline\":\"\u00ab Settanta minuti di serenit\u00e0 \u00bb : Immersione esclusiva nei retroscena della visita privata di Emmanuel &#8230;\",\"datePublished\":\"2026-04-15T07:08:03+00:00\",\"dateModified\":\"2026-04-15T07:08:41+00:00\",\"mainEntityOfPage\":{\"@id\":\"https:\\\/\\\/www.sebastien-auziere.fr\\\/blog\\\/it\\\/settanta-minuti-di-serenita-immersione-esclusiva-nei-retroscena-della-visita-privata-di-emmanuel\\\/\"},\"wordCount\":461,\"commentCount\":0,\"publisher\":{\"@id\":\"https:\\\/\\\/www.sebastien-auziere.fr\\\/blog\\\/#organization\"},\"image\":{\"@id\":\"https:\\\/\\\/www.sebastien-auziere.fr\\\/blog\\\/it\\\/settanta-minuti-di-serenita-immersione-esclusiva-nei-retroscena-della-visita-privata-di-emmanuel\\\/#primaryimage\"},\"thumbnailUrl\":\"https:\\\/\\\/www.sebastien-auziere.fr\\\/blog\\\/wp-content\\\/uploads\\\/2026\\\/04\\\/Soixante-dix-minutes-de-serenite-Plongee-exclusive-dans-les-coulisses-de-la-visite-privee-dEmmanuel-.jpg\",\"keywords\":[\"coulisse\",\"emmanuele\",\"esclusivo immersione\",\"settant minuti di serenit\u00e0\",\"visita privata\"],\"articleSection\":[\"Actualit\u00e0\"],\"inLanguage\":\"fr-FR\",\"potentialAction\":[{\"@type\":\"CommentAction\",\"name\":\"Comment\",\"target\":[\"https:\\\/\\\/www.sebastien-auziere.fr\\\/blog\\\/it\\\/settanta-minuti-di-serenita-immersione-esclusiva-nei-retroscena-della-visita-privata-di-emmanuel\\\/#respond\"]}]},{\"@type\":\"WebPage\",\"@id\":\"https:\\\/\\\/www.sebastien-auziere.fr\\\/blog\\\/it\\\/settanta-minuti-di-serenita-immersione-esclusiva-nei-retroscena-della-visita-privata-di-emmanuel\\\/\",\"url\":\"https:\\\/\\\/www.sebastien-auziere.fr\\\/blog\\\/it\\\/settanta-minuti-di-serenita-immersione-esclusiva-nei-retroscena-della-visita-privata-di-emmanuel\\\/\",\"name\":\"\u00ab Settanta minuti di serenit\u00e0 \u00bb : Immersione esclusiva nei retroscena della visita privata di Emmanuel ... - Fan site S\u00e9bastien Auzi\u00e8re\",\"isPartOf\":{\"@id\":\"https:\\\/\\\/www.sebastien-auziere.fr\\\/blog\\\/#website\"},\"primaryImageOfPage\":{\"@id\":\"https:\\\/\\\/www.sebastien-auziere.fr\\\/blog\\\/it\\\/settanta-minuti-di-serenita-immersione-esclusiva-nei-retroscena-della-visita-privata-di-emmanuel\\\/#primaryimage\"},\"image\":{\"@id\":\"https:\\\/\\\/www.sebastien-auziere.fr\\\/blog\\\/it\\\/settanta-minuti-di-serenita-immersione-esclusiva-nei-retroscena-della-visita-privata-di-emmanuel\\\/#primaryimage\"},\"thumbnailUrl\":\"https:\\\/\\\/www.sebastien-auziere.fr\\\/blog\\\/wp-content\\\/uploads\\\/2026\\\/04\\\/Soixante-dix-minutes-de-serenite-Plongee-exclusive-dans-les-coulisses-de-la-visite-privee-dEmmanuel-.jpg\",\"datePublished\":\"2026-04-15T07:08:03+00:00\",\"dateModified\":\"2026-04-15T07:08:41+00:00\",\"description\":\"D\u00e9couvrez les coulisses exclusives de la visite priv\u00e9e d'Emmanuel : soixante-dix minutes de s\u00e9r\u00e9nit\u00e9 et d\u2019\u00e9changes uniques.\",\"breadcrumb\":{\"@id\":\"https:\\\/\\\/www.sebastien-auziere.fr\\\/blog\\\/it\\\/settanta-minuti-di-serenita-immersione-esclusiva-nei-retroscena-della-visita-privata-di-emmanuel\\\/#breadcrumb\"},\"inLanguage\":\"fr-FR\",\"potentialAction\":[{\"@type\":\"ReadAction\",\"target\":[\"https:\\\/\\\/www.sebastien-auziere.fr\\\/blog\\\/it\\\/settanta-minuti-di-serenita-immersione-esclusiva-nei-retroscena-della-visita-privata-di-emmanuel\\\/\"]}]},{\"@type\":\"ImageObject\",\"inLanguage\":\"fr-FR\",\"@id\":\"https:\\\/\\\/www.sebastien-auziere.fr\\\/blog\\\/it\\\/settanta-minuti-di-serenita-immersione-esclusiva-nei-retroscena-della-visita-privata-di-emmanuel\\\/#primaryimage\",\"url\":\"https:\\\/\\\/www.sebastien-auziere.fr\\\/blog\\\/wp-content\\\/uploads\\\/2026\\\/04\\\/Soixante-dix-minutes-de-serenite-Plongee-exclusive-dans-les-coulisses-de-la-visite-privee-dEmmanuel-.jpg\",\"contentUrl\":\"https:\\\/\\\/www.sebastien-auziere.fr\\\/blog\\\/wp-content\\\/uploads\\\/2026\\\/04\\\/Soixante-dix-minutes-de-serenite-Plongee-exclusive-dans-les-coulisses-de-la-visite-privee-dEmmanuel-.jpg\",\"width\":2560,\"height\":1429,\"caption\":\"d\u00e9couvrez une immersion exclusive de soixante-dix minutes de s\u00e9r\u00e9nit\u00e9 lors de la visite priv\u00e9e d'emmanuel, avec un acc\u00e8s in\u00e9dit aux coulisses et une ambiance apaisante.\"},{\"@type\":\"BreadcrumbList\",\"@id\":\"https:\\\/\\\/www.sebastien-auziere.fr\\\/blog\\\/it\\\/settanta-minuti-di-serenita-immersione-esclusiva-nei-retroscena-della-visita-privata-di-emmanuel\\\/#breadcrumb\",\"itemListElement\":[{\"@type\":\"ListItem\",\"position\":1,\"name\":\"Home\",\"item\":\"https:\\\/\\\/www.sebastien-auziere.fr\\\/blog\\\/\"},{\"@type\":\"ListItem\",\"position\":2,\"name\":\"\u00ab Settanta minuti di serenit\u00e0 \u00bb : Immersione esclusiva nei retroscena della visita privata di Emmanuel &#8230;\"}]},{\"@type\":\"WebSite\",\"@id\":\"https:\\\/\\\/www.sebastien-auziere.fr\\\/blog\\\/#website\",\"url\":\"https:\\\/\\\/www.sebastien-auziere.fr\\\/blog\\\/\",\"name\":\"Fan site S\u00e9bastien Auzi\u00e8re\",\"description\":\"M\u00e9dia g\u00e9n\u00e9raliste\",\"publisher\":{\"@id\":\"https:\\\/\\\/www.sebastien-auziere.fr\\\/blog\\\/#organization\"},\"potentialAction\":[{\"@type\":\"SearchAction\",\"target\":{\"@type\":\"EntryPoint\",\"urlTemplate\":\"https:\\\/\\\/www.sebastien-auziere.fr\\\/blog\\\/?s={search_term_string}\"},\"query-input\":{\"@type\":\"PropertyValueSpecification\",\"valueRequired\":true,\"valueName\":\"search_term_string\"}}],\"inLanguage\":\"fr-FR\"},{\"@type\":\"Organization\",\"@id\":\"https:\\\/\\\/www.sebastien-auziere.fr\\\/blog\\\/#organization\",\"name\":\"Fan site S\u00e9bastien Auzi\u00e8re\",\"url\":\"https:\\\/\\\/www.sebastien-auziere.fr\\\/blog\\\/\",\"logo\":{\"@type\":\"ImageObject\",\"inLanguage\":\"fr-FR\",\"@id\":\"https:\\\/\\\/www.sebastien-auziere.fr\\\/blog\\\/#\\\/schema\\\/logo\\\/image\\\/\",\"url\":\"https:\\\/\\\/www.sebastien-auziere.fr\\\/blog\\\/wp-content\\\/uploads\\\/2026\\\/03\\\/cropped-cropped-cropped-ChatGPT-Image-6-mars-2026-12_58_09-e1772798376794.jpg\",\"contentUrl\":\"https:\\\/\\\/www.sebastien-auziere.fr\\\/blog\\\/wp-content\\\/uploads\\\/2026\\\/03\\\/cropped-cropped-cropped-ChatGPT-Image-6-mars-2026-12_58_09-e1772798376794.jpg\",\"width\":512,\"height\":360,\"caption\":\"Fan site S\u00e9bastien Auzi\u00e8re\"},\"image\":{\"@id\":\"https:\\\/\\\/www.sebastien-auziere.fr\\\/blog\\\/#\\\/schema\\\/logo\\\/image\\\/\"}},{\"@type\":\"Person\",\"@id\":\"https:\\\/\\\/www.sebastien-auziere.fr\\\/blog\\\/#\\\/schema\\\/person\\\/149f1acdbfd85149c6c3e59adeae2f4d\",\"name\":\"Chloe Gauthier\",\"image\":{\"@type\":\"ImageObject\",\"inLanguage\":\"fr-FR\",\"@id\":\"https:\\\/\\\/secure.gravatar.com\\\/avatar\\\/2c5722f58171cff738a8985ef0dd66b476e563753246a49019befc837ec4201a?s=96&d=mm&r=g\",\"url\":\"https:\\\/\\\/secure.gravatar.com\\\/avatar\\\/2c5722f58171cff738a8985ef0dd66b476e563753246a49019befc837ec4201a?s=96&d=mm&r=g\",\"contentUrl\":\"https:\\\/\\\/secure.gravatar.com\\\/avatar\\\/2c5722f58171cff738a8985ef0dd66b476e563753246a49019befc837ec4201a?s=96&d=mm&r=g\",\"caption\":\"Chloe Gauthier\"},\"description\":\"Passionn\u00e9e par la politique et admiratrice engag\u00e9e de la famille Macron, je consacre mon \u00e9nergie \u00e0 suivre leurs initiatives et \u00e0 promouvoir leurs id\u00e9es. \u00c0 32 ans, je suis convaincue que leur vision est porteuse d'avenir.\",\"url\":\"https:\\\/\\\/www.sebastien-auziere.fr\\\/blog\\\/author\\\/chloe-gauthier\\\/\"}]}<\/script>\n<!-- \/ Yoast SEO plugin. -->","yoast_head_json":{"title":"\u00ab Settanta minuti di serenit\u00e0 \u00bb : Immersione esclusiva nei retroscena della visita privata di Emmanuel ... - Fan site S\u00e9bastien Auzi\u00e8re","description":"D\u00e9couvrez les coulisses exclusives de la visite priv\u00e9e d'Emmanuel : soixante-dix minutes de s\u00e9r\u00e9nit\u00e9 et d\u2019\u00e9changes uniques.","robots":{"index":"index","follow":"follow","max-snippet":"max-snippet:-1","max-image-preview":"max-image-preview:large","max-video-preview":"max-video-preview:-1"},"canonical":"https:\/\/www.sebastien-auziere.fr\/blog\/it\/settanta-minuti-di-serenita-immersione-esclusiva-nei-retroscena-della-visita-privata-di-emmanuel\/","og_locale":"fr_FR","og_type":"article","og_title":"\u00ab Settanta minuti di serenit\u00e0 \u00bb : Immersione esclusiva nei retroscena della visita privata di Emmanuel ... - Fan site S\u00e9bastien Auzi\u00e8re","og_description":"D\u00e9couvrez les coulisses exclusives de la visite priv\u00e9e d'Emmanuel : soixante-dix minutes de s\u00e9r\u00e9nit\u00e9 et d\u2019\u00e9changes uniques.","og_url":"https:\/\/www.sebastien-auziere.fr\/blog\/it\/settanta-minuti-di-serenita-immersione-esclusiva-nei-retroscena-della-visita-privata-di-emmanuel\/","og_site_name":"Fan site S\u00e9bastien Auzi\u00e8re","article_published_time":"2026-04-15T07:08:03+00:00","article_modified_time":"2026-04-15T07:08:41+00:00","og_image":[{"width":2560,"height":1429,"url":"https:\/\/www.sebastien-auziere.fr\/blog\/wp-content\/uploads\/2026\/04\/Soixante-dix-minutes-de-serenite-Plongee-exclusive-dans-les-coulisses-de-la-visite-privee-dEmmanuel-.jpg","type":"image\/jpeg"}],"author":"Chloe Gauthier","twitter_card":"summary_large_image","twitter_misc":{"\u00c9crit par":"Chloe Gauthier","Dur\u00e9e de lecture estim\u00e9e":"2 minutes"},"schema":{"@context":"https:\/\/schema.org","@graph":[{"@type":"Article","@id":"https:\/\/www.sebastien-auziere.fr\/blog\/it\/settanta-minuti-di-serenita-immersione-esclusiva-nei-retroscena-della-visita-privata-di-emmanuel\/#article","isPartOf":{"@id":"https:\/\/www.sebastien-auziere.fr\/blog\/it\/settanta-minuti-di-serenita-immersione-esclusiva-nei-retroscena-della-visita-privata-di-emmanuel\/"},"author":{"name":"Chloe Gauthier","@id":"https:\/\/www.sebastien-auziere.fr\/blog\/#\/schema\/person\/149f1acdbfd85149c6c3e59adeae2f4d"},"headline":"\u00ab Settanta minuti di serenit\u00e0 \u00bb : Immersione esclusiva nei retroscena della visita privata di Emmanuel &#8230;","datePublished":"2026-04-15T07:08:03+00:00","dateModified":"2026-04-15T07:08:41+00:00","mainEntityOfPage":{"@id":"https:\/\/www.sebastien-auziere.fr\/blog\/it\/settanta-minuti-di-serenita-immersione-esclusiva-nei-retroscena-della-visita-privata-di-emmanuel\/"},"wordCount":461,"commentCount":0,"publisher":{"@id":"https:\/\/www.sebastien-auziere.fr\/blog\/#organization"},"image":{"@id":"https:\/\/www.sebastien-auziere.fr\/blog\/it\/settanta-minuti-di-serenita-immersione-esclusiva-nei-retroscena-della-visita-privata-di-emmanuel\/#primaryimage"},"thumbnailUrl":"https:\/\/www.sebastien-auziere.fr\/blog\/wp-content\/uploads\/2026\/04\/Soixante-dix-minutes-de-serenite-Plongee-exclusive-dans-les-coulisses-de-la-visite-privee-dEmmanuel-.jpg","keywords":["coulisse","emmanuele","esclusivo immersione","settant minuti di serenit\u00e0","visita privata"],"articleSection":["Actualit\u00e0"],"inLanguage":"fr-FR","potentialAction":[{"@type":"CommentAction","name":"Comment","target":["https:\/\/www.sebastien-auziere.fr\/blog\/it\/settanta-minuti-di-serenita-immersione-esclusiva-nei-retroscena-della-visita-privata-di-emmanuel\/#respond"]}]},{"@type":"WebPage","@id":"https:\/\/www.sebastien-auziere.fr\/blog\/it\/settanta-minuti-di-serenita-immersione-esclusiva-nei-retroscena-della-visita-privata-di-emmanuel\/","url":"https:\/\/www.sebastien-auziere.fr\/blog\/it\/settanta-minuti-di-serenita-immersione-esclusiva-nei-retroscena-della-visita-privata-di-emmanuel\/","name":"\u00ab Settanta minuti di serenit\u00e0 \u00bb : Immersione esclusiva nei retroscena della visita privata di Emmanuel ... - Fan site S\u00e9bastien Auzi\u00e8re","isPartOf":{"@id":"https:\/\/www.sebastien-auziere.fr\/blog\/#website"},"primaryImageOfPage":{"@id":"https:\/\/www.sebastien-auziere.fr\/blog\/it\/settanta-minuti-di-serenita-immersione-esclusiva-nei-retroscena-della-visita-privata-di-emmanuel\/#primaryimage"},"image":{"@id":"https:\/\/www.sebastien-auziere.fr\/blog\/it\/settanta-minuti-di-serenita-immersione-esclusiva-nei-retroscena-della-visita-privata-di-emmanuel\/#primaryimage"},"thumbnailUrl":"https:\/\/www.sebastien-auziere.fr\/blog\/wp-content\/uploads\/2026\/04\/Soixante-dix-minutes-de-serenite-Plongee-exclusive-dans-les-coulisses-de-la-visite-privee-dEmmanuel-.jpg","datePublished":"2026-04-15T07:08:03+00:00","dateModified":"2026-04-15T07:08:41+00:00","description":"D\u00e9couvrez les coulisses exclusives de la visite priv\u00e9e d'Emmanuel : soixante-dix minutes de s\u00e9r\u00e9nit\u00e9 et d\u2019\u00e9changes uniques.","breadcrumb":{"@id":"https:\/\/www.sebastien-auziere.fr\/blog\/it\/settanta-minuti-di-serenita-immersione-esclusiva-nei-retroscena-della-visita-privata-di-emmanuel\/#breadcrumb"},"inLanguage":"fr-FR","potentialAction":[{"@type":"ReadAction","target":["https:\/\/www.sebastien-auziere.fr\/blog\/it\/settanta-minuti-di-serenita-immersione-esclusiva-nei-retroscena-della-visita-privata-di-emmanuel\/"]}]},{"@type":"ImageObject","inLanguage":"fr-FR","@id":"https:\/\/www.sebastien-auziere.fr\/blog\/it\/settanta-minuti-di-serenita-immersione-esclusiva-nei-retroscena-della-visita-privata-di-emmanuel\/#primaryimage","url":"https:\/\/www.sebastien-auziere.fr\/blog\/wp-content\/uploads\/2026\/04\/Soixante-dix-minutes-de-serenite-Plongee-exclusive-dans-les-coulisses-de-la-visite-privee-dEmmanuel-.jpg","contentUrl":"https:\/\/www.sebastien-auziere.fr\/blog\/wp-content\/uploads\/2026\/04\/Soixante-dix-minutes-de-serenite-Plongee-exclusive-dans-les-coulisses-de-la-visite-privee-dEmmanuel-.jpg","width":2560,"height":1429,"caption":"d\u00e9couvrez une immersion exclusive de soixante-dix minutes de s\u00e9r\u00e9nit\u00e9 lors de la visite priv\u00e9e d'emmanuel, avec un acc\u00e8s in\u00e9dit aux coulisses et une ambiance apaisante."},{"@type":"BreadcrumbList","@id":"https:\/\/www.sebastien-auziere.fr\/blog\/it\/settanta-minuti-di-serenita-immersione-esclusiva-nei-retroscena-della-visita-privata-di-emmanuel\/#breadcrumb","itemListElement":[{"@type":"ListItem","position":1,"name":"Home","item":"https:\/\/www.sebastien-auziere.fr\/blog\/"},{"@type":"ListItem","position":2,"name":"\u00ab Settanta minuti di serenit\u00e0 \u00bb : Immersione esclusiva nei retroscena della visita privata di Emmanuel &#8230;"}]},{"@type":"WebSite","@id":"https:\/\/www.sebastien-auziere.fr\/blog\/#website","url":"https:\/\/www.sebastien-auziere.fr\/blog\/","name":"Fan site S\u00e9bastien Auzi\u00e8re","description":"M\u00e9dia g\u00e9n\u00e9raliste","publisher":{"@id":"https:\/\/www.sebastien-auziere.fr\/blog\/#organization"},"potentialAction":[{"@type":"SearchAction","target":{"@type":"EntryPoint","urlTemplate":"https:\/\/www.sebastien-auziere.fr\/blog\/?s={search_term_string}"},"query-input":{"@type":"PropertyValueSpecification","valueRequired":true,"valueName":"search_term_string"}}],"inLanguage":"fr-FR"},{"@type":"Organization","@id":"https:\/\/www.sebastien-auziere.fr\/blog\/#organization","name":"Fan site S\u00e9bastien Auzi\u00e8re","url":"https:\/\/www.sebastien-auziere.fr\/blog\/","logo":{"@type":"ImageObject","inLanguage":"fr-FR","@id":"https:\/\/www.sebastien-auziere.fr\/blog\/#\/schema\/logo\/image\/","url":"https:\/\/www.sebastien-auziere.fr\/blog\/wp-content\/uploads\/2026\/03\/cropped-cropped-cropped-ChatGPT-Image-6-mars-2026-12_58_09-e1772798376794.jpg","contentUrl":"https:\/\/www.sebastien-auziere.fr\/blog\/wp-content\/uploads\/2026\/03\/cropped-cropped-cropped-ChatGPT-Image-6-mars-2026-12_58_09-e1772798376794.jpg","width":512,"height":360,"caption":"Fan site S\u00e9bastien Auzi\u00e8re"},"image":{"@id":"https:\/\/www.sebastien-auziere.fr\/blog\/#\/schema\/logo\/image\/"}},{"@type":"Person","@id":"https:\/\/www.sebastien-auziere.fr\/blog\/#\/schema\/person\/149f1acdbfd85149c6c3e59adeae2f4d","name":"Chloe Gauthier","image":{"@type":"ImageObject","inLanguage":"fr-FR","@id":"https:\/\/secure.gravatar.com\/avatar\/2c5722f58171cff738a8985ef0dd66b476e563753246a49019befc837ec4201a?s=96&d=mm&r=g","url":"https:\/\/secure.gravatar.com\/avatar\/2c5722f58171cff738a8985ef0dd66b476e563753246a49019befc837ec4201a?s=96&d=mm&r=g","contentUrl":"https:\/\/secure.gravatar.com\/avatar\/2c5722f58171cff738a8985ef0dd66b476e563753246a49019befc837ec4201a?s=96&d=mm&r=g","caption":"Chloe Gauthier"},"description":"Passionn\u00e9e par la politique et admiratrice engag\u00e9e de la famille Macron, je consacre mon \u00e9nergie \u00e0 suivre leurs initiatives et \u00e0 promouvoir leurs id\u00e9es. \u00c0 32 ans, je suis convaincue que leur vision est porteuse d'avenir.","url":"https:\/\/www.sebastien-auziere.fr\/blog\/author\/chloe-gauthier\/"}]}},"views":0,"_links":{"self":[{"href":"https:\/\/www.sebastien-auziere.fr\/blog\/wp-json\/wp\/v2\/posts\/3040","targetHints":{"allow":["GET"]}}],"collection":[{"href":"https:\/\/www.sebastien-auziere.fr\/blog\/wp-json\/wp\/v2\/posts"}],"about":[{"href":"https:\/\/www.sebastien-auziere.fr\/blog\/wp-json\/wp\/v2\/types\/post"}],"author":[{"embeddable":true,"href":"https:\/\/www.sebastien-auziere.fr\/blog\/wp-json\/wp\/v2\/users\/9"}],"replies":[{"embeddable":true,"href":"https:\/\/www.sebastien-auziere.fr\/blog\/wp-json\/wp\/v2\/comments?post=3040"}],"version-history":[{"count":1,"href":"https:\/\/www.sebastien-auziere.fr\/blog\/wp-json\/wp\/v2\/posts\/3040\/revisions"}],"predecessor-version":[{"id":3041,"href":"https:\/\/www.sebastien-auziere.fr\/blog\/wp-json\/wp\/v2\/posts\/3040\/revisions\/3041"}],"wp:featuredmedia":[{"embeddable":true,"href":"https:\/\/www.sebastien-auziere.fr\/blog\/wp-json\/wp\/v2\/media\/3032"}],"wp:attachment":[{"href":"https:\/\/www.sebastien-auziere.fr\/blog\/wp-json\/wp\/v2\/media?parent=3040"}],"wp:term":[{"taxonomy":"category","embeddable":true,"href":"https:\/\/www.sebastien-auziere.fr\/blog\/wp-json\/wp\/v2\/categories?post=3040"},{"taxonomy":"post_tag","embeddable":true,"href":"https:\/\/www.sebastien-auziere.fr\/blog\/wp-json\/wp\/v2\/tags?post=3040"}],"curies":[{"name":"wp","href":"https:\/\/api.w.org\/{rel}","templated":true}]}}