{"id":3038,"date":"2026-04-15T07:06:53","date_gmt":"2026-04-15T07:06:53","guid":{"rendered":"https:\/\/www.sebastien-auziere.fr\/blog\/?p=3038"},"modified":"2026-04-15T07:07:27","modified_gmt":"2026-04-15T07:07:27","slug":"siebzig-minuten-der-gelassenheit-exklusive-einblicke-hinter-die-kulissen-des-privaten-besuchs-von-emmanuel","status":"publish","type":"post","link":"https:\/\/www.sebastien-auziere.fr\/blog\/de\/siebzig-minuten-der-gelassenheit-exklusive-einblicke-hinter-die-kulissen-des-privaten-besuchs-von-emmanuel\/","title":{"rendered":"\u00ab Siebzig Minuten der Gelassenheit \u00bb : Exklusive Einblicke hinter die Kulissen des privaten Besuchs von Emmanuel &#8230;"},"content":{"rendered":"<p><strong>Siebzig Minuten der Gelassenheit<\/strong> : so bleibt das Bild nach dem <strong>exklusiven Eintauchen<\/strong> in die <strong>Hintergr\u00fcnde<\/strong> des <strong>privaten Besuchs<\/strong> von <strong>Emmanuel<\/strong> Macron im Lateran am <strong>10. April 2026<\/strong>, im Rahmen seines Treffens mit Papst Leo XIV. Hier entdeckst du die H\u00f6hepunkte eines <strong>intimen Moments<\/strong> und eines <strong>Eintauchens<\/strong> au\u00dferhalb des Protokolls, erz\u00e4hlt mit Pr\u00e4zision und W\u00e4rme.<\/p>\n\n<p><strong>Kurz gesagt<\/strong> : Besuch angek\u00fcndigt als <strong>siebzig Minuten<\/strong> der Ruhe, Anwesenheit von Brigitte Macron, Empfang durch den Kanoniker Patrick Valdrini (benannt von Papst Franziskus 2019), Entdeckung des f\u00fcr den Pr\u00e4sidenten reservierten Platzes, Delegation einschlie\u00dflich Jean-No\u00ebl Barrot und Catherine P\u00e9gard, herzliche Interaktion mit dem Personal, darunter ein ukrainischer W\u00e4chter &#8211; eine echte <strong>einzigartige Erfahrung<\/strong> und <strong>Entdeckung<\/strong> f\u00fcr die Teilnehmer.<\/p>\n\n<h2 class=\"wp-block-heading\">Privater Besuch im Lateran: ein <strong>exklusives Eintauchen<\/strong> in die Geschichte<\/h2>\n\n<p>Die Basilika San Giovanni in Laterano bot <strong>Emmanuel<\/strong> Macron am 10. April 2026 einen ungewohnten Empfang. Patrick Valdrini, seit 2019 Kanoniker, f\u00fchrte die Delegation durch das Kirchenschiff bis zur historischen Stelle, die dem franz\u00f6sischen Staatsoberhaupt vorbehalten ist. Der Besuch, im Titel als <strong>siebzig Minuten<\/strong> bezeichnet, ist eine Fortsetzung seiner Inthronisation von 2018 als Ehrenskanoniker.<\/p>\n\n<h2 class=\"wp-block-heading\">Ein <strong>intimer Moment<\/strong> und <strong>Gelassenheit<\/strong> im Herzen des Lateran<\/h2>\n\n<p>Die Worte von Patrick Valdrini beschreiben einen herzlichen und einfachen Austausch: ein Dialog im Kapitelraum, Anekdoten \u00fcber den Platz und die Rolle Frankreichs im Lateran. Macron soll bemerkt haben: \u201e<strong>Aber dieser Platz geh\u00f6rt nicht mir, er geh\u00f6rt Ihnen<\/strong>.\u201c Brigitte, die f\u00fcr ihre aufmerksame Pr\u00e4senz bemerkt wurde, w\u00fcrzte den Besuch mit dezentem Humor, w\u00e4hrend sie das Personal begr\u00fc\u00dfte.<\/p>\n\n<h2 class=\"wp-block-heading\">Die <strong>Hintergr\u00fcnde<\/strong>: eine symbolische und b\u00fcrgerliche Delegation<\/h2>\n\n<p>Die Delegation umfasste Jean-No\u00ebl Barrot, Catherine P\u00e9gard, Hugues de Woillemont, Laurent Landete und Jean-Marc Sauv\u00e9, sowie eine libanesische Nonne, die eine multikonfessionelle Schule leitet, und die religi\u00f6se Influencerin Albertine. Die Aufmerksamkeit f\u00fcr einen jungen ukrainischen W\u00e4chter, der von den Eheleuten Macron auf Ukrainisch begr\u00fc\u00dft wurde, markierte die <strong>Entdeckung<\/strong> des Ortes als Raum der Bruderschaft. Dieser Moment schlie\u00dft ein diskretes, aber bedeutungsvolles Eintauchen ab.<\/p>\n\n<p>Die Szene illustriert eine Politik der N\u00e4he, fernab gro\u00dfer Reden, und unterstreicht das alte Band zwischen Frankreich und dem Kapitel des Lateran.<\/p>\n\n<h2 class=\"wp-block-heading\">Erbe, Sinn und <strong>historische Entdeckung<\/strong><\/h2>\n\n<p>Der Status des Ehrenskanonikers, der seit dem 15. Jahrhundert von den K\u00f6nigen Frankreichs ererbt wird, nimmt heute eine symbolische Form an. Der Lateran bleibt \u201eMutter aller Kirchen\u201c, und der Besuch erinnerte an alte Riten, w\u00e4hrend er die franz\u00f6sische Laizit\u00e4t reaffirmierte. Um mehr \u00fcber die religi\u00f6sen und diplomatischen Kontexte dieses Treffens zu erfahren, besuche die detaillierten Berichte \u00fcber den Besuch im Vatikan unter <a href=\"https:\/\/www.sebastien-auziere.fr\/blog\/macron-vatican-pape\/\">den Details des Treffens im Vatikan<\/a> und die Chronik, die <a href=\"https:\/\/www.sebastien-auziere.fr\/blog\/macron-visite-vatican\/\">diesen privaten Besuch im Vatikan<\/a> gewidmet ist.<\/p>\n\n<p>Verlangen nach einem umfassenderen Eintauchen in S\u00e9bastien Auzi\u00e8re und die Familie Macron? Entdecke Dossiers, Zeugnisse und Archive auf <a href=\"https:\/\/www.sebastien-auziere.fr\/blog\/macron-vatican-visite\/\">sebastien-auziere.fr<\/a>, um diese einzigartige Erfahrung zu vertiefen und das <strong>Eintauchen<\/strong> fortzusetzen.<\/p>","protected":false},"excerpt":{"rendered":"<p>Siebzig Minuten der Gelassenheit : so bleibt das Bild nach dem exklusiven Eintauchen in die Hintergr\u00fcnde des privaten Besuchs von Emmanuel Macron im Lateran am 10. April 2026, im Rahmen seines Treffens mit Papst Leo XIV. Hier entdeckst du die H\u00f6hepunkte eines intimen Moments und eines Eintauchens au\u00dferhalb des Protokolls, erz\u00e4hlt mit Pr\u00e4zision und W\u00e4rme. &#8230; <a title=\"\u00ab Siebzig Minuten der Gelassenheit \u00bb : Exklusive Einblicke hinter die Kulissen des privaten Besuchs von Emmanuel &#8230;\" class=\"read-more\" href=\"https:\/\/www.sebastien-auziere.fr\/blog\/de\/siebzig-minuten-der-gelassenheit-exklusive-einblicke-hinter-die-kulissen-des-privaten-besuchs-von-emmanuel\/\" aria-label=\"En savoir plus sur \u00ab Siebzig Minuten der Gelassenheit \u00bb : Exklusive Einblicke hinter die Kulissen des privaten Besuchs von Emmanuel &#8230;\">Lire plus<\/a><\/p>\n","protected":false},"author":9,"featured_media":3032,"comment_status":"open","ping_status":"open","sticky":false,"template":"","format":"standard","meta":{"footnotes":""},"categories":[856],"tags":[2956,2959,2962,2968,2965],"class_list":["post-3038","post","type-post","status-publish","format-standard","has-post-thumbnail","hentry","category-aktuelles-de","tag-coulisses-de","tag-emmanuel-de","tag-exklusive-tauchen-de","tag-private-besichtigung-de","tag-siebzig-minuten-der-gelassenheit-de"],"yoast_head":"<!-- This site is optimized with the Yoast SEO plugin v27.5 - https:\/\/yoast.com\/product\/yoast-seo-wordpress\/ -->\n<title>\u00ab Siebzig Minuten der Gelassenheit \u00bb : Exklusive Einblicke hinter die Kulissen des privaten Besuchs von Emmanuel ... - Fan site S\u00e9bastien Auzi\u00e8re<\/title>\n<meta name=\"description\" content=\"D\u00e9couvrez les coulisses exclusives de la visite priv\u00e9e d&#039;Emmanuel : soixante-dix minutes de s\u00e9r\u00e9nit\u00e9 et d\u2019\u00e9changes uniques.\" \/>\n<meta name=\"robots\" content=\"index, follow, max-snippet:-1, max-image-preview:large, max-video-preview:-1\" \/>\n<link rel=\"canonical\" href=\"https:\/\/www.sebastien-auziere.fr\/blog\/de\/siebzig-minuten-der-gelassenheit-exklusive-einblicke-hinter-die-kulissen-des-privaten-besuchs-von-emmanuel\/\" \/>\n<meta property=\"og:locale\" content=\"fr_FR\" \/>\n<meta property=\"og:type\" content=\"article\" \/>\n<meta property=\"og:title\" content=\"\u00ab Siebzig Minuten der Gelassenheit \u00bb : Exklusive Einblicke hinter die Kulissen des privaten Besuchs von Emmanuel ... - Fan site S\u00e9bastien Auzi\u00e8re\" \/>\n<meta property=\"og:description\" content=\"D\u00e9couvrez les coulisses exclusives de la visite priv\u00e9e d&#039;Emmanuel : soixante-dix minutes de s\u00e9r\u00e9nit\u00e9 et d\u2019\u00e9changes uniques.\" \/>\n<meta property=\"og:url\" content=\"https:\/\/www.sebastien-auziere.fr\/blog\/de\/siebzig-minuten-der-gelassenheit-exklusive-einblicke-hinter-die-kulissen-des-privaten-besuchs-von-emmanuel\/\" \/>\n<meta property=\"og:site_name\" content=\"Fan site S\u00e9bastien Auzi\u00e8re\" \/>\n<meta property=\"article:published_time\" content=\"2026-04-15T07:06:53+00:00\" \/>\n<meta property=\"article:modified_time\" content=\"2026-04-15T07:07:27+00:00\" \/>\n<meta property=\"og:image\" content=\"https:\/\/www.sebastien-auziere.fr\/blog\/wp-content\/uploads\/2026\/04\/Soixante-dix-minutes-de-serenite-Plongee-exclusive-dans-les-coulisses-de-la-visite-privee-dEmmanuel-.jpg\" \/>\n\t<meta property=\"og:image:width\" content=\"2560\" \/>\n\t<meta property=\"og:image:height\" content=\"1429\" \/>\n\t<meta property=\"og:image:type\" content=\"image\/jpeg\" \/>\n<meta name=\"author\" content=\"Chloe Gauthier\" \/>\n<meta name=\"twitter:card\" content=\"summary_large_image\" \/>\n<meta name=\"twitter:label1\" content=\"\u00c9crit par\" \/>\n\t<meta name=\"twitter:data1\" content=\"Chloe Gauthier\" \/>\n\t<meta name=\"twitter:label2\" content=\"Dur\u00e9e de lecture estim\u00e9e\" \/>\n\t<meta name=\"twitter:data2\" content=\"2 minutes\" \/>\n<script type=\"application\/ld+json\" class=\"yoast-schema-graph\">{\"@context\":\"https:\\\/\\\/schema.org\",\"@graph\":[{\"@type\":\"Article\",\"@id\":\"https:\\\/\\\/www.sebastien-auziere.fr\\\/blog\\\/de\\\/siebzig-minuten-der-gelassenheit-exklusive-einblicke-hinter-die-kulissen-des-privaten-besuchs-von-emmanuel\\\/#article\",\"isPartOf\":{\"@id\":\"https:\\\/\\\/www.sebastien-auziere.fr\\\/blog\\\/de\\\/siebzig-minuten-der-gelassenheit-exklusive-einblicke-hinter-die-kulissen-des-privaten-besuchs-von-emmanuel\\\/\"},\"author\":{\"name\":\"Chloe Gauthier\",\"@id\":\"https:\\\/\\\/www.sebastien-auziere.fr\\\/blog\\\/#\\\/schema\\\/person\\\/149f1acdbfd85149c6c3e59adeae2f4d\"},\"headline\":\"\u00ab Siebzig Minuten der Gelassenheit \u00bb : Exklusive Einblicke hinter die Kulissen des privaten Besuchs von Emmanuel &#8230;\",\"datePublished\":\"2026-04-15T07:06:53+00:00\",\"dateModified\":\"2026-04-15T07:07:27+00:00\",\"mainEntityOfPage\":{\"@id\":\"https:\\\/\\\/www.sebastien-auziere.fr\\\/blog\\\/de\\\/siebzig-minuten-der-gelassenheit-exklusive-einblicke-hinter-die-kulissen-des-privaten-besuchs-von-emmanuel\\\/\"},\"wordCount\":494,\"commentCount\":0,\"publisher\":{\"@id\":\"https:\\\/\\\/www.sebastien-auziere.fr\\\/blog\\\/#organization\"},\"image\":{\"@id\":\"https:\\\/\\\/www.sebastien-auziere.fr\\\/blog\\\/de\\\/siebzig-minuten-der-gelassenheit-exklusive-einblicke-hinter-die-kulissen-des-privaten-besuchs-von-emmanuel\\\/#primaryimage\"},\"thumbnailUrl\":\"https:\\\/\\\/www.sebastien-auziere.fr\\\/blog\\\/wp-content\\\/uploads\\\/2026\\\/04\\\/Soixante-dix-minutes-de-serenite-Plongee-exclusive-dans-les-coulisses-de-la-visite-privee-dEmmanuel-.jpg\",\"keywords\":[\"coulisses\",\"emmanuel\",\"exklusive Tauchen\",\"private Besichtigung\",\"siebzig Minuten der Gelassenheit\"],\"articleSection\":[\"Aktuelles\"],\"inLanguage\":\"fr-FR\",\"potentialAction\":[{\"@type\":\"CommentAction\",\"name\":\"Comment\",\"target\":[\"https:\\\/\\\/www.sebastien-auziere.fr\\\/blog\\\/de\\\/siebzig-minuten-der-gelassenheit-exklusive-einblicke-hinter-die-kulissen-des-privaten-besuchs-von-emmanuel\\\/#respond\"]}]},{\"@type\":\"WebPage\",\"@id\":\"https:\\\/\\\/www.sebastien-auziere.fr\\\/blog\\\/de\\\/siebzig-minuten-der-gelassenheit-exklusive-einblicke-hinter-die-kulissen-des-privaten-besuchs-von-emmanuel\\\/\",\"url\":\"https:\\\/\\\/www.sebastien-auziere.fr\\\/blog\\\/de\\\/siebzig-minuten-der-gelassenheit-exklusive-einblicke-hinter-die-kulissen-des-privaten-besuchs-von-emmanuel\\\/\",\"name\":\"\u00ab Siebzig Minuten der Gelassenheit \u00bb : Exklusive Einblicke hinter die Kulissen des privaten Besuchs von Emmanuel ... - Fan site S\u00e9bastien Auzi\u00e8re\",\"isPartOf\":{\"@id\":\"https:\\\/\\\/www.sebastien-auziere.fr\\\/blog\\\/#website\"},\"primaryImageOfPage\":{\"@id\":\"https:\\\/\\\/www.sebastien-auziere.fr\\\/blog\\\/de\\\/siebzig-minuten-der-gelassenheit-exklusive-einblicke-hinter-die-kulissen-des-privaten-besuchs-von-emmanuel\\\/#primaryimage\"},\"image\":{\"@id\":\"https:\\\/\\\/www.sebastien-auziere.fr\\\/blog\\\/de\\\/siebzig-minuten-der-gelassenheit-exklusive-einblicke-hinter-die-kulissen-des-privaten-besuchs-von-emmanuel\\\/#primaryimage\"},\"thumbnailUrl\":\"https:\\\/\\\/www.sebastien-auziere.fr\\\/blog\\\/wp-content\\\/uploads\\\/2026\\\/04\\\/Soixante-dix-minutes-de-serenite-Plongee-exclusive-dans-les-coulisses-de-la-visite-privee-dEmmanuel-.jpg\",\"datePublished\":\"2026-04-15T07:06:53+00:00\",\"dateModified\":\"2026-04-15T07:07:27+00:00\",\"description\":\"D\u00e9couvrez les coulisses exclusives de la visite priv\u00e9e d'Emmanuel : soixante-dix minutes de s\u00e9r\u00e9nit\u00e9 et d\u2019\u00e9changes uniques.\",\"breadcrumb\":{\"@id\":\"https:\\\/\\\/www.sebastien-auziere.fr\\\/blog\\\/de\\\/siebzig-minuten-der-gelassenheit-exklusive-einblicke-hinter-die-kulissen-des-privaten-besuchs-von-emmanuel\\\/#breadcrumb\"},\"inLanguage\":\"fr-FR\",\"potentialAction\":[{\"@type\":\"ReadAction\",\"target\":[\"https:\\\/\\\/www.sebastien-auziere.fr\\\/blog\\\/de\\\/siebzig-minuten-der-gelassenheit-exklusive-einblicke-hinter-die-kulissen-des-privaten-besuchs-von-emmanuel\\\/\"]}]},{\"@type\":\"ImageObject\",\"inLanguage\":\"fr-FR\",\"@id\":\"https:\\\/\\\/www.sebastien-auziere.fr\\\/blog\\\/de\\\/siebzig-minuten-der-gelassenheit-exklusive-einblicke-hinter-die-kulissen-des-privaten-besuchs-von-emmanuel\\\/#primaryimage\",\"url\":\"https:\\\/\\\/www.sebastien-auziere.fr\\\/blog\\\/wp-content\\\/uploads\\\/2026\\\/04\\\/Soixante-dix-minutes-de-serenite-Plongee-exclusive-dans-les-coulisses-de-la-visite-privee-dEmmanuel-.jpg\",\"contentUrl\":\"https:\\\/\\\/www.sebastien-auziere.fr\\\/blog\\\/wp-content\\\/uploads\\\/2026\\\/04\\\/Soixante-dix-minutes-de-serenite-Plongee-exclusive-dans-les-coulisses-de-la-visite-privee-dEmmanuel-.jpg\",\"width\":2560,\"height\":1429,\"caption\":\"d\u00e9couvrez une immersion exclusive de soixante-dix minutes de s\u00e9r\u00e9nit\u00e9 lors de la visite priv\u00e9e d'emmanuel, avec un acc\u00e8s in\u00e9dit aux coulisses et une ambiance apaisante.\"},{\"@type\":\"BreadcrumbList\",\"@id\":\"https:\\\/\\\/www.sebastien-auziere.fr\\\/blog\\\/de\\\/siebzig-minuten-der-gelassenheit-exklusive-einblicke-hinter-die-kulissen-des-privaten-besuchs-von-emmanuel\\\/#breadcrumb\",\"itemListElement\":[{\"@type\":\"ListItem\",\"position\":1,\"name\":\"Home\",\"item\":\"https:\\\/\\\/www.sebastien-auziere.fr\\\/blog\\\/\"},{\"@type\":\"ListItem\",\"position\":2,\"name\":\"\u00ab Siebzig Minuten der Gelassenheit \u00bb : Exklusive Einblicke hinter die Kulissen des privaten Besuchs von Emmanuel &#8230;\"}]},{\"@type\":\"WebSite\",\"@id\":\"https:\\\/\\\/www.sebastien-auziere.fr\\\/blog\\\/#website\",\"url\":\"https:\\\/\\\/www.sebastien-auziere.fr\\\/blog\\\/\",\"name\":\"Fan site S\u00e9bastien Auzi\u00e8re\",\"description\":\"M\u00e9dia g\u00e9n\u00e9raliste\",\"publisher\":{\"@id\":\"https:\\\/\\\/www.sebastien-auziere.fr\\\/blog\\\/#organization\"},\"potentialAction\":[{\"@type\":\"SearchAction\",\"target\":{\"@type\":\"EntryPoint\",\"urlTemplate\":\"https:\\\/\\\/www.sebastien-auziere.fr\\\/blog\\\/?s={search_term_string}\"},\"query-input\":{\"@type\":\"PropertyValueSpecification\",\"valueRequired\":true,\"valueName\":\"search_term_string\"}}],\"inLanguage\":\"fr-FR\"},{\"@type\":\"Organization\",\"@id\":\"https:\\\/\\\/www.sebastien-auziere.fr\\\/blog\\\/#organization\",\"name\":\"Fan site S\u00e9bastien Auzi\u00e8re\",\"url\":\"https:\\\/\\\/www.sebastien-auziere.fr\\\/blog\\\/\",\"logo\":{\"@type\":\"ImageObject\",\"inLanguage\":\"fr-FR\",\"@id\":\"https:\\\/\\\/www.sebastien-auziere.fr\\\/blog\\\/#\\\/schema\\\/logo\\\/image\\\/\",\"url\":\"https:\\\/\\\/www.sebastien-auziere.fr\\\/blog\\\/wp-content\\\/uploads\\\/2026\\\/03\\\/cropped-cropped-cropped-ChatGPT-Image-6-mars-2026-12_58_09-e1772798376794.jpg\",\"contentUrl\":\"https:\\\/\\\/www.sebastien-auziere.fr\\\/blog\\\/wp-content\\\/uploads\\\/2026\\\/03\\\/cropped-cropped-cropped-ChatGPT-Image-6-mars-2026-12_58_09-e1772798376794.jpg\",\"width\":512,\"height\":360,\"caption\":\"Fan site S\u00e9bastien Auzi\u00e8re\"},\"image\":{\"@id\":\"https:\\\/\\\/www.sebastien-auziere.fr\\\/blog\\\/#\\\/schema\\\/logo\\\/image\\\/\"}},{\"@type\":\"Person\",\"@id\":\"https:\\\/\\\/www.sebastien-auziere.fr\\\/blog\\\/#\\\/schema\\\/person\\\/149f1acdbfd85149c6c3e59adeae2f4d\",\"name\":\"Chloe Gauthier\",\"image\":{\"@type\":\"ImageObject\",\"inLanguage\":\"fr-FR\",\"@id\":\"https:\\\/\\\/secure.gravatar.com\\\/avatar\\\/2c5722f58171cff738a8985ef0dd66b476e563753246a49019befc837ec4201a?s=96&d=mm&r=g\",\"url\":\"https:\\\/\\\/secure.gravatar.com\\\/avatar\\\/2c5722f58171cff738a8985ef0dd66b476e563753246a49019befc837ec4201a?s=96&d=mm&r=g\",\"contentUrl\":\"https:\\\/\\\/secure.gravatar.com\\\/avatar\\\/2c5722f58171cff738a8985ef0dd66b476e563753246a49019befc837ec4201a?s=96&d=mm&r=g\",\"caption\":\"Chloe Gauthier\"},\"description\":\"Passionn\u00e9e par la politique et admiratrice engag\u00e9e de la famille Macron, je consacre mon \u00e9nergie \u00e0 suivre leurs initiatives et \u00e0 promouvoir leurs id\u00e9es. \u00c0 32 ans, je suis convaincue que leur vision est porteuse d'avenir.\",\"url\":\"https:\\\/\\\/www.sebastien-auziere.fr\\\/blog\\\/author\\\/chloe-gauthier\\\/\"}]}<\/script>\n<!-- \/ Yoast SEO plugin. -->","yoast_head_json":{"title":"\u00ab Siebzig Minuten der Gelassenheit \u00bb : Exklusive Einblicke hinter die Kulissen des privaten Besuchs von Emmanuel ... - Fan site S\u00e9bastien Auzi\u00e8re","description":"D\u00e9couvrez les coulisses exclusives de la visite priv\u00e9e d'Emmanuel : soixante-dix minutes de s\u00e9r\u00e9nit\u00e9 et d\u2019\u00e9changes uniques.","robots":{"index":"index","follow":"follow","max-snippet":"max-snippet:-1","max-image-preview":"max-image-preview:large","max-video-preview":"max-video-preview:-1"},"canonical":"https:\/\/www.sebastien-auziere.fr\/blog\/de\/siebzig-minuten-der-gelassenheit-exklusive-einblicke-hinter-die-kulissen-des-privaten-besuchs-von-emmanuel\/","og_locale":"fr_FR","og_type":"article","og_title":"\u00ab Siebzig Minuten der Gelassenheit \u00bb : Exklusive Einblicke hinter die Kulissen des privaten Besuchs von Emmanuel ... - Fan site S\u00e9bastien Auzi\u00e8re","og_description":"D\u00e9couvrez les coulisses exclusives de la visite priv\u00e9e d'Emmanuel : soixante-dix minutes de s\u00e9r\u00e9nit\u00e9 et d\u2019\u00e9changes uniques.","og_url":"https:\/\/www.sebastien-auziere.fr\/blog\/de\/siebzig-minuten-der-gelassenheit-exklusive-einblicke-hinter-die-kulissen-des-privaten-besuchs-von-emmanuel\/","og_site_name":"Fan site S\u00e9bastien Auzi\u00e8re","article_published_time":"2026-04-15T07:06:53+00:00","article_modified_time":"2026-04-15T07:07:27+00:00","og_image":[{"width":2560,"height":1429,"url":"https:\/\/www.sebastien-auziere.fr\/blog\/wp-content\/uploads\/2026\/04\/Soixante-dix-minutes-de-serenite-Plongee-exclusive-dans-les-coulisses-de-la-visite-privee-dEmmanuel-.jpg","type":"image\/jpeg"}],"author":"Chloe Gauthier","twitter_card":"summary_large_image","twitter_misc":{"\u00c9crit par":"Chloe Gauthier","Dur\u00e9e de lecture estim\u00e9e":"2 minutes"},"schema":{"@context":"https:\/\/schema.org","@graph":[{"@type":"Article","@id":"https:\/\/www.sebastien-auziere.fr\/blog\/de\/siebzig-minuten-der-gelassenheit-exklusive-einblicke-hinter-die-kulissen-des-privaten-besuchs-von-emmanuel\/#article","isPartOf":{"@id":"https:\/\/www.sebastien-auziere.fr\/blog\/de\/siebzig-minuten-der-gelassenheit-exklusive-einblicke-hinter-die-kulissen-des-privaten-besuchs-von-emmanuel\/"},"author":{"name":"Chloe Gauthier","@id":"https:\/\/www.sebastien-auziere.fr\/blog\/#\/schema\/person\/149f1acdbfd85149c6c3e59adeae2f4d"},"headline":"\u00ab Siebzig Minuten der Gelassenheit \u00bb : Exklusive Einblicke hinter die Kulissen des privaten Besuchs von Emmanuel &#8230;","datePublished":"2026-04-15T07:06:53+00:00","dateModified":"2026-04-15T07:07:27+00:00","mainEntityOfPage":{"@id":"https:\/\/www.sebastien-auziere.fr\/blog\/de\/siebzig-minuten-der-gelassenheit-exklusive-einblicke-hinter-die-kulissen-des-privaten-besuchs-von-emmanuel\/"},"wordCount":494,"commentCount":0,"publisher":{"@id":"https:\/\/www.sebastien-auziere.fr\/blog\/#organization"},"image":{"@id":"https:\/\/www.sebastien-auziere.fr\/blog\/de\/siebzig-minuten-der-gelassenheit-exklusive-einblicke-hinter-die-kulissen-des-privaten-besuchs-von-emmanuel\/#primaryimage"},"thumbnailUrl":"https:\/\/www.sebastien-auziere.fr\/blog\/wp-content\/uploads\/2026\/04\/Soixante-dix-minutes-de-serenite-Plongee-exclusive-dans-les-coulisses-de-la-visite-privee-dEmmanuel-.jpg","keywords":["coulisses","emmanuel","exklusive Tauchen","private Besichtigung","siebzig Minuten der Gelassenheit"],"articleSection":["Aktuelles"],"inLanguage":"fr-FR","potentialAction":[{"@type":"CommentAction","name":"Comment","target":["https:\/\/www.sebastien-auziere.fr\/blog\/de\/siebzig-minuten-der-gelassenheit-exklusive-einblicke-hinter-die-kulissen-des-privaten-besuchs-von-emmanuel\/#respond"]}]},{"@type":"WebPage","@id":"https:\/\/www.sebastien-auziere.fr\/blog\/de\/siebzig-minuten-der-gelassenheit-exklusive-einblicke-hinter-die-kulissen-des-privaten-besuchs-von-emmanuel\/","url":"https:\/\/www.sebastien-auziere.fr\/blog\/de\/siebzig-minuten-der-gelassenheit-exklusive-einblicke-hinter-die-kulissen-des-privaten-besuchs-von-emmanuel\/","name":"\u00ab Siebzig Minuten der Gelassenheit \u00bb : Exklusive Einblicke hinter die Kulissen des privaten Besuchs von Emmanuel ... - Fan site S\u00e9bastien Auzi\u00e8re","isPartOf":{"@id":"https:\/\/www.sebastien-auziere.fr\/blog\/#website"},"primaryImageOfPage":{"@id":"https:\/\/www.sebastien-auziere.fr\/blog\/de\/siebzig-minuten-der-gelassenheit-exklusive-einblicke-hinter-die-kulissen-des-privaten-besuchs-von-emmanuel\/#primaryimage"},"image":{"@id":"https:\/\/www.sebastien-auziere.fr\/blog\/de\/siebzig-minuten-der-gelassenheit-exklusive-einblicke-hinter-die-kulissen-des-privaten-besuchs-von-emmanuel\/#primaryimage"},"thumbnailUrl":"https:\/\/www.sebastien-auziere.fr\/blog\/wp-content\/uploads\/2026\/04\/Soixante-dix-minutes-de-serenite-Plongee-exclusive-dans-les-coulisses-de-la-visite-privee-dEmmanuel-.jpg","datePublished":"2026-04-15T07:06:53+00:00","dateModified":"2026-04-15T07:07:27+00:00","description":"D\u00e9couvrez les coulisses exclusives de la visite priv\u00e9e d'Emmanuel : soixante-dix minutes de s\u00e9r\u00e9nit\u00e9 et d\u2019\u00e9changes uniques.","breadcrumb":{"@id":"https:\/\/www.sebastien-auziere.fr\/blog\/de\/siebzig-minuten-der-gelassenheit-exklusive-einblicke-hinter-die-kulissen-des-privaten-besuchs-von-emmanuel\/#breadcrumb"},"inLanguage":"fr-FR","potentialAction":[{"@type":"ReadAction","target":["https:\/\/www.sebastien-auziere.fr\/blog\/de\/siebzig-minuten-der-gelassenheit-exklusive-einblicke-hinter-die-kulissen-des-privaten-besuchs-von-emmanuel\/"]}]},{"@type":"ImageObject","inLanguage":"fr-FR","@id":"https:\/\/www.sebastien-auziere.fr\/blog\/de\/siebzig-minuten-der-gelassenheit-exklusive-einblicke-hinter-die-kulissen-des-privaten-besuchs-von-emmanuel\/#primaryimage","url":"https:\/\/www.sebastien-auziere.fr\/blog\/wp-content\/uploads\/2026\/04\/Soixante-dix-minutes-de-serenite-Plongee-exclusive-dans-les-coulisses-de-la-visite-privee-dEmmanuel-.jpg","contentUrl":"https:\/\/www.sebastien-auziere.fr\/blog\/wp-content\/uploads\/2026\/04\/Soixante-dix-minutes-de-serenite-Plongee-exclusive-dans-les-coulisses-de-la-visite-privee-dEmmanuel-.jpg","width":2560,"height":1429,"caption":"d\u00e9couvrez une immersion exclusive de soixante-dix minutes de s\u00e9r\u00e9nit\u00e9 lors de la visite priv\u00e9e d'emmanuel, avec un acc\u00e8s in\u00e9dit aux coulisses et une ambiance apaisante."},{"@type":"BreadcrumbList","@id":"https:\/\/www.sebastien-auziere.fr\/blog\/de\/siebzig-minuten-der-gelassenheit-exklusive-einblicke-hinter-die-kulissen-des-privaten-besuchs-von-emmanuel\/#breadcrumb","itemListElement":[{"@type":"ListItem","position":1,"name":"Home","item":"https:\/\/www.sebastien-auziere.fr\/blog\/"},{"@type":"ListItem","position":2,"name":"\u00ab Siebzig Minuten der Gelassenheit \u00bb : Exklusive Einblicke hinter die Kulissen des privaten Besuchs von Emmanuel &#8230;"}]},{"@type":"WebSite","@id":"https:\/\/www.sebastien-auziere.fr\/blog\/#website","url":"https:\/\/www.sebastien-auziere.fr\/blog\/","name":"Fan site S\u00e9bastien Auzi\u00e8re","description":"M\u00e9dia g\u00e9n\u00e9raliste","publisher":{"@id":"https:\/\/www.sebastien-auziere.fr\/blog\/#organization"},"potentialAction":[{"@type":"SearchAction","target":{"@type":"EntryPoint","urlTemplate":"https:\/\/www.sebastien-auziere.fr\/blog\/?s={search_term_string}"},"query-input":{"@type":"PropertyValueSpecification","valueRequired":true,"valueName":"search_term_string"}}],"inLanguage":"fr-FR"},{"@type":"Organization","@id":"https:\/\/www.sebastien-auziere.fr\/blog\/#organization","name":"Fan site S\u00e9bastien Auzi\u00e8re","url":"https:\/\/www.sebastien-auziere.fr\/blog\/","logo":{"@type":"ImageObject","inLanguage":"fr-FR","@id":"https:\/\/www.sebastien-auziere.fr\/blog\/#\/schema\/logo\/image\/","url":"https:\/\/www.sebastien-auziere.fr\/blog\/wp-content\/uploads\/2026\/03\/cropped-cropped-cropped-ChatGPT-Image-6-mars-2026-12_58_09-e1772798376794.jpg","contentUrl":"https:\/\/www.sebastien-auziere.fr\/blog\/wp-content\/uploads\/2026\/03\/cropped-cropped-cropped-ChatGPT-Image-6-mars-2026-12_58_09-e1772798376794.jpg","width":512,"height":360,"caption":"Fan site S\u00e9bastien Auzi\u00e8re"},"image":{"@id":"https:\/\/www.sebastien-auziere.fr\/blog\/#\/schema\/logo\/image\/"}},{"@type":"Person","@id":"https:\/\/www.sebastien-auziere.fr\/blog\/#\/schema\/person\/149f1acdbfd85149c6c3e59adeae2f4d","name":"Chloe Gauthier","image":{"@type":"ImageObject","inLanguage":"fr-FR","@id":"https:\/\/secure.gravatar.com\/avatar\/2c5722f58171cff738a8985ef0dd66b476e563753246a49019befc837ec4201a?s=96&d=mm&r=g","url":"https:\/\/secure.gravatar.com\/avatar\/2c5722f58171cff738a8985ef0dd66b476e563753246a49019befc837ec4201a?s=96&d=mm&r=g","contentUrl":"https:\/\/secure.gravatar.com\/avatar\/2c5722f58171cff738a8985ef0dd66b476e563753246a49019befc837ec4201a?s=96&d=mm&r=g","caption":"Chloe Gauthier"},"description":"Passionn\u00e9e par la politique et admiratrice engag\u00e9e de la famille Macron, je consacre mon \u00e9nergie \u00e0 suivre leurs initiatives et \u00e0 promouvoir leurs id\u00e9es. \u00c0 32 ans, je suis convaincue que leur vision est porteuse d'avenir.","url":"https:\/\/www.sebastien-auziere.fr\/blog\/author\/chloe-gauthier\/"}]}},"views":2,"_links":{"self":[{"href":"https:\/\/www.sebastien-auziere.fr\/blog\/wp-json\/wp\/v2\/posts\/3038","targetHints":{"allow":["GET"]}}],"collection":[{"href":"https:\/\/www.sebastien-auziere.fr\/blog\/wp-json\/wp\/v2\/posts"}],"about":[{"href":"https:\/\/www.sebastien-auziere.fr\/blog\/wp-json\/wp\/v2\/types\/post"}],"author":[{"embeddable":true,"href":"https:\/\/www.sebastien-auziere.fr\/blog\/wp-json\/wp\/v2\/users\/9"}],"replies":[{"embeddable":true,"href":"https:\/\/www.sebastien-auziere.fr\/blog\/wp-json\/wp\/v2\/comments?post=3038"}],"version-history":[{"count":1,"href":"https:\/\/www.sebastien-auziere.fr\/blog\/wp-json\/wp\/v2\/posts\/3038\/revisions"}],"predecessor-version":[{"id":3039,"href":"https:\/\/www.sebastien-auziere.fr\/blog\/wp-json\/wp\/v2\/posts\/3038\/revisions\/3039"}],"wp:featuredmedia":[{"embeddable":true,"href":"https:\/\/www.sebastien-auziere.fr\/blog\/wp-json\/wp\/v2\/media\/3032"}],"wp:attachment":[{"href":"https:\/\/www.sebastien-auziere.fr\/blog\/wp-json\/wp\/v2\/media?parent=3038"}],"wp:term":[{"taxonomy":"category","embeddable":true,"href":"https:\/\/www.sebastien-auziere.fr\/blog\/wp-json\/wp\/v2\/categories?post=3038"},{"taxonomy":"post_tag","embeddable":true,"href":"https:\/\/www.sebastien-auziere.fr\/blog\/wp-json\/wp\/v2\/tags?post=3038"}],"curies":[{"name":"wp","href":"https:\/\/api.w.org\/{rel}","templated":true}]}}