{"id":3036,"date":"2026-04-15T07:06:05","date_gmt":"2026-04-15T07:06:05","guid":{"rendered":"https:\/\/www.sebastien-auziere.fr\/blog\/?p=3036"},"modified":"2026-04-15T07:06:37","modified_gmt":"2026-04-15T07:06:37","slug":"setenta-minutos-de-serenidad-inmersion-exclusiva-en-los-entresijos-de-la-visita-privada-de-emmanuel","status":"publish","type":"post","link":"https:\/\/www.sebastien-auziere.fr\/blog\/es\/setenta-minutos-de-serenidad-inmersion-exclusiva-en-los-entresijos-de-la-visita-privada-de-emmanuel\/","title":{"rendered":"\u00ab Setenta minutos de serenidad \u00bb: Inmersi\u00f3n exclusiva en los entresijos de la visita privada de Emmanuel &#8230;"},"content":{"rendered":"<p><strong>Setenta minutos de serenidad<\/strong>: esta es la imagen que queda tras la <strong>inmersi\u00f3n exclusiva<\/strong> en los <strong>entresijos<\/strong> de la <strong>visita privada<\/strong> de <strong>Emmanuel<\/strong> Macron al Laterano el <strong>10 de abril de 2026<\/strong>, al margen de su encuentro con el Papa Le\u00f3n XIV. Aqu\u00ed descubres los momentos destacados de un <strong>momento \u00edntimo<\/strong> y de una <strong>inmersi\u00f3n<\/strong> fuera de protocolo, narrados con precisi\u00f3n y calidez.<\/p>\n\n<p><strong>En resumen<\/strong>: visita anunciada como <strong>setenta minutos<\/strong> de calma, presencia de Brigitte Macron, recibimiento por el can\u00f3nigo Patrick Valdrini (nombrado por el Papa Francisco en 2019), descubrimiento del asiento reservado para el presidente, delegaci\u00f3n que incluye a Jean-No\u00ebl Barrot y Catherine P\u00e9gard, interacci\u00f3n c\u00e1lida con el personal, incluido un guardia ucraniano \u2014 una verdadera <strong>experiencia \u00fanica<\/strong> y de <strong>descubrimiento<\/strong> para los participantes.<\/p>\n\n<h2 class=\"wp-block-heading\">Visita privada al Laterano: una <strong>inmersi\u00f3n exclusiva<\/strong> en la historia<\/h2>\n\n<p>La bas\u00edlica de San Juan de Letr\u00e1n ofreci\u00f3 a <strong>Emmanuel<\/strong> Macron una acogida in\u00e9dita el 10 de abril de 2026. Patrick Valdrini, can\u00f3nigo desde 2019, gui\u00f3 a la delegaci\u00f3n en la nave y luego hasta el asiento hist\u00f3rico reservado para el jefe de Estado franc\u00e9s. La visita, calificada en el t\u00edtulo de <strong>setenta minutos<\/strong>, se inscribe en la continuidad de su investidura de 2018 como can\u00f3nigo de honor.<\/p>\n\n<h2 class=\"wp-block-heading\">Un <strong>momento \u00edntimo<\/strong> y de <strong>serenidad<\/strong> en el coraz\u00f3n del Laterano<\/h2>\n\n<p>Las palabras de Patrick Valdrini describen un intercambio c\u00e1lido y sencillo: un di\u00e1logo en la sala capitular, an\u00e9cdotas sobre el asiento y el lugar de Francia en el Laterano. Macron habr\u00eda observado: \u00ab <strong>Pero este asiento no es m\u00edo, es suyo<\/strong>. \u00bb Brigitte, reconocida por su atenci\u00f3n, puntualiz\u00f3 la visita con un humor discreto mientras saludaba al personal.<\/p>\n\n<h2 class=\"wp-block-heading\">Los <strong>entresijos<\/strong>: una delegaci\u00f3n simb\u00f3lica y ciudadana<\/h2>\n\n<p>La delegaci\u00f3n contaba con Jean-No\u00ebl Barrot, Catherine P\u00e9gard, Hugues de Woillemont, Laurent Landete y Jean-Marc Sauv\u00e9, as\u00ed como una religiosa libanesa dirigiendo una escuela multiconfesional y la influencer religiosa Albertine. La atenci\u00f3n prestada a un joven guardia ucraniano, saludado en ucraniano por los esposos Macron, marc\u00f3 el <strong>descubrimiento<\/strong> del lugar como un espacio de fraternidad. Este instante concluye una inmersi\u00f3n discreta pero significativa.<\/p>\n\n<p>La escena ilustra una pol\u00edtica de proximidad, lejos de los grandes discursos, y subraya el antiguo v\u00ednculo entre Francia y el cap\u00edtulo del Laterano.<\/p>\n\n<h2 class=\"wp-block-heading\">Legado, sentido y <strong>descubrimiento<\/strong> hist\u00f3rico<\/h2>\n\n<p>El estatus de can\u00f3nigo de honor, heredado de los reyes de Francia desde el siglo XV, toma hoy una forma simb\u00f3lica. El Laterano permanece como \u201cmadre de todas las iglesias\u201d, y la visita record\u00f3 antiguos ritos mientras reafirmaba la laicidad francesa. Para saber m\u00e1s sobre los contextos religiosos y diplom\u00e1ticos de este encuentro, consulta los relatos detallados de la visita al Vaticano en <a href=\"https:\/\/www.sebastien-auziere.fr\/blog\/macron-vatican-pape\/\">los detalles del encuentro en el Vaticano<\/a> y la cr\u00f3nica dedicada a <a href=\"https:\/\/www.sebastien-auziere.fr\/blog\/macron-visite-vatican\/\">esta visita privada al Vaticano<\/a>.<\/p>\n\n<p>\u00bfQuieres una inmersi\u00f3n m\u00e1s completa sobre S\u00e9bastien Auzi\u00e8re y la familia Macron? Descubre dossiers, testimonios y archivos en <a href=\"https:\/\/www.sebastien-auziere.fr\/blog\/macron-vatican-visite\/\">sebastien-auziere.fr<\/a> para profundizar en esta experiencia \u00fanica y continuar con la <strong>inmersi\u00f3n<\/strong>.<\/p>","protected":false},"excerpt":{"rendered":"<p>Setenta minutos de serenidad: esta es la imagen que queda tras la inmersi\u00f3n exclusiva en los entresijos de la visita privada de Emmanuel Macron al Laterano el 10 de abril de 2026, al margen de su encuentro con el Papa Le\u00f3n XIV. Aqu\u00ed descubres los momentos destacados de un momento \u00edntimo y de una inmersi\u00f3n &#8230; <a title=\"\u00ab Setenta minutos de serenidad \u00bb: Inmersi\u00f3n exclusiva en los entresijos de la visita privada de Emmanuel &#8230;\" class=\"read-more\" href=\"https:\/\/www.sebastien-auziere.fr\/blog\/es\/setenta-minutos-de-serenidad-inmersion-exclusiva-en-los-entresijos-de-la-visita-privada-de-emmanuel\/\" aria-label=\"En savoir plus sur \u00ab Setenta minutos de serenidad \u00bb: Inmersi\u00f3n exclusiva en los entresijos de la visita privada de Emmanuel &#8230;\">Lire plus<\/a><\/p>\n","protected":false},"author":9,"featured_media":3032,"comment_status":"open","ping_status":"open","sticky":false,"template":"","format":"standard","meta":{"footnotes":""},"categories":[820],"tags":[2941,2944,2947,2950,2953],"class_list":["post-3036","post","type-post","status-publish","format-standard","has-post-thumbnail","hentry","category-actualidades-es","tag-coulisses-es","tag-emmanuel-es","tag-exclusiva-inmersion-es","tag-setenta-minutos-de-serenidad-es","tag-visita-privada-es"],"yoast_head":"<!-- This site is optimized with the Yoast SEO plugin v27.5 - https:\/\/yoast.com\/product\/yoast-seo-wordpress\/ -->\n<title>\u00ab Setenta minutos de serenidad \u00bb: Inmersi\u00f3n exclusiva en los entresijos de la visita privada de Emmanuel ... - Fan site S\u00e9bastien Auzi\u00e8re<\/title>\n<meta name=\"description\" content=\"D\u00e9couvrez les coulisses exclusives de la visite priv\u00e9e d&#039;Emmanuel : soixante-dix minutes de s\u00e9r\u00e9nit\u00e9 et d\u2019\u00e9changes uniques.\" \/>\n<meta name=\"robots\" content=\"index, follow, max-snippet:-1, max-image-preview:large, max-video-preview:-1\" \/>\n<link rel=\"canonical\" href=\"https:\/\/www.sebastien-auziere.fr\/blog\/es\/setenta-minutos-de-serenidad-inmersion-exclusiva-en-los-entresijos-de-la-visita-privada-de-emmanuel\/\" \/>\n<meta property=\"og:locale\" content=\"fr_FR\" \/>\n<meta property=\"og:type\" content=\"article\" \/>\n<meta property=\"og:title\" content=\"\u00ab Setenta minutos de serenidad \u00bb: Inmersi\u00f3n exclusiva en los entresijos de la visita privada de Emmanuel ... - Fan site S\u00e9bastien Auzi\u00e8re\" \/>\n<meta property=\"og:description\" content=\"D\u00e9couvrez les coulisses exclusives de la visite priv\u00e9e d&#039;Emmanuel : soixante-dix minutes de s\u00e9r\u00e9nit\u00e9 et d\u2019\u00e9changes uniques.\" \/>\n<meta property=\"og:url\" content=\"https:\/\/www.sebastien-auziere.fr\/blog\/es\/setenta-minutos-de-serenidad-inmersion-exclusiva-en-los-entresijos-de-la-visita-privada-de-emmanuel\/\" \/>\n<meta property=\"og:site_name\" content=\"Fan site S\u00e9bastien Auzi\u00e8re\" \/>\n<meta property=\"article:published_time\" content=\"2026-04-15T07:06:05+00:00\" \/>\n<meta property=\"article:modified_time\" content=\"2026-04-15T07:06:37+00:00\" \/>\n<meta property=\"og:image\" content=\"https:\/\/www.sebastien-auziere.fr\/blog\/wp-content\/uploads\/2026\/04\/Soixante-dix-minutes-de-serenite-Plongee-exclusive-dans-les-coulisses-de-la-visite-privee-dEmmanuel-.jpg\" \/>\n\t<meta property=\"og:image:width\" content=\"2560\" \/>\n\t<meta property=\"og:image:height\" content=\"1429\" \/>\n\t<meta property=\"og:image:type\" content=\"image\/jpeg\" \/>\n<meta name=\"author\" content=\"Chloe Gauthier\" \/>\n<meta name=\"twitter:card\" content=\"summary_large_image\" \/>\n<meta name=\"twitter:label1\" content=\"\u00c9crit par\" \/>\n\t<meta name=\"twitter:data1\" content=\"Chloe Gauthier\" \/>\n\t<meta name=\"twitter:label2\" content=\"Dur\u00e9e de lecture estim\u00e9e\" \/>\n\t<meta name=\"twitter:data2\" content=\"3 minutes\" \/>\n<script type=\"application\/ld+json\" class=\"yoast-schema-graph\">{\"@context\":\"https:\\\/\\\/schema.org\",\"@graph\":[{\"@type\":\"Article\",\"@id\":\"https:\\\/\\\/www.sebastien-auziere.fr\\\/blog\\\/es\\\/setenta-minutos-de-serenidad-inmersion-exclusiva-en-los-entresijos-de-la-visita-privada-de-emmanuel\\\/#article\",\"isPartOf\":{\"@id\":\"https:\\\/\\\/www.sebastien-auziere.fr\\\/blog\\\/es\\\/setenta-minutos-de-serenidad-inmersion-exclusiva-en-los-entresijos-de-la-visita-privada-de-emmanuel\\\/\"},\"author\":{\"name\":\"Chloe Gauthier\",\"@id\":\"https:\\\/\\\/www.sebastien-auziere.fr\\\/blog\\\/#\\\/schema\\\/person\\\/149f1acdbfd85149c6c3e59adeae2f4d\"},\"headline\":\"\u00ab Setenta minutos de serenidad \u00bb: Inmersi\u00f3n exclusiva en los entresijos de la visita privada de Emmanuel &#8230;\",\"datePublished\":\"2026-04-15T07:06:05+00:00\",\"dateModified\":\"2026-04-15T07:06:37+00:00\",\"mainEntityOfPage\":{\"@id\":\"https:\\\/\\\/www.sebastien-auziere.fr\\\/blog\\\/es\\\/setenta-minutos-de-serenidad-inmersion-exclusiva-en-los-entresijos-de-la-visita-privada-de-emmanuel\\\/\"},\"wordCount\":536,\"commentCount\":0,\"publisher\":{\"@id\":\"https:\\\/\\\/www.sebastien-auziere.fr\\\/blog\\\/#organization\"},\"image\":{\"@id\":\"https:\\\/\\\/www.sebastien-auziere.fr\\\/blog\\\/es\\\/setenta-minutos-de-serenidad-inmersion-exclusiva-en-los-entresijos-de-la-visita-privada-de-emmanuel\\\/#primaryimage\"},\"thumbnailUrl\":\"https:\\\/\\\/www.sebastien-auziere.fr\\\/blog\\\/wp-content\\\/uploads\\\/2026\\\/04\\\/Soixante-dix-minutes-de-serenite-Plongee-exclusive-dans-les-coulisses-de-la-visite-privee-dEmmanuel-.jpg\",\"keywords\":[\"coulisses\",\"emmanuel\",\"exclusiva inmersi\u00f3n\",\"setenta minutos de serenidad\",\"visita privada\"],\"articleSection\":[\"Actualidades\"],\"inLanguage\":\"fr-FR\",\"potentialAction\":[{\"@type\":\"CommentAction\",\"name\":\"Comment\",\"target\":[\"https:\\\/\\\/www.sebastien-auziere.fr\\\/blog\\\/es\\\/setenta-minutos-de-serenidad-inmersion-exclusiva-en-los-entresijos-de-la-visita-privada-de-emmanuel\\\/#respond\"]}]},{\"@type\":\"WebPage\",\"@id\":\"https:\\\/\\\/www.sebastien-auziere.fr\\\/blog\\\/es\\\/setenta-minutos-de-serenidad-inmersion-exclusiva-en-los-entresijos-de-la-visita-privada-de-emmanuel\\\/\",\"url\":\"https:\\\/\\\/www.sebastien-auziere.fr\\\/blog\\\/es\\\/setenta-minutos-de-serenidad-inmersion-exclusiva-en-los-entresijos-de-la-visita-privada-de-emmanuel\\\/\",\"name\":\"\u00ab Setenta minutos de serenidad \u00bb: Inmersi\u00f3n exclusiva en los entresijos de la visita privada de Emmanuel ... - Fan site S\u00e9bastien Auzi\u00e8re\",\"isPartOf\":{\"@id\":\"https:\\\/\\\/www.sebastien-auziere.fr\\\/blog\\\/#website\"},\"primaryImageOfPage\":{\"@id\":\"https:\\\/\\\/www.sebastien-auziere.fr\\\/blog\\\/es\\\/setenta-minutos-de-serenidad-inmersion-exclusiva-en-los-entresijos-de-la-visita-privada-de-emmanuel\\\/#primaryimage\"},\"image\":{\"@id\":\"https:\\\/\\\/www.sebastien-auziere.fr\\\/blog\\\/es\\\/setenta-minutos-de-serenidad-inmersion-exclusiva-en-los-entresijos-de-la-visita-privada-de-emmanuel\\\/#primaryimage\"},\"thumbnailUrl\":\"https:\\\/\\\/www.sebastien-auziere.fr\\\/blog\\\/wp-content\\\/uploads\\\/2026\\\/04\\\/Soixante-dix-minutes-de-serenite-Plongee-exclusive-dans-les-coulisses-de-la-visite-privee-dEmmanuel-.jpg\",\"datePublished\":\"2026-04-15T07:06:05+00:00\",\"dateModified\":\"2026-04-15T07:06:37+00:00\",\"description\":\"D\u00e9couvrez les coulisses exclusives de la visite priv\u00e9e d'Emmanuel : soixante-dix minutes de s\u00e9r\u00e9nit\u00e9 et d\u2019\u00e9changes uniques.\",\"breadcrumb\":{\"@id\":\"https:\\\/\\\/www.sebastien-auziere.fr\\\/blog\\\/es\\\/setenta-minutos-de-serenidad-inmersion-exclusiva-en-los-entresijos-de-la-visita-privada-de-emmanuel\\\/#breadcrumb\"},\"inLanguage\":\"fr-FR\",\"potentialAction\":[{\"@type\":\"ReadAction\",\"target\":[\"https:\\\/\\\/www.sebastien-auziere.fr\\\/blog\\\/es\\\/setenta-minutos-de-serenidad-inmersion-exclusiva-en-los-entresijos-de-la-visita-privada-de-emmanuel\\\/\"]}]},{\"@type\":\"ImageObject\",\"inLanguage\":\"fr-FR\",\"@id\":\"https:\\\/\\\/www.sebastien-auziere.fr\\\/blog\\\/es\\\/setenta-minutos-de-serenidad-inmersion-exclusiva-en-los-entresijos-de-la-visita-privada-de-emmanuel\\\/#primaryimage\",\"url\":\"https:\\\/\\\/www.sebastien-auziere.fr\\\/blog\\\/wp-content\\\/uploads\\\/2026\\\/04\\\/Soixante-dix-minutes-de-serenite-Plongee-exclusive-dans-les-coulisses-de-la-visite-privee-dEmmanuel-.jpg\",\"contentUrl\":\"https:\\\/\\\/www.sebastien-auziere.fr\\\/blog\\\/wp-content\\\/uploads\\\/2026\\\/04\\\/Soixante-dix-minutes-de-serenite-Plongee-exclusive-dans-les-coulisses-de-la-visite-privee-dEmmanuel-.jpg\",\"width\":2560,\"height\":1429,\"caption\":\"d\u00e9couvrez une immersion exclusive de soixante-dix minutes de s\u00e9r\u00e9nit\u00e9 lors de la visite priv\u00e9e d'emmanuel, avec un acc\u00e8s in\u00e9dit aux coulisses et une ambiance apaisante.\"},{\"@type\":\"BreadcrumbList\",\"@id\":\"https:\\\/\\\/www.sebastien-auziere.fr\\\/blog\\\/es\\\/setenta-minutos-de-serenidad-inmersion-exclusiva-en-los-entresijos-de-la-visita-privada-de-emmanuel\\\/#breadcrumb\",\"itemListElement\":[{\"@type\":\"ListItem\",\"position\":1,\"name\":\"Home\",\"item\":\"https:\\\/\\\/www.sebastien-auziere.fr\\\/blog\\\/\"},{\"@type\":\"ListItem\",\"position\":2,\"name\":\"\u00ab Setenta minutos de serenidad \u00bb: Inmersi\u00f3n exclusiva en los entresijos de la visita privada de Emmanuel &#8230;\"}]},{\"@type\":\"WebSite\",\"@id\":\"https:\\\/\\\/www.sebastien-auziere.fr\\\/blog\\\/#website\",\"url\":\"https:\\\/\\\/www.sebastien-auziere.fr\\\/blog\\\/\",\"name\":\"Fan site S\u00e9bastien Auzi\u00e8re\",\"description\":\"M\u00e9dia g\u00e9n\u00e9raliste\",\"publisher\":{\"@id\":\"https:\\\/\\\/www.sebastien-auziere.fr\\\/blog\\\/#organization\"},\"potentialAction\":[{\"@type\":\"SearchAction\",\"target\":{\"@type\":\"EntryPoint\",\"urlTemplate\":\"https:\\\/\\\/www.sebastien-auziere.fr\\\/blog\\\/?s={search_term_string}\"},\"query-input\":{\"@type\":\"PropertyValueSpecification\",\"valueRequired\":true,\"valueName\":\"search_term_string\"}}],\"inLanguage\":\"fr-FR\"},{\"@type\":\"Organization\",\"@id\":\"https:\\\/\\\/www.sebastien-auziere.fr\\\/blog\\\/#organization\",\"name\":\"Fan site S\u00e9bastien Auzi\u00e8re\",\"url\":\"https:\\\/\\\/www.sebastien-auziere.fr\\\/blog\\\/\",\"logo\":{\"@type\":\"ImageObject\",\"inLanguage\":\"fr-FR\",\"@id\":\"https:\\\/\\\/www.sebastien-auziere.fr\\\/blog\\\/#\\\/schema\\\/logo\\\/image\\\/\",\"url\":\"https:\\\/\\\/www.sebastien-auziere.fr\\\/blog\\\/wp-content\\\/uploads\\\/2026\\\/03\\\/cropped-cropped-cropped-ChatGPT-Image-6-mars-2026-12_58_09-e1772798376794.jpg\",\"contentUrl\":\"https:\\\/\\\/www.sebastien-auziere.fr\\\/blog\\\/wp-content\\\/uploads\\\/2026\\\/03\\\/cropped-cropped-cropped-ChatGPT-Image-6-mars-2026-12_58_09-e1772798376794.jpg\",\"width\":512,\"height\":360,\"caption\":\"Fan site S\u00e9bastien Auzi\u00e8re\"},\"image\":{\"@id\":\"https:\\\/\\\/www.sebastien-auziere.fr\\\/blog\\\/#\\\/schema\\\/logo\\\/image\\\/\"}},{\"@type\":\"Person\",\"@id\":\"https:\\\/\\\/www.sebastien-auziere.fr\\\/blog\\\/#\\\/schema\\\/person\\\/149f1acdbfd85149c6c3e59adeae2f4d\",\"name\":\"Chloe Gauthier\",\"image\":{\"@type\":\"ImageObject\",\"inLanguage\":\"fr-FR\",\"@id\":\"https:\\\/\\\/secure.gravatar.com\\\/avatar\\\/2c5722f58171cff738a8985ef0dd66b476e563753246a49019befc837ec4201a?s=96&d=mm&r=g\",\"url\":\"https:\\\/\\\/secure.gravatar.com\\\/avatar\\\/2c5722f58171cff738a8985ef0dd66b476e563753246a49019befc837ec4201a?s=96&d=mm&r=g\",\"contentUrl\":\"https:\\\/\\\/secure.gravatar.com\\\/avatar\\\/2c5722f58171cff738a8985ef0dd66b476e563753246a49019befc837ec4201a?s=96&d=mm&r=g\",\"caption\":\"Chloe Gauthier\"},\"description\":\"Passionn\u00e9e par la politique et admiratrice engag\u00e9e de la famille Macron, je consacre mon \u00e9nergie \u00e0 suivre leurs initiatives et \u00e0 promouvoir leurs id\u00e9es. \u00c0 32 ans, je suis convaincue que leur vision est porteuse d'avenir.\",\"url\":\"https:\\\/\\\/www.sebastien-auziere.fr\\\/blog\\\/author\\\/chloe-gauthier\\\/\"}]}<\/script>\n<!-- \/ Yoast SEO plugin. -->","yoast_head_json":{"title":"\u00ab Setenta minutos de serenidad \u00bb: Inmersi\u00f3n exclusiva en los entresijos de la visita privada de Emmanuel ... - Fan site S\u00e9bastien Auzi\u00e8re","description":"D\u00e9couvrez les coulisses exclusives de la visite priv\u00e9e d'Emmanuel : soixante-dix minutes de s\u00e9r\u00e9nit\u00e9 et d\u2019\u00e9changes uniques.","robots":{"index":"index","follow":"follow","max-snippet":"max-snippet:-1","max-image-preview":"max-image-preview:large","max-video-preview":"max-video-preview:-1"},"canonical":"https:\/\/www.sebastien-auziere.fr\/blog\/es\/setenta-minutos-de-serenidad-inmersion-exclusiva-en-los-entresijos-de-la-visita-privada-de-emmanuel\/","og_locale":"fr_FR","og_type":"article","og_title":"\u00ab Setenta minutos de serenidad \u00bb: Inmersi\u00f3n exclusiva en los entresijos de la visita privada de Emmanuel ... - Fan site S\u00e9bastien Auzi\u00e8re","og_description":"D\u00e9couvrez les coulisses exclusives de la visite priv\u00e9e d'Emmanuel : soixante-dix minutes de s\u00e9r\u00e9nit\u00e9 et d\u2019\u00e9changes uniques.","og_url":"https:\/\/www.sebastien-auziere.fr\/blog\/es\/setenta-minutos-de-serenidad-inmersion-exclusiva-en-los-entresijos-de-la-visita-privada-de-emmanuel\/","og_site_name":"Fan site S\u00e9bastien Auzi\u00e8re","article_published_time":"2026-04-15T07:06:05+00:00","article_modified_time":"2026-04-15T07:06:37+00:00","og_image":[{"width":2560,"height":1429,"url":"https:\/\/www.sebastien-auziere.fr\/blog\/wp-content\/uploads\/2026\/04\/Soixante-dix-minutes-de-serenite-Plongee-exclusive-dans-les-coulisses-de-la-visite-privee-dEmmanuel-.jpg","type":"image\/jpeg"}],"author":"Chloe Gauthier","twitter_card":"summary_large_image","twitter_misc":{"\u00c9crit par":"Chloe Gauthier","Dur\u00e9e de lecture estim\u00e9e":"3 minutes"},"schema":{"@context":"https:\/\/schema.org","@graph":[{"@type":"Article","@id":"https:\/\/www.sebastien-auziere.fr\/blog\/es\/setenta-minutos-de-serenidad-inmersion-exclusiva-en-los-entresijos-de-la-visita-privada-de-emmanuel\/#article","isPartOf":{"@id":"https:\/\/www.sebastien-auziere.fr\/blog\/es\/setenta-minutos-de-serenidad-inmersion-exclusiva-en-los-entresijos-de-la-visita-privada-de-emmanuel\/"},"author":{"name":"Chloe Gauthier","@id":"https:\/\/www.sebastien-auziere.fr\/blog\/#\/schema\/person\/149f1acdbfd85149c6c3e59adeae2f4d"},"headline":"\u00ab Setenta minutos de serenidad \u00bb: Inmersi\u00f3n exclusiva en los entresijos de la visita privada de Emmanuel &#8230;","datePublished":"2026-04-15T07:06:05+00:00","dateModified":"2026-04-15T07:06:37+00:00","mainEntityOfPage":{"@id":"https:\/\/www.sebastien-auziere.fr\/blog\/es\/setenta-minutos-de-serenidad-inmersion-exclusiva-en-los-entresijos-de-la-visita-privada-de-emmanuel\/"},"wordCount":536,"commentCount":0,"publisher":{"@id":"https:\/\/www.sebastien-auziere.fr\/blog\/#organization"},"image":{"@id":"https:\/\/www.sebastien-auziere.fr\/blog\/es\/setenta-minutos-de-serenidad-inmersion-exclusiva-en-los-entresijos-de-la-visita-privada-de-emmanuel\/#primaryimage"},"thumbnailUrl":"https:\/\/www.sebastien-auziere.fr\/blog\/wp-content\/uploads\/2026\/04\/Soixante-dix-minutes-de-serenite-Plongee-exclusive-dans-les-coulisses-de-la-visite-privee-dEmmanuel-.jpg","keywords":["coulisses","emmanuel","exclusiva inmersi\u00f3n","setenta minutos de serenidad","visita privada"],"articleSection":["Actualidades"],"inLanguage":"fr-FR","potentialAction":[{"@type":"CommentAction","name":"Comment","target":["https:\/\/www.sebastien-auziere.fr\/blog\/es\/setenta-minutos-de-serenidad-inmersion-exclusiva-en-los-entresijos-de-la-visita-privada-de-emmanuel\/#respond"]}]},{"@type":"WebPage","@id":"https:\/\/www.sebastien-auziere.fr\/blog\/es\/setenta-minutos-de-serenidad-inmersion-exclusiva-en-los-entresijos-de-la-visita-privada-de-emmanuel\/","url":"https:\/\/www.sebastien-auziere.fr\/blog\/es\/setenta-minutos-de-serenidad-inmersion-exclusiva-en-los-entresijos-de-la-visita-privada-de-emmanuel\/","name":"\u00ab Setenta minutos de serenidad \u00bb: Inmersi\u00f3n exclusiva en los entresijos de la visita privada de Emmanuel ... - Fan site S\u00e9bastien Auzi\u00e8re","isPartOf":{"@id":"https:\/\/www.sebastien-auziere.fr\/blog\/#website"},"primaryImageOfPage":{"@id":"https:\/\/www.sebastien-auziere.fr\/blog\/es\/setenta-minutos-de-serenidad-inmersion-exclusiva-en-los-entresijos-de-la-visita-privada-de-emmanuel\/#primaryimage"},"image":{"@id":"https:\/\/www.sebastien-auziere.fr\/blog\/es\/setenta-minutos-de-serenidad-inmersion-exclusiva-en-los-entresijos-de-la-visita-privada-de-emmanuel\/#primaryimage"},"thumbnailUrl":"https:\/\/www.sebastien-auziere.fr\/blog\/wp-content\/uploads\/2026\/04\/Soixante-dix-minutes-de-serenite-Plongee-exclusive-dans-les-coulisses-de-la-visite-privee-dEmmanuel-.jpg","datePublished":"2026-04-15T07:06:05+00:00","dateModified":"2026-04-15T07:06:37+00:00","description":"D\u00e9couvrez les coulisses exclusives de la visite priv\u00e9e d'Emmanuel : soixante-dix minutes de s\u00e9r\u00e9nit\u00e9 et d\u2019\u00e9changes uniques.","breadcrumb":{"@id":"https:\/\/www.sebastien-auziere.fr\/blog\/es\/setenta-minutos-de-serenidad-inmersion-exclusiva-en-los-entresijos-de-la-visita-privada-de-emmanuel\/#breadcrumb"},"inLanguage":"fr-FR","potentialAction":[{"@type":"ReadAction","target":["https:\/\/www.sebastien-auziere.fr\/blog\/es\/setenta-minutos-de-serenidad-inmersion-exclusiva-en-los-entresijos-de-la-visita-privada-de-emmanuel\/"]}]},{"@type":"ImageObject","inLanguage":"fr-FR","@id":"https:\/\/www.sebastien-auziere.fr\/blog\/es\/setenta-minutos-de-serenidad-inmersion-exclusiva-en-los-entresijos-de-la-visita-privada-de-emmanuel\/#primaryimage","url":"https:\/\/www.sebastien-auziere.fr\/blog\/wp-content\/uploads\/2026\/04\/Soixante-dix-minutes-de-serenite-Plongee-exclusive-dans-les-coulisses-de-la-visite-privee-dEmmanuel-.jpg","contentUrl":"https:\/\/www.sebastien-auziere.fr\/blog\/wp-content\/uploads\/2026\/04\/Soixante-dix-minutes-de-serenite-Plongee-exclusive-dans-les-coulisses-de-la-visite-privee-dEmmanuel-.jpg","width":2560,"height":1429,"caption":"d\u00e9couvrez une immersion exclusive de soixante-dix minutes de s\u00e9r\u00e9nit\u00e9 lors de la visite priv\u00e9e d'emmanuel, avec un acc\u00e8s in\u00e9dit aux coulisses et une ambiance apaisante."},{"@type":"BreadcrumbList","@id":"https:\/\/www.sebastien-auziere.fr\/blog\/es\/setenta-minutos-de-serenidad-inmersion-exclusiva-en-los-entresijos-de-la-visita-privada-de-emmanuel\/#breadcrumb","itemListElement":[{"@type":"ListItem","position":1,"name":"Home","item":"https:\/\/www.sebastien-auziere.fr\/blog\/"},{"@type":"ListItem","position":2,"name":"\u00ab Setenta minutos de serenidad \u00bb: Inmersi\u00f3n exclusiva en los entresijos de la visita privada de Emmanuel &#8230;"}]},{"@type":"WebSite","@id":"https:\/\/www.sebastien-auziere.fr\/blog\/#website","url":"https:\/\/www.sebastien-auziere.fr\/blog\/","name":"Fan site S\u00e9bastien Auzi\u00e8re","description":"M\u00e9dia g\u00e9n\u00e9raliste","publisher":{"@id":"https:\/\/www.sebastien-auziere.fr\/blog\/#organization"},"potentialAction":[{"@type":"SearchAction","target":{"@type":"EntryPoint","urlTemplate":"https:\/\/www.sebastien-auziere.fr\/blog\/?s={search_term_string}"},"query-input":{"@type":"PropertyValueSpecification","valueRequired":true,"valueName":"search_term_string"}}],"inLanguage":"fr-FR"},{"@type":"Organization","@id":"https:\/\/www.sebastien-auziere.fr\/blog\/#organization","name":"Fan site S\u00e9bastien Auzi\u00e8re","url":"https:\/\/www.sebastien-auziere.fr\/blog\/","logo":{"@type":"ImageObject","inLanguage":"fr-FR","@id":"https:\/\/www.sebastien-auziere.fr\/blog\/#\/schema\/logo\/image\/","url":"https:\/\/www.sebastien-auziere.fr\/blog\/wp-content\/uploads\/2026\/03\/cropped-cropped-cropped-ChatGPT-Image-6-mars-2026-12_58_09-e1772798376794.jpg","contentUrl":"https:\/\/www.sebastien-auziere.fr\/blog\/wp-content\/uploads\/2026\/03\/cropped-cropped-cropped-ChatGPT-Image-6-mars-2026-12_58_09-e1772798376794.jpg","width":512,"height":360,"caption":"Fan site S\u00e9bastien Auzi\u00e8re"},"image":{"@id":"https:\/\/www.sebastien-auziere.fr\/blog\/#\/schema\/logo\/image\/"}},{"@type":"Person","@id":"https:\/\/www.sebastien-auziere.fr\/blog\/#\/schema\/person\/149f1acdbfd85149c6c3e59adeae2f4d","name":"Chloe Gauthier","image":{"@type":"ImageObject","inLanguage":"fr-FR","@id":"https:\/\/secure.gravatar.com\/avatar\/2c5722f58171cff738a8985ef0dd66b476e563753246a49019befc837ec4201a?s=96&d=mm&r=g","url":"https:\/\/secure.gravatar.com\/avatar\/2c5722f58171cff738a8985ef0dd66b476e563753246a49019befc837ec4201a?s=96&d=mm&r=g","contentUrl":"https:\/\/secure.gravatar.com\/avatar\/2c5722f58171cff738a8985ef0dd66b476e563753246a49019befc837ec4201a?s=96&d=mm&r=g","caption":"Chloe Gauthier"},"description":"Passionn\u00e9e par la politique et admiratrice engag\u00e9e de la famille Macron, je consacre mon \u00e9nergie \u00e0 suivre leurs initiatives et \u00e0 promouvoir leurs id\u00e9es. \u00c0 32 ans, je suis convaincue que leur vision est porteuse d'avenir.","url":"https:\/\/www.sebastien-auziere.fr\/blog\/author\/chloe-gauthier\/"}]}},"views":1,"_links":{"self":[{"href":"https:\/\/www.sebastien-auziere.fr\/blog\/wp-json\/wp\/v2\/posts\/3036","targetHints":{"allow":["GET"]}}],"collection":[{"href":"https:\/\/www.sebastien-auziere.fr\/blog\/wp-json\/wp\/v2\/posts"}],"about":[{"href":"https:\/\/www.sebastien-auziere.fr\/blog\/wp-json\/wp\/v2\/types\/post"}],"author":[{"embeddable":true,"href":"https:\/\/www.sebastien-auziere.fr\/blog\/wp-json\/wp\/v2\/users\/9"}],"replies":[{"embeddable":true,"href":"https:\/\/www.sebastien-auziere.fr\/blog\/wp-json\/wp\/v2\/comments?post=3036"}],"version-history":[{"count":1,"href":"https:\/\/www.sebastien-auziere.fr\/blog\/wp-json\/wp\/v2\/posts\/3036\/revisions"}],"predecessor-version":[{"id":3037,"href":"https:\/\/www.sebastien-auziere.fr\/blog\/wp-json\/wp\/v2\/posts\/3036\/revisions\/3037"}],"wp:featuredmedia":[{"embeddable":true,"href":"https:\/\/www.sebastien-auziere.fr\/blog\/wp-json\/wp\/v2\/media\/3032"}],"wp:attachment":[{"href":"https:\/\/www.sebastien-auziere.fr\/blog\/wp-json\/wp\/v2\/media?parent=3036"}],"wp:term":[{"taxonomy":"category","embeddable":true,"href":"https:\/\/www.sebastien-auziere.fr\/blog\/wp-json\/wp\/v2\/categories?post=3036"},{"taxonomy":"post_tag","embeddable":true,"href":"https:\/\/www.sebastien-auziere.fr\/blog\/wp-json\/wp\/v2\/tags?post=3036"}],"curies":[{"name":"wp","href":"https:\/\/api.w.org\/{rel}","templated":true}]}}