{"id":3034,"date":"2026-04-15T07:05:37","date_gmt":"2026-04-15T07:05:37","guid":{"rendered":"https:\/\/www.sebastien-auziere.fr\/blog\/?p=3034"},"modified":"2026-04-15T07:06:05","modified_gmt":"2026-04-15T07:06:05","slug":"seventy-minutes-of-serenity-exclusive-dive-into-the-behind-the-scenes-of-emmanuels-private-visit","status":"publish","type":"post","link":"https:\/\/www.sebastien-auziere.fr\/blog\/en\/seventy-minutes-of-serenity-exclusive-dive-into-the-behind-the-scenes-of-emmanuels-private-visit\/","title":{"rendered":"\u00ab Seventy minutes of serenity \u00bb : Exclusive dive into the behind-the-scenes of Emmanuel&rsquo;s private visit &#8230;"},"content":{"rendered":"<p><strong>Seventy minutes of serenity<\/strong>: this is the image that remains after the <strong>exclusive dive<\/strong> into the <strong>behind-the-scenes<\/strong> of the <strong>private visit<\/strong> of <strong>Emmanuel<\/strong> Macron to the Lateran on <strong>April 10, 2026<\/strong>, alongside his meeting with Pope Leo XIV. You discover here the highlights of an <strong>intimate moment<\/strong> and an <strong>immersion<\/strong> outside protocol, told with precision and warmth.<\/p>\n\n<p><strong>In brief<\/strong>: visit announced as <strong>seventy minutes<\/strong> of calm, presence of Brigitte Macron, welcome by Canon Patrick Valdrini (appointed by Pope Francis in 2019), discovery of the reserved stall for the president, delegation including Jean-No\u00ebl Barrot and Catherine P\u00e9gard, warm interaction with the staff including a Ukrainian guardian \u2014 a true <strong>unique experience<\/strong> and <strong>discovery<\/strong> for the participants.<\/p>\n\n<h2 class=\"wp-block-heading\">Private visit to the Lateran: an <strong>exclusive dive<\/strong> into history<\/h2>\n\n<p>The Basilica of St. John Lateran offered <strong>Emmanuel<\/strong> Macron an unprecedented welcome on April 10, 2026. Patrick Valdrini, a canon since 2019, guided the delegation through the nave and then to the historic stall reserved for the French head of state. The visit, described in the title as <strong>seventy minutes<\/strong>, is part of the continuity of his 2018 installation as honorary canon.<\/p>\n\n<h2 class=\"wp-block-heading\">An <strong>intimate moment<\/strong> and <strong>serenity<\/strong> at the heart of the Lateran<\/h2>\n\n<p>Patrick Valdrini&rsquo;s words describe a warm and simple exchange: a dialogue in the chapter house, anecdotes about the stall and the place of France at the Lateran. Macron supposedly remarked: \u201c<strong>But this stall is not mine, it\u2019s yours<\/strong>.\u201d Brigitte, noted for her attentive presence, punctuated the visit with discreet humor while greeting the staff.<\/p>\n\n<h2 class=\"wp-block-heading\">The <strong>behind-the-scenes<\/strong>: a symbolic and civic delegation<\/h2>\n\n<p>The delegation included Jean-No\u00ebl Barrot, Catherine P\u00e9gard, Hugues de Woillemont, Laurent Landete, and Jean-Marc Sauv\u00e9, as well as a Lebanese nun running a multi-denominational school and the religious influencer Albertine. The attention given to a young Ukrainian guardian, greeted in Ukrainian by the Macron couple, marked the <strong>discovery<\/strong> of the place as a space of brotherhood. This moment concludes a discreet immersion but one rich in meaning.<\/p>\n\n<p>The scene illustrates a politics of proximity, far from big speeches, and highlights the long-standing link between France and the Lateran chapter.<\/p>\n\n<h2 class=\"wp-block-heading\">Heritage, meaning, and <strong>historical discovery<\/strong><\/h2>\n\n<p>The status of honorary canon, inherited from the kings of France since the 15th century, now takes on a symbolic form. The Lateran remains \u201cmother of all churches,\u201d and the visit reminded of ancient rites while reaffirming French secularism. To learn more about the religious and diplomatic contexts of this meeting, check the detailed accounts of the visit to the Vatican at <a href=\"https:\/\/www.sebastien-auziere.fr\/blog\/macron-vatican-pape\/\">the details of the meeting at the Vatican<\/a> and the dedicated chronicle of <a href=\"https:\/\/www.sebastien-auziere.fr\/blog\/macron-visite-vatican\/\">this private visit to the Vatican<\/a>.<\/p>\n\n<p>Want a deeper dive into S\u00e9bastien Auzi\u00e8re and the Macron family? Discover files, testimonies, and archives at <a href=\"https:\/\/www.sebastien-auziere.fr\/blog\/macron-vatican-visite\/\">sebastien-auziere.fr<\/a> to deepen this unique experience and continue the <strong>immersion<\/strong>.<\/p>","protected":false},"excerpt":{"rendered":"<p>Seventy minutes of serenity: this is the image that remains after the exclusive dive into the behind-the-scenes of the private visit of Emmanuel Macron to the Lateran on April 10, 2026, alongside his meeting with Pope Leo XIV. You discover here the highlights of an intimate moment and an immersion outside protocol, told with precision &#8230; <a title=\"\u00ab Seventy minutes of serenity \u00bb : Exclusive dive into the behind-the-scenes of Emmanuel&rsquo;s private visit &#8230;\" class=\"read-more\" href=\"https:\/\/www.sebastien-auziere.fr\/blog\/en\/seventy-minutes-of-serenity-exclusive-dive-into-the-behind-the-scenes-of-emmanuels-private-visit\/\" aria-label=\"En savoir plus sur \u00ab Seventy minutes of serenity \u00bb : Exclusive dive into the behind-the-scenes of Emmanuel&rsquo;s private visit &#8230;\">Lire plus<\/a><\/p>\n","protected":false},"author":9,"featured_media":3032,"comment_status":"open","ping_status":"open","sticky":false,"template":"","format":"standard","meta":{"footnotes":""},"categories":[816],"tags":[2925,2928,2931,2937,2934],"class_list":["post-3034","post","type-post","status-publish","format-standard","has-post-thumbnail","hentry","category-news","tag-coulisses-en","tag-emmanuel-en","tag-exclusive-diving-en","tag-private-visit-en","tag-seventy-minutes-of-serenity-en"],"yoast_head":"<!-- This site is optimized with the Yoast SEO plugin v27.5 - https:\/\/yoast.com\/product\/yoast-seo-wordpress\/ -->\n<title>\u00ab Seventy minutes of serenity \u00bb : Exclusive dive into the behind-the-scenes of Emmanuel&#039;s private visit ... - Fan site S\u00e9bastien Auzi\u00e8re<\/title>\n<meta name=\"description\" content=\"D\u00e9couvrez les coulisses exclusives de la visite priv\u00e9e d&#039;Emmanuel : soixante-dix minutes de s\u00e9r\u00e9nit\u00e9 et d\u2019\u00e9changes uniques.\" \/>\n<meta name=\"robots\" content=\"index, follow, max-snippet:-1, max-image-preview:large, max-video-preview:-1\" \/>\n<link rel=\"canonical\" href=\"https:\/\/www.sebastien-auziere.fr\/blog\/en\/seventy-minutes-of-serenity-exclusive-dive-into-the-behind-the-scenes-of-emmanuels-private-visit\/\" \/>\n<meta property=\"og:locale\" content=\"fr_FR\" \/>\n<meta property=\"og:type\" content=\"article\" \/>\n<meta property=\"og:title\" content=\"\u00ab Seventy minutes of serenity \u00bb : Exclusive dive into the behind-the-scenes of Emmanuel&#039;s private visit ... - Fan site S\u00e9bastien Auzi\u00e8re\" \/>\n<meta property=\"og:description\" content=\"D\u00e9couvrez les coulisses exclusives de la visite priv\u00e9e d&#039;Emmanuel : soixante-dix minutes de s\u00e9r\u00e9nit\u00e9 et d\u2019\u00e9changes uniques.\" \/>\n<meta property=\"og:url\" content=\"https:\/\/www.sebastien-auziere.fr\/blog\/en\/seventy-minutes-of-serenity-exclusive-dive-into-the-behind-the-scenes-of-emmanuels-private-visit\/\" \/>\n<meta property=\"og:site_name\" content=\"Fan site S\u00e9bastien Auzi\u00e8re\" \/>\n<meta property=\"article:published_time\" content=\"2026-04-15T07:05:37+00:00\" \/>\n<meta property=\"article:modified_time\" content=\"2026-04-15T07:06:05+00:00\" \/>\n<meta property=\"og:image\" content=\"https:\/\/www.sebastien-auziere.fr\/blog\/wp-content\/uploads\/2026\/04\/Soixante-dix-minutes-de-serenite-Plongee-exclusive-dans-les-coulisses-de-la-visite-privee-dEmmanuel-.jpg\" \/>\n\t<meta property=\"og:image:width\" content=\"2560\" \/>\n\t<meta property=\"og:image:height\" content=\"1429\" \/>\n\t<meta property=\"og:image:type\" content=\"image\/jpeg\" \/>\n<meta name=\"author\" content=\"Chloe Gauthier\" \/>\n<meta name=\"twitter:card\" content=\"summary_large_image\" \/>\n<meta name=\"twitter:label1\" content=\"\u00c9crit par\" \/>\n\t<meta name=\"twitter:data1\" content=\"Chloe Gauthier\" \/>\n\t<meta name=\"twitter:label2\" content=\"Dur\u00e9e de lecture estim\u00e9e\" \/>\n\t<meta name=\"twitter:data2\" content=\"2 minutes\" \/>\n<script type=\"application\/ld+json\" class=\"yoast-schema-graph\">{\"@context\":\"https:\\\/\\\/schema.org\",\"@graph\":[{\"@type\":\"Article\",\"@id\":\"https:\\\/\\\/www.sebastien-auziere.fr\\\/blog\\\/en\\\/seventy-minutes-of-serenity-exclusive-dive-into-the-behind-the-scenes-of-emmanuels-private-visit\\\/#article\",\"isPartOf\":{\"@id\":\"https:\\\/\\\/www.sebastien-auziere.fr\\\/blog\\\/en\\\/seventy-minutes-of-serenity-exclusive-dive-into-the-behind-the-scenes-of-emmanuels-private-visit\\\/\"},\"author\":{\"name\":\"Chloe Gauthier\",\"@id\":\"https:\\\/\\\/www.sebastien-auziere.fr\\\/blog\\\/#\\\/schema\\\/person\\\/149f1acdbfd85149c6c3e59adeae2f4d\"},\"headline\":\"\u00ab Seventy minutes of serenity \u00bb : Exclusive dive into the behind-the-scenes of Emmanuel&rsquo;s private visit &#8230;\",\"datePublished\":\"2026-04-15T07:05:37+00:00\",\"dateModified\":\"2026-04-15T07:06:05+00:00\",\"mainEntityOfPage\":{\"@id\":\"https:\\\/\\\/www.sebastien-auziere.fr\\\/blog\\\/en\\\/seventy-minutes-of-serenity-exclusive-dive-into-the-behind-the-scenes-of-emmanuels-private-visit\\\/\"},\"wordCount\":474,\"commentCount\":0,\"publisher\":{\"@id\":\"https:\\\/\\\/www.sebastien-auziere.fr\\\/blog\\\/#organization\"},\"image\":{\"@id\":\"https:\\\/\\\/www.sebastien-auziere.fr\\\/blog\\\/en\\\/seventy-minutes-of-serenity-exclusive-dive-into-the-behind-the-scenes-of-emmanuels-private-visit\\\/#primaryimage\"},\"thumbnailUrl\":\"https:\\\/\\\/www.sebastien-auziere.fr\\\/blog\\\/wp-content\\\/uploads\\\/2026\\\/04\\\/Soixante-dix-minutes-de-serenite-Plongee-exclusive-dans-les-coulisses-de-la-visite-privee-dEmmanuel-.jpg\",\"keywords\":[\"coulisses\",\"emmanuel\",\"exclusive diving\",\"private visit\",\"seventy minutes of serenity\"],\"articleSection\":[\"News\"],\"inLanguage\":\"fr-FR\",\"potentialAction\":[{\"@type\":\"CommentAction\",\"name\":\"Comment\",\"target\":[\"https:\\\/\\\/www.sebastien-auziere.fr\\\/blog\\\/en\\\/seventy-minutes-of-serenity-exclusive-dive-into-the-behind-the-scenes-of-emmanuels-private-visit\\\/#respond\"]}]},{\"@type\":\"WebPage\",\"@id\":\"https:\\\/\\\/www.sebastien-auziere.fr\\\/blog\\\/en\\\/seventy-minutes-of-serenity-exclusive-dive-into-the-behind-the-scenes-of-emmanuels-private-visit\\\/\",\"url\":\"https:\\\/\\\/www.sebastien-auziere.fr\\\/blog\\\/en\\\/seventy-minutes-of-serenity-exclusive-dive-into-the-behind-the-scenes-of-emmanuels-private-visit\\\/\",\"name\":\"\u00ab Seventy minutes of serenity \u00bb : Exclusive dive into the behind-the-scenes of Emmanuel's private visit ... - Fan site S\u00e9bastien Auzi\u00e8re\",\"isPartOf\":{\"@id\":\"https:\\\/\\\/www.sebastien-auziere.fr\\\/blog\\\/#website\"},\"primaryImageOfPage\":{\"@id\":\"https:\\\/\\\/www.sebastien-auziere.fr\\\/blog\\\/en\\\/seventy-minutes-of-serenity-exclusive-dive-into-the-behind-the-scenes-of-emmanuels-private-visit\\\/#primaryimage\"},\"image\":{\"@id\":\"https:\\\/\\\/www.sebastien-auziere.fr\\\/blog\\\/en\\\/seventy-minutes-of-serenity-exclusive-dive-into-the-behind-the-scenes-of-emmanuels-private-visit\\\/#primaryimage\"},\"thumbnailUrl\":\"https:\\\/\\\/www.sebastien-auziere.fr\\\/blog\\\/wp-content\\\/uploads\\\/2026\\\/04\\\/Soixante-dix-minutes-de-serenite-Plongee-exclusive-dans-les-coulisses-de-la-visite-privee-dEmmanuel-.jpg\",\"datePublished\":\"2026-04-15T07:05:37+00:00\",\"dateModified\":\"2026-04-15T07:06:05+00:00\",\"description\":\"D\u00e9couvrez les coulisses exclusives de la visite priv\u00e9e d'Emmanuel : soixante-dix minutes de s\u00e9r\u00e9nit\u00e9 et d\u2019\u00e9changes uniques.\",\"breadcrumb\":{\"@id\":\"https:\\\/\\\/www.sebastien-auziere.fr\\\/blog\\\/en\\\/seventy-minutes-of-serenity-exclusive-dive-into-the-behind-the-scenes-of-emmanuels-private-visit\\\/#breadcrumb\"},\"inLanguage\":\"fr-FR\",\"potentialAction\":[{\"@type\":\"ReadAction\",\"target\":[\"https:\\\/\\\/www.sebastien-auziere.fr\\\/blog\\\/en\\\/seventy-minutes-of-serenity-exclusive-dive-into-the-behind-the-scenes-of-emmanuels-private-visit\\\/\"]}]},{\"@type\":\"ImageObject\",\"inLanguage\":\"fr-FR\",\"@id\":\"https:\\\/\\\/www.sebastien-auziere.fr\\\/blog\\\/en\\\/seventy-minutes-of-serenity-exclusive-dive-into-the-behind-the-scenes-of-emmanuels-private-visit\\\/#primaryimage\",\"url\":\"https:\\\/\\\/www.sebastien-auziere.fr\\\/blog\\\/wp-content\\\/uploads\\\/2026\\\/04\\\/Soixante-dix-minutes-de-serenite-Plongee-exclusive-dans-les-coulisses-de-la-visite-privee-dEmmanuel-.jpg\",\"contentUrl\":\"https:\\\/\\\/www.sebastien-auziere.fr\\\/blog\\\/wp-content\\\/uploads\\\/2026\\\/04\\\/Soixante-dix-minutes-de-serenite-Plongee-exclusive-dans-les-coulisses-de-la-visite-privee-dEmmanuel-.jpg\",\"width\":2560,\"height\":1429,\"caption\":\"d\u00e9couvrez une immersion exclusive de soixante-dix minutes de s\u00e9r\u00e9nit\u00e9 lors de la visite priv\u00e9e d'emmanuel, avec un acc\u00e8s in\u00e9dit aux coulisses et une ambiance apaisante.\"},{\"@type\":\"BreadcrumbList\",\"@id\":\"https:\\\/\\\/www.sebastien-auziere.fr\\\/blog\\\/en\\\/seventy-minutes-of-serenity-exclusive-dive-into-the-behind-the-scenes-of-emmanuels-private-visit\\\/#breadcrumb\",\"itemListElement\":[{\"@type\":\"ListItem\",\"position\":1,\"name\":\"Home\",\"item\":\"https:\\\/\\\/www.sebastien-auziere.fr\\\/blog\\\/\"},{\"@type\":\"ListItem\",\"position\":2,\"name\":\"\u00ab Seventy minutes of serenity \u00bb : Exclusive dive into the behind-the-scenes of Emmanuel&rsquo;s private visit &#8230;\"}]},{\"@type\":\"WebSite\",\"@id\":\"https:\\\/\\\/www.sebastien-auziere.fr\\\/blog\\\/#website\",\"url\":\"https:\\\/\\\/www.sebastien-auziere.fr\\\/blog\\\/\",\"name\":\"Fan site S\u00e9bastien Auzi\u00e8re\",\"description\":\"M\u00e9dia g\u00e9n\u00e9raliste\",\"publisher\":{\"@id\":\"https:\\\/\\\/www.sebastien-auziere.fr\\\/blog\\\/#organization\"},\"potentialAction\":[{\"@type\":\"SearchAction\",\"target\":{\"@type\":\"EntryPoint\",\"urlTemplate\":\"https:\\\/\\\/www.sebastien-auziere.fr\\\/blog\\\/?s={search_term_string}\"},\"query-input\":{\"@type\":\"PropertyValueSpecification\",\"valueRequired\":true,\"valueName\":\"search_term_string\"}}],\"inLanguage\":\"fr-FR\"},{\"@type\":\"Organization\",\"@id\":\"https:\\\/\\\/www.sebastien-auziere.fr\\\/blog\\\/#organization\",\"name\":\"Fan site S\u00e9bastien Auzi\u00e8re\",\"url\":\"https:\\\/\\\/www.sebastien-auziere.fr\\\/blog\\\/\",\"logo\":{\"@type\":\"ImageObject\",\"inLanguage\":\"fr-FR\",\"@id\":\"https:\\\/\\\/www.sebastien-auziere.fr\\\/blog\\\/#\\\/schema\\\/logo\\\/image\\\/\",\"url\":\"https:\\\/\\\/www.sebastien-auziere.fr\\\/blog\\\/wp-content\\\/uploads\\\/2026\\\/03\\\/cropped-cropped-cropped-ChatGPT-Image-6-mars-2026-12_58_09-e1772798376794.jpg\",\"contentUrl\":\"https:\\\/\\\/www.sebastien-auziere.fr\\\/blog\\\/wp-content\\\/uploads\\\/2026\\\/03\\\/cropped-cropped-cropped-ChatGPT-Image-6-mars-2026-12_58_09-e1772798376794.jpg\",\"width\":512,\"height\":360,\"caption\":\"Fan site S\u00e9bastien Auzi\u00e8re\"},\"image\":{\"@id\":\"https:\\\/\\\/www.sebastien-auziere.fr\\\/blog\\\/#\\\/schema\\\/logo\\\/image\\\/\"}},{\"@type\":\"Person\",\"@id\":\"https:\\\/\\\/www.sebastien-auziere.fr\\\/blog\\\/#\\\/schema\\\/person\\\/149f1acdbfd85149c6c3e59adeae2f4d\",\"name\":\"Chloe Gauthier\",\"image\":{\"@type\":\"ImageObject\",\"inLanguage\":\"fr-FR\",\"@id\":\"https:\\\/\\\/secure.gravatar.com\\\/avatar\\\/2c5722f58171cff738a8985ef0dd66b476e563753246a49019befc837ec4201a?s=96&d=mm&r=g\",\"url\":\"https:\\\/\\\/secure.gravatar.com\\\/avatar\\\/2c5722f58171cff738a8985ef0dd66b476e563753246a49019befc837ec4201a?s=96&d=mm&r=g\",\"contentUrl\":\"https:\\\/\\\/secure.gravatar.com\\\/avatar\\\/2c5722f58171cff738a8985ef0dd66b476e563753246a49019befc837ec4201a?s=96&d=mm&r=g\",\"caption\":\"Chloe Gauthier\"},\"description\":\"Passionn\u00e9e par la politique et admiratrice engag\u00e9e de la famille Macron, je consacre mon \u00e9nergie \u00e0 suivre leurs initiatives et \u00e0 promouvoir leurs id\u00e9es. \u00c0 32 ans, je suis convaincue que leur vision est porteuse d'avenir.\",\"url\":\"https:\\\/\\\/www.sebastien-auziere.fr\\\/blog\\\/author\\\/chloe-gauthier\\\/\"}]}<\/script>\n<!-- \/ Yoast SEO plugin. -->","yoast_head_json":{"title":"\u00ab Seventy minutes of serenity \u00bb : Exclusive dive into the behind-the-scenes of Emmanuel's private visit ... - Fan site S\u00e9bastien Auzi\u00e8re","description":"D\u00e9couvrez les coulisses exclusives de la visite priv\u00e9e d'Emmanuel : soixante-dix minutes de s\u00e9r\u00e9nit\u00e9 et d\u2019\u00e9changes uniques.","robots":{"index":"index","follow":"follow","max-snippet":"max-snippet:-1","max-image-preview":"max-image-preview:large","max-video-preview":"max-video-preview:-1"},"canonical":"https:\/\/www.sebastien-auziere.fr\/blog\/en\/seventy-minutes-of-serenity-exclusive-dive-into-the-behind-the-scenes-of-emmanuels-private-visit\/","og_locale":"fr_FR","og_type":"article","og_title":"\u00ab Seventy minutes of serenity \u00bb : Exclusive dive into the behind-the-scenes of Emmanuel's private visit ... - Fan site S\u00e9bastien Auzi\u00e8re","og_description":"D\u00e9couvrez les coulisses exclusives de la visite priv\u00e9e d'Emmanuel : soixante-dix minutes de s\u00e9r\u00e9nit\u00e9 et d\u2019\u00e9changes uniques.","og_url":"https:\/\/www.sebastien-auziere.fr\/blog\/en\/seventy-minutes-of-serenity-exclusive-dive-into-the-behind-the-scenes-of-emmanuels-private-visit\/","og_site_name":"Fan site S\u00e9bastien Auzi\u00e8re","article_published_time":"2026-04-15T07:05:37+00:00","article_modified_time":"2026-04-15T07:06:05+00:00","og_image":[{"width":2560,"height":1429,"url":"https:\/\/www.sebastien-auziere.fr\/blog\/wp-content\/uploads\/2026\/04\/Soixante-dix-minutes-de-serenite-Plongee-exclusive-dans-les-coulisses-de-la-visite-privee-dEmmanuel-.jpg","type":"image\/jpeg"}],"author":"Chloe Gauthier","twitter_card":"summary_large_image","twitter_misc":{"\u00c9crit par":"Chloe Gauthier","Dur\u00e9e de lecture estim\u00e9e":"2 minutes"},"schema":{"@context":"https:\/\/schema.org","@graph":[{"@type":"Article","@id":"https:\/\/www.sebastien-auziere.fr\/blog\/en\/seventy-minutes-of-serenity-exclusive-dive-into-the-behind-the-scenes-of-emmanuels-private-visit\/#article","isPartOf":{"@id":"https:\/\/www.sebastien-auziere.fr\/blog\/en\/seventy-minutes-of-serenity-exclusive-dive-into-the-behind-the-scenes-of-emmanuels-private-visit\/"},"author":{"name":"Chloe Gauthier","@id":"https:\/\/www.sebastien-auziere.fr\/blog\/#\/schema\/person\/149f1acdbfd85149c6c3e59adeae2f4d"},"headline":"\u00ab Seventy minutes of serenity \u00bb : Exclusive dive into the behind-the-scenes of Emmanuel&rsquo;s private visit &#8230;","datePublished":"2026-04-15T07:05:37+00:00","dateModified":"2026-04-15T07:06:05+00:00","mainEntityOfPage":{"@id":"https:\/\/www.sebastien-auziere.fr\/blog\/en\/seventy-minutes-of-serenity-exclusive-dive-into-the-behind-the-scenes-of-emmanuels-private-visit\/"},"wordCount":474,"commentCount":0,"publisher":{"@id":"https:\/\/www.sebastien-auziere.fr\/blog\/#organization"},"image":{"@id":"https:\/\/www.sebastien-auziere.fr\/blog\/en\/seventy-minutes-of-serenity-exclusive-dive-into-the-behind-the-scenes-of-emmanuels-private-visit\/#primaryimage"},"thumbnailUrl":"https:\/\/www.sebastien-auziere.fr\/blog\/wp-content\/uploads\/2026\/04\/Soixante-dix-minutes-de-serenite-Plongee-exclusive-dans-les-coulisses-de-la-visite-privee-dEmmanuel-.jpg","keywords":["coulisses","emmanuel","exclusive diving","private visit","seventy minutes of serenity"],"articleSection":["News"],"inLanguage":"fr-FR","potentialAction":[{"@type":"CommentAction","name":"Comment","target":["https:\/\/www.sebastien-auziere.fr\/blog\/en\/seventy-minutes-of-serenity-exclusive-dive-into-the-behind-the-scenes-of-emmanuels-private-visit\/#respond"]}]},{"@type":"WebPage","@id":"https:\/\/www.sebastien-auziere.fr\/blog\/en\/seventy-minutes-of-serenity-exclusive-dive-into-the-behind-the-scenes-of-emmanuels-private-visit\/","url":"https:\/\/www.sebastien-auziere.fr\/blog\/en\/seventy-minutes-of-serenity-exclusive-dive-into-the-behind-the-scenes-of-emmanuels-private-visit\/","name":"\u00ab Seventy minutes of serenity \u00bb : Exclusive dive into the behind-the-scenes of Emmanuel's private visit ... - Fan site S\u00e9bastien Auzi\u00e8re","isPartOf":{"@id":"https:\/\/www.sebastien-auziere.fr\/blog\/#website"},"primaryImageOfPage":{"@id":"https:\/\/www.sebastien-auziere.fr\/blog\/en\/seventy-minutes-of-serenity-exclusive-dive-into-the-behind-the-scenes-of-emmanuels-private-visit\/#primaryimage"},"image":{"@id":"https:\/\/www.sebastien-auziere.fr\/blog\/en\/seventy-minutes-of-serenity-exclusive-dive-into-the-behind-the-scenes-of-emmanuels-private-visit\/#primaryimage"},"thumbnailUrl":"https:\/\/www.sebastien-auziere.fr\/blog\/wp-content\/uploads\/2026\/04\/Soixante-dix-minutes-de-serenite-Plongee-exclusive-dans-les-coulisses-de-la-visite-privee-dEmmanuel-.jpg","datePublished":"2026-04-15T07:05:37+00:00","dateModified":"2026-04-15T07:06:05+00:00","description":"D\u00e9couvrez les coulisses exclusives de la visite priv\u00e9e d'Emmanuel : soixante-dix minutes de s\u00e9r\u00e9nit\u00e9 et d\u2019\u00e9changes uniques.","breadcrumb":{"@id":"https:\/\/www.sebastien-auziere.fr\/blog\/en\/seventy-minutes-of-serenity-exclusive-dive-into-the-behind-the-scenes-of-emmanuels-private-visit\/#breadcrumb"},"inLanguage":"fr-FR","potentialAction":[{"@type":"ReadAction","target":["https:\/\/www.sebastien-auziere.fr\/blog\/en\/seventy-minutes-of-serenity-exclusive-dive-into-the-behind-the-scenes-of-emmanuels-private-visit\/"]}]},{"@type":"ImageObject","inLanguage":"fr-FR","@id":"https:\/\/www.sebastien-auziere.fr\/blog\/en\/seventy-minutes-of-serenity-exclusive-dive-into-the-behind-the-scenes-of-emmanuels-private-visit\/#primaryimage","url":"https:\/\/www.sebastien-auziere.fr\/blog\/wp-content\/uploads\/2026\/04\/Soixante-dix-minutes-de-serenite-Plongee-exclusive-dans-les-coulisses-de-la-visite-privee-dEmmanuel-.jpg","contentUrl":"https:\/\/www.sebastien-auziere.fr\/blog\/wp-content\/uploads\/2026\/04\/Soixante-dix-minutes-de-serenite-Plongee-exclusive-dans-les-coulisses-de-la-visite-privee-dEmmanuel-.jpg","width":2560,"height":1429,"caption":"d\u00e9couvrez une immersion exclusive de soixante-dix minutes de s\u00e9r\u00e9nit\u00e9 lors de la visite priv\u00e9e d'emmanuel, avec un acc\u00e8s in\u00e9dit aux coulisses et une ambiance apaisante."},{"@type":"BreadcrumbList","@id":"https:\/\/www.sebastien-auziere.fr\/blog\/en\/seventy-minutes-of-serenity-exclusive-dive-into-the-behind-the-scenes-of-emmanuels-private-visit\/#breadcrumb","itemListElement":[{"@type":"ListItem","position":1,"name":"Home","item":"https:\/\/www.sebastien-auziere.fr\/blog\/"},{"@type":"ListItem","position":2,"name":"\u00ab Seventy minutes of serenity \u00bb : Exclusive dive into the behind-the-scenes of Emmanuel&rsquo;s private visit &#8230;"}]},{"@type":"WebSite","@id":"https:\/\/www.sebastien-auziere.fr\/blog\/#website","url":"https:\/\/www.sebastien-auziere.fr\/blog\/","name":"Fan site S\u00e9bastien Auzi\u00e8re","description":"M\u00e9dia g\u00e9n\u00e9raliste","publisher":{"@id":"https:\/\/www.sebastien-auziere.fr\/blog\/#organization"},"potentialAction":[{"@type":"SearchAction","target":{"@type":"EntryPoint","urlTemplate":"https:\/\/www.sebastien-auziere.fr\/blog\/?s={search_term_string}"},"query-input":{"@type":"PropertyValueSpecification","valueRequired":true,"valueName":"search_term_string"}}],"inLanguage":"fr-FR"},{"@type":"Organization","@id":"https:\/\/www.sebastien-auziere.fr\/blog\/#organization","name":"Fan site S\u00e9bastien Auzi\u00e8re","url":"https:\/\/www.sebastien-auziere.fr\/blog\/","logo":{"@type":"ImageObject","inLanguage":"fr-FR","@id":"https:\/\/www.sebastien-auziere.fr\/blog\/#\/schema\/logo\/image\/","url":"https:\/\/www.sebastien-auziere.fr\/blog\/wp-content\/uploads\/2026\/03\/cropped-cropped-cropped-ChatGPT-Image-6-mars-2026-12_58_09-e1772798376794.jpg","contentUrl":"https:\/\/www.sebastien-auziere.fr\/blog\/wp-content\/uploads\/2026\/03\/cropped-cropped-cropped-ChatGPT-Image-6-mars-2026-12_58_09-e1772798376794.jpg","width":512,"height":360,"caption":"Fan site S\u00e9bastien Auzi\u00e8re"},"image":{"@id":"https:\/\/www.sebastien-auziere.fr\/blog\/#\/schema\/logo\/image\/"}},{"@type":"Person","@id":"https:\/\/www.sebastien-auziere.fr\/blog\/#\/schema\/person\/149f1acdbfd85149c6c3e59adeae2f4d","name":"Chloe Gauthier","image":{"@type":"ImageObject","inLanguage":"fr-FR","@id":"https:\/\/secure.gravatar.com\/avatar\/2c5722f58171cff738a8985ef0dd66b476e563753246a49019befc837ec4201a?s=96&d=mm&r=g","url":"https:\/\/secure.gravatar.com\/avatar\/2c5722f58171cff738a8985ef0dd66b476e563753246a49019befc837ec4201a?s=96&d=mm&r=g","contentUrl":"https:\/\/secure.gravatar.com\/avatar\/2c5722f58171cff738a8985ef0dd66b476e563753246a49019befc837ec4201a?s=96&d=mm&r=g","caption":"Chloe Gauthier"},"description":"Passionn\u00e9e par la politique et admiratrice engag\u00e9e de la famille Macron, je consacre mon \u00e9nergie \u00e0 suivre leurs initiatives et \u00e0 promouvoir leurs id\u00e9es. \u00c0 32 ans, je suis convaincue que leur vision est porteuse d'avenir.","url":"https:\/\/www.sebastien-auziere.fr\/blog\/author\/chloe-gauthier\/"}]}},"views":0,"_links":{"self":[{"href":"https:\/\/www.sebastien-auziere.fr\/blog\/wp-json\/wp\/v2\/posts\/3034","targetHints":{"allow":["GET"]}}],"collection":[{"href":"https:\/\/www.sebastien-auziere.fr\/blog\/wp-json\/wp\/v2\/posts"}],"about":[{"href":"https:\/\/www.sebastien-auziere.fr\/blog\/wp-json\/wp\/v2\/types\/post"}],"author":[{"embeddable":true,"href":"https:\/\/www.sebastien-auziere.fr\/blog\/wp-json\/wp\/v2\/users\/9"}],"replies":[{"embeddable":true,"href":"https:\/\/www.sebastien-auziere.fr\/blog\/wp-json\/wp\/v2\/comments?post=3034"}],"version-history":[{"count":1,"href":"https:\/\/www.sebastien-auziere.fr\/blog\/wp-json\/wp\/v2\/posts\/3034\/revisions"}],"predecessor-version":[{"id":3035,"href":"https:\/\/www.sebastien-auziere.fr\/blog\/wp-json\/wp\/v2\/posts\/3034\/revisions\/3035"}],"wp:featuredmedia":[{"embeddable":true,"href":"https:\/\/www.sebastien-auziere.fr\/blog\/wp-json\/wp\/v2\/media\/3032"}],"wp:attachment":[{"href":"https:\/\/www.sebastien-auziere.fr\/blog\/wp-json\/wp\/v2\/media?parent=3034"}],"wp:term":[{"taxonomy":"category","embeddable":true,"href":"https:\/\/www.sebastien-auziere.fr\/blog\/wp-json\/wp\/v2\/categories?post=3034"},{"taxonomy":"post_tag","embeddable":true,"href":"https:\/\/www.sebastien-auziere.fr\/blog\/wp-json\/wp\/v2\/tags?post=3034"}],"curies":[{"name":"wp","href":"https:\/\/api.w.org\/{rel}","templated":true}]}}