{"id":3033,"date":"2026-04-15T07:05:35","date_gmt":"2026-04-15T07:05:35","guid":{"rendered":"https:\/\/www.sebastien-auziere.fr\/blog\/soixante-dix-minutes-serenite\/"},"modified":"2026-04-15T07:05:35","modified_gmt":"2026-04-15T07:05:35","slug":"soixante-dix-minutes-serenite","status":"publish","type":"post","link":"https:\/\/www.sebastien-auziere.fr\/blog\/soixante-dix-minutes-serenite\/","title":{"rendered":"\u00ab Soixante-dix minutes de s\u00e9r\u00e9nit\u00e9 \u00bb : Plong\u00e9e exclusive dans les coulisses de la visite priv\u00e9e d\u2019Emmanuel &#8230;"},"content":{"rendered":"<p><strong>Soixante-dix minutes de s\u00e9r\u00e9nit\u00e9<\/strong> : voil\u00e0 l&rsquo;image qui reste apr\u00e8s la <strong>plong\u00e9e exclusive<\/strong> dans les <strong>coulisses<\/strong> de la <strong>visite priv\u00e9e<\/strong> d\u2019<strong>Emmanuel<\/strong> Macron au Latran le <strong>10 avril 2026<\/strong>, en marge de sa rencontre avec le pape L\u00e9on XIV. Tu d\u00e9couvres ici les temps forts d\u2019un <strong>moment intime<\/strong> et d\u2019une <strong>immersion<\/strong> hors protocole, racont\u00e9s avec pr\u00e9cision et chaleur.<\/p>\n\n<p><strong>En bref<\/strong> : visite annonc\u00e9e comme <strong>soixante-dix minutes<\/strong> de calme, pr\u00e9sence de Brigitte Macron, accueil par le chanoine Patrick Valdrini (nomm\u00e9 par le pape Fran\u00e7ois en 2019), d\u00e9couverte de la stalle r\u00e9serv\u00e9e au pr\u00e9sident, d\u00e9l\u00e9gation incluant Jean-No\u00ebl Barrot et Catherine P\u00e9gard, interaction chaleureuse avec le personnel dont un gardien ukrainien \u2014 une v\u00e9ritable <strong>exp\u00e9rience unique<\/strong> et de <strong>d\u00e9couverte<\/strong> pour les participants.<\/p>\n\n<h2 class=\"wp-block-heading\">Visite priv\u00e9e au Latran : une <strong>plong\u00e9e exclusive<\/strong> dans l\u2019histoire<\/h2>\n\n<p>La basilique Saint-Jean-de-Latran a offert \u00e0 <strong>Emmanuel<\/strong> Macron un accueil in\u00e9dit le 10 avril 2026. Patrick Valdrini, chanoine depuis 2019, a guid\u00e9 la d\u00e9l\u00e9gation dans la nef puis jusqu\u2019\u00e0 la stalle historique r\u00e9serv\u00e9e au chef de l\u2019\u00c9tat fran\u00e7ais. La visite, qualifi\u00e9e dans le titre de <strong>soixante-dix minutes<\/strong>, s\u2019inscrit dans la continuit\u00e9 de son intronisation de 2018 en tant que chanoine d\u2019honneur.<\/p>\n\n<h2 class=\"wp-block-heading\">Un <strong>moment intime<\/strong> et de <strong>s\u00e9r\u00e9nit\u00e9<\/strong> au c\u0153ur du Latran<\/h2>\n\n<p>Les mots de Patrick Valdrini d\u00e9crivent un \u00e9change chaleureux et simple : un dialogue dans la salle capitulaire, des anecdotes sur la stalle et la place de la France au Latran. Macron aurait observ\u00e9 : \u00ab <strong>Mais cette stalle, ce n&rsquo;est pas \u00e0 moi, c&rsquo;est \u00e0 vous<\/strong>. \u00bb Brigitte, remarqu\u00e9e pour sa pr\u00e9sence attentive, a ponctu\u00e9 la visite d\u2019un humour discret tout en saluant le personnel.<\/p>\n\n<h2 class=\"wp-block-heading\">Les <strong>coulisses<\/strong> : une d\u00e9l\u00e9gation symbolique et citoyenne<\/h2>\n\n<p>La d\u00e9l\u00e9gation comptait Jean-No\u00ebl Barrot, Catherine P\u00e9gard, Hugues de Woillemont, Laurent Landete et Jean-Marc Sauv\u00e9, ainsi qu\u2019une religieuse libanaise dirigeant une \u00e9cole multiconfessionnelle et l\u2019influenceuse religieuse Albertine. L\u2019attention port\u00e9e \u00e0 un jeune gardien ukrainien, salu\u00e9 en ukrainien par les \u00e9poux Macron, a marqu\u00e9 la <strong>d\u00e9couverte<\/strong> du lieu comme un espace de fraternit\u00e9. Cet instant conclut une immersion discr\u00e8te mais porteuse de sens.<\/p>\n\n<p>La sc\u00e8ne illustre une politique de proximit\u00e9, loin des grands discours, et souligne le lien ancien entre la France et le chapitre du Latran.<\/p>\n\n<h2 class=\"wp-block-heading\">H\u00e9ritage, sens et <strong>d\u00e9couverte<\/strong> historique<\/h2>\n\n<p>Le statut de chanoine d\u2019honneur, h\u00e9rit\u00e9 des rois de France depuis le XVe si\u00e8cle, prend aujourd\u2019hui une forme symbolique. Le Latran demeure \u00ab m\u00e8re de toutes les \u00e9glises \u00bb, et la visite a rappel\u00e9 des rites anciens tout en r\u00e9affirmant la la\u00efcit\u00e9 fran\u00e7aise. Pour en savoir plus sur les contextes religieux et diplomatiques de cette rencontre, consulte les r\u00e9cits d\u00e9taill\u00e9s de la visite au Vatican sur <a href=\"https:\/\/www.sebastien-auziere.fr\/blog\/macron-vatican-pape\/\">les d\u00e9tails de la rencontre au Vatican<\/a> et la chronique d\u00e9di\u00e9e \u00e0 <a href=\"https:\/\/www.sebastien-auziere.fr\/blog\/macron-visite-vatican\/\">cette visite priv\u00e9e au Vatican<\/a>.<\/p>\n\n<p>Envie d\u2019une plong\u00e9e plus compl\u00e8te sur S\u00e9bastien Auzi\u00e8re et la famille Macron ? D\u00e9couvre dossiers, t\u00e9moignages et archives sur <a href=\"https:\/\/www.sebastien-auziere.fr\/blog\/macron-vatican-visite\/\">sebastien-auziere.fr<\/a> pour approfondir cette exp\u00e9rience unique et poursuivre l\u2019<strong>immersion<\/strong>.<\/p>\n\n","protected":false},"excerpt":{"rendered":"<p>Soixante-dix minutes de s\u00e9r\u00e9nit\u00e9 : voil\u00e0 l&rsquo;image qui reste apr\u00e8s la plong\u00e9e exclusive dans les coulisses de la visite priv\u00e9e d\u2019Emmanuel Macron au Latran le 10 avril 2026, en marge de sa rencontre avec le pape L\u00e9on XIV. Tu d\u00e9couvres ici les temps forts d\u2019un moment intime et d\u2019une immersion hors protocole, racont\u00e9s avec pr\u00e9cision &#8230; <a title=\"\u00ab Soixante-dix minutes de s\u00e9r\u00e9nit\u00e9 \u00bb : Plong\u00e9e exclusive dans les coulisses de la visite priv\u00e9e d\u2019Emmanuel &#8230;\" class=\"read-more\" href=\"https:\/\/www.sebastien-auziere.fr\/blog\/soixante-dix-minutes-serenite\/\" aria-label=\"En savoir plus sur \u00ab Soixante-dix minutes de s\u00e9r\u00e9nit\u00e9 \u00bb : Plong\u00e9e exclusive dans les coulisses de la visite priv\u00e9e d\u2019Emmanuel &#8230;\">Lire plus<\/a><\/p>\n","protected":false},"author":9,"featured_media":3032,"comment_status":"open","ping_status":"open","sticky":false,"template":"","format":"standard","meta":{"footnotes":""},"categories":[597],"tags":[2921,2919,2923,2915,2917],"class_list":["post-3033","post","type-post","status-publish","format-standard","has-post-thumbnail","hentry","category-actualites","tag-coulisses","tag-emmanuel","tag-plongee-exclusive","tag-soixante-dix-minutes-de-serenite","tag-visite-privee"],"yoast_head":"<!-- This site is optimized with the Yoast SEO plugin v27.5 - https:\/\/yoast.com\/product\/yoast-seo-wordpress\/ -->\n<title>\u00ab Soixante-dix minutes de s\u00e9r\u00e9nit\u00e9 \u00bb : Plong\u00e9e exclusive dans les coulisses de la visite priv\u00e9e d\u2019Emmanuel ... - Fan site S\u00e9bastien Auzi\u00e8re<\/title>\n<meta name=\"description\" content=\"D\u00e9couvrez les coulisses exclusives de la visite priv\u00e9e d&#039;Emmanuel : soixante-dix minutes de s\u00e9r\u00e9nit\u00e9 et d\u2019\u00e9changes uniques.\" \/>\n<meta name=\"robots\" content=\"index, follow, max-snippet:-1, max-image-preview:large, max-video-preview:-1\" \/>\n<link rel=\"canonical\" href=\"https:\/\/www.sebastien-auziere.fr\/blog\/soixante-dix-minutes-serenite\/\" \/>\n<meta property=\"og:locale\" content=\"fr_FR\" \/>\n<meta property=\"og:type\" content=\"article\" \/>\n<meta property=\"og:title\" content=\"\u00ab Soixante-dix minutes de s\u00e9r\u00e9nit\u00e9 \u00bb : Plong\u00e9e exclusive dans les coulisses de la visite priv\u00e9e d\u2019Emmanuel ... - Fan site S\u00e9bastien Auzi\u00e8re\" \/>\n<meta property=\"og:description\" content=\"D\u00e9couvrez les coulisses exclusives de la visite priv\u00e9e d&#039;Emmanuel : soixante-dix minutes de s\u00e9r\u00e9nit\u00e9 et d\u2019\u00e9changes uniques.\" \/>\n<meta property=\"og:url\" content=\"https:\/\/www.sebastien-auziere.fr\/blog\/soixante-dix-minutes-serenite\/\" \/>\n<meta property=\"og:site_name\" content=\"Fan site S\u00e9bastien Auzi\u00e8re\" \/>\n<meta property=\"article:published_time\" content=\"2026-04-15T07:05:35+00:00\" \/>\n<meta property=\"og:image\" content=\"https:\/\/www.sebastien-auziere.fr\/blog\/wp-content\/uploads\/2026\/04\/Soixante-dix-minutes-de-serenite-Plongee-exclusive-dans-les-coulisses-de-la-visite-privee-dEmmanuel-.jpg\" \/>\n\t<meta property=\"og:image:width\" content=\"2560\" \/>\n\t<meta property=\"og:image:height\" content=\"1429\" \/>\n\t<meta property=\"og:image:type\" content=\"image\/jpeg\" \/>\n<meta name=\"author\" content=\"Chloe Gauthier\" \/>\n<meta name=\"twitter:card\" content=\"summary_large_image\" \/>\n<meta name=\"twitter:label1\" content=\"\u00c9crit par\" \/>\n\t<meta name=\"twitter:data1\" content=\"Chloe Gauthier\" \/>\n\t<meta name=\"twitter:label2\" content=\"Dur\u00e9e de lecture estim\u00e9e\" \/>\n\t<meta name=\"twitter:data2\" content=\"3 minutes\" \/>\n<script type=\"application\/ld+json\" class=\"yoast-schema-graph\">{\"@context\":\"https:\\\/\\\/schema.org\",\"@graph\":[{\"@type\":\"Article\",\"@id\":\"https:\\\/\\\/www.sebastien-auziere.fr\\\/blog\\\/soixante-dix-minutes-serenite\\\/#article\",\"isPartOf\":{\"@id\":\"https:\\\/\\\/www.sebastien-auziere.fr\\\/blog\\\/soixante-dix-minutes-serenite\\\/\"},\"author\":{\"name\":\"Chloe Gauthier\",\"@id\":\"https:\\\/\\\/www.sebastien-auziere.fr\\\/blog\\\/#\\\/schema\\\/person\\\/149f1acdbfd85149c6c3e59adeae2f4d\"},\"headline\":\"\u00ab Soixante-dix minutes de s\u00e9r\u00e9nit\u00e9 \u00bb : Plong\u00e9e exclusive dans les coulisses de la visite priv\u00e9e d\u2019Emmanuel &#8230;\",\"datePublished\":\"2026-04-15T07:05:35+00:00\",\"mainEntityOfPage\":{\"@id\":\"https:\\\/\\\/www.sebastien-auziere.fr\\\/blog\\\/soixante-dix-minutes-serenite\\\/\"},\"wordCount\":556,\"commentCount\":0,\"publisher\":{\"@id\":\"https:\\\/\\\/www.sebastien-auziere.fr\\\/blog\\\/#organization\"},\"image\":{\"@id\":\"https:\\\/\\\/www.sebastien-auziere.fr\\\/blog\\\/soixante-dix-minutes-serenite\\\/#primaryimage\"},\"thumbnailUrl\":\"https:\\\/\\\/www.sebastien-auziere.fr\\\/blog\\\/wp-content\\\/uploads\\\/2026\\\/04\\\/Soixante-dix-minutes-de-serenite-Plongee-exclusive-dans-les-coulisses-de-la-visite-privee-dEmmanuel-.jpg\",\"keywords\":[\"coulisses\",\"emmanuel\",\"plong\u00e9e exclusive\",\"soixante-dix minutes de s\u00e9r\u00e9nit\u00e9\",\"visite priv\u00e9e\"],\"articleSection\":[\"Actualit\u00e9s\"],\"inLanguage\":\"fr-FR\",\"potentialAction\":[{\"@type\":\"CommentAction\",\"name\":\"Comment\",\"target\":[\"https:\\\/\\\/www.sebastien-auziere.fr\\\/blog\\\/soixante-dix-minutes-serenite\\\/#respond\"]}]},{\"@type\":\"WebPage\",\"@id\":\"https:\\\/\\\/www.sebastien-auziere.fr\\\/blog\\\/soixante-dix-minutes-serenite\\\/\",\"url\":\"https:\\\/\\\/www.sebastien-auziere.fr\\\/blog\\\/soixante-dix-minutes-serenite\\\/\",\"name\":\"\u00ab Soixante-dix minutes de s\u00e9r\u00e9nit\u00e9 \u00bb : Plong\u00e9e exclusive dans les coulisses de la visite priv\u00e9e d\u2019Emmanuel ... - Fan site S\u00e9bastien Auzi\u00e8re\",\"isPartOf\":{\"@id\":\"https:\\\/\\\/www.sebastien-auziere.fr\\\/blog\\\/#website\"},\"primaryImageOfPage\":{\"@id\":\"https:\\\/\\\/www.sebastien-auziere.fr\\\/blog\\\/soixante-dix-minutes-serenite\\\/#primaryimage\"},\"image\":{\"@id\":\"https:\\\/\\\/www.sebastien-auziere.fr\\\/blog\\\/soixante-dix-minutes-serenite\\\/#primaryimage\"},\"thumbnailUrl\":\"https:\\\/\\\/www.sebastien-auziere.fr\\\/blog\\\/wp-content\\\/uploads\\\/2026\\\/04\\\/Soixante-dix-minutes-de-serenite-Plongee-exclusive-dans-les-coulisses-de-la-visite-privee-dEmmanuel-.jpg\",\"datePublished\":\"2026-04-15T07:05:35+00:00\",\"description\":\"D\u00e9couvrez les coulisses exclusives de la visite priv\u00e9e d'Emmanuel : soixante-dix minutes de s\u00e9r\u00e9nit\u00e9 et d\u2019\u00e9changes uniques.\",\"breadcrumb\":{\"@id\":\"https:\\\/\\\/www.sebastien-auziere.fr\\\/blog\\\/soixante-dix-minutes-serenite\\\/#breadcrumb\"},\"inLanguage\":\"fr-FR\",\"potentialAction\":[{\"@type\":\"ReadAction\",\"target\":[\"https:\\\/\\\/www.sebastien-auziere.fr\\\/blog\\\/soixante-dix-minutes-serenite\\\/\"]}]},{\"@type\":\"ImageObject\",\"inLanguage\":\"fr-FR\",\"@id\":\"https:\\\/\\\/www.sebastien-auziere.fr\\\/blog\\\/soixante-dix-minutes-serenite\\\/#primaryimage\",\"url\":\"https:\\\/\\\/www.sebastien-auziere.fr\\\/blog\\\/wp-content\\\/uploads\\\/2026\\\/04\\\/Soixante-dix-minutes-de-serenite-Plongee-exclusive-dans-les-coulisses-de-la-visite-privee-dEmmanuel-.jpg\",\"contentUrl\":\"https:\\\/\\\/www.sebastien-auziere.fr\\\/blog\\\/wp-content\\\/uploads\\\/2026\\\/04\\\/Soixante-dix-minutes-de-serenite-Plongee-exclusive-dans-les-coulisses-de-la-visite-privee-dEmmanuel-.jpg\",\"width\":2560,\"height\":1429,\"caption\":\"d\u00e9couvrez une immersion exclusive de soixante-dix minutes de s\u00e9r\u00e9nit\u00e9 lors de la visite priv\u00e9e d'emmanuel, avec un acc\u00e8s in\u00e9dit aux coulisses et une ambiance apaisante.\"},{\"@type\":\"BreadcrumbList\",\"@id\":\"https:\\\/\\\/www.sebastien-auziere.fr\\\/blog\\\/soixante-dix-minutes-serenite\\\/#breadcrumb\",\"itemListElement\":[{\"@type\":\"ListItem\",\"position\":1,\"name\":\"Home\",\"item\":\"https:\\\/\\\/www.sebastien-auziere.fr\\\/blog\\\/\"},{\"@type\":\"ListItem\",\"position\":2,\"name\":\"\u00ab Soixante-dix minutes de s\u00e9r\u00e9nit\u00e9 \u00bb : Plong\u00e9e exclusive dans les coulisses de la visite priv\u00e9e d\u2019Emmanuel &#8230;\"}]},{\"@type\":\"WebSite\",\"@id\":\"https:\\\/\\\/www.sebastien-auziere.fr\\\/blog\\\/#website\",\"url\":\"https:\\\/\\\/www.sebastien-auziere.fr\\\/blog\\\/\",\"name\":\"Fan site S\u00e9bastien Auzi\u00e8re\",\"description\":\"M\u00e9dia g\u00e9n\u00e9raliste\",\"publisher\":{\"@id\":\"https:\\\/\\\/www.sebastien-auziere.fr\\\/blog\\\/#organization\"},\"potentialAction\":[{\"@type\":\"SearchAction\",\"target\":{\"@type\":\"EntryPoint\",\"urlTemplate\":\"https:\\\/\\\/www.sebastien-auziere.fr\\\/blog\\\/?s={search_term_string}\"},\"query-input\":{\"@type\":\"PropertyValueSpecification\",\"valueRequired\":true,\"valueName\":\"search_term_string\"}}],\"inLanguage\":\"fr-FR\"},{\"@type\":\"Organization\",\"@id\":\"https:\\\/\\\/www.sebastien-auziere.fr\\\/blog\\\/#organization\",\"name\":\"Fan site S\u00e9bastien Auzi\u00e8re\",\"url\":\"https:\\\/\\\/www.sebastien-auziere.fr\\\/blog\\\/\",\"logo\":{\"@type\":\"ImageObject\",\"inLanguage\":\"fr-FR\",\"@id\":\"https:\\\/\\\/www.sebastien-auziere.fr\\\/blog\\\/#\\\/schema\\\/logo\\\/image\\\/\",\"url\":\"https:\\\/\\\/www.sebastien-auziere.fr\\\/blog\\\/wp-content\\\/uploads\\\/2026\\\/03\\\/cropped-cropped-cropped-ChatGPT-Image-6-mars-2026-12_58_09-e1772798376794.jpg\",\"contentUrl\":\"https:\\\/\\\/www.sebastien-auziere.fr\\\/blog\\\/wp-content\\\/uploads\\\/2026\\\/03\\\/cropped-cropped-cropped-ChatGPT-Image-6-mars-2026-12_58_09-e1772798376794.jpg\",\"width\":512,\"height\":360,\"caption\":\"Fan site S\u00e9bastien Auzi\u00e8re\"},\"image\":{\"@id\":\"https:\\\/\\\/www.sebastien-auziere.fr\\\/blog\\\/#\\\/schema\\\/logo\\\/image\\\/\"}},{\"@type\":\"Person\",\"@id\":\"https:\\\/\\\/www.sebastien-auziere.fr\\\/blog\\\/#\\\/schema\\\/person\\\/149f1acdbfd85149c6c3e59adeae2f4d\",\"name\":\"Chloe Gauthier\",\"image\":{\"@type\":\"ImageObject\",\"inLanguage\":\"fr-FR\",\"@id\":\"https:\\\/\\\/secure.gravatar.com\\\/avatar\\\/2c5722f58171cff738a8985ef0dd66b476e563753246a49019befc837ec4201a?s=96&d=mm&r=g\",\"url\":\"https:\\\/\\\/secure.gravatar.com\\\/avatar\\\/2c5722f58171cff738a8985ef0dd66b476e563753246a49019befc837ec4201a?s=96&d=mm&r=g\",\"contentUrl\":\"https:\\\/\\\/secure.gravatar.com\\\/avatar\\\/2c5722f58171cff738a8985ef0dd66b476e563753246a49019befc837ec4201a?s=96&d=mm&r=g\",\"caption\":\"Chloe Gauthier\"},\"description\":\"Passionn\u00e9e par la politique et admiratrice engag\u00e9e de la famille Macron, je consacre mon \u00e9nergie \u00e0 suivre leurs initiatives et \u00e0 promouvoir leurs id\u00e9es. \u00c0 32 ans, je suis convaincue que leur vision est porteuse d'avenir.\",\"url\":\"https:\\\/\\\/www.sebastien-auziere.fr\\\/blog\\\/author\\\/chloe-gauthier\\\/\"}]}<\/script>\n<!-- \/ Yoast SEO plugin. -->","yoast_head_json":{"title":"\u00ab Soixante-dix minutes de s\u00e9r\u00e9nit\u00e9 \u00bb : Plong\u00e9e exclusive dans les coulisses de la visite priv\u00e9e d\u2019Emmanuel ... - Fan site S\u00e9bastien Auzi\u00e8re","description":"D\u00e9couvrez les coulisses exclusives de la visite priv\u00e9e d'Emmanuel : soixante-dix minutes de s\u00e9r\u00e9nit\u00e9 et d\u2019\u00e9changes uniques.","robots":{"index":"index","follow":"follow","max-snippet":"max-snippet:-1","max-image-preview":"max-image-preview:large","max-video-preview":"max-video-preview:-1"},"canonical":"https:\/\/www.sebastien-auziere.fr\/blog\/soixante-dix-minutes-serenite\/","og_locale":"fr_FR","og_type":"article","og_title":"\u00ab Soixante-dix minutes de s\u00e9r\u00e9nit\u00e9 \u00bb : Plong\u00e9e exclusive dans les coulisses de la visite priv\u00e9e d\u2019Emmanuel ... - Fan site S\u00e9bastien Auzi\u00e8re","og_description":"D\u00e9couvrez les coulisses exclusives de la visite priv\u00e9e d'Emmanuel : soixante-dix minutes de s\u00e9r\u00e9nit\u00e9 et d\u2019\u00e9changes uniques.","og_url":"https:\/\/www.sebastien-auziere.fr\/blog\/soixante-dix-minutes-serenite\/","og_site_name":"Fan site S\u00e9bastien Auzi\u00e8re","article_published_time":"2026-04-15T07:05:35+00:00","og_image":[{"width":2560,"height":1429,"url":"https:\/\/www.sebastien-auziere.fr\/blog\/wp-content\/uploads\/2026\/04\/Soixante-dix-minutes-de-serenite-Plongee-exclusive-dans-les-coulisses-de-la-visite-privee-dEmmanuel-.jpg","type":"image\/jpeg"}],"author":"Chloe Gauthier","twitter_card":"summary_large_image","twitter_misc":{"\u00c9crit par":"Chloe Gauthier","Dur\u00e9e de lecture estim\u00e9e":"3 minutes"},"schema":{"@context":"https:\/\/schema.org","@graph":[{"@type":"Article","@id":"https:\/\/www.sebastien-auziere.fr\/blog\/soixante-dix-minutes-serenite\/#article","isPartOf":{"@id":"https:\/\/www.sebastien-auziere.fr\/blog\/soixante-dix-minutes-serenite\/"},"author":{"name":"Chloe Gauthier","@id":"https:\/\/www.sebastien-auziere.fr\/blog\/#\/schema\/person\/149f1acdbfd85149c6c3e59adeae2f4d"},"headline":"\u00ab Soixante-dix minutes de s\u00e9r\u00e9nit\u00e9 \u00bb : Plong\u00e9e exclusive dans les coulisses de la visite priv\u00e9e d\u2019Emmanuel &#8230;","datePublished":"2026-04-15T07:05:35+00:00","mainEntityOfPage":{"@id":"https:\/\/www.sebastien-auziere.fr\/blog\/soixante-dix-minutes-serenite\/"},"wordCount":556,"commentCount":0,"publisher":{"@id":"https:\/\/www.sebastien-auziere.fr\/blog\/#organization"},"image":{"@id":"https:\/\/www.sebastien-auziere.fr\/blog\/soixante-dix-minutes-serenite\/#primaryimage"},"thumbnailUrl":"https:\/\/www.sebastien-auziere.fr\/blog\/wp-content\/uploads\/2026\/04\/Soixante-dix-minutes-de-serenite-Plongee-exclusive-dans-les-coulisses-de-la-visite-privee-dEmmanuel-.jpg","keywords":["coulisses","emmanuel","plong\u00e9e exclusive","soixante-dix minutes de s\u00e9r\u00e9nit\u00e9","visite priv\u00e9e"],"articleSection":["Actualit\u00e9s"],"inLanguage":"fr-FR","potentialAction":[{"@type":"CommentAction","name":"Comment","target":["https:\/\/www.sebastien-auziere.fr\/blog\/soixante-dix-minutes-serenite\/#respond"]}]},{"@type":"WebPage","@id":"https:\/\/www.sebastien-auziere.fr\/blog\/soixante-dix-minutes-serenite\/","url":"https:\/\/www.sebastien-auziere.fr\/blog\/soixante-dix-minutes-serenite\/","name":"\u00ab Soixante-dix minutes de s\u00e9r\u00e9nit\u00e9 \u00bb : Plong\u00e9e exclusive dans les coulisses de la visite priv\u00e9e d\u2019Emmanuel ... - Fan site S\u00e9bastien Auzi\u00e8re","isPartOf":{"@id":"https:\/\/www.sebastien-auziere.fr\/blog\/#website"},"primaryImageOfPage":{"@id":"https:\/\/www.sebastien-auziere.fr\/blog\/soixante-dix-minutes-serenite\/#primaryimage"},"image":{"@id":"https:\/\/www.sebastien-auziere.fr\/blog\/soixante-dix-minutes-serenite\/#primaryimage"},"thumbnailUrl":"https:\/\/www.sebastien-auziere.fr\/blog\/wp-content\/uploads\/2026\/04\/Soixante-dix-minutes-de-serenite-Plongee-exclusive-dans-les-coulisses-de-la-visite-privee-dEmmanuel-.jpg","datePublished":"2026-04-15T07:05:35+00:00","description":"D\u00e9couvrez les coulisses exclusives de la visite priv\u00e9e d'Emmanuel : soixante-dix minutes de s\u00e9r\u00e9nit\u00e9 et d\u2019\u00e9changes uniques.","breadcrumb":{"@id":"https:\/\/www.sebastien-auziere.fr\/blog\/soixante-dix-minutes-serenite\/#breadcrumb"},"inLanguage":"fr-FR","potentialAction":[{"@type":"ReadAction","target":["https:\/\/www.sebastien-auziere.fr\/blog\/soixante-dix-minutes-serenite\/"]}]},{"@type":"ImageObject","inLanguage":"fr-FR","@id":"https:\/\/www.sebastien-auziere.fr\/blog\/soixante-dix-minutes-serenite\/#primaryimage","url":"https:\/\/www.sebastien-auziere.fr\/blog\/wp-content\/uploads\/2026\/04\/Soixante-dix-minutes-de-serenite-Plongee-exclusive-dans-les-coulisses-de-la-visite-privee-dEmmanuel-.jpg","contentUrl":"https:\/\/www.sebastien-auziere.fr\/blog\/wp-content\/uploads\/2026\/04\/Soixante-dix-minutes-de-serenite-Plongee-exclusive-dans-les-coulisses-de-la-visite-privee-dEmmanuel-.jpg","width":2560,"height":1429,"caption":"d\u00e9couvrez une immersion exclusive de soixante-dix minutes de s\u00e9r\u00e9nit\u00e9 lors de la visite priv\u00e9e d'emmanuel, avec un acc\u00e8s in\u00e9dit aux coulisses et une ambiance apaisante."},{"@type":"BreadcrumbList","@id":"https:\/\/www.sebastien-auziere.fr\/blog\/soixante-dix-minutes-serenite\/#breadcrumb","itemListElement":[{"@type":"ListItem","position":1,"name":"Home","item":"https:\/\/www.sebastien-auziere.fr\/blog\/"},{"@type":"ListItem","position":2,"name":"\u00ab Soixante-dix minutes de s\u00e9r\u00e9nit\u00e9 \u00bb : Plong\u00e9e exclusive dans les coulisses de la visite priv\u00e9e d\u2019Emmanuel &#8230;"}]},{"@type":"WebSite","@id":"https:\/\/www.sebastien-auziere.fr\/blog\/#website","url":"https:\/\/www.sebastien-auziere.fr\/blog\/","name":"Fan site S\u00e9bastien Auzi\u00e8re","description":"M\u00e9dia g\u00e9n\u00e9raliste","publisher":{"@id":"https:\/\/www.sebastien-auziere.fr\/blog\/#organization"},"potentialAction":[{"@type":"SearchAction","target":{"@type":"EntryPoint","urlTemplate":"https:\/\/www.sebastien-auziere.fr\/blog\/?s={search_term_string}"},"query-input":{"@type":"PropertyValueSpecification","valueRequired":true,"valueName":"search_term_string"}}],"inLanguage":"fr-FR"},{"@type":"Organization","@id":"https:\/\/www.sebastien-auziere.fr\/blog\/#organization","name":"Fan site S\u00e9bastien Auzi\u00e8re","url":"https:\/\/www.sebastien-auziere.fr\/blog\/","logo":{"@type":"ImageObject","inLanguage":"fr-FR","@id":"https:\/\/www.sebastien-auziere.fr\/blog\/#\/schema\/logo\/image\/","url":"https:\/\/www.sebastien-auziere.fr\/blog\/wp-content\/uploads\/2026\/03\/cropped-cropped-cropped-ChatGPT-Image-6-mars-2026-12_58_09-e1772798376794.jpg","contentUrl":"https:\/\/www.sebastien-auziere.fr\/blog\/wp-content\/uploads\/2026\/03\/cropped-cropped-cropped-ChatGPT-Image-6-mars-2026-12_58_09-e1772798376794.jpg","width":512,"height":360,"caption":"Fan site S\u00e9bastien Auzi\u00e8re"},"image":{"@id":"https:\/\/www.sebastien-auziere.fr\/blog\/#\/schema\/logo\/image\/"}},{"@type":"Person","@id":"https:\/\/www.sebastien-auziere.fr\/blog\/#\/schema\/person\/149f1acdbfd85149c6c3e59adeae2f4d","name":"Chloe Gauthier","image":{"@type":"ImageObject","inLanguage":"fr-FR","@id":"https:\/\/secure.gravatar.com\/avatar\/2c5722f58171cff738a8985ef0dd66b476e563753246a49019befc837ec4201a?s=96&d=mm&r=g","url":"https:\/\/secure.gravatar.com\/avatar\/2c5722f58171cff738a8985ef0dd66b476e563753246a49019befc837ec4201a?s=96&d=mm&r=g","contentUrl":"https:\/\/secure.gravatar.com\/avatar\/2c5722f58171cff738a8985ef0dd66b476e563753246a49019befc837ec4201a?s=96&d=mm&r=g","caption":"Chloe Gauthier"},"description":"Passionn\u00e9e par la politique et admiratrice engag\u00e9e de la famille Macron, je consacre mon \u00e9nergie \u00e0 suivre leurs initiatives et \u00e0 promouvoir leurs id\u00e9es. \u00c0 32 ans, je suis convaincue que leur vision est porteuse d'avenir.","url":"https:\/\/www.sebastien-auziere.fr\/blog\/author\/chloe-gauthier\/"}]}},"views":828,"_links":{"self":[{"href":"https:\/\/www.sebastien-auziere.fr\/blog\/wp-json\/wp\/v2\/posts\/3033","targetHints":{"allow":["GET"]}}],"collection":[{"href":"https:\/\/www.sebastien-auziere.fr\/blog\/wp-json\/wp\/v2\/posts"}],"about":[{"href":"https:\/\/www.sebastien-auziere.fr\/blog\/wp-json\/wp\/v2\/types\/post"}],"author":[{"embeddable":true,"href":"https:\/\/www.sebastien-auziere.fr\/blog\/wp-json\/wp\/v2\/users\/9"}],"replies":[{"embeddable":true,"href":"https:\/\/www.sebastien-auziere.fr\/blog\/wp-json\/wp\/v2\/comments?post=3033"}],"version-history":[{"count":0,"href":"https:\/\/www.sebastien-auziere.fr\/blog\/wp-json\/wp\/v2\/posts\/3033\/revisions"}],"wp:featuredmedia":[{"embeddable":true,"href":"https:\/\/www.sebastien-auziere.fr\/blog\/wp-json\/wp\/v2\/media\/3032"}],"wp:attachment":[{"href":"https:\/\/www.sebastien-auziere.fr\/blog\/wp-json\/wp\/v2\/media?parent=3033"}],"wp:term":[{"taxonomy":"category","embeddable":true,"href":"https:\/\/www.sebastien-auziere.fr\/blog\/wp-json\/wp\/v2\/categories?post=3033"},{"taxonomy":"post_tag","embeddable":true,"href":"https:\/\/www.sebastien-auziere.fr\/blog\/wp-json\/wp\/v2\/tags?post=3033"}],"curies":[{"name":"wp","href":"https:\/\/api.w.org\/{rel}","templated":true}]}}