{"id":3028,"date":"2026-04-14T19:10:12","date_gmt":"2026-04-14T19:10:12","guid":{"rendered":"https:\/\/www.sebastien-auziere.fr\/blog\/?p=3028"},"modified":"2026-04-14T19:10:35","modified_gmt":"2026-04-14T19:10:35","slug":"brigitte-macron-deslumbra-o-vaticano-com-uma-bolsa-francesa-excepcional-de-2600-euros-para-seu-encontro-com-o-papa","status":"publish","type":"post","link":"https:\/\/www.sebastien-auziere.fr\/blog\/pt\/brigitte-macron-deslumbra-o-vaticano-com-uma-bolsa-francesa-excepcional-de-2600-euros-para-seu-encontro-com-o-papa\/","title":{"rendered":"Brigitte Macron deslumbra o Vaticano com uma bolsa francesa excepcional de 2600 euros para seu encontro com o papa"},"content":{"rendered":"<p><strong>Brigitte Macron<\/strong> deixou sua marca no <strong>Vaticano<\/strong> ao escolher uma <strong>bolsa francesa<\/strong> de exce\u00e7\u00e3o para sua <strong>encontro papal<\/strong>. O modelo compacto usado durante essa visita \u00e9 um <strong>Lady Dior<\/strong> em couro de cordeiro, avaliado em torno de <strong>2 600 euros<\/strong>, uma escolha que une <strong>luxo<\/strong>, <strong>moda<\/strong> e protocolo em um \u00fanico gesto.<\/p>\n\n<p><strong>Em resumo:<\/strong> traje totalmente preto respeitando o protocolo; <strong>acess\u00f3rio de moda<\/strong> altamente simb\u00f3lico; destaque para o <strong>premium<\/strong> e o savoir-faire franc\u00eas durante uma visita ao <strong>Vaticano<\/strong>.<\/p>\n\n<h2 class=\"wp-block-heading\">Brigitte Macron no Vaticano: uma <strong>bolsa francesa<\/strong> que causa sensa\u00e7\u00e3o<\/h2>\n\n<p>Voc\u00ea notou o contraste discreto entre a rigidez do preto protocolar e o brilho do <strong>acess\u00f3rio de moda<\/strong>. Durante o <strong>encontro papal<\/strong>, a primeira-dama usou um vestido-casaco preto com linhas arquitet\u00f4nicas, complementado por um cachecol de renda e um coque bem arrumado. O <strong>Lady Dior<\/strong>, que encarna o <strong>luxo<\/strong> e o patrim\u00f4nio artesanal, chamou a aten\u00e7\u00e3o dos observadores assim que chegou, confirmando um <strong>estilo<\/strong> ao mesmo tempo moderno e respeitoso.<\/p>\n\n<h2 class=\"wp-block-heading\">Uma escolha altamente simb\u00f3lica e um <strong>pre\u00e7o elevado<\/strong> assumido<\/h2>\n\n<p>O uso de uma pe\u00e7a <strong>premium<\/strong> de uma casa da Rue Montaigne lembra o papel diplom\u00e1tico da moda francesa. O modelo usado, valorizado em torno de <strong>2 600 euros<\/strong> para as vers\u00f5es compactas, n\u00e3o \u00e9 apenas uma fachada: traduz uma vontade de destacar o savoir-faire hexagonal. Para saber mais sobre esse look no <strong>Vaticano<\/strong>, descubra a an\u00e1lise detalhada em <a href=\"https:\/\/www.sebastien-auziere.fr\/blog\/brigitte-macron-look-vatican\/\">Brigitte Macron: look no Vaticano<\/a>, que coloca essa escolha na hist\u00f3ria das apari\u00e7\u00f5es oficiais.<\/p>\n\n<h3 class=\"wp-block-heading\">Protocolo e modernidade: a moda a servi\u00e7o da diplomacia<\/h3>\n\n<p>O total look negro respeitava os c\u00f3digos da Santa S\u00e9, mas o <strong>acess\u00f3rio de moda<\/strong> soube reinterpretar a tradi\u00e7\u00e3o. Ao carregar a bolsa como uma clutch e ao privilegiar uma silhueta limpa, a primeira-dama mostrou como uma pe\u00e7a ic\u00f4nica pode se tornar um vetor de mensagem cultural. Essa combina\u00e7\u00e3o entre rigidez e eleg\u00e2ncia ilustra o poder simb\u00f3lico de uma <strong>bolsa francesa<\/strong> em um encontro internacional.<\/p>\n\n<h2 class=\"wp-block-heading\">Retomadas midi\u00e1ticas: moda, <strong>luxo<\/strong> e proje\u00e7\u00e3o<\/h2>\n\n<p>A m\u00eddia destacou o equil\u00edbrio entre o respeito ao protocolo e a visibilidade do <strong>premium<\/strong>. Essa escolha estil\u00edstica ecoa outras apari\u00e7\u00f5es analisadas no site, como a homenagem vestimentar ao Jap\u00e3o ou a assinatura do estilo pessoal. Para uma perspectiva mais ampla desses c\u00f3digos, consulte o artigo sobre a visita presidencial ao <a href=\"https:\/\/www.sebastien-auziere.fr\/blog\/macron-vatican-visite\/\">Macron: visita ao Vaticano<\/a>, que coloca essa sequ\u00eancia em uma din\u00e2mica diplom\u00e1tica mais ampla.<\/p>\n\n<p>Para saber mais sobre o universo de <strong>Brigitte Macron<\/strong>, seu <strong>estilo<\/strong> e o papel da fam\u00edlia na vida p\u00fablica, visite <a href=\"https:\/\/www.sebastien-auziere.fr\/blog\/brigitte-macron-vatican\/\">https:\/\/www.sebastien-auziere.fr\/blog\/brigitte-macron-vatican\/<\/a> e explore as an\u00e1lises dedicadas a S\u00e9bastien Auzi\u00e8re e aos momentos marcantes dos Macron.<\/p>","protected":false},"excerpt":{"rendered":"<p>Brigitte Macron deixou sua marca no Vaticano ao escolher uma bolsa francesa de exce\u00e7\u00e3o para sua encontro papal. O modelo compacto usado durante essa visita \u00e9 um Lady Dior em couro de cordeiro, avaliado em torno de 2 600 euros, uma escolha que une luxo, moda e protocolo em um \u00fanico gesto. Em resumo: traje &#8230; <a title=\"Brigitte Macron deslumbra o Vaticano com uma bolsa francesa excepcional de 2600 euros para seu encontro com o papa\" class=\"read-more\" href=\"https:\/\/www.sebastien-auziere.fr\/blog\/pt\/brigitte-macron-deslumbra-o-vaticano-com-uma-bolsa-francesa-excepcional-de-2600-euros-para-seu-encontro-com-o-papa\/\" aria-label=\"En savoir plus sur Brigitte Macron deslumbra o Vaticano com uma bolsa francesa excepcional de 2600 euros para seu encontro com o papa\">Lire plus<\/a><\/p>\n","protected":false},"author":9,"featured_media":3018,"comment_status":"open","ping_status":"open","sticky":false,"template":"","format":"standard","meta":{"footnotes":""},"categories":[862],"tags":[959,2897,2900,2903,2159],"class_list":["post-3028","post","type-post","status-publish","format-standard","has-post-thumbnail","hentry","category-actualidades-pt","tag-brigitte-macron-pt","tag-modo-de-luxo-pt","tag-pape-pt","tag-sac-portugues-pt","tag-vaticano-pt"],"yoast_head":"<!-- This site is optimized with the Yoast SEO plugin v27.5 - https:\/\/yoast.com\/product\/yoast-seo-wordpress\/ -->\n<title>Brigitte Macron deslumbra o Vaticano com uma bolsa francesa excepcional de 2600 euros para seu encontro com o papa - Fan site S\u00e9bastien Auzi\u00e8re<\/title>\n<meta name=\"description\" content=\"Brigitte Macron charme le Vatican avec un sac fran\u00e7ais d\u2019exception \u00e0 2600\u20ac lors de sa rencontre avec le pape, alliant \u00e9l\u00e9gance et luxe fran\u00e7ais.\" \/>\n<meta name=\"robots\" content=\"index, follow, max-snippet:-1, max-image-preview:large, max-video-preview:-1\" \/>\n<link rel=\"canonical\" href=\"https:\/\/www.sebastien-auziere.fr\/blog\/pt\/brigitte-macron-deslumbra-o-vaticano-com-uma-bolsa-francesa-excepcional-de-2600-euros-para-seu-encontro-com-o-papa\/\" \/>\n<meta property=\"og:locale\" content=\"fr_FR\" \/>\n<meta property=\"og:type\" content=\"article\" \/>\n<meta property=\"og:title\" content=\"Brigitte Macron deslumbra o Vaticano com uma bolsa francesa excepcional de 2600 euros para seu encontro com o papa - Fan site S\u00e9bastien Auzi\u00e8re\" \/>\n<meta property=\"og:description\" content=\"Brigitte Macron charme le Vatican avec un sac fran\u00e7ais d\u2019exception \u00e0 2600\u20ac lors de sa rencontre avec le pape, alliant \u00e9l\u00e9gance et luxe fran\u00e7ais.\" \/>\n<meta property=\"og:url\" content=\"https:\/\/www.sebastien-auziere.fr\/blog\/pt\/brigitte-macron-deslumbra-o-vaticano-com-uma-bolsa-francesa-excepcional-de-2600-euros-para-seu-encontro-com-o-papa\/\" \/>\n<meta property=\"og:site_name\" content=\"Fan site S\u00e9bastien Auzi\u00e8re\" \/>\n<meta property=\"article:published_time\" content=\"2026-04-14T19:10:12+00:00\" \/>\n<meta property=\"article:modified_time\" content=\"2026-04-14T19:10:35+00:00\" \/>\n<meta property=\"og:image\" content=\"https:\/\/www.sebastien-auziere.fr\/blog\/wp-content\/uploads\/2026\/04\/Brigitte-Macron-eblouit-le-Vatican-avec-un-sac-francais-dexception-a-2600-euros-pour-sa-rencontre-avec-le-pape.jpg\" \/>\n\t<meta property=\"og:image:width\" content=\"2560\" \/>\n\t<meta property=\"og:image:height\" content=\"1429\" \/>\n\t<meta property=\"og:image:type\" content=\"image\/jpeg\" \/>\n<meta name=\"author\" content=\"Chloe Gauthier\" \/>\n<meta name=\"twitter:card\" content=\"summary_large_image\" \/>\n<meta name=\"twitter:label1\" content=\"\u00c9crit par\" \/>\n\t<meta name=\"twitter:data1\" content=\"Chloe Gauthier\" \/>\n\t<meta name=\"twitter:label2\" content=\"Dur\u00e9e de lecture estim\u00e9e\" \/>\n\t<meta name=\"twitter:data2\" content=\"2 minutes\" \/>\n<script type=\"application\/ld+json\" class=\"yoast-schema-graph\">{\"@context\":\"https:\\\/\\\/schema.org\",\"@graph\":[{\"@type\":\"Article\",\"@id\":\"https:\\\/\\\/www.sebastien-auziere.fr\\\/blog\\\/pt\\\/brigitte-macron-deslumbra-o-vaticano-com-uma-bolsa-francesa-excepcional-de-2600-euros-para-seu-encontro-com-o-papa\\\/#article\",\"isPartOf\":{\"@id\":\"https:\\\/\\\/www.sebastien-auziere.fr\\\/blog\\\/pt\\\/brigitte-macron-deslumbra-o-vaticano-com-uma-bolsa-francesa-excepcional-de-2600-euros-para-seu-encontro-com-o-papa\\\/\"},\"author\":{\"name\":\"Chloe Gauthier\",\"@id\":\"https:\\\/\\\/www.sebastien-auziere.fr\\\/blog\\\/#\\\/schema\\\/person\\\/149f1acdbfd85149c6c3e59adeae2f4d\"},\"headline\":\"Brigitte Macron deslumbra o Vaticano com uma bolsa francesa excepcional de 2600 euros para seu encontro com o papa\",\"datePublished\":\"2026-04-14T19:10:12+00:00\",\"dateModified\":\"2026-04-14T19:10:35+00:00\",\"mainEntityOfPage\":{\"@id\":\"https:\\\/\\\/www.sebastien-auziere.fr\\\/blog\\\/pt\\\/brigitte-macron-deslumbra-o-vaticano-com-uma-bolsa-francesa-excepcional-de-2600-euros-para-seu-encontro-com-o-papa\\\/\"},\"wordCount\":480,\"commentCount\":0,\"publisher\":{\"@id\":\"https:\\\/\\\/www.sebastien-auziere.fr\\\/blog\\\/#organization\"},\"image\":{\"@id\":\"https:\\\/\\\/www.sebastien-auziere.fr\\\/blog\\\/pt\\\/brigitte-macron-deslumbra-o-vaticano-com-uma-bolsa-francesa-excepcional-de-2600-euros-para-seu-encontro-com-o-papa\\\/#primaryimage\"},\"thumbnailUrl\":\"https:\\\/\\\/www.sebastien-auziere.fr\\\/blog\\\/wp-content\\\/uploads\\\/2026\\\/04\\\/Brigitte-Macron-eblouit-le-Vatican-avec-un-sac-francais-dexception-a-2600-euros-pour-sa-rencontre-avec-le-pape.jpg\",\"keywords\":[\"brigitte macron\",\"modo de luxo\",\"p\u00e1pe\",\"sac portugu\u00eas\",\"vaticano\"],\"articleSection\":[\"Actualidades\"],\"inLanguage\":\"fr-FR\",\"potentialAction\":[{\"@type\":\"CommentAction\",\"name\":\"Comment\",\"target\":[\"https:\\\/\\\/www.sebastien-auziere.fr\\\/blog\\\/pt\\\/brigitte-macron-deslumbra-o-vaticano-com-uma-bolsa-francesa-excepcional-de-2600-euros-para-seu-encontro-com-o-papa\\\/#respond\"]}]},{\"@type\":\"WebPage\",\"@id\":\"https:\\\/\\\/www.sebastien-auziere.fr\\\/blog\\\/pt\\\/brigitte-macron-deslumbra-o-vaticano-com-uma-bolsa-francesa-excepcional-de-2600-euros-para-seu-encontro-com-o-papa\\\/\",\"url\":\"https:\\\/\\\/www.sebastien-auziere.fr\\\/blog\\\/pt\\\/brigitte-macron-deslumbra-o-vaticano-com-uma-bolsa-francesa-excepcional-de-2600-euros-para-seu-encontro-com-o-papa\\\/\",\"name\":\"Brigitte Macron deslumbra o Vaticano com uma bolsa francesa excepcional de 2600 euros para seu encontro com o papa - Fan site S\u00e9bastien Auzi\u00e8re\",\"isPartOf\":{\"@id\":\"https:\\\/\\\/www.sebastien-auziere.fr\\\/blog\\\/#website\"},\"primaryImageOfPage\":{\"@id\":\"https:\\\/\\\/www.sebastien-auziere.fr\\\/blog\\\/pt\\\/brigitte-macron-deslumbra-o-vaticano-com-uma-bolsa-francesa-excepcional-de-2600-euros-para-seu-encontro-com-o-papa\\\/#primaryimage\"},\"image\":{\"@id\":\"https:\\\/\\\/www.sebastien-auziere.fr\\\/blog\\\/pt\\\/brigitte-macron-deslumbra-o-vaticano-com-uma-bolsa-francesa-excepcional-de-2600-euros-para-seu-encontro-com-o-papa\\\/#primaryimage\"},\"thumbnailUrl\":\"https:\\\/\\\/www.sebastien-auziere.fr\\\/blog\\\/wp-content\\\/uploads\\\/2026\\\/04\\\/Brigitte-Macron-eblouit-le-Vatican-avec-un-sac-francais-dexception-a-2600-euros-pour-sa-rencontre-avec-le-pape.jpg\",\"datePublished\":\"2026-04-14T19:10:12+00:00\",\"dateModified\":\"2026-04-14T19:10:35+00:00\",\"description\":\"Brigitte Macron charme le Vatican avec un sac fran\u00e7ais d\u2019exception \u00e0 2600\u20ac lors de sa rencontre avec le pape, alliant \u00e9l\u00e9gance et luxe fran\u00e7ais.\",\"breadcrumb\":{\"@id\":\"https:\\\/\\\/www.sebastien-auziere.fr\\\/blog\\\/pt\\\/brigitte-macron-deslumbra-o-vaticano-com-uma-bolsa-francesa-excepcional-de-2600-euros-para-seu-encontro-com-o-papa\\\/#breadcrumb\"},\"inLanguage\":\"fr-FR\",\"potentialAction\":[{\"@type\":\"ReadAction\",\"target\":[\"https:\\\/\\\/www.sebastien-auziere.fr\\\/blog\\\/pt\\\/brigitte-macron-deslumbra-o-vaticano-com-uma-bolsa-francesa-excepcional-de-2600-euros-para-seu-encontro-com-o-papa\\\/\"]}]},{\"@type\":\"ImageObject\",\"inLanguage\":\"fr-FR\",\"@id\":\"https:\\\/\\\/www.sebastien-auziere.fr\\\/blog\\\/pt\\\/brigitte-macron-deslumbra-o-vaticano-com-uma-bolsa-francesa-excepcional-de-2600-euros-para-seu-encontro-com-o-papa\\\/#primaryimage\",\"url\":\"https:\\\/\\\/www.sebastien-auziere.fr\\\/blog\\\/wp-content\\\/uploads\\\/2026\\\/04\\\/Brigitte-Macron-eblouit-le-Vatican-avec-un-sac-francais-dexception-a-2600-euros-pour-sa-rencontre-avec-le-pape.jpg\",\"contentUrl\":\"https:\\\/\\\/www.sebastien-auziere.fr\\\/blog\\\/wp-content\\\/uploads\\\/2026\\\/04\\\/Brigitte-Macron-eblouit-le-Vatican-avec-un-sac-francais-dexception-a-2600-euros-pour-sa-rencontre-avec-le-pape.jpg\",\"width\":2560,\"height\":1429,\"caption\":\"d\u00e9couvrez comment brigitte macron a impressionn\u00e9 le vatican lors de sa rencontre avec le pape, arborant un sac fran\u00e7ais d'exception \u00e0 2600 euros, symbole d'\u00e9l\u00e9gance et de luxe \u00e0 la fran\u00e7aise.\"},{\"@type\":\"BreadcrumbList\",\"@id\":\"https:\\\/\\\/www.sebastien-auziere.fr\\\/blog\\\/pt\\\/brigitte-macron-deslumbra-o-vaticano-com-uma-bolsa-francesa-excepcional-de-2600-euros-para-seu-encontro-com-o-papa\\\/#breadcrumb\",\"itemListElement\":[{\"@type\":\"ListItem\",\"position\":1,\"name\":\"Home\",\"item\":\"https:\\\/\\\/www.sebastien-auziere.fr\\\/blog\\\/\"},{\"@type\":\"ListItem\",\"position\":2,\"name\":\"Brigitte Macron deslumbra o Vaticano com uma bolsa francesa excepcional de 2600 euros para seu encontro com o papa\"}]},{\"@type\":\"WebSite\",\"@id\":\"https:\\\/\\\/www.sebastien-auziere.fr\\\/blog\\\/#website\",\"url\":\"https:\\\/\\\/www.sebastien-auziere.fr\\\/blog\\\/\",\"name\":\"Fan site S\u00e9bastien Auzi\u00e8re\",\"description\":\"M\u00e9dia g\u00e9n\u00e9raliste\",\"publisher\":{\"@id\":\"https:\\\/\\\/www.sebastien-auziere.fr\\\/blog\\\/#organization\"},\"potentialAction\":[{\"@type\":\"SearchAction\",\"target\":{\"@type\":\"EntryPoint\",\"urlTemplate\":\"https:\\\/\\\/www.sebastien-auziere.fr\\\/blog\\\/?s={search_term_string}\"},\"query-input\":{\"@type\":\"PropertyValueSpecification\",\"valueRequired\":true,\"valueName\":\"search_term_string\"}}],\"inLanguage\":\"fr-FR\"},{\"@type\":\"Organization\",\"@id\":\"https:\\\/\\\/www.sebastien-auziere.fr\\\/blog\\\/#organization\",\"name\":\"Fan site S\u00e9bastien Auzi\u00e8re\",\"url\":\"https:\\\/\\\/www.sebastien-auziere.fr\\\/blog\\\/\",\"logo\":{\"@type\":\"ImageObject\",\"inLanguage\":\"fr-FR\",\"@id\":\"https:\\\/\\\/www.sebastien-auziere.fr\\\/blog\\\/#\\\/schema\\\/logo\\\/image\\\/\",\"url\":\"https:\\\/\\\/www.sebastien-auziere.fr\\\/blog\\\/wp-content\\\/uploads\\\/2026\\\/03\\\/cropped-cropped-cropped-ChatGPT-Image-6-mars-2026-12_58_09-e1772798376794.jpg\",\"contentUrl\":\"https:\\\/\\\/www.sebastien-auziere.fr\\\/blog\\\/wp-content\\\/uploads\\\/2026\\\/03\\\/cropped-cropped-cropped-ChatGPT-Image-6-mars-2026-12_58_09-e1772798376794.jpg\",\"width\":512,\"height\":360,\"caption\":\"Fan site S\u00e9bastien Auzi\u00e8re\"},\"image\":{\"@id\":\"https:\\\/\\\/www.sebastien-auziere.fr\\\/blog\\\/#\\\/schema\\\/logo\\\/image\\\/\"}},{\"@type\":\"Person\",\"@id\":\"https:\\\/\\\/www.sebastien-auziere.fr\\\/blog\\\/#\\\/schema\\\/person\\\/149f1acdbfd85149c6c3e59adeae2f4d\",\"name\":\"Chloe Gauthier\",\"image\":{\"@type\":\"ImageObject\",\"inLanguage\":\"fr-FR\",\"@id\":\"https:\\\/\\\/secure.gravatar.com\\\/avatar\\\/2c5722f58171cff738a8985ef0dd66b476e563753246a49019befc837ec4201a?s=96&d=mm&r=g\",\"url\":\"https:\\\/\\\/secure.gravatar.com\\\/avatar\\\/2c5722f58171cff738a8985ef0dd66b476e563753246a49019befc837ec4201a?s=96&d=mm&r=g\",\"contentUrl\":\"https:\\\/\\\/secure.gravatar.com\\\/avatar\\\/2c5722f58171cff738a8985ef0dd66b476e563753246a49019befc837ec4201a?s=96&d=mm&r=g\",\"caption\":\"Chloe Gauthier\"},\"description\":\"Passionn\u00e9e par la politique et admiratrice engag\u00e9e de la famille Macron, je consacre mon \u00e9nergie \u00e0 suivre leurs initiatives et \u00e0 promouvoir leurs id\u00e9es. \u00c0 32 ans, je suis convaincue que leur vision est porteuse d'avenir.\",\"url\":\"https:\\\/\\\/www.sebastien-auziere.fr\\\/blog\\\/author\\\/chloe-gauthier\\\/\"}]}<\/script>\n<!-- \/ Yoast SEO plugin. -->","yoast_head_json":{"title":"Brigitte Macron deslumbra o Vaticano com uma bolsa francesa excepcional de 2600 euros para seu encontro com o papa - Fan site S\u00e9bastien Auzi\u00e8re","description":"Brigitte Macron charme le Vatican avec un sac fran\u00e7ais d\u2019exception \u00e0 2600\u20ac lors de sa rencontre avec le pape, alliant \u00e9l\u00e9gance et luxe fran\u00e7ais.","robots":{"index":"index","follow":"follow","max-snippet":"max-snippet:-1","max-image-preview":"max-image-preview:large","max-video-preview":"max-video-preview:-1"},"canonical":"https:\/\/www.sebastien-auziere.fr\/blog\/pt\/brigitte-macron-deslumbra-o-vaticano-com-uma-bolsa-francesa-excepcional-de-2600-euros-para-seu-encontro-com-o-papa\/","og_locale":"fr_FR","og_type":"article","og_title":"Brigitte Macron deslumbra o Vaticano com uma bolsa francesa excepcional de 2600 euros para seu encontro com o papa - Fan site S\u00e9bastien Auzi\u00e8re","og_description":"Brigitte Macron charme le Vatican avec un sac fran\u00e7ais d\u2019exception \u00e0 2600\u20ac lors de sa rencontre avec le pape, alliant \u00e9l\u00e9gance et luxe fran\u00e7ais.","og_url":"https:\/\/www.sebastien-auziere.fr\/blog\/pt\/brigitte-macron-deslumbra-o-vaticano-com-uma-bolsa-francesa-excepcional-de-2600-euros-para-seu-encontro-com-o-papa\/","og_site_name":"Fan site S\u00e9bastien Auzi\u00e8re","article_published_time":"2026-04-14T19:10:12+00:00","article_modified_time":"2026-04-14T19:10:35+00:00","og_image":[{"width":2560,"height":1429,"url":"https:\/\/www.sebastien-auziere.fr\/blog\/wp-content\/uploads\/2026\/04\/Brigitte-Macron-eblouit-le-Vatican-avec-un-sac-francais-dexception-a-2600-euros-pour-sa-rencontre-avec-le-pape.jpg","type":"image\/jpeg"}],"author":"Chloe Gauthier","twitter_card":"summary_large_image","twitter_misc":{"\u00c9crit par":"Chloe Gauthier","Dur\u00e9e de lecture estim\u00e9e":"2 minutes"},"schema":{"@context":"https:\/\/schema.org","@graph":[{"@type":"Article","@id":"https:\/\/www.sebastien-auziere.fr\/blog\/pt\/brigitte-macron-deslumbra-o-vaticano-com-uma-bolsa-francesa-excepcional-de-2600-euros-para-seu-encontro-com-o-papa\/#article","isPartOf":{"@id":"https:\/\/www.sebastien-auziere.fr\/blog\/pt\/brigitte-macron-deslumbra-o-vaticano-com-uma-bolsa-francesa-excepcional-de-2600-euros-para-seu-encontro-com-o-papa\/"},"author":{"name":"Chloe Gauthier","@id":"https:\/\/www.sebastien-auziere.fr\/blog\/#\/schema\/person\/149f1acdbfd85149c6c3e59adeae2f4d"},"headline":"Brigitte Macron deslumbra o Vaticano com uma bolsa francesa excepcional de 2600 euros para seu encontro com o papa","datePublished":"2026-04-14T19:10:12+00:00","dateModified":"2026-04-14T19:10:35+00:00","mainEntityOfPage":{"@id":"https:\/\/www.sebastien-auziere.fr\/blog\/pt\/brigitte-macron-deslumbra-o-vaticano-com-uma-bolsa-francesa-excepcional-de-2600-euros-para-seu-encontro-com-o-papa\/"},"wordCount":480,"commentCount":0,"publisher":{"@id":"https:\/\/www.sebastien-auziere.fr\/blog\/#organization"},"image":{"@id":"https:\/\/www.sebastien-auziere.fr\/blog\/pt\/brigitte-macron-deslumbra-o-vaticano-com-uma-bolsa-francesa-excepcional-de-2600-euros-para-seu-encontro-com-o-papa\/#primaryimage"},"thumbnailUrl":"https:\/\/www.sebastien-auziere.fr\/blog\/wp-content\/uploads\/2026\/04\/Brigitte-Macron-eblouit-le-Vatican-avec-un-sac-francais-dexception-a-2600-euros-pour-sa-rencontre-avec-le-pape.jpg","keywords":["brigitte macron","modo de luxo","p\u00e1pe","sac portugu\u00eas","vaticano"],"articleSection":["Actualidades"],"inLanguage":"fr-FR","potentialAction":[{"@type":"CommentAction","name":"Comment","target":["https:\/\/www.sebastien-auziere.fr\/blog\/pt\/brigitte-macron-deslumbra-o-vaticano-com-uma-bolsa-francesa-excepcional-de-2600-euros-para-seu-encontro-com-o-papa\/#respond"]}]},{"@type":"WebPage","@id":"https:\/\/www.sebastien-auziere.fr\/blog\/pt\/brigitte-macron-deslumbra-o-vaticano-com-uma-bolsa-francesa-excepcional-de-2600-euros-para-seu-encontro-com-o-papa\/","url":"https:\/\/www.sebastien-auziere.fr\/blog\/pt\/brigitte-macron-deslumbra-o-vaticano-com-uma-bolsa-francesa-excepcional-de-2600-euros-para-seu-encontro-com-o-papa\/","name":"Brigitte Macron deslumbra o Vaticano com uma bolsa francesa excepcional de 2600 euros para seu encontro com o papa - Fan site S\u00e9bastien Auzi\u00e8re","isPartOf":{"@id":"https:\/\/www.sebastien-auziere.fr\/blog\/#website"},"primaryImageOfPage":{"@id":"https:\/\/www.sebastien-auziere.fr\/blog\/pt\/brigitte-macron-deslumbra-o-vaticano-com-uma-bolsa-francesa-excepcional-de-2600-euros-para-seu-encontro-com-o-papa\/#primaryimage"},"image":{"@id":"https:\/\/www.sebastien-auziere.fr\/blog\/pt\/brigitte-macron-deslumbra-o-vaticano-com-uma-bolsa-francesa-excepcional-de-2600-euros-para-seu-encontro-com-o-papa\/#primaryimage"},"thumbnailUrl":"https:\/\/www.sebastien-auziere.fr\/blog\/wp-content\/uploads\/2026\/04\/Brigitte-Macron-eblouit-le-Vatican-avec-un-sac-francais-dexception-a-2600-euros-pour-sa-rencontre-avec-le-pape.jpg","datePublished":"2026-04-14T19:10:12+00:00","dateModified":"2026-04-14T19:10:35+00:00","description":"Brigitte Macron charme le Vatican avec un sac fran\u00e7ais d\u2019exception \u00e0 2600\u20ac lors de sa rencontre avec le pape, alliant \u00e9l\u00e9gance et luxe fran\u00e7ais.","breadcrumb":{"@id":"https:\/\/www.sebastien-auziere.fr\/blog\/pt\/brigitte-macron-deslumbra-o-vaticano-com-uma-bolsa-francesa-excepcional-de-2600-euros-para-seu-encontro-com-o-papa\/#breadcrumb"},"inLanguage":"fr-FR","potentialAction":[{"@type":"ReadAction","target":["https:\/\/www.sebastien-auziere.fr\/blog\/pt\/brigitte-macron-deslumbra-o-vaticano-com-uma-bolsa-francesa-excepcional-de-2600-euros-para-seu-encontro-com-o-papa\/"]}]},{"@type":"ImageObject","inLanguage":"fr-FR","@id":"https:\/\/www.sebastien-auziere.fr\/blog\/pt\/brigitte-macron-deslumbra-o-vaticano-com-uma-bolsa-francesa-excepcional-de-2600-euros-para-seu-encontro-com-o-papa\/#primaryimage","url":"https:\/\/www.sebastien-auziere.fr\/blog\/wp-content\/uploads\/2026\/04\/Brigitte-Macron-eblouit-le-Vatican-avec-un-sac-francais-dexception-a-2600-euros-pour-sa-rencontre-avec-le-pape.jpg","contentUrl":"https:\/\/www.sebastien-auziere.fr\/blog\/wp-content\/uploads\/2026\/04\/Brigitte-Macron-eblouit-le-Vatican-avec-un-sac-francais-dexception-a-2600-euros-pour-sa-rencontre-avec-le-pape.jpg","width":2560,"height":1429,"caption":"d\u00e9couvrez comment brigitte macron a impressionn\u00e9 le vatican lors de sa rencontre avec le pape, arborant un sac fran\u00e7ais d'exception \u00e0 2600 euros, symbole d'\u00e9l\u00e9gance et de luxe \u00e0 la fran\u00e7aise."},{"@type":"BreadcrumbList","@id":"https:\/\/www.sebastien-auziere.fr\/blog\/pt\/brigitte-macron-deslumbra-o-vaticano-com-uma-bolsa-francesa-excepcional-de-2600-euros-para-seu-encontro-com-o-papa\/#breadcrumb","itemListElement":[{"@type":"ListItem","position":1,"name":"Home","item":"https:\/\/www.sebastien-auziere.fr\/blog\/"},{"@type":"ListItem","position":2,"name":"Brigitte Macron deslumbra o Vaticano com uma bolsa francesa excepcional de 2600 euros para seu encontro com o papa"}]},{"@type":"WebSite","@id":"https:\/\/www.sebastien-auziere.fr\/blog\/#website","url":"https:\/\/www.sebastien-auziere.fr\/blog\/","name":"Fan site S\u00e9bastien Auzi\u00e8re","description":"M\u00e9dia g\u00e9n\u00e9raliste","publisher":{"@id":"https:\/\/www.sebastien-auziere.fr\/blog\/#organization"},"potentialAction":[{"@type":"SearchAction","target":{"@type":"EntryPoint","urlTemplate":"https:\/\/www.sebastien-auziere.fr\/blog\/?s={search_term_string}"},"query-input":{"@type":"PropertyValueSpecification","valueRequired":true,"valueName":"search_term_string"}}],"inLanguage":"fr-FR"},{"@type":"Organization","@id":"https:\/\/www.sebastien-auziere.fr\/blog\/#organization","name":"Fan site S\u00e9bastien Auzi\u00e8re","url":"https:\/\/www.sebastien-auziere.fr\/blog\/","logo":{"@type":"ImageObject","inLanguage":"fr-FR","@id":"https:\/\/www.sebastien-auziere.fr\/blog\/#\/schema\/logo\/image\/","url":"https:\/\/www.sebastien-auziere.fr\/blog\/wp-content\/uploads\/2026\/03\/cropped-cropped-cropped-ChatGPT-Image-6-mars-2026-12_58_09-e1772798376794.jpg","contentUrl":"https:\/\/www.sebastien-auziere.fr\/blog\/wp-content\/uploads\/2026\/03\/cropped-cropped-cropped-ChatGPT-Image-6-mars-2026-12_58_09-e1772798376794.jpg","width":512,"height":360,"caption":"Fan site S\u00e9bastien Auzi\u00e8re"},"image":{"@id":"https:\/\/www.sebastien-auziere.fr\/blog\/#\/schema\/logo\/image\/"}},{"@type":"Person","@id":"https:\/\/www.sebastien-auziere.fr\/blog\/#\/schema\/person\/149f1acdbfd85149c6c3e59adeae2f4d","name":"Chloe Gauthier","image":{"@type":"ImageObject","inLanguage":"fr-FR","@id":"https:\/\/secure.gravatar.com\/avatar\/2c5722f58171cff738a8985ef0dd66b476e563753246a49019befc837ec4201a?s=96&d=mm&r=g","url":"https:\/\/secure.gravatar.com\/avatar\/2c5722f58171cff738a8985ef0dd66b476e563753246a49019befc837ec4201a?s=96&d=mm&r=g","contentUrl":"https:\/\/secure.gravatar.com\/avatar\/2c5722f58171cff738a8985ef0dd66b476e563753246a49019befc837ec4201a?s=96&d=mm&r=g","caption":"Chloe Gauthier"},"description":"Passionn\u00e9e par la politique et admiratrice engag\u00e9e de la famille Macron, je consacre mon \u00e9nergie \u00e0 suivre leurs initiatives et \u00e0 promouvoir leurs id\u00e9es. \u00c0 32 ans, je suis convaincue que leur vision est porteuse d'avenir.","url":"https:\/\/www.sebastien-auziere.fr\/blog\/author\/chloe-gauthier\/"}]}},"views":0,"_links":{"self":[{"href":"https:\/\/www.sebastien-auziere.fr\/blog\/wp-json\/wp\/v2\/posts\/3028","targetHints":{"allow":["GET"]}}],"collection":[{"href":"https:\/\/www.sebastien-auziere.fr\/blog\/wp-json\/wp\/v2\/posts"}],"about":[{"href":"https:\/\/www.sebastien-auziere.fr\/blog\/wp-json\/wp\/v2\/types\/post"}],"author":[{"embeddable":true,"href":"https:\/\/www.sebastien-auziere.fr\/blog\/wp-json\/wp\/v2\/users\/9"}],"replies":[{"embeddable":true,"href":"https:\/\/www.sebastien-auziere.fr\/blog\/wp-json\/wp\/v2\/comments?post=3028"}],"version-history":[{"count":1,"href":"https:\/\/www.sebastien-auziere.fr\/blog\/wp-json\/wp\/v2\/posts\/3028\/revisions"}],"predecessor-version":[{"id":3029,"href":"https:\/\/www.sebastien-auziere.fr\/blog\/wp-json\/wp\/v2\/posts\/3028\/revisions\/3029"}],"wp:featuredmedia":[{"embeddable":true,"href":"https:\/\/www.sebastien-auziere.fr\/blog\/wp-json\/wp\/v2\/media\/3018"}],"wp:attachment":[{"href":"https:\/\/www.sebastien-auziere.fr\/blog\/wp-json\/wp\/v2\/media?parent=3028"}],"wp:term":[{"taxonomy":"category","embeddable":true,"href":"https:\/\/www.sebastien-auziere.fr\/blog\/wp-json\/wp\/v2\/categories?post=3028"},{"taxonomy":"post_tag","embeddable":true,"href":"https:\/\/www.sebastien-auziere.fr\/blog\/wp-json\/wp\/v2\/tags?post=3028"}],"curies":[{"name":"wp","href":"https:\/\/api.w.org\/{rel}","templated":true}]}}