{"id":3026,"date":"2026-04-14T19:09:27","date_gmt":"2026-04-14T19:09:27","guid":{"rendered":"https:\/\/www.sebastien-auziere.fr\/blog\/?p=3026"},"modified":"2026-04-14T19:09:55","modified_gmt":"2026-04-14T19:09:55","slug":"brigitte-macron-sorprende-il-vaticano-con-una-borsa-francese-eccezionale-da-2600-euro-per-il-suo-incontro-con-il-papa","status":"publish","type":"post","link":"https:\/\/www.sebastien-auziere.fr\/blog\/it\/brigitte-macron-sorprende-il-vaticano-con-una-borsa-francese-eccezionale-da-2600-euro-per-il-suo-incontro-con-il-papa\/","title":{"rendered":"Brigitte Macron sorprende il Vaticano con una borsa francese eccezionale da 2600 euro per il suo incontro con il papa"},"content":{"rendered":"<p><strong>Brigitte Macron<\/strong> ha colpito l&rsquo;immaginario al <strong>Vaticano<\/strong> scegliendo una <strong>borsa francese<\/strong> d&rsquo;eccezione per il suo <strong>incontro papale<\/strong>. Il modello compatto indossato durante questa visita \u00e8 un <strong>Lady Dior<\/strong> in pelle di agnello, valutato intorno a <strong>2 600 euro<\/strong>, una scelta che unisce <strong>lusso<\/strong>, <strong>moda<\/strong> e protocollo in un unico gesto.<\/p>\n\n<p><strong>In breve:<\/strong> abbigliamento completamente nero che rispetta il protocollo; <strong>accessorio di moda<\/strong> altamente simbolico; messa in luce dell&rsquo;<strong>alta gamma<\/strong> e del savoir-faire francese durante una visita al <strong>Vaticano<\/strong>.<\/p>\n\n<h2 class=\"wp-block-heading\">Brigitte Macron al Vaticano: una <strong>borsa francese<\/strong> che fa scalpore<\/h2>\n\n<p>Hai notato il contrasto discreto tra la rigore del nero protocollare e il bagliore dell&rsquo;<strong>accessorio di moda<\/strong>? Durante l&rsquo;<strong>incontro papale<\/strong>, la prima donna ha indossato un cappotto nero dalle linee architettoniche, accentuato da una sciarpa in pizzo e da un raccolto curato. Il <strong>Lady Dior<\/strong>, incarnando il <strong>lusso<\/strong> e il patrimonio artigianale, ha attirato l&rsquo;attenzione degli osservatori sin dal suo arrivo, confermando uno <strong>stile<\/strong> sia moderno che rispettoso.<\/p>\n\n<h2 class=\"wp-block-heading\">Una scelta altamente simbolica e un <strong>prezzo elevato<\/strong> assunto<\/h2>\n\n<p>L&rsquo;utilizzo di un pezzo <strong>alta gamma<\/strong> di una maison di rue Montaigne ricorda il ruolo diplomatico della moda francese. Il modello indossato, valorizzato intorno a <strong>2 600 euro<\/strong> per le versioni compatte, non \u00e8 solo un effetto superficiale: traduce la volont\u00e0 di mettere in evidenza il savoir-faire nazionale. Per saperne di pi\u00f9 su questo look al <strong>Vaticano<\/strong>, scopri l&rsquo;analisi dettagliata su <a href=\"https:\/\/www.sebastien-auziere.fr\/blog\/brigitte-macron-look-vatican\/\">Brigitte Macron: look al Vaticano<\/a>, che colloca questa scelta nella storia delle apparizioni ufficiali.<\/p>\n\n<h3 class=\"wp-block-heading\">Protocollo e modernit\u00e0: la moda al servizio della diplomazia<\/h3>\n\n<p>Il look total black rispettava i codici del Vaticano, ma l&rsquo;<strong>accessorio di moda<\/strong> ha saputo reinterpretare la tradizione. Indossando la borsa come una pochette e privilegiando una silhouette pulita, la prima donna ha dimostrato come un pezzo iconico possa diventare un vettore di messaggio culturale. Questo matrimonio tra rigore ed eleganza illustra il potere simbolico di una <strong>borsa francese<\/strong> in un incontro internazionale.<\/p>\n\n<h2 class=\"wp-block-heading\">Ritorni mediali: moda, <strong>lusso<\/strong> e raggio d&rsquo;azione<\/h2>\n\n<p>I media hanno sottolineato l&rsquo;equilibrio tra rispetto del protocollo e visibilit\u00e0 dell&rsquo;<strong>alta gamma<\/strong>. Questa scelta stilistica echeggia altre apparizioni studiate sul sito, come l&rsquo;omaggio sartoriale al Giappone o la firma dello stile personale. Per una messa in prospettiva pi\u00f9 ampia di questi codici, consulta l&rsquo;articolo sulla visita presidenziale al <a href=\"https:\/\/www.sebastien-auziere.fr\/blog\/macron-vatican-visite\/\">Macron: visita al Vaticano<\/a>, che colloca questa sequenza in una dinamica diplomatica pi\u00f9 vasta.<\/p>\n\n<p>Per approfondire l&rsquo;universo di <strong>Brigitte Macron<\/strong>, il suo <strong>stile<\/strong> e il ruolo della famiglia nella vita pubblica, visita <a href=\"https:\/\/www.sebastien-auziere.fr\/blog\/brigitte-macron-vatican\/\">https:\/\/www.sebastien-auziere.fr\/blog\/brigitte-macron-vatican\/<\/a> ed esplora le analisi dedicate a S\u00e9bastien Auzi\u00e8re e ai momenti salienti dei Macron.<\/p>","protected":false},"excerpt":{"rendered":"<p>Brigitte Macron ha colpito l&rsquo;immaginario al Vaticano scegliendo una borsa francese d&rsquo;eccezione per il suo incontro papale. Il modello compatto indossato durante questa visita \u00e8 un Lady Dior in pelle di agnello, valutato intorno a 2 600 euro, una scelta che unisce lusso, moda e protocollo in un unico gesto. In breve: abbigliamento completamente nero &#8230; <a title=\"Brigitte Macron sorprende il Vaticano con una borsa francese eccezionale da 2600 euro per il suo incontro con il papa\" class=\"read-more\" href=\"https:\/\/www.sebastien-auziere.fr\/blog\/it\/brigitte-macron-sorprende-il-vaticano-con-una-borsa-francese-eccezionale-da-2600-euro-per-il-suo-incontro-con-il-papa\/\" aria-label=\"En savoir plus sur Brigitte Macron sorprende il Vaticano con una borsa francese eccezionale da 2600 euro per il suo incontro con il papa\">Lire plus<\/a><\/p>\n","protected":false},"author":9,"featured_media":3018,"comment_status":"open","ping_status":"open","sticky":false,"template":"","format":"standard","meta":{"footnotes":""},"categories":[859],"tags":[944,2888,2891,2894,2150],"class_list":["post-3026","post","type-post","status-publish","format-standard","has-post-thumbnail","hentry","category-actualita-it","tag-brigitte-macron-it","tag-mode-di-lusso-it","tag-papa-it","tag-sacco-francese-it","tag-vaticano-it"],"yoast_head":"<!-- This site is optimized with the Yoast SEO plugin v27.5 - https:\/\/yoast.com\/product\/yoast-seo-wordpress\/ -->\n<title>Brigitte Macron sorprende il Vaticano con una borsa francese eccezionale da 2600 euro per il suo incontro con il papa - Fan site S\u00e9bastien Auzi\u00e8re<\/title>\n<meta name=\"description\" content=\"Brigitte Macron charme le Vatican avec un sac fran\u00e7ais d\u2019exception \u00e0 2600\u20ac lors de sa rencontre avec le pape, alliant \u00e9l\u00e9gance et luxe fran\u00e7ais.\" \/>\n<meta name=\"robots\" content=\"index, follow, max-snippet:-1, max-image-preview:large, max-video-preview:-1\" \/>\n<link rel=\"canonical\" href=\"https:\/\/www.sebastien-auziere.fr\/blog\/it\/brigitte-macron-sorprende-il-vaticano-con-una-borsa-francese-eccezionale-da-2600-euro-per-il-suo-incontro-con-il-papa\/\" \/>\n<meta property=\"og:locale\" content=\"fr_FR\" \/>\n<meta property=\"og:type\" content=\"article\" \/>\n<meta property=\"og:title\" content=\"Brigitte Macron sorprende il Vaticano con una borsa francese eccezionale da 2600 euro per il suo incontro con il papa - Fan site S\u00e9bastien Auzi\u00e8re\" \/>\n<meta property=\"og:description\" content=\"Brigitte Macron charme le Vatican avec un sac fran\u00e7ais d\u2019exception \u00e0 2600\u20ac lors de sa rencontre avec le pape, alliant \u00e9l\u00e9gance et luxe fran\u00e7ais.\" \/>\n<meta property=\"og:url\" content=\"https:\/\/www.sebastien-auziere.fr\/blog\/it\/brigitte-macron-sorprende-il-vaticano-con-una-borsa-francese-eccezionale-da-2600-euro-per-il-suo-incontro-con-il-papa\/\" \/>\n<meta property=\"og:site_name\" content=\"Fan site S\u00e9bastien Auzi\u00e8re\" \/>\n<meta property=\"article:published_time\" content=\"2026-04-14T19:09:27+00:00\" \/>\n<meta property=\"article:modified_time\" content=\"2026-04-14T19:09:55+00:00\" \/>\n<meta property=\"og:image\" content=\"https:\/\/www.sebastien-auziere.fr\/blog\/wp-content\/uploads\/2026\/04\/Brigitte-Macron-eblouit-le-Vatican-avec-un-sac-francais-dexception-a-2600-euros-pour-sa-rencontre-avec-le-pape.jpg\" \/>\n\t<meta property=\"og:image:width\" content=\"2560\" \/>\n\t<meta property=\"og:image:height\" content=\"1429\" \/>\n\t<meta property=\"og:image:type\" content=\"image\/jpeg\" \/>\n<meta name=\"author\" content=\"Chloe Gauthier\" \/>\n<meta name=\"twitter:card\" content=\"summary_large_image\" \/>\n<meta name=\"twitter:label1\" content=\"\u00c9crit par\" \/>\n\t<meta name=\"twitter:data1\" content=\"Chloe Gauthier\" \/>\n\t<meta name=\"twitter:label2\" content=\"Dur\u00e9e de lecture estim\u00e9e\" \/>\n\t<meta name=\"twitter:data2\" content=\"2 minutes\" \/>\n<script type=\"application\/ld+json\" class=\"yoast-schema-graph\">{\"@context\":\"https:\\\/\\\/schema.org\",\"@graph\":[{\"@type\":\"Article\",\"@id\":\"https:\\\/\\\/www.sebastien-auziere.fr\\\/blog\\\/it\\\/brigitte-macron-sorprende-il-vaticano-con-una-borsa-francese-eccezionale-da-2600-euro-per-il-suo-incontro-con-il-papa\\\/#article\",\"isPartOf\":{\"@id\":\"https:\\\/\\\/www.sebastien-auziere.fr\\\/blog\\\/it\\\/brigitte-macron-sorprende-il-vaticano-con-una-borsa-francese-eccezionale-da-2600-euro-per-il-suo-incontro-con-il-papa\\\/\"},\"author\":{\"name\":\"Chloe Gauthier\",\"@id\":\"https:\\\/\\\/www.sebastien-auziere.fr\\\/blog\\\/#\\\/schema\\\/person\\\/149f1acdbfd85149c6c3e59adeae2f4d\"},\"headline\":\"Brigitte Macron sorprende il Vaticano con una borsa francese eccezionale da 2600 euro per il suo incontro con il papa\",\"datePublished\":\"2026-04-14T19:09:27+00:00\",\"dateModified\":\"2026-04-14T19:09:55+00:00\",\"mainEntityOfPage\":{\"@id\":\"https:\\\/\\\/www.sebastien-auziere.fr\\\/blog\\\/it\\\/brigitte-macron-sorprende-il-vaticano-con-una-borsa-francese-eccezionale-da-2600-euro-per-il-suo-incontro-con-il-papa\\\/\"},\"wordCount\":435,\"commentCount\":0,\"publisher\":{\"@id\":\"https:\\\/\\\/www.sebastien-auziere.fr\\\/blog\\\/#organization\"},\"image\":{\"@id\":\"https:\\\/\\\/www.sebastien-auziere.fr\\\/blog\\\/it\\\/brigitte-macron-sorprende-il-vaticano-con-una-borsa-francese-eccezionale-da-2600-euro-per-il-suo-incontro-con-il-papa\\\/#primaryimage\"},\"thumbnailUrl\":\"https:\\\/\\\/www.sebastien-auziere.fr\\\/blog\\\/wp-content\\\/uploads\\\/2026\\\/04\\\/Brigitte-Macron-eblouit-le-Vatican-avec-un-sac-francais-dexception-a-2600-euros-pour-sa-rencontre-avec-le-pape.jpg\",\"keywords\":[\"brigitte macron\",\"mode di lusso\",\"papa\",\"sacco francese\",\"vaticano\"],\"articleSection\":[\"Actualit\u00e0\"],\"inLanguage\":\"fr-FR\",\"potentialAction\":[{\"@type\":\"CommentAction\",\"name\":\"Comment\",\"target\":[\"https:\\\/\\\/www.sebastien-auziere.fr\\\/blog\\\/it\\\/brigitte-macron-sorprende-il-vaticano-con-una-borsa-francese-eccezionale-da-2600-euro-per-il-suo-incontro-con-il-papa\\\/#respond\"]}]},{\"@type\":\"WebPage\",\"@id\":\"https:\\\/\\\/www.sebastien-auziere.fr\\\/blog\\\/it\\\/brigitte-macron-sorprende-il-vaticano-con-una-borsa-francese-eccezionale-da-2600-euro-per-il-suo-incontro-con-il-papa\\\/\",\"url\":\"https:\\\/\\\/www.sebastien-auziere.fr\\\/blog\\\/it\\\/brigitte-macron-sorprende-il-vaticano-con-una-borsa-francese-eccezionale-da-2600-euro-per-il-suo-incontro-con-il-papa\\\/\",\"name\":\"Brigitte Macron sorprende il Vaticano con una borsa francese eccezionale da 2600 euro per il suo incontro con il papa - Fan site S\u00e9bastien Auzi\u00e8re\",\"isPartOf\":{\"@id\":\"https:\\\/\\\/www.sebastien-auziere.fr\\\/blog\\\/#website\"},\"primaryImageOfPage\":{\"@id\":\"https:\\\/\\\/www.sebastien-auziere.fr\\\/blog\\\/it\\\/brigitte-macron-sorprende-il-vaticano-con-una-borsa-francese-eccezionale-da-2600-euro-per-il-suo-incontro-con-il-papa\\\/#primaryimage\"},\"image\":{\"@id\":\"https:\\\/\\\/www.sebastien-auziere.fr\\\/blog\\\/it\\\/brigitte-macron-sorprende-il-vaticano-con-una-borsa-francese-eccezionale-da-2600-euro-per-il-suo-incontro-con-il-papa\\\/#primaryimage\"},\"thumbnailUrl\":\"https:\\\/\\\/www.sebastien-auziere.fr\\\/blog\\\/wp-content\\\/uploads\\\/2026\\\/04\\\/Brigitte-Macron-eblouit-le-Vatican-avec-un-sac-francais-dexception-a-2600-euros-pour-sa-rencontre-avec-le-pape.jpg\",\"datePublished\":\"2026-04-14T19:09:27+00:00\",\"dateModified\":\"2026-04-14T19:09:55+00:00\",\"description\":\"Brigitte Macron charme le Vatican avec un sac fran\u00e7ais d\u2019exception \u00e0 2600\u20ac lors de sa rencontre avec le pape, alliant \u00e9l\u00e9gance et luxe fran\u00e7ais.\",\"breadcrumb\":{\"@id\":\"https:\\\/\\\/www.sebastien-auziere.fr\\\/blog\\\/it\\\/brigitte-macron-sorprende-il-vaticano-con-una-borsa-francese-eccezionale-da-2600-euro-per-il-suo-incontro-con-il-papa\\\/#breadcrumb\"},\"inLanguage\":\"fr-FR\",\"potentialAction\":[{\"@type\":\"ReadAction\",\"target\":[\"https:\\\/\\\/www.sebastien-auziere.fr\\\/blog\\\/it\\\/brigitte-macron-sorprende-il-vaticano-con-una-borsa-francese-eccezionale-da-2600-euro-per-il-suo-incontro-con-il-papa\\\/\"]}]},{\"@type\":\"ImageObject\",\"inLanguage\":\"fr-FR\",\"@id\":\"https:\\\/\\\/www.sebastien-auziere.fr\\\/blog\\\/it\\\/brigitte-macron-sorprende-il-vaticano-con-una-borsa-francese-eccezionale-da-2600-euro-per-il-suo-incontro-con-il-papa\\\/#primaryimage\",\"url\":\"https:\\\/\\\/www.sebastien-auziere.fr\\\/blog\\\/wp-content\\\/uploads\\\/2026\\\/04\\\/Brigitte-Macron-eblouit-le-Vatican-avec-un-sac-francais-dexception-a-2600-euros-pour-sa-rencontre-avec-le-pape.jpg\",\"contentUrl\":\"https:\\\/\\\/www.sebastien-auziere.fr\\\/blog\\\/wp-content\\\/uploads\\\/2026\\\/04\\\/Brigitte-Macron-eblouit-le-Vatican-avec-un-sac-francais-dexception-a-2600-euros-pour-sa-rencontre-avec-le-pape.jpg\",\"width\":2560,\"height\":1429,\"caption\":\"d\u00e9couvrez comment brigitte macron a impressionn\u00e9 le vatican lors de sa rencontre avec le pape, arborant un sac fran\u00e7ais d'exception \u00e0 2600 euros, symbole d'\u00e9l\u00e9gance et de luxe \u00e0 la fran\u00e7aise.\"},{\"@type\":\"BreadcrumbList\",\"@id\":\"https:\\\/\\\/www.sebastien-auziere.fr\\\/blog\\\/it\\\/brigitte-macron-sorprende-il-vaticano-con-una-borsa-francese-eccezionale-da-2600-euro-per-il-suo-incontro-con-il-papa\\\/#breadcrumb\",\"itemListElement\":[{\"@type\":\"ListItem\",\"position\":1,\"name\":\"Home\",\"item\":\"https:\\\/\\\/www.sebastien-auziere.fr\\\/blog\\\/\"},{\"@type\":\"ListItem\",\"position\":2,\"name\":\"Brigitte Macron sorprende il Vaticano con una borsa francese eccezionale da 2600 euro per il suo incontro con il papa\"}]},{\"@type\":\"WebSite\",\"@id\":\"https:\\\/\\\/www.sebastien-auziere.fr\\\/blog\\\/#website\",\"url\":\"https:\\\/\\\/www.sebastien-auziere.fr\\\/blog\\\/\",\"name\":\"Fan site S\u00e9bastien Auzi\u00e8re\",\"description\":\"M\u00e9dia g\u00e9n\u00e9raliste\",\"publisher\":{\"@id\":\"https:\\\/\\\/www.sebastien-auziere.fr\\\/blog\\\/#organization\"},\"potentialAction\":[{\"@type\":\"SearchAction\",\"target\":{\"@type\":\"EntryPoint\",\"urlTemplate\":\"https:\\\/\\\/www.sebastien-auziere.fr\\\/blog\\\/?s={search_term_string}\"},\"query-input\":{\"@type\":\"PropertyValueSpecification\",\"valueRequired\":true,\"valueName\":\"search_term_string\"}}],\"inLanguage\":\"fr-FR\"},{\"@type\":\"Organization\",\"@id\":\"https:\\\/\\\/www.sebastien-auziere.fr\\\/blog\\\/#organization\",\"name\":\"Fan site S\u00e9bastien Auzi\u00e8re\",\"url\":\"https:\\\/\\\/www.sebastien-auziere.fr\\\/blog\\\/\",\"logo\":{\"@type\":\"ImageObject\",\"inLanguage\":\"fr-FR\",\"@id\":\"https:\\\/\\\/www.sebastien-auziere.fr\\\/blog\\\/#\\\/schema\\\/logo\\\/image\\\/\",\"url\":\"https:\\\/\\\/www.sebastien-auziere.fr\\\/blog\\\/wp-content\\\/uploads\\\/2026\\\/03\\\/cropped-cropped-cropped-ChatGPT-Image-6-mars-2026-12_58_09-e1772798376794.jpg\",\"contentUrl\":\"https:\\\/\\\/www.sebastien-auziere.fr\\\/blog\\\/wp-content\\\/uploads\\\/2026\\\/03\\\/cropped-cropped-cropped-ChatGPT-Image-6-mars-2026-12_58_09-e1772798376794.jpg\",\"width\":512,\"height\":360,\"caption\":\"Fan site S\u00e9bastien Auzi\u00e8re\"},\"image\":{\"@id\":\"https:\\\/\\\/www.sebastien-auziere.fr\\\/blog\\\/#\\\/schema\\\/logo\\\/image\\\/\"}},{\"@type\":\"Person\",\"@id\":\"https:\\\/\\\/www.sebastien-auziere.fr\\\/blog\\\/#\\\/schema\\\/person\\\/149f1acdbfd85149c6c3e59adeae2f4d\",\"name\":\"Chloe Gauthier\",\"image\":{\"@type\":\"ImageObject\",\"inLanguage\":\"fr-FR\",\"@id\":\"https:\\\/\\\/secure.gravatar.com\\\/avatar\\\/2c5722f58171cff738a8985ef0dd66b476e563753246a49019befc837ec4201a?s=96&d=mm&r=g\",\"url\":\"https:\\\/\\\/secure.gravatar.com\\\/avatar\\\/2c5722f58171cff738a8985ef0dd66b476e563753246a49019befc837ec4201a?s=96&d=mm&r=g\",\"contentUrl\":\"https:\\\/\\\/secure.gravatar.com\\\/avatar\\\/2c5722f58171cff738a8985ef0dd66b476e563753246a49019befc837ec4201a?s=96&d=mm&r=g\",\"caption\":\"Chloe Gauthier\"},\"description\":\"Passionn\u00e9e par la politique et admiratrice engag\u00e9e de la famille Macron, je consacre mon \u00e9nergie \u00e0 suivre leurs initiatives et \u00e0 promouvoir leurs id\u00e9es. \u00c0 32 ans, je suis convaincue que leur vision est porteuse d'avenir.\",\"url\":\"https:\\\/\\\/www.sebastien-auziere.fr\\\/blog\\\/author\\\/chloe-gauthier\\\/\"}]}<\/script>\n<!-- \/ Yoast SEO plugin. -->","yoast_head_json":{"title":"Brigitte Macron sorprende il Vaticano con una borsa francese eccezionale da 2600 euro per il suo incontro con il papa - Fan site S\u00e9bastien Auzi\u00e8re","description":"Brigitte Macron charme le Vatican avec un sac fran\u00e7ais d\u2019exception \u00e0 2600\u20ac lors de sa rencontre avec le pape, alliant \u00e9l\u00e9gance et luxe fran\u00e7ais.","robots":{"index":"index","follow":"follow","max-snippet":"max-snippet:-1","max-image-preview":"max-image-preview:large","max-video-preview":"max-video-preview:-1"},"canonical":"https:\/\/www.sebastien-auziere.fr\/blog\/it\/brigitte-macron-sorprende-il-vaticano-con-una-borsa-francese-eccezionale-da-2600-euro-per-il-suo-incontro-con-il-papa\/","og_locale":"fr_FR","og_type":"article","og_title":"Brigitte Macron sorprende il Vaticano con una borsa francese eccezionale da 2600 euro per il suo incontro con il papa - Fan site S\u00e9bastien Auzi\u00e8re","og_description":"Brigitte Macron charme le Vatican avec un sac fran\u00e7ais d\u2019exception \u00e0 2600\u20ac lors de sa rencontre avec le pape, alliant \u00e9l\u00e9gance et luxe fran\u00e7ais.","og_url":"https:\/\/www.sebastien-auziere.fr\/blog\/it\/brigitte-macron-sorprende-il-vaticano-con-una-borsa-francese-eccezionale-da-2600-euro-per-il-suo-incontro-con-il-papa\/","og_site_name":"Fan site S\u00e9bastien Auzi\u00e8re","article_published_time":"2026-04-14T19:09:27+00:00","article_modified_time":"2026-04-14T19:09:55+00:00","og_image":[{"width":2560,"height":1429,"url":"https:\/\/www.sebastien-auziere.fr\/blog\/wp-content\/uploads\/2026\/04\/Brigitte-Macron-eblouit-le-Vatican-avec-un-sac-francais-dexception-a-2600-euros-pour-sa-rencontre-avec-le-pape.jpg","type":"image\/jpeg"}],"author":"Chloe Gauthier","twitter_card":"summary_large_image","twitter_misc":{"\u00c9crit par":"Chloe Gauthier","Dur\u00e9e de lecture estim\u00e9e":"2 minutes"},"schema":{"@context":"https:\/\/schema.org","@graph":[{"@type":"Article","@id":"https:\/\/www.sebastien-auziere.fr\/blog\/it\/brigitte-macron-sorprende-il-vaticano-con-una-borsa-francese-eccezionale-da-2600-euro-per-il-suo-incontro-con-il-papa\/#article","isPartOf":{"@id":"https:\/\/www.sebastien-auziere.fr\/blog\/it\/brigitte-macron-sorprende-il-vaticano-con-una-borsa-francese-eccezionale-da-2600-euro-per-il-suo-incontro-con-il-papa\/"},"author":{"name":"Chloe Gauthier","@id":"https:\/\/www.sebastien-auziere.fr\/blog\/#\/schema\/person\/149f1acdbfd85149c6c3e59adeae2f4d"},"headline":"Brigitte Macron sorprende il Vaticano con una borsa francese eccezionale da 2600 euro per il suo incontro con il papa","datePublished":"2026-04-14T19:09:27+00:00","dateModified":"2026-04-14T19:09:55+00:00","mainEntityOfPage":{"@id":"https:\/\/www.sebastien-auziere.fr\/blog\/it\/brigitte-macron-sorprende-il-vaticano-con-una-borsa-francese-eccezionale-da-2600-euro-per-il-suo-incontro-con-il-papa\/"},"wordCount":435,"commentCount":0,"publisher":{"@id":"https:\/\/www.sebastien-auziere.fr\/blog\/#organization"},"image":{"@id":"https:\/\/www.sebastien-auziere.fr\/blog\/it\/brigitte-macron-sorprende-il-vaticano-con-una-borsa-francese-eccezionale-da-2600-euro-per-il-suo-incontro-con-il-papa\/#primaryimage"},"thumbnailUrl":"https:\/\/www.sebastien-auziere.fr\/blog\/wp-content\/uploads\/2026\/04\/Brigitte-Macron-eblouit-le-Vatican-avec-un-sac-francais-dexception-a-2600-euros-pour-sa-rencontre-avec-le-pape.jpg","keywords":["brigitte macron","mode di lusso","papa","sacco francese","vaticano"],"articleSection":["Actualit\u00e0"],"inLanguage":"fr-FR","potentialAction":[{"@type":"CommentAction","name":"Comment","target":["https:\/\/www.sebastien-auziere.fr\/blog\/it\/brigitte-macron-sorprende-il-vaticano-con-una-borsa-francese-eccezionale-da-2600-euro-per-il-suo-incontro-con-il-papa\/#respond"]}]},{"@type":"WebPage","@id":"https:\/\/www.sebastien-auziere.fr\/blog\/it\/brigitte-macron-sorprende-il-vaticano-con-una-borsa-francese-eccezionale-da-2600-euro-per-il-suo-incontro-con-il-papa\/","url":"https:\/\/www.sebastien-auziere.fr\/blog\/it\/brigitte-macron-sorprende-il-vaticano-con-una-borsa-francese-eccezionale-da-2600-euro-per-il-suo-incontro-con-il-papa\/","name":"Brigitte Macron sorprende il Vaticano con una borsa francese eccezionale da 2600 euro per il suo incontro con il papa - Fan site S\u00e9bastien Auzi\u00e8re","isPartOf":{"@id":"https:\/\/www.sebastien-auziere.fr\/blog\/#website"},"primaryImageOfPage":{"@id":"https:\/\/www.sebastien-auziere.fr\/blog\/it\/brigitte-macron-sorprende-il-vaticano-con-una-borsa-francese-eccezionale-da-2600-euro-per-il-suo-incontro-con-il-papa\/#primaryimage"},"image":{"@id":"https:\/\/www.sebastien-auziere.fr\/blog\/it\/brigitte-macron-sorprende-il-vaticano-con-una-borsa-francese-eccezionale-da-2600-euro-per-il-suo-incontro-con-il-papa\/#primaryimage"},"thumbnailUrl":"https:\/\/www.sebastien-auziere.fr\/blog\/wp-content\/uploads\/2026\/04\/Brigitte-Macron-eblouit-le-Vatican-avec-un-sac-francais-dexception-a-2600-euros-pour-sa-rencontre-avec-le-pape.jpg","datePublished":"2026-04-14T19:09:27+00:00","dateModified":"2026-04-14T19:09:55+00:00","description":"Brigitte Macron charme le Vatican avec un sac fran\u00e7ais d\u2019exception \u00e0 2600\u20ac lors de sa rencontre avec le pape, alliant \u00e9l\u00e9gance et luxe fran\u00e7ais.","breadcrumb":{"@id":"https:\/\/www.sebastien-auziere.fr\/blog\/it\/brigitte-macron-sorprende-il-vaticano-con-una-borsa-francese-eccezionale-da-2600-euro-per-il-suo-incontro-con-il-papa\/#breadcrumb"},"inLanguage":"fr-FR","potentialAction":[{"@type":"ReadAction","target":["https:\/\/www.sebastien-auziere.fr\/blog\/it\/brigitte-macron-sorprende-il-vaticano-con-una-borsa-francese-eccezionale-da-2600-euro-per-il-suo-incontro-con-il-papa\/"]}]},{"@type":"ImageObject","inLanguage":"fr-FR","@id":"https:\/\/www.sebastien-auziere.fr\/blog\/it\/brigitte-macron-sorprende-il-vaticano-con-una-borsa-francese-eccezionale-da-2600-euro-per-il-suo-incontro-con-il-papa\/#primaryimage","url":"https:\/\/www.sebastien-auziere.fr\/blog\/wp-content\/uploads\/2026\/04\/Brigitte-Macron-eblouit-le-Vatican-avec-un-sac-francais-dexception-a-2600-euros-pour-sa-rencontre-avec-le-pape.jpg","contentUrl":"https:\/\/www.sebastien-auziere.fr\/blog\/wp-content\/uploads\/2026\/04\/Brigitte-Macron-eblouit-le-Vatican-avec-un-sac-francais-dexception-a-2600-euros-pour-sa-rencontre-avec-le-pape.jpg","width":2560,"height":1429,"caption":"d\u00e9couvrez comment brigitte macron a impressionn\u00e9 le vatican lors de sa rencontre avec le pape, arborant un sac fran\u00e7ais d'exception \u00e0 2600 euros, symbole d'\u00e9l\u00e9gance et de luxe \u00e0 la fran\u00e7aise."},{"@type":"BreadcrumbList","@id":"https:\/\/www.sebastien-auziere.fr\/blog\/it\/brigitte-macron-sorprende-il-vaticano-con-una-borsa-francese-eccezionale-da-2600-euro-per-il-suo-incontro-con-il-papa\/#breadcrumb","itemListElement":[{"@type":"ListItem","position":1,"name":"Home","item":"https:\/\/www.sebastien-auziere.fr\/blog\/"},{"@type":"ListItem","position":2,"name":"Brigitte Macron sorprende il Vaticano con una borsa francese eccezionale da 2600 euro per il suo incontro con il papa"}]},{"@type":"WebSite","@id":"https:\/\/www.sebastien-auziere.fr\/blog\/#website","url":"https:\/\/www.sebastien-auziere.fr\/blog\/","name":"Fan site S\u00e9bastien Auzi\u00e8re","description":"M\u00e9dia g\u00e9n\u00e9raliste","publisher":{"@id":"https:\/\/www.sebastien-auziere.fr\/blog\/#organization"},"potentialAction":[{"@type":"SearchAction","target":{"@type":"EntryPoint","urlTemplate":"https:\/\/www.sebastien-auziere.fr\/blog\/?s={search_term_string}"},"query-input":{"@type":"PropertyValueSpecification","valueRequired":true,"valueName":"search_term_string"}}],"inLanguage":"fr-FR"},{"@type":"Organization","@id":"https:\/\/www.sebastien-auziere.fr\/blog\/#organization","name":"Fan site S\u00e9bastien Auzi\u00e8re","url":"https:\/\/www.sebastien-auziere.fr\/blog\/","logo":{"@type":"ImageObject","inLanguage":"fr-FR","@id":"https:\/\/www.sebastien-auziere.fr\/blog\/#\/schema\/logo\/image\/","url":"https:\/\/www.sebastien-auziere.fr\/blog\/wp-content\/uploads\/2026\/03\/cropped-cropped-cropped-ChatGPT-Image-6-mars-2026-12_58_09-e1772798376794.jpg","contentUrl":"https:\/\/www.sebastien-auziere.fr\/blog\/wp-content\/uploads\/2026\/03\/cropped-cropped-cropped-ChatGPT-Image-6-mars-2026-12_58_09-e1772798376794.jpg","width":512,"height":360,"caption":"Fan site S\u00e9bastien Auzi\u00e8re"},"image":{"@id":"https:\/\/www.sebastien-auziere.fr\/blog\/#\/schema\/logo\/image\/"}},{"@type":"Person","@id":"https:\/\/www.sebastien-auziere.fr\/blog\/#\/schema\/person\/149f1acdbfd85149c6c3e59adeae2f4d","name":"Chloe Gauthier","image":{"@type":"ImageObject","inLanguage":"fr-FR","@id":"https:\/\/secure.gravatar.com\/avatar\/2c5722f58171cff738a8985ef0dd66b476e563753246a49019befc837ec4201a?s=96&d=mm&r=g","url":"https:\/\/secure.gravatar.com\/avatar\/2c5722f58171cff738a8985ef0dd66b476e563753246a49019befc837ec4201a?s=96&d=mm&r=g","contentUrl":"https:\/\/secure.gravatar.com\/avatar\/2c5722f58171cff738a8985ef0dd66b476e563753246a49019befc837ec4201a?s=96&d=mm&r=g","caption":"Chloe Gauthier"},"description":"Passionn\u00e9e par la politique et admiratrice engag\u00e9e de la famille Macron, je consacre mon \u00e9nergie \u00e0 suivre leurs initiatives et \u00e0 promouvoir leurs id\u00e9es. \u00c0 32 ans, je suis convaincue que leur vision est porteuse d'avenir.","url":"https:\/\/www.sebastien-auziere.fr\/blog\/author\/chloe-gauthier\/"}]}},"views":1,"_links":{"self":[{"href":"https:\/\/www.sebastien-auziere.fr\/blog\/wp-json\/wp\/v2\/posts\/3026","targetHints":{"allow":["GET"]}}],"collection":[{"href":"https:\/\/www.sebastien-auziere.fr\/blog\/wp-json\/wp\/v2\/posts"}],"about":[{"href":"https:\/\/www.sebastien-auziere.fr\/blog\/wp-json\/wp\/v2\/types\/post"}],"author":[{"embeddable":true,"href":"https:\/\/www.sebastien-auziere.fr\/blog\/wp-json\/wp\/v2\/users\/9"}],"replies":[{"embeddable":true,"href":"https:\/\/www.sebastien-auziere.fr\/blog\/wp-json\/wp\/v2\/comments?post=3026"}],"version-history":[{"count":1,"href":"https:\/\/www.sebastien-auziere.fr\/blog\/wp-json\/wp\/v2\/posts\/3026\/revisions"}],"predecessor-version":[{"id":3027,"href":"https:\/\/www.sebastien-auziere.fr\/blog\/wp-json\/wp\/v2\/posts\/3026\/revisions\/3027"}],"wp:featuredmedia":[{"embeddable":true,"href":"https:\/\/www.sebastien-auziere.fr\/blog\/wp-json\/wp\/v2\/media\/3018"}],"wp:attachment":[{"href":"https:\/\/www.sebastien-auziere.fr\/blog\/wp-json\/wp\/v2\/media?parent=3026"}],"wp:term":[{"taxonomy":"category","embeddable":true,"href":"https:\/\/www.sebastien-auziere.fr\/blog\/wp-json\/wp\/v2\/categories?post=3026"},{"taxonomy":"post_tag","embeddable":true,"href":"https:\/\/www.sebastien-auziere.fr\/blog\/wp-json\/wp\/v2\/tags?post=3026"}],"curies":[{"name":"wp","href":"https:\/\/api.w.org\/{rel}","templated":true}]}}