{"id":3024,"date":"2026-04-14T19:07:07","date_gmt":"2026-04-14T19:07:07","guid":{"rendered":"https:\/\/www.sebastien-auziere.fr\/blog\/?p=3024"},"modified":"2026-04-14T19:07:33","modified_gmt":"2026-04-14T19:07:33","slug":"brigitte-macron-begeistert-den-vatikan-mit-einer-franzosischen-handtasche-der-extraklasse-im-wert-von-2600-euro-bei-ihrem-treffen-mit-dem-papst","status":"publish","type":"post","link":"https:\/\/www.sebastien-auziere.fr\/blog\/de\/brigitte-macron-begeistert-den-vatikan-mit-einer-franzosischen-handtasche-der-extraklasse-im-wert-von-2600-euro-bei-ihrem-treffen-mit-dem-papst\/","title":{"rendered":"Brigitte Macron begeistert den Vatikan mit einer franz\u00f6sischen Handtasche der Extraklasse im Wert von 2600 Euro bei ihrem Treffen mit dem Papst"},"content":{"rendered":"<p><strong>Brigitte Macron<\/strong> hat beim <strong>Vatican<\/strong> Eindruck hinterlassen, indem sie eine <strong>franz\u00f6sische Tasche<\/strong> von au\u00dfergew\u00f6hnlicher Qualit\u00e4t f\u00fcr ihr <strong>papales Treffen<\/strong> gew\u00e4hlt hat. Das kompakte Modell, das sie w\u00e4hrend dieses Besuchs trug, ist ein <strong>Lady Dior<\/strong> aus Lammleder, gesch\u00e4tzt auf etwa <strong>2.600 Euro<\/strong>, eine Wahl, die <strong>Luxus<\/strong>, <strong>Mode<\/strong> und Protokoll in einem einzigen Geste vereint.<\/p>\n\n<p><strong>Kurz gesagt:<\/strong> vollst\u00e4ndig schwarze Kleidung, die das Protokoll respektiert; <strong>modisches Accessoire<\/strong> von hoher Symbolik; Hervorhebung des <strong>High-End<\/strong> und des franz\u00f6sischen Know-hows w\u00e4hrend eines Besuchs im <strong>Vatican<\/strong>.<\/p>\n\n<h2 class=\"wp-block-heading\">Brigitte Macron im Vatikan: eine <strong>franz\u00f6sische Tasche<\/strong>, die Aufsehen erregt<\/h2>\n\n<p>Du hast den dezenten Kontrast zwischen der Strenge des protokollarischen Schwarz und dem Glanz des <strong>modischen Accessoires<\/strong> bemerkt. Bei der <strong>papalen Begegnung<\/strong> trug die Erste Dame einen schwarzen Mantel mit architektonischen Linien, akzentuiert durch einen Spitzen-Schal und ein ordentliches Hochsteckfrisur. Der <strong>Lady Dior<\/strong>, der <strong>Luxus<\/strong> und das handwerkliche Erbe verk\u00f6rpert, zog sofort die Aufmerksamkeit der Beobachter auf sich, als sie eintraf, und best\u00e4tigte einen <strong>Stil<\/strong>, der sowohl modern als auch respektvoll ist.<\/p>\n\n<h2 class=\"wp-block-heading\">Eine h\u00f6chst symbolische Wahl und ein <strong>hoher Preis<\/strong>, der angenommen wird<\/h2>\n\n<p>Die Wahl eines <strong>High-End<\/strong>-St\u00fccks aus einem Haus in der Rue Montaigne erinnert an die diplomatische Rolle der franz\u00f6sischen Mode. Das getragene Modell, bewertet auf etwa <strong>2.600 Euro<\/strong> f\u00fcr die kompakten Versionen, ist nicht nur eine Oberfl\u00e4chenwirkung: es dr\u00fcckt den Willen aus, das hiesige Know-how in den Vordergrund zu stellen. Um mehr \u00fcber diesen Look im <strong>Vatican<\/strong> zu erfahren, entdecke die detaillierte Analyse auf <a href=\"https:\/\/www.sebastien-auziere.fr\/blog\/brigitte-macron-look-vatican\/\">Brigitte Macron: Look im Vatikan<\/a>, die diese Wahl in der Geschichte der offiziellen Auftritte einordnet.<\/p>\n\n<h3 class=\"wp-block-heading\">Protokoll und Modernit\u00e4t: Mode im Dienst der Diplomatie<\/h3>\n\n<p>Der totale Schwarz-Look hielt sich an die Codes des Heiligen Stuhls, aber das <strong>modische Accessoire<\/strong> verstand es, die Tradition neu zu interpretieren. Indem sie die Tasche wie eine Clutch trug und eine klare Silhouette bevorzugte, zeigte die Erste Dame, wie ein ikonisches St\u00fcck zu einem Tr\u00e4ger kultureller Botschaften werden kann. Diese Verbindung von Strenge und Eleganz veranschaulicht die symbolische Macht einer <strong>franz\u00f6sischen Tasche<\/strong> bei einem internationalen Treffen.<\/p>\n\n<h2 class=\"wp-block-heading\">Medienberichterstattung: Mode, <strong>Luxus<\/strong> und Ausstrahlung<\/h2>\n\n<p>Die Medien hoben das Gleichgewicht zwischen Protokolltreue und Sichtbarkeit des <strong>High-End<\/strong> hervor. Diese stilistische Wahl echo einer anderen durchdachten Auftritte auf der Webseite, wie die kleidungstechnische Hommage an Japan oder die Unterschrift des pers\u00f6nlichen Stils. F\u00fcr eine breitere Perspektive auf diese Codes, konsultiere den Artikel \u00fcber den pr\u00e4sidentiellen Besuch bei <a href=\"https:\/\/www.sebastien-auziere.fr\/blog\/macron-vatican-visite\/\">Macron: Besuch im Vatikan<\/a>, der diese Episode in einen gr\u00f6\u00dferen diplomatischen Kontext einordnet.<\/p>\n\n<p>Um mehr \u00fcber das Universum von <strong>Brigitte Macron<\/strong>, ihren <strong>Stil<\/strong> und die Rolle der Familie im \u00f6ffentlichen Leben zu erfahren, besuche <a href=\"https:\/\/www.sebastien-auziere.fr\/blog\/brigitte-macron-vatican\/\">https:\/\/www.sebastien-auziere.fr\/blog\/brigitte-macron-vatican\/<\/a> und erkunde die Analysen, die S\u00e9bastien Auzi\u00e8re und die Highlights der Macron-Familie gewidmet sind.<\/p>","protected":false},"excerpt":{"rendered":"<p>Brigitte Macron hat beim Vatican Eindruck hinterlassen, indem sie eine franz\u00f6sische Tasche von au\u00dfergew\u00f6hnlicher Qualit\u00e4t f\u00fcr ihr papales Treffen gew\u00e4hlt hat. Das kompakte Modell, das sie w\u00e4hrend dieses Besuchs trug, ist ein Lady Dior aus Lammleder, gesch\u00e4tzt auf etwa 2.600 Euro, eine Wahl, die Luxus, Mode und Protokoll in einem einzigen Geste vereint. Kurz gesagt: &#8230; <a title=\"Brigitte Macron begeistert den Vatikan mit einer franz\u00f6sischen Handtasche der Extraklasse im Wert von 2600 Euro bei ihrem Treffen mit dem Papst\" class=\"read-more\" href=\"https:\/\/www.sebastien-auziere.fr\/blog\/de\/brigitte-macron-begeistert-den-vatikan-mit-einer-franzosischen-handtasche-der-extraklasse-im-wert-von-2600-euro-bei-ihrem-treffen-mit-dem-papst\/\" aria-label=\"En savoir plus sur Brigitte Macron begeistert den Vatikan mit einer franz\u00f6sischen Handtasche der Extraklasse im Wert von 2600 Euro bei ihrem Treffen mit dem Papst\">Lire plus<\/a><\/p>\n","protected":false},"author":9,"featured_media":3018,"comment_status":"open","ping_status":"open","sticky":false,"template":"","format":"standard","meta":{"footnotes":""},"categories":[856],"tags":[929,2879,2882,2885,2141],"class_list":["post-3024","post","type-post","status-publish","format-standard","has-post-thumbnail","hentry","category-aktuelles-de","tag-brigitte-macron-de","tag-mode-de-luxe-de","tag-papa-de","tag-sack-deutsch-de","tag-vatican-de"],"yoast_head":"<!-- This site is optimized with the Yoast SEO plugin v27.5 - https:\/\/yoast.com\/product\/yoast-seo-wordpress\/ -->\n<title>Brigitte Macron begeistert den Vatikan mit einer franz\u00f6sischen Handtasche der Extraklasse im Wert von 2600 Euro bei ihrem Treffen mit dem Papst - Fan site S\u00e9bastien Auzi\u00e8re<\/title>\n<meta name=\"description\" content=\"Brigitte Macron charme le Vatican avec un sac fran\u00e7ais d\u2019exception \u00e0 2600\u20ac lors de sa rencontre avec le pape, alliant \u00e9l\u00e9gance et luxe fran\u00e7ais.\" \/>\n<meta name=\"robots\" content=\"index, follow, max-snippet:-1, max-image-preview:large, max-video-preview:-1\" \/>\n<link rel=\"canonical\" href=\"https:\/\/www.sebastien-auziere.fr\/blog\/de\/brigitte-macron-begeistert-den-vatikan-mit-einer-franzosischen-handtasche-der-extraklasse-im-wert-von-2600-euro-bei-ihrem-treffen-mit-dem-papst\/\" \/>\n<meta property=\"og:locale\" content=\"fr_FR\" \/>\n<meta property=\"og:type\" content=\"article\" \/>\n<meta property=\"og:title\" content=\"Brigitte Macron begeistert den Vatikan mit einer franz\u00f6sischen Handtasche der Extraklasse im Wert von 2600 Euro bei ihrem Treffen mit dem Papst - Fan site S\u00e9bastien Auzi\u00e8re\" \/>\n<meta property=\"og:description\" content=\"Brigitte Macron charme le Vatican avec un sac fran\u00e7ais d\u2019exception \u00e0 2600\u20ac lors de sa rencontre avec le pape, alliant \u00e9l\u00e9gance et luxe fran\u00e7ais.\" \/>\n<meta property=\"og:url\" content=\"https:\/\/www.sebastien-auziere.fr\/blog\/de\/brigitte-macron-begeistert-den-vatikan-mit-einer-franzosischen-handtasche-der-extraklasse-im-wert-von-2600-euro-bei-ihrem-treffen-mit-dem-papst\/\" \/>\n<meta property=\"og:site_name\" content=\"Fan site S\u00e9bastien Auzi\u00e8re\" \/>\n<meta property=\"article:published_time\" content=\"2026-04-14T19:07:07+00:00\" \/>\n<meta property=\"article:modified_time\" content=\"2026-04-14T19:07:33+00:00\" \/>\n<meta property=\"og:image\" content=\"https:\/\/www.sebastien-auziere.fr\/blog\/wp-content\/uploads\/2026\/04\/Brigitte-Macron-eblouit-le-Vatican-avec-un-sac-francais-dexception-a-2600-euros-pour-sa-rencontre-avec-le-pape.jpg\" \/>\n\t<meta property=\"og:image:width\" content=\"2560\" \/>\n\t<meta property=\"og:image:height\" content=\"1429\" \/>\n\t<meta property=\"og:image:type\" content=\"image\/jpeg\" \/>\n<meta name=\"author\" content=\"Chloe Gauthier\" \/>\n<meta name=\"twitter:card\" content=\"summary_large_image\" \/>\n<meta name=\"twitter:label1\" content=\"\u00c9crit par\" \/>\n\t<meta name=\"twitter:data1\" content=\"Chloe Gauthier\" \/>\n\t<meta name=\"twitter:label2\" content=\"Dur\u00e9e de lecture estim\u00e9e\" \/>\n\t<meta name=\"twitter:data2\" content=\"2 minutes\" \/>\n<script type=\"application\/ld+json\" class=\"yoast-schema-graph\">{\"@context\":\"https:\\\/\\\/schema.org\",\"@graph\":[{\"@type\":\"Article\",\"@id\":\"https:\\\/\\\/www.sebastien-auziere.fr\\\/blog\\\/de\\\/brigitte-macron-begeistert-den-vatikan-mit-einer-franzosischen-handtasche-der-extraklasse-im-wert-von-2600-euro-bei-ihrem-treffen-mit-dem-papst\\\/#article\",\"isPartOf\":{\"@id\":\"https:\\\/\\\/www.sebastien-auziere.fr\\\/blog\\\/de\\\/brigitte-macron-begeistert-den-vatikan-mit-einer-franzosischen-handtasche-der-extraklasse-im-wert-von-2600-euro-bei-ihrem-treffen-mit-dem-papst\\\/\"},\"author\":{\"name\":\"Chloe Gauthier\",\"@id\":\"https:\\\/\\\/www.sebastien-auziere.fr\\\/blog\\\/#\\\/schema\\\/person\\\/149f1acdbfd85149c6c3e59adeae2f4d\"},\"headline\":\"Brigitte Macron begeistert den Vatikan mit einer franz\u00f6sischen Handtasche der Extraklasse im Wert von 2600 Euro bei ihrem Treffen mit dem Papst\",\"datePublished\":\"2026-04-14T19:07:07+00:00\",\"dateModified\":\"2026-04-14T19:07:33+00:00\",\"mainEntityOfPage\":{\"@id\":\"https:\\\/\\\/www.sebastien-auziere.fr\\\/blog\\\/de\\\/brigitte-macron-begeistert-den-vatikan-mit-einer-franzosischen-handtasche-der-extraklasse-im-wert-von-2600-euro-bei-ihrem-treffen-mit-dem-papst\\\/\"},\"wordCount\":484,\"commentCount\":0,\"publisher\":{\"@id\":\"https:\\\/\\\/www.sebastien-auziere.fr\\\/blog\\\/#organization\"},\"image\":{\"@id\":\"https:\\\/\\\/www.sebastien-auziere.fr\\\/blog\\\/de\\\/brigitte-macron-begeistert-den-vatikan-mit-einer-franzosischen-handtasche-der-extraklasse-im-wert-von-2600-euro-bei-ihrem-treffen-mit-dem-papst\\\/#primaryimage\"},\"thumbnailUrl\":\"https:\\\/\\\/www.sebastien-auziere.fr\\\/blog\\\/wp-content\\\/uploads\\\/2026\\\/04\\\/Brigitte-Macron-eblouit-le-Vatican-avec-un-sac-francais-dexception-a-2600-euros-pour-sa-rencontre-avec-le-pape.jpg\",\"keywords\":[\"brigitte macron\",\"mode de luxe\",\"papa\",\"sack deutsch\",\"vatican\"],\"articleSection\":[\"Aktuelles\"],\"inLanguage\":\"fr-FR\",\"potentialAction\":[{\"@type\":\"CommentAction\",\"name\":\"Comment\",\"target\":[\"https:\\\/\\\/www.sebastien-auziere.fr\\\/blog\\\/de\\\/brigitte-macron-begeistert-den-vatikan-mit-einer-franzosischen-handtasche-der-extraklasse-im-wert-von-2600-euro-bei-ihrem-treffen-mit-dem-papst\\\/#respond\"]}]},{\"@type\":\"WebPage\",\"@id\":\"https:\\\/\\\/www.sebastien-auziere.fr\\\/blog\\\/de\\\/brigitte-macron-begeistert-den-vatikan-mit-einer-franzosischen-handtasche-der-extraklasse-im-wert-von-2600-euro-bei-ihrem-treffen-mit-dem-papst\\\/\",\"url\":\"https:\\\/\\\/www.sebastien-auziere.fr\\\/blog\\\/de\\\/brigitte-macron-begeistert-den-vatikan-mit-einer-franzosischen-handtasche-der-extraklasse-im-wert-von-2600-euro-bei-ihrem-treffen-mit-dem-papst\\\/\",\"name\":\"Brigitte Macron begeistert den Vatikan mit einer franz\u00f6sischen Handtasche der Extraklasse im Wert von 2600 Euro bei ihrem Treffen mit dem Papst - Fan site S\u00e9bastien Auzi\u00e8re\",\"isPartOf\":{\"@id\":\"https:\\\/\\\/www.sebastien-auziere.fr\\\/blog\\\/#website\"},\"primaryImageOfPage\":{\"@id\":\"https:\\\/\\\/www.sebastien-auziere.fr\\\/blog\\\/de\\\/brigitte-macron-begeistert-den-vatikan-mit-einer-franzosischen-handtasche-der-extraklasse-im-wert-von-2600-euro-bei-ihrem-treffen-mit-dem-papst\\\/#primaryimage\"},\"image\":{\"@id\":\"https:\\\/\\\/www.sebastien-auziere.fr\\\/blog\\\/de\\\/brigitte-macron-begeistert-den-vatikan-mit-einer-franzosischen-handtasche-der-extraklasse-im-wert-von-2600-euro-bei-ihrem-treffen-mit-dem-papst\\\/#primaryimage\"},\"thumbnailUrl\":\"https:\\\/\\\/www.sebastien-auziere.fr\\\/blog\\\/wp-content\\\/uploads\\\/2026\\\/04\\\/Brigitte-Macron-eblouit-le-Vatican-avec-un-sac-francais-dexception-a-2600-euros-pour-sa-rencontre-avec-le-pape.jpg\",\"datePublished\":\"2026-04-14T19:07:07+00:00\",\"dateModified\":\"2026-04-14T19:07:33+00:00\",\"description\":\"Brigitte Macron charme le Vatican avec un sac fran\u00e7ais d\u2019exception \u00e0 2600\u20ac lors de sa rencontre avec le pape, alliant \u00e9l\u00e9gance et luxe fran\u00e7ais.\",\"breadcrumb\":{\"@id\":\"https:\\\/\\\/www.sebastien-auziere.fr\\\/blog\\\/de\\\/brigitte-macron-begeistert-den-vatikan-mit-einer-franzosischen-handtasche-der-extraklasse-im-wert-von-2600-euro-bei-ihrem-treffen-mit-dem-papst\\\/#breadcrumb\"},\"inLanguage\":\"fr-FR\",\"potentialAction\":[{\"@type\":\"ReadAction\",\"target\":[\"https:\\\/\\\/www.sebastien-auziere.fr\\\/blog\\\/de\\\/brigitte-macron-begeistert-den-vatikan-mit-einer-franzosischen-handtasche-der-extraklasse-im-wert-von-2600-euro-bei-ihrem-treffen-mit-dem-papst\\\/\"]}]},{\"@type\":\"ImageObject\",\"inLanguage\":\"fr-FR\",\"@id\":\"https:\\\/\\\/www.sebastien-auziere.fr\\\/blog\\\/de\\\/brigitte-macron-begeistert-den-vatikan-mit-einer-franzosischen-handtasche-der-extraklasse-im-wert-von-2600-euro-bei-ihrem-treffen-mit-dem-papst\\\/#primaryimage\",\"url\":\"https:\\\/\\\/www.sebastien-auziere.fr\\\/blog\\\/wp-content\\\/uploads\\\/2026\\\/04\\\/Brigitte-Macron-eblouit-le-Vatican-avec-un-sac-francais-dexception-a-2600-euros-pour-sa-rencontre-avec-le-pape.jpg\",\"contentUrl\":\"https:\\\/\\\/www.sebastien-auziere.fr\\\/blog\\\/wp-content\\\/uploads\\\/2026\\\/04\\\/Brigitte-Macron-eblouit-le-Vatican-avec-un-sac-francais-dexception-a-2600-euros-pour-sa-rencontre-avec-le-pape.jpg\",\"width\":2560,\"height\":1429,\"caption\":\"d\u00e9couvrez comment brigitte macron a impressionn\u00e9 le vatican lors de sa rencontre avec le pape, arborant un sac fran\u00e7ais d'exception \u00e0 2600 euros, symbole d'\u00e9l\u00e9gance et de luxe \u00e0 la fran\u00e7aise.\"},{\"@type\":\"BreadcrumbList\",\"@id\":\"https:\\\/\\\/www.sebastien-auziere.fr\\\/blog\\\/de\\\/brigitte-macron-begeistert-den-vatikan-mit-einer-franzosischen-handtasche-der-extraklasse-im-wert-von-2600-euro-bei-ihrem-treffen-mit-dem-papst\\\/#breadcrumb\",\"itemListElement\":[{\"@type\":\"ListItem\",\"position\":1,\"name\":\"Home\",\"item\":\"https:\\\/\\\/www.sebastien-auziere.fr\\\/blog\\\/\"},{\"@type\":\"ListItem\",\"position\":2,\"name\":\"Brigitte Macron begeistert den Vatikan mit einer franz\u00f6sischen Handtasche der Extraklasse im Wert von 2600 Euro bei ihrem Treffen mit dem Papst\"}]},{\"@type\":\"WebSite\",\"@id\":\"https:\\\/\\\/www.sebastien-auziere.fr\\\/blog\\\/#website\",\"url\":\"https:\\\/\\\/www.sebastien-auziere.fr\\\/blog\\\/\",\"name\":\"Fan site S\u00e9bastien Auzi\u00e8re\",\"description\":\"M\u00e9dia g\u00e9n\u00e9raliste\",\"publisher\":{\"@id\":\"https:\\\/\\\/www.sebastien-auziere.fr\\\/blog\\\/#organization\"},\"potentialAction\":[{\"@type\":\"SearchAction\",\"target\":{\"@type\":\"EntryPoint\",\"urlTemplate\":\"https:\\\/\\\/www.sebastien-auziere.fr\\\/blog\\\/?s={search_term_string}\"},\"query-input\":{\"@type\":\"PropertyValueSpecification\",\"valueRequired\":true,\"valueName\":\"search_term_string\"}}],\"inLanguage\":\"fr-FR\"},{\"@type\":\"Organization\",\"@id\":\"https:\\\/\\\/www.sebastien-auziere.fr\\\/blog\\\/#organization\",\"name\":\"Fan site S\u00e9bastien Auzi\u00e8re\",\"url\":\"https:\\\/\\\/www.sebastien-auziere.fr\\\/blog\\\/\",\"logo\":{\"@type\":\"ImageObject\",\"inLanguage\":\"fr-FR\",\"@id\":\"https:\\\/\\\/www.sebastien-auziere.fr\\\/blog\\\/#\\\/schema\\\/logo\\\/image\\\/\",\"url\":\"https:\\\/\\\/www.sebastien-auziere.fr\\\/blog\\\/wp-content\\\/uploads\\\/2026\\\/03\\\/cropped-cropped-cropped-ChatGPT-Image-6-mars-2026-12_58_09-e1772798376794.jpg\",\"contentUrl\":\"https:\\\/\\\/www.sebastien-auziere.fr\\\/blog\\\/wp-content\\\/uploads\\\/2026\\\/03\\\/cropped-cropped-cropped-ChatGPT-Image-6-mars-2026-12_58_09-e1772798376794.jpg\",\"width\":512,\"height\":360,\"caption\":\"Fan site S\u00e9bastien Auzi\u00e8re\"},\"image\":{\"@id\":\"https:\\\/\\\/www.sebastien-auziere.fr\\\/blog\\\/#\\\/schema\\\/logo\\\/image\\\/\"}},{\"@type\":\"Person\",\"@id\":\"https:\\\/\\\/www.sebastien-auziere.fr\\\/blog\\\/#\\\/schema\\\/person\\\/149f1acdbfd85149c6c3e59adeae2f4d\",\"name\":\"Chloe Gauthier\",\"image\":{\"@type\":\"ImageObject\",\"inLanguage\":\"fr-FR\",\"@id\":\"https:\\\/\\\/secure.gravatar.com\\\/avatar\\\/2c5722f58171cff738a8985ef0dd66b476e563753246a49019befc837ec4201a?s=96&d=mm&r=g\",\"url\":\"https:\\\/\\\/secure.gravatar.com\\\/avatar\\\/2c5722f58171cff738a8985ef0dd66b476e563753246a49019befc837ec4201a?s=96&d=mm&r=g\",\"contentUrl\":\"https:\\\/\\\/secure.gravatar.com\\\/avatar\\\/2c5722f58171cff738a8985ef0dd66b476e563753246a49019befc837ec4201a?s=96&d=mm&r=g\",\"caption\":\"Chloe Gauthier\"},\"description\":\"Passionn\u00e9e par la politique et admiratrice engag\u00e9e de la famille Macron, je consacre mon \u00e9nergie \u00e0 suivre leurs initiatives et \u00e0 promouvoir leurs id\u00e9es. \u00c0 32 ans, je suis convaincue que leur vision est porteuse d'avenir.\",\"url\":\"https:\\\/\\\/www.sebastien-auziere.fr\\\/blog\\\/author\\\/chloe-gauthier\\\/\"}]}<\/script>\n<!-- \/ Yoast SEO plugin. -->","yoast_head_json":{"title":"Brigitte Macron begeistert den Vatikan mit einer franz\u00f6sischen Handtasche der Extraklasse im Wert von 2600 Euro bei ihrem Treffen mit dem Papst - Fan site S\u00e9bastien Auzi\u00e8re","description":"Brigitte Macron charme le Vatican avec un sac fran\u00e7ais d\u2019exception \u00e0 2600\u20ac lors de sa rencontre avec le pape, alliant \u00e9l\u00e9gance et luxe fran\u00e7ais.","robots":{"index":"index","follow":"follow","max-snippet":"max-snippet:-1","max-image-preview":"max-image-preview:large","max-video-preview":"max-video-preview:-1"},"canonical":"https:\/\/www.sebastien-auziere.fr\/blog\/de\/brigitte-macron-begeistert-den-vatikan-mit-einer-franzosischen-handtasche-der-extraklasse-im-wert-von-2600-euro-bei-ihrem-treffen-mit-dem-papst\/","og_locale":"fr_FR","og_type":"article","og_title":"Brigitte Macron begeistert den Vatikan mit einer franz\u00f6sischen Handtasche der Extraklasse im Wert von 2600 Euro bei ihrem Treffen mit dem Papst - Fan site S\u00e9bastien Auzi\u00e8re","og_description":"Brigitte Macron charme le Vatican avec un sac fran\u00e7ais d\u2019exception \u00e0 2600\u20ac lors de sa rencontre avec le pape, alliant \u00e9l\u00e9gance et luxe fran\u00e7ais.","og_url":"https:\/\/www.sebastien-auziere.fr\/blog\/de\/brigitte-macron-begeistert-den-vatikan-mit-einer-franzosischen-handtasche-der-extraklasse-im-wert-von-2600-euro-bei-ihrem-treffen-mit-dem-papst\/","og_site_name":"Fan site S\u00e9bastien Auzi\u00e8re","article_published_time":"2026-04-14T19:07:07+00:00","article_modified_time":"2026-04-14T19:07:33+00:00","og_image":[{"width":2560,"height":1429,"url":"https:\/\/www.sebastien-auziere.fr\/blog\/wp-content\/uploads\/2026\/04\/Brigitte-Macron-eblouit-le-Vatican-avec-un-sac-francais-dexception-a-2600-euros-pour-sa-rencontre-avec-le-pape.jpg","type":"image\/jpeg"}],"author":"Chloe Gauthier","twitter_card":"summary_large_image","twitter_misc":{"\u00c9crit par":"Chloe Gauthier","Dur\u00e9e de lecture estim\u00e9e":"2 minutes"},"schema":{"@context":"https:\/\/schema.org","@graph":[{"@type":"Article","@id":"https:\/\/www.sebastien-auziere.fr\/blog\/de\/brigitte-macron-begeistert-den-vatikan-mit-einer-franzosischen-handtasche-der-extraklasse-im-wert-von-2600-euro-bei-ihrem-treffen-mit-dem-papst\/#article","isPartOf":{"@id":"https:\/\/www.sebastien-auziere.fr\/blog\/de\/brigitte-macron-begeistert-den-vatikan-mit-einer-franzosischen-handtasche-der-extraklasse-im-wert-von-2600-euro-bei-ihrem-treffen-mit-dem-papst\/"},"author":{"name":"Chloe Gauthier","@id":"https:\/\/www.sebastien-auziere.fr\/blog\/#\/schema\/person\/149f1acdbfd85149c6c3e59adeae2f4d"},"headline":"Brigitte Macron begeistert den Vatikan mit einer franz\u00f6sischen Handtasche der Extraklasse im Wert von 2600 Euro bei ihrem Treffen mit dem Papst","datePublished":"2026-04-14T19:07:07+00:00","dateModified":"2026-04-14T19:07:33+00:00","mainEntityOfPage":{"@id":"https:\/\/www.sebastien-auziere.fr\/blog\/de\/brigitte-macron-begeistert-den-vatikan-mit-einer-franzosischen-handtasche-der-extraklasse-im-wert-von-2600-euro-bei-ihrem-treffen-mit-dem-papst\/"},"wordCount":484,"commentCount":0,"publisher":{"@id":"https:\/\/www.sebastien-auziere.fr\/blog\/#organization"},"image":{"@id":"https:\/\/www.sebastien-auziere.fr\/blog\/de\/brigitte-macron-begeistert-den-vatikan-mit-einer-franzosischen-handtasche-der-extraklasse-im-wert-von-2600-euro-bei-ihrem-treffen-mit-dem-papst\/#primaryimage"},"thumbnailUrl":"https:\/\/www.sebastien-auziere.fr\/blog\/wp-content\/uploads\/2026\/04\/Brigitte-Macron-eblouit-le-Vatican-avec-un-sac-francais-dexception-a-2600-euros-pour-sa-rencontre-avec-le-pape.jpg","keywords":["brigitte macron","mode de luxe","papa","sack deutsch","vatican"],"articleSection":["Aktuelles"],"inLanguage":"fr-FR","potentialAction":[{"@type":"CommentAction","name":"Comment","target":["https:\/\/www.sebastien-auziere.fr\/blog\/de\/brigitte-macron-begeistert-den-vatikan-mit-einer-franzosischen-handtasche-der-extraklasse-im-wert-von-2600-euro-bei-ihrem-treffen-mit-dem-papst\/#respond"]}]},{"@type":"WebPage","@id":"https:\/\/www.sebastien-auziere.fr\/blog\/de\/brigitte-macron-begeistert-den-vatikan-mit-einer-franzosischen-handtasche-der-extraklasse-im-wert-von-2600-euro-bei-ihrem-treffen-mit-dem-papst\/","url":"https:\/\/www.sebastien-auziere.fr\/blog\/de\/brigitte-macron-begeistert-den-vatikan-mit-einer-franzosischen-handtasche-der-extraklasse-im-wert-von-2600-euro-bei-ihrem-treffen-mit-dem-papst\/","name":"Brigitte Macron begeistert den Vatikan mit einer franz\u00f6sischen Handtasche der Extraklasse im Wert von 2600 Euro bei ihrem Treffen mit dem Papst - Fan site S\u00e9bastien Auzi\u00e8re","isPartOf":{"@id":"https:\/\/www.sebastien-auziere.fr\/blog\/#website"},"primaryImageOfPage":{"@id":"https:\/\/www.sebastien-auziere.fr\/blog\/de\/brigitte-macron-begeistert-den-vatikan-mit-einer-franzosischen-handtasche-der-extraklasse-im-wert-von-2600-euro-bei-ihrem-treffen-mit-dem-papst\/#primaryimage"},"image":{"@id":"https:\/\/www.sebastien-auziere.fr\/blog\/de\/brigitte-macron-begeistert-den-vatikan-mit-einer-franzosischen-handtasche-der-extraklasse-im-wert-von-2600-euro-bei-ihrem-treffen-mit-dem-papst\/#primaryimage"},"thumbnailUrl":"https:\/\/www.sebastien-auziere.fr\/blog\/wp-content\/uploads\/2026\/04\/Brigitte-Macron-eblouit-le-Vatican-avec-un-sac-francais-dexception-a-2600-euros-pour-sa-rencontre-avec-le-pape.jpg","datePublished":"2026-04-14T19:07:07+00:00","dateModified":"2026-04-14T19:07:33+00:00","description":"Brigitte Macron charme le Vatican avec un sac fran\u00e7ais d\u2019exception \u00e0 2600\u20ac lors de sa rencontre avec le pape, alliant \u00e9l\u00e9gance et luxe fran\u00e7ais.","breadcrumb":{"@id":"https:\/\/www.sebastien-auziere.fr\/blog\/de\/brigitte-macron-begeistert-den-vatikan-mit-einer-franzosischen-handtasche-der-extraklasse-im-wert-von-2600-euro-bei-ihrem-treffen-mit-dem-papst\/#breadcrumb"},"inLanguage":"fr-FR","potentialAction":[{"@type":"ReadAction","target":["https:\/\/www.sebastien-auziere.fr\/blog\/de\/brigitte-macron-begeistert-den-vatikan-mit-einer-franzosischen-handtasche-der-extraklasse-im-wert-von-2600-euro-bei-ihrem-treffen-mit-dem-papst\/"]}]},{"@type":"ImageObject","inLanguage":"fr-FR","@id":"https:\/\/www.sebastien-auziere.fr\/blog\/de\/brigitte-macron-begeistert-den-vatikan-mit-einer-franzosischen-handtasche-der-extraklasse-im-wert-von-2600-euro-bei-ihrem-treffen-mit-dem-papst\/#primaryimage","url":"https:\/\/www.sebastien-auziere.fr\/blog\/wp-content\/uploads\/2026\/04\/Brigitte-Macron-eblouit-le-Vatican-avec-un-sac-francais-dexception-a-2600-euros-pour-sa-rencontre-avec-le-pape.jpg","contentUrl":"https:\/\/www.sebastien-auziere.fr\/blog\/wp-content\/uploads\/2026\/04\/Brigitte-Macron-eblouit-le-Vatican-avec-un-sac-francais-dexception-a-2600-euros-pour-sa-rencontre-avec-le-pape.jpg","width":2560,"height":1429,"caption":"d\u00e9couvrez comment brigitte macron a impressionn\u00e9 le vatican lors de sa rencontre avec le pape, arborant un sac fran\u00e7ais d'exception \u00e0 2600 euros, symbole d'\u00e9l\u00e9gance et de luxe \u00e0 la fran\u00e7aise."},{"@type":"BreadcrumbList","@id":"https:\/\/www.sebastien-auziere.fr\/blog\/de\/brigitte-macron-begeistert-den-vatikan-mit-einer-franzosischen-handtasche-der-extraklasse-im-wert-von-2600-euro-bei-ihrem-treffen-mit-dem-papst\/#breadcrumb","itemListElement":[{"@type":"ListItem","position":1,"name":"Home","item":"https:\/\/www.sebastien-auziere.fr\/blog\/"},{"@type":"ListItem","position":2,"name":"Brigitte Macron begeistert den Vatikan mit einer franz\u00f6sischen Handtasche der Extraklasse im Wert von 2600 Euro bei ihrem Treffen mit dem Papst"}]},{"@type":"WebSite","@id":"https:\/\/www.sebastien-auziere.fr\/blog\/#website","url":"https:\/\/www.sebastien-auziere.fr\/blog\/","name":"Fan site S\u00e9bastien Auzi\u00e8re","description":"M\u00e9dia g\u00e9n\u00e9raliste","publisher":{"@id":"https:\/\/www.sebastien-auziere.fr\/blog\/#organization"},"potentialAction":[{"@type":"SearchAction","target":{"@type":"EntryPoint","urlTemplate":"https:\/\/www.sebastien-auziere.fr\/blog\/?s={search_term_string}"},"query-input":{"@type":"PropertyValueSpecification","valueRequired":true,"valueName":"search_term_string"}}],"inLanguage":"fr-FR"},{"@type":"Organization","@id":"https:\/\/www.sebastien-auziere.fr\/blog\/#organization","name":"Fan site S\u00e9bastien Auzi\u00e8re","url":"https:\/\/www.sebastien-auziere.fr\/blog\/","logo":{"@type":"ImageObject","inLanguage":"fr-FR","@id":"https:\/\/www.sebastien-auziere.fr\/blog\/#\/schema\/logo\/image\/","url":"https:\/\/www.sebastien-auziere.fr\/blog\/wp-content\/uploads\/2026\/03\/cropped-cropped-cropped-ChatGPT-Image-6-mars-2026-12_58_09-e1772798376794.jpg","contentUrl":"https:\/\/www.sebastien-auziere.fr\/blog\/wp-content\/uploads\/2026\/03\/cropped-cropped-cropped-ChatGPT-Image-6-mars-2026-12_58_09-e1772798376794.jpg","width":512,"height":360,"caption":"Fan site S\u00e9bastien Auzi\u00e8re"},"image":{"@id":"https:\/\/www.sebastien-auziere.fr\/blog\/#\/schema\/logo\/image\/"}},{"@type":"Person","@id":"https:\/\/www.sebastien-auziere.fr\/blog\/#\/schema\/person\/149f1acdbfd85149c6c3e59adeae2f4d","name":"Chloe Gauthier","image":{"@type":"ImageObject","inLanguage":"fr-FR","@id":"https:\/\/secure.gravatar.com\/avatar\/2c5722f58171cff738a8985ef0dd66b476e563753246a49019befc837ec4201a?s=96&d=mm&r=g","url":"https:\/\/secure.gravatar.com\/avatar\/2c5722f58171cff738a8985ef0dd66b476e563753246a49019befc837ec4201a?s=96&d=mm&r=g","contentUrl":"https:\/\/secure.gravatar.com\/avatar\/2c5722f58171cff738a8985ef0dd66b476e563753246a49019befc837ec4201a?s=96&d=mm&r=g","caption":"Chloe Gauthier"},"description":"Passionn\u00e9e par la politique et admiratrice engag\u00e9e de la famille Macron, je consacre mon \u00e9nergie \u00e0 suivre leurs initiatives et \u00e0 promouvoir leurs id\u00e9es. \u00c0 32 ans, je suis convaincue que leur vision est porteuse d'avenir.","url":"https:\/\/www.sebastien-auziere.fr\/blog\/author\/chloe-gauthier\/"}]}},"views":2,"_links":{"self":[{"href":"https:\/\/www.sebastien-auziere.fr\/blog\/wp-json\/wp\/v2\/posts\/3024","targetHints":{"allow":["GET"]}}],"collection":[{"href":"https:\/\/www.sebastien-auziere.fr\/blog\/wp-json\/wp\/v2\/posts"}],"about":[{"href":"https:\/\/www.sebastien-auziere.fr\/blog\/wp-json\/wp\/v2\/types\/post"}],"author":[{"embeddable":true,"href":"https:\/\/www.sebastien-auziere.fr\/blog\/wp-json\/wp\/v2\/users\/9"}],"replies":[{"embeddable":true,"href":"https:\/\/www.sebastien-auziere.fr\/blog\/wp-json\/wp\/v2\/comments?post=3024"}],"version-history":[{"count":1,"href":"https:\/\/www.sebastien-auziere.fr\/blog\/wp-json\/wp\/v2\/posts\/3024\/revisions"}],"predecessor-version":[{"id":3025,"href":"https:\/\/www.sebastien-auziere.fr\/blog\/wp-json\/wp\/v2\/posts\/3024\/revisions\/3025"}],"wp:featuredmedia":[{"embeddable":true,"href":"https:\/\/www.sebastien-auziere.fr\/blog\/wp-json\/wp\/v2\/media\/3018"}],"wp:attachment":[{"href":"https:\/\/www.sebastien-auziere.fr\/blog\/wp-json\/wp\/v2\/media?parent=3024"}],"wp:term":[{"taxonomy":"category","embeddable":true,"href":"https:\/\/www.sebastien-auziere.fr\/blog\/wp-json\/wp\/v2\/categories?post=3024"},{"taxonomy":"post_tag","embeddable":true,"href":"https:\/\/www.sebastien-auziere.fr\/blog\/wp-json\/wp\/v2\/tags?post=3024"}],"curies":[{"name":"wp","href":"https:\/\/api.w.org\/{rel}","templated":true}]}}