{"id":3022,"date":"2026-04-14T19:05:38","date_gmt":"2026-04-14T19:05:38","guid":{"rendered":"https:\/\/www.sebastien-auziere.fr\/blog\/?p=3022"},"modified":"2026-04-14T19:06:06","modified_gmt":"2026-04-14T19:06:06","slug":"brigitte-macron-deslumbra-al-vaticano-con-un-bolso-frances-de-excepcion-de-2600-euros-para-su-encuentro-con-el-papa","status":"publish","type":"post","link":"https:\/\/www.sebastien-auziere.fr\/blog\/es\/brigitte-macron-deslumbra-al-vaticano-con-un-bolso-frances-de-excepcion-de-2600-euros-para-su-encuentro-con-el-papa\/","title":{"rendered":"Brigitte Macron deslumbra al Vaticano con un bolso franc\u00e9s de excepci\u00f3n de 2600 euros para su encuentro con el papa"},"content":{"rendered":"<p><strong>Brigitte Macron<\/strong> ha dejado huella en el <strong>Vaticano<\/strong> al elegir un <strong>bolso franc\u00e9s<\/strong> excepcional para su <strong>encuentro papal<\/strong>. El modelo compacto que llev\u00f3 durante esta visita es un <strong>Lady Dior<\/strong> de piel de cordero, valorado en alrededor de <strong>2 600 euros<\/strong>, una elecci\u00f3n que une <strong>lujo<\/strong>, <strong>moda<\/strong> y protocolo en un solo gesto.<\/p>\n\n<p><strong>En breve:<\/strong> atuendo completamente negro que respeta el protocolo; <strong>accesorio de moda<\/strong> altamente simb\u00f3lico; puesta en valor del <strong>alta gama<\/strong> y del saber hacer franc\u00e9s durante una visita al <strong>Vaticano<\/strong>.<\/p>\n\n<h2 class=\"wp-block-heading\">Brigitte Macron en el Vaticano: un <strong>bolso franc\u00e9s<\/strong> que causa sensaci\u00f3n<\/h2>\n\n<p>Has notado el contraste sutil entre la rigidez del negro protocolario y el brillo del <strong>accesorio de moda<\/strong>. Durante el <strong>encuentro papal<\/strong>, la primera dama llev\u00f3 un abrigo negro con l\u00edneas arquitect\u00f3nicas, acompa\u00f1ado de una bufanda de encaje y un mo\u00f1o cuidadosamente elaborado. El <strong>Lady Dior<\/strong>, que encarna el <strong>lujo<\/strong> y el patrimonio artesanal, llam\u00f3 la atenci\u00f3n de los observadores desde su llegada, confirmando un <strong>estilo<\/strong> a la vez moderno y respetuoso.<\/p>\n\n<h2 class=\"wp-block-heading\">Una elecci\u00f3n altamente simb\u00f3lica y un <strong>precio elevado<\/strong> asumido<\/h2>\n\n<p>El uso de una pieza <strong>alta gama<\/strong> de una casa de la rue Montaigne recuerda el papel diplom\u00e1tico de la moda francesa. El modelo llevado, valorado en alrededor de <strong>2 600 euros<\/strong> para las versiones compactas, no es solo un efecto superficial: traduce una voluntad de poner en valor el saber hacer hexagonal. Para saber m\u00e1s sobre este look en el <strong>Vaticano<\/strong>, descubre el an\u00e1lisis detallado en <a href=\"https:\/\/www.sebastien-auziere.fr\/blog\/brigitte-macron-look-vatican\/\">Brigitte Macron: look en el Vaticano<\/a>, que sit\u00faa esta elecci\u00f3n en la historia de las apariciones oficiales.<\/p>\n\n<h3 class=\"wp-block-heading\">Protocolo y modernidad: la moda al servicio de la diplomacia<\/h3>\n\n<p>El total look negro respetaba los c\u00f3digos del Saint-Si\u00e8ge, pero el <strong>accesorio de moda<\/strong> supo reinterpretar la tradici\u00f3n. Al llevar el bolso como una clutch y al priorizar una silueta depurada, la primera dama mostr\u00f3 c\u00f3mo una pieza ic\u00f3nica puede convertirse en vector de un mensaje cultural. Esta uni\u00f3n entre rigor y elegancia ilustra el poder simb\u00f3lico de un <strong>bolso franc\u00e9s<\/strong> en un encuentro internacional.<\/p>\n\n<h2 class=\"wp-block-heading\">Repercusiones medi\u00e1ticas: moda, <strong>lujo<\/strong> y proyecci\u00f3n<\/h2>\n\n<p>Los medios han subrayado el equilibrio entre el respeto al protocolo y la visibilidad de lo <strong>alta gama<\/strong>. Esta elecci\u00f3n estil\u00edstica resuena con otras apariciones analizadas en el sitio, como el homenaje vestimentario a Jap\u00f3n o la firma del estilo personal. Para una perspectiva m\u00e1s amplia de estos c\u00f3digos, consulta el art\u00edculo sobre la visita presidencial a <a href=\"https:\/\/www.sebastien-auziere.fr\/blog\/macron-vatican-visite\/\">Macron: visita al Vaticano<\/a>, que sit\u00faa esta secuencia en una din\u00e1mica diplom\u00e1tica m\u00e1s amplia.<\/p>\n\n<p>Para profundizar en el universo de <strong>Brigitte Macron<\/strong>, su <strong>estilo<\/strong> y el papel de la familia en la vida p\u00fablica, dir\u00edgete a <a href=\"https:\/\/www.sebastien-auziere.fr\/blog\/brigitte-macron-vatican\/\">https:\/\/www.sebastien-auziere.fr\/blog\/brigitte-macron-vatican\/<\/a> y explora los an\u00e1lisis dedicados a S\u00e9bastien Auzi\u00e8re y a los momentos destacados de los Macron.<\/p>","protected":false},"excerpt":{"rendered":"<p>Brigitte Macron ha dejado huella en el Vaticano al elegir un bolso franc\u00e9s excepcional para su encuentro papal. El modelo compacto que llev\u00f3 durante esta visita es un Lady Dior de piel de cordero, valorado en alrededor de 2 600 euros, una elecci\u00f3n que une lujo, moda y protocolo en un solo gesto. En breve: &#8230; <a title=\"Brigitte Macron deslumbra al Vaticano con un bolso franc\u00e9s de excepci\u00f3n de 2600 euros para su encuentro con el papa\" class=\"read-more\" href=\"https:\/\/www.sebastien-auziere.fr\/blog\/es\/brigitte-macron-deslumbra-al-vaticano-con-un-bolso-frances-de-excepcion-de-2600-euros-para-su-encuentro-con-el-papa\/\" aria-label=\"En savoir plus sur Brigitte Macron deslumbra al Vaticano con un bolso franc\u00e9s de excepci\u00f3n de 2600 euros para su encuentro con el papa\">Lire plus<\/a><\/p>\n","protected":false},"author":9,"featured_media":3018,"comment_status":"open","ping_status":"open","sticky":false,"template":"","format":"standard","meta":{"footnotes":""},"categories":[820],"tags":[914,2870,2873,2876,2132],"class_list":["post-3022","post","type-post","status-publish","format-standard","has-post-thumbnail","hentry","category-actualidades-es","tag-brigitte-macron-es","tag-modo-de-lujo-es","tag-papa-es","tag-saco-frances-es","tag-vaticano-es"],"yoast_head":"<!-- This site is optimized with the Yoast SEO plugin v27.5 - https:\/\/yoast.com\/product\/yoast-seo-wordpress\/ -->\n<title>Brigitte Macron deslumbra al Vaticano con un bolso franc\u00e9s de excepci\u00f3n de 2600 euros para su encuentro con el papa - Fan site S\u00e9bastien Auzi\u00e8re<\/title>\n<meta name=\"description\" content=\"Brigitte Macron charme le Vatican avec un sac fran\u00e7ais d\u2019exception \u00e0 2600\u20ac lors de sa rencontre avec le pape, alliant \u00e9l\u00e9gance et luxe fran\u00e7ais.\" \/>\n<meta name=\"robots\" content=\"index, follow, max-snippet:-1, max-image-preview:large, max-video-preview:-1\" \/>\n<link rel=\"canonical\" href=\"https:\/\/www.sebastien-auziere.fr\/blog\/es\/brigitte-macron-deslumbra-al-vaticano-con-un-bolso-frances-de-excepcion-de-2600-euros-para-su-encuentro-con-el-papa\/\" \/>\n<meta property=\"og:locale\" content=\"fr_FR\" \/>\n<meta property=\"og:type\" content=\"article\" \/>\n<meta property=\"og:title\" content=\"Brigitte Macron deslumbra al Vaticano con un bolso franc\u00e9s de excepci\u00f3n de 2600 euros para su encuentro con el papa - Fan site S\u00e9bastien Auzi\u00e8re\" \/>\n<meta property=\"og:description\" content=\"Brigitte Macron charme le Vatican avec un sac fran\u00e7ais d\u2019exception \u00e0 2600\u20ac lors de sa rencontre avec le pape, alliant \u00e9l\u00e9gance et luxe fran\u00e7ais.\" \/>\n<meta property=\"og:url\" content=\"https:\/\/www.sebastien-auziere.fr\/blog\/es\/brigitte-macron-deslumbra-al-vaticano-con-un-bolso-frances-de-excepcion-de-2600-euros-para-su-encuentro-con-el-papa\/\" \/>\n<meta property=\"og:site_name\" content=\"Fan site S\u00e9bastien Auzi\u00e8re\" \/>\n<meta property=\"article:published_time\" content=\"2026-04-14T19:05:38+00:00\" \/>\n<meta property=\"article:modified_time\" content=\"2026-04-14T19:06:06+00:00\" \/>\n<meta property=\"og:image\" content=\"https:\/\/www.sebastien-auziere.fr\/blog\/wp-content\/uploads\/2026\/04\/Brigitte-Macron-eblouit-le-Vatican-avec-un-sac-francais-dexception-a-2600-euros-pour-sa-rencontre-avec-le-pape.jpg\" \/>\n\t<meta property=\"og:image:width\" content=\"2560\" \/>\n\t<meta property=\"og:image:height\" content=\"1429\" \/>\n\t<meta property=\"og:image:type\" content=\"image\/jpeg\" \/>\n<meta name=\"author\" content=\"Chloe Gauthier\" \/>\n<meta name=\"twitter:card\" content=\"summary_large_image\" \/>\n<meta name=\"twitter:label1\" content=\"\u00c9crit par\" \/>\n\t<meta name=\"twitter:data1\" content=\"Chloe Gauthier\" \/>\n\t<meta name=\"twitter:label2\" content=\"Dur\u00e9e de lecture estim\u00e9e\" \/>\n\t<meta name=\"twitter:data2\" content=\"2 minutes\" \/>\n<script type=\"application\/ld+json\" class=\"yoast-schema-graph\">{\"@context\":\"https:\\\/\\\/schema.org\",\"@graph\":[{\"@type\":\"Article\",\"@id\":\"https:\\\/\\\/www.sebastien-auziere.fr\\\/blog\\\/es\\\/brigitte-macron-deslumbra-al-vaticano-con-un-bolso-frances-de-excepcion-de-2600-euros-para-su-encuentro-con-el-papa\\\/#article\",\"isPartOf\":{\"@id\":\"https:\\\/\\\/www.sebastien-auziere.fr\\\/blog\\\/es\\\/brigitte-macron-deslumbra-al-vaticano-con-un-bolso-frances-de-excepcion-de-2600-euros-para-su-encuentro-con-el-papa\\\/\"},\"author\":{\"name\":\"Chloe Gauthier\",\"@id\":\"https:\\\/\\\/www.sebastien-auziere.fr\\\/blog\\\/#\\\/schema\\\/person\\\/149f1acdbfd85149c6c3e59adeae2f4d\"},\"headline\":\"Brigitte Macron deslumbra al Vaticano con un bolso franc\u00e9s de excepci\u00f3n de 2600 euros para su encuentro con el papa\",\"datePublished\":\"2026-04-14T19:05:38+00:00\",\"dateModified\":\"2026-04-14T19:06:06+00:00\",\"mainEntityOfPage\":{\"@id\":\"https:\\\/\\\/www.sebastien-auziere.fr\\\/blog\\\/es\\\/brigitte-macron-deslumbra-al-vaticano-con-un-bolso-frances-de-excepcion-de-2600-euros-para-su-encuentro-con-el-papa\\\/\"},\"wordCount\":515,\"commentCount\":0,\"publisher\":{\"@id\":\"https:\\\/\\\/www.sebastien-auziere.fr\\\/blog\\\/#organization\"},\"image\":{\"@id\":\"https:\\\/\\\/www.sebastien-auziere.fr\\\/blog\\\/es\\\/brigitte-macron-deslumbra-al-vaticano-con-un-bolso-frances-de-excepcion-de-2600-euros-para-su-encuentro-con-el-papa\\\/#primaryimage\"},\"thumbnailUrl\":\"https:\\\/\\\/www.sebastien-auziere.fr\\\/blog\\\/wp-content\\\/uploads\\\/2026\\\/04\\\/Brigitte-Macron-eblouit-le-Vatican-avec-un-sac-francais-dexception-a-2600-euros-pour-sa-rencontre-avec-le-pape.jpg\",\"keywords\":[\"brigitte macron\",\"modo de lujo\",\"papa\",\"saco franc\u00e9s\",\"vaticano\"],\"articleSection\":[\"Actualidades\"],\"inLanguage\":\"fr-FR\",\"potentialAction\":[{\"@type\":\"CommentAction\",\"name\":\"Comment\",\"target\":[\"https:\\\/\\\/www.sebastien-auziere.fr\\\/blog\\\/es\\\/brigitte-macron-deslumbra-al-vaticano-con-un-bolso-frances-de-excepcion-de-2600-euros-para-su-encuentro-con-el-papa\\\/#respond\"]}]},{\"@type\":\"WebPage\",\"@id\":\"https:\\\/\\\/www.sebastien-auziere.fr\\\/blog\\\/es\\\/brigitte-macron-deslumbra-al-vaticano-con-un-bolso-frances-de-excepcion-de-2600-euros-para-su-encuentro-con-el-papa\\\/\",\"url\":\"https:\\\/\\\/www.sebastien-auziere.fr\\\/blog\\\/es\\\/brigitte-macron-deslumbra-al-vaticano-con-un-bolso-frances-de-excepcion-de-2600-euros-para-su-encuentro-con-el-papa\\\/\",\"name\":\"Brigitte Macron deslumbra al Vaticano con un bolso franc\u00e9s de excepci\u00f3n de 2600 euros para su encuentro con el papa - Fan site S\u00e9bastien Auzi\u00e8re\",\"isPartOf\":{\"@id\":\"https:\\\/\\\/www.sebastien-auziere.fr\\\/blog\\\/#website\"},\"primaryImageOfPage\":{\"@id\":\"https:\\\/\\\/www.sebastien-auziere.fr\\\/blog\\\/es\\\/brigitte-macron-deslumbra-al-vaticano-con-un-bolso-frances-de-excepcion-de-2600-euros-para-su-encuentro-con-el-papa\\\/#primaryimage\"},\"image\":{\"@id\":\"https:\\\/\\\/www.sebastien-auziere.fr\\\/blog\\\/es\\\/brigitte-macron-deslumbra-al-vaticano-con-un-bolso-frances-de-excepcion-de-2600-euros-para-su-encuentro-con-el-papa\\\/#primaryimage\"},\"thumbnailUrl\":\"https:\\\/\\\/www.sebastien-auziere.fr\\\/blog\\\/wp-content\\\/uploads\\\/2026\\\/04\\\/Brigitte-Macron-eblouit-le-Vatican-avec-un-sac-francais-dexception-a-2600-euros-pour-sa-rencontre-avec-le-pape.jpg\",\"datePublished\":\"2026-04-14T19:05:38+00:00\",\"dateModified\":\"2026-04-14T19:06:06+00:00\",\"description\":\"Brigitte Macron charme le Vatican avec un sac fran\u00e7ais d\u2019exception \u00e0 2600\u20ac lors de sa rencontre avec le pape, alliant \u00e9l\u00e9gance et luxe fran\u00e7ais.\",\"breadcrumb\":{\"@id\":\"https:\\\/\\\/www.sebastien-auziere.fr\\\/blog\\\/es\\\/brigitte-macron-deslumbra-al-vaticano-con-un-bolso-frances-de-excepcion-de-2600-euros-para-su-encuentro-con-el-papa\\\/#breadcrumb\"},\"inLanguage\":\"fr-FR\",\"potentialAction\":[{\"@type\":\"ReadAction\",\"target\":[\"https:\\\/\\\/www.sebastien-auziere.fr\\\/blog\\\/es\\\/brigitte-macron-deslumbra-al-vaticano-con-un-bolso-frances-de-excepcion-de-2600-euros-para-su-encuentro-con-el-papa\\\/\"]}]},{\"@type\":\"ImageObject\",\"inLanguage\":\"fr-FR\",\"@id\":\"https:\\\/\\\/www.sebastien-auziere.fr\\\/blog\\\/es\\\/brigitte-macron-deslumbra-al-vaticano-con-un-bolso-frances-de-excepcion-de-2600-euros-para-su-encuentro-con-el-papa\\\/#primaryimage\",\"url\":\"https:\\\/\\\/www.sebastien-auziere.fr\\\/blog\\\/wp-content\\\/uploads\\\/2026\\\/04\\\/Brigitte-Macron-eblouit-le-Vatican-avec-un-sac-francais-dexception-a-2600-euros-pour-sa-rencontre-avec-le-pape.jpg\",\"contentUrl\":\"https:\\\/\\\/www.sebastien-auziere.fr\\\/blog\\\/wp-content\\\/uploads\\\/2026\\\/04\\\/Brigitte-Macron-eblouit-le-Vatican-avec-un-sac-francais-dexception-a-2600-euros-pour-sa-rencontre-avec-le-pape.jpg\",\"width\":2560,\"height\":1429,\"caption\":\"d\u00e9couvrez comment brigitte macron a impressionn\u00e9 le vatican lors de sa rencontre avec le pape, arborant un sac fran\u00e7ais d'exception \u00e0 2600 euros, symbole d'\u00e9l\u00e9gance et de luxe \u00e0 la fran\u00e7aise.\"},{\"@type\":\"BreadcrumbList\",\"@id\":\"https:\\\/\\\/www.sebastien-auziere.fr\\\/blog\\\/es\\\/brigitte-macron-deslumbra-al-vaticano-con-un-bolso-frances-de-excepcion-de-2600-euros-para-su-encuentro-con-el-papa\\\/#breadcrumb\",\"itemListElement\":[{\"@type\":\"ListItem\",\"position\":1,\"name\":\"Home\",\"item\":\"https:\\\/\\\/www.sebastien-auziere.fr\\\/blog\\\/\"},{\"@type\":\"ListItem\",\"position\":2,\"name\":\"Brigitte Macron deslumbra al Vaticano con un bolso franc\u00e9s de excepci\u00f3n de 2600 euros para su encuentro con el papa\"}]},{\"@type\":\"WebSite\",\"@id\":\"https:\\\/\\\/www.sebastien-auziere.fr\\\/blog\\\/#website\",\"url\":\"https:\\\/\\\/www.sebastien-auziere.fr\\\/blog\\\/\",\"name\":\"Fan site S\u00e9bastien Auzi\u00e8re\",\"description\":\"M\u00e9dia g\u00e9n\u00e9raliste\",\"publisher\":{\"@id\":\"https:\\\/\\\/www.sebastien-auziere.fr\\\/blog\\\/#organization\"},\"potentialAction\":[{\"@type\":\"SearchAction\",\"target\":{\"@type\":\"EntryPoint\",\"urlTemplate\":\"https:\\\/\\\/www.sebastien-auziere.fr\\\/blog\\\/?s={search_term_string}\"},\"query-input\":{\"@type\":\"PropertyValueSpecification\",\"valueRequired\":true,\"valueName\":\"search_term_string\"}}],\"inLanguage\":\"fr-FR\"},{\"@type\":\"Organization\",\"@id\":\"https:\\\/\\\/www.sebastien-auziere.fr\\\/blog\\\/#organization\",\"name\":\"Fan site S\u00e9bastien Auzi\u00e8re\",\"url\":\"https:\\\/\\\/www.sebastien-auziere.fr\\\/blog\\\/\",\"logo\":{\"@type\":\"ImageObject\",\"inLanguage\":\"fr-FR\",\"@id\":\"https:\\\/\\\/www.sebastien-auziere.fr\\\/blog\\\/#\\\/schema\\\/logo\\\/image\\\/\",\"url\":\"https:\\\/\\\/www.sebastien-auziere.fr\\\/blog\\\/wp-content\\\/uploads\\\/2026\\\/03\\\/cropped-cropped-cropped-ChatGPT-Image-6-mars-2026-12_58_09-e1772798376794.jpg\",\"contentUrl\":\"https:\\\/\\\/www.sebastien-auziere.fr\\\/blog\\\/wp-content\\\/uploads\\\/2026\\\/03\\\/cropped-cropped-cropped-ChatGPT-Image-6-mars-2026-12_58_09-e1772798376794.jpg\",\"width\":512,\"height\":360,\"caption\":\"Fan site S\u00e9bastien Auzi\u00e8re\"},\"image\":{\"@id\":\"https:\\\/\\\/www.sebastien-auziere.fr\\\/blog\\\/#\\\/schema\\\/logo\\\/image\\\/\"}},{\"@type\":\"Person\",\"@id\":\"https:\\\/\\\/www.sebastien-auziere.fr\\\/blog\\\/#\\\/schema\\\/person\\\/149f1acdbfd85149c6c3e59adeae2f4d\",\"name\":\"Chloe Gauthier\",\"image\":{\"@type\":\"ImageObject\",\"inLanguage\":\"fr-FR\",\"@id\":\"https:\\\/\\\/secure.gravatar.com\\\/avatar\\\/2c5722f58171cff738a8985ef0dd66b476e563753246a49019befc837ec4201a?s=96&d=mm&r=g\",\"url\":\"https:\\\/\\\/secure.gravatar.com\\\/avatar\\\/2c5722f58171cff738a8985ef0dd66b476e563753246a49019befc837ec4201a?s=96&d=mm&r=g\",\"contentUrl\":\"https:\\\/\\\/secure.gravatar.com\\\/avatar\\\/2c5722f58171cff738a8985ef0dd66b476e563753246a49019befc837ec4201a?s=96&d=mm&r=g\",\"caption\":\"Chloe Gauthier\"},\"description\":\"Passionn\u00e9e par la politique et admiratrice engag\u00e9e de la famille Macron, je consacre mon \u00e9nergie \u00e0 suivre leurs initiatives et \u00e0 promouvoir leurs id\u00e9es. \u00c0 32 ans, je suis convaincue que leur vision est porteuse d'avenir.\",\"url\":\"https:\\\/\\\/www.sebastien-auziere.fr\\\/blog\\\/author\\\/chloe-gauthier\\\/\"}]}<\/script>\n<!-- \/ Yoast SEO plugin. -->","yoast_head_json":{"title":"Brigitte Macron deslumbra al Vaticano con un bolso franc\u00e9s de excepci\u00f3n de 2600 euros para su encuentro con el papa - Fan site S\u00e9bastien Auzi\u00e8re","description":"Brigitte Macron charme le Vatican avec un sac fran\u00e7ais d\u2019exception \u00e0 2600\u20ac lors de sa rencontre avec le pape, alliant \u00e9l\u00e9gance et luxe fran\u00e7ais.","robots":{"index":"index","follow":"follow","max-snippet":"max-snippet:-1","max-image-preview":"max-image-preview:large","max-video-preview":"max-video-preview:-1"},"canonical":"https:\/\/www.sebastien-auziere.fr\/blog\/es\/brigitte-macron-deslumbra-al-vaticano-con-un-bolso-frances-de-excepcion-de-2600-euros-para-su-encuentro-con-el-papa\/","og_locale":"fr_FR","og_type":"article","og_title":"Brigitte Macron deslumbra al Vaticano con un bolso franc\u00e9s de excepci\u00f3n de 2600 euros para su encuentro con el papa - Fan site S\u00e9bastien Auzi\u00e8re","og_description":"Brigitte Macron charme le Vatican avec un sac fran\u00e7ais d\u2019exception \u00e0 2600\u20ac lors de sa rencontre avec le pape, alliant \u00e9l\u00e9gance et luxe fran\u00e7ais.","og_url":"https:\/\/www.sebastien-auziere.fr\/blog\/es\/brigitte-macron-deslumbra-al-vaticano-con-un-bolso-frances-de-excepcion-de-2600-euros-para-su-encuentro-con-el-papa\/","og_site_name":"Fan site S\u00e9bastien Auzi\u00e8re","article_published_time":"2026-04-14T19:05:38+00:00","article_modified_time":"2026-04-14T19:06:06+00:00","og_image":[{"width":2560,"height":1429,"url":"https:\/\/www.sebastien-auziere.fr\/blog\/wp-content\/uploads\/2026\/04\/Brigitte-Macron-eblouit-le-Vatican-avec-un-sac-francais-dexception-a-2600-euros-pour-sa-rencontre-avec-le-pape.jpg","type":"image\/jpeg"}],"author":"Chloe Gauthier","twitter_card":"summary_large_image","twitter_misc":{"\u00c9crit par":"Chloe Gauthier","Dur\u00e9e de lecture estim\u00e9e":"2 minutes"},"schema":{"@context":"https:\/\/schema.org","@graph":[{"@type":"Article","@id":"https:\/\/www.sebastien-auziere.fr\/blog\/es\/brigitte-macron-deslumbra-al-vaticano-con-un-bolso-frances-de-excepcion-de-2600-euros-para-su-encuentro-con-el-papa\/#article","isPartOf":{"@id":"https:\/\/www.sebastien-auziere.fr\/blog\/es\/brigitte-macron-deslumbra-al-vaticano-con-un-bolso-frances-de-excepcion-de-2600-euros-para-su-encuentro-con-el-papa\/"},"author":{"name":"Chloe Gauthier","@id":"https:\/\/www.sebastien-auziere.fr\/blog\/#\/schema\/person\/149f1acdbfd85149c6c3e59adeae2f4d"},"headline":"Brigitte Macron deslumbra al Vaticano con un bolso franc\u00e9s de excepci\u00f3n de 2600 euros para su encuentro con el papa","datePublished":"2026-04-14T19:05:38+00:00","dateModified":"2026-04-14T19:06:06+00:00","mainEntityOfPage":{"@id":"https:\/\/www.sebastien-auziere.fr\/blog\/es\/brigitte-macron-deslumbra-al-vaticano-con-un-bolso-frances-de-excepcion-de-2600-euros-para-su-encuentro-con-el-papa\/"},"wordCount":515,"commentCount":0,"publisher":{"@id":"https:\/\/www.sebastien-auziere.fr\/blog\/#organization"},"image":{"@id":"https:\/\/www.sebastien-auziere.fr\/blog\/es\/brigitte-macron-deslumbra-al-vaticano-con-un-bolso-frances-de-excepcion-de-2600-euros-para-su-encuentro-con-el-papa\/#primaryimage"},"thumbnailUrl":"https:\/\/www.sebastien-auziere.fr\/blog\/wp-content\/uploads\/2026\/04\/Brigitte-Macron-eblouit-le-Vatican-avec-un-sac-francais-dexception-a-2600-euros-pour-sa-rencontre-avec-le-pape.jpg","keywords":["brigitte macron","modo de lujo","papa","saco franc\u00e9s","vaticano"],"articleSection":["Actualidades"],"inLanguage":"fr-FR","potentialAction":[{"@type":"CommentAction","name":"Comment","target":["https:\/\/www.sebastien-auziere.fr\/blog\/es\/brigitte-macron-deslumbra-al-vaticano-con-un-bolso-frances-de-excepcion-de-2600-euros-para-su-encuentro-con-el-papa\/#respond"]}]},{"@type":"WebPage","@id":"https:\/\/www.sebastien-auziere.fr\/blog\/es\/brigitte-macron-deslumbra-al-vaticano-con-un-bolso-frances-de-excepcion-de-2600-euros-para-su-encuentro-con-el-papa\/","url":"https:\/\/www.sebastien-auziere.fr\/blog\/es\/brigitte-macron-deslumbra-al-vaticano-con-un-bolso-frances-de-excepcion-de-2600-euros-para-su-encuentro-con-el-papa\/","name":"Brigitte Macron deslumbra al Vaticano con un bolso franc\u00e9s de excepci\u00f3n de 2600 euros para su encuentro con el papa - Fan site S\u00e9bastien Auzi\u00e8re","isPartOf":{"@id":"https:\/\/www.sebastien-auziere.fr\/blog\/#website"},"primaryImageOfPage":{"@id":"https:\/\/www.sebastien-auziere.fr\/blog\/es\/brigitte-macron-deslumbra-al-vaticano-con-un-bolso-frances-de-excepcion-de-2600-euros-para-su-encuentro-con-el-papa\/#primaryimage"},"image":{"@id":"https:\/\/www.sebastien-auziere.fr\/blog\/es\/brigitte-macron-deslumbra-al-vaticano-con-un-bolso-frances-de-excepcion-de-2600-euros-para-su-encuentro-con-el-papa\/#primaryimage"},"thumbnailUrl":"https:\/\/www.sebastien-auziere.fr\/blog\/wp-content\/uploads\/2026\/04\/Brigitte-Macron-eblouit-le-Vatican-avec-un-sac-francais-dexception-a-2600-euros-pour-sa-rencontre-avec-le-pape.jpg","datePublished":"2026-04-14T19:05:38+00:00","dateModified":"2026-04-14T19:06:06+00:00","description":"Brigitte Macron charme le Vatican avec un sac fran\u00e7ais d\u2019exception \u00e0 2600\u20ac lors de sa rencontre avec le pape, alliant \u00e9l\u00e9gance et luxe fran\u00e7ais.","breadcrumb":{"@id":"https:\/\/www.sebastien-auziere.fr\/blog\/es\/brigitte-macron-deslumbra-al-vaticano-con-un-bolso-frances-de-excepcion-de-2600-euros-para-su-encuentro-con-el-papa\/#breadcrumb"},"inLanguage":"fr-FR","potentialAction":[{"@type":"ReadAction","target":["https:\/\/www.sebastien-auziere.fr\/blog\/es\/brigitte-macron-deslumbra-al-vaticano-con-un-bolso-frances-de-excepcion-de-2600-euros-para-su-encuentro-con-el-papa\/"]}]},{"@type":"ImageObject","inLanguage":"fr-FR","@id":"https:\/\/www.sebastien-auziere.fr\/blog\/es\/brigitte-macron-deslumbra-al-vaticano-con-un-bolso-frances-de-excepcion-de-2600-euros-para-su-encuentro-con-el-papa\/#primaryimage","url":"https:\/\/www.sebastien-auziere.fr\/blog\/wp-content\/uploads\/2026\/04\/Brigitte-Macron-eblouit-le-Vatican-avec-un-sac-francais-dexception-a-2600-euros-pour-sa-rencontre-avec-le-pape.jpg","contentUrl":"https:\/\/www.sebastien-auziere.fr\/blog\/wp-content\/uploads\/2026\/04\/Brigitte-Macron-eblouit-le-Vatican-avec-un-sac-francais-dexception-a-2600-euros-pour-sa-rencontre-avec-le-pape.jpg","width":2560,"height":1429,"caption":"d\u00e9couvrez comment brigitte macron a impressionn\u00e9 le vatican lors de sa rencontre avec le pape, arborant un sac fran\u00e7ais d'exception \u00e0 2600 euros, symbole d'\u00e9l\u00e9gance et de luxe \u00e0 la fran\u00e7aise."},{"@type":"BreadcrumbList","@id":"https:\/\/www.sebastien-auziere.fr\/blog\/es\/brigitte-macron-deslumbra-al-vaticano-con-un-bolso-frances-de-excepcion-de-2600-euros-para-su-encuentro-con-el-papa\/#breadcrumb","itemListElement":[{"@type":"ListItem","position":1,"name":"Home","item":"https:\/\/www.sebastien-auziere.fr\/blog\/"},{"@type":"ListItem","position":2,"name":"Brigitte Macron deslumbra al Vaticano con un bolso franc\u00e9s de excepci\u00f3n de 2600 euros para su encuentro con el papa"}]},{"@type":"WebSite","@id":"https:\/\/www.sebastien-auziere.fr\/blog\/#website","url":"https:\/\/www.sebastien-auziere.fr\/blog\/","name":"Fan site S\u00e9bastien Auzi\u00e8re","description":"M\u00e9dia g\u00e9n\u00e9raliste","publisher":{"@id":"https:\/\/www.sebastien-auziere.fr\/blog\/#organization"},"potentialAction":[{"@type":"SearchAction","target":{"@type":"EntryPoint","urlTemplate":"https:\/\/www.sebastien-auziere.fr\/blog\/?s={search_term_string}"},"query-input":{"@type":"PropertyValueSpecification","valueRequired":true,"valueName":"search_term_string"}}],"inLanguage":"fr-FR"},{"@type":"Organization","@id":"https:\/\/www.sebastien-auziere.fr\/blog\/#organization","name":"Fan site S\u00e9bastien Auzi\u00e8re","url":"https:\/\/www.sebastien-auziere.fr\/blog\/","logo":{"@type":"ImageObject","inLanguage":"fr-FR","@id":"https:\/\/www.sebastien-auziere.fr\/blog\/#\/schema\/logo\/image\/","url":"https:\/\/www.sebastien-auziere.fr\/blog\/wp-content\/uploads\/2026\/03\/cropped-cropped-cropped-ChatGPT-Image-6-mars-2026-12_58_09-e1772798376794.jpg","contentUrl":"https:\/\/www.sebastien-auziere.fr\/blog\/wp-content\/uploads\/2026\/03\/cropped-cropped-cropped-ChatGPT-Image-6-mars-2026-12_58_09-e1772798376794.jpg","width":512,"height":360,"caption":"Fan site S\u00e9bastien Auzi\u00e8re"},"image":{"@id":"https:\/\/www.sebastien-auziere.fr\/blog\/#\/schema\/logo\/image\/"}},{"@type":"Person","@id":"https:\/\/www.sebastien-auziere.fr\/blog\/#\/schema\/person\/149f1acdbfd85149c6c3e59adeae2f4d","name":"Chloe Gauthier","image":{"@type":"ImageObject","inLanguage":"fr-FR","@id":"https:\/\/secure.gravatar.com\/avatar\/2c5722f58171cff738a8985ef0dd66b476e563753246a49019befc837ec4201a?s=96&d=mm&r=g","url":"https:\/\/secure.gravatar.com\/avatar\/2c5722f58171cff738a8985ef0dd66b476e563753246a49019befc837ec4201a?s=96&d=mm&r=g","contentUrl":"https:\/\/secure.gravatar.com\/avatar\/2c5722f58171cff738a8985ef0dd66b476e563753246a49019befc837ec4201a?s=96&d=mm&r=g","caption":"Chloe Gauthier"},"description":"Passionn\u00e9e par la politique et admiratrice engag\u00e9e de la famille Macron, je consacre mon \u00e9nergie \u00e0 suivre leurs initiatives et \u00e0 promouvoir leurs id\u00e9es. \u00c0 32 ans, je suis convaincue que leur vision est porteuse d'avenir.","url":"https:\/\/www.sebastien-auziere.fr\/blog\/author\/chloe-gauthier\/"}]}},"views":2,"_links":{"self":[{"href":"https:\/\/www.sebastien-auziere.fr\/blog\/wp-json\/wp\/v2\/posts\/3022","targetHints":{"allow":["GET"]}}],"collection":[{"href":"https:\/\/www.sebastien-auziere.fr\/blog\/wp-json\/wp\/v2\/posts"}],"about":[{"href":"https:\/\/www.sebastien-auziere.fr\/blog\/wp-json\/wp\/v2\/types\/post"}],"author":[{"embeddable":true,"href":"https:\/\/www.sebastien-auziere.fr\/blog\/wp-json\/wp\/v2\/users\/9"}],"replies":[{"embeddable":true,"href":"https:\/\/www.sebastien-auziere.fr\/blog\/wp-json\/wp\/v2\/comments?post=3022"}],"version-history":[{"count":1,"href":"https:\/\/www.sebastien-auziere.fr\/blog\/wp-json\/wp\/v2\/posts\/3022\/revisions"}],"predecessor-version":[{"id":3023,"href":"https:\/\/www.sebastien-auziere.fr\/blog\/wp-json\/wp\/v2\/posts\/3022\/revisions\/3023"}],"wp:featuredmedia":[{"embeddable":true,"href":"https:\/\/www.sebastien-auziere.fr\/blog\/wp-json\/wp\/v2\/media\/3018"}],"wp:attachment":[{"href":"https:\/\/www.sebastien-auziere.fr\/blog\/wp-json\/wp\/v2\/media?parent=3022"}],"wp:term":[{"taxonomy":"category","embeddable":true,"href":"https:\/\/www.sebastien-auziere.fr\/blog\/wp-json\/wp\/v2\/categories?post=3022"},{"taxonomy":"post_tag","embeddable":true,"href":"https:\/\/www.sebastien-auziere.fr\/blog\/wp-json\/wp\/v2\/tags?post=3022"}],"curies":[{"name":"wp","href":"https:\/\/api.w.org\/{rel}","templated":true}]}}