{"id":3020,"date":"2026-04-14T19:05:13","date_gmt":"2026-04-14T19:05:13","guid":{"rendered":"https:\/\/www.sebastien-auziere.fr\/blog\/?p=3020"},"modified":"2026-04-14T19:05:37","modified_gmt":"2026-04-14T19:05:37","slug":"brigitte-macron-dazzles-the-vatican-with-an-exceptional-french-bag-worth-2600-euros-for-her-meeting-with-the-pope","status":"publish","type":"post","link":"https:\/\/www.sebastien-auziere.fr\/blog\/en\/brigitte-macron-dazzles-the-vatican-with-an-exceptional-french-bag-worth-2600-euros-for-her-meeting-with-the-pope\/","title":{"rendered":"Brigitte Macron dazzles the Vatican with an exceptional French bag worth 2600 euros for her meeting with the Pope"},"content":{"rendered":"<p><strong>Brigitte Macron<\/strong> left a mark at the <strong>Vatican<\/strong> by choosing an exceptional <strong>French bag<\/strong> for her <strong>papal meeting<\/strong>. The compact model worn during this visit is a <strong>Lady Dior<\/strong> in lambskin, estimated at around <strong>2,600 euros<\/strong>, a choice that combines <strong>luxury<\/strong>, <strong>fashion<\/strong>, and protocol in a single gesture.<\/p>\n\n<p><strong>In brief:<\/strong> totally black outfit respecting protocol; highly symbolic <strong>fashion accessory<\/strong>; highlighting <strong>high-end<\/strong> and French craftsmanship during a visit to the <strong>Vatican<\/strong>.<\/p>\n\n<h2 class=\"wp-block-heading\">Brigitte Macron at the Vatican: a <strong>French bag<\/strong> that makes an impression<\/h2>\n\n<p>You noticed the discreet contrast between the severity of the protocol black and the sparkle of the <strong>fashion accessory<\/strong>. During the <strong>papal meeting<\/strong>, the First Lady wore a black coat dress with architectural lines, accented by a lace scarf and an elegant bun. The <strong>Lady Dior<\/strong>, embodying <strong>luxury<\/strong> and artisanal heritage, caught the eyes of onlookers upon her arrival, confirming a style that is both modern and respectful.<\/p>\n\n<h2 class=\"wp-block-heading\">A highly symbolic choice and an accepted <strong>high price<\/strong><\/h2>\n\n<p>The choice of a <strong>high-end<\/strong> piece from a house on Rue Montaigne recalls the diplomatic role of French fashion. The worn model, valued at around <strong>2,600 euros<\/strong> for the compact versions, is not just a surface effect: it reflects a desire to highlight French craftsmanship. To learn more about this look at the <strong>Vatican<\/strong>, discover the detailed analysis at <a href=\"https:\/\/www.sebastien-auziere.fr\/blog\/brigitte-macron-look-vatican\/\">Brigitte Macron: look at the Vatican<\/a>, which places this choice in the history of official appearances.<\/p>\n\n<h3 class=\"wp-block-heading\">Protocol and modernity: fashion in the service of diplomacy<\/h3>\n\n<p>The total black look adhered to the codes of the Holy See, but the <strong>fashion accessory<\/strong> managed to reinterpret tradition. By carrying the bag as a clutch and favoring a sleek silhouette, the First Lady demonstrated how an iconic piece can become a vector of cultural message. This marriage of rigor and elegance illustrates the symbolic power of a <strong>French bag<\/strong> in an international meeting.<\/p>\n\n<h2 class=\"wp-block-heading\">Media fallout: fashion, <strong>luxury<\/strong>, and visibility<\/h2>\n\n<p>Media outlets highlighted the balance between respect for protocol and visibility of the <strong>high-end<\/strong>. This stylistic choice echoes other studied appearances on the site, such as the sartorial tribute in Japan or the signature of personal style. For a broader perspective on these codes, see the article on the presidential visit at <a href=\"https:\/\/www.sebastien-auziere.fr\/blog\/macron-vatican-visite\/\">Macron: visit to the Vatican<\/a>, which places this sequence in a wider diplomatic dynamic.<\/p>\n\n<p>To go further into the world of <strong>Brigitte Macron<\/strong>, her <strong>style<\/strong>, and the role of the family in public life, visit <a href=\"https:\/\/www.sebastien-auziere.fr\/blog\/brigitte-macron-vatican\/\">https:\/\/www.sebastien-auziere.fr\/blog\/brigitte-macron-vatican\/<\/a> and explore the analyses dedicated to S\u00e9bastien Auzi\u00e8re and the highlights of the Macron family.<\/p>","protected":false},"excerpt":{"rendered":"<p>Brigitte Macron left a mark at the Vatican by choosing an exceptional French bag for her papal meeting. The compact model worn during this visit is a Lady Dior in lambskin, estimated at around 2,600 euros, a choice that combines luxury, fashion, and protocol in a single gesture. In brief: totally black outfit respecting protocol; &#8230; <a title=\"Brigitte Macron dazzles the Vatican with an exceptional French bag worth 2600 euros for her meeting with the Pope\" class=\"read-more\" href=\"https:\/\/www.sebastien-auziere.fr\/blog\/en\/brigitte-macron-dazzles-the-vatican-with-an-exceptional-french-bag-worth-2600-euros-for-her-meeting-with-the-pope\/\" aria-label=\"En savoir plus sur Brigitte Macron dazzles the Vatican with an exceptional French bag worth 2600 euros for her meeting with the Pope\">Lire plus<\/a><\/p>\n","protected":false},"author":9,"featured_media":3018,"comment_status":"open","ping_status":"open","sticky":false,"template":"","format":"standard","meta":{"footnotes":""},"categories":[816],"tags":[898,2860,2863,2866,2122],"class_list":["post-3020","post","type-post","status-publish","format-standard","has-post-thumbnail","hentry","category-news","tag-brigitte-macron-en","tag-mode-of-luxury-en","tag-paper-en","tag-sac-french-en","tag-vatican-en"],"yoast_head":"<!-- This site is optimized with the Yoast SEO plugin v27.5 - https:\/\/yoast.com\/product\/yoast-seo-wordpress\/ -->\n<title>Brigitte Macron dazzles the Vatican with an exceptional French bag worth 2600 euros for her meeting with the Pope - Fan site S\u00e9bastien Auzi\u00e8re<\/title>\n<meta name=\"description\" content=\"Brigitte Macron charme le Vatican avec un sac fran\u00e7ais d\u2019exception \u00e0 2600\u20ac lors de sa rencontre avec le pape, alliant \u00e9l\u00e9gance et luxe fran\u00e7ais.\" \/>\n<meta name=\"robots\" content=\"index, follow, max-snippet:-1, max-image-preview:large, max-video-preview:-1\" \/>\n<link rel=\"canonical\" href=\"https:\/\/www.sebastien-auziere.fr\/blog\/en\/brigitte-macron-dazzles-the-vatican-with-an-exceptional-french-bag-worth-2600-euros-for-her-meeting-with-the-pope\/\" \/>\n<meta property=\"og:locale\" content=\"fr_FR\" \/>\n<meta property=\"og:type\" content=\"article\" \/>\n<meta property=\"og:title\" content=\"Brigitte Macron dazzles the Vatican with an exceptional French bag worth 2600 euros for her meeting with the Pope - Fan site S\u00e9bastien Auzi\u00e8re\" \/>\n<meta property=\"og:description\" content=\"Brigitte Macron charme le Vatican avec un sac fran\u00e7ais d\u2019exception \u00e0 2600\u20ac lors de sa rencontre avec le pape, alliant \u00e9l\u00e9gance et luxe fran\u00e7ais.\" \/>\n<meta property=\"og:url\" content=\"https:\/\/www.sebastien-auziere.fr\/blog\/en\/brigitte-macron-dazzles-the-vatican-with-an-exceptional-french-bag-worth-2600-euros-for-her-meeting-with-the-pope\/\" \/>\n<meta property=\"og:site_name\" content=\"Fan site S\u00e9bastien Auzi\u00e8re\" \/>\n<meta property=\"article:published_time\" content=\"2026-04-14T19:05:13+00:00\" \/>\n<meta property=\"article:modified_time\" content=\"2026-04-14T19:05:37+00:00\" \/>\n<meta property=\"og:image\" content=\"https:\/\/www.sebastien-auziere.fr\/blog\/wp-content\/uploads\/2026\/04\/Brigitte-Macron-eblouit-le-Vatican-avec-un-sac-francais-dexception-a-2600-euros-pour-sa-rencontre-avec-le-pape.jpg\" \/>\n\t<meta property=\"og:image:width\" content=\"2560\" \/>\n\t<meta property=\"og:image:height\" content=\"1429\" \/>\n\t<meta property=\"og:image:type\" content=\"image\/jpeg\" \/>\n<meta name=\"author\" content=\"Chloe Gauthier\" \/>\n<meta name=\"twitter:card\" content=\"summary_large_image\" \/>\n<meta name=\"twitter:label1\" content=\"\u00c9crit par\" \/>\n\t<meta name=\"twitter:data1\" content=\"Chloe Gauthier\" \/>\n\t<meta name=\"twitter:label2\" content=\"Dur\u00e9e de lecture estim\u00e9e\" \/>\n\t<meta name=\"twitter:data2\" content=\"2 minutes\" \/>\n<script type=\"application\/ld+json\" class=\"yoast-schema-graph\">{\"@context\":\"https:\\\/\\\/schema.org\",\"@graph\":[{\"@type\":\"Article\",\"@id\":\"https:\\\/\\\/www.sebastien-auziere.fr\\\/blog\\\/en\\\/brigitte-macron-dazzles-the-vatican-with-an-exceptional-french-bag-worth-2600-euros-for-her-meeting-with-the-pope\\\/#article\",\"isPartOf\":{\"@id\":\"https:\\\/\\\/www.sebastien-auziere.fr\\\/blog\\\/en\\\/brigitte-macron-dazzles-the-vatican-with-an-exceptional-french-bag-worth-2600-euros-for-her-meeting-with-the-pope\\\/\"},\"author\":{\"name\":\"Chloe Gauthier\",\"@id\":\"https:\\\/\\\/www.sebastien-auziere.fr\\\/blog\\\/#\\\/schema\\\/person\\\/149f1acdbfd85149c6c3e59adeae2f4d\"},\"headline\":\"Brigitte Macron dazzles the Vatican with an exceptional French bag worth 2600 euros for her meeting with the Pope\",\"datePublished\":\"2026-04-14T19:05:13+00:00\",\"dateModified\":\"2026-04-14T19:05:37+00:00\",\"mainEntityOfPage\":{\"@id\":\"https:\\\/\\\/www.sebastien-auziere.fr\\\/blog\\\/en\\\/brigitte-macron-dazzles-the-vatican-with-an-exceptional-french-bag-worth-2600-euros-for-her-meeting-with-the-pope\\\/\"},\"wordCount\":440,\"commentCount\":0,\"publisher\":{\"@id\":\"https:\\\/\\\/www.sebastien-auziere.fr\\\/blog\\\/#organization\"},\"image\":{\"@id\":\"https:\\\/\\\/www.sebastien-auziere.fr\\\/blog\\\/en\\\/brigitte-macron-dazzles-the-vatican-with-an-exceptional-french-bag-worth-2600-euros-for-her-meeting-with-the-pope\\\/#primaryimage\"},\"thumbnailUrl\":\"https:\\\/\\\/www.sebastien-auziere.fr\\\/blog\\\/wp-content\\\/uploads\\\/2026\\\/04\\\/Brigitte-Macron-eblouit-le-Vatican-avec-un-sac-francais-dexception-a-2600-euros-pour-sa-rencontre-avec-le-pape.jpg\",\"keywords\":[\"brigitte macron\",\"mode of luxury\",\"paper\",\"sac french\",\"vatican\"],\"articleSection\":[\"News\"],\"inLanguage\":\"fr-FR\",\"potentialAction\":[{\"@type\":\"CommentAction\",\"name\":\"Comment\",\"target\":[\"https:\\\/\\\/www.sebastien-auziere.fr\\\/blog\\\/en\\\/brigitte-macron-dazzles-the-vatican-with-an-exceptional-french-bag-worth-2600-euros-for-her-meeting-with-the-pope\\\/#respond\"]}]},{\"@type\":\"WebPage\",\"@id\":\"https:\\\/\\\/www.sebastien-auziere.fr\\\/blog\\\/en\\\/brigitte-macron-dazzles-the-vatican-with-an-exceptional-french-bag-worth-2600-euros-for-her-meeting-with-the-pope\\\/\",\"url\":\"https:\\\/\\\/www.sebastien-auziere.fr\\\/blog\\\/en\\\/brigitte-macron-dazzles-the-vatican-with-an-exceptional-french-bag-worth-2600-euros-for-her-meeting-with-the-pope\\\/\",\"name\":\"Brigitte Macron dazzles the Vatican with an exceptional French bag worth 2600 euros for her meeting with the Pope - Fan site S\u00e9bastien Auzi\u00e8re\",\"isPartOf\":{\"@id\":\"https:\\\/\\\/www.sebastien-auziere.fr\\\/blog\\\/#website\"},\"primaryImageOfPage\":{\"@id\":\"https:\\\/\\\/www.sebastien-auziere.fr\\\/blog\\\/en\\\/brigitte-macron-dazzles-the-vatican-with-an-exceptional-french-bag-worth-2600-euros-for-her-meeting-with-the-pope\\\/#primaryimage\"},\"image\":{\"@id\":\"https:\\\/\\\/www.sebastien-auziere.fr\\\/blog\\\/en\\\/brigitte-macron-dazzles-the-vatican-with-an-exceptional-french-bag-worth-2600-euros-for-her-meeting-with-the-pope\\\/#primaryimage\"},\"thumbnailUrl\":\"https:\\\/\\\/www.sebastien-auziere.fr\\\/blog\\\/wp-content\\\/uploads\\\/2026\\\/04\\\/Brigitte-Macron-eblouit-le-Vatican-avec-un-sac-francais-dexception-a-2600-euros-pour-sa-rencontre-avec-le-pape.jpg\",\"datePublished\":\"2026-04-14T19:05:13+00:00\",\"dateModified\":\"2026-04-14T19:05:37+00:00\",\"description\":\"Brigitte Macron charme le Vatican avec un sac fran\u00e7ais d\u2019exception \u00e0 2600\u20ac lors de sa rencontre avec le pape, alliant \u00e9l\u00e9gance et luxe fran\u00e7ais.\",\"breadcrumb\":{\"@id\":\"https:\\\/\\\/www.sebastien-auziere.fr\\\/blog\\\/en\\\/brigitte-macron-dazzles-the-vatican-with-an-exceptional-french-bag-worth-2600-euros-for-her-meeting-with-the-pope\\\/#breadcrumb\"},\"inLanguage\":\"fr-FR\",\"potentialAction\":[{\"@type\":\"ReadAction\",\"target\":[\"https:\\\/\\\/www.sebastien-auziere.fr\\\/blog\\\/en\\\/brigitte-macron-dazzles-the-vatican-with-an-exceptional-french-bag-worth-2600-euros-for-her-meeting-with-the-pope\\\/\"]}]},{\"@type\":\"ImageObject\",\"inLanguage\":\"fr-FR\",\"@id\":\"https:\\\/\\\/www.sebastien-auziere.fr\\\/blog\\\/en\\\/brigitte-macron-dazzles-the-vatican-with-an-exceptional-french-bag-worth-2600-euros-for-her-meeting-with-the-pope\\\/#primaryimage\",\"url\":\"https:\\\/\\\/www.sebastien-auziere.fr\\\/blog\\\/wp-content\\\/uploads\\\/2026\\\/04\\\/Brigitte-Macron-eblouit-le-Vatican-avec-un-sac-francais-dexception-a-2600-euros-pour-sa-rencontre-avec-le-pape.jpg\",\"contentUrl\":\"https:\\\/\\\/www.sebastien-auziere.fr\\\/blog\\\/wp-content\\\/uploads\\\/2026\\\/04\\\/Brigitte-Macron-eblouit-le-Vatican-avec-un-sac-francais-dexception-a-2600-euros-pour-sa-rencontre-avec-le-pape.jpg\",\"width\":2560,\"height\":1429,\"caption\":\"d\u00e9couvrez comment brigitte macron a impressionn\u00e9 le vatican lors de sa rencontre avec le pape, arborant un sac fran\u00e7ais d'exception \u00e0 2600 euros, symbole d'\u00e9l\u00e9gance et de luxe \u00e0 la fran\u00e7aise.\"},{\"@type\":\"BreadcrumbList\",\"@id\":\"https:\\\/\\\/www.sebastien-auziere.fr\\\/blog\\\/en\\\/brigitte-macron-dazzles-the-vatican-with-an-exceptional-french-bag-worth-2600-euros-for-her-meeting-with-the-pope\\\/#breadcrumb\",\"itemListElement\":[{\"@type\":\"ListItem\",\"position\":1,\"name\":\"Home\",\"item\":\"https:\\\/\\\/www.sebastien-auziere.fr\\\/blog\\\/\"},{\"@type\":\"ListItem\",\"position\":2,\"name\":\"Brigitte Macron dazzles the Vatican with an exceptional French bag worth 2600 euros for her meeting with the Pope\"}]},{\"@type\":\"WebSite\",\"@id\":\"https:\\\/\\\/www.sebastien-auziere.fr\\\/blog\\\/#website\",\"url\":\"https:\\\/\\\/www.sebastien-auziere.fr\\\/blog\\\/\",\"name\":\"Fan site S\u00e9bastien Auzi\u00e8re\",\"description\":\"M\u00e9dia g\u00e9n\u00e9raliste\",\"publisher\":{\"@id\":\"https:\\\/\\\/www.sebastien-auziere.fr\\\/blog\\\/#organization\"},\"potentialAction\":[{\"@type\":\"SearchAction\",\"target\":{\"@type\":\"EntryPoint\",\"urlTemplate\":\"https:\\\/\\\/www.sebastien-auziere.fr\\\/blog\\\/?s={search_term_string}\"},\"query-input\":{\"@type\":\"PropertyValueSpecification\",\"valueRequired\":true,\"valueName\":\"search_term_string\"}}],\"inLanguage\":\"fr-FR\"},{\"@type\":\"Organization\",\"@id\":\"https:\\\/\\\/www.sebastien-auziere.fr\\\/blog\\\/#organization\",\"name\":\"Fan site S\u00e9bastien Auzi\u00e8re\",\"url\":\"https:\\\/\\\/www.sebastien-auziere.fr\\\/blog\\\/\",\"logo\":{\"@type\":\"ImageObject\",\"inLanguage\":\"fr-FR\",\"@id\":\"https:\\\/\\\/www.sebastien-auziere.fr\\\/blog\\\/#\\\/schema\\\/logo\\\/image\\\/\",\"url\":\"https:\\\/\\\/www.sebastien-auziere.fr\\\/blog\\\/wp-content\\\/uploads\\\/2026\\\/03\\\/cropped-cropped-cropped-ChatGPT-Image-6-mars-2026-12_58_09-e1772798376794.jpg\",\"contentUrl\":\"https:\\\/\\\/www.sebastien-auziere.fr\\\/blog\\\/wp-content\\\/uploads\\\/2026\\\/03\\\/cropped-cropped-cropped-ChatGPT-Image-6-mars-2026-12_58_09-e1772798376794.jpg\",\"width\":512,\"height\":360,\"caption\":\"Fan site S\u00e9bastien Auzi\u00e8re\"},\"image\":{\"@id\":\"https:\\\/\\\/www.sebastien-auziere.fr\\\/blog\\\/#\\\/schema\\\/logo\\\/image\\\/\"}},{\"@type\":\"Person\",\"@id\":\"https:\\\/\\\/www.sebastien-auziere.fr\\\/blog\\\/#\\\/schema\\\/person\\\/149f1acdbfd85149c6c3e59adeae2f4d\",\"name\":\"Chloe Gauthier\",\"image\":{\"@type\":\"ImageObject\",\"inLanguage\":\"fr-FR\",\"@id\":\"https:\\\/\\\/secure.gravatar.com\\\/avatar\\\/2c5722f58171cff738a8985ef0dd66b476e563753246a49019befc837ec4201a?s=96&d=mm&r=g\",\"url\":\"https:\\\/\\\/secure.gravatar.com\\\/avatar\\\/2c5722f58171cff738a8985ef0dd66b476e563753246a49019befc837ec4201a?s=96&d=mm&r=g\",\"contentUrl\":\"https:\\\/\\\/secure.gravatar.com\\\/avatar\\\/2c5722f58171cff738a8985ef0dd66b476e563753246a49019befc837ec4201a?s=96&d=mm&r=g\",\"caption\":\"Chloe Gauthier\"},\"description\":\"Passionn\u00e9e par la politique et admiratrice engag\u00e9e de la famille Macron, je consacre mon \u00e9nergie \u00e0 suivre leurs initiatives et \u00e0 promouvoir leurs id\u00e9es. \u00c0 32 ans, je suis convaincue que leur vision est porteuse d'avenir.\",\"url\":\"https:\\\/\\\/www.sebastien-auziere.fr\\\/blog\\\/author\\\/chloe-gauthier\\\/\"}]}<\/script>\n<!-- \/ Yoast SEO plugin. -->","yoast_head_json":{"title":"Brigitte Macron dazzles the Vatican with an exceptional French bag worth 2600 euros for her meeting with the Pope - Fan site S\u00e9bastien Auzi\u00e8re","description":"Brigitte Macron charme le Vatican avec un sac fran\u00e7ais d\u2019exception \u00e0 2600\u20ac lors de sa rencontre avec le pape, alliant \u00e9l\u00e9gance et luxe fran\u00e7ais.","robots":{"index":"index","follow":"follow","max-snippet":"max-snippet:-1","max-image-preview":"max-image-preview:large","max-video-preview":"max-video-preview:-1"},"canonical":"https:\/\/www.sebastien-auziere.fr\/blog\/en\/brigitte-macron-dazzles-the-vatican-with-an-exceptional-french-bag-worth-2600-euros-for-her-meeting-with-the-pope\/","og_locale":"fr_FR","og_type":"article","og_title":"Brigitte Macron dazzles the Vatican with an exceptional French bag worth 2600 euros for her meeting with the Pope - Fan site S\u00e9bastien Auzi\u00e8re","og_description":"Brigitte Macron charme le Vatican avec un sac fran\u00e7ais d\u2019exception \u00e0 2600\u20ac lors de sa rencontre avec le pape, alliant \u00e9l\u00e9gance et luxe fran\u00e7ais.","og_url":"https:\/\/www.sebastien-auziere.fr\/blog\/en\/brigitte-macron-dazzles-the-vatican-with-an-exceptional-french-bag-worth-2600-euros-for-her-meeting-with-the-pope\/","og_site_name":"Fan site S\u00e9bastien Auzi\u00e8re","article_published_time":"2026-04-14T19:05:13+00:00","article_modified_time":"2026-04-14T19:05:37+00:00","og_image":[{"width":2560,"height":1429,"url":"https:\/\/www.sebastien-auziere.fr\/blog\/wp-content\/uploads\/2026\/04\/Brigitte-Macron-eblouit-le-Vatican-avec-un-sac-francais-dexception-a-2600-euros-pour-sa-rencontre-avec-le-pape.jpg","type":"image\/jpeg"}],"author":"Chloe Gauthier","twitter_card":"summary_large_image","twitter_misc":{"\u00c9crit par":"Chloe Gauthier","Dur\u00e9e de lecture estim\u00e9e":"2 minutes"},"schema":{"@context":"https:\/\/schema.org","@graph":[{"@type":"Article","@id":"https:\/\/www.sebastien-auziere.fr\/blog\/en\/brigitte-macron-dazzles-the-vatican-with-an-exceptional-french-bag-worth-2600-euros-for-her-meeting-with-the-pope\/#article","isPartOf":{"@id":"https:\/\/www.sebastien-auziere.fr\/blog\/en\/brigitte-macron-dazzles-the-vatican-with-an-exceptional-french-bag-worth-2600-euros-for-her-meeting-with-the-pope\/"},"author":{"name":"Chloe Gauthier","@id":"https:\/\/www.sebastien-auziere.fr\/blog\/#\/schema\/person\/149f1acdbfd85149c6c3e59adeae2f4d"},"headline":"Brigitte Macron dazzles the Vatican with an exceptional French bag worth 2600 euros for her meeting with the Pope","datePublished":"2026-04-14T19:05:13+00:00","dateModified":"2026-04-14T19:05:37+00:00","mainEntityOfPage":{"@id":"https:\/\/www.sebastien-auziere.fr\/blog\/en\/brigitte-macron-dazzles-the-vatican-with-an-exceptional-french-bag-worth-2600-euros-for-her-meeting-with-the-pope\/"},"wordCount":440,"commentCount":0,"publisher":{"@id":"https:\/\/www.sebastien-auziere.fr\/blog\/#organization"},"image":{"@id":"https:\/\/www.sebastien-auziere.fr\/blog\/en\/brigitte-macron-dazzles-the-vatican-with-an-exceptional-french-bag-worth-2600-euros-for-her-meeting-with-the-pope\/#primaryimage"},"thumbnailUrl":"https:\/\/www.sebastien-auziere.fr\/blog\/wp-content\/uploads\/2026\/04\/Brigitte-Macron-eblouit-le-Vatican-avec-un-sac-francais-dexception-a-2600-euros-pour-sa-rencontre-avec-le-pape.jpg","keywords":["brigitte macron","mode of luxury","paper","sac french","vatican"],"articleSection":["News"],"inLanguage":"fr-FR","potentialAction":[{"@type":"CommentAction","name":"Comment","target":["https:\/\/www.sebastien-auziere.fr\/blog\/en\/brigitte-macron-dazzles-the-vatican-with-an-exceptional-french-bag-worth-2600-euros-for-her-meeting-with-the-pope\/#respond"]}]},{"@type":"WebPage","@id":"https:\/\/www.sebastien-auziere.fr\/blog\/en\/brigitte-macron-dazzles-the-vatican-with-an-exceptional-french-bag-worth-2600-euros-for-her-meeting-with-the-pope\/","url":"https:\/\/www.sebastien-auziere.fr\/blog\/en\/brigitte-macron-dazzles-the-vatican-with-an-exceptional-french-bag-worth-2600-euros-for-her-meeting-with-the-pope\/","name":"Brigitte Macron dazzles the Vatican with an exceptional French bag worth 2600 euros for her meeting with the Pope - Fan site S\u00e9bastien Auzi\u00e8re","isPartOf":{"@id":"https:\/\/www.sebastien-auziere.fr\/blog\/#website"},"primaryImageOfPage":{"@id":"https:\/\/www.sebastien-auziere.fr\/blog\/en\/brigitte-macron-dazzles-the-vatican-with-an-exceptional-french-bag-worth-2600-euros-for-her-meeting-with-the-pope\/#primaryimage"},"image":{"@id":"https:\/\/www.sebastien-auziere.fr\/blog\/en\/brigitte-macron-dazzles-the-vatican-with-an-exceptional-french-bag-worth-2600-euros-for-her-meeting-with-the-pope\/#primaryimage"},"thumbnailUrl":"https:\/\/www.sebastien-auziere.fr\/blog\/wp-content\/uploads\/2026\/04\/Brigitte-Macron-eblouit-le-Vatican-avec-un-sac-francais-dexception-a-2600-euros-pour-sa-rencontre-avec-le-pape.jpg","datePublished":"2026-04-14T19:05:13+00:00","dateModified":"2026-04-14T19:05:37+00:00","description":"Brigitte Macron charme le Vatican avec un sac fran\u00e7ais d\u2019exception \u00e0 2600\u20ac lors de sa rencontre avec le pape, alliant \u00e9l\u00e9gance et luxe fran\u00e7ais.","breadcrumb":{"@id":"https:\/\/www.sebastien-auziere.fr\/blog\/en\/brigitte-macron-dazzles-the-vatican-with-an-exceptional-french-bag-worth-2600-euros-for-her-meeting-with-the-pope\/#breadcrumb"},"inLanguage":"fr-FR","potentialAction":[{"@type":"ReadAction","target":["https:\/\/www.sebastien-auziere.fr\/blog\/en\/brigitte-macron-dazzles-the-vatican-with-an-exceptional-french-bag-worth-2600-euros-for-her-meeting-with-the-pope\/"]}]},{"@type":"ImageObject","inLanguage":"fr-FR","@id":"https:\/\/www.sebastien-auziere.fr\/blog\/en\/brigitte-macron-dazzles-the-vatican-with-an-exceptional-french-bag-worth-2600-euros-for-her-meeting-with-the-pope\/#primaryimage","url":"https:\/\/www.sebastien-auziere.fr\/blog\/wp-content\/uploads\/2026\/04\/Brigitte-Macron-eblouit-le-Vatican-avec-un-sac-francais-dexception-a-2600-euros-pour-sa-rencontre-avec-le-pape.jpg","contentUrl":"https:\/\/www.sebastien-auziere.fr\/blog\/wp-content\/uploads\/2026\/04\/Brigitte-Macron-eblouit-le-Vatican-avec-un-sac-francais-dexception-a-2600-euros-pour-sa-rencontre-avec-le-pape.jpg","width":2560,"height":1429,"caption":"d\u00e9couvrez comment brigitte macron a impressionn\u00e9 le vatican lors de sa rencontre avec le pape, arborant un sac fran\u00e7ais d'exception \u00e0 2600 euros, symbole d'\u00e9l\u00e9gance et de luxe \u00e0 la fran\u00e7aise."},{"@type":"BreadcrumbList","@id":"https:\/\/www.sebastien-auziere.fr\/blog\/en\/brigitte-macron-dazzles-the-vatican-with-an-exceptional-french-bag-worth-2600-euros-for-her-meeting-with-the-pope\/#breadcrumb","itemListElement":[{"@type":"ListItem","position":1,"name":"Home","item":"https:\/\/www.sebastien-auziere.fr\/blog\/"},{"@type":"ListItem","position":2,"name":"Brigitte Macron dazzles the Vatican with an exceptional French bag worth 2600 euros for her meeting with the Pope"}]},{"@type":"WebSite","@id":"https:\/\/www.sebastien-auziere.fr\/blog\/#website","url":"https:\/\/www.sebastien-auziere.fr\/blog\/","name":"Fan site S\u00e9bastien Auzi\u00e8re","description":"M\u00e9dia g\u00e9n\u00e9raliste","publisher":{"@id":"https:\/\/www.sebastien-auziere.fr\/blog\/#organization"},"potentialAction":[{"@type":"SearchAction","target":{"@type":"EntryPoint","urlTemplate":"https:\/\/www.sebastien-auziere.fr\/blog\/?s={search_term_string}"},"query-input":{"@type":"PropertyValueSpecification","valueRequired":true,"valueName":"search_term_string"}}],"inLanguage":"fr-FR"},{"@type":"Organization","@id":"https:\/\/www.sebastien-auziere.fr\/blog\/#organization","name":"Fan site S\u00e9bastien Auzi\u00e8re","url":"https:\/\/www.sebastien-auziere.fr\/blog\/","logo":{"@type":"ImageObject","inLanguage":"fr-FR","@id":"https:\/\/www.sebastien-auziere.fr\/blog\/#\/schema\/logo\/image\/","url":"https:\/\/www.sebastien-auziere.fr\/blog\/wp-content\/uploads\/2026\/03\/cropped-cropped-cropped-ChatGPT-Image-6-mars-2026-12_58_09-e1772798376794.jpg","contentUrl":"https:\/\/www.sebastien-auziere.fr\/blog\/wp-content\/uploads\/2026\/03\/cropped-cropped-cropped-ChatGPT-Image-6-mars-2026-12_58_09-e1772798376794.jpg","width":512,"height":360,"caption":"Fan site S\u00e9bastien Auzi\u00e8re"},"image":{"@id":"https:\/\/www.sebastien-auziere.fr\/blog\/#\/schema\/logo\/image\/"}},{"@type":"Person","@id":"https:\/\/www.sebastien-auziere.fr\/blog\/#\/schema\/person\/149f1acdbfd85149c6c3e59adeae2f4d","name":"Chloe Gauthier","image":{"@type":"ImageObject","inLanguage":"fr-FR","@id":"https:\/\/secure.gravatar.com\/avatar\/2c5722f58171cff738a8985ef0dd66b476e563753246a49019befc837ec4201a?s=96&d=mm&r=g","url":"https:\/\/secure.gravatar.com\/avatar\/2c5722f58171cff738a8985ef0dd66b476e563753246a49019befc837ec4201a?s=96&d=mm&r=g","contentUrl":"https:\/\/secure.gravatar.com\/avatar\/2c5722f58171cff738a8985ef0dd66b476e563753246a49019befc837ec4201a?s=96&d=mm&r=g","caption":"Chloe Gauthier"},"description":"Passionn\u00e9e par la politique et admiratrice engag\u00e9e de la famille Macron, je consacre mon \u00e9nergie \u00e0 suivre leurs initiatives et \u00e0 promouvoir leurs id\u00e9es. \u00c0 32 ans, je suis convaincue que leur vision est porteuse d'avenir.","url":"https:\/\/www.sebastien-auziere.fr\/blog\/author\/chloe-gauthier\/"}]}},"views":2,"_links":{"self":[{"href":"https:\/\/www.sebastien-auziere.fr\/blog\/wp-json\/wp\/v2\/posts\/3020","targetHints":{"allow":["GET"]}}],"collection":[{"href":"https:\/\/www.sebastien-auziere.fr\/blog\/wp-json\/wp\/v2\/posts"}],"about":[{"href":"https:\/\/www.sebastien-auziere.fr\/blog\/wp-json\/wp\/v2\/types\/post"}],"author":[{"embeddable":true,"href":"https:\/\/www.sebastien-auziere.fr\/blog\/wp-json\/wp\/v2\/users\/9"}],"replies":[{"embeddable":true,"href":"https:\/\/www.sebastien-auziere.fr\/blog\/wp-json\/wp\/v2\/comments?post=3020"}],"version-history":[{"count":1,"href":"https:\/\/www.sebastien-auziere.fr\/blog\/wp-json\/wp\/v2\/posts\/3020\/revisions"}],"predecessor-version":[{"id":3021,"href":"https:\/\/www.sebastien-auziere.fr\/blog\/wp-json\/wp\/v2\/posts\/3020\/revisions\/3021"}],"wp:featuredmedia":[{"embeddable":true,"href":"https:\/\/www.sebastien-auziere.fr\/blog\/wp-json\/wp\/v2\/media\/3018"}],"wp:attachment":[{"href":"https:\/\/www.sebastien-auziere.fr\/blog\/wp-json\/wp\/v2\/media?parent=3020"}],"wp:term":[{"taxonomy":"category","embeddable":true,"href":"https:\/\/www.sebastien-auziere.fr\/blog\/wp-json\/wp\/v2\/categories?post=3020"},{"taxonomy":"post_tag","embeddable":true,"href":"https:\/\/www.sebastien-auziere.fr\/blog\/wp-json\/wp\/v2\/tags?post=3020"}],"curies":[{"name":"wp","href":"https:\/\/api.w.org\/{rel}","templated":true}]}}