{"id":3019,"date":"2026-04-14T19:05:11","date_gmt":"2026-04-14T19:05:11","guid":{"rendered":"https:\/\/www.sebastien-auziere.fr\/blog\/brigitte-macron-sac-vatican\/"},"modified":"2026-04-14T19:05:11","modified_gmt":"2026-04-14T19:05:11","slug":"brigitte-macron-sac-vatican","status":"publish","type":"post","link":"https:\/\/www.sebastien-auziere.fr\/blog\/brigitte-macron-sac-vatican\/","title":{"rendered":"Brigitte Macron \u00e9blouit le Vatican avec un sac fran\u00e7ais d&rsquo;exception \u00e0 2600 euros pour sa rencontre avec le pape"},"content":{"rendered":"<p><strong>Brigitte Macron<\/strong> a marqu\u00e9 les esprits au <strong>Vatican<\/strong> en choisissant un <strong>sac fran\u00e7ais<\/strong> d&rsquo;exception pour sa <strong>rencontre papale<\/strong>. Le mod\u00e8le compact port\u00e9 lors de cette visite est un <strong>Lady Dior<\/strong> en cuir d&rsquo;agneau, estim\u00e9 autour de <strong>2 600 euros<\/strong>, un choix qui lie <strong>luxe<\/strong>, <strong>mode<\/strong> et protocole en un seul geste.<\/p>\n\n<p><strong>En bref :<\/strong> tenue enti\u00e8rement noire respectant le protocole ; <strong>accessoire de mode<\/strong> hautement symbolique ; mise en lumi\u00e8re du <strong>haut de gamme<\/strong> et du savoir-faire fran\u00e7ais lors d&rsquo;une visite au <strong>Vatican<\/strong>.<\/p>\n\n<h2 class=\"wp-block-heading\">Brigitte Macron au Vatican : un <strong>sac fran\u00e7ais<\/strong> qui fait sensation<\/h2>\n\n<p>Tu as remarqu\u00e9 le contraste discret entre la rigueur du noir protocolaire et l&rsquo;\u00e9clat de l&rsquo;<strong>accessoire de mode<\/strong>. Lors de la <strong>rencontre papale<\/strong>, la premi\u00e8re dame a port\u00e9 une robe-manteau noire aux lignes architecturales, ponctu\u00e9e d&rsquo;une \u00e9charpe en dentelle et d&rsquo;un chignon soign\u00e9. Le <strong>Lady Dior<\/strong>, incarnant le <strong>luxe<\/strong> et le patrimoine artisanal, a attir\u00e9 l&rsquo;oeil des observateurs d\u00e8s son arriv\u00e9e, confirmant un <strong>style<\/strong> \u00e0 la fois moderne et respectueux.<\/p>\n\n<h2 class=\"wp-block-heading\">Un choix hautement symbolique et un <strong>prix \u00e9lev\u00e9<\/strong> assum\u00e9<\/h2>\n\n<p>Le recours \u00e0 une pi\u00e8ce <strong>haut de gamme<\/strong> d&rsquo;une maison de la rue Montaigne rappelle le r\u00f4le diplomatique de la mode fran\u00e7aise. Le mod\u00e8le port\u00e9, valoris\u00e9 autour de <strong>2 600 euros<\/strong> pour les versions compactes, n&rsquo;est pas qu&rsquo;un effet de surface : il traduit une volont\u00e9 de mettre en lumi\u00e8re le savoir-faire hexagonal. Pour en savoir plus sur ce look au <strong>Vatican<\/strong>, d\u00e9couvre l&rsquo;analyse d\u00e9taill\u00e9e sur <a href=\"https:\/\/www.sebastien-auziere.fr\/blog\/brigitte-macron-look-vatican\/\">Brigitte Macron : look au Vatican<\/a>, qui replace ce choix dans l&rsquo;histoire des apparitions officielles.<\/p>\n\n<h3 class=\"wp-block-heading\">Protocole et modernit\u00e9 : la mode au service de la diplomatie<\/h3>\n\n<p>Le total look noir respectait les codes du Saint-Si\u00e8ge, mais l&rsquo;<strong>accessoire de mode<\/strong> a su r\u00e9interpr\u00e9ter la tradition. En portant le sac comme une pochette et en privil\u00e9giant une silhouette \u00e9pur\u00e9e, la premi\u00e8re dame a montr\u00e9 comment une pi\u00e8ce iconique peut devenir vecteur de message culturel. Ce mariage entre rigueur et \u00e9l\u00e9gance illustre le pouvoir symbolique d&rsquo;un <strong>sac fran\u00e7ais<\/strong> dans une rencontre internationale.<\/p>\n\n<h2 class=\"wp-block-heading\">Retomb\u00e9es m\u00e9diatiques : mode, <strong>luxe<\/strong> et rayonnement<\/h2>\n\n<p>Les m\u00e9dias ont soulign\u00e9 l&rsquo;\u00e9quilibre entre respect du protocole et visibilit\u00e9 du <strong>haut de gamme<\/strong>. Ce choix stylistique fait \u00e9cho \u00e0 d&rsquo;autres apparitions \u00e9tudi\u00e9es sur le site, comme l&rsquo;hommage vestimentaire au Japon ou la signature du style personnel. Pour une mise en perspective plus large de ces codes, consulte l&rsquo;article sur la visite pr\u00e9sidentielle au <a href=\"https:\/\/www.sebastien-auziere.fr\/blog\/macron-vatican-visite\/\">Macron : visite au Vatican<\/a>, qui replace cette s\u00e9quence dans une dynamique diplomatique plus vaste.<\/p>\n\n<p>Pour aller plus loin sur l&rsquo;univers de <strong>Brigitte Macron<\/strong>, son <strong>style<\/strong> et le r\u00f4le de la famille dans la vie publique, rends-toi sur <a href=\"https:\/\/www.sebastien-auziere.fr\/blog\/brigitte-macron-vatican\/\">https:\/\/www.sebastien-auziere.fr\/blog\/brigitte-macron-vatican\/<\/a> et explore les analyses d\u00e9di\u00e9es \u00e0 S\u00e9bastien Auzi\u00e8re et aux temps forts des Macron.<\/p>\n\n","protected":false},"excerpt":{"rendered":"<p>Brigitte Macron a marqu\u00e9 les esprits au Vatican en choisissant un sac fran\u00e7ais d&rsquo;exception pour sa rencontre papale. Le mod\u00e8le compact port\u00e9 lors de cette visite est un Lady Dior en cuir d&rsquo;agneau, estim\u00e9 autour de 2 600 euros, un choix qui lie luxe, mode et protocole en un seul geste. En bref : tenue &#8230; <a title=\"Brigitte Macron \u00e9blouit le Vatican avec un sac fran\u00e7ais d&rsquo;exception \u00e0 2600 euros pour sa rencontre avec le pape\" class=\"read-more\" href=\"https:\/\/www.sebastien-auziere.fr\/blog\/brigitte-macron-sac-vatican\/\" aria-label=\"En savoir plus sur Brigitte Macron \u00e9blouit le Vatican avec un sac fran\u00e7ais d&rsquo;exception \u00e0 2600 euros pour sa rencontre avec le pape\">Lire plus<\/a><\/p>\n","protected":false},"author":9,"featured_media":3018,"comment_status":"open","ping_status":"open","sticky":false,"template":"","format":"standard","meta":{"footnotes":""},"categories":[597],"tags":[892,2856,2858,2854,2115],"class_list":["post-3019","post","type-post","status-publish","format-standard","has-post-thumbnail","hentry","category-actualites","tag-brigitte-macron","tag-mode-de-luxe","tag-pape","tag-sac-francais","tag-vatican"],"yoast_head":"<!-- This site is optimized with the Yoast SEO plugin v27.5 - https:\/\/yoast.com\/product\/yoast-seo-wordpress\/ -->\n<title>Brigitte Macron \u00e9blouit le Vatican avec un sac fran\u00e7ais d&#039;exception \u00e0 2600 euros pour sa rencontre avec le pape - Fan site S\u00e9bastien Auzi\u00e8re<\/title>\n<meta name=\"description\" content=\"Brigitte Macron charme le Vatican avec un sac fran\u00e7ais d\u2019exception \u00e0 2600\u20ac lors de sa rencontre avec le pape, alliant \u00e9l\u00e9gance et luxe fran\u00e7ais.\" \/>\n<meta name=\"robots\" content=\"index, follow, max-snippet:-1, max-image-preview:large, max-video-preview:-1\" \/>\n<link rel=\"canonical\" href=\"https:\/\/www.sebastien-auziere.fr\/blog\/brigitte-macron-sac-vatican\/\" \/>\n<meta property=\"og:locale\" content=\"fr_FR\" \/>\n<meta property=\"og:type\" content=\"article\" \/>\n<meta property=\"og:title\" content=\"Brigitte Macron \u00e9blouit le Vatican avec un sac fran\u00e7ais d&#039;exception \u00e0 2600 euros pour sa rencontre avec le pape - Fan site S\u00e9bastien Auzi\u00e8re\" \/>\n<meta property=\"og:description\" content=\"Brigitte Macron charme le Vatican avec un sac fran\u00e7ais d\u2019exception \u00e0 2600\u20ac lors de sa rencontre avec le pape, alliant \u00e9l\u00e9gance et luxe fran\u00e7ais.\" \/>\n<meta property=\"og:url\" content=\"https:\/\/www.sebastien-auziere.fr\/blog\/brigitte-macron-sac-vatican\/\" \/>\n<meta property=\"og:site_name\" content=\"Fan site S\u00e9bastien Auzi\u00e8re\" \/>\n<meta property=\"article:published_time\" content=\"2026-04-14T19:05:11+00:00\" \/>\n<meta property=\"og:image\" content=\"https:\/\/www.sebastien-auziere.fr\/blog\/wp-content\/uploads\/2026\/04\/Brigitte-Macron-eblouit-le-Vatican-avec-un-sac-francais-dexception-a-2600-euros-pour-sa-rencontre-avec-le-pape.jpg\" \/>\n\t<meta property=\"og:image:width\" content=\"2560\" \/>\n\t<meta property=\"og:image:height\" content=\"1429\" \/>\n\t<meta property=\"og:image:type\" content=\"image\/jpeg\" \/>\n<meta name=\"author\" content=\"Chloe Gauthier\" \/>\n<meta name=\"twitter:card\" content=\"summary_large_image\" \/>\n<meta name=\"twitter:label1\" content=\"\u00c9crit par\" \/>\n\t<meta name=\"twitter:data1\" content=\"Chloe Gauthier\" \/>\n\t<meta name=\"twitter:label2\" content=\"Dur\u00e9e de lecture estim\u00e9e\" \/>\n\t<meta name=\"twitter:data2\" content=\"2 minutes\" \/>\n<script type=\"application\/ld+json\" class=\"yoast-schema-graph\">{\"@context\":\"https:\\\/\\\/schema.org\",\"@graph\":[{\"@type\":\"Article\",\"@id\":\"https:\\\/\\\/www.sebastien-auziere.fr\\\/blog\\\/brigitte-macron-sac-vatican\\\/#article\",\"isPartOf\":{\"@id\":\"https:\\\/\\\/www.sebastien-auziere.fr\\\/blog\\\/brigitte-macron-sac-vatican\\\/\"},\"author\":{\"name\":\"Chloe Gauthier\",\"@id\":\"https:\\\/\\\/www.sebastien-auziere.fr\\\/blog\\\/#\\\/schema\\\/person\\\/149f1acdbfd85149c6c3e59adeae2f4d\"},\"headline\":\"Brigitte Macron \u00e9blouit le Vatican avec un sac fran\u00e7ais d&rsquo;exception \u00e0 2600 euros pour sa rencontre avec le pape\",\"datePublished\":\"2026-04-14T19:05:11+00:00\",\"mainEntityOfPage\":{\"@id\":\"https:\\\/\\\/www.sebastien-auziere.fr\\\/blog\\\/brigitte-macron-sac-vatican\\\/\"},\"wordCount\":489,\"commentCount\":0,\"publisher\":{\"@id\":\"https:\\\/\\\/www.sebastien-auziere.fr\\\/blog\\\/#organization\"},\"image\":{\"@id\":\"https:\\\/\\\/www.sebastien-auziere.fr\\\/blog\\\/brigitte-macron-sac-vatican\\\/#primaryimage\"},\"thumbnailUrl\":\"https:\\\/\\\/www.sebastien-auziere.fr\\\/blog\\\/wp-content\\\/uploads\\\/2026\\\/04\\\/Brigitte-Macron-eblouit-le-Vatican-avec-un-sac-francais-dexception-a-2600-euros-pour-sa-rencontre-avec-le-pape.jpg\",\"keywords\":[\"brigitte macron\",\"mode de luxe\",\"pape\",\"sac fran\u00e7ais\",\"vatican\"],\"articleSection\":[\"Actualit\u00e9s\"],\"inLanguage\":\"fr-FR\",\"potentialAction\":[{\"@type\":\"CommentAction\",\"name\":\"Comment\",\"target\":[\"https:\\\/\\\/www.sebastien-auziere.fr\\\/blog\\\/brigitte-macron-sac-vatican\\\/#respond\"]}]},{\"@type\":\"WebPage\",\"@id\":\"https:\\\/\\\/www.sebastien-auziere.fr\\\/blog\\\/brigitte-macron-sac-vatican\\\/\",\"url\":\"https:\\\/\\\/www.sebastien-auziere.fr\\\/blog\\\/brigitte-macron-sac-vatican\\\/\",\"name\":\"Brigitte Macron \u00e9blouit le Vatican avec un sac fran\u00e7ais d'exception \u00e0 2600 euros pour sa rencontre avec le pape - Fan site S\u00e9bastien Auzi\u00e8re\",\"isPartOf\":{\"@id\":\"https:\\\/\\\/www.sebastien-auziere.fr\\\/blog\\\/#website\"},\"primaryImageOfPage\":{\"@id\":\"https:\\\/\\\/www.sebastien-auziere.fr\\\/blog\\\/brigitte-macron-sac-vatican\\\/#primaryimage\"},\"image\":{\"@id\":\"https:\\\/\\\/www.sebastien-auziere.fr\\\/blog\\\/brigitte-macron-sac-vatican\\\/#primaryimage\"},\"thumbnailUrl\":\"https:\\\/\\\/www.sebastien-auziere.fr\\\/blog\\\/wp-content\\\/uploads\\\/2026\\\/04\\\/Brigitte-Macron-eblouit-le-Vatican-avec-un-sac-francais-dexception-a-2600-euros-pour-sa-rencontre-avec-le-pape.jpg\",\"datePublished\":\"2026-04-14T19:05:11+00:00\",\"description\":\"Brigitte Macron charme le Vatican avec un sac fran\u00e7ais d\u2019exception \u00e0 2600\u20ac lors de sa rencontre avec le pape, alliant \u00e9l\u00e9gance et luxe fran\u00e7ais.\",\"breadcrumb\":{\"@id\":\"https:\\\/\\\/www.sebastien-auziere.fr\\\/blog\\\/brigitte-macron-sac-vatican\\\/#breadcrumb\"},\"inLanguage\":\"fr-FR\",\"potentialAction\":[{\"@type\":\"ReadAction\",\"target\":[\"https:\\\/\\\/www.sebastien-auziere.fr\\\/blog\\\/brigitte-macron-sac-vatican\\\/\"]}]},{\"@type\":\"ImageObject\",\"inLanguage\":\"fr-FR\",\"@id\":\"https:\\\/\\\/www.sebastien-auziere.fr\\\/blog\\\/brigitte-macron-sac-vatican\\\/#primaryimage\",\"url\":\"https:\\\/\\\/www.sebastien-auziere.fr\\\/blog\\\/wp-content\\\/uploads\\\/2026\\\/04\\\/Brigitte-Macron-eblouit-le-Vatican-avec-un-sac-francais-dexception-a-2600-euros-pour-sa-rencontre-avec-le-pape.jpg\",\"contentUrl\":\"https:\\\/\\\/www.sebastien-auziere.fr\\\/blog\\\/wp-content\\\/uploads\\\/2026\\\/04\\\/Brigitte-Macron-eblouit-le-Vatican-avec-un-sac-francais-dexception-a-2600-euros-pour-sa-rencontre-avec-le-pape.jpg\",\"width\":2560,\"height\":1429,\"caption\":\"d\u00e9couvrez comment brigitte macron a impressionn\u00e9 le vatican lors de sa rencontre avec le pape, arborant un sac fran\u00e7ais d'exception \u00e0 2600 euros, symbole d'\u00e9l\u00e9gance et de luxe \u00e0 la fran\u00e7aise.\"},{\"@type\":\"BreadcrumbList\",\"@id\":\"https:\\\/\\\/www.sebastien-auziere.fr\\\/blog\\\/brigitte-macron-sac-vatican\\\/#breadcrumb\",\"itemListElement\":[{\"@type\":\"ListItem\",\"position\":1,\"name\":\"Home\",\"item\":\"https:\\\/\\\/www.sebastien-auziere.fr\\\/blog\\\/\"},{\"@type\":\"ListItem\",\"position\":2,\"name\":\"Brigitte Macron \u00e9blouit le Vatican avec un sac fran\u00e7ais d&rsquo;exception \u00e0 2600 euros pour sa rencontre avec le pape\"}]},{\"@type\":\"WebSite\",\"@id\":\"https:\\\/\\\/www.sebastien-auziere.fr\\\/blog\\\/#website\",\"url\":\"https:\\\/\\\/www.sebastien-auziere.fr\\\/blog\\\/\",\"name\":\"Fan site S\u00e9bastien Auzi\u00e8re\",\"description\":\"M\u00e9dia g\u00e9n\u00e9raliste\",\"publisher\":{\"@id\":\"https:\\\/\\\/www.sebastien-auziere.fr\\\/blog\\\/#organization\"},\"potentialAction\":[{\"@type\":\"SearchAction\",\"target\":{\"@type\":\"EntryPoint\",\"urlTemplate\":\"https:\\\/\\\/www.sebastien-auziere.fr\\\/blog\\\/?s={search_term_string}\"},\"query-input\":{\"@type\":\"PropertyValueSpecification\",\"valueRequired\":true,\"valueName\":\"search_term_string\"}}],\"inLanguage\":\"fr-FR\"},{\"@type\":\"Organization\",\"@id\":\"https:\\\/\\\/www.sebastien-auziere.fr\\\/blog\\\/#organization\",\"name\":\"Fan site S\u00e9bastien Auzi\u00e8re\",\"url\":\"https:\\\/\\\/www.sebastien-auziere.fr\\\/blog\\\/\",\"logo\":{\"@type\":\"ImageObject\",\"inLanguage\":\"fr-FR\",\"@id\":\"https:\\\/\\\/www.sebastien-auziere.fr\\\/blog\\\/#\\\/schema\\\/logo\\\/image\\\/\",\"url\":\"https:\\\/\\\/www.sebastien-auziere.fr\\\/blog\\\/wp-content\\\/uploads\\\/2026\\\/03\\\/cropped-cropped-cropped-ChatGPT-Image-6-mars-2026-12_58_09-e1772798376794.jpg\",\"contentUrl\":\"https:\\\/\\\/www.sebastien-auziere.fr\\\/blog\\\/wp-content\\\/uploads\\\/2026\\\/03\\\/cropped-cropped-cropped-ChatGPT-Image-6-mars-2026-12_58_09-e1772798376794.jpg\",\"width\":512,\"height\":360,\"caption\":\"Fan site S\u00e9bastien Auzi\u00e8re\"},\"image\":{\"@id\":\"https:\\\/\\\/www.sebastien-auziere.fr\\\/blog\\\/#\\\/schema\\\/logo\\\/image\\\/\"}},{\"@type\":\"Person\",\"@id\":\"https:\\\/\\\/www.sebastien-auziere.fr\\\/blog\\\/#\\\/schema\\\/person\\\/149f1acdbfd85149c6c3e59adeae2f4d\",\"name\":\"Chloe Gauthier\",\"image\":{\"@type\":\"ImageObject\",\"inLanguage\":\"fr-FR\",\"@id\":\"https:\\\/\\\/secure.gravatar.com\\\/avatar\\\/2c5722f58171cff738a8985ef0dd66b476e563753246a49019befc837ec4201a?s=96&d=mm&r=g\",\"url\":\"https:\\\/\\\/secure.gravatar.com\\\/avatar\\\/2c5722f58171cff738a8985ef0dd66b476e563753246a49019befc837ec4201a?s=96&d=mm&r=g\",\"contentUrl\":\"https:\\\/\\\/secure.gravatar.com\\\/avatar\\\/2c5722f58171cff738a8985ef0dd66b476e563753246a49019befc837ec4201a?s=96&d=mm&r=g\",\"caption\":\"Chloe Gauthier\"},\"description\":\"Passionn\u00e9e par la politique et admiratrice engag\u00e9e de la famille Macron, je consacre mon \u00e9nergie \u00e0 suivre leurs initiatives et \u00e0 promouvoir leurs id\u00e9es. \u00c0 32 ans, je suis convaincue que leur vision est porteuse d'avenir.\",\"url\":\"https:\\\/\\\/www.sebastien-auziere.fr\\\/blog\\\/author\\\/chloe-gauthier\\\/\"}]}<\/script>\n<!-- \/ Yoast SEO plugin. -->","yoast_head_json":{"title":"Brigitte Macron \u00e9blouit le Vatican avec un sac fran\u00e7ais d'exception \u00e0 2600 euros pour sa rencontre avec le pape - Fan site S\u00e9bastien Auzi\u00e8re","description":"Brigitte Macron charme le Vatican avec un sac fran\u00e7ais d\u2019exception \u00e0 2600\u20ac lors de sa rencontre avec le pape, alliant \u00e9l\u00e9gance et luxe fran\u00e7ais.","robots":{"index":"index","follow":"follow","max-snippet":"max-snippet:-1","max-image-preview":"max-image-preview:large","max-video-preview":"max-video-preview:-1"},"canonical":"https:\/\/www.sebastien-auziere.fr\/blog\/brigitte-macron-sac-vatican\/","og_locale":"fr_FR","og_type":"article","og_title":"Brigitte Macron \u00e9blouit le Vatican avec un sac fran\u00e7ais d'exception \u00e0 2600 euros pour sa rencontre avec le pape - Fan site S\u00e9bastien Auzi\u00e8re","og_description":"Brigitte Macron charme le Vatican avec un sac fran\u00e7ais d\u2019exception \u00e0 2600\u20ac lors de sa rencontre avec le pape, alliant \u00e9l\u00e9gance et luxe fran\u00e7ais.","og_url":"https:\/\/www.sebastien-auziere.fr\/blog\/brigitte-macron-sac-vatican\/","og_site_name":"Fan site S\u00e9bastien Auzi\u00e8re","article_published_time":"2026-04-14T19:05:11+00:00","og_image":[{"width":2560,"height":1429,"url":"https:\/\/www.sebastien-auziere.fr\/blog\/wp-content\/uploads\/2026\/04\/Brigitte-Macron-eblouit-le-Vatican-avec-un-sac-francais-dexception-a-2600-euros-pour-sa-rencontre-avec-le-pape.jpg","type":"image\/jpeg"}],"author":"Chloe Gauthier","twitter_card":"summary_large_image","twitter_misc":{"\u00c9crit par":"Chloe Gauthier","Dur\u00e9e de lecture estim\u00e9e":"2 minutes"},"schema":{"@context":"https:\/\/schema.org","@graph":[{"@type":"Article","@id":"https:\/\/www.sebastien-auziere.fr\/blog\/brigitte-macron-sac-vatican\/#article","isPartOf":{"@id":"https:\/\/www.sebastien-auziere.fr\/blog\/brigitte-macron-sac-vatican\/"},"author":{"name":"Chloe Gauthier","@id":"https:\/\/www.sebastien-auziere.fr\/blog\/#\/schema\/person\/149f1acdbfd85149c6c3e59adeae2f4d"},"headline":"Brigitte Macron \u00e9blouit le Vatican avec un sac fran\u00e7ais d&rsquo;exception \u00e0 2600 euros pour sa rencontre avec le pape","datePublished":"2026-04-14T19:05:11+00:00","mainEntityOfPage":{"@id":"https:\/\/www.sebastien-auziere.fr\/blog\/brigitte-macron-sac-vatican\/"},"wordCount":489,"commentCount":0,"publisher":{"@id":"https:\/\/www.sebastien-auziere.fr\/blog\/#organization"},"image":{"@id":"https:\/\/www.sebastien-auziere.fr\/blog\/brigitte-macron-sac-vatican\/#primaryimage"},"thumbnailUrl":"https:\/\/www.sebastien-auziere.fr\/blog\/wp-content\/uploads\/2026\/04\/Brigitte-Macron-eblouit-le-Vatican-avec-un-sac-francais-dexception-a-2600-euros-pour-sa-rencontre-avec-le-pape.jpg","keywords":["brigitte macron","mode de luxe","pape","sac fran\u00e7ais","vatican"],"articleSection":["Actualit\u00e9s"],"inLanguage":"fr-FR","potentialAction":[{"@type":"CommentAction","name":"Comment","target":["https:\/\/www.sebastien-auziere.fr\/blog\/brigitte-macron-sac-vatican\/#respond"]}]},{"@type":"WebPage","@id":"https:\/\/www.sebastien-auziere.fr\/blog\/brigitte-macron-sac-vatican\/","url":"https:\/\/www.sebastien-auziere.fr\/blog\/brigitte-macron-sac-vatican\/","name":"Brigitte Macron \u00e9blouit le Vatican avec un sac fran\u00e7ais d'exception \u00e0 2600 euros pour sa rencontre avec le pape - Fan site S\u00e9bastien Auzi\u00e8re","isPartOf":{"@id":"https:\/\/www.sebastien-auziere.fr\/blog\/#website"},"primaryImageOfPage":{"@id":"https:\/\/www.sebastien-auziere.fr\/blog\/brigitte-macron-sac-vatican\/#primaryimage"},"image":{"@id":"https:\/\/www.sebastien-auziere.fr\/blog\/brigitte-macron-sac-vatican\/#primaryimage"},"thumbnailUrl":"https:\/\/www.sebastien-auziere.fr\/blog\/wp-content\/uploads\/2026\/04\/Brigitte-Macron-eblouit-le-Vatican-avec-un-sac-francais-dexception-a-2600-euros-pour-sa-rencontre-avec-le-pape.jpg","datePublished":"2026-04-14T19:05:11+00:00","description":"Brigitte Macron charme le Vatican avec un sac fran\u00e7ais d\u2019exception \u00e0 2600\u20ac lors de sa rencontre avec le pape, alliant \u00e9l\u00e9gance et luxe fran\u00e7ais.","breadcrumb":{"@id":"https:\/\/www.sebastien-auziere.fr\/blog\/brigitte-macron-sac-vatican\/#breadcrumb"},"inLanguage":"fr-FR","potentialAction":[{"@type":"ReadAction","target":["https:\/\/www.sebastien-auziere.fr\/blog\/brigitte-macron-sac-vatican\/"]}]},{"@type":"ImageObject","inLanguage":"fr-FR","@id":"https:\/\/www.sebastien-auziere.fr\/blog\/brigitte-macron-sac-vatican\/#primaryimage","url":"https:\/\/www.sebastien-auziere.fr\/blog\/wp-content\/uploads\/2026\/04\/Brigitte-Macron-eblouit-le-Vatican-avec-un-sac-francais-dexception-a-2600-euros-pour-sa-rencontre-avec-le-pape.jpg","contentUrl":"https:\/\/www.sebastien-auziere.fr\/blog\/wp-content\/uploads\/2026\/04\/Brigitte-Macron-eblouit-le-Vatican-avec-un-sac-francais-dexception-a-2600-euros-pour-sa-rencontre-avec-le-pape.jpg","width":2560,"height":1429,"caption":"d\u00e9couvrez comment brigitte macron a impressionn\u00e9 le vatican lors de sa rencontre avec le pape, arborant un sac fran\u00e7ais d'exception \u00e0 2600 euros, symbole d'\u00e9l\u00e9gance et de luxe \u00e0 la fran\u00e7aise."},{"@type":"BreadcrumbList","@id":"https:\/\/www.sebastien-auziere.fr\/blog\/brigitte-macron-sac-vatican\/#breadcrumb","itemListElement":[{"@type":"ListItem","position":1,"name":"Home","item":"https:\/\/www.sebastien-auziere.fr\/blog\/"},{"@type":"ListItem","position":2,"name":"Brigitte Macron \u00e9blouit le Vatican avec un sac fran\u00e7ais d&rsquo;exception \u00e0 2600 euros pour sa rencontre avec le pape"}]},{"@type":"WebSite","@id":"https:\/\/www.sebastien-auziere.fr\/blog\/#website","url":"https:\/\/www.sebastien-auziere.fr\/blog\/","name":"Fan site S\u00e9bastien Auzi\u00e8re","description":"M\u00e9dia g\u00e9n\u00e9raliste","publisher":{"@id":"https:\/\/www.sebastien-auziere.fr\/blog\/#organization"},"potentialAction":[{"@type":"SearchAction","target":{"@type":"EntryPoint","urlTemplate":"https:\/\/www.sebastien-auziere.fr\/blog\/?s={search_term_string}"},"query-input":{"@type":"PropertyValueSpecification","valueRequired":true,"valueName":"search_term_string"}}],"inLanguage":"fr-FR"},{"@type":"Organization","@id":"https:\/\/www.sebastien-auziere.fr\/blog\/#organization","name":"Fan site S\u00e9bastien Auzi\u00e8re","url":"https:\/\/www.sebastien-auziere.fr\/blog\/","logo":{"@type":"ImageObject","inLanguage":"fr-FR","@id":"https:\/\/www.sebastien-auziere.fr\/blog\/#\/schema\/logo\/image\/","url":"https:\/\/www.sebastien-auziere.fr\/blog\/wp-content\/uploads\/2026\/03\/cropped-cropped-cropped-ChatGPT-Image-6-mars-2026-12_58_09-e1772798376794.jpg","contentUrl":"https:\/\/www.sebastien-auziere.fr\/blog\/wp-content\/uploads\/2026\/03\/cropped-cropped-cropped-ChatGPT-Image-6-mars-2026-12_58_09-e1772798376794.jpg","width":512,"height":360,"caption":"Fan site S\u00e9bastien Auzi\u00e8re"},"image":{"@id":"https:\/\/www.sebastien-auziere.fr\/blog\/#\/schema\/logo\/image\/"}},{"@type":"Person","@id":"https:\/\/www.sebastien-auziere.fr\/blog\/#\/schema\/person\/149f1acdbfd85149c6c3e59adeae2f4d","name":"Chloe Gauthier","image":{"@type":"ImageObject","inLanguage":"fr-FR","@id":"https:\/\/secure.gravatar.com\/avatar\/2c5722f58171cff738a8985ef0dd66b476e563753246a49019befc837ec4201a?s=96&d=mm&r=g","url":"https:\/\/secure.gravatar.com\/avatar\/2c5722f58171cff738a8985ef0dd66b476e563753246a49019befc837ec4201a?s=96&d=mm&r=g","contentUrl":"https:\/\/secure.gravatar.com\/avatar\/2c5722f58171cff738a8985ef0dd66b476e563753246a49019befc837ec4201a?s=96&d=mm&r=g","caption":"Chloe Gauthier"},"description":"Passionn\u00e9e par la politique et admiratrice engag\u00e9e de la famille Macron, je consacre mon \u00e9nergie \u00e0 suivre leurs initiatives et \u00e0 promouvoir leurs id\u00e9es. \u00c0 32 ans, je suis convaincue que leur vision est porteuse d'avenir.","url":"https:\/\/www.sebastien-auziere.fr\/blog\/author\/chloe-gauthier\/"}]}},"views":7,"_links":{"self":[{"href":"https:\/\/www.sebastien-auziere.fr\/blog\/wp-json\/wp\/v2\/posts\/3019","targetHints":{"allow":["GET"]}}],"collection":[{"href":"https:\/\/www.sebastien-auziere.fr\/blog\/wp-json\/wp\/v2\/posts"}],"about":[{"href":"https:\/\/www.sebastien-auziere.fr\/blog\/wp-json\/wp\/v2\/types\/post"}],"author":[{"embeddable":true,"href":"https:\/\/www.sebastien-auziere.fr\/blog\/wp-json\/wp\/v2\/users\/9"}],"replies":[{"embeddable":true,"href":"https:\/\/www.sebastien-auziere.fr\/blog\/wp-json\/wp\/v2\/comments?post=3019"}],"version-history":[{"count":0,"href":"https:\/\/www.sebastien-auziere.fr\/blog\/wp-json\/wp\/v2\/posts\/3019\/revisions"}],"wp:featuredmedia":[{"embeddable":true,"href":"https:\/\/www.sebastien-auziere.fr\/blog\/wp-json\/wp\/v2\/media\/3018"}],"wp:attachment":[{"href":"https:\/\/www.sebastien-auziere.fr\/blog\/wp-json\/wp\/v2\/media?parent=3019"}],"wp:term":[{"taxonomy":"category","embeddable":true,"href":"https:\/\/www.sebastien-auziere.fr\/blog\/wp-json\/wp\/v2\/categories?post=3019"},{"taxonomy":"post_tag","embeddable":true,"href":"https:\/\/www.sebastien-auziere.fr\/blog\/wp-json\/wp\/v2\/tags?post=3019"}],"curies":[{"name":"wp","href":"https:\/\/api.w.org\/{rel}","templated":true}]}}