{"id":3014,"date":"2026-04-14T07:11:37","date_gmt":"2026-04-14T07:11:37","guid":{"rendered":"https:\/\/www.sebastien-auziere.fr\/blog\/?p=3014"},"modified":"2026-04-14T07:11:57","modified_gmt":"2026-04-14T07:11:57","slug":"brigitte-macron-vende-sua-villa-em-touquet-descubra-a-incrivel-valorizacao-realizada","status":"publish","type":"post","link":"https:\/\/www.sebastien-auziere.fr\/blog\/pt\/brigitte-macron-vende-sua-villa-em-touquet-descubra-a-incrivel-valorizacao-realizada\/","title":{"rendered":"Brigitte Macron vende sua villa em Touquet: descubra a incr\u00edvel valoriza\u00e7\u00e3o realizada"},"content":{"rendered":"<p>Em 13 de abril de 2026, Brigitte Macron finalizou a venda de sua <strong>vila<\/strong> em <strong>Touquet<\/strong> por <strong>3,6 milh\u00f5es de euros<\/strong>, uma opera\u00e7\u00e3o que revela uma <strong>mais-valia imobili\u00e1ria<\/strong> superior a um milh\u00e3o de euros. A informa\u00e7\u00e3o, amplamente divulgada pela imprensa, confirma a ascens\u00e3o espetacular dos pre\u00e7os neste segmento do <strong>im\u00f3vel de luxo<\/strong>.<\/p>\n\n<p>Resumindo: <strong>pre\u00e7o de venda<\/strong> 3,6 M\u20ac, propriedade transmitida em <strong>2014<\/strong> e estimada na \u00e9poca em pouco mais de <strong>2 milh\u00f5es de euros<\/strong>, <strong>mais-valia<\/strong> superior a 1 M\u20ac, comprador identificado como um promotor visando o <strong>alto padr\u00e3o<\/strong>, e os Macron reinvestem em uma nova <strong>resid\u00eancia secund\u00e1ria<\/strong> \u00e0 beira-mar com projetos ambiciosos. Veja a revela\u00e7\u00e3o do jornal atrav\u00e9s de <a href=\"https:\/\/www.bfmtv.com\/immobilier\/200-en-10-ans-le-canard-enchaine-revele-que-brigitte-macron-a-vendu-sa-maison-du-touquet-pour-3-6-millions-d-euros_AV-202509020760.html\" rel=\"nofollow\">BFMTV<\/a>.<\/p>\n\n<h2 class=\"wp-block-heading\">Venda imobili\u00e1ria em Touquet: o pre\u00e7o de venda e a mais-valia revelados<\/h2>\n\n<p>A <strong>transa\u00e7\u00e3o imobili\u00e1ria<\/strong> claramente reflete uma opera\u00e7\u00e3o bem-sucedida: vendida por <strong>3,6 M\u20ac<\/strong>, a villa Mon\u00e9jan \u2014 herdada por Brigitte Macron em 2014 \u2014 tinha um valor de cerca de <strong>2 M\u20ac<\/strong> na \u00e9poca. A diferen\u00e7a indica uma <strong>mais-valia<\/strong> l\u00edquida superior a um milh\u00e3o, mesmo considerando as taxas, estimadas em cerca de <strong>309 000 \u20ac<\/strong> segundo alguns meios de comunica\u00e7\u00e3o. Este n\u00edvel de valoriza\u00e7\u00e3o ilustra a press\u00e3o no mercado touquettois para bens de prest\u00edgio.<\/p>\n\n<h2 class=\"wp-block-heading\">Quem comprou a villa e qual o projeto para o im\u00f3vel de luxo?<\/h2>\n\n<p>As informa\u00e7\u00f5es dispon\u00edveis indicam que um <strong>promotor<\/strong> adquiriu a propriedade, atra\u00eddo pela localiza\u00e7\u00e3o e pelo potencial de valoriza\u00e7\u00e3o. A ambi\u00e7\u00e3o anunciada consiste em realizar um projeto de alto n\u00edvel, voltado para uma clientela internacional, confirmando a atratividade de Touquet para o <strong>im\u00f3vel de luxo<\/strong>. Para mais detalhes sobre a identidade do comprador e os desafios, v\u00e1rios ve\u00edculos nacionais realizaram investiga\u00e7\u00f5es, incluindo <a href=\"https:\/\/www.lepoint.fr\/people\/jackpot-pour-les-macron-brigitte-a-vendu-sa-villa-du-touquet-3-6-millions-d-euros-04-09-2025-2597778_2116.php\" rel=\"nofollow\">Le Point<\/a>, que detalha as inten\u00e7\u00f5es de valoriza\u00e7\u00e3o.<\/p>\n\n<h2 class=\"wp-block-heading\">Nova resid\u00eancia secund\u00e1ria: amplia\u00e7\u00e3o e reformas \u00e0 beira-mar<\/h2>\n\n<p>Em vez de se desvincular de Touquet, o casal presidencial adquiriu uma villa \u00e0 beira-mar e lan\u00e7ou reformas significativas. A \u00e1rea prevista passaria de cerca de <strong>366 m\u00b2<\/strong> para mais de <strong>450 m\u00b2<\/strong>, com moderniza\u00e7\u00e3o da fachada e reestrutura\u00e7\u00e3o interna. Esta escolha combina a busca por tranquilidade e a manuten\u00e7\u00e3o de um anexo geogr\u00e1fico; uma estrat\u00e9gia patrimonial assumida que traduz uma vontade de conforto e perman\u00eancia para a fam\u00edlia.<\/p>\n\n<p>Quer saber mais sobre S\u00e9bastien Auzi\u00e8re e os la\u00e7os familiares com os Macron, assim como o papel de suas escolhas imobili\u00e1rias? Visite <a href=\"https:\/\/sebastien-auziere.fr\" rel=\"nofollow\">sebastien-auziere.fr<\/a> para encontrar dossi\u00eas, datas-chave e an\u00e1lises completas.<\/p>","protected":false},"excerpt":{"rendered":"<p>Em 13 de abril de 2026, Brigitte Macron finalizou a venda de sua vila em Touquet por 3,6 milh\u00f5es de euros, uma opera\u00e7\u00e3o que revela uma mais-valia imobili\u00e1ria superior a um milh\u00e3o de euros. A informa\u00e7\u00e3o, amplamente divulgada pela imprensa, confirma a ascens\u00e3o espetacular dos pre\u00e7os neste segmento do im\u00f3vel de luxo. Resumindo: pre\u00e7o de &#8230; <a title=\"Brigitte Macron vende sua villa em Touquet: descubra a incr\u00edvel valoriza\u00e7\u00e3o realizada\" class=\"read-more\" href=\"https:\/\/www.sebastien-auziere.fr\/blog\/pt\/brigitte-macron-vende-sua-villa-em-touquet-descubra-a-incrivel-valorizacao-realizada\/\" aria-label=\"En savoir plus sur Brigitte Macron vende sua villa em Touquet: descubra a incr\u00edvel valoriza\u00e7\u00e3o realizada\">Lire plus<\/a><\/p>\n","protected":false},"author":9,"featured_media":3004,"comment_status":"open","ping_status":"open","sticky":false,"template":"","format":"standard","meta":{"footnotes":""},"categories":[862],"tags":[959,2833,2836,2839],"class_list":["post-3014","post","type-post","status-publish","format-standard","has-post-thumbnail","hentry","category-actualidades-pt","tag-brigitte-macron-pt","tag-imoveis-de-luxo-pt","tag-venda-imobiliaria-pt","tag-villa-no-touquet-pt"],"yoast_head":"<!-- This site is optimized with the Yoast SEO plugin v27.5 - https:\/\/yoast.com\/product\/yoast-seo-wordpress\/ -->\n<title>Brigitte Macron vende sua villa em Touquet: descubra a incr\u00edvel valoriza\u00e7\u00e3o realizada - Fan site S\u00e9bastien Auzi\u00e8re<\/title>\n<meta name=\"description\" content=\"Brigitte Macron vend sa villa au Touquet : d\u00e9couvrez l&#039;incroyable plus-value r\u00e9alis\u00e9e et les d\u00e9tails exclusifs de cette vente immobili\u00e8re prestigieuse.\" \/>\n<meta name=\"robots\" content=\"index, follow, max-snippet:-1, max-image-preview:large, max-video-preview:-1\" \/>\n<link rel=\"canonical\" href=\"https:\/\/www.sebastien-auziere.fr\/blog\/pt\/brigitte-macron-vende-sua-villa-em-touquet-descubra-a-incrivel-valorizacao-realizada\/\" \/>\n<meta property=\"og:locale\" content=\"fr_FR\" \/>\n<meta property=\"og:type\" content=\"article\" \/>\n<meta property=\"og:title\" content=\"Brigitte Macron vende sua villa em Touquet: descubra a incr\u00edvel valoriza\u00e7\u00e3o realizada - Fan site S\u00e9bastien Auzi\u00e8re\" \/>\n<meta property=\"og:description\" content=\"Brigitte Macron vend sa villa au Touquet : d\u00e9couvrez l&#039;incroyable plus-value r\u00e9alis\u00e9e et les d\u00e9tails exclusifs de cette vente immobili\u00e8re prestigieuse.\" \/>\n<meta property=\"og:url\" content=\"https:\/\/www.sebastien-auziere.fr\/blog\/pt\/brigitte-macron-vende-sua-villa-em-touquet-descubra-a-incrivel-valorizacao-realizada\/\" \/>\n<meta property=\"og:site_name\" content=\"Fan site S\u00e9bastien Auzi\u00e8re\" \/>\n<meta property=\"article:published_time\" content=\"2026-04-14T07:11:37+00:00\" \/>\n<meta property=\"article:modified_time\" content=\"2026-04-14T07:11:57+00:00\" \/>\n<meta property=\"og:image\" content=\"https:\/\/www.sebastien-auziere.fr\/blog\/wp-content\/uploads\/2026\/04\/Brigitte-Macron-vend-sa-villa-au-Touquet-decouvrez-lincroyable-plus-value-realisee.jpg\" \/>\n\t<meta property=\"og:image:width\" content=\"2560\" \/>\n\t<meta property=\"og:image:height\" content=\"1429\" \/>\n\t<meta property=\"og:image:type\" content=\"image\/jpeg\" \/>\n<meta name=\"author\" content=\"Chloe Gauthier\" \/>\n<meta name=\"twitter:card\" content=\"summary_large_image\" \/>\n<meta name=\"twitter:label1\" content=\"\u00c9crit par\" \/>\n\t<meta name=\"twitter:data1\" content=\"Chloe Gauthier\" \/>\n\t<meta name=\"twitter:label2\" content=\"Dur\u00e9e de lecture estim\u00e9e\" \/>\n\t<meta name=\"twitter:data2\" content=\"2 minutes\" \/>\n<script type=\"application\/ld+json\" class=\"yoast-schema-graph\">{\"@context\":\"https:\\\/\\\/schema.org\",\"@graph\":[{\"@type\":\"Article\",\"@id\":\"https:\\\/\\\/www.sebastien-auziere.fr\\\/blog\\\/pt\\\/brigitte-macron-vende-sua-villa-em-touquet-descubra-a-incrivel-valorizacao-realizada\\\/#article\",\"isPartOf\":{\"@id\":\"https:\\\/\\\/www.sebastien-auziere.fr\\\/blog\\\/pt\\\/brigitte-macron-vende-sua-villa-em-touquet-descubra-a-incrivel-valorizacao-realizada\\\/\"},\"author\":{\"name\":\"Chloe Gauthier\",\"@id\":\"https:\\\/\\\/www.sebastien-auziere.fr\\\/blog\\\/#\\\/schema\\\/person\\\/149f1acdbfd85149c6c3e59adeae2f4d\"},\"headline\":\"Brigitte Macron vende sua villa em Touquet: descubra a incr\u00edvel valoriza\u00e7\u00e3o realizada\",\"datePublished\":\"2026-04-14T07:11:37+00:00\",\"dateModified\":\"2026-04-14T07:11:57+00:00\",\"mainEntityOfPage\":{\"@id\":\"https:\\\/\\\/www.sebastien-auziere.fr\\\/blog\\\/pt\\\/brigitte-macron-vende-sua-villa-em-touquet-descubra-a-incrivel-valorizacao-realizada\\\/\"},\"wordCount\":439,\"commentCount\":0,\"publisher\":{\"@id\":\"https:\\\/\\\/www.sebastien-auziere.fr\\\/blog\\\/#organization\"},\"image\":{\"@id\":\"https:\\\/\\\/www.sebastien-auziere.fr\\\/blog\\\/pt\\\/brigitte-macron-vende-sua-villa-em-touquet-descubra-a-incrivel-valorizacao-realizada\\\/#primaryimage\"},\"thumbnailUrl\":\"https:\\\/\\\/www.sebastien-auziere.fr\\\/blog\\\/wp-content\\\/uploads\\\/2026\\\/04\\\/Brigitte-Macron-vend-sa-villa-au-Touquet-decouvrez-lincroyable-plus-value-realisee.jpg\",\"keywords\":[\"brigitte macron\",\"im\u00f3veis de luxo\",\"venda imobili\u00e1ria\",\"villa no touquet\"],\"articleSection\":[\"Actualidades\"],\"inLanguage\":\"fr-FR\",\"potentialAction\":[{\"@type\":\"CommentAction\",\"name\":\"Comment\",\"target\":[\"https:\\\/\\\/www.sebastien-auziere.fr\\\/blog\\\/pt\\\/brigitte-macron-vende-sua-villa-em-touquet-descubra-a-incrivel-valorizacao-realizada\\\/#respond\"]}]},{\"@type\":\"WebPage\",\"@id\":\"https:\\\/\\\/www.sebastien-auziere.fr\\\/blog\\\/pt\\\/brigitte-macron-vende-sua-villa-em-touquet-descubra-a-incrivel-valorizacao-realizada\\\/\",\"url\":\"https:\\\/\\\/www.sebastien-auziere.fr\\\/blog\\\/pt\\\/brigitte-macron-vende-sua-villa-em-touquet-descubra-a-incrivel-valorizacao-realizada\\\/\",\"name\":\"Brigitte Macron vende sua villa em Touquet: descubra a incr\u00edvel valoriza\u00e7\u00e3o realizada - Fan site S\u00e9bastien Auzi\u00e8re\",\"isPartOf\":{\"@id\":\"https:\\\/\\\/www.sebastien-auziere.fr\\\/blog\\\/#website\"},\"primaryImageOfPage\":{\"@id\":\"https:\\\/\\\/www.sebastien-auziere.fr\\\/blog\\\/pt\\\/brigitte-macron-vende-sua-villa-em-touquet-descubra-a-incrivel-valorizacao-realizada\\\/#primaryimage\"},\"image\":{\"@id\":\"https:\\\/\\\/www.sebastien-auziere.fr\\\/blog\\\/pt\\\/brigitte-macron-vende-sua-villa-em-touquet-descubra-a-incrivel-valorizacao-realizada\\\/#primaryimage\"},\"thumbnailUrl\":\"https:\\\/\\\/www.sebastien-auziere.fr\\\/blog\\\/wp-content\\\/uploads\\\/2026\\\/04\\\/Brigitte-Macron-vend-sa-villa-au-Touquet-decouvrez-lincroyable-plus-value-realisee.jpg\",\"datePublished\":\"2026-04-14T07:11:37+00:00\",\"dateModified\":\"2026-04-14T07:11:57+00:00\",\"description\":\"Brigitte Macron vend sa villa au Touquet : d\u00e9couvrez l'incroyable plus-value r\u00e9alis\u00e9e et les d\u00e9tails exclusifs de cette vente immobili\u00e8re prestigieuse.\",\"breadcrumb\":{\"@id\":\"https:\\\/\\\/www.sebastien-auziere.fr\\\/blog\\\/pt\\\/brigitte-macron-vende-sua-villa-em-touquet-descubra-a-incrivel-valorizacao-realizada\\\/#breadcrumb\"},\"inLanguage\":\"fr-FR\",\"potentialAction\":[{\"@type\":\"ReadAction\",\"target\":[\"https:\\\/\\\/www.sebastien-auziere.fr\\\/blog\\\/pt\\\/brigitte-macron-vende-sua-villa-em-touquet-descubra-a-incrivel-valorizacao-realizada\\\/\"]}]},{\"@type\":\"ImageObject\",\"inLanguage\":\"fr-FR\",\"@id\":\"https:\\\/\\\/www.sebastien-auziere.fr\\\/blog\\\/pt\\\/brigitte-macron-vende-sua-villa-em-touquet-descubra-a-incrivel-valorizacao-realizada\\\/#primaryimage\",\"url\":\"https:\\\/\\\/www.sebastien-auziere.fr\\\/blog\\\/wp-content\\\/uploads\\\/2026\\\/04\\\/Brigitte-Macron-vend-sa-villa-au-Touquet-decouvrez-lincroyable-plus-value-realisee.jpg\",\"contentUrl\":\"https:\\\/\\\/www.sebastien-auziere.fr\\\/blog\\\/wp-content\\\/uploads\\\/2026\\\/04\\\/Brigitte-Macron-vend-sa-villa-au-Touquet-decouvrez-lincroyable-plus-value-realisee.jpg\",\"width\":2560,\"height\":1429,\"caption\":\"brigitte macron met en vente sa villa au touquet et r\u00e9alise une plus-value exceptionnelle. d\u00e9couvrez les d\u00e9tails de cette transaction immobili\u00e8re \u00e9tonnante.\"},{\"@type\":\"BreadcrumbList\",\"@id\":\"https:\\\/\\\/www.sebastien-auziere.fr\\\/blog\\\/pt\\\/brigitte-macron-vende-sua-villa-em-touquet-descubra-a-incrivel-valorizacao-realizada\\\/#breadcrumb\",\"itemListElement\":[{\"@type\":\"ListItem\",\"position\":1,\"name\":\"Home\",\"item\":\"https:\\\/\\\/www.sebastien-auziere.fr\\\/blog\\\/\"},{\"@type\":\"ListItem\",\"position\":2,\"name\":\"Brigitte Macron vende sua villa em Touquet: descubra a incr\u00edvel valoriza\u00e7\u00e3o realizada\"}]},{\"@type\":\"WebSite\",\"@id\":\"https:\\\/\\\/www.sebastien-auziere.fr\\\/blog\\\/#website\",\"url\":\"https:\\\/\\\/www.sebastien-auziere.fr\\\/blog\\\/\",\"name\":\"Fan site S\u00e9bastien Auzi\u00e8re\",\"description\":\"M\u00e9dia g\u00e9n\u00e9raliste\",\"publisher\":{\"@id\":\"https:\\\/\\\/www.sebastien-auziere.fr\\\/blog\\\/#organization\"},\"potentialAction\":[{\"@type\":\"SearchAction\",\"target\":{\"@type\":\"EntryPoint\",\"urlTemplate\":\"https:\\\/\\\/www.sebastien-auziere.fr\\\/blog\\\/?s={search_term_string}\"},\"query-input\":{\"@type\":\"PropertyValueSpecification\",\"valueRequired\":true,\"valueName\":\"search_term_string\"}}],\"inLanguage\":\"fr-FR\"},{\"@type\":\"Organization\",\"@id\":\"https:\\\/\\\/www.sebastien-auziere.fr\\\/blog\\\/#organization\",\"name\":\"Fan site S\u00e9bastien Auzi\u00e8re\",\"url\":\"https:\\\/\\\/www.sebastien-auziere.fr\\\/blog\\\/\",\"logo\":{\"@type\":\"ImageObject\",\"inLanguage\":\"fr-FR\",\"@id\":\"https:\\\/\\\/www.sebastien-auziere.fr\\\/blog\\\/#\\\/schema\\\/logo\\\/image\\\/\",\"url\":\"https:\\\/\\\/www.sebastien-auziere.fr\\\/blog\\\/wp-content\\\/uploads\\\/2026\\\/03\\\/cropped-cropped-cropped-ChatGPT-Image-6-mars-2026-12_58_09-e1772798376794.jpg\",\"contentUrl\":\"https:\\\/\\\/www.sebastien-auziere.fr\\\/blog\\\/wp-content\\\/uploads\\\/2026\\\/03\\\/cropped-cropped-cropped-ChatGPT-Image-6-mars-2026-12_58_09-e1772798376794.jpg\",\"width\":512,\"height\":360,\"caption\":\"Fan site S\u00e9bastien Auzi\u00e8re\"},\"image\":{\"@id\":\"https:\\\/\\\/www.sebastien-auziere.fr\\\/blog\\\/#\\\/schema\\\/logo\\\/image\\\/\"}},{\"@type\":\"Person\",\"@id\":\"https:\\\/\\\/www.sebastien-auziere.fr\\\/blog\\\/#\\\/schema\\\/person\\\/149f1acdbfd85149c6c3e59adeae2f4d\",\"name\":\"Chloe Gauthier\",\"image\":{\"@type\":\"ImageObject\",\"inLanguage\":\"fr-FR\",\"@id\":\"https:\\\/\\\/secure.gravatar.com\\\/avatar\\\/2c5722f58171cff738a8985ef0dd66b476e563753246a49019befc837ec4201a?s=96&d=mm&r=g\",\"url\":\"https:\\\/\\\/secure.gravatar.com\\\/avatar\\\/2c5722f58171cff738a8985ef0dd66b476e563753246a49019befc837ec4201a?s=96&d=mm&r=g\",\"contentUrl\":\"https:\\\/\\\/secure.gravatar.com\\\/avatar\\\/2c5722f58171cff738a8985ef0dd66b476e563753246a49019befc837ec4201a?s=96&d=mm&r=g\",\"caption\":\"Chloe Gauthier\"},\"description\":\"Passionn\u00e9e par la politique et admiratrice engag\u00e9e de la famille Macron, je consacre mon \u00e9nergie \u00e0 suivre leurs initiatives et \u00e0 promouvoir leurs id\u00e9es. \u00c0 32 ans, je suis convaincue que leur vision est porteuse d'avenir.\",\"url\":\"https:\\\/\\\/www.sebastien-auziere.fr\\\/blog\\\/author\\\/chloe-gauthier\\\/\"}]}<\/script>\n<!-- \/ Yoast SEO plugin. -->","yoast_head_json":{"title":"Brigitte Macron vende sua villa em Touquet: descubra a incr\u00edvel valoriza\u00e7\u00e3o realizada - Fan site S\u00e9bastien Auzi\u00e8re","description":"Brigitte Macron vend sa villa au Touquet : d\u00e9couvrez l'incroyable plus-value r\u00e9alis\u00e9e et les d\u00e9tails exclusifs de cette vente immobili\u00e8re prestigieuse.","robots":{"index":"index","follow":"follow","max-snippet":"max-snippet:-1","max-image-preview":"max-image-preview:large","max-video-preview":"max-video-preview:-1"},"canonical":"https:\/\/www.sebastien-auziere.fr\/blog\/pt\/brigitte-macron-vende-sua-villa-em-touquet-descubra-a-incrivel-valorizacao-realizada\/","og_locale":"fr_FR","og_type":"article","og_title":"Brigitte Macron vende sua villa em Touquet: descubra a incr\u00edvel valoriza\u00e7\u00e3o realizada - Fan site S\u00e9bastien Auzi\u00e8re","og_description":"Brigitte Macron vend sa villa au Touquet : d\u00e9couvrez l'incroyable plus-value r\u00e9alis\u00e9e et les d\u00e9tails exclusifs de cette vente immobili\u00e8re prestigieuse.","og_url":"https:\/\/www.sebastien-auziere.fr\/blog\/pt\/brigitte-macron-vende-sua-villa-em-touquet-descubra-a-incrivel-valorizacao-realizada\/","og_site_name":"Fan site S\u00e9bastien Auzi\u00e8re","article_published_time":"2026-04-14T07:11:37+00:00","article_modified_time":"2026-04-14T07:11:57+00:00","og_image":[{"width":2560,"height":1429,"url":"https:\/\/www.sebastien-auziere.fr\/blog\/wp-content\/uploads\/2026\/04\/Brigitte-Macron-vend-sa-villa-au-Touquet-decouvrez-lincroyable-plus-value-realisee.jpg","type":"image\/jpeg"}],"author":"Chloe Gauthier","twitter_card":"summary_large_image","twitter_misc":{"\u00c9crit par":"Chloe Gauthier","Dur\u00e9e de lecture estim\u00e9e":"2 minutes"},"schema":{"@context":"https:\/\/schema.org","@graph":[{"@type":"Article","@id":"https:\/\/www.sebastien-auziere.fr\/blog\/pt\/brigitte-macron-vende-sua-villa-em-touquet-descubra-a-incrivel-valorizacao-realizada\/#article","isPartOf":{"@id":"https:\/\/www.sebastien-auziere.fr\/blog\/pt\/brigitte-macron-vende-sua-villa-em-touquet-descubra-a-incrivel-valorizacao-realizada\/"},"author":{"name":"Chloe Gauthier","@id":"https:\/\/www.sebastien-auziere.fr\/blog\/#\/schema\/person\/149f1acdbfd85149c6c3e59adeae2f4d"},"headline":"Brigitte Macron vende sua villa em Touquet: descubra a incr\u00edvel valoriza\u00e7\u00e3o realizada","datePublished":"2026-04-14T07:11:37+00:00","dateModified":"2026-04-14T07:11:57+00:00","mainEntityOfPage":{"@id":"https:\/\/www.sebastien-auziere.fr\/blog\/pt\/brigitte-macron-vende-sua-villa-em-touquet-descubra-a-incrivel-valorizacao-realizada\/"},"wordCount":439,"commentCount":0,"publisher":{"@id":"https:\/\/www.sebastien-auziere.fr\/blog\/#organization"},"image":{"@id":"https:\/\/www.sebastien-auziere.fr\/blog\/pt\/brigitte-macron-vende-sua-villa-em-touquet-descubra-a-incrivel-valorizacao-realizada\/#primaryimage"},"thumbnailUrl":"https:\/\/www.sebastien-auziere.fr\/blog\/wp-content\/uploads\/2026\/04\/Brigitte-Macron-vend-sa-villa-au-Touquet-decouvrez-lincroyable-plus-value-realisee.jpg","keywords":["brigitte macron","im\u00f3veis de luxo","venda imobili\u00e1ria","villa no touquet"],"articleSection":["Actualidades"],"inLanguage":"fr-FR","potentialAction":[{"@type":"CommentAction","name":"Comment","target":["https:\/\/www.sebastien-auziere.fr\/blog\/pt\/brigitte-macron-vende-sua-villa-em-touquet-descubra-a-incrivel-valorizacao-realizada\/#respond"]}]},{"@type":"WebPage","@id":"https:\/\/www.sebastien-auziere.fr\/blog\/pt\/brigitte-macron-vende-sua-villa-em-touquet-descubra-a-incrivel-valorizacao-realizada\/","url":"https:\/\/www.sebastien-auziere.fr\/blog\/pt\/brigitte-macron-vende-sua-villa-em-touquet-descubra-a-incrivel-valorizacao-realizada\/","name":"Brigitte Macron vende sua villa em Touquet: descubra a incr\u00edvel valoriza\u00e7\u00e3o realizada - Fan site S\u00e9bastien Auzi\u00e8re","isPartOf":{"@id":"https:\/\/www.sebastien-auziere.fr\/blog\/#website"},"primaryImageOfPage":{"@id":"https:\/\/www.sebastien-auziere.fr\/blog\/pt\/brigitte-macron-vende-sua-villa-em-touquet-descubra-a-incrivel-valorizacao-realizada\/#primaryimage"},"image":{"@id":"https:\/\/www.sebastien-auziere.fr\/blog\/pt\/brigitte-macron-vende-sua-villa-em-touquet-descubra-a-incrivel-valorizacao-realizada\/#primaryimage"},"thumbnailUrl":"https:\/\/www.sebastien-auziere.fr\/blog\/wp-content\/uploads\/2026\/04\/Brigitte-Macron-vend-sa-villa-au-Touquet-decouvrez-lincroyable-plus-value-realisee.jpg","datePublished":"2026-04-14T07:11:37+00:00","dateModified":"2026-04-14T07:11:57+00:00","description":"Brigitte Macron vend sa villa au Touquet : d\u00e9couvrez l'incroyable plus-value r\u00e9alis\u00e9e et les d\u00e9tails exclusifs de cette vente immobili\u00e8re prestigieuse.","breadcrumb":{"@id":"https:\/\/www.sebastien-auziere.fr\/blog\/pt\/brigitte-macron-vende-sua-villa-em-touquet-descubra-a-incrivel-valorizacao-realizada\/#breadcrumb"},"inLanguage":"fr-FR","potentialAction":[{"@type":"ReadAction","target":["https:\/\/www.sebastien-auziere.fr\/blog\/pt\/brigitte-macron-vende-sua-villa-em-touquet-descubra-a-incrivel-valorizacao-realizada\/"]}]},{"@type":"ImageObject","inLanguage":"fr-FR","@id":"https:\/\/www.sebastien-auziere.fr\/blog\/pt\/brigitte-macron-vende-sua-villa-em-touquet-descubra-a-incrivel-valorizacao-realizada\/#primaryimage","url":"https:\/\/www.sebastien-auziere.fr\/blog\/wp-content\/uploads\/2026\/04\/Brigitte-Macron-vend-sa-villa-au-Touquet-decouvrez-lincroyable-plus-value-realisee.jpg","contentUrl":"https:\/\/www.sebastien-auziere.fr\/blog\/wp-content\/uploads\/2026\/04\/Brigitte-Macron-vend-sa-villa-au-Touquet-decouvrez-lincroyable-plus-value-realisee.jpg","width":2560,"height":1429,"caption":"brigitte macron met en vente sa villa au touquet et r\u00e9alise une plus-value exceptionnelle. d\u00e9couvrez les d\u00e9tails de cette transaction immobili\u00e8re \u00e9tonnante."},{"@type":"BreadcrumbList","@id":"https:\/\/www.sebastien-auziere.fr\/blog\/pt\/brigitte-macron-vende-sua-villa-em-touquet-descubra-a-incrivel-valorizacao-realizada\/#breadcrumb","itemListElement":[{"@type":"ListItem","position":1,"name":"Home","item":"https:\/\/www.sebastien-auziere.fr\/blog\/"},{"@type":"ListItem","position":2,"name":"Brigitte Macron vende sua villa em Touquet: descubra a incr\u00edvel valoriza\u00e7\u00e3o realizada"}]},{"@type":"WebSite","@id":"https:\/\/www.sebastien-auziere.fr\/blog\/#website","url":"https:\/\/www.sebastien-auziere.fr\/blog\/","name":"Fan site S\u00e9bastien Auzi\u00e8re","description":"M\u00e9dia g\u00e9n\u00e9raliste","publisher":{"@id":"https:\/\/www.sebastien-auziere.fr\/blog\/#organization"},"potentialAction":[{"@type":"SearchAction","target":{"@type":"EntryPoint","urlTemplate":"https:\/\/www.sebastien-auziere.fr\/blog\/?s={search_term_string}"},"query-input":{"@type":"PropertyValueSpecification","valueRequired":true,"valueName":"search_term_string"}}],"inLanguage":"fr-FR"},{"@type":"Organization","@id":"https:\/\/www.sebastien-auziere.fr\/blog\/#organization","name":"Fan site S\u00e9bastien Auzi\u00e8re","url":"https:\/\/www.sebastien-auziere.fr\/blog\/","logo":{"@type":"ImageObject","inLanguage":"fr-FR","@id":"https:\/\/www.sebastien-auziere.fr\/blog\/#\/schema\/logo\/image\/","url":"https:\/\/www.sebastien-auziere.fr\/blog\/wp-content\/uploads\/2026\/03\/cropped-cropped-cropped-ChatGPT-Image-6-mars-2026-12_58_09-e1772798376794.jpg","contentUrl":"https:\/\/www.sebastien-auziere.fr\/blog\/wp-content\/uploads\/2026\/03\/cropped-cropped-cropped-ChatGPT-Image-6-mars-2026-12_58_09-e1772798376794.jpg","width":512,"height":360,"caption":"Fan site S\u00e9bastien Auzi\u00e8re"},"image":{"@id":"https:\/\/www.sebastien-auziere.fr\/blog\/#\/schema\/logo\/image\/"}},{"@type":"Person","@id":"https:\/\/www.sebastien-auziere.fr\/blog\/#\/schema\/person\/149f1acdbfd85149c6c3e59adeae2f4d","name":"Chloe Gauthier","image":{"@type":"ImageObject","inLanguage":"fr-FR","@id":"https:\/\/secure.gravatar.com\/avatar\/2c5722f58171cff738a8985ef0dd66b476e563753246a49019befc837ec4201a?s=96&d=mm&r=g","url":"https:\/\/secure.gravatar.com\/avatar\/2c5722f58171cff738a8985ef0dd66b476e563753246a49019befc837ec4201a?s=96&d=mm&r=g","contentUrl":"https:\/\/secure.gravatar.com\/avatar\/2c5722f58171cff738a8985ef0dd66b476e563753246a49019befc837ec4201a?s=96&d=mm&r=g","caption":"Chloe Gauthier"},"description":"Passionn\u00e9e par la politique et admiratrice engag\u00e9e de la famille Macron, je consacre mon \u00e9nergie \u00e0 suivre leurs initiatives et \u00e0 promouvoir leurs id\u00e9es. \u00c0 32 ans, je suis convaincue que leur vision est porteuse d'avenir.","url":"https:\/\/www.sebastien-auziere.fr\/blog\/author\/chloe-gauthier\/"}]}},"views":2,"_links":{"self":[{"href":"https:\/\/www.sebastien-auziere.fr\/blog\/wp-json\/wp\/v2\/posts\/3014","targetHints":{"allow":["GET"]}}],"collection":[{"href":"https:\/\/www.sebastien-auziere.fr\/blog\/wp-json\/wp\/v2\/posts"}],"about":[{"href":"https:\/\/www.sebastien-auziere.fr\/blog\/wp-json\/wp\/v2\/types\/post"}],"author":[{"embeddable":true,"href":"https:\/\/www.sebastien-auziere.fr\/blog\/wp-json\/wp\/v2\/users\/9"}],"replies":[{"embeddable":true,"href":"https:\/\/www.sebastien-auziere.fr\/blog\/wp-json\/wp\/v2\/comments?post=3014"}],"version-history":[{"count":1,"href":"https:\/\/www.sebastien-auziere.fr\/blog\/wp-json\/wp\/v2\/posts\/3014\/revisions"}],"predecessor-version":[{"id":3015,"href":"https:\/\/www.sebastien-auziere.fr\/blog\/wp-json\/wp\/v2\/posts\/3014\/revisions\/3015"}],"wp:featuredmedia":[{"embeddable":true,"href":"https:\/\/www.sebastien-auziere.fr\/blog\/wp-json\/wp\/v2\/media\/3004"}],"wp:attachment":[{"href":"https:\/\/www.sebastien-auziere.fr\/blog\/wp-json\/wp\/v2\/media?parent=3014"}],"wp:term":[{"taxonomy":"category","embeddable":true,"href":"https:\/\/www.sebastien-auziere.fr\/blog\/wp-json\/wp\/v2\/categories?post=3014"},{"taxonomy":"post_tag","embeddable":true,"href":"https:\/\/www.sebastien-auziere.fr\/blog\/wp-json\/wp\/v2\/tags?post=3014"}],"curies":[{"name":"wp","href":"https:\/\/api.w.org\/{rel}","templated":true}]}}