{"id":3012,"date":"2026-04-14T07:09:19","date_gmt":"2026-04-14T07:09:19","guid":{"rendered":"https:\/\/www.sebastien-auziere.fr\/blog\/?p=3012"},"modified":"2026-04-14T07:09:45","modified_gmt":"2026-04-14T07:09:45","slug":"brigitte-macron-vende-la-sua-villa-a-touquet-scopri-lincredibile-plusvalenza-realizzata","status":"publish","type":"post","link":"https:\/\/www.sebastien-auziere.fr\/blog\/it\/brigitte-macron-vende-la-sua-villa-a-touquet-scopri-lincredibile-plusvalenza-realizzata\/","title":{"rendered":"Brigitte Macron vende la sua villa a Touquet: scopri l&rsquo;incredibile plusvalenza realizzata"},"content":{"rendered":"<p>Il 13 aprile 2026, Brigitte Macron ha concluso la vendita della sua <strong>villa<\/strong> di <strong>Touquet<\/strong> per <strong>3,6 milioni di euro<\/strong>, un&rsquo;operazione che rivela una <strong>plusvalenza immobiliare<\/strong> superiore al milione di euro. L&rsquo;informazione, ampiamente rilanciata dalla stampa, conferma l&rsquo;aumento spettacolare dei prezzi in questo segmento del <strong>mercato immobiliare di lusso<\/strong>.<\/p>\n\n<p>In breve: <strong>prezzo di vendita<\/strong> 3,6 M\u20ac, bene trasferito nel <strong>2014<\/strong> e stimato allora a poco pi\u00f9 di <strong>2 milioni di euro<\/strong>, <strong>plusvalenza<\/strong> superiore a 1 M\u20ac, acquirente identificato come promotore focalizzato sul <strong>lusso<\/strong>, e i Macron reinvestono in una nuova <strong>residenza secondaria<\/strong> al mare con lavori ambiziosi. Vedi la rivelazione del giornale via <a href=\"https:\/\/www.bfmtv.com\/immobilier\/200-en-10-ans-le-canard-enchaine-revele-que-brigitte-macron-a-vendu-sa-maison-du-touquet-pour-3-6-millions-d-euros_AV-202509020760.html\" rel=\"nofollow\">BFMTV<\/a>.<\/p>\n\n<h2 class=\"wp-block-heading\">Vendita immobiliare a Touquet: prezzo di vendita e plusvalenza rivelati<\/h2>\n\n<p>La <strong>transazione immobiliare<\/strong> porta bene il marchio di un&rsquo;operazione riuscita: venduta per <strong>3,6 M\u20ac<\/strong>, la villa Mon\u00e9jan \u2014 ereditata da Brigitte Macron nel 2014 \u2014 mostrava un valore di circa <strong>2 M\u20ac<\/strong> all&rsquo;epoca. La differenza indica una <strong>plusvalenza<\/strong> netta superiore al milione, anche tenendo conto delle spese, stimate intorno a <strong>309.000 \u20ac<\/strong> secondo alcuni media. Questo livello di valutazione illustra la pressione sul mercato touquettois per i beni di prestigio.<\/p>\n\n<h2 class=\"wp-block-heading\">Chi ha acquistato la villa e quale progetto per il mercato immobiliare di lusso?<\/h2>\n\n<p>Le informazioni disponibili indicano che un <strong>promotore<\/strong> ha acquisito la propriet\u00e0, attratto dalla posizione e dal potenziale di valorizzazione. L&rsquo;ambizione dichiarata \u00e8 quella di realizzare un progetto di alta gamma, adatto a una clientela internazionale, a conferma dell&rsquo;attrattiva di Touquet per l&rsquo;<strong>immobiliare di lusso<\/strong>. Per ulteriori dettagli sull&rsquo;identit\u00e0 dell&rsquo;acquirente e sui temi in gioco, diversi giornali nazionali hanno indagato, tra cui <a href=\"https:\/\/www.lepoint.fr\/people\/jackpot-pour-les-macron-brigitte-a-vendu-sa-villa-du-touquet-3-6-millions-d-euros-04-09-2025-2597778_2116.php\" rel=\"nofollow\">Le Point<\/a>, che precisa le intenzioni di valorizzazione.<\/p>\n\n<h2 class=\"wp-block-heading\">Nuova residenza secondaria: ampliamento e lavori di fronte al mare<\/h2>\n\n<p>Piuttosto che disimpegnarsi da Touquet, la coppia presidenziale ha acquistato una villa di fronte al mare e avviato importanti lavori. La superficie prevista passerebbe da circa <strong>366 m\u00b2<\/strong> a pi\u00f9 di <strong>450 m\u00b2<\/strong>, con modernizzazione della facciata e riassetto degli interni. Questa scelta combina ricerca di tranquillit\u00e0 e mantenimento di un ancoraggio geografico; una strategia patrimoniale assunta che riflette una volont\u00e0 di comfort e di durabilit\u00e0 per la famiglia.<\/p>\n\n<p>Vuoi saperne di pi\u00f9 su S\u00e9bastien Auzi\u00e8re e i legami familiari con i Macron, oltre al ruolo delle loro scelte immobiliari? Visita <a href=\"https:\/\/sebastien-auziere.fr\" rel=\"nofollow\">sebastien-auziere.fr<\/a> per trovare dossier, date chiave e analisi complete.<\/p>","protected":false},"excerpt":{"rendered":"<p>Il 13 aprile 2026, Brigitte Macron ha concluso la vendita della sua villa di Touquet per 3,6 milioni di euro, un&rsquo;operazione che rivela una plusvalenza immobiliare superiore al milione di euro. L&rsquo;informazione, ampiamente rilanciata dalla stampa, conferma l&rsquo;aumento spettacolare dei prezzi in questo segmento del mercato immobiliare di lusso. In breve: prezzo di vendita 3,6 &#8230; <a title=\"Brigitte Macron vende la sua villa a Touquet: scopri l&rsquo;incredibile plusvalenza realizzata\" class=\"read-more\" href=\"https:\/\/www.sebastien-auziere.fr\/blog\/it\/brigitte-macron-vende-la-sua-villa-a-touquet-scopri-lincredibile-plusvalenza-realizzata\/\" aria-label=\"En savoir plus sur Brigitte Macron vende la sua villa a Touquet: scopri l&rsquo;incredibile plusvalenza realizzata\">Lire plus<\/a><\/p>\n","protected":false},"author":9,"featured_media":3004,"comment_status":"open","ping_status":"open","sticky":false,"template":"","format":"standard","meta":{"footnotes":""},"categories":[859],"tags":[944,2824,2827,2830],"class_list":["post-3012","post","type-post","status-publish","format-standard","has-post-thumbnail","hentry","category-actualita-it","tag-brigitte-macron-it","tag-immobili-di-lusso-it","tag-vendita-immobiliare-it","tag-villa-al-touquet-it"],"yoast_head":"<!-- This site is optimized with the Yoast SEO plugin v27.5 - https:\/\/yoast.com\/product\/yoast-seo-wordpress\/ -->\n<title>Brigitte Macron vende la sua villa a Touquet: scopri l&#039;incredibile plusvalenza realizzata - Fan site S\u00e9bastien Auzi\u00e8re<\/title>\n<meta name=\"description\" content=\"Brigitte Macron vend sa villa au Touquet : d\u00e9couvrez l&#039;incroyable plus-value r\u00e9alis\u00e9e et les d\u00e9tails exclusifs de cette vente immobili\u00e8re prestigieuse.\" \/>\n<meta name=\"robots\" content=\"index, follow, max-snippet:-1, max-image-preview:large, max-video-preview:-1\" \/>\n<link rel=\"canonical\" href=\"https:\/\/www.sebastien-auziere.fr\/blog\/it\/brigitte-macron-vende-la-sua-villa-a-touquet-scopri-lincredibile-plusvalenza-realizzata\/\" \/>\n<meta property=\"og:locale\" content=\"fr_FR\" \/>\n<meta property=\"og:type\" content=\"article\" \/>\n<meta property=\"og:title\" content=\"Brigitte Macron vende la sua villa a Touquet: scopri l&#039;incredibile plusvalenza realizzata - Fan site S\u00e9bastien Auzi\u00e8re\" \/>\n<meta property=\"og:description\" content=\"Brigitte Macron vend sa villa au Touquet : d\u00e9couvrez l&#039;incroyable plus-value r\u00e9alis\u00e9e et les d\u00e9tails exclusifs de cette vente immobili\u00e8re prestigieuse.\" \/>\n<meta property=\"og:url\" content=\"https:\/\/www.sebastien-auziere.fr\/blog\/it\/brigitte-macron-vende-la-sua-villa-a-touquet-scopri-lincredibile-plusvalenza-realizzata\/\" \/>\n<meta property=\"og:site_name\" content=\"Fan site S\u00e9bastien Auzi\u00e8re\" \/>\n<meta property=\"article:published_time\" content=\"2026-04-14T07:09:19+00:00\" \/>\n<meta property=\"article:modified_time\" content=\"2026-04-14T07:09:45+00:00\" \/>\n<meta property=\"og:image\" content=\"https:\/\/www.sebastien-auziere.fr\/blog\/wp-content\/uploads\/2026\/04\/Brigitte-Macron-vend-sa-villa-au-Touquet-decouvrez-lincroyable-plus-value-realisee.jpg\" \/>\n\t<meta property=\"og:image:width\" content=\"2560\" \/>\n\t<meta property=\"og:image:height\" content=\"1429\" \/>\n\t<meta property=\"og:image:type\" content=\"image\/jpeg\" \/>\n<meta name=\"author\" content=\"Chloe Gauthier\" \/>\n<meta name=\"twitter:card\" content=\"summary_large_image\" \/>\n<meta name=\"twitter:label1\" content=\"\u00c9crit par\" \/>\n\t<meta name=\"twitter:data1\" content=\"Chloe Gauthier\" \/>\n\t<meta name=\"twitter:label2\" content=\"Dur\u00e9e de lecture estim\u00e9e\" \/>\n\t<meta name=\"twitter:data2\" content=\"2 minutes\" \/>\n<script type=\"application\/ld+json\" class=\"yoast-schema-graph\">{\"@context\":\"https:\\\/\\\/schema.org\",\"@graph\":[{\"@type\":\"Article\",\"@id\":\"https:\\\/\\\/www.sebastien-auziere.fr\\\/blog\\\/it\\\/brigitte-macron-vende-la-sua-villa-a-touquet-scopri-lincredibile-plusvalenza-realizzata\\\/#article\",\"isPartOf\":{\"@id\":\"https:\\\/\\\/www.sebastien-auziere.fr\\\/blog\\\/it\\\/brigitte-macron-vende-la-sua-villa-a-touquet-scopri-lincredibile-plusvalenza-realizzata\\\/\"},\"author\":{\"name\":\"Chloe Gauthier\",\"@id\":\"https:\\\/\\\/www.sebastien-auziere.fr\\\/blog\\\/#\\\/schema\\\/person\\\/149f1acdbfd85149c6c3e59adeae2f4d\"},\"headline\":\"Brigitte Macron vende la sua villa a Touquet: scopri l&rsquo;incredibile plusvalenza realizzata\",\"datePublished\":\"2026-04-14T07:09:19+00:00\",\"dateModified\":\"2026-04-14T07:09:45+00:00\",\"mainEntityOfPage\":{\"@id\":\"https:\\\/\\\/www.sebastien-auziere.fr\\\/blog\\\/it\\\/brigitte-macron-vende-la-sua-villa-a-touquet-scopri-lincredibile-plusvalenza-realizzata\\\/\"},\"wordCount\":376,\"commentCount\":0,\"publisher\":{\"@id\":\"https:\\\/\\\/www.sebastien-auziere.fr\\\/blog\\\/#organization\"},\"image\":{\"@id\":\"https:\\\/\\\/www.sebastien-auziere.fr\\\/blog\\\/it\\\/brigitte-macron-vende-la-sua-villa-a-touquet-scopri-lincredibile-plusvalenza-realizzata\\\/#primaryimage\"},\"thumbnailUrl\":\"https:\\\/\\\/www.sebastien-auziere.fr\\\/blog\\\/wp-content\\\/uploads\\\/2026\\\/04\\\/Brigitte-Macron-vend-sa-villa-au-Touquet-decouvrez-lincroyable-plus-value-realisee.jpg\",\"keywords\":[\"brigitte macron\",\"immobili di lusso\",\"vendita immobiliare\",\"villa al touquet\"],\"articleSection\":[\"Actualit\u00e0\"],\"inLanguage\":\"fr-FR\",\"potentialAction\":[{\"@type\":\"CommentAction\",\"name\":\"Comment\",\"target\":[\"https:\\\/\\\/www.sebastien-auziere.fr\\\/blog\\\/it\\\/brigitte-macron-vende-la-sua-villa-a-touquet-scopri-lincredibile-plusvalenza-realizzata\\\/#respond\"]}]},{\"@type\":\"WebPage\",\"@id\":\"https:\\\/\\\/www.sebastien-auziere.fr\\\/blog\\\/it\\\/brigitte-macron-vende-la-sua-villa-a-touquet-scopri-lincredibile-plusvalenza-realizzata\\\/\",\"url\":\"https:\\\/\\\/www.sebastien-auziere.fr\\\/blog\\\/it\\\/brigitte-macron-vende-la-sua-villa-a-touquet-scopri-lincredibile-plusvalenza-realizzata\\\/\",\"name\":\"Brigitte Macron vende la sua villa a Touquet: scopri l'incredibile plusvalenza realizzata - Fan site S\u00e9bastien Auzi\u00e8re\",\"isPartOf\":{\"@id\":\"https:\\\/\\\/www.sebastien-auziere.fr\\\/blog\\\/#website\"},\"primaryImageOfPage\":{\"@id\":\"https:\\\/\\\/www.sebastien-auziere.fr\\\/blog\\\/it\\\/brigitte-macron-vende-la-sua-villa-a-touquet-scopri-lincredibile-plusvalenza-realizzata\\\/#primaryimage\"},\"image\":{\"@id\":\"https:\\\/\\\/www.sebastien-auziere.fr\\\/blog\\\/it\\\/brigitte-macron-vende-la-sua-villa-a-touquet-scopri-lincredibile-plusvalenza-realizzata\\\/#primaryimage\"},\"thumbnailUrl\":\"https:\\\/\\\/www.sebastien-auziere.fr\\\/blog\\\/wp-content\\\/uploads\\\/2026\\\/04\\\/Brigitte-Macron-vend-sa-villa-au-Touquet-decouvrez-lincroyable-plus-value-realisee.jpg\",\"datePublished\":\"2026-04-14T07:09:19+00:00\",\"dateModified\":\"2026-04-14T07:09:45+00:00\",\"description\":\"Brigitte Macron vend sa villa au Touquet : d\u00e9couvrez l'incroyable plus-value r\u00e9alis\u00e9e et les d\u00e9tails exclusifs de cette vente immobili\u00e8re prestigieuse.\",\"breadcrumb\":{\"@id\":\"https:\\\/\\\/www.sebastien-auziere.fr\\\/blog\\\/it\\\/brigitte-macron-vende-la-sua-villa-a-touquet-scopri-lincredibile-plusvalenza-realizzata\\\/#breadcrumb\"},\"inLanguage\":\"fr-FR\",\"potentialAction\":[{\"@type\":\"ReadAction\",\"target\":[\"https:\\\/\\\/www.sebastien-auziere.fr\\\/blog\\\/it\\\/brigitte-macron-vende-la-sua-villa-a-touquet-scopri-lincredibile-plusvalenza-realizzata\\\/\"]}]},{\"@type\":\"ImageObject\",\"inLanguage\":\"fr-FR\",\"@id\":\"https:\\\/\\\/www.sebastien-auziere.fr\\\/blog\\\/it\\\/brigitte-macron-vende-la-sua-villa-a-touquet-scopri-lincredibile-plusvalenza-realizzata\\\/#primaryimage\",\"url\":\"https:\\\/\\\/www.sebastien-auziere.fr\\\/blog\\\/wp-content\\\/uploads\\\/2026\\\/04\\\/Brigitte-Macron-vend-sa-villa-au-Touquet-decouvrez-lincroyable-plus-value-realisee.jpg\",\"contentUrl\":\"https:\\\/\\\/www.sebastien-auziere.fr\\\/blog\\\/wp-content\\\/uploads\\\/2026\\\/04\\\/Brigitte-Macron-vend-sa-villa-au-Touquet-decouvrez-lincroyable-plus-value-realisee.jpg\",\"width\":2560,\"height\":1429,\"caption\":\"brigitte macron met en vente sa villa au touquet et r\u00e9alise une plus-value exceptionnelle. d\u00e9couvrez les d\u00e9tails de cette transaction immobili\u00e8re \u00e9tonnante.\"},{\"@type\":\"BreadcrumbList\",\"@id\":\"https:\\\/\\\/www.sebastien-auziere.fr\\\/blog\\\/it\\\/brigitte-macron-vende-la-sua-villa-a-touquet-scopri-lincredibile-plusvalenza-realizzata\\\/#breadcrumb\",\"itemListElement\":[{\"@type\":\"ListItem\",\"position\":1,\"name\":\"Home\",\"item\":\"https:\\\/\\\/www.sebastien-auziere.fr\\\/blog\\\/\"},{\"@type\":\"ListItem\",\"position\":2,\"name\":\"Brigitte Macron vende la sua villa a Touquet: scopri l&rsquo;incredibile plusvalenza realizzata\"}]},{\"@type\":\"WebSite\",\"@id\":\"https:\\\/\\\/www.sebastien-auziere.fr\\\/blog\\\/#website\",\"url\":\"https:\\\/\\\/www.sebastien-auziere.fr\\\/blog\\\/\",\"name\":\"Fan site S\u00e9bastien Auzi\u00e8re\",\"description\":\"M\u00e9dia g\u00e9n\u00e9raliste\",\"publisher\":{\"@id\":\"https:\\\/\\\/www.sebastien-auziere.fr\\\/blog\\\/#organization\"},\"potentialAction\":[{\"@type\":\"SearchAction\",\"target\":{\"@type\":\"EntryPoint\",\"urlTemplate\":\"https:\\\/\\\/www.sebastien-auziere.fr\\\/blog\\\/?s={search_term_string}\"},\"query-input\":{\"@type\":\"PropertyValueSpecification\",\"valueRequired\":true,\"valueName\":\"search_term_string\"}}],\"inLanguage\":\"fr-FR\"},{\"@type\":\"Organization\",\"@id\":\"https:\\\/\\\/www.sebastien-auziere.fr\\\/blog\\\/#organization\",\"name\":\"Fan site S\u00e9bastien Auzi\u00e8re\",\"url\":\"https:\\\/\\\/www.sebastien-auziere.fr\\\/blog\\\/\",\"logo\":{\"@type\":\"ImageObject\",\"inLanguage\":\"fr-FR\",\"@id\":\"https:\\\/\\\/www.sebastien-auziere.fr\\\/blog\\\/#\\\/schema\\\/logo\\\/image\\\/\",\"url\":\"https:\\\/\\\/www.sebastien-auziere.fr\\\/blog\\\/wp-content\\\/uploads\\\/2026\\\/03\\\/cropped-cropped-cropped-ChatGPT-Image-6-mars-2026-12_58_09-e1772798376794.jpg\",\"contentUrl\":\"https:\\\/\\\/www.sebastien-auziere.fr\\\/blog\\\/wp-content\\\/uploads\\\/2026\\\/03\\\/cropped-cropped-cropped-ChatGPT-Image-6-mars-2026-12_58_09-e1772798376794.jpg\",\"width\":512,\"height\":360,\"caption\":\"Fan site S\u00e9bastien Auzi\u00e8re\"},\"image\":{\"@id\":\"https:\\\/\\\/www.sebastien-auziere.fr\\\/blog\\\/#\\\/schema\\\/logo\\\/image\\\/\"}},{\"@type\":\"Person\",\"@id\":\"https:\\\/\\\/www.sebastien-auziere.fr\\\/blog\\\/#\\\/schema\\\/person\\\/149f1acdbfd85149c6c3e59adeae2f4d\",\"name\":\"Chloe Gauthier\",\"image\":{\"@type\":\"ImageObject\",\"inLanguage\":\"fr-FR\",\"@id\":\"https:\\\/\\\/secure.gravatar.com\\\/avatar\\\/2c5722f58171cff738a8985ef0dd66b476e563753246a49019befc837ec4201a?s=96&d=mm&r=g\",\"url\":\"https:\\\/\\\/secure.gravatar.com\\\/avatar\\\/2c5722f58171cff738a8985ef0dd66b476e563753246a49019befc837ec4201a?s=96&d=mm&r=g\",\"contentUrl\":\"https:\\\/\\\/secure.gravatar.com\\\/avatar\\\/2c5722f58171cff738a8985ef0dd66b476e563753246a49019befc837ec4201a?s=96&d=mm&r=g\",\"caption\":\"Chloe Gauthier\"},\"description\":\"Passionn\u00e9e par la politique et admiratrice engag\u00e9e de la famille Macron, je consacre mon \u00e9nergie \u00e0 suivre leurs initiatives et \u00e0 promouvoir leurs id\u00e9es. \u00c0 32 ans, je suis convaincue que leur vision est porteuse d'avenir.\",\"url\":\"https:\\\/\\\/www.sebastien-auziere.fr\\\/blog\\\/author\\\/chloe-gauthier\\\/\"}]}<\/script>\n<!-- \/ Yoast SEO plugin. -->","yoast_head_json":{"title":"Brigitte Macron vende la sua villa a Touquet: scopri l'incredibile plusvalenza realizzata - Fan site S\u00e9bastien Auzi\u00e8re","description":"Brigitte Macron vend sa villa au Touquet : d\u00e9couvrez l'incroyable plus-value r\u00e9alis\u00e9e et les d\u00e9tails exclusifs de cette vente immobili\u00e8re prestigieuse.","robots":{"index":"index","follow":"follow","max-snippet":"max-snippet:-1","max-image-preview":"max-image-preview:large","max-video-preview":"max-video-preview:-1"},"canonical":"https:\/\/www.sebastien-auziere.fr\/blog\/it\/brigitte-macron-vende-la-sua-villa-a-touquet-scopri-lincredibile-plusvalenza-realizzata\/","og_locale":"fr_FR","og_type":"article","og_title":"Brigitte Macron vende la sua villa a Touquet: scopri l'incredibile plusvalenza realizzata - Fan site S\u00e9bastien Auzi\u00e8re","og_description":"Brigitte Macron vend sa villa au Touquet : d\u00e9couvrez l'incroyable plus-value r\u00e9alis\u00e9e et les d\u00e9tails exclusifs de cette vente immobili\u00e8re prestigieuse.","og_url":"https:\/\/www.sebastien-auziere.fr\/blog\/it\/brigitte-macron-vende-la-sua-villa-a-touquet-scopri-lincredibile-plusvalenza-realizzata\/","og_site_name":"Fan site S\u00e9bastien Auzi\u00e8re","article_published_time":"2026-04-14T07:09:19+00:00","article_modified_time":"2026-04-14T07:09:45+00:00","og_image":[{"width":2560,"height":1429,"url":"https:\/\/www.sebastien-auziere.fr\/blog\/wp-content\/uploads\/2026\/04\/Brigitte-Macron-vend-sa-villa-au-Touquet-decouvrez-lincroyable-plus-value-realisee.jpg","type":"image\/jpeg"}],"author":"Chloe Gauthier","twitter_card":"summary_large_image","twitter_misc":{"\u00c9crit par":"Chloe Gauthier","Dur\u00e9e de lecture estim\u00e9e":"2 minutes"},"schema":{"@context":"https:\/\/schema.org","@graph":[{"@type":"Article","@id":"https:\/\/www.sebastien-auziere.fr\/blog\/it\/brigitte-macron-vende-la-sua-villa-a-touquet-scopri-lincredibile-plusvalenza-realizzata\/#article","isPartOf":{"@id":"https:\/\/www.sebastien-auziere.fr\/blog\/it\/brigitte-macron-vende-la-sua-villa-a-touquet-scopri-lincredibile-plusvalenza-realizzata\/"},"author":{"name":"Chloe Gauthier","@id":"https:\/\/www.sebastien-auziere.fr\/blog\/#\/schema\/person\/149f1acdbfd85149c6c3e59adeae2f4d"},"headline":"Brigitte Macron vende la sua villa a Touquet: scopri l&rsquo;incredibile plusvalenza realizzata","datePublished":"2026-04-14T07:09:19+00:00","dateModified":"2026-04-14T07:09:45+00:00","mainEntityOfPage":{"@id":"https:\/\/www.sebastien-auziere.fr\/blog\/it\/brigitte-macron-vende-la-sua-villa-a-touquet-scopri-lincredibile-plusvalenza-realizzata\/"},"wordCount":376,"commentCount":0,"publisher":{"@id":"https:\/\/www.sebastien-auziere.fr\/blog\/#organization"},"image":{"@id":"https:\/\/www.sebastien-auziere.fr\/blog\/it\/brigitte-macron-vende-la-sua-villa-a-touquet-scopri-lincredibile-plusvalenza-realizzata\/#primaryimage"},"thumbnailUrl":"https:\/\/www.sebastien-auziere.fr\/blog\/wp-content\/uploads\/2026\/04\/Brigitte-Macron-vend-sa-villa-au-Touquet-decouvrez-lincroyable-plus-value-realisee.jpg","keywords":["brigitte macron","immobili di lusso","vendita immobiliare","villa al touquet"],"articleSection":["Actualit\u00e0"],"inLanguage":"fr-FR","potentialAction":[{"@type":"CommentAction","name":"Comment","target":["https:\/\/www.sebastien-auziere.fr\/blog\/it\/brigitte-macron-vende-la-sua-villa-a-touquet-scopri-lincredibile-plusvalenza-realizzata\/#respond"]}]},{"@type":"WebPage","@id":"https:\/\/www.sebastien-auziere.fr\/blog\/it\/brigitte-macron-vende-la-sua-villa-a-touquet-scopri-lincredibile-plusvalenza-realizzata\/","url":"https:\/\/www.sebastien-auziere.fr\/blog\/it\/brigitte-macron-vende-la-sua-villa-a-touquet-scopri-lincredibile-plusvalenza-realizzata\/","name":"Brigitte Macron vende la sua villa a Touquet: scopri l'incredibile plusvalenza realizzata - Fan site S\u00e9bastien Auzi\u00e8re","isPartOf":{"@id":"https:\/\/www.sebastien-auziere.fr\/blog\/#website"},"primaryImageOfPage":{"@id":"https:\/\/www.sebastien-auziere.fr\/blog\/it\/brigitte-macron-vende-la-sua-villa-a-touquet-scopri-lincredibile-plusvalenza-realizzata\/#primaryimage"},"image":{"@id":"https:\/\/www.sebastien-auziere.fr\/blog\/it\/brigitte-macron-vende-la-sua-villa-a-touquet-scopri-lincredibile-plusvalenza-realizzata\/#primaryimage"},"thumbnailUrl":"https:\/\/www.sebastien-auziere.fr\/blog\/wp-content\/uploads\/2026\/04\/Brigitte-Macron-vend-sa-villa-au-Touquet-decouvrez-lincroyable-plus-value-realisee.jpg","datePublished":"2026-04-14T07:09:19+00:00","dateModified":"2026-04-14T07:09:45+00:00","description":"Brigitte Macron vend sa villa au Touquet : d\u00e9couvrez l'incroyable plus-value r\u00e9alis\u00e9e et les d\u00e9tails exclusifs de cette vente immobili\u00e8re prestigieuse.","breadcrumb":{"@id":"https:\/\/www.sebastien-auziere.fr\/blog\/it\/brigitte-macron-vende-la-sua-villa-a-touquet-scopri-lincredibile-plusvalenza-realizzata\/#breadcrumb"},"inLanguage":"fr-FR","potentialAction":[{"@type":"ReadAction","target":["https:\/\/www.sebastien-auziere.fr\/blog\/it\/brigitte-macron-vende-la-sua-villa-a-touquet-scopri-lincredibile-plusvalenza-realizzata\/"]}]},{"@type":"ImageObject","inLanguage":"fr-FR","@id":"https:\/\/www.sebastien-auziere.fr\/blog\/it\/brigitte-macron-vende-la-sua-villa-a-touquet-scopri-lincredibile-plusvalenza-realizzata\/#primaryimage","url":"https:\/\/www.sebastien-auziere.fr\/blog\/wp-content\/uploads\/2026\/04\/Brigitte-Macron-vend-sa-villa-au-Touquet-decouvrez-lincroyable-plus-value-realisee.jpg","contentUrl":"https:\/\/www.sebastien-auziere.fr\/blog\/wp-content\/uploads\/2026\/04\/Brigitte-Macron-vend-sa-villa-au-Touquet-decouvrez-lincroyable-plus-value-realisee.jpg","width":2560,"height":1429,"caption":"brigitte macron met en vente sa villa au touquet et r\u00e9alise une plus-value exceptionnelle. d\u00e9couvrez les d\u00e9tails de cette transaction immobili\u00e8re \u00e9tonnante."},{"@type":"BreadcrumbList","@id":"https:\/\/www.sebastien-auziere.fr\/blog\/it\/brigitte-macron-vende-la-sua-villa-a-touquet-scopri-lincredibile-plusvalenza-realizzata\/#breadcrumb","itemListElement":[{"@type":"ListItem","position":1,"name":"Home","item":"https:\/\/www.sebastien-auziere.fr\/blog\/"},{"@type":"ListItem","position":2,"name":"Brigitte Macron vende la sua villa a Touquet: scopri l&rsquo;incredibile plusvalenza realizzata"}]},{"@type":"WebSite","@id":"https:\/\/www.sebastien-auziere.fr\/blog\/#website","url":"https:\/\/www.sebastien-auziere.fr\/blog\/","name":"Fan site S\u00e9bastien Auzi\u00e8re","description":"M\u00e9dia g\u00e9n\u00e9raliste","publisher":{"@id":"https:\/\/www.sebastien-auziere.fr\/blog\/#organization"},"potentialAction":[{"@type":"SearchAction","target":{"@type":"EntryPoint","urlTemplate":"https:\/\/www.sebastien-auziere.fr\/blog\/?s={search_term_string}"},"query-input":{"@type":"PropertyValueSpecification","valueRequired":true,"valueName":"search_term_string"}}],"inLanguage":"fr-FR"},{"@type":"Organization","@id":"https:\/\/www.sebastien-auziere.fr\/blog\/#organization","name":"Fan site S\u00e9bastien Auzi\u00e8re","url":"https:\/\/www.sebastien-auziere.fr\/blog\/","logo":{"@type":"ImageObject","inLanguage":"fr-FR","@id":"https:\/\/www.sebastien-auziere.fr\/blog\/#\/schema\/logo\/image\/","url":"https:\/\/www.sebastien-auziere.fr\/blog\/wp-content\/uploads\/2026\/03\/cropped-cropped-cropped-ChatGPT-Image-6-mars-2026-12_58_09-e1772798376794.jpg","contentUrl":"https:\/\/www.sebastien-auziere.fr\/blog\/wp-content\/uploads\/2026\/03\/cropped-cropped-cropped-ChatGPT-Image-6-mars-2026-12_58_09-e1772798376794.jpg","width":512,"height":360,"caption":"Fan site S\u00e9bastien Auzi\u00e8re"},"image":{"@id":"https:\/\/www.sebastien-auziere.fr\/blog\/#\/schema\/logo\/image\/"}},{"@type":"Person","@id":"https:\/\/www.sebastien-auziere.fr\/blog\/#\/schema\/person\/149f1acdbfd85149c6c3e59adeae2f4d","name":"Chloe Gauthier","image":{"@type":"ImageObject","inLanguage":"fr-FR","@id":"https:\/\/secure.gravatar.com\/avatar\/2c5722f58171cff738a8985ef0dd66b476e563753246a49019befc837ec4201a?s=96&d=mm&r=g","url":"https:\/\/secure.gravatar.com\/avatar\/2c5722f58171cff738a8985ef0dd66b476e563753246a49019befc837ec4201a?s=96&d=mm&r=g","contentUrl":"https:\/\/secure.gravatar.com\/avatar\/2c5722f58171cff738a8985ef0dd66b476e563753246a49019befc837ec4201a?s=96&d=mm&r=g","caption":"Chloe Gauthier"},"description":"Passionn\u00e9e par la politique et admiratrice engag\u00e9e de la famille Macron, je consacre mon \u00e9nergie \u00e0 suivre leurs initiatives et \u00e0 promouvoir leurs id\u00e9es. \u00c0 32 ans, je suis convaincue que leur vision est porteuse d'avenir.","url":"https:\/\/www.sebastien-auziere.fr\/blog\/author\/chloe-gauthier\/"}]}},"views":3,"_links":{"self":[{"href":"https:\/\/www.sebastien-auziere.fr\/blog\/wp-json\/wp\/v2\/posts\/3012","targetHints":{"allow":["GET"]}}],"collection":[{"href":"https:\/\/www.sebastien-auziere.fr\/blog\/wp-json\/wp\/v2\/posts"}],"about":[{"href":"https:\/\/www.sebastien-auziere.fr\/blog\/wp-json\/wp\/v2\/types\/post"}],"author":[{"embeddable":true,"href":"https:\/\/www.sebastien-auziere.fr\/blog\/wp-json\/wp\/v2\/users\/9"}],"replies":[{"embeddable":true,"href":"https:\/\/www.sebastien-auziere.fr\/blog\/wp-json\/wp\/v2\/comments?post=3012"}],"version-history":[{"count":1,"href":"https:\/\/www.sebastien-auziere.fr\/blog\/wp-json\/wp\/v2\/posts\/3012\/revisions"}],"predecessor-version":[{"id":3013,"href":"https:\/\/www.sebastien-auziere.fr\/blog\/wp-json\/wp\/v2\/posts\/3012\/revisions\/3013"}],"wp:featuredmedia":[{"embeddable":true,"href":"https:\/\/www.sebastien-auziere.fr\/blog\/wp-json\/wp\/v2\/media\/3004"}],"wp:attachment":[{"href":"https:\/\/www.sebastien-auziere.fr\/blog\/wp-json\/wp\/v2\/media?parent=3012"}],"wp:term":[{"taxonomy":"category","embeddable":true,"href":"https:\/\/www.sebastien-auziere.fr\/blog\/wp-json\/wp\/v2\/categories?post=3012"},{"taxonomy":"post_tag","embeddable":true,"href":"https:\/\/www.sebastien-auziere.fr\/blog\/wp-json\/wp\/v2\/tags?post=3012"}],"curies":[{"name":"wp","href":"https:\/\/api.w.org\/{rel}","templated":true}]}}