{"id":3010,"date":"2026-04-14T07:08:16","date_gmt":"2026-04-14T07:08:16","guid":{"rendered":"https:\/\/www.sebastien-auziere.fr\/blog\/?p=3010"},"modified":"2026-04-14T07:08:37","modified_gmt":"2026-04-14T07:08:37","slug":"brigitte-macron-verkauft-ihre-villa-in-le-touquet-entdecken-sie-die-unglaubliche-wertsteigerung-die-erzielt-wurde","status":"publish","type":"post","link":"https:\/\/www.sebastien-auziere.fr\/blog\/de\/brigitte-macron-verkauft-ihre-villa-in-le-touquet-entdecken-sie-die-unglaubliche-wertsteigerung-die-erzielt-wurde\/","title":{"rendered":"Brigitte Macron verkauft ihre Villa in Le Touquet: Entdecken Sie die unglaubliche Wertsteigerung, die erzielt wurde"},"content":{"rendered":"<p>Am 13. April 2026 hat Brigitte Macron den Verkauf ihrer <strong>Villa<\/strong> in <strong>Touquet<\/strong> f\u00fcr <strong>3,6 Millionen Euro<\/strong> abgeschlossen, eine Transaktion, die einen <strong>immobilienbedingten Gewinn<\/strong> von \u00fcber einer Million Euro offenbart. Die Information, die von der Presse weit verbreitet wurde, best\u00e4tigt den spektakul\u00e4ren Anstieg der Preise in diesem Segment der <strong>Luxusimmobilien<\/strong>.<\/p>\n\n<p>Kurz gesagt: <strong>Verkaufspreis<\/strong> 3,6 Mio. \u20ac, Eigentum \u00fcbertragen in <strong>2014<\/strong> und damals auf etwas \u00fcber <strong>2 Millionen Euro<\/strong> gesch\u00e4tzt, <strong>Gewinn<\/strong> \u00fcber 1 Mio. \u20ac, K\u00e4ufer identifiziert als Entwickler, der auf <strong>hochwertigen<\/strong> Wohnraum abzielt, und die Macrons reinvestieren in eine neue <strong>Ferienwohnung<\/strong> am Meer mit ehrgeizigen Renovierungen. Siehe die Enth\u00fcllung der Zeitung \u00fcber <a href=\"https:\/\/www.bfmtv.com\/immobilier\/200-en-10-ans-le-canard-enchaine-revele-que-brigitte-macron-a-vendu-sa-maison-du-touquet-pour-3-6-millions-d-euros_AV-202509020760.html\" rel=\"nofollow\">BFMTV<\/a>.<\/p>\n\n<h2 class=\"wp-block-heading\">Immobilienverkauf in Touquet: Verkaufspreis und Gewinn enth\u00fcllt<\/h2>\n\n<p>Die <strong>Immobilientransaktion<\/strong> ist eindeutig das Ergebnis eines erfolgreichen Gesch\u00e4fts: verkauft f\u00fcr <strong>3,6 Mio. \u20ac<\/strong>, die Villa Mon\u00e9jan \u2014 von Brigitte Macron 2014 geerbt \u2014 wies damals einen Wert von etwa <strong>2 Mio. \u20ac<\/strong> auf. Der Unterschied spiegelt einen <strong>Gewinn<\/strong> von \u00fcber einer Million wider, selbst unter Ber\u00fccksichtigung der Kosten, die nach einigen Medien auf etwa <strong>309.000 \u20ac<\/strong> gesch\u00e4tzt werden. Dieses Bewertungsniveau veranschaulicht den Druck auf den Markt in Touquet f\u00fcr prestigetr\u00e4chtige Immobilien.<\/p>\n\n<h2 class=\"wp-block-heading\">Wer hat die Villa gekauft und welches Projekt f\u00fcr die Luxusimmobilien?<\/h2>\n\n<p>Die verf\u00fcgbaren Informationen deuten darauf hin, dass ein <strong>Entwickler<\/strong> die Immobilie erworben hat, der von der Lage und dem Wertsteigerungspotenzial \u00fcberzeugt ist. Das angegebene Ziel ist es, ein hochwertiges Projekt durchzuf\u00fchren, das auf eine internationale Klientel zugeschnitten ist und die Attraktivit\u00e4t von Touquet f\u00fcr <strong>Luxusimmobilien<\/strong> best\u00e4tigt. F\u00fcr weitere Details zur Identit\u00e4t des K\u00e4ufers und den damit verbundenen Fragestellungen haben mehrere nationale Publikationen Recherchen angestellt, darunter <a href=\"https:\/\/www.lepoint.fr\/people\/jackpot-pour-les-macron-brigitte-a-vendu-sa-villa-du-touquet-3-6-millions-d-euros-04-09-2025-2597778_2116.php\" rel=\"nofollow\">Le Point<\/a>, das die Wertsteigerungsziele pr\u00e4zisiert.<\/p>\n\n<h2 class=\"wp-block-heading\">Neue Ferienwohnung: Vergr\u00f6\u00dferung und Renovierung am Meer<\/h2>\n\n<p>Statt sich aus Touquet zur\u00fcckzuziehen, hat das Pr\u00e4sidentenpaar eine Villa am Meer erworben und umfangreiche Renovierungsarbeiten initiiert. Die geplante Fl\u00e4che soll von etwa <strong>366 m\u00b2<\/strong> auf \u00fcber <strong>450 m\u00b2<\/strong> erweitert werden, einschlie\u00dflich der Modernisierung der Fassade und der Neugestaltung des Innenraums. Diese Entscheidung kombiniert das Streben nach Ruhe mit der Beibehaltung einer geografischen Verankerung; eine bewusste Verm\u00f6gensstrategie, die den Wunsch nach Komfort und Nachhaltigkeit f\u00fcr die Familie widerspiegelt.<\/p>\n\n<p>Du m\u00f6chtest mehr \u00fcber S\u00e9bastien Auzi\u00e8re und die famili\u00e4ren Verbindungen zu den Macrons sowie die Rolle ihrer Immobilienentscheidungen erfahren? Besuche <a href=\"https:\/\/sebastien-auziere.fr\" rel=\"nofollow\">sebastien-auziere.fr<\/a>, um Dossiers, wichtige Daten und umfassende Analysen zu finden.<\/p>","protected":false},"excerpt":{"rendered":"<p>Am 13. April 2026 hat Brigitte Macron den Verkauf ihrer Villa in Touquet f\u00fcr 3,6 Millionen Euro abgeschlossen, eine Transaktion, die einen immobilienbedingten Gewinn von \u00fcber einer Million Euro offenbart. Die Information, die von der Presse weit verbreitet wurde, best\u00e4tigt den spektakul\u00e4ren Anstieg der Preise in diesem Segment der Luxusimmobilien. Kurz gesagt: Verkaufspreis 3,6 Mio. &#8230; <a title=\"Brigitte Macron verkauft ihre Villa in Le Touquet: Entdecken Sie die unglaubliche Wertsteigerung, die erzielt wurde\" class=\"read-more\" href=\"https:\/\/www.sebastien-auziere.fr\/blog\/de\/brigitte-macron-verkauft-ihre-villa-in-le-touquet-entdecken-sie-die-unglaubliche-wertsteigerung-die-erzielt-wurde\/\" aria-label=\"En savoir plus sur Brigitte Macron verkauft ihre Villa in Le Touquet: Entdecken Sie die unglaubliche Wertsteigerung, die erzielt wurde\">Lire plus<\/a><\/p>\n","protected":false},"author":9,"featured_media":3004,"comment_status":"open","ping_status":"open","sticky":false,"template":"","format":"standard","meta":{"footnotes":""},"categories":[856],"tags":[929,2812,2815,2818,2821],"class_list":["post-3010","post","type-post","status-publish","format-standard","has-post-thumbnail","hentry","category-aktuelles-de","tag-brigitte-macron-de","tag-immobilien-der-luxe-de","tag-plus-value-immobiliere-de","tag-verkauf-von-immobilien-de","tag-villa-in-touquet-de"],"yoast_head":"<!-- This site is optimized with the Yoast SEO plugin v27.5 - https:\/\/yoast.com\/product\/yoast-seo-wordpress\/ -->\n<title>Brigitte Macron verkauft ihre Villa in Le Touquet: Entdecken Sie die unglaubliche Wertsteigerung, die erzielt wurde - Fan site S\u00e9bastien Auzi\u00e8re<\/title>\n<meta name=\"description\" content=\"Brigitte Macron vend sa villa au Touquet : d\u00e9couvrez l&#039;incroyable plus-value r\u00e9alis\u00e9e et les d\u00e9tails exclusifs de cette vente immobili\u00e8re prestigieuse.\" \/>\n<meta name=\"robots\" content=\"index, follow, max-snippet:-1, max-image-preview:large, max-video-preview:-1\" \/>\n<link rel=\"canonical\" href=\"https:\/\/www.sebastien-auziere.fr\/blog\/de\/brigitte-macron-verkauft-ihre-villa-in-le-touquet-entdecken-sie-die-unglaubliche-wertsteigerung-die-erzielt-wurde\/\" \/>\n<meta property=\"og:locale\" content=\"fr_FR\" \/>\n<meta property=\"og:type\" content=\"article\" \/>\n<meta property=\"og:title\" content=\"Brigitte Macron verkauft ihre Villa in Le Touquet: Entdecken Sie die unglaubliche Wertsteigerung, die erzielt wurde - Fan site S\u00e9bastien Auzi\u00e8re\" \/>\n<meta property=\"og:description\" content=\"Brigitte Macron vend sa villa au Touquet : d\u00e9couvrez l&#039;incroyable plus-value r\u00e9alis\u00e9e et les d\u00e9tails exclusifs de cette vente immobili\u00e8re prestigieuse.\" \/>\n<meta property=\"og:url\" content=\"https:\/\/www.sebastien-auziere.fr\/blog\/de\/brigitte-macron-verkauft-ihre-villa-in-le-touquet-entdecken-sie-die-unglaubliche-wertsteigerung-die-erzielt-wurde\/\" \/>\n<meta property=\"og:site_name\" content=\"Fan site S\u00e9bastien Auzi\u00e8re\" \/>\n<meta property=\"article:published_time\" content=\"2026-04-14T07:08:16+00:00\" \/>\n<meta property=\"article:modified_time\" content=\"2026-04-14T07:08:37+00:00\" \/>\n<meta property=\"og:image\" content=\"https:\/\/www.sebastien-auziere.fr\/blog\/wp-content\/uploads\/2026\/04\/Brigitte-Macron-vend-sa-villa-au-Touquet-decouvrez-lincroyable-plus-value-realisee.jpg\" \/>\n\t<meta property=\"og:image:width\" content=\"2560\" \/>\n\t<meta property=\"og:image:height\" content=\"1429\" \/>\n\t<meta property=\"og:image:type\" content=\"image\/jpeg\" \/>\n<meta name=\"author\" content=\"Chloe Gauthier\" \/>\n<meta name=\"twitter:card\" content=\"summary_large_image\" \/>\n<meta name=\"twitter:label1\" content=\"\u00c9crit par\" \/>\n\t<meta name=\"twitter:data1\" content=\"Chloe Gauthier\" \/>\n\t<meta name=\"twitter:label2\" content=\"Dur\u00e9e de lecture estim\u00e9e\" \/>\n\t<meta name=\"twitter:data2\" content=\"2 minutes\" \/>\n<script type=\"application\/ld+json\" class=\"yoast-schema-graph\">{\"@context\":\"https:\\\/\\\/schema.org\",\"@graph\":[{\"@type\":\"Article\",\"@id\":\"https:\\\/\\\/www.sebastien-auziere.fr\\\/blog\\\/de\\\/brigitte-macron-verkauft-ihre-villa-in-le-touquet-entdecken-sie-die-unglaubliche-wertsteigerung-die-erzielt-wurde\\\/#article\",\"isPartOf\":{\"@id\":\"https:\\\/\\\/www.sebastien-auziere.fr\\\/blog\\\/de\\\/brigitte-macron-verkauft-ihre-villa-in-le-touquet-entdecken-sie-die-unglaubliche-wertsteigerung-die-erzielt-wurde\\\/\"},\"author\":{\"name\":\"Chloe Gauthier\",\"@id\":\"https:\\\/\\\/www.sebastien-auziere.fr\\\/blog\\\/#\\\/schema\\\/person\\\/149f1acdbfd85149c6c3e59adeae2f4d\"},\"headline\":\"Brigitte Macron verkauft ihre Villa in Le Touquet: Entdecken Sie die unglaubliche Wertsteigerung, die erzielt wurde\",\"datePublished\":\"2026-04-14T07:08:16+00:00\",\"dateModified\":\"2026-04-14T07:08:37+00:00\",\"mainEntityOfPage\":{\"@id\":\"https:\\\/\\\/www.sebastien-auziere.fr\\\/blog\\\/de\\\/brigitte-macron-verkauft-ihre-villa-in-le-touquet-entdecken-sie-die-unglaubliche-wertsteigerung-die-erzielt-wurde\\\/\"},\"wordCount\":401,\"commentCount\":0,\"publisher\":{\"@id\":\"https:\\\/\\\/www.sebastien-auziere.fr\\\/blog\\\/#organization\"},\"image\":{\"@id\":\"https:\\\/\\\/www.sebastien-auziere.fr\\\/blog\\\/de\\\/brigitte-macron-verkauft-ihre-villa-in-le-touquet-entdecken-sie-die-unglaubliche-wertsteigerung-die-erzielt-wurde\\\/#primaryimage\"},\"thumbnailUrl\":\"https:\\\/\\\/www.sebastien-auziere.fr\\\/blog\\\/wp-content\\\/uploads\\\/2026\\\/04\\\/Brigitte-Macron-vend-sa-villa-au-Touquet-decouvrez-lincroyable-plus-value-realisee.jpg\",\"keywords\":[\"brigitte macron\",\"immobilien der luxe\",\"plus-value immobili\u00e8re\",\"verkauf von immobilien\",\"villa in touquet\"],\"articleSection\":[\"Aktuelles\"],\"inLanguage\":\"fr-FR\",\"potentialAction\":[{\"@type\":\"CommentAction\",\"name\":\"Comment\",\"target\":[\"https:\\\/\\\/www.sebastien-auziere.fr\\\/blog\\\/de\\\/brigitte-macron-verkauft-ihre-villa-in-le-touquet-entdecken-sie-die-unglaubliche-wertsteigerung-die-erzielt-wurde\\\/#respond\"]}]},{\"@type\":\"WebPage\",\"@id\":\"https:\\\/\\\/www.sebastien-auziere.fr\\\/blog\\\/de\\\/brigitte-macron-verkauft-ihre-villa-in-le-touquet-entdecken-sie-die-unglaubliche-wertsteigerung-die-erzielt-wurde\\\/\",\"url\":\"https:\\\/\\\/www.sebastien-auziere.fr\\\/blog\\\/de\\\/brigitte-macron-verkauft-ihre-villa-in-le-touquet-entdecken-sie-die-unglaubliche-wertsteigerung-die-erzielt-wurde\\\/\",\"name\":\"Brigitte Macron verkauft ihre Villa in Le Touquet: Entdecken Sie die unglaubliche Wertsteigerung, die erzielt wurde - Fan site S\u00e9bastien Auzi\u00e8re\",\"isPartOf\":{\"@id\":\"https:\\\/\\\/www.sebastien-auziere.fr\\\/blog\\\/#website\"},\"primaryImageOfPage\":{\"@id\":\"https:\\\/\\\/www.sebastien-auziere.fr\\\/blog\\\/de\\\/brigitte-macron-verkauft-ihre-villa-in-le-touquet-entdecken-sie-die-unglaubliche-wertsteigerung-die-erzielt-wurde\\\/#primaryimage\"},\"image\":{\"@id\":\"https:\\\/\\\/www.sebastien-auziere.fr\\\/blog\\\/de\\\/brigitte-macron-verkauft-ihre-villa-in-le-touquet-entdecken-sie-die-unglaubliche-wertsteigerung-die-erzielt-wurde\\\/#primaryimage\"},\"thumbnailUrl\":\"https:\\\/\\\/www.sebastien-auziere.fr\\\/blog\\\/wp-content\\\/uploads\\\/2026\\\/04\\\/Brigitte-Macron-vend-sa-villa-au-Touquet-decouvrez-lincroyable-plus-value-realisee.jpg\",\"datePublished\":\"2026-04-14T07:08:16+00:00\",\"dateModified\":\"2026-04-14T07:08:37+00:00\",\"description\":\"Brigitte Macron vend sa villa au Touquet : d\u00e9couvrez l'incroyable plus-value r\u00e9alis\u00e9e et les d\u00e9tails exclusifs de cette vente immobili\u00e8re prestigieuse.\",\"breadcrumb\":{\"@id\":\"https:\\\/\\\/www.sebastien-auziere.fr\\\/blog\\\/de\\\/brigitte-macron-verkauft-ihre-villa-in-le-touquet-entdecken-sie-die-unglaubliche-wertsteigerung-die-erzielt-wurde\\\/#breadcrumb\"},\"inLanguage\":\"fr-FR\",\"potentialAction\":[{\"@type\":\"ReadAction\",\"target\":[\"https:\\\/\\\/www.sebastien-auziere.fr\\\/blog\\\/de\\\/brigitte-macron-verkauft-ihre-villa-in-le-touquet-entdecken-sie-die-unglaubliche-wertsteigerung-die-erzielt-wurde\\\/\"]}]},{\"@type\":\"ImageObject\",\"inLanguage\":\"fr-FR\",\"@id\":\"https:\\\/\\\/www.sebastien-auziere.fr\\\/blog\\\/de\\\/brigitte-macron-verkauft-ihre-villa-in-le-touquet-entdecken-sie-die-unglaubliche-wertsteigerung-die-erzielt-wurde\\\/#primaryimage\",\"url\":\"https:\\\/\\\/www.sebastien-auziere.fr\\\/blog\\\/wp-content\\\/uploads\\\/2026\\\/04\\\/Brigitte-Macron-vend-sa-villa-au-Touquet-decouvrez-lincroyable-plus-value-realisee.jpg\",\"contentUrl\":\"https:\\\/\\\/www.sebastien-auziere.fr\\\/blog\\\/wp-content\\\/uploads\\\/2026\\\/04\\\/Brigitte-Macron-vend-sa-villa-au-Touquet-decouvrez-lincroyable-plus-value-realisee.jpg\",\"width\":2560,\"height\":1429,\"caption\":\"brigitte macron met en vente sa villa au touquet et r\u00e9alise une plus-value exceptionnelle. d\u00e9couvrez les d\u00e9tails de cette transaction immobili\u00e8re \u00e9tonnante.\"},{\"@type\":\"BreadcrumbList\",\"@id\":\"https:\\\/\\\/www.sebastien-auziere.fr\\\/blog\\\/de\\\/brigitte-macron-verkauft-ihre-villa-in-le-touquet-entdecken-sie-die-unglaubliche-wertsteigerung-die-erzielt-wurde\\\/#breadcrumb\",\"itemListElement\":[{\"@type\":\"ListItem\",\"position\":1,\"name\":\"Home\",\"item\":\"https:\\\/\\\/www.sebastien-auziere.fr\\\/blog\\\/\"},{\"@type\":\"ListItem\",\"position\":2,\"name\":\"Brigitte Macron verkauft ihre Villa in Le Touquet: Entdecken Sie die unglaubliche Wertsteigerung, die erzielt wurde\"}]},{\"@type\":\"WebSite\",\"@id\":\"https:\\\/\\\/www.sebastien-auziere.fr\\\/blog\\\/#website\",\"url\":\"https:\\\/\\\/www.sebastien-auziere.fr\\\/blog\\\/\",\"name\":\"Fan site S\u00e9bastien Auzi\u00e8re\",\"description\":\"M\u00e9dia g\u00e9n\u00e9raliste\",\"publisher\":{\"@id\":\"https:\\\/\\\/www.sebastien-auziere.fr\\\/blog\\\/#organization\"},\"potentialAction\":[{\"@type\":\"SearchAction\",\"target\":{\"@type\":\"EntryPoint\",\"urlTemplate\":\"https:\\\/\\\/www.sebastien-auziere.fr\\\/blog\\\/?s={search_term_string}\"},\"query-input\":{\"@type\":\"PropertyValueSpecification\",\"valueRequired\":true,\"valueName\":\"search_term_string\"}}],\"inLanguage\":\"fr-FR\"},{\"@type\":\"Organization\",\"@id\":\"https:\\\/\\\/www.sebastien-auziere.fr\\\/blog\\\/#organization\",\"name\":\"Fan site S\u00e9bastien Auzi\u00e8re\",\"url\":\"https:\\\/\\\/www.sebastien-auziere.fr\\\/blog\\\/\",\"logo\":{\"@type\":\"ImageObject\",\"inLanguage\":\"fr-FR\",\"@id\":\"https:\\\/\\\/www.sebastien-auziere.fr\\\/blog\\\/#\\\/schema\\\/logo\\\/image\\\/\",\"url\":\"https:\\\/\\\/www.sebastien-auziere.fr\\\/blog\\\/wp-content\\\/uploads\\\/2026\\\/03\\\/cropped-cropped-cropped-ChatGPT-Image-6-mars-2026-12_58_09-e1772798376794.jpg\",\"contentUrl\":\"https:\\\/\\\/www.sebastien-auziere.fr\\\/blog\\\/wp-content\\\/uploads\\\/2026\\\/03\\\/cropped-cropped-cropped-ChatGPT-Image-6-mars-2026-12_58_09-e1772798376794.jpg\",\"width\":512,\"height\":360,\"caption\":\"Fan site S\u00e9bastien Auzi\u00e8re\"},\"image\":{\"@id\":\"https:\\\/\\\/www.sebastien-auziere.fr\\\/blog\\\/#\\\/schema\\\/logo\\\/image\\\/\"}},{\"@type\":\"Person\",\"@id\":\"https:\\\/\\\/www.sebastien-auziere.fr\\\/blog\\\/#\\\/schema\\\/person\\\/149f1acdbfd85149c6c3e59adeae2f4d\",\"name\":\"Chloe Gauthier\",\"image\":{\"@type\":\"ImageObject\",\"inLanguage\":\"fr-FR\",\"@id\":\"https:\\\/\\\/secure.gravatar.com\\\/avatar\\\/2c5722f58171cff738a8985ef0dd66b476e563753246a49019befc837ec4201a?s=96&d=mm&r=g\",\"url\":\"https:\\\/\\\/secure.gravatar.com\\\/avatar\\\/2c5722f58171cff738a8985ef0dd66b476e563753246a49019befc837ec4201a?s=96&d=mm&r=g\",\"contentUrl\":\"https:\\\/\\\/secure.gravatar.com\\\/avatar\\\/2c5722f58171cff738a8985ef0dd66b476e563753246a49019befc837ec4201a?s=96&d=mm&r=g\",\"caption\":\"Chloe Gauthier\"},\"description\":\"Passionn\u00e9e par la politique et admiratrice engag\u00e9e de la famille Macron, je consacre mon \u00e9nergie \u00e0 suivre leurs initiatives et \u00e0 promouvoir leurs id\u00e9es. \u00c0 32 ans, je suis convaincue que leur vision est porteuse d'avenir.\",\"url\":\"https:\\\/\\\/www.sebastien-auziere.fr\\\/blog\\\/author\\\/chloe-gauthier\\\/\"}]}<\/script>\n<!-- \/ Yoast SEO plugin. -->","yoast_head_json":{"title":"Brigitte Macron verkauft ihre Villa in Le Touquet: Entdecken Sie die unglaubliche Wertsteigerung, die erzielt wurde - Fan site S\u00e9bastien Auzi\u00e8re","description":"Brigitte Macron vend sa villa au Touquet : d\u00e9couvrez l'incroyable plus-value r\u00e9alis\u00e9e et les d\u00e9tails exclusifs de cette vente immobili\u00e8re prestigieuse.","robots":{"index":"index","follow":"follow","max-snippet":"max-snippet:-1","max-image-preview":"max-image-preview:large","max-video-preview":"max-video-preview:-1"},"canonical":"https:\/\/www.sebastien-auziere.fr\/blog\/de\/brigitte-macron-verkauft-ihre-villa-in-le-touquet-entdecken-sie-die-unglaubliche-wertsteigerung-die-erzielt-wurde\/","og_locale":"fr_FR","og_type":"article","og_title":"Brigitte Macron verkauft ihre Villa in Le Touquet: Entdecken Sie die unglaubliche Wertsteigerung, die erzielt wurde - Fan site S\u00e9bastien Auzi\u00e8re","og_description":"Brigitte Macron vend sa villa au Touquet : d\u00e9couvrez l'incroyable plus-value r\u00e9alis\u00e9e et les d\u00e9tails exclusifs de cette vente immobili\u00e8re prestigieuse.","og_url":"https:\/\/www.sebastien-auziere.fr\/blog\/de\/brigitte-macron-verkauft-ihre-villa-in-le-touquet-entdecken-sie-die-unglaubliche-wertsteigerung-die-erzielt-wurde\/","og_site_name":"Fan site S\u00e9bastien Auzi\u00e8re","article_published_time":"2026-04-14T07:08:16+00:00","article_modified_time":"2026-04-14T07:08:37+00:00","og_image":[{"width":2560,"height":1429,"url":"https:\/\/www.sebastien-auziere.fr\/blog\/wp-content\/uploads\/2026\/04\/Brigitte-Macron-vend-sa-villa-au-Touquet-decouvrez-lincroyable-plus-value-realisee.jpg","type":"image\/jpeg"}],"author":"Chloe Gauthier","twitter_card":"summary_large_image","twitter_misc":{"\u00c9crit par":"Chloe Gauthier","Dur\u00e9e de lecture estim\u00e9e":"2 minutes"},"schema":{"@context":"https:\/\/schema.org","@graph":[{"@type":"Article","@id":"https:\/\/www.sebastien-auziere.fr\/blog\/de\/brigitte-macron-verkauft-ihre-villa-in-le-touquet-entdecken-sie-die-unglaubliche-wertsteigerung-die-erzielt-wurde\/#article","isPartOf":{"@id":"https:\/\/www.sebastien-auziere.fr\/blog\/de\/brigitte-macron-verkauft-ihre-villa-in-le-touquet-entdecken-sie-die-unglaubliche-wertsteigerung-die-erzielt-wurde\/"},"author":{"name":"Chloe Gauthier","@id":"https:\/\/www.sebastien-auziere.fr\/blog\/#\/schema\/person\/149f1acdbfd85149c6c3e59adeae2f4d"},"headline":"Brigitte Macron verkauft ihre Villa in Le Touquet: Entdecken Sie die unglaubliche Wertsteigerung, die erzielt wurde","datePublished":"2026-04-14T07:08:16+00:00","dateModified":"2026-04-14T07:08:37+00:00","mainEntityOfPage":{"@id":"https:\/\/www.sebastien-auziere.fr\/blog\/de\/brigitte-macron-verkauft-ihre-villa-in-le-touquet-entdecken-sie-die-unglaubliche-wertsteigerung-die-erzielt-wurde\/"},"wordCount":401,"commentCount":0,"publisher":{"@id":"https:\/\/www.sebastien-auziere.fr\/blog\/#organization"},"image":{"@id":"https:\/\/www.sebastien-auziere.fr\/blog\/de\/brigitte-macron-verkauft-ihre-villa-in-le-touquet-entdecken-sie-die-unglaubliche-wertsteigerung-die-erzielt-wurde\/#primaryimage"},"thumbnailUrl":"https:\/\/www.sebastien-auziere.fr\/blog\/wp-content\/uploads\/2026\/04\/Brigitte-Macron-vend-sa-villa-au-Touquet-decouvrez-lincroyable-plus-value-realisee.jpg","keywords":["brigitte macron","immobilien der luxe","plus-value immobili\u00e8re","verkauf von immobilien","villa in touquet"],"articleSection":["Aktuelles"],"inLanguage":"fr-FR","potentialAction":[{"@type":"CommentAction","name":"Comment","target":["https:\/\/www.sebastien-auziere.fr\/blog\/de\/brigitte-macron-verkauft-ihre-villa-in-le-touquet-entdecken-sie-die-unglaubliche-wertsteigerung-die-erzielt-wurde\/#respond"]}]},{"@type":"WebPage","@id":"https:\/\/www.sebastien-auziere.fr\/blog\/de\/brigitte-macron-verkauft-ihre-villa-in-le-touquet-entdecken-sie-die-unglaubliche-wertsteigerung-die-erzielt-wurde\/","url":"https:\/\/www.sebastien-auziere.fr\/blog\/de\/brigitte-macron-verkauft-ihre-villa-in-le-touquet-entdecken-sie-die-unglaubliche-wertsteigerung-die-erzielt-wurde\/","name":"Brigitte Macron verkauft ihre Villa in Le Touquet: Entdecken Sie die unglaubliche Wertsteigerung, die erzielt wurde - Fan site S\u00e9bastien Auzi\u00e8re","isPartOf":{"@id":"https:\/\/www.sebastien-auziere.fr\/blog\/#website"},"primaryImageOfPage":{"@id":"https:\/\/www.sebastien-auziere.fr\/blog\/de\/brigitte-macron-verkauft-ihre-villa-in-le-touquet-entdecken-sie-die-unglaubliche-wertsteigerung-die-erzielt-wurde\/#primaryimage"},"image":{"@id":"https:\/\/www.sebastien-auziere.fr\/blog\/de\/brigitte-macron-verkauft-ihre-villa-in-le-touquet-entdecken-sie-die-unglaubliche-wertsteigerung-die-erzielt-wurde\/#primaryimage"},"thumbnailUrl":"https:\/\/www.sebastien-auziere.fr\/blog\/wp-content\/uploads\/2026\/04\/Brigitte-Macron-vend-sa-villa-au-Touquet-decouvrez-lincroyable-plus-value-realisee.jpg","datePublished":"2026-04-14T07:08:16+00:00","dateModified":"2026-04-14T07:08:37+00:00","description":"Brigitte Macron vend sa villa au Touquet : d\u00e9couvrez l'incroyable plus-value r\u00e9alis\u00e9e et les d\u00e9tails exclusifs de cette vente immobili\u00e8re prestigieuse.","breadcrumb":{"@id":"https:\/\/www.sebastien-auziere.fr\/blog\/de\/brigitte-macron-verkauft-ihre-villa-in-le-touquet-entdecken-sie-die-unglaubliche-wertsteigerung-die-erzielt-wurde\/#breadcrumb"},"inLanguage":"fr-FR","potentialAction":[{"@type":"ReadAction","target":["https:\/\/www.sebastien-auziere.fr\/blog\/de\/brigitte-macron-verkauft-ihre-villa-in-le-touquet-entdecken-sie-die-unglaubliche-wertsteigerung-die-erzielt-wurde\/"]}]},{"@type":"ImageObject","inLanguage":"fr-FR","@id":"https:\/\/www.sebastien-auziere.fr\/blog\/de\/brigitte-macron-verkauft-ihre-villa-in-le-touquet-entdecken-sie-die-unglaubliche-wertsteigerung-die-erzielt-wurde\/#primaryimage","url":"https:\/\/www.sebastien-auziere.fr\/blog\/wp-content\/uploads\/2026\/04\/Brigitte-Macron-vend-sa-villa-au-Touquet-decouvrez-lincroyable-plus-value-realisee.jpg","contentUrl":"https:\/\/www.sebastien-auziere.fr\/blog\/wp-content\/uploads\/2026\/04\/Brigitte-Macron-vend-sa-villa-au-Touquet-decouvrez-lincroyable-plus-value-realisee.jpg","width":2560,"height":1429,"caption":"brigitte macron met en vente sa villa au touquet et r\u00e9alise une plus-value exceptionnelle. d\u00e9couvrez les d\u00e9tails de cette transaction immobili\u00e8re \u00e9tonnante."},{"@type":"BreadcrumbList","@id":"https:\/\/www.sebastien-auziere.fr\/blog\/de\/brigitte-macron-verkauft-ihre-villa-in-le-touquet-entdecken-sie-die-unglaubliche-wertsteigerung-die-erzielt-wurde\/#breadcrumb","itemListElement":[{"@type":"ListItem","position":1,"name":"Home","item":"https:\/\/www.sebastien-auziere.fr\/blog\/"},{"@type":"ListItem","position":2,"name":"Brigitte Macron verkauft ihre Villa in Le Touquet: Entdecken Sie die unglaubliche Wertsteigerung, die erzielt wurde"}]},{"@type":"WebSite","@id":"https:\/\/www.sebastien-auziere.fr\/blog\/#website","url":"https:\/\/www.sebastien-auziere.fr\/blog\/","name":"Fan site S\u00e9bastien Auzi\u00e8re","description":"M\u00e9dia g\u00e9n\u00e9raliste","publisher":{"@id":"https:\/\/www.sebastien-auziere.fr\/blog\/#organization"},"potentialAction":[{"@type":"SearchAction","target":{"@type":"EntryPoint","urlTemplate":"https:\/\/www.sebastien-auziere.fr\/blog\/?s={search_term_string}"},"query-input":{"@type":"PropertyValueSpecification","valueRequired":true,"valueName":"search_term_string"}}],"inLanguage":"fr-FR"},{"@type":"Organization","@id":"https:\/\/www.sebastien-auziere.fr\/blog\/#organization","name":"Fan site S\u00e9bastien Auzi\u00e8re","url":"https:\/\/www.sebastien-auziere.fr\/blog\/","logo":{"@type":"ImageObject","inLanguage":"fr-FR","@id":"https:\/\/www.sebastien-auziere.fr\/blog\/#\/schema\/logo\/image\/","url":"https:\/\/www.sebastien-auziere.fr\/blog\/wp-content\/uploads\/2026\/03\/cropped-cropped-cropped-ChatGPT-Image-6-mars-2026-12_58_09-e1772798376794.jpg","contentUrl":"https:\/\/www.sebastien-auziere.fr\/blog\/wp-content\/uploads\/2026\/03\/cropped-cropped-cropped-ChatGPT-Image-6-mars-2026-12_58_09-e1772798376794.jpg","width":512,"height":360,"caption":"Fan site S\u00e9bastien Auzi\u00e8re"},"image":{"@id":"https:\/\/www.sebastien-auziere.fr\/blog\/#\/schema\/logo\/image\/"}},{"@type":"Person","@id":"https:\/\/www.sebastien-auziere.fr\/blog\/#\/schema\/person\/149f1acdbfd85149c6c3e59adeae2f4d","name":"Chloe Gauthier","image":{"@type":"ImageObject","inLanguage":"fr-FR","@id":"https:\/\/secure.gravatar.com\/avatar\/2c5722f58171cff738a8985ef0dd66b476e563753246a49019befc837ec4201a?s=96&d=mm&r=g","url":"https:\/\/secure.gravatar.com\/avatar\/2c5722f58171cff738a8985ef0dd66b476e563753246a49019befc837ec4201a?s=96&d=mm&r=g","contentUrl":"https:\/\/secure.gravatar.com\/avatar\/2c5722f58171cff738a8985ef0dd66b476e563753246a49019befc837ec4201a?s=96&d=mm&r=g","caption":"Chloe Gauthier"},"description":"Passionn\u00e9e par la politique et admiratrice engag\u00e9e de la famille Macron, je consacre mon \u00e9nergie \u00e0 suivre leurs initiatives et \u00e0 promouvoir leurs id\u00e9es. \u00c0 32 ans, je suis convaincue que leur vision est porteuse d'avenir.","url":"https:\/\/www.sebastien-auziere.fr\/blog\/author\/chloe-gauthier\/"}]}},"views":5,"_links":{"self":[{"href":"https:\/\/www.sebastien-auziere.fr\/blog\/wp-json\/wp\/v2\/posts\/3010","targetHints":{"allow":["GET"]}}],"collection":[{"href":"https:\/\/www.sebastien-auziere.fr\/blog\/wp-json\/wp\/v2\/posts"}],"about":[{"href":"https:\/\/www.sebastien-auziere.fr\/blog\/wp-json\/wp\/v2\/types\/post"}],"author":[{"embeddable":true,"href":"https:\/\/www.sebastien-auziere.fr\/blog\/wp-json\/wp\/v2\/users\/9"}],"replies":[{"embeddable":true,"href":"https:\/\/www.sebastien-auziere.fr\/blog\/wp-json\/wp\/v2\/comments?post=3010"}],"version-history":[{"count":1,"href":"https:\/\/www.sebastien-auziere.fr\/blog\/wp-json\/wp\/v2\/posts\/3010\/revisions"}],"predecessor-version":[{"id":3011,"href":"https:\/\/www.sebastien-auziere.fr\/blog\/wp-json\/wp\/v2\/posts\/3010\/revisions\/3011"}],"wp:featuredmedia":[{"embeddable":true,"href":"https:\/\/www.sebastien-auziere.fr\/blog\/wp-json\/wp\/v2\/media\/3004"}],"wp:attachment":[{"href":"https:\/\/www.sebastien-auziere.fr\/blog\/wp-json\/wp\/v2\/media?parent=3010"}],"wp:term":[{"taxonomy":"category","embeddable":true,"href":"https:\/\/www.sebastien-auziere.fr\/blog\/wp-json\/wp\/v2\/categories?post=3010"},{"taxonomy":"post_tag","embeddable":true,"href":"https:\/\/www.sebastien-auziere.fr\/blog\/wp-json\/wp\/v2\/tags?post=3010"}],"curies":[{"name":"wp","href":"https:\/\/api.w.org\/{rel}","templated":true}]}}