{"id":3008,"date":"2026-04-14T07:07:37","date_gmt":"2026-04-14T07:07:37","guid":{"rendered":"https:\/\/www.sebastien-auziere.fr\/blog\/?p=3008"},"modified":"2026-04-14T07:07:59","modified_gmt":"2026-04-14T07:07:59","slug":"brigitte-macron-vende-su-villa-en-touquet-descubre-la-increible-plusvalia-realizada","status":"publish","type":"post","link":"https:\/\/www.sebastien-auziere.fr\/blog\/es\/brigitte-macron-vende-su-villa-en-touquet-descubre-la-increible-plusvalia-realizada\/","title":{"rendered":"Brigitte Macron vende su villa en Touquet: descubre la incre\u00edble plusval\u00eda realizada"},"content":{"rendered":"<p>El 13 de abril de 2026, Brigitte Macron finaliz\u00f3 la venta de su <strong>villa<\/strong> de <strong>Touquet<\/strong> por <strong>3,6 millones de euros<\/strong>, una operaci\u00f3n que revela una <strong>plusval\u00eda inmobiliaria<\/strong> que supera el mill\u00f3n de euros. La informaci\u00f3n, ampliamente divulgada por la prensa, confirma el aumento espectacular de los precios en este segmento del <strong>inmobiliario de lujo<\/strong>.<\/p>\n\n<p>En resumen: <strong>precio de venta<\/strong> 3,6 M\u20ac, propiedad transmitida en <strong>2014<\/strong> y valorada entonces en un poco m\u00e1s de <strong>2 millones de euros<\/strong>, <strong>plusval\u00eda<\/strong> superior a 1 M\u20ac, comprador identificado como promotor orientado a lo <strong>alto de gama<\/strong>, y los Macron reinvierten en una nueva <strong>residencia secundaria<\/strong> junto al mar con trabajos ambiciosos. Ver la revelaci\u00f3n del diario a trav\u00e9s de <a href=\"https:\/\/www.bfmtv.com\/immobilier\/200-en-10-ans-le-canard-enchaine-revele-que-brigitte-macron-a-vendu-sa-maison-du-touquet-pour-3-6-millions-d-euros_AV-202509020760.html\" rel=\"nofollow\">BFMTV<\/a>.<\/p>\n\n<h2 class=\"wp-block-heading\">Venta inmobiliaria en Touquet: el precio de venta y la plusval\u00eda revelados<\/h2>\n\n<p>La <strong>transacci\u00f3n inmobiliaria<\/strong> lleva claramente la marca de una operaci\u00f3n exitosa: vendida por <strong>3,6 M\u20ac<\/strong>, la villa Mon\u00e9jan \u2014heredada por Brigitte Macron en 2014\u2014 mostraba un valor de aproximadamente <strong>2 M\u20ac<\/strong> en aquel momento. La diferencia traduce una <strong>plusval\u00eda<\/strong> neta superior al mill\u00f3n, incluso teniendo en cuenta los costos, estimados en alrededor de <strong>309 000 \u20ac<\/strong> seg\u00fan algunos medios. Este nivel de valoraci\u00f3n ilustra la presi\u00f3n sobre el mercado touquettois para las propiedades de prestigio.<\/p>\n\n<h2 class=\"wp-block-heading\">\u00bfQui\u00e9n compr\u00f3 la villa y qu\u00e9 proyecto para el inmobiliario de lujo?<\/h2>\n\n<p>Las informaciones disponibles indican que un <strong>promotor<\/strong> adquiri\u00f3 la propiedad, seducido por la ubicaci\u00f3n y el potencial de valorizaci\u00f3n. La ambici\u00f3n anunciada consiste en llevar a cabo un proyecto de alta gama, adaptado a una clientela internacional, confirmando la atractividad de Touquet para el <strong>inmobiliario de lujo<\/strong>. Para m\u00e1s detalles sobre la identidad del comprador y los desaf\u00edos, varios medios nacionales han investigado, incluyendo <a href=\"https:\/\/www.lepoint.fr\/people\/jackpot-pour-les-macron-brigitte-a-vendu-sa-villa-du-touquet-3-6-millions-d-euros-04-09-2025-2597778_2116.php\" rel=\"nofollow\">Le Point<\/a>, que precisa las intenciones de valorizaci\u00f3n.<\/p>\n\n<h2 class=\"wp-block-heading\">Nueva residencia secundaria: ampliaci\u00f3n y trabajos frente al mar<\/h2>\n\n<p>En lugar de desvincularse de Touquet, la pareja presidencial adquiri\u00f3 una villa frente al mar y lanz\u00f3 importantes obras. Se prev\u00e9 que la superficie pase de aproximadamente <strong>366 m\u00b2<\/strong> a m\u00e1s de <strong>450 m\u00b2<\/strong>, con modernizaci\u00f3n de la fachada y reestructuraci\u00f3n interior. Esta elecci\u00f3n combina la b\u00fasqueda de tranquilidad y el mantenimiento de un anclaje geogr\u00e1fico; una estrategia patrimonial asumida que traduce una voluntad de confort y permanencia para la familia.<\/p>\n\n<p>\u00bfQuieres saber m\u00e1s sobre S\u00e9bastien Auzi\u00e8re y los lazos familiares con los Macron, as\u00ed como el papel de sus elecciones inmobiliarias? Visita <a href=\"https:\/\/sebastien-auziere.fr\" rel=\"nofollow\">sebastien-auziere.fr<\/a> para encontrar informes, fechas clave y an\u00e1lisis completos.<\/p>","protected":false},"excerpt":{"rendered":"<p>El 13 de abril de 2026, Brigitte Macron finaliz\u00f3 la venta de su villa de Touquet por 3,6 millones de euros, una operaci\u00f3n que revela una plusval\u00eda inmobiliaria que supera el mill\u00f3n de euros. La informaci\u00f3n, ampliamente divulgada por la prensa, confirma el aumento espectacular de los precios en este segmento del inmobiliario de lujo. &#8230; <a title=\"Brigitte Macron vende su villa en Touquet: descubre la incre\u00edble plusval\u00eda realizada\" class=\"read-more\" href=\"https:\/\/www.sebastien-auziere.fr\/blog\/es\/brigitte-macron-vende-su-villa-en-touquet-descubre-la-increible-plusvalia-realizada\/\" aria-label=\"En savoir plus sur Brigitte Macron vende su villa en Touquet: descubre la incre\u00edble plusval\u00eda realizada\">Lire plus<\/a><\/p>\n","protected":false},"author":9,"featured_media":3004,"comment_status":"open","ping_status":"open","sticky":false,"template":"","format":"standard","meta":{"footnotes":""},"categories":[820],"tags":[914,2800,2803,2806,2809],"class_list":["post-3008","post","type-post","status-publish","format-standard","has-post-thumbnail","hentry","category-actualidades-es","tag-brigitte-macron-es","tag-inmobiliaria-de-lujo-es","tag-plusvalia-inmobiliaria-es","tag-venta-inmobiliaria-es","tag-villa-en-touquet-es"],"yoast_head":"<!-- This site is optimized with the Yoast SEO plugin v27.5 - https:\/\/yoast.com\/product\/yoast-seo-wordpress\/ -->\n<title>Brigitte Macron vende su villa en Touquet: descubre la incre\u00edble plusval\u00eda realizada - Fan site S\u00e9bastien Auzi\u00e8re<\/title>\n<meta name=\"description\" content=\"Brigitte Macron vend sa villa au Touquet : d\u00e9couvrez l&#039;incroyable plus-value r\u00e9alis\u00e9e et les d\u00e9tails exclusifs de cette vente immobili\u00e8re prestigieuse.\" \/>\n<meta name=\"robots\" content=\"index, follow, max-snippet:-1, max-image-preview:large, max-video-preview:-1\" \/>\n<link rel=\"canonical\" href=\"https:\/\/www.sebastien-auziere.fr\/blog\/es\/brigitte-macron-vende-su-villa-en-touquet-descubre-la-increible-plusvalia-realizada\/\" \/>\n<meta property=\"og:locale\" content=\"fr_FR\" \/>\n<meta property=\"og:type\" content=\"article\" \/>\n<meta property=\"og:title\" content=\"Brigitte Macron vende su villa en Touquet: descubre la incre\u00edble plusval\u00eda realizada - Fan site S\u00e9bastien Auzi\u00e8re\" \/>\n<meta property=\"og:description\" content=\"Brigitte Macron vend sa villa au Touquet : d\u00e9couvrez l&#039;incroyable plus-value r\u00e9alis\u00e9e et les d\u00e9tails exclusifs de cette vente immobili\u00e8re prestigieuse.\" \/>\n<meta property=\"og:url\" content=\"https:\/\/www.sebastien-auziere.fr\/blog\/es\/brigitte-macron-vende-su-villa-en-touquet-descubre-la-increible-plusvalia-realizada\/\" \/>\n<meta property=\"og:site_name\" content=\"Fan site S\u00e9bastien Auzi\u00e8re\" \/>\n<meta property=\"article:published_time\" content=\"2026-04-14T07:07:37+00:00\" \/>\n<meta property=\"article:modified_time\" content=\"2026-04-14T07:07:59+00:00\" \/>\n<meta property=\"og:image\" content=\"https:\/\/www.sebastien-auziere.fr\/blog\/wp-content\/uploads\/2026\/04\/Brigitte-Macron-vend-sa-villa-au-Touquet-decouvrez-lincroyable-plus-value-realisee.jpg\" \/>\n\t<meta property=\"og:image:width\" content=\"2560\" \/>\n\t<meta property=\"og:image:height\" content=\"1429\" \/>\n\t<meta property=\"og:image:type\" content=\"image\/jpeg\" \/>\n<meta name=\"author\" content=\"Chloe Gauthier\" \/>\n<meta name=\"twitter:card\" content=\"summary_large_image\" \/>\n<meta name=\"twitter:label1\" content=\"\u00c9crit par\" \/>\n\t<meta name=\"twitter:data1\" content=\"Chloe Gauthier\" \/>\n\t<meta name=\"twitter:label2\" content=\"Dur\u00e9e de lecture estim\u00e9e\" \/>\n\t<meta name=\"twitter:data2\" content=\"2 minutes\" \/>\n<script type=\"application\/ld+json\" class=\"yoast-schema-graph\">{\"@context\":\"https:\\\/\\\/schema.org\",\"@graph\":[{\"@type\":\"Article\",\"@id\":\"https:\\\/\\\/www.sebastien-auziere.fr\\\/blog\\\/es\\\/brigitte-macron-vende-su-villa-en-touquet-descubre-la-increible-plusvalia-realizada\\\/#article\",\"isPartOf\":{\"@id\":\"https:\\\/\\\/www.sebastien-auziere.fr\\\/blog\\\/es\\\/brigitte-macron-vende-su-villa-en-touquet-descubre-la-increible-plusvalia-realizada\\\/\"},\"author\":{\"name\":\"Chloe Gauthier\",\"@id\":\"https:\\\/\\\/www.sebastien-auziere.fr\\\/blog\\\/#\\\/schema\\\/person\\\/149f1acdbfd85149c6c3e59adeae2f4d\"},\"headline\":\"Brigitte Macron vende su villa en Touquet: descubre la incre\u00edble plusval\u00eda realizada\",\"datePublished\":\"2026-04-14T07:07:37+00:00\",\"dateModified\":\"2026-04-14T07:07:59+00:00\",\"mainEntityOfPage\":{\"@id\":\"https:\\\/\\\/www.sebastien-auziere.fr\\\/blog\\\/es\\\/brigitte-macron-vende-su-villa-en-touquet-descubre-la-increible-plusvalia-realizada\\\/\"},\"wordCount\":434,\"commentCount\":0,\"publisher\":{\"@id\":\"https:\\\/\\\/www.sebastien-auziere.fr\\\/blog\\\/#organization\"},\"image\":{\"@id\":\"https:\\\/\\\/www.sebastien-auziere.fr\\\/blog\\\/es\\\/brigitte-macron-vende-su-villa-en-touquet-descubre-la-increible-plusvalia-realizada\\\/#primaryimage\"},\"thumbnailUrl\":\"https:\\\/\\\/www.sebastien-auziere.fr\\\/blog\\\/wp-content\\\/uploads\\\/2026\\\/04\\\/Brigitte-Macron-vend-sa-villa-au-Touquet-decouvrez-lincroyable-plus-value-realisee.jpg\",\"keywords\":[\"brigitte macron\",\"inmobiliaria de lujo\",\"plusval\u00eda inmobiliaria\",\"venta inmobiliaria\",\"villa en touquet\"],\"articleSection\":[\"Actualidades\"],\"inLanguage\":\"fr-FR\",\"potentialAction\":[{\"@type\":\"CommentAction\",\"name\":\"Comment\",\"target\":[\"https:\\\/\\\/www.sebastien-auziere.fr\\\/blog\\\/es\\\/brigitte-macron-vende-su-villa-en-touquet-descubre-la-increible-plusvalia-realizada\\\/#respond\"]}]},{\"@type\":\"WebPage\",\"@id\":\"https:\\\/\\\/www.sebastien-auziere.fr\\\/blog\\\/es\\\/brigitte-macron-vende-su-villa-en-touquet-descubre-la-increible-plusvalia-realizada\\\/\",\"url\":\"https:\\\/\\\/www.sebastien-auziere.fr\\\/blog\\\/es\\\/brigitte-macron-vende-su-villa-en-touquet-descubre-la-increible-plusvalia-realizada\\\/\",\"name\":\"Brigitte Macron vende su villa en Touquet: descubre la incre\u00edble plusval\u00eda realizada - Fan site S\u00e9bastien Auzi\u00e8re\",\"isPartOf\":{\"@id\":\"https:\\\/\\\/www.sebastien-auziere.fr\\\/blog\\\/#website\"},\"primaryImageOfPage\":{\"@id\":\"https:\\\/\\\/www.sebastien-auziere.fr\\\/blog\\\/es\\\/brigitte-macron-vende-su-villa-en-touquet-descubre-la-increible-plusvalia-realizada\\\/#primaryimage\"},\"image\":{\"@id\":\"https:\\\/\\\/www.sebastien-auziere.fr\\\/blog\\\/es\\\/brigitte-macron-vende-su-villa-en-touquet-descubre-la-increible-plusvalia-realizada\\\/#primaryimage\"},\"thumbnailUrl\":\"https:\\\/\\\/www.sebastien-auziere.fr\\\/blog\\\/wp-content\\\/uploads\\\/2026\\\/04\\\/Brigitte-Macron-vend-sa-villa-au-Touquet-decouvrez-lincroyable-plus-value-realisee.jpg\",\"datePublished\":\"2026-04-14T07:07:37+00:00\",\"dateModified\":\"2026-04-14T07:07:59+00:00\",\"description\":\"Brigitte Macron vend sa villa au Touquet : d\u00e9couvrez l'incroyable plus-value r\u00e9alis\u00e9e et les d\u00e9tails exclusifs de cette vente immobili\u00e8re prestigieuse.\",\"breadcrumb\":{\"@id\":\"https:\\\/\\\/www.sebastien-auziere.fr\\\/blog\\\/es\\\/brigitte-macron-vende-su-villa-en-touquet-descubre-la-increible-plusvalia-realizada\\\/#breadcrumb\"},\"inLanguage\":\"fr-FR\",\"potentialAction\":[{\"@type\":\"ReadAction\",\"target\":[\"https:\\\/\\\/www.sebastien-auziere.fr\\\/blog\\\/es\\\/brigitte-macron-vende-su-villa-en-touquet-descubre-la-increible-plusvalia-realizada\\\/\"]}]},{\"@type\":\"ImageObject\",\"inLanguage\":\"fr-FR\",\"@id\":\"https:\\\/\\\/www.sebastien-auziere.fr\\\/blog\\\/es\\\/brigitte-macron-vende-su-villa-en-touquet-descubre-la-increible-plusvalia-realizada\\\/#primaryimage\",\"url\":\"https:\\\/\\\/www.sebastien-auziere.fr\\\/blog\\\/wp-content\\\/uploads\\\/2026\\\/04\\\/Brigitte-Macron-vend-sa-villa-au-Touquet-decouvrez-lincroyable-plus-value-realisee.jpg\",\"contentUrl\":\"https:\\\/\\\/www.sebastien-auziere.fr\\\/blog\\\/wp-content\\\/uploads\\\/2026\\\/04\\\/Brigitte-Macron-vend-sa-villa-au-Touquet-decouvrez-lincroyable-plus-value-realisee.jpg\",\"width\":2560,\"height\":1429,\"caption\":\"brigitte macron met en vente sa villa au touquet et r\u00e9alise une plus-value exceptionnelle. d\u00e9couvrez les d\u00e9tails de cette transaction immobili\u00e8re \u00e9tonnante.\"},{\"@type\":\"BreadcrumbList\",\"@id\":\"https:\\\/\\\/www.sebastien-auziere.fr\\\/blog\\\/es\\\/brigitte-macron-vende-su-villa-en-touquet-descubre-la-increible-plusvalia-realizada\\\/#breadcrumb\",\"itemListElement\":[{\"@type\":\"ListItem\",\"position\":1,\"name\":\"Home\",\"item\":\"https:\\\/\\\/www.sebastien-auziere.fr\\\/blog\\\/\"},{\"@type\":\"ListItem\",\"position\":2,\"name\":\"Brigitte Macron vende su villa en Touquet: descubre la incre\u00edble plusval\u00eda realizada\"}]},{\"@type\":\"WebSite\",\"@id\":\"https:\\\/\\\/www.sebastien-auziere.fr\\\/blog\\\/#website\",\"url\":\"https:\\\/\\\/www.sebastien-auziere.fr\\\/blog\\\/\",\"name\":\"Fan site S\u00e9bastien Auzi\u00e8re\",\"description\":\"M\u00e9dia g\u00e9n\u00e9raliste\",\"publisher\":{\"@id\":\"https:\\\/\\\/www.sebastien-auziere.fr\\\/blog\\\/#organization\"},\"potentialAction\":[{\"@type\":\"SearchAction\",\"target\":{\"@type\":\"EntryPoint\",\"urlTemplate\":\"https:\\\/\\\/www.sebastien-auziere.fr\\\/blog\\\/?s={search_term_string}\"},\"query-input\":{\"@type\":\"PropertyValueSpecification\",\"valueRequired\":true,\"valueName\":\"search_term_string\"}}],\"inLanguage\":\"fr-FR\"},{\"@type\":\"Organization\",\"@id\":\"https:\\\/\\\/www.sebastien-auziere.fr\\\/blog\\\/#organization\",\"name\":\"Fan site S\u00e9bastien Auzi\u00e8re\",\"url\":\"https:\\\/\\\/www.sebastien-auziere.fr\\\/blog\\\/\",\"logo\":{\"@type\":\"ImageObject\",\"inLanguage\":\"fr-FR\",\"@id\":\"https:\\\/\\\/www.sebastien-auziere.fr\\\/blog\\\/#\\\/schema\\\/logo\\\/image\\\/\",\"url\":\"https:\\\/\\\/www.sebastien-auziere.fr\\\/blog\\\/wp-content\\\/uploads\\\/2026\\\/03\\\/cropped-cropped-cropped-ChatGPT-Image-6-mars-2026-12_58_09-e1772798376794.jpg\",\"contentUrl\":\"https:\\\/\\\/www.sebastien-auziere.fr\\\/blog\\\/wp-content\\\/uploads\\\/2026\\\/03\\\/cropped-cropped-cropped-ChatGPT-Image-6-mars-2026-12_58_09-e1772798376794.jpg\",\"width\":512,\"height\":360,\"caption\":\"Fan site S\u00e9bastien Auzi\u00e8re\"},\"image\":{\"@id\":\"https:\\\/\\\/www.sebastien-auziere.fr\\\/blog\\\/#\\\/schema\\\/logo\\\/image\\\/\"}},{\"@type\":\"Person\",\"@id\":\"https:\\\/\\\/www.sebastien-auziere.fr\\\/blog\\\/#\\\/schema\\\/person\\\/149f1acdbfd85149c6c3e59adeae2f4d\",\"name\":\"Chloe Gauthier\",\"image\":{\"@type\":\"ImageObject\",\"inLanguage\":\"fr-FR\",\"@id\":\"https:\\\/\\\/secure.gravatar.com\\\/avatar\\\/2c5722f58171cff738a8985ef0dd66b476e563753246a49019befc837ec4201a?s=96&d=mm&r=g\",\"url\":\"https:\\\/\\\/secure.gravatar.com\\\/avatar\\\/2c5722f58171cff738a8985ef0dd66b476e563753246a49019befc837ec4201a?s=96&d=mm&r=g\",\"contentUrl\":\"https:\\\/\\\/secure.gravatar.com\\\/avatar\\\/2c5722f58171cff738a8985ef0dd66b476e563753246a49019befc837ec4201a?s=96&d=mm&r=g\",\"caption\":\"Chloe Gauthier\"},\"description\":\"Passionn\u00e9e par la politique et admiratrice engag\u00e9e de la famille Macron, je consacre mon \u00e9nergie \u00e0 suivre leurs initiatives et \u00e0 promouvoir leurs id\u00e9es. \u00c0 32 ans, je suis convaincue que leur vision est porteuse d'avenir.\",\"url\":\"https:\\\/\\\/www.sebastien-auziere.fr\\\/blog\\\/author\\\/chloe-gauthier\\\/\"}]}<\/script>\n<!-- \/ Yoast SEO plugin. -->","yoast_head_json":{"title":"Brigitte Macron vende su villa en Touquet: descubre la incre\u00edble plusval\u00eda realizada - Fan site S\u00e9bastien Auzi\u00e8re","description":"Brigitte Macron vend sa villa au Touquet : d\u00e9couvrez l'incroyable plus-value r\u00e9alis\u00e9e et les d\u00e9tails exclusifs de cette vente immobili\u00e8re prestigieuse.","robots":{"index":"index","follow":"follow","max-snippet":"max-snippet:-1","max-image-preview":"max-image-preview:large","max-video-preview":"max-video-preview:-1"},"canonical":"https:\/\/www.sebastien-auziere.fr\/blog\/es\/brigitte-macron-vende-su-villa-en-touquet-descubre-la-increible-plusvalia-realizada\/","og_locale":"fr_FR","og_type":"article","og_title":"Brigitte Macron vende su villa en Touquet: descubre la incre\u00edble plusval\u00eda realizada - Fan site S\u00e9bastien Auzi\u00e8re","og_description":"Brigitte Macron vend sa villa au Touquet : d\u00e9couvrez l'incroyable plus-value r\u00e9alis\u00e9e et les d\u00e9tails exclusifs de cette vente immobili\u00e8re prestigieuse.","og_url":"https:\/\/www.sebastien-auziere.fr\/blog\/es\/brigitte-macron-vende-su-villa-en-touquet-descubre-la-increible-plusvalia-realizada\/","og_site_name":"Fan site S\u00e9bastien Auzi\u00e8re","article_published_time":"2026-04-14T07:07:37+00:00","article_modified_time":"2026-04-14T07:07:59+00:00","og_image":[{"width":2560,"height":1429,"url":"https:\/\/www.sebastien-auziere.fr\/blog\/wp-content\/uploads\/2026\/04\/Brigitte-Macron-vend-sa-villa-au-Touquet-decouvrez-lincroyable-plus-value-realisee.jpg","type":"image\/jpeg"}],"author":"Chloe Gauthier","twitter_card":"summary_large_image","twitter_misc":{"\u00c9crit par":"Chloe Gauthier","Dur\u00e9e de lecture estim\u00e9e":"2 minutes"},"schema":{"@context":"https:\/\/schema.org","@graph":[{"@type":"Article","@id":"https:\/\/www.sebastien-auziere.fr\/blog\/es\/brigitte-macron-vende-su-villa-en-touquet-descubre-la-increible-plusvalia-realizada\/#article","isPartOf":{"@id":"https:\/\/www.sebastien-auziere.fr\/blog\/es\/brigitte-macron-vende-su-villa-en-touquet-descubre-la-increible-plusvalia-realizada\/"},"author":{"name":"Chloe Gauthier","@id":"https:\/\/www.sebastien-auziere.fr\/blog\/#\/schema\/person\/149f1acdbfd85149c6c3e59adeae2f4d"},"headline":"Brigitte Macron vende su villa en Touquet: descubre la incre\u00edble plusval\u00eda realizada","datePublished":"2026-04-14T07:07:37+00:00","dateModified":"2026-04-14T07:07:59+00:00","mainEntityOfPage":{"@id":"https:\/\/www.sebastien-auziere.fr\/blog\/es\/brigitte-macron-vende-su-villa-en-touquet-descubre-la-increible-plusvalia-realizada\/"},"wordCount":434,"commentCount":0,"publisher":{"@id":"https:\/\/www.sebastien-auziere.fr\/blog\/#organization"},"image":{"@id":"https:\/\/www.sebastien-auziere.fr\/blog\/es\/brigitte-macron-vende-su-villa-en-touquet-descubre-la-increible-plusvalia-realizada\/#primaryimage"},"thumbnailUrl":"https:\/\/www.sebastien-auziere.fr\/blog\/wp-content\/uploads\/2026\/04\/Brigitte-Macron-vend-sa-villa-au-Touquet-decouvrez-lincroyable-plus-value-realisee.jpg","keywords":["brigitte macron","inmobiliaria de lujo","plusval\u00eda inmobiliaria","venta inmobiliaria","villa en touquet"],"articleSection":["Actualidades"],"inLanguage":"fr-FR","potentialAction":[{"@type":"CommentAction","name":"Comment","target":["https:\/\/www.sebastien-auziere.fr\/blog\/es\/brigitte-macron-vende-su-villa-en-touquet-descubre-la-increible-plusvalia-realizada\/#respond"]}]},{"@type":"WebPage","@id":"https:\/\/www.sebastien-auziere.fr\/blog\/es\/brigitte-macron-vende-su-villa-en-touquet-descubre-la-increible-plusvalia-realizada\/","url":"https:\/\/www.sebastien-auziere.fr\/blog\/es\/brigitte-macron-vende-su-villa-en-touquet-descubre-la-increible-plusvalia-realizada\/","name":"Brigitte Macron vende su villa en Touquet: descubre la incre\u00edble plusval\u00eda realizada - Fan site S\u00e9bastien Auzi\u00e8re","isPartOf":{"@id":"https:\/\/www.sebastien-auziere.fr\/blog\/#website"},"primaryImageOfPage":{"@id":"https:\/\/www.sebastien-auziere.fr\/blog\/es\/brigitte-macron-vende-su-villa-en-touquet-descubre-la-increible-plusvalia-realizada\/#primaryimage"},"image":{"@id":"https:\/\/www.sebastien-auziere.fr\/blog\/es\/brigitte-macron-vende-su-villa-en-touquet-descubre-la-increible-plusvalia-realizada\/#primaryimage"},"thumbnailUrl":"https:\/\/www.sebastien-auziere.fr\/blog\/wp-content\/uploads\/2026\/04\/Brigitte-Macron-vend-sa-villa-au-Touquet-decouvrez-lincroyable-plus-value-realisee.jpg","datePublished":"2026-04-14T07:07:37+00:00","dateModified":"2026-04-14T07:07:59+00:00","description":"Brigitte Macron vend sa villa au Touquet : d\u00e9couvrez l'incroyable plus-value r\u00e9alis\u00e9e et les d\u00e9tails exclusifs de cette vente immobili\u00e8re prestigieuse.","breadcrumb":{"@id":"https:\/\/www.sebastien-auziere.fr\/blog\/es\/brigitte-macron-vende-su-villa-en-touquet-descubre-la-increible-plusvalia-realizada\/#breadcrumb"},"inLanguage":"fr-FR","potentialAction":[{"@type":"ReadAction","target":["https:\/\/www.sebastien-auziere.fr\/blog\/es\/brigitte-macron-vende-su-villa-en-touquet-descubre-la-increible-plusvalia-realizada\/"]}]},{"@type":"ImageObject","inLanguage":"fr-FR","@id":"https:\/\/www.sebastien-auziere.fr\/blog\/es\/brigitte-macron-vende-su-villa-en-touquet-descubre-la-increible-plusvalia-realizada\/#primaryimage","url":"https:\/\/www.sebastien-auziere.fr\/blog\/wp-content\/uploads\/2026\/04\/Brigitte-Macron-vend-sa-villa-au-Touquet-decouvrez-lincroyable-plus-value-realisee.jpg","contentUrl":"https:\/\/www.sebastien-auziere.fr\/blog\/wp-content\/uploads\/2026\/04\/Brigitte-Macron-vend-sa-villa-au-Touquet-decouvrez-lincroyable-plus-value-realisee.jpg","width":2560,"height":1429,"caption":"brigitte macron met en vente sa villa au touquet et r\u00e9alise une plus-value exceptionnelle. d\u00e9couvrez les d\u00e9tails de cette transaction immobili\u00e8re \u00e9tonnante."},{"@type":"BreadcrumbList","@id":"https:\/\/www.sebastien-auziere.fr\/blog\/es\/brigitte-macron-vende-su-villa-en-touquet-descubre-la-increible-plusvalia-realizada\/#breadcrumb","itemListElement":[{"@type":"ListItem","position":1,"name":"Home","item":"https:\/\/www.sebastien-auziere.fr\/blog\/"},{"@type":"ListItem","position":2,"name":"Brigitte Macron vende su villa en Touquet: descubre la incre\u00edble plusval\u00eda realizada"}]},{"@type":"WebSite","@id":"https:\/\/www.sebastien-auziere.fr\/blog\/#website","url":"https:\/\/www.sebastien-auziere.fr\/blog\/","name":"Fan site S\u00e9bastien Auzi\u00e8re","description":"M\u00e9dia g\u00e9n\u00e9raliste","publisher":{"@id":"https:\/\/www.sebastien-auziere.fr\/blog\/#organization"},"potentialAction":[{"@type":"SearchAction","target":{"@type":"EntryPoint","urlTemplate":"https:\/\/www.sebastien-auziere.fr\/blog\/?s={search_term_string}"},"query-input":{"@type":"PropertyValueSpecification","valueRequired":true,"valueName":"search_term_string"}}],"inLanguage":"fr-FR"},{"@type":"Organization","@id":"https:\/\/www.sebastien-auziere.fr\/blog\/#organization","name":"Fan site S\u00e9bastien Auzi\u00e8re","url":"https:\/\/www.sebastien-auziere.fr\/blog\/","logo":{"@type":"ImageObject","inLanguage":"fr-FR","@id":"https:\/\/www.sebastien-auziere.fr\/blog\/#\/schema\/logo\/image\/","url":"https:\/\/www.sebastien-auziere.fr\/blog\/wp-content\/uploads\/2026\/03\/cropped-cropped-cropped-ChatGPT-Image-6-mars-2026-12_58_09-e1772798376794.jpg","contentUrl":"https:\/\/www.sebastien-auziere.fr\/blog\/wp-content\/uploads\/2026\/03\/cropped-cropped-cropped-ChatGPT-Image-6-mars-2026-12_58_09-e1772798376794.jpg","width":512,"height":360,"caption":"Fan site S\u00e9bastien Auzi\u00e8re"},"image":{"@id":"https:\/\/www.sebastien-auziere.fr\/blog\/#\/schema\/logo\/image\/"}},{"@type":"Person","@id":"https:\/\/www.sebastien-auziere.fr\/blog\/#\/schema\/person\/149f1acdbfd85149c6c3e59adeae2f4d","name":"Chloe Gauthier","image":{"@type":"ImageObject","inLanguage":"fr-FR","@id":"https:\/\/secure.gravatar.com\/avatar\/2c5722f58171cff738a8985ef0dd66b476e563753246a49019befc837ec4201a?s=96&d=mm&r=g","url":"https:\/\/secure.gravatar.com\/avatar\/2c5722f58171cff738a8985ef0dd66b476e563753246a49019befc837ec4201a?s=96&d=mm&r=g","contentUrl":"https:\/\/secure.gravatar.com\/avatar\/2c5722f58171cff738a8985ef0dd66b476e563753246a49019befc837ec4201a?s=96&d=mm&r=g","caption":"Chloe Gauthier"},"description":"Passionn\u00e9e par la politique et admiratrice engag\u00e9e de la famille Macron, je consacre mon \u00e9nergie \u00e0 suivre leurs initiatives et \u00e0 promouvoir leurs id\u00e9es. \u00c0 32 ans, je suis convaincue que leur vision est porteuse d'avenir.","url":"https:\/\/www.sebastien-auziere.fr\/blog\/author\/chloe-gauthier\/"}]}},"views":2,"_links":{"self":[{"href":"https:\/\/www.sebastien-auziere.fr\/blog\/wp-json\/wp\/v2\/posts\/3008","targetHints":{"allow":["GET"]}}],"collection":[{"href":"https:\/\/www.sebastien-auziere.fr\/blog\/wp-json\/wp\/v2\/posts"}],"about":[{"href":"https:\/\/www.sebastien-auziere.fr\/blog\/wp-json\/wp\/v2\/types\/post"}],"author":[{"embeddable":true,"href":"https:\/\/www.sebastien-auziere.fr\/blog\/wp-json\/wp\/v2\/users\/9"}],"replies":[{"embeddable":true,"href":"https:\/\/www.sebastien-auziere.fr\/blog\/wp-json\/wp\/v2\/comments?post=3008"}],"version-history":[{"count":1,"href":"https:\/\/www.sebastien-auziere.fr\/blog\/wp-json\/wp\/v2\/posts\/3008\/revisions"}],"predecessor-version":[{"id":3009,"href":"https:\/\/www.sebastien-auziere.fr\/blog\/wp-json\/wp\/v2\/posts\/3008\/revisions\/3009"}],"wp:featuredmedia":[{"embeddable":true,"href":"https:\/\/www.sebastien-auziere.fr\/blog\/wp-json\/wp\/v2\/media\/3004"}],"wp:attachment":[{"href":"https:\/\/www.sebastien-auziere.fr\/blog\/wp-json\/wp\/v2\/media?parent=3008"}],"wp:term":[{"taxonomy":"category","embeddable":true,"href":"https:\/\/www.sebastien-auziere.fr\/blog\/wp-json\/wp\/v2\/categories?post=3008"},{"taxonomy":"post_tag","embeddable":true,"href":"https:\/\/www.sebastien-auziere.fr\/blog\/wp-json\/wp\/v2\/tags?post=3008"}],"curies":[{"name":"wp","href":"https:\/\/api.w.org\/{rel}","templated":true}]}}