{"id":3005,"date":"2026-04-14T07:07:14","date_gmt":"2026-04-14T07:07:14","guid":{"rendered":"https:\/\/www.sebastien-auziere.fr\/blog\/brigitte-macron-villa-touquet\/"},"modified":"2026-04-14T07:07:14","modified_gmt":"2026-04-14T07:07:14","slug":"brigitte-macron-villa-touquet","status":"publish","type":"post","link":"https:\/\/www.sebastien-auziere.fr\/blog\/brigitte-macron-villa-touquet\/","title":{"rendered":"Brigitte Macron vend sa villa au Touquet : d\u00e9couvrez l&rsquo;incroyable plus-value r\u00e9alis\u00e9e"},"content":{"rendered":"<p>Le 13 avril 2026, Brigitte Macron a finalis\u00e9 la vente de sa <strong>villa<\/strong> du <strong>Touquet<\/strong> pour <strong>3,6 millions d&rsquo;euros<\/strong>, une op\u00e9ration qui r\u00e9v\u00e8le une <strong>plus-value immobili\u00e8re<\/strong> d\u00e9passant le million d&rsquo;euros. L&rsquo;information, largement relay\u00e9e par la presse, confirme la mont\u00e9e spectaculaire des prix dans ce segment de l&rsquo;<strong>immobilier de luxe<\/strong>.<\/p>\n\n<p>En bref : <strong>prix de vente<\/strong> 3,6 M\u20ac, bien transmis en <strong>2014<\/strong> et estim\u00e9 alors \u00e0 un peu plus de <strong>2 millions d&rsquo;euros<\/strong>, <strong>plus-value<\/strong> sup\u00e9rieure \u00e0 1 M\u20ac, acheteur identifi\u00e9 comme promoteur visant du <strong>haut de gamme<\/strong>, et les Macron r\u00e9investissent dans une nouvelle <strong>r\u00e9sidence secondaire<\/strong> au bord de la mer avec travaux ambitieux. Voir la r\u00e9v\u00e9lation du journal via <a href=\"https:\/\/www.bfmtv.com\/immobilier\/200-en-10-ans-le-canard-enchaine-revele-que-brigitte-macron-a-vendu-sa-maison-du-touquet-pour-3-6-millions-d-euros_AV-202509020760.html\" rel=\"nofollow\">BFMTV<\/a>.<\/p>\n\n<h2 class=\"wp-block-heading\">Vente immobili\u00e8re au Touquet : le prix de vente et la plus-value r\u00e9v\u00e9l\u00e9s<\/h2>\n\n<p>La <strong>transaction immobili\u00e8re<\/strong> porte bien la marque d&rsquo;une op\u00e9ration r\u00e9ussie : vendue pour <strong>3,6 M\u20ac<\/strong>, la villa Mon\u00e9jan \u2014 h\u00e9rit\u00e9e par Brigitte Macron en 2014 \u2014 affichait une valeur d&rsquo;environ <strong>2 M\u20ac<\/strong> \u00e0 l&rsquo;\u00e9poque. La diff\u00e9rence traduit une <strong>plus-value<\/strong> nette sup\u00e9rieure au million, m\u00eame en tenant compte des frais, estim\u00e9s autour de <strong>309 000 \u20ac<\/strong> selon certains m\u00e9dias. Ce niveau de valorisation illustre la pression sur le march\u00e9 touquettois pour les biens de prestige.<\/p>\n\n<h2 class=\"wp-block-heading\">Qui a achet\u00e9 la villa et quel projet pour l&rsquo;immobilier de luxe ?<\/h2>\n\n<p>Les informations disponibles indiquent qu&rsquo;un <strong>promoteur<\/strong> a acquis la propri\u00e9t\u00e9, s\u00e9duit par l&#8217;emplacement et le potentiel de valorisation. L&rsquo;ambition annonc\u00e9e consiste \u00e0 mener un projet haut de gamme, adapt\u00e9 \u00e0 une client\u00e8le internationale, confirmant l&rsquo;attractivit\u00e9 du Touquet pour l&rsquo;<strong>immobilier de luxe<\/strong>. Pour plus de d\u00e9tails sur l&rsquo;identit\u00e9 de l&rsquo;acheteur et les enjeux, plusieurs titres nationaux ont enqu\u00eat\u00e9, dont <a href=\"https:\/\/www.lepoint.fr\/people\/jackpot-pour-les-macron-brigitte-a-vendu-sa-villa-du-touquet-3-6-millions-d-euros-04-09-2025-2597778_2116.php\" rel=\"nofollow\">Le Point<\/a>, qui pr\u00e9cise les intentions de valorisation.<\/p>\n\n<h2 class=\"wp-block-heading\">Nouvelle r\u00e9sidence secondaire : agrandissement et travaux face \u00e0 la mer<\/h2>\n\n<p>Plut\u00f4t que de se d\u00e9sengager du Touquet, le couple pr\u00e9sidentiel a acquis une villa face \u00e0 la mer et lanc\u00e9 d&rsquo;importants travaux. La surface pr\u00e9vue passerait d&rsquo;environ <strong>366 m\u00b2<\/strong> \u00e0 plus de <strong>450 m\u00b2<\/strong>, avec modernisation de la fa\u00e7ade et r\u00e9am\u00e9nagement int\u00e9rieur. Ce choix combine recherche de tranquillit\u00e9 et maintien d&rsquo;un ancrage g\u00e9ographique ; une strat\u00e9gie patrimoniale assum\u00e9e qui traduit une volont\u00e9 de confort et de p\u00e9rennit\u00e9 pour la famille.<\/p>\n\n<p>Tu veux en savoir davantage sur S\u00e9bastien Auzi\u00e8re et les liens familiaux avec les Macron, ainsi que le r\u00f4le de leurs choix immobiliers ? Rendez-vous sur <a href=\"https:\/\/sebastien-auziere.fr\" rel=\"nofollow\">sebastien-auziere.fr<\/a> pour retrouver dossiers, dates cl\u00e9s et analyses compl\u00e8tes.<\/p>\n\n","protected":false},"excerpt":{"rendered":"<p>Le 13 avril 2026, Brigitte Macron a finalis\u00e9 la vente de sa villa du Touquet pour 3,6 millions d&rsquo;euros, une op\u00e9ration qui r\u00e9v\u00e8le une plus-value immobili\u00e8re d\u00e9passant le million d&rsquo;euros. L&rsquo;information, largement relay\u00e9e par la presse, confirme la mont\u00e9e spectaculaire des prix dans ce segment de l&rsquo;immobilier de luxe. En bref : prix de vente &#8230; <a title=\"Brigitte Macron vend sa villa au Touquet : d\u00e9couvrez l&rsquo;incroyable plus-value r\u00e9alis\u00e9e\" class=\"read-more\" href=\"https:\/\/www.sebastien-auziere.fr\/blog\/brigitte-macron-villa-touquet\/\" aria-label=\"En savoir plus sur Brigitte Macron vend sa villa au Touquet : d\u00e9couvrez l&rsquo;incroyable plus-value r\u00e9alis\u00e9e\">Lire plus<\/a><\/p>\n","protected":false},"author":9,"featured_media":3004,"comment_status":"open","ping_status":"open","sticky":false,"template":"","format":"standard","meta":{"footnotes":""},"categories":[597],"tags":[892,2785,2783,2781,2779],"class_list":["post-3005","post","type-post","status-publish","format-standard","has-post-thumbnail","hentry","category-actualites","tag-brigitte-macron","tag-immobilier-de-luxe","tag-plus-value-immobiliere","tag-vente-immobiliere","tag-villa-au-touquet"],"yoast_head":"<!-- This site is optimized with the Yoast SEO plugin v27.5 - https:\/\/yoast.com\/product\/yoast-seo-wordpress\/ -->\n<title>Brigitte Macron vend sa villa au Touquet : d\u00e9couvrez l&#039;incroyable plus-value r\u00e9alis\u00e9e - Fan site S\u00e9bastien Auzi\u00e8re<\/title>\n<meta name=\"description\" content=\"Brigitte Macron vend sa villa au Touquet : d\u00e9couvrez l&#039;incroyable plus-value r\u00e9alis\u00e9e et les d\u00e9tails exclusifs de cette vente immobili\u00e8re prestigieuse.\" \/>\n<meta name=\"robots\" content=\"index, follow, max-snippet:-1, max-image-preview:large, max-video-preview:-1\" \/>\n<link rel=\"canonical\" href=\"https:\/\/www.sebastien-auziere.fr\/blog\/brigitte-macron-villa-touquet\/\" \/>\n<meta property=\"og:locale\" content=\"fr_FR\" \/>\n<meta property=\"og:type\" content=\"article\" \/>\n<meta property=\"og:title\" content=\"Brigitte Macron vend sa villa au Touquet : d\u00e9couvrez l&#039;incroyable plus-value r\u00e9alis\u00e9e - Fan site S\u00e9bastien Auzi\u00e8re\" \/>\n<meta property=\"og:description\" content=\"Brigitte Macron vend sa villa au Touquet : d\u00e9couvrez l&#039;incroyable plus-value r\u00e9alis\u00e9e et les d\u00e9tails exclusifs de cette vente immobili\u00e8re prestigieuse.\" \/>\n<meta property=\"og:url\" content=\"https:\/\/www.sebastien-auziere.fr\/blog\/brigitte-macron-villa-touquet\/\" \/>\n<meta property=\"og:site_name\" content=\"Fan site S\u00e9bastien Auzi\u00e8re\" \/>\n<meta property=\"article:published_time\" content=\"2026-04-14T07:07:14+00:00\" \/>\n<meta property=\"og:image\" content=\"https:\/\/www.sebastien-auziere.fr\/blog\/wp-content\/uploads\/2026\/04\/Brigitte-Macron-vend-sa-villa-au-Touquet-decouvrez-lincroyable-plus-value-realisee.jpg\" \/>\n\t<meta property=\"og:image:width\" content=\"2560\" \/>\n\t<meta property=\"og:image:height\" content=\"1429\" \/>\n\t<meta property=\"og:image:type\" content=\"image\/jpeg\" \/>\n<meta name=\"author\" content=\"Chloe Gauthier\" \/>\n<meta name=\"twitter:card\" content=\"summary_large_image\" \/>\n<meta name=\"twitter:label1\" content=\"\u00c9crit par\" \/>\n\t<meta name=\"twitter:data1\" content=\"Chloe Gauthier\" \/>\n\t<meta name=\"twitter:label2\" content=\"Dur\u00e9e de lecture estim\u00e9e\" \/>\n\t<meta name=\"twitter:data2\" content=\"2 minutes\" \/>\n<script type=\"application\/ld+json\" class=\"yoast-schema-graph\">{\"@context\":\"https:\\\/\\\/schema.org\",\"@graph\":[{\"@type\":\"Article\",\"@id\":\"https:\\\/\\\/www.sebastien-auziere.fr\\\/blog\\\/brigitte-macron-villa-touquet\\\/#article\",\"isPartOf\":{\"@id\":\"https:\\\/\\\/www.sebastien-auziere.fr\\\/blog\\\/brigitte-macron-villa-touquet\\\/\"},\"author\":{\"name\":\"Chloe Gauthier\",\"@id\":\"https:\\\/\\\/www.sebastien-auziere.fr\\\/blog\\\/#\\\/schema\\\/person\\\/149f1acdbfd85149c6c3e59adeae2f4d\"},\"headline\":\"Brigitte Macron vend sa villa au Touquet : d\u00e9couvrez l&rsquo;incroyable plus-value r\u00e9alis\u00e9e\",\"datePublished\":\"2026-04-14T07:07:14+00:00\",\"mainEntityOfPage\":{\"@id\":\"https:\\\/\\\/www.sebastien-auziere.fr\\\/blog\\\/brigitte-macron-villa-touquet\\\/\"},\"wordCount\":428,\"commentCount\":0,\"publisher\":{\"@id\":\"https:\\\/\\\/www.sebastien-auziere.fr\\\/blog\\\/#organization\"},\"image\":{\"@id\":\"https:\\\/\\\/www.sebastien-auziere.fr\\\/blog\\\/brigitte-macron-villa-touquet\\\/#primaryimage\"},\"thumbnailUrl\":\"https:\\\/\\\/www.sebastien-auziere.fr\\\/blog\\\/wp-content\\\/uploads\\\/2026\\\/04\\\/Brigitte-Macron-vend-sa-villa-au-Touquet-decouvrez-lincroyable-plus-value-realisee.jpg\",\"keywords\":[\"brigitte macron\",\"immobilier de luxe\",\"plus-value immobili\u00e8re\",\"vente immobili\u00e8re\",\"villa au touquet\"],\"articleSection\":[\"Actualit\u00e9s\"],\"inLanguage\":\"fr-FR\",\"potentialAction\":[{\"@type\":\"CommentAction\",\"name\":\"Comment\",\"target\":[\"https:\\\/\\\/www.sebastien-auziere.fr\\\/blog\\\/brigitte-macron-villa-touquet\\\/#respond\"]}]},{\"@type\":\"WebPage\",\"@id\":\"https:\\\/\\\/www.sebastien-auziere.fr\\\/blog\\\/brigitte-macron-villa-touquet\\\/\",\"url\":\"https:\\\/\\\/www.sebastien-auziere.fr\\\/blog\\\/brigitte-macron-villa-touquet\\\/\",\"name\":\"Brigitte Macron vend sa villa au Touquet : d\u00e9couvrez l'incroyable plus-value r\u00e9alis\u00e9e - Fan site S\u00e9bastien Auzi\u00e8re\",\"isPartOf\":{\"@id\":\"https:\\\/\\\/www.sebastien-auziere.fr\\\/blog\\\/#website\"},\"primaryImageOfPage\":{\"@id\":\"https:\\\/\\\/www.sebastien-auziere.fr\\\/blog\\\/brigitte-macron-villa-touquet\\\/#primaryimage\"},\"image\":{\"@id\":\"https:\\\/\\\/www.sebastien-auziere.fr\\\/blog\\\/brigitte-macron-villa-touquet\\\/#primaryimage\"},\"thumbnailUrl\":\"https:\\\/\\\/www.sebastien-auziere.fr\\\/blog\\\/wp-content\\\/uploads\\\/2026\\\/04\\\/Brigitte-Macron-vend-sa-villa-au-Touquet-decouvrez-lincroyable-plus-value-realisee.jpg\",\"datePublished\":\"2026-04-14T07:07:14+00:00\",\"description\":\"Brigitte Macron vend sa villa au Touquet : d\u00e9couvrez l'incroyable plus-value r\u00e9alis\u00e9e et les d\u00e9tails exclusifs de cette vente immobili\u00e8re prestigieuse.\",\"breadcrumb\":{\"@id\":\"https:\\\/\\\/www.sebastien-auziere.fr\\\/blog\\\/brigitte-macron-villa-touquet\\\/#breadcrumb\"},\"inLanguage\":\"fr-FR\",\"potentialAction\":[{\"@type\":\"ReadAction\",\"target\":[\"https:\\\/\\\/www.sebastien-auziere.fr\\\/blog\\\/brigitte-macron-villa-touquet\\\/\"]}]},{\"@type\":\"ImageObject\",\"inLanguage\":\"fr-FR\",\"@id\":\"https:\\\/\\\/www.sebastien-auziere.fr\\\/blog\\\/brigitte-macron-villa-touquet\\\/#primaryimage\",\"url\":\"https:\\\/\\\/www.sebastien-auziere.fr\\\/blog\\\/wp-content\\\/uploads\\\/2026\\\/04\\\/Brigitte-Macron-vend-sa-villa-au-Touquet-decouvrez-lincroyable-plus-value-realisee.jpg\",\"contentUrl\":\"https:\\\/\\\/www.sebastien-auziere.fr\\\/blog\\\/wp-content\\\/uploads\\\/2026\\\/04\\\/Brigitte-Macron-vend-sa-villa-au-Touquet-decouvrez-lincroyable-plus-value-realisee.jpg\",\"width\":2560,\"height\":1429,\"caption\":\"brigitte macron met en vente sa villa au touquet et r\u00e9alise une plus-value exceptionnelle. d\u00e9couvrez les d\u00e9tails de cette transaction immobili\u00e8re \u00e9tonnante.\"},{\"@type\":\"BreadcrumbList\",\"@id\":\"https:\\\/\\\/www.sebastien-auziere.fr\\\/blog\\\/brigitte-macron-villa-touquet\\\/#breadcrumb\",\"itemListElement\":[{\"@type\":\"ListItem\",\"position\":1,\"name\":\"Home\",\"item\":\"https:\\\/\\\/www.sebastien-auziere.fr\\\/blog\\\/\"},{\"@type\":\"ListItem\",\"position\":2,\"name\":\"Brigitte Macron vend sa villa au Touquet : d\u00e9couvrez l&rsquo;incroyable plus-value r\u00e9alis\u00e9e\"}]},{\"@type\":\"WebSite\",\"@id\":\"https:\\\/\\\/www.sebastien-auziere.fr\\\/blog\\\/#website\",\"url\":\"https:\\\/\\\/www.sebastien-auziere.fr\\\/blog\\\/\",\"name\":\"Fan site S\u00e9bastien Auzi\u00e8re\",\"description\":\"M\u00e9dia g\u00e9n\u00e9raliste\",\"publisher\":{\"@id\":\"https:\\\/\\\/www.sebastien-auziere.fr\\\/blog\\\/#organization\"},\"potentialAction\":[{\"@type\":\"SearchAction\",\"target\":{\"@type\":\"EntryPoint\",\"urlTemplate\":\"https:\\\/\\\/www.sebastien-auziere.fr\\\/blog\\\/?s={search_term_string}\"},\"query-input\":{\"@type\":\"PropertyValueSpecification\",\"valueRequired\":true,\"valueName\":\"search_term_string\"}}],\"inLanguage\":\"fr-FR\"},{\"@type\":\"Organization\",\"@id\":\"https:\\\/\\\/www.sebastien-auziere.fr\\\/blog\\\/#organization\",\"name\":\"Fan site S\u00e9bastien Auzi\u00e8re\",\"url\":\"https:\\\/\\\/www.sebastien-auziere.fr\\\/blog\\\/\",\"logo\":{\"@type\":\"ImageObject\",\"inLanguage\":\"fr-FR\",\"@id\":\"https:\\\/\\\/www.sebastien-auziere.fr\\\/blog\\\/#\\\/schema\\\/logo\\\/image\\\/\",\"url\":\"https:\\\/\\\/www.sebastien-auziere.fr\\\/blog\\\/wp-content\\\/uploads\\\/2026\\\/03\\\/cropped-cropped-cropped-ChatGPT-Image-6-mars-2026-12_58_09-e1772798376794.jpg\",\"contentUrl\":\"https:\\\/\\\/www.sebastien-auziere.fr\\\/blog\\\/wp-content\\\/uploads\\\/2026\\\/03\\\/cropped-cropped-cropped-ChatGPT-Image-6-mars-2026-12_58_09-e1772798376794.jpg\",\"width\":512,\"height\":360,\"caption\":\"Fan site S\u00e9bastien Auzi\u00e8re\"},\"image\":{\"@id\":\"https:\\\/\\\/www.sebastien-auziere.fr\\\/blog\\\/#\\\/schema\\\/logo\\\/image\\\/\"}},{\"@type\":\"Person\",\"@id\":\"https:\\\/\\\/www.sebastien-auziere.fr\\\/blog\\\/#\\\/schema\\\/person\\\/149f1acdbfd85149c6c3e59adeae2f4d\",\"name\":\"Chloe Gauthier\",\"image\":{\"@type\":\"ImageObject\",\"inLanguage\":\"fr-FR\",\"@id\":\"https:\\\/\\\/secure.gravatar.com\\\/avatar\\\/2c5722f58171cff738a8985ef0dd66b476e563753246a49019befc837ec4201a?s=96&d=mm&r=g\",\"url\":\"https:\\\/\\\/secure.gravatar.com\\\/avatar\\\/2c5722f58171cff738a8985ef0dd66b476e563753246a49019befc837ec4201a?s=96&d=mm&r=g\",\"contentUrl\":\"https:\\\/\\\/secure.gravatar.com\\\/avatar\\\/2c5722f58171cff738a8985ef0dd66b476e563753246a49019befc837ec4201a?s=96&d=mm&r=g\",\"caption\":\"Chloe Gauthier\"},\"description\":\"Passionn\u00e9e par la politique et admiratrice engag\u00e9e de la famille Macron, je consacre mon \u00e9nergie \u00e0 suivre leurs initiatives et \u00e0 promouvoir leurs id\u00e9es. \u00c0 32 ans, je suis convaincue que leur vision est porteuse d'avenir.\",\"url\":\"https:\\\/\\\/www.sebastien-auziere.fr\\\/blog\\\/author\\\/chloe-gauthier\\\/\"}]}<\/script>\n<!-- \/ Yoast SEO plugin. -->","yoast_head_json":{"title":"Brigitte Macron vend sa villa au Touquet : d\u00e9couvrez l'incroyable plus-value r\u00e9alis\u00e9e - Fan site S\u00e9bastien Auzi\u00e8re","description":"Brigitte Macron vend sa villa au Touquet : d\u00e9couvrez l'incroyable plus-value r\u00e9alis\u00e9e et les d\u00e9tails exclusifs de cette vente immobili\u00e8re prestigieuse.","robots":{"index":"index","follow":"follow","max-snippet":"max-snippet:-1","max-image-preview":"max-image-preview:large","max-video-preview":"max-video-preview:-1"},"canonical":"https:\/\/www.sebastien-auziere.fr\/blog\/brigitte-macron-villa-touquet\/","og_locale":"fr_FR","og_type":"article","og_title":"Brigitte Macron vend sa villa au Touquet : d\u00e9couvrez l'incroyable plus-value r\u00e9alis\u00e9e - Fan site S\u00e9bastien Auzi\u00e8re","og_description":"Brigitte Macron vend sa villa au Touquet : d\u00e9couvrez l'incroyable plus-value r\u00e9alis\u00e9e et les d\u00e9tails exclusifs de cette vente immobili\u00e8re prestigieuse.","og_url":"https:\/\/www.sebastien-auziere.fr\/blog\/brigitte-macron-villa-touquet\/","og_site_name":"Fan site S\u00e9bastien Auzi\u00e8re","article_published_time":"2026-04-14T07:07:14+00:00","og_image":[{"width":2560,"height":1429,"url":"https:\/\/www.sebastien-auziere.fr\/blog\/wp-content\/uploads\/2026\/04\/Brigitte-Macron-vend-sa-villa-au-Touquet-decouvrez-lincroyable-plus-value-realisee.jpg","type":"image\/jpeg"}],"author":"Chloe Gauthier","twitter_card":"summary_large_image","twitter_misc":{"\u00c9crit par":"Chloe Gauthier","Dur\u00e9e de lecture estim\u00e9e":"2 minutes"},"schema":{"@context":"https:\/\/schema.org","@graph":[{"@type":"Article","@id":"https:\/\/www.sebastien-auziere.fr\/blog\/brigitte-macron-villa-touquet\/#article","isPartOf":{"@id":"https:\/\/www.sebastien-auziere.fr\/blog\/brigitte-macron-villa-touquet\/"},"author":{"name":"Chloe Gauthier","@id":"https:\/\/www.sebastien-auziere.fr\/blog\/#\/schema\/person\/149f1acdbfd85149c6c3e59adeae2f4d"},"headline":"Brigitte Macron vend sa villa au Touquet : d\u00e9couvrez l&rsquo;incroyable plus-value r\u00e9alis\u00e9e","datePublished":"2026-04-14T07:07:14+00:00","mainEntityOfPage":{"@id":"https:\/\/www.sebastien-auziere.fr\/blog\/brigitte-macron-villa-touquet\/"},"wordCount":428,"commentCount":0,"publisher":{"@id":"https:\/\/www.sebastien-auziere.fr\/blog\/#organization"},"image":{"@id":"https:\/\/www.sebastien-auziere.fr\/blog\/brigitte-macron-villa-touquet\/#primaryimage"},"thumbnailUrl":"https:\/\/www.sebastien-auziere.fr\/blog\/wp-content\/uploads\/2026\/04\/Brigitte-Macron-vend-sa-villa-au-Touquet-decouvrez-lincroyable-plus-value-realisee.jpg","keywords":["brigitte macron","immobilier de luxe","plus-value immobili\u00e8re","vente immobili\u00e8re","villa au touquet"],"articleSection":["Actualit\u00e9s"],"inLanguage":"fr-FR","potentialAction":[{"@type":"CommentAction","name":"Comment","target":["https:\/\/www.sebastien-auziere.fr\/blog\/brigitte-macron-villa-touquet\/#respond"]}]},{"@type":"WebPage","@id":"https:\/\/www.sebastien-auziere.fr\/blog\/brigitte-macron-villa-touquet\/","url":"https:\/\/www.sebastien-auziere.fr\/blog\/brigitte-macron-villa-touquet\/","name":"Brigitte Macron vend sa villa au Touquet : d\u00e9couvrez l'incroyable plus-value r\u00e9alis\u00e9e - Fan site S\u00e9bastien Auzi\u00e8re","isPartOf":{"@id":"https:\/\/www.sebastien-auziere.fr\/blog\/#website"},"primaryImageOfPage":{"@id":"https:\/\/www.sebastien-auziere.fr\/blog\/brigitte-macron-villa-touquet\/#primaryimage"},"image":{"@id":"https:\/\/www.sebastien-auziere.fr\/blog\/brigitte-macron-villa-touquet\/#primaryimage"},"thumbnailUrl":"https:\/\/www.sebastien-auziere.fr\/blog\/wp-content\/uploads\/2026\/04\/Brigitte-Macron-vend-sa-villa-au-Touquet-decouvrez-lincroyable-plus-value-realisee.jpg","datePublished":"2026-04-14T07:07:14+00:00","description":"Brigitte Macron vend sa villa au Touquet : d\u00e9couvrez l'incroyable plus-value r\u00e9alis\u00e9e et les d\u00e9tails exclusifs de cette vente immobili\u00e8re prestigieuse.","breadcrumb":{"@id":"https:\/\/www.sebastien-auziere.fr\/blog\/brigitte-macron-villa-touquet\/#breadcrumb"},"inLanguage":"fr-FR","potentialAction":[{"@type":"ReadAction","target":["https:\/\/www.sebastien-auziere.fr\/blog\/brigitte-macron-villa-touquet\/"]}]},{"@type":"ImageObject","inLanguage":"fr-FR","@id":"https:\/\/www.sebastien-auziere.fr\/blog\/brigitte-macron-villa-touquet\/#primaryimage","url":"https:\/\/www.sebastien-auziere.fr\/blog\/wp-content\/uploads\/2026\/04\/Brigitte-Macron-vend-sa-villa-au-Touquet-decouvrez-lincroyable-plus-value-realisee.jpg","contentUrl":"https:\/\/www.sebastien-auziere.fr\/blog\/wp-content\/uploads\/2026\/04\/Brigitte-Macron-vend-sa-villa-au-Touquet-decouvrez-lincroyable-plus-value-realisee.jpg","width":2560,"height":1429,"caption":"brigitte macron met en vente sa villa au touquet et r\u00e9alise une plus-value exceptionnelle. d\u00e9couvrez les d\u00e9tails de cette transaction immobili\u00e8re \u00e9tonnante."},{"@type":"BreadcrumbList","@id":"https:\/\/www.sebastien-auziere.fr\/blog\/brigitte-macron-villa-touquet\/#breadcrumb","itemListElement":[{"@type":"ListItem","position":1,"name":"Home","item":"https:\/\/www.sebastien-auziere.fr\/blog\/"},{"@type":"ListItem","position":2,"name":"Brigitte Macron vend sa villa au Touquet : d\u00e9couvrez l&rsquo;incroyable plus-value r\u00e9alis\u00e9e"}]},{"@type":"WebSite","@id":"https:\/\/www.sebastien-auziere.fr\/blog\/#website","url":"https:\/\/www.sebastien-auziere.fr\/blog\/","name":"Fan site S\u00e9bastien Auzi\u00e8re","description":"M\u00e9dia g\u00e9n\u00e9raliste","publisher":{"@id":"https:\/\/www.sebastien-auziere.fr\/blog\/#organization"},"potentialAction":[{"@type":"SearchAction","target":{"@type":"EntryPoint","urlTemplate":"https:\/\/www.sebastien-auziere.fr\/blog\/?s={search_term_string}"},"query-input":{"@type":"PropertyValueSpecification","valueRequired":true,"valueName":"search_term_string"}}],"inLanguage":"fr-FR"},{"@type":"Organization","@id":"https:\/\/www.sebastien-auziere.fr\/blog\/#organization","name":"Fan site S\u00e9bastien Auzi\u00e8re","url":"https:\/\/www.sebastien-auziere.fr\/blog\/","logo":{"@type":"ImageObject","inLanguage":"fr-FR","@id":"https:\/\/www.sebastien-auziere.fr\/blog\/#\/schema\/logo\/image\/","url":"https:\/\/www.sebastien-auziere.fr\/blog\/wp-content\/uploads\/2026\/03\/cropped-cropped-cropped-ChatGPT-Image-6-mars-2026-12_58_09-e1772798376794.jpg","contentUrl":"https:\/\/www.sebastien-auziere.fr\/blog\/wp-content\/uploads\/2026\/03\/cropped-cropped-cropped-ChatGPT-Image-6-mars-2026-12_58_09-e1772798376794.jpg","width":512,"height":360,"caption":"Fan site S\u00e9bastien Auzi\u00e8re"},"image":{"@id":"https:\/\/www.sebastien-auziere.fr\/blog\/#\/schema\/logo\/image\/"}},{"@type":"Person","@id":"https:\/\/www.sebastien-auziere.fr\/blog\/#\/schema\/person\/149f1acdbfd85149c6c3e59adeae2f4d","name":"Chloe Gauthier","image":{"@type":"ImageObject","inLanguage":"fr-FR","@id":"https:\/\/secure.gravatar.com\/avatar\/2c5722f58171cff738a8985ef0dd66b476e563753246a49019befc837ec4201a?s=96&d=mm&r=g","url":"https:\/\/secure.gravatar.com\/avatar\/2c5722f58171cff738a8985ef0dd66b476e563753246a49019befc837ec4201a?s=96&d=mm&r=g","contentUrl":"https:\/\/secure.gravatar.com\/avatar\/2c5722f58171cff738a8985ef0dd66b476e563753246a49019befc837ec4201a?s=96&d=mm&r=g","caption":"Chloe Gauthier"},"description":"Passionn\u00e9e par la politique et admiratrice engag\u00e9e de la famille Macron, je consacre mon \u00e9nergie \u00e0 suivre leurs initiatives et \u00e0 promouvoir leurs id\u00e9es. \u00c0 32 ans, je suis convaincue que leur vision est porteuse d'avenir.","url":"https:\/\/www.sebastien-auziere.fr\/blog\/author\/chloe-gauthier\/"}]}},"views":868,"_links":{"self":[{"href":"https:\/\/www.sebastien-auziere.fr\/blog\/wp-json\/wp\/v2\/posts\/3005","targetHints":{"allow":["GET"]}}],"collection":[{"href":"https:\/\/www.sebastien-auziere.fr\/blog\/wp-json\/wp\/v2\/posts"}],"about":[{"href":"https:\/\/www.sebastien-auziere.fr\/blog\/wp-json\/wp\/v2\/types\/post"}],"author":[{"embeddable":true,"href":"https:\/\/www.sebastien-auziere.fr\/blog\/wp-json\/wp\/v2\/users\/9"}],"replies":[{"embeddable":true,"href":"https:\/\/www.sebastien-auziere.fr\/blog\/wp-json\/wp\/v2\/comments?post=3005"}],"version-history":[{"count":0,"href":"https:\/\/www.sebastien-auziere.fr\/blog\/wp-json\/wp\/v2\/posts\/3005\/revisions"}],"wp:featuredmedia":[{"embeddable":true,"href":"https:\/\/www.sebastien-auziere.fr\/blog\/wp-json\/wp\/v2\/media\/3004"}],"wp:attachment":[{"href":"https:\/\/www.sebastien-auziere.fr\/blog\/wp-json\/wp\/v2\/media?parent=3005"}],"wp:term":[{"taxonomy":"category","embeddable":true,"href":"https:\/\/www.sebastien-auziere.fr\/blog\/wp-json\/wp\/v2\/categories?post=3005"},{"taxonomy":"post_tag","embeddable":true,"href":"https:\/\/www.sebastien-auziere.fr\/blog\/wp-json\/wp\/v2\/tags?post=3005"}],"curies":[{"name":"wp","href":"https:\/\/api.w.org\/{rel}","templated":true}]}}