{"id":3002,"date":"2026-04-13T19:10:22","date_gmt":"2026-04-13T19:10:22","guid":{"rendered":"https:\/\/www.sebastien-auziere.fr\/blog\/?p=3002"},"modified":"2026-04-13T19:10:47","modified_gmt":"2026-04-13T19:10:47","slug":"%d0%b1%d1%80%d0%b8%d0%b6%d0%b8%d1%82-%d0%bc%d0%b0%d0%ba%d1%80%d0%be%d0%bd-%d0%be%d1%87%d0%b0%d1%80%d0%be%d0%b2%d1%8b%d0%b2%d0%b0%d0%b5%d1%82-%d0%b2%d0%b0%d1%82%d0%b8%d0%ba%d0%b0%d0%bd-%d1%81%d0%b2","status":"publish","type":"post","link":"https:\/\/www.sebastien-auziere.fr\/blog\/ru\/%d0%b1%d1%80%d0%b8%d0%b6%d0%b8%d1%82-%d0%bc%d0%b0%d0%ba%d1%80%d0%be%d0%bd-%d0%be%d1%87%d0%b0%d1%80%d0%be%d0%b2%d1%8b%d0%b2%d0%b0%d0%b5%d1%82-%d0%b2%d0%b0%d1%82%d0%b8%d0%ba%d0%b0%d0%bd-%d1%81%d0%b2\/","title":{"rendered":"\u0411\u0440\u0438\u0436\u0438\u0442 \u041c\u0430\u043a\u0440\u043e\u043d \u043e\u0447\u0430\u0440\u043e\u0432\u044b\u0432\u0430\u0435\u0442 \u0412\u0430\u0442\u0438\u043a\u0430\u043d \u0441\u0432\u043e\u0435\u0439 \u0441\u0434\u0435\u0440\u0436\u0430\u043d\u043d\u043e\u0439 \u044d\u043b\u0435\u0433\u0430\u043d\u0442\u043d\u043e\u0441\u0442\u044c\u044e, \u043e\u0434\u0435\u0442\u0430\u044f \u0432 \u0447\u0435\u0440\u043d\u043e\u0435 \u0434\u043b\u044f \u043d\u0435\u0437\u0430\u0431\u044b\u0432\u0430\u0435\u043c\u043e\u0433\u043e \u0433\u043e\u0441\u0443\u0434\u0430\u0440\u0441\u0442\u0432\u0435\u043d\u043d\u043e\u0433\u043e \u0432\u0438\u0437\u0438\u0442\u0430"},"content":{"rendered":"<p><strong>\u0411\u0440\u0438\u0434\u0436\u0438\u0442 \u041c\u0430\u043a\u0440\u043e\u043d<\/strong> \u0434\u0435\u0439\u0441\u0442\u0432\u0438\u0442\u0435\u043b\u044c\u043d\u043e <strong>\u043e\u0447\u0430\u0440\u043e\u0432\u0430\u043b\u0430<\/strong> <strong>\u0412\u0430\u0442\u0438\u043a\u0430\u043d<\/strong>, \u0432\u044b\u0431\u0440\u0430\u0432 <strong>\u0441\u043a\u0440\u043e\u043c\u043d\u0443\u044e \u044d\u043b\u0435\u0433\u0430\u043d\u0442\u043d\u043e\u0441\u0442\u044c<\/strong>: \u0447\u0435\u0440\u043d\u043e\u0435 \u043f\u043b\u0430\u0442\u044c\u0435 \u043c\u0438\u0434\u0438, <strong>\u0431\u0435\u0437\u0443\u043f\u0440\u0435\u0447\u043d\u044b\u0439<\/strong> <strong>\u043f\u0443\u0447\u043e\u043a<\/strong> \u0438 \u0441\u0443\u043c\u043e\u0447\u043a\u0430 My Dior, \u043a\u043e\u0442\u043e\u0440\u0430\u044f \u043f\u0440\u043e\u0438\u0437\u0432\u0435\u043b\u0430 \u0444\u0443\u0440\u043e\u0440 \u0432\u043e \u0432\u0440\u0435\u043c\u044f <strong>\u0433\u043e\u0441\u0443\u0434\u0430\u0440\u0441\u0442\u0432\u0435\u043d\u043d\u043e\u0433\u043e \u0432\u0438\u0437\u0438\u0442\u0430<\/strong> 10 \u0430\u043f\u0440\u0435\u043b\u044f 2026 \u0433\u043e\u0434\u0430. \u0421 \u043c\u043e\u043c\u0435\u043d\u0442\u0430 \u043f\u0440\u0438\u0431\u044b\u0442\u0438\u044f \u0432 \u0430\u043f\u043e\u0441\u0442\u043e\u043b\u044c\u0441\u043a\u0438\u0439 \u0434\u0432\u043e\u0440\u0435\u0446 \u0435\u0435 <strong>\u0447\u0435\u0440\u043d\u044b\u0439 \u043d\u0430\u0440\u044f\u0434<\/strong> \u043e\u043b\u0438\u0446\u0435\u0442\u0432\u043e\u0440\u044f\u043b \u0443\u0432\u0430\u0436\u0435\u043d\u0438\u0435 \u043a \u043f\u0440\u043e\u0442\u043e\u043a\u043e\u043b\u0443 \u0438 \u0444\u0440\u0430\u043d\u0446\u0443\u0437\u0441\u043a\u0438\u0439 \u0448\u0438\u043a.<\/p>\n\n<p><strong>\u041a\u0440\u0430\u0442\u043a\u043e<\/strong>: \u043f\u0440\u0435\u0437\u0438\u0434\u0435\u043d\u0442\u0441\u043a\u0430\u044f \u043f\u0430\u0440\u0430 \u0431\u044b\u043b\u0430 \u043f\u0440\u0438\u043d\u044f\u0442\u0430 \u043f\u0430\u043f\u043e\u0439 \u041b\u044c\u0432\u043e\u043c XIV \u043f\u043e\u0447\u0442\u0438 \u0433\u043e\u0434 \u0441\u043f\u0443\u0441\u0442\u044f \u043f\u043e\u0441\u043b\u0435 \u0435\u0433\u043e \u0438\u0437\u0431\u0440\u0430\u043d\u0438\u044f; \u044d\u0442\u043e \u0431\u044b\u043b\u0430 \u0447\u0435\u0442\u0432\u0435\u0440\u0442\u0430\u044f \u043f\u0430\u043f\u0441\u043a\u0430\u044f \u0430\u0443\u0434\u0438\u0435\u043d\u0446\u0438\u044f \u0434\u043b\u044f \u042d\u043c\u043c\u0430\u043d\u0443\u044d\u043b\u044f \u041c\u0430\u043a\u0440\u043e\u043d\u0430 \u0441 2018 \u0433\u043e\u0434\u0430. \u0421\u043a\u0440\u043e\u043c\u043d\u044b\u0439 \u043d\u0430\u0440\u044f\u0434 \u043f\u0435\u0440\u0432\u043e\u0439 \u043b\u0435\u0434\u0438, \u0441\u043e\u0447\u0435\u0442\u0430\u044e\u0449\u0438\u0439 \u0441\u0434\u0435\u0440\u0436\u0430\u043d\u043d\u043e\u0441\u0442\u044c \u0438 \u0430\u043a\u0441\u0435\u0441\u0441\u0443\u0430\u0440\u044b \u043e\u0442 \u043b\u044e\u043a\u0441\u043e\u0432\u044b\u0445 \u0431\u0440\u0435\u043d\u0434\u043e\u0432, \u043f\u0440\u0435\u0432\u0440\u0430\u0442\u0438\u043b \u044d\u0442\u0443 \u043e\u0444\u0438\u0446\u0438\u0430\u043b\u044c\u043d\u0443\u044e \u0432\u0441\u0442\u0440\u0435\u0447\u0443 \u0432 <strong>\u043d\u0435\u0437\u0430\u0431\u044b\u0432\u0430\u0435\u043c\u044b\u0439<\/strong> \u043c\u043e\u043c\u0435\u043d\u0442.<\/p>\n\n<h2 class=\"wp-block-heading\">\u041f\u0440\u043e\u0442\u043e\u043a\u043e\u043b \u0438 \u0441\u0434\u0435\u0440\u0436\u0430\u043d\u043d\u043e\u0441\u0442\u044c: \u0447\u0435\u0440\u043d\u044b\u0439 \u043d\u0430\u0440\u044f\u0434 \u043a\u0430\u043a \u0437\u043d\u0430\u043a \u0443\u0432\u0430\u0436\u0435\u043d\u0438\u044f<\/h2>\n\n<p>\u041f\u0440\u0438\u0431\u044b\u0442\u0438\u0435 \u0432 \u0412\u0430\u0442\u0438\u043a\u0430\u043d 10 \u0430\u043f\u0440\u0435\u043b\u044f 2026 \u0433\u043e\u0434\u0430 \u043f\u0435\u0440\u0432\u043e\u0439 \u043b\u0435\u0434\u0438 \u0441\u043e\u043e\u0442\u0432\u0435\u0442\u0441\u0442\u0432\u043e\u0432\u0430\u043b\u043e \u043e\u0436\u0438\u0434\u0430\u0435\u043c\u043e\u043c\u0443 \u043f\u0440\u043e\u0442\u043e\u043a\u043e\u043b\u0443 \u0434\u043b\u044f \u043f\u0430\u043f\u0441\u043a\u043e\u0439 \u0430\u0443\u0434\u0438\u0435\u043d\u0446\u0438\u0438: \u043e\u043d\u0430 \u0432\u044b\u0431\u0440\u0430\u043b\u0430 \u043f\u043b\u0430\u0442\u044c\u0435 \u0441 \u0434\u043b\u0438\u043d\u043d\u044b\u043c\u0438 \u0440\u0443\u043a\u0430\u0432\u0430\u043c\u0438, \u0434\u043e\u0445\u043e\u0434\u044f\u0449\u0435\u0435 \u0434\u043e \u043a\u043e\u043b\u0435\u043d, \u0438 \u0434\u043b\u0438\u043d\u043d\u044b\u0439 \u043a\u0440\u0443\u0436\u0435\u0432\u043d\u043e\u0439 \u0448\u0430\u0440\u0444. \u042d\u0442\u043e\u0442 \u0432\u044b\u0431\u043e\u0440 \u0432\u043f\u0438\u0441\u044b\u0432\u0430\u0435\u0442\u0441\u044f \u0432 \u0442\u0440\u0430\u0434\u0438\u0446\u0438\u044e \u0433\u043e\u0441\u0443\u0434\u0430\u0440\u0441\u0442\u0432\u0435\u043d\u043d\u044b\u0445 \u0432\u0438\u0437\u0438\u0442\u043e\u0432 \u0438 \u043e\u0431\u044a\u044f\u0441\u043d\u044f\u0435\u0442, \u043f\u043e\u0447\u0435\u043c\u0443, \u0441\u043e\u0433\u043b\u0430\u0441\u043d\u043e \u043d\u0435\u0441\u043a\u043e\u043b\u044c\u043a\u0438\u043c \u043e\u0442\u0447\u0435\u0442\u0430\u043c, \u0447\u0435\u0440\u043d\u044b\u0439 \u0446\u0432\u0435\u0442 \u043e\u0441\u0442\u0430\u0435\u0442\u0441\u044f \u0430\u043a\u0442\u0443\u0430\u043b\u044c\u043d\u044b\u043c \u0434\u043b\u044f \u0442\u0430\u043a\u0438\u0445 \u0430\u0443\u0434\u0438\u0435\u043d\u0446\u0438\u0439 <a href=\"https:\/\/www.voici.fr\/celebrites\/emmanuel-et-brigitte-macron-rencontrent-le-pape-leon-xiv-pourquoi-la-premiere-dame-doit-obligatoirement-s-habiller-en-noir-822087\" rel=\"nofollow\">\u041f\u043e\u0447\u0435\u043c\u0443 \u043f\u0435\u0440\u0432\u043e\u0439 \u043b\u0435\u0434\u0438 \u043d\u0443\u0436\u043d\u043e \u043e\u0434\u0435\u0432\u0430\u0442\u044c\u0441\u044f \u0432 \u0447\u0435\u0440\u043d\u043e\u0435<\/a>. \u0421\u043a\u0440\u043e\u043c\u043d\u044b\u0439, \u043d\u043e \u0437\u043d\u0430\u0447\u0438\u043c\u044b\u0439 \u0436\u0435\u0441\u0442.<\/p>\n\n<h2 class=\"wp-block-heading\">\u0411\u0440\u0435\u043d\u0434\u043e\u0432\u044b\u0435 \u0430\u043a\u0441\u0435\u0441\u0441\u0443\u0430\u0440\u044b \u0438 \u0434\u0435\u0442\u0430\u043b\u044c \u043a\u0443\u0442\u044e\u0440: \u0444\u0440\u0430\u043d\u0446\u0443\u0437\u0441\u043a\u0438\u0439 \u0448\u0442\u0440\u0438\u0445<\/h2>\n\n<p><strong>\u0421\u0443\u043c\u043e\u0447\u043a\u0430 My Dior<\/strong>, \u0432\u044b\u043f\u043e\u043b\u043d\u0435\u043d\u043d\u0430\u044f \u0438\u0437 \u0447\u0435\u0440\u043d\u043e\u0439 \u0442\u0435\u043b\u044f\u0447\u044c\u0435\u0439 \u043a\u043e\u0436\u0438 \u0441 \u0448\u0430\u0440\u043c\u0430\u043c\u0438, \u0441\u043e\u0437\u0434\u0430\u043d\u043d\u0430\u044f \u0414\u0436\u043e\u043d\u0430\u0442\u0430\u043d\u043e\u043c \u0410\u043d\u0434\u0435\u0440\u0441\u043e\u043d\u043e\u043c, \u0441\u043a\u0440\u043e\u043c\u043d\u043e \u043f\u043e\u0434\u0447\u0435\u0440\u043a\u043d\u0443\u043b\u0430 \u043d\u0430\u0440\u044f\u0434. \u041e\u0431\u0443\u0432\u044c \u043d\u0430 \u0432\u044b\u0441\u043e\u043a\u043e\u043c \u043a\u0430\u0431\u043b\u0443\u043a\u0435 \u0438 \u043a\u0440\u0443\u0436\u0435\u0432\u043d\u043e\u0439 \u0448\u0430\u0440\u0444 \u0437\u0430\u0432\u0435\u0440\u0448\u0438\u043b\u0438 \u043f\u0440\u043e\u0434\u0443\u043c\u0430\u043d\u043d\u044b\u0439 \u0441\u0438\u043b\u0443\u044d\u0442 \u0434\u043b\u044f <strong>\u0434\u0438\u043f\u043b\u043e\u043c\u0430\u0442\u0438\u0438<\/strong>. \u0427\u0442\u043e\u0431\u044b \u0441\u043d\u043e\u0432\u0430 \u043f\u0435\u0440\u0435\u0436\u0438\u0442\u044c \u0441\u0442\u0438\u043b\u0438\u0441\u0442\u0438\u0447\u0435\u0441\u043a\u0438\u0435 \u0432\u044b\u0431\u043e\u0440\u044b \u043f\u0435\u0440\u0432\u043e\u0439 \u043b\u0435\u0434\u0438 \u0432\u043e \u0432\u0440\u0435\u043c\u044f \u044d\u0442\u043e\u0433\u043e \u0432\u0438\u0437\u0438\u0442\u0430, \u043e\u0437\u043d\u0430\u043a\u043e\u043c\u044c\u0442\u0435\u0441\u044c \u0441 \u043f\u043e\u0434\u0440\u043e\u0431\u043d\u044b\u043c \u0430\u043d\u0430\u043b\u0438\u0437\u043e\u043c <strong>\u043d\u0430\u0440\u044f\u0434\u0430<\/strong> \u043d\u0430 \u0441\u043f\u0435\u0446\u0438\u0430\u043b\u0438\u0437\u0438\u0440\u043e\u0432\u0430\u043d\u043d\u043e\u043c \u0441\u0430\u0439\u0442\u0435 <a href=\"https:\/\/www.sebastien-auziere.fr\/blog\/brigitte-macron-look-vatican\/\" rel=\"nofollow\">\u0411\u0440\u0438\u0434\u0436\u0438\u0442 \u041c\u0430\u043a\u0440\u043e\u043d: \u043e\u0431\u0440\u0430\u0437 \u0432 \u0412\u0430\u0442\u0438\u043a\u0430\u043d\u0435<\/a>. \u0410\u043a\u0441\u0435\u0441\u0441\u0443\u0430\u0440 \u0437\u0434\u0435\u0441\u044c \u0441\u0442\u0430\u043d\u043e\u0432\u0438\u0442\u0441\u044f \u0441\u043e\u043e\u0431\u0449\u0435\u043d\u0438\u0435\u043c.<\/p>\n\n<h2 class=\"wp-block-heading\">\u041a\u0440\u0430\u0441\u043e\u0442\u0430 \u0438 \u044d\u0442\u0430\u043b\u043e\u043d\u044b: \u00ab\u0431\u0430\u043d\u0430\u043d\u00bb \u0438 \u0443\u0432\u0435\u0440\u0435\u043d\u043d\u044b\u0435 \u0436\u0435\u0441\u0442\u044b<\/h2>\n\n<p><strong>\u041f\u0443\u0447\u043e\u043a \u00ab\u0431\u0430\u043d\u0430\u043d\u00bb<\/strong>, \u043f\u0440\u0438\u0447\u0435\u0441\u043a\u0430, \u0447\u0430\u0441\u0442\u043e \u0432\u044b\u0431\u0438\u0440\u0430\u0435\u043c\u0430\u044f \u0434\u043b\u044f \u043e\u0444\u0438\u0446\u0438\u0430\u043b\u044c\u043d\u044b\u0445 \u0432\u044b\u0445\u043e\u0434\u043e\u0432, \u0441\u043d\u043e\u0432\u0430 \u0431\u044b\u043b\u0430 \u043d\u0430 \u0432\u044b\u0441\u043e\u0442\u0435. \u042d\u0442\u043e\u0442 \u0441\u0442\u0438\u043b\u044c, \u043a\u043e\u0442\u043e\u0440\u044b\u0439 \u0443\u0436\u0435 \u0431\u044b\u043b \u043d\u0430 \u043d\u0435\u0439 \u0432\u043e \u0432\u0440\u0435\u043c\u044f \u0432\u0438\u0437\u0438\u0442\u0430 \u0432 \u042f\u043f\u043e\u043d\u0438\u044e 2 \u0430\u043f\u0440\u0435\u043b\u044f \u0438 \u043d\u0430 \u043e\u0444\u0438\u0446\u0438\u0430\u043b\u044c\u043d\u044b\u0445 \u0432\u0441\u0442\u0440\u0435\u0447\u0430\u0445 \u0432 \u0415\u043b\u0438\u0441\u0435\u0439\u0441\u043a\u043e\u043c \u0434\u0432\u043e\u0440\u0446\u0435, \u0444\u043e\u0440\u043c\u0438\u0440\u0443\u0435\u0442 \u0443\u0445\u043e\u0436\u0435\u043d\u043d\u044b\u0439 \u0438 \u0443\u0432\u0430\u0436\u0438\u0442\u0435\u043b\u044c\u043d\u044b\u0439 \u0438\u043c\u0438\u0434\u0436. \u0427\u0442\u043e\u0431\u044b \u043f\u043e\u043d\u044f\u0442\u044c \u044d\u0432\u043e\u043b\u044e\u0446\u0438\u044e \u043e\u0431\u0440\u0430\u0437\u043e\u0432 \u043f\u0435\u0440\u0432\u043e\u0439 \u043b\u0435\u0434\u0438, \u0442\u0430\u043a\u0436\u0435 \u043f\u043e\u0441\u043c\u043e\u0442\u0440\u0438\u0442\u0435 \u043f\u043e\u0440\u0442\u0440\u0435\u0442 \u0435\u0435 \u043c\u043e\u0434\u043d\u044b\u0445 \u0432\u044b\u0431\u043e\u0440\u043e\u0432 \u043d\u0430 <a href=\"https:\/\/www.sebastien-auziere.fr\/blog\/brigitte-macron-japon\/\" rel=\"nofollow\">\u0411\u0440\u0438\u0434\u0436\u0438\u0442 \u041c\u0430\u043a\u0440\u043e\u043d \u0432 \u042f\u043f\u043e\u043d\u0438\u0438<\/a>. \u042d\u043b\u0435\u0433\u0430\u043d\u0442\u043d\u043e\u0441\u0442\u044c, \u043a\u043e\u0442\u043e\u0440\u0430\u044f \u0433\u043e\u0432\u043e\u0440\u0438\u0442 \u0431\u043e\u043b\u044c\u0448\u0435, \u0447\u0435\u043c \u0441\u043b\u043e\u0432\u0430.<\/p>\n\n<h2 class=\"wp-block-heading\">\u0414\u0438\u043f\u043b\u043e\u043c\u0430\u0442\u0438\u044f, \u0441\u0438\u043c\u0432\u043e\u043b\u044b \u0438 \u043c\u0435\u0434\u0438\u0439\u043d\u044b\u0439 \u044d\u0444\u0444\u0435\u043a\u0442 \u0433\u043e\u0441\u0443\u0434\u0430\u0440\u0441\u0442\u0432\u0435\u043d\u043d\u043e\u0433\u043e \u0432\u0438\u0437\u0438\u0442\u0430<\/h2>\n\n<p>\u042d\u0442\u0430 \u0430\u0443\u0434\u0438\u0435\u043d\u0446\u0438\u044f \u0432 \u0430\u043f\u043e\u0441\u0442\u043e\u043b\u044c\u0441\u043a\u043e\u043c \u0434\u0432\u043e\u0440\u0446\u0435 \u0432\u043f\u0438\u0441\u044b\u0432\u0430\u0435\u0442\u0441\u044f \u0432 \u0441\u0435\u0440\u0438\u044e \u0434\u0438\u043f\u043b\u043e\u043c\u0430\u0442\u0438\u0447\u0435\u0441\u043a\u0438\u0445 \u043e\u0431\u043c\u0435\u043d\u043e\u0432: \u043e\u043d\u0430 \u0437\u043d\u0430\u043c\u0435\u043d\u0443\u0435\u0442 \u043f\u0440\u043e\u0434\u043e\u043b\u0436\u0435\u043d\u0438\u0435 \u043e\u0442\u043d\u043e\u0448\u0435\u043d\u0438\u0439 \u043c\u0435\u0436\u0434\u0443 \u0424\u0440\u0430\u043d\u0446\u0438\u0435\u0439 \u0438 \u0421\u0432\u044f\u0442\u044b\u043c \u041f\u0440\u0435\u0441\u0442\u043e\u043b\u043e\u043c \u0438 \u043f\u0440\u043e\u0438\u0441\u0445\u043e\u0434\u0438\u0442 \u043f\u043e\u0441\u043b\u0435 \u043f\u0440\u0435\u0437\u0438\u0434\u0435\u043d\u0442\u0441\u043a\u0438\u0445 \u0430\u0443\u0434\u0438\u0435\u043d\u0446\u0438\u0439 2018, 2021 \u0438 2022 \u0433\u043e\u0434\u043e\u0432. \u041a\u043e\u043c\u0431\u0438\u043d\u0430\u0446\u0438\u044f \u0440\u0435\u0441\u043f\u0443\u0431\u043b\u0438\u043a\u0430\u043d\u0441\u043a\u043e\u0433\u043e \u0438 \u0441\u0432\u0435\u0442\u0441\u043a\u043e\u0433\u043e \u043f\u0440\u043e\u0442\u043e\u043a\u043e\u043b\u0430 \u0441 \u0441\u0434\u0435\u0440\u0436\u0430\u043d\u043d\u044b\u043c \u0441\u0446\u0435\u043d\u0438\u0447\u0435\u0441\u043a\u0438\u043c \u043d\u0430\u0440\u044f\u0434\u043e\u043c \u0443\u0441\u0438\u043b\u0438\u043b\u0430 <strong>\u043d\u0435\u0437\u0430\u0431\u044b\u0432\u0430\u0435\u043c\u043e\u0441\u0442\u044c<\/strong> \u0434\u043d\u044f. \u041c\u0435\u0434\u0438\u0439\u043d\u044b\u0439 \u044d\u0444\u0444\u0435\u043a\u0442 \u0440\u0430\u0441\u0448\u0438\u0440\u0438\u043b \u0434\u0438\u0441\u043a\u0443\u0441\u0441\u0438\u044e \u043e \u0441\u0442\u0438\u043b\u0435 \u0438 \u043f\u0440\u043e\u0442\u043e\u043a\u043e\u043b\u044c\u043d\u043e\u0439 \u0440\u043e\u043b\u0438.<\/p>\n\n<p>\u0425\u043e\u0442\u0438\u0442\u0435 \u0443\u0437\u043d\u0430\u0442\u044c \u0431\u043e\u043b\u044c\u0448\u0435 \u043e \u043d\u0430\u0440\u044f\u0434\u0430\u0445, \u0430\u043a\u0441\u0435\u0441\u0441\u0443\u0430\u0440\u0430\u0445 \u0438 \u0441\u0438\u043c\u0432\u043e\u043b\u0438\u0447\u0435\u0441\u043a\u043e\u043c \u0437\u043d\u0430\u0447\u0435\u043d\u0438\u0438 \u044d\u0442\u043e\u0433\u043e \u0432\u0438\u0437\u0438\u0442\u0430? \u041e\u0437\u043d\u0430\u043a\u043e\u043c\u044c\u0442\u0435\u0441\u044c \u0441 \u0434\u0440\u0443\u0433\u0438\u043c\u0438 \u0430\u043d\u0430\u043b\u0438\u0437\u0430\u043c\u0438 \u0438 \u0444\u043e\u0442\u043e\u0433\u0440\u0430\u0444\u0438\u044f\u043c\u0438 \u043d\u0430 <a href=\"https:\/\/www.sebastien-auziere.fr\/blog\/brigitte-macron-look-vatican\/\" rel=\"nofollow\">\u0411\u0440\u0438\u0434\u0436\u0438\u0442 \u041c\u0430\u043a\u0440\u043e\u043d: \u043e\u0431\u0440\u0430\u0437 \u0432 \u0412\u0430\u0442\u0438\u043a\u0430\u043d\u0435<\/a> \u0438 \u043e\u0442\u043a\u0440\u043e\u0439\u0442\u0435 \u0434\u043b\u044f \u0441\u0435\u0431\u044f \u0434\u0440\u0443\u0433\u0438\u0435 \u0441\u0442\u0430\u0442\u044c\u0438 \u043e \u0441\u0435\u043c\u044c\u0435 \u041c\u0430\u043a\u0440\u043e\u043d \u043d\u0430 <a href=\"https:\/\/www.sebastien-auziere.fr\/blog\/brigitte-macron-robe-elegante\/\" rel=\"nofollow\">sebas\u00adtien-auziere.fr<\/a>, \u0447\u0442\u043e\u0431\u044b \u043f\u0440\u043e\u0434\u043b\u0438\u0442\u044c \u0432\u0438\u0437\u0438\u0442 \u0438 \u0443\u0433\u043b\u0443\u0431\u0438\u0442\u044c \u0442\u0435\u043c\u0443.<\/p>","protected":false},"excerpt":{"rendered":"<p>\u0411\u0440\u0438\u0434\u0436\u0438\u0442 \u041c\u0430\u043a\u0440\u043e\u043d \u0434\u0435\u0439\u0441\u0442\u0432\u0438\u0442\u0435\u043b\u044c\u043d\u043e \u043e\u0447\u0430\u0440\u043e\u0432\u0430\u043b\u0430 \u0412\u0430\u0442\u0438\u043a\u0430\u043d, \u0432\u044b\u0431\u0440\u0430\u0432 \u0441\u043a\u0440\u043e\u043c\u043d\u0443\u044e \u044d\u043b\u0435\u0433\u0430\u043d\u0442\u043d\u043e\u0441\u0442\u044c: \u0447\u0435\u0440\u043d\u043e\u0435 \u043f\u043b\u0430\u0442\u044c\u0435 \u043c\u0438\u0434\u0438, \u0431\u0435\u0437\u0443\u043f\u0440\u0435\u0447\u043d\u044b\u0439 \u043f\u0443\u0447\u043e\u043a \u0438 \u0441\u0443\u043c\u043e\u0447\u043a\u0430 My Dior, \u043a\u043e\u0442\u043e\u0440\u0430\u044f \u043f\u0440\u043e\u0438\u0437\u0432\u0435\u043b\u0430 \u0444\u0443\u0440\u043e\u0440 \u0432\u043e \u0432\u0440\u0435\u043c\u044f \u0433\u043e\u0441\u0443\u0434\u0430\u0440\u0441\u0442\u0432\u0435\u043d\u043d\u043e\u0433\u043e \u0432\u0438\u0437\u0438\u0442\u0430 10 \u0430\u043f\u0440\u0435\u043b\u044f 2026 \u0433\u043e\u0434\u0430. \u0421 \u043c\u043e\u043c\u0435\u043d\u0442\u0430 \u043f\u0440\u0438\u0431\u044b\u0442\u0438\u044f \u0432 \u0430\u043f\u043e\u0441\u0442\u043e\u043b\u044c\u0441\u043a\u0438\u0439 \u0434\u0432\u043e\u0440\u0435\u0446 \u0435\u0435 \u0447\u0435\u0440\u043d\u044b\u0439 \u043d\u0430\u0440\u044f\u0434 \u043e\u043b\u0438\u0446\u0435\u0442\u0432\u043e\u0440\u044f\u043b \u0443\u0432\u0430\u0436\u0435\u043d\u0438\u0435 \u043a \u043f\u0440\u043e\u0442\u043e\u043a\u043e\u043b\u0443 \u0438 \u0444\u0440\u0430\u043d\u0446\u0443\u0437\u0441\u043a\u0438\u0439 \u0448\u0438\u043a. \u041a\u0440\u0430\u0442\u043a\u043e: \u043f\u0440\u0435\u0437\u0438\u0434\u0435\u043d\u0442\u0441\u043a\u0430\u044f \u043f\u0430\u0440\u0430 \u0431\u044b\u043b\u0430 \u043f\u0440\u0438\u043d\u044f\u0442\u0430 \u043f\u0430\u043f\u043e\u0439 \u041b\u044c\u0432\u043e\u043c XIV \u043f\u043e\u0447\u0442\u0438 \u0433\u043e\u0434 \u0441\u043f\u0443\u0441\u0442\u044f &#8230; <a title=\"\u0411\u0440\u0438\u0436\u0438\u0442 \u041c\u0430\u043a\u0440\u043e\u043d \u043e\u0447\u0430\u0440\u043e\u0432\u044b\u0432\u0430\u0435\u0442 \u0412\u0430\u0442\u0438\u043a\u0430\u043d \u0441\u0432\u043e\u0435\u0439 \u0441\u0434\u0435\u0440\u0436\u0430\u043d\u043d\u043e\u0439 \u044d\u043b\u0435\u0433\u0430\u043d\u0442\u043d\u043e\u0441\u0442\u044c\u044e, \u043e\u0434\u0435\u0442\u0430\u044f \u0432 \u0447\u0435\u0440\u043d\u043e\u0435 \u0434\u043b\u044f \u043d\u0435\u0437\u0430\u0431\u044b\u0432\u0430\u0435\u043c\u043e\u0433\u043e \u0433\u043e\u0441\u0443\u0434\u0430\u0440\u0441\u0442\u0432\u0435\u043d\u043d\u043e\u0433\u043e \u0432\u0438\u0437\u0438\u0442\u0430\" class=\"read-more\" href=\"https:\/\/www.sebastien-auziere.fr\/blog\/ru\/%d0%b1%d1%80%d0%b8%d0%b6%d0%b8%d1%82-%d0%bc%d0%b0%d0%ba%d1%80%d0%be%d0%bd-%d0%be%d1%87%d0%b0%d1%80%d0%be%d0%b2%d1%8b%d0%b2%d0%b0%d0%b5%d1%82-%d0%b2%d0%b0%d1%82%d0%b8%d0%ba%d0%b0%d0%bd-%d1%81%d0%b2\/\" aria-label=\"En savoir plus sur \u0411\u0440\u0438\u0436\u0438\u0442 \u041c\u0430\u043a\u0440\u043e\u043d \u043e\u0447\u0430\u0440\u043e\u0432\u044b\u0432\u0430\u0435\u0442 \u0412\u0430\u0442\u0438\u043a\u0430\u043d \u0441\u0432\u043e\u0435\u0439 \u0441\u0434\u0435\u0440\u0436\u0430\u043d\u043d\u043e\u0439 \u044d\u043b\u0435\u0433\u0430\u043d\u0442\u043d\u043e\u0441\u0442\u044c\u044e, \u043e\u0434\u0435\u0442\u0430\u044f \u0432 \u0447\u0435\u0440\u043d\u043e\u0435 \u0434\u043b\u044f \u043d\u0435\u0437\u0430\u0431\u044b\u0432\u0430\u0435\u043c\u043e\u0433\u043e \u0433\u043e\u0441\u0443\u0434\u0430\u0440\u0441\u0442\u0432\u0435\u043d\u043d\u043e\u0433\u043e \u0432\u0438\u0437\u0438\u0442\u0430\">Lire plus<\/a><\/p>\n","protected":false},"author":9,"featured_media":2990,"comment_status":"open","ping_status":"open","sticky":false,"template":"","format":"standard","meta":{"footnotes":""},"categories":[865],"tags":[974,2168,2776,2773,2770],"class_list":["post-3002","post","type-post","status-publish","format-standard","has-post-thumbnail","hentry","category--ru","tag---ru","tag-----ru"],"yoast_head":"<!-- This site is optimized with the Yoast SEO plugin v27.5 - https:\/\/yoast.com\/product\/yoast-seo-wordpress\/ -->\n<title>\u0411\u0440\u0438\u0436\u0438\u0442 \u041c\u0430\u043a\u0440\u043e\u043d \u043e\u0447\u0430\u0440\u043e\u0432\u044b\u0432\u0430\u0435\u0442 \u0412\u0430\u0442\u0438\u043a\u0430\u043d \u0441\u0432\u043e\u0435\u0439 \u0441\u0434\u0435\u0440\u0436\u0430\u043d\u043d\u043e\u0439 \u044d\u043b\u0435\u0433\u0430\u043d\u0442\u043d\u043e\u0441\u0442\u044c\u044e, \u043e\u0434\u0435\u0442\u0430\u044f \u0432 \u0447\u0435\u0440\u043d\u043e\u0435 \u0434\u043b\u044f \u043d\u0435\u0437\u0430\u0431\u044b\u0432\u0430\u0435\u043c\u043e\u0433\u043e \u0433\u043e\u0441\u0443\u0434\u0430\u0440\u0441\u0442\u0432\u0435\u043d\u043d\u043e\u0433\u043e \u0432\u0438\u0437\u0438\u0442\u0430 - Fan site S\u00e9bastien Auzi\u00e8re<\/title>\n<meta name=\"description\" content=\"Brigitte Macron s\u00e9duit le Vatican avec une \u00e9l\u00e9gance discr\u00e8te en noir lors d&#039;une visite d\u2019\u00c9tat m\u00e9morable, alliant style et respect.\" \/>\n<meta name=\"robots\" content=\"index, follow, max-snippet:-1, max-image-preview:large, max-video-preview:-1\" \/>\n<link rel=\"canonical\" href=\"https:\/\/www.sebastien-auziere.fr\/blog\/ru\/\u0431\u0440\u0438\u0436\u0438\u0442-\u043c\u0430\u043a\u0440\u043e\u043d-\u043e\u0447\u0430\u0440\u043e\u0432\u044b\u0432\u0430\u0435\u0442-\u0432\u0430\u0442\u0438\u043a\u0430\u043d-\u0441\u0432\/\" \/>\n<meta property=\"og:locale\" content=\"fr_FR\" \/>\n<meta property=\"og:type\" content=\"article\" \/>\n<meta property=\"og:title\" content=\"\u0411\u0440\u0438\u0436\u0438\u0442 \u041c\u0430\u043a\u0440\u043e\u043d \u043e\u0447\u0430\u0440\u043e\u0432\u044b\u0432\u0430\u0435\u0442 \u0412\u0430\u0442\u0438\u043a\u0430\u043d \u0441\u0432\u043e\u0435\u0439 \u0441\u0434\u0435\u0440\u0436\u0430\u043d\u043d\u043e\u0439 \u044d\u043b\u0435\u0433\u0430\u043d\u0442\u043d\u043e\u0441\u0442\u044c\u044e, \u043e\u0434\u0435\u0442\u0430\u044f \u0432 \u0447\u0435\u0440\u043d\u043e\u0435 \u0434\u043b\u044f \u043d\u0435\u0437\u0430\u0431\u044b\u0432\u0430\u0435\u043c\u043e\u0433\u043e \u0433\u043e\u0441\u0443\u0434\u0430\u0440\u0441\u0442\u0432\u0435\u043d\u043d\u043e\u0433\u043e \u0432\u0438\u0437\u0438\u0442\u0430 - Fan site S\u00e9bastien Auzi\u00e8re\" \/>\n<meta property=\"og:description\" content=\"Brigitte Macron s\u00e9duit le Vatican avec une \u00e9l\u00e9gance discr\u00e8te en noir lors d&#039;une visite d\u2019\u00c9tat m\u00e9morable, alliant style et respect.\" \/>\n<meta property=\"og:url\" content=\"https:\/\/www.sebastien-auziere.fr\/blog\/ru\/\u0431\u0440\u0438\u0436\u0438\u0442-\u043c\u0430\u043a\u0440\u043e\u043d-\u043e\u0447\u0430\u0440\u043e\u0432\u044b\u0432\u0430\u0435\u0442-\u0432\u0430\u0442\u0438\u043a\u0430\u043d-\u0441\u0432\/\" \/>\n<meta property=\"og:site_name\" content=\"Fan site S\u00e9bastien Auzi\u00e8re\" \/>\n<meta property=\"article:published_time\" content=\"2026-04-13T19:10:22+00:00\" \/>\n<meta property=\"article:modified_time\" content=\"2026-04-13T19:10:47+00:00\" \/>\n<meta property=\"og:image\" content=\"https:\/\/www.sebastien-auziere.fr\/blog\/wp-content\/uploads\/2026\/04\/Brigitte-Macron-charme-le-Vatican-avec-une-elegance-discrete-vetue-de-noir-pour-une-visite-dEtat-memorable.jpg\" \/>\n\t<meta property=\"og:image:width\" content=\"2560\" \/>\n\t<meta property=\"og:image:height\" content=\"1429\" \/>\n\t<meta property=\"og:image:type\" content=\"image\/jpeg\" \/>\n<meta name=\"author\" content=\"Chloe Gauthier\" \/>\n<meta name=\"twitter:card\" content=\"summary_large_image\" \/>\n<meta name=\"twitter:label1\" content=\"\u00c9crit par\" \/>\n\t<meta name=\"twitter:data1\" content=\"Chloe Gauthier\" \/>\n<script type=\"application\/ld+json\" class=\"yoast-schema-graph\">{\"@context\":\"https:\\\/\\\/schema.org\",\"@graph\":[{\"@type\":\"Article\",\"@id\":\"https:\\\/\\\/www.sebastien-auziere.fr\\\/blog\\\/ru\\\/%d0%b1%d1%80%d0%b8%d0%b6%d0%b8%d1%82-%d0%bc%d0%b0%d0%ba%d1%80%d0%be%d0%bd-%d0%be%d1%87%d0%b0%d1%80%d0%be%d0%b2%d1%8b%d0%b2%d0%b0%d0%b5%d1%82-%d0%b2%d0%b0%d1%82%d0%b8%d0%ba%d0%b0%d0%bd-%d1%81%d0%b2\\\/#article\",\"isPartOf\":{\"@id\":\"https:\\\/\\\/www.sebastien-auziere.fr\\\/blog\\\/ru\\\/%d0%b1%d1%80%d0%b8%d0%b6%d0%b8%d1%82-%d0%bc%d0%b0%d0%ba%d1%80%d0%be%d0%bd-%d0%be%d1%87%d0%b0%d1%80%d0%be%d0%b2%d1%8b%d0%b2%d0%b0%d0%b5%d1%82-%d0%b2%d0%b0%d1%82%d0%b8%d0%ba%d0%b0%d0%bd-%d1%81%d0%b2\\\/\"},\"author\":{\"name\":\"Chloe Gauthier\",\"@id\":\"https:\\\/\\\/www.sebastien-auziere.fr\\\/blog\\\/#\\\/schema\\\/person\\\/149f1acdbfd85149c6c3e59adeae2f4d\"},\"headline\":\"\u0411\u0440\u0438\u0436\u0438\u0442 \u041c\u0430\u043a\u0440\u043e\u043d \u043e\u0447\u0430\u0440\u043e\u0432\u044b\u0432\u0430\u0435\u0442 \u0412\u0430\u0442\u0438\u043a\u0430\u043d \u0441\u0432\u043e\u0435\u0439 \u0441\u0434\u0435\u0440\u0436\u0430\u043d\u043d\u043e\u0439 \u044d\u043b\u0435\u0433\u0430\u043d\u0442\u043d\u043e\u0441\u0442\u044c\u044e, \u043e\u0434\u0435\u0442\u0430\u044f \u0432 \u0447\u0435\u0440\u043d\u043e\u0435 \u0434\u043b\u044f \u043d\u0435\u0437\u0430\u0431\u044b\u0432\u0430\u0435\u043c\u043e\u0433\u043e \u0433\u043e\u0441\u0443\u0434\u0430\u0440\u0441\u0442\u0432\u0435\u043d\u043d\u043e\u0433\u043e \u0432\u0438\u0437\u0438\u0442\u0430\",\"datePublished\":\"2026-04-13T19:10:22+00:00\",\"dateModified\":\"2026-04-13T19:10:47+00:00\",\"mainEntityOfPage\":{\"@id\":\"https:\\\/\\\/www.sebastien-auziere.fr\\\/blog\\\/ru\\\/%d0%b1%d1%80%d0%b8%d0%b6%d0%b8%d1%82-%d0%bc%d0%b0%d0%ba%d1%80%d0%be%d0%bd-%d0%be%d1%87%d0%b0%d1%80%d0%be%d0%b2%d1%8b%d0%b2%d0%b0%d0%b5%d1%82-%d0%b2%d0%b0%d1%82%d0%b8%d0%ba%d0%b0%d0%bd-%d1%81%d0%b2\\\/\"},\"wordCount\":389,\"commentCount\":0,\"publisher\":{\"@id\":\"https:\\\/\\\/www.sebastien-auziere.fr\\\/blog\\\/#organization\"},\"image\":{\"@id\":\"https:\\\/\\\/www.sebastien-auziere.fr\\\/blog\\\/ru\\\/%d0%b1%d1%80%d0%b8%d0%b6%d0%b8%d1%82-%d0%bc%d0%b0%d0%ba%d1%80%d0%be%d0%bd-%d0%be%d1%87%d0%b0%d1%80%d0%be%d0%b2%d1%8b%d0%b2%d0%b0%d0%b5%d1%82-%d0%b2%d0%b0%d1%82%d0%b8%d0%ba%d0%b0%d0%bd-%d1%81%d0%b2\\\/#primaryimage\"},\"thumbnailUrl\":\"https:\\\/\\\/www.sebastien-auziere.fr\\\/blog\\\/wp-content\\\/uploads\\\/2026\\\/04\\\/Brigitte-Macron-charme-le-Vatican-avec-une-elegance-discrete-vetue-de-noir-pour-une-visite-dEtat-memorable.jpg\",\"keywords\":[\"\u0431\u0440\u0438\u0436\u0438\u0442 \u043c\u0430\u043a\u0440\u043e\u043d\",\"\u0432\u0435\u043b\u0438\u043a\u043e\u0435 \u0432 \u0434\u0430\u043d\u043d\u043e\u043c \u043f\u0440\u0438\u043c\u0435\u0440\u0435\",\"\u0433\u043e\u0441\u0443\u0434\u0430\u0440\u0441\u0442\u0432\u0435\u043d\u043d\u044b\u0439 \u0432\u0438\u0437\u0438\u0442\",\"\u0447\u0435\u0440\u043d\u043e\u0435 \u043f\u043b\u0430\u0442\u044c\u0435\",\"\u044d\u043b\u0435\u0433\u0430\u043d\u0442\u043d\u043e\u0441\u0442\u044c \u0434\u0438\u0441\u043a\u0440\u0435\u0442\u043d\u0430\u044f\"],\"articleSection\":[\"\u041d\u043e\u0432\u043e\u0441\u0442\u0438\"],\"inLanguage\":\"fr-FR\",\"potentialAction\":[{\"@type\":\"CommentAction\",\"name\":\"Comment\",\"target\":[\"https:\\\/\\\/www.sebastien-auziere.fr\\\/blog\\\/ru\\\/%d0%b1%d1%80%d0%b8%d0%b6%d0%b8%d1%82-%d0%bc%d0%b0%d0%ba%d1%80%d0%be%d0%bd-%d0%be%d1%87%d0%b0%d1%80%d0%be%d0%b2%d1%8b%d0%b2%d0%b0%d0%b5%d1%82-%d0%b2%d0%b0%d1%82%d0%b8%d0%ba%d0%b0%d0%bd-%d1%81%d0%b2\\\/#respond\"]}]},{\"@type\":\"WebPage\",\"@id\":\"https:\\\/\\\/www.sebastien-auziere.fr\\\/blog\\\/ru\\\/%d0%b1%d1%80%d0%b8%d0%b6%d0%b8%d1%82-%d0%bc%d0%b0%d0%ba%d1%80%d0%be%d0%bd-%d0%be%d1%87%d0%b0%d1%80%d0%be%d0%b2%d1%8b%d0%b2%d0%b0%d0%b5%d1%82-%d0%b2%d0%b0%d1%82%d0%b8%d0%ba%d0%b0%d0%bd-%d1%81%d0%b2\\\/\",\"url\":\"https:\\\/\\\/www.sebastien-auziere.fr\\\/blog\\\/ru\\\/%d0%b1%d1%80%d0%b8%d0%b6%d0%b8%d1%82-%d0%bc%d0%b0%d0%ba%d1%80%d0%be%d0%bd-%d0%be%d1%87%d0%b0%d1%80%d0%be%d0%b2%d1%8b%d0%b2%d0%b0%d0%b5%d1%82-%d0%b2%d0%b0%d1%82%d0%b8%d0%ba%d0%b0%d0%bd-%d1%81%d0%b2\\\/\",\"name\":\"\u0411\u0440\u0438\u0436\u0438\u0442 \u041c\u0430\u043a\u0440\u043e\u043d \u043e\u0447\u0430\u0440\u043e\u0432\u044b\u0432\u0430\u0435\u0442 \u0412\u0430\u0442\u0438\u043a\u0430\u043d \u0441\u0432\u043e\u0435\u0439 \u0441\u0434\u0435\u0440\u0436\u0430\u043d\u043d\u043e\u0439 \u044d\u043b\u0435\u0433\u0430\u043d\u0442\u043d\u043e\u0441\u0442\u044c\u044e, \u043e\u0434\u0435\u0442\u0430\u044f \u0432 \u0447\u0435\u0440\u043d\u043e\u0435 \u0434\u043b\u044f \u043d\u0435\u0437\u0430\u0431\u044b\u0432\u0430\u0435\u043c\u043e\u0433\u043e \u0433\u043e\u0441\u0443\u0434\u0430\u0440\u0441\u0442\u0432\u0435\u043d\u043d\u043e\u0433\u043e \u0432\u0438\u0437\u0438\u0442\u0430 - Fan site S\u00e9bastien Auzi\u00e8re\",\"isPartOf\":{\"@id\":\"https:\\\/\\\/www.sebastien-auziere.fr\\\/blog\\\/#website\"},\"primaryImageOfPage\":{\"@id\":\"https:\\\/\\\/www.sebastien-auziere.fr\\\/blog\\\/ru\\\/%d0%b1%d1%80%d0%b8%d0%b6%d0%b8%d1%82-%d0%bc%d0%b0%d0%ba%d1%80%d0%be%d0%bd-%d0%be%d1%87%d0%b0%d1%80%d0%be%d0%b2%d1%8b%d0%b2%d0%b0%d0%b5%d1%82-%d0%b2%d0%b0%d1%82%d0%b8%d0%ba%d0%b0%d0%bd-%d1%81%d0%b2\\\/#primaryimage\"},\"image\":{\"@id\":\"https:\\\/\\\/www.sebastien-auziere.fr\\\/blog\\\/ru\\\/%d0%b1%d1%80%d0%b8%d0%b6%d0%b8%d1%82-%d0%bc%d0%b0%d0%ba%d1%80%d0%be%d0%bd-%d0%be%d1%87%d0%b0%d1%80%d0%be%d0%b2%d1%8b%d0%b2%d0%b0%d0%b5%d1%82-%d0%b2%d0%b0%d1%82%d0%b8%d0%ba%d0%b0%d0%bd-%d1%81%d0%b2\\\/#primaryimage\"},\"thumbnailUrl\":\"https:\\\/\\\/www.sebastien-auziere.fr\\\/blog\\\/wp-content\\\/uploads\\\/2026\\\/04\\\/Brigitte-Macron-charme-le-Vatican-avec-une-elegance-discrete-vetue-de-noir-pour-une-visite-dEtat-memorable.jpg\",\"datePublished\":\"2026-04-13T19:10:22+00:00\",\"dateModified\":\"2026-04-13T19:10:47+00:00\",\"description\":\"Brigitte Macron s\u00e9duit le Vatican avec une \u00e9l\u00e9gance discr\u00e8te en noir lors d'une visite d\u2019\u00c9tat m\u00e9morable, alliant style et respect.\",\"breadcrumb\":{\"@id\":\"https:\\\/\\\/www.sebastien-auziere.fr\\\/blog\\\/ru\\\/%d0%b1%d1%80%d0%b8%d0%b6%d0%b8%d1%82-%d0%bc%d0%b0%d0%ba%d1%80%d0%be%d0%bd-%d0%be%d1%87%d0%b0%d1%80%d0%be%d0%b2%d1%8b%d0%b2%d0%b0%d0%b5%d1%82-%d0%b2%d0%b0%d1%82%d0%b8%d0%ba%d0%b0%d0%bd-%d1%81%d0%b2\\\/#breadcrumb\"},\"inLanguage\":\"fr-FR\",\"potentialAction\":[{\"@type\":\"ReadAction\",\"target\":[\"https:\\\/\\\/www.sebastien-auziere.fr\\\/blog\\\/ru\\\/%d0%b1%d1%80%d0%b8%d0%b6%d0%b8%d1%82-%d0%bc%d0%b0%d0%ba%d1%80%d0%be%d0%bd-%d0%be%d1%87%d0%b0%d1%80%d0%be%d0%b2%d1%8b%d0%b2%d0%b0%d0%b5%d1%82-%d0%b2%d0%b0%d1%82%d0%b8%d0%ba%d0%b0%d0%bd-%d1%81%d0%b2\\\/\"]}]},{\"@type\":\"ImageObject\",\"inLanguage\":\"fr-FR\",\"@id\":\"https:\\\/\\\/www.sebastien-auziere.fr\\\/blog\\\/ru\\\/%d0%b1%d1%80%d0%b8%d0%b6%d0%b8%d1%82-%d0%bc%d0%b0%d0%ba%d1%80%d0%be%d0%bd-%d0%be%d1%87%d0%b0%d1%80%d0%be%d0%b2%d1%8b%d0%b2%d0%b0%d0%b5%d1%82-%d0%b2%d0%b0%d1%82%d0%b8%d0%ba%d0%b0%d0%bd-%d1%81%d0%b2\\\/#primaryimage\",\"url\":\"https:\\\/\\\/www.sebastien-auziere.fr\\\/blog\\\/wp-content\\\/uploads\\\/2026\\\/04\\\/Brigitte-Macron-charme-le-Vatican-avec-une-elegance-discrete-vetue-de-noir-pour-une-visite-dEtat-memorable.jpg\",\"contentUrl\":\"https:\\\/\\\/www.sebastien-auziere.fr\\\/blog\\\/wp-content\\\/uploads\\\/2026\\\/04\\\/Brigitte-Macron-charme-le-Vatican-avec-une-elegance-discrete-vetue-de-noir-pour-une-visite-dEtat-memorable.jpg\",\"width\":2560,\"height\":1429,\"caption\":\"d\u00e9couvrez comment brigitte macron a s\u00e9duit le vatican par son \u00e9l\u00e9gance discr\u00e8te, v\u00eatue de noir lors d'une visite d\u2019\u00e9tat m\u00e9morable, alliant charme et respect des traditions.\"},{\"@type\":\"BreadcrumbList\",\"@id\":\"https:\\\/\\\/www.sebastien-auziere.fr\\\/blog\\\/ru\\\/%d0%b1%d1%80%d0%b8%d0%b6%d0%b8%d1%82-%d0%bc%d0%b0%d0%ba%d1%80%d0%be%d0%bd-%d0%be%d1%87%d0%b0%d1%80%d0%be%d0%b2%d1%8b%d0%b2%d0%b0%d0%b5%d1%82-%d0%b2%d0%b0%d1%82%d0%b8%d0%ba%d0%b0%d0%bd-%d1%81%d0%b2\\\/#breadcrumb\",\"itemListElement\":[{\"@type\":\"ListItem\",\"position\":1,\"name\":\"Home\",\"item\":\"https:\\\/\\\/www.sebastien-auziere.fr\\\/blog\\\/\"},{\"@type\":\"ListItem\",\"position\":2,\"name\":\"\u0411\u0440\u0438\u0436\u0438\u0442 \u041c\u0430\u043a\u0440\u043e\u043d \u043e\u0447\u0430\u0440\u043e\u0432\u044b\u0432\u0430\u0435\u0442 \u0412\u0430\u0442\u0438\u043a\u0430\u043d \u0441\u0432\u043e\u0435\u0439 \u0441\u0434\u0435\u0440\u0436\u0430\u043d\u043d\u043e\u0439 \u044d\u043b\u0435\u0433\u0430\u043d\u0442\u043d\u043e\u0441\u0442\u044c\u044e, \u043e\u0434\u0435\u0442\u0430\u044f \u0432 \u0447\u0435\u0440\u043d\u043e\u0435 \u0434\u043b\u044f \u043d\u0435\u0437\u0430\u0431\u044b\u0432\u0430\u0435\u043c\u043e\u0433\u043e \u0433\u043e\u0441\u0443\u0434\u0430\u0440\u0441\u0442\u0432\u0435\u043d\u043d\u043e\u0433\u043e \u0432\u0438\u0437\u0438\u0442\u0430\"}]},{\"@type\":\"WebSite\",\"@id\":\"https:\\\/\\\/www.sebastien-auziere.fr\\\/blog\\\/#website\",\"url\":\"https:\\\/\\\/www.sebastien-auziere.fr\\\/blog\\\/\",\"name\":\"Fan site S\u00e9bastien Auzi\u00e8re\",\"description\":\"M\u00e9dia g\u00e9n\u00e9raliste\",\"publisher\":{\"@id\":\"https:\\\/\\\/www.sebastien-auziere.fr\\\/blog\\\/#organization\"},\"potentialAction\":[{\"@type\":\"SearchAction\",\"target\":{\"@type\":\"EntryPoint\",\"urlTemplate\":\"https:\\\/\\\/www.sebastien-auziere.fr\\\/blog\\\/?s={search_term_string}\"},\"query-input\":{\"@type\":\"PropertyValueSpecification\",\"valueRequired\":true,\"valueName\":\"search_term_string\"}}],\"inLanguage\":\"fr-FR\"},{\"@type\":\"Organization\",\"@id\":\"https:\\\/\\\/www.sebastien-auziere.fr\\\/blog\\\/#organization\",\"name\":\"Fan site S\u00e9bastien Auzi\u00e8re\",\"url\":\"https:\\\/\\\/www.sebastien-auziere.fr\\\/blog\\\/\",\"logo\":{\"@type\":\"ImageObject\",\"inLanguage\":\"fr-FR\",\"@id\":\"https:\\\/\\\/www.sebastien-auziere.fr\\\/blog\\\/#\\\/schema\\\/logo\\\/image\\\/\",\"url\":\"https:\\\/\\\/www.sebastien-auziere.fr\\\/blog\\\/wp-content\\\/uploads\\\/2026\\\/03\\\/cropped-cropped-cropped-ChatGPT-Image-6-mars-2026-12_58_09-e1772798376794.jpg\",\"contentUrl\":\"https:\\\/\\\/www.sebastien-auziere.fr\\\/blog\\\/wp-content\\\/uploads\\\/2026\\\/03\\\/cropped-cropped-cropped-ChatGPT-Image-6-mars-2026-12_58_09-e1772798376794.jpg\",\"width\":512,\"height\":360,\"caption\":\"Fan site S\u00e9bastien Auzi\u00e8re\"},\"image\":{\"@id\":\"https:\\\/\\\/www.sebastien-auziere.fr\\\/blog\\\/#\\\/schema\\\/logo\\\/image\\\/\"}},{\"@type\":\"Person\",\"@id\":\"https:\\\/\\\/www.sebastien-auziere.fr\\\/blog\\\/#\\\/schema\\\/person\\\/149f1acdbfd85149c6c3e59adeae2f4d\",\"name\":\"Chloe Gauthier\",\"image\":{\"@type\":\"ImageObject\",\"inLanguage\":\"fr-FR\",\"@id\":\"https:\\\/\\\/secure.gravatar.com\\\/avatar\\\/2c5722f58171cff738a8985ef0dd66b476e563753246a49019befc837ec4201a?s=96&d=mm&r=g\",\"url\":\"https:\\\/\\\/secure.gravatar.com\\\/avatar\\\/2c5722f58171cff738a8985ef0dd66b476e563753246a49019befc837ec4201a?s=96&d=mm&r=g\",\"contentUrl\":\"https:\\\/\\\/secure.gravatar.com\\\/avatar\\\/2c5722f58171cff738a8985ef0dd66b476e563753246a49019befc837ec4201a?s=96&d=mm&r=g\",\"caption\":\"Chloe Gauthier\"},\"description\":\"Passionn\u00e9e par la politique et admiratrice engag\u00e9e de la famille Macron, je consacre mon \u00e9nergie \u00e0 suivre leurs initiatives et \u00e0 promouvoir leurs id\u00e9es. \u00c0 32 ans, je suis convaincue que leur vision est porteuse d'avenir.\",\"url\":\"https:\\\/\\\/www.sebastien-auziere.fr\\\/blog\\\/author\\\/chloe-gauthier\\\/\"}]}<\/script>\n<!-- \/ Yoast SEO plugin. -->","yoast_head_json":{"title":"\u0411\u0440\u0438\u0436\u0438\u0442 \u041c\u0430\u043a\u0440\u043e\u043d \u043e\u0447\u0430\u0440\u043e\u0432\u044b\u0432\u0430\u0435\u0442 \u0412\u0430\u0442\u0438\u043a\u0430\u043d \u0441\u0432\u043e\u0435\u0439 \u0441\u0434\u0435\u0440\u0436\u0430\u043d\u043d\u043e\u0439 \u044d\u043b\u0435\u0433\u0430\u043d\u0442\u043d\u043e\u0441\u0442\u044c\u044e, \u043e\u0434\u0435\u0442\u0430\u044f \u0432 \u0447\u0435\u0440\u043d\u043e\u0435 \u0434\u043b\u044f \u043d\u0435\u0437\u0430\u0431\u044b\u0432\u0430\u0435\u043c\u043e\u0433\u043e \u0433\u043e\u0441\u0443\u0434\u0430\u0440\u0441\u0442\u0432\u0435\u043d\u043d\u043e\u0433\u043e \u0432\u0438\u0437\u0438\u0442\u0430 - Fan site S\u00e9bastien Auzi\u00e8re","description":"Brigitte Macron s\u00e9duit le Vatican avec une \u00e9l\u00e9gance discr\u00e8te en noir lors d'une visite d\u2019\u00c9tat m\u00e9morable, alliant style et respect.","robots":{"index":"index","follow":"follow","max-snippet":"max-snippet:-1","max-image-preview":"max-image-preview:large","max-video-preview":"max-video-preview:-1"},"canonical":"https:\/\/www.sebastien-auziere.fr\/blog\/ru\/\u0431\u0440\u0438\u0436\u0438\u0442-\u043c\u0430\u043a\u0440\u043e\u043d-\u043e\u0447\u0430\u0440\u043e\u0432\u044b\u0432\u0430\u0435\u0442-\u0432\u0430\u0442\u0438\u043a\u0430\u043d-\u0441\u0432\/","og_locale":"fr_FR","og_type":"article","og_title":"\u0411\u0440\u0438\u0436\u0438\u0442 \u041c\u0430\u043a\u0440\u043e\u043d \u043e\u0447\u0430\u0440\u043e\u0432\u044b\u0432\u0430\u0435\u0442 \u0412\u0430\u0442\u0438\u043a\u0430\u043d \u0441\u0432\u043e\u0435\u0439 \u0441\u0434\u0435\u0440\u0436\u0430\u043d\u043d\u043e\u0439 \u044d\u043b\u0435\u0433\u0430\u043d\u0442\u043d\u043e\u0441\u0442\u044c\u044e, \u043e\u0434\u0435\u0442\u0430\u044f \u0432 \u0447\u0435\u0440\u043d\u043e\u0435 \u0434\u043b\u044f \u043d\u0435\u0437\u0430\u0431\u044b\u0432\u0430\u0435\u043c\u043e\u0433\u043e \u0433\u043e\u0441\u0443\u0434\u0430\u0440\u0441\u0442\u0432\u0435\u043d\u043d\u043e\u0433\u043e \u0432\u0438\u0437\u0438\u0442\u0430 - Fan site S\u00e9bastien Auzi\u00e8re","og_description":"Brigitte Macron s\u00e9duit le Vatican avec une \u00e9l\u00e9gance discr\u00e8te en noir lors d'une visite d\u2019\u00c9tat m\u00e9morable, alliant style et respect.","og_url":"https:\/\/www.sebastien-auziere.fr\/blog\/ru\/\u0431\u0440\u0438\u0436\u0438\u0442-\u043c\u0430\u043a\u0440\u043e\u043d-\u043e\u0447\u0430\u0440\u043e\u0432\u044b\u0432\u0430\u0435\u0442-\u0432\u0430\u0442\u0438\u043a\u0430\u043d-\u0441\u0432\/","og_site_name":"Fan site S\u00e9bastien Auzi\u00e8re","article_published_time":"2026-04-13T19:10:22+00:00","article_modified_time":"2026-04-13T19:10:47+00:00","og_image":[{"width":2560,"height":1429,"url":"https:\/\/www.sebastien-auziere.fr\/blog\/wp-content\/uploads\/2026\/04\/Brigitte-Macron-charme-le-Vatican-avec-une-elegance-discrete-vetue-de-noir-pour-une-visite-dEtat-memorable.jpg","type":"image\/jpeg"}],"author":"Chloe Gauthier","twitter_card":"summary_large_image","twitter_misc":{"\u00c9crit par":"Chloe Gauthier"},"schema":{"@context":"https:\/\/schema.org","@graph":[{"@type":"Article","@id":"https:\/\/www.sebastien-auziere.fr\/blog\/ru\/%d0%b1%d1%80%d0%b8%d0%b6%d0%b8%d1%82-%d0%bc%d0%b0%d0%ba%d1%80%d0%be%d0%bd-%d0%be%d1%87%d0%b0%d1%80%d0%be%d0%b2%d1%8b%d0%b2%d0%b0%d0%b5%d1%82-%d0%b2%d0%b0%d1%82%d0%b8%d0%ba%d0%b0%d0%bd-%d1%81%d0%b2\/#article","isPartOf":{"@id":"https:\/\/www.sebastien-auziere.fr\/blog\/ru\/%d0%b1%d1%80%d0%b8%d0%b6%d0%b8%d1%82-%d0%bc%d0%b0%d0%ba%d1%80%d0%be%d0%bd-%d0%be%d1%87%d0%b0%d1%80%d0%be%d0%b2%d1%8b%d0%b2%d0%b0%d0%b5%d1%82-%d0%b2%d0%b0%d1%82%d0%b8%d0%ba%d0%b0%d0%bd-%d1%81%d0%b2\/"},"author":{"name":"Chloe Gauthier","@id":"https:\/\/www.sebastien-auziere.fr\/blog\/#\/schema\/person\/149f1acdbfd85149c6c3e59adeae2f4d"},"headline":"\u0411\u0440\u0438\u0436\u0438\u0442 \u041c\u0430\u043a\u0440\u043e\u043d \u043e\u0447\u0430\u0440\u043e\u0432\u044b\u0432\u0430\u0435\u0442 \u0412\u0430\u0442\u0438\u043a\u0430\u043d \u0441\u0432\u043e\u0435\u0439 \u0441\u0434\u0435\u0440\u0436\u0430\u043d\u043d\u043e\u0439 \u044d\u043b\u0435\u0433\u0430\u043d\u0442\u043d\u043e\u0441\u0442\u044c\u044e, \u043e\u0434\u0435\u0442\u0430\u044f \u0432 \u0447\u0435\u0440\u043d\u043e\u0435 \u0434\u043b\u044f \u043d\u0435\u0437\u0430\u0431\u044b\u0432\u0430\u0435\u043c\u043e\u0433\u043e \u0433\u043e\u0441\u0443\u0434\u0430\u0440\u0441\u0442\u0432\u0435\u043d\u043d\u043e\u0433\u043e \u0432\u0438\u0437\u0438\u0442\u0430","datePublished":"2026-04-13T19:10:22+00:00","dateModified":"2026-04-13T19:10:47+00:00","mainEntityOfPage":{"@id":"https:\/\/www.sebastien-auziere.fr\/blog\/ru\/%d0%b1%d1%80%d0%b8%d0%b6%d0%b8%d1%82-%d0%bc%d0%b0%d0%ba%d1%80%d0%be%d0%bd-%d0%be%d1%87%d0%b0%d1%80%d0%be%d0%b2%d1%8b%d0%b2%d0%b0%d0%b5%d1%82-%d0%b2%d0%b0%d1%82%d0%b8%d0%ba%d0%b0%d0%bd-%d1%81%d0%b2\/"},"wordCount":389,"commentCount":0,"publisher":{"@id":"https:\/\/www.sebastien-auziere.fr\/blog\/#organization"},"image":{"@id":"https:\/\/www.sebastien-auziere.fr\/blog\/ru\/%d0%b1%d1%80%d0%b8%d0%b6%d0%b8%d1%82-%d0%bc%d0%b0%d0%ba%d1%80%d0%be%d0%bd-%d0%be%d1%87%d0%b0%d1%80%d0%be%d0%b2%d1%8b%d0%b2%d0%b0%d0%b5%d1%82-%d0%b2%d0%b0%d1%82%d0%b8%d0%ba%d0%b0%d0%bd-%d1%81%d0%b2\/#primaryimage"},"thumbnailUrl":"https:\/\/www.sebastien-auziere.fr\/blog\/wp-content\/uploads\/2026\/04\/Brigitte-Macron-charme-le-Vatican-avec-une-elegance-discrete-vetue-de-noir-pour-une-visite-dEtat-memorable.jpg","keywords":["\u0431\u0440\u0438\u0436\u0438\u0442 \u043c\u0430\u043a\u0440\u043e\u043d","\u0432\u0435\u043b\u0438\u043a\u043e\u0435 \u0432 \u0434\u0430\u043d\u043d\u043e\u043c \u043f\u0440\u0438\u043c\u0435\u0440\u0435","\u0433\u043e\u0441\u0443\u0434\u0430\u0440\u0441\u0442\u0432\u0435\u043d\u043d\u044b\u0439 \u0432\u0438\u0437\u0438\u0442","\u0447\u0435\u0440\u043d\u043e\u0435 \u043f\u043b\u0430\u0442\u044c\u0435","\u044d\u043b\u0435\u0433\u0430\u043d\u0442\u043d\u043e\u0441\u0442\u044c \u0434\u0438\u0441\u043a\u0440\u0435\u0442\u043d\u0430\u044f"],"articleSection":["\u041d\u043e\u0432\u043e\u0441\u0442\u0438"],"inLanguage":"fr-FR","potentialAction":[{"@type":"CommentAction","name":"Comment","target":["https:\/\/www.sebastien-auziere.fr\/blog\/ru\/%d0%b1%d1%80%d0%b8%d0%b6%d0%b8%d1%82-%d0%bc%d0%b0%d0%ba%d1%80%d0%be%d0%bd-%d0%be%d1%87%d0%b0%d1%80%d0%be%d0%b2%d1%8b%d0%b2%d0%b0%d0%b5%d1%82-%d0%b2%d0%b0%d1%82%d0%b8%d0%ba%d0%b0%d0%bd-%d1%81%d0%b2\/#respond"]}]},{"@type":"WebPage","@id":"https:\/\/www.sebastien-auziere.fr\/blog\/ru\/%d0%b1%d1%80%d0%b8%d0%b6%d0%b8%d1%82-%d0%bc%d0%b0%d0%ba%d1%80%d0%be%d0%bd-%d0%be%d1%87%d0%b0%d1%80%d0%be%d0%b2%d1%8b%d0%b2%d0%b0%d0%b5%d1%82-%d0%b2%d0%b0%d1%82%d0%b8%d0%ba%d0%b0%d0%bd-%d1%81%d0%b2\/","url":"https:\/\/www.sebastien-auziere.fr\/blog\/ru\/%d0%b1%d1%80%d0%b8%d0%b6%d0%b8%d1%82-%d0%bc%d0%b0%d0%ba%d1%80%d0%be%d0%bd-%d0%be%d1%87%d0%b0%d1%80%d0%be%d0%b2%d1%8b%d0%b2%d0%b0%d0%b5%d1%82-%d0%b2%d0%b0%d1%82%d0%b8%d0%ba%d0%b0%d0%bd-%d1%81%d0%b2\/","name":"\u0411\u0440\u0438\u0436\u0438\u0442 \u041c\u0430\u043a\u0440\u043e\u043d \u043e\u0447\u0430\u0440\u043e\u0432\u044b\u0432\u0430\u0435\u0442 \u0412\u0430\u0442\u0438\u043a\u0430\u043d \u0441\u0432\u043e\u0435\u0439 \u0441\u0434\u0435\u0440\u0436\u0430\u043d\u043d\u043e\u0439 \u044d\u043b\u0435\u0433\u0430\u043d\u0442\u043d\u043e\u0441\u0442\u044c\u044e, \u043e\u0434\u0435\u0442\u0430\u044f \u0432 \u0447\u0435\u0440\u043d\u043e\u0435 \u0434\u043b\u044f \u043d\u0435\u0437\u0430\u0431\u044b\u0432\u0430\u0435\u043c\u043e\u0433\u043e \u0433\u043e\u0441\u0443\u0434\u0430\u0440\u0441\u0442\u0432\u0435\u043d\u043d\u043e\u0433\u043e \u0432\u0438\u0437\u0438\u0442\u0430 - Fan site S\u00e9bastien Auzi\u00e8re","isPartOf":{"@id":"https:\/\/www.sebastien-auziere.fr\/blog\/#website"},"primaryImageOfPage":{"@id":"https:\/\/www.sebastien-auziere.fr\/blog\/ru\/%d0%b1%d1%80%d0%b8%d0%b6%d0%b8%d1%82-%d0%bc%d0%b0%d0%ba%d1%80%d0%be%d0%bd-%d0%be%d1%87%d0%b0%d1%80%d0%be%d0%b2%d1%8b%d0%b2%d0%b0%d0%b5%d1%82-%d0%b2%d0%b0%d1%82%d0%b8%d0%ba%d0%b0%d0%bd-%d1%81%d0%b2\/#primaryimage"},"image":{"@id":"https:\/\/www.sebastien-auziere.fr\/blog\/ru\/%d0%b1%d1%80%d0%b8%d0%b6%d0%b8%d1%82-%d0%bc%d0%b0%d0%ba%d1%80%d0%be%d0%bd-%d0%be%d1%87%d0%b0%d1%80%d0%be%d0%b2%d1%8b%d0%b2%d0%b0%d0%b5%d1%82-%d0%b2%d0%b0%d1%82%d0%b8%d0%ba%d0%b0%d0%bd-%d1%81%d0%b2\/#primaryimage"},"thumbnailUrl":"https:\/\/www.sebastien-auziere.fr\/blog\/wp-content\/uploads\/2026\/04\/Brigitte-Macron-charme-le-Vatican-avec-une-elegance-discrete-vetue-de-noir-pour-une-visite-dEtat-memorable.jpg","datePublished":"2026-04-13T19:10:22+00:00","dateModified":"2026-04-13T19:10:47+00:00","description":"Brigitte Macron s\u00e9duit le Vatican avec une \u00e9l\u00e9gance discr\u00e8te en noir lors d'une visite d\u2019\u00c9tat m\u00e9morable, alliant style et respect.","breadcrumb":{"@id":"https:\/\/www.sebastien-auziere.fr\/blog\/ru\/%d0%b1%d1%80%d0%b8%d0%b6%d0%b8%d1%82-%d0%bc%d0%b0%d0%ba%d1%80%d0%be%d0%bd-%d0%be%d1%87%d0%b0%d1%80%d0%be%d0%b2%d1%8b%d0%b2%d0%b0%d0%b5%d1%82-%d0%b2%d0%b0%d1%82%d0%b8%d0%ba%d0%b0%d0%bd-%d1%81%d0%b2\/#breadcrumb"},"inLanguage":"fr-FR","potentialAction":[{"@type":"ReadAction","target":["https:\/\/www.sebastien-auziere.fr\/blog\/ru\/%d0%b1%d1%80%d0%b8%d0%b6%d0%b8%d1%82-%d0%bc%d0%b0%d0%ba%d1%80%d0%be%d0%bd-%d0%be%d1%87%d0%b0%d1%80%d0%be%d0%b2%d1%8b%d0%b2%d0%b0%d0%b5%d1%82-%d0%b2%d0%b0%d1%82%d0%b8%d0%ba%d0%b0%d0%bd-%d1%81%d0%b2\/"]}]},{"@type":"ImageObject","inLanguage":"fr-FR","@id":"https:\/\/www.sebastien-auziere.fr\/blog\/ru\/%d0%b1%d1%80%d0%b8%d0%b6%d0%b8%d1%82-%d0%bc%d0%b0%d0%ba%d1%80%d0%be%d0%bd-%d0%be%d1%87%d0%b0%d1%80%d0%be%d0%b2%d1%8b%d0%b2%d0%b0%d0%b5%d1%82-%d0%b2%d0%b0%d1%82%d0%b8%d0%ba%d0%b0%d0%bd-%d1%81%d0%b2\/#primaryimage","url":"https:\/\/www.sebastien-auziere.fr\/blog\/wp-content\/uploads\/2026\/04\/Brigitte-Macron-charme-le-Vatican-avec-une-elegance-discrete-vetue-de-noir-pour-une-visite-dEtat-memorable.jpg","contentUrl":"https:\/\/www.sebastien-auziere.fr\/blog\/wp-content\/uploads\/2026\/04\/Brigitte-Macron-charme-le-Vatican-avec-une-elegance-discrete-vetue-de-noir-pour-une-visite-dEtat-memorable.jpg","width":2560,"height":1429,"caption":"d\u00e9couvrez comment brigitte macron a s\u00e9duit le vatican par son \u00e9l\u00e9gance discr\u00e8te, v\u00eatue de noir lors d'une visite d\u2019\u00e9tat m\u00e9morable, alliant charme et respect des traditions."},{"@type":"BreadcrumbList","@id":"https:\/\/www.sebastien-auziere.fr\/blog\/ru\/%d0%b1%d1%80%d0%b8%d0%b6%d0%b8%d1%82-%d0%bc%d0%b0%d0%ba%d1%80%d0%be%d0%bd-%d0%be%d1%87%d0%b0%d1%80%d0%be%d0%b2%d1%8b%d0%b2%d0%b0%d0%b5%d1%82-%d0%b2%d0%b0%d1%82%d0%b8%d0%ba%d0%b0%d0%bd-%d1%81%d0%b2\/#breadcrumb","itemListElement":[{"@type":"ListItem","position":1,"name":"Home","item":"https:\/\/www.sebastien-auziere.fr\/blog\/"},{"@type":"ListItem","position":2,"name":"\u0411\u0440\u0438\u0436\u0438\u0442 \u041c\u0430\u043a\u0440\u043e\u043d \u043e\u0447\u0430\u0440\u043e\u0432\u044b\u0432\u0430\u0435\u0442 \u0412\u0430\u0442\u0438\u043a\u0430\u043d \u0441\u0432\u043e\u0435\u0439 \u0441\u0434\u0435\u0440\u0436\u0430\u043d\u043d\u043e\u0439 \u044d\u043b\u0435\u0433\u0430\u043d\u0442\u043d\u043e\u0441\u0442\u044c\u044e, \u043e\u0434\u0435\u0442\u0430\u044f \u0432 \u0447\u0435\u0440\u043d\u043e\u0435 \u0434\u043b\u044f \u043d\u0435\u0437\u0430\u0431\u044b\u0432\u0430\u0435\u043c\u043e\u0433\u043e \u0433\u043e\u0441\u0443\u0434\u0430\u0440\u0441\u0442\u0432\u0435\u043d\u043d\u043e\u0433\u043e \u0432\u0438\u0437\u0438\u0442\u0430"}]},{"@type":"WebSite","@id":"https:\/\/www.sebastien-auziere.fr\/blog\/#website","url":"https:\/\/www.sebastien-auziere.fr\/blog\/","name":"Fan site S\u00e9bastien Auzi\u00e8re","description":"M\u00e9dia g\u00e9n\u00e9raliste","publisher":{"@id":"https:\/\/www.sebastien-auziere.fr\/blog\/#organization"},"potentialAction":[{"@type":"SearchAction","target":{"@type":"EntryPoint","urlTemplate":"https:\/\/www.sebastien-auziere.fr\/blog\/?s={search_term_string}"},"query-input":{"@type":"PropertyValueSpecification","valueRequired":true,"valueName":"search_term_string"}}],"inLanguage":"fr-FR"},{"@type":"Organization","@id":"https:\/\/www.sebastien-auziere.fr\/blog\/#organization","name":"Fan site S\u00e9bastien Auzi\u00e8re","url":"https:\/\/www.sebastien-auziere.fr\/blog\/","logo":{"@type":"ImageObject","inLanguage":"fr-FR","@id":"https:\/\/www.sebastien-auziere.fr\/blog\/#\/schema\/logo\/image\/","url":"https:\/\/www.sebastien-auziere.fr\/blog\/wp-content\/uploads\/2026\/03\/cropped-cropped-cropped-ChatGPT-Image-6-mars-2026-12_58_09-e1772798376794.jpg","contentUrl":"https:\/\/www.sebastien-auziere.fr\/blog\/wp-content\/uploads\/2026\/03\/cropped-cropped-cropped-ChatGPT-Image-6-mars-2026-12_58_09-e1772798376794.jpg","width":512,"height":360,"caption":"Fan site S\u00e9bastien Auzi\u00e8re"},"image":{"@id":"https:\/\/www.sebastien-auziere.fr\/blog\/#\/schema\/logo\/image\/"}},{"@type":"Person","@id":"https:\/\/www.sebastien-auziere.fr\/blog\/#\/schema\/person\/149f1acdbfd85149c6c3e59adeae2f4d","name":"Chloe Gauthier","image":{"@type":"ImageObject","inLanguage":"fr-FR","@id":"https:\/\/secure.gravatar.com\/avatar\/2c5722f58171cff738a8985ef0dd66b476e563753246a49019befc837ec4201a?s=96&d=mm&r=g","url":"https:\/\/secure.gravatar.com\/avatar\/2c5722f58171cff738a8985ef0dd66b476e563753246a49019befc837ec4201a?s=96&d=mm&r=g","contentUrl":"https:\/\/secure.gravatar.com\/avatar\/2c5722f58171cff738a8985ef0dd66b476e563753246a49019befc837ec4201a?s=96&d=mm&r=g","caption":"Chloe Gauthier"},"description":"Passionn\u00e9e par la politique et admiratrice engag\u00e9e de la famille Macron, je consacre mon \u00e9nergie \u00e0 suivre leurs initiatives et \u00e0 promouvoir leurs id\u00e9es. \u00c0 32 ans, je suis convaincue que leur vision est porteuse d'avenir.","url":"https:\/\/www.sebastien-auziere.fr\/blog\/author\/chloe-gauthier\/"}]}},"views":3,"_links":{"self":[{"href":"https:\/\/www.sebastien-auziere.fr\/blog\/wp-json\/wp\/v2\/posts\/3002","targetHints":{"allow":["GET"]}}],"collection":[{"href":"https:\/\/www.sebastien-auziere.fr\/blog\/wp-json\/wp\/v2\/posts"}],"about":[{"href":"https:\/\/www.sebastien-auziere.fr\/blog\/wp-json\/wp\/v2\/types\/post"}],"author":[{"embeddable":true,"href":"https:\/\/www.sebastien-auziere.fr\/blog\/wp-json\/wp\/v2\/users\/9"}],"replies":[{"embeddable":true,"href":"https:\/\/www.sebastien-auziere.fr\/blog\/wp-json\/wp\/v2\/comments?post=3002"}],"version-history":[{"count":1,"href":"https:\/\/www.sebastien-auziere.fr\/blog\/wp-json\/wp\/v2\/posts\/3002\/revisions"}],"predecessor-version":[{"id":3003,"href":"https:\/\/www.sebastien-auziere.fr\/blog\/wp-json\/wp\/v2\/posts\/3002\/revisions\/3003"}],"wp:featuredmedia":[{"embeddable":true,"href":"https:\/\/www.sebastien-auziere.fr\/blog\/wp-json\/wp\/v2\/media\/2990"}],"wp:attachment":[{"href":"https:\/\/www.sebastien-auziere.fr\/blog\/wp-json\/wp\/v2\/media?parent=3002"}],"wp:term":[{"taxonomy":"category","embeddable":true,"href":"https:\/\/www.sebastien-auziere.fr\/blog\/wp-json\/wp\/v2\/categories?post=3002"},{"taxonomy":"post_tag","embeddable":true,"href":"https:\/\/www.sebastien-auziere.fr\/blog\/wp-json\/wp\/v2\/tags?post=3002"}],"curies":[{"name":"wp","href":"https:\/\/api.w.org\/{rel}","templated":true}]}}