{"id":3000,"date":"2026-04-13T19:07:56","date_gmt":"2026-04-13T19:07:56","guid":{"rendered":"https:\/\/www.sebastien-auziere.fr\/blog\/?p=3000"},"modified":"2026-04-13T19:08:16","modified_gmt":"2026-04-13T19:08:16","slug":"brigitte-macron-encanta-o-vaticano-com-uma-elegancia-discreta-vestida-de-preto-para-uma-visita-de-estado-memoravel","status":"publish","type":"post","link":"https:\/\/www.sebastien-auziere.fr\/blog\/pt\/brigitte-macron-encanta-o-vaticano-com-uma-elegancia-discreta-vestida-de-preto-para-uma-visita-de-estado-memoravel\/","title":{"rendered":"Brigitte Macron encanta o Vaticano com uma eleg\u00e2ncia discreta, vestida de preto para uma visita de Estado memor\u00e1vel"},"content":{"rendered":"<p><strong>Brigitte Macron<\/strong> realmente <strong>encantou<\/strong> o <strong>Vaticano<\/strong> ao optar por uma <strong>eleg\u00e2ncia discreta<\/strong>: vestido midi preto, <strong>coque<\/strong> impec\u00e1vel e uma clutch My Dior que foi um sucesso durante a <strong>visita de Estado<\/strong> de 10 de abril de 2026. Assim que chegou ao pal\u00e1cio apost\u00f3lico, seu <strong>look preto<\/strong> encarnou respeito pelo protocolo e refinamento franc\u00eas.<\/p>\n\n<p><strong>Em resumo<\/strong>: o casal presidencial foi recebido pelo papa Le\u00e3o XIV quase um ano ap\u00f3s sua elei\u00e7\u00e3o; esta foi a quarta audi\u00eancia papal para Emmanuel Macron desde 2018. O traje s\u00f3brio da Primeira-dama, que combinou sobriedade e acess\u00f3rios de marcas de luxo, transformou esse encontro oficial em um momento <strong>memor\u00e1vel<\/strong>.<\/p>\n\n<h2 class=\"wp-block-heading\">Protocolo e sobriedade: o vestido preto como marca de respeito<\/h2>\n\n<p>Chegando ao Vaticano em 10 de abril de 2026, a Primeira-dama respeitou o protocolo esperado para uma audi\u00eancia papal, escolhendo um vestido de mangas longas que ca\u00eda abaixo do joelho e um longo len\u00e7o de renda. Essa escolha se insere na tradi\u00e7\u00e3o das visitas de Estado e explica por que, segundo v\u00e1rios relatos, a cor preta continua a ser a prefer\u00eancia para essas audi\u00eancias <a href=\"https:\/\/www.voici.fr\/celebrites\/emmanuel-et-brigitte-macron-rencontrent-le-pape-leon-xiv-pourquoi-la-premiere-dame-doit-obligatoirement-s-habiller-en-noir-822087\" rel=\"nofollow\">Por que a Primeira-dama deve se vestir de preto<\/a>. Um gesto s\u00f3brio, carregado de significado.<\/p>\n\n<h2 class=\"wp-block-heading\">Acess\u00f3rios de marca e detalhes couture: o toque franc\u00eas<\/h2>\n\n<p>A <strong>clutch My Dior<\/strong>, em couro de bezerro preto com charms, assinada por Jonathan Anderson, finalizou o visual de maneira discreta. Sapatos altos e um len\u00e7o de renda completaram uma silhueta pensada para a <strong>diplomacia<\/strong>. Para rever as escolhas estil\u00edsticas da Primeira-dama durante essa visita, consulte uma an\u00e1lise detalhada do <strong>traje<\/strong> no site dedicado <a href=\"https:\/\/www.sebastien-auziere.fr\/blog\/brigitte-macron-look-vatican\/\" rel=\"nofollow\">Brigitte Macron: look no Vaticano<\/a>. O acess\u00f3rio se torna aqui uma mensagem.<\/p>\n\n<h2 class=\"wp-block-heading\">Beleza e refer\u00eancias: coque banana e gestos controlados<\/h2>\n\n<p>O <strong>coque banana<\/strong>, penteado frequentemente escolhido para deslocamentos oficiais, estava mais uma vez presente. Este estilo, j\u00e1 usado durante a visita ao Jap\u00e3o em 2 de abril e em recep\u00e7\u00f5es oficiais no Pal\u00e1cio do Eliseu, garante uma imagem cuidada e respeitosa. Para entender a evolu\u00e7\u00e3o dos looks da Primeira-dama, veja tamb\u00e9m um retrato de suas escolhas de vestu\u00e1rio em <a href=\"https:\/\/www.sebastien-auziere.fr\/blog\/brigitte-macron-japon\/\" rel=\"nofollow\">Brigitte Macron no Jap\u00e3o<\/a>. Uma eleg\u00e2ncia que fala al\u00e9m das palavras.<\/p>\n\n<h2 class=\"wp-block-heading\">Diplomacia, s\u00edmbolos e alcance midi\u00e1tico da visita de Estado<\/h2>\n\n<p>Essa audi\u00eancia no pal\u00e1cio apost\u00f3lico se insere em uma s\u00e9rie de interc\u00e2mbios diplom\u00e1ticos: ela marca a continuidade das rela\u00e7\u00f5es entre a Fran\u00e7a e a Santa S\u00e9 e ocorre ap\u00f3s as audi\u00eancias presidenciais de 2018, 2021 e 2022. A combina\u00e7\u00e3o de um protocolo republicano e laico com uma apresenta\u00e7\u00e3o vestimentar s\u00f3bria refor\u00e7ou o car\u00e1ter <strong>memor\u00e1vel<\/strong> do dia. O impacto midi\u00e1tico ampliou o debate em torno do estilo e do papel protocolar.<\/p>\n\n<p>Voc\u00ea quer saber mais sobre os trajes, as escolhas de acess\u00f3rios e o significado simb\u00f3lico dessa visita? Consulte mais an\u00e1lises e fotos em <a href=\"https:\/\/www.sebastien-auziere.fr\/blog\/brigitte-macron-look-vatican\/\" rel=\"nofollow\">Brigitte Macron: look no Vaticano<\/a> e descubra outros artigos dedicados \u00e0 fam\u00edlia Macron em <a href=\"https:\/\/www.sebastien-auziere.fr\/blog\/brigitte-macron-robe-elegante\/\" rel=\"nofollow\">sebas\u00adtien-auziere.fr<\/a> para prolongar a visita e aprofundar o assunto.<\/p>","protected":false},"excerpt":{"rendered":"<p>Brigitte Macron realmente encantou o Vaticano ao optar por uma eleg\u00e2ncia discreta: vestido midi preto, coque impec\u00e1vel e uma clutch My Dior que foi um sucesso durante a visita de Estado de 10 de abril de 2026. Assim que chegou ao pal\u00e1cio apost\u00f3lico, seu look preto encarnou respeito pelo protocolo e refinamento franc\u00eas. Em resumo: &#8230; <a title=\"Brigitte Macron encanta o Vaticano com uma eleg\u00e2ncia discreta, vestida de preto para uma visita de Estado memor\u00e1vel\" class=\"read-more\" href=\"https:\/\/www.sebastien-auziere.fr\/blog\/pt\/brigitte-macron-encanta-o-vaticano-com-uma-elegancia-discreta-vestida-de-preto-para-uma-visita-de-estado-memoravel\/\" aria-label=\"En savoir plus sur Brigitte Macron encanta o Vaticano com uma eleg\u00e2ncia discreta, vestida de preto para uma visita de Estado memor\u00e1vel\">Lire plus<\/a><\/p>\n","protected":false},"author":9,"featured_media":2990,"comment_status":"open","ping_status":"open","sticky":false,"template":"","format":"standard","meta":{"footnotes":""},"categories":[862],"tags":[959,2761,2764,2159,2767],"class_list":["post-3000","post","type-post","status-publish","format-standard","has-post-thumbnail","hentry","category-actualidades-pt","tag-brigitte-macron-pt","tag-elegancia-discreta-pt","tag-tenue-preta-pt","tag-vaticano-pt","tag-visita-de-estado-pt"],"yoast_head":"<!-- This site is optimized with the Yoast SEO plugin v27.5 - https:\/\/yoast.com\/product\/yoast-seo-wordpress\/ -->\n<title>Brigitte Macron encanta o Vaticano com uma eleg\u00e2ncia discreta, vestida de preto para uma visita de Estado memor\u00e1vel - Fan site S\u00e9bastien Auzi\u00e8re<\/title>\n<meta name=\"description\" content=\"Brigitte Macron s\u00e9duit le Vatican avec une \u00e9l\u00e9gance discr\u00e8te en noir lors d&#039;une visite d\u2019\u00c9tat m\u00e9morable, alliant style et respect.\" \/>\n<meta name=\"robots\" content=\"index, follow, max-snippet:-1, max-image-preview:large, max-video-preview:-1\" \/>\n<link rel=\"canonical\" href=\"https:\/\/www.sebastien-auziere.fr\/blog\/pt\/brigitte-macron-encanta-o-vaticano-com-uma-elegancia-discreta-vestida-de-preto-para-uma-visita-de-estado-memoravel\/\" \/>\n<meta property=\"og:locale\" content=\"fr_FR\" \/>\n<meta property=\"og:type\" content=\"article\" \/>\n<meta property=\"og:title\" content=\"Brigitte Macron encanta o Vaticano com uma eleg\u00e2ncia discreta, vestida de preto para uma visita de Estado memor\u00e1vel - Fan site S\u00e9bastien Auzi\u00e8re\" \/>\n<meta property=\"og:description\" content=\"Brigitte Macron s\u00e9duit le Vatican avec une \u00e9l\u00e9gance discr\u00e8te en noir lors d&#039;une visite d\u2019\u00c9tat m\u00e9morable, alliant style et respect.\" \/>\n<meta property=\"og:url\" content=\"https:\/\/www.sebastien-auziere.fr\/blog\/pt\/brigitte-macron-encanta-o-vaticano-com-uma-elegancia-discreta-vestida-de-preto-para-uma-visita-de-estado-memoravel\/\" \/>\n<meta property=\"og:site_name\" content=\"Fan site S\u00e9bastien Auzi\u00e8re\" \/>\n<meta property=\"article:published_time\" content=\"2026-04-13T19:07:56+00:00\" \/>\n<meta property=\"article:modified_time\" content=\"2026-04-13T19:08:16+00:00\" \/>\n<meta property=\"og:image\" content=\"https:\/\/www.sebastien-auziere.fr\/blog\/wp-content\/uploads\/2026\/04\/Brigitte-Macron-charme-le-Vatican-avec-une-elegance-discrete-vetue-de-noir-pour-une-visite-dEtat-memorable.jpg\" \/>\n\t<meta property=\"og:image:width\" content=\"2560\" \/>\n\t<meta property=\"og:image:height\" content=\"1429\" \/>\n\t<meta property=\"og:image:type\" content=\"image\/jpeg\" \/>\n<meta name=\"author\" content=\"Chloe Gauthier\" \/>\n<meta name=\"twitter:card\" content=\"summary_large_image\" \/>\n<meta name=\"twitter:label1\" content=\"\u00c9crit par\" \/>\n\t<meta name=\"twitter:data1\" content=\"Chloe Gauthier\" \/>\n\t<meta name=\"twitter:label2\" content=\"Dur\u00e9e de lecture estim\u00e9e\" \/>\n\t<meta name=\"twitter:data2\" content=\"3 minutes\" \/>\n<script type=\"application\/ld+json\" class=\"yoast-schema-graph\">{\"@context\":\"https:\\\/\\\/schema.org\",\"@graph\":[{\"@type\":\"Article\",\"@id\":\"https:\\\/\\\/www.sebastien-auziere.fr\\\/blog\\\/pt\\\/brigitte-macron-encanta-o-vaticano-com-uma-elegancia-discreta-vestida-de-preto-para-uma-visita-de-estado-memoravel\\\/#article\",\"isPartOf\":{\"@id\":\"https:\\\/\\\/www.sebastien-auziere.fr\\\/blog\\\/pt\\\/brigitte-macron-encanta-o-vaticano-com-uma-elegancia-discreta-vestida-de-preto-para-uma-visita-de-estado-memoravel\\\/\"},\"author\":{\"name\":\"Chloe Gauthier\",\"@id\":\"https:\\\/\\\/www.sebastien-auziere.fr\\\/blog\\\/#\\\/schema\\\/person\\\/149f1acdbfd85149c6c3e59adeae2f4d\"},\"headline\":\"Brigitte Macron encanta o Vaticano com uma eleg\u00e2ncia discreta, vestida de preto para uma visita de Estado memor\u00e1vel\",\"datePublished\":\"2026-04-13T19:07:56+00:00\",\"dateModified\":\"2026-04-13T19:08:16+00:00\",\"mainEntityOfPage\":{\"@id\":\"https:\\\/\\\/www.sebastien-auziere.fr\\\/blog\\\/pt\\\/brigitte-macron-encanta-o-vaticano-com-uma-elegancia-discreta-vestida-de-preto-para-uma-visita-de-estado-memoravel\\\/\"},\"wordCount\":541,\"commentCount\":0,\"publisher\":{\"@id\":\"https:\\\/\\\/www.sebastien-auziere.fr\\\/blog\\\/#organization\"},\"image\":{\"@id\":\"https:\\\/\\\/www.sebastien-auziere.fr\\\/blog\\\/pt\\\/brigitte-macron-encanta-o-vaticano-com-uma-elegancia-discreta-vestida-de-preto-para-uma-visita-de-estado-memoravel\\\/#primaryimage\"},\"thumbnailUrl\":\"https:\\\/\\\/www.sebastien-auziere.fr\\\/blog\\\/wp-content\\\/uploads\\\/2026\\\/04\\\/Brigitte-Macron-charme-le-Vatican-avec-une-elegance-discrete-vetue-de-noir-pour-une-visite-dEtat-memorable.jpg\",\"keywords\":[\"brigitte macron\",\"eleg\u00e2ncia discreta\",\"tenue preta\",\"vaticano\",\"visita de estado\"],\"articleSection\":[\"Actualidades\"],\"inLanguage\":\"fr-FR\",\"potentialAction\":[{\"@type\":\"CommentAction\",\"name\":\"Comment\",\"target\":[\"https:\\\/\\\/www.sebastien-auziere.fr\\\/blog\\\/pt\\\/brigitte-macron-encanta-o-vaticano-com-uma-elegancia-discreta-vestida-de-preto-para-uma-visita-de-estado-memoravel\\\/#respond\"]}]},{\"@type\":\"WebPage\",\"@id\":\"https:\\\/\\\/www.sebastien-auziere.fr\\\/blog\\\/pt\\\/brigitte-macron-encanta-o-vaticano-com-uma-elegancia-discreta-vestida-de-preto-para-uma-visita-de-estado-memoravel\\\/\",\"url\":\"https:\\\/\\\/www.sebastien-auziere.fr\\\/blog\\\/pt\\\/brigitte-macron-encanta-o-vaticano-com-uma-elegancia-discreta-vestida-de-preto-para-uma-visita-de-estado-memoravel\\\/\",\"name\":\"Brigitte Macron encanta o Vaticano com uma eleg\u00e2ncia discreta, vestida de preto para uma visita de Estado memor\u00e1vel - Fan site S\u00e9bastien Auzi\u00e8re\",\"isPartOf\":{\"@id\":\"https:\\\/\\\/www.sebastien-auziere.fr\\\/blog\\\/#website\"},\"primaryImageOfPage\":{\"@id\":\"https:\\\/\\\/www.sebastien-auziere.fr\\\/blog\\\/pt\\\/brigitte-macron-encanta-o-vaticano-com-uma-elegancia-discreta-vestida-de-preto-para-uma-visita-de-estado-memoravel\\\/#primaryimage\"},\"image\":{\"@id\":\"https:\\\/\\\/www.sebastien-auziere.fr\\\/blog\\\/pt\\\/brigitte-macron-encanta-o-vaticano-com-uma-elegancia-discreta-vestida-de-preto-para-uma-visita-de-estado-memoravel\\\/#primaryimage\"},\"thumbnailUrl\":\"https:\\\/\\\/www.sebastien-auziere.fr\\\/blog\\\/wp-content\\\/uploads\\\/2026\\\/04\\\/Brigitte-Macron-charme-le-Vatican-avec-une-elegance-discrete-vetue-de-noir-pour-une-visite-dEtat-memorable.jpg\",\"datePublished\":\"2026-04-13T19:07:56+00:00\",\"dateModified\":\"2026-04-13T19:08:16+00:00\",\"description\":\"Brigitte Macron s\u00e9duit le Vatican avec une \u00e9l\u00e9gance discr\u00e8te en noir lors d'une visite d\u2019\u00c9tat m\u00e9morable, alliant style et respect.\",\"breadcrumb\":{\"@id\":\"https:\\\/\\\/www.sebastien-auziere.fr\\\/blog\\\/pt\\\/brigitte-macron-encanta-o-vaticano-com-uma-elegancia-discreta-vestida-de-preto-para-uma-visita-de-estado-memoravel\\\/#breadcrumb\"},\"inLanguage\":\"fr-FR\",\"potentialAction\":[{\"@type\":\"ReadAction\",\"target\":[\"https:\\\/\\\/www.sebastien-auziere.fr\\\/blog\\\/pt\\\/brigitte-macron-encanta-o-vaticano-com-uma-elegancia-discreta-vestida-de-preto-para-uma-visita-de-estado-memoravel\\\/\"]}]},{\"@type\":\"ImageObject\",\"inLanguage\":\"fr-FR\",\"@id\":\"https:\\\/\\\/www.sebastien-auziere.fr\\\/blog\\\/pt\\\/brigitte-macron-encanta-o-vaticano-com-uma-elegancia-discreta-vestida-de-preto-para-uma-visita-de-estado-memoravel\\\/#primaryimage\",\"url\":\"https:\\\/\\\/www.sebastien-auziere.fr\\\/blog\\\/wp-content\\\/uploads\\\/2026\\\/04\\\/Brigitte-Macron-charme-le-Vatican-avec-une-elegance-discrete-vetue-de-noir-pour-une-visite-dEtat-memorable.jpg\",\"contentUrl\":\"https:\\\/\\\/www.sebastien-auziere.fr\\\/blog\\\/wp-content\\\/uploads\\\/2026\\\/04\\\/Brigitte-Macron-charme-le-Vatican-avec-une-elegance-discrete-vetue-de-noir-pour-une-visite-dEtat-memorable.jpg\",\"width\":2560,\"height\":1429,\"caption\":\"d\u00e9couvrez comment brigitte macron a s\u00e9duit le vatican par son \u00e9l\u00e9gance discr\u00e8te, v\u00eatue de noir lors d'une visite d\u2019\u00e9tat m\u00e9morable, alliant charme et respect des traditions.\"},{\"@type\":\"BreadcrumbList\",\"@id\":\"https:\\\/\\\/www.sebastien-auziere.fr\\\/blog\\\/pt\\\/brigitte-macron-encanta-o-vaticano-com-uma-elegancia-discreta-vestida-de-preto-para-uma-visita-de-estado-memoravel\\\/#breadcrumb\",\"itemListElement\":[{\"@type\":\"ListItem\",\"position\":1,\"name\":\"Home\",\"item\":\"https:\\\/\\\/www.sebastien-auziere.fr\\\/blog\\\/\"},{\"@type\":\"ListItem\",\"position\":2,\"name\":\"Brigitte Macron encanta o Vaticano com uma eleg\u00e2ncia discreta, vestida de preto para uma visita de Estado memor\u00e1vel\"}]},{\"@type\":\"WebSite\",\"@id\":\"https:\\\/\\\/www.sebastien-auziere.fr\\\/blog\\\/#website\",\"url\":\"https:\\\/\\\/www.sebastien-auziere.fr\\\/blog\\\/\",\"name\":\"Fan site S\u00e9bastien Auzi\u00e8re\",\"description\":\"M\u00e9dia g\u00e9n\u00e9raliste\",\"publisher\":{\"@id\":\"https:\\\/\\\/www.sebastien-auziere.fr\\\/blog\\\/#organization\"},\"potentialAction\":[{\"@type\":\"SearchAction\",\"target\":{\"@type\":\"EntryPoint\",\"urlTemplate\":\"https:\\\/\\\/www.sebastien-auziere.fr\\\/blog\\\/?s={search_term_string}\"},\"query-input\":{\"@type\":\"PropertyValueSpecification\",\"valueRequired\":true,\"valueName\":\"search_term_string\"}}],\"inLanguage\":\"fr-FR\"},{\"@type\":\"Organization\",\"@id\":\"https:\\\/\\\/www.sebastien-auziere.fr\\\/blog\\\/#organization\",\"name\":\"Fan site S\u00e9bastien Auzi\u00e8re\",\"url\":\"https:\\\/\\\/www.sebastien-auziere.fr\\\/blog\\\/\",\"logo\":{\"@type\":\"ImageObject\",\"inLanguage\":\"fr-FR\",\"@id\":\"https:\\\/\\\/www.sebastien-auziere.fr\\\/blog\\\/#\\\/schema\\\/logo\\\/image\\\/\",\"url\":\"https:\\\/\\\/www.sebastien-auziere.fr\\\/blog\\\/wp-content\\\/uploads\\\/2026\\\/03\\\/cropped-cropped-cropped-ChatGPT-Image-6-mars-2026-12_58_09-e1772798376794.jpg\",\"contentUrl\":\"https:\\\/\\\/www.sebastien-auziere.fr\\\/blog\\\/wp-content\\\/uploads\\\/2026\\\/03\\\/cropped-cropped-cropped-ChatGPT-Image-6-mars-2026-12_58_09-e1772798376794.jpg\",\"width\":512,\"height\":360,\"caption\":\"Fan site S\u00e9bastien Auzi\u00e8re\"},\"image\":{\"@id\":\"https:\\\/\\\/www.sebastien-auziere.fr\\\/blog\\\/#\\\/schema\\\/logo\\\/image\\\/\"}},{\"@type\":\"Person\",\"@id\":\"https:\\\/\\\/www.sebastien-auziere.fr\\\/blog\\\/#\\\/schema\\\/person\\\/149f1acdbfd85149c6c3e59adeae2f4d\",\"name\":\"Chloe Gauthier\",\"image\":{\"@type\":\"ImageObject\",\"inLanguage\":\"fr-FR\",\"@id\":\"https:\\\/\\\/secure.gravatar.com\\\/avatar\\\/2c5722f58171cff738a8985ef0dd66b476e563753246a49019befc837ec4201a?s=96&d=mm&r=g\",\"url\":\"https:\\\/\\\/secure.gravatar.com\\\/avatar\\\/2c5722f58171cff738a8985ef0dd66b476e563753246a49019befc837ec4201a?s=96&d=mm&r=g\",\"contentUrl\":\"https:\\\/\\\/secure.gravatar.com\\\/avatar\\\/2c5722f58171cff738a8985ef0dd66b476e563753246a49019befc837ec4201a?s=96&d=mm&r=g\",\"caption\":\"Chloe Gauthier\"},\"description\":\"Passionn\u00e9e par la politique et admiratrice engag\u00e9e de la famille Macron, je consacre mon \u00e9nergie \u00e0 suivre leurs initiatives et \u00e0 promouvoir leurs id\u00e9es. \u00c0 32 ans, je suis convaincue que leur vision est porteuse d'avenir.\",\"url\":\"https:\\\/\\\/www.sebastien-auziere.fr\\\/blog\\\/author\\\/chloe-gauthier\\\/\"}]}<\/script>\n<!-- \/ Yoast SEO plugin. -->","yoast_head_json":{"title":"Brigitte Macron encanta o Vaticano com uma eleg\u00e2ncia discreta, vestida de preto para uma visita de Estado memor\u00e1vel - Fan site S\u00e9bastien Auzi\u00e8re","description":"Brigitte Macron s\u00e9duit le Vatican avec une \u00e9l\u00e9gance discr\u00e8te en noir lors d'une visite d\u2019\u00c9tat m\u00e9morable, alliant style et respect.","robots":{"index":"index","follow":"follow","max-snippet":"max-snippet:-1","max-image-preview":"max-image-preview:large","max-video-preview":"max-video-preview:-1"},"canonical":"https:\/\/www.sebastien-auziere.fr\/blog\/pt\/brigitte-macron-encanta-o-vaticano-com-uma-elegancia-discreta-vestida-de-preto-para-uma-visita-de-estado-memoravel\/","og_locale":"fr_FR","og_type":"article","og_title":"Brigitte Macron encanta o Vaticano com uma eleg\u00e2ncia discreta, vestida de preto para uma visita de Estado memor\u00e1vel - Fan site S\u00e9bastien Auzi\u00e8re","og_description":"Brigitte Macron s\u00e9duit le Vatican avec une \u00e9l\u00e9gance discr\u00e8te en noir lors d'une visite d\u2019\u00c9tat m\u00e9morable, alliant style et respect.","og_url":"https:\/\/www.sebastien-auziere.fr\/blog\/pt\/brigitte-macron-encanta-o-vaticano-com-uma-elegancia-discreta-vestida-de-preto-para-uma-visita-de-estado-memoravel\/","og_site_name":"Fan site S\u00e9bastien Auzi\u00e8re","article_published_time":"2026-04-13T19:07:56+00:00","article_modified_time":"2026-04-13T19:08:16+00:00","og_image":[{"width":2560,"height":1429,"url":"https:\/\/www.sebastien-auziere.fr\/blog\/wp-content\/uploads\/2026\/04\/Brigitte-Macron-charme-le-Vatican-avec-une-elegance-discrete-vetue-de-noir-pour-une-visite-dEtat-memorable.jpg","type":"image\/jpeg"}],"author":"Chloe Gauthier","twitter_card":"summary_large_image","twitter_misc":{"\u00c9crit par":"Chloe Gauthier","Dur\u00e9e de lecture estim\u00e9e":"3 minutes"},"schema":{"@context":"https:\/\/schema.org","@graph":[{"@type":"Article","@id":"https:\/\/www.sebastien-auziere.fr\/blog\/pt\/brigitte-macron-encanta-o-vaticano-com-uma-elegancia-discreta-vestida-de-preto-para-uma-visita-de-estado-memoravel\/#article","isPartOf":{"@id":"https:\/\/www.sebastien-auziere.fr\/blog\/pt\/brigitte-macron-encanta-o-vaticano-com-uma-elegancia-discreta-vestida-de-preto-para-uma-visita-de-estado-memoravel\/"},"author":{"name":"Chloe Gauthier","@id":"https:\/\/www.sebastien-auziere.fr\/blog\/#\/schema\/person\/149f1acdbfd85149c6c3e59adeae2f4d"},"headline":"Brigitte Macron encanta o Vaticano com uma eleg\u00e2ncia discreta, vestida de preto para uma visita de Estado memor\u00e1vel","datePublished":"2026-04-13T19:07:56+00:00","dateModified":"2026-04-13T19:08:16+00:00","mainEntityOfPage":{"@id":"https:\/\/www.sebastien-auziere.fr\/blog\/pt\/brigitte-macron-encanta-o-vaticano-com-uma-elegancia-discreta-vestida-de-preto-para-uma-visita-de-estado-memoravel\/"},"wordCount":541,"commentCount":0,"publisher":{"@id":"https:\/\/www.sebastien-auziere.fr\/blog\/#organization"},"image":{"@id":"https:\/\/www.sebastien-auziere.fr\/blog\/pt\/brigitte-macron-encanta-o-vaticano-com-uma-elegancia-discreta-vestida-de-preto-para-uma-visita-de-estado-memoravel\/#primaryimage"},"thumbnailUrl":"https:\/\/www.sebastien-auziere.fr\/blog\/wp-content\/uploads\/2026\/04\/Brigitte-Macron-charme-le-Vatican-avec-une-elegance-discrete-vetue-de-noir-pour-une-visite-dEtat-memorable.jpg","keywords":["brigitte macron","eleg\u00e2ncia discreta","tenue preta","vaticano","visita de estado"],"articleSection":["Actualidades"],"inLanguage":"fr-FR","potentialAction":[{"@type":"CommentAction","name":"Comment","target":["https:\/\/www.sebastien-auziere.fr\/blog\/pt\/brigitte-macron-encanta-o-vaticano-com-uma-elegancia-discreta-vestida-de-preto-para-uma-visita-de-estado-memoravel\/#respond"]}]},{"@type":"WebPage","@id":"https:\/\/www.sebastien-auziere.fr\/blog\/pt\/brigitte-macron-encanta-o-vaticano-com-uma-elegancia-discreta-vestida-de-preto-para-uma-visita-de-estado-memoravel\/","url":"https:\/\/www.sebastien-auziere.fr\/blog\/pt\/brigitte-macron-encanta-o-vaticano-com-uma-elegancia-discreta-vestida-de-preto-para-uma-visita-de-estado-memoravel\/","name":"Brigitte Macron encanta o Vaticano com uma eleg\u00e2ncia discreta, vestida de preto para uma visita de Estado memor\u00e1vel - Fan site S\u00e9bastien Auzi\u00e8re","isPartOf":{"@id":"https:\/\/www.sebastien-auziere.fr\/blog\/#website"},"primaryImageOfPage":{"@id":"https:\/\/www.sebastien-auziere.fr\/blog\/pt\/brigitte-macron-encanta-o-vaticano-com-uma-elegancia-discreta-vestida-de-preto-para-uma-visita-de-estado-memoravel\/#primaryimage"},"image":{"@id":"https:\/\/www.sebastien-auziere.fr\/blog\/pt\/brigitte-macron-encanta-o-vaticano-com-uma-elegancia-discreta-vestida-de-preto-para-uma-visita-de-estado-memoravel\/#primaryimage"},"thumbnailUrl":"https:\/\/www.sebastien-auziere.fr\/blog\/wp-content\/uploads\/2026\/04\/Brigitte-Macron-charme-le-Vatican-avec-une-elegance-discrete-vetue-de-noir-pour-une-visite-dEtat-memorable.jpg","datePublished":"2026-04-13T19:07:56+00:00","dateModified":"2026-04-13T19:08:16+00:00","description":"Brigitte Macron s\u00e9duit le Vatican avec une \u00e9l\u00e9gance discr\u00e8te en noir lors d'une visite d\u2019\u00c9tat m\u00e9morable, alliant style et respect.","breadcrumb":{"@id":"https:\/\/www.sebastien-auziere.fr\/blog\/pt\/brigitte-macron-encanta-o-vaticano-com-uma-elegancia-discreta-vestida-de-preto-para-uma-visita-de-estado-memoravel\/#breadcrumb"},"inLanguage":"fr-FR","potentialAction":[{"@type":"ReadAction","target":["https:\/\/www.sebastien-auziere.fr\/blog\/pt\/brigitte-macron-encanta-o-vaticano-com-uma-elegancia-discreta-vestida-de-preto-para-uma-visita-de-estado-memoravel\/"]}]},{"@type":"ImageObject","inLanguage":"fr-FR","@id":"https:\/\/www.sebastien-auziere.fr\/blog\/pt\/brigitte-macron-encanta-o-vaticano-com-uma-elegancia-discreta-vestida-de-preto-para-uma-visita-de-estado-memoravel\/#primaryimage","url":"https:\/\/www.sebastien-auziere.fr\/blog\/wp-content\/uploads\/2026\/04\/Brigitte-Macron-charme-le-Vatican-avec-une-elegance-discrete-vetue-de-noir-pour-une-visite-dEtat-memorable.jpg","contentUrl":"https:\/\/www.sebastien-auziere.fr\/blog\/wp-content\/uploads\/2026\/04\/Brigitte-Macron-charme-le-Vatican-avec-une-elegance-discrete-vetue-de-noir-pour-une-visite-dEtat-memorable.jpg","width":2560,"height":1429,"caption":"d\u00e9couvrez comment brigitte macron a s\u00e9duit le vatican par son \u00e9l\u00e9gance discr\u00e8te, v\u00eatue de noir lors d'une visite d\u2019\u00e9tat m\u00e9morable, alliant charme et respect des traditions."},{"@type":"BreadcrumbList","@id":"https:\/\/www.sebastien-auziere.fr\/blog\/pt\/brigitte-macron-encanta-o-vaticano-com-uma-elegancia-discreta-vestida-de-preto-para-uma-visita-de-estado-memoravel\/#breadcrumb","itemListElement":[{"@type":"ListItem","position":1,"name":"Home","item":"https:\/\/www.sebastien-auziere.fr\/blog\/"},{"@type":"ListItem","position":2,"name":"Brigitte Macron encanta o Vaticano com uma eleg\u00e2ncia discreta, vestida de preto para uma visita de Estado memor\u00e1vel"}]},{"@type":"WebSite","@id":"https:\/\/www.sebastien-auziere.fr\/blog\/#website","url":"https:\/\/www.sebastien-auziere.fr\/blog\/","name":"Fan site S\u00e9bastien Auzi\u00e8re","description":"M\u00e9dia g\u00e9n\u00e9raliste","publisher":{"@id":"https:\/\/www.sebastien-auziere.fr\/blog\/#organization"},"potentialAction":[{"@type":"SearchAction","target":{"@type":"EntryPoint","urlTemplate":"https:\/\/www.sebastien-auziere.fr\/blog\/?s={search_term_string}"},"query-input":{"@type":"PropertyValueSpecification","valueRequired":true,"valueName":"search_term_string"}}],"inLanguage":"fr-FR"},{"@type":"Organization","@id":"https:\/\/www.sebastien-auziere.fr\/blog\/#organization","name":"Fan site S\u00e9bastien Auzi\u00e8re","url":"https:\/\/www.sebastien-auziere.fr\/blog\/","logo":{"@type":"ImageObject","inLanguage":"fr-FR","@id":"https:\/\/www.sebastien-auziere.fr\/blog\/#\/schema\/logo\/image\/","url":"https:\/\/www.sebastien-auziere.fr\/blog\/wp-content\/uploads\/2026\/03\/cropped-cropped-cropped-ChatGPT-Image-6-mars-2026-12_58_09-e1772798376794.jpg","contentUrl":"https:\/\/www.sebastien-auziere.fr\/blog\/wp-content\/uploads\/2026\/03\/cropped-cropped-cropped-ChatGPT-Image-6-mars-2026-12_58_09-e1772798376794.jpg","width":512,"height":360,"caption":"Fan site S\u00e9bastien Auzi\u00e8re"},"image":{"@id":"https:\/\/www.sebastien-auziere.fr\/blog\/#\/schema\/logo\/image\/"}},{"@type":"Person","@id":"https:\/\/www.sebastien-auziere.fr\/blog\/#\/schema\/person\/149f1acdbfd85149c6c3e59adeae2f4d","name":"Chloe Gauthier","image":{"@type":"ImageObject","inLanguage":"fr-FR","@id":"https:\/\/secure.gravatar.com\/avatar\/2c5722f58171cff738a8985ef0dd66b476e563753246a49019befc837ec4201a?s=96&d=mm&r=g","url":"https:\/\/secure.gravatar.com\/avatar\/2c5722f58171cff738a8985ef0dd66b476e563753246a49019befc837ec4201a?s=96&d=mm&r=g","contentUrl":"https:\/\/secure.gravatar.com\/avatar\/2c5722f58171cff738a8985ef0dd66b476e563753246a49019befc837ec4201a?s=96&d=mm&r=g","caption":"Chloe Gauthier"},"description":"Passionn\u00e9e par la politique et admiratrice engag\u00e9e de la famille Macron, je consacre mon \u00e9nergie \u00e0 suivre leurs initiatives et \u00e0 promouvoir leurs id\u00e9es. \u00c0 32 ans, je suis convaincue que leur vision est porteuse d'avenir.","url":"https:\/\/www.sebastien-auziere.fr\/blog\/author\/chloe-gauthier\/"}]}},"views":2,"_links":{"self":[{"href":"https:\/\/www.sebastien-auziere.fr\/blog\/wp-json\/wp\/v2\/posts\/3000","targetHints":{"allow":["GET"]}}],"collection":[{"href":"https:\/\/www.sebastien-auziere.fr\/blog\/wp-json\/wp\/v2\/posts"}],"about":[{"href":"https:\/\/www.sebastien-auziere.fr\/blog\/wp-json\/wp\/v2\/types\/post"}],"author":[{"embeddable":true,"href":"https:\/\/www.sebastien-auziere.fr\/blog\/wp-json\/wp\/v2\/users\/9"}],"replies":[{"embeddable":true,"href":"https:\/\/www.sebastien-auziere.fr\/blog\/wp-json\/wp\/v2\/comments?post=3000"}],"version-history":[{"count":1,"href":"https:\/\/www.sebastien-auziere.fr\/blog\/wp-json\/wp\/v2\/posts\/3000\/revisions"}],"predecessor-version":[{"id":3001,"href":"https:\/\/www.sebastien-auziere.fr\/blog\/wp-json\/wp\/v2\/posts\/3000\/revisions\/3001"}],"wp:featuredmedia":[{"embeddable":true,"href":"https:\/\/www.sebastien-auziere.fr\/blog\/wp-json\/wp\/v2\/media\/2990"}],"wp:attachment":[{"href":"https:\/\/www.sebastien-auziere.fr\/blog\/wp-json\/wp\/v2\/media?parent=3000"}],"wp:term":[{"taxonomy":"category","embeddable":true,"href":"https:\/\/www.sebastien-auziere.fr\/blog\/wp-json\/wp\/v2\/categories?post=3000"},{"taxonomy":"post_tag","embeddable":true,"href":"https:\/\/www.sebastien-auziere.fr\/blog\/wp-json\/wp\/v2\/tags?post=3000"}],"curies":[{"name":"wp","href":"https:\/\/api.w.org\/{rel}","templated":true}]}}