{"id":2998,"date":"2026-04-13T19:07:11","date_gmt":"2026-04-13T19:07:11","guid":{"rendered":"https:\/\/www.sebastien-auziere.fr\/blog\/?p=2998"},"modified":"2026-04-13T19:07:33","modified_gmt":"2026-04-13T19:07:33","slug":"brigitte-macron-incanta-il-vaticano-con-una-discreta-eleganza-vestita-di-nero-per-una-memorabile-visita-di-stato","status":"publish","type":"post","link":"https:\/\/www.sebastien-auziere.fr\/blog\/it\/brigitte-macron-incanta-il-vaticano-con-una-discreta-eleganza-vestita-di-nero-per-una-memorabile-visita-di-stato\/","title":{"rendered":"Brigitte Macron incanta il Vaticano con una discreta eleganza, vestita di nero per una memorabile visita di stato"},"content":{"rendered":"<p><strong>Brigitte Macron<\/strong> ha realmente <strong>incantato<\/strong> il <strong>Vaticano<\/strong> optando per una <strong>eleganza discreta<\/strong>: abito nero midi, <strong>chignon<\/strong> impeccabile e una pochette My Dior che ha fatto scalpore durante la <strong>visita di Stato<\/strong> del 10 aprile 2026. Gi\u00e0 all&rsquo;arrivo al palazzo apostolico, il suo <strong>look nero<\/strong> ha incarnato il rispetto del protocollo e il raffinatezza francese.<\/p>\n\n<p><strong>In breve<\/strong>: la coppia presidenziale \u00e8 stata ricevuta da papa Leone XIV quasi un anno dopo la sua elezione; si trattava del quarto incontro papale per Emmanuel Macron dal 2018. L&rsquo;outfit sobrio della Prima donna, che unisce sobriet\u00e0 e accessori di maison di lusso, ha trasformato questo incontro ufficiale in un momento <strong>memorabile<\/strong>.<\/p>\n\n<h2 class=\"wp-block-heading\">Protocollo e sobriet\u00e0: l&rsquo;abito nero come segno di rispetto<\/h2>\n\n<p>Arrivata al Vaticano il 10 aprile 2026, la Prima donna ha rispettato il protocollo atteso per un&rsquo;udienza papale, scegliendo un abito a maniche lunghe che scende sotto il ginocchio e un lungo scialle in pizzo. Questa scelta si inscrive nella tradizione delle visite di Stato e spiega perch\u00e9, secondo diversi resoconti, il colore nero rimane d&rsquo;obbligo per queste udienze <a href=\"https:\/\/www.voici.fr\/celebrites\/emmanuel-et-brigitte-macron-rencontrent-le-pape-leon-xiv-pourquoi-la-premiere-dame-doit-obligatoirement-s-habiller-en-noir-822087\" rel=\"nofollow\">Perch\u00e9 la prima donna deve vestirsi di nero<\/a>. Un gesto sobrio, carico di significato.<\/p>\n\n<h2 class=\"wp-block-heading\">Accessori firmati e dettagli sartoriali: il tocco francese<\/h2>\n\n<p>La <strong>pochette My Dior<\/strong>, in pelle di vitello nero con charms, firmata Jonathan Anderson, ha completato l&rsquo;outfit con discrezione. Tacchi vertiginosi e sciarpa in pizzo hanno arricchito una silhouette studiata per la <strong>diplomazia<\/strong>. Per rivivere le scelte stilistiche della Prima donna durante questa visita, consulta un&rsquo;analisi dettagliata dell&rsquo;<strong>outfit<\/strong> sul sito dedicato <a href=\"https:\/\/www.sebastien-auziere.fr\/blog\/brigitte-macron-look-vatican\/\" rel=\"nofollow\">Brigitte Macron: look al Vaticano<\/a>. L&rsquo;accessorio diventa qui un messaggio.<\/p>\n\n<h2 class=\"wp-block-heading\">Bellezza e riferimenti: chignon banana e gesti controllati<\/h2>\n\n<p>Lo <strong>chignon banana<\/strong>, acconciatura spesso scelta per gli spostamenti ufficiali, era ancora una volta presente. Questo stile, gi\u00e0 indossato durante la visita in Giappone il 2 aprile e durante accoglienze ufficiali all&rsquo;Eliseo, assicura un&rsquo;immagine curata e rispettosa. Per comprendere l&rsquo;evoluzione dei look della Prima donna, vedere anche un ritratto delle sue scelte sartoriali su <a href=\"https:\/\/www.sebastien-auziere.fr\/blog\/brigitte-macron-japon\/\" rel=\"nofollow\">Brigitte Macron in Giappone<\/a>. Un&rsquo;eleganza che parla oltre le parole.<\/p>\n\n<h2 class=\"wp-block-heading\">Diplomazia, simboli e portata mediatica della visita di Stato<\/h2>\n\n<p>Questa udienza al palazzo apostolico si inserisce in una serie di scambi diplomatici: segna la continuit\u00e0 delle relazioni tra la Francia e la Santa Sede e avviene dopo le udienze presidenziali del 2018, 2021 e 2022. La combinazione di un protocollo repubblicano e laico con una mise en sc\u00e8ne sartoriale sobria ha rafforzato il carattere <strong>memorabile<\/strong> della giornata. L&rsquo;impatto mediatico ha ampliato il dibattito intorno allo stile e al ruolo protocollare.<\/p>\n\n<p>Vuoi saperne di pi\u00f9 sugli outfit, le scelte degli accessori e la portata simbolica di questa visita? Consulta ulteriori analisi e foto su <a href=\"https:\/\/www.sebastien-auziere.fr\/blog\/brigitte-macron-look-vatican\/\" rel=\"nofollow\">Brigitte Macron: look al Vaticano<\/a> e scopri altri articoli dedicati alla famiglia Macron su <a href=\"https:\/\/www.sebastien-auziere.fr\/blog\/brigitte-macron-robe-elegante\/\" rel=\"nofollow\">sebas\u00adtien-auziere.fr<\/a> per prolungare la visita e approfondire l&rsquo;argomento.<\/p>","protected":false},"excerpt":{"rendered":"<p>Brigitte Macron ha realmente incantato il Vaticano optando per una eleganza discreta: abito nero midi, chignon impeccabile e una pochette My Dior che ha fatto scalpore durante la visita di Stato del 10 aprile 2026. Gi\u00e0 all&rsquo;arrivo al palazzo apostolico, il suo look nero ha incarnato il rispetto del protocollo e il raffinatezza francese. In &#8230; <a title=\"Brigitte Macron incanta il Vaticano con una discreta eleganza, vestita di nero per una memorabile visita di stato\" class=\"read-more\" href=\"https:\/\/www.sebastien-auziere.fr\/blog\/it\/brigitte-macron-incanta-il-vaticano-con-una-discreta-eleganza-vestita-di-nero-per-una-memorabile-visita-di-stato\/\" aria-label=\"En savoir plus sur Brigitte Macron incanta il Vaticano con una discreta eleganza, vestita di nero per una memorabile visita di stato\">Lire plus<\/a><\/p>\n","protected":false},"author":9,"featured_media":2990,"comment_status":"open","ping_status":"open","sticky":false,"template":"","format":"standard","meta":{"footnotes":""},"categories":[859],"tags":[944,2752,2755,2150,2758],"class_list":["post-2998","post","type-post","status-publish","format-standard","has-post-thumbnail","hentry","category-actualita-it","tag-brigitte-macron-it","tag-eleganza-discreta-it","tag-tenuta-nera-it","tag-vaticano-it","tag-visita-di-stato-it"],"yoast_head":"<!-- This site is optimized with the Yoast SEO plugin v27.5 - https:\/\/yoast.com\/product\/yoast-seo-wordpress\/ -->\n<title>Brigitte Macron incanta il Vaticano con una discreta eleganza, vestita di nero per una memorabile visita di stato - Fan site S\u00e9bastien Auzi\u00e8re<\/title>\n<meta name=\"description\" content=\"Brigitte Macron s\u00e9duit le Vatican avec une \u00e9l\u00e9gance discr\u00e8te en noir lors d&#039;une visite d\u2019\u00c9tat m\u00e9morable, alliant style et respect.\" \/>\n<meta name=\"robots\" content=\"index, follow, max-snippet:-1, max-image-preview:large, max-video-preview:-1\" \/>\n<link rel=\"canonical\" href=\"https:\/\/www.sebastien-auziere.fr\/blog\/it\/brigitte-macron-incanta-il-vaticano-con-una-discreta-eleganza-vestita-di-nero-per-una-memorabile-visita-di-stato\/\" \/>\n<meta property=\"og:locale\" content=\"fr_FR\" \/>\n<meta property=\"og:type\" content=\"article\" \/>\n<meta property=\"og:title\" content=\"Brigitte Macron incanta il Vaticano con una discreta eleganza, vestita di nero per una memorabile visita di stato - Fan site S\u00e9bastien Auzi\u00e8re\" \/>\n<meta property=\"og:description\" content=\"Brigitte Macron s\u00e9duit le Vatican avec une \u00e9l\u00e9gance discr\u00e8te en noir lors d&#039;une visite d\u2019\u00c9tat m\u00e9morable, alliant style et respect.\" \/>\n<meta property=\"og:url\" content=\"https:\/\/www.sebastien-auziere.fr\/blog\/it\/brigitte-macron-incanta-il-vaticano-con-una-discreta-eleganza-vestita-di-nero-per-una-memorabile-visita-di-stato\/\" \/>\n<meta property=\"og:site_name\" content=\"Fan site S\u00e9bastien Auzi\u00e8re\" \/>\n<meta property=\"article:published_time\" content=\"2026-04-13T19:07:11+00:00\" \/>\n<meta property=\"article:modified_time\" content=\"2026-04-13T19:07:33+00:00\" \/>\n<meta property=\"og:image\" content=\"https:\/\/www.sebastien-auziere.fr\/blog\/wp-content\/uploads\/2026\/04\/Brigitte-Macron-charme-le-Vatican-avec-une-elegance-discrete-vetue-de-noir-pour-une-visite-dEtat-memorable.jpg\" \/>\n\t<meta property=\"og:image:width\" content=\"2560\" \/>\n\t<meta property=\"og:image:height\" content=\"1429\" \/>\n\t<meta property=\"og:image:type\" content=\"image\/jpeg\" \/>\n<meta name=\"author\" content=\"Chloe Gauthier\" \/>\n<meta name=\"twitter:card\" content=\"summary_large_image\" \/>\n<meta name=\"twitter:label1\" content=\"\u00c9crit par\" \/>\n\t<meta name=\"twitter:data1\" content=\"Chloe Gauthier\" \/>\n\t<meta name=\"twitter:label2\" content=\"Dur\u00e9e de lecture estim\u00e9e\" \/>\n\t<meta name=\"twitter:data2\" content=\"2 minutes\" \/>\n<script type=\"application\/ld+json\" class=\"yoast-schema-graph\">{\"@context\":\"https:\\\/\\\/schema.org\",\"@graph\":[{\"@type\":\"Article\",\"@id\":\"https:\\\/\\\/www.sebastien-auziere.fr\\\/blog\\\/it\\\/brigitte-macron-incanta-il-vaticano-con-una-discreta-eleganza-vestita-di-nero-per-una-memorabile-visita-di-stato\\\/#article\",\"isPartOf\":{\"@id\":\"https:\\\/\\\/www.sebastien-auziere.fr\\\/blog\\\/it\\\/brigitte-macron-incanta-il-vaticano-con-una-discreta-eleganza-vestita-di-nero-per-una-memorabile-visita-di-stato\\\/\"},\"author\":{\"name\":\"Chloe Gauthier\",\"@id\":\"https:\\\/\\\/www.sebastien-auziere.fr\\\/blog\\\/#\\\/schema\\\/person\\\/149f1acdbfd85149c6c3e59adeae2f4d\"},\"headline\":\"Brigitte Macron incanta il Vaticano con una discreta eleganza, vestita di nero per una memorabile visita di stato\",\"datePublished\":\"2026-04-13T19:07:11+00:00\",\"dateModified\":\"2026-04-13T19:07:33+00:00\",\"mainEntityOfPage\":{\"@id\":\"https:\\\/\\\/www.sebastien-auziere.fr\\\/blog\\\/it\\\/brigitte-macron-incanta-il-vaticano-con-una-discreta-eleganza-vestita-di-nero-per-una-memorabile-visita-di-stato\\\/\"},\"wordCount\":466,\"commentCount\":0,\"publisher\":{\"@id\":\"https:\\\/\\\/www.sebastien-auziere.fr\\\/blog\\\/#organization\"},\"image\":{\"@id\":\"https:\\\/\\\/www.sebastien-auziere.fr\\\/blog\\\/it\\\/brigitte-macron-incanta-il-vaticano-con-una-discreta-eleganza-vestita-di-nero-per-una-memorabile-visita-di-stato\\\/#primaryimage\"},\"thumbnailUrl\":\"https:\\\/\\\/www.sebastien-auziere.fr\\\/blog\\\/wp-content\\\/uploads\\\/2026\\\/04\\\/Brigitte-Macron-charme-le-Vatican-avec-une-elegance-discrete-vetue-de-noir-pour-une-visite-dEtat-memorable.jpg\",\"keywords\":[\"brigitte macron\",\"eleganza discreta\",\"tenuta nera\",\"vaticano\",\"visita di stato\"],\"articleSection\":[\"Actualit\u00e0\"],\"inLanguage\":\"fr-FR\",\"potentialAction\":[{\"@type\":\"CommentAction\",\"name\":\"Comment\",\"target\":[\"https:\\\/\\\/www.sebastien-auziere.fr\\\/blog\\\/it\\\/brigitte-macron-incanta-il-vaticano-con-una-discreta-eleganza-vestita-di-nero-per-una-memorabile-visita-di-stato\\\/#respond\"]}]},{\"@type\":\"WebPage\",\"@id\":\"https:\\\/\\\/www.sebastien-auziere.fr\\\/blog\\\/it\\\/brigitte-macron-incanta-il-vaticano-con-una-discreta-eleganza-vestita-di-nero-per-una-memorabile-visita-di-stato\\\/\",\"url\":\"https:\\\/\\\/www.sebastien-auziere.fr\\\/blog\\\/it\\\/brigitte-macron-incanta-il-vaticano-con-una-discreta-eleganza-vestita-di-nero-per-una-memorabile-visita-di-stato\\\/\",\"name\":\"Brigitte Macron incanta il Vaticano con una discreta eleganza, vestita di nero per una memorabile visita di stato - Fan site S\u00e9bastien Auzi\u00e8re\",\"isPartOf\":{\"@id\":\"https:\\\/\\\/www.sebastien-auziere.fr\\\/blog\\\/#website\"},\"primaryImageOfPage\":{\"@id\":\"https:\\\/\\\/www.sebastien-auziere.fr\\\/blog\\\/it\\\/brigitte-macron-incanta-il-vaticano-con-una-discreta-eleganza-vestita-di-nero-per-una-memorabile-visita-di-stato\\\/#primaryimage\"},\"image\":{\"@id\":\"https:\\\/\\\/www.sebastien-auziere.fr\\\/blog\\\/it\\\/brigitte-macron-incanta-il-vaticano-con-una-discreta-eleganza-vestita-di-nero-per-una-memorabile-visita-di-stato\\\/#primaryimage\"},\"thumbnailUrl\":\"https:\\\/\\\/www.sebastien-auziere.fr\\\/blog\\\/wp-content\\\/uploads\\\/2026\\\/04\\\/Brigitte-Macron-charme-le-Vatican-avec-une-elegance-discrete-vetue-de-noir-pour-une-visite-dEtat-memorable.jpg\",\"datePublished\":\"2026-04-13T19:07:11+00:00\",\"dateModified\":\"2026-04-13T19:07:33+00:00\",\"description\":\"Brigitte Macron s\u00e9duit le Vatican avec une \u00e9l\u00e9gance discr\u00e8te en noir lors d'une visite d\u2019\u00c9tat m\u00e9morable, alliant style et respect.\",\"breadcrumb\":{\"@id\":\"https:\\\/\\\/www.sebastien-auziere.fr\\\/blog\\\/it\\\/brigitte-macron-incanta-il-vaticano-con-una-discreta-eleganza-vestita-di-nero-per-una-memorabile-visita-di-stato\\\/#breadcrumb\"},\"inLanguage\":\"fr-FR\",\"potentialAction\":[{\"@type\":\"ReadAction\",\"target\":[\"https:\\\/\\\/www.sebastien-auziere.fr\\\/blog\\\/it\\\/brigitte-macron-incanta-il-vaticano-con-una-discreta-eleganza-vestita-di-nero-per-una-memorabile-visita-di-stato\\\/\"]}]},{\"@type\":\"ImageObject\",\"inLanguage\":\"fr-FR\",\"@id\":\"https:\\\/\\\/www.sebastien-auziere.fr\\\/blog\\\/it\\\/brigitte-macron-incanta-il-vaticano-con-una-discreta-eleganza-vestita-di-nero-per-una-memorabile-visita-di-stato\\\/#primaryimage\",\"url\":\"https:\\\/\\\/www.sebastien-auziere.fr\\\/blog\\\/wp-content\\\/uploads\\\/2026\\\/04\\\/Brigitte-Macron-charme-le-Vatican-avec-une-elegance-discrete-vetue-de-noir-pour-une-visite-dEtat-memorable.jpg\",\"contentUrl\":\"https:\\\/\\\/www.sebastien-auziere.fr\\\/blog\\\/wp-content\\\/uploads\\\/2026\\\/04\\\/Brigitte-Macron-charme-le-Vatican-avec-une-elegance-discrete-vetue-de-noir-pour-une-visite-dEtat-memorable.jpg\",\"width\":2560,\"height\":1429,\"caption\":\"d\u00e9couvrez comment brigitte macron a s\u00e9duit le vatican par son \u00e9l\u00e9gance discr\u00e8te, v\u00eatue de noir lors d'une visite d\u2019\u00e9tat m\u00e9morable, alliant charme et respect des traditions.\"},{\"@type\":\"BreadcrumbList\",\"@id\":\"https:\\\/\\\/www.sebastien-auziere.fr\\\/blog\\\/it\\\/brigitte-macron-incanta-il-vaticano-con-una-discreta-eleganza-vestita-di-nero-per-una-memorabile-visita-di-stato\\\/#breadcrumb\",\"itemListElement\":[{\"@type\":\"ListItem\",\"position\":1,\"name\":\"Home\",\"item\":\"https:\\\/\\\/www.sebastien-auziere.fr\\\/blog\\\/\"},{\"@type\":\"ListItem\",\"position\":2,\"name\":\"Brigitte Macron incanta il Vaticano con una discreta eleganza, vestita di nero per una memorabile visita di stato\"}]},{\"@type\":\"WebSite\",\"@id\":\"https:\\\/\\\/www.sebastien-auziere.fr\\\/blog\\\/#website\",\"url\":\"https:\\\/\\\/www.sebastien-auziere.fr\\\/blog\\\/\",\"name\":\"Fan site S\u00e9bastien Auzi\u00e8re\",\"description\":\"M\u00e9dia g\u00e9n\u00e9raliste\",\"publisher\":{\"@id\":\"https:\\\/\\\/www.sebastien-auziere.fr\\\/blog\\\/#organization\"},\"potentialAction\":[{\"@type\":\"SearchAction\",\"target\":{\"@type\":\"EntryPoint\",\"urlTemplate\":\"https:\\\/\\\/www.sebastien-auziere.fr\\\/blog\\\/?s={search_term_string}\"},\"query-input\":{\"@type\":\"PropertyValueSpecification\",\"valueRequired\":true,\"valueName\":\"search_term_string\"}}],\"inLanguage\":\"fr-FR\"},{\"@type\":\"Organization\",\"@id\":\"https:\\\/\\\/www.sebastien-auziere.fr\\\/blog\\\/#organization\",\"name\":\"Fan site S\u00e9bastien Auzi\u00e8re\",\"url\":\"https:\\\/\\\/www.sebastien-auziere.fr\\\/blog\\\/\",\"logo\":{\"@type\":\"ImageObject\",\"inLanguage\":\"fr-FR\",\"@id\":\"https:\\\/\\\/www.sebastien-auziere.fr\\\/blog\\\/#\\\/schema\\\/logo\\\/image\\\/\",\"url\":\"https:\\\/\\\/www.sebastien-auziere.fr\\\/blog\\\/wp-content\\\/uploads\\\/2026\\\/03\\\/cropped-cropped-cropped-ChatGPT-Image-6-mars-2026-12_58_09-e1772798376794.jpg\",\"contentUrl\":\"https:\\\/\\\/www.sebastien-auziere.fr\\\/blog\\\/wp-content\\\/uploads\\\/2026\\\/03\\\/cropped-cropped-cropped-ChatGPT-Image-6-mars-2026-12_58_09-e1772798376794.jpg\",\"width\":512,\"height\":360,\"caption\":\"Fan site S\u00e9bastien Auzi\u00e8re\"},\"image\":{\"@id\":\"https:\\\/\\\/www.sebastien-auziere.fr\\\/blog\\\/#\\\/schema\\\/logo\\\/image\\\/\"}},{\"@type\":\"Person\",\"@id\":\"https:\\\/\\\/www.sebastien-auziere.fr\\\/blog\\\/#\\\/schema\\\/person\\\/149f1acdbfd85149c6c3e59adeae2f4d\",\"name\":\"Chloe Gauthier\",\"image\":{\"@type\":\"ImageObject\",\"inLanguage\":\"fr-FR\",\"@id\":\"https:\\\/\\\/secure.gravatar.com\\\/avatar\\\/2c5722f58171cff738a8985ef0dd66b476e563753246a49019befc837ec4201a?s=96&d=mm&r=g\",\"url\":\"https:\\\/\\\/secure.gravatar.com\\\/avatar\\\/2c5722f58171cff738a8985ef0dd66b476e563753246a49019befc837ec4201a?s=96&d=mm&r=g\",\"contentUrl\":\"https:\\\/\\\/secure.gravatar.com\\\/avatar\\\/2c5722f58171cff738a8985ef0dd66b476e563753246a49019befc837ec4201a?s=96&d=mm&r=g\",\"caption\":\"Chloe Gauthier\"},\"description\":\"Passionn\u00e9e par la politique et admiratrice engag\u00e9e de la famille Macron, je consacre mon \u00e9nergie \u00e0 suivre leurs initiatives et \u00e0 promouvoir leurs id\u00e9es. \u00c0 32 ans, je suis convaincue que leur vision est porteuse d'avenir.\",\"url\":\"https:\\\/\\\/www.sebastien-auziere.fr\\\/blog\\\/author\\\/chloe-gauthier\\\/\"}]}<\/script>\n<!-- \/ Yoast SEO plugin. -->","yoast_head_json":{"title":"Brigitte Macron incanta il Vaticano con una discreta eleganza, vestita di nero per una memorabile visita di stato - Fan site S\u00e9bastien Auzi\u00e8re","description":"Brigitte Macron s\u00e9duit le Vatican avec une \u00e9l\u00e9gance discr\u00e8te en noir lors d'une visite d\u2019\u00c9tat m\u00e9morable, alliant style et respect.","robots":{"index":"index","follow":"follow","max-snippet":"max-snippet:-1","max-image-preview":"max-image-preview:large","max-video-preview":"max-video-preview:-1"},"canonical":"https:\/\/www.sebastien-auziere.fr\/blog\/it\/brigitte-macron-incanta-il-vaticano-con-una-discreta-eleganza-vestita-di-nero-per-una-memorabile-visita-di-stato\/","og_locale":"fr_FR","og_type":"article","og_title":"Brigitte Macron incanta il Vaticano con una discreta eleganza, vestita di nero per una memorabile visita di stato - Fan site S\u00e9bastien Auzi\u00e8re","og_description":"Brigitte Macron s\u00e9duit le Vatican avec une \u00e9l\u00e9gance discr\u00e8te en noir lors d'une visite d\u2019\u00c9tat m\u00e9morable, alliant style et respect.","og_url":"https:\/\/www.sebastien-auziere.fr\/blog\/it\/brigitte-macron-incanta-il-vaticano-con-una-discreta-eleganza-vestita-di-nero-per-una-memorabile-visita-di-stato\/","og_site_name":"Fan site S\u00e9bastien Auzi\u00e8re","article_published_time":"2026-04-13T19:07:11+00:00","article_modified_time":"2026-04-13T19:07:33+00:00","og_image":[{"width":2560,"height":1429,"url":"https:\/\/www.sebastien-auziere.fr\/blog\/wp-content\/uploads\/2026\/04\/Brigitte-Macron-charme-le-Vatican-avec-une-elegance-discrete-vetue-de-noir-pour-une-visite-dEtat-memorable.jpg","type":"image\/jpeg"}],"author":"Chloe Gauthier","twitter_card":"summary_large_image","twitter_misc":{"\u00c9crit par":"Chloe Gauthier","Dur\u00e9e de lecture estim\u00e9e":"2 minutes"},"schema":{"@context":"https:\/\/schema.org","@graph":[{"@type":"Article","@id":"https:\/\/www.sebastien-auziere.fr\/blog\/it\/brigitte-macron-incanta-il-vaticano-con-una-discreta-eleganza-vestita-di-nero-per-una-memorabile-visita-di-stato\/#article","isPartOf":{"@id":"https:\/\/www.sebastien-auziere.fr\/blog\/it\/brigitte-macron-incanta-il-vaticano-con-una-discreta-eleganza-vestita-di-nero-per-una-memorabile-visita-di-stato\/"},"author":{"name":"Chloe Gauthier","@id":"https:\/\/www.sebastien-auziere.fr\/blog\/#\/schema\/person\/149f1acdbfd85149c6c3e59adeae2f4d"},"headline":"Brigitte Macron incanta il Vaticano con una discreta eleganza, vestita di nero per una memorabile visita di stato","datePublished":"2026-04-13T19:07:11+00:00","dateModified":"2026-04-13T19:07:33+00:00","mainEntityOfPage":{"@id":"https:\/\/www.sebastien-auziere.fr\/blog\/it\/brigitte-macron-incanta-il-vaticano-con-una-discreta-eleganza-vestita-di-nero-per-una-memorabile-visita-di-stato\/"},"wordCount":466,"commentCount":0,"publisher":{"@id":"https:\/\/www.sebastien-auziere.fr\/blog\/#organization"},"image":{"@id":"https:\/\/www.sebastien-auziere.fr\/blog\/it\/brigitte-macron-incanta-il-vaticano-con-una-discreta-eleganza-vestita-di-nero-per-una-memorabile-visita-di-stato\/#primaryimage"},"thumbnailUrl":"https:\/\/www.sebastien-auziere.fr\/blog\/wp-content\/uploads\/2026\/04\/Brigitte-Macron-charme-le-Vatican-avec-une-elegance-discrete-vetue-de-noir-pour-une-visite-dEtat-memorable.jpg","keywords":["brigitte macron","eleganza discreta","tenuta nera","vaticano","visita di stato"],"articleSection":["Actualit\u00e0"],"inLanguage":"fr-FR","potentialAction":[{"@type":"CommentAction","name":"Comment","target":["https:\/\/www.sebastien-auziere.fr\/blog\/it\/brigitte-macron-incanta-il-vaticano-con-una-discreta-eleganza-vestita-di-nero-per-una-memorabile-visita-di-stato\/#respond"]}]},{"@type":"WebPage","@id":"https:\/\/www.sebastien-auziere.fr\/blog\/it\/brigitte-macron-incanta-il-vaticano-con-una-discreta-eleganza-vestita-di-nero-per-una-memorabile-visita-di-stato\/","url":"https:\/\/www.sebastien-auziere.fr\/blog\/it\/brigitte-macron-incanta-il-vaticano-con-una-discreta-eleganza-vestita-di-nero-per-una-memorabile-visita-di-stato\/","name":"Brigitte Macron incanta il Vaticano con una discreta eleganza, vestita di nero per una memorabile visita di stato - Fan site S\u00e9bastien Auzi\u00e8re","isPartOf":{"@id":"https:\/\/www.sebastien-auziere.fr\/blog\/#website"},"primaryImageOfPage":{"@id":"https:\/\/www.sebastien-auziere.fr\/blog\/it\/brigitte-macron-incanta-il-vaticano-con-una-discreta-eleganza-vestita-di-nero-per-una-memorabile-visita-di-stato\/#primaryimage"},"image":{"@id":"https:\/\/www.sebastien-auziere.fr\/blog\/it\/brigitte-macron-incanta-il-vaticano-con-una-discreta-eleganza-vestita-di-nero-per-una-memorabile-visita-di-stato\/#primaryimage"},"thumbnailUrl":"https:\/\/www.sebastien-auziere.fr\/blog\/wp-content\/uploads\/2026\/04\/Brigitte-Macron-charme-le-Vatican-avec-une-elegance-discrete-vetue-de-noir-pour-une-visite-dEtat-memorable.jpg","datePublished":"2026-04-13T19:07:11+00:00","dateModified":"2026-04-13T19:07:33+00:00","description":"Brigitte Macron s\u00e9duit le Vatican avec une \u00e9l\u00e9gance discr\u00e8te en noir lors d'une visite d\u2019\u00c9tat m\u00e9morable, alliant style et respect.","breadcrumb":{"@id":"https:\/\/www.sebastien-auziere.fr\/blog\/it\/brigitte-macron-incanta-il-vaticano-con-una-discreta-eleganza-vestita-di-nero-per-una-memorabile-visita-di-stato\/#breadcrumb"},"inLanguage":"fr-FR","potentialAction":[{"@type":"ReadAction","target":["https:\/\/www.sebastien-auziere.fr\/blog\/it\/brigitte-macron-incanta-il-vaticano-con-una-discreta-eleganza-vestita-di-nero-per-una-memorabile-visita-di-stato\/"]}]},{"@type":"ImageObject","inLanguage":"fr-FR","@id":"https:\/\/www.sebastien-auziere.fr\/blog\/it\/brigitte-macron-incanta-il-vaticano-con-una-discreta-eleganza-vestita-di-nero-per-una-memorabile-visita-di-stato\/#primaryimage","url":"https:\/\/www.sebastien-auziere.fr\/blog\/wp-content\/uploads\/2026\/04\/Brigitte-Macron-charme-le-Vatican-avec-une-elegance-discrete-vetue-de-noir-pour-une-visite-dEtat-memorable.jpg","contentUrl":"https:\/\/www.sebastien-auziere.fr\/blog\/wp-content\/uploads\/2026\/04\/Brigitte-Macron-charme-le-Vatican-avec-une-elegance-discrete-vetue-de-noir-pour-une-visite-dEtat-memorable.jpg","width":2560,"height":1429,"caption":"d\u00e9couvrez comment brigitte macron a s\u00e9duit le vatican par son \u00e9l\u00e9gance discr\u00e8te, v\u00eatue de noir lors d'une visite d\u2019\u00e9tat m\u00e9morable, alliant charme et respect des traditions."},{"@type":"BreadcrumbList","@id":"https:\/\/www.sebastien-auziere.fr\/blog\/it\/brigitte-macron-incanta-il-vaticano-con-una-discreta-eleganza-vestita-di-nero-per-una-memorabile-visita-di-stato\/#breadcrumb","itemListElement":[{"@type":"ListItem","position":1,"name":"Home","item":"https:\/\/www.sebastien-auziere.fr\/blog\/"},{"@type":"ListItem","position":2,"name":"Brigitte Macron incanta il Vaticano con una discreta eleganza, vestita di nero per una memorabile visita di stato"}]},{"@type":"WebSite","@id":"https:\/\/www.sebastien-auziere.fr\/blog\/#website","url":"https:\/\/www.sebastien-auziere.fr\/blog\/","name":"Fan site S\u00e9bastien Auzi\u00e8re","description":"M\u00e9dia g\u00e9n\u00e9raliste","publisher":{"@id":"https:\/\/www.sebastien-auziere.fr\/blog\/#organization"},"potentialAction":[{"@type":"SearchAction","target":{"@type":"EntryPoint","urlTemplate":"https:\/\/www.sebastien-auziere.fr\/blog\/?s={search_term_string}"},"query-input":{"@type":"PropertyValueSpecification","valueRequired":true,"valueName":"search_term_string"}}],"inLanguage":"fr-FR"},{"@type":"Organization","@id":"https:\/\/www.sebastien-auziere.fr\/blog\/#organization","name":"Fan site S\u00e9bastien Auzi\u00e8re","url":"https:\/\/www.sebastien-auziere.fr\/blog\/","logo":{"@type":"ImageObject","inLanguage":"fr-FR","@id":"https:\/\/www.sebastien-auziere.fr\/blog\/#\/schema\/logo\/image\/","url":"https:\/\/www.sebastien-auziere.fr\/blog\/wp-content\/uploads\/2026\/03\/cropped-cropped-cropped-ChatGPT-Image-6-mars-2026-12_58_09-e1772798376794.jpg","contentUrl":"https:\/\/www.sebastien-auziere.fr\/blog\/wp-content\/uploads\/2026\/03\/cropped-cropped-cropped-ChatGPT-Image-6-mars-2026-12_58_09-e1772798376794.jpg","width":512,"height":360,"caption":"Fan site S\u00e9bastien Auzi\u00e8re"},"image":{"@id":"https:\/\/www.sebastien-auziere.fr\/blog\/#\/schema\/logo\/image\/"}},{"@type":"Person","@id":"https:\/\/www.sebastien-auziere.fr\/blog\/#\/schema\/person\/149f1acdbfd85149c6c3e59adeae2f4d","name":"Chloe Gauthier","image":{"@type":"ImageObject","inLanguage":"fr-FR","@id":"https:\/\/secure.gravatar.com\/avatar\/2c5722f58171cff738a8985ef0dd66b476e563753246a49019befc837ec4201a?s=96&d=mm&r=g","url":"https:\/\/secure.gravatar.com\/avatar\/2c5722f58171cff738a8985ef0dd66b476e563753246a49019befc837ec4201a?s=96&d=mm&r=g","contentUrl":"https:\/\/secure.gravatar.com\/avatar\/2c5722f58171cff738a8985ef0dd66b476e563753246a49019befc837ec4201a?s=96&d=mm&r=g","caption":"Chloe Gauthier"},"description":"Passionn\u00e9e par la politique et admiratrice engag\u00e9e de la famille Macron, je consacre mon \u00e9nergie \u00e0 suivre leurs initiatives et \u00e0 promouvoir leurs id\u00e9es. \u00c0 32 ans, je suis convaincue que leur vision est porteuse d'avenir.","url":"https:\/\/www.sebastien-auziere.fr\/blog\/author\/chloe-gauthier\/"}]}},"views":3,"_links":{"self":[{"href":"https:\/\/www.sebastien-auziere.fr\/blog\/wp-json\/wp\/v2\/posts\/2998","targetHints":{"allow":["GET"]}}],"collection":[{"href":"https:\/\/www.sebastien-auziere.fr\/blog\/wp-json\/wp\/v2\/posts"}],"about":[{"href":"https:\/\/www.sebastien-auziere.fr\/blog\/wp-json\/wp\/v2\/types\/post"}],"author":[{"embeddable":true,"href":"https:\/\/www.sebastien-auziere.fr\/blog\/wp-json\/wp\/v2\/users\/9"}],"replies":[{"embeddable":true,"href":"https:\/\/www.sebastien-auziere.fr\/blog\/wp-json\/wp\/v2\/comments?post=2998"}],"version-history":[{"count":1,"href":"https:\/\/www.sebastien-auziere.fr\/blog\/wp-json\/wp\/v2\/posts\/2998\/revisions"}],"predecessor-version":[{"id":2999,"href":"https:\/\/www.sebastien-auziere.fr\/blog\/wp-json\/wp\/v2\/posts\/2998\/revisions\/2999"}],"wp:featuredmedia":[{"embeddable":true,"href":"https:\/\/www.sebastien-auziere.fr\/blog\/wp-json\/wp\/v2\/media\/2990"}],"wp:attachment":[{"href":"https:\/\/www.sebastien-auziere.fr\/blog\/wp-json\/wp\/v2\/media?parent=2998"}],"wp:term":[{"taxonomy":"category","embeddable":true,"href":"https:\/\/www.sebastien-auziere.fr\/blog\/wp-json\/wp\/v2\/categories?post=2998"},{"taxonomy":"post_tag","embeddable":true,"href":"https:\/\/www.sebastien-auziere.fr\/blog\/wp-json\/wp\/v2\/tags?post=2998"}],"curies":[{"name":"wp","href":"https:\/\/api.w.org\/{rel}","templated":true}]}}