{"id":2996,"date":"2026-04-13T19:06:37","date_gmt":"2026-04-13T19:06:37","guid":{"rendered":"https:\/\/www.sebastien-auziere.fr\/blog\/?p=2996"},"modified":"2026-04-13T19:07:00","modified_gmt":"2026-04-13T19:07:00","slug":"brigitte-macron-verfuhrt-den-vatikan-mit-einer-dezenten-eleganz-gekleidet-in-schwarz-fur-einen-unvergesslichen-staatsbesuch","status":"publish","type":"post","link":"https:\/\/www.sebastien-auziere.fr\/blog\/de\/brigitte-macron-verfuhrt-den-vatikan-mit-einer-dezenten-eleganz-gekleidet-in-schwarz-fur-einen-unvergesslichen-staatsbesuch\/","title":{"rendered":"Brigitte Macron verf\u00fchrt den Vatikan mit einer dezenten Eleganz, gekleidet in Schwarz f\u00fcr einen unvergesslichen Staatsbesuch"},"content":{"rendered":"<p><strong>Brigitte Macron<\/strong> hat den <strong>Vatikan<\/strong> mit einer <strong>diskreten Eleganz<\/strong> wirklich <strong>verzaubert<\/strong>: schwarze Midi-Kleid, <strong>makelloser Dutt<\/strong> und eine My Dior-Clutch, die w\u00e4hrend des <strong>Staatsbesuchs<\/strong> am 10. April 2026 f\u00fcr Aufsehen sorgte. Bei der Ankunft im Apostolischen Palast verk\u00f6rperte ihr <strong>schwarzer Look<\/strong> Respekt vor dem Protokoll und franz\u00f6sische Raffinesse.<\/p>\n\n<p><strong>Zusammengefasst<\/strong>: Das Pr\u00e4sidentenpaar wurde fast ein Jahr nach seiner Wahl von Papst Leo XIV. empfangen; es war die vierte Papstaudienz f\u00fcr Emmanuel Macron seit 2018. Das schlichte Outfit der First Lady, das Schlichtheit mit Luxusaccessoires verband, verwandelte dieses offizielle Treffen in einen <strong>denkw\u00fcrdigen<\/strong> Moment.<\/p>\n\n<h2 class=\"wp-block-heading\">Protokoll und Schlichtheit: Das schwarze Outfit als Zeichen des Respekts<\/h2>\n\n<p>Bei ihrer Ankunft im Vatikan am 10. April 2026 hielt sich die First Lady an das erwartete Protokoll f\u00fcr eine Papstaudienz, indem sie ein lang\u00e4rmliges Kleid w\u00e4hlte, das knapp unter dem Knie endet, sowie einen langen Spitzen-Schal. Diese Wahl f\u00fcgt sich in die Tradition der Staatsbesuche ein und erkl\u00e4rt, warum, laut mehreren Berichten, die Farbe Schwarz bei diesen Audienzen obligatorisch ist <a href=\"https:\/\/www.voici.fr\/celebrites\/emmanuel-et-brigitte-macron-rencontrent-le-pape-leon-xiv-pourquoi-la-premiere-dame-doit-obligatoirement-s-habiller-en-noir-822087\" rel=\"nofollow\">Warum die First Lady Schwarz tragen muss<\/a>. Eine schlichte Geste mit tiefem Sinn.<\/p>\n\n<h2 class=\"wp-block-heading\">Signierte Accessoires und Couture-Details: die franz\u00f6sische Note<\/h2>\n\n<p>Die <strong>My Dior-Clutch<\/strong>, aus schwarzem Kalbsleder mit Charms, entworfen von Jonathan Anderson, erg\u00e4nzte das Outfit mit Zur\u00fcckhaltung. Hochhackige Schuhe und ein Spitzen-Schal rundeten eine f\u00fcr die <strong>Diplomatie<\/strong> durchdachte Silhouette ab. Um die stilistischen Entscheidungen der First Lady w\u00e4hrend dieses Besuchs nachzuvollziehen, findest du eine detaillierte Analyse des <strong>Outfits<\/strong> auf der speziellen Webseite <a href=\"https:\/\/www.sebastien-auziere.fr\/blog\/brigitte-macron-look-vatican\/\" rel=\"nofollow\">Brigitte Macron: Look im Vatikan<\/a>. Das Accessoire wird hier zur Botschaft.<\/p>\n\n<h2 class=\"wp-block-heading\">Sch\u00f6nheit und Referenzen: Bananen-Dutt und beherrschte Gesten<\/h2>\n\n<p>Der <strong>Bananen-Dutt<\/strong>, eine oft gew\u00e4hlte Frisur f\u00fcr offizielle Anl\u00e4sse, war erneut pr\u00e4sent. Dieser Stil, der bereits w\u00e4hrend des Besuchs in Japan am 2. April und bei offiziellen Empf\u00e4ngen im \u00c9lys\u00e9e getragen wurde, sorgt f\u00fcr ein gepflegtes und respektvolles Erscheinungsbild. Um die Entwicklung der Looks der First Lady zu verstehen, sieh dir auch ein Portr\u00e4t ihrer modischen Entscheidungen auf <a href=\"https:\/\/www.sebastien-auziere.fr\/blog\/brigitte-macron-japon\/\" rel=\"nofollow\">Brigitte Macron in Japan<\/a> an. Eine Eleganz, die \u00fcber Worte hinaus spricht.<\/p>\n\n<h2 class=\"wp-block-heading\">Diplomatie, Symbole und mediale Reichweite des Staatsbesuchs<\/h2>\n\n<p>Diese Audienz im Apostolischen Palast ist Teil einer Reihe diplomatischer Austauschprozesse: Sie markiert die Fortf\u00fchrung der Beziehungen zwischen Frankreich und dem Heiligen Stuhl und findet nach den Pr\u00e4sidenten-Audienzen von 2018, 2021 und 2022 statt. Die Kombination aus einem republikanischen und s\u00e4kularen Protokoll und einem schlichten Modeauftritt verst\u00e4rkte den <strong>denkw\u00fcrdigen<\/strong> Charakter des Tages. Der mediale Einfluss erweiterte die Debatte \u00fcber Stil und protokollarische Rolle.<\/p>\n\n<p>M\u00f6chtest du mehr \u00fcber die Outfits, die Auswahl der Accessoires und die symbolische Reichweite dieses Besuchs erfahren? Sieh dir weitere Analysen und Fotos auf <a href=\"https:\/\/www.sebastien-auziere.fr\/blog\/brigitte-macron-look-vatican\/\" rel=\"nofollow\">Brigitte Macron: Look im Vatikan<\/a> an und entdecke weitere Artikel \u00fcber die Familie Macron auf <a href=\"https:\/\/www.sebastien-auziere.fr\/blog\/brigitte-macron-robe-elegante\/\" rel=\"nofollow\">sebastien-auziere.fr<\/a>, um den Besuch zu vertiefen und das Thema weiter zu erforschen.<\/p>","protected":false},"excerpt":{"rendered":"<p>Brigitte Macron hat den Vatikan mit einer diskreten Eleganz wirklich verzaubert: schwarze Midi-Kleid, makelloser Dutt und eine My Dior-Clutch, die w\u00e4hrend des Staatsbesuchs am 10. April 2026 f\u00fcr Aufsehen sorgte. Bei der Ankunft im Apostolischen Palast verk\u00f6rperte ihr schwarzer Look Respekt vor dem Protokoll und franz\u00f6sische Raffinesse. Zusammengefasst: Das Pr\u00e4sidentenpaar wurde fast ein Jahr nach &#8230; <a title=\"Brigitte Macron verf\u00fchrt den Vatikan mit einer dezenten Eleganz, gekleidet in Schwarz f\u00fcr einen unvergesslichen Staatsbesuch\" class=\"read-more\" href=\"https:\/\/www.sebastien-auziere.fr\/blog\/de\/brigitte-macron-verfuhrt-den-vatikan-mit-einer-dezenten-eleganz-gekleidet-in-schwarz-fur-einen-unvergesslichen-staatsbesuch\/\" aria-label=\"En savoir plus sur Brigitte Macron verf\u00fchrt den Vatikan mit einer dezenten Eleganz, gekleidet in Schwarz f\u00fcr einen unvergesslichen Staatsbesuch\">Lire plus<\/a><\/p>\n","protected":false},"author":9,"featured_media":2990,"comment_status":"open","ping_status":"open","sticky":false,"template":"","format":"standard","meta":{"footnotes":""},"categories":[856],"tags":[929,2743,2746,2749,2141],"class_list":["post-2996","post","type-post","status-publish","format-standard","has-post-thumbnail","hentry","category-aktuelles-de","tag-brigitte-macron-de","tag-elegante-diskretion-de","tag-schwarzes-outfit-de","tag-staatsbesuch-de","tag-vatican-de"],"yoast_head":"<!-- This site is optimized with the Yoast SEO plugin v27.5 - https:\/\/yoast.com\/product\/yoast-seo-wordpress\/ -->\n<title>Brigitte Macron verf\u00fchrt den Vatikan mit einer dezenten Eleganz, gekleidet in Schwarz f\u00fcr einen unvergesslichen Staatsbesuch - Fan site S\u00e9bastien Auzi\u00e8re<\/title>\n<meta name=\"description\" content=\"Brigitte Macron s\u00e9duit le Vatican avec une \u00e9l\u00e9gance discr\u00e8te en noir lors d&#039;une visite d\u2019\u00c9tat m\u00e9morable, alliant style et respect.\" \/>\n<meta name=\"robots\" content=\"index, follow, max-snippet:-1, max-image-preview:large, max-video-preview:-1\" \/>\n<link rel=\"canonical\" href=\"https:\/\/www.sebastien-auziere.fr\/blog\/de\/brigitte-macron-verfuhrt-den-vatikan-mit-einer-dezenten-eleganz-gekleidet-in-schwarz-fur-einen-unvergesslichen-staatsbesuch\/\" \/>\n<meta property=\"og:locale\" content=\"fr_FR\" \/>\n<meta property=\"og:type\" content=\"article\" \/>\n<meta property=\"og:title\" content=\"Brigitte Macron verf\u00fchrt den Vatikan mit einer dezenten Eleganz, gekleidet in Schwarz f\u00fcr einen unvergesslichen Staatsbesuch - Fan site S\u00e9bastien Auzi\u00e8re\" \/>\n<meta property=\"og:description\" content=\"Brigitte Macron s\u00e9duit le Vatican avec une \u00e9l\u00e9gance discr\u00e8te en noir lors d&#039;une visite d\u2019\u00c9tat m\u00e9morable, alliant style et respect.\" \/>\n<meta property=\"og:url\" content=\"https:\/\/www.sebastien-auziere.fr\/blog\/de\/brigitte-macron-verfuhrt-den-vatikan-mit-einer-dezenten-eleganz-gekleidet-in-schwarz-fur-einen-unvergesslichen-staatsbesuch\/\" \/>\n<meta property=\"og:site_name\" content=\"Fan site S\u00e9bastien Auzi\u00e8re\" \/>\n<meta property=\"article:published_time\" content=\"2026-04-13T19:06:37+00:00\" \/>\n<meta property=\"article:modified_time\" content=\"2026-04-13T19:07:00+00:00\" \/>\n<meta property=\"og:image\" content=\"https:\/\/www.sebastien-auziere.fr\/blog\/wp-content\/uploads\/2026\/04\/Brigitte-Macron-charme-le-Vatican-avec-une-elegance-discrete-vetue-de-noir-pour-une-visite-dEtat-memorable.jpg\" \/>\n\t<meta property=\"og:image:width\" content=\"2560\" \/>\n\t<meta property=\"og:image:height\" content=\"1429\" \/>\n\t<meta property=\"og:image:type\" content=\"image\/jpeg\" \/>\n<meta name=\"author\" content=\"Chloe Gauthier\" \/>\n<meta name=\"twitter:card\" content=\"summary_large_image\" \/>\n<meta name=\"twitter:label1\" content=\"\u00c9crit par\" \/>\n\t<meta name=\"twitter:data1\" content=\"Chloe Gauthier\" \/>\n\t<meta name=\"twitter:label2\" content=\"Dur\u00e9e de lecture estim\u00e9e\" \/>\n\t<meta name=\"twitter:data2\" content=\"2 minutes\" \/>\n<script type=\"application\/ld+json\" class=\"yoast-schema-graph\">{\"@context\":\"https:\\\/\\\/schema.org\",\"@graph\":[{\"@type\":\"Article\",\"@id\":\"https:\\\/\\\/www.sebastien-auziere.fr\\\/blog\\\/de\\\/brigitte-macron-verfuhrt-den-vatikan-mit-einer-dezenten-eleganz-gekleidet-in-schwarz-fur-einen-unvergesslichen-staatsbesuch\\\/#article\",\"isPartOf\":{\"@id\":\"https:\\\/\\\/www.sebastien-auziere.fr\\\/blog\\\/de\\\/brigitte-macron-verfuhrt-den-vatikan-mit-einer-dezenten-eleganz-gekleidet-in-schwarz-fur-einen-unvergesslichen-staatsbesuch\\\/\"},\"author\":{\"name\":\"Chloe Gauthier\",\"@id\":\"https:\\\/\\\/www.sebastien-auziere.fr\\\/blog\\\/#\\\/schema\\\/person\\\/149f1acdbfd85149c6c3e59adeae2f4d\"},\"headline\":\"Brigitte Macron verf\u00fchrt den Vatikan mit einer dezenten Eleganz, gekleidet in Schwarz f\u00fcr einen unvergesslichen Staatsbesuch\",\"datePublished\":\"2026-04-13T19:06:37+00:00\",\"dateModified\":\"2026-04-13T19:07:00+00:00\",\"mainEntityOfPage\":{\"@id\":\"https:\\\/\\\/www.sebastien-auziere.fr\\\/blog\\\/de\\\/brigitte-macron-verfuhrt-den-vatikan-mit-einer-dezenten-eleganz-gekleidet-in-schwarz-fur-einen-unvergesslichen-staatsbesuch\\\/\"},\"wordCount\":486,\"commentCount\":0,\"publisher\":{\"@id\":\"https:\\\/\\\/www.sebastien-auziere.fr\\\/blog\\\/#organization\"},\"image\":{\"@id\":\"https:\\\/\\\/www.sebastien-auziere.fr\\\/blog\\\/de\\\/brigitte-macron-verfuhrt-den-vatikan-mit-einer-dezenten-eleganz-gekleidet-in-schwarz-fur-einen-unvergesslichen-staatsbesuch\\\/#primaryimage\"},\"thumbnailUrl\":\"https:\\\/\\\/www.sebastien-auziere.fr\\\/blog\\\/wp-content\\\/uploads\\\/2026\\\/04\\\/Brigitte-Macron-charme-le-Vatican-avec-une-elegance-discrete-vetue-de-noir-pour-une-visite-dEtat-memorable.jpg\",\"keywords\":[\"brigitte macron\",\"Elegante Diskretion\",\"schwarzes Outfit\",\"Staatsbesuch\",\"vatican\"],\"articleSection\":[\"Aktuelles\"],\"inLanguage\":\"fr-FR\",\"potentialAction\":[{\"@type\":\"CommentAction\",\"name\":\"Comment\",\"target\":[\"https:\\\/\\\/www.sebastien-auziere.fr\\\/blog\\\/de\\\/brigitte-macron-verfuhrt-den-vatikan-mit-einer-dezenten-eleganz-gekleidet-in-schwarz-fur-einen-unvergesslichen-staatsbesuch\\\/#respond\"]}]},{\"@type\":\"WebPage\",\"@id\":\"https:\\\/\\\/www.sebastien-auziere.fr\\\/blog\\\/de\\\/brigitte-macron-verfuhrt-den-vatikan-mit-einer-dezenten-eleganz-gekleidet-in-schwarz-fur-einen-unvergesslichen-staatsbesuch\\\/\",\"url\":\"https:\\\/\\\/www.sebastien-auziere.fr\\\/blog\\\/de\\\/brigitte-macron-verfuhrt-den-vatikan-mit-einer-dezenten-eleganz-gekleidet-in-schwarz-fur-einen-unvergesslichen-staatsbesuch\\\/\",\"name\":\"Brigitte Macron verf\u00fchrt den Vatikan mit einer dezenten Eleganz, gekleidet in Schwarz f\u00fcr einen unvergesslichen Staatsbesuch - Fan site S\u00e9bastien Auzi\u00e8re\",\"isPartOf\":{\"@id\":\"https:\\\/\\\/www.sebastien-auziere.fr\\\/blog\\\/#website\"},\"primaryImageOfPage\":{\"@id\":\"https:\\\/\\\/www.sebastien-auziere.fr\\\/blog\\\/de\\\/brigitte-macron-verfuhrt-den-vatikan-mit-einer-dezenten-eleganz-gekleidet-in-schwarz-fur-einen-unvergesslichen-staatsbesuch\\\/#primaryimage\"},\"image\":{\"@id\":\"https:\\\/\\\/www.sebastien-auziere.fr\\\/blog\\\/de\\\/brigitte-macron-verfuhrt-den-vatikan-mit-einer-dezenten-eleganz-gekleidet-in-schwarz-fur-einen-unvergesslichen-staatsbesuch\\\/#primaryimage\"},\"thumbnailUrl\":\"https:\\\/\\\/www.sebastien-auziere.fr\\\/blog\\\/wp-content\\\/uploads\\\/2026\\\/04\\\/Brigitte-Macron-charme-le-Vatican-avec-une-elegance-discrete-vetue-de-noir-pour-une-visite-dEtat-memorable.jpg\",\"datePublished\":\"2026-04-13T19:06:37+00:00\",\"dateModified\":\"2026-04-13T19:07:00+00:00\",\"description\":\"Brigitte Macron s\u00e9duit le Vatican avec une \u00e9l\u00e9gance discr\u00e8te en noir lors d'une visite d\u2019\u00c9tat m\u00e9morable, alliant style et respect.\",\"breadcrumb\":{\"@id\":\"https:\\\/\\\/www.sebastien-auziere.fr\\\/blog\\\/de\\\/brigitte-macron-verfuhrt-den-vatikan-mit-einer-dezenten-eleganz-gekleidet-in-schwarz-fur-einen-unvergesslichen-staatsbesuch\\\/#breadcrumb\"},\"inLanguage\":\"fr-FR\",\"potentialAction\":[{\"@type\":\"ReadAction\",\"target\":[\"https:\\\/\\\/www.sebastien-auziere.fr\\\/blog\\\/de\\\/brigitte-macron-verfuhrt-den-vatikan-mit-einer-dezenten-eleganz-gekleidet-in-schwarz-fur-einen-unvergesslichen-staatsbesuch\\\/\"]}]},{\"@type\":\"ImageObject\",\"inLanguage\":\"fr-FR\",\"@id\":\"https:\\\/\\\/www.sebastien-auziere.fr\\\/blog\\\/de\\\/brigitte-macron-verfuhrt-den-vatikan-mit-einer-dezenten-eleganz-gekleidet-in-schwarz-fur-einen-unvergesslichen-staatsbesuch\\\/#primaryimage\",\"url\":\"https:\\\/\\\/www.sebastien-auziere.fr\\\/blog\\\/wp-content\\\/uploads\\\/2026\\\/04\\\/Brigitte-Macron-charme-le-Vatican-avec-une-elegance-discrete-vetue-de-noir-pour-une-visite-dEtat-memorable.jpg\",\"contentUrl\":\"https:\\\/\\\/www.sebastien-auziere.fr\\\/blog\\\/wp-content\\\/uploads\\\/2026\\\/04\\\/Brigitte-Macron-charme-le-Vatican-avec-une-elegance-discrete-vetue-de-noir-pour-une-visite-dEtat-memorable.jpg\",\"width\":2560,\"height\":1429,\"caption\":\"d\u00e9couvrez comment brigitte macron a s\u00e9duit le vatican par son \u00e9l\u00e9gance discr\u00e8te, v\u00eatue de noir lors d'une visite d\u2019\u00e9tat m\u00e9morable, alliant charme et respect des traditions.\"},{\"@type\":\"BreadcrumbList\",\"@id\":\"https:\\\/\\\/www.sebastien-auziere.fr\\\/blog\\\/de\\\/brigitte-macron-verfuhrt-den-vatikan-mit-einer-dezenten-eleganz-gekleidet-in-schwarz-fur-einen-unvergesslichen-staatsbesuch\\\/#breadcrumb\",\"itemListElement\":[{\"@type\":\"ListItem\",\"position\":1,\"name\":\"Home\",\"item\":\"https:\\\/\\\/www.sebastien-auziere.fr\\\/blog\\\/\"},{\"@type\":\"ListItem\",\"position\":2,\"name\":\"Brigitte Macron verf\u00fchrt den Vatikan mit einer dezenten Eleganz, gekleidet in Schwarz f\u00fcr einen unvergesslichen Staatsbesuch\"}]},{\"@type\":\"WebSite\",\"@id\":\"https:\\\/\\\/www.sebastien-auziere.fr\\\/blog\\\/#website\",\"url\":\"https:\\\/\\\/www.sebastien-auziere.fr\\\/blog\\\/\",\"name\":\"Fan site S\u00e9bastien Auzi\u00e8re\",\"description\":\"M\u00e9dia g\u00e9n\u00e9raliste\",\"publisher\":{\"@id\":\"https:\\\/\\\/www.sebastien-auziere.fr\\\/blog\\\/#organization\"},\"potentialAction\":[{\"@type\":\"SearchAction\",\"target\":{\"@type\":\"EntryPoint\",\"urlTemplate\":\"https:\\\/\\\/www.sebastien-auziere.fr\\\/blog\\\/?s={search_term_string}\"},\"query-input\":{\"@type\":\"PropertyValueSpecification\",\"valueRequired\":true,\"valueName\":\"search_term_string\"}}],\"inLanguage\":\"fr-FR\"},{\"@type\":\"Organization\",\"@id\":\"https:\\\/\\\/www.sebastien-auziere.fr\\\/blog\\\/#organization\",\"name\":\"Fan site S\u00e9bastien Auzi\u00e8re\",\"url\":\"https:\\\/\\\/www.sebastien-auziere.fr\\\/blog\\\/\",\"logo\":{\"@type\":\"ImageObject\",\"inLanguage\":\"fr-FR\",\"@id\":\"https:\\\/\\\/www.sebastien-auziere.fr\\\/blog\\\/#\\\/schema\\\/logo\\\/image\\\/\",\"url\":\"https:\\\/\\\/www.sebastien-auziere.fr\\\/blog\\\/wp-content\\\/uploads\\\/2026\\\/03\\\/cropped-cropped-cropped-ChatGPT-Image-6-mars-2026-12_58_09-e1772798376794.jpg\",\"contentUrl\":\"https:\\\/\\\/www.sebastien-auziere.fr\\\/blog\\\/wp-content\\\/uploads\\\/2026\\\/03\\\/cropped-cropped-cropped-ChatGPT-Image-6-mars-2026-12_58_09-e1772798376794.jpg\",\"width\":512,\"height\":360,\"caption\":\"Fan site S\u00e9bastien Auzi\u00e8re\"},\"image\":{\"@id\":\"https:\\\/\\\/www.sebastien-auziere.fr\\\/blog\\\/#\\\/schema\\\/logo\\\/image\\\/\"}},{\"@type\":\"Person\",\"@id\":\"https:\\\/\\\/www.sebastien-auziere.fr\\\/blog\\\/#\\\/schema\\\/person\\\/149f1acdbfd85149c6c3e59adeae2f4d\",\"name\":\"Chloe Gauthier\",\"image\":{\"@type\":\"ImageObject\",\"inLanguage\":\"fr-FR\",\"@id\":\"https:\\\/\\\/secure.gravatar.com\\\/avatar\\\/2c5722f58171cff738a8985ef0dd66b476e563753246a49019befc837ec4201a?s=96&d=mm&r=g\",\"url\":\"https:\\\/\\\/secure.gravatar.com\\\/avatar\\\/2c5722f58171cff738a8985ef0dd66b476e563753246a49019befc837ec4201a?s=96&d=mm&r=g\",\"contentUrl\":\"https:\\\/\\\/secure.gravatar.com\\\/avatar\\\/2c5722f58171cff738a8985ef0dd66b476e563753246a49019befc837ec4201a?s=96&d=mm&r=g\",\"caption\":\"Chloe Gauthier\"},\"description\":\"Passionn\u00e9e par la politique et admiratrice engag\u00e9e de la famille Macron, je consacre mon \u00e9nergie \u00e0 suivre leurs initiatives et \u00e0 promouvoir leurs id\u00e9es. \u00c0 32 ans, je suis convaincue que leur vision est porteuse d'avenir.\",\"url\":\"https:\\\/\\\/www.sebastien-auziere.fr\\\/blog\\\/author\\\/chloe-gauthier\\\/\"}]}<\/script>\n<!-- \/ Yoast SEO plugin. -->","yoast_head_json":{"title":"Brigitte Macron verf\u00fchrt den Vatikan mit einer dezenten Eleganz, gekleidet in Schwarz f\u00fcr einen unvergesslichen Staatsbesuch - Fan site S\u00e9bastien Auzi\u00e8re","description":"Brigitte Macron s\u00e9duit le Vatican avec une \u00e9l\u00e9gance discr\u00e8te en noir lors d'une visite d\u2019\u00c9tat m\u00e9morable, alliant style et respect.","robots":{"index":"index","follow":"follow","max-snippet":"max-snippet:-1","max-image-preview":"max-image-preview:large","max-video-preview":"max-video-preview:-1"},"canonical":"https:\/\/www.sebastien-auziere.fr\/blog\/de\/brigitte-macron-verfuhrt-den-vatikan-mit-einer-dezenten-eleganz-gekleidet-in-schwarz-fur-einen-unvergesslichen-staatsbesuch\/","og_locale":"fr_FR","og_type":"article","og_title":"Brigitte Macron verf\u00fchrt den Vatikan mit einer dezenten Eleganz, gekleidet in Schwarz f\u00fcr einen unvergesslichen Staatsbesuch - Fan site S\u00e9bastien Auzi\u00e8re","og_description":"Brigitte Macron s\u00e9duit le Vatican avec une \u00e9l\u00e9gance discr\u00e8te en noir lors d'une visite d\u2019\u00c9tat m\u00e9morable, alliant style et respect.","og_url":"https:\/\/www.sebastien-auziere.fr\/blog\/de\/brigitte-macron-verfuhrt-den-vatikan-mit-einer-dezenten-eleganz-gekleidet-in-schwarz-fur-einen-unvergesslichen-staatsbesuch\/","og_site_name":"Fan site S\u00e9bastien Auzi\u00e8re","article_published_time":"2026-04-13T19:06:37+00:00","article_modified_time":"2026-04-13T19:07:00+00:00","og_image":[{"width":2560,"height":1429,"url":"https:\/\/www.sebastien-auziere.fr\/blog\/wp-content\/uploads\/2026\/04\/Brigitte-Macron-charme-le-Vatican-avec-une-elegance-discrete-vetue-de-noir-pour-une-visite-dEtat-memorable.jpg","type":"image\/jpeg"}],"author":"Chloe Gauthier","twitter_card":"summary_large_image","twitter_misc":{"\u00c9crit par":"Chloe Gauthier","Dur\u00e9e de lecture estim\u00e9e":"2 minutes"},"schema":{"@context":"https:\/\/schema.org","@graph":[{"@type":"Article","@id":"https:\/\/www.sebastien-auziere.fr\/blog\/de\/brigitte-macron-verfuhrt-den-vatikan-mit-einer-dezenten-eleganz-gekleidet-in-schwarz-fur-einen-unvergesslichen-staatsbesuch\/#article","isPartOf":{"@id":"https:\/\/www.sebastien-auziere.fr\/blog\/de\/brigitte-macron-verfuhrt-den-vatikan-mit-einer-dezenten-eleganz-gekleidet-in-schwarz-fur-einen-unvergesslichen-staatsbesuch\/"},"author":{"name":"Chloe Gauthier","@id":"https:\/\/www.sebastien-auziere.fr\/blog\/#\/schema\/person\/149f1acdbfd85149c6c3e59adeae2f4d"},"headline":"Brigitte Macron verf\u00fchrt den Vatikan mit einer dezenten Eleganz, gekleidet in Schwarz f\u00fcr einen unvergesslichen Staatsbesuch","datePublished":"2026-04-13T19:06:37+00:00","dateModified":"2026-04-13T19:07:00+00:00","mainEntityOfPage":{"@id":"https:\/\/www.sebastien-auziere.fr\/blog\/de\/brigitte-macron-verfuhrt-den-vatikan-mit-einer-dezenten-eleganz-gekleidet-in-schwarz-fur-einen-unvergesslichen-staatsbesuch\/"},"wordCount":486,"commentCount":0,"publisher":{"@id":"https:\/\/www.sebastien-auziere.fr\/blog\/#organization"},"image":{"@id":"https:\/\/www.sebastien-auziere.fr\/blog\/de\/brigitte-macron-verfuhrt-den-vatikan-mit-einer-dezenten-eleganz-gekleidet-in-schwarz-fur-einen-unvergesslichen-staatsbesuch\/#primaryimage"},"thumbnailUrl":"https:\/\/www.sebastien-auziere.fr\/blog\/wp-content\/uploads\/2026\/04\/Brigitte-Macron-charme-le-Vatican-avec-une-elegance-discrete-vetue-de-noir-pour-une-visite-dEtat-memorable.jpg","keywords":["brigitte macron","Elegante Diskretion","schwarzes Outfit","Staatsbesuch","vatican"],"articleSection":["Aktuelles"],"inLanguage":"fr-FR","potentialAction":[{"@type":"CommentAction","name":"Comment","target":["https:\/\/www.sebastien-auziere.fr\/blog\/de\/brigitte-macron-verfuhrt-den-vatikan-mit-einer-dezenten-eleganz-gekleidet-in-schwarz-fur-einen-unvergesslichen-staatsbesuch\/#respond"]}]},{"@type":"WebPage","@id":"https:\/\/www.sebastien-auziere.fr\/blog\/de\/brigitte-macron-verfuhrt-den-vatikan-mit-einer-dezenten-eleganz-gekleidet-in-schwarz-fur-einen-unvergesslichen-staatsbesuch\/","url":"https:\/\/www.sebastien-auziere.fr\/blog\/de\/brigitte-macron-verfuhrt-den-vatikan-mit-einer-dezenten-eleganz-gekleidet-in-schwarz-fur-einen-unvergesslichen-staatsbesuch\/","name":"Brigitte Macron verf\u00fchrt den Vatikan mit einer dezenten Eleganz, gekleidet in Schwarz f\u00fcr einen unvergesslichen Staatsbesuch - Fan site S\u00e9bastien Auzi\u00e8re","isPartOf":{"@id":"https:\/\/www.sebastien-auziere.fr\/blog\/#website"},"primaryImageOfPage":{"@id":"https:\/\/www.sebastien-auziere.fr\/blog\/de\/brigitte-macron-verfuhrt-den-vatikan-mit-einer-dezenten-eleganz-gekleidet-in-schwarz-fur-einen-unvergesslichen-staatsbesuch\/#primaryimage"},"image":{"@id":"https:\/\/www.sebastien-auziere.fr\/blog\/de\/brigitte-macron-verfuhrt-den-vatikan-mit-einer-dezenten-eleganz-gekleidet-in-schwarz-fur-einen-unvergesslichen-staatsbesuch\/#primaryimage"},"thumbnailUrl":"https:\/\/www.sebastien-auziere.fr\/blog\/wp-content\/uploads\/2026\/04\/Brigitte-Macron-charme-le-Vatican-avec-une-elegance-discrete-vetue-de-noir-pour-une-visite-dEtat-memorable.jpg","datePublished":"2026-04-13T19:06:37+00:00","dateModified":"2026-04-13T19:07:00+00:00","description":"Brigitte Macron s\u00e9duit le Vatican avec une \u00e9l\u00e9gance discr\u00e8te en noir lors d'une visite d\u2019\u00c9tat m\u00e9morable, alliant style et respect.","breadcrumb":{"@id":"https:\/\/www.sebastien-auziere.fr\/blog\/de\/brigitte-macron-verfuhrt-den-vatikan-mit-einer-dezenten-eleganz-gekleidet-in-schwarz-fur-einen-unvergesslichen-staatsbesuch\/#breadcrumb"},"inLanguage":"fr-FR","potentialAction":[{"@type":"ReadAction","target":["https:\/\/www.sebastien-auziere.fr\/blog\/de\/brigitte-macron-verfuhrt-den-vatikan-mit-einer-dezenten-eleganz-gekleidet-in-schwarz-fur-einen-unvergesslichen-staatsbesuch\/"]}]},{"@type":"ImageObject","inLanguage":"fr-FR","@id":"https:\/\/www.sebastien-auziere.fr\/blog\/de\/brigitte-macron-verfuhrt-den-vatikan-mit-einer-dezenten-eleganz-gekleidet-in-schwarz-fur-einen-unvergesslichen-staatsbesuch\/#primaryimage","url":"https:\/\/www.sebastien-auziere.fr\/blog\/wp-content\/uploads\/2026\/04\/Brigitte-Macron-charme-le-Vatican-avec-une-elegance-discrete-vetue-de-noir-pour-une-visite-dEtat-memorable.jpg","contentUrl":"https:\/\/www.sebastien-auziere.fr\/blog\/wp-content\/uploads\/2026\/04\/Brigitte-Macron-charme-le-Vatican-avec-une-elegance-discrete-vetue-de-noir-pour-une-visite-dEtat-memorable.jpg","width":2560,"height":1429,"caption":"d\u00e9couvrez comment brigitte macron a s\u00e9duit le vatican par son \u00e9l\u00e9gance discr\u00e8te, v\u00eatue de noir lors d'une visite d\u2019\u00e9tat m\u00e9morable, alliant charme et respect des traditions."},{"@type":"BreadcrumbList","@id":"https:\/\/www.sebastien-auziere.fr\/blog\/de\/brigitte-macron-verfuhrt-den-vatikan-mit-einer-dezenten-eleganz-gekleidet-in-schwarz-fur-einen-unvergesslichen-staatsbesuch\/#breadcrumb","itemListElement":[{"@type":"ListItem","position":1,"name":"Home","item":"https:\/\/www.sebastien-auziere.fr\/blog\/"},{"@type":"ListItem","position":2,"name":"Brigitte Macron verf\u00fchrt den Vatikan mit einer dezenten Eleganz, gekleidet in Schwarz f\u00fcr einen unvergesslichen Staatsbesuch"}]},{"@type":"WebSite","@id":"https:\/\/www.sebastien-auziere.fr\/blog\/#website","url":"https:\/\/www.sebastien-auziere.fr\/blog\/","name":"Fan site S\u00e9bastien Auzi\u00e8re","description":"M\u00e9dia g\u00e9n\u00e9raliste","publisher":{"@id":"https:\/\/www.sebastien-auziere.fr\/blog\/#organization"},"potentialAction":[{"@type":"SearchAction","target":{"@type":"EntryPoint","urlTemplate":"https:\/\/www.sebastien-auziere.fr\/blog\/?s={search_term_string}"},"query-input":{"@type":"PropertyValueSpecification","valueRequired":true,"valueName":"search_term_string"}}],"inLanguage":"fr-FR"},{"@type":"Organization","@id":"https:\/\/www.sebastien-auziere.fr\/blog\/#organization","name":"Fan site S\u00e9bastien Auzi\u00e8re","url":"https:\/\/www.sebastien-auziere.fr\/blog\/","logo":{"@type":"ImageObject","inLanguage":"fr-FR","@id":"https:\/\/www.sebastien-auziere.fr\/blog\/#\/schema\/logo\/image\/","url":"https:\/\/www.sebastien-auziere.fr\/blog\/wp-content\/uploads\/2026\/03\/cropped-cropped-cropped-ChatGPT-Image-6-mars-2026-12_58_09-e1772798376794.jpg","contentUrl":"https:\/\/www.sebastien-auziere.fr\/blog\/wp-content\/uploads\/2026\/03\/cropped-cropped-cropped-ChatGPT-Image-6-mars-2026-12_58_09-e1772798376794.jpg","width":512,"height":360,"caption":"Fan site S\u00e9bastien Auzi\u00e8re"},"image":{"@id":"https:\/\/www.sebastien-auziere.fr\/blog\/#\/schema\/logo\/image\/"}},{"@type":"Person","@id":"https:\/\/www.sebastien-auziere.fr\/blog\/#\/schema\/person\/149f1acdbfd85149c6c3e59adeae2f4d","name":"Chloe Gauthier","image":{"@type":"ImageObject","inLanguage":"fr-FR","@id":"https:\/\/secure.gravatar.com\/avatar\/2c5722f58171cff738a8985ef0dd66b476e563753246a49019befc837ec4201a?s=96&d=mm&r=g","url":"https:\/\/secure.gravatar.com\/avatar\/2c5722f58171cff738a8985ef0dd66b476e563753246a49019befc837ec4201a?s=96&d=mm&r=g","contentUrl":"https:\/\/secure.gravatar.com\/avatar\/2c5722f58171cff738a8985ef0dd66b476e563753246a49019befc837ec4201a?s=96&d=mm&r=g","caption":"Chloe Gauthier"},"description":"Passionn\u00e9e par la politique et admiratrice engag\u00e9e de la famille Macron, je consacre mon \u00e9nergie \u00e0 suivre leurs initiatives et \u00e0 promouvoir leurs id\u00e9es. \u00c0 32 ans, je suis convaincue que leur vision est porteuse d'avenir.","url":"https:\/\/www.sebastien-auziere.fr\/blog\/author\/chloe-gauthier\/"}]}},"views":4,"_links":{"self":[{"href":"https:\/\/www.sebastien-auziere.fr\/blog\/wp-json\/wp\/v2\/posts\/2996","targetHints":{"allow":["GET"]}}],"collection":[{"href":"https:\/\/www.sebastien-auziere.fr\/blog\/wp-json\/wp\/v2\/posts"}],"about":[{"href":"https:\/\/www.sebastien-auziere.fr\/blog\/wp-json\/wp\/v2\/types\/post"}],"author":[{"embeddable":true,"href":"https:\/\/www.sebastien-auziere.fr\/blog\/wp-json\/wp\/v2\/users\/9"}],"replies":[{"embeddable":true,"href":"https:\/\/www.sebastien-auziere.fr\/blog\/wp-json\/wp\/v2\/comments?post=2996"}],"version-history":[{"count":1,"href":"https:\/\/www.sebastien-auziere.fr\/blog\/wp-json\/wp\/v2\/posts\/2996\/revisions"}],"predecessor-version":[{"id":2997,"href":"https:\/\/www.sebastien-auziere.fr\/blog\/wp-json\/wp\/v2\/posts\/2996\/revisions\/2997"}],"wp:featuredmedia":[{"embeddable":true,"href":"https:\/\/www.sebastien-auziere.fr\/blog\/wp-json\/wp\/v2\/media\/2990"}],"wp:attachment":[{"href":"https:\/\/www.sebastien-auziere.fr\/blog\/wp-json\/wp\/v2\/media?parent=2996"}],"wp:term":[{"taxonomy":"category","embeddable":true,"href":"https:\/\/www.sebastien-auziere.fr\/blog\/wp-json\/wp\/v2\/categories?post=2996"},{"taxonomy":"post_tag","embeddable":true,"href":"https:\/\/www.sebastien-auziere.fr\/blog\/wp-json\/wp\/v2\/tags?post=2996"}],"curies":[{"name":"wp","href":"https:\/\/api.w.org\/{rel}","templated":true}]}}